{"id":1960,"date":"2022-10-09T15:30:35","date_gmt":"2022-10-09T15:30:35","guid":{"rendered":"http:\/\/www.delalumiereauxyeux-photo.fr\/?p=1960"},"modified":"2023-03-16T16:53:58","modified_gmt":"2023-03-16T16:53:58","slug":"italian-meeting-a-lautodrome-de-linas-montlhery-lilviber","status":"publish","type":"post","link":"https:\/\/www.delalumiereauxyeux-photo.fr\/?p=1960","title":{"rendered":"Italian Meeting \u00e0 l&rsquo;autodrome de Linas-Montlh\u00e9ry avec Lil&rsquo;Viber."},"content":{"rendered":"<p>Samedi 8 octobre 2022 s&rsquo;est d\u00e9roul\u00e9 \u00e0 l&rsquo;autodrome de Linas-Montlh\u00e9ry, l&rsquo;\u00e9v\u00e8nement Italian Meeting avec la participation d&rsquo;Aur\u00e9lie Hoffmann, de son pseudo Lil&rsquo;Viber.<\/p>\n<p>Femme et maman d&rsquo;un petit gar\u00e7on de 9 ans, elle vit sa passion \u00e0 cent \u00e0 l&rsquo;heure! Elle souhaite montrer que les femmes peuvent trouver leur place dans un domaine initialement masculin, qu&rsquo;est le monde de la moto.<\/p>\n<p>Je vous laisse d\u00e9couvrir par vous-m\u00eame sa d\u00e9monstration.<img loading=\"lazy\" decoding=\"async\" class=\"alignnone size-large wp-image-1958\" src=\"http:\/\/www.delalumiereauxyeux-photo.fr\/wp-content\/uploads\/2022\/10\/DSC_1736b-1024x995.jpg\" alt=\"Lil'Viber Italian Meeting 2022 autodrome Linas-Montlh\u00e9ry Delalumiereauxyeux\" width=\"1024\" height=\"995\" srcset=\"https:\/\/www.delalumiereauxyeux-photo.fr\/wp-content\/uploads\/2022\/10\/DSC_1736b-1024x995.jpg 1024w, https:\/\/www.delalumiereauxyeux-photo.fr\/wp-content\/uploads\/2022\/10\/DSC_1736b-300x291.jpg 300w, https:\/\/www.delalumiereauxyeux-photo.fr\/wp-content\/uploads\/2022\/10\/DSC_1736b-768x746.jpg 768w\" sizes=\"(max-width: 1024px) 100vw, 1024px\" \/><img loading=\"lazy\" decoding=\"async\" class=\"alignnone size-large wp-image-1938\" src=\"http:\/\/www.delalumiereauxyeux-photo.fr\/wp-content\/uploads\/2022\/10\/DSC_0010b--1024x728.jpg\" alt=\"Lil'Viber Italian Meeting 2022 autodrome Linas-Montlh\u00e9ry Delalumiereauxyeux\" width=\"1024\" height=\"728\" srcset=\"https:\/\/www.delalumiereauxyeux-photo.fr\/wp-content\/uploads\/2022\/10\/DSC_0010b--1024x728.jpg 1024w, https:\/\/www.delalumiereauxyeux-photo.fr\/wp-content\/uploads\/2022\/10\/DSC_0010b--300x213.jpg 300w, https:\/\/www.delalumiereauxyeux-photo.fr\/wp-content\/uploads\/2022\/10\/DSC_0010b--768x546.jpg 768w\" sizes=\"(max-width: 1024px) 100vw, 1024px\" \/><img loading=\"lazy\" decoding=\"async\" class=\"alignnone size-large wp-image-1940\" src=\"http:\/\/www.delalumiereauxyeux-photo.fr\/wp-content\/uploads\/2022\/10\/DSC_0012b-1-1024x790.jpg\" alt=\"Lil'Viber Italian Meeting 2022 autodrome Linas-Montlh\u00e9ry Delalumiereauxyeux\" width=\"1024\" height=\"790\" srcset=\"https:\/\/www.delalumiereauxyeux-photo.fr\/wp-content\/uploads\/2022\/10\/DSC_0012b-1-1024x790.jpg 1024w, https:\/\/www.delalumiereauxyeux-photo.fr\/wp-content\/uploads\/2022\/10\/DSC_0012b-1-300x232.jpg 300w, https:\/\/www.delalumiereauxyeux-photo.fr\/wp-content\/uploads\/2022\/10\/DSC_0012b-1-768x593.jpg 768w\" sizes=\"(max-width: 1024px) 100vw, 1024px\" \/><img loading=\"lazy\" decoding=\"async\" class=\"alignnone size-large wp-image-1959\" src=\"http:\/\/www.delalumiereauxyeux-photo.fr\/wp-content\/uploads\/2022\/10\/DSC_1742b-1024x768.jpg\" alt=\"Lil'Viber Italian Meeting 2022 autodrome Linas-Montlh\u00e9ry Delalumiereauxyeux\" width=\"1024\" height=\"768\" srcset=\"https:\/\/www.delalumiereauxyeux-photo.fr\/wp-content\/uploads\/2022\/10\/DSC_1742b-1024x768.jpg 1024w, https:\/\/www.delalumiereauxyeux-photo.fr\/wp-content\/uploads\/2022\/10\/DSC_1742b-300x225.jpg 300w, https:\/\/www.delalumiereauxyeux-photo.fr\/wp-content\/uploads\/2022\/10\/DSC_1742b-768x576.jpg 768w\" sizes=\"(max-width: 1024px) 100vw, 1024px\" \/><img loading=\"lazy\" decoding=\"async\" class=\"alignnone size-large wp-image-1941\" src=\"http:\/\/www.delalumiereauxyeux-photo.fr\/wp-content\/uploads\/2022\/10\/DSC_0025b-copie-1024x397.jpg\" alt=\"Lil'Viber Italian Meeting 2022 autodrome Linas-Montlh\u00e9ry Delalumiereauxyeux\" width=\"1024\" height=\"397\" srcset=\"https:\/\/www.delalumiereauxyeux-photo.fr\/wp-content\/uploads\/2022\/10\/DSC_0025b-copie-1024x397.jpg 1024w, https:\/\/www.delalumiereauxyeux-photo.fr\/wp-content\/uploads\/2022\/10\/DSC_0025b-copie-300x116.jpg 300w, https:\/\/www.delalumiereauxyeux-photo.fr\/wp-content\/uploads\/2022\/10\/DSC_0025b-copie-768x298.jpg 768w\" sizes=\"(max-width: 1024px) 100vw, 1024px\" \/><img loading=\"lazy\" decoding=\"async\" class=\"alignnone size-large wp-image-1942\" src=\"http:\/\/www.delalumiereauxyeux-photo.fr\/wp-content\/uploads\/2022\/10\/DSC_0028b-copie-1024x807.jpg\" alt=\"Lil'Viber Italian Meeting 2022 autodrome Linas-Montlh\u00e9ry Delalumiereauxyeux\" width=\"1024\" height=\"807\" srcset=\"https:\/\/www.delalumiereauxyeux-photo.fr\/wp-content\/uploads\/2022\/10\/DSC_0028b-copie-1024x807.jpg 1024w, https:\/\/www.delalumiereauxyeux-photo.fr\/wp-content\/uploads\/2022\/10\/DSC_0028b-copie-300x236.jpg 300w, https:\/\/www.delalumiereauxyeux-photo.fr\/wp-content\/uploads\/2022\/10\/DSC_0028b-copie-768x605.jpg 768w\" sizes=\"(max-width: 1024px) 100vw, 1024px\" \/><img loading=\"lazy\" decoding=\"async\" class=\"alignnone size-large wp-image-1943\" src=\"http:\/\/www.delalumiereauxyeux-photo.fr\/wp-content\/uploads\/2022\/10\/DSC_0029b-copie-1024x829.jpg\" alt=\"Lil'Viber Italian Meeting 2022 autodrome Linas-Montlh\u00e9ry Delalumiereauxyeux\" width=\"1024\" height=\"829\" srcset=\"https:\/\/www.delalumiereauxyeux-photo.fr\/wp-content\/uploads\/2022\/10\/DSC_0029b-copie-1024x829.jpg 1024w, https:\/\/www.delalumiereauxyeux-photo.fr\/wp-content\/uploads\/2022\/10\/DSC_0029b-copie-300x243.jpg 300w, https:\/\/www.delalumiereauxyeux-photo.fr\/wp-content\/uploads\/2022\/10\/DSC_0029b-copie-768x622.jpg 768w, https:\/\/www.delalumiereauxyeux-photo.fr\/wp-content\/uploads\/2022\/10\/DSC_0029b-copie.jpg 1719w\" sizes=\"(max-width: 1024px) 100vw, 1024px\" \/><img loading=\"lazy\" decoding=\"async\" class=\"alignnone size-large wp-image-1944\" src=\"http:\/\/www.delalumiereauxyeux-photo.fr\/wp-content\/uploads\/2022\/10\/DSC_0031b-copie-1024x556.jpg\" alt=\"Lil'Viber Italian Meeting 2022 autodrome Linas-Montlh\u00e9ry Delalumiereauxyeux\" width=\"1024\" height=\"556\" srcset=\"https:\/\/www.delalumiereauxyeux-photo.fr\/wp-content\/uploads\/2022\/10\/DSC_0031b-copie-1024x556.jpg 1024w, https:\/\/www.delalumiereauxyeux-photo.fr\/wp-content\/uploads\/2022\/10\/DSC_0031b-copie-300x163.jpg 300w, https:\/\/www.delalumiereauxyeux-photo.fr\/wp-content\/uploads\/2022\/10\/DSC_0031b-copie-768x417.jpg 768w\" sizes=\"(max-width: 1024px) 100vw, 1024px\" \/><img loading=\"lazy\" decoding=\"async\" class=\"alignnone size-large wp-image-1945\" src=\"http:\/\/www.delalumiereauxyeux-photo.fr\/wp-content\/uploads\/2022\/10\/DSC_0034b-copie-1024x946.jpg\" alt=\"Lil'Viber Italian Meeting 2022 autodrome Linas-Montlh\u00e9ry Delalumiereauxyeux\" width=\"1024\" height=\"946\" srcset=\"https:\/\/www.delalumiereauxyeux-photo.fr\/wp-content\/uploads\/2022\/10\/DSC_0034b-copie-1024x946.jpg 1024w, https:\/\/www.delalumiereauxyeux-photo.fr\/wp-content\/uploads\/2022\/10\/DSC_0034b-copie-300x277.jpg 300w, https:\/\/www.delalumiereauxyeux-photo.fr\/wp-content\/uploads\/2022\/10\/DSC_0034b-copie-768x709.jpg 768w\" sizes=\"(max-width: 1024px) 100vw, 1024px\" \/><img loading=\"lazy\" decoding=\"async\" class=\"alignnone size-large wp-image-1946\" src=\"http:\/\/www.delalumiereauxyeux-photo.fr\/wp-content\/uploads\/2022\/10\/DSC_0039b-1024x660.jpg\" alt=\"Lil'Viber Italian Meeting 2022 autodrome Linas-Montlh\u00e9ry Delalumiereauxyeux\" width=\"1024\" height=\"660\" srcset=\"https:\/\/www.delalumiereauxyeux-photo.fr\/wp-content\/uploads\/2022\/10\/DSC_0039b-1024x660.jpg 1024w, https:\/\/www.delalumiereauxyeux-photo.fr\/wp-content\/uploads\/2022\/10\/DSC_0039b-300x193.jpg 300w, https:\/\/www.delalumiereauxyeux-photo.fr\/wp-content\/uploads\/2022\/10\/DSC_0039b-768x495.jpg 768w\" sizes=\"(max-width: 1024px) 100vw, 1024px\" \/><img loading=\"lazy\" decoding=\"async\" class=\"alignnone size-large wp-image-1947\" src=\"http:\/\/www.delalumiereauxyeux-photo.fr\/wp-content\/uploads\/2022\/10\/DSC_0039bb-814x1024.jpg\" alt=\"Lil'Viber Italian Meeting 2022 autodrome Linas-Montlh\u00e9ry Delalumiereauxyeux\" width=\"814\" height=\"1024\" srcset=\"https:\/\/www.delalumiereauxyeux-photo.fr\/wp-content\/uploads\/2022\/10\/DSC_0039bb-814x1024.jpg 814w, https:\/\/www.delalumiereauxyeux-photo.fr\/wp-content\/uploads\/2022\/10\/DSC_0039bb-238x300.jpg 238w, https:\/\/www.delalumiereauxyeux-photo.fr\/wp-content\/uploads\/2022\/10\/DSC_0039bb-768x966.jpg 768w\" sizes=\"(max-width: 814px) 100vw, 814px\" \/><img loading=\"lazy\" decoding=\"async\" class=\"alignnone size-large wp-image-1948\" src=\"http:\/\/www.delalumiereauxyeux-photo.fr\/wp-content\/uploads\/2022\/10\/DSC_0040b-copie-1024x856.jpg\" alt=\"Lil'Viber Italian Meeting 2022 autodrome Linas-Montlh\u00e9ry Delalumiereauxyeux\" width=\"1024\" height=\"856\" srcset=\"https:\/\/www.delalumiereauxyeux-photo.fr\/wp-content\/uploads\/2022\/10\/DSC_0040b-copie-1024x856.jpg 1024w, https:\/\/www.delalumiereauxyeux-photo.fr\/wp-content\/uploads\/2022\/10\/DSC_0040b-copie-300x251.jpg 300w, https:\/\/www.delalumiereauxyeux-photo.fr\/wp-content\/uploads\/2022\/10\/DSC_0040b-copie-768x642.jpg 768w\" sizes=\"(max-width: 1024px) 100vw, 1024px\" \/><img loading=\"lazy\" decoding=\"async\" class=\"alignnone size-large wp-image-1950\" src=\"http:\/\/www.delalumiereauxyeux-photo.fr\/wp-content\/uploads\/2022\/10\/DSC_0056b-copie-850x1024.jpg\" alt=\"Lil'Viber Italian Meeting 2022 autodrome Linas-Montlh\u00e9ry Delalumiereauxyeux\" width=\"850\" height=\"1024\" srcset=\"https:\/\/www.delalumiereauxyeux-photo.fr\/wp-content\/uploads\/2022\/10\/DSC_0056b-copie-850x1024.jpg 850w, https:\/\/www.delalumiereauxyeux-photo.fr\/wp-content\/uploads\/2022\/10\/DSC_0056b-copie-249x300.jpg 249w, https:\/\/www.delalumiereauxyeux-photo.fr\/wp-content\/uploads\/2022\/10\/DSC_0056b-copie-768x925.jpg 768w\" sizes=\"(max-width: 850px) 100vw, 850px\" \/><img loading=\"lazy\" decoding=\"async\" class=\"alignnone size-large wp-image-1949\" src=\"http:\/\/www.delalumiereauxyeux-photo.fr\/wp-content\/uploads\/2022\/10\/DSC_0050b-copie-925x1024.jpg\" alt=\"Lil'Viber Italian Meeting 2022 autodrome Linas-Montlh\u00e9ry Delalumiereauxyeux\" width=\"925\" height=\"1024\" srcset=\"https:\/\/www.delalumiereauxyeux-photo.fr\/wp-content\/uploads\/2022\/10\/DSC_0050b-copie-925x1024.jpg 925w, https:\/\/www.delalumiereauxyeux-photo.fr\/wp-content\/uploads\/2022\/10\/DSC_0050b-copie-271x300.jpg 271w, https:\/\/www.delalumiereauxyeux-photo.fr\/wp-content\/uploads\/2022\/10\/DSC_0050b-copie-768x850.jpg 768w\" sizes=\"(max-width: 925px) 100vw, 925px\" \/><img loading=\"lazy\" decoding=\"async\" class=\"alignnone size-large wp-image-1951\" src=\"http:\/\/www.delalumiereauxyeux-photo.fr\/wp-content\/uploads\/2022\/10\/DSC_0059b-copie-896x1024.jpg\" alt=\"Lil'Viber Italian Meeting 2022 autodrome Linas-Montlh\u00e9ry Delalumiereauxyeux\" width=\"896\" height=\"1024\" srcset=\"https:\/\/www.delalumiereauxyeux-photo.fr\/wp-content\/uploads\/2022\/10\/DSC_0059b-copie-896x1024.jpg 896w, https:\/\/www.delalumiereauxyeux-photo.fr\/wp-content\/uploads\/2022\/10\/DSC_0059b-copie-262x300.jpg 262w, https:\/\/www.delalumiereauxyeux-photo.fr\/wp-content\/uploads\/2022\/10\/DSC_0059b-copie-768x878.jpg 768w\" sizes=\"(max-width: 896px) 100vw, 896px\" \/><img loading=\"lazy\" decoding=\"async\" class=\"alignnone size-large wp-image-1952\" src=\"http:\/\/www.delalumiereauxyeux-photo.fr\/wp-content\/uploads\/2022\/10\/DSC_0061b-copie-1024x870.jpg\" alt=\"Lil'Viber Italian Meeting 2022 autodrome Linas-Montlh\u00e9ry Delalumiereauxyeux\" width=\"1024\" height=\"870\" srcset=\"https:\/\/www.delalumiereauxyeux-photo.fr\/wp-content\/uploads\/2022\/10\/DSC_0061b-copie-1024x870.jpg 1024w, https:\/\/www.delalumiereauxyeux-photo.fr\/wp-content\/uploads\/2022\/10\/DSC_0061b-copie-300x255.jpg 300w, https:\/\/www.delalumiereauxyeux-photo.fr\/wp-content\/uploads\/2022\/10\/DSC_0061b-copie-768x653.jpg 768w\" sizes=\"(max-width: 1024px) 100vw, 1024px\" \/><img loading=\"lazy\" decoding=\"async\" class=\"alignnone size-large wp-image-1953\" src=\"http:\/\/www.delalumiereauxyeux-photo.fr\/wp-content\/uploads\/2022\/10\/DSC_0074b-copie-1024x852.jpg\" alt=\"Lil'Viber Italian Meeting 2022 autodrome Linas-Montlh\u00e9ry Delalumiereauxyeux\" width=\"1024\" height=\"852\" srcset=\"https:\/\/www.delalumiereauxyeux-photo.fr\/wp-content\/uploads\/2022\/10\/DSC_0074b-copie-1024x852.jpg 1024w, https:\/\/www.delalumiereauxyeux-photo.fr\/wp-content\/uploads\/2022\/10\/DSC_0074b-copie-300x250.jpg 300w, https:\/\/www.delalumiereauxyeux-photo.fr\/wp-content\/uploads\/2022\/10\/DSC_0074b-copie-768x639.jpg 768w, https:\/\/www.delalumiereauxyeux-photo.fr\/wp-content\/uploads\/2022\/10\/DSC_0074b-copie.jpg 1685w\" sizes=\"(max-width: 1024px) 100vw, 1024px\" \/><img loading=\"lazy\" decoding=\"async\" class=\"alignnone size-large wp-image-1954\" src=\"http:\/\/www.delalumiereauxyeux-photo.fr\/wp-content\/uploads\/2022\/10\/DSC_0077-copie-683x1024.jpg\" alt=\"Lil'Viber Italian Meeting 2022 autodrome Linas-Montlh\u00e9ry Delalumiereauxyeux\" width=\"683\" height=\"1024\" srcset=\"https:\/\/www.delalumiereauxyeux-photo.fr\/wp-content\/uploads\/2022\/10\/DSC_0077-copie-683x1024.jpg 683w, https:\/\/www.delalumiereauxyeux-photo.fr\/wp-content\/uploads\/2022\/10\/DSC_0077-copie-200x300.jpg 200w, https:\/\/www.delalumiereauxyeux-photo.fr\/wp-content\/uploads\/2022\/10\/DSC_0077-copie-768x1152.jpg 768w\" sizes=\"(max-width: 683px) 100vw, 683px\" \/><img loading=\"lazy\" decoding=\"async\" class=\"alignnone size-large wp-image-1955\" src=\"http:\/\/www.delalumiereauxyeux-photo.fr\/wp-content\/uploads\/2022\/10\/DSC_0079b-copie-1024x683.jpg\" alt=\"Lil'Viber Italian Meeting 2022 autodrome Linas-Montlh\u00e9ry Delalumiereauxyeux\" width=\"1024\" height=\"683\" srcset=\"https:\/\/www.delalumiereauxyeux-photo.fr\/wp-content\/uploads\/2022\/10\/DSC_0079b-copie-1024x683.jpg 1024w, https:\/\/www.delalumiereauxyeux-photo.fr\/wp-content\/uploads\/2022\/10\/DSC_0079b-copie-300x200.jpg 300w, https:\/\/www.delalumiereauxyeux-photo.fr\/wp-content\/uploads\/2022\/10\/DSC_0079b-copie-768x512.jpg 768w\" sizes=\"(max-width: 1024px) 100vw, 1024px\" \/><img loading=\"lazy\" decoding=\"async\" class=\"alignnone size-large wp-image-1956\" src=\"http:\/\/www.delalumiereauxyeux-photo.fr\/wp-content\/uploads\/2022\/10\/DSC_0084b-copie-779x1024.jpg\" alt=\"Lil'Viber Italian Meeting 2022 autodrome Linas-Montlh\u00e9ry Delalumiereauxyeux\" width=\"779\" height=\"1024\" srcset=\"https:\/\/www.delalumiereauxyeux-photo.fr\/wp-content\/uploads\/2022\/10\/DSC_0084b-copie-779x1024.jpg 779w, https:\/\/www.delalumiereauxyeux-photo.fr\/wp-content\/uploads\/2022\/10\/DSC_0084b-copie-228x300.jpg 228w, https:\/\/www.delalumiereauxyeux-photo.fr\/wp-content\/uploads\/2022\/10\/DSC_0084b-copie-768x1010.jpg 768w\" sizes=\"(max-width: 779px) 100vw, 779px\" \/><img loading=\"lazy\" decoding=\"async\" class=\"alignnone size-large wp-image-1957\" src=\"http:\/\/www.delalumiereauxyeux-photo.fr\/wp-content\/uploads\/2022\/10\/DSC_0089b-copie-830x1024.jpg\" alt=\"Lil'Viber Italian Meeting 2022 autodrome Linas-Montlh\u00e9ry Delalumiereauxyeux\" width=\"830\" height=\"1024\" srcset=\"https:\/\/www.delalumiereauxyeux-photo.fr\/wp-content\/uploads\/2022\/10\/DSC_0089b-copie-830x1024.jpg 830w, https:\/\/www.delalumiereauxyeux-photo.fr\/wp-content\/uploads\/2022\/10\/DSC_0089b-copie-243x300.jpg 243w, https:\/\/www.delalumiereauxyeux-photo.fr\/wp-content\/uploads\/2022\/10\/DSC_0089b-copie-768x947.jpg 768w\" sizes=\"(max-width: 830px) 100vw, 830px\" \/><\/p>\n<p><!--block-->\u00a9 Tous droits r\u00e9serv\u00e9s 2022<\/p>\n<p>Merci Lil&rsquo;Viber pour votre disponibilit\u00e9 lors de notre conversation. En esp\u00e9rant que cet article vous aura plu&#8230;N&rsquo;h\u00e9sitez pas \u00e0 me laisser votre commentaire \ud83d\ude42<\/p>\n<p>A toutes et tous, je vous donne rendez-vous samedi 15 octobre \u00e0 l&rsquo;autodrome de Linas-Montlh\u00e9ry pour le Tour d&rsquo;Automne!<\/p>\n<p>Vous pouvez me retrouver sur :<\/p>\n<ul>\n<li>Facebook\u00a0<a href=\"https:\/\/www.facebook.com\/DelalumiereauxyeuxPhotographe\">Delalumi\u00e8reauxyeux Photographe | Erceville | Facebook<\/a><\/li>\n<li>Instagram\u00a0<a href=\"https:\/\/www.instagram.com\/angiephoto28\/\">Angie (@angiephoto28) \u2022 Photos et vid\u00e9os Instagram<\/a><\/li>\n<li>site www.delalumiereauxyeux.fr<\/li>\n<\/ul>\n<p><em>Les photos sont compress\u00e9es pour le blog et n&rsquo;ont pas leur qualit\u00e9 optimale.<\/em><\/p>\n","protected":false},"excerpt":{"rendered":"<p>Samedi 8 octobre 2022 s&rsquo;est d\u00e9roul\u00e9 \u00e0 l&rsquo;autodrome de Linas-Montlh\u00e9ry, l&rsquo;\u00e9v\u00e8nement Italian Meeting avec la participation d&rsquo;Aur\u00e9lie Hoffmann, de son pseudo Lil&rsquo;Viber. Femme et maman d&rsquo;un petit gar\u00e7on de 9 ans, elle vit sa passion \u00e0 cent \u00e0 l&rsquo;heure! Elle souhaite montrer que les femmes peuvent trouver leur place dans un domaine initialement masculin, qu&rsquo;est [&hellip;]<\/p>\n","protected":false},"author":1,"featured_media":0,"comment_status":"open","ping_status":"closed","sticky":false,"template":"","format":"standard","meta":{"_monsterinsights_skip_tracking":false,"_monsterinsights_sitenote_active":false,"_monsterinsights_sitenote_note":"","_monsterinsights_sitenote_category":0,"footnotes":""},"categories":[1],"tags":[],"yoast_head":"<!-- This site is optimized with the Yoast SEO plugin v22.2 - https:\/\/yoast.com\/wordpress\/plugins\/seo\/ -->\n<title>Italian Meeting \u00e0 l&#039;autodrome de Linas-Montlh\u00e9ry avec Lil&#039;Viber. - De la lumi\u00e8re aux yeux<\/title>\n<meta name=\"robots\" content=\"index, follow, max-snippet:-1, max-image-preview:large, max-video-preview:-1\" \/>\n<link rel=\"canonical\" href=\"https:\/\/www.delalumiereauxyeux-photo.fr\/?p=1960\" \/>\n<meta property=\"og:locale\" content=\"fr_FR\" \/>\n<meta property=\"og:type\" content=\"article\" \/>\n<meta property=\"og:title\" content=\"Italian Meeting \u00e0 l&#039;autodrome de Linas-Montlh\u00e9ry avec Lil&#039;Viber. - De la lumi\u00e8re aux yeux\" \/>\n<meta property=\"og:description\" content=\"Samedi 8 octobre 2022 s&rsquo;est d\u00e9roul\u00e9 \u00e0 l&rsquo;autodrome de Linas-Montlh\u00e9ry, l&rsquo;\u00e9v\u00e8nement Italian Meeting avec la participation d&rsquo;Aur\u00e9lie Hoffmann, de son pseudo Lil&rsquo;Viber. Femme et maman d&rsquo;un petit gar\u00e7on de 9 ans, elle vit sa passion \u00e0 cent \u00e0 l&rsquo;heure! Elle souhaite montrer que les femmes peuvent trouver leur place dans un domaine initialement masculin, qu&rsquo;est [&hellip;]\" \/>\n<meta property=\"og:url\" content=\"https:\/\/www.delalumiereauxyeux-photo.fr\/?p=1960\" \/>\n<meta property=\"og:site_name\" content=\"De la lumi\u00e8re aux yeux\" \/>\n<meta property=\"article:author\" content=\"https:\/\/www.facebook.com\/angelique.delalumiereauxyeux.5?__tn__=dlC-RHH-R-R&amp;eid=ARDORkTB_yutZsrVTEEeZ0LAobESxObVoalsaetnRjmZdhewjwojedF8h09RZ8oly8_ro0dEnvSLIUeS&amp;hc_ref=ARSbH4jjDNc2QSSUZPjZH0vrxiNgcNzLcrprkTea6WAzZ09DAHcjGeYU5y5PXqG08Ac\" \/>\n<meta property=\"article:published_time\" content=\"2022-10-09T15:30:35+00:00\" \/>\n<meta property=\"article:modified_time\" content=\"2023-03-16T16:53:58+00:00\" \/>\n<meta property=\"og:image\" content=\"http:\/\/www.delalumiereauxyeux-photo.fr\/wp-content\/uploads\/2022\/10\/DSC_1736b-1024x995.jpg\" \/>\n<meta name=\"author\" content=\"delalumiereauxyeux\" \/>\n<meta name=\"twitter:card\" content=\"summary_large_image\" \/>\n<meta name=\"twitter:label1\" content=\"\u00c9crit par\" \/>\n\t<meta name=\"twitter:data1\" content=\"delalumiereauxyeux\" \/>\n\t<meta name=\"twitter:label2\" content=\"Dur\u00e9e de lecture estim\u00e9e\" \/>\n\t<meta name=\"twitter:data2\" content=\"1 minute\" \/>\n<script type=\"application\/ld+json\" class=\"yoast-schema-graph\">{\"@context\":\"https:\/\/schema.org\",\"@graph\":[{\"@type\":\"WebPage\",\"@id\":\"https:\/\/www.delalumiereauxyeux-photo.fr\/?p=1960\",\"url\":\"https:\/\/www.delalumiereauxyeux-photo.fr\/?p=1960\",\"name\":\"Italian Meeting \u00e0 l'autodrome de Linas-Montlh\u00e9ry avec Lil'Viber. - De la lumi\u00e8re aux yeux\",\"isPartOf\":{\"@id\":\"https:\/\/www.delalumiereauxyeux-photo.fr\/#website\"},\"primaryImageOfPage\":{\"@id\":\"https:\/\/www.delalumiereauxyeux-photo.fr\/?p=1960#primaryimage\"},\"image\":{\"@id\":\"https:\/\/www.delalumiereauxyeux-photo.fr\/?p=1960#primaryimage\"},\"thumbnailUrl\":\"http:\/\/www.delalumiereauxyeux-photo.fr\/wp-content\/uploads\/2022\/10\/DSC_1736b-1024x995.jpg\",\"datePublished\":\"2022-10-09T15:30:35+00:00\",\"dateModified\":\"2023-03-16T16:53:58+00:00\",\"author\":{\"@id\":\"https:\/\/www.delalumiereauxyeux-photo.fr\/#\/schema\/person\/fbdc98761dd92f98cdb911153e949213\"},\"breadcrumb\":{\"@id\":\"https:\/\/www.delalumiereauxyeux-photo.fr\/?p=1960#breadcrumb\"},\"inLanguage\":\"fr-FR\",\"potentialAction\":[{\"@type\":\"ReadAction\",\"target\":[\"https:\/\/www.delalumiereauxyeux-photo.fr\/?p=1960\"]}]},{\"@type\":\"ImageObject\",\"inLanguage\":\"fr-FR\",\"@id\":\"https:\/\/www.delalumiereauxyeux-photo.fr\/?p=1960#primaryimage\",\"url\":\"http:\/\/www.delalumiereauxyeux-photo.fr\/wp-content\/uploads\/2022\/10\/DSC_1736b-1024x995.jpg\",\"contentUrl\":\"http:\/\/www.delalumiereauxyeux-photo.fr\/wp-content\/uploads\/2022\/10\/DSC_1736b-1024x995.jpg\"},{\"@type\":\"BreadcrumbList\",\"@id\":\"https:\/\/www.delalumiereauxyeux-photo.fr\/?p=1960#breadcrumb\",\"itemListElement\":[{\"@type\":\"ListItem\",\"position\":1,\"name\":\"Accueil\",\"item\":\"https:\/\/www.delalumiereauxyeux-photo.fr\/\"},{\"@type\":\"ListItem\",\"position\":2,\"name\":\"Italian Meeting \u00e0 l&rsquo;autodrome de Linas-Montlh\u00e9ry avec Lil&rsquo;Viber.\"}]},{\"@type\":\"WebSite\",\"@id\":\"https:\/\/www.delalumiereauxyeux-photo.fr\/#website\",\"url\":\"https:\/\/www.delalumiereauxyeux-photo.fr\/\",\"name\":\"De la lumi\u00e8re aux yeux\",\"description\":\"De la lumi\u00e8re aux yeux\",\"potentialAction\":[{\"@type\":\"SearchAction\",\"target\":{\"@type\":\"EntryPoint\",\"urlTemplate\":\"https:\/\/www.delalumiereauxyeux-photo.fr\/?s={search_term_string}\"},\"query-input\":\"required name=search_term_string\"}],\"inLanguage\":\"fr-FR\"},{\"@type\":\"Person\",\"@id\":\"https:\/\/www.delalumiereauxyeux-photo.fr\/#\/schema\/person\/fbdc98761dd92f98cdb911153e949213\",\"name\":\"delalumiereauxyeux\",\"image\":{\"@type\":\"ImageObject\",\"inLanguage\":\"fr-FR\",\"@id\":\"https:\/\/www.delalumiereauxyeux-photo.fr\/#\/schema\/person\/image\/\",\"url\":\"https:\/\/secure.gravatar.com\/avatar\/8fecce8824b60e8618943375d4f3666c?s=96&d=mm&r=g\",\"contentUrl\":\"https:\/\/secure.gravatar.com\/avatar\/8fecce8824b60e8618943375d4f3666c?s=96&d=mm&r=g\",\"caption\":\"delalumiereauxyeux\"},\"sameAs\":[\"https:\/\/www.facebook.com\/angelique.delalumiereauxyeux.5?__tn__=dlC-RHH-R-R&eid=ARDORkTB_yutZsrVTEEeZ0LAobESxObVoalsaetnRjmZdhewjwojedF8h09RZ8oly8_ro0dEnvSLIUeS&hc_ref=ARSbH4jjDNc2QSSUZPjZH0vrxiNgcNzLcrprkTea6WAzZ09DAHcjGeYU5y5PXqG08Ac\",\"https:\/\/www.instagram.com\/angiephoto28\/\",\"https:\/\/www.linkedin.com\/in\/anglique-de-la-lumire-aux-yeux-65418826b\/\"]}]}<\/script>\n<!-- \/ Yoast SEO plugin. -->","yoast_head_json":{"title":"Italian Meeting \u00e0 l'autodrome de Linas-Montlh\u00e9ry avec Lil'Viber. - De la lumi\u00e8re aux yeux","robots":{"index":"index","follow":"follow","max-snippet":"max-snippet:-1","max-image-preview":"max-image-preview:large","max-video-preview":"max-video-preview:-1"},"canonical":"https:\/\/www.delalumiereauxyeux-photo.fr\/?p=1960","og_locale":"fr_FR","og_type":"article","og_title":"Italian Meeting \u00e0 l'autodrome de Linas-Montlh\u00e9ry avec Lil'Viber. - De la lumi\u00e8re aux yeux","og_description":"Samedi 8 octobre 2022 s&rsquo;est d\u00e9roul\u00e9 \u00e0 l&rsquo;autodrome de Linas-Montlh\u00e9ry, l&rsquo;\u00e9v\u00e8nement Italian Meeting avec la participation d&rsquo;Aur\u00e9lie Hoffmann, de son pseudo Lil&rsquo;Viber. Femme et maman d&rsquo;un petit gar\u00e7on de 9 ans, elle vit sa passion \u00e0 cent \u00e0 l&rsquo;heure! Elle souhaite montrer que les femmes peuvent trouver leur place dans un domaine initialement masculin, qu&rsquo;est [&hellip;]","og_url":"https:\/\/www.delalumiereauxyeux-photo.fr\/?p=1960","og_site_name":"De la lumi\u00e8re aux yeux","article_author":"https:\/\/www.facebook.com\/angelique.delalumiereauxyeux.5?__tn__=dlC-RHH-R-R&eid=ARDORkTB_yutZsrVTEEeZ0LAobESxObVoalsaetnRjmZdhewjwojedF8h09RZ8oly8_ro0dEnvSLIUeS&hc_ref=ARSbH4jjDNc2QSSUZPjZH0vrxiNgcNzLcrprkTea6WAzZ09DAHcjGeYU5y5PXqG08Ac","article_published_time":"2022-10-09T15:30:35+00:00","article_modified_time":"2023-03-16T16:53:58+00:00","og_image":[{"url":"http:\/\/www.delalumiereauxyeux-photo.fr\/wp-content\/uploads\/2022\/10\/DSC_1736b-1024x995.jpg"}],"author":"delalumiereauxyeux","twitter_card":"summary_large_image","twitter_misc":{"\u00c9crit par":"delalumiereauxyeux","Dur\u00e9e de lecture estim\u00e9e":"1 minute"},"schema":{"@context":"https:\/\/schema.org","@graph":[{"@type":"WebPage","@id":"https:\/\/www.delalumiereauxyeux-photo.fr\/?p=1960","url":"https:\/\/www.delalumiereauxyeux-photo.fr\/?p=1960","name":"Italian Meeting \u00e0 l'autodrome de Linas-Montlh\u00e9ry avec Lil'Viber. - De la lumi\u00e8re aux yeux","isPartOf":{"@id":"https:\/\/www.delalumiereauxyeux-photo.fr\/#website"},"primaryImageOfPage":{"@id":"https:\/\/www.delalumiereauxyeux-photo.fr\/?p=1960#primaryimage"},"image":{"@id":"https:\/\/www.delalumiereauxyeux-photo.fr\/?p=1960#primaryimage"},"thumbnailUrl":"http:\/\/www.delalumiereauxyeux-photo.fr\/wp-content\/uploads\/2022\/10\/DSC_1736b-1024x995.jpg","datePublished":"2022-10-09T15:30:35+00:00","dateModified":"2023-03-16T16:53:58+00:00","author":{"@id":"https:\/\/www.delalumiereauxyeux-photo.fr\/#\/schema\/person\/fbdc98761dd92f98cdb911153e949213"},"breadcrumb":{"@id":"https:\/\/www.delalumiereauxyeux-photo.fr\/?p=1960#breadcrumb"},"inLanguage":"fr-FR","potentialAction":[{"@type":"ReadAction","target":["https:\/\/www.delalumiereauxyeux-photo.fr\/?p=1960"]}]},{"@type":"ImageObject","inLanguage":"fr-FR","@id":"https:\/\/www.delalumiereauxyeux-photo.fr\/?p=1960#primaryimage","url":"http:\/\/www.delalumiereauxyeux-photo.fr\/wp-content\/uploads\/2022\/10\/DSC_1736b-1024x995.jpg","contentUrl":"http:\/\/www.delalumiereauxyeux-photo.fr\/wp-content\/uploads\/2022\/10\/DSC_1736b-1024x995.jpg"},{"@type":"BreadcrumbList","@id":"https:\/\/www.delalumiereauxyeux-photo.fr\/?p=1960#breadcrumb","itemListElement":[{"@type":"ListItem","position":1,"name":"Accueil","item":"https:\/\/www.delalumiereauxyeux-photo.fr\/"},{"@type":"ListItem","position":2,"name":"Italian Meeting \u00e0 l&rsquo;autodrome de Linas-Montlh\u00e9ry avec Lil&rsquo;Viber."}]},{"@type":"WebSite","@id":"https:\/\/www.delalumiereauxyeux-photo.fr\/#website","url":"https:\/\/www.delalumiereauxyeux-photo.fr\/","name":"De la lumi\u00e8re aux yeux","description":"De la lumi\u00e8re aux yeux","potentialAction":[{"@type":"SearchAction","target":{"@type":"EntryPoint","urlTemplate":"https:\/\/www.delalumiereauxyeux-photo.fr\/?s={search_term_string}"},"query-input":"required name=search_term_string"}],"inLanguage":"fr-FR"},{"@type":"Person","@id":"https:\/\/www.delalumiereauxyeux-photo.fr\/#\/schema\/person\/fbdc98761dd92f98cdb911153e949213","name":"delalumiereauxyeux","image":{"@type":"ImageObject","inLanguage":"fr-FR","@id":"https:\/\/www.delalumiereauxyeux-photo.fr\/#\/schema\/person\/image\/","url":"https:\/\/secure.gravatar.com\/avatar\/8fecce8824b60e8618943375d4f3666c?s=96&d=mm&r=g","contentUrl":"https:\/\/secure.gravatar.com\/avatar\/8fecce8824b60e8618943375d4f3666c?s=96&d=mm&r=g","caption":"delalumiereauxyeux"},"sameAs":["https:\/\/www.facebook.com\/angelique.delalumiereauxyeux.5?__tn__=dlC-RHH-R-R&eid=ARDORkTB_yutZsrVTEEeZ0LAobESxObVoalsaetnRjmZdhewjwojedF8h09RZ8oly8_ro0dEnvSLIUeS&hc_ref=ARSbH4jjDNc2QSSUZPjZH0vrxiNgcNzLcrprkTea6WAzZ09DAHcjGeYU5y5PXqG08Ac","https:\/\/www.instagram.com\/angiephoto28\/","https:\/\/www.linkedin.com\/in\/anglique-de-la-lumire-aux-yeux-65418826b\/"]}]}},"_links":{"self":[{"href":"https:\/\/www.delalumiereauxyeux-photo.fr\/index.php?rest_route=\/wp\/v2\/posts\/1960"}],"collection":[{"href":"https:\/\/www.delalumiereauxyeux-photo.fr\/index.php?rest_route=\/wp\/v2\/posts"}],"about":[{"href":"https:\/\/www.delalumiereauxyeux-photo.fr\/index.php?rest_route=\/wp\/v2\/types\/post"}],"author":[{"embeddable":true,"href":"https:\/\/www.delalumiereauxyeux-photo.fr\/index.php?rest_route=\/wp\/v2\/users\/1"}],"replies":[{"embeddable":true,"href":"https:\/\/www.delalumiereauxyeux-photo.fr\/index.php?rest_route=%2Fwp%2Fv2%2Fcomments&post=1960"}],"version-history":[{"count":9,"href":"https:\/\/www.delalumiereauxyeux-photo.fr\/index.php?rest_route=\/wp\/v2\/posts\/1960\/revisions"}],"predecessor-version":[{"id":2416,"href":"https:\/\/www.delalumiereauxyeux-photo.fr\/index.php?rest_route=\/wp\/v2\/posts\/1960\/revisions\/2416"}],"wp:attachment":[{"href":"https:\/\/www.delalumiereauxyeux-photo.fr\/index.php?rest_route=%2Fwp%2Fv2%2Fmedia&parent=1960"}],"wp:term":[{"taxonomy":"category","embeddable":true,"href":"https:\/\/www.delalumiereauxyeux-photo.fr\/index.php?rest_route=%2Fwp%2Fv2%2Fcategories&post=1960"},{"taxonomy":"post_tag","embeddable":true,"href":"https:\/\/www.delalumiereauxyeux-photo.fr\/index.php?rest_route=%2Fwp%2Fv2%2Ftags&post=1960"}],"curies":[{"name":"wp","href":"https:\/\/api.w.org\/{rel}","templated":true}]}}