{"id":2773,"date":"2023-04-06T15:34:43","date_gmt":"2023-04-06T15:34:43","guid":{"rendered":"http:\/\/www.delalumiereauxyeux-photo.fr\/?p=2773"},"modified":"2024-01-06T14:02:48","modified_gmt":"2024-01-06T14:02:48","slug":"trophee-tourisme-endurance-circuit-val-de-vienne-vigeant","status":"publish","type":"post","link":"https:\/\/www.delalumiereauxyeux-photo.fr\/?p=2773","title":{"rendered":"Troph\u00e9e Tourisme Endurance au circuit Val de Vienne Le Vigeant"},"content":{"rendered":"<p>Une premi\u00e8re pour moi sur ce circuit et cet \u00e9v\u00e8nement et \u00e9galement le premier week-end de la saison 2023 sous la pluie pour le Troph\u00e9e Tourisme Endurance, mais un beau circuit et de belles voitures!<\/p>\n<p>Pour la journ\u00e9e de dimanche 2 avril 2023, au programme : Free Proto, Mitjet, Formule Renault Cup, TTE Pirelli Series, Free Berline-GT, Endurance Proto.<\/p>\n<p>Je vous laisse d\u00e9couvrir&#8230;<img loading=\"lazy\" decoding=\"async\" class=\"alignnone size-large wp-image-2666\" src=\"http:\/\/www.delalumiereauxyeux-photo.fr\/wp-content\/uploads\/2023\/04\/DSC_7346-copie-1024x610.jpg\" alt=\"Troph\u00e9e Tourisme Endurance 2 avril 2023 circuit Val de Vienne Le Vigeant photographe De la lumi\u00e8re aux yeux\" width=\"1024\" height=\"610\" srcset=\"https:\/\/www.delalumiereauxyeux-photo.fr\/wp-content\/uploads\/2023\/04\/DSC_7346-copie-1024x610.jpg 1024w, https:\/\/www.delalumiereauxyeux-photo.fr\/wp-content\/uploads\/2023\/04\/DSC_7346-copie-300x179.jpg 300w, https:\/\/www.delalumiereauxyeux-photo.fr\/wp-content\/uploads\/2023\/04\/DSC_7346-copie-768x457.jpg 768w\" sizes=\"(max-width: 1024px) 100vw, 1024px\" \/><img loading=\"lazy\" decoding=\"async\" class=\"alignnone size-large wp-image-2667\" src=\"http:\/\/www.delalumiereauxyeux-photo.fr\/wp-content\/uploads\/2023\/04\/DSC_7375-copie-1024x500.jpg\" alt=\"Troph\u00e9e Tourisme Endurance 2 avril 2023 circuit Val de Vienne Le Vigeant photographe De la lumi\u00e8re aux yeux\" width=\"1024\" height=\"500\" srcset=\"https:\/\/www.delalumiereauxyeux-photo.fr\/wp-content\/uploads\/2023\/04\/DSC_7375-copie-1024x500.jpg 1024w, https:\/\/www.delalumiereauxyeux-photo.fr\/wp-content\/uploads\/2023\/04\/DSC_7375-copie-300x147.jpg 300w, https:\/\/www.delalumiereauxyeux-photo.fr\/wp-content\/uploads\/2023\/04\/DSC_7375-copie-768x375.jpg 768w\" sizes=\"(max-width: 1024px) 100vw, 1024px\" \/><img loading=\"lazy\" decoding=\"async\" class=\"alignnone size-large wp-image-2668\" src=\"http:\/\/www.delalumiereauxyeux-photo.fr\/wp-content\/uploads\/2023\/04\/DSC_7411-copie-1024x683.jpg\" alt=\"Troph\u00e9e Tourisme Endurance 2 avril 2023 circuit Val de Vienne Le Vigeant photographe De la lumi\u00e8re aux yeux\" width=\"1024\" height=\"683\" srcset=\"https:\/\/www.delalumiereauxyeux-photo.fr\/wp-content\/uploads\/2023\/04\/DSC_7411-copie-1024x683.jpg 1024w, https:\/\/www.delalumiereauxyeux-photo.fr\/wp-content\/uploads\/2023\/04\/DSC_7411-copie-300x200.jpg 300w, https:\/\/www.delalumiereauxyeux-photo.fr\/wp-content\/uploads\/2023\/04\/DSC_7411-copie-768x512.jpg 768w\" sizes=\"(max-width: 1024px) 100vw, 1024px\" \/><img loading=\"lazy\" decoding=\"async\" class=\"alignnone size-large wp-image-2669\" src=\"http:\/\/www.delalumiereauxyeux-photo.fr\/wp-content\/uploads\/2023\/04\/DSC_7422-copie-1024x623.jpg\" alt=\"Troph\u00e9e Tourisme Endurance 2 avril 2023 circuit Val de Vienne Le Vigeant photographe De la lumi\u00e8re aux yeux\" width=\"1024\" height=\"623\" srcset=\"https:\/\/www.delalumiereauxyeux-photo.fr\/wp-content\/uploads\/2023\/04\/DSC_7422-copie-1024x623.jpg 1024w, https:\/\/www.delalumiereauxyeux-photo.fr\/wp-content\/uploads\/2023\/04\/DSC_7422-copie-300x183.jpg 300w, https:\/\/www.delalumiereauxyeux-photo.fr\/wp-content\/uploads\/2023\/04\/DSC_7422-copie-768x467.jpg 768w\" sizes=\"(max-width: 1024px) 100vw, 1024px\" \/><img loading=\"lazy\" decoding=\"async\" class=\"alignnone size-large wp-image-2670\" src=\"http:\/\/www.delalumiereauxyeux-photo.fr\/wp-content\/uploads\/2023\/04\/DSC_7425-copie-1024x683.jpg\" alt=\"Troph\u00e9e Tourisme Endurance 2 avril 2023 circuit Val de Vienne Le Vigeant photographe De la lumi\u00e8re aux yeux\" width=\"1024\" height=\"683\" srcset=\"https:\/\/www.delalumiereauxyeux-photo.fr\/wp-content\/uploads\/2023\/04\/DSC_7425-copie-1024x683.jpg 1024w, https:\/\/www.delalumiereauxyeux-photo.fr\/wp-content\/uploads\/2023\/04\/DSC_7425-copie-300x200.jpg 300w, https:\/\/www.delalumiereauxyeux-photo.fr\/wp-content\/uploads\/2023\/04\/DSC_7425-copie-768x512.jpg 768w\" sizes=\"(max-width: 1024px) 100vw, 1024px\" \/><img loading=\"lazy\" decoding=\"async\" class=\"alignnone size-large wp-image-2671\" src=\"http:\/\/www.delalumiereauxyeux-photo.fr\/wp-content\/uploads\/2023\/04\/DSC_7437-copie-1024x853.jpg\" alt=\"Troph\u00e9e Tourisme Endurance 2 avril 2023 circuit Val de Vienne Le Vigeant photographe De la lumi\u00e8re aux yeux\" width=\"1024\" height=\"853\" srcset=\"https:\/\/www.delalumiereauxyeux-photo.fr\/wp-content\/uploads\/2023\/04\/DSC_7437-copie-1024x853.jpg 1024w, https:\/\/www.delalumiereauxyeux-photo.fr\/wp-content\/uploads\/2023\/04\/DSC_7437-copie-300x250.jpg 300w, https:\/\/www.delalumiereauxyeux-photo.fr\/wp-content\/uploads\/2023\/04\/DSC_7437-copie-768x640.jpg 768w\" sizes=\"(max-width: 1024px) 100vw, 1024px\" \/><img loading=\"lazy\" decoding=\"async\" class=\"alignnone size-large wp-image-2672\" src=\"http:\/\/www.delalumiereauxyeux-photo.fr\/wp-content\/uploads\/2023\/04\/DSC_7445-copie-1024x683.jpg\" alt=\"Troph\u00e9e Tourisme Endurance 2 avril 2023 circuit Val de Vienne Le Vigeant photographe De la lumi\u00e8re aux yeux\" width=\"1024\" height=\"683\" srcset=\"https:\/\/www.delalumiereauxyeux-photo.fr\/wp-content\/uploads\/2023\/04\/DSC_7445-copie-1024x683.jpg 1024w, https:\/\/www.delalumiereauxyeux-photo.fr\/wp-content\/uploads\/2023\/04\/DSC_7445-copie-300x200.jpg 300w, https:\/\/www.delalumiereauxyeux-photo.fr\/wp-content\/uploads\/2023\/04\/DSC_7445-copie-768x512.jpg 768w\" sizes=\"(max-width: 1024px) 100vw, 1024px\" \/><img loading=\"lazy\" decoding=\"async\" class=\"alignnone size-large wp-image-2663\" src=\"http:\/\/www.delalumiereauxyeux-photo.fr\/wp-content\/uploads\/2023\/04\/DSC_7314-copie-971x1024.jpg\" alt=\"Troph\u00e9e Tourisme Endurance 2 avril 2023 circuit Val de Vienne Le Vigeant photographe De la lumi\u00e8re aux yeux\" width=\"971\" height=\"1024\" srcset=\"https:\/\/www.delalumiereauxyeux-photo.fr\/wp-content\/uploads\/2023\/04\/DSC_7314-copie-971x1024.jpg 971w, https:\/\/www.delalumiereauxyeux-photo.fr\/wp-content\/uploads\/2023\/04\/DSC_7314-copie-285x300.jpg 285w, https:\/\/www.delalumiereauxyeux-photo.fr\/wp-content\/uploads\/2023\/04\/DSC_7314-copie-768x810.jpg 768w\" sizes=\"(max-width: 971px) 100vw, 971px\" \/><img loading=\"lazy\" decoding=\"async\" class=\"alignnone size-large wp-image-2664\" src=\"http:\/\/www.delalumiereauxyeux-photo.fr\/wp-content\/uploads\/2023\/04\/DSC_7316-copie-1024x882.jpg\" alt=\"Troph\u00e9e Tourisme Endurance 2 avril 2023 circuit Val de Vienne Le Vigeant photographe De la lumi\u00e8re aux yeux\" width=\"1024\" height=\"882\" srcset=\"https:\/\/www.delalumiereauxyeux-photo.fr\/wp-content\/uploads\/2023\/04\/DSC_7316-copie-1024x882.jpg 1024w, https:\/\/www.delalumiereauxyeux-photo.fr\/wp-content\/uploads\/2023\/04\/DSC_7316-copie-300x259.jpg 300w, https:\/\/www.delalumiereauxyeux-photo.fr\/wp-content\/uploads\/2023\/04\/DSC_7316-copie-768x662.jpg 768w\" sizes=\"(max-width: 1024px) 100vw, 1024px\" \/><img loading=\"lazy\" decoding=\"async\" class=\"alignnone size-large wp-image-2665\" src=\"http:\/\/www.delalumiereauxyeux-photo.fr\/wp-content\/uploads\/2023\/04\/DSC_7319-copie-1024x399.jpg\" alt=\"Troph\u00e9e Tourisme Endurance 2 avril 2023 circuit Val de Vienne Le Vigeant photographe De la lumi\u00e8re aux yeux\" width=\"1024\" height=\"399\" srcset=\"https:\/\/www.delalumiereauxyeux-photo.fr\/wp-content\/uploads\/2023\/04\/DSC_7319-copie-1024x399.jpg 1024w, https:\/\/www.delalumiereauxyeux-photo.fr\/wp-content\/uploads\/2023\/04\/DSC_7319-copie-300x117.jpg 300w, https:\/\/www.delalumiereauxyeux-photo.fr\/wp-content\/uploads\/2023\/04\/DSC_7319-copie-768x299.jpg 768w\" sizes=\"(max-width: 1024px) 100vw, 1024px\" \/><img loading=\"lazy\" decoding=\"async\" class=\"alignnone size-large wp-image-2673\" src=\"http:\/\/www.delalumiereauxyeux-photo.fr\/wp-content\/uploads\/2023\/04\/DSC_7458-copie-1024x683.jpg\" alt=\"Troph\u00e9e Tourisme Endurance 2 avril 2023 circuit Val de Vienne Le Vigeant photographe De la lumi\u00e8re aux yeux\" width=\"1024\" height=\"683\" srcset=\"https:\/\/www.delalumiereauxyeux-photo.fr\/wp-content\/uploads\/2023\/04\/DSC_7458-copie-1024x683.jpg 1024w, https:\/\/www.delalumiereauxyeux-photo.fr\/wp-content\/uploads\/2023\/04\/DSC_7458-copie-300x200.jpg 300w, https:\/\/www.delalumiereauxyeux-photo.fr\/wp-content\/uploads\/2023\/04\/DSC_7458-copie-768x512.jpg 768w\" sizes=\"(max-width: 1024px) 100vw, 1024px\" \/><img loading=\"lazy\" decoding=\"async\" class=\"alignnone size-large wp-image-2674\" src=\"http:\/\/www.delalumiereauxyeux-photo.fr\/wp-content\/uploads\/2023\/04\/DSC_7476-copie-1024x683.jpg\" alt=\"Troph\u00e9e Tourisme Endurance 2 avril 2023 circuit Val de Vienne Le Vigeant photographe De la lumi\u00e8re aux yeux\" width=\"1024\" height=\"683\" srcset=\"https:\/\/www.delalumiereauxyeux-photo.fr\/wp-content\/uploads\/2023\/04\/DSC_7476-copie-1024x683.jpg 1024w, https:\/\/www.delalumiereauxyeux-photo.fr\/wp-content\/uploads\/2023\/04\/DSC_7476-copie-300x200.jpg 300w, https:\/\/www.delalumiereauxyeux-photo.fr\/wp-content\/uploads\/2023\/04\/DSC_7476-copie-768x512.jpg 768w\" sizes=\"(max-width: 1024px) 100vw, 1024px\" \/><img loading=\"lazy\" decoding=\"async\" class=\"alignnone size-large wp-image-2675\" src=\"http:\/\/www.delalumiereauxyeux-photo.fr\/wp-content\/uploads\/2023\/04\/DSC_7487-copie-1024x582.jpg\" alt=\"Troph\u00e9e Tourisme Endurance 2 avril 2023 circuit Val de Vienne Le Vigeant photographe De la lumi\u00e8re aux yeux\" width=\"1024\" height=\"582\" srcset=\"https:\/\/www.delalumiereauxyeux-photo.fr\/wp-content\/uploads\/2023\/04\/DSC_7487-copie-1024x582.jpg 1024w, https:\/\/www.delalumiereauxyeux-photo.fr\/wp-content\/uploads\/2023\/04\/DSC_7487-copie-300x171.jpg 300w, https:\/\/www.delalumiereauxyeux-photo.fr\/wp-content\/uploads\/2023\/04\/DSC_7487-copie-768x437.jpg 768w\" sizes=\"(max-width: 1024px) 100vw, 1024px\" \/><img loading=\"lazy\" decoding=\"async\" class=\"alignnone size-large wp-image-2676\" src=\"http:\/\/www.delalumiereauxyeux-photo.fr\/wp-content\/uploads\/2023\/04\/DSC_7493-copie-1024x610.jpg\" alt=\"Troph\u00e9e Tourisme Endurance 2 avril 2023 circuit Val de Vienne Le Vigeant photographe De la lumi\u00e8re aux yeux\" width=\"1024\" height=\"610\" srcset=\"https:\/\/www.delalumiereauxyeux-photo.fr\/wp-content\/uploads\/2023\/04\/DSC_7493-copie-1024x610.jpg 1024w, https:\/\/www.delalumiereauxyeux-photo.fr\/wp-content\/uploads\/2023\/04\/DSC_7493-copie-300x179.jpg 300w, https:\/\/www.delalumiereauxyeux-photo.fr\/wp-content\/uploads\/2023\/04\/DSC_7493-copie-768x457.jpg 768w\" sizes=\"(max-width: 1024px) 100vw, 1024px\" \/><img loading=\"lazy\" decoding=\"async\" class=\"alignnone size-large wp-image-2677\" src=\"http:\/\/www.delalumiereauxyeux-photo.fr\/wp-content\/uploads\/2023\/04\/DSC_7502-copie-1024x580.jpg\" alt=\"Troph\u00e9e Tourisme Endurance 2 avril 2023 circuit Val de Vienne Le Vigeant photographe De la lumi\u00e8re aux yeux\" width=\"1024\" height=\"580\" srcset=\"https:\/\/www.delalumiereauxyeux-photo.fr\/wp-content\/uploads\/2023\/04\/DSC_7502-copie-1024x580.jpg 1024w, https:\/\/www.delalumiereauxyeux-photo.fr\/wp-content\/uploads\/2023\/04\/DSC_7502-copie-300x170.jpg 300w, https:\/\/www.delalumiereauxyeux-photo.fr\/wp-content\/uploads\/2023\/04\/DSC_7502-copie-768x435.jpg 768w\" sizes=\"(max-width: 1024px) 100vw, 1024px\" \/><img loading=\"lazy\" decoding=\"async\" class=\"alignnone size-large wp-image-2678\" src=\"http:\/\/www.delalumiereauxyeux-photo.fr\/wp-content\/uploads\/2023\/04\/DSC_7540-copie-1024x792.jpg\" alt=\"Troph\u00e9e Tourisme Endurance 2 avril 2023 circuit Val de Vienne Le Vigeant photographe De la lumi\u00e8re aux yeux\" width=\"1024\" height=\"792\" srcset=\"https:\/\/www.delalumiereauxyeux-photo.fr\/wp-content\/uploads\/2023\/04\/DSC_7540-copie-1024x792.jpg 1024w, https:\/\/www.delalumiereauxyeux-photo.fr\/wp-content\/uploads\/2023\/04\/DSC_7540-copie-300x232.jpg 300w, https:\/\/www.delalumiereauxyeux-photo.fr\/wp-content\/uploads\/2023\/04\/DSC_7540-copie-768x594.jpg 768w\" sizes=\"(max-width: 1024px) 100vw, 1024px\" \/><img loading=\"lazy\" decoding=\"async\" class=\"alignnone size-large wp-image-2679\" src=\"http:\/\/www.delalumiereauxyeux-photo.fr\/wp-content\/uploads\/2023\/04\/DSC_7568-copie-1024x782.jpg\" alt=\"Troph\u00e9e Tourisme Endurance 2 avril 2023 circuit Val de Vienne Le Vigeant photographe De la lumi\u00e8re aux yeux\" width=\"1024\" height=\"782\" srcset=\"https:\/\/www.delalumiereauxyeux-photo.fr\/wp-content\/uploads\/2023\/04\/DSC_7568-copie-1024x782.jpg 1024w, https:\/\/www.delalumiereauxyeux-photo.fr\/wp-content\/uploads\/2023\/04\/DSC_7568-copie-300x229.jpg 300w, https:\/\/www.delalumiereauxyeux-photo.fr\/wp-content\/uploads\/2023\/04\/DSC_7568-copie-768x587.jpg 768w\" sizes=\"(max-width: 1024px) 100vw, 1024px\" \/><img loading=\"lazy\" decoding=\"async\" class=\"alignnone size-large wp-image-2680\" src=\"http:\/\/www.delalumiereauxyeux-photo.fr\/wp-content\/uploads\/2023\/04\/DSC_7570-copie-1024x743.jpg\" alt=\"Troph\u00e9e Tourisme Endurance 2 avril 2023 circuit Val de Vienne Le Vigeant photographe De la lumi\u00e8re aux yeux\" width=\"1024\" height=\"743\" srcset=\"https:\/\/www.delalumiereauxyeux-photo.fr\/wp-content\/uploads\/2023\/04\/DSC_7570-copie-1024x743.jpg 1024w, https:\/\/www.delalumiereauxyeux-photo.fr\/wp-content\/uploads\/2023\/04\/DSC_7570-copie-300x218.jpg 300w, https:\/\/www.delalumiereauxyeux-photo.fr\/wp-content\/uploads\/2023\/04\/DSC_7570-copie-768x558.jpg 768w\" sizes=\"(max-width: 1024px) 100vw, 1024px\" \/><img loading=\"lazy\" decoding=\"async\" class=\"alignnone size-large wp-image-2681\" src=\"http:\/\/www.delalumiereauxyeux-photo.fr\/wp-content\/uploads\/2023\/04\/DSC_7575-copie-1024x803.jpg\" alt=\"Troph\u00e9e Tourisme Endurance 2 avril 2023 circuit Val de Vienne Le Vigeant photographe De la lumi\u00e8re aux yeux\" width=\"1024\" height=\"803\" srcset=\"https:\/\/www.delalumiereauxyeux-photo.fr\/wp-content\/uploads\/2023\/04\/DSC_7575-copie-1024x803.jpg 1024w, https:\/\/www.delalumiereauxyeux-photo.fr\/wp-content\/uploads\/2023\/04\/DSC_7575-copie-300x235.jpg 300w, https:\/\/www.delalumiereauxyeux-photo.fr\/wp-content\/uploads\/2023\/04\/DSC_7575-copie-768x602.jpg 768w\" sizes=\"(max-width: 1024px) 100vw, 1024px\" \/><img loading=\"lazy\" decoding=\"async\" class=\"alignnone size-large wp-image-2682\" src=\"http:\/\/www.delalumiereauxyeux-photo.fr\/wp-content\/uploads\/2023\/04\/DSC_7575-2-copie-1024x464.jpg\" alt=\"Troph\u00e9e Tourisme Endurance 2 avril 2023 circuit Val de Vienne Le Vigeant photographe De la lumi\u00e8re aux yeux\" width=\"1024\" height=\"464\" srcset=\"https:\/\/www.delalumiereauxyeux-photo.fr\/wp-content\/uploads\/2023\/04\/DSC_7575-2-copie-1024x464.jpg 1024w, https:\/\/www.delalumiereauxyeux-photo.fr\/wp-content\/uploads\/2023\/04\/DSC_7575-2-copie-300x136.jpg 300w, https:\/\/www.delalumiereauxyeux-photo.fr\/wp-content\/uploads\/2023\/04\/DSC_7575-2-copie-768x348.jpg 768w\" sizes=\"(max-width: 1024px) 100vw, 1024px\" \/><img loading=\"lazy\" decoding=\"async\" class=\"alignnone size-large wp-image-2683\" src=\"http:\/\/www.delalumiereauxyeux-photo.fr\/wp-content\/uploads\/2023\/04\/DSC_7576-copie-1024x451.jpg\" alt=\"Troph\u00e9e Tourisme Endurance 2 avril 2023 circuit Val de Vienne Le Vigeant photographe De la lumi\u00e8re aux yeux\" width=\"1024\" height=\"451\" srcset=\"https:\/\/www.delalumiereauxyeux-photo.fr\/wp-content\/uploads\/2023\/04\/DSC_7576-copie-1024x451.jpg 1024w, https:\/\/www.delalumiereauxyeux-photo.fr\/wp-content\/uploads\/2023\/04\/DSC_7576-copie-300x132.jpg 300w, https:\/\/www.delalumiereauxyeux-photo.fr\/wp-content\/uploads\/2023\/04\/DSC_7576-copie-768x338.jpg 768w\" sizes=\"(max-width: 1024px) 100vw, 1024px\" \/><img loading=\"lazy\" decoding=\"async\" class=\"alignnone size-large wp-image-2690\" src=\"http:\/\/www.delalumiereauxyeux-photo.fr\/wp-content\/uploads\/2023\/04\/DSC_7668-copie-1024x721.jpg\" alt=\"Troph\u00e9e Tourisme Endurance 2 avril 2023 circuit Val de Vienne Le Vigeant photographe De la lumi\u00e8re aux yeux\" width=\"1024\" height=\"721\" srcset=\"https:\/\/www.delalumiereauxyeux-photo.fr\/wp-content\/uploads\/2023\/04\/DSC_7668-copie-1024x721.jpg 1024w, https:\/\/www.delalumiereauxyeux-photo.fr\/wp-content\/uploads\/2023\/04\/DSC_7668-copie-300x211.jpg 300w, https:\/\/www.delalumiereauxyeux-photo.fr\/wp-content\/uploads\/2023\/04\/DSC_7668-copie-768x540.jpg 768w\" sizes=\"(max-width: 1024px) 100vw, 1024px\" \/><img loading=\"lazy\" decoding=\"async\" class=\"alignnone size-large wp-image-2691\" src=\"http:\/\/www.delalumiereauxyeux-photo.fr\/wp-content\/uploads\/2023\/04\/DSC_7670-copie-1024x683.jpg\" alt=\"Troph\u00e9e Tourisme Endurance 2 avril 2023 circuit Val de Vienne Le Vigeant photographe De la lumi\u00e8re aux yeux\" width=\"1024\" height=\"683\" srcset=\"https:\/\/www.delalumiereauxyeux-photo.fr\/wp-content\/uploads\/2023\/04\/DSC_7670-copie-1024x683.jpg 1024w, https:\/\/www.delalumiereauxyeux-photo.fr\/wp-content\/uploads\/2023\/04\/DSC_7670-copie-300x200.jpg 300w, https:\/\/www.delalumiereauxyeux-photo.fr\/wp-content\/uploads\/2023\/04\/DSC_7670-copie-768x512.jpg 768w\" sizes=\"(max-width: 1024px) 100vw, 1024px\" \/><\/p>\n<p><img loading=\"lazy\" decoding=\"async\" class=\"alignnone size-large wp-image-2684\" src=\"http:\/\/www.delalumiereauxyeux-photo.fr\/wp-content\/uploads\/2023\/04\/DSC_7608-copie-1024x489.jpg\" alt=\"Troph\u00e9e Tourisme Endurance 2 avril 2023 circuit Val de Vienne Le Vigeant photographe De la lumi\u00e8re aux yeux\" width=\"1024\" height=\"489\" srcset=\"https:\/\/www.delalumiereauxyeux-photo.fr\/wp-content\/uploads\/2023\/04\/DSC_7608-copie-1024x489.jpg 1024w, https:\/\/www.delalumiereauxyeux-photo.fr\/wp-content\/uploads\/2023\/04\/DSC_7608-copie-300x143.jpg 300w, https:\/\/www.delalumiereauxyeux-photo.fr\/wp-content\/uploads\/2023\/04\/DSC_7608-copie-768x367.jpg 768w\" sizes=\"(max-width: 1024px) 100vw, 1024px\" \/><img loading=\"lazy\" decoding=\"async\" class=\"alignnone size-large wp-image-2685\" src=\"http:\/\/www.delalumiereauxyeux-photo.fr\/wp-content\/uploads\/2023\/04\/DSC_7613-copie-1024x372.jpg\" alt=\"Troph\u00e9e Tourisme Endurance 2 avril 2023 circuit Val de Vienne Le Vigeant photographe De la lumi\u00e8re aux yeux\" width=\"1024\" height=\"372\" srcset=\"https:\/\/www.delalumiereauxyeux-photo.fr\/wp-content\/uploads\/2023\/04\/DSC_7613-copie-1024x372.jpg 1024w, https:\/\/www.delalumiereauxyeux-photo.fr\/wp-content\/uploads\/2023\/04\/DSC_7613-copie-300x109.jpg 300w, https:\/\/www.delalumiereauxyeux-photo.fr\/wp-content\/uploads\/2023\/04\/DSC_7613-copie-768x279.jpg 768w\" sizes=\"(max-width: 1024px) 100vw, 1024px\" \/><img loading=\"lazy\" decoding=\"async\" class=\"alignnone size-large wp-image-2686\" src=\"http:\/\/www.delalumiereauxyeux-photo.fr\/wp-content\/uploads\/2023\/04\/DSC_7622-copie-1024x599.jpg\" alt=\"Troph\u00e9e Tourisme Endurance 2 avril 2023 circuit Val de Vienne Le Vigeant photographe De la lumi\u00e8re aux yeux\" width=\"1024\" height=\"599\" srcset=\"https:\/\/www.delalumiereauxyeux-photo.fr\/wp-content\/uploads\/2023\/04\/DSC_7622-copie-1024x599.jpg 1024w, https:\/\/www.delalumiereauxyeux-photo.fr\/wp-content\/uploads\/2023\/04\/DSC_7622-copie-300x175.jpg 300w, https:\/\/www.delalumiereauxyeux-photo.fr\/wp-content\/uploads\/2023\/04\/DSC_7622-copie-768x449.jpg 768w\" sizes=\"(max-width: 1024px) 100vw, 1024px\" \/><img loading=\"lazy\" decoding=\"async\" class=\"alignnone size-large wp-image-2687\" src=\"http:\/\/www.delalumiereauxyeux-photo.fr\/wp-content\/uploads\/2023\/04\/DSC_7640-copie-1024x582.jpg\" alt=\"Troph\u00e9e Tourisme Endurance 2 avril 2023 circuit Val de Vienne Le Vigeant photographe De la lumi\u00e8re aux yeux\" width=\"1024\" height=\"582\" srcset=\"https:\/\/www.delalumiereauxyeux-photo.fr\/wp-content\/uploads\/2023\/04\/DSC_7640-copie-1024x582.jpg 1024w, https:\/\/www.delalumiereauxyeux-photo.fr\/wp-content\/uploads\/2023\/04\/DSC_7640-copie-300x171.jpg 300w, https:\/\/www.delalumiereauxyeux-photo.fr\/wp-content\/uploads\/2023\/04\/DSC_7640-copie-768x437.jpg 768w\" sizes=\"(max-width: 1024px) 100vw, 1024px\" \/><img loading=\"lazy\" decoding=\"async\" class=\"alignnone size-large wp-image-2688\" src=\"http:\/\/www.delalumiereauxyeux-photo.fr\/wp-content\/uploads\/2023\/04\/DSC_7648-copie-1024x552.jpg\" alt=\"Troph\u00e9e Tourisme Endurance 2 avril 2023 circuit Val de Vienne Le Vigeant photographe De la lumi\u00e8re aux yeux\" width=\"1024\" height=\"552\" srcset=\"https:\/\/www.delalumiereauxyeux-photo.fr\/wp-content\/uploads\/2023\/04\/DSC_7648-copie-1024x552.jpg 1024w, https:\/\/www.delalumiereauxyeux-photo.fr\/wp-content\/uploads\/2023\/04\/DSC_7648-copie-300x162.jpg 300w, https:\/\/www.delalumiereauxyeux-photo.fr\/wp-content\/uploads\/2023\/04\/DSC_7648-copie-768x414.jpg 768w\" sizes=\"(max-width: 1024px) 100vw, 1024px\" \/><img loading=\"lazy\" decoding=\"async\" class=\"alignnone size-large wp-image-2689\" src=\"http:\/\/www.delalumiereauxyeux-photo.fr\/wp-content\/uploads\/2023\/04\/DSC_7665-copie-1024x588.jpg\" alt=\"Troph\u00e9e Tourisme Endurance 2 avril 2023 circuit Val de Vienne Le Vigeant photographe De la lumi\u00e8re aux yeux\" width=\"1024\" height=\"588\" srcset=\"https:\/\/www.delalumiereauxyeux-photo.fr\/wp-content\/uploads\/2023\/04\/DSC_7665-copie-1024x588.jpg 1024w, https:\/\/www.delalumiereauxyeux-photo.fr\/wp-content\/uploads\/2023\/04\/DSC_7665-copie-300x172.jpg 300w, https:\/\/www.delalumiereauxyeux-photo.fr\/wp-content\/uploads\/2023\/04\/DSC_7665-copie-768x441.jpg 768w\" sizes=\"(max-width: 1024px) 100vw, 1024px\" \/><img loading=\"lazy\" decoding=\"async\" class=\"alignnone size-large wp-image-2692\" src=\"http:\/\/www.delalumiereauxyeux-photo.fr\/wp-content\/uploads\/2023\/04\/DSC_7677-copie-1024x683.jpg\" alt=\"Troph\u00e9e Tourisme Endurance 2 avril 2023 circuit Val de Vienne Le Vigeant photographe De la lumi\u00e8re aux yeux\" width=\"1024\" height=\"683\" srcset=\"https:\/\/www.delalumiereauxyeux-photo.fr\/wp-content\/uploads\/2023\/04\/DSC_7677-copie-1024x683.jpg 1024w, https:\/\/www.delalumiereauxyeux-photo.fr\/wp-content\/uploads\/2023\/04\/DSC_7677-copie-300x200.jpg 300w, https:\/\/www.delalumiereauxyeux-photo.fr\/wp-content\/uploads\/2023\/04\/DSC_7677-copie-768x512.jpg 768w\" sizes=\"(max-width: 1024px) 100vw, 1024px\" \/><img loading=\"lazy\" decoding=\"async\" class=\"alignnone size-large wp-image-2693\" src=\"http:\/\/www.delalumiereauxyeux-photo.fr\/wp-content\/uploads\/2023\/04\/DSC_7677-2-copie-1024x571.jpg\" alt=\"Troph\u00e9e Tourisme Endurance 2 avril 2023 circuit Val de Vienne Le Vigeant photographe De la lumi\u00e8re aux yeux\" width=\"1024\" height=\"571\" srcset=\"https:\/\/www.delalumiereauxyeux-photo.fr\/wp-content\/uploads\/2023\/04\/DSC_7677-2-copie-1024x571.jpg 1024w, https:\/\/www.delalumiereauxyeux-photo.fr\/wp-content\/uploads\/2023\/04\/DSC_7677-2-copie-300x167.jpg 300w, https:\/\/www.delalumiereauxyeux-photo.fr\/wp-content\/uploads\/2023\/04\/DSC_7677-2-copie-768x428.jpg 768w\" sizes=\"(max-width: 1024px) 100vw, 1024px\" \/><img loading=\"lazy\" decoding=\"async\" class=\"alignnone size-large wp-image-2694\" src=\"http:\/\/www.delalumiereauxyeux-photo.fr\/wp-content\/uploads\/2023\/04\/DSC_7685-copie-1024x597.jpg\" alt=\"Troph\u00e9e Tourisme Endurance 2 avril 2023 circuit Val de Vienne Le Vigeant photographe De la lumi\u00e8re aux yeux\" width=\"1024\" height=\"597\" srcset=\"https:\/\/www.delalumiereauxyeux-photo.fr\/wp-content\/uploads\/2023\/04\/DSC_7685-copie-1024x597.jpg 1024w, https:\/\/www.delalumiereauxyeux-photo.fr\/wp-content\/uploads\/2023\/04\/DSC_7685-copie-300x175.jpg 300w, https:\/\/www.delalumiereauxyeux-photo.fr\/wp-content\/uploads\/2023\/04\/DSC_7685-copie-768x448.jpg 768w\" sizes=\"(max-width: 1024px) 100vw, 1024px\" \/><img loading=\"lazy\" decoding=\"async\" class=\"alignnone size-large wp-image-2695\" src=\"http:\/\/www.delalumiereauxyeux-photo.fr\/wp-content\/uploads\/2023\/04\/DSC_7690-copie-1024x742.jpg\" alt=\"Troph\u00e9e Tourisme Endurance 2 avril 2023 circuit Val de Vienne Le Vigeant photographe De la lumi\u00e8re aux yeux\" width=\"1024\" height=\"742\" srcset=\"https:\/\/www.delalumiereauxyeux-photo.fr\/wp-content\/uploads\/2023\/04\/DSC_7690-copie-1024x742.jpg 1024w, https:\/\/www.delalumiereauxyeux-photo.fr\/wp-content\/uploads\/2023\/04\/DSC_7690-copie-300x217.jpg 300w, https:\/\/www.delalumiereauxyeux-photo.fr\/wp-content\/uploads\/2023\/04\/DSC_7690-copie-768x556.jpg 768w\" sizes=\"(max-width: 1024px) 100vw, 1024px\" \/><img loading=\"lazy\" decoding=\"async\" class=\"alignnone size-large wp-image-2696\" src=\"http:\/\/www.delalumiereauxyeux-photo.fr\/wp-content\/uploads\/2023\/04\/DSC_7702-copie-1024x502.jpg\" alt=\"Troph\u00e9e Tourisme Endurance 2 avril 2023 circuit Val de Vienne Le Vigeant photographe De la lumi\u00e8re aux yeux\" width=\"1024\" height=\"502\" srcset=\"https:\/\/www.delalumiereauxyeux-photo.fr\/wp-content\/uploads\/2023\/04\/DSC_7702-copie-1024x502.jpg 1024w, https:\/\/www.delalumiereauxyeux-photo.fr\/wp-content\/uploads\/2023\/04\/DSC_7702-copie-300x147.jpg 300w, https:\/\/www.delalumiereauxyeux-photo.fr\/wp-content\/uploads\/2023\/04\/DSC_7702-copie-768x376.jpg 768w\" sizes=\"(max-width: 1024px) 100vw, 1024px\" \/><img loading=\"lazy\" decoding=\"async\" class=\"alignnone size-large wp-image-2697\" src=\"http:\/\/www.delalumiereauxyeux-photo.fr\/wp-content\/uploads\/2023\/04\/DSC_7705-copie-1024x608.jpg\" alt=\"Troph\u00e9e Tourisme Endurance 2 avril 2023 circuit Val de Vienne Le Vigeant photographe De la lumi\u00e8re aux yeux\" width=\"1024\" height=\"608\" srcset=\"https:\/\/www.delalumiereauxyeux-photo.fr\/wp-content\/uploads\/2023\/04\/DSC_7705-copie-1024x608.jpg 1024w, https:\/\/www.delalumiereauxyeux-photo.fr\/wp-content\/uploads\/2023\/04\/DSC_7705-copie-300x178.jpg 300w, https:\/\/www.delalumiereauxyeux-photo.fr\/wp-content\/uploads\/2023\/04\/DSC_7705-copie-768x456.jpg 768w\" sizes=\"(max-width: 1024px) 100vw, 1024px\" \/><img loading=\"lazy\" decoding=\"async\" class=\"alignnone size-large wp-image-2698\" src=\"http:\/\/www.delalumiereauxyeux-photo.fr\/wp-content\/uploads\/2023\/04\/DSC_7716-copie-1024x372.jpg\" alt=\"Troph\u00e9e Tourisme Endurance 2 avril 2023 circuit Val de Vienne Le Vigeant photographe De la lumi\u00e8re aux yeux\" width=\"1024\" height=\"372\" srcset=\"https:\/\/www.delalumiereauxyeux-photo.fr\/wp-content\/uploads\/2023\/04\/DSC_7716-copie-1024x372.jpg 1024w, https:\/\/www.delalumiereauxyeux-photo.fr\/wp-content\/uploads\/2023\/04\/DSC_7716-copie-300x109.jpg 300w, https:\/\/www.delalumiereauxyeux-photo.fr\/wp-content\/uploads\/2023\/04\/DSC_7716-copie-768x279.jpg 768w\" sizes=\"(max-width: 1024px) 100vw, 1024px\" \/><img loading=\"lazy\" decoding=\"async\" class=\"alignnone size-large wp-image-2699\" src=\"http:\/\/www.delalumiereauxyeux-photo.fr\/wp-content\/uploads\/2023\/04\/DSC_7726-copie-1024x790.jpg\" alt=\"Troph\u00e9e Tourisme Endurance 2 avril 2023 circuit Val de Vienne Le Vigeant photographe De la lumi\u00e8re aux yeux\" width=\"1024\" height=\"790\" srcset=\"https:\/\/www.delalumiereauxyeux-photo.fr\/wp-content\/uploads\/2023\/04\/DSC_7726-copie-1024x790.jpg 1024w, https:\/\/www.delalumiereauxyeux-photo.fr\/wp-content\/uploads\/2023\/04\/DSC_7726-copie-300x232.jpg 300w, https:\/\/www.delalumiereauxyeux-photo.fr\/wp-content\/uploads\/2023\/04\/DSC_7726-copie-768x593.jpg 768w\" sizes=\"(max-width: 1024px) 100vw, 1024px\" \/><img loading=\"lazy\" decoding=\"async\" class=\"alignnone size-large wp-image-2700\" src=\"http:\/\/www.delalumiereauxyeux-photo.fr\/wp-content\/uploads\/2023\/04\/DSC_7735-copie-1024x457.jpg\" alt=\"Troph\u00e9e Tourisme Endurance 2 avril 2023 circuit Val de Vienne Le Vigeant photographe De la lumi\u00e8re aux yeux\" width=\"1024\" height=\"457\" srcset=\"https:\/\/www.delalumiereauxyeux-photo.fr\/wp-content\/uploads\/2023\/04\/DSC_7735-copie-1024x457.jpg 1024w, https:\/\/www.delalumiereauxyeux-photo.fr\/wp-content\/uploads\/2023\/04\/DSC_7735-copie-300x134.jpg 300w, https:\/\/www.delalumiereauxyeux-photo.fr\/wp-content\/uploads\/2023\/04\/DSC_7735-copie-768x343.jpg 768w, https:\/\/www.delalumiereauxyeux-photo.fr\/wp-content\/uploads\/2023\/04\/DSC_7735-copie-1180x525.jpg 1180w\" sizes=\"(max-width: 1024px) 100vw, 1024px\" \/><img loading=\"lazy\" decoding=\"async\" class=\"alignnone size-large wp-image-2701\" src=\"http:\/\/www.delalumiereauxyeux-photo.fr\/wp-content\/uploads\/2023\/04\/DSC_7748-copie-1024x749.jpg\" alt=\"Troph\u00e9e Tourisme Endurance 2 avril 2023 circuit Val de Vienne Le Vigeant photographe De la lumi\u00e8re aux yeux\" width=\"1024\" height=\"749\" srcset=\"https:\/\/www.delalumiereauxyeux-photo.fr\/wp-content\/uploads\/2023\/04\/DSC_7748-copie-1024x749.jpg 1024w, https:\/\/www.delalumiereauxyeux-photo.fr\/wp-content\/uploads\/2023\/04\/DSC_7748-copie-300x220.jpg 300w, https:\/\/www.delalumiereauxyeux-photo.fr\/wp-content\/uploads\/2023\/04\/DSC_7748-copie-768x562.jpg 768w\" sizes=\"(max-width: 1024px) 100vw, 1024px\" \/><img loading=\"lazy\" decoding=\"async\" class=\"alignnone size-large wp-image-2702\" src=\"http:\/\/www.delalumiereauxyeux-photo.fr\/wp-content\/uploads\/2023\/04\/DSC_7780-copie-1024x607.jpg\" alt=\"Troph\u00e9e Tourisme Endurance 2 avril 2023 circuit Val de Vienne Le Vigeant photographe De la lumi\u00e8re aux yeux\" width=\"1024\" height=\"607\" srcset=\"https:\/\/www.delalumiereauxyeux-photo.fr\/wp-content\/uploads\/2023\/04\/DSC_7780-copie-1024x607.jpg 1024w, https:\/\/www.delalumiereauxyeux-photo.fr\/wp-content\/uploads\/2023\/04\/DSC_7780-copie-300x178.jpg 300w, https:\/\/www.delalumiereauxyeux-photo.fr\/wp-content\/uploads\/2023\/04\/DSC_7780-copie-768x455.jpg 768w\" sizes=\"(max-width: 1024px) 100vw, 1024px\" \/><img loading=\"lazy\" decoding=\"async\" class=\"alignnone size-large wp-image-2703\" src=\"http:\/\/www.delalumiereauxyeux-photo.fr\/wp-content\/uploads\/2023\/04\/DSC_7844-copie-1024x571.jpg\" alt=\"Troph\u00e9e Tourisme Endurance 2 avril 2023 circuit Val de Vienne Le Vigeant photographe De la lumi\u00e8re aux yeux\" width=\"1024\" height=\"571\" srcset=\"https:\/\/www.delalumiereauxyeux-photo.fr\/wp-content\/uploads\/2023\/04\/DSC_7844-copie-1024x571.jpg 1024w, https:\/\/www.delalumiereauxyeux-photo.fr\/wp-content\/uploads\/2023\/04\/DSC_7844-copie-300x167.jpg 300w, https:\/\/www.delalumiereauxyeux-photo.fr\/wp-content\/uploads\/2023\/04\/DSC_7844-copie-768x429.jpg 768w\" sizes=\"(max-width: 1024px) 100vw, 1024px\" \/><img loading=\"lazy\" decoding=\"async\" class=\"alignnone size-large wp-image-2704\" src=\"http:\/\/www.delalumiereauxyeux-photo.fr\/wp-content\/uploads\/2023\/04\/DSC_7860-copie-1024x812.jpg\" alt=\"Troph\u00e9e Tourisme Endurance 2 avril 2023 circuit Val de Vienne Le Vigeant photographe De la lumi\u00e8re aux yeux\" width=\"1024\" height=\"812\" srcset=\"https:\/\/www.delalumiereauxyeux-photo.fr\/wp-content\/uploads\/2023\/04\/DSC_7860-copie-1024x812.jpg 1024w, https:\/\/www.delalumiereauxyeux-photo.fr\/wp-content\/uploads\/2023\/04\/DSC_7860-copie-300x238.jpg 300w, https:\/\/www.delalumiereauxyeux-photo.fr\/wp-content\/uploads\/2023\/04\/DSC_7860-copie-768x609.jpg 768w\" sizes=\"(max-width: 1024px) 100vw, 1024px\" \/><img loading=\"lazy\" decoding=\"async\" class=\"alignnone size-large wp-image-2705\" src=\"http:\/\/www.delalumiereauxyeux-photo.fr\/wp-content\/uploads\/2023\/04\/DSC_7864-copie-1024x591.jpg\" alt=\"Troph\u00e9e Tourisme Endurance 2 avril 2023 circuit Val de Vienne Le Vigeant photographe De la lumi\u00e8re aux yeux\" width=\"1024\" height=\"591\" srcset=\"https:\/\/www.delalumiereauxyeux-photo.fr\/wp-content\/uploads\/2023\/04\/DSC_7864-copie-1024x591.jpg 1024w, https:\/\/www.delalumiereauxyeux-photo.fr\/wp-content\/uploads\/2023\/04\/DSC_7864-copie-300x173.jpg 300w, https:\/\/www.delalumiereauxyeux-photo.fr\/wp-content\/uploads\/2023\/04\/DSC_7864-copie-768x444.jpg 768w\" sizes=\"(max-width: 1024px) 100vw, 1024px\" \/><img loading=\"lazy\" decoding=\"async\" class=\"alignnone size-large wp-image-2706\" src=\"http:\/\/www.delalumiereauxyeux-photo.fr\/wp-content\/uploads\/2023\/04\/DSC_7871-copie-1024x800.jpg\" alt=\"Troph\u00e9e Tourisme Endurance 2 avril 2023 circuit Val de Vienne Le Vigeant photographe De la lumi\u00e8re aux yeux\" width=\"1024\" height=\"800\" srcset=\"https:\/\/www.delalumiereauxyeux-photo.fr\/wp-content\/uploads\/2023\/04\/DSC_7871-copie-1024x800.jpg 1024w, https:\/\/www.delalumiereauxyeux-photo.fr\/wp-content\/uploads\/2023\/04\/DSC_7871-copie-300x234.jpg 300w, https:\/\/www.delalumiereauxyeux-photo.fr\/wp-content\/uploads\/2023\/04\/DSC_7871-copie-768x600.jpg 768w\" sizes=\"(max-width: 1024px) 100vw, 1024px\" \/><img loading=\"lazy\" decoding=\"async\" class=\"alignnone size-large wp-image-2707\" src=\"http:\/\/www.delalumiereauxyeux-photo.fr\/wp-content\/uploads\/2023\/04\/DSC_7877-copie-1024x683.jpg\" alt=\"Troph\u00e9e Tourisme Endurance 2 avril 2023 circuit Val de Vienne Le Vigeant photographe De la lumi\u00e8re aux yeux\" width=\"1024\" height=\"683\" srcset=\"https:\/\/www.delalumiereauxyeux-photo.fr\/wp-content\/uploads\/2023\/04\/DSC_7877-copie-1024x683.jpg 1024w, https:\/\/www.delalumiereauxyeux-photo.fr\/wp-content\/uploads\/2023\/04\/DSC_7877-copie-300x200.jpg 300w, https:\/\/www.delalumiereauxyeux-photo.fr\/wp-content\/uploads\/2023\/04\/DSC_7877-copie-768x512.jpg 768w\" sizes=\"(max-width: 1024px) 100vw, 1024px\" \/><img loading=\"lazy\" decoding=\"async\" class=\"alignnone size-large wp-image-2708\" src=\"http:\/\/www.delalumiereauxyeux-photo.fr\/wp-content\/uploads\/2023\/04\/DSC_7885-copie-1024x809.jpg\" alt=\"Troph\u00e9e Tourisme Endurance 2 avril 2023 circuit Val de Vienne Le Vigeant photographe De la lumi\u00e8re aux yeux\" width=\"1024\" height=\"809\" srcset=\"https:\/\/www.delalumiereauxyeux-photo.fr\/wp-content\/uploads\/2023\/04\/DSC_7885-copie-1024x809.jpg 1024w, https:\/\/www.delalumiereauxyeux-photo.fr\/wp-content\/uploads\/2023\/04\/DSC_7885-copie-300x237.jpg 300w, https:\/\/www.delalumiereauxyeux-photo.fr\/wp-content\/uploads\/2023\/04\/DSC_7885-copie-768x607.jpg 768w\" sizes=\"(max-width: 1024px) 100vw, 1024px\" \/><img loading=\"lazy\" decoding=\"async\" class=\"alignnone size-large wp-image-2709\" src=\"http:\/\/www.delalumiereauxyeux-photo.fr\/wp-content\/uploads\/2023\/04\/DSC_7908-copie-1024x653.jpg\" alt=\"Troph\u00e9e Tourisme Endurance 2 avril 2023 circuit Val de Vienne Le Vigeant photographe De la lumi\u00e8re aux yeux\" width=\"1024\" height=\"653\" srcset=\"https:\/\/www.delalumiereauxyeux-photo.fr\/wp-content\/uploads\/2023\/04\/DSC_7908-copie-1024x653.jpg 1024w, https:\/\/www.delalumiereauxyeux-photo.fr\/wp-content\/uploads\/2023\/04\/DSC_7908-copie-300x191.jpg 300w, https:\/\/www.delalumiereauxyeux-photo.fr\/wp-content\/uploads\/2023\/04\/DSC_7908-copie-768x490.jpg 768w\" sizes=\"(max-width: 1024px) 100vw, 1024px\" \/><img loading=\"lazy\" decoding=\"async\" class=\"alignnone size-large wp-image-2710\" src=\"http:\/\/www.delalumiereauxyeux-photo.fr\/wp-content\/uploads\/2023\/04\/DSC_7935-copie-1024x784.jpg\" alt=\"Troph\u00e9e Tourisme Endurance 2 avril 2023 circuit Val de Vienne Le Vigeant photographe De la lumi\u00e8re aux yeux\" width=\"1024\" height=\"784\" srcset=\"https:\/\/www.delalumiereauxyeux-photo.fr\/wp-content\/uploads\/2023\/04\/DSC_7935-copie-1024x784.jpg 1024w, https:\/\/www.delalumiereauxyeux-photo.fr\/wp-content\/uploads\/2023\/04\/DSC_7935-copie-300x230.jpg 300w, https:\/\/www.delalumiereauxyeux-photo.fr\/wp-content\/uploads\/2023\/04\/DSC_7935-copie-768x588.jpg 768w\" sizes=\"(max-width: 1024px) 100vw, 1024px\" \/><img loading=\"lazy\" decoding=\"async\" class=\"alignnone size-large wp-image-2711\" src=\"http:\/\/www.delalumiereauxyeux-photo.fr\/wp-content\/uploads\/2023\/04\/DSC_7945-copie-1024x702.jpg\" alt=\"Troph\u00e9e Tourisme Endurance 2 avril 2023 circuit Val de Vienne Le Vigeant photographe De la lumi\u00e8re aux yeux\" width=\"1024\" height=\"702\" srcset=\"https:\/\/www.delalumiereauxyeux-photo.fr\/wp-content\/uploads\/2023\/04\/DSC_7945-copie-1024x702.jpg 1024w, https:\/\/www.delalumiereauxyeux-photo.fr\/wp-content\/uploads\/2023\/04\/DSC_7945-copie-300x206.jpg 300w, https:\/\/www.delalumiereauxyeux-photo.fr\/wp-content\/uploads\/2023\/04\/DSC_7945-copie-768x527.jpg 768w\" sizes=\"(max-width: 1024px) 100vw, 1024px\" \/><img loading=\"lazy\" decoding=\"async\" class=\"alignnone size-large wp-image-2712\" src=\"http:\/\/www.delalumiereauxyeux-photo.fr\/wp-content\/uploads\/2023\/04\/DSC_7966-copie-1024x768.jpg\" alt=\"Troph\u00e9e Tourisme Endurance 2 avril 2023 circuit Val de Vienne Le Vigeant photographe De la lumi\u00e8re aux yeux\" width=\"1024\" height=\"768\" srcset=\"https:\/\/www.delalumiereauxyeux-photo.fr\/wp-content\/uploads\/2023\/04\/DSC_7966-copie-1024x768.jpg 1024w, https:\/\/www.delalumiereauxyeux-photo.fr\/wp-content\/uploads\/2023\/04\/DSC_7966-copie-300x225.jpg 300w, https:\/\/www.delalumiereauxyeux-photo.fr\/wp-content\/uploads\/2023\/04\/DSC_7966-copie-768x576.jpg 768w\" sizes=\"(max-width: 1024px) 100vw, 1024px\" \/><img loading=\"lazy\" decoding=\"async\" class=\"alignnone size-large wp-image-2713\" src=\"http:\/\/www.delalumiereauxyeux-photo.fr\/wp-content\/uploads\/2023\/04\/DSC_7969-copie-1024x591.jpg\" alt=\"Troph\u00e9e Tourisme Endurance 2 avril 2023 circuit Val de Vienne Le Vigeant photographe De la lumi\u00e8re aux yeux\" width=\"1024\" height=\"591\" srcset=\"https:\/\/www.delalumiereauxyeux-photo.fr\/wp-content\/uploads\/2023\/04\/DSC_7969-copie-1024x591.jpg 1024w, https:\/\/www.delalumiereauxyeux-photo.fr\/wp-content\/uploads\/2023\/04\/DSC_7969-copie-300x173.jpg 300w, https:\/\/www.delalumiereauxyeux-photo.fr\/wp-content\/uploads\/2023\/04\/DSC_7969-copie-768x444.jpg 768w\" sizes=\"(max-width: 1024px) 100vw, 1024px\" \/><img loading=\"lazy\" decoding=\"async\" class=\"alignnone size-large wp-image-2714\" src=\"http:\/\/www.delalumiereauxyeux-photo.fr\/wp-content\/uploads\/2023\/04\/DSC_7987-copie-1024x813.jpg\" alt=\"Troph\u00e9e Tourisme Endurance 2 avril 2023 circuit Val de Vienne Le Vigeant photographe De la lumi\u00e8re aux yeux\" width=\"1024\" height=\"813\" srcset=\"https:\/\/www.delalumiereauxyeux-photo.fr\/wp-content\/uploads\/2023\/04\/DSC_7987-copie-1024x813.jpg 1024w, https:\/\/www.delalumiereauxyeux-photo.fr\/wp-content\/uploads\/2023\/04\/DSC_7987-copie-300x238.jpg 300w, https:\/\/www.delalumiereauxyeux-photo.fr\/wp-content\/uploads\/2023\/04\/DSC_7987-copie-768x609.jpg 768w\" sizes=\"(max-width: 1024px) 100vw, 1024px\" \/><img loading=\"lazy\" decoding=\"async\" class=\"alignnone size-large wp-image-2715\" src=\"http:\/\/www.delalumiereauxyeux-photo.fr\/wp-content\/uploads\/2023\/04\/DSC_7998-copie-1024x888.jpg\" alt=\"Troph\u00e9e Tourisme Endurance 2 avril 2023 circuit Val de Vienne Le Vigeant photographe De la lumi\u00e8re aux yeux\" width=\"1024\" height=\"888\" srcset=\"https:\/\/www.delalumiereauxyeux-photo.fr\/wp-content\/uploads\/2023\/04\/DSC_7998-copie-1024x888.jpg 1024w, https:\/\/www.delalumiereauxyeux-photo.fr\/wp-content\/uploads\/2023\/04\/DSC_7998-copie-300x260.jpg 300w, https:\/\/www.delalumiereauxyeux-photo.fr\/wp-content\/uploads\/2023\/04\/DSC_7998-copie-768x666.jpg 768w\" sizes=\"(max-width: 1024px) 100vw, 1024px\" \/><img loading=\"lazy\" decoding=\"async\" class=\"alignnone size-large wp-image-2716\" src=\"http:\/\/www.delalumiereauxyeux-photo.fr\/wp-content\/uploads\/2023\/04\/DSC_8032-copie-1024x800.jpg\" alt=\"Troph\u00e9e Tourisme Endurance 2 avril 2023 circuit Val de Vienne Le Vigeant photographe De la lumi\u00e8re aux yeux\" width=\"1024\" height=\"800\" srcset=\"https:\/\/www.delalumiereauxyeux-photo.fr\/wp-content\/uploads\/2023\/04\/DSC_8032-copie-1024x800.jpg 1024w, https:\/\/www.delalumiereauxyeux-photo.fr\/wp-content\/uploads\/2023\/04\/DSC_8032-copie-300x234.jpg 300w, https:\/\/www.delalumiereauxyeux-photo.fr\/wp-content\/uploads\/2023\/04\/DSC_8032-copie-768x600.jpg 768w\" sizes=\"(max-width: 1024px) 100vw, 1024px\" \/><img loading=\"lazy\" decoding=\"async\" class=\"alignnone size-large wp-image-2717\" src=\"http:\/\/www.delalumiereauxyeux-photo.fr\/wp-content\/uploads\/2023\/04\/DSC_8045-copie-1024x607.jpg\" alt=\"Troph\u00e9e Tourisme Endurance 2 avril 2023 circuit Val de Vienne Le Vigeant photographe De la lumi\u00e8re aux yeux\" width=\"1024\" height=\"607\" srcset=\"https:\/\/www.delalumiereauxyeux-photo.fr\/wp-content\/uploads\/2023\/04\/DSC_8045-copie-1024x607.jpg 1024w, https:\/\/www.delalumiereauxyeux-photo.fr\/wp-content\/uploads\/2023\/04\/DSC_8045-copie-300x178.jpg 300w, https:\/\/www.delalumiereauxyeux-photo.fr\/wp-content\/uploads\/2023\/04\/DSC_8045-copie-768x455.jpg 768w\" sizes=\"(max-width: 1024px) 100vw, 1024px\" \/><img loading=\"lazy\" decoding=\"async\" class=\"alignnone size-large wp-image-2718\" src=\"http:\/\/www.delalumiereauxyeux-photo.fr\/wp-content\/uploads\/2023\/04\/DSC_8054-copie-1024x683.jpg\" alt=\"Troph\u00e9e Tourisme Endurance 2 avril 2023 circuit Val de Vienne Le Vigeant photographe De la lumi\u00e8re aux yeux\" width=\"1024\" height=\"683\" srcset=\"https:\/\/www.delalumiereauxyeux-photo.fr\/wp-content\/uploads\/2023\/04\/DSC_8054-copie-1024x683.jpg 1024w, https:\/\/www.delalumiereauxyeux-photo.fr\/wp-content\/uploads\/2023\/04\/DSC_8054-copie-300x200.jpg 300w, https:\/\/www.delalumiereauxyeux-photo.fr\/wp-content\/uploads\/2023\/04\/DSC_8054-copie-768x512.jpg 768w\" sizes=\"(max-width: 1024px) 100vw, 1024px\" \/><img loading=\"lazy\" decoding=\"async\" class=\"alignnone size-large wp-image-2719\" src=\"http:\/\/www.delalumiereauxyeux-photo.fr\/wp-content\/uploads\/2023\/04\/DSC_8054-2-copie-1024x590.jpg\" alt=\"Troph\u00e9e Tourisme Endurance 2 avril 2023 circuit Val de Vienne Le Vigeant photographe De la lumi\u00e8re aux yeux\" width=\"1024\" height=\"590\" srcset=\"https:\/\/www.delalumiereauxyeux-photo.fr\/wp-content\/uploads\/2023\/04\/DSC_8054-2-copie-1024x590.jpg 1024w, https:\/\/www.delalumiereauxyeux-photo.fr\/wp-content\/uploads\/2023\/04\/DSC_8054-2-copie-300x173.jpg 300w, https:\/\/www.delalumiereauxyeux-photo.fr\/wp-content\/uploads\/2023\/04\/DSC_8054-2-copie-768x443.jpg 768w\" sizes=\"(max-width: 1024px) 100vw, 1024px\" \/><img loading=\"lazy\" decoding=\"async\" class=\"alignnone size-large wp-image-2720\" src=\"http:\/\/www.delalumiereauxyeux-photo.fr\/wp-content\/uploads\/2023\/04\/DSC_8065-copie-1024x868.jpg\" alt=\"Troph\u00e9e Tourisme Endurance 2 avril 2023 circuit Val de Vienne Le Vigeant photographe De la lumi\u00e8re aux yeux\" width=\"1024\" height=\"868\" srcset=\"https:\/\/www.delalumiereauxyeux-photo.fr\/wp-content\/uploads\/2023\/04\/DSC_8065-copie-1024x868.jpg 1024w, https:\/\/www.delalumiereauxyeux-photo.fr\/wp-content\/uploads\/2023\/04\/DSC_8065-copie-300x254.jpg 300w, https:\/\/www.delalumiereauxyeux-photo.fr\/wp-content\/uploads\/2023\/04\/DSC_8065-copie-768x651.jpg 768w\" sizes=\"(max-width: 1024px) 100vw, 1024px\" \/><img loading=\"lazy\" decoding=\"async\" class=\"alignnone size-large wp-image-2721\" src=\"http:\/\/www.delalumiereauxyeux-photo.fr\/wp-content\/uploads\/2023\/04\/DSC_8081-copie-1024x657.jpg\" alt=\"Troph\u00e9e Tourisme Endurance 2 avril 2023 circuit Val de Vienne Le Vigeant photographe De la lumi\u00e8re aux yeux\" width=\"1024\" height=\"657\" srcset=\"https:\/\/www.delalumiereauxyeux-photo.fr\/wp-content\/uploads\/2023\/04\/DSC_8081-copie-1024x657.jpg 1024w, https:\/\/www.delalumiereauxyeux-photo.fr\/wp-content\/uploads\/2023\/04\/DSC_8081-copie-300x192.jpg 300w, https:\/\/www.delalumiereauxyeux-photo.fr\/wp-content\/uploads\/2023\/04\/DSC_8081-copie-768x492.jpg 768w\" sizes=\"(max-width: 1024px) 100vw, 1024px\" \/><img loading=\"lazy\" decoding=\"async\" class=\"alignnone size-large wp-image-2722\" src=\"http:\/\/www.delalumiereauxyeux-photo.fr\/wp-content\/uploads\/2023\/04\/DSC_8087-copie-1024x672.jpg\" alt=\"Troph\u00e9e Tourisme Endurance 2 avril 2023 circuit Val de Vienne Le Vigeant photographe De la lumi\u00e8re aux yeux\" width=\"1024\" height=\"672\" srcset=\"https:\/\/www.delalumiereauxyeux-photo.fr\/wp-content\/uploads\/2023\/04\/DSC_8087-copie-1024x672.jpg 1024w, https:\/\/www.delalumiereauxyeux-photo.fr\/wp-content\/uploads\/2023\/04\/DSC_8087-copie-300x197.jpg 300w, https:\/\/www.delalumiereauxyeux-photo.fr\/wp-content\/uploads\/2023\/04\/DSC_8087-copie-768x504.jpg 768w\" sizes=\"(max-width: 1024px) 100vw, 1024px\" \/><img loading=\"lazy\" decoding=\"async\" class=\"alignnone size-large wp-image-2723\" src=\"http:\/\/www.delalumiereauxyeux-photo.fr\/wp-content\/uploads\/2023\/04\/DSC_8097-copie-1024x618.jpg\" alt=\"Troph\u00e9e Tourisme Endurance 2 avril 2023 circuit Val de Vienne Le Vigeant photographe De la lumi\u00e8re aux yeux\" width=\"1024\" height=\"618\" srcset=\"https:\/\/www.delalumiereauxyeux-photo.fr\/wp-content\/uploads\/2023\/04\/DSC_8097-copie-1024x618.jpg 1024w, https:\/\/www.delalumiereauxyeux-photo.fr\/wp-content\/uploads\/2023\/04\/DSC_8097-copie-300x181.jpg 300w, https:\/\/www.delalumiereauxyeux-photo.fr\/wp-content\/uploads\/2023\/04\/DSC_8097-copie-768x464.jpg 768w\" sizes=\"(max-width: 1024px) 100vw, 1024px\" \/><\/p>\n<p>Cet effet sur la photo, on dirait une voiture miniature \ud83d\ude42<img loading=\"lazy\" decoding=\"async\" class=\"alignnone size-large wp-image-2724\" src=\"http:\/\/www.delalumiereauxyeux-photo.fr\/wp-content\/uploads\/2023\/04\/DSC_8104-copie-1024x670.jpg\" alt=\"Troph\u00e9e Tourisme Endurance 2 avril 2023 circuit Val de Vienne Le Vigeant photographe De la lumi\u00e8re aux yeux\" width=\"1024\" height=\"670\" srcset=\"https:\/\/www.delalumiereauxyeux-photo.fr\/wp-content\/uploads\/2023\/04\/DSC_8104-copie-1024x670.jpg 1024w, https:\/\/www.delalumiereauxyeux-photo.fr\/wp-content\/uploads\/2023\/04\/DSC_8104-copie-300x196.jpg 300w, https:\/\/www.delalumiereauxyeux-photo.fr\/wp-content\/uploads\/2023\/04\/DSC_8104-copie-768x503.jpg 768w\" sizes=\"(max-width: 1024px) 100vw, 1024px\" \/><\/p>\n<p>Pour couvrir ses arri\u00e8res, il faut toujours regarder dans son r\u00e9troviseur!<img loading=\"lazy\" decoding=\"async\" class=\"alignnone size-large wp-image-2728\" src=\"http:\/\/www.delalumiereauxyeux-photo.fr\/wp-content\/uploads\/2023\/04\/DSC_8283-copie-1024x417.jpg\" alt=\"Troph\u00e9e Tourisme Endurance 2 avril 2023 circuit Val de Vienne Le Vigeant photographe De la lumi\u00e8re aux yeux\" width=\"1024\" height=\"417\" srcset=\"https:\/\/www.delalumiereauxyeux-photo.fr\/wp-content\/uploads\/2023\/04\/DSC_8283-copie-1024x417.jpg 1024w, https:\/\/www.delalumiereauxyeux-photo.fr\/wp-content\/uploads\/2023\/04\/DSC_8283-copie-300x122.jpg 300w, https:\/\/www.delalumiereauxyeux-photo.fr\/wp-content\/uploads\/2023\/04\/DSC_8283-copie-768x313.jpg 768w\" sizes=\"(max-width: 1024px) 100vw, 1024px\" \/><\/p>\n<p>Changement de pilote<img loading=\"lazy\" decoding=\"async\" class=\"alignnone size-large wp-image-2725\" src=\"http:\/\/www.delalumiereauxyeux-photo.fr\/wp-content\/uploads\/2023\/04\/DSC_8138-copie-1024x720.jpg\" alt=\"Troph\u00e9e Tourisme Endurance 2 avril 2023 circuit Val de Vienne Le Vigeant photographe De la lumi\u00e8re aux yeux\" width=\"1024\" height=\"720\" srcset=\"https:\/\/www.delalumiereauxyeux-photo.fr\/wp-content\/uploads\/2023\/04\/DSC_8138-copie-1024x720.jpg 1024w, https:\/\/www.delalumiereauxyeux-photo.fr\/wp-content\/uploads\/2023\/04\/DSC_8138-copie-300x211.jpg 300w, https:\/\/www.delalumiereauxyeux-photo.fr\/wp-content\/uploads\/2023\/04\/DSC_8138-copie-768x540.jpg 768w\" sizes=\"(max-width: 1024px) 100vw, 1024px\" \/><img loading=\"lazy\" decoding=\"async\" class=\"alignnone size-large wp-image-2726\" src=\"http:\/\/www.delalumiereauxyeux-photo.fr\/wp-content\/uploads\/2023\/04\/DSC_8144-copie-1024x472.jpg\" alt=\"Troph\u00e9e Tourisme Endurance 2 avril 2023 circuit Val de Vienne Le Vigeant photographe De la lumi\u00e8re aux yeux\" width=\"1024\" height=\"472\" srcset=\"https:\/\/www.delalumiereauxyeux-photo.fr\/wp-content\/uploads\/2023\/04\/DSC_8144-copie-1024x472.jpg 1024w, https:\/\/www.delalumiereauxyeux-photo.fr\/wp-content\/uploads\/2023\/04\/DSC_8144-copie-300x138.jpg 300w, https:\/\/www.delalumiereauxyeux-photo.fr\/wp-content\/uploads\/2023\/04\/DSC_8144-copie-768x354.jpg 768w\" sizes=\"(max-width: 1024px) 100vw, 1024px\" \/><img loading=\"lazy\" decoding=\"async\" class=\"alignnone size-large wp-image-2630\" src=\"http:\/\/www.delalumiereauxyeux-photo.fr\/wp-content\/uploads\/2023\/04\/DSC_0032-copie-1024x640.jpg\" alt=\"Troph\u00e9e Tourisme Endurance 2 avril 2023 circuit Val de Vienne Le Vigeant photographe De la lumi\u00e8re aux yeux\" width=\"1024\" height=\"640\" srcset=\"https:\/\/www.delalumiereauxyeux-photo.fr\/wp-content\/uploads\/2023\/04\/DSC_0032-copie-1024x640.jpg 1024w, https:\/\/www.delalumiereauxyeux-photo.fr\/wp-content\/uploads\/2023\/04\/DSC_0032-copie-300x187.jpg 300w, https:\/\/www.delalumiereauxyeux-photo.fr\/wp-content\/uploads\/2023\/04\/DSC_0032-copie-768x480.jpg 768w\" sizes=\"(max-width: 1024px) 100vw, 1024px\" \/><img loading=\"lazy\" decoding=\"async\" class=\"alignnone size-large wp-image-2631\" src=\"http:\/\/www.delalumiereauxyeux-photo.fr\/wp-content\/uploads\/2023\/04\/DSC_0034-copie-1024x685.jpg\" alt=\"Troph\u00e9e Tourisme Endurance 2 avril 2023 circuit Val de Vienne Le Vigeant photographe De la lumi\u00e8re aux yeux\" width=\"1024\" height=\"685\" srcset=\"https:\/\/www.delalumiereauxyeux-photo.fr\/wp-content\/uploads\/2023\/04\/DSC_0034-copie-1024x685.jpg 1024w, https:\/\/www.delalumiereauxyeux-photo.fr\/wp-content\/uploads\/2023\/04\/DSC_0034-copie-300x201.jpg 300w, https:\/\/www.delalumiereauxyeux-photo.fr\/wp-content\/uploads\/2023\/04\/DSC_0034-copie-768x514.jpg 768w\" sizes=\"(max-width: 1024px) 100vw, 1024px\" \/><\/p>\n<p>Merci \u00e0 Michel, Alex et Jean-Michel pour leur accueil!<img loading=\"lazy\" decoding=\"async\" class=\"alignnone size-large wp-image-2641\" src=\"http:\/\/www.delalumiereauxyeux-photo.fr\/wp-content\/uploads\/2023\/04\/DSC_0121-copie-1024x683.jpg\" alt=\"Troph\u00e9e Tourisme Endurance 2 avril 2023 circuit Val de Vienne Le Vigeant photographe De la lumi\u00e8re aux yeux\" width=\"1024\" height=\"683\" srcset=\"https:\/\/www.delalumiereauxyeux-photo.fr\/wp-content\/uploads\/2023\/04\/DSC_0121-copie-1024x683.jpg 1024w, https:\/\/www.delalumiereauxyeux-photo.fr\/wp-content\/uploads\/2023\/04\/DSC_0121-copie-300x200.jpg 300w, https:\/\/www.delalumiereauxyeux-photo.fr\/wp-content\/uploads\/2023\/04\/DSC_0121-copie-768x512.jpg 768w\" sizes=\"(max-width: 1024px) 100vw, 1024px\" \/><img loading=\"lazy\" decoding=\"async\" class=\"alignnone size-large wp-image-2642\" src=\"http:\/\/www.delalumiereauxyeux-photo.fr\/wp-content\/uploads\/2023\/04\/DSC_0124-2-copie-1024x938.jpg\" alt=\"Troph\u00e9e Tourisme Endurance 2 avril 2023 circuit Val de Vienne Le Vigeant photographe De la lumi\u00e8re aux yeux\" width=\"1024\" height=\"938\" srcset=\"https:\/\/www.delalumiereauxyeux-photo.fr\/wp-content\/uploads\/2023\/04\/DSC_0124-2-copie-1024x938.jpg 1024w, https:\/\/www.delalumiereauxyeux-photo.fr\/wp-content\/uploads\/2023\/04\/DSC_0124-2-copie-300x275.jpg 300w, https:\/\/www.delalumiereauxyeux-photo.fr\/wp-content\/uploads\/2023\/04\/DSC_0124-2-copie-768x704.jpg 768w\" sizes=\"(max-width: 1024px) 100vw, 1024px\" \/><\/p>\n<p><img loading=\"lazy\" decoding=\"async\" class=\"alignnone size-large wp-image-2651\" src=\"http:\/\/www.delalumiereauxyeux-photo.fr\/wp-content\/uploads\/2023\/04\/DSC_0163-copie-1024x678.jpg\" alt=\"Troph\u00e9e Tourisme Endurance 2 avril 2023 circuit Val de Vienne Le Vigeant photographe De la lumi\u00e8re aux yeux\" width=\"1024\" height=\"678\" srcset=\"https:\/\/www.delalumiereauxyeux-photo.fr\/wp-content\/uploads\/2023\/04\/DSC_0163-copie-1024x678.jpg 1024w, https:\/\/www.delalumiereauxyeux-photo.fr\/wp-content\/uploads\/2023\/04\/DSC_0163-copie-300x199.jpg 300w, https:\/\/www.delalumiereauxyeux-photo.fr\/wp-content\/uploads\/2023\/04\/DSC_0163-copie-768x509.jpg 768w\" sizes=\"(max-width: 1024px) 100vw, 1024px\" \/><img loading=\"lazy\" decoding=\"async\" class=\"alignnone size-large wp-image-2632\" src=\"http:\/\/www.delalumiereauxyeux-photo.fr\/wp-content\/uploads\/2023\/04\/DSC_0038-2-copie-1024x730.jpg\" alt=\"Troph\u00e9e Tourisme Endurance 2 avril 2023 circuit Val de Vienne Le Vigeant photographe De la lumi\u00e8re aux yeux\" width=\"1024\" height=\"730\" srcset=\"https:\/\/www.delalumiereauxyeux-photo.fr\/wp-content\/uploads\/2023\/04\/DSC_0038-2-copie-1024x730.jpg 1024w, https:\/\/www.delalumiereauxyeux-photo.fr\/wp-content\/uploads\/2023\/04\/DSC_0038-2-copie-300x214.jpg 300w, https:\/\/www.delalumiereauxyeux-photo.fr\/wp-content\/uploads\/2023\/04\/DSC_0038-2-copie-768x548.jpg 768w\" sizes=\"(max-width: 1024px) 100vw, 1024px\" \/><\/p>\n<p><img loading=\"lazy\" decoding=\"async\" class=\"alignnone size-large wp-image-2734\" src=\"http:\/\/www.delalumiereauxyeux-photo.fr\/wp-content\/uploads\/2023\/04\/DSC_8378-copie-1024x892.jpg\" alt=\"Troph\u00e9e Tourisme Endurance 2 avril 2023 circuit Val de Vienne Le Vigeant photographe De la lumi\u00e8re aux yeux\" width=\"1024\" height=\"892\" srcset=\"https:\/\/www.delalumiereauxyeux-photo.fr\/wp-content\/uploads\/2023\/04\/DSC_8378-copie-1024x892.jpg 1024w, https:\/\/www.delalumiereauxyeux-photo.fr\/wp-content\/uploads\/2023\/04\/DSC_8378-copie-300x261.jpg 300w, https:\/\/www.delalumiereauxyeux-photo.fr\/wp-content\/uploads\/2023\/04\/DSC_8378-copie-768x669.jpg 768w\" sizes=\"(max-width: 1024px) 100vw, 1024px\" \/><img loading=\"lazy\" decoding=\"async\" class=\"alignnone size-large wp-image-2633\" src=\"http:\/\/www.delalumiereauxyeux-photo.fr\/wp-content\/uploads\/2023\/04\/DSC_0049-copie-1024x683.jpg\" alt=\"Troph\u00e9e Tourisme Endurance 2 avril 2023 circuit Val de Vienne Le Vigeant photographe De la lumi\u00e8re aux yeux\" width=\"1024\" height=\"683\" srcset=\"https:\/\/www.delalumiereauxyeux-photo.fr\/wp-content\/uploads\/2023\/04\/DSC_0049-copie-1024x683.jpg 1024w, https:\/\/www.delalumiereauxyeux-photo.fr\/wp-content\/uploads\/2023\/04\/DSC_0049-copie-300x200.jpg 300w, https:\/\/www.delalumiereauxyeux-photo.fr\/wp-content\/uploads\/2023\/04\/DSC_0049-copie-768x512.jpg 768w\" sizes=\"(max-width: 1024px) 100vw, 1024px\" \/><\/p>\n<p><img loading=\"lazy\" decoding=\"async\" class=\"alignnone size-large wp-image-2729\" src=\"http:\/\/www.delalumiereauxyeux-photo.fr\/wp-content\/uploads\/2023\/04\/DSC_8304-copie-1024x655.jpg\" alt=\"Troph\u00e9e Tourisme Endurance 2 avril 2023 circuit Val de Vienne Le Vigeant photographe De la lumi\u00e8re aux yeux\" width=\"1024\" height=\"655\" srcset=\"https:\/\/www.delalumiereauxyeux-photo.fr\/wp-content\/uploads\/2023\/04\/DSC_8304-copie-1024x655.jpg 1024w, https:\/\/www.delalumiereauxyeux-photo.fr\/wp-content\/uploads\/2023\/04\/DSC_8304-copie-300x192.jpg 300w, https:\/\/www.delalumiereauxyeux-photo.fr\/wp-content\/uploads\/2023\/04\/DSC_8304-copie-768x491.jpg 768w\" sizes=\"(max-width: 1024px) 100vw, 1024px\" \/><img loading=\"lazy\" decoding=\"async\" class=\"alignnone size-large wp-image-2733\" src=\"http:\/\/www.delalumiereauxyeux-photo.fr\/wp-content\/uploads\/2023\/04\/DSC_8348-copie-1024x504.jpg\" alt=\"\u00a9 Tous droits r\u00e9serv\u00e9s 2023 Les photos sont disponibles \u00e0 l'achat au format num\u00e9rique&nbsp;Contact - De la lumi\u00e8re aux yeux (delalumiereauxyeux-photo.fr) Merci \u00e0 Martine, ainsi qu'\u00e0 toutes les personnes que j'ai pu rencontrer cette journ\u00e9e! Si vous souhaitez une prestation photos, contactez-moi. Vous pouvez \u00e9galement m'envoyer vos noms, pr\u00e9noms, voiture(s), dates et lieux o\u00f9 vous serez en 2023&nbsp;Contact - De la lumi\u00e8re aux yeux (delalumiereauxyeux-photo.fr) ! Vous pouvez \u00e9galement me laisser vos commentaire sur cet article. A bient\u00f4t! :-) Ang\u00e9lique. Vous pouvez me retrouver sur : Facebook&nbsp;Delalumi\u00e8reauxyeux Photographe | Erceville | Facebook Instagram&nbsp;Angie (@angiephoto28) \u2022 Photos et vid\u00e9os Instagram site www.delalumiereauxyeux.fr Les photos sont compress\u00e9es pour le blog et n'ont pas leur qualit\u00e9 optimale.\" width=\"1024\" height=\"504\" srcset=\"https:\/\/www.delalumiereauxyeux-photo.fr\/wp-content\/uploads\/2023\/04\/DSC_8348-copie-1024x504.jpg 1024w, https:\/\/www.delalumiereauxyeux-photo.fr\/wp-content\/uploads\/2023\/04\/DSC_8348-copie-300x148.jpg 300w, https:\/\/www.delalumiereauxyeux-photo.fr\/wp-content\/uploads\/2023\/04\/DSC_8348-copie-768x378.jpg 768w\" sizes=\"(max-width: 1024px) 100vw, 1024px\" \/><img loading=\"lazy\" decoding=\"async\" class=\"alignnone size-large wp-image-2735\" src=\"http:\/\/www.delalumiereauxyeux-photo.fr\/wp-content\/uploads\/2023\/04\/DSC_8395-copie-1024x556.jpg\" alt=\"\u00a9 Tous droits r\u00e9serv\u00e9s 2023 Les photos sont disponibles \u00e0 l'achat au format num\u00e9rique&nbsp;Contact - De la lumi\u00e8re aux yeux (delalumiereauxyeux-photo.fr) Merci \u00e0 Martine, ainsi qu'\u00e0 toutes les personnes que j'ai pu rencontrer cette journ\u00e9e! Si vous souhaitez une prestation photos, contactez-moi. Vous pouvez \u00e9galement m'envoyer vos noms, pr\u00e9noms, voiture(s), dates et lieux o\u00f9 vous serez en 2023&nbsp;Contact - De la lumi\u00e8re aux yeux (delalumiereauxyeux-photo.fr) ! Vous pouvez \u00e9galement me laisser vos commentaire sur cet article. A bient\u00f4t! :-) Ang\u00e9lique. Vous pouvez me retrouver sur : Facebook&nbsp;Delalumi\u00e8reauxyeux Photographe | Erceville | Facebook Instagram&nbsp;Angie (@angiephoto28) \u2022 Photos et vid\u00e9os Instagram site www.delalumiereauxyeux.fr Les photos sont compress\u00e9es pour le blog et n'ont pas leur qualit\u00e9 optimale.\" width=\"1024\" height=\"556\" srcset=\"https:\/\/www.delalumiereauxyeux-photo.fr\/wp-content\/uploads\/2023\/04\/DSC_8395-copie-1024x556.jpg 1024w, https:\/\/www.delalumiereauxyeux-photo.fr\/wp-content\/uploads\/2023\/04\/DSC_8395-copie-300x163.jpg 300w, https:\/\/www.delalumiereauxyeux-photo.fr\/wp-content\/uploads\/2023\/04\/DSC_8395-copie-768x417.jpg 768w\" sizes=\"(max-width: 1024px) 100vw, 1024px\" \/><img loading=\"lazy\" decoding=\"async\" class=\"alignnone size-large wp-image-2736\" src=\"http:\/\/www.delalumiereauxyeux-photo.fr\/wp-content\/uploads\/2023\/04\/DSC_8398-copie-1024x683.jpg\" alt=\"\u00a9 Tous droits r\u00e9serv\u00e9s 2023 Les photos sont disponibles \u00e0 l'achat au format num\u00e9rique&nbsp;Contact - De la lumi\u00e8re aux yeux (delalumiereauxyeux-photo.fr) Merci \u00e0 Martine, ainsi qu'\u00e0 toutes les personnes que j'ai pu rencontrer cette journ\u00e9e! Si vous souhaitez une prestation photos, contactez-moi. Vous pouvez \u00e9galement m'envoyer vos noms, pr\u00e9noms, voiture(s), dates et lieux o\u00f9 vous serez en 2023&nbsp;Contact - De la lumi\u00e8re aux yeux (delalumiereauxyeux-photo.fr) ! Vous pouvez \u00e9galement me laisser vos commentaire sur cet article. A bient\u00f4t! :-) Ang\u00e9lique. Vous pouvez me retrouver sur : Facebook&nbsp;Delalumi\u00e8reauxyeux Photographe | Erceville | Facebook Instagram&nbsp;Angie (@angiephoto28) \u2022 Photos et vid\u00e9os Instagram site www.delalumiereauxyeux.fr Les photos sont compress\u00e9es pour le blog et n'ont pas leur qualit\u00e9 optimale.\" width=\"1024\" height=\"683\" srcset=\"https:\/\/www.delalumiereauxyeux-photo.fr\/wp-content\/uploads\/2023\/04\/DSC_8398-copie-1024x683.jpg 1024w, https:\/\/www.delalumiereauxyeux-photo.fr\/wp-content\/uploads\/2023\/04\/DSC_8398-copie-300x200.jpg 300w, https:\/\/www.delalumiereauxyeux-photo.fr\/wp-content\/uploads\/2023\/04\/DSC_8398-copie-768x512.jpg 768w\" sizes=\"(max-width: 1024px) 100vw, 1024px\" \/><img loading=\"lazy\" decoding=\"async\" class=\"alignnone size-large wp-image-2737\" src=\"http:\/\/www.delalumiereauxyeux-photo.fr\/wp-content\/uploads\/2023\/04\/DSC_8429-copie-1024x683.jpg\" alt=\"\u00a9 Tous droits r\u00e9serv\u00e9s 2023 Les photos sont disponibles \u00e0 l'achat au format num\u00e9rique&nbsp;Contact - De la lumi\u00e8re aux yeux (delalumiereauxyeux-photo.fr) Merci \u00e0 Martine, ainsi qu'\u00e0 toutes les personnes que j'ai pu rencontrer cette journ\u00e9e! Si vous souhaitez une prestation photos, contactez-moi. Vous pouvez \u00e9galement m'envoyer vos noms, pr\u00e9noms, voiture(s), dates et lieux o\u00f9 vous serez en 2023&nbsp;Contact - De la lumi\u00e8re aux yeux (delalumiereauxyeux-photo.fr) ! Vous pouvez \u00e9galement me laisser vos commentaire sur cet article. A bient\u00f4t! :-) Ang\u00e9lique. Vous pouvez me retrouver sur : Facebook&nbsp;Delalumi\u00e8reauxyeux Photographe | Erceville | Facebook Instagram&nbsp;Angie (@angiephoto28) \u2022 Photos et vid\u00e9os Instagram site www.delalumiereauxyeux.fr Les photos sont compress\u00e9es pour le blog et n'ont pas leur qualit\u00e9 optimale.\" width=\"1024\" height=\"683\" srcset=\"https:\/\/www.delalumiereauxyeux-photo.fr\/wp-content\/uploads\/2023\/04\/DSC_8429-copie-1024x683.jpg 1024w, https:\/\/www.delalumiereauxyeux-photo.fr\/wp-content\/uploads\/2023\/04\/DSC_8429-copie-300x200.jpg 300w, https:\/\/www.delalumiereauxyeux-photo.fr\/wp-content\/uploads\/2023\/04\/DSC_8429-copie-768x512.jpg 768w\" sizes=\"(max-width: 1024px) 100vw, 1024px\" \/><img loading=\"lazy\" decoding=\"async\" class=\"alignnone size-large wp-image-2738\" src=\"http:\/\/www.delalumiereauxyeux-photo.fr\/wp-content\/uploads\/2023\/04\/DSC_8437-copie-1024x653.jpg\" alt=\"\u00a9 Tous droits r\u00e9serv\u00e9s 2023 Les photos sont disponibles \u00e0 l'achat au format num\u00e9rique&nbsp;Contact - De la lumi\u00e8re aux yeux (delalumiereauxyeux-photo.fr) Merci \u00e0 Martine, ainsi qu'\u00e0 toutes les personnes que j'ai pu rencontrer cette journ\u00e9e! Si vous souhaitez une prestation photos, contactez-moi. Vous pouvez \u00e9galement m'envoyer vos noms, pr\u00e9noms, voiture(s), dates et lieux o\u00f9 vous serez en 2023&nbsp;Contact - De la lumi\u00e8re aux yeux (delalumiereauxyeux-photo.fr) ! Vous pouvez \u00e9galement me laisser vos commentaire sur cet article. A bient\u00f4t! :-) Ang\u00e9lique. Vous pouvez me retrouver sur : Facebook&nbsp;Delalumi\u00e8reauxyeux Photographe | Erceville | Facebook Instagram&nbsp;Angie (@angiephoto28) \u2022 Photos et vid\u00e9os Instagram site www.delalumiereauxyeux.fr Les photos sont compress\u00e9es pour le blog et n'ont pas leur qualit\u00e9 optimale.\" width=\"1024\" height=\"653\" srcset=\"https:\/\/www.delalumiereauxyeux-photo.fr\/wp-content\/uploads\/2023\/04\/DSC_8437-copie-1024x653.jpg 1024w, https:\/\/www.delalumiereauxyeux-photo.fr\/wp-content\/uploads\/2023\/04\/DSC_8437-copie-300x191.jpg 300w, https:\/\/www.delalumiereauxyeux-photo.fr\/wp-content\/uploads\/2023\/04\/DSC_8437-copie-768x490.jpg 768w\" sizes=\"(max-width: 1024px) 100vw, 1024px\" \/><\/p>\n<p>Quelques podiums, bravo messieurs!<img loading=\"lazy\" decoding=\"async\" class=\"alignnone size-large wp-image-2730\" src=\"http:\/\/www.delalumiereauxyeux-photo.fr\/wp-content\/uploads\/2023\/04\/DSC_8308-copie-982x1024.jpg\" alt=\"Troph\u00e9e Tourisme Endurance 2 avril 2023 circuit Val de Vienne Le Vigeant photographe De la lumi\u00e8re aux yeux\" width=\"982\" height=\"1024\" srcset=\"https:\/\/www.delalumiereauxyeux-photo.fr\/wp-content\/uploads\/2023\/04\/DSC_8308-copie-982x1024.jpg 982w, https:\/\/www.delalumiereauxyeux-photo.fr\/wp-content\/uploads\/2023\/04\/DSC_8308-copie-288x300.jpg 288w, https:\/\/www.delalumiereauxyeux-photo.fr\/wp-content\/uploads\/2023\/04\/DSC_8308-copie-768x801.jpg 768w\" sizes=\"(max-width: 982px) 100vw, 982px\" \/><img loading=\"lazy\" decoding=\"async\" class=\"alignnone size-large wp-image-2731\" src=\"http:\/\/www.delalumiereauxyeux-photo.fr\/wp-content\/uploads\/2023\/04\/DSC_8312-copie-1024x843.jpg\" alt=\"Troph\u00e9e Tourisme Endurance 2 avril 2023 circuit Val de Vienne Le Vigeant photographe De la lumi\u00e8re aux yeux\" width=\"1024\" height=\"843\" srcset=\"https:\/\/www.delalumiereauxyeux-photo.fr\/wp-content\/uploads\/2023\/04\/DSC_8312-copie-1024x843.jpg 1024w, https:\/\/www.delalumiereauxyeux-photo.fr\/wp-content\/uploads\/2023\/04\/DSC_8312-copie-300x247.jpg 300w, https:\/\/www.delalumiereauxyeux-photo.fr\/wp-content\/uploads\/2023\/04\/DSC_8312-copie-768x632.jpg 768w\" sizes=\"(max-width: 1024px) 100vw, 1024px\" \/><img loading=\"lazy\" decoding=\"async\" class=\"alignnone size-large wp-image-2634\" src=\"http:\/\/www.delalumiereauxyeux-photo.fr\/wp-content\/uploads\/2023\/04\/DSC_0060-copie-852x1024.jpg\" alt=\"Troph\u00e9e Tourisme Endurance 2 avril 2023 circuit Val de Vienne Le Vigeant photographe De la lumi\u00e8re aux yeux\" width=\"852\" height=\"1024\" srcset=\"https:\/\/www.delalumiereauxyeux-photo.fr\/wp-content\/uploads\/2023\/04\/DSC_0060-copie-852x1024.jpg 852w, https:\/\/www.delalumiereauxyeux-photo.fr\/wp-content\/uploads\/2023\/04\/DSC_0060-copie-250x300.jpg 250w, https:\/\/www.delalumiereauxyeux-photo.fr\/wp-content\/uploads\/2023\/04\/DSC_0060-copie-768x923.jpg 768w\" sizes=\"(max-width: 852px) 100vw, 852px\" \/><img loading=\"lazy\" decoding=\"async\" class=\"alignnone size-large wp-image-2739\" src=\"http:\/\/www.delalumiereauxyeux-photo.fr\/wp-content\/uploads\/2023\/04\/DSC_8441-copie-1024x648.jpg\" alt=\"Troph\u00e9e Tourisme Endurance 2 avril 2023 circuit Val de Vienne Le Vigeant photographe De la lumi\u00e8re aux yeux\" width=\"1024\" height=\"648\" srcset=\"https:\/\/www.delalumiereauxyeux-photo.fr\/wp-content\/uploads\/2023\/04\/DSC_8441-copie-1024x648.jpg 1024w, https:\/\/www.delalumiereauxyeux-photo.fr\/wp-content\/uploads\/2023\/04\/DSC_8441-copie-300x190.jpg 300w, https:\/\/www.delalumiereauxyeux-photo.fr\/wp-content\/uploads\/2023\/04\/DSC_8441-copie-768x486.jpg 768w\" sizes=\"(max-width: 1024px) 100vw, 1024px\" \/><img loading=\"lazy\" decoding=\"async\" class=\"alignnone size-large wp-image-2740\" src=\"http:\/\/www.delalumiereauxyeux-photo.fr\/wp-content\/uploads\/2023\/04\/DSC_8443-copie-1024x771.jpg\" alt=\"Troph\u00e9e Tourisme Endurance 2 avril 2023 circuit Val de Vienne Le Vigeant photographe De la lumi\u00e8re aux yeux\" width=\"1024\" height=\"771\" srcset=\"https:\/\/www.delalumiereauxyeux-photo.fr\/wp-content\/uploads\/2023\/04\/DSC_8443-copie-1024x771.jpg 1024w, https:\/\/www.delalumiereauxyeux-photo.fr\/wp-content\/uploads\/2023\/04\/DSC_8443-copie-300x226.jpg 300w, https:\/\/www.delalumiereauxyeux-photo.fr\/wp-content\/uploads\/2023\/04\/DSC_8443-copie-768x578.jpg 768w\" sizes=\"(max-width: 1024px) 100vw, 1024px\" \/><img loading=\"lazy\" decoding=\"async\" class=\"alignnone size-large wp-image-2741\" src=\"http:\/\/www.delalumiereauxyeux-photo.fr\/wp-content\/uploads\/2023\/04\/DSC_8448-copie-1024x812.jpg\" alt=\"Troph\u00e9e Tourisme Endurance 2 avril 2023 circuit Val de Vienne Le Vigeant photographe De la lumi\u00e8re aux yeux\" width=\"1024\" height=\"812\" srcset=\"https:\/\/www.delalumiereauxyeux-photo.fr\/wp-content\/uploads\/2023\/04\/DSC_8448-copie-1024x812.jpg 1024w, https:\/\/www.delalumiereauxyeux-photo.fr\/wp-content\/uploads\/2023\/04\/DSC_8448-copie-300x238.jpg 300w, https:\/\/www.delalumiereauxyeux-photo.fr\/wp-content\/uploads\/2023\/04\/DSC_8448-copie-768x609.jpg 768w\" sizes=\"(max-width: 1024px) 100vw, 1024px\" \/><img loading=\"lazy\" decoding=\"async\" class=\"alignnone size-large wp-image-2742\" src=\"http:\/\/www.delalumiereauxyeux-photo.fr\/wp-content\/uploads\/2023\/04\/DSC_8450-copie-1024x746.jpg\" alt=\"Troph\u00e9e Tourisme Endurance 2 avril 2023 circuit Val de Vienne Le Vigeant photographe De la lumi\u00e8re aux yeux\" width=\"1024\" height=\"746\" srcset=\"https:\/\/www.delalumiereauxyeux-photo.fr\/wp-content\/uploads\/2023\/04\/DSC_8450-copie-1024x746.jpg 1024w, https:\/\/www.delalumiereauxyeux-photo.fr\/wp-content\/uploads\/2023\/04\/DSC_8450-copie-300x219.jpg 300w, https:\/\/www.delalumiereauxyeux-photo.fr\/wp-content\/uploads\/2023\/04\/DSC_8450-copie-768x560.jpg 768w\" sizes=\"(max-width: 1024px) 100vw, 1024px\" \/><img loading=\"lazy\" decoding=\"async\" class=\"alignnone size-large wp-image-2743\" src=\"http:\/\/www.delalumiereauxyeux-photo.fr\/wp-content\/uploads\/2023\/04\/DSC_8453-copie-999x1024.jpg\" alt=\"Troph\u00e9e Tourisme Endurance 2 avril 2023 circuit Val de Vienne Le Vigeant photographe De la lumi\u00e8re aux yeux\" width=\"999\" height=\"1024\" srcset=\"https:\/\/www.delalumiereauxyeux-photo.fr\/wp-content\/uploads\/2023\/04\/DSC_8453-copie-999x1024.jpg 999w, https:\/\/www.delalumiereauxyeux-photo.fr\/wp-content\/uploads\/2023\/04\/DSC_8453-copie-293x300.jpg 293w, https:\/\/www.delalumiereauxyeux-photo.fr\/wp-content\/uploads\/2023\/04\/DSC_8453-copie-768x787.jpg 768w\" sizes=\"(max-width: 999px) 100vw, 999px\" \/><img loading=\"lazy\" decoding=\"async\" class=\"alignnone size-large wp-image-2732\" src=\"http:\/\/www.delalumiereauxyeux-photo.fr\/wp-content\/uploads\/2023\/04\/DSC_8331-copie-1024x569.jpg\" alt=\"Troph\u00e9e Tourisme Endurance 2 avril 2023 circuit Val de Vienne Le Vigeant photographe De la lumi\u00e8re aux yeux\" width=\"1024\" height=\"569\" srcset=\"https:\/\/www.delalumiereauxyeux-photo.fr\/wp-content\/uploads\/2023\/04\/DSC_8331-copie-1024x569.jpg 1024w, https:\/\/www.delalumiereauxyeux-photo.fr\/wp-content\/uploads\/2023\/04\/DSC_8331-copie-300x167.jpg 300w, https:\/\/www.delalumiereauxyeux-photo.fr\/wp-content\/uploads\/2023\/04\/DSC_8331-copie-768x427.jpg 768w\" sizes=\"(max-width: 1024px) 100vw, 1024px\" \/><img loading=\"lazy\" decoding=\"async\" class=\"alignnone size-large wp-image-2635\" src=\"http:\/\/www.delalumiereauxyeux-photo.fr\/wp-content\/uploads\/2023\/04\/DSC_0072-copie-830x1024.jpg\" alt=\"Troph\u00e9e Tourisme Endurance 2 avril 2023 circuit Val de Vienne Le Vigeant photographe De la lumi\u00e8re aux yeux\" width=\"830\" height=\"1024\" srcset=\"https:\/\/www.delalumiereauxyeux-photo.fr\/wp-content\/uploads\/2023\/04\/DSC_0072-copie-830x1024.jpg 830w, https:\/\/www.delalumiereauxyeux-photo.fr\/wp-content\/uploads\/2023\/04\/DSC_0072-copie-243x300.jpg 243w, https:\/\/www.delalumiereauxyeux-photo.fr\/wp-content\/uploads\/2023\/04\/DSC_0072-copie-768x948.jpg 768w\" sizes=\"(max-width: 830px) 100vw, 830px\" \/><img loading=\"lazy\" decoding=\"async\" class=\"alignnone size-large wp-image-2636\" src=\"http:\/\/www.delalumiereauxyeux-photo.fr\/wp-content\/uploads\/2023\/04\/DSC_0074-copie-840x1024.jpg\" alt=\"Troph\u00e9e Tourisme Endurance 2 avril 2023 circuit Val de Vienne Le Vigeant photographe De la lumi\u00e8re aux yeux\" width=\"840\" height=\"1024\" srcset=\"https:\/\/www.delalumiereauxyeux-photo.fr\/wp-content\/uploads\/2023\/04\/DSC_0074-copie-840x1024.jpg 840w, https:\/\/www.delalumiereauxyeux-photo.fr\/wp-content\/uploads\/2023\/04\/DSC_0074-copie-246x300.jpg 246w, https:\/\/www.delalumiereauxyeux-photo.fr\/wp-content\/uploads\/2023\/04\/DSC_0074-copie-768x937.jpg 768w\" sizes=\"(max-width: 840px) 100vw, 840px\" \/><img loading=\"lazy\" decoding=\"async\" class=\"alignnone size-large wp-image-2744\" src=\"http:\/\/www.delalumiereauxyeux-photo.fr\/wp-content\/uploads\/2023\/04\/DSC_8458-copie-1003x1024.jpg\" alt=\"Troph\u00e9e Tourisme Endurance 2 avril 2023 circuit Val de Vienne Le Vigeant photographe De la lumi\u00e8re aux yeux\" width=\"1003\" height=\"1024\" srcset=\"https:\/\/www.delalumiereauxyeux-photo.fr\/wp-content\/uploads\/2023\/04\/DSC_8458-copie-1003x1024.jpg 1003w, https:\/\/www.delalumiereauxyeux-photo.fr\/wp-content\/uploads\/2023\/04\/DSC_8458-copie-294x300.jpg 294w, https:\/\/www.delalumiereauxyeux-photo.fr\/wp-content\/uploads\/2023\/04\/DSC_8458-copie-768x784.jpg 768w\" sizes=\"(max-width: 1003px) 100vw, 1003px\" \/><img loading=\"lazy\" decoding=\"async\" class=\"alignnone size-large wp-image-2747\" src=\"http:\/\/www.delalumiereauxyeux-photo.fr\/wp-content\/uploads\/2023\/04\/DSC_8469-copie-677x1024.jpg\" alt=\"Troph\u00e9e Tourisme Endurance 2 avril 2023 circuit Val de Vienne Le Vigeant photographe De la lumi\u00e8re aux yeux\" width=\"677\" height=\"1024\" srcset=\"https:\/\/www.delalumiereauxyeux-photo.fr\/wp-content\/uploads\/2023\/04\/DSC_8469-copie-677x1024.jpg 677w, https:\/\/www.delalumiereauxyeux-photo.fr\/wp-content\/uploads\/2023\/04\/DSC_8469-copie-198x300.jpg 198w, https:\/\/www.delalumiereauxyeux-photo.fr\/wp-content\/uploads\/2023\/04\/DSC_8469-copie-768x1161.jpg 768w\" sizes=\"(max-width: 677px) 100vw, 677px\" \/><img loading=\"lazy\" decoding=\"async\" class=\"alignnone size-large wp-image-2748\" src=\"http:\/\/www.delalumiereauxyeux-photo.fr\/wp-content\/uploads\/2023\/04\/DSC_8474-copie-683x1024.jpg\" alt=\"Troph\u00e9e Tourisme Endurance 2 avril 2023 circuit Val de Vienne Le Vigeant photographe De la lumi\u00e8re aux yeux\" width=\"683\" height=\"1024\" srcset=\"https:\/\/www.delalumiereauxyeux-photo.fr\/wp-content\/uploads\/2023\/04\/DSC_8474-copie-683x1024.jpg 683w, https:\/\/www.delalumiereauxyeux-photo.fr\/wp-content\/uploads\/2023\/04\/DSC_8474-copie-200x300.jpg 200w, https:\/\/www.delalumiereauxyeux-photo.fr\/wp-content\/uploads\/2023\/04\/DSC_8474-copie-768x1152.jpg 768w\" sizes=\"(max-width: 683px) 100vw, 683px\" \/><\/p>\n<p>On ne tire pas la langue aux photographes! \ud83d\ude42<img loading=\"lazy\" decoding=\"async\" class=\"alignnone size-large wp-image-2745\" src=\"http:\/\/www.delalumiereauxyeux-photo.fr\/wp-content\/uploads\/2023\/04\/DSC_8463-copie-683x1024.jpg\" alt=\"Troph\u00e9e Tourisme Endurance 2 avril 2023 circuit Val de Vienne Le Vigeant photographe De la lumi\u00e8re aux yeux\" width=\"683\" height=\"1024\" srcset=\"https:\/\/www.delalumiereauxyeux-photo.fr\/wp-content\/uploads\/2023\/04\/DSC_8463-copie-683x1024.jpg 683w, https:\/\/www.delalumiereauxyeux-photo.fr\/wp-content\/uploads\/2023\/04\/DSC_8463-copie-200x300.jpg 200w, https:\/\/www.delalumiereauxyeux-photo.fr\/wp-content\/uploads\/2023\/04\/DSC_8463-copie-768x1152.jpg 768w\" sizes=\"(max-width: 683px) 100vw, 683px\" \/><img loading=\"lazy\" decoding=\"async\" class=\"alignnone size-large wp-image-2746\" src=\"http:\/\/www.delalumiereauxyeux-photo.fr\/wp-content\/uploads\/2023\/04\/DSC_8464-copie-683x1024.jpg\" alt=\"Troph\u00e9e Tourisme Endurance 2 avril 2023 circuit Val de Vienne Le Vigeant photographe De la lumi\u00e8re aux yeux\" width=\"683\" height=\"1024\" srcset=\"https:\/\/www.delalumiereauxyeux-photo.fr\/wp-content\/uploads\/2023\/04\/DSC_8464-copie-683x1024.jpg 683w, https:\/\/www.delalumiereauxyeux-photo.fr\/wp-content\/uploads\/2023\/04\/DSC_8464-copie-200x300.jpg 200w, https:\/\/www.delalumiereauxyeux-photo.fr\/wp-content\/uploads\/2023\/04\/DSC_8464-copie-768x1152.jpg 768w\" sizes=\"(max-width: 683px) 100vw, 683px\" \/><img loading=\"lazy\" decoding=\"async\" class=\"alignnone size-large wp-image-2637\" src=\"http:\/\/www.delalumiereauxyeux-photo.fr\/wp-content\/uploads\/2023\/04\/DSC_0081-copie-679x1024.jpg\" alt=\"Troph\u00e9e Tourisme Endurance 2 avril 2023 circuit Val de Vienne Le Vigeant photographe De la lumi\u00e8re aux yeux\" width=\"679\" height=\"1024\" srcset=\"https:\/\/www.delalumiereauxyeux-photo.fr\/wp-content\/uploads\/2023\/04\/DSC_0081-copie-679x1024.jpg 679w, https:\/\/www.delalumiereauxyeux-photo.fr\/wp-content\/uploads\/2023\/04\/DSC_0081-copie-199x300.jpg 199w, https:\/\/www.delalumiereauxyeux-photo.fr\/wp-content\/uploads\/2023\/04\/DSC_0081-copie-768x1157.jpg 768w\" sizes=\"(max-width: 679px) 100vw, 679px\" \/><img loading=\"lazy\" decoding=\"async\" class=\"alignnone size-large wp-image-2638\" src=\"http:\/\/www.delalumiereauxyeux-photo.fr\/wp-content\/uploads\/2023\/04\/DSC_0085-copie-1002x1024.jpg\" alt=\"Troph\u00e9e Tourisme Endurance 2 avril 2023 circuit Val de Vienne Le Vigeant photographe De la lumi\u00e8re aux yeux\" width=\"1002\" height=\"1024\" srcset=\"https:\/\/www.delalumiereauxyeux-photo.fr\/wp-content\/uploads\/2023\/04\/DSC_0085-copie-1002x1024.jpg 1002w, https:\/\/www.delalumiereauxyeux-photo.fr\/wp-content\/uploads\/2023\/04\/DSC_0085-copie-293x300.jpg 293w, https:\/\/www.delalumiereauxyeux-photo.fr\/wp-content\/uploads\/2023\/04\/DSC_0085-copie-768x785.jpg 768w\" sizes=\"(max-width: 1002px) 100vw, 1002px\" \/><img loading=\"lazy\" decoding=\"async\" class=\"alignnone size-large wp-image-2639\" src=\"http:\/\/www.delalumiereauxyeux-photo.fr\/wp-content\/uploads\/2023\/04\/DSC_0098-copie-939x1024.jpg\" alt=\"Troph\u00e9e Tourisme Endurance 2 avril 2023 circuit Val de Vienne Le Vigeant photographe De la lumi\u00e8re aux yeux\" width=\"939\" height=\"1024\" srcset=\"https:\/\/www.delalumiereauxyeux-photo.fr\/wp-content\/uploads\/2023\/04\/DSC_0098-copie-939x1024.jpg 939w, https:\/\/www.delalumiereauxyeux-photo.fr\/wp-content\/uploads\/2023\/04\/DSC_0098-copie-275x300.jpg 275w, https:\/\/www.delalumiereauxyeux-photo.fr\/wp-content\/uploads\/2023\/04\/DSC_0098-copie-768x838.jpg 768w\" sizes=\"(max-width: 939px) 100vw, 939px\" \/><img loading=\"lazy\" decoding=\"async\" class=\"alignnone size-large wp-image-2749\" src=\"http:\/\/www.delalumiereauxyeux-photo.fr\/wp-content\/uploads\/2023\/04\/DSC_8486-copie-683x1024.jpg\" alt=\"Troph\u00e9e Tourisme Endurance 2 avril 2023 circuit Val de Vienne Le Vigeant photographe De la lumi\u00e8re aux yeux\" width=\"683\" height=\"1024\" srcset=\"https:\/\/www.delalumiereauxyeux-photo.fr\/wp-content\/uploads\/2023\/04\/DSC_8486-copie-683x1024.jpg 683w, https:\/\/www.delalumiereauxyeux-photo.fr\/wp-content\/uploads\/2023\/04\/DSC_8486-copie-200x300.jpg 200w, https:\/\/www.delalumiereauxyeux-photo.fr\/wp-content\/uploads\/2023\/04\/DSC_8486-copie-768x1152.jpg 768w\" sizes=\"(max-width: 683px) 100vw, 683px\" \/><img loading=\"lazy\" decoding=\"async\" class=\"alignnone size-large wp-image-2750\" src=\"http:\/\/www.delalumiereauxyeux-photo.fr\/wp-content\/uploads\/2023\/04\/DSC_8491-copie-744x1024.jpg\" alt=\"Troph\u00e9e Tourisme Endurance 2 avril 2023 circuit Val de Vienne Le Vigeant photographe De la lumi\u00e8re aux yeux\" width=\"744\" height=\"1024\" srcset=\"https:\/\/www.delalumiereauxyeux-photo.fr\/wp-content\/uploads\/2023\/04\/DSC_8491-copie-744x1024.jpg 744w, https:\/\/www.delalumiereauxyeux-photo.fr\/wp-content\/uploads\/2023\/04\/DSC_8491-copie-218x300.jpg 218w, https:\/\/www.delalumiereauxyeux-photo.fr\/wp-content\/uploads\/2023\/04\/DSC_8491-copie-768x1058.jpg 768w\" sizes=\"(max-width: 744px) 100vw, 744px\" \/><img loading=\"lazy\" decoding=\"async\" class=\"alignnone size-large wp-image-2751\" src=\"http:\/\/www.delalumiereauxyeux-photo.fr\/wp-content\/uploads\/2023\/04\/DSC_8493-copie-624x1024.jpg\" alt=\"Troph\u00e9e Tourisme Endurance 2 avril 2023 circuit Val de Vienne Le Vigeant photographe De la lumi\u00e8re aux yeux\" width=\"624\" height=\"1024\" srcset=\"https:\/\/www.delalumiereauxyeux-photo.fr\/wp-content\/uploads\/2023\/04\/DSC_8493-copie-624x1024.jpg 624w, https:\/\/www.delalumiereauxyeux-photo.fr\/wp-content\/uploads\/2023\/04\/DSC_8493-copie-183x300.jpg 183w, https:\/\/www.delalumiereauxyeux-photo.fr\/wp-content\/uploads\/2023\/04\/DSC_8493-copie-768x1260.jpg 768w\" sizes=\"(max-width: 624px) 100vw, 624px\" \/><img loading=\"lazy\" decoding=\"async\" class=\"alignnone size-large wp-image-2640\" src=\"http:\/\/www.delalumiereauxyeux-photo.fr\/wp-content\/uploads\/2023\/04\/DSC_0112-copie-1024x787.jpg\" alt=\"Troph\u00e9e Tourisme Endurance 2 avril 2023 circuit Val de Vienne Le Vigeant photographe De la lumi\u00e8re aux yeux\" width=\"1024\" height=\"787\" srcset=\"https:\/\/www.delalumiereauxyeux-photo.fr\/wp-content\/uploads\/2023\/04\/DSC_0112-copie-1024x787.jpg 1024w, https:\/\/www.delalumiereauxyeux-photo.fr\/wp-content\/uploads\/2023\/04\/DSC_0112-copie-300x231.jpg 300w, https:\/\/www.delalumiereauxyeux-photo.fr\/wp-content\/uploads\/2023\/04\/DSC_0112-copie-768x590.jpg 768w\" sizes=\"(max-width: 1024px) 100vw, 1024px\" \/><\/p>\n<p><img loading=\"lazy\" decoding=\"async\" class=\"alignnone size-large wp-image-2727\" src=\"http:\/\/www.delalumiereauxyeux-photo.fr\/wp-content\/uploads\/2023\/04\/DSC_8164-copie-1024x558.jpg\" alt=\"Troph\u00e9e Tourisme Endurance 2 avril 2023 circuit Val de Vienne Le Vigeant photographe De la lumi\u00e8re aux yeux\" width=\"1024\" height=\"558\" srcset=\"https:\/\/www.delalumiereauxyeux-photo.fr\/wp-content\/uploads\/2023\/04\/DSC_8164-copie-1024x558.jpg 1024w, https:\/\/www.delalumiereauxyeux-photo.fr\/wp-content\/uploads\/2023\/04\/DSC_8164-copie-300x163.jpg 300w, https:\/\/www.delalumiereauxyeux-photo.fr\/wp-content\/uploads\/2023\/04\/DSC_8164-copie-768x418.jpg 768w\" sizes=\"(max-width: 1024px) 100vw, 1024px\" \/><\/p>\n<p>La voiture des dames&nbsp;<img loading=\"lazy\" decoding=\"async\" class=\"alignnone size-large wp-image-2643\" src=\"http:\/\/www.delalumiereauxyeux-photo.fr\/wp-content\/uploads\/2023\/04\/DSC_0127-copie-1024x536.jpg\" alt=\"Troph\u00e9e Tourisme Endurance 2 avril 2023 circuit Val de Vienne Le Vigeant photographe De la lumi\u00e8re aux yeux\" width=\"1024\" height=\"536\" srcset=\"https:\/\/www.delalumiereauxyeux-photo.fr\/wp-content\/uploads\/2023\/04\/DSC_0127-copie-1024x536.jpg 1024w, https:\/\/www.delalumiereauxyeux-photo.fr\/wp-content\/uploads\/2023\/04\/DSC_0127-copie-300x157.jpg 300w, https:\/\/www.delalumiereauxyeux-photo.fr\/wp-content\/uploads\/2023\/04\/DSC_0127-copie-768x402.jpg 768w\" sizes=\"(max-width: 1024px) 100vw, 1024px\" \/><img loading=\"lazy\" decoding=\"async\" class=\"alignnone size-large wp-image-2644\" src=\"http:\/\/www.delalumiereauxyeux-photo.fr\/wp-content\/uploads\/2023\/04\/DSC_0134-copie-1024x637.jpg\" alt=\"Troph\u00e9e Tourisme Endurance 2 avril 2023 circuit Val de Vienne Le Vigeant photographe De la lumi\u00e8re aux yeux\" width=\"1024\" height=\"637\" srcset=\"https:\/\/www.delalumiereauxyeux-photo.fr\/wp-content\/uploads\/2023\/04\/DSC_0134-copie-1024x637.jpg 1024w, https:\/\/www.delalumiereauxyeux-photo.fr\/wp-content\/uploads\/2023\/04\/DSC_0134-copie-300x187.jpg 300w, https:\/\/www.delalumiereauxyeux-photo.fr\/wp-content\/uploads\/2023\/04\/DSC_0134-copie-768x478.jpg 768w\" sizes=\"(max-width: 1024px) 100vw, 1024px\" \/><img loading=\"lazy\" decoding=\"async\" class=\"alignnone size-large wp-image-2645\" src=\"http:\/\/www.delalumiereauxyeux-photo.fr\/wp-content\/uploads\/2023\/04\/DSC_0138-2-copie-760x1024.jpg\" alt=\"Troph\u00e9e Tourisme Endurance 2 avril 2023 circuit Val de Vienne Le Vigeant photographe De la lumi\u00e8re aux yeux\" width=\"760\" height=\"1024\" srcset=\"https:\/\/www.delalumiereauxyeux-photo.fr\/wp-content\/uploads\/2023\/04\/DSC_0138-2-copie-760x1024.jpg 760w, https:\/\/www.delalumiereauxyeux-photo.fr\/wp-content\/uploads\/2023\/04\/DSC_0138-2-copie-223x300.jpg 223w, https:\/\/www.delalumiereauxyeux-photo.fr\/wp-content\/uploads\/2023\/04\/DSC_0138-2-copie-768x1035.jpg 768w\" sizes=\"(max-width: 760px) 100vw, 760px\" \/><img loading=\"lazy\" decoding=\"async\" class=\"alignnone size-large wp-image-2646\" src=\"http:\/\/www.delalumiereauxyeux-photo.fr\/wp-content\/uploads\/2023\/04\/DSC_0141-copie-1024x565.jpg\" alt=\"Troph\u00e9e Tourisme Endurance 2 avril 2023 circuit Val de Vienne Le Vigeant photographe De la lumi\u00e8re aux yeux\" width=\"1024\" height=\"565\" srcset=\"https:\/\/www.delalumiereauxyeux-photo.fr\/wp-content\/uploads\/2023\/04\/DSC_0141-copie-1024x565.jpg 1024w, https:\/\/www.delalumiereauxyeux-photo.fr\/wp-content\/uploads\/2023\/04\/DSC_0141-copie-300x166.jpg 300w, https:\/\/www.delalumiereauxyeux-photo.fr\/wp-content\/uploads\/2023\/04\/DSC_0141-copie-768x424.jpg 768w\" sizes=\"(max-width: 1024px) 100vw, 1024px\" \/><img loading=\"lazy\" decoding=\"async\" class=\"alignnone size-large wp-image-2650\" src=\"http:\/\/www.delalumiereauxyeux-photo.fr\/wp-content\/uploads\/2023\/04\/DSC_0161-copie-1024x638.jpg\" alt=\"Troph\u00e9e Tourisme Endurance 2 avril 2023 circuit Val de Vienne Le Vigeant photographe De la lumi\u00e8re aux yeux\" width=\"1024\" height=\"638\" srcset=\"https:\/\/www.delalumiereauxyeux-photo.fr\/wp-content\/uploads\/2023\/04\/DSC_0161-copie-1024x638.jpg 1024w, https:\/\/www.delalumiereauxyeux-photo.fr\/wp-content\/uploads\/2023\/04\/DSC_0161-copie-300x187.jpg 300w, https:\/\/www.delalumiereauxyeux-photo.fr\/wp-content\/uploads\/2023\/04\/DSC_0161-copie-768x478.jpg 768w\" sizes=\"(max-width: 1024px) 100vw, 1024px\" \/><img loading=\"lazy\" decoding=\"async\" class=\"alignnone size-large wp-image-2647\" src=\"http:\/\/www.delalumiereauxyeux-photo.fr\/wp-content\/uploads\/2023\/04\/DSC_0143-copie-1024x645.jpg\" alt=\"Troph\u00e9e Tourisme Endurance 2 avril 2023 circuit Val de Vienne Le Vigeant photographe De la lumi\u00e8re aux yeux\" width=\"1024\" height=\"645\" srcset=\"https:\/\/www.delalumiereauxyeux-photo.fr\/wp-content\/uploads\/2023\/04\/DSC_0143-copie-1024x645.jpg 1024w, https:\/\/www.delalumiereauxyeux-photo.fr\/wp-content\/uploads\/2023\/04\/DSC_0143-copie-300x189.jpg 300w, https:\/\/www.delalumiereauxyeux-photo.fr\/wp-content\/uploads\/2023\/04\/DSC_0143-copie-768x484.jpg 768w\" sizes=\"(max-width: 1024px) 100vw, 1024px\" \/><img loading=\"lazy\" decoding=\"async\" class=\"alignnone size-large wp-image-2648\" src=\"http:\/\/www.delalumiereauxyeux-photo.fr\/wp-content\/uploads\/2023\/04\/DSC_0152-copie-1024x722.jpg\" alt=\"Troph\u00e9e Tourisme Endurance 2 avril 2023 circuit Val de Vienne Le Vigeant photographe De la lumi\u00e8re aux yeux\" width=\"1024\" height=\"722\" srcset=\"https:\/\/www.delalumiereauxyeux-photo.fr\/wp-content\/uploads\/2023\/04\/DSC_0152-copie-1024x722.jpg 1024w, https:\/\/www.delalumiereauxyeux-photo.fr\/wp-content\/uploads\/2023\/04\/DSC_0152-copie-300x212.jpg 300w, https:\/\/www.delalumiereauxyeux-photo.fr\/wp-content\/uploads\/2023\/04\/DSC_0152-copie-768x542.jpg 768w\" sizes=\"(max-width: 1024px) 100vw, 1024px\" \/><img loading=\"lazy\" decoding=\"async\" class=\"alignnone size-large wp-image-2649\" src=\"http:\/\/www.delalumiereauxyeux-photo.fr\/wp-content\/uploads\/2023\/04\/DSC_0152-2-copie-1024x342.jpg\" alt=\"Troph\u00e9e Tourisme Endurance 2 avril 2023 circuit Val de Vienne Le Vigeant photographe De la lumi\u00e8re aux yeux\" width=\"1024\" height=\"342\" srcset=\"https:\/\/www.delalumiereauxyeux-photo.fr\/wp-content\/uploads\/2023\/04\/DSC_0152-2-copie-1024x342.jpg 1024w, https:\/\/www.delalumiereauxyeux-photo.fr\/wp-content\/uploads\/2023\/04\/DSC_0152-2-copie-300x100.jpg 300w, https:\/\/www.delalumiereauxyeux-photo.fr\/wp-content\/uploads\/2023\/04\/DSC_0152-2-copie-768x256.jpg 768w\" sizes=\"(max-width: 1024px) 100vw, 1024px\" \/><\/p>\n<p>C&rsquo;est parti pour 4 heures!<\/p>\n<p><img loading=\"lazy\" decoding=\"async\" class=\"alignnone size-large wp-image-2652\" src=\"http:\/\/www.delalumiereauxyeux-photo.fr\/wp-content\/uploads\/2023\/04\/DSC_0165-copie-1024x649.jpg\" alt=\"Troph\u00e9e Tourisme Endurance 2 avril 2023 circuit Val de Vienne Le Vigeant photographe De la lumi\u00e8re aux yeux\" width=\"1024\" height=\"649\" srcset=\"https:\/\/www.delalumiereauxyeux-photo.fr\/wp-content\/uploads\/2023\/04\/DSC_0165-copie-1024x649.jpg 1024w, https:\/\/www.delalumiereauxyeux-photo.fr\/wp-content\/uploads\/2023\/04\/DSC_0165-copie-300x190.jpg 300w, https:\/\/www.delalumiereauxyeux-photo.fr\/wp-content\/uploads\/2023\/04\/DSC_0165-copie-768x487.jpg 768w\" sizes=\"(max-width: 1024px) 100vw, 1024px\" \/><img loading=\"lazy\" decoding=\"async\" class=\"alignnone size-large wp-image-2654\" src=\"http:\/\/www.delalumiereauxyeux-photo.fr\/wp-content\/uploads\/2023\/04\/DSC_0166-3-copie-1024x480.jpg\" alt=\"Troph\u00e9e Tourisme Endurance 2 avril 2023 circuit Val de Vienne Le Vigeant photographe De la lumi\u00e8re aux yeux\" width=\"1024\" height=\"480\" srcset=\"https:\/\/www.delalumiereauxyeux-photo.fr\/wp-content\/uploads\/2023\/04\/DSC_0166-3-copie-1024x480.jpg 1024w, https:\/\/www.delalumiereauxyeux-photo.fr\/wp-content\/uploads\/2023\/04\/DSC_0166-3-copie-300x141.jpg 300w, https:\/\/www.delalumiereauxyeux-photo.fr\/wp-content\/uploads\/2023\/04\/DSC_0166-3-copie-768x360.jpg 768w\" sizes=\"(max-width: 1024px) 100vw, 1024px\" \/><img loading=\"lazy\" decoding=\"async\" class=\"alignnone size-large wp-image-2655\" src=\"http:\/\/www.delalumiereauxyeux-photo.fr\/wp-content\/uploads\/2023\/04\/DSC_0170-copie-1024x627.jpg\" alt=\"Troph\u00e9e Tourisme Endurance 2 avril 2023 circuit Val de Vienne Le Vigeant photographe De la lumi\u00e8re aux yeux\" width=\"1024\" height=\"627\" srcset=\"https:\/\/www.delalumiereauxyeux-photo.fr\/wp-content\/uploads\/2023\/04\/DSC_0170-copie-1024x627.jpg 1024w, https:\/\/www.delalumiereauxyeux-photo.fr\/wp-content\/uploads\/2023\/04\/DSC_0170-copie-300x184.jpg 300w, https:\/\/www.delalumiereauxyeux-photo.fr\/wp-content\/uploads\/2023\/04\/DSC_0170-copie-768x470.jpg 768w\" sizes=\"(max-width: 1024px) 100vw, 1024px\" \/><img loading=\"lazy\" decoding=\"async\" class=\"alignnone size-large wp-image-2656\" src=\"http:\/\/www.delalumiereauxyeux-photo.fr\/wp-content\/uploads\/2023\/04\/DSC_0174-copie-1024x762.jpg\" alt=\"Troph\u00e9e Tourisme Endurance 2 avril 2023 circuit Val de Vienne Le Vigeant photographe De la lumi\u00e8re aux yeux\" width=\"1024\" height=\"762\" srcset=\"https:\/\/www.delalumiereauxyeux-photo.fr\/wp-content\/uploads\/2023\/04\/DSC_0174-copie-1024x762.jpg 1024w, https:\/\/www.delalumiereauxyeux-photo.fr\/wp-content\/uploads\/2023\/04\/DSC_0174-copie-300x223.jpg 300w, https:\/\/www.delalumiereauxyeux-photo.fr\/wp-content\/uploads\/2023\/04\/DSC_0174-copie-768x572.jpg 768w\" sizes=\"(max-width: 1024px) 100vw, 1024px\" \/><img loading=\"lazy\" decoding=\"async\" class=\"alignnone size-large wp-image-2657\" src=\"http:\/\/www.delalumiereauxyeux-photo.fr\/wp-content\/uploads\/2023\/04\/DSC_0177-copie-1024x814.jpg\" alt=\"Troph\u00e9e Tourisme Endurance 2 avril 2023 circuit Val de Vienne Le Vigeant photographe De la lumi\u00e8re aux yeux\" width=\"1024\" height=\"814\" srcset=\"https:\/\/www.delalumiereauxyeux-photo.fr\/wp-content\/uploads\/2023\/04\/DSC_0177-copie-1024x814.jpg 1024w, https:\/\/www.delalumiereauxyeux-photo.fr\/wp-content\/uploads\/2023\/04\/DSC_0177-copie-300x239.jpg 300w, https:\/\/www.delalumiereauxyeux-photo.fr\/wp-content\/uploads\/2023\/04\/DSC_0177-copie-768x611.jpg 768w\" sizes=\"(max-width: 1024px) 100vw, 1024px\" \/><img loading=\"lazy\" decoding=\"async\" class=\"alignnone size-large wp-image-2658\" src=\"http:\/\/www.delalumiereauxyeux-photo.fr\/wp-content\/uploads\/2023\/04\/DSC_0180-copie-1024x780.jpg\" alt=\"Troph\u00e9e Tourisme Endurance 2 avril 2023 circuit Val de Vienne Le Vigeant photographe De la lumi\u00e8re aux yeux\" width=\"1024\" height=\"780\" srcset=\"https:\/\/www.delalumiereauxyeux-photo.fr\/wp-content\/uploads\/2023\/04\/DSC_0180-copie-1024x780.jpg 1024w, https:\/\/www.delalumiereauxyeux-photo.fr\/wp-content\/uploads\/2023\/04\/DSC_0180-copie-300x229.jpg 300w, https:\/\/www.delalumiereauxyeux-photo.fr\/wp-content\/uploads\/2023\/04\/DSC_0180-copie-768x585.jpg 768w\" sizes=\"(max-width: 1024px) 100vw, 1024px\" \/><img loading=\"lazy\" decoding=\"async\" class=\"alignnone size-large wp-image-2659\" src=\"http:\/\/www.delalumiereauxyeux-photo.fr\/wp-content\/uploads\/2023\/04\/DSC_0182-copie-1024x754.jpg\" alt=\"Troph\u00e9e Tourisme Endurance 2 avril 2023 circuit Val de Vienne Le Vigeant photographe De la lumi\u00e8re aux yeux\" width=\"1024\" height=\"754\" srcset=\"https:\/\/www.delalumiereauxyeux-photo.fr\/wp-content\/uploads\/2023\/04\/DSC_0182-copie-1024x754.jpg 1024w, https:\/\/www.delalumiereauxyeux-photo.fr\/wp-content\/uploads\/2023\/04\/DSC_0182-copie-300x221.jpg 300w, https:\/\/www.delalumiereauxyeux-photo.fr\/wp-content\/uploads\/2023\/04\/DSC_0182-copie-768x566.jpg 768w\" sizes=\"(max-width: 1024px) 100vw, 1024px\" \/><img loading=\"lazy\" decoding=\"async\" class=\"alignnone size-large wp-image-2660\" src=\"http:\/\/www.delalumiereauxyeux-photo.fr\/wp-content\/uploads\/2023\/04\/DSC_0184-copie-1024x734.jpg\" alt=\"Troph\u00e9e Tourisme Endurance 2 avril 2023 circuit Val de Vienne Le Vigeant photographe De la lumi\u00e8re aux yeux\" width=\"1024\" height=\"734\" srcset=\"https:\/\/www.delalumiereauxyeux-photo.fr\/wp-content\/uploads\/2023\/04\/DSC_0184-copie-1024x734.jpg 1024w, https:\/\/www.delalumiereauxyeux-photo.fr\/wp-content\/uploads\/2023\/04\/DSC_0184-copie-300x215.jpg 300w, https:\/\/www.delalumiereauxyeux-photo.fr\/wp-content\/uploads\/2023\/04\/DSC_0184-copie-768x551.jpg 768w\" sizes=\"(max-width: 1024px) 100vw, 1024px\" \/><img loading=\"lazy\" decoding=\"async\" class=\"alignnone size-large wp-image-2661\" src=\"http:\/\/www.delalumiereauxyeux-photo.fr\/wp-content\/uploads\/2023\/04\/DSC_0186-copie-1024x706.jpg\" alt=\"Troph\u00e9e Tourisme Endurance 2 avril 2023 circuit Val de Vienne Le Vigeant photographe De la lumi\u00e8re aux yeux\" width=\"1024\" height=\"706\" srcset=\"https:\/\/www.delalumiereauxyeux-photo.fr\/wp-content\/uploads\/2023\/04\/DSC_0186-copie-1024x706.jpg 1024w, https:\/\/www.delalumiereauxyeux-photo.fr\/wp-content\/uploads\/2023\/04\/DSC_0186-copie-300x207.jpg 300w, https:\/\/www.delalumiereauxyeux-photo.fr\/wp-content\/uploads\/2023\/04\/DSC_0186-copie-768x529.jpg 768w\" sizes=\"(max-width: 1024px) 100vw, 1024px\" \/><img loading=\"lazy\" decoding=\"async\" class=\"alignnone size-large wp-image-2662\" src=\"http:\/\/www.delalumiereauxyeux-photo.fr\/wp-content\/uploads\/2023\/04\/DSC_0190-copie-1024x584.jpg\" alt=\"Troph\u00e9e Tourisme Endurance 2 avril 2023 circuit Val de Vienne Le Vigeant photographe De la lumi\u00e8re aux yeux\" width=\"1024\" height=\"584\" srcset=\"https:\/\/www.delalumiereauxyeux-photo.fr\/wp-content\/uploads\/2023\/04\/DSC_0190-copie-1024x584.jpg 1024w, https:\/\/www.delalumiereauxyeux-photo.fr\/wp-content\/uploads\/2023\/04\/DSC_0190-copie-300x171.jpg 300w, https:\/\/www.delalumiereauxyeux-photo.fr\/wp-content\/uploads\/2023\/04\/DSC_0190-copie-768x438.jpg 768w\" sizes=\"(max-width: 1024px) 100vw, 1024px\" \/><img loading=\"lazy\" decoding=\"async\" class=\"alignnone size-large wp-image-2752\" src=\"http:\/\/www.delalumiereauxyeux-photo.fr\/wp-content\/uploads\/2023\/04\/DSC_8542-copie-1024x616.jpg\" alt=\"Troph\u00e9e Tourisme Endurance 2 avril 2023 circuit Val de Vienne Le Vigeant photographe De la lumi\u00e8re aux yeux\" width=\"1024\" height=\"616\" srcset=\"https:\/\/www.delalumiereauxyeux-photo.fr\/wp-content\/uploads\/2023\/04\/DSC_8542-copie-1024x616.jpg 1024w, https:\/\/www.delalumiereauxyeux-photo.fr\/wp-content\/uploads\/2023\/04\/DSC_8542-copie-300x180.jpg 300w, https:\/\/www.delalumiereauxyeux-photo.fr\/wp-content\/uploads\/2023\/04\/DSC_8542-copie-768x462.jpg 768w\" sizes=\"(max-width: 1024px) 100vw, 1024px\" \/><img loading=\"lazy\" decoding=\"async\" class=\"alignnone size-large wp-image-2753\" src=\"http:\/\/www.delalumiereauxyeux-photo.fr\/wp-content\/uploads\/2023\/04\/DSC_8555-copie-1024x434.jpg\" alt=\"Troph\u00e9e Tourisme Endurance 2 avril 2023 circuit Val de Vienne Le Vigeant photographe De la lumi\u00e8re aux yeux\" width=\"1024\" height=\"434\" srcset=\"https:\/\/www.delalumiereauxyeux-photo.fr\/wp-content\/uploads\/2023\/04\/DSC_8555-copie-1024x434.jpg 1024w, https:\/\/www.delalumiereauxyeux-photo.fr\/wp-content\/uploads\/2023\/04\/DSC_8555-copie-300x127.jpg 300w, https:\/\/www.delalumiereauxyeux-photo.fr\/wp-content\/uploads\/2023\/04\/DSC_8555-copie-768x326.jpg 768w\" sizes=\"(max-width: 1024px) 100vw, 1024px\" \/><img loading=\"lazy\" decoding=\"async\" class=\"alignnone size-large wp-image-2754\" src=\"http:\/\/www.delalumiereauxyeux-photo.fr\/wp-content\/uploads\/2023\/04\/DSC_8555-2-copie-1024x671.jpg\" alt=\"Troph\u00e9e Tourisme Endurance 2 avril 2023 circuit Val de Vienne Le Vigeant photographe De la lumi\u00e8re aux yeux\" width=\"1024\" height=\"671\" srcset=\"https:\/\/www.delalumiereauxyeux-photo.fr\/wp-content\/uploads\/2023\/04\/DSC_8555-2-copie-1024x671.jpg 1024w, https:\/\/www.delalumiereauxyeux-photo.fr\/wp-content\/uploads\/2023\/04\/DSC_8555-2-copie-300x197.jpg 300w, https:\/\/www.delalumiereauxyeux-photo.fr\/wp-content\/uploads\/2023\/04\/DSC_8555-2-copie-768x503.jpg 768w\" sizes=\"(max-width: 1024px) 100vw, 1024px\" \/><img loading=\"lazy\" decoding=\"async\" class=\"alignnone size-large wp-image-2755\" src=\"http:\/\/www.delalumiereauxyeux-photo.fr\/wp-content\/uploads\/2023\/04\/DSC_8556-copie-1024x576.jpg\" alt=\"Troph\u00e9e Tourisme Endurance 2 avril 2023 circuit Val de Vienne Le Vigeant photographe De la lumi\u00e8re aux yeux\" width=\"1024\" height=\"576\" srcset=\"https:\/\/www.delalumiereauxyeux-photo.fr\/wp-content\/uploads\/2023\/04\/DSC_8556-copie-1024x576.jpg 1024w, https:\/\/www.delalumiereauxyeux-photo.fr\/wp-content\/uploads\/2023\/04\/DSC_8556-copie-300x169.jpg 300w, https:\/\/www.delalumiereauxyeux-photo.fr\/wp-content\/uploads\/2023\/04\/DSC_8556-copie-768x432.jpg 768w\" sizes=\"(max-width: 1024px) 100vw, 1024px\" \/><img loading=\"lazy\" decoding=\"async\" class=\"alignnone size-large wp-image-2756\" src=\"http:\/\/www.delalumiereauxyeux-photo.fr\/wp-content\/uploads\/2023\/04\/DSC_8563-copie-1024x448.jpg\" alt=\"Troph\u00e9e Tourisme Endurance 2 avril 2023 circuit Val de Vienne Le Vigeant photographe De la lumi\u00e8re aux yeux\" width=\"1024\" height=\"448\" srcset=\"https:\/\/www.delalumiereauxyeux-photo.fr\/wp-content\/uploads\/2023\/04\/DSC_8563-copie-1024x448.jpg 1024w, https:\/\/www.delalumiereauxyeux-photo.fr\/wp-content\/uploads\/2023\/04\/DSC_8563-copie-300x131.jpg 300w, https:\/\/www.delalumiereauxyeux-photo.fr\/wp-content\/uploads\/2023\/04\/DSC_8563-copie-768x336.jpg 768w\" sizes=\"(max-width: 1024px) 100vw, 1024px\" \/><img loading=\"lazy\" decoding=\"async\" class=\"alignnone size-large wp-image-2757\" src=\"http:\/\/www.delalumiereauxyeux-photo.fr\/wp-content\/uploads\/2023\/04\/DSC_8581-copie-1024x643.jpg\" alt=\"Troph\u00e9e Tourisme Endurance 2 avril 2023 circuit Val de Vienne Le Vigeant photographe De la lumi\u00e8re aux yeux\" width=\"1024\" height=\"643\" srcset=\"https:\/\/www.delalumiereauxyeux-photo.fr\/wp-content\/uploads\/2023\/04\/DSC_8581-copie-1024x643.jpg 1024w, https:\/\/www.delalumiereauxyeux-photo.fr\/wp-content\/uploads\/2023\/04\/DSC_8581-copie-300x188.jpg 300w, https:\/\/www.delalumiereauxyeux-photo.fr\/wp-content\/uploads\/2023\/04\/DSC_8581-copie-768x483.jpg 768w\" sizes=\"(max-width: 1024px) 100vw, 1024px\" \/><img loading=\"lazy\" decoding=\"async\" class=\"alignnone size-large wp-image-2758\" src=\"http:\/\/www.delalumiereauxyeux-photo.fr\/wp-content\/uploads\/2023\/04\/DSC_8590-copie-1024x647.jpg\" alt=\"Troph\u00e9e Tourisme Endurance 2 avril 2023 circuit Val de Vienne Le Vigeant photographe De la lumi\u00e8re aux yeux\" width=\"1024\" height=\"647\" srcset=\"https:\/\/www.delalumiereauxyeux-photo.fr\/wp-content\/uploads\/2023\/04\/DSC_8590-copie-1024x647.jpg 1024w, https:\/\/www.delalumiereauxyeux-photo.fr\/wp-content\/uploads\/2023\/04\/DSC_8590-copie-300x190.jpg 300w, https:\/\/www.delalumiereauxyeux-photo.fr\/wp-content\/uploads\/2023\/04\/DSC_8590-copie-768x485.jpg 768w\" sizes=\"(max-width: 1024px) 100vw, 1024px\" \/><img loading=\"lazy\" decoding=\"async\" class=\"alignnone size-large wp-image-2759\" src=\"http:\/\/www.delalumiereauxyeux-photo.fr\/wp-content\/uploads\/2023\/04\/DSC_8608-copie-1024x814.jpg\" alt=\"Troph\u00e9e Tourisme Endurance 2 avril 2023 circuit Val de Vienne Le Vigeant photographe De la lumi\u00e8re aux yeux\" width=\"1024\" height=\"814\" srcset=\"https:\/\/www.delalumiereauxyeux-photo.fr\/wp-content\/uploads\/2023\/04\/DSC_8608-copie-1024x814.jpg 1024w, https:\/\/www.delalumiereauxyeux-photo.fr\/wp-content\/uploads\/2023\/04\/DSC_8608-copie-300x239.jpg 300w, https:\/\/www.delalumiereauxyeux-photo.fr\/wp-content\/uploads\/2023\/04\/DSC_8608-copie-768x611.jpg 768w\" sizes=\"(max-width: 1024px) 100vw, 1024px\" \/><img loading=\"lazy\" decoding=\"async\" class=\"alignnone size-large wp-image-2760\" src=\"http:\/\/www.delalumiereauxyeux-photo.fr\/wp-content\/uploads\/2023\/04\/DSC_8642-copie-1024x419.jpg\" alt=\"Troph\u00e9e Tourisme Endurance 2 avril 2023 circuit Val de Vienne Le Vigeant photographe De la lumi\u00e8re aux yeux\" width=\"1024\" height=\"419\" srcset=\"https:\/\/www.delalumiereauxyeux-photo.fr\/wp-content\/uploads\/2023\/04\/DSC_8642-copie-1024x419.jpg 1024w, https:\/\/www.delalumiereauxyeux-photo.fr\/wp-content\/uploads\/2023\/04\/DSC_8642-copie-300x123.jpg 300w, https:\/\/www.delalumiereauxyeux-photo.fr\/wp-content\/uploads\/2023\/04\/DSC_8642-copie-768x314.jpg 768w\" sizes=\"(max-width: 1024px) 100vw, 1024px\" \/><img loading=\"lazy\" decoding=\"async\" class=\"alignnone size-large wp-image-2763\" src=\"http:\/\/www.delalumiereauxyeux-photo.fr\/wp-content\/uploads\/2023\/04\/DSC_8657-2-copie-1024x461.jpg\" alt=\"Troph\u00e9e Tourisme Endurance 2 avril 2023 circuit Val de Vienne Le Vigeant photographe De la lumi\u00e8re aux yeux\" width=\"1024\" height=\"461\" srcset=\"https:\/\/www.delalumiereauxyeux-photo.fr\/wp-content\/uploads\/2023\/04\/DSC_8657-2-copie-1024x461.jpg 1024w, https:\/\/www.delalumiereauxyeux-photo.fr\/wp-content\/uploads\/2023\/04\/DSC_8657-2-copie-300x135.jpg 300w, https:\/\/www.delalumiereauxyeux-photo.fr\/wp-content\/uploads\/2023\/04\/DSC_8657-2-copie-768x346.jpg 768w\" sizes=\"(max-width: 1024px) 100vw, 1024px\" \/><img loading=\"lazy\" decoding=\"async\" class=\"alignnone size-large wp-image-2764\" src=\"http:\/\/www.delalumiereauxyeux-photo.fr\/wp-content\/uploads\/2023\/04\/DSC_8701-copie-1024x721.jpg\" alt=\"Troph\u00e9e Tourisme Endurance 2 avril 2023 circuit Val de Vienne Le Vigeant photographe De la lumi\u00e8re aux yeux\" width=\"1024\" height=\"721\" srcset=\"https:\/\/www.delalumiereauxyeux-photo.fr\/wp-content\/uploads\/2023\/04\/DSC_8701-copie-1024x721.jpg 1024w, https:\/\/www.delalumiereauxyeux-photo.fr\/wp-content\/uploads\/2023\/04\/DSC_8701-copie-300x211.jpg 300w, https:\/\/www.delalumiereauxyeux-photo.fr\/wp-content\/uploads\/2023\/04\/DSC_8701-copie-768x540.jpg 768w\" sizes=\"(max-width: 1024px) 100vw, 1024px\" \/><img loading=\"lazy\" decoding=\"async\" class=\"alignnone size-large wp-image-2765\" src=\"http:\/\/www.delalumiereauxyeux-photo.fr\/wp-content\/uploads\/2023\/04\/DSC_8701-2-copie-1024x848.jpg\" alt=\"Troph\u00e9e Tourisme Endurance 2 avril 2023 circuit Val de Vienne Le Vigeant photographe De la lumi\u00e8re aux yeux\" width=\"1024\" height=\"848\" srcset=\"https:\/\/www.delalumiereauxyeux-photo.fr\/wp-content\/uploads\/2023\/04\/DSC_8701-2-copie-1024x848.jpg 1024w, https:\/\/www.delalumiereauxyeux-photo.fr\/wp-content\/uploads\/2023\/04\/DSC_8701-2-copie-300x248.jpg 300w, https:\/\/www.delalumiereauxyeux-photo.fr\/wp-content\/uploads\/2023\/04\/DSC_8701-2-copie-768x636.jpg 768w\" sizes=\"(max-width: 1024px) 100vw, 1024px\" \/><img loading=\"lazy\" decoding=\"async\" class=\"alignnone size-large wp-image-2766\" src=\"http:\/\/www.delalumiereauxyeux-photo.fr\/wp-content\/uploads\/2023\/04\/DSC_8709-copie-1024x683.jpg\" alt=\"Troph\u00e9e Tourisme Endurance 2 avril 2023 circuit Val de Vienne Le Vigeant photographe De la lumi\u00e8re aux yeux\" width=\"1024\" height=\"683\" srcset=\"https:\/\/www.delalumiereauxyeux-photo.fr\/wp-content\/uploads\/2023\/04\/DSC_8709-copie-1024x683.jpg 1024w, https:\/\/www.delalumiereauxyeux-photo.fr\/wp-content\/uploads\/2023\/04\/DSC_8709-copie-300x200.jpg 300w, https:\/\/www.delalumiereauxyeux-photo.fr\/wp-content\/uploads\/2023\/04\/DSC_8709-copie-768x512.jpg 768w\" sizes=\"(max-width: 1024px) 100vw, 1024px\" \/><img loading=\"lazy\" decoding=\"async\" class=\"alignnone size-large wp-image-2767\" src=\"http:\/\/www.delalumiereauxyeux-photo.fr\/wp-content\/uploads\/2023\/04\/DSC_8721-copie-1024x495.jpg\" alt=\"Troph\u00e9e Tourisme Endurance 2 avril 2023 circuit Val de Vienne Le Vigeant photographe De la lumi\u00e8re aux yeux\" width=\"1024\" height=\"495\" srcset=\"https:\/\/www.delalumiereauxyeux-photo.fr\/wp-content\/uploads\/2023\/04\/DSC_8721-copie-1024x495.jpg 1024w, https:\/\/www.delalumiereauxyeux-photo.fr\/wp-content\/uploads\/2023\/04\/DSC_8721-copie-300x145.jpg 300w, https:\/\/www.delalumiereauxyeux-photo.fr\/wp-content\/uploads\/2023\/04\/DSC_8721-copie-768x371.jpg 768w\" sizes=\"(max-width: 1024px) 100vw, 1024px\" \/><img loading=\"lazy\" decoding=\"async\" class=\"alignnone size-large wp-image-2768\" src=\"http:\/\/www.delalumiereauxyeux-photo.fr\/wp-content\/uploads\/2023\/04\/DSC_8744-copie-1024x640.jpg\" alt=\"Troph\u00e9e Tourisme Endurance 2 avril 2023 circuit Val de Vienne Le Vigeant photographe De la lumi\u00e8re aux yeux\" width=\"1024\" height=\"640\" srcset=\"https:\/\/www.delalumiereauxyeux-photo.fr\/wp-content\/uploads\/2023\/04\/DSC_8744-copie-1024x640.jpg 1024w, https:\/\/www.delalumiereauxyeux-photo.fr\/wp-content\/uploads\/2023\/04\/DSC_8744-copie-300x188.jpg 300w, https:\/\/www.delalumiereauxyeux-photo.fr\/wp-content\/uploads\/2023\/04\/DSC_8744-copie-768x480.jpg 768w\" sizes=\"(max-width: 1024px) 100vw, 1024px\" \/><img loading=\"lazy\" decoding=\"async\" class=\"alignnone size-large wp-image-2769\" src=\"http:\/\/www.delalumiereauxyeux-photo.fr\/wp-content\/uploads\/2023\/04\/DSC_8760-copie-1024x712.jpg\" alt=\"Troph\u00e9e Tourisme Endurance 2 avril 2023 circuit Val de Vienne Le Vigeant photographe De la lumi\u00e8re aux yeux\" width=\"1024\" height=\"712\" srcset=\"https:\/\/www.delalumiereauxyeux-photo.fr\/wp-content\/uploads\/2023\/04\/DSC_8760-copie-1024x712.jpg 1024w, https:\/\/www.delalumiereauxyeux-photo.fr\/wp-content\/uploads\/2023\/04\/DSC_8760-copie-300x209.jpg 300w, https:\/\/www.delalumiereauxyeux-photo.fr\/wp-content\/uploads\/2023\/04\/DSC_8760-copie-768x534.jpg 768w\" sizes=\"(max-width: 1024px) 100vw, 1024px\" \/><img loading=\"lazy\" decoding=\"async\" class=\"alignnone size-large wp-image-2770\" src=\"http:\/\/www.delalumiereauxyeux-photo.fr\/wp-content\/uploads\/2023\/04\/DSC_8762-copie-1024x543.jpg\" alt=\"Troph\u00e9e Tourisme Endurance 2 avril 2023 circuit Val de Vienne Le Vigeant photographe De la lumi\u00e8re aux yeux\" width=\"1024\" height=\"543\" srcset=\"https:\/\/www.delalumiereauxyeux-photo.fr\/wp-content\/uploads\/2023\/04\/DSC_8762-copie-1024x543.jpg 1024w, https:\/\/www.delalumiereauxyeux-photo.fr\/wp-content\/uploads\/2023\/04\/DSC_8762-copie-300x159.jpg 300w, https:\/\/www.delalumiereauxyeux-photo.fr\/wp-content\/uploads\/2023\/04\/DSC_8762-copie-768x407.jpg 768w\" sizes=\"(max-width: 1024px) 100vw, 1024px\" \/><img loading=\"lazy\" decoding=\"async\" class=\"alignnone size-large wp-image-2771\" src=\"http:\/\/www.delalumiereauxyeux-photo.fr\/wp-content\/uploads\/2023\/04\/DSC_8783-copie-1024x499.jpg\" alt=\"Troph\u00e9e Tourisme Endurance 2 avril 2023 circuit Val de Vienne Le Vigeant photographe De la lumi\u00e8re aux yeux\" width=\"1024\" height=\"499\" srcset=\"https:\/\/www.delalumiereauxyeux-photo.fr\/wp-content\/uploads\/2023\/04\/DSC_8783-copie-1024x499.jpg 1024w, https:\/\/www.delalumiereauxyeux-photo.fr\/wp-content\/uploads\/2023\/04\/DSC_8783-copie-300x146.jpg 300w, https:\/\/www.delalumiereauxyeux-photo.fr\/wp-content\/uploads\/2023\/04\/DSC_8783-copie-768x374.jpg 768w\" sizes=\"(max-width: 1024px) 100vw, 1024px\" \/><img loading=\"lazy\" decoding=\"async\" class=\"alignnone size-large wp-image-2772\" src=\"http:\/\/www.delalumiereauxyeux-photo.fr\/wp-content\/uploads\/2023\/04\/DSC_8798-copie-1024x641.jpg\" alt=\"Troph\u00e9e Tourisme Endurance 2 avril 2023 circuit Val de Vienne Le Vigeant photographe De la lumi\u00e8re aux yeux\" width=\"1024\" height=\"641\" srcset=\"https:\/\/www.delalumiereauxyeux-photo.fr\/wp-content\/uploads\/2023\/04\/DSC_8798-copie-1024x641.jpg 1024w, https:\/\/www.delalumiereauxyeux-photo.fr\/wp-content\/uploads\/2023\/04\/DSC_8798-copie-300x188.jpg 300w, https:\/\/www.delalumiereauxyeux-photo.fr\/wp-content\/uploads\/2023\/04\/DSC_8798-copie-768x481.jpg 768w\" sizes=\"(max-width: 1024px) 100vw, 1024px\" \/><\/p>\n<p>\u00a9 Tous droits r\u00e9serv\u00e9s 2023<\/p>\n<p>Merci \u00e0 Alexia, Sophie, ainsi qu&rsquo;\u00e0 toutes les personnes que j&rsquo;ai pu rencontrer cette journ\u00e9e!<\/p>\n<p>Vous pouvez \u00e9galement m&rsquo;envoyer vos noms, pr\u00e9noms, voiture(s), teams, dates et lieux o\u00f9 vous serez en 2023&nbsp;<a href=\"https:\/\/www.delalumiereauxyeux-photo.fr\/?page_id=2430\">Contact &#8211; De la lumi\u00e8re aux yeux (delalumiereauxyeux-photo.fr)<\/a> !<\/p>\n<p>Vous pouvez \u00e9galement me laisser vos commentaire sur cet article.<\/p>\n<p>A bient\u00f4t! \ud83d\ude42<\/p>\n<p>Ang\u00e9lique.<\/p>\n<p>Vous pouvez me retrouver sur :<\/p>\n<ul>\n<li>Facebook&nbsp;<a href=\"https:\/\/www.facebook.com\/DelalumiereauxyeuxPhotographe\">Delalumi\u00e8reauxyeux Photographe | Erceville | Facebook<\/a><\/li>\n<li>Instagram&nbsp;<a href=\"https:\/\/www.instagram.com\/angiephoto28\/\">Angie (@angiephoto28) \u2022 Photos et vid\u00e9os Instagram<\/a><\/li>\n<li>site www.delalumiereauxyeux.fr<\/li>\n<\/ul>\n<p><em>Les photos sont compress\u00e9es pour le blog et n&rsquo;ont pas leur qualit\u00e9 optimale.<\/em><\/p>\n","protected":false},"excerpt":{"rendered":"<p>Une premi\u00e8re pour moi sur ce circuit et cet \u00e9v\u00e8nement et \u00e9galement le premier week-end de la saison 2023 sous la pluie pour le Troph\u00e9e Tourisme Endurance, mais un beau circuit et de belles voitures! Pour la journ\u00e9e de dimanche 2 avril 2023, au programme : Free Proto, Mitjet, Formule Renault Cup, TTE Pirelli Series, [&hellip;]<\/p>\n","protected":false},"author":1,"featured_media":0,"comment_status":"open","ping_status":"closed","sticky":false,"template":"","format":"standard","meta":{"_monsterinsights_skip_tracking":false,"_monsterinsights_sitenote_active":false,"_monsterinsights_sitenote_note":"","_monsterinsights_sitenote_category":0,"footnotes":""},"categories":[1],"tags":[],"yoast_head":"<!-- This site is optimized with the Yoast SEO plugin v22.2 - https:\/\/yoast.com\/wordpress\/plugins\/seo\/ -->\n<title>Troph\u00e9e Tourisme Endurance au circuit Val de Vienne Le Vigeant - De la lumi\u00e8re aux yeux<\/title>\n<meta name=\"robots\" content=\"index, follow, max-snippet:-1, max-image-preview:large, max-video-preview:-1\" \/>\n<link rel=\"canonical\" href=\"https:\/\/www.delalumiereauxyeux-photo.fr\/?p=2773\" \/>\n<meta property=\"og:locale\" content=\"fr_FR\" \/>\n<meta property=\"og:type\" content=\"article\" \/>\n<meta property=\"og:title\" content=\"Troph\u00e9e Tourisme Endurance au circuit Val de Vienne Le Vigeant - De la lumi\u00e8re aux yeux\" \/>\n<meta property=\"og:description\" content=\"Une premi\u00e8re pour moi sur ce circuit et cet \u00e9v\u00e8nement et \u00e9galement le premier week-end de la saison 2023 sous la pluie pour le Troph\u00e9e Tourisme Endurance, mais un beau circuit et de belles voitures! Pour la journ\u00e9e de dimanche 2 avril 2023, au programme : Free Proto, Mitjet, Formule Renault Cup, TTE Pirelli Series, [&hellip;]\" \/>\n<meta property=\"og:url\" content=\"https:\/\/www.delalumiereauxyeux-photo.fr\/?p=2773\" \/>\n<meta property=\"og:site_name\" content=\"De la lumi\u00e8re aux yeux\" \/>\n<meta property=\"article:author\" content=\"https:\/\/www.facebook.com\/angelique.delalumiereauxyeux.5?__tn__=dlC-RHH-R-R&amp;eid=ARDORkTB_yutZsrVTEEeZ0LAobESxObVoalsaetnRjmZdhewjwojedF8h09RZ8oly8_ro0dEnvSLIUeS&amp;hc_ref=ARSbH4jjDNc2QSSUZPjZH0vrxiNgcNzLcrprkTea6WAzZ09DAHcjGeYU5y5PXqG08Ac\" \/>\n<meta property=\"article:published_time\" content=\"2023-04-06T15:34:43+00:00\" \/>\n<meta property=\"article:modified_time\" content=\"2024-01-06T14:02:48+00:00\" \/>\n<meta property=\"og:image\" content=\"http:\/\/www.delalumiereauxyeux-photo.fr\/wp-content\/uploads\/2023\/04\/DSC_7346-copie-1024x610.jpg\" \/>\n<meta name=\"author\" content=\"delalumiereauxyeux\" \/>\n<meta name=\"twitter:card\" content=\"summary_large_image\" \/>\n<meta name=\"twitter:label1\" content=\"\u00c9crit par\" \/>\n\t<meta name=\"twitter:data1\" content=\"delalumiereauxyeux\" \/>\n\t<meta name=\"twitter:label2\" content=\"Dur\u00e9e de lecture estim\u00e9e\" \/>\n\t<meta name=\"twitter:data2\" content=\"30 minutes\" \/>\n<script type=\"application\/ld+json\" class=\"yoast-schema-graph\">{\"@context\":\"https:\/\/schema.org\",\"@graph\":[{\"@type\":\"WebPage\",\"@id\":\"https:\/\/www.delalumiereauxyeux-photo.fr\/?p=2773\",\"url\":\"https:\/\/www.delalumiereauxyeux-photo.fr\/?p=2773\",\"name\":\"Troph\u00e9e Tourisme Endurance au circuit Val de Vienne Le Vigeant - De la lumi\u00e8re aux yeux\",\"isPartOf\":{\"@id\":\"https:\/\/www.delalumiereauxyeux-photo.fr\/#website\"},\"primaryImageOfPage\":{\"@id\":\"https:\/\/www.delalumiereauxyeux-photo.fr\/?p=2773#primaryimage\"},\"image\":{\"@id\":\"https:\/\/www.delalumiereauxyeux-photo.fr\/?p=2773#primaryimage\"},\"thumbnailUrl\":\"http:\/\/www.delalumiereauxyeux-photo.fr\/wp-content\/uploads\/2023\/04\/DSC_7346-copie-1024x610.jpg\",\"datePublished\":\"2023-04-06T15:34:43+00:00\",\"dateModified\":\"2024-01-06T14:02:48+00:00\",\"author\":{\"@id\":\"https:\/\/www.delalumiereauxyeux-photo.fr\/#\/schema\/person\/fbdc98761dd92f98cdb911153e949213\"},\"breadcrumb\":{\"@id\":\"https:\/\/www.delalumiereauxyeux-photo.fr\/?p=2773#breadcrumb\"},\"inLanguage\":\"fr-FR\",\"potentialAction\":[{\"@type\":\"ReadAction\",\"target\":[\"https:\/\/www.delalumiereauxyeux-photo.fr\/?p=2773\"]}]},{\"@type\":\"ImageObject\",\"inLanguage\":\"fr-FR\",\"@id\":\"https:\/\/www.delalumiereauxyeux-photo.fr\/?p=2773#primaryimage\",\"url\":\"http:\/\/www.delalumiereauxyeux-photo.fr\/wp-content\/uploads\/2023\/04\/DSC_7346-copie-1024x610.jpg\",\"contentUrl\":\"http:\/\/www.delalumiereauxyeux-photo.fr\/wp-content\/uploads\/2023\/04\/DSC_7346-copie-1024x610.jpg\"},{\"@type\":\"BreadcrumbList\",\"@id\":\"https:\/\/www.delalumiereauxyeux-photo.fr\/?p=2773#breadcrumb\",\"itemListElement\":[{\"@type\":\"ListItem\",\"position\":1,\"name\":\"Accueil\",\"item\":\"https:\/\/www.delalumiereauxyeux-photo.fr\/\"},{\"@type\":\"ListItem\",\"position\":2,\"name\":\"Troph\u00e9e Tourisme Endurance au circuit Val de Vienne Le Vigeant\"}]},{\"@type\":\"WebSite\",\"@id\":\"https:\/\/www.delalumiereauxyeux-photo.fr\/#website\",\"url\":\"https:\/\/www.delalumiereauxyeux-photo.fr\/\",\"name\":\"De la lumi\u00e8re aux yeux\",\"description\":\"De la lumi\u00e8re aux yeux\",\"potentialAction\":[{\"@type\":\"SearchAction\",\"target\":{\"@type\":\"EntryPoint\",\"urlTemplate\":\"https:\/\/www.delalumiereauxyeux-photo.fr\/?s={search_term_string}\"},\"query-input\":\"required name=search_term_string\"}],\"inLanguage\":\"fr-FR\"},{\"@type\":\"Person\",\"@id\":\"https:\/\/www.delalumiereauxyeux-photo.fr\/#\/schema\/person\/fbdc98761dd92f98cdb911153e949213\",\"name\":\"delalumiereauxyeux\",\"image\":{\"@type\":\"ImageObject\",\"inLanguage\":\"fr-FR\",\"@id\":\"https:\/\/www.delalumiereauxyeux-photo.fr\/#\/schema\/person\/image\/\",\"url\":\"https:\/\/secure.gravatar.com\/avatar\/8fecce8824b60e8618943375d4f3666c?s=96&d=mm&r=g\",\"contentUrl\":\"https:\/\/secure.gravatar.com\/avatar\/8fecce8824b60e8618943375d4f3666c?s=96&d=mm&r=g\",\"caption\":\"delalumiereauxyeux\"},\"sameAs\":[\"https:\/\/www.facebook.com\/angelique.delalumiereauxyeux.5?__tn__=dlC-RHH-R-R&eid=ARDORkTB_yutZsrVTEEeZ0LAobESxObVoalsaetnRjmZdhewjwojedF8h09RZ8oly8_ro0dEnvSLIUeS&hc_ref=ARSbH4jjDNc2QSSUZPjZH0vrxiNgcNzLcrprkTea6WAzZ09DAHcjGeYU5y5PXqG08Ac\",\"https:\/\/www.instagram.com\/angiephoto28\/\",\"https:\/\/www.linkedin.com\/in\/anglique-de-la-lumire-aux-yeux-65418826b\/\"]}]}<\/script>\n<!-- \/ Yoast SEO plugin. -->","yoast_head_json":{"title":"Troph\u00e9e Tourisme Endurance au circuit Val de Vienne Le Vigeant - De la lumi\u00e8re aux yeux","robots":{"index":"index","follow":"follow","max-snippet":"max-snippet:-1","max-image-preview":"max-image-preview:large","max-video-preview":"max-video-preview:-1"},"canonical":"https:\/\/www.delalumiereauxyeux-photo.fr\/?p=2773","og_locale":"fr_FR","og_type":"article","og_title":"Troph\u00e9e Tourisme Endurance au circuit Val de Vienne Le Vigeant - De la lumi\u00e8re aux yeux","og_description":"Une premi\u00e8re pour moi sur ce circuit et cet \u00e9v\u00e8nement et \u00e9galement le premier week-end de la saison 2023 sous la pluie pour le Troph\u00e9e Tourisme Endurance, mais un beau circuit et de belles voitures! Pour la journ\u00e9e de dimanche 2 avril 2023, au programme : Free Proto, Mitjet, Formule Renault Cup, TTE Pirelli Series, [&hellip;]","og_url":"https:\/\/www.delalumiereauxyeux-photo.fr\/?p=2773","og_site_name":"De la lumi\u00e8re aux yeux","article_author":"https:\/\/www.facebook.com\/angelique.delalumiereauxyeux.5?__tn__=dlC-RHH-R-R&eid=ARDORkTB_yutZsrVTEEeZ0LAobESxObVoalsaetnRjmZdhewjwojedF8h09RZ8oly8_ro0dEnvSLIUeS&hc_ref=ARSbH4jjDNc2QSSUZPjZH0vrxiNgcNzLcrprkTea6WAzZ09DAHcjGeYU5y5PXqG08Ac","article_published_time":"2023-04-06T15:34:43+00:00","article_modified_time":"2024-01-06T14:02:48+00:00","og_image":[{"url":"http:\/\/www.delalumiereauxyeux-photo.fr\/wp-content\/uploads\/2023\/04\/DSC_7346-copie-1024x610.jpg"}],"author":"delalumiereauxyeux","twitter_card":"summary_large_image","twitter_misc":{"\u00c9crit par":"delalumiereauxyeux","Dur\u00e9e de lecture estim\u00e9e":"30 minutes"},"schema":{"@context":"https:\/\/schema.org","@graph":[{"@type":"WebPage","@id":"https:\/\/www.delalumiereauxyeux-photo.fr\/?p=2773","url":"https:\/\/www.delalumiereauxyeux-photo.fr\/?p=2773","name":"Troph\u00e9e Tourisme Endurance au circuit Val de Vienne Le Vigeant - De la lumi\u00e8re aux yeux","isPartOf":{"@id":"https:\/\/www.delalumiereauxyeux-photo.fr\/#website"},"primaryImageOfPage":{"@id":"https:\/\/www.delalumiereauxyeux-photo.fr\/?p=2773#primaryimage"},"image":{"@id":"https:\/\/www.delalumiereauxyeux-photo.fr\/?p=2773#primaryimage"},"thumbnailUrl":"http:\/\/www.delalumiereauxyeux-photo.fr\/wp-content\/uploads\/2023\/04\/DSC_7346-copie-1024x610.jpg","datePublished":"2023-04-06T15:34:43+00:00","dateModified":"2024-01-06T14:02:48+00:00","author":{"@id":"https:\/\/www.delalumiereauxyeux-photo.fr\/#\/schema\/person\/fbdc98761dd92f98cdb911153e949213"},"breadcrumb":{"@id":"https:\/\/www.delalumiereauxyeux-photo.fr\/?p=2773#breadcrumb"},"inLanguage":"fr-FR","potentialAction":[{"@type":"ReadAction","target":["https:\/\/www.delalumiereauxyeux-photo.fr\/?p=2773"]}]},{"@type":"ImageObject","inLanguage":"fr-FR","@id":"https:\/\/www.delalumiereauxyeux-photo.fr\/?p=2773#primaryimage","url":"http:\/\/www.delalumiereauxyeux-photo.fr\/wp-content\/uploads\/2023\/04\/DSC_7346-copie-1024x610.jpg","contentUrl":"http:\/\/www.delalumiereauxyeux-photo.fr\/wp-content\/uploads\/2023\/04\/DSC_7346-copie-1024x610.jpg"},{"@type":"BreadcrumbList","@id":"https:\/\/www.delalumiereauxyeux-photo.fr\/?p=2773#breadcrumb","itemListElement":[{"@type":"ListItem","position":1,"name":"Accueil","item":"https:\/\/www.delalumiereauxyeux-photo.fr\/"},{"@type":"ListItem","position":2,"name":"Troph\u00e9e Tourisme Endurance au circuit Val de Vienne Le Vigeant"}]},{"@type":"WebSite","@id":"https:\/\/www.delalumiereauxyeux-photo.fr\/#website","url":"https:\/\/www.delalumiereauxyeux-photo.fr\/","name":"De la lumi\u00e8re aux yeux","description":"De la lumi\u00e8re aux yeux","potentialAction":[{"@type":"SearchAction","target":{"@type":"EntryPoint","urlTemplate":"https:\/\/www.delalumiereauxyeux-photo.fr\/?s={search_term_string}"},"query-input":"required name=search_term_string"}],"inLanguage":"fr-FR"},{"@type":"Person","@id":"https:\/\/www.delalumiereauxyeux-photo.fr\/#\/schema\/person\/fbdc98761dd92f98cdb911153e949213","name":"delalumiereauxyeux","image":{"@type":"ImageObject","inLanguage":"fr-FR","@id":"https:\/\/www.delalumiereauxyeux-photo.fr\/#\/schema\/person\/image\/","url":"https:\/\/secure.gravatar.com\/avatar\/8fecce8824b60e8618943375d4f3666c?s=96&d=mm&r=g","contentUrl":"https:\/\/secure.gravatar.com\/avatar\/8fecce8824b60e8618943375d4f3666c?s=96&d=mm&r=g","caption":"delalumiereauxyeux"},"sameAs":["https:\/\/www.facebook.com\/angelique.delalumiereauxyeux.5?__tn__=dlC-RHH-R-R&eid=ARDORkTB_yutZsrVTEEeZ0LAobESxObVoalsaetnRjmZdhewjwojedF8h09RZ8oly8_ro0dEnvSLIUeS&hc_ref=ARSbH4jjDNc2QSSUZPjZH0vrxiNgcNzLcrprkTea6WAzZ09DAHcjGeYU5y5PXqG08Ac","https:\/\/www.instagram.com\/angiephoto28\/","https:\/\/www.linkedin.com\/in\/anglique-de-la-lumire-aux-yeux-65418826b\/"]}]}},"_links":{"self":[{"href":"https:\/\/www.delalumiereauxyeux-photo.fr\/index.php?rest_route=\/wp\/v2\/posts\/2773"}],"collection":[{"href":"https:\/\/www.delalumiereauxyeux-photo.fr\/index.php?rest_route=\/wp\/v2\/posts"}],"about":[{"href":"https:\/\/www.delalumiereauxyeux-photo.fr\/index.php?rest_route=\/wp\/v2\/types\/post"}],"author":[{"embeddable":true,"href":"https:\/\/www.delalumiereauxyeux-photo.fr\/index.php?rest_route=\/wp\/v2\/users\/1"}],"replies":[{"embeddable":true,"href":"https:\/\/www.delalumiereauxyeux-photo.fr\/index.php?rest_route=%2Fwp%2Fv2%2Fcomments&post=2773"}],"version-history":[{"count":12,"href":"https:\/\/www.delalumiereauxyeux-photo.fr\/index.php?rest_route=\/wp\/v2\/posts\/2773\/revisions"}],"predecessor-version":[{"id":4941,"href":"https:\/\/www.delalumiereauxyeux-photo.fr\/index.php?rest_route=\/wp\/v2\/posts\/2773\/revisions\/4941"}],"wp:attachment":[{"href":"https:\/\/www.delalumiereauxyeux-photo.fr\/index.php?rest_route=%2Fwp%2Fv2%2Fmedia&parent=2773"}],"wp:term":[{"taxonomy":"category","embeddable":true,"href":"https:\/\/www.delalumiereauxyeux-photo.fr\/index.php?rest_route=%2Fwp%2Fv2%2Fcategories&post=2773"},{"taxonomy":"post_tag","embeddable":true,"href":"https:\/\/www.delalumiereauxyeux-photo.fr\/index.php?rest_route=%2Fwp%2Fv2%2Ftags&post=2773"}],"curies":[{"name":"wp","href":"https:\/\/api.w.org\/{rel}","templated":true}]}}