{"id":2821,"date":"2023-04-11T20:16:58","date_gmt":"2023-04-11T20:16:58","guid":{"rendered":"http:\/\/www.delalumiereauxyeux-photo.fr\/?p=2821"},"modified":"2024-01-06T14:07:46","modified_gmt":"2024-01-06T14:07:46","slug":"rallye-de-blere-2023","status":"publish","type":"post","link":"https:\/\/www.delalumiereauxyeux-photo.fr\/?p=2821","title":{"rendered":"Rallye de Bl\u00e9r\u00e9 2023"},"content":{"rendered":"<p>Ce dimanche 9 avril 2023 a eu lieu le 36e Rallye R\u00e9gional Autocourse et le 2e Rallye R\u00e9gional VHC Autocourse de Bl\u00e9r\u00e9.<\/p>\n<p>Une tr\u00e8s belle r\u00e9gion, avec le beau temps au rendez-vous et de beaux coups de soleil sur le visage!:-)<\/p>\n<p>Je commence cet article par le Parc Ferm\u00e9, l&rsquo;ES1 puis les VHC sur ES5. Ensuite, tous les v\u00e9hicules modernes sur ES5 et le podium. Merci \u00e0 celles et ceux qui ont pris le temps de faire un \u00ab\u00a0coucou\u00a0\u00bb!\u00a0 \ud83d\ude42<img loading=\"lazy\" decoding=\"async\" class=\"alignnone size-large wp-image-2787\" src=\"http:\/\/www.delalumiereauxyeux-photo.fr\/wp-content\/uploads\/2023\/04\/DSC_9056-copie-1024x642.jpg\" alt=\"Rallye de Bl\u00e9r\u00e9 2023 photographe De la lumi\u00e8re aux yeux\" width=\"1024\" height=\"642\" srcset=\"https:\/\/www.delalumiereauxyeux-photo.fr\/wp-content\/uploads\/2023\/04\/DSC_9056-copie-1024x642.jpg 1024w, https:\/\/www.delalumiereauxyeux-photo.fr\/wp-content\/uploads\/2023\/04\/DSC_9056-copie-300x188.jpg 300w, https:\/\/www.delalumiereauxyeux-photo.fr\/wp-content\/uploads\/2023\/04\/DSC_9056-copie-768x481.jpg 768w\" sizes=\"(max-width: 1024px) 100vw, 1024px\" \/><img loading=\"lazy\" decoding=\"async\" class=\"alignnone size-large wp-image-2786\" src=\"http:\/\/www.delalumiereauxyeux-photo.fr\/wp-content\/uploads\/2023\/04\/DSC_9031-copie-1024x576.jpg\" alt=\"Rallye de Bl\u00e9r\u00e9 2023 photographe De la lumi\u00e8re aux yeux\" width=\"1024\" height=\"576\" srcset=\"https:\/\/www.delalumiereauxyeux-photo.fr\/wp-content\/uploads\/2023\/04\/DSC_9031-copie-1024x576.jpg 1024w, https:\/\/www.delalumiereauxyeux-photo.fr\/wp-content\/uploads\/2023\/04\/DSC_9031-copie-300x169.jpg 300w, https:\/\/www.delalumiereauxyeux-photo.fr\/wp-content\/uploads\/2023\/04\/DSC_9031-copie-768x432.jpg 768w\" sizes=\"(max-width: 1024px) 100vw, 1024px\" \/><img loading=\"lazy\" decoding=\"async\" class=\"alignnone size-large wp-image-2788\" src=\"http:\/\/www.delalumiereauxyeux-photo.fr\/wp-content\/uploads\/2023\/04\/DSC_9057-copie-1024x795.jpg\" alt=\"Rallye de Bl\u00e9r\u00e9 2023 photographe De la lumi\u00e8re aux yeux\" width=\"1024\" height=\"795\" srcset=\"https:\/\/www.delalumiereauxyeux-photo.fr\/wp-content\/uploads\/2023\/04\/DSC_9057-copie-1024x795.jpg 1024w, https:\/\/www.delalumiereauxyeux-photo.fr\/wp-content\/uploads\/2023\/04\/DSC_9057-copie-300x233.jpg 300w, https:\/\/www.delalumiereauxyeux-photo.fr\/wp-content\/uploads\/2023\/04\/DSC_9057-copie-768x596.jpg 768w\" sizes=\"(max-width: 1024px) 100vw, 1024px\" \/><img loading=\"lazy\" decoding=\"async\" class=\"alignnone size-large wp-image-2789\" src=\"http:\/\/www.delalumiereauxyeux-photo.fr\/wp-content\/uploads\/2023\/04\/DSC_9062-copie-1024x823.jpg\" alt=\"Rallye de Bl\u00e9r\u00e9 2023 photographe De la lumi\u00e8re aux yeux\" width=\"1024\" height=\"823\" srcset=\"https:\/\/www.delalumiereauxyeux-photo.fr\/wp-content\/uploads\/2023\/04\/DSC_9062-copie-1024x823.jpg 1024w, https:\/\/www.delalumiereauxyeux-photo.fr\/wp-content\/uploads\/2023\/04\/DSC_9062-copie-300x241.jpg 300w, https:\/\/www.delalumiereauxyeux-photo.fr\/wp-content\/uploads\/2023\/04\/DSC_9062-copie-768x617.jpg 768w\" sizes=\"(max-width: 1024px) 100vw, 1024px\" \/><img loading=\"lazy\" decoding=\"async\" class=\"alignnone size-large wp-image-2791\" src=\"http:\/\/www.delalumiereauxyeux-photo.fr\/wp-content\/uploads\/2023\/04\/DSC_9067-copie-838x1024.jpg\" alt=\"Rallye de Bl\u00e9r\u00e9 2023 photographe De la lumi\u00e8re aux yeux\" width=\"838\" height=\"1024\" srcset=\"https:\/\/www.delalumiereauxyeux-photo.fr\/wp-content\/uploads\/2023\/04\/DSC_9067-copie-838x1024.jpg 838w, https:\/\/www.delalumiereauxyeux-photo.fr\/wp-content\/uploads\/2023\/04\/DSC_9067-copie-246x300.jpg 246w, https:\/\/www.delalumiereauxyeux-photo.fr\/wp-content\/uploads\/2023\/04\/DSC_9067-copie-768x938.jpg 768w\" sizes=\"(max-width: 838px) 100vw, 838px\" \/><img loading=\"lazy\" decoding=\"async\" class=\"alignnone size-large wp-image-2790\" src=\"http:\/\/www.delalumiereauxyeux-photo.fr\/wp-content\/uploads\/2023\/04\/DSC_9064-copie-1024x666.jpg\" alt=\"Rallye de Bl\u00e9r\u00e9 2023 photographe De la lumi\u00e8re aux yeux\" width=\"1024\" height=\"666\" srcset=\"https:\/\/www.delalumiereauxyeux-photo.fr\/wp-content\/uploads\/2023\/04\/DSC_9064-copie-1024x666.jpg 1024w, https:\/\/www.delalumiereauxyeux-photo.fr\/wp-content\/uploads\/2023\/04\/DSC_9064-copie-300x195.jpg 300w, https:\/\/www.delalumiereauxyeux-photo.fr\/wp-content\/uploads\/2023\/04\/DSC_9064-copie-768x500.jpg 768w\" sizes=\"(max-width: 1024px) 100vw, 1024px\" \/><\/p>\n<p>ES1<\/p>\n<p>Alain MARTEAU\/ Vincent MARTEAU<img loading=\"lazy\" decoding=\"async\" class=\"alignnone size-large wp-image-2792\" src=\"http:\/\/www.delalumiereauxyeux-photo.fr\/wp-content\/uploads\/2023\/04\/DSC_9083-copie-1024x634.jpg\" alt=\"Rallye de Bl\u00e9r\u00e9 2023 photographe De la lumi\u00e8re aux yeux\" width=\"1024\" height=\"634\" srcset=\"https:\/\/www.delalumiereauxyeux-photo.fr\/wp-content\/uploads\/2023\/04\/DSC_9083-copie-1024x634.jpg 1024w, https:\/\/www.delalumiereauxyeux-photo.fr\/wp-content\/uploads\/2023\/04\/DSC_9083-copie-300x186.jpg 300w, https:\/\/www.delalumiereauxyeux-photo.fr\/wp-content\/uploads\/2023\/04\/DSC_9083-copie-768x476.jpg 768w\" sizes=\"(max-width: 1024px) 100vw, 1024px\" \/><\/p>\n<p>Noelic SOLNAIS\/Paul BENETEAU<img loading=\"lazy\" decoding=\"async\" class=\"alignnone size-large wp-image-2793\" src=\"http:\/\/www.delalumiereauxyeux-photo.fr\/wp-content\/uploads\/2023\/04\/DSC_9339-copie-1013x1024.jpg\" alt=\"Rallye de Bl\u00e9r\u00e9 2023 photographe De la lumi\u00e8re aux yeux\" width=\"1013\" height=\"1024\" srcset=\"https:\/\/www.delalumiereauxyeux-photo.fr\/wp-content\/uploads\/2023\/04\/DSC_9339-copie-1013x1024.jpg 1013w, https:\/\/www.delalumiereauxyeux-photo.fr\/wp-content\/uploads\/2023\/04\/DSC_9339-copie-297x300.jpg 297w, https:\/\/www.delalumiereauxyeux-photo.fr\/wp-content\/uploads\/2023\/04\/DSC_9339-copie-768x777.jpg 768w\" sizes=\"(max-width: 1013px) 100vw, 1013px\" \/><\/p>\n<p>St\u00e9phane VESVRE\/Landry VERNAGEAU<img loading=\"lazy\" decoding=\"async\" class=\"alignnone size-large wp-image-2794\" src=\"http:\/\/www.delalumiereauxyeux-photo.fr\/wp-content\/uploads\/2023\/04\/DSC_9387-copie-1024x615.jpg\" alt=\"Rallye de Bl\u00e9r\u00e9 2023 photographe De la lumi\u00e8re aux yeux\" width=\"1024\" height=\"615\" srcset=\"https:\/\/www.delalumiereauxyeux-photo.fr\/wp-content\/uploads\/2023\/04\/DSC_9387-copie-1024x615.jpg 1024w, https:\/\/www.delalumiereauxyeux-photo.fr\/wp-content\/uploads\/2023\/04\/DSC_9387-copie-300x180.jpg 300w, https:\/\/www.delalumiereauxyeux-photo.fr\/wp-content\/uploads\/2023\/04\/DSC_9387-copie-768x461.jpg 768w\" sizes=\"(max-width: 1024px) 100vw, 1024px\" \/><\/p>\n<p>St\u00e9phane PELERIN\/Cyril GAUTIER<img loading=\"lazy\" decoding=\"async\" class=\"alignnone size-large wp-image-2795\" src=\"http:\/\/www.delalumiereauxyeux-photo.fr\/wp-content\/uploads\/2023\/04\/DSC_9409-copie-1024x525.jpg\" alt=\"Rallye de Bl\u00e9r\u00e9 2023 photographe De la lumi\u00e8re aux yeux\" width=\"1024\" height=\"525\" srcset=\"https:\/\/www.delalumiereauxyeux-photo.fr\/wp-content\/uploads\/2023\/04\/DSC_9409-copie-1024x525.jpg 1024w, https:\/\/www.delalumiereauxyeux-photo.fr\/wp-content\/uploads\/2023\/04\/DSC_9409-copie-300x154.jpg 300w, https:\/\/www.delalumiereauxyeux-photo.fr\/wp-content\/uploads\/2023\/04\/DSC_9409-copie-768x393.jpg 768w\" sizes=\"(max-width: 1024px) 100vw, 1024px\" \/><\/p>\n<p>Fr\u00e9d\u00e9ric JACQUOT\/Marc BARRY<img loading=\"lazy\" decoding=\"async\" class=\"alignnone size-large wp-image-2796\" src=\"http:\/\/www.delalumiereauxyeux-photo.fr\/wp-content\/uploads\/2023\/04\/DSC_9426-copie-1024x992.jpg\" alt=\"Rallye de Bl\u00e9r\u00e9 2023 photographe De la lumi\u00e8re aux yeux\" width=\"1024\" height=\"992\" srcset=\"https:\/\/www.delalumiereauxyeux-photo.fr\/wp-content\/uploads\/2023\/04\/DSC_9426-copie-1024x992.jpg 1024w, https:\/\/www.delalumiereauxyeux-photo.fr\/wp-content\/uploads\/2023\/04\/DSC_9426-copie-300x290.jpg 300w, https:\/\/www.delalumiereauxyeux-photo.fr\/wp-content\/uploads\/2023\/04\/DSC_9426-copie-768x744.jpg 768w, https:\/\/www.delalumiereauxyeux-photo.fr\/wp-content\/uploads\/2023\/04\/DSC_9426-copie.jpg 1765w\" sizes=\"(max-width: 1024px) 100vw, 1024px\" \/><img loading=\"lazy\" decoding=\"async\" class=\"alignnone size-large wp-image-2797\" src=\"http:\/\/www.delalumiereauxyeux-photo.fr\/wp-content\/uploads\/2023\/04\/DSC_9434-copie-1024x632.jpg\" alt=\"Rallye de Bl\u00e9r\u00e9 2023 photographe De la lumi\u00e8re aux yeux\" width=\"1024\" height=\"632\" srcset=\"https:\/\/www.delalumiereauxyeux-photo.fr\/wp-content\/uploads\/2023\/04\/DSC_9434-copie-1024x632.jpg 1024w, https:\/\/www.delalumiereauxyeux-photo.fr\/wp-content\/uploads\/2023\/04\/DSC_9434-copie-300x185.jpg 300w, https:\/\/www.delalumiereauxyeux-photo.fr\/wp-content\/uploads\/2023\/04\/DSC_9434-copie-768x474.jpg 768w\" sizes=\"(max-width: 1024px) 100vw, 1024px\" \/><\/p>\n<p>Jordan SOLNAIS\/Guilhem GAYER-BARRIOZ<img loading=\"lazy\" decoding=\"async\" class=\"alignnone size-large wp-image-2798\" src=\"http:\/\/www.delalumiereauxyeux-photo.fr\/wp-content\/uploads\/2023\/04\/DSC_9540-copie-1024x983.jpg\" alt=\"Rallye de Bl\u00e9r\u00e9 2023 photographe De la lumi\u00e8re aux yeux\" width=\"1024\" height=\"983\" srcset=\"https:\/\/www.delalumiereauxyeux-photo.fr\/wp-content\/uploads\/2023\/04\/DSC_9540-copie-1024x983.jpg 1024w, https:\/\/www.delalumiereauxyeux-photo.fr\/wp-content\/uploads\/2023\/04\/DSC_9540-copie-300x288.jpg 300w, https:\/\/www.delalumiereauxyeux-photo.fr\/wp-content\/uploads\/2023\/04\/DSC_9540-copie-768x737.jpg 768w\" sizes=\"(max-width: 1024px) 100vw, 1024px\" \/><img loading=\"lazy\" decoding=\"async\" class=\"alignnone size-large wp-image-2799\" src=\"http:\/\/www.delalumiereauxyeux-photo.fr\/wp-content\/uploads\/2023\/04\/DSC_9549-copie-1024x784.jpg\" alt=\"Rallye de Bl\u00e9r\u00e9 2023 photographe De la lumi\u00e8re aux yeux\" width=\"1024\" height=\"784\" srcset=\"https:\/\/www.delalumiereauxyeux-photo.fr\/wp-content\/uploads\/2023\/04\/DSC_9549-copie-1024x784.jpg 1024w, https:\/\/www.delalumiereauxyeux-photo.fr\/wp-content\/uploads\/2023\/04\/DSC_9549-copie-300x230.jpg 300w, https:\/\/www.delalumiereauxyeux-photo.fr\/wp-content\/uploads\/2023\/04\/DSC_9549-copie-768x588.jpg 768w\" sizes=\"(max-width: 1024px) 100vw, 1024px\" \/><img loading=\"lazy\" decoding=\"async\" class=\"alignnone size-large wp-image-2800\" src=\"http:\/\/www.delalumiereauxyeux-photo.fr\/wp-content\/uploads\/2023\/04\/DSC_9552-copie-1024x711.jpg\" alt=\"Rallye de Bl\u00e9r\u00e9 2023 photographe De la lumi\u00e8re aux yeux\" width=\"1024\" height=\"711\" srcset=\"https:\/\/www.delalumiereauxyeux-photo.fr\/wp-content\/uploads\/2023\/04\/DSC_9552-copie-1024x711.jpg 1024w, https:\/\/www.delalumiereauxyeux-photo.fr\/wp-content\/uploads\/2023\/04\/DSC_9552-copie-300x208.jpg 300w, https:\/\/www.delalumiereauxyeux-photo.fr\/wp-content\/uploads\/2023\/04\/DSC_9552-copie-768x533.jpg 768w\" sizes=\"(max-width: 1024px) 100vw, 1024px\" \/><\/p>\n<p>Cyrille GASNIER\/Ewen HERVET<img loading=\"lazy\" decoding=\"async\" class=\"alignnone size-large wp-image-2801\" src=\"http:\/\/www.delalumiereauxyeux-photo.fr\/wp-content\/uploads\/2023\/04\/DSC_9577-copie-1007x1024.jpg\" alt=\"Rallye de Bl\u00e9r\u00e9 2023 photographe De la lumi\u00e8re aux yeux\" width=\"1007\" height=\"1024\" srcset=\"https:\/\/www.delalumiereauxyeux-photo.fr\/wp-content\/uploads\/2023\/04\/DSC_9577-copie-1007x1024.jpg 1007w, https:\/\/www.delalumiereauxyeux-photo.fr\/wp-content\/uploads\/2023\/04\/DSC_9577-copie-295x300.jpg 295w, https:\/\/www.delalumiereauxyeux-photo.fr\/wp-content\/uploads\/2023\/04\/DSC_9577-copie-768x781.jpg 768w\" sizes=\"(max-width: 1007px) 100vw, 1007px\" \/><img loading=\"lazy\" decoding=\"async\" class=\"alignnone size-large wp-image-2802\" src=\"http:\/\/www.delalumiereauxyeux-photo.fr\/wp-content\/uploads\/2023\/04\/DSC_9587-copie-1024x595.jpg\" alt=\"Rallye de Bl\u00e9r\u00e9 2023 photographe De la lumi\u00e8re aux yeux\" width=\"1024\" height=\"595\" srcset=\"https:\/\/www.delalumiereauxyeux-photo.fr\/wp-content\/uploads\/2023\/04\/DSC_9587-copie-1024x595.jpg 1024w, https:\/\/www.delalumiereauxyeux-photo.fr\/wp-content\/uploads\/2023\/04\/DSC_9587-copie-300x174.jpg 300w, https:\/\/www.delalumiereauxyeux-photo.fr\/wp-content\/uploads\/2023\/04\/DSC_9587-copie-768x446.jpg 768w\" sizes=\"(max-width: 1024px) 100vw, 1024px\" \/><\/p>\n<p>Steven MOREAU\/Charly DUCATTEEUW<img loading=\"lazy\" decoding=\"async\" class=\"alignnone size-large wp-image-2803\" src=\"http:\/\/www.delalumiereauxyeux-photo.fr\/wp-content\/uploads\/2023\/04\/DSC_9610-copie-1024x758.jpg\" alt=\"Rallye de Bl\u00e9r\u00e9 2023 photographe De la lumi\u00e8re aux yeux\" width=\"1024\" height=\"758\" srcset=\"https:\/\/www.delalumiereauxyeux-photo.fr\/wp-content\/uploads\/2023\/04\/DSC_9610-copie-1024x758.jpg 1024w, https:\/\/www.delalumiereauxyeux-photo.fr\/wp-content\/uploads\/2023\/04\/DSC_9610-copie-300x222.jpg 300w, https:\/\/www.delalumiereauxyeux-photo.fr\/wp-content\/uploads\/2023\/04\/DSC_9610-copie-768x569.jpg 768w\" sizes=\"(max-width: 1024px) 100vw, 1024px\" \/><\/p>\n<p>Thierry LEGRAND\/Quentin LANGON<img loading=\"lazy\" decoding=\"async\" class=\"alignnone size-large wp-image-2804\" src=\"http:\/\/www.delalumiereauxyeux-photo.fr\/wp-content\/uploads\/2023\/04\/DSC_9628-copie-1024x678.jpg\" alt=\"Rallye de Bl\u00e9r\u00e9 2023 photographe De la lumi\u00e8re aux yeux\" width=\"1024\" height=\"678\" srcset=\"https:\/\/www.delalumiereauxyeux-photo.fr\/wp-content\/uploads\/2023\/04\/DSC_9628-copie-1024x678.jpg 1024w, https:\/\/www.delalumiereauxyeux-photo.fr\/wp-content\/uploads\/2023\/04\/DSC_9628-copie-300x199.jpg 300w, https:\/\/www.delalumiereauxyeux-photo.fr\/wp-content\/uploads\/2023\/04\/DSC_9628-copie-768x508.jpg 768w\" sizes=\"(max-width: 1024px) 100vw, 1024px\" \/><\/p>\n<p>Jean-Claude PELERIN\/Kevin PAPUCHON<img loading=\"lazy\" decoding=\"async\" class=\"alignnone size-large wp-image-2805\" src=\"http:\/\/www.delalumiereauxyeux-photo.fr\/wp-content\/uploads\/2023\/04\/DSC_9643-copie-1024x630.jpg\" alt=\"Rallye de Bl\u00e9r\u00e9 2023 photographe De la lumi\u00e8re aux yeux\" width=\"1024\" height=\"630\" srcset=\"https:\/\/www.delalumiereauxyeux-photo.fr\/wp-content\/uploads\/2023\/04\/DSC_9643-copie-1024x630.jpg 1024w, https:\/\/www.delalumiereauxyeux-photo.fr\/wp-content\/uploads\/2023\/04\/DSC_9643-copie-300x185.jpg 300w, https:\/\/www.delalumiereauxyeux-photo.fr\/wp-content\/uploads\/2023\/04\/DSC_9643-copie-768x473.jpg 768w\" sizes=\"(max-width: 1024px) 100vw, 1024px\" \/><img loading=\"lazy\" decoding=\"async\" class=\"alignnone size-large wp-image-2806\" src=\"http:\/\/www.delalumiereauxyeux-photo.fr\/wp-content\/uploads\/2023\/04\/DSC_9651-copie-1024x580.jpg\" alt=\"Rallye de Bl\u00e9r\u00e9 2023 photographe De la lumi\u00e8re aux yeux\" width=\"1024\" height=\"580\" srcset=\"https:\/\/www.delalumiereauxyeux-photo.fr\/wp-content\/uploads\/2023\/04\/DSC_9651-copie-1024x580.jpg 1024w, https:\/\/www.delalumiereauxyeux-photo.fr\/wp-content\/uploads\/2023\/04\/DSC_9651-copie-300x170.jpg 300w, https:\/\/www.delalumiereauxyeux-photo.fr\/wp-content\/uploads\/2023\/04\/DSC_9651-copie-768x435.jpg 768w\" sizes=\"(max-width: 1024px) 100vw, 1024px\" \/><\/p>\n<p>Corentin PINOT\/Ang\u00e9lique LIARD<img loading=\"lazy\" decoding=\"async\" class=\"alignnone size-large wp-image-2807\" src=\"http:\/\/www.delalumiereauxyeux-photo.fr\/wp-content\/uploads\/2023\/04\/DSC_9683-copie-1024x554.jpg\" alt=\"Rallye de Bl\u00e9r\u00e9 2023 photographe De la lumi\u00e8re aux yeux\" width=\"1024\" height=\"554\" srcset=\"https:\/\/www.delalumiereauxyeux-photo.fr\/wp-content\/uploads\/2023\/04\/DSC_9683-copie-1024x554.jpg 1024w, https:\/\/www.delalumiereauxyeux-photo.fr\/wp-content\/uploads\/2023\/04\/DSC_9683-copie-300x162.jpg 300w, https:\/\/www.delalumiereauxyeux-photo.fr\/wp-content\/uploads\/2023\/04\/DSC_9683-copie-768x416.jpg 768w\" sizes=\"(max-width: 1024px) 100vw, 1024px\" \/><img loading=\"lazy\" decoding=\"async\" class=\"alignnone size-large wp-image-2808\" src=\"http:\/\/www.delalumiereauxyeux-photo.fr\/wp-content\/uploads\/2023\/04\/DSC_9685-copie-1024x840.jpg\" alt=\"Rallye de Bl\u00e9r\u00e9 2023 photographe De la lumi\u00e8re aux yeux\" width=\"1024\" height=\"840\" srcset=\"https:\/\/www.delalumiereauxyeux-photo.fr\/wp-content\/uploads\/2023\/04\/DSC_9685-copie-1024x840.jpg 1024w, https:\/\/www.delalumiereauxyeux-photo.fr\/wp-content\/uploads\/2023\/04\/DSC_9685-copie-300x246.jpg 300w, https:\/\/www.delalumiereauxyeux-photo.fr\/wp-content\/uploads\/2023\/04\/DSC_9685-copie-768x630.jpg 768w\" sizes=\"(max-width: 1024px) 100vw, 1024px\" \/><img loading=\"lazy\" decoding=\"async\" class=\"alignnone size-large wp-image-2809\" src=\"http:\/\/www.delalumiereauxyeux-photo.fr\/wp-content\/uploads\/2023\/04\/DSC_9688-copie-1024x698.jpg\" alt=\"Rallye de Bl\u00e9r\u00e9 2023 photographe De la lumi\u00e8re aux yeux\" width=\"1024\" height=\"698\" srcset=\"https:\/\/www.delalumiereauxyeux-photo.fr\/wp-content\/uploads\/2023\/04\/DSC_9688-copie-1024x698.jpg 1024w, https:\/\/www.delalumiereauxyeux-photo.fr\/wp-content\/uploads\/2023\/04\/DSC_9688-copie-300x204.jpg 300w, https:\/\/www.delalumiereauxyeux-photo.fr\/wp-content\/uploads\/2023\/04\/DSC_9688-copie-768x523.jpg 768w\" sizes=\"(max-width: 1024px) 100vw, 1024px\" \/><\/p>\n<p>Jean-Michel BROUARD\/Ana\u00efs CHAUVET<img loading=\"lazy\" decoding=\"async\" class=\"alignnone size-large wp-image-2810\" src=\"http:\/\/www.delalumiereauxyeux-photo.fr\/wp-content\/uploads\/2023\/04\/DSC_9711-copie-1024x513.jpg\" alt=\"Rallye de Bl\u00e9r\u00e9 2023 photographe De la lumi\u00e8re aux yeux\" width=\"1024\" height=\"513\" srcset=\"https:\/\/www.delalumiereauxyeux-photo.fr\/wp-content\/uploads\/2023\/04\/DSC_9711-copie-1024x513.jpg 1024w, https:\/\/www.delalumiereauxyeux-photo.fr\/wp-content\/uploads\/2023\/04\/DSC_9711-copie-300x150.jpg 300w, https:\/\/www.delalumiereauxyeux-photo.fr\/wp-content\/uploads\/2023\/04\/DSC_9711-copie-768x385.jpg 768w\" sizes=\"(max-width: 1024px) 100vw, 1024px\" \/><img loading=\"lazy\" decoding=\"async\" class=\"alignnone size-large wp-image-2811\" src=\"http:\/\/www.delalumiereauxyeux-photo.fr\/wp-content\/uploads\/2023\/04\/DSC_9721-copie-1024x683.jpg\" alt=\"Rallye de Bl\u00e9r\u00e9 2023 photographe De la lumi\u00e8re aux yeux\" width=\"1024\" height=\"683\" srcset=\"https:\/\/www.delalumiereauxyeux-photo.fr\/wp-content\/uploads\/2023\/04\/DSC_9721-copie-1024x683.jpg 1024w, https:\/\/www.delalumiereauxyeux-photo.fr\/wp-content\/uploads\/2023\/04\/DSC_9721-copie-300x200.jpg 300w, https:\/\/www.delalumiereauxyeux-photo.fr\/wp-content\/uploads\/2023\/04\/DSC_9721-copie-768x512.jpg 768w\" sizes=\"(max-width: 1024px) 100vw, 1024px\" \/><\/p>\n<p>ES5 VHC Eric BUCHERON\/Pierre BAZIN<img loading=\"lazy\" decoding=\"async\" class=\"alignnone size-large wp-image-2812\" src=\"http:\/\/www.delalumiereauxyeux-photo.fr\/wp-content\/uploads\/2023\/04\/DSC_9796-copie-1024x754.jpg\" alt=\"Rallye de Bl\u00e9r\u00e9 2023 photographe De la lumi\u00e8re aux yeux\" width=\"1024\" height=\"754\" srcset=\"https:\/\/www.delalumiereauxyeux-photo.fr\/wp-content\/uploads\/2023\/04\/DSC_9796-copie-1024x754.jpg 1024w, https:\/\/www.delalumiereauxyeux-photo.fr\/wp-content\/uploads\/2023\/04\/DSC_9796-copie-300x221.jpg 300w, https:\/\/www.delalumiereauxyeux-photo.fr\/wp-content\/uploads\/2023\/04\/DSC_9796-copie-768x565.jpg 768w\" sizes=\"(max-width: 1024px) 100vw, 1024px\" \/><img loading=\"lazy\" decoding=\"async\" class=\"alignnone size-large wp-image-2813\" src=\"http:\/\/www.delalumiereauxyeux-photo.fr\/wp-content\/uploads\/2023\/04\/DSC_9800-copie-1024x683.jpg\" alt=\"Rallye de Bl\u00e9r\u00e9 2023 photographe De la lumi\u00e8re aux yeux\" width=\"1024\" height=\"683\" srcset=\"https:\/\/www.delalumiereauxyeux-photo.fr\/wp-content\/uploads\/2023\/04\/DSC_9800-copie-1024x683.jpg 1024w, https:\/\/www.delalumiereauxyeux-photo.fr\/wp-content\/uploads\/2023\/04\/DSC_9800-copie-300x200.jpg 300w, https:\/\/www.delalumiereauxyeux-photo.fr\/wp-content\/uploads\/2023\/04\/DSC_9800-copie-768x512.jpg 768w\" sizes=\"(max-width: 1024px) 100vw, 1024px\" \/><img loading=\"lazy\" decoding=\"async\" class=\"alignnone size-large wp-image-2814\" src=\"http:\/\/www.delalumiereauxyeux-photo.fr\/wp-content\/uploads\/2023\/04\/DSC_9808-copie-1024x586.jpg\" alt=\"Rallye de Bl\u00e9r\u00e9 2023 photographe De la lumi\u00e8re aux yeux\" width=\"1024\" height=\"586\" srcset=\"https:\/\/www.delalumiereauxyeux-photo.fr\/wp-content\/uploads\/2023\/04\/DSC_9808-copie-1024x586.jpg 1024w, https:\/\/www.delalumiereauxyeux-photo.fr\/wp-content\/uploads\/2023\/04\/DSC_9808-copie-300x172.jpg 300w, https:\/\/www.delalumiereauxyeux-photo.fr\/wp-content\/uploads\/2023\/04\/DSC_9808-copie-768x439.jpg 768w\" sizes=\"(max-width: 1024px) 100vw, 1024px\" \/><img loading=\"lazy\" decoding=\"async\" class=\"alignnone size-large wp-image-2815\" src=\"http:\/\/www.delalumiereauxyeux-photo.fr\/wp-content\/uploads\/2023\/04\/DSC_9814-copie-1024x738.jpg\" alt=\"Rallye de Bl\u00e9r\u00e9 2023 photographe De la lumi\u00e8re aux yeux\" width=\"1024\" height=\"738\" srcset=\"https:\/\/www.delalumiereauxyeux-photo.fr\/wp-content\/uploads\/2023\/04\/DSC_9814-copie-1024x738.jpg 1024w, https:\/\/www.delalumiereauxyeux-photo.fr\/wp-content\/uploads\/2023\/04\/DSC_9814-copie-300x216.jpg 300w, https:\/\/www.delalumiereauxyeux-photo.fr\/wp-content\/uploads\/2023\/04\/DSC_9814-copie-768x553.jpg 768w\" sizes=\"(max-width: 1024px) 100vw, 1024px\" \/><\/p>\n<p>Julien PILON\/Jacques PILON<img loading=\"lazy\" decoding=\"async\" class=\"alignnone size-large wp-image-2816\" src=\"http:\/\/www.delalumiereauxyeux-photo.fr\/wp-content\/uploads\/2023\/04\/DSC_9824-copie-1024x552.jpg\" alt=\"Rallye de Bl\u00e9r\u00e9 2023 photographe De la lumi\u00e8re aux yeux\" width=\"1024\" height=\"552\" srcset=\"https:\/\/www.delalumiereauxyeux-photo.fr\/wp-content\/uploads\/2023\/04\/DSC_9824-copie-1024x552.jpg 1024w, https:\/\/www.delalumiereauxyeux-photo.fr\/wp-content\/uploads\/2023\/04\/DSC_9824-copie-300x162.jpg 300w, https:\/\/www.delalumiereauxyeux-photo.fr\/wp-content\/uploads\/2023\/04\/DSC_9824-copie-768x414.jpg 768w\" sizes=\"(max-width: 1024px) 100vw, 1024px\" \/><img loading=\"lazy\" decoding=\"async\" class=\"alignnone size-large wp-image-2817\" src=\"http:\/\/www.delalumiereauxyeux-photo.fr\/wp-content\/uploads\/2023\/04\/DSC_9828-copie-1024x404.jpg\" alt=\"Rallye de Bl\u00e9r\u00e9 2023 photographe De la lumi\u00e8re aux yeux\" width=\"1024\" height=\"404\" srcset=\"https:\/\/www.delalumiereauxyeux-photo.fr\/wp-content\/uploads\/2023\/04\/DSC_9828-copie-1024x404.jpg 1024w, https:\/\/www.delalumiereauxyeux-photo.fr\/wp-content\/uploads\/2023\/04\/DSC_9828-copie-300x118.jpg 300w, https:\/\/www.delalumiereauxyeux-photo.fr\/wp-content\/uploads\/2023\/04\/DSC_9828-copie-768x303.jpg 768w\" sizes=\"(max-width: 1024px) 100vw, 1024px\" \/><img loading=\"lazy\" decoding=\"async\" class=\"alignnone size-large wp-image-2818\" src=\"http:\/\/www.delalumiereauxyeux-photo.fr\/wp-content\/uploads\/2023\/04\/DSC_9831-copie-1024x739.jpg\" alt=\"Rallye de Bl\u00e9r\u00e9 2023 photographe De la lumi\u00e8re aux yeux\" width=\"1024\" height=\"739\" srcset=\"https:\/\/www.delalumiereauxyeux-photo.fr\/wp-content\/uploads\/2023\/04\/DSC_9831-copie-1024x739.jpg 1024w, https:\/\/www.delalumiereauxyeux-photo.fr\/wp-content\/uploads\/2023\/04\/DSC_9831-copie-300x217.jpg 300w, https:\/\/www.delalumiereauxyeux-photo.fr\/wp-content\/uploads\/2023\/04\/DSC_9831-copie-768x554.jpg 768w\" sizes=\"(max-width: 1024px) 100vw, 1024px\" \/><\/p>\n<p>Thierry LECOMTE\/Nelly LECOMTE<img loading=\"lazy\" decoding=\"async\" class=\"alignnone size-large wp-image-2819\" src=\"http:\/\/www.delalumiereauxyeux-photo.fr\/wp-content\/uploads\/2023\/04\/DSC_9850-copie-1024x683.jpg\" alt=\"Rallye de Bl\u00e9r\u00e9 2023 photographe De la lumi\u00e8re aux yeux\" width=\"1024\" height=\"683\" srcset=\"https:\/\/www.delalumiereauxyeux-photo.fr\/wp-content\/uploads\/2023\/04\/DSC_9850-copie-1024x683.jpg 1024w, https:\/\/www.delalumiereauxyeux-photo.fr\/wp-content\/uploads\/2023\/04\/DSC_9850-copie-300x200.jpg 300w, https:\/\/www.delalumiereauxyeux-photo.fr\/wp-content\/uploads\/2023\/04\/DSC_9850-copie-768x512.jpg 768w\" sizes=\"(max-width: 1024px) 100vw, 1024px\" \/><\/p>\n<p>Franck POISSON\/Thibaud POISSON<img loading=\"lazy\" decoding=\"async\" class=\"alignnone size-large wp-image-2820\" src=\"http:\/\/www.delalumiereauxyeux-photo.fr\/wp-content\/uploads\/2023\/04\/DSC_9883-copie-1024x683.jpg\" alt=\"Rallye de Bl\u00e9r\u00e9 2023 photographe De la lumi\u00e8re aux yeux\" width=\"1024\" height=\"683\" srcset=\"https:\/\/www.delalumiereauxyeux-photo.fr\/wp-content\/uploads\/2023\/04\/DSC_9883-copie-1024x683.jpg 1024w, https:\/\/www.delalumiereauxyeux-photo.fr\/wp-content\/uploads\/2023\/04\/DSC_9883-copie-300x200.jpg 300w, https:\/\/www.delalumiereauxyeux-photo.fr\/wp-content\/uploads\/2023\/04\/DSC_9883-copie-768x512.jpg 768w\" sizes=\"(max-width: 1024px) 100vw, 1024px\" \/><\/p>\n<p>ES5<img loading=\"lazy\" decoding=\"async\" class=\"alignnone size-large wp-image-2930\" src=\"http:\/\/www.delalumiereauxyeux-photo.fr\/wp-content\/uploads\/2023\/04\/DSC_9734-copie-1024x829.jpg\" alt=\"Rallye de Bl\u00e9r\u00e9 2023 photographe De la lumi\u00e8re aux yeux\" width=\"1024\" height=\"829\" srcset=\"https:\/\/www.delalumiereauxyeux-photo.fr\/wp-content\/uploads\/2023\/04\/DSC_9734-copie-1024x829.jpg 1024w, https:\/\/www.delalumiereauxyeux-photo.fr\/wp-content\/uploads\/2023\/04\/DSC_9734-copie-300x243.jpg 300w, https:\/\/www.delalumiereauxyeux-photo.fr\/wp-content\/uploads\/2023\/04\/DSC_9734-copie-768x621.jpg 768w\" sizes=\"(max-width: 1024px) 100vw, 1024px\" \/><img loading=\"lazy\" decoding=\"async\" class=\"alignnone size-large wp-image-2931\" src=\"http:\/\/www.delalumiereauxyeux-photo.fr\/wp-content\/uploads\/2023\/04\/DSC_9752-2-copie-1024x522.jpg\" alt=\"Rallye de Bl\u00e9r\u00e9 2023 photographe De la lumi\u00e8re aux yeux\" width=\"1024\" height=\"522\" srcset=\"https:\/\/www.delalumiereauxyeux-photo.fr\/wp-content\/uploads\/2023\/04\/DSC_9752-2-copie-1024x522.jpg 1024w, https:\/\/www.delalumiereauxyeux-photo.fr\/wp-content\/uploads\/2023\/04\/DSC_9752-2-copie-300x153.jpg 300w, https:\/\/www.delalumiereauxyeux-photo.fr\/wp-content\/uploads\/2023\/04\/DSC_9752-2-copie-768x392.jpg 768w\" sizes=\"(max-width: 1024px) 100vw, 1024px\" \/><img loading=\"lazy\" decoding=\"async\" class=\"alignnone size-large wp-image-2932\" src=\"http:\/\/www.delalumiereauxyeux-photo.fr\/wp-content\/uploads\/2023\/04\/DSC_9771-copie-1024x800.jpg\" alt=\"Rallye de Bl\u00e9r\u00e9 2023 photographe De la lumi\u00e8re aux yeux\" width=\"1024\" height=\"800\" srcset=\"https:\/\/www.delalumiereauxyeux-photo.fr\/wp-content\/uploads\/2023\/04\/DSC_9771-copie-1024x800.jpg 1024w, https:\/\/www.delalumiereauxyeux-photo.fr\/wp-content\/uploads\/2023\/04\/DSC_9771-copie-300x234.jpg 300w, https:\/\/www.delalumiereauxyeux-photo.fr\/wp-content\/uploads\/2023\/04\/DSC_9771-copie-768x600.jpg 768w\" sizes=\"(max-width: 1024px) 100vw, 1024px\" \/><img loading=\"lazy\" decoding=\"async\" class=\"alignnone size-large wp-image-2933\" src=\"http:\/\/www.delalumiereauxyeux-photo.fr\/wp-content\/uploads\/2023\/04\/DSC_9783-copie-1024x811.jpg\" alt=\"Rallye de Bl\u00e9r\u00e9 2023 photographe De la lumi\u00e8re aux yeux\" width=\"1024\" height=\"811\" srcset=\"https:\/\/www.delalumiereauxyeux-photo.fr\/wp-content\/uploads\/2023\/04\/DSC_9783-copie-1024x811.jpg 1024w, https:\/\/www.delalumiereauxyeux-photo.fr\/wp-content\/uploads\/2023\/04\/DSC_9783-copie-300x238.jpg 300w, https:\/\/www.delalumiereauxyeux-photo.fr\/wp-content\/uploads\/2023\/04\/DSC_9783-copie-768x608.jpg 768w\" sizes=\"(max-width: 1024px) 100vw, 1024px\" \/><\/p>\n<p>Pierre ROCHE\/Martine ROCHE<img loading=\"lazy\" decoding=\"async\" class=\"alignnone size-large wp-image-2924\" src=\"http:\/\/www.delalumiereauxyeux-photo.fr\/wp-content\/uploads\/2023\/04\/DSC_9906-2-copie-1024x549.jpg\" alt=\"Rallye de Bl\u00e9r\u00e9 2023 photographe De la lumi\u00e8re aux yeux\" width=\"1024\" height=\"549\" srcset=\"https:\/\/www.delalumiereauxyeux-photo.fr\/wp-content\/uploads\/2023\/04\/DSC_9906-2-copie-1024x549.jpg 1024w, https:\/\/www.delalumiereauxyeux-photo.fr\/wp-content\/uploads\/2023\/04\/DSC_9906-2-copie-300x161.jpg 300w, https:\/\/www.delalumiereauxyeux-photo.fr\/wp-content\/uploads\/2023\/04\/DSC_9906-2-copie-768x412.jpg 768w\" sizes=\"(max-width: 1024px) 100vw, 1024px\" \/><img loading=\"lazy\" decoding=\"async\" class=\"alignnone size-large wp-image-2925\" src=\"http:\/\/www.delalumiereauxyeux-photo.fr\/wp-content\/uploads\/2023\/04\/DSC_9912-copie-1024x683.jpg\" alt=\"Rallye de Bl\u00e9r\u00e9 2023 photographe De la lumi\u00e8re aux yeux\" width=\"1024\" height=\"683\" srcset=\"https:\/\/www.delalumiereauxyeux-photo.fr\/wp-content\/uploads\/2023\/04\/DSC_9912-copie-1024x683.jpg 1024w, https:\/\/www.delalumiereauxyeux-photo.fr\/wp-content\/uploads\/2023\/04\/DSC_9912-copie-300x200.jpg 300w, https:\/\/www.delalumiereauxyeux-photo.fr\/wp-content\/uploads\/2023\/04\/DSC_9912-copie-768x512.jpg 768w\" sizes=\"(max-width: 1024px) 100vw, 1024px\" \/><\/p>\n<p>Alexis FLAMBARD\/Xavier FLAMBARD<img loading=\"lazy\" decoding=\"async\" class=\"alignnone size-large wp-image-2926\" src=\"http:\/\/www.delalumiereauxyeux-photo.fr\/wp-content\/uploads\/2023\/04\/DSC_9928-copie-1024x713.jpg\" alt=\"Rallye de Bl\u00e9r\u00e9 2023 photographe De la lumi\u00e8re aux yeux\" width=\"1024\" height=\"713\" srcset=\"https:\/\/www.delalumiereauxyeux-photo.fr\/wp-content\/uploads\/2023\/04\/DSC_9928-copie-1024x713.jpg 1024w, https:\/\/www.delalumiereauxyeux-photo.fr\/wp-content\/uploads\/2023\/04\/DSC_9928-copie-300x209.jpg 300w, https:\/\/www.delalumiereauxyeux-photo.fr\/wp-content\/uploads\/2023\/04\/DSC_9928-copie-768x535.jpg 768w\" sizes=\"(max-width: 1024px) 100vw, 1024px\" \/><\/p>\n<p>Nicolas ROBINEAU\/Rodolphe COURTIN<img loading=\"lazy\" decoding=\"async\" class=\"alignnone size-large wp-image-2927\" src=\"http:\/\/www.delalumiereauxyeux-photo.fr\/wp-content\/uploads\/2023\/04\/DSC_9960-copie-1024x541.jpg\" alt=\"Rallye de Bl\u00e9r\u00e9 2023 photographe De la lumi\u00e8re aux yeux\" width=\"1024\" height=\"541\" srcset=\"https:\/\/www.delalumiereauxyeux-photo.fr\/wp-content\/uploads\/2023\/04\/DSC_9960-copie-1024x541.jpg 1024w, https:\/\/www.delalumiereauxyeux-photo.fr\/wp-content\/uploads\/2023\/04\/DSC_9960-copie-300x159.jpg 300w, https:\/\/www.delalumiereauxyeux-photo.fr\/wp-content\/uploads\/2023\/04\/DSC_9960-copie-768x406.jpg 768w\" sizes=\"(max-width: 1024px) 100vw, 1024px\" \/><img loading=\"lazy\" decoding=\"async\" class=\"alignnone size-large wp-image-2928\" src=\"http:\/\/www.delalumiereauxyeux-photo.fr\/wp-content\/uploads\/2023\/04\/DSC_9971-copie-836x1024.jpg\" alt=\"Rallye de Bl\u00e9r\u00e9 2023 photographe De la lumi\u00e8re aux yeux\" width=\"836\" height=\"1024\" srcset=\"https:\/\/www.delalumiereauxyeux-photo.fr\/wp-content\/uploads\/2023\/04\/DSC_9971-copie-836x1024.jpg 836w, https:\/\/www.delalumiereauxyeux-photo.fr\/wp-content\/uploads\/2023\/04\/DSC_9971-copie-245x300.jpg 245w, https:\/\/www.delalumiereauxyeux-photo.fr\/wp-content\/uploads\/2023\/04\/DSC_9971-copie-768x941.jpg 768w\" sizes=\"(max-width: 836px) 100vw, 836px\" \/><\/p>\n<p>Jean-Luc ROCHE\/David BROCOURT<img loading=\"lazy\" decoding=\"async\" class=\"alignnone size-large wp-image-2936\" src=\"http:\/\/www.delalumiereauxyeux-photo.fr\/wp-content\/uploads\/2023\/04\/DSC_9990-copie-1024x719.jpg\" alt=\"Rallye de Bl\u00e9r\u00e9 2023 photographe De la lumi\u00e8re aux yeux\" width=\"1024\" height=\"719\" srcset=\"https:\/\/www.delalumiereauxyeux-photo.fr\/wp-content\/uploads\/2023\/04\/DSC_9990-copie-1024x719.jpg 1024w, https:\/\/www.delalumiereauxyeux-photo.fr\/wp-content\/uploads\/2023\/04\/DSC_9990-copie-300x211.jpg 300w, https:\/\/www.delalumiereauxyeux-photo.fr\/wp-content\/uploads\/2023\/04\/DSC_9990-copie-768x539.jpg 768w\" sizes=\"(max-width: 1024px) 100vw, 1024px\" \/><img loading=\"lazy\" decoding=\"async\" class=\"alignnone size-large wp-image-2929\" src=\"http:\/\/www.delalumiereauxyeux-photo.fr\/wp-content\/uploads\/2023\/04\/DSC_9995-copie-1024x589.jpg\" alt=\"Rallye de Bl\u00e9r\u00e9 2023 photographe De la lumi\u00e8re aux yeux\" width=\"1024\" height=\"589\" srcset=\"https:\/\/www.delalumiereauxyeux-photo.fr\/wp-content\/uploads\/2023\/04\/DSC_9995-copie-1024x589.jpg 1024w, https:\/\/www.delalumiereauxyeux-photo.fr\/wp-content\/uploads\/2023\/04\/DSC_9995-copie-300x173.jpg 300w, https:\/\/www.delalumiereauxyeux-photo.fr\/wp-content\/uploads\/2023\/04\/DSC_9995-copie-768x442.jpg 768w\" sizes=\"(max-width: 1024px) 100vw, 1024px\" \/><\/p>\n<p>J\u00e9r\u00f4me VAUCEL\/Cyril VAUCEL<img loading=\"lazy\" decoding=\"async\" class=\"alignnone size-large wp-image-2855\" src=\"http:\/\/www.delalumiereauxyeux-photo.fr\/wp-content\/uploads\/2023\/04\/DSC_0009-copie-1-1024x754.jpg\" alt=\"Rallye de Bl\u00e9r\u00e9 2023 photographe De la lumi\u00e8re aux yeux\" width=\"1024\" height=\"754\" srcset=\"https:\/\/www.delalumiereauxyeux-photo.fr\/wp-content\/uploads\/2023\/04\/DSC_0009-copie-1-1024x754.jpg 1024w, https:\/\/www.delalumiereauxyeux-photo.fr\/wp-content\/uploads\/2023\/04\/DSC_0009-copie-1-300x221.jpg 300w, https:\/\/www.delalumiereauxyeux-photo.fr\/wp-content\/uploads\/2023\/04\/DSC_0009-copie-1-768x565.jpg 768w\" sizes=\"(max-width: 1024px) 100vw, 1024px\" \/><img loading=\"lazy\" decoding=\"async\" class=\"alignnone size-large wp-image-2856\" src=\"http:\/\/www.delalumiereauxyeux-photo.fr\/wp-content\/uploads\/2023\/04\/DSC_0017-copie-1-1024x934.jpg\" alt=\"Rallye de Bl\u00e9r\u00e9 2023 photographe De la lumi\u00e8re aux yeux\" width=\"1024\" height=\"934\" srcset=\"https:\/\/www.delalumiereauxyeux-photo.fr\/wp-content\/uploads\/2023\/04\/DSC_0017-copie-1-1024x934.jpg 1024w, https:\/\/www.delalumiereauxyeux-photo.fr\/wp-content\/uploads\/2023\/04\/DSC_0017-copie-1-300x274.jpg 300w, https:\/\/www.delalumiereauxyeux-photo.fr\/wp-content\/uploads\/2023\/04\/DSC_0017-copie-1-768x700.jpg 768w\" sizes=\"(max-width: 1024px) 100vw, 1024px\" \/><\/p>\n<p>Lo\u00efc PASQUET\/Laurie GONZALEZ<img loading=\"lazy\" decoding=\"async\" class=\"alignnone size-large wp-image-2859\" src=\"http:\/\/www.delalumiereauxyeux-photo.fr\/wp-content\/uploads\/2023\/04\/DSC_0103-copie-1-1024x715.jpg\" alt=\"Rallye de Bl\u00e9r\u00e9 2023 photographe De la lumi\u00e8re aux yeux\" width=\"1024\" height=\"715\" srcset=\"https:\/\/www.delalumiereauxyeux-photo.fr\/wp-content\/uploads\/2023\/04\/DSC_0103-copie-1-1024x715.jpg 1024w, https:\/\/www.delalumiereauxyeux-photo.fr\/wp-content\/uploads\/2023\/04\/DSC_0103-copie-1-300x210.jpg 300w, https:\/\/www.delalumiereauxyeux-photo.fr\/wp-content\/uploads\/2023\/04\/DSC_0103-copie-1-768x536.jpg 768w\" sizes=\"(max-width: 1024px) 100vw, 1024px\" \/><\/p>\n<p>Gweanael HALOPEAU\/Thomas CHAUFFRAY<img loading=\"lazy\" decoding=\"async\" class=\"alignnone size-large wp-image-2860\" src=\"http:\/\/www.delalumiereauxyeux-photo.fr\/wp-content\/uploads\/2023\/04\/DSC_0136-copie-1-1024x636.jpg\" alt=\"Rallye de Bl\u00e9r\u00e9 2023 photographe De la lumi\u00e8re aux yeux\" width=\"1024\" height=\"636\" srcset=\"https:\/\/www.delalumiereauxyeux-photo.fr\/wp-content\/uploads\/2023\/04\/DSC_0136-copie-1-1024x636.jpg 1024w, https:\/\/www.delalumiereauxyeux-photo.fr\/wp-content\/uploads\/2023\/04\/DSC_0136-copie-1-300x186.jpg 300w, https:\/\/www.delalumiereauxyeux-photo.fr\/wp-content\/uploads\/2023\/04\/DSC_0136-copie-1-768x477.jpg 768w\" sizes=\"(max-width: 1024px) 100vw, 1024px\" \/><\/p>\n<p>Eric MAUDUIT\/Sophie CHAUVEAU<img loading=\"lazy\" decoding=\"async\" class=\"alignnone size-large wp-image-2857\" src=\"http:\/\/www.delalumiereauxyeux-photo.fr\/wp-content\/uploads\/2023\/04\/DSC_0034-copie-2-1024x787.jpg\" alt=\"Rallye de Bl\u00e9r\u00e9 2023 photographe De la lumi\u00e8re aux yeux\" width=\"1024\" height=\"787\" srcset=\"https:\/\/www.delalumiereauxyeux-photo.fr\/wp-content\/uploads\/2023\/04\/DSC_0034-copie-2-1024x787.jpg 1024w, https:\/\/www.delalumiereauxyeux-photo.fr\/wp-content\/uploads\/2023\/04\/DSC_0034-copie-2-300x231.jpg 300w, https:\/\/www.delalumiereauxyeux-photo.fr\/wp-content\/uploads\/2023\/04\/DSC_0034-copie-2-768x590.jpg 768w\" sizes=\"(max-width: 1024px) 100vw, 1024px\" \/><\/p>\n<p>Richard DURANTON\/Armand AUTIER<img loading=\"lazy\" decoding=\"async\" class=\"alignnone size-large wp-image-2834\" src=\"http:\/\/www.delalumiereauxyeux-photo.fr\/wp-content\/uploads\/2023\/04\/DSC_0165-copie-1-1024x890.jpg\" alt=\"Rallye de Bl\u00e9r\u00e9 2023 photographe De la lumi\u00e8re aux yeux\" width=\"1024\" height=\"890\" srcset=\"https:\/\/www.delalumiereauxyeux-photo.fr\/wp-content\/uploads\/2023\/04\/DSC_0165-copie-1-1024x890.jpg 1024w, https:\/\/www.delalumiereauxyeux-photo.fr\/wp-content\/uploads\/2023\/04\/DSC_0165-copie-1-300x261.jpg 300w, https:\/\/www.delalumiereauxyeux-photo.fr\/wp-content\/uploads\/2023\/04\/DSC_0165-copie-1-768x667.jpg 768w\" sizes=\"(max-width: 1024px) 100vw, 1024px\" \/><\/p>\n<p>Nicolas CARTIER\/Pierre ARNOUX<img loading=\"lazy\" decoding=\"async\" class=\"alignnone size-large wp-image-2858\" src=\"http:\/\/www.delalumiereauxyeux-photo.fr\/wp-content\/uploads\/2023\/04\/DSC_0066-copie-1-1024x904.jpg\" alt=\"Rallye de Bl\u00e9r\u00e9 2023 photographe De la lumi\u00e8re aux yeux\" width=\"1024\" height=\"904\" srcset=\"https:\/\/www.delalumiereauxyeux-photo.fr\/wp-content\/uploads\/2023\/04\/DSC_0066-copie-1-1024x904.jpg 1024w, https:\/\/www.delalumiereauxyeux-photo.fr\/wp-content\/uploads\/2023\/04\/DSC_0066-copie-1-300x265.jpg 300w, https:\/\/www.delalumiereauxyeux-photo.fr\/wp-content\/uploads\/2023\/04\/DSC_0066-copie-1-768x678.jpg 768w\" sizes=\"(max-width: 1024px) 100vw, 1024px\" \/><\/p>\n<p>Fr\u00e9d\u00e9ric GALLOT\/Astrid GALLOT<img loading=\"lazy\" decoding=\"async\" class=\"alignnone size-large wp-image-2863\" src=\"http:\/\/www.delalumiereauxyeux-photo.fr\/wp-content\/uploads\/2023\/04\/DSC_0211-copie-1-1024x752.jpg\" alt=\"Rallye de Bl\u00e9r\u00e9 2023 photographe De la lumi\u00e8re aux yeux\" width=\"1024\" height=\"752\" srcset=\"https:\/\/www.delalumiereauxyeux-photo.fr\/wp-content\/uploads\/2023\/04\/DSC_0211-copie-1-1024x752.jpg 1024w, https:\/\/www.delalumiereauxyeux-photo.fr\/wp-content\/uploads\/2023\/04\/DSC_0211-copie-1-300x220.jpg 300w, https:\/\/www.delalumiereauxyeux-photo.fr\/wp-content\/uploads\/2023\/04\/DSC_0211-copie-1-768x564.jpg 768w\" sizes=\"(max-width: 1024px) 100vw, 1024px\" \/><img loading=\"lazy\" decoding=\"async\" class=\"alignnone size-large wp-image-2864\" src=\"http:\/\/www.delalumiereauxyeux-photo.fr\/wp-content\/uploads\/2023\/04\/DSC_0231-copie-1-1024x769.jpg\" alt=\"Rallye de Bl\u00e9r\u00e9 2023 photographe De la lumi\u00e8re aux yeux\" width=\"1024\" height=\"769\" srcset=\"https:\/\/www.delalumiereauxyeux-photo.fr\/wp-content\/uploads\/2023\/04\/DSC_0231-copie-1-1024x769.jpg 1024w, https:\/\/www.delalumiereauxyeux-photo.fr\/wp-content\/uploads\/2023\/04\/DSC_0231-copie-1-300x225.jpg 300w, https:\/\/www.delalumiereauxyeux-photo.fr\/wp-content\/uploads\/2023\/04\/DSC_0231-copie-1-768x577.jpg 768w\" sizes=\"(max-width: 1024px) 100vw, 1024px\" \/><\/p>\n<p>Arthur ROCHE\/Quentin PROUST<img loading=\"lazy\" decoding=\"async\" class=\"alignnone size-large wp-image-2866\" src=\"http:\/\/www.delalumiereauxyeux-photo.fr\/wp-content\/uploads\/2023\/04\/DSC_0279-copie-1024x773.jpg\" alt=\"Rallye de Bl\u00e9r\u00e9 2023 photographe De la lumi\u00e8re aux yeux\" width=\"1024\" height=\"773\" srcset=\"https:\/\/www.delalumiereauxyeux-photo.fr\/wp-content\/uploads\/2023\/04\/DSC_0279-copie-1024x773.jpg 1024w, https:\/\/www.delalumiereauxyeux-photo.fr\/wp-content\/uploads\/2023\/04\/DSC_0279-copie-300x227.jpg 300w, https:\/\/www.delalumiereauxyeux-photo.fr\/wp-content\/uploads\/2023\/04\/DSC_0279-copie-768x580.jpg 768w\" sizes=\"(max-width: 1024px) 100vw, 1024px\" \/><\/p>\n<p>Julien AUDEGOND\/Beno\u00eet AUVIEUX<img loading=\"lazy\" decoding=\"async\" class=\"alignnone size-large wp-image-2865\" src=\"http:\/\/www.delalumiereauxyeux-photo.fr\/wp-content\/uploads\/2023\/04\/DSC_0264-copie-1-1024x663.jpg\" alt=\"Rallye de Bl\u00e9r\u00e9 2023 photographe De la lumi\u00e8re aux yeux\" width=\"1024\" height=\"663\" srcset=\"https:\/\/www.delalumiereauxyeux-photo.fr\/wp-content\/uploads\/2023\/04\/DSC_0264-copie-1-1024x663.jpg 1024w, https:\/\/www.delalumiereauxyeux-photo.fr\/wp-content\/uploads\/2023\/04\/DSC_0264-copie-1-300x194.jpg 300w, https:\/\/www.delalumiereauxyeux-photo.fr\/wp-content\/uploads\/2023\/04\/DSC_0264-copie-1-768x497.jpg 768w\" sizes=\"(max-width: 1024px) 100vw, 1024px\" \/><\/p>\n<p>Thomas GAUME\/Armand GAUDARD<img loading=\"lazy\" decoding=\"async\" class=\"alignnone size-large wp-image-2870\" src=\"http:\/\/www.delalumiereauxyeux-photo.fr\/wp-content\/uploads\/2023\/04\/DSC_0372-copie-1024x683.jpg\" alt=\"Rallye de Bl\u00e9r\u00e9 2023 photographe De la lumi\u00e8re aux yeux\" width=\"1024\" height=\"683\" srcset=\"https:\/\/www.delalumiereauxyeux-photo.fr\/wp-content\/uploads\/2023\/04\/DSC_0372-copie-1024x683.jpg 1024w, https:\/\/www.delalumiereauxyeux-photo.fr\/wp-content\/uploads\/2023\/04\/DSC_0372-copie-300x200.jpg 300w, https:\/\/www.delalumiereauxyeux-photo.fr\/wp-content\/uploads\/2023\/04\/DSC_0372-copie-768x512.jpg 768w\" sizes=\"(max-width: 1024px) 100vw, 1024px\" \/><\/p>\n<p>Antoine BORDAGARAY\/Antoine LOISEAU<img loading=\"lazy\" decoding=\"async\" class=\"alignnone size-large wp-image-2874\" src=\"http:\/\/www.delalumiereauxyeux-photo.fr\/wp-content\/uploads\/2023\/04\/DSC_0463-copie-1024x813.jpg\" alt=\"Rallye de Bl\u00e9r\u00e9 2023 photographe De la lumi\u00e8re aux yeux\" width=\"1024\" height=\"813\" srcset=\"https:\/\/www.delalumiereauxyeux-photo.fr\/wp-content\/uploads\/2023\/04\/DSC_0463-copie-1024x813.jpg 1024w, https:\/\/www.delalumiereauxyeux-photo.fr\/wp-content\/uploads\/2023\/04\/DSC_0463-copie-300x238.jpg 300w, https:\/\/www.delalumiereauxyeux-photo.fr\/wp-content\/uploads\/2023\/04\/DSC_0463-copie-768x609.jpg 768w\" sizes=\"(max-width: 1024px) 100vw, 1024px\" \/><\/p>\n<p>Romain HARNOIS\/Ga\u00ebl GEORGES<img loading=\"lazy\" decoding=\"async\" class=\"alignnone size-large wp-image-2868\" src=\"http:\/\/www.delalumiereauxyeux-photo.fr\/wp-content\/uploads\/2023\/04\/DSC_0343-copie-1024x847.jpg\" alt=\"Rallye de Bl\u00e9r\u00e9 2023 photographe De la lumi\u00e8re aux yeux\" width=\"1024\" height=\"847\" srcset=\"https:\/\/www.delalumiereauxyeux-photo.fr\/wp-content\/uploads\/2023\/04\/DSC_0343-copie-1024x847.jpg 1024w, https:\/\/www.delalumiereauxyeux-photo.fr\/wp-content\/uploads\/2023\/04\/DSC_0343-copie-300x248.jpg 300w, https:\/\/www.delalumiereauxyeux-photo.fr\/wp-content\/uploads\/2023\/04\/DSC_0343-copie-768x635.jpg 768w\" sizes=\"(max-width: 1024px) 100vw, 1024px\" \/><img loading=\"lazy\" decoding=\"async\" class=\"alignnone size-large wp-image-2869\" src=\"http:\/\/www.delalumiereauxyeux-photo.fr\/wp-content\/uploads\/2023\/04\/DSC_0348-copie-1024x782.jpg\" alt=\"Rallye de Bl\u00e9r\u00e9 2023 photographe De la lumi\u00e8re aux yeux\" width=\"1024\" height=\"782\" srcset=\"https:\/\/www.delalumiereauxyeux-photo.fr\/wp-content\/uploads\/2023\/04\/DSC_0348-copie-1024x782.jpg 1024w, https:\/\/www.delalumiereauxyeux-photo.fr\/wp-content\/uploads\/2023\/04\/DSC_0348-copie-300x229.jpg 300w, https:\/\/www.delalumiereauxyeux-photo.fr\/wp-content\/uploads\/2023\/04\/DSC_0348-copie-768x587.jpg 768w\" sizes=\"(max-width: 1024px) 100vw, 1024px\" \/><\/p>\n<p>Val\u00e9ry WALLON\/Fabrice BOUQUIN<img loading=\"lazy\" decoding=\"async\" class=\"alignnone size-large wp-image-2871\" src=\"http:\/\/www.delalumiereauxyeux-photo.fr\/wp-content\/uploads\/2023\/04\/DSC_0385-copie-1024x749.jpg\" alt=\"Rallye de Bl\u00e9r\u00e9 2023 photographe De la lumi\u00e8re aux yeux\" width=\"1024\" height=\"749\" srcset=\"https:\/\/www.delalumiereauxyeux-photo.fr\/wp-content\/uploads\/2023\/04\/DSC_0385-copie-1024x749.jpg 1024w, https:\/\/www.delalumiereauxyeux-photo.fr\/wp-content\/uploads\/2023\/04\/DSC_0385-copie-300x219.jpg 300w, https:\/\/www.delalumiereauxyeux-photo.fr\/wp-content\/uploads\/2023\/04\/DSC_0385-copie-768x561.jpg 768w\" sizes=\"(max-width: 1024px) 100vw, 1024px\" \/><img loading=\"lazy\" decoding=\"async\" class=\"alignnone size-large wp-image-2872\" src=\"http:\/\/www.delalumiereauxyeux-photo.fr\/wp-content\/uploads\/2023\/04\/DSC_0417-copie-935x1024.jpg\" alt=\"Rallye de Bl\u00e9r\u00e9 2023 photographe De la lumi\u00e8re aux yeux\" width=\"935\" height=\"1024\" srcset=\"https:\/\/www.delalumiereauxyeux-photo.fr\/wp-content\/uploads\/2023\/04\/DSC_0417-copie-935x1024.jpg 935w, https:\/\/www.delalumiereauxyeux-photo.fr\/wp-content\/uploads\/2023\/04\/DSC_0417-copie-274x300.jpg 274w, https:\/\/www.delalumiereauxyeux-photo.fr\/wp-content\/uploads\/2023\/04\/DSC_0417-copie-768x841.jpg 768w\" sizes=\"(max-width: 935px) 100vw, 935px\" \/><\/p>\n<p>Martial MOREAU\/Clarisse SAMSON<img loading=\"lazy\" decoding=\"async\" class=\"alignnone size-large wp-image-2867\" src=\"http:\/\/www.delalumiereauxyeux-photo.fr\/wp-content\/uploads\/2023\/04\/DSC_0308-copie-1024x683.jpg\" alt=\"Rallye de Bl\u00e9r\u00e9 2023 photographe De la lumi\u00e8re aux yeux\" width=\"1024\" height=\"683\" srcset=\"https:\/\/www.delalumiereauxyeux-photo.fr\/wp-content\/uploads\/2023\/04\/DSC_0308-copie-1024x683.jpg 1024w, https:\/\/www.delalumiereauxyeux-photo.fr\/wp-content\/uploads\/2023\/04\/DSC_0308-copie-300x200.jpg 300w, https:\/\/www.delalumiereauxyeux-photo.fr\/wp-content\/uploads\/2023\/04\/DSC_0308-copie-768x512.jpg 768w\" sizes=\"(max-width: 1024px) 100vw, 1024px\" \/><\/p>\n<p>Ludovic PASQUET\/Jessica PASQUET<img loading=\"lazy\" decoding=\"async\" class=\"alignnone size-large wp-image-2882\" src=\"http:\/\/www.delalumiereauxyeux-photo.fr\/wp-content\/uploads\/2023\/04\/DSC_0710-copie-1024x683.jpg\" alt=\"Rallye de Bl\u00e9r\u00e9 2023 photographe De la lumi\u00e8re aux yeux\" width=\"1024\" height=\"683\" srcset=\"https:\/\/www.delalumiereauxyeux-photo.fr\/wp-content\/uploads\/2023\/04\/DSC_0710-copie-1024x683.jpg 1024w, https:\/\/www.delalumiereauxyeux-photo.fr\/wp-content\/uploads\/2023\/04\/DSC_0710-copie-300x200.jpg 300w, https:\/\/www.delalumiereauxyeux-photo.fr\/wp-content\/uploads\/2023\/04\/DSC_0710-copie-768x512.jpg 768w\" sizes=\"(max-width: 1024px) 100vw, 1024px\" \/><\/p>\n<p>Dimitri CHARLES\/Flavien RATEAU<img loading=\"lazy\" decoding=\"async\" class=\"alignnone size-large wp-image-2881\" src=\"http:\/\/www.delalumiereauxyeux-photo.fr\/wp-content\/uploads\/2023\/04\/DSC_0702-copie-1024x732.jpg\" alt=\"Rallye de Bl\u00e9r\u00e9 2023 photographe De la lumi\u00e8re aux yeux\" width=\"1024\" height=\"732\" srcset=\"https:\/\/www.delalumiereauxyeux-photo.fr\/wp-content\/uploads\/2023\/04\/DSC_0702-copie-1024x732.jpg 1024w, https:\/\/www.delalumiereauxyeux-photo.fr\/wp-content\/uploads\/2023\/04\/DSC_0702-copie-300x214.jpg 300w, https:\/\/www.delalumiereauxyeux-photo.fr\/wp-content\/uploads\/2023\/04\/DSC_0702-copie-768x549.jpg 768w\" sizes=\"(max-width: 1024px) 100vw, 1024px\" \/><\/p>\n<p>Carlos FERNANDES\/Sylvie POTIER<img loading=\"lazy\" decoding=\"async\" class=\"alignnone size-large wp-image-2876\" src=\"http:\/\/www.delalumiereauxyeux-photo.fr\/wp-content\/uploads\/2023\/04\/DSC_0538-copie-1024x597.jpg\" alt=\"Rallye de Bl\u00e9r\u00e9 2023 photographe De la lumi\u00e8re aux yeux\" width=\"1024\" height=\"597\" srcset=\"https:\/\/www.delalumiereauxyeux-photo.fr\/wp-content\/uploads\/2023\/04\/DSC_0538-copie-1024x597.jpg 1024w, https:\/\/www.delalumiereauxyeux-photo.fr\/wp-content\/uploads\/2023\/04\/DSC_0538-copie-300x175.jpg 300w, https:\/\/www.delalumiereauxyeux-photo.fr\/wp-content\/uploads\/2023\/04\/DSC_0538-copie-768x448.jpg 768w\" sizes=\"(max-width: 1024px) 100vw, 1024px\" \/><\/p>\n<p>Michel FRANCIERE\/R\u00e9mi FRANCIERE<img loading=\"lazy\" decoding=\"async\" class=\"alignnone size-large wp-image-2875\" src=\"http:\/\/www.delalumiereauxyeux-photo.fr\/wp-content\/uploads\/2023\/04\/DSC_0508-copie-1024x768.jpg\" alt=\"Rallye de Bl\u00e9r\u00e9 2023 photographe De la lumi\u00e8re aux yeux\" width=\"1024\" height=\"768\" srcset=\"https:\/\/www.delalumiereauxyeux-photo.fr\/wp-content\/uploads\/2023\/04\/DSC_0508-copie-1024x768.jpg 1024w, https:\/\/www.delalumiereauxyeux-photo.fr\/wp-content\/uploads\/2023\/04\/DSC_0508-copie-300x225.jpg 300w, https:\/\/www.delalumiereauxyeux-photo.fr\/wp-content\/uploads\/2023\/04\/DSC_0508-copie-768x576.jpg 768w\" sizes=\"(max-width: 1024px) 100vw, 1024px\" \/><\/p>\n<p>Willy MATHEY\/Guillaume LOPES<img loading=\"lazy\" decoding=\"async\" class=\"alignnone size-large wp-image-2883\" src=\"http:\/\/www.delalumiereauxyeux-photo.fr\/wp-content\/uploads\/2023\/04\/DSC_0739-copie-1024x722.jpg\" alt=\"Rallye de Bl\u00e9r\u00e9 2023 photographe De la lumi\u00e8re aux yeux\" width=\"1024\" height=\"722\" srcset=\"https:\/\/www.delalumiereauxyeux-photo.fr\/wp-content\/uploads\/2023\/04\/DSC_0739-copie-1024x722.jpg 1024w, https:\/\/www.delalumiereauxyeux-photo.fr\/wp-content\/uploads\/2023\/04\/DSC_0739-copie-300x212.jpg 300w, https:\/\/www.delalumiereauxyeux-photo.fr\/wp-content\/uploads\/2023\/04\/DSC_0739-copie-768x541.jpg 768w\" sizes=\"(max-width: 1024px) 100vw, 1024px\" \/><\/p>\n<p>Alexandre CARTIER\/Benjamin GUIGNARD<img loading=\"lazy\" decoding=\"async\" class=\"alignnone size-large wp-image-2878\" src=\"http:\/\/www.delalumiereauxyeux-photo.fr\/wp-content\/uploads\/2023\/04\/DSC_0614-copie-1024x683.jpg\" alt=\"Rallye de Bl\u00e9r\u00e9 2023 photographe De la lumi\u00e8re aux yeux\" width=\"1024\" height=\"683\" srcset=\"https:\/\/www.delalumiereauxyeux-photo.fr\/wp-content\/uploads\/2023\/04\/DSC_0614-copie-1024x683.jpg 1024w, https:\/\/www.delalumiereauxyeux-photo.fr\/wp-content\/uploads\/2023\/04\/DSC_0614-copie-300x200.jpg 300w, https:\/\/www.delalumiereauxyeux-photo.fr\/wp-content\/uploads\/2023\/04\/DSC_0614-copie-768x512.jpg 768w\" sizes=\"(max-width: 1024px) 100vw, 1024px\" \/><img loading=\"lazy\" decoding=\"async\" class=\"alignnone size-large wp-image-2879\" src=\"http:\/\/www.delalumiereauxyeux-photo.fr\/wp-content\/uploads\/2023\/04\/DSC_0625-copie-1024x615.jpg\" alt=\"Rallye de Bl\u00e9r\u00e9 2023 photographe De la lumi\u00e8re aux yeux\" width=\"1024\" height=\"615\" srcset=\"https:\/\/www.delalumiereauxyeux-photo.fr\/wp-content\/uploads\/2023\/04\/DSC_0625-copie-1024x615.jpg 1024w, https:\/\/www.delalumiereauxyeux-photo.fr\/wp-content\/uploads\/2023\/04\/DSC_0625-copie-300x180.jpg 300w, https:\/\/www.delalumiereauxyeux-photo.fr\/wp-content\/uploads\/2023\/04\/DSC_0625-copie-768x461.jpg 768w\" sizes=\"(max-width: 1024px) 100vw, 1024px\" \/><\/p>\n<p>Guillaume LECUYER\/Tristan LECUYER<img loading=\"lazy\" decoding=\"async\" class=\"alignnone size-large wp-image-2884\" src=\"http:\/\/www.delalumiereauxyeux-photo.fr\/wp-content\/uploads\/2023\/04\/DSC_0777-copie-1024x782.jpg\" alt=\"Rallye de Bl\u00e9r\u00e9 2023 photographe De la lumi\u00e8re aux yeux\" width=\"1024\" height=\"782\" srcset=\"https:\/\/www.delalumiereauxyeux-photo.fr\/wp-content\/uploads\/2023\/04\/DSC_0777-copie-1024x782.jpg 1024w, https:\/\/www.delalumiereauxyeux-photo.fr\/wp-content\/uploads\/2023\/04\/DSC_0777-copie-300x229.jpg 300w, https:\/\/www.delalumiereauxyeux-photo.fr\/wp-content\/uploads\/2023\/04\/DSC_0777-copie-768x587.jpg 768w\" sizes=\"(max-width: 1024px) 100vw, 1024px\" \/><\/p>\n<p>S\u00e9bastien DELANNEY\/Natacha DELANNEY<img loading=\"lazy\" decoding=\"async\" class=\"alignnone size-large wp-image-2880\" src=\"http:\/\/www.delalumiereauxyeux-photo.fr\/wp-content\/uploads\/2023\/04\/DSC_0641-copie-674x1024.jpg\" alt=\"Rallye de Bl\u00e9r\u00e9 2023 photographe De la lumi\u00e8re aux yeux\" width=\"674\" height=\"1024\" srcset=\"https:\/\/www.delalumiereauxyeux-photo.fr\/wp-content\/uploads\/2023\/04\/DSC_0641-copie-674x1024.jpg 674w, https:\/\/www.delalumiereauxyeux-photo.fr\/wp-content\/uploads\/2023\/04\/DSC_0641-copie-197x300.jpg 197w, https:\/\/www.delalumiereauxyeux-photo.fr\/wp-content\/uploads\/2023\/04\/DSC_0641-copie-768x1167.jpg 768w\" sizes=\"(max-width: 674px) 100vw, 674px\" \/><\/p>\n<p>Denis SAULNIER\/Alain SAULNIER<img loading=\"lazy\" decoding=\"async\" class=\"alignnone size-large wp-image-2892\" src=\"http:\/\/www.delalumiereauxyeux-photo.fr\/wp-content\/uploads\/2023\/04\/DSC_0994-copie-1024x683.jpg\" alt=\"Rallye de Bl\u00e9r\u00e9 2023 photographe De la lumi\u00e8re aux yeux\" width=\"1024\" height=\"683\" srcset=\"https:\/\/www.delalumiereauxyeux-photo.fr\/wp-content\/uploads\/2023\/04\/DSC_0994-copie-1024x683.jpg 1024w, https:\/\/www.delalumiereauxyeux-photo.fr\/wp-content\/uploads\/2023\/04\/DSC_0994-copie-300x200.jpg 300w, https:\/\/www.delalumiereauxyeux-photo.fr\/wp-content\/uploads\/2023\/04\/DSC_0994-copie-768x512.jpg 768w\" sizes=\"(max-width: 1024px) 100vw, 1024px\" \/><\/p>\n<p>Maxime GALPIN\/J\u00e9r\u00f4me GALPIN<img loading=\"lazy\" decoding=\"async\" class=\"alignnone size-large wp-image-2888\" src=\"http:\/\/www.delalumiereauxyeux-photo.fr\/wp-content\/uploads\/2023\/04\/DSC_0849-copie-1024x683.jpg\" alt=\"Rallye de Bl\u00e9r\u00e9 2023 photographe De la lumi\u00e8re aux yeux\" width=\"1024\" height=\"683\" srcset=\"https:\/\/www.delalumiereauxyeux-photo.fr\/wp-content\/uploads\/2023\/04\/DSC_0849-copie-1024x683.jpg 1024w, https:\/\/www.delalumiereauxyeux-photo.fr\/wp-content\/uploads\/2023\/04\/DSC_0849-copie-300x200.jpg 300w, https:\/\/www.delalumiereauxyeux-photo.fr\/wp-content\/uploads\/2023\/04\/DSC_0849-copie-768x512.jpg 768w\" sizes=\"(max-width: 1024px) 100vw, 1024px\" \/><\/p>\n<p>Tom MASLAG\/Julie CLEMENT<img loading=\"lazy\" decoding=\"async\" class=\"alignnone size-large wp-image-2938\" src=\"http:\/\/www.delalumiereauxyeux-photo.fr\/wp-content\/uploads\/2023\/04\/DSC_0933-copie-1024x683.jpg\" alt=\"Rallye de Bl\u00e9r\u00e9 2023 photographe De la lumi\u00e8re aux yeux\" width=\"1024\" height=\"683\" srcset=\"https:\/\/www.delalumiereauxyeux-photo.fr\/wp-content\/uploads\/2023\/04\/DSC_0933-copie-1024x683.jpg 1024w, https:\/\/www.delalumiereauxyeux-photo.fr\/wp-content\/uploads\/2023\/04\/DSC_0933-copie-300x200.jpg 300w, https:\/\/www.delalumiereauxyeux-photo.fr\/wp-content\/uploads\/2023\/04\/DSC_0933-copie-768x512.jpg 768w\" sizes=\"(max-width: 1024px) 100vw, 1024px\" \/><\/p>\n<p>Vincent JEANDOT\/Manon BONNEAU<img loading=\"lazy\" decoding=\"async\" class=\"alignnone size-large wp-image-2893\" src=\"http:\/\/www.delalumiereauxyeux-photo.fr\/wp-content\/uploads\/2023\/04\/DSC_1021-copie-1024x683.jpg\" alt=\"Rallye de Bl\u00e9r\u00e9 2023 photographe De la lumi\u00e8re aux yeux\" width=\"1024\" height=\"683\" srcset=\"https:\/\/www.delalumiereauxyeux-photo.fr\/wp-content\/uploads\/2023\/04\/DSC_1021-copie-1024x683.jpg 1024w, https:\/\/www.delalumiereauxyeux-photo.fr\/wp-content\/uploads\/2023\/04\/DSC_1021-copie-300x200.jpg 300w, https:\/\/www.delalumiereauxyeux-photo.fr\/wp-content\/uploads\/2023\/04\/DSC_1021-copie-768x512.jpg 768w\" sizes=\"(max-width: 1024px) 100vw, 1024px\" \/><\/p>\n<p>Christophe HERBELIN\/Cyril FERRAND<img loading=\"lazy\" decoding=\"async\" class=\"alignnone size-large wp-image-2890\" src=\"http:\/\/www.delalumiereauxyeux-photo.fr\/wp-content\/uploads\/2023\/04\/DSC_0913-copie-1024x712.jpg\" alt=\"Rallye de Bl\u00e9r\u00e9 2023 photographe De la lumi\u00e8re aux yeux\" width=\"1024\" height=\"712\" srcset=\"https:\/\/www.delalumiereauxyeux-photo.fr\/wp-content\/uploads\/2023\/04\/DSC_0913-copie-1024x712.jpg 1024w, https:\/\/www.delalumiereauxyeux-photo.fr\/wp-content\/uploads\/2023\/04\/DSC_0913-copie-300x209.jpg 300w, https:\/\/www.delalumiereauxyeux-photo.fr\/wp-content\/uploads\/2023\/04\/DSC_0913-copie-768x534.jpg 768w\" sizes=\"(max-width: 1024px) 100vw, 1024px\" \/><\/p>\n<p>Romain FOUQUET\/Beno\u00eet DUCROIX<img loading=\"lazy\" decoding=\"async\" class=\"alignnone size-large wp-image-2891\" src=\"http:\/\/www.delalumiereauxyeux-photo.fr\/wp-content\/uploads\/2023\/04\/DSC_0976-copie-1024x683.jpg\" alt=\"Rallye de Bl\u00e9r\u00e9 2023 photographe De la lumi\u00e8re aux yeux\" width=\"1024\" height=\"683\" srcset=\"https:\/\/www.delalumiereauxyeux-photo.fr\/wp-content\/uploads\/2023\/04\/DSC_0976-copie-1024x683.jpg 1024w, https:\/\/www.delalumiereauxyeux-photo.fr\/wp-content\/uploads\/2023\/04\/DSC_0976-copie-300x200.jpg 300w, https:\/\/www.delalumiereauxyeux-photo.fr\/wp-content\/uploads\/2023\/04\/DSC_0976-copie-768x512.jpg 768w\" sizes=\"(max-width: 1024px) 100vw, 1024px\" \/><\/p>\n<p>Jack MOREAU\/Elsa MOREAU<img loading=\"lazy\" decoding=\"async\" class=\"alignnone size-large wp-image-2885\" src=\"http:\/\/www.delalumiereauxyeux-photo.fr\/wp-content\/uploads\/2023\/04\/DSC_0792-copie-1024x763.jpg\" alt=\"Rallye de Bl\u00e9r\u00e9 2023 photographe De la lumi\u00e8re aux yeux\" width=\"1024\" height=\"763\" srcset=\"https:\/\/www.delalumiereauxyeux-photo.fr\/wp-content\/uploads\/2023\/04\/DSC_0792-copie-1024x763.jpg 1024w, https:\/\/www.delalumiereauxyeux-photo.fr\/wp-content\/uploads\/2023\/04\/DSC_0792-copie-300x224.jpg 300w, https:\/\/www.delalumiereauxyeux-photo.fr\/wp-content\/uploads\/2023\/04\/DSC_0792-copie-768x572.jpg 768w\" sizes=\"(max-width: 1024px) 100vw, 1024px\" \/><\/p>\n<p>Fr\u00e9d\u00e9ric MARTIN\/Pascal VINCELOT<img loading=\"lazy\" decoding=\"async\" class=\"alignnone size-large wp-image-2894\" src=\"http:\/\/www.delalumiereauxyeux-photo.fr\/wp-content\/uploads\/2023\/04\/DSC_1046-copie-1024x630.jpg\" alt=\"Rallye de Bl\u00e9r\u00e9 2023 photographe De la lumi\u00e8re aux yeux\" width=\"1024\" height=\"630\" srcset=\"https:\/\/www.delalumiereauxyeux-photo.fr\/wp-content\/uploads\/2023\/04\/DSC_1046-copie-1024x630.jpg 1024w, https:\/\/www.delalumiereauxyeux-photo.fr\/wp-content\/uploads\/2023\/04\/DSC_1046-copie-300x184.jpg 300w, https:\/\/www.delalumiereauxyeux-photo.fr\/wp-content\/uploads\/2023\/04\/DSC_1046-copie-768x472.jpg 768w\" sizes=\"(max-width: 1024px) 100vw, 1024px\" \/><\/p>\n<p>William LALEMEN\/Thierry LALEMAN<img loading=\"lazy\" decoding=\"async\" class=\"alignnone size-large wp-image-2873\" src=\"http:\/\/www.delalumiereauxyeux-photo.fr\/wp-content\/uploads\/2023\/04\/DSC_0433-copie-1024x797.jpg\" alt=\"Rallye de Bl\u00e9r\u00e9 2023 photographe De la lumi\u00e8re aux yeux\" width=\"1024\" height=\"797\" srcset=\"https:\/\/www.delalumiereauxyeux-photo.fr\/wp-content\/uploads\/2023\/04\/DSC_0433-copie-1024x797.jpg 1024w, https:\/\/www.delalumiereauxyeux-photo.fr\/wp-content\/uploads\/2023\/04\/DSC_0433-copie-300x234.jpg 300w, https:\/\/www.delalumiereauxyeux-photo.fr\/wp-content\/uploads\/2023\/04\/DSC_0433-copie-768x598.jpg 768w\" sizes=\"(max-width: 1024px) 100vw, 1024px\" \/><\/p>\n<p>Matteo RICHARD\/Florian GARANDEAU<img loading=\"lazy\" decoding=\"async\" class=\"alignnone size-large wp-image-2912\" src=\"http:\/\/www.delalumiereauxyeux-photo.fr\/wp-content\/uploads\/2023\/04\/DSC_1438-copie-1024x749.jpg\" alt=\"Rallye de Bl\u00e9r\u00e9 2023 photographe De la lumi\u00e8re aux yeux\" width=\"1024\" height=\"749\" srcset=\"https:\/\/www.delalumiereauxyeux-photo.fr\/wp-content\/uploads\/2023\/04\/DSC_1438-copie-1024x749.jpg 1024w, https:\/\/www.delalumiereauxyeux-photo.fr\/wp-content\/uploads\/2023\/04\/DSC_1438-copie-300x219.jpg 300w, https:\/\/www.delalumiereauxyeux-photo.fr\/wp-content\/uploads\/2023\/04\/DSC_1438-copie-768x562.jpg 768w\" sizes=\"(max-width: 1024px) 100vw, 1024px\" \/><\/p>\n<p>S\u00e9bastien BRAULT\/Florian NAVARRO<img loading=\"lazy\" decoding=\"async\" class=\"alignnone size-large wp-image-2910\" src=\"http:\/\/www.delalumiereauxyeux-photo.fr\/wp-content\/uploads\/2023\/04\/DSC_1396-copie-1024x683.jpg\" alt=\"Rallye de Bl\u00e9r\u00e9 2023 photographe De la lumi\u00e8re aux yeux\" width=\"1024\" height=\"683\" srcset=\"https:\/\/www.delalumiereauxyeux-photo.fr\/wp-content\/uploads\/2023\/04\/DSC_1396-copie-1024x683.jpg 1024w, https:\/\/www.delalumiereauxyeux-photo.fr\/wp-content\/uploads\/2023\/04\/DSC_1396-copie-300x200.jpg 300w, https:\/\/www.delalumiereauxyeux-photo.fr\/wp-content\/uploads\/2023\/04\/DSC_1396-copie-768x512.jpg 768w\" sizes=\"(max-width: 1024px) 100vw, 1024px\" \/><\/p>\n<p>Thibault FRANCART\/Emerick APPOLINAIRE<img loading=\"lazy\" decoding=\"async\" class=\"alignnone size-large wp-image-2911\" src=\"http:\/\/www.delalumiereauxyeux-photo.fr\/wp-content\/uploads\/2023\/04\/DSC_1414-copie-1024x561.jpg\" alt=\"Rallye de Bl\u00e9r\u00e9 2023 photographe De la lumi\u00e8re aux yeux\" width=\"1024\" height=\"561\" srcset=\"https:\/\/www.delalumiereauxyeux-photo.fr\/wp-content\/uploads\/2023\/04\/DSC_1414-copie-1024x561.jpg 1024w, https:\/\/www.delalumiereauxyeux-photo.fr\/wp-content\/uploads\/2023\/04\/DSC_1414-copie-300x164.jpg 300w, https:\/\/www.delalumiereauxyeux-photo.fr\/wp-content\/uploads\/2023\/04\/DSC_1414-copie-768x421.jpg 768w\" sizes=\"(max-width: 1024px) 100vw, 1024px\" \/><\/p>\n<p>Corentin PINOT\/Ang\u00e9lique LIARD<img loading=\"lazy\" decoding=\"async\" class=\"alignnone size-large wp-image-2913\" src=\"http:\/\/www.delalumiereauxyeux-photo.fr\/wp-content\/uploads\/2023\/04\/DSC_1464-copie-1024x599.jpg\" alt=\"Rallye de Bl\u00e9r\u00e9 2023 photographe De la lumi\u00e8re aux yeux\" width=\"1024\" height=\"599\" srcset=\"https:\/\/www.delalumiereauxyeux-photo.fr\/wp-content\/uploads\/2023\/04\/DSC_1464-copie-1024x599.jpg 1024w, https:\/\/www.delalumiereauxyeux-photo.fr\/wp-content\/uploads\/2023\/04\/DSC_1464-copie-300x175.jpg 300w, https:\/\/www.delalumiereauxyeux-photo.fr\/wp-content\/uploads\/2023\/04\/DSC_1464-copie-768x449.jpg 768w\" sizes=\"(max-width: 1024px) 100vw, 1024px\" \/><\/p>\n<p>K\u00e9vin HUBERT\/No\u00e9mie HUBERT<img loading=\"lazy\" decoding=\"async\" class=\"alignnone size-large wp-image-2914\" src=\"http:\/\/www.delalumiereauxyeux-photo.fr\/wp-content\/uploads\/2023\/04\/DSC_1491-copie-1024x861.jpg\" alt=\"Rallye de Bl\u00e9r\u00e9 2023 photographe De la lumi\u00e8re aux yeux\" width=\"1024\" height=\"861\" srcset=\"https:\/\/www.delalumiereauxyeux-photo.fr\/wp-content\/uploads\/2023\/04\/DSC_1491-copie-1024x861.jpg 1024w, https:\/\/www.delalumiereauxyeux-photo.fr\/wp-content\/uploads\/2023\/04\/DSC_1491-copie-300x252.jpg 300w, https:\/\/www.delalumiereauxyeux-photo.fr\/wp-content\/uploads\/2023\/04\/DSC_1491-copie-768x646.jpg 768w\" sizes=\"(max-width: 1024px) 100vw, 1024px\" \/><\/p>\n<p>Herv\u00e9 ROUX\/Manon DOUCET<img loading=\"lazy\" decoding=\"async\" class=\"alignnone size-large wp-image-2917\" src=\"http:\/\/www.delalumiereauxyeux-photo.fr\/wp-content\/uploads\/2023\/04\/DSC_1556-copie-1024x847.jpg\" alt=\"Rallye de Bl\u00e9r\u00e9 2023 photographe De la lumi\u00e8re aux yeux\" width=\"1024\" height=\"847\" srcset=\"https:\/\/www.delalumiereauxyeux-photo.fr\/wp-content\/uploads\/2023\/04\/DSC_1556-copie-1024x847.jpg 1024w, https:\/\/www.delalumiereauxyeux-photo.fr\/wp-content\/uploads\/2023\/04\/DSC_1556-copie-300x248.jpg 300w, https:\/\/www.delalumiereauxyeux-photo.fr\/wp-content\/uploads\/2023\/04\/DSC_1556-copie-768x635.jpg 768w\" sizes=\"(max-width: 1024px) 100vw, 1024px\" \/><\/p>\n<p>Romaric LIARD\/Julie LIARD<img loading=\"lazy\" decoding=\"async\" class=\"alignnone size-large wp-image-2923\" src=\"http:\/\/www.delalumiereauxyeux-photo.fr\/wp-content\/uploads\/2023\/04\/DSC_1708-copie-1024x804.jpg\" alt=\"Rallye de Bl\u00e9r\u00e9 2023 photographe De la lumi\u00e8re aux yeux\" width=\"1024\" height=\"804\" srcset=\"https:\/\/www.delalumiereauxyeux-photo.fr\/wp-content\/uploads\/2023\/04\/DSC_1708-copie-1024x804.jpg 1024w, https:\/\/www.delalumiereauxyeux-photo.fr\/wp-content\/uploads\/2023\/04\/DSC_1708-copie-300x236.jpg 300w, https:\/\/www.delalumiereauxyeux-photo.fr\/wp-content\/uploads\/2023\/04\/DSC_1708-copie-768x603.jpg 768w, https:\/\/www.delalumiereauxyeux-photo.fr\/wp-content\/uploads\/2023\/04\/DSC_1708-copie.jpg 1957w\" sizes=\"(max-width: 1024px) 100vw, 1024px\" \/><\/p>\n<p>Jean-Claude PELERIN\/K\u00e9vin PAPUCHON<img loading=\"lazy\" decoding=\"async\" class=\"alignnone size-large wp-image-2915\" src=\"http:\/\/www.delalumiereauxyeux-photo.fr\/wp-content\/uploads\/2023\/04\/DSC_1530-copie-1024x683.jpg\" alt=\"Rallye de Bl\u00e9r\u00e9 2023 photographe De la lumi\u00e8re aux yeux\" width=\"1024\" height=\"683\" srcset=\"https:\/\/www.delalumiereauxyeux-photo.fr\/wp-content\/uploads\/2023\/04\/DSC_1530-copie-1024x683.jpg 1024w, https:\/\/www.delalumiereauxyeux-photo.fr\/wp-content\/uploads\/2023\/04\/DSC_1530-copie-300x200.jpg 300w, https:\/\/www.delalumiereauxyeux-photo.fr\/wp-content\/uploads\/2023\/04\/DSC_1530-copie-768x512.jpg 768w\" sizes=\"(max-width: 1024px) 100vw, 1024px\" \/><\/p>\n<p>Cyrille GASNIER\/Ewen HERVET<img loading=\"lazy\" decoding=\"async\" class=\"alignnone size-large wp-image-2916\" src=\"http:\/\/www.delalumiereauxyeux-photo.fr\/wp-content\/uploads\/2023\/04\/DSC_1532-copie-1024x859.jpg\" alt=\"Rallye de Bl\u00e9r\u00e9 2023 photographe De la lumi\u00e8re aux yeux\" width=\"1024\" height=\"859\" srcset=\"https:\/\/www.delalumiereauxyeux-photo.fr\/wp-content\/uploads\/2023\/04\/DSC_1532-copie-1024x859.jpg 1024w, https:\/\/www.delalumiereauxyeux-photo.fr\/wp-content\/uploads\/2023\/04\/DSC_1532-copie-300x252.jpg 300w, https:\/\/www.delalumiereauxyeux-photo.fr\/wp-content\/uploads\/2023\/04\/DSC_1532-copie-768x644.jpg 768w, https:\/\/www.delalumiereauxyeux-photo.fr\/wp-content\/uploads\/2023\/04\/DSC_1532-copie.jpg 1725w\" sizes=\"(max-width: 1024px) 100vw, 1024px\" \/><\/p>\n<p>Fabrice GUILLOU\/Margot GUILLOU<img loading=\"lazy\" decoding=\"async\" class=\"alignnone size-large wp-image-2918\" src=\"http:\/\/www.delalumiereauxyeux-photo.fr\/wp-content\/uploads\/2023\/04\/DSC_1586-copie-1024x683.jpg\" alt=\"Rallye de Bl\u00e9r\u00e9 2023 photographe De la lumi\u00e8re aux yeux\" width=\"1024\" height=\"683\" srcset=\"https:\/\/www.delalumiereauxyeux-photo.fr\/wp-content\/uploads\/2023\/04\/DSC_1586-copie-1024x683.jpg 1024w, https:\/\/www.delalumiereauxyeux-photo.fr\/wp-content\/uploads\/2023\/04\/DSC_1586-copie-300x200.jpg 300w, https:\/\/www.delalumiereauxyeux-photo.fr\/wp-content\/uploads\/2023\/04\/DSC_1586-copie-768x512.jpg 768w\" sizes=\"(max-width: 1024px) 100vw, 1024px\" \/><\/p>\n<p>Jean-Michel BROUARD\/Ana\u00efs CHARVET<img loading=\"lazy\" decoding=\"async\" class=\"alignnone size-large wp-image-2921\" src=\"http:\/\/www.delalumiereauxyeux-photo.fr\/wp-content\/uploads\/2023\/04\/DSC_1681-copie-1024x849.jpg\" alt=\"Rallye de Bl\u00e9r\u00e9 2023 photographe De la lumi\u00e8re aux yeux\" width=\"1024\" height=\"849\" srcset=\"https:\/\/www.delalumiereauxyeux-photo.fr\/wp-content\/uploads\/2023\/04\/DSC_1681-copie-1024x849.jpg 1024w, https:\/\/www.delalumiereauxyeux-photo.fr\/wp-content\/uploads\/2023\/04\/DSC_1681-copie-300x249.jpg 300w, https:\/\/www.delalumiereauxyeux-photo.fr\/wp-content\/uploads\/2023\/04\/DSC_1681-copie-768x637.jpg 768w\" sizes=\"(max-width: 1024px) 100vw, 1024px\" \/><img loading=\"lazy\" decoding=\"async\" class=\"alignnone size-large wp-image-2922\" src=\"http:\/\/www.delalumiereauxyeux-photo.fr\/wp-content\/uploads\/2023\/04\/DSC_1695-copie-1024x652.jpg\" alt=\"Rallye de Bl\u00e9r\u00e9 2023 photographe De la lumi\u00e8re aux yeux\" width=\"1024\" height=\"652\" srcset=\"https:\/\/www.delalumiereauxyeux-photo.fr\/wp-content\/uploads\/2023\/04\/DSC_1695-copie-1024x652.jpg 1024w, https:\/\/www.delalumiereauxyeux-photo.fr\/wp-content\/uploads\/2023\/04\/DSC_1695-copie-300x191.jpg 300w, https:\/\/www.delalumiereauxyeux-photo.fr\/wp-content\/uploads\/2023\/04\/DSC_1695-copie-768x489.jpg 768w\" sizes=\"(max-width: 1024px) 100vw, 1024px\" \/><\/p>\n<p>Thierry LEGRAND\/Quentin LANGON<img loading=\"lazy\" decoding=\"async\" class=\"alignnone size-large wp-image-2919\" src=\"http:\/\/www.delalumiereauxyeux-photo.fr\/wp-content\/uploads\/2023\/04\/DSC_1614-copie-1024x625.jpg\" alt=\"Rallye de Bl\u00e9r\u00e9 2023 photographe De la lumi\u00e8re aux yeux\" width=\"1024\" height=\"625\" srcset=\"https:\/\/www.delalumiereauxyeux-photo.fr\/wp-content\/uploads\/2023\/04\/DSC_1614-copie-1024x625.jpg 1024w, https:\/\/www.delalumiereauxyeux-photo.fr\/wp-content\/uploads\/2023\/04\/DSC_1614-copie-300x183.jpg 300w, https:\/\/www.delalumiereauxyeux-photo.fr\/wp-content\/uploads\/2023\/04\/DSC_1614-copie-768x469.jpg 768w\" sizes=\"(max-width: 1024px) 100vw, 1024px\" \/><\/p>\n<p>Vincent FURET\/Jean-Jacques SAULIN<img loading=\"lazy\" decoding=\"async\" class=\"alignnone size-large wp-image-2886\" src=\"http:\/\/www.delalumiereauxyeux-photo.fr\/wp-content\/uploads\/2023\/04\/DSC_0823-copie-1024x683.jpg\" alt=\"Rallye de Bl\u00e9r\u00e9 2023 photographe De la lumi\u00e8re aux yeux\" width=\"1024\" height=\"683\" srcset=\"https:\/\/www.delalumiereauxyeux-photo.fr\/wp-content\/uploads\/2023\/04\/DSC_0823-copie-1024x683.jpg 1024w, https:\/\/www.delalumiereauxyeux-photo.fr\/wp-content\/uploads\/2023\/04\/DSC_0823-copie-300x200.jpg 300w, https:\/\/www.delalumiereauxyeux-photo.fr\/wp-content\/uploads\/2023\/04\/DSC_0823-copie-768x512.jpg 768w\" sizes=\"(max-width: 1024px) 100vw, 1024px\" \/><img loading=\"lazy\" decoding=\"async\" class=\"alignnone size-large wp-image-2887\" src=\"http:\/\/www.delalumiereauxyeux-photo.fr\/wp-content\/uploads\/2023\/04\/DSC_0826-copie-1024x577.jpg\" alt=\"Rallye de Bl\u00e9r\u00e9 2023 photographe De la lumi\u00e8re aux yeux\" width=\"1024\" height=\"577\" srcset=\"https:\/\/www.delalumiereauxyeux-photo.fr\/wp-content\/uploads\/2023\/04\/DSC_0826-copie-1024x577.jpg 1024w, https:\/\/www.delalumiereauxyeux-photo.fr\/wp-content\/uploads\/2023\/04\/DSC_0826-copie-300x169.jpg 300w, https:\/\/www.delalumiereauxyeux-photo.fr\/wp-content\/uploads\/2023\/04\/DSC_0826-copie-768x432.jpg 768w\" sizes=\"(max-width: 1024px) 100vw, 1024px\" \/><\/p>\n<p>Steven MOREAU\/Charly DUCATTEEUW<img loading=\"lazy\" decoding=\"async\" class=\"alignnone size-large wp-image-2920\" src=\"http:\/\/www.delalumiereauxyeux-photo.fr\/wp-content\/uploads\/2023\/04\/DSC_1649-copie-1024x683.jpg\" alt=\"Rallye de Bl\u00e9r\u00e9 2023 photographe De la lumi\u00e8re aux yeux\" width=\"1024\" height=\"683\" srcset=\"https:\/\/www.delalumiereauxyeux-photo.fr\/wp-content\/uploads\/2023\/04\/DSC_1649-copie-1024x683.jpg 1024w, https:\/\/www.delalumiereauxyeux-photo.fr\/wp-content\/uploads\/2023\/04\/DSC_1649-copie-300x200.jpg 300w, https:\/\/www.delalumiereauxyeux-photo.fr\/wp-content\/uploads\/2023\/04\/DSC_1649-copie-768x512.jpg 768w\" sizes=\"(max-width: 1024px) 100vw, 1024px\" \/><\/p>\n<p>Christophe PASQUET\/L\u00e9o PASQUET<img loading=\"lazy\" decoding=\"async\" class=\"alignnone size-large wp-image-2862\" src=\"http:\/\/www.delalumiereauxyeux-photo.fr\/wp-content\/uploads\/2023\/04\/DSC_0186-copie-1-1024x797.jpg\" alt=\"Rallye de Bl\u00e9r\u00e9 2023 photographe De la lumi\u00e8re aux yeux\" width=\"1024\" height=\"797\" srcset=\"https:\/\/www.delalumiereauxyeux-photo.fr\/wp-content\/uploads\/2023\/04\/DSC_0186-copie-1-1024x797.jpg 1024w, https:\/\/www.delalumiereauxyeux-photo.fr\/wp-content\/uploads\/2023\/04\/DSC_0186-copie-1-300x234.jpg 300w, https:\/\/www.delalumiereauxyeux-photo.fr\/wp-content\/uploads\/2023\/04\/DSC_0186-copie-1-768x598.jpg 768w\" sizes=\"(max-width: 1024px) 100vw, 1024px\" \/><\/p>\n<p>Noelic SOLNAIS\/Paul BENETEAUD<img loading=\"lazy\" decoding=\"async\" class=\"alignnone size-large wp-image-2889\" src=\"http:\/\/www.delalumiereauxyeux-photo.fr\/wp-content\/uploads\/2023\/04\/DSC_0863-copie-1024x683.jpg\" alt=\"Rallye de Bl\u00e9r\u00e9 2023 photographe De la lumi\u00e8re aux yeux\" width=\"1024\" height=\"683\" srcset=\"https:\/\/www.delalumiereauxyeux-photo.fr\/wp-content\/uploads\/2023\/04\/DSC_0863-copie-1024x683.jpg 1024w, https:\/\/www.delalumiereauxyeux-photo.fr\/wp-content\/uploads\/2023\/04\/DSC_0863-copie-300x200.jpg 300w, https:\/\/www.delalumiereauxyeux-photo.fr\/wp-content\/uploads\/2023\/04\/DSC_0863-copie-768x512.jpg 768w\" sizes=\"(max-width: 1024px) 100vw, 1024px\" \/><\/p>\n<p>Les derni\u00e8res arriv\u00e9es<img loading=\"lazy\" decoding=\"async\" class=\"alignnone size-large wp-image-2895\" src=\"http:\/\/www.delalumiereauxyeux-photo.fr\/wp-content\/uploads\/2023\/04\/DSC_1073-copie-1024x597.jpg\" alt=\"Rallye de Bl\u00e9r\u00e9 2023 photographe De la lumi\u00e8re aux yeux\" width=\"1024\" height=\"597\" srcset=\"https:\/\/www.delalumiereauxyeux-photo.fr\/wp-content\/uploads\/2023\/04\/DSC_1073-copie-1024x597.jpg 1024w, https:\/\/www.delalumiereauxyeux-photo.fr\/wp-content\/uploads\/2023\/04\/DSC_1073-copie-300x175.jpg 300w, https:\/\/www.delalumiereauxyeux-photo.fr\/wp-content\/uploads\/2023\/04\/DSC_1073-copie-768x448.jpg 768w\" sizes=\"(max-width: 1024px) 100vw, 1024px\" \/><img loading=\"lazy\" decoding=\"async\" class=\"alignnone size-large wp-image-2897\" src=\"http:\/\/www.delalumiereauxyeux-photo.fr\/wp-content\/uploads\/2023\/04\/DSC_1081-copie-1024x736.jpg\" alt=\"Rallye de Bl\u00e9r\u00e9 2023 photographe De la lumi\u00e8re aux yeux\" width=\"1024\" height=\"736\" srcset=\"https:\/\/www.delalumiereauxyeux-photo.fr\/wp-content\/uploads\/2023\/04\/DSC_1081-copie-1024x736.jpg 1024w, https:\/\/www.delalumiereauxyeux-photo.fr\/wp-content\/uploads\/2023\/04\/DSC_1081-copie-300x216.jpg 300w, https:\/\/www.delalumiereauxyeux-photo.fr\/wp-content\/uploads\/2023\/04\/DSC_1081-copie-768x552.jpg 768w\" sizes=\"(max-width: 1024px) 100vw, 1024px\" \/><img loading=\"lazy\" decoding=\"async\" class=\"alignnone size-large wp-image-2896\" src=\"http:\/\/www.delalumiereauxyeux-photo.fr\/wp-content\/uploads\/2023\/04\/DSC_1077-copie-1024x573.jpg\" alt=\"Rallye de Bl\u00e9r\u00e9 2023 photographe De la lumi\u00e8re aux yeux\" width=\"1024\" height=\"573\" srcset=\"https:\/\/www.delalumiereauxyeux-photo.fr\/wp-content\/uploads\/2023\/04\/DSC_1077-copie-1024x573.jpg 1024w, https:\/\/www.delalumiereauxyeux-photo.fr\/wp-content\/uploads\/2023\/04\/DSC_1077-copie-300x168.jpg 300w, https:\/\/www.delalumiereauxyeux-photo.fr\/wp-content\/uploads\/2023\/04\/DSC_1077-copie-768x430.jpg 768w\" sizes=\"(max-width: 1024px) 100vw, 1024px\" \/><img loading=\"lazy\" decoding=\"async\" class=\"alignnone size-large wp-image-2898\" src=\"http:\/\/www.delalumiereauxyeux-photo.fr\/wp-content\/uploads\/2023\/04\/DSC_1099-copie-1024x683.jpg\" alt=\"Rallye de Bl\u00e9r\u00e9 2023 photographe De la lumi\u00e8re aux yeux\" width=\"1024\" height=\"683\" srcset=\"https:\/\/www.delalumiereauxyeux-photo.fr\/wp-content\/uploads\/2023\/04\/DSC_1099-copie-1024x683.jpg 1024w, https:\/\/www.delalumiereauxyeux-photo.fr\/wp-content\/uploads\/2023\/04\/DSC_1099-copie-300x200.jpg 300w, https:\/\/www.delalumiereauxyeux-photo.fr\/wp-content\/uploads\/2023\/04\/DSC_1099-copie-768x512.jpg 768w\" sizes=\"(max-width: 1024px) 100vw, 1024px\" \/><img loading=\"lazy\" decoding=\"async\" class=\"alignnone size-large wp-image-2899\" src=\"http:\/\/www.delalumiereauxyeux-photo.fr\/wp-content\/uploads\/2023\/04\/DSC_1110-copie-1024x593.jpg\" alt=\"Rallye de Bl\u00e9r\u00e9 2023 photographe De la lumi\u00e8re aux yeux\" width=\"1024\" height=\"593\" srcset=\"https:\/\/www.delalumiereauxyeux-photo.fr\/wp-content\/uploads\/2023\/04\/DSC_1110-copie-1024x593.jpg 1024w, https:\/\/www.delalumiereauxyeux-photo.fr\/wp-content\/uploads\/2023\/04\/DSC_1110-copie-300x174.jpg 300w, https:\/\/www.delalumiereauxyeux-photo.fr\/wp-content\/uploads\/2023\/04\/DSC_1110-copie-768x445.jpg 768w\" sizes=\"(max-width: 1024px) 100vw, 1024px\" \/><img loading=\"lazy\" decoding=\"async\" class=\"alignnone size-large wp-image-2900\" src=\"http:\/\/www.delalumiereauxyeux-photo.fr\/wp-content\/uploads\/2023\/04\/DSC_1116-copie-1024x683.jpg\" alt=\"Rallye de Bl\u00e9r\u00e9 2023 photographe De la lumi\u00e8re aux yeux\" width=\"1024\" height=\"683\" srcset=\"https:\/\/www.delalumiereauxyeux-photo.fr\/wp-content\/uploads\/2023\/04\/DSC_1116-copie-1024x683.jpg 1024w, https:\/\/www.delalumiereauxyeux-photo.fr\/wp-content\/uploads\/2023\/04\/DSC_1116-copie-300x200.jpg 300w, https:\/\/www.delalumiereauxyeux-photo.fr\/wp-content\/uploads\/2023\/04\/DSC_1116-copie-768x512.jpg 768w\" sizes=\"(max-width: 1024px) 100vw, 1024px\" \/><img loading=\"lazy\" decoding=\"async\" class=\"alignnone size-large wp-image-2901\" src=\"http:\/\/www.delalumiereauxyeux-photo.fr\/wp-content\/uploads\/2023\/04\/DSC_1121-copie-1024x731.jpg\" alt=\"Rallye de Bl\u00e9r\u00e9 2023 photographe De la lumi\u00e8re aux yeux\" width=\"1024\" height=\"731\" srcset=\"https:\/\/www.delalumiereauxyeux-photo.fr\/wp-content\/uploads\/2023\/04\/DSC_1121-copie-1024x731.jpg 1024w, https:\/\/www.delalumiereauxyeux-photo.fr\/wp-content\/uploads\/2023\/04\/DSC_1121-copie-300x214.jpg 300w, https:\/\/www.delalumiereauxyeux-photo.fr\/wp-content\/uploads\/2023\/04\/DSC_1121-copie-768x549.jpg 768w\" sizes=\"(max-width: 1024px) 100vw, 1024px\" \/><img loading=\"lazy\" decoding=\"async\" class=\"alignnone size-large wp-image-2902\" src=\"http:\/\/www.delalumiereauxyeux-photo.fr\/wp-content\/uploads\/2023\/04\/DSC_1128-copie-1024x832.jpg\" alt=\"Rallye de Bl\u00e9r\u00e9 2023 photographe De la lumi\u00e8re aux yeux\" width=\"1024\" height=\"832\" srcset=\"https:\/\/www.delalumiereauxyeux-photo.fr\/wp-content\/uploads\/2023\/04\/DSC_1128-copie-1024x832.jpg 1024w, https:\/\/www.delalumiereauxyeux-photo.fr\/wp-content\/uploads\/2023\/04\/DSC_1128-copie-300x244.jpg 300w, https:\/\/www.delalumiereauxyeux-photo.fr\/wp-content\/uploads\/2023\/04\/DSC_1128-copie-768x624.jpg 768w\" sizes=\"(max-width: 1024px) 100vw, 1024px\" \/><img loading=\"lazy\" decoding=\"async\" class=\"alignnone size-large wp-image-2903\" src=\"http:\/\/www.delalumiereauxyeux-photo.fr\/wp-content\/uploads\/2023\/04\/DSC_1137-copie-1024x683.jpg\" alt=\"Rallye de Bl\u00e9r\u00e9 2023 photographe De la lumi\u00e8re aux yeux\" width=\"1024\" height=\"683\" srcset=\"https:\/\/www.delalumiereauxyeux-photo.fr\/wp-content\/uploads\/2023\/04\/DSC_1137-copie-1024x683.jpg 1024w, https:\/\/www.delalumiereauxyeux-photo.fr\/wp-content\/uploads\/2023\/04\/DSC_1137-copie-300x200.jpg 300w, https:\/\/www.delalumiereauxyeux-photo.fr\/wp-content\/uploads\/2023\/04\/DSC_1137-copie-768x512.jpg 768w\" sizes=\"(max-width: 1024px) 100vw, 1024px\" \/><img loading=\"lazy\" decoding=\"async\" class=\"alignnone size-large wp-image-2904\" src=\"http:\/\/www.delalumiereauxyeux-photo.fr\/wp-content\/uploads\/2023\/04\/DSC_1145-copie-1024x667.jpg\" alt=\"Rallye de Bl\u00e9r\u00e9 2023 photographe De la lumi\u00e8re aux yeux\" width=\"1024\" height=\"667\" srcset=\"https:\/\/www.delalumiereauxyeux-photo.fr\/wp-content\/uploads\/2023\/04\/DSC_1145-copie-1024x667.jpg 1024w, https:\/\/www.delalumiereauxyeux-photo.fr\/wp-content\/uploads\/2023\/04\/DSC_1145-copie-300x195.jpg 300w, https:\/\/www.delalumiereauxyeux-photo.fr\/wp-content\/uploads\/2023\/04\/DSC_1145-copie-768x500.jpg 768w\" sizes=\"(max-width: 1024px) 100vw, 1024px\" \/><\/p>\n<p>Le podium VHC groupes 1\/2\/3\/4\/5 et AJ\/BJ\/NJ<\/p>\n<p>Thierry LECOMTE\/Nelly LECOMTE Franck POISSON\/Thibaud POISSON Julien PILON\/Jacques PILON<img loading=\"lazy\" decoding=\"async\" class=\"alignnone size-large wp-image-2905\" src=\"http:\/\/www.delalumiereauxyeux-photo.fr\/wp-content\/uploads\/2023\/04\/DSC_1178-copie-1024x683.jpg\" alt=\"Rallye de Bl\u00e9r\u00e9 2023 photographe De la lumi\u00e8re aux yeux\" width=\"1024\" height=\"683\" srcset=\"https:\/\/www.delalumiereauxyeux-photo.fr\/wp-content\/uploads\/2023\/04\/DSC_1178-copie-1024x683.jpg 1024w, https:\/\/www.delalumiereauxyeux-photo.fr\/wp-content\/uploads\/2023\/04\/DSC_1178-copie-300x200.jpg 300w, https:\/\/www.delalumiereauxyeux-photo.fr\/wp-content\/uploads\/2023\/04\/DSC_1178-copie-768x512.jpg 768w\" sizes=\"(max-width: 1024px) 100vw, 1024px\" \/><\/p>\n<p>Le podium MODERNES et champagne!!<\/p>\n<p>Pierre ROCHE\/Martine ROCHE Alexis FLAMBARD\/Xavier FLAMBARD Nicolas ROBINEAU\/Rodolphe ROBINEAU<img loading=\"lazy\" decoding=\"async\" class=\"alignnone size-large wp-image-2906\" src=\"http:\/\/www.delalumiereauxyeux-photo.fr\/wp-content\/uploads\/2023\/04\/DSC_1360-copie-1024x683.jpg\" alt=\"Rallye de Bl\u00e9r\u00e9 2023 photographe De la lumi\u00e8re aux yeux\" width=\"1024\" height=\"683\" srcset=\"https:\/\/www.delalumiereauxyeux-photo.fr\/wp-content\/uploads\/2023\/04\/DSC_1360-copie-1024x683.jpg 1024w, https:\/\/www.delalumiereauxyeux-photo.fr\/wp-content\/uploads\/2023\/04\/DSC_1360-copie-300x200.jpg 300w, https:\/\/www.delalumiereauxyeux-photo.fr\/wp-content\/uploads\/2023\/04\/DSC_1360-copie-768x512.jpg 768w\" sizes=\"(max-width: 1024px) 100vw, 1024px\" \/><img loading=\"lazy\" decoding=\"async\" class=\"alignnone size-large wp-image-2907\" src=\"http:\/\/www.delalumiereauxyeux-photo.fr\/wp-content\/uploads\/2023\/04\/DSC_1363-copie-1024x683.jpg\" alt=\"Rallye de Bl\u00e9r\u00e9 2023 photographe De la lumi\u00e8re aux yeux\" width=\"1024\" height=\"683\" srcset=\"https:\/\/www.delalumiereauxyeux-photo.fr\/wp-content\/uploads\/2023\/04\/DSC_1363-copie-1024x683.jpg 1024w, https:\/\/www.delalumiereauxyeux-photo.fr\/wp-content\/uploads\/2023\/04\/DSC_1363-copie-300x200.jpg 300w, https:\/\/www.delalumiereauxyeux-photo.fr\/wp-content\/uploads\/2023\/04\/DSC_1363-copie-768x512.jpg 768w\" sizes=\"(max-width: 1024px) 100vw, 1024px\" \/><img loading=\"lazy\" decoding=\"async\" class=\"alignnone size-large wp-image-2908\" src=\"http:\/\/www.delalumiereauxyeux-photo.fr\/wp-content\/uploads\/2023\/04\/DSC_1365-copie-1024x775.jpg\" alt=\"Rallye de Bl\u00e9r\u00e9 2023 photographe De la lumi\u00e8re aux yeux\" width=\"1024\" height=\"775\" srcset=\"https:\/\/www.delalumiereauxyeux-photo.fr\/wp-content\/uploads\/2023\/04\/DSC_1365-copie-1024x775.jpg 1024w, https:\/\/www.delalumiereauxyeux-photo.fr\/wp-content\/uploads\/2023\/04\/DSC_1365-copie-300x227.jpg 300w, https:\/\/www.delalumiereauxyeux-photo.fr\/wp-content\/uploads\/2023\/04\/DSC_1365-copie-768x581.jpg 768w\" sizes=\"(max-width: 1024px) 100vw, 1024px\" \/><\/p>\n<p>Merci \u00e0 Odile DELERUE, Pr\u00e9sidente Ecurie Autocourse et aux autres membres pour leur accueil.<img loading=\"lazy\" decoding=\"async\" class=\"alignnone size-large wp-image-2909\" src=\"http:\/\/www.delalumiereauxyeux-photo.fr\/wp-content\/uploads\/2023\/04\/DSC_1377-2-copie-1024x820.jpg\" alt=\"Rallye de Bl\u00e9r\u00e9 2023 photographe De la lumi\u00e8re aux yeux\" width=\"1024\" height=\"820\" srcset=\"https:\/\/www.delalumiereauxyeux-photo.fr\/wp-content\/uploads\/2023\/04\/DSC_1377-2-copie-1024x820.jpg 1024w, https:\/\/www.delalumiereauxyeux-photo.fr\/wp-content\/uploads\/2023\/04\/DSC_1377-2-copie-300x240.jpg 300w, https:\/\/www.delalumiereauxyeux-photo.fr\/wp-content\/uploads\/2023\/04\/DSC_1377-2-copie-768x615.jpg 768w, https:\/\/www.delalumiereauxyeux-photo.fr\/wp-content\/uploads\/2023\/04\/DSC_1377-2-copie.jpg 1951w\" sizes=\"(max-width: 1024px) 100vw, 1024px\" \/><\/p>\n<p>\u00a9 Tous droits r\u00e9serv\u00e9s 2023<\/p>\n<p>D&rsquo;autres photos du parc, ES1, ES5 et podium sont disponibles sur demande.<\/p>\n<p>Les photos sont disponibles \u00e0 l&rsquo;achat au format num\u00e9rique\u00a0<a href=\"https:\/\/www.delalumiereauxyeux-photo.fr\/?page_id=2430\">Contact &#8211; De la lumi\u00e8re aux yeux (delalumiereauxyeux-photo.fr)<\/a><\/p>\n<p>Si vous souhaitez une prestation photos, contactez-moi. Vous pouvez \u00e9galement m&rsquo;envoyer vos noms, pr\u00e9noms, voiture(s), dates et lieux o\u00f9 vous serez en 2023\u00a0<a href=\"https:\/\/www.delalumiereauxyeux-photo.fr\/?page_id=2430\">Contact &#8211; De la lumi\u00e8re aux yeux (delalumiereauxyeux-photo.fr)<\/a> !<\/p>\n<p>Vous pouvez \u00e9galement me laisser vos commentaire sur cet article.<\/p>\n<p>A bient\u00f4t! \ud83d\ude42<\/p>\n<p>Ang\u00e9lique.<\/p>\n<p>Vous pouvez me retrouver sur :<\/p>\n<ul>\n<li>Facebook\u00a0<a href=\"https:\/\/www.facebook.com\/DelalumiereauxyeuxPhotographe\">Delalumi\u00e8reauxyeux Photographe | Erceville | Facebook<\/a><\/li>\n<li>Instagram\u00a0<a href=\"https:\/\/www.instagram.com\/angiephoto28\/\">Angie (@angiephoto28) \u2022 Photos et vid\u00e9os Instagram<\/a><\/li>\n<li>site www.delalumiereauxyeux.fr<\/li>\n<\/ul>\n<p><em>Les photos sont compress\u00e9es pour le blog et n&rsquo;ont pas leur qualit\u00e9 optimale.<\/em><\/p>\n","protected":false},"excerpt":{"rendered":"<p>Ce dimanche 9 avril 2023 a eu lieu le 36e Rallye R\u00e9gional Autocourse et le 2e Rallye R\u00e9gional VHC Autocourse de Bl\u00e9r\u00e9. Une tr\u00e8s belle r\u00e9gion, avec le beau temps au rendez-vous et de beaux coups de soleil sur le visage!:-) Je commence cet article par le Parc Ferm\u00e9, l&rsquo;ES1 puis les VHC sur ES5. [&hellip;]<\/p>\n","protected":false},"author":1,"featured_media":0,"comment_status":"open","ping_status":"closed","sticky":false,"template":"","format":"standard","meta":{"_monsterinsights_skip_tracking":false,"_monsterinsights_sitenote_active":false,"_monsterinsights_sitenote_note":"","_monsterinsights_sitenote_category":0,"footnotes":""},"categories":[1],"tags":[],"yoast_head":"<!-- This site is optimized with the Yoast SEO plugin v22.2 - https:\/\/yoast.com\/wordpress\/plugins\/seo\/ -->\n<title>Rallye de Bl\u00e9r\u00e9 2023 - De la lumi\u00e8re aux yeux<\/title>\n<meta name=\"robots\" content=\"index, follow, max-snippet:-1, max-image-preview:large, max-video-preview:-1\" \/>\n<link rel=\"canonical\" href=\"https:\/\/www.delalumiereauxyeux-photo.fr\/?p=2821\" \/>\n<meta property=\"og:locale\" content=\"fr_FR\" \/>\n<meta property=\"og:type\" content=\"article\" \/>\n<meta property=\"og:title\" content=\"Rallye de Bl\u00e9r\u00e9 2023 - De la lumi\u00e8re aux yeux\" \/>\n<meta property=\"og:description\" content=\"Ce dimanche 9 avril 2023 a eu lieu le 36e Rallye R\u00e9gional Autocourse et le 2e Rallye R\u00e9gional VHC Autocourse de Bl\u00e9r\u00e9. Une tr\u00e8s belle r\u00e9gion, avec le beau temps au rendez-vous et de beaux coups de soleil sur le visage!:-) Je commence cet article par le Parc Ferm\u00e9, l&rsquo;ES1 puis les VHC sur ES5. [&hellip;]\" \/>\n<meta property=\"og:url\" content=\"https:\/\/www.delalumiereauxyeux-photo.fr\/?p=2821\" \/>\n<meta property=\"og:site_name\" content=\"De la lumi\u00e8re aux yeux\" \/>\n<meta property=\"article:author\" content=\"https:\/\/www.facebook.com\/angelique.delalumiereauxyeux.5?__tn__=dlC-RHH-R-R&amp;eid=ARDORkTB_yutZsrVTEEeZ0LAobESxObVoalsaetnRjmZdhewjwojedF8h09RZ8oly8_ro0dEnvSLIUeS&amp;hc_ref=ARSbH4jjDNc2QSSUZPjZH0vrxiNgcNzLcrprkTea6WAzZ09DAHcjGeYU5y5PXqG08Ac\" \/>\n<meta property=\"article:published_time\" content=\"2023-04-11T20:16:58+00:00\" \/>\n<meta property=\"article:modified_time\" content=\"2024-01-06T14:07:46+00:00\" \/>\n<meta property=\"og:image\" content=\"http:\/\/www.delalumiereauxyeux-photo.fr\/wp-content\/uploads\/2023\/04\/DSC_9056-copie-1024x642.jpg\" \/>\n<meta name=\"author\" content=\"delalumiereauxyeux\" \/>\n<meta name=\"twitter:card\" content=\"summary_large_image\" \/>\n<meta name=\"twitter:label1\" content=\"\u00c9crit par\" \/>\n\t<meta name=\"twitter:data1\" content=\"delalumiereauxyeux\" \/>\n\t<meta name=\"twitter:label2\" content=\"Dur\u00e9e de lecture estim\u00e9e\" \/>\n\t<meta name=\"twitter:data2\" content=\"26 minutes\" \/>\n<script type=\"application\/ld+json\" class=\"yoast-schema-graph\">{\"@context\":\"https:\/\/schema.org\",\"@graph\":[{\"@type\":\"WebPage\",\"@id\":\"https:\/\/www.delalumiereauxyeux-photo.fr\/?p=2821\",\"url\":\"https:\/\/www.delalumiereauxyeux-photo.fr\/?p=2821\",\"name\":\"Rallye de Bl\u00e9r\u00e9 2023 - De la lumi\u00e8re aux yeux\",\"isPartOf\":{\"@id\":\"https:\/\/www.delalumiereauxyeux-photo.fr\/#website\"},\"primaryImageOfPage\":{\"@id\":\"https:\/\/www.delalumiereauxyeux-photo.fr\/?p=2821#primaryimage\"},\"image\":{\"@id\":\"https:\/\/www.delalumiereauxyeux-photo.fr\/?p=2821#primaryimage\"},\"thumbnailUrl\":\"http:\/\/www.delalumiereauxyeux-photo.fr\/wp-content\/uploads\/2023\/04\/DSC_9056-copie-1024x642.jpg\",\"datePublished\":\"2023-04-11T20:16:58+00:00\",\"dateModified\":\"2024-01-06T14:07:46+00:00\",\"author\":{\"@id\":\"https:\/\/www.delalumiereauxyeux-photo.fr\/#\/schema\/person\/fbdc98761dd92f98cdb911153e949213\"},\"breadcrumb\":{\"@id\":\"https:\/\/www.delalumiereauxyeux-photo.fr\/?p=2821#breadcrumb\"},\"inLanguage\":\"fr-FR\",\"potentialAction\":[{\"@type\":\"ReadAction\",\"target\":[\"https:\/\/www.delalumiereauxyeux-photo.fr\/?p=2821\"]}]},{\"@type\":\"ImageObject\",\"inLanguage\":\"fr-FR\",\"@id\":\"https:\/\/www.delalumiereauxyeux-photo.fr\/?p=2821#primaryimage\",\"url\":\"http:\/\/www.delalumiereauxyeux-photo.fr\/wp-content\/uploads\/2023\/04\/DSC_9056-copie-1024x642.jpg\",\"contentUrl\":\"http:\/\/www.delalumiereauxyeux-photo.fr\/wp-content\/uploads\/2023\/04\/DSC_9056-copie-1024x642.jpg\"},{\"@type\":\"BreadcrumbList\",\"@id\":\"https:\/\/www.delalumiereauxyeux-photo.fr\/?p=2821#breadcrumb\",\"itemListElement\":[{\"@type\":\"ListItem\",\"position\":1,\"name\":\"Accueil\",\"item\":\"https:\/\/www.delalumiereauxyeux-photo.fr\/\"},{\"@type\":\"ListItem\",\"position\":2,\"name\":\"Rallye de Bl\u00e9r\u00e9 2023\"}]},{\"@type\":\"WebSite\",\"@id\":\"https:\/\/www.delalumiereauxyeux-photo.fr\/#website\",\"url\":\"https:\/\/www.delalumiereauxyeux-photo.fr\/\",\"name\":\"De la lumi\u00e8re aux yeux\",\"description\":\"De la lumi\u00e8re aux yeux\",\"potentialAction\":[{\"@type\":\"SearchAction\",\"target\":{\"@type\":\"EntryPoint\",\"urlTemplate\":\"https:\/\/www.delalumiereauxyeux-photo.fr\/?s={search_term_string}\"},\"query-input\":\"required name=search_term_string\"}],\"inLanguage\":\"fr-FR\"},{\"@type\":\"Person\",\"@id\":\"https:\/\/www.delalumiereauxyeux-photo.fr\/#\/schema\/person\/fbdc98761dd92f98cdb911153e949213\",\"name\":\"delalumiereauxyeux\",\"image\":{\"@type\":\"ImageObject\",\"inLanguage\":\"fr-FR\",\"@id\":\"https:\/\/www.delalumiereauxyeux-photo.fr\/#\/schema\/person\/image\/\",\"url\":\"https:\/\/secure.gravatar.com\/avatar\/8fecce8824b60e8618943375d4f3666c?s=96&d=mm&r=g\",\"contentUrl\":\"https:\/\/secure.gravatar.com\/avatar\/8fecce8824b60e8618943375d4f3666c?s=96&d=mm&r=g\",\"caption\":\"delalumiereauxyeux\"},\"sameAs\":[\"https:\/\/www.facebook.com\/angelique.delalumiereauxyeux.5?__tn__=dlC-RHH-R-R&eid=ARDORkTB_yutZsrVTEEeZ0LAobESxObVoalsaetnRjmZdhewjwojedF8h09RZ8oly8_ro0dEnvSLIUeS&hc_ref=ARSbH4jjDNc2QSSUZPjZH0vrxiNgcNzLcrprkTea6WAzZ09DAHcjGeYU5y5PXqG08Ac\",\"https:\/\/www.instagram.com\/angiephoto28\/\",\"https:\/\/www.linkedin.com\/in\/anglique-de-la-lumire-aux-yeux-65418826b\/\"]}]}<\/script>\n<!-- \/ Yoast SEO plugin. -->","yoast_head_json":{"title":"Rallye de Bl\u00e9r\u00e9 2023 - De la lumi\u00e8re aux yeux","robots":{"index":"index","follow":"follow","max-snippet":"max-snippet:-1","max-image-preview":"max-image-preview:large","max-video-preview":"max-video-preview:-1"},"canonical":"https:\/\/www.delalumiereauxyeux-photo.fr\/?p=2821","og_locale":"fr_FR","og_type":"article","og_title":"Rallye de Bl\u00e9r\u00e9 2023 - De la lumi\u00e8re aux yeux","og_description":"Ce dimanche 9 avril 2023 a eu lieu le 36e Rallye R\u00e9gional Autocourse et le 2e Rallye R\u00e9gional VHC Autocourse de Bl\u00e9r\u00e9. Une tr\u00e8s belle r\u00e9gion, avec le beau temps au rendez-vous et de beaux coups de soleil sur le visage!:-) Je commence cet article par le Parc Ferm\u00e9, l&rsquo;ES1 puis les VHC sur ES5. [&hellip;]","og_url":"https:\/\/www.delalumiereauxyeux-photo.fr\/?p=2821","og_site_name":"De la lumi\u00e8re aux yeux","article_author":"https:\/\/www.facebook.com\/angelique.delalumiereauxyeux.5?__tn__=dlC-RHH-R-R&eid=ARDORkTB_yutZsrVTEEeZ0LAobESxObVoalsaetnRjmZdhewjwojedF8h09RZ8oly8_ro0dEnvSLIUeS&hc_ref=ARSbH4jjDNc2QSSUZPjZH0vrxiNgcNzLcrprkTea6WAzZ09DAHcjGeYU5y5PXqG08Ac","article_published_time":"2023-04-11T20:16:58+00:00","article_modified_time":"2024-01-06T14:07:46+00:00","og_image":[{"url":"http:\/\/www.delalumiereauxyeux-photo.fr\/wp-content\/uploads\/2023\/04\/DSC_9056-copie-1024x642.jpg"}],"author":"delalumiereauxyeux","twitter_card":"summary_large_image","twitter_misc":{"\u00c9crit par":"delalumiereauxyeux","Dur\u00e9e de lecture estim\u00e9e":"26 minutes"},"schema":{"@context":"https:\/\/schema.org","@graph":[{"@type":"WebPage","@id":"https:\/\/www.delalumiereauxyeux-photo.fr\/?p=2821","url":"https:\/\/www.delalumiereauxyeux-photo.fr\/?p=2821","name":"Rallye de Bl\u00e9r\u00e9 2023 - De la lumi\u00e8re aux yeux","isPartOf":{"@id":"https:\/\/www.delalumiereauxyeux-photo.fr\/#website"},"primaryImageOfPage":{"@id":"https:\/\/www.delalumiereauxyeux-photo.fr\/?p=2821#primaryimage"},"image":{"@id":"https:\/\/www.delalumiereauxyeux-photo.fr\/?p=2821#primaryimage"},"thumbnailUrl":"http:\/\/www.delalumiereauxyeux-photo.fr\/wp-content\/uploads\/2023\/04\/DSC_9056-copie-1024x642.jpg","datePublished":"2023-04-11T20:16:58+00:00","dateModified":"2024-01-06T14:07:46+00:00","author":{"@id":"https:\/\/www.delalumiereauxyeux-photo.fr\/#\/schema\/person\/fbdc98761dd92f98cdb911153e949213"},"breadcrumb":{"@id":"https:\/\/www.delalumiereauxyeux-photo.fr\/?p=2821#breadcrumb"},"inLanguage":"fr-FR","potentialAction":[{"@type":"ReadAction","target":["https:\/\/www.delalumiereauxyeux-photo.fr\/?p=2821"]}]},{"@type":"ImageObject","inLanguage":"fr-FR","@id":"https:\/\/www.delalumiereauxyeux-photo.fr\/?p=2821#primaryimage","url":"http:\/\/www.delalumiereauxyeux-photo.fr\/wp-content\/uploads\/2023\/04\/DSC_9056-copie-1024x642.jpg","contentUrl":"http:\/\/www.delalumiereauxyeux-photo.fr\/wp-content\/uploads\/2023\/04\/DSC_9056-copie-1024x642.jpg"},{"@type":"BreadcrumbList","@id":"https:\/\/www.delalumiereauxyeux-photo.fr\/?p=2821#breadcrumb","itemListElement":[{"@type":"ListItem","position":1,"name":"Accueil","item":"https:\/\/www.delalumiereauxyeux-photo.fr\/"},{"@type":"ListItem","position":2,"name":"Rallye de Bl\u00e9r\u00e9 2023"}]},{"@type":"WebSite","@id":"https:\/\/www.delalumiereauxyeux-photo.fr\/#website","url":"https:\/\/www.delalumiereauxyeux-photo.fr\/","name":"De la lumi\u00e8re aux yeux","description":"De la lumi\u00e8re aux yeux","potentialAction":[{"@type":"SearchAction","target":{"@type":"EntryPoint","urlTemplate":"https:\/\/www.delalumiereauxyeux-photo.fr\/?s={search_term_string}"},"query-input":"required name=search_term_string"}],"inLanguage":"fr-FR"},{"@type":"Person","@id":"https:\/\/www.delalumiereauxyeux-photo.fr\/#\/schema\/person\/fbdc98761dd92f98cdb911153e949213","name":"delalumiereauxyeux","image":{"@type":"ImageObject","inLanguage":"fr-FR","@id":"https:\/\/www.delalumiereauxyeux-photo.fr\/#\/schema\/person\/image\/","url":"https:\/\/secure.gravatar.com\/avatar\/8fecce8824b60e8618943375d4f3666c?s=96&d=mm&r=g","contentUrl":"https:\/\/secure.gravatar.com\/avatar\/8fecce8824b60e8618943375d4f3666c?s=96&d=mm&r=g","caption":"delalumiereauxyeux"},"sameAs":["https:\/\/www.facebook.com\/angelique.delalumiereauxyeux.5?__tn__=dlC-RHH-R-R&eid=ARDORkTB_yutZsrVTEEeZ0LAobESxObVoalsaetnRjmZdhewjwojedF8h09RZ8oly8_ro0dEnvSLIUeS&hc_ref=ARSbH4jjDNc2QSSUZPjZH0vrxiNgcNzLcrprkTea6WAzZ09DAHcjGeYU5y5PXqG08Ac","https:\/\/www.instagram.com\/angiephoto28\/","https:\/\/www.linkedin.com\/in\/anglique-de-la-lumire-aux-yeux-65418826b\/"]}]}},"_links":{"self":[{"href":"https:\/\/www.delalumiereauxyeux-photo.fr\/index.php?rest_route=\/wp\/v2\/posts\/2821"}],"collection":[{"href":"https:\/\/www.delalumiereauxyeux-photo.fr\/index.php?rest_route=\/wp\/v2\/posts"}],"about":[{"href":"https:\/\/www.delalumiereauxyeux-photo.fr\/index.php?rest_route=\/wp\/v2\/types\/post"}],"author":[{"embeddable":true,"href":"https:\/\/www.delalumiereauxyeux-photo.fr\/index.php?rest_route=\/wp\/v2\/users\/1"}],"replies":[{"embeddable":true,"href":"https:\/\/www.delalumiereauxyeux-photo.fr\/index.php?rest_route=%2Fwp%2Fv2%2Fcomments&post=2821"}],"version-history":[{"count":15,"href":"https:\/\/www.delalumiereauxyeux-photo.fr\/index.php?rest_route=\/wp\/v2\/posts\/2821\/revisions"}],"predecessor-version":[{"id":4947,"href":"https:\/\/www.delalumiereauxyeux-photo.fr\/index.php?rest_route=\/wp\/v2\/posts\/2821\/revisions\/4947"}],"wp:attachment":[{"href":"https:\/\/www.delalumiereauxyeux-photo.fr\/index.php?rest_route=%2Fwp%2Fv2%2Fmedia&parent=2821"}],"wp:term":[{"taxonomy":"category","embeddable":true,"href":"https:\/\/www.delalumiereauxyeux-photo.fr\/index.php?rest_route=%2Fwp%2Fv2%2Fcategories&post=2821"},{"taxonomy":"post_tag","embeddable":true,"href":"https:\/\/www.delalumiereauxyeux-photo.fr\/index.php?rest_route=%2Fwp%2Fv2%2Ftags&post=2821"}],"curies":[{"name":"wp","href":"https:\/\/api.w.org\/{rel}","templated":true}]}}