{"id":4862,"date":"2023-11-22T09:47:31","date_gmt":"2023-11-22T09:47:31","guid":{"rendered":"https:\/\/www.delalumiereauxyeux-photo.fr\/?p=4862"},"modified":"2024-01-06T15:01:16","modified_gmt":"2024-01-06T15:01:16","slug":"rallye-du-grand-senonais-2023","status":"publish","type":"post","link":"https:\/\/www.delalumiereauxyeux-photo.fr\/?p=4862","title":{"rendered":"Rallye du Grand S\u00e9nonais 2023"},"content":{"rendered":"\n<p>Samedi 18 novembre a eu lieu le 3e Rallye du Grand S\u00e9nonais. Un rallye que j&rsquo;ai beaucoup appr\u00e9ci\u00e9! De belles routes, une bonne ambiance, un accueil chaleureux de la part l&rsquo;organisation.<\/p>\n\n\n\n<p>Malgr\u00e9 une pluie battante, du vent et pas tr\u00e8s chaud, les pilotes nous ont propos\u00e9 un beau spectacle en v\u00e9hicule de D\u00e9mo, Moderne, VHC, VHRS!<\/p>\n\n\n\n<p>ES 2 avec parfois un virage prit TRES large! \ud83d\ude42 Dommage que celle-ci se soit finie en liaison&#8230; \ud83d\ude41<\/p>\n\n\n\n<figure class=\"wp-block-image size-large\"><img loading=\"lazy\" decoding=\"async\" width=\"1024\" height=\"683\" src=\"http:\/\/www.delalumiereauxyeux-photo.fr\/wp-content\/uploads\/2023\/11\/DSC_3833-1024x683.jpg\" alt=\"Rallye du Grand S\u00e9nonais 2023 photographe De la lumi\u00e8re aux yeux\" class=\"wp-image-4814\" srcset=\"https:\/\/www.delalumiereauxyeux-photo.fr\/wp-content\/uploads\/2023\/11\/DSC_3833-1024x683.jpg 1024w, https:\/\/www.delalumiereauxyeux-photo.fr\/wp-content\/uploads\/2023\/11\/DSC_3833-300x200.jpg 300w, https:\/\/www.delalumiereauxyeux-photo.fr\/wp-content\/uploads\/2023\/11\/DSC_3833-768x512.jpg 768w, https:\/\/www.delalumiereauxyeux-photo.fr\/wp-content\/uploads\/2023\/11\/DSC_3833-1536x1024.jpg 1536w, https:\/\/www.delalumiereauxyeux-photo.fr\/wp-content\/uploads\/2023\/11\/DSC_3833-2048x1365.jpg 2048w\" sizes=\"(max-width: 1024px) 100vw, 1024px\" \/><\/figure>\n\n\n\n<figure class=\"wp-block-image size-large\"><img loading=\"lazy\" decoding=\"async\" width=\"1024\" height=\"784\" src=\"http:\/\/www.delalumiereauxyeux-photo.fr\/wp-content\/uploads\/2023\/11\/DSC_3878-1024x784.jpg\" alt=\"Rallye du Grand S\u00e9nonais 2023 photographe De la lumi\u00e8re aux yeux\" class=\"wp-image-4815\" srcset=\"https:\/\/www.delalumiereauxyeux-photo.fr\/wp-content\/uploads\/2023\/11\/DSC_3878-1024x784.jpg 1024w, https:\/\/www.delalumiereauxyeux-photo.fr\/wp-content\/uploads\/2023\/11\/DSC_3878-300x230.jpg 300w, https:\/\/www.delalumiereauxyeux-photo.fr\/wp-content\/uploads\/2023\/11\/DSC_3878-768x588.jpg 768w, https:\/\/www.delalumiereauxyeux-photo.fr\/wp-content\/uploads\/2023\/11\/DSC_3878-1536x1177.jpg 1536w, https:\/\/www.delalumiereauxyeux-photo.fr\/wp-content\/uploads\/2023\/11\/DSC_3878-2048x1569.jpg 2048w\" sizes=\"(max-width: 1024px) 100vw, 1024px\" \/><\/figure>\n\n\n\n<figure class=\"wp-block-image size-large\"><img loading=\"lazy\" decoding=\"async\" width=\"1024\" height=\"722\" src=\"http:\/\/www.delalumiereauxyeux-photo.fr\/wp-content\/uploads\/2023\/11\/DSC_3899-1024x722.jpg\" alt=\"Rallye du Grand S\u00e9nonais 2023 photographe De la lumi\u00e8re aux yeux\" class=\"wp-image-4816\" srcset=\"https:\/\/www.delalumiereauxyeux-photo.fr\/wp-content\/uploads\/2023\/11\/DSC_3899-1024x722.jpg 1024w, https:\/\/www.delalumiereauxyeux-photo.fr\/wp-content\/uploads\/2023\/11\/DSC_3899-300x211.jpg 300w, https:\/\/www.delalumiereauxyeux-photo.fr\/wp-content\/uploads\/2023\/11\/DSC_3899-768x541.jpg 768w, https:\/\/www.delalumiereauxyeux-photo.fr\/wp-content\/uploads\/2023\/11\/DSC_3899-1536x1082.jpg 1536w, https:\/\/www.delalumiereauxyeux-photo.fr\/wp-content\/uploads\/2023\/11\/DSC_3899-2048x1443.jpg 2048w\" sizes=\"(max-width: 1024px) 100vw, 1024px\" \/><\/figure>\n\n\n\n<figure class=\"wp-block-image size-large\"><img loading=\"lazy\" decoding=\"async\" width=\"1024\" height=\"683\" src=\"http:\/\/www.delalumiereauxyeux-photo.fr\/wp-content\/uploads\/2023\/11\/DSC_3907-1024x683.jpg\" alt=\"Rallye du Grand S\u00e9nonais 2023 photographe De la lumi\u00e8re aux yeux\" class=\"wp-image-4817\" srcset=\"https:\/\/www.delalumiereauxyeux-photo.fr\/wp-content\/uploads\/2023\/11\/DSC_3907-1024x683.jpg 1024w, https:\/\/www.delalumiereauxyeux-photo.fr\/wp-content\/uploads\/2023\/11\/DSC_3907-300x200.jpg 300w, https:\/\/www.delalumiereauxyeux-photo.fr\/wp-content\/uploads\/2023\/11\/DSC_3907-768x512.jpg 768w, https:\/\/www.delalumiereauxyeux-photo.fr\/wp-content\/uploads\/2023\/11\/DSC_3907-1536x1024.jpg 1536w, https:\/\/www.delalumiereauxyeux-photo.fr\/wp-content\/uploads\/2023\/11\/DSC_3907-2048x1365.jpg 2048w\" sizes=\"(max-width: 1024px) 100vw, 1024px\" \/><\/figure>\n\n\n\n<figure class=\"wp-block-image size-large\"><img loading=\"lazy\" decoding=\"async\" width=\"1024\" height=\"683\" src=\"http:\/\/www.delalumiereauxyeux-photo.fr\/wp-content\/uploads\/2023\/11\/DSC_3912-1024x683.jpg\" alt=\"Rallye du Grand S\u00e9nonais 2023 photographe De la lumi\u00e8re aux yeux\" class=\"wp-image-4818\" srcset=\"https:\/\/www.delalumiereauxyeux-photo.fr\/wp-content\/uploads\/2023\/11\/DSC_3912-1024x683.jpg 1024w, https:\/\/www.delalumiereauxyeux-photo.fr\/wp-content\/uploads\/2023\/11\/DSC_3912-300x200.jpg 300w, https:\/\/www.delalumiereauxyeux-photo.fr\/wp-content\/uploads\/2023\/11\/DSC_3912-768x512.jpg 768w, https:\/\/www.delalumiereauxyeux-photo.fr\/wp-content\/uploads\/2023\/11\/DSC_3912-1536x1024.jpg 1536w, https:\/\/www.delalumiereauxyeux-photo.fr\/wp-content\/uploads\/2023\/11\/DSC_3912-2048x1365.jpg 2048w\" sizes=\"(max-width: 1024px) 100vw, 1024px\" \/><\/figure>\n\n\n\n<figure class=\"wp-block-image size-large\"><img loading=\"lazy\" decoding=\"async\" width=\"1024\" height=\"632\" src=\"http:\/\/www.delalumiereauxyeux-photo.fr\/wp-content\/uploads\/2023\/11\/DSC_3916-1024x632.jpg\" alt=\"Rallye du Grand S\u00e9nonais 2023 photographe De la lumi\u00e8re aux yeux\" class=\"wp-image-4819\" srcset=\"https:\/\/www.delalumiereauxyeux-photo.fr\/wp-content\/uploads\/2023\/11\/DSC_3916-1024x632.jpg 1024w, https:\/\/www.delalumiereauxyeux-photo.fr\/wp-content\/uploads\/2023\/11\/DSC_3916-300x185.jpg 300w, https:\/\/www.delalumiereauxyeux-photo.fr\/wp-content\/uploads\/2023\/11\/DSC_3916-768x474.jpg 768w, https:\/\/www.delalumiereauxyeux-photo.fr\/wp-content\/uploads\/2023\/11\/DSC_3916-1536x948.jpg 1536w, https:\/\/www.delalumiereauxyeux-photo.fr\/wp-content\/uploads\/2023\/11\/DSC_3916-2048x1263.jpg 2048w\" sizes=\"(max-width: 1024px) 100vw, 1024px\" \/><\/figure>\n\n\n\n<figure class=\"wp-block-image size-large\"><img loading=\"lazy\" decoding=\"async\" width=\"1024\" height=\"683\" src=\"http:\/\/www.delalumiereauxyeux-photo.fr\/wp-content\/uploads\/2023\/11\/DSC_3920-1024x683.jpg\" alt=\"Rallye du Grand S\u00e9nonais 2023 photographe De la lumi\u00e8re aux yeux\" class=\"wp-image-4820\" srcset=\"https:\/\/www.delalumiereauxyeux-photo.fr\/wp-content\/uploads\/2023\/11\/DSC_3920-1024x683.jpg 1024w, https:\/\/www.delalumiereauxyeux-photo.fr\/wp-content\/uploads\/2023\/11\/DSC_3920-300x200.jpg 300w, https:\/\/www.delalumiereauxyeux-photo.fr\/wp-content\/uploads\/2023\/11\/DSC_3920-768x512.jpg 768w, https:\/\/www.delalumiereauxyeux-photo.fr\/wp-content\/uploads\/2023\/11\/DSC_3920-1536x1024.jpg 1536w, https:\/\/www.delalumiereauxyeux-photo.fr\/wp-content\/uploads\/2023\/11\/DSC_3920-2048x1365.jpg 2048w\" sizes=\"(max-width: 1024px) 100vw, 1024px\" \/><\/figure>\n\n\n\n<figure class=\"wp-block-image size-large\"><img loading=\"lazy\" decoding=\"async\" width=\"888\" height=\"1024\" src=\"http:\/\/www.delalumiereauxyeux-photo.fr\/wp-content\/uploads\/2023\/11\/DSC_3966-888x1024.jpg\" alt=\"Rallye du Grand S\u00e9nonais 2023 photographe De la lumi\u00e8re aux yeux\" class=\"wp-image-4821\" srcset=\"https:\/\/www.delalumiereauxyeux-photo.fr\/wp-content\/uploads\/2023\/11\/DSC_3966-888x1024.jpg 888w, https:\/\/www.delalumiereauxyeux-photo.fr\/wp-content\/uploads\/2023\/11\/DSC_3966-260x300.jpg 260w, https:\/\/www.delalumiereauxyeux-photo.fr\/wp-content\/uploads\/2023\/11\/DSC_3966-768x885.jpg 768w, https:\/\/www.delalumiereauxyeux-photo.fr\/wp-content\/uploads\/2023\/11\/DSC_3966-1332x1536.jpg 1332w, https:\/\/www.delalumiereauxyeux-photo.fr\/wp-content\/uploads\/2023\/11\/DSC_3966-1777x2048.jpg 1777w\" sizes=\"(max-width: 888px) 100vw, 888px\" \/><\/figure>\n\n\n\n<figure class=\"wp-block-image size-large\"><img loading=\"lazy\" decoding=\"async\" width=\"1024\" height=\"718\" src=\"http:\/\/www.delalumiereauxyeux-photo.fr\/wp-content\/uploads\/2023\/11\/DSC_3979-1024x718.jpg\" alt=\"Rallye du Grand S\u00e9nonais 2023 photographe De la lumi\u00e8re aux yeux\" class=\"wp-image-4822\" srcset=\"https:\/\/www.delalumiereauxyeux-photo.fr\/wp-content\/uploads\/2023\/11\/DSC_3979-1024x718.jpg 1024w, https:\/\/www.delalumiereauxyeux-photo.fr\/wp-content\/uploads\/2023\/11\/DSC_3979-300x210.jpg 300w, https:\/\/www.delalumiereauxyeux-photo.fr\/wp-content\/uploads\/2023\/11\/DSC_3979-768x538.jpg 768w, https:\/\/www.delalumiereauxyeux-photo.fr\/wp-content\/uploads\/2023\/11\/DSC_3979-1536x1077.jpg 1536w, https:\/\/www.delalumiereauxyeux-photo.fr\/wp-content\/uploads\/2023\/11\/DSC_3979-2048x1436.jpg 2048w\" sizes=\"(max-width: 1024px) 100vw, 1024px\" \/><\/figure>\n\n\n\n<figure class=\"wp-block-image size-large\"><img loading=\"lazy\" decoding=\"async\" width=\"1024\" height=\"521\" src=\"http:\/\/www.delalumiereauxyeux-photo.fr\/wp-content\/uploads\/2023\/11\/DSC_3997-1024x521.jpg\" alt=\"Rallye du Grand S\u00e9nonais 2023 photographe De la lumi\u00e8re aux yeux\" class=\"wp-image-4823\" srcset=\"https:\/\/www.delalumiereauxyeux-photo.fr\/wp-content\/uploads\/2023\/11\/DSC_3997-1024x521.jpg 1024w, https:\/\/www.delalumiereauxyeux-photo.fr\/wp-content\/uploads\/2023\/11\/DSC_3997-300x152.jpg 300w, https:\/\/www.delalumiereauxyeux-photo.fr\/wp-content\/uploads\/2023\/11\/DSC_3997-768x390.jpg 768w, https:\/\/www.delalumiereauxyeux-photo.fr\/wp-content\/uploads\/2023\/11\/DSC_3997-1536x781.jpg 1536w, https:\/\/www.delalumiereauxyeux-photo.fr\/wp-content\/uploads\/2023\/11\/DSC_3997-2048x1041.jpg 2048w\" sizes=\"(max-width: 1024px) 100vw, 1024px\" \/><\/figure>\n\n\n\n<figure class=\"wp-block-image size-large\"><img loading=\"lazy\" decoding=\"async\" width=\"1024\" height=\"683\" src=\"http:\/\/www.delalumiereauxyeux-photo.fr\/wp-content\/uploads\/2023\/11\/DSC_4022-1024x683.jpg\" alt=\"Rallye du Grand S\u00e9nonais 2023 photographe De la lumi\u00e8re aux yeux\" class=\"wp-image-4824\" srcset=\"https:\/\/www.delalumiereauxyeux-photo.fr\/wp-content\/uploads\/2023\/11\/DSC_4022-1024x683.jpg 1024w, https:\/\/www.delalumiereauxyeux-photo.fr\/wp-content\/uploads\/2023\/11\/DSC_4022-300x200.jpg 300w, https:\/\/www.delalumiereauxyeux-photo.fr\/wp-content\/uploads\/2023\/11\/DSC_4022-768x512.jpg 768w, https:\/\/www.delalumiereauxyeux-photo.fr\/wp-content\/uploads\/2023\/11\/DSC_4022-1536x1024.jpg 1536w, https:\/\/www.delalumiereauxyeux-photo.fr\/wp-content\/uploads\/2023\/11\/DSC_4022-2048x1365.jpg 2048w\" sizes=\"(max-width: 1024px) 100vw, 1024px\" \/><\/figure>\n\n\n\n<figure class=\"wp-block-image size-large\"><img loading=\"lazy\" decoding=\"async\" width=\"1024\" height=\"683\" src=\"http:\/\/www.delalumiereauxyeux-photo.fr\/wp-content\/uploads\/2023\/11\/DSC_4034-1024x683.jpg\" alt=\"Rallye du Grand S\u00e9nonais 2023 photographe De la lumi\u00e8re aux yeux\" class=\"wp-image-4825\" srcset=\"https:\/\/www.delalumiereauxyeux-photo.fr\/wp-content\/uploads\/2023\/11\/DSC_4034-1024x683.jpg 1024w, https:\/\/www.delalumiereauxyeux-photo.fr\/wp-content\/uploads\/2023\/11\/DSC_4034-300x200.jpg 300w, https:\/\/www.delalumiereauxyeux-photo.fr\/wp-content\/uploads\/2023\/11\/DSC_4034-768x512.jpg 768w, https:\/\/www.delalumiereauxyeux-photo.fr\/wp-content\/uploads\/2023\/11\/DSC_4034-1536x1024.jpg 1536w, https:\/\/www.delalumiereauxyeux-photo.fr\/wp-content\/uploads\/2023\/11\/DSC_4034-2048x1365.jpg 2048w\" sizes=\"(max-width: 1024px) 100vw, 1024px\" \/><\/figure>\n\n\n\n<figure class=\"wp-block-image size-large\"><img loading=\"lazy\" decoding=\"async\" width=\"1024\" height=\"897\" src=\"http:\/\/www.delalumiereauxyeux-photo.fr\/wp-content\/uploads\/2023\/11\/DSC_4038-1024x897.jpg\" alt=\"Rallye du Grand S\u00e9nonais 2023 photographe De la lumi\u00e8re aux yeux\" class=\"wp-image-4826\" srcset=\"https:\/\/www.delalumiereauxyeux-photo.fr\/wp-content\/uploads\/2023\/11\/DSC_4038-1024x897.jpg 1024w, https:\/\/www.delalumiereauxyeux-photo.fr\/wp-content\/uploads\/2023\/11\/DSC_4038-300x263.jpg 300w, https:\/\/www.delalumiereauxyeux-photo.fr\/wp-content\/uploads\/2023\/11\/DSC_4038-768x672.jpg 768w, https:\/\/www.delalumiereauxyeux-photo.fr\/wp-content\/uploads\/2023\/11\/DSC_4038-1536x1345.jpg 1536w, https:\/\/www.delalumiereauxyeux-photo.fr\/wp-content\/uploads\/2023\/11\/DSC_4038.jpg 1865w\" sizes=\"(max-width: 1024px) 100vw, 1024px\" \/><\/figure>\n\n\n\n<figure class=\"wp-block-image size-large\"><img loading=\"lazy\" decoding=\"async\" width=\"1024\" height=\"683\" src=\"http:\/\/www.delalumiereauxyeux-photo.fr\/wp-content\/uploads\/2023\/11\/DSC_4046-1024x683.jpg\" alt=\"Rallye du Grand S\u00e9nonais 2023 photographe De la lumi\u00e8re aux yeux\" class=\"wp-image-4827\" srcset=\"https:\/\/www.delalumiereauxyeux-photo.fr\/wp-content\/uploads\/2023\/11\/DSC_4046-1024x683.jpg 1024w, https:\/\/www.delalumiereauxyeux-photo.fr\/wp-content\/uploads\/2023\/11\/DSC_4046-300x200.jpg 300w, https:\/\/www.delalumiereauxyeux-photo.fr\/wp-content\/uploads\/2023\/11\/DSC_4046-768x512.jpg 768w, https:\/\/www.delalumiereauxyeux-photo.fr\/wp-content\/uploads\/2023\/11\/DSC_4046-1536x1024.jpg 1536w, https:\/\/www.delalumiereauxyeux-photo.fr\/wp-content\/uploads\/2023\/11\/DSC_4046-2048x1365.jpg 2048w\" sizes=\"(max-width: 1024px) 100vw, 1024px\" \/><\/figure>\n\n\n\n<figure class=\"wp-block-image size-large\"><img loading=\"lazy\" decoding=\"async\" width=\"1024\" height=\"683\" src=\"http:\/\/www.delalumiereauxyeux-photo.fr\/wp-content\/uploads\/2023\/11\/DSC_4070-1024x683.jpg\" alt=\"Rallye du Grand S\u00e9nonais 2023 photographe De la lumi\u00e8re aux yeux\" class=\"wp-image-4828\" srcset=\"https:\/\/www.delalumiereauxyeux-photo.fr\/wp-content\/uploads\/2023\/11\/DSC_4070-1024x683.jpg 1024w, https:\/\/www.delalumiereauxyeux-photo.fr\/wp-content\/uploads\/2023\/11\/DSC_4070-300x200.jpg 300w, https:\/\/www.delalumiereauxyeux-photo.fr\/wp-content\/uploads\/2023\/11\/DSC_4070-768x512.jpg 768w, https:\/\/www.delalumiereauxyeux-photo.fr\/wp-content\/uploads\/2023\/11\/DSC_4070-1536x1024.jpg 1536w, https:\/\/www.delalumiereauxyeux-photo.fr\/wp-content\/uploads\/2023\/11\/DSC_4070-2048x1365.jpg 2048w\" sizes=\"(max-width: 1024px) 100vw, 1024px\" \/><\/figure>\n\n\n\n<figure class=\"wp-block-image size-large\"><img loading=\"lazy\" decoding=\"async\" width=\"1024\" height=\"730\" src=\"http:\/\/www.delalumiereauxyeux-photo.fr\/wp-content\/uploads\/2023\/11\/DSC_4096-1024x730.jpg\" alt=\"Rallye du Grand S\u00e9nonais 2023 photographe De la lumi\u00e8re aux yeux\" class=\"wp-image-4829\" srcset=\"https:\/\/www.delalumiereauxyeux-photo.fr\/wp-content\/uploads\/2023\/11\/DSC_4096-1024x730.jpg 1024w, https:\/\/www.delalumiereauxyeux-photo.fr\/wp-content\/uploads\/2023\/11\/DSC_4096-300x214.jpg 300w, https:\/\/www.delalumiereauxyeux-photo.fr\/wp-content\/uploads\/2023\/11\/DSC_4096-768x548.jpg 768w, https:\/\/www.delalumiereauxyeux-photo.fr\/wp-content\/uploads\/2023\/11\/DSC_4096-1536x1095.jpg 1536w, https:\/\/www.delalumiereauxyeux-photo.fr\/wp-content\/uploads\/2023\/11\/DSC_4096-2048x1460.jpg 2048w\" sizes=\"(max-width: 1024px) 100vw, 1024px\" \/><\/figure>\n\n\n\n<p>Ca balance! \ud83d\ude09<\/p>\n\n\n\n<figure class=\"wp-block-image size-large\"><img loading=\"lazy\" decoding=\"async\" width=\"1024\" height=\"683\" src=\"http:\/\/www.delalumiereauxyeux-photo.fr\/wp-content\/uploads\/2023\/11\/DSC_4111-1024x683.jpg\" alt=\"Rallye du Grand S\u00e9nonais 2023 photographe De la lumi\u00e8re aux yeux\" class=\"wp-image-4830\" srcset=\"https:\/\/www.delalumiereauxyeux-photo.fr\/wp-content\/uploads\/2023\/11\/DSC_4111-1024x683.jpg 1024w, https:\/\/www.delalumiereauxyeux-photo.fr\/wp-content\/uploads\/2023\/11\/DSC_4111-300x200.jpg 300w, https:\/\/www.delalumiereauxyeux-photo.fr\/wp-content\/uploads\/2023\/11\/DSC_4111-768x512.jpg 768w, https:\/\/www.delalumiereauxyeux-photo.fr\/wp-content\/uploads\/2023\/11\/DSC_4111-1536x1024.jpg 1536w, https:\/\/www.delalumiereauxyeux-photo.fr\/wp-content\/uploads\/2023\/11\/DSC_4111-2048x1365.jpg 2048w\" sizes=\"(max-width: 1024px) 100vw, 1024px\" \/><\/figure>\n\n\n\n<figure class=\"wp-block-image size-large\"><img loading=\"lazy\" decoding=\"async\" width=\"1024\" height=\"683\" src=\"http:\/\/www.delalumiereauxyeux-photo.fr\/wp-content\/uploads\/2023\/11\/DSC_4114-1024x683.jpg\" alt=\"Rallye du Grand S\u00e9nonais 2023 photographe De la lumi\u00e8re aux yeux\" class=\"wp-image-4831\" srcset=\"https:\/\/www.delalumiereauxyeux-photo.fr\/wp-content\/uploads\/2023\/11\/DSC_4114-1024x683.jpg 1024w, https:\/\/www.delalumiereauxyeux-photo.fr\/wp-content\/uploads\/2023\/11\/DSC_4114-300x200.jpg 300w, https:\/\/www.delalumiereauxyeux-photo.fr\/wp-content\/uploads\/2023\/11\/DSC_4114-768x512.jpg 768w, https:\/\/www.delalumiereauxyeux-photo.fr\/wp-content\/uploads\/2023\/11\/DSC_4114-1536x1024.jpg 1536w, https:\/\/www.delalumiereauxyeux-photo.fr\/wp-content\/uploads\/2023\/11\/DSC_4114-2048x1365.jpg 2048w\" sizes=\"(max-width: 1024px) 100vw, 1024px\" \/><\/figure>\n\n\n\n<figure class=\"wp-block-image size-large\"><img loading=\"lazy\" decoding=\"async\" width=\"1024\" height=\"683\" src=\"http:\/\/www.delalumiereauxyeux-photo.fr\/wp-content\/uploads\/2023\/11\/DSC_4119-1024x683.jpg\" alt=\"Rallye du Grand S\u00e9nonais 2023 photographe De la lumi\u00e8re aux yeux\" class=\"wp-image-4832\" srcset=\"https:\/\/www.delalumiereauxyeux-photo.fr\/wp-content\/uploads\/2023\/11\/DSC_4119-1024x683.jpg 1024w, https:\/\/www.delalumiereauxyeux-photo.fr\/wp-content\/uploads\/2023\/11\/DSC_4119-300x200.jpg 300w, https:\/\/www.delalumiereauxyeux-photo.fr\/wp-content\/uploads\/2023\/11\/DSC_4119-768x512.jpg 768w, https:\/\/www.delalumiereauxyeux-photo.fr\/wp-content\/uploads\/2023\/11\/DSC_4119-1536x1024.jpg 1536w, https:\/\/www.delalumiereauxyeux-photo.fr\/wp-content\/uploads\/2023\/11\/DSC_4119-2048x1365.jpg 2048w\" sizes=\"(max-width: 1024px) 100vw, 1024px\" \/><\/figure>\n\n\n\n<figure class=\"wp-block-image size-large\"><img loading=\"lazy\" decoding=\"async\" width=\"1024\" height=\"683\" src=\"http:\/\/www.delalumiereauxyeux-photo.fr\/wp-content\/uploads\/2023\/11\/DSC_4120-1024x683.jpg\" alt=\"Rallye du Grand S\u00e9nonais 2023 photographe De la lumi\u00e8re aux yeux\" class=\"wp-image-4833\" srcset=\"https:\/\/www.delalumiereauxyeux-photo.fr\/wp-content\/uploads\/2023\/11\/DSC_4120-1024x683.jpg 1024w, https:\/\/www.delalumiereauxyeux-photo.fr\/wp-content\/uploads\/2023\/11\/DSC_4120-300x200.jpg 300w, https:\/\/www.delalumiereauxyeux-photo.fr\/wp-content\/uploads\/2023\/11\/DSC_4120-768x512.jpg 768w, https:\/\/www.delalumiereauxyeux-photo.fr\/wp-content\/uploads\/2023\/11\/DSC_4120-1536x1024.jpg 1536w, https:\/\/www.delalumiereauxyeux-photo.fr\/wp-content\/uploads\/2023\/11\/DSC_4120-2048x1365.jpg 2048w\" sizes=\"(max-width: 1024px) 100vw, 1024px\" \/><\/figure>\n\n\n\n<figure class=\"wp-block-image size-large\"><img loading=\"lazy\" decoding=\"async\" width=\"1024\" height=\"683\" src=\"http:\/\/www.delalumiereauxyeux-photo.fr\/wp-content\/uploads\/2023\/11\/DSC_4125-1024x683.jpg\" alt=\"Rallye du Grand S\u00e9nonais 2023 photographe De la lumi\u00e8re aux yeux\" class=\"wp-image-4834\" srcset=\"https:\/\/www.delalumiereauxyeux-photo.fr\/wp-content\/uploads\/2023\/11\/DSC_4125-1024x683.jpg 1024w, https:\/\/www.delalumiereauxyeux-photo.fr\/wp-content\/uploads\/2023\/11\/DSC_4125-300x200.jpg 300w, https:\/\/www.delalumiereauxyeux-photo.fr\/wp-content\/uploads\/2023\/11\/DSC_4125-768x512.jpg 768w, https:\/\/www.delalumiereauxyeux-photo.fr\/wp-content\/uploads\/2023\/11\/DSC_4125-1536x1024.jpg 1536w, https:\/\/www.delalumiereauxyeux-photo.fr\/wp-content\/uploads\/2023\/11\/DSC_4125-2048x1365.jpg 2048w\" sizes=\"(max-width: 1024px) 100vw, 1024px\" \/><\/figure>\n\n\n\n<figure class=\"wp-block-image size-large\"><img loading=\"lazy\" decoding=\"async\" width=\"1024\" height=\"683\" src=\"http:\/\/www.delalumiereauxyeux-photo.fr\/wp-content\/uploads\/2023\/11\/DSC_4128-1024x683.jpg\" alt=\"Rallye du Grand S\u00e9nonais 2023 photographe De la lumi\u00e8re aux yeux\" class=\"wp-image-4835\" srcset=\"https:\/\/www.delalumiereauxyeux-photo.fr\/wp-content\/uploads\/2023\/11\/DSC_4128-1024x683.jpg 1024w, https:\/\/www.delalumiereauxyeux-photo.fr\/wp-content\/uploads\/2023\/11\/DSC_4128-300x200.jpg 300w, https:\/\/www.delalumiereauxyeux-photo.fr\/wp-content\/uploads\/2023\/11\/DSC_4128-768x512.jpg 768w, https:\/\/www.delalumiereauxyeux-photo.fr\/wp-content\/uploads\/2023\/11\/DSC_4128-1536x1024.jpg 1536w, https:\/\/www.delalumiereauxyeux-photo.fr\/wp-content\/uploads\/2023\/11\/DSC_4128-2048x1365.jpg 2048w\" sizes=\"(max-width: 1024px) 100vw, 1024px\" \/><\/figure>\n\n\n\n<figure class=\"wp-block-image size-large\"><img loading=\"lazy\" decoding=\"async\" width=\"1024\" height=\"683\" src=\"http:\/\/www.delalumiereauxyeux-photo.fr\/wp-content\/uploads\/2023\/11\/DSC_4208-1024x683.jpg\" alt=\"Rallye du Grand S\u00e9nonais 2023 photographe De la lumi\u00e8re aux yeux\" class=\"wp-image-4837\" srcset=\"https:\/\/www.delalumiereauxyeux-photo.fr\/wp-content\/uploads\/2023\/11\/DSC_4208-1024x683.jpg 1024w, https:\/\/www.delalumiereauxyeux-photo.fr\/wp-content\/uploads\/2023\/11\/DSC_4208-300x200.jpg 300w, https:\/\/www.delalumiereauxyeux-photo.fr\/wp-content\/uploads\/2023\/11\/DSC_4208-768x512.jpg 768w, https:\/\/www.delalumiereauxyeux-photo.fr\/wp-content\/uploads\/2023\/11\/DSC_4208-1536x1024.jpg 1536w, https:\/\/www.delalumiereauxyeux-photo.fr\/wp-content\/uploads\/2023\/11\/DSC_4208-2048x1365.jpg 2048w\" sizes=\"(max-width: 1024px) 100vw, 1024px\" \/><\/figure>\n\n\n\n<figure class=\"wp-block-image size-large\"><img loading=\"lazy\" decoding=\"async\" width=\"1024\" height=\"809\" src=\"http:\/\/www.delalumiereauxyeux-photo.fr\/wp-content\/uploads\/2023\/11\/DSC_4180-1024x809.jpg\" alt=\"Rallye du Grand S\u00e9nonais 2023 photographe De la lumi\u00e8re aux yeux\" class=\"wp-image-4836\" srcset=\"https:\/\/www.delalumiereauxyeux-photo.fr\/wp-content\/uploads\/2023\/11\/DSC_4180-1024x809.jpg 1024w, https:\/\/www.delalumiereauxyeux-photo.fr\/wp-content\/uploads\/2023\/11\/DSC_4180-300x237.jpg 300w, https:\/\/www.delalumiereauxyeux-photo.fr\/wp-content\/uploads\/2023\/11\/DSC_4180-768x607.jpg 768w, https:\/\/www.delalumiereauxyeux-photo.fr\/wp-content\/uploads\/2023\/11\/DSC_4180-1536x1214.jpg 1536w, https:\/\/www.delalumiereauxyeux-photo.fr\/wp-content\/uploads\/2023\/11\/DSC_4180-2048x1619.jpg 2048w\" sizes=\"(max-width: 1024px) 100vw, 1024px\" \/><\/figure>\n\n\n\n<figure class=\"wp-block-image size-large\"><img loading=\"lazy\" decoding=\"async\" width=\"1024\" height=\"683\" src=\"http:\/\/www.delalumiereauxyeux-photo.fr\/wp-content\/uploads\/2023\/11\/DSC_4221-1024x683.jpg\" alt=\"Rallye du Grand S\u00e9nonais 2023 photographe De la lumi\u00e8re aux yeux\" class=\"wp-image-4838\" srcset=\"https:\/\/www.delalumiereauxyeux-photo.fr\/wp-content\/uploads\/2023\/11\/DSC_4221-1024x683.jpg 1024w, https:\/\/www.delalumiereauxyeux-photo.fr\/wp-content\/uploads\/2023\/11\/DSC_4221-300x200.jpg 300w, https:\/\/www.delalumiereauxyeux-photo.fr\/wp-content\/uploads\/2023\/11\/DSC_4221-768x512.jpg 768w, https:\/\/www.delalumiereauxyeux-photo.fr\/wp-content\/uploads\/2023\/11\/DSC_4221-1536x1024.jpg 1536w, https:\/\/www.delalumiereauxyeux-photo.fr\/wp-content\/uploads\/2023\/11\/DSC_4221-2048x1365.jpg 2048w\" sizes=\"(max-width: 1024px) 100vw, 1024px\" \/><\/figure>\n\n\n\n<figure class=\"wp-block-image size-large\"><img loading=\"lazy\" decoding=\"async\" width=\"910\" height=\"1024\" src=\"http:\/\/www.delalumiereauxyeux-photo.fr\/wp-content\/uploads\/2023\/11\/DSC_4311-910x1024.jpg\" alt=\"Rallye du Grand S\u00e9nonais 2023 photographe De la lumi\u00e8re aux yeux\" class=\"wp-image-4839\" srcset=\"https:\/\/www.delalumiereauxyeux-photo.fr\/wp-content\/uploads\/2023\/11\/DSC_4311-910x1024.jpg 910w, https:\/\/www.delalumiereauxyeux-photo.fr\/wp-content\/uploads\/2023\/11\/DSC_4311-267x300.jpg 267w, https:\/\/www.delalumiereauxyeux-photo.fr\/wp-content\/uploads\/2023\/11\/DSC_4311-768x864.jpg 768w, https:\/\/www.delalumiereauxyeux-photo.fr\/wp-content\/uploads\/2023\/11\/DSC_4311-1365x1536.jpg 1365w, https:\/\/www.delalumiereauxyeux-photo.fr\/wp-content\/uploads\/2023\/11\/DSC_4311-1820x2048.jpg 1820w\" sizes=\"(max-width: 910px) 100vw, 910px\" \/><\/figure>\n\n\n\n<figure class=\"wp-block-image size-large\"><img loading=\"lazy\" decoding=\"async\" width=\"1024\" height=\"683\" src=\"http:\/\/www.delalumiereauxyeux-photo.fr\/wp-content\/uploads\/2023\/11\/DSC_4352-1024x683.jpg\" alt=\"Rallye du Grand S\u00e9nonais 2023 photographe De la lumi\u00e8re aux yeux\" class=\"wp-image-4840\" srcset=\"https:\/\/www.delalumiereauxyeux-photo.fr\/wp-content\/uploads\/2023\/11\/DSC_4352-1024x683.jpg 1024w, https:\/\/www.delalumiereauxyeux-photo.fr\/wp-content\/uploads\/2023\/11\/DSC_4352-300x200.jpg 300w, https:\/\/www.delalumiereauxyeux-photo.fr\/wp-content\/uploads\/2023\/11\/DSC_4352-768x512.jpg 768w, https:\/\/www.delalumiereauxyeux-photo.fr\/wp-content\/uploads\/2023\/11\/DSC_4352-1536x1024.jpg 1536w, https:\/\/www.delalumiereauxyeux-photo.fr\/wp-content\/uploads\/2023\/11\/DSC_4352-2048x1365.jpg 2048w\" sizes=\"(max-width: 1024px) 100vw, 1024px\" \/><\/figure>\n\n\n\n<figure class=\"wp-block-image size-large\"><img loading=\"lazy\" decoding=\"async\" width=\"1024\" height=\"683\" src=\"http:\/\/www.delalumiereauxyeux-photo.fr\/wp-content\/uploads\/2023\/11\/DSC_4366-1024x683.jpg\" alt=\"Rallye du Grand S\u00e9nonais 2023 photographe De la lumi\u00e8re aux yeux\" class=\"wp-image-4841\" srcset=\"https:\/\/www.delalumiereauxyeux-photo.fr\/wp-content\/uploads\/2023\/11\/DSC_4366-1024x683.jpg 1024w, https:\/\/www.delalumiereauxyeux-photo.fr\/wp-content\/uploads\/2023\/11\/DSC_4366-300x200.jpg 300w, https:\/\/www.delalumiereauxyeux-photo.fr\/wp-content\/uploads\/2023\/11\/DSC_4366-768x512.jpg 768w, https:\/\/www.delalumiereauxyeux-photo.fr\/wp-content\/uploads\/2023\/11\/DSC_4366-1536x1024.jpg 1536w, https:\/\/www.delalumiereauxyeux-photo.fr\/wp-content\/uploads\/2023\/11\/DSC_4366-2048x1365.jpg 2048w\" sizes=\"(max-width: 1024px) 100vw, 1024px\" \/><\/figure>\n\n\n\n<figure class=\"wp-block-image size-large\"><img loading=\"lazy\" decoding=\"async\" width=\"1024\" height=\"683\" src=\"http:\/\/www.delalumiereauxyeux-photo.fr\/wp-content\/uploads\/2023\/11\/DSC_4562-1024x683.jpg\" alt=\"Rallye du Grand S\u00e9nonais 2023 photographe De la lumi\u00e8re aux yeux\" class=\"wp-image-4842\" srcset=\"https:\/\/www.delalumiereauxyeux-photo.fr\/wp-content\/uploads\/2023\/11\/DSC_4562-1024x683.jpg 1024w, https:\/\/www.delalumiereauxyeux-photo.fr\/wp-content\/uploads\/2023\/11\/DSC_4562-300x200.jpg 300w, https:\/\/www.delalumiereauxyeux-photo.fr\/wp-content\/uploads\/2023\/11\/DSC_4562-768x512.jpg 768w, https:\/\/www.delalumiereauxyeux-photo.fr\/wp-content\/uploads\/2023\/11\/DSC_4562-1536x1024.jpg 1536w, https:\/\/www.delalumiereauxyeux-photo.fr\/wp-content\/uploads\/2023\/11\/DSC_4562-2048x1365.jpg 2048w\" sizes=\"(max-width: 1024px) 100vw, 1024px\" \/><\/figure>\n\n\n\n<figure class=\"wp-block-image size-large\"><img loading=\"lazy\" decoding=\"async\" width=\"1024\" height=\"683\" src=\"http:\/\/www.delalumiereauxyeux-photo.fr\/wp-content\/uploads\/2023\/11\/DSC_4574-1024x683.jpg\" alt=\"Rallye du Grand S\u00e9nonais 2023 photographe De la lumi\u00e8re aux yeux\" class=\"wp-image-4843\" srcset=\"https:\/\/www.delalumiereauxyeux-photo.fr\/wp-content\/uploads\/2023\/11\/DSC_4574-1024x683.jpg 1024w, https:\/\/www.delalumiereauxyeux-photo.fr\/wp-content\/uploads\/2023\/11\/DSC_4574-300x200.jpg 300w, https:\/\/www.delalumiereauxyeux-photo.fr\/wp-content\/uploads\/2023\/11\/DSC_4574-768x512.jpg 768w, https:\/\/www.delalumiereauxyeux-photo.fr\/wp-content\/uploads\/2023\/11\/DSC_4574-1536x1024.jpg 1536w, https:\/\/www.delalumiereauxyeux-photo.fr\/wp-content\/uploads\/2023\/11\/DSC_4574-2048x1365.jpg 2048w\" sizes=\"(max-width: 1024px) 100vw, 1024px\" \/><\/figure>\n\n\n\n<figure class=\"wp-block-image size-large\"><img loading=\"lazy\" decoding=\"async\" width=\"1024\" height=\"849\" src=\"http:\/\/www.delalumiereauxyeux-photo.fr\/wp-content\/uploads\/2023\/11\/DSC_4597-1024x849.jpg\" alt=\"Rallye du Grand S\u00e9nonais 2023 photographe De la lumi\u00e8re aux yeux\" class=\"wp-image-4844\" srcset=\"https:\/\/www.delalumiereauxyeux-photo.fr\/wp-content\/uploads\/2023\/11\/DSC_4597-1024x849.jpg 1024w, https:\/\/www.delalumiereauxyeux-photo.fr\/wp-content\/uploads\/2023\/11\/DSC_4597-300x249.jpg 300w, https:\/\/www.delalumiereauxyeux-photo.fr\/wp-content\/uploads\/2023\/11\/DSC_4597-768x636.jpg 768w, https:\/\/www.delalumiereauxyeux-photo.fr\/wp-content\/uploads\/2023\/11\/DSC_4597-1536x1273.jpg 1536w, https:\/\/www.delalumiereauxyeux-photo.fr\/wp-content\/uploads\/2023\/11\/DSC_4597-2048x1697.jpg 2048w\" sizes=\"(max-width: 1024px) 100vw, 1024px\" \/><\/figure>\n\n\n\n<figure class=\"wp-block-image size-large\"><img loading=\"lazy\" decoding=\"async\" width=\"1024\" height=\"805\" src=\"http:\/\/www.delalumiereauxyeux-photo.fr\/wp-content\/uploads\/2023\/11\/DSC_4608-1024x805.jpg\" alt=\"Rallye du Grand S\u00e9nonais 2023 photographe De la lumi\u00e8re aux yeux\" class=\"wp-image-4845\" srcset=\"https:\/\/www.delalumiereauxyeux-photo.fr\/wp-content\/uploads\/2023\/11\/DSC_4608-1024x805.jpg 1024w, https:\/\/www.delalumiereauxyeux-photo.fr\/wp-content\/uploads\/2023\/11\/DSC_4608-300x236.jpg 300w, https:\/\/www.delalumiereauxyeux-photo.fr\/wp-content\/uploads\/2023\/11\/DSC_4608-768x603.jpg 768w, https:\/\/www.delalumiereauxyeux-photo.fr\/wp-content\/uploads\/2023\/11\/DSC_4608-1536x1207.jpg 1536w, https:\/\/www.delalumiereauxyeux-photo.fr\/wp-content\/uploads\/2023\/11\/DSC_4608-2048x1609.jpg 2048w\" sizes=\"(max-width: 1024px) 100vw, 1024px\" \/><\/figure>\n\n\n\n<p>ES 5<\/p>\n\n\n\n<figure class=\"wp-block-image size-large\"><img loading=\"lazy\" decoding=\"async\" width=\"1024\" height=\"683\" src=\"http:\/\/www.delalumiereauxyeux-photo.fr\/wp-content\/uploads\/2023\/11\/DSC_4661-1024x683.jpg\" alt=\"Rallye du Grand S\u00e9nonais 2023 photographe De la lumi\u00e8re aux yeux\" class=\"wp-image-4846\" srcset=\"https:\/\/www.delalumiereauxyeux-photo.fr\/wp-content\/uploads\/2023\/11\/DSC_4661-1024x683.jpg 1024w, https:\/\/www.delalumiereauxyeux-photo.fr\/wp-content\/uploads\/2023\/11\/DSC_4661-300x200.jpg 300w, https:\/\/www.delalumiereauxyeux-photo.fr\/wp-content\/uploads\/2023\/11\/DSC_4661-768x512.jpg 768w, https:\/\/www.delalumiereauxyeux-photo.fr\/wp-content\/uploads\/2023\/11\/DSC_4661-1536x1024.jpg 1536w, https:\/\/www.delalumiereauxyeux-photo.fr\/wp-content\/uploads\/2023\/11\/DSC_4661-2048x1365.jpg 2048w\" sizes=\"(max-width: 1024px) 100vw, 1024px\" \/><\/figure>\n\n\n\n<figure class=\"wp-block-image size-large\"><img loading=\"lazy\" decoding=\"async\" width=\"1024\" height=\"683\" src=\"http:\/\/www.delalumiereauxyeux-photo.fr\/wp-content\/uploads\/2023\/11\/DSC_4675-1024x683.jpg\" alt=\"Rallye du Grand S\u00e9nonais 2023 photographe De la lumi\u00e8re aux yeux\" class=\"wp-image-4847\" srcset=\"https:\/\/www.delalumiereauxyeux-photo.fr\/wp-content\/uploads\/2023\/11\/DSC_4675-1024x683.jpg 1024w, https:\/\/www.delalumiereauxyeux-photo.fr\/wp-content\/uploads\/2023\/11\/DSC_4675-300x200.jpg 300w, https:\/\/www.delalumiereauxyeux-photo.fr\/wp-content\/uploads\/2023\/11\/DSC_4675-768x512.jpg 768w, https:\/\/www.delalumiereauxyeux-photo.fr\/wp-content\/uploads\/2023\/11\/DSC_4675-1536x1024.jpg 1536w, https:\/\/www.delalumiereauxyeux-photo.fr\/wp-content\/uploads\/2023\/11\/DSC_4675-2048x1365.jpg 2048w\" sizes=\"(max-width: 1024px) 100vw, 1024px\" \/><\/figure>\n\n\n\n<figure class=\"wp-block-image size-large\"><img loading=\"lazy\" decoding=\"async\" width=\"1024\" height=\"683\" src=\"http:\/\/www.delalumiereauxyeux-photo.fr\/wp-content\/uploads\/2023\/11\/DSC_4677-1024x683.jpg\" alt=\"Rallye du Grand S\u00e9nonais 2023 photographe De la lumi\u00e8re aux yeux\" class=\"wp-image-4848\" srcset=\"https:\/\/www.delalumiereauxyeux-photo.fr\/wp-content\/uploads\/2023\/11\/DSC_4677-1024x683.jpg 1024w, https:\/\/www.delalumiereauxyeux-photo.fr\/wp-content\/uploads\/2023\/11\/DSC_4677-300x200.jpg 300w, https:\/\/www.delalumiereauxyeux-photo.fr\/wp-content\/uploads\/2023\/11\/DSC_4677-768x512.jpg 768w, https:\/\/www.delalumiereauxyeux-photo.fr\/wp-content\/uploads\/2023\/11\/DSC_4677-1536x1024.jpg 1536w, https:\/\/www.delalumiereauxyeux-photo.fr\/wp-content\/uploads\/2023\/11\/DSC_4677-2048x1365.jpg 2048w\" sizes=\"(max-width: 1024px) 100vw, 1024px\" \/><\/figure>\n\n\n\n<figure class=\"wp-block-image size-large\"><img loading=\"lazy\" decoding=\"async\" width=\"1024\" height=\"683\" src=\"http:\/\/www.delalumiereauxyeux-photo.fr\/wp-content\/uploads\/2023\/11\/DSC_4688-1024x683.jpg\" alt=\"Rallye du Grand S\u00e9nonais 2023 photographe De la lumi\u00e8re aux yeux\" class=\"wp-image-4849\" srcset=\"https:\/\/www.delalumiereauxyeux-photo.fr\/wp-content\/uploads\/2023\/11\/DSC_4688-1024x683.jpg 1024w, https:\/\/www.delalumiereauxyeux-photo.fr\/wp-content\/uploads\/2023\/11\/DSC_4688-300x200.jpg 300w, https:\/\/www.delalumiereauxyeux-photo.fr\/wp-content\/uploads\/2023\/11\/DSC_4688-768x512.jpg 768w, https:\/\/www.delalumiereauxyeux-photo.fr\/wp-content\/uploads\/2023\/11\/DSC_4688-1536x1024.jpg 1536w, https:\/\/www.delalumiereauxyeux-photo.fr\/wp-content\/uploads\/2023\/11\/DSC_4688-2048x1365.jpg 2048w\" sizes=\"(max-width: 1024px) 100vw, 1024px\" \/><\/figure>\n\n\n\n<figure class=\"wp-block-image size-large\"><img loading=\"lazy\" decoding=\"async\" width=\"1024\" height=\"683\" src=\"http:\/\/www.delalumiereauxyeux-photo.fr\/wp-content\/uploads\/2023\/11\/DSC_4709-1024x683.jpg\" alt=\"Rallye du Grand S\u00e9nonais 2023 photographe De la lumi\u00e8re aux yeux\" class=\"wp-image-4850\" srcset=\"https:\/\/www.delalumiereauxyeux-photo.fr\/wp-content\/uploads\/2023\/11\/DSC_4709-1024x683.jpg 1024w, https:\/\/www.delalumiereauxyeux-photo.fr\/wp-content\/uploads\/2023\/11\/DSC_4709-300x200.jpg 300w, https:\/\/www.delalumiereauxyeux-photo.fr\/wp-content\/uploads\/2023\/11\/DSC_4709-768x512.jpg 768w, https:\/\/www.delalumiereauxyeux-photo.fr\/wp-content\/uploads\/2023\/11\/DSC_4709-1536x1024.jpg 1536w, https:\/\/www.delalumiereauxyeux-photo.fr\/wp-content\/uploads\/2023\/11\/DSC_4709-2048x1365.jpg 2048w\" sizes=\"(max-width: 1024px) 100vw, 1024px\" \/><\/figure>\n\n\n\n<figure class=\"wp-block-image size-large\"><img loading=\"lazy\" decoding=\"async\" width=\"1024\" height=\"509\" src=\"http:\/\/www.delalumiereauxyeux-photo.fr\/wp-content\/uploads\/2023\/11\/DSC_4714-1024x509.jpg\" alt=\"Rallye du Grand S\u00e9nonais 2023 photographe De la lumi\u00e8re aux yeux\" class=\"wp-image-4851\" srcset=\"https:\/\/www.delalumiereauxyeux-photo.fr\/wp-content\/uploads\/2023\/11\/DSC_4714-1024x509.jpg 1024w, https:\/\/www.delalumiereauxyeux-photo.fr\/wp-content\/uploads\/2023\/11\/DSC_4714-300x149.jpg 300w, https:\/\/www.delalumiereauxyeux-photo.fr\/wp-content\/uploads\/2023\/11\/DSC_4714-768x382.jpg 768w, https:\/\/www.delalumiereauxyeux-photo.fr\/wp-content\/uploads\/2023\/11\/DSC_4714-1536x764.jpg 1536w, https:\/\/www.delalumiereauxyeux-photo.fr\/wp-content\/uploads\/2023\/11\/DSC_4714-2048x1019.jpg 2048w\" sizes=\"(max-width: 1024px) 100vw, 1024px\" \/><\/figure>\n\n\n\n<figure class=\"wp-block-image size-large\"><img loading=\"lazy\" decoding=\"async\" width=\"1024\" height=\"683\" src=\"http:\/\/www.delalumiereauxyeux-photo.fr\/wp-content\/uploads\/2023\/11\/DSC_4735-1024x683.jpg\" alt=\"Rallye du Grand S\u00e9nonais 2023 photographe De la lumi\u00e8re aux yeux\" class=\"wp-image-4852\" srcset=\"https:\/\/www.delalumiereauxyeux-photo.fr\/wp-content\/uploads\/2023\/11\/DSC_4735-1024x683.jpg 1024w, https:\/\/www.delalumiereauxyeux-photo.fr\/wp-content\/uploads\/2023\/11\/DSC_4735-300x200.jpg 300w, https:\/\/www.delalumiereauxyeux-photo.fr\/wp-content\/uploads\/2023\/11\/DSC_4735-768x512.jpg 768w, https:\/\/www.delalumiereauxyeux-photo.fr\/wp-content\/uploads\/2023\/11\/DSC_4735-1536x1024.jpg 1536w, https:\/\/www.delalumiereauxyeux-photo.fr\/wp-content\/uploads\/2023\/11\/DSC_4735-2048x1365.jpg 2048w\" sizes=\"(max-width: 1024px) 100vw, 1024px\" \/><\/figure>\n\n\n\n<figure class=\"wp-block-image size-large\"><img loading=\"lazy\" decoding=\"async\" width=\"1024\" height=\"639\" src=\"http:\/\/www.delalumiereauxyeux-photo.fr\/wp-content\/uploads\/2023\/11\/DSC_4746-1024x639.jpg\" alt=\"Rallye du Grand S\u00e9nonais 2023 photographe De la lumi\u00e8re aux yeux\" class=\"wp-image-4853\" srcset=\"https:\/\/www.delalumiereauxyeux-photo.fr\/wp-content\/uploads\/2023\/11\/DSC_4746-1024x639.jpg 1024w, https:\/\/www.delalumiereauxyeux-photo.fr\/wp-content\/uploads\/2023\/11\/DSC_4746-300x187.jpg 300w, https:\/\/www.delalumiereauxyeux-photo.fr\/wp-content\/uploads\/2023\/11\/DSC_4746-768x479.jpg 768w, https:\/\/www.delalumiereauxyeux-photo.fr\/wp-content\/uploads\/2023\/11\/DSC_4746-1536x958.jpg 1536w, https:\/\/www.delalumiereauxyeux-photo.fr\/wp-content\/uploads\/2023\/11\/DSC_4746-2048x1277.jpg 2048w\" sizes=\"(max-width: 1024px) 100vw, 1024px\" \/><\/figure>\n\n\n\n<figure class=\"wp-block-image size-large\"><img loading=\"lazy\" decoding=\"async\" width=\"1024\" height=\"683\" src=\"http:\/\/www.delalumiereauxyeux-photo.fr\/wp-content\/uploads\/2023\/11\/DSC_4888-1024x683.jpg\" alt=\"Rallye du Grand S\u00e9nonais 2023 photographe De la lumi\u00e8re aux yeux\" class=\"wp-image-4854\" srcset=\"https:\/\/www.delalumiereauxyeux-photo.fr\/wp-content\/uploads\/2023\/11\/DSC_4888-1024x683.jpg 1024w, https:\/\/www.delalumiereauxyeux-photo.fr\/wp-content\/uploads\/2023\/11\/DSC_4888-300x200.jpg 300w, https:\/\/www.delalumiereauxyeux-photo.fr\/wp-content\/uploads\/2023\/11\/DSC_4888-768x512.jpg 768w, https:\/\/www.delalumiereauxyeux-photo.fr\/wp-content\/uploads\/2023\/11\/DSC_4888-1536x1024.jpg 1536w, https:\/\/www.delalumiereauxyeux-photo.fr\/wp-content\/uploads\/2023\/11\/DSC_4888-2048x1365.jpg 2048w\" sizes=\"(max-width: 1024px) 100vw, 1024px\" \/><\/figure>\n\n\n\n<figure class=\"wp-block-image size-large\"><img loading=\"lazy\" decoding=\"async\" width=\"1024\" height=\"683\" src=\"http:\/\/www.delalumiereauxyeux-photo.fr\/wp-content\/uploads\/2023\/11\/DSC_4913-1024x683.jpg\" alt=\"Rallye du Grand S\u00e9nonais 2023 photographe De la lumi\u00e8re aux yeux\" class=\"wp-image-4855\" srcset=\"https:\/\/www.delalumiereauxyeux-photo.fr\/wp-content\/uploads\/2023\/11\/DSC_4913-1024x683.jpg 1024w, https:\/\/www.delalumiereauxyeux-photo.fr\/wp-content\/uploads\/2023\/11\/DSC_4913-300x200.jpg 300w, https:\/\/www.delalumiereauxyeux-photo.fr\/wp-content\/uploads\/2023\/11\/DSC_4913-768x512.jpg 768w, https:\/\/www.delalumiereauxyeux-photo.fr\/wp-content\/uploads\/2023\/11\/DSC_4913-1536x1024.jpg 1536w, https:\/\/www.delalumiereauxyeux-photo.fr\/wp-content\/uploads\/2023\/11\/DSC_4913-2048x1365.jpg 2048w\" sizes=\"(max-width: 1024px) 100vw, 1024px\" \/><\/figure>\n\n\n\n<figure class=\"wp-block-image size-large\"><img loading=\"lazy\" decoding=\"async\" width=\"1024\" height=\"683\" src=\"http:\/\/www.delalumiereauxyeux-photo.fr\/wp-content\/uploads\/2023\/11\/DSC_4948-1024x683.jpg\" alt=\"Rallye du Grand S\u00e9nonais 2023 photographe De la lumi\u00e8re aux yeux\" class=\"wp-image-4856\" srcset=\"https:\/\/www.delalumiereauxyeux-photo.fr\/wp-content\/uploads\/2023\/11\/DSC_4948-1024x683.jpg 1024w, https:\/\/www.delalumiereauxyeux-photo.fr\/wp-content\/uploads\/2023\/11\/DSC_4948-300x200.jpg 300w, https:\/\/www.delalumiereauxyeux-photo.fr\/wp-content\/uploads\/2023\/11\/DSC_4948-768x512.jpg 768w, https:\/\/www.delalumiereauxyeux-photo.fr\/wp-content\/uploads\/2023\/11\/DSC_4948-1536x1024.jpg 1536w, https:\/\/www.delalumiereauxyeux-photo.fr\/wp-content\/uploads\/2023\/11\/DSC_4948-2048x1365.jpg 2048w\" sizes=\"(max-width: 1024px) 100vw, 1024px\" \/><\/figure>\n\n\n\n<figure class=\"wp-block-image size-large\"><img loading=\"lazy\" decoding=\"async\" width=\"1024\" height=\"683\" src=\"http:\/\/www.delalumiereauxyeux-photo.fr\/wp-content\/uploads\/2023\/11\/DSC_4973-1024x683.jpg\" alt=\"Rallye du Grand S\u00e9nonais 2023 photographe De la lumi\u00e8re aux yeux\" class=\"wp-image-4857\" srcset=\"https:\/\/www.delalumiereauxyeux-photo.fr\/wp-content\/uploads\/2023\/11\/DSC_4973-1024x683.jpg 1024w, https:\/\/www.delalumiereauxyeux-photo.fr\/wp-content\/uploads\/2023\/11\/DSC_4973-300x200.jpg 300w, https:\/\/www.delalumiereauxyeux-photo.fr\/wp-content\/uploads\/2023\/11\/DSC_4973-768x512.jpg 768w, https:\/\/www.delalumiereauxyeux-photo.fr\/wp-content\/uploads\/2023\/11\/DSC_4973-1536x1024.jpg 1536w, https:\/\/www.delalumiereauxyeux-photo.fr\/wp-content\/uploads\/2023\/11\/DSC_4973-2048x1365.jpg 2048w\" sizes=\"(max-width: 1024px) 100vw, 1024px\" \/><\/figure>\n\n\n\n<figure class=\"wp-block-image size-large\"><img loading=\"lazy\" decoding=\"async\" width=\"1024\" height=\"683\" src=\"http:\/\/www.delalumiereauxyeux-photo.fr\/wp-content\/uploads\/2023\/11\/DSC_4980-1024x683.jpg\" alt=\"Rallye du Grand S\u00e9nonais 2023 photographe De la lumi\u00e8re aux yeux\" class=\"wp-image-4858\" srcset=\"https:\/\/www.delalumiereauxyeux-photo.fr\/wp-content\/uploads\/2023\/11\/DSC_4980-1024x683.jpg 1024w, https:\/\/www.delalumiereauxyeux-photo.fr\/wp-content\/uploads\/2023\/11\/DSC_4980-300x200.jpg 300w, https:\/\/www.delalumiereauxyeux-photo.fr\/wp-content\/uploads\/2023\/11\/DSC_4980-768x512.jpg 768w, https:\/\/www.delalumiereauxyeux-photo.fr\/wp-content\/uploads\/2023\/11\/DSC_4980-1536x1024.jpg 1536w, https:\/\/www.delalumiereauxyeux-photo.fr\/wp-content\/uploads\/2023\/11\/DSC_4980-2048x1365.jpg 2048w\" sizes=\"(max-width: 1024px) 100vw, 1024px\" \/><\/figure>\n\n\n\n<figure class=\"wp-block-image size-large\"><img loading=\"lazy\" decoding=\"async\" width=\"1024\" height=\"683\" src=\"http:\/\/www.delalumiereauxyeux-photo.fr\/wp-content\/uploads\/2023\/11\/DSC_5017-1024x683.jpg\" alt=\"Rallye du Grand S\u00e9nonais 2023 photographe De la lumi\u00e8re aux yeux\" class=\"wp-image-4859\" srcset=\"https:\/\/www.delalumiereauxyeux-photo.fr\/wp-content\/uploads\/2023\/11\/DSC_5017-1024x683.jpg 1024w, https:\/\/www.delalumiereauxyeux-photo.fr\/wp-content\/uploads\/2023\/11\/DSC_5017-300x200.jpg 300w, https:\/\/www.delalumiereauxyeux-photo.fr\/wp-content\/uploads\/2023\/11\/DSC_5017-768x512.jpg 768w, https:\/\/www.delalumiereauxyeux-photo.fr\/wp-content\/uploads\/2023\/11\/DSC_5017-1536x1024.jpg 1536w, https:\/\/www.delalumiereauxyeux-photo.fr\/wp-content\/uploads\/2023\/11\/DSC_5017-2048x1365.jpg 2048w\" sizes=\"(max-width: 1024px) 100vw, 1024px\" \/><\/figure>\n\n\n\n<figure class=\"wp-block-image size-large\"><img loading=\"lazy\" decoding=\"async\" width=\"1024\" height=\"683\" src=\"http:\/\/www.delalumiereauxyeux-photo.fr\/wp-content\/uploads\/2023\/11\/DSC_5048-1024x683.jpg\" alt=\"Rallye du Grand S\u00e9nonais 2023 photographe De la lumi\u00e8re aux yeux\" class=\"wp-image-4860\" srcset=\"https:\/\/www.delalumiereauxyeux-photo.fr\/wp-content\/uploads\/2023\/11\/DSC_5048-1024x683.jpg 1024w, https:\/\/www.delalumiereauxyeux-photo.fr\/wp-content\/uploads\/2023\/11\/DSC_5048-300x200.jpg 300w, https:\/\/www.delalumiereauxyeux-photo.fr\/wp-content\/uploads\/2023\/11\/DSC_5048-768x512.jpg 768w, https:\/\/www.delalumiereauxyeux-photo.fr\/wp-content\/uploads\/2023\/11\/DSC_5048-1536x1024.jpg 1536w, https:\/\/www.delalumiereauxyeux-photo.fr\/wp-content\/uploads\/2023\/11\/DSC_5048-2048x1365.jpg 2048w\" sizes=\"(max-width: 1024px) 100vw, 1024px\" \/><\/figure>\n\n\n\n<figure class=\"wp-block-image size-large\"><img loading=\"lazy\" decoding=\"async\" width=\"1024\" height=\"696\" src=\"http:\/\/www.delalumiereauxyeux-photo.fr\/wp-content\/uploads\/2023\/11\/DSC_5068-1024x696.jpg\" alt=\"Rallye du Grand S\u00e9nonais 2023 photographe De la lumi\u00e8re aux yeux\" class=\"wp-image-4861\" srcset=\"https:\/\/www.delalumiereauxyeux-photo.fr\/wp-content\/uploads\/2023\/11\/DSC_5068-1024x696.jpg 1024w, https:\/\/www.delalumiereauxyeux-photo.fr\/wp-content\/uploads\/2023\/11\/DSC_5068-300x204.jpg 300w, https:\/\/www.delalumiereauxyeux-photo.fr\/wp-content\/uploads\/2023\/11\/DSC_5068-768x522.jpg 768w, https:\/\/www.delalumiereauxyeux-photo.fr\/wp-content\/uploads\/2023\/11\/DSC_5068-1536x1043.jpg 1536w, https:\/\/www.delalumiereauxyeux-photo.fr\/wp-content\/uploads\/2023\/11\/DSC_5068-2048x1391.jpg 2048w\" sizes=\"(max-width: 1024px) 100vw, 1024px\" \/><\/figure>\n\n\n\n<p>\u00a9 Tous droits r\u00e9serv\u00e9s 2023.<\/p>\n\n\n\n<p>Merci \u00e0 mes clients pour leur confiance! \ud83d\ude42<\/p>\n\n\n\n<p>Merci aux organisateurs et \u00e0 Virginie pour son accueil chaleureux et sa disponibilit\u00e9!<\/p>\n\n\n\n<p>Toutes mes photos ne sont pas pr\u00e9sent\u00e9es dans l&rsquo;article, alors n&rsquo;h\u00e9sitez pas \u00e0 me contacter \ud83d\ude09<\/p>\n\n\n\n<p>Les photos sont disponibles \u00e0 l&rsquo;achat au format num\u00e9rique&nbsp;<a href=\"https:\/\/www.delalumiereauxyeux-photo.fr\/?page_id=2430\">Contact &#8211; De la lumi\u00e8re aux yeux (delalumiereauxyeux-photo.fr)<\/a><\/p>\n\n\n\n<p>Si vous souhaitez une prestation photos, contactez-moi. Vous pouvez \u00e9galement m&rsquo;envoyer vos noms, pr\u00e9noms, voiture(s), \u00e9v\u00e8nement(s), dates et lieux o\u00f9 vous serez en 2024&nbsp;<a href=\"https:\/\/www.delalumiereauxyeux-photo.fr\/?page_id=2430\">Contact &#8211; De la lumi\u00e8re aux yeux (delalumiereauxyeux-photo.fr)<\/a> !<\/p>\n\n\n\n<p>Vous pouvez \u00e9galement me laisser vos commentaires sur cet article.<\/p>\n\n\n\n<p>A bient\u00f4t! \ud83d\ude42<\/p>\n\n\n\n<p>Ang\u00e9lique.<\/p>\n\n\n\n<p>Vous pouvez me retrouver sur :<\/p>\n\n\n\n<ul>\n<li>Facebook&nbsp;<a href=\"https:\/\/www.facebook.com\/DelalumiereauxyeuxPhotographe\">Delalumi\u00e8reauxyeux Photographe | Erceville | Facebook<\/a><\/li>\n\n\n\n<li>Instagram&nbsp;<a href=\"https:\/\/www.instagram.com\/angiephoto28\/\">Angie (@angiephoto28) \u2022 Photos et vid\u00e9os Instagram<\/a><\/li>\n\n\n\n<li>site www.delalumiereauxyeux.fr<\/li>\n<\/ul>\n\n\n\n<p><em>Les photos sont compress\u00e9es pour le blog et n&rsquo;ont pas leur qualit\u00e9 optimale.<\/em><\/p>\n","protected":false},"excerpt":{"rendered":"<p>Samedi 18 novembre a eu lieu le 3e Rallye du Grand S\u00e9nonais. Un rallye que j&rsquo;ai beaucoup appr\u00e9ci\u00e9! De belles routes, une bonne ambiance, un accueil chaleureux de la part l&rsquo;organisation. Malgr\u00e9 une pluie battante, du vent et pas tr\u00e8s chaud, les pilotes nous ont propos\u00e9 un beau spectacle en v\u00e9hicule de D\u00e9mo, Moderne, VHC, [&hellip;]<\/p>\n","protected":false},"author":1,"featured_media":0,"comment_status":"open","ping_status":"closed","sticky":false,"template":"","format":"standard","meta":{"_monsterinsights_skip_tracking":false,"_monsterinsights_sitenote_active":false,"_monsterinsights_sitenote_note":"","_monsterinsights_sitenote_category":0,"footnotes":""},"categories":[1],"tags":[],"yoast_head":"<!-- This site is optimized with the Yoast SEO plugin v22.2 - https:\/\/yoast.com\/wordpress\/plugins\/seo\/ -->\n<title>Rallye du Grand S\u00e9nonais 2023 - De la lumi\u00e8re aux yeux<\/title>\n<meta name=\"robots\" content=\"index, follow, max-snippet:-1, max-image-preview:large, max-video-preview:-1\" \/>\n<link rel=\"canonical\" href=\"https:\/\/www.delalumiereauxyeux-photo.fr\/?p=4862\" \/>\n<meta property=\"og:locale\" content=\"fr_FR\" \/>\n<meta property=\"og:type\" content=\"article\" \/>\n<meta property=\"og:title\" content=\"Rallye du Grand S\u00e9nonais 2023 - De la lumi\u00e8re aux yeux\" \/>\n<meta property=\"og:description\" content=\"Samedi 18 novembre a eu lieu le 3e Rallye du Grand S\u00e9nonais. Un rallye que j&rsquo;ai beaucoup appr\u00e9ci\u00e9! De belles routes, une bonne ambiance, un accueil chaleureux de la part l&rsquo;organisation. Malgr\u00e9 une pluie battante, du vent et pas tr\u00e8s chaud, les pilotes nous ont propos\u00e9 un beau spectacle en v\u00e9hicule de D\u00e9mo, Moderne, VHC, [&hellip;]\" \/>\n<meta property=\"og:url\" content=\"https:\/\/www.delalumiereauxyeux-photo.fr\/?p=4862\" \/>\n<meta property=\"og:site_name\" content=\"De la lumi\u00e8re aux yeux\" \/>\n<meta property=\"article:author\" content=\"https:\/\/www.facebook.com\/angelique.delalumiereauxyeux.5?__tn__=dlC-RHH-R-R&amp;eid=ARDORkTB_yutZsrVTEEeZ0LAobESxObVoalsaetnRjmZdhewjwojedF8h09RZ8oly8_ro0dEnvSLIUeS&amp;hc_ref=ARSbH4jjDNc2QSSUZPjZH0vrxiNgcNzLcrprkTea6WAzZ09DAHcjGeYU5y5PXqG08Ac\" \/>\n<meta property=\"article:published_time\" content=\"2023-11-22T09:47:31+00:00\" \/>\n<meta property=\"article:modified_time\" content=\"2024-01-06T15:01:16+00:00\" \/>\n<meta property=\"og:image\" content=\"http:\/\/www.delalumiereauxyeux-photo.fr\/wp-content\/uploads\/2023\/11\/DSC_3833-1024x683.jpg\" \/>\n<meta name=\"author\" content=\"delalumiereauxyeux\" \/>\n<meta name=\"twitter:card\" content=\"summary_large_image\" \/>\n<meta name=\"twitter:label1\" content=\"\u00c9crit par\" \/>\n\t<meta name=\"twitter:data1\" content=\"delalumiereauxyeux\" \/>\n\t<meta name=\"twitter:label2\" content=\"Dur\u00e9e de lecture estim\u00e9e\" \/>\n\t<meta name=\"twitter:data2\" content=\"11 minutes\" \/>\n<script type=\"application\/ld+json\" class=\"yoast-schema-graph\">{\"@context\":\"https:\/\/schema.org\",\"@graph\":[{\"@type\":\"WebPage\",\"@id\":\"https:\/\/www.delalumiereauxyeux-photo.fr\/?p=4862\",\"url\":\"https:\/\/www.delalumiereauxyeux-photo.fr\/?p=4862\",\"name\":\"Rallye du Grand S\u00e9nonais 2023 - De la lumi\u00e8re aux yeux\",\"isPartOf\":{\"@id\":\"https:\/\/www.delalumiereauxyeux-photo.fr\/#website\"},\"primaryImageOfPage\":{\"@id\":\"https:\/\/www.delalumiereauxyeux-photo.fr\/?p=4862#primaryimage\"},\"image\":{\"@id\":\"https:\/\/www.delalumiereauxyeux-photo.fr\/?p=4862#primaryimage\"},\"thumbnailUrl\":\"http:\/\/www.delalumiereauxyeux-photo.fr\/wp-content\/uploads\/2023\/11\/DSC_3833-1024x683.jpg\",\"datePublished\":\"2023-11-22T09:47:31+00:00\",\"dateModified\":\"2024-01-06T15:01:16+00:00\",\"author\":{\"@id\":\"https:\/\/www.delalumiereauxyeux-photo.fr\/#\/schema\/person\/fbdc98761dd92f98cdb911153e949213\"},\"breadcrumb\":{\"@id\":\"https:\/\/www.delalumiereauxyeux-photo.fr\/?p=4862#breadcrumb\"},\"inLanguage\":\"fr-FR\",\"potentialAction\":[{\"@type\":\"ReadAction\",\"target\":[\"https:\/\/www.delalumiereauxyeux-photo.fr\/?p=4862\"]}]},{\"@type\":\"ImageObject\",\"inLanguage\":\"fr-FR\",\"@id\":\"https:\/\/www.delalumiereauxyeux-photo.fr\/?p=4862#primaryimage\",\"url\":\"http:\/\/www.delalumiereauxyeux-photo.fr\/wp-content\/uploads\/2023\/11\/DSC_3833-1024x683.jpg\",\"contentUrl\":\"http:\/\/www.delalumiereauxyeux-photo.fr\/wp-content\/uploads\/2023\/11\/DSC_3833-1024x683.jpg\"},{\"@type\":\"BreadcrumbList\",\"@id\":\"https:\/\/www.delalumiereauxyeux-photo.fr\/?p=4862#breadcrumb\",\"itemListElement\":[{\"@type\":\"ListItem\",\"position\":1,\"name\":\"Accueil\",\"item\":\"https:\/\/www.delalumiereauxyeux-photo.fr\/\"},{\"@type\":\"ListItem\",\"position\":2,\"name\":\"Rallye du Grand S\u00e9nonais 2023\"}]},{\"@type\":\"WebSite\",\"@id\":\"https:\/\/www.delalumiereauxyeux-photo.fr\/#website\",\"url\":\"https:\/\/www.delalumiereauxyeux-photo.fr\/\",\"name\":\"De la lumi\u00e8re aux yeux\",\"description\":\"De la lumi\u00e8re aux yeux\",\"potentialAction\":[{\"@type\":\"SearchAction\",\"target\":{\"@type\":\"EntryPoint\",\"urlTemplate\":\"https:\/\/www.delalumiereauxyeux-photo.fr\/?s={search_term_string}\"},\"query-input\":\"required name=search_term_string\"}],\"inLanguage\":\"fr-FR\"},{\"@type\":\"Person\",\"@id\":\"https:\/\/www.delalumiereauxyeux-photo.fr\/#\/schema\/person\/fbdc98761dd92f98cdb911153e949213\",\"name\":\"delalumiereauxyeux\",\"image\":{\"@type\":\"ImageObject\",\"inLanguage\":\"fr-FR\",\"@id\":\"https:\/\/www.delalumiereauxyeux-photo.fr\/#\/schema\/person\/image\/\",\"url\":\"https:\/\/secure.gravatar.com\/avatar\/8fecce8824b60e8618943375d4f3666c?s=96&d=mm&r=g\",\"contentUrl\":\"https:\/\/secure.gravatar.com\/avatar\/8fecce8824b60e8618943375d4f3666c?s=96&d=mm&r=g\",\"caption\":\"delalumiereauxyeux\"},\"sameAs\":[\"https:\/\/www.facebook.com\/angelique.delalumiereauxyeux.5?__tn__=dlC-RHH-R-R&eid=ARDORkTB_yutZsrVTEEeZ0LAobESxObVoalsaetnRjmZdhewjwojedF8h09RZ8oly8_ro0dEnvSLIUeS&hc_ref=ARSbH4jjDNc2QSSUZPjZH0vrxiNgcNzLcrprkTea6WAzZ09DAHcjGeYU5y5PXqG08Ac\",\"https:\/\/www.instagram.com\/angiephoto28\/\",\"https:\/\/www.linkedin.com\/in\/anglique-de-la-lumire-aux-yeux-65418826b\/\"]}]}<\/script>\n<!-- \/ Yoast SEO plugin. -->","yoast_head_json":{"title":"Rallye du Grand S\u00e9nonais 2023 - De la lumi\u00e8re aux yeux","robots":{"index":"index","follow":"follow","max-snippet":"max-snippet:-1","max-image-preview":"max-image-preview:large","max-video-preview":"max-video-preview:-1"},"canonical":"https:\/\/www.delalumiereauxyeux-photo.fr\/?p=4862","og_locale":"fr_FR","og_type":"article","og_title":"Rallye du Grand S\u00e9nonais 2023 - De la lumi\u00e8re aux yeux","og_description":"Samedi 18 novembre a eu lieu le 3e Rallye du Grand S\u00e9nonais. Un rallye que j&rsquo;ai beaucoup appr\u00e9ci\u00e9! De belles routes, une bonne ambiance, un accueil chaleureux de la part l&rsquo;organisation. Malgr\u00e9 une pluie battante, du vent et pas tr\u00e8s chaud, les pilotes nous ont propos\u00e9 un beau spectacle en v\u00e9hicule de D\u00e9mo, Moderne, VHC, [&hellip;]","og_url":"https:\/\/www.delalumiereauxyeux-photo.fr\/?p=4862","og_site_name":"De la lumi\u00e8re aux yeux","article_author":"https:\/\/www.facebook.com\/angelique.delalumiereauxyeux.5?__tn__=dlC-RHH-R-R&eid=ARDORkTB_yutZsrVTEEeZ0LAobESxObVoalsaetnRjmZdhewjwojedF8h09RZ8oly8_ro0dEnvSLIUeS&hc_ref=ARSbH4jjDNc2QSSUZPjZH0vrxiNgcNzLcrprkTea6WAzZ09DAHcjGeYU5y5PXqG08Ac","article_published_time":"2023-11-22T09:47:31+00:00","article_modified_time":"2024-01-06T15:01:16+00:00","og_image":[{"url":"http:\/\/www.delalumiereauxyeux-photo.fr\/wp-content\/uploads\/2023\/11\/DSC_3833-1024x683.jpg"}],"author":"delalumiereauxyeux","twitter_card":"summary_large_image","twitter_misc":{"\u00c9crit par":"delalumiereauxyeux","Dur\u00e9e de lecture estim\u00e9e":"11 minutes"},"schema":{"@context":"https:\/\/schema.org","@graph":[{"@type":"WebPage","@id":"https:\/\/www.delalumiereauxyeux-photo.fr\/?p=4862","url":"https:\/\/www.delalumiereauxyeux-photo.fr\/?p=4862","name":"Rallye du Grand S\u00e9nonais 2023 - De la lumi\u00e8re aux yeux","isPartOf":{"@id":"https:\/\/www.delalumiereauxyeux-photo.fr\/#website"},"primaryImageOfPage":{"@id":"https:\/\/www.delalumiereauxyeux-photo.fr\/?p=4862#primaryimage"},"image":{"@id":"https:\/\/www.delalumiereauxyeux-photo.fr\/?p=4862#primaryimage"},"thumbnailUrl":"http:\/\/www.delalumiereauxyeux-photo.fr\/wp-content\/uploads\/2023\/11\/DSC_3833-1024x683.jpg","datePublished":"2023-11-22T09:47:31+00:00","dateModified":"2024-01-06T15:01:16+00:00","author":{"@id":"https:\/\/www.delalumiereauxyeux-photo.fr\/#\/schema\/person\/fbdc98761dd92f98cdb911153e949213"},"breadcrumb":{"@id":"https:\/\/www.delalumiereauxyeux-photo.fr\/?p=4862#breadcrumb"},"inLanguage":"fr-FR","potentialAction":[{"@type":"ReadAction","target":["https:\/\/www.delalumiereauxyeux-photo.fr\/?p=4862"]}]},{"@type":"ImageObject","inLanguage":"fr-FR","@id":"https:\/\/www.delalumiereauxyeux-photo.fr\/?p=4862#primaryimage","url":"http:\/\/www.delalumiereauxyeux-photo.fr\/wp-content\/uploads\/2023\/11\/DSC_3833-1024x683.jpg","contentUrl":"http:\/\/www.delalumiereauxyeux-photo.fr\/wp-content\/uploads\/2023\/11\/DSC_3833-1024x683.jpg"},{"@type":"BreadcrumbList","@id":"https:\/\/www.delalumiereauxyeux-photo.fr\/?p=4862#breadcrumb","itemListElement":[{"@type":"ListItem","position":1,"name":"Accueil","item":"https:\/\/www.delalumiereauxyeux-photo.fr\/"},{"@type":"ListItem","position":2,"name":"Rallye du Grand S\u00e9nonais 2023"}]},{"@type":"WebSite","@id":"https:\/\/www.delalumiereauxyeux-photo.fr\/#website","url":"https:\/\/www.delalumiereauxyeux-photo.fr\/","name":"De la lumi\u00e8re aux yeux","description":"De la lumi\u00e8re aux yeux","potentialAction":[{"@type":"SearchAction","target":{"@type":"EntryPoint","urlTemplate":"https:\/\/www.delalumiereauxyeux-photo.fr\/?s={search_term_string}"},"query-input":"required name=search_term_string"}],"inLanguage":"fr-FR"},{"@type":"Person","@id":"https:\/\/www.delalumiereauxyeux-photo.fr\/#\/schema\/person\/fbdc98761dd92f98cdb911153e949213","name":"delalumiereauxyeux","image":{"@type":"ImageObject","inLanguage":"fr-FR","@id":"https:\/\/www.delalumiereauxyeux-photo.fr\/#\/schema\/person\/image\/","url":"https:\/\/secure.gravatar.com\/avatar\/8fecce8824b60e8618943375d4f3666c?s=96&d=mm&r=g","contentUrl":"https:\/\/secure.gravatar.com\/avatar\/8fecce8824b60e8618943375d4f3666c?s=96&d=mm&r=g","caption":"delalumiereauxyeux"},"sameAs":["https:\/\/www.facebook.com\/angelique.delalumiereauxyeux.5?__tn__=dlC-RHH-R-R&eid=ARDORkTB_yutZsrVTEEeZ0LAobESxObVoalsaetnRjmZdhewjwojedF8h09RZ8oly8_ro0dEnvSLIUeS&hc_ref=ARSbH4jjDNc2QSSUZPjZH0vrxiNgcNzLcrprkTea6WAzZ09DAHcjGeYU5y5PXqG08Ac","https:\/\/www.instagram.com\/angiephoto28\/","https:\/\/www.linkedin.com\/in\/anglique-de-la-lumire-aux-yeux-65418826b\/"]}]}},"_links":{"self":[{"href":"https:\/\/www.delalumiereauxyeux-photo.fr\/index.php?rest_route=\/wp\/v2\/posts\/4862"}],"collection":[{"href":"https:\/\/www.delalumiereauxyeux-photo.fr\/index.php?rest_route=\/wp\/v2\/posts"}],"about":[{"href":"https:\/\/www.delalumiereauxyeux-photo.fr\/index.php?rest_route=\/wp\/v2\/types\/post"}],"author":[{"embeddable":true,"href":"https:\/\/www.delalumiereauxyeux-photo.fr\/index.php?rest_route=\/wp\/v2\/users\/1"}],"replies":[{"embeddable":true,"href":"https:\/\/www.delalumiereauxyeux-photo.fr\/index.php?rest_route=%2Fwp%2Fv2%2Fcomments&post=4862"}],"version-history":[{"count":12,"href":"https:\/\/www.delalumiereauxyeux-photo.fr\/index.php?rest_route=\/wp\/v2\/posts\/4862\/revisions"}],"predecessor-version":[{"id":4981,"href":"https:\/\/www.delalumiereauxyeux-photo.fr\/index.php?rest_route=\/wp\/v2\/posts\/4862\/revisions\/4981"}],"wp:attachment":[{"href":"https:\/\/www.delalumiereauxyeux-photo.fr\/index.php?rest_route=%2Fwp%2Fv2%2Fmedia&parent=4862"}],"wp:term":[{"taxonomy":"category","embeddable":true,"href":"https:\/\/www.delalumiereauxyeux-photo.fr\/index.php?rest_route=%2Fwp%2Fv2%2Fcategories&post=4862"},{"taxonomy":"post_tag","embeddable":true,"href":"https:\/\/www.delalumiereauxyeux-photo.fr\/index.php?rest_route=%2Fwp%2Fv2%2Ftags&post=4862"}],"curies":[{"name":"wp","href":"https:\/\/api.w.org\/{rel}","templated":true}]}}