{"id":4926,"date":"2023-12-07T10:21:14","date_gmt":"2023-12-07T10:21:14","guid":{"rendered":"https:\/\/www.delalumiereauxyeux-photo.fr\/?p=4926"},"modified":"2024-01-06T09:46:28","modified_gmt":"2024-01-06T09:46:28","slug":"rallython-3-decembre-2023-a-noyers-sur-cher","status":"publish","type":"post","link":"https:\/\/www.delalumiereauxyeux-photo.fr\/?p=4926","title":{"rendered":"Rallython 3 d\u00e9cembre 2023 \u00e0 Noyers-sur-Cher"},"content":{"rendered":"\n<p>Une premi\u00e8re pour moi sur ce type d&rsquo;\u00e9v\u00e9nement et ravie d&rsquo;avoir pu y assister et de pouvoir contribuer \u00e0 mon petit niveau. La bonne ambiance et la convivialit\u00e9 ont fait de cette journ\u00e9e un moment de partage et de communication.<\/p>\n\n\n\n<p>Merci \u00e0 Alexandra pour son accueil et sa bonne humeur, merci aux pilotes, merci \u00e0 toutes et \u00e0 tous pour vos commentaires et vos partages \ud83d\ude42 .<\/p>\n\n\n\n<figure class=\"wp-block-image size-large\"><img loading=\"lazy\" decoding=\"async\" width=\"1024\" height=\"559\" src=\"http:\/\/www.delalumiereauxyeux-photo.fr\/wp-content\/uploads\/2023\/12\/DSC_0009-1024x559.jpg\" alt=\"Rallython 2023 Noyers-sur-Cher photographe De la lumi\u00e8re aux yeux\" class=\"wp-image-4875\" srcset=\"https:\/\/www.delalumiereauxyeux-photo.fr\/wp-content\/uploads\/2023\/12\/DSC_0009-1024x559.jpg 1024w, https:\/\/www.delalumiereauxyeux-photo.fr\/wp-content\/uploads\/2023\/12\/DSC_0009-300x164.jpg 300w, https:\/\/www.delalumiereauxyeux-photo.fr\/wp-content\/uploads\/2023\/12\/DSC_0009-768x419.jpg 768w, https:\/\/www.delalumiereauxyeux-photo.fr\/wp-content\/uploads\/2023\/12\/DSC_0009-1536x839.jpg 1536w, https:\/\/www.delalumiereauxyeux-photo.fr\/wp-content\/uploads\/2023\/12\/DSC_0009-2048x1119.jpg 2048w\" sizes=\"(max-width: 1024px) 100vw, 1024px\" \/><\/figure>\n\n\n\n<figure class=\"wp-block-image size-large\"><img loading=\"lazy\" decoding=\"async\" width=\"1024\" height=\"755\" src=\"http:\/\/www.delalumiereauxyeux-photo.fr\/wp-content\/uploads\/2023\/12\/DSC_0011-1024x755.jpg\" alt=\"Rallython 2023 Noyers-sur-Cher photographe De la lumi\u00e8re aux yeux\" class=\"wp-image-4876\" srcset=\"https:\/\/www.delalumiereauxyeux-photo.fr\/wp-content\/uploads\/2023\/12\/DSC_0011-1024x755.jpg 1024w, https:\/\/www.delalumiereauxyeux-photo.fr\/wp-content\/uploads\/2023\/12\/DSC_0011-300x221.jpg 300w, https:\/\/www.delalumiereauxyeux-photo.fr\/wp-content\/uploads\/2023\/12\/DSC_0011-768x566.jpg 768w, https:\/\/www.delalumiereauxyeux-photo.fr\/wp-content\/uploads\/2023\/12\/DSC_0011-1536x1132.jpg 1536w, https:\/\/www.delalumiereauxyeux-photo.fr\/wp-content\/uploads\/2023\/12\/DSC_0011-2048x1510.jpg 2048w\" sizes=\"(max-width: 1024px) 100vw, 1024px\" \/><\/figure>\n\n\n\n<figure class=\"wp-block-image size-large\"><img loading=\"lazy\" decoding=\"async\" width=\"1024\" height=\"683\" src=\"http:\/\/www.delalumiereauxyeux-photo.fr\/wp-content\/uploads\/2023\/12\/DSC_0014-1024x683.jpg\" alt=\"Rallython 2023 Noyers-sur-Cher photographe De la lumi\u00e8re aux yeux\" class=\"wp-image-4877\" srcset=\"https:\/\/www.delalumiereauxyeux-photo.fr\/wp-content\/uploads\/2023\/12\/DSC_0014-1024x683.jpg 1024w, https:\/\/www.delalumiereauxyeux-photo.fr\/wp-content\/uploads\/2023\/12\/DSC_0014-300x200.jpg 300w, https:\/\/www.delalumiereauxyeux-photo.fr\/wp-content\/uploads\/2023\/12\/DSC_0014-768x512.jpg 768w, https:\/\/www.delalumiereauxyeux-photo.fr\/wp-content\/uploads\/2023\/12\/DSC_0014-1536x1024.jpg 1536w, https:\/\/www.delalumiereauxyeux-photo.fr\/wp-content\/uploads\/2023\/12\/DSC_0014-2048x1365.jpg 2048w\" sizes=\"(max-width: 1024px) 100vw, 1024px\" \/><\/figure>\n\n\n\n<figure class=\"wp-block-image size-large\"><img loading=\"lazy\" decoding=\"async\" width=\"1024\" height=\"581\" src=\"http:\/\/www.delalumiereauxyeux-photo.fr\/wp-content\/uploads\/2023\/12\/DSC_0019-1024x581.jpg\" alt=\"Rallython 2023 Noyers-sur-Cher photographe De la lumi\u00e8re aux yeux\" class=\"wp-image-4878\" srcset=\"https:\/\/www.delalumiereauxyeux-photo.fr\/wp-content\/uploads\/2023\/12\/DSC_0019-1024x581.jpg 1024w, https:\/\/www.delalumiereauxyeux-photo.fr\/wp-content\/uploads\/2023\/12\/DSC_0019-300x170.jpg 300w, https:\/\/www.delalumiereauxyeux-photo.fr\/wp-content\/uploads\/2023\/12\/DSC_0019-768x436.jpg 768w, https:\/\/www.delalumiereauxyeux-photo.fr\/wp-content\/uploads\/2023\/12\/DSC_0019-1536x872.jpg 1536w, https:\/\/www.delalumiereauxyeux-photo.fr\/wp-content\/uploads\/2023\/12\/DSC_0019-2048x1162.jpg 2048w\" sizes=\"(max-width: 1024px) 100vw, 1024px\" \/><\/figure>\n\n\n\n<figure class=\"wp-block-image size-large\"><img loading=\"lazy\" decoding=\"async\" width=\"1024\" height=\"683\" src=\"http:\/\/www.delalumiereauxyeux-photo.fr\/wp-content\/uploads\/2023\/12\/DSC_0028-1024x683.jpg\" alt=\"Rallython 2023 Noyers-sur-Cher photographe De la lumi\u00e8re aux yeux\" class=\"wp-image-4879\" srcset=\"https:\/\/www.delalumiereauxyeux-photo.fr\/wp-content\/uploads\/2023\/12\/DSC_0028-1024x683.jpg 1024w, https:\/\/www.delalumiereauxyeux-photo.fr\/wp-content\/uploads\/2023\/12\/DSC_0028-300x200.jpg 300w, https:\/\/www.delalumiereauxyeux-photo.fr\/wp-content\/uploads\/2023\/12\/DSC_0028-768x512.jpg 768w, https:\/\/www.delalumiereauxyeux-photo.fr\/wp-content\/uploads\/2023\/12\/DSC_0028-1536x1024.jpg 1536w, https:\/\/www.delalumiereauxyeux-photo.fr\/wp-content\/uploads\/2023\/12\/DSC_0028-2048x1365.jpg 2048w\" sizes=\"(max-width: 1024px) 100vw, 1024px\" \/><\/figure>\n\n\n\n<figure class=\"wp-block-image size-large\"><img loading=\"lazy\" decoding=\"async\" width=\"1024\" height=\"683\" src=\"http:\/\/www.delalumiereauxyeux-photo.fr\/wp-content\/uploads\/2023\/12\/DSC_0039-1024x683.jpg\" alt=\"Rallython 2023 Noyers-sur-Cher photographe De la lumi\u00e8re aux yeux\" class=\"wp-image-4880\" srcset=\"https:\/\/www.delalumiereauxyeux-photo.fr\/wp-content\/uploads\/2023\/12\/DSC_0039-1024x683.jpg 1024w, https:\/\/www.delalumiereauxyeux-photo.fr\/wp-content\/uploads\/2023\/12\/DSC_0039-300x200.jpg 300w, https:\/\/www.delalumiereauxyeux-photo.fr\/wp-content\/uploads\/2023\/12\/DSC_0039-768x512.jpg 768w, https:\/\/www.delalumiereauxyeux-photo.fr\/wp-content\/uploads\/2023\/12\/DSC_0039-1536x1024.jpg 1536w, https:\/\/www.delalumiereauxyeux-photo.fr\/wp-content\/uploads\/2023\/12\/DSC_0039-2048x1365.jpg 2048w\" sizes=\"(max-width: 1024px) 100vw, 1024px\" \/><\/figure>\n\n\n\n<figure class=\"wp-block-image size-large\"><img loading=\"lazy\" decoding=\"async\" width=\"1024\" height=\"606\" src=\"http:\/\/www.delalumiereauxyeux-photo.fr\/wp-content\/uploads\/2023\/12\/DSC_0048-1024x606.jpg\" alt=\"Rallython 2023 Noyers-sur-Cher photographe De la lumi\u00e8re aux yeux\" class=\"wp-image-4881\" srcset=\"https:\/\/www.delalumiereauxyeux-photo.fr\/wp-content\/uploads\/2023\/12\/DSC_0048-1024x606.jpg 1024w, https:\/\/www.delalumiereauxyeux-photo.fr\/wp-content\/uploads\/2023\/12\/DSC_0048-300x178.jpg 300w, https:\/\/www.delalumiereauxyeux-photo.fr\/wp-content\/uploads\/2023\/12\/DSC_0048-768x455.jpg 768w, https:\/\/www.delalumiereauxyeux-photo.fr\/wp-content\/uploads\/2023\/12\/DSC_0048-1536x910.jpg 1536w, https:\/\/www.delalumiereauxyeux-photo.fr\/wp-content\/uploads\/2023\/12\/DSC_0048-2048x1213.jpg 2048w\" sizes=\"(max-width: 1024px) 100vw, 1024px\" \/><\/figure>\n\n\n\n<figure class=\"wp-block-image size-large\"><img loading=\"lazy\" decoding=\"async\" width=\"1024\" height=\"475\" src=\"http:\/\/www.delalumiereauxyeux-photo.fr\/wp-content\/uploads\/2023\/12\/DSC_0061-1024x475.jpg\" alt=\"Rallython 2023 Noyers-sur-Cher photographe De la lumi\u00e8re aux yeux\" class=\"wp-image-4882\" srcset=\"https:\/\/www.delalumiereauxyeux-photo.fr\/wp-content\/uploads\/2023\/12\/DSC_0061-1024x475.jpg 1024w, https:\/\/www.delalumiereauxyeux-photo.fr\/wp-content\/uploads\/2023\/12\/DSC_0061-300x139.jpg 300w, https:\/\/www.delalumiereauxyeux-photo.fr\/wp-content\/uploads\/2023\/12\/DSC_0061-768x357.jpg 768w, https:\/\/www.delalumiereauxyeux-photo.fr\/wp-content\/uploads\/2023\/12\/DSC_0061-1536x713.jpg 1536w, https:\/\/www.delalumiereauxyeux-photo.fr\/wp-content\/uploads\/2023\/12\/DSC_0061-2048x951.jpg 2048w\" sizes=\"(max-width: 1024px) 100vw, 1024px\" \/><\/figure>\n\n\n\n<figure class=\"wp-block-image size-large\"><img loading=\"lazy\" decoding=\"async\" width=\"1024\" height=\"602\" src=\"http:\/\/www.delalumiereauxyeux-photo.fr\/wp-content\/uploads\/2023\/12\/DSC_0075-1024x602.jpg\" alt=\"Rallython 2023 Noyers-sur-Cher photographe De la lumi\u00e8re aux yeux\" class=\"wp-image-4883\" srcset=\"https:\/\/www.delalumiereauxyeux-photo.fr\/wp-content\/uploads\/2023\/12\/DSC_0075-1024x602.jpg 1024w, https:\/\/www.delalumiereauxyeux-photo.fr\/wp-content\/uploads\/2023\/12\/DSC_0075-300x176.jpg 300w, https:\/\/www.delalumiereauxyeux-photo.fr\/wp-content\/uploads\/2023\/12\/DSC_0075-768x451.jpg 768w, https:\/\/www.delalumiereauxyeux-photo.fr\/wp-content\/uploads\/2023\/12\/DSC_0075-1536x903.jpg 1536w, https:\/\/www.delalumiereauxyeux-photo.fr\/wp-content\/uploads\/2023\/12\/DSC_0075-2048x1204.jpg 2048w\" sizes=\"(max-width: 1024px) 100vw, 1024px\" \/><\/figure>\n\n\n\n<figure class=\"wp-block-image size-large\"><img loading=\"lazy\" decoding=\"async\" width=\"1024\" height=\"440\" src=\"http:\/\/www.delalumiereauxyeux-photo.fr\/wp-content\/uploads\/2023\/12\/DSC_0094-1024x440.jpg\" alt=\"Rallython 2023 Noyers-sur-Cher photographe De la lumi\u00e8re aux yeux\" class=\"wp-image-4884\" srcset=\"https:\/\/www.delalumiereauxyeux-photo.fr\/wp-content\/uploads\/2023\/12\/DSC_0094-1024x440.jpg 1024w, https:\/\/www.delalumiereauxyeux-photo.fr\/wp-content\/uploads\/2023\/12\/DSC_0094-300x129.jpg 300w, https:\/\/www.delalumiereauxyeux-photo.fr\/wp-content\/uploads\/2023\/12\/DSC_0094-768x330.jpg 768w, https:\/\/www.delalumiereauxyeux-photo.fr\/wp-content\/uploads\/2023\/12\/DSC_0094-1536x659.jpg 1536w, https:\/\/www.delalumiereauxyeux-photo.fr\/wp-content\/uploads\/2023\/12\/DSC_0094-2048x879.jpg 2048w\" sizes=\"(max-width: 1024px) 100vw, 1024px\" \/><\/figure>\n\n\n\n<figure class=\"wp-block-image size-large\"><img loading=\"lazy\" decoding=\"async\" width=\"1024\" height=\"683\" src=\"http:\/\/www.delalumiereauxyeux-photo.fr\/wp-content\/uploads\/2023\/12\/DSC_0095-1024x683.jpg\" alt=\"Rallython 2023 Noyers-sur-Cher photographe De la lumi\u00e8re aux yeux\" class=\"wp-image-4885\" srcset=\"https:\/\/www.delalumiereauxyeux-photo.fr\/wp-content\/uploads\/2023\/12\/DSC_0095-1024x683.jpg 1024w, https:\/\/www.delalumiereauxyeux-photo.fr\/wp-content\/uploads\/2023\/12\/DSC_0095-300x200.jpg 300w, https:\/\/www.delalumiereauxyeux-photo.fr\/wp-content\/uploads\/2023\/12\/DSC_0095-768x512.jpg 768w, https:\/\/www.delalumiereauxyeux-photo.fr\/wp-content\/uploads\/2023\/12\/DSC_0095-1536x1024.jpg 1536w, https:\/\/www.delalumiereauxyeux-photo.fr\/wp-content\/uploads\/2023\/12\/DSC_0095-2048x1365.jpg 2048w\" sizes=\"(max-width: 1024px) 100vw, 1024px\" \/><\/figure>\n\n\n\n<figure class=\"wp-block-image size-large\"><img loading=\"lazy\" decoding=\"async\" width=\"1024\" height=\"583\" src=\"http:\/\/www.delalumiereauxyeux-photo.fr\/wp-content\/uploads\/2023\/12\/DSC_0112-1024x583.jpg\" alt=\"Rallython 2023 Noyers-sur-Cher photographe De la lumi\u00e8re aux yeux\" class=\"wp-image-4886\" srcset=\"https:\/\/www.delalumiereauxyeux-photo.fr\/wp-content\/uploads\/2023\/12\/DSC_0112-1024x583.jpg 1024w, https:\/\/www.delalumiereauxyeux-photo.fr\/wp-content\/uploads\/2023\/12\/DSC_0112-300x171.jpg 300w, https:\/\/www.delalumiereauxyeux-photo.fr\/wp-content\/uploads\/2023\/12\/DSC_0112-768x437.jpg 768w, https:\/\/www.delalumiereauxyeux-photo.fr\/wp-content\/uploads\/2023\/12\/DSC_0112-1536x874.jpg 1536w, https:\/\/www.delalumiereauxyeux-photo.fr\/wp-content\/uploads\/2023\/12\/DSC_0112-2048x1165.jpg 2048w\" sizes=\"(max-width: 1024px) 100vw, 1024px\" \/><\/figure>\n\n\n\n<figure class=\"wp-block-image size-large\"><img loading=\"lazy\" decoding=\"async\" width=\"1024\" height=\"524\" src=\"http:\/\/www.delalumiereauxyeux-photo.fr\/wp-content\/uploads\/2023\/12\/DSC_0116-1024x524.jpg\" alt=\"Rallython 2023 Noyers-sur-Cher photographe De la lumi\u00e8re aux yeux\" class=\"wp-image-4887\" srcset=\"https:\/\/www.delalumiereauxyeux-photo.fr\/wp-content\/uploads\/2023\/12\/DSC_0116-1024x524.jpg 1024w, https:\/\/www.delalumiereauxyeux-photo.fr\/wp-content\/uploads\/2023\/12\/DSC_0116-300x153.jpg 300w, https:\/\/www.delalumiereauxyeux-photo.fr\/wp-content\/uploads\/2023\/12\/DSC_0116-768x393.jpg 768w, https:\/\/www.delalumiereauxyeux-photo.fr\/wp-content\/uploads\/2023\/12\/DSC_0116-1536x786.jpg 1536w, https:\/\/www.delalumiereauxyeux-photo.fr\/wp-content\/uploads\/2023\/12\/DSC_0116-2048x1047.jpg 2048w\" sizes=\"(max-width: 1024px) 100vw, 1024px\" \/><\/figure>\n\n\n\n<figure class=\"wp-block-image size-large\"><img loading=\"lazy\" decoding=\"async\" width=\"1024\" height=\"612\" src=\"http:\/\/www.delalumiereauxyeux-photo.fr\/wp-content\/uploads\/2023\/12\/DSC_0126-1024x612.jpg\" alt=\"Rallython 2023 Noyers-sur-Cher photographe De la lumi\u00e8re aux yeux\" class=\"wp-image-4888\" srcset=\"https:\/\/www.delalumiereauxyeux-photo.fr\/wp-content\/uploads\/2023\/12\/DSC_0126-1024x612.jpg 1024w, https:\/\/www.delalumiereauxyeux-photo.fr\/wp-content\/uploads\/2023\/12\/DSC_0126-300x179.jpg 300w, https:\/\/www.delalumiereauxyeux-photo.fr\/wp-content\/uploads\/2023\/12\/DSC_0126-768x459.jpg 768w, https:\/\/www.delalumiereauxyeux-photo.fr\/wp-content\/uploads\/2023\/12\/DSC_0126-1536x918.jpg 1536w, https:\/\/www.delalumiereauxyeux-photo.fr\/wp-content\/uploads\/2023\/12\/DSC_0126-2048x1225.jpg 2048w\" sizes=\"(max-width: 1024px) 100vw, 1024px\" \/><\/figure>\n\n\n\n<figure class=\"wp-block-image size-large\"><img loading=\"lazy\" decoding=\"async\" width=\"1024\" height=\"491\" src=\"http:\/\/www.delalumiereauxyeux-photo.fr\/wp-content\/uploads\/2023\/12\/DSC_0140-1024x491.jpg\" alt=\"Rallython 2023 Noyers-sur-Cher photographe De la lumi\u00e8re aux yeux\" class=\"wp-image-4889\" srcset=\"https:\/\/www.delalumiereauxyeux-photo.fr\/wp-content\/uploads\/2023\/12\/DSC_0140-1024x491.jpg 1024w, https:\/\/www.delalumiereauxyeux-photo.fr\/wp-content\/uploads\/2023\/12\/DSC_0140-300x144.jpg 300w, https:\/\/www.delalumiereauxyeux-photo.fr\/wp-content\/uploads\/2023\/12\/DSC_0140-768x368.jpg 768w, https:\/\/www.delalumiereauxyeux-photo.fr\/wp-content\/uploads\/2023\/12\/DSC_0140-1536x736.jpg 1536w, https:\/\/www.delalumiereauxyeux-photo.fr\/wp-content\/uploads\/2023\/12\/DSC_0140-2048x982.jpg 2048w\" sizes=\"(max-width: 1024px) 100vw, 1024px\" \/><\/figure>\n\n\n\n<figure class=\"wp-block-image size-large\"><img loading=\"lazy\" decoding=\"async\" width=\"1024\" height=\"683\" src=\"http:\/\/www.delalumiereauxyeux-photo.fr\/wp-content\/uploads\/2023\/12\/DSC_0143-1024x683.jpg\" alt=\"Rallython 2023 Noyers-sur-Cher photographe De la lumi\u00e8re aux yeux\" class=\"wp-image-4890\" srcset=\"https:\/\/www.delalumiereauxyeux-photo.fr\/wp-content\/uploads\/2023\/12\/DSC_0143-1024x683.jpg 1024w, https:\/\/www.delalumiereauxyeux-photo.fr\/wp-content\/uploads\/2023\/12\/DSC_0143-300x200.jpg 300w, https:\/\/www.delalumiereauxyeux-photo.fr\/wp-content\/uploads\/2023\/12\/DSC_0143-768x512.jpg 768w, https:\/\/www.delalumiereauxyeux-photo.fr\/wp-content\/uploads\/2023\/12\/DSC_0143-1536x1024.jpg 1536w, https:\/\/www.delalumiereauxyeux-photo.fr\/wp-content\/uploads\/2023\/12\/DSC_0143-2048x1365.jpg 2048w\" sizes=\"(max-width: 1024px) 100vw, 1024px\" \/><\/figure>\n\n\n\n<figure class=\"wp-block-image size-large\"><img loading=\"lazy\" decoding=\"async\" width=\"1024\" height=\"683\" src=\"http:\/\/www.delalumiereauxyeux-photo.fr\/wp-content\/uploads\/2023\/12\/DSC_0165-1024x683.jpg\" alt=\"Rallython 2023 Noyers-sur-Cher photographe De la lumi\u00e8re aux yeux\" class=\"wp-image-4891\" srcset=\"https:\/\/www.delalumiereauxyeux-photo.fr\/wp-content\/uploads\/2023\/12\/DSC_0165-1024x683.jpg 1024w, https:\/\/www.delalumiereauxyeux-photo.fr\/wp-content\/uploads\/2023\/12\/DSC_0165-300x200.jpg 300w, https:\/\/www.delalumiereauxyeux-photo.fr\/wp-content\/uploads\/2023\/12\/DSC_0165-768x512.jpg 768w, https:\/\/www.delalumiereauxyeux-photo.fr\/wp-content\/uploads\/2023\/12\/DSC_0165-1536x1024.jpg 1536w, https:\/\/www.delalumiereauxyeux-photo.fr\/wp-content\/uploads\/2023\/12\/DSC_0165-2048x1365.jpg 2048w\" sizes=\"(max-width: 1024px) 100vw, 1024px\" \/><\/figure>\n\n\n\n<figure class=\"wp-block-image size-large\"><img loading=\"lazy\" decoding=\"async\" width=\"1024\" height=\"618\" src=\"http:\/\/www.delalumiereauxyeux-photo.fr\/wp-content\/uploads\/2023\/12\/DSC_0175-1024x618.jpg\" alt=\"Rallython 2023 Noyers-sur-Cher photographe De la lumi\u00e8re aux yeux\" class=\"wp-image-4892\" srcset=\"https:\/\/www.delalumiereauxyeux-photo.fr\/wp-content\/uploads\/2023\/12\/DSC_0175-1024x618.jpg 1024w, https:\/\/www.delalumiereauxyeux-photo.fr\/wp-content\/uploads\/2023\/12\/DSC_0175-300x181.jpg 300w, https:\/\/www.delalumiereauxyeux-photo.fr\/wp-content\/uploads\/2023\/12\/DSC_0175-768x464.jpg 768w, https:\/\/www.delalumiereauxyeux-photo.fr\/wp-content\/uploads\/2023\/12\/DSC_0175-1536x928.jpg 1536w, https:\/\/www.delalumiereauxyeux-photo.fr\/wp-content\/uploads\/2023\/12\/DSC_0175-2048x1237.jpg 2048w\" sizes=\"(max-width: 1024px) 100vw, 1024px\" \/><\/figure>\n\n\n\n<figure class=\"wp-block-image size-large\"><img loading=\"lazy\" decoding=\"async\" width=\"1024\" height=\"683\" src=\"http:\/\/www.delalumiereauxyeux-photo.fr\/wp-content\/uploads\/2023\/12\/DSC_0184-1024x683.jpg\" alt=\"Rallython 2023 Noyers-sur-Cher photographe De la lumi\u00e8re aux yeux\" class=\"wp-image-4893\" srcset=\"https:\/\/www.delalumiereauxyeux-photo.fr\/wp-content\/uploads\/2023\/12\/DSC_0184-1024x683.jpg 1024w, https:\/\/www.delalumiereauxyeux-photo.fr\/wp-content\/uploads\/2023\/12\/DSC_0184-300x200.jpg 300w, https:\/\/www.delalumiereauxyeux-photo.fr\/wp-content\/uploads\/2023\/12\/DSC_0184-768x512.jpg 768w, https:\/\/www.delalumiereauxyeux-photo.fr\/wp-content\/uploads\/2023\/12\/DSC_0184-1536x1024.jpg 1536w, https:\/\/www.delalumiereauxyeux-photo.fr\/wp-content\/uploads\/2023\/12\/DSC_0184-2048x1365.jpg 2048w\" sizes=\"(max-width: 1024px) 100vw, 1024px\" \/><\/figure>\n\n\n\n<figure class=\"wp-block-image size-large\"><img loading=\"lazy\" decoding=\"async\" width=\"1024\" height=\"541\" src=\"http:\/\/www.delalumiereauxyeux-photo.fr\/wp-content\/uploads\/2023\/12\/DSC_0200-1024x541.jpg\" alt=\"Rallython 2023 Noyers-sur-Cher photographe De la lumi\u00e8re aux yeux\" class=\"wp-image-4894\" srcset=\"https:\/\/www.delalumiereauxyeux-photo.fr\/wp-content\/uploads\/2023\/12\/DSC_0200-1024x541.jpg 1024w, https:\/\/www.delalumiereauxyeux-photo.fr\/wp-content\/uploads\/2023\/12\/DSC_0200-300x159.jpg 300w, https:\/\/www.delalumiereauxyeux-photo.fr\/wp-content\/uploads\/2023\/12\/DSC_0200-768x406.jpg 768w, https:\/\/www.delalumiereauxyeux-photo.fr\/wp-content\/uploads\/2023\/12\/DSC_0200-1536x812.jpg 1536w, https:\/\/www.delalumiereauxyeux-photo.fr\/wp-content\/uploads\/2023\/12\/DSC_0200-2048x1082.jpg 2048w\" sizes=\"(max-width: 1024px) 100vw, 1024px\" \/><\/figure>\n\n\n\n<figure class=\"wp-block-image size-large\"><img loading=\"lazy\" decoding=\"async\" width=\"1024\" height=\"683\" src=\"http:\/\/www.delalumiereauxyeux-photo.fr\/wp-content\/uploads\/2023\/12\/DSC_0202-1024x683.jpg\" alt=\"Rallython 2023 Noyers-sur-Cher photographe De la lumi\u00e8re aux yeux\" class=\"wp-image-4895\" srcset=\"https:\/\/www.delalumiereauxyeux-photo.fr\/wp-content\/uploads\/2023\/12\/DSC_0202-1024x683.jpg 1024w, https:\/\/www.delalumiereauxyeux-photo.fr\/wp-content\/uploads\/2023\/12\/DSC_0202-300x200.jpg 300w, https:\/\/www.delalumiereauxyeux-photo.fr\/wp-content\/uploads\/2023\/12\/DSC_0202-768x512.jpg 768w, https:\/\/www.delalumiereauxyeux-photo.fr\/wp-content\/uploads\/2023\/12\/DSC_0202-1536x1024.jpg 1536w, https:\/\/www.delalumiereauxyeux-photo.fr\/wp-content\/uploads\/2023\/12\/DSC_0202-2048x1365.jpg 2048w\" sizes=\"(max-width: 1024px) 100vw, 1024px\" \/><\/figure>\n\n\n\n<figure class=\"wp-block-image size-large\"><img loading=\"lazy\" decoding=\"async\" width=\"1024\" height=\"553\" src=\"http:\/\/www.delalumiereauxyeux-photo.fr\/wp-content\/uploads\/2023\/12\/DSC_0213-1024x553.jpg\" alt=\"Rallython 2023 Noyers-sur-Cher photographe De la lumi\u00e8re aux yeux\" class=\"wp-image-4896\" srcset=\"https:\/\/www.delalumiereauxyeux-photo.fr\/wp-content\/uploads\/2023\/12\/DSC_0213-1024x553.jpg 1024w, https:\/\/www.delalumiereauxyeux-photo.fr\/wp-content\/uploads\/2023\/12\/DSC_0213-300x162.jpg 300w, https:\/\/www.delalumiereauxyeux-photo.fr\/wp-content\/uploads\/2023\/12\/DSC_0213-768x415.jpg 768w, https:\/\/www.delalumiereauxyeux-photo.fr\/wp-content\/uploads\/2023\/12\/DSC_0213-1536x830.jpg 1536w, https:\/\/www.delalumiereauxyeux-photo.fr\/wp-content\/uploads\/2023\/12\/DSC_0213-2048x1107.jpg 2048w\" sizes=\"(max-width: 1024px) 100vw, 1024px\" \/><\/figure>\n\n\n\n<figure class=\"wp-block-image size-large\"><img loading=\"lazy\" decoding=\"async\" width=\"1024\" height=\"683\" src=\"http:\/\/www.delalumiereauxyeux-photo.fr\/wp-content\/uploads\/2023\/12\/DSC_0216-1024x683.jpg\" alt=\"Rallython 2023 Noyers-sur-Cher photographe De la lumi\u00e8re aux yeux\" class=\"wp-image-4897\" srcset=\"https:\/\/www.delalumiereauxyeux-photo.fr\/wp-content\/uploads\/2023\/12\/DSC_0216-1024x683.jpg 1024w, https:\/\/www.delalumiereauxyeux-photo.fr\/wp-content\/uploads\/2023\/12\/DSC_0216-300x200.jpg 300w, https:\/\/www.delalumiereauxyeux-photo.fr\/wp-content\/uploads\/2023\/12\/DSC_0216-768x512.jpg 768w, https:\/\/www.delalumiereauxyeux-photo.fr\/wp-content\/uploads\/2023\/12\/DSC_0216-1536x1024.jpg 1536w, https:\/\/www.delalumiereauxyeux-photo.fr\/wp-content\/uploads\/2023\/12\/DSC_0216-2048x1365.jpg 2048w\" sizes=\"(max-width: 1024px) 100vw, 1024px\" \/><\/figure>\n\n\n\n<figure class=\"wp-block-image size-large\"><img loading=\"lazy\" decoding=\"async\" width=\"1024\" height=\"683\" src=\"http:\/\/www.delalumiereauxyeux-photo.fr\/wp-content\/uploads\/2023\/12\/DSC_0240-1024x683.jpg\" alt=\"Rallython 2023 Noyers-sur-Cher photographe De la lumi\u00e8re aux yeux\" class=\"wp-image-4898\" srcset=\"https:\/\/www.delalumiereauxyeux-photo.fr\/wp-content\/uploads\/2023\/12\/DSC_0240-1024x683.jpg 1024w, https:\/\/www.delalumiereauxyeux-photo.fr\/wp-content\/uploads\/2023\/12\/DSC_0240-300x200.jpg 300w, https:\/\/www.delalumiereauxyeux-photo.fr\/wp-content\/uploads\/2023\/12\/DSC_0240-768x512.jpg 768w, https:\/\/www.delalumiereauxyeux-photo.fr\/wp-content\/uploads\/2023\/12\/DSC_0240-1536x1024.jpg 1536w, https:\/\/www.delalumiereauxyeux-photo.fr\/wp-content\/uploads\/2023\/12\/DSC_0240-2048x1365.jpg 2048w\" sizes=\"(max-width: 1024px) 100vw, 1024px\" \/><\/figure>\n\n\n\n<figure class=\"wp-block-image size-large\"><img loading=\"lazy\" decoding=\"async\" width=\"1024\" height=\"589\" src=\"http:\/\/www.delalumiereauxyeux-photo.fr\/wp-content\/uploads\/2023\/12\/DSC_0265-1024x589.jpg\" alt=\"Rallython 2023 Noyers-sur-Cher photographe De la lumi\u00e8re aux yeux\" class=\"wp-image-4899\" srcset=\"https:\/\/www.delalumiereauxyeux-photo.fr\/wp-content\/uploads\/2023\/12\/DSC_0265-1024x589.jpg 1024w, https:\/\/www.delalumiereauxyeux-photo.fr\/wp-content\/uploads\/2023\/12\/DSC_0265-300x173.jpg 300w, https:\/\/www.delalumiereauxyeux-photo.fr\/wp-content\/uploads\/2023\/12\/DSC_0265-768x442.jpg 768w, https:\/\/www.delalumiereauxyeux-photo.fr\/wp-content\/uploads\/2023\/12\/DSC_0265-1536x884.jpg 1536w, https:\/\/www.delalumiereauxyeux-photo.fr\/wp-content\/uploads\/2023\/12\/DSC_0265-2048x1179.jpg 2048w\" sizes=\"(max-width: 1024px) 100vw, 1024px\" \/><\/figure>\n\n\n\n<figure class=\"wp-block-image size-large\"><img loading=\"lazy\" decoding=\"async\" width=\"1024\" height=\"568\" src=\"http:\/\/www.delalumiereauxyeux-photo.fr\/wp-content\/uploads\/2023\/12\/DSC_0280-1024x568.jpg\" alt=\"Rallython 2023 Noyers-sur-Cher photographe De la lumi\u00e8re aux yeux\" class=\"wp-image-4900\" srcset=\"https:\/\/www.delalumiereauxyeux-photo.fr\/wp-content\/uploads\/2023\/12\/DSC_0280-1024x568.jpg 1024w, https:\/\/www.delalumiereauxyeux-photo.fr\/wp-content\/uploads\/2023\/12\/DSC_0280-300x166.jpg 300w, https:\/\/www.delalumiereauxyeux-photo.fr\/wp-content\/uploads\/2023\/12\/DSC_0280-768x426.jpg 768w, https:\/\/www.delalumiereauxyeux-photo.fr\/wp-content\/uploads\/2023\/12\/DSC_0280-1536x851.jpg 1536w, https:\/\/www.delalumiereauxyeux-photo.fr\/wp-content\/uploads\/2023\/12\/DSC_0280-2048x1135.jpg 2048w\" sizes=\"(max-width: 1024px) 100vw, 1024px\" \/><\/figure>\n\n\n\n<figure class=\"wp-block-image size-large\"><img loading=\"lazy\" decoding=\"async\" width=\"1024\" height=\"525\" src=\"http:\/\/www.delalumiereauxyeux-photo.fr\/wp-content\/uploads\/2023\/12\/DSC_0294-1024x525.jpg\" alt=\"Rallython 2023 Noyers-sur-Cher photographe De la lumi\u00e8re aux yeux\" class=\"wp-image-4901\" srcset=\"https:\/\/www.delalumiereauxyeux-photo.fr\/wp-content\/uploads\/2023\/12\/DSC_0294-1024x525.jpg 1024w, https:\/\/www.delalumiereauxyeux-photo.fr\/wp-content\/uploads\/2023\/12\/DSC_0294-300x154.jpg 300w, https:\/\/www.delalumiereauxyeux-photo.fr\/wp-content\/uploads\/2023\/12\/DSC_0294-768x394.jpg 768w, https:\/\/www.delalumiereauxyeux-photo.fr\/wp-content\/uploads\/2023\/12\/DSC_0294-1536x787.jpg 1536w, https:\/\/www.delalumiereauxyeux-photo.fr\/wp-content\/uploads\/2023\/12\/DSC_0294-2048x1050.jpg 2048w\" sizes=\"(max-width: 1024px) 100vw, 1024px\" \/><\/figure>\n\n\n\n<figure class=\"wp-block-image size-large\"><img loading=\"lazy\" decoding=\"async\" width=\"1024\" height=\"589\" src=\"http:\/\/www.delalumiereauxyeux-photo.fr\/wp-content\/uploads\/2023\/12\/DSC_0309-1024x589.jpg\" alt=\"Rallython 2023 Noyers-sur-Cher photographe De la lumi\u00e8re aux yeux\" class=\"wp-image-4902\" srcset=\"https:\/\/www.delalumiereauxyeux-photo.fr\/wp-content\/uploads\/2023\/12\/DSC_0309-1024x589.jpg 1024w, https:\/\/www.delalumiereauxyeux-photo.fr\/wp-content\/uploads\/2023\/12\/DSC_0309-300x173.jpg 300w, https:\/\/www.delalumiereauxyeux-photo.fr\/wp-content\/uploads\/2023\/12\/DSC_0309-768x442.jpg 768w, https:\/\/www.delalumiereauxyeux-photo.fr\/wp-content\/uploads\/2023\/12\/DSC_0309-1536x884.jpg 1536w, https:\/\/www.delalumiereauxyeux-photo.fr\/wp-content\/uploads\/2023\/12\/DSC_0309-2048x1179.jpg 2048w\" sizes=\"(max-width: 1024px) 100vw, 1024px\" \/><\/figure>\n\n\n\n<figure class=\"wp-block-image size-large\"><img loading=\"lazy\" decoding=\"async\" width=\"1024\" height=\"580\" src=\"http:\/\/www.delalumiereauxyeux-photo.fr\/wp-content\/uploads\/2023\/12\/DSC_0316-1024x580.jpg\" alt=\"Rallython 2023 Noyers-sur-Cher photographe De la lumi\u00e8re aux yeux\" class=\"wp-image-4903\" srcset=\"https:\/\/www.delalumiereauxyeux-photo.fr\/wp-content\/uploads\/2023\/12\/DSC_0316-1024x580.jpg 1024w, https:\/\/www.delalumiereauxyeux-photo.fr\/wp-content\/uploads\/2023\/12\/DSC_0316-300x170.jpg 300w, https:\/\/www.delalumiereauxyeux-photo.fr\/wp-content\/uploads\/2023\/12\/DSC_0316-768x435.jpg 768w, https:\/\/www.delalumiereauxyeux-photo.fr\/wp-content\/uploads\/2023\/12\/DSC_0316-1536x870.jpg 1536w, https:\/\/www.delalumiereauxyeux-photo.fr\/wp-content\/uploads\/2023\/12\/DSC_0316-2048x1161.jpg 2048w\" sizes=\"(max-width: 1024px) 100vw, 1024px\" \/><\/figure>\n\n\n\n<figure class=\"wp-block-image size-large\"><img loading=\"lazy\" decoding=\"async\" width=\"1024\" height=\"683\" src=\"http:\/\/www.delalumiereauxyeux-photo.fr\/wp-content\/uploads\/2023\/12\/DSC_0335-1024x683.jpg\" alt=\"Rallython 2023 Noyers-sur-Cher photographe De la lumi\u00e8re aux yeux\" class=\"wp-image-4904\" srcset=\"https:\/\/www.delalumiereauxyeux-photo.fr\/wp-content\/uploads\/2023\/12\/DSC_0335-1024x683.jpg 1024w, https:\/\/www.delalumiereauxyeux-photo.fr\/wp-content\/uploads\/2023\/12\/DSC_0335-300x200.jpg 300w, https:\/\/www.delalumiereauxyeux-photo.fr\/wp-content\/uploads\/2023\/12\/DSC_0335-768x512.jpg 768w, https:\/\/www.delalumiereauxyeux-photo.fr\/wp-content\/uploads\/2023\/12\/DSC_0335-1536x1024.jpg 1536w, https:\/\/www.delalumiereauxyeux-photo.fr\/wp-content\/uploads\/2023\/12\/DSC_0335-2048x1365.jpg 2048w\" sizes=\"(max-width: 1024px) 100vw, 1024px\" \/><\/figure>\n\n\n\n<figure class=\"wp-block-image size-large\"><img loading=\"lazy\" decoding=\"async\" width=\"1024\" height=\"718\" src=\"http:\/\/www.delalumiereauxyeux-photo.fr\/wp-content\/uploads\/2023\/12\/DSC_0349-1024x718.jpg\" alt=\"Rallython 2023 Noyers-sur-Cher photographe De la lumi\u00e8re aux yeux\" class=\"wp-image-4905\" srcset=\"https:\/\/www.delalumiereauxyeux-photo.fr\/wp-content\/uploads\/2023\/12\/DSC_0349-1024x718.jpg 1024w, https:\/\/www.delalumiereauxyeux-photo.fr\/wp-content\/uploads\/2023\/12\/DSC_0349-300x210.jpg 300w, https:\/\/www.delalumiereauxyeux-photo.fr\/wp-content\/uploads\/2023\/12\/DSC_0349-768x538.jpg 768w, https:\/\/www.delalumiereauxyeux-photo.fr\/wp-content\/uploads\/2023\/12\/DSC_0349-1536x1077.jpg 1536w, https:\/\/www.delalumiereauxyeux-photo.fr\/wp-content\/uploads\/2023\/12\/DSC_0349-2048x1436.jpg 2048w\" sizes=\"(max-width: 1024px) 100vw, 1024px\" \/><\/figure>\n\n\n\n<figure class=\"wp-block-image size-large\"><img loading=\"lazy\" decoding=\"async\" width=\"1024\" height=\"683\" src=\"http:\/\/www.delalumiereauxyeux-photo.fr\/wp-content\/uploads\/2023\/12\/DSC_0355-1024x683.jpg\" alt=\"Rallython 2023 Noyers-sur-Cher photographe De la lumi\u00e8re aux yeux\" class=\"wp-image-4906\" srcset=\"https:\/\/www.delalumiereauxyeux-photo.fr\/wp-content\/uploads\/2023\/12\/DSC_0355-1024x683.jpg 1024w, https:\/\/www.delalumiereauxyeux-photo.fr\/wp-content\/uploads\/2023\/12\/DSC_0355-300x200.jpg 300w, https:\/\/www.delalumiereauxyeux-photo.fr\/wp-content\/uploads\/2023\/12\/DSC_0355-768x512.jpg 768w, https:\/\/www.delalumiereauxyeux-photo.fr\/wp-content\/uploads\/2023\/12\/DSC_0355-1536x1024.jpg 1536w, https:\/\/www.delalumiereauxyeux-photo.fr\/wp-content\/uploads\/2023\/12\/DSC_0355-2048x1365.jpg 2048w\" sizes=\"(max-width: 1024px) 100vw, 1024px\" \/><\/figure>\n\n\n\n<figure class=\"wp-block-image size-large\"><img loading=\"lazy\" decoding=\"async\" width=\"1024\" height=\"739\" src=\"http:\/\/www.delalumiereauxyeux-photo.fr\/wp-content\/uploads\/2023\/12\/DSC_0367-1024x739.jpg\" alt=\"Rallython 2023 Noyers-sur-Cher photographe De la lumi\u00e8re aux yeux\" class=\"wp-image-4907\" srcset=\"https:\/\/www.delalumiereauxyeux-photo.fr\/wp-content\/uploads\/2023\/12\/DSC_0367-1024x739.jpg 1024w, https:\/\/www.delalumiereauxyeux-photo.fr\/wp-content\/uploads\/2023\/12\/DSC_0367-300x217.jpg 300w, https:\/\/www.delalumiereauxyeux-photo.fr\/wp-content\/uploads\/2023\/12\/DSC_0367-768x555.jpg 768w, https:\/\/www.delalumiereauxyeux-photo.fr\/wp-content\/uploads\/2023\/12\/DSC_0367-1536x1109.jpg 1536w, https:\/\/www.delalumiereauxyeux-photo.fr\/wp-content\/uploads\/2023\/12\/DSC_0367-2048x1479.jpg 2048w\" sizes=\"(max-width: 1024px) 100vw, 1024px\" \/><\/figure>\n\n\n\n<figure class=\"wp-block-image size-large\"><img loading=\"lazy\" decoding=\"async\" width=\"1024\" height=\"532\" src=\"http:\/\/www.delalumiereauxyeux-photo.fr\/wp-content\/uploads\/2023\/12\/DSC_0372-1024x532.jpg\" alt=\"Rallython 2023 Noyers-sur-Cher photographe De la lumi\u00e8re aux yeux\" class=\"wp-image-4908\" srcset=\"https:\/\/www.delalumiereauxyeux-photo.fr\/wp-content\/uploads\/2023\/12\/DSC_0372-1024x532.jpg 1024w, https:\/\/www.delalumiereauxyeux-photo.fr\/wp-content\/uploads\/2023\/12\/DSC_0372-300x156.jpg 300w, https:\/\/www.delalumiereauxyeux-photo.fr\/wp-content\/uploads\/2023\/12\/DSC_0372-768x399.jpg 768w, https:\/\/www.delalumiereauxyeux-photo.fr\/wp-content\/uploads\/2023\/12\/DSC_0372-1536x797.jpg 1536w, https:\/\/www.delalumiereauxyeux-photo.fr\/wp-content\/uploads\/2023\/12\/DSC_0372-2048x1063.jpg 2048w\" sizes=\"(max-width: 1024px) 100vw, 1024px\" \/><\/figure>\n\n\n\n<figure class=\"wp-block-image size-large\"><img loading=\"lazy\" decoding=\"async\" width=\"1024\" height=\"604\" src=\"http:\/\/www.delalumiereauxyeux-photo.fr\/wp-content\/uploads\/2023\/12\/DSC_0384-1024x604.jpg\" alt=\"Rallython 2023 Noyers-sur-Cher photographe De la lumi\u00e8re aux yeux\" class=\"wp-image-4909\" srcset=\"https:\/\/www.delalumiereauxyeux-photo.fr\/wp-content\/uploads\/2023\/12\/DSC_0384-1024x604.jpg 1024w, https:\/\/www.delalumiereauxyeux-photo.fr\/wp-content\/uploads\/2023\/12\/DSC_0384-300x177.jpg 300w, https:\/\/www.delalumiereauxyeux-photo.fr\/wp-content\/uploads\/2023\/12\/DSC_0384-768x453.jpg 768w, https:\/\/www.delalumiereauxyeux-photo.fr\/wp-content\/uploads\/2023\/12\/DSC_0384-1536x906.jpg 1536w, https:\/\/www.delalumiereauxyeux-photo.fr\/wp-content\/uploads\/2023\/12\/DSC_0384-2048x1208.jpg 2048w\" sizes=\"(max-width: 1024px) 100vw, 1024px\" \/><\/figure>\n\n\n\n<figure class=\"wp-block-image size-large\"><img loading=\"lazy\" decoding=\"async\" width=\"1024\" height=\"683\" src=\"http:\/\/www.delalumiereauxyeux-photo.fr\/wp-content\/uploads\/2023\/12\/DSC_0400-1024x683.jpg\" alt=\"Rallython 2023 Noyers-sur-Cher photographe De la lumi\u00e8re aux yeux\" class=\"wp-image-4910\" srcset=\"https:\/\/www.delalumiereauxyeux-photo.fr\/wp-content\/uploads\/2023\/12\/DSC_0400-1024x683.jpg 1024w, https:\/\/www.delalumiereauxyeux-photo.fr\/wp-content\/uploads\/2023\/12\/DSC_0400-300x200.jpg 300w, https:\/\/www.delalumiereauxyeux-photo.fr\/wp-content\/uploads\/2023\/12\/DSC_0400-768x512.jpg 768w, https:\/\/www.delalumiereauxyeux-photo.fr\/wp-content\/uploads\/2023\/12\/DSC_0400-1536x1024.jpg 1536w, https:\/\/www.delalumiereauxyeux-photo.fr\/wp-content\/uploads\/2023\/12\/DSC_0400-2048x1365.jpg 2048w\" sizes=\"(max-width: 1024px) 100vw, 1024px\" \/><\/figure>\n\n\n\n<figure class=\"wp-block-image size-large\"><img loading=\"lazy\" decoding=\"async\" width=\"1024\" height=\"683\" src=\"http:\/\/www.delalumiereauxyeux-photo.fr\/wp-content\/uploads\/2023\/12\/DSC_0416-1024x683.jpg\" alt=\"Rallython 2023 Noyers-sur-Cher photographe De la lumi\u00e8re aux yeux\" class=\"wp-image-4911\" srcset=\"https:\/\/www.delalumiereauxyeux-photo.fr\/wp-content\/uploads\/2023\/12\/DSC_0416-1024x683.jpg 1024w, https:\/\/www.delalumiereauxyeux-photo.fr\/wp-content\/uploads\/2023\/12\/DSC_0416-300x200.jpg 300w, https:\/\/www.delalumiereauxyeux-photo.fr\/wp-content\/uploads\/2023\/12\/DSC_0416-768x512.jpg 768w, https:\/\/www.delalumiereauxyeux-photo.fr\/wp-content\/uploads\/2023\/12\/DSC_0416-1536x1024.jpg 1536w, https:\/\/www.delalumiereauxyeux-photo.fr\/wp-content\/uploads\/2023\/12\/DSC_0416-2048x1365.jpg 2048w\" sizes=\"(max-width: 1024px) 100vw, 1024px\" \/><\/figure>\n\n\n\n<figure class=\"wp-block-image size-large\"><img loading=\"lazy\" decoding=\"async\" width=\"1024\" height=\"637\" src=\"http:\/\/www.delalumiereauxyeux-photo.fr\/wp-content\/uploads\/2023\/12\/DSC_0421-1024x637.jpg\" alt=\"Rallython 2023 Noyers-sur-Cher photographe De la lumi\u00e8re aux yeux\" class=\"wp-image-4912\" srcset=\"https:\/\/www.delalumiereauxyeux-photo.fr\/wp-content\/uploads\/2023\/12\/DSC_0421-1024x637.jpg 1024w, https:\/\/www.delalumiereauxyeux-photo.fr\/wp-content\/uploads\/2023\/12\/DSC_0421-300x187.jpg 300w, https:\/\/www.delalumiereauxyeux-photo.fr\/wp-content\/uploads\/2023\/12\/DSC_0421-768x478.jpg 768w, https:\/\/www.delalumiereauxyeux-photo.fr\/wp-content\/uploads\/2023\/12\/DSC_0421-1536x955.jpg 1536w, https:\/\/www.delalumiereauxyeux-photo.fr\/wp-content\/uploads\/2023\/12\/DSC_0421-2048x1274.jpg 2048w\" sizes=\"(max-width: 1024px) 100vw, 1024px\" \/><\/figure>\n\n\n\n<figure class=\"wp-block-image size-large\"><img loading=\"lazy\" decoding=\"async\" width=\"1024\" height=\"523\" src=\"http:\/\/www.delalumiereauxyeux-photo.fr\/wp-content\/uploads\/2023\/12\/DSC_0434-1024x523.jpg\" alt=\"Rallython 2023 Noyers-sur-Cher photographe De la lumi\u00e8re aux yeux\" class=\"wp-image-4913\" srcset=\"https:\/\/www.delalumiereauxyeux-photo.fr\/wp-content\/uploads\/2023\/12\/DSC_0434-1024x523.jpg 1024w, https:\/\/www.delalumiereauxyeux-photo.fr\/wp-content\/uploads\/2023\/12\/DSC_0434-300x153.jpg 300w, https:\/\/www.delalumiereauxyeux-photo.fr\/wp-content\/uploads\/2023\/12\/DSC_0434-768x392.jpg 768w, https:\/\/www.delalumiereauxyeux-photo.fr\/wp-content\/uploads\/2023\/12\/DSC_0434-1536x785.jpg 1536w, https:\/\/www.delalumiereauxyeux-photo.fr\/wp-content\/uploads\/2023\/12\/DSC_0434-2048x1047.jpg 2048w\" sizes=\"(max-width: 1024px) 100vw, 1024px\" \/><\/figure>\n\n\n\n<figure class=\"wp-block-image size-large\"><img loading=\"lazy\" decoding=\"async\" width=\"1024\" height=\"683\" src=\"http:\/\/www.delalumiereauxyeux-photo.fr\/wp-content\/uploads\/2023\/12\/DSC_0441-1024x683.jpg\" alt=\"Rallython 2023 Noyers-sur-Cher photographe De la lumi\u00e8re aux yeux\" class=\"wp-image-4914\" srcset=\"https:\/\/www.delalumiereauxyeux-photo.fr\/wp-content\/uploads\/2023\/12\/DSC_0441-1024x683.jpg 1024w, https:\/\/www.delalumiereauxyeux-photo.fr\/wp-content\/uploads\/2023\/12\/DSC_0441-300x200.jpg 300w, https:\/\/www.delalumiereauxyeux-photo.fr\/wp-content\/uploads\/2023\/12\/DSC_0441-768x512.jpg 768w, https:\/\/www.delalumiereauxyeux-photo.fr\/wp-content\/uploads\/2023\/12\/DSC_0441-1536x1024.jpg 1536w, https:\/\/www.delalumiereauxyeux-photo.fr\/wp-content\/uploads\/2023\/12\/DSC_0441-2048x1365.jpg 2048w\" sizes=\"(max-width: 1024px) 100vw, 1024px\" \/><\/figure>\n\n\n\n<figure class=\"wp-block-image size-large\"><img loading=\"lazy\" decoding=\"async\" width=\"1024\" height=\"626\" src=\"http:\/\/www.delalumiereauxyeux-photo.fr\/wp-content\/uploads\/2023\/12\/DSC_0458-1024x626.jpg\" alt=\"Rallython 2023 Noyers-sur-Cher photographe De la lumi\u00e8re aux yeux\" class=\"wp-image-4915\" srcset=\"https:\/\/www.delalumiereauxyeux-photo.fr\/wp-content\/uploads\/2023\/12\/DSC_0458-1024x626.jpg 1024w, https:\/\/www.delalumiereauxyeux-photo.fr\/wp-content\/uploads\/2023\/12\/DSC_0458-300x183.jpg 300w, https:\/\/www.delalumiereauxyeux-photo.fr\/wp-content\/uploads\/2023\/12\/DSC_0458-768x470.jpg 768w, https:\/\/www.delalumiereauxyeux-photo.fr\/wp-content\/uploads\/2023\/12\/DSC_0458-1536x939.jpg 1536w, https:\/\/www.delalumiereauxyeux-photo.fr\/wp-content\/uploads\/2023\/12\/DSC_0458-2048x1252.jpg 2048w\" sizes=\"(max-width: 1024px) 100vw, 1024px\" \/><\/figure>\n\n\n\n<figure class=\"wp-block-image size-large\"><img loading=\"lazy\" decoding=\"async\" width=\"1024\" height=\"522\" src=\"http:\/\/www.delalumiereauxyeux-photo.fr\/wp-content\/uploads\/2023\/12\/DSC_0473-1024x522.jpg\" alt=\"Rallython 2023 Noyers-sur-Cher photographe De la lumi\u00e8re aux yeux\" class=\"wp-image-4916\" srcset=\"https:\/\/www.delalumiereauxyeux-photo.fr\/wp-content\/uploads\/2023\/12\/DSC_0473-1024x522.jpg 1024w, https:\/\/www.delalumiereauxyeux-photo.fr\/wp-content\/uploads\/2023\/12\/DSC_0473-300x153.jpg 300w, https:\/\/www.delalumiereauxyeux-photo.fr\/wp-content\/uploads\/2023\/12\/DSC_0473-768x391.jpg 768w, https:\/\/www.delalumiereauxyeux-photo.fr\/wp-content\/uploads\/2023\/12\/DSC_0473-1536x783.jpg 1536w, https:\/\/www.delalumiereauxyeux-photo.fr\/wp-content\/uploads\/2023\/12\/DSC_0473-2048x1044.jpg 2048w\" sizes=\"(max-width: 1024px) 100vw, 1024px\" \/><\/figure>\n\n\n\n<figure class=\"wp-block-image size-large\"><img loading=\"lazy\" decoding=\"async\" width=\"1024\" height=\"478\" src=\"http:\/\/www.delalumiereauxyeux-photo.fr\/wp-content\/uploads\/2023\/12\/DSC_0489-1024x478.jpg\" alt=\"Rallython 2023 Noyers-sur-Cher photographe De la lumi\u00e8re aux yeux\" class=\"wp-image-4917\" srcset=\"https:\/\/www.delalumiereauxyeux-photo.fr\/wp-content\/uploads\/2023\/12\/DSC_0489-1024x478.jpg 1024w, https:\/\/www.delalumiereauxyeux-photo.fr\/wp-content\/uploads\/2023\/12\/DSC_0489-300x140.jpg 300w, https:\/\/www.delalumiereauxyeux-photo.fr\/wp-content\/uploads\/2023\/12\/DSC_0489-768x359.jpg 768w, https:\/\/www.delalumiereauxyeux-photo.fr\/wp-content\/uploads\/2023\/12\/DSC_0489-1536x717.jpg 1536w, https:\/\/www.delalumiereauxyeux-photo.fr\/wp-content\/uploads\/2023\/12\/DSC_0489-2048x956.jpg 2048w\" sizes=\"(max-width: 1024px) 100vw, 1024px\" \/><\/figure>\n\n\n\n<figure class=\"wp-block-image size-large is-resized\"><img loading=\"lazy\" decoding=\"async\" src=\"http:\/\/www.delalumiereauxyeux-photo.fr\/wp-content\/uploads\/2023\/12\/DSC_0499-1024x683.jpg\" alt=\"Rallython 2023 Noyers-sur-Cher photographe De la lumi\u00e8re aux yeux\" class=\"wp-image-4918\" width=\"840\" height=\"560\" srcset=\"https:\/\/www.delalumiereauxyeux-photo.fr\/wp-content\/uploads\/2023\/12\/DSC_0499-1024x683.jpg 1024w, https:\/\/www.delalumiereauxyeux-photo.fr\/wp-content\/uploads\/2023\/12\/DSC_0499-300x200.jpg 300w, https:\/\/www.delalumiereauxyeux-photo.fr\/wp-content\/uploads\/2023\/12\/DSC_0499-768x512.jpg 768w, https:\/\/www.delalumiereauxyeux-photo.fr\/wp-content\/uploads\/2023\/12\/DSC_0499-1536x1024.jpg 1536w, https:\/\/www.delalumiereauxyeux-photo.fr\/wp-content\/uploads\/2023\/12\/DSC_0499-2048x1365.jpg 2048w\" sizes=\"(max-width: 840px) 100vw, 840px\" \/><\/figure>\n\n\n\n<figure class=\"wp-block-image size-large\"><img loading=\"lazy\" decoding=\"async\" width=\"1024\" height=\"578\" src=\"http:\/\/www.delalumiereauxyeux-photo.fr\/wp-content\/uploads\/2023\/12\/DSC_0509-1024x578.jpg\" alt=\"Rallython 2023 Noyers-sur-Cher photographe De la lumi\u00e8re aux yeux\" class=\"wp-image-4919\" srcset=\"https:\/\/www.delalumiereauxyeux-photo.fr\/wp-content\/uploads\/2023\/12\/DSC_0509-1024x578.jpg 1024w, https:\/\/www.delalumiereauxyeux-photo.fr\/wp-content\/uploads\/2023\/12\/DSC_0509-300x169.jpg 300w, https:\/\/www.delalumiereauxyeux-photo.fr\/wp-content\/uploads\/2023\/12\/DSC_0509-768x434.jpg 768w, https:\/\/www.delalumiereauxyeux-photo.fr\/wp-content\/uploads\/2023\/12\/DSC_0509-1536x867.jpg 1536w, https:\/\/www.delalumiereauxyeux-photo.fr\/wp-content\/uploads\/2023\/12\/DSC_0509-2048x1156.jpg 2048w\" sizes=\"(max-width: 1024px) 100vw, 1024px\" \/><\/figure>\n\n\n\n<figure class=\"wp-block-image size-large\"><img loading=\"lazy\" decoding=\"async\" width=\"1024\" height=\"588\" src=\"http:\/\/www.delalumiereauxyeux-photo.fr\/wp-content\/uploads\/2023\/12\/DSC_0520-1024x588.jpg\" alt=\"Rallython 2023 Noyers-sur-Cher photographe De la lumi\u00e8re aux yeux\" class=\"wp-image-4920\" srcset=\"https:\/\/www.delalumiereauxyeux-photo.fr\/wp-content\/uploads\/2023\/12\/DSC_0520-1024x588.jpg 1024w, https:\/\/www.delalumiereauxyeux-photo.fr\/wp-content\/uploads\/2023\/12\/DSC_0520-300x172.jpg 300w, https:\/\/www.delalumiereauxyeux-photo.fr\/wp-content\/uploads\/2023\/12\/DSC_0520-768x441.jpg 768w, https:\/\/www.delalumiereauxyeux-photo.fr\/wp-content\/uploads\/2023\/12\/DSC_0520-1536x883.jpg 1536w, https:\/\/www.delalumiereauxyeux-photo.fr\/wp-content\/uploads\/2023\/12\/DSC_0520-2048x1177.jpg 2048w\" sizes=\"(max-width: 1024px) 100vw, 1024px\" \/><\/figure>\n\n\n\n<figure class=\"wp-block-image size-large\"><img loading=\"lazy\" decoding=\"async\" width=\"1024\" height=\"683\" src=\"http:\/\/www.delalumiereauxyeux-photo.fr\/wp-content\/uploads\/2023\/12\/DSC_0524-1024x683.jpg\" alt=\"Rallython 2023 Noyers-sur-Cher photographe De la lumi\u00e8re aux yeux\" class=\"wp-image-4921\" srcset=\"https:\/\/www.delalumiereauxyeux-photo.fr\/wp-content\/uploads\/2023\/12\/DSC_0524-1024x683.jpg 1024w, https:\/\/www.delalumiereauxyeux-photo.fr\/wp-content\/uploads\/2023\/12\/DSC_0524-300x200.jpg 300w, https:\/\/www.delalumiereauxyeux-photo.fr\/wp-content\/uploads\/2023\/12\/DSC_0524-768x512.jpg 768w, https:\/\/www.delalumiereauxyeux-photo.fr\/wp-content\/uploads\/2023\/12\/DSC_0524-1536x1024.jpg 1536w, https:\/\/www.delalumiereauxyeux-photo.fr\/wp-content\/uploads\/2023\/12\/DSC_0524-2048x1365.jpg 2048w\" sizes=\"(max-width: 1024px) 100vw, 1024px\" \/><\/figure>\n\n\n\n<figure class=\"wp-block-image size-large\"><img loading=\"lazy\" decoding=\"async\" width=\"1024\" height=\"532\" src=\"http:\/\/www.delalumiereauxyeux-photo.fr\/wp-content\/uploads\/2023\/12\/DSC_5079-1024x532.jpg\" alt=\"Rallython 2023 Noyers-sur-Cher photographe De la lumi\u00e8re aux yeux\" class=\"wp-image-4922\" srcset=\"https:\/\/www.delalumiereauxyeux-photo.fr\/wp-content\/uploads\/2023\/12\/DSC_5079-1024x532.jpg 1024w, https:\/\/www.delalumiereauxyeux-photo.fr\/wp-content\/uploads\/2023\/12\/DSC_5079-300x156.jpg 300w, https:\/\/www.delalumiereauxyeux-photo.fr\/wp-content\/uploads\/2023\/12\/DSC_5079-768x399.jpg 768w, https:\/\/www.delalumiereauxyeux-photo.fr\/wp-content\/uploads\/2023\/12\/DSC_5079-1536x798.jpg 1536w, https:\/\/www.delalumiereauxyeux-photo.fr\/wp-content\/uploads\/2023\/12\/DSC_5079-2048x1064.jpg 2048w\" sizes=\"(max-width: 1024px) 100vw, 1024px\" \/><\/figure>\n\n\n\n<figure class=\"wp-block-image size-large\"><img loading=\"lazy\" decoding=\"async\" width=\"1024\" height=\"683\" src=\"http:\/\/www.delalumiereauxyeux-photo.fr\/wp-content\/uploads\/2023\/12\/DSC_5082-1024x683.jpg\" alt=\"Rallython 2023 Noyers-sur-Cher photographe De la lumi\u00e8re aux yeux\" class=\"wp-image-4923\" srcset=\"https:\/\/www.delalumiereauxyeux-photo.fr\/wp-content\/uploads\/2023\/12\/DSC_5082-1024x683.jpg 1024w, https:\/\/www.delalumiereauxyeux-photo.fr\/wp-content\/uploads\/2023\/12\/DSC_5082-300x200.jpg 300w, https:\/\/www.delalumiereauxyeux-photo.fr\/wp-content\/uploads\/2023\/12\/DSC_5082-768x512.jpg 768w, https:\/\/www.delalumiereauxyeux-photo.fr\/wp-content\/uploads\/2023\/12\/DSC_5082-1536x1024.jpg 1536w, https:\/\/www.delalumiereauxyeux-photo.fr\/wp-content\/uploads\/2023\/12\/DSC_5082-2048x1365.jpg 2048w\" sizes=\"(max-width: 1024px) 100vw, 1024px\" \/><\/figure>\n\n\n\n<figure class=\"wp-block-image size-large\"><img loading=\"lazy\" decoding=\"async\" width=\"1024\" height=\"683\" src=\"http:\/\/www.delalumiereauxyeux-photo.fr\/wp-content\/uploads\/2023\/12\/DSC_5085-1024x683.jpg\" alt=\"Rallython 2023 Noyers-sur-Cher photographe De la lumi\u00e8re aux yeux\" class=\"wp-image-4924\" srcset=\"https:\/\/www.delalumiereauxyeux-photo.fr\/wp-content\/uploads\/2023\/12\/DSC_5085-1024x683.jpg 1024w, https:\/\/www.delalumiereauxyeux-photo.fr\/wp-content\/uploads\/2023\/12\/DSC_5085-300x200.jpg 300w, https:\/\/www.delalumiereauxyeux-photo.fr\/wp-content\/uploads\/2023\/12\/DSC_5085-768x512.jpg 768w, https:\/\/www.delalumiereauxyeux-photo.fr\/wp-content\/uploads\/2023\/12\/DSC_5085-1536x1024.jpg 1536w, https:\/\/www.delalumiereauxyeux-photo.fr\/wp-content\/uploads\/2023\/12\/DSC_5085-2048x1365.jpg 2048w\" sizes=\"(max-width: 1024px) 100vw, 1024px\" \/><\/figure>\n\n\n\n<figure class=\"wp-block-image size-large\"><img loading=\"lazy\" decoding=\"async\" width=\"1024\" height=\"683\" src=\"http:\/\/www.delalumiereauxyeux-photo.fr\/wp-content\/uploads\/2023\/12\/DSC_5088-1024x683.jpg\" alt=\"Rallython 2023 Noyers-sur-Cher photographe De la lumi\u00e8re aux yeux\" class=\"wp-image-4925\" srcset=\"https:\/\/www.delalumiereauxyeux-photo.fr\/wp-content\/uploads\/2023\/12\/DSC_5088-1024x683.jpg 1024w, https:\/\/www.delalumiereauxyeux-photo.fr\/wp-content\/uploads\/2023\/12\/DSC_5088-300x200.jpg 300w, https:\/\/www.delalumiereauxyeux-photo.fr\/wp-content\/uploads\/2023\/12\/DSC_5088-768x512.jpg 768w, https:\/\/www.delalumiereauxyeux-photo.fr\/wp-content\/uploads\/2023\/12\/DSC_5088-1536x1024.jpg 1536w, https:\/\/www.delalumiereauxyeux-photo.fr\/wp-content\/uploads\/2023\/12\/DSC_5088-2048x1365.jpg 2048w\" sizes=\"(max-width: 1024px) 100vw, 1024px\" \/><\/figure>\n\n\n\n<p>\u00a9 Tous droits r\u00e9serv\u00e9s 2023.<\/p>\n\n\n\n<p>Toutes mes photos ne sont pas pr\u00e9sent\u00e9es dans l&rsquo;article, alors n&rsquo;h\u00e9sitez pas \u00e0 me contacter \ud83d\ude09<\/p>\n\n\n\n<p>Mes photos sont disponibles \u00e0 l&rsquo;achat au format num\u00e9rique&nbsp;<a href=\"https:\/\/www.delalumiereauxyeux-photo.fr\/?page_id=2430\">Contact &#8211; De la lumi\u00e8re aux yeux (delalumiereauxyeux-photo.fr)<\/a> Pour toute commande, une partie sera revers\u00e9e au T\u00e9l\u00e9thon.<\/p>\n\n\n\n<p>Si vous souhaitez une prestation photos, contactez-moi. Vous pouvez \u00e9galement m&rsquo;envoyer vos noms, pr\u00e9noms, voiture(s), \u00e9v\u00e8nement(s), dates et lieux o\u00f9 vous serez en 2024&nbsp;<a href=\"https:\/\/www.delalumiereauxyeux-photo.fr\/?page_id=2430\">Contact &#8211; De la lumi\u00e8re aux yeux (delalumiereauxyeux-photo.fr)<\/a> !<\/p>\n\n\n\n<p>Vous pouvez \u00e9galement me laisser vos commentaires sur cet article.<\/p>\n\n\n\n<p>A bient\u00f4t! \ud83d\ude42<\/p>\n\n\n\n<p>Ang\u00e9lique.<\/p>\n\n\n\n<p>Vous pouvez me retrouver sur :<\/p>\n\n\n\n<ul>\n<li>Facebook&nbsp;<a href=\"https:\/\/www.facebook.com\/DelalumiereauxyeuxPhotographe\">Delalumi\u00e8reauxyeux Photographe | Erceville | Facebook<\/a><\/li>\n\n\n\n<li>Instagram&nbsp;<a href=\"https:\/\/www.instagram.com\/angiephoto28\/\">Angie (@angiephoto28) \u2022 Photos et vid\u00e9os Instagram<\/a><\/li>\n\n\n\n<li>site www.delalumiereauxyeux.fr<\/li>\n<\/ul>\n\n\n\n<p><em>Les photos sont compress\u00e9es pour le blog et n&rsquo;ont pas leur qualit\u00e9 optimale.<\/em><\/p>\n","protected":false},"excerpt":{"rendered":"<p>Une premi\u00e8re pour moi sur ce type d&rsquo;\u00e9v\u00e9nement et ravie d&rsquo;avoir pu y assister et de pouvoir contribuer \u00e0 mon petit niveau. La bonne ambiance et la convivialit\u00e9 ont fait de cette journ\u00e9e un moment de partage et de communication. Merci \u00e0 Alexandra pour son accueil et sa bonne humeur, merci aux pilotes, merci \u00e0 [&hellip;]<\/p>\n","protected":false},"author":1,"featured_media":0,"comment_status":"open","ping_status":"closed","sticky":false,"template":"","format":"standard","meta":{"_monsterinsights_skip_tracking":false,"_monsterinsights_sitenote_active":false,"_monsterinsights_sitenote_note":"","_monsterinsights_sitenote_category":0,"footnotes":""},"categories":[1],"tags":[],"yoast_head":"<!-- This site is optimized with the Yoast SEO plugin v22.2 - https:\/\/yoast.com\/wordpress\/plugins\/seo\/ -->\n<title>Rallython 3 d\u00e9cembre 2023 \u00e0 Noyers-sur-Cher - De la lumi\u00e8re aux yeux<\/title>\n<meta name=\"robots\" content=\"index, follow, max-snippet:-1, max-image-preview:large, max-video-preview:-1\" \/>\n<link rel=\"canonical\" href=\"https:\/\/www.delalumiereauxyeux-photo.fr\/?p=4926\" \/>\n<meta property=\"og:locale\" content=\"fr_FR\" \/>\n<meta property=\"og:type\" content=\"article\" \/>\n<meta property=\"og:title\" content=\"Rallython 3 d\u00e9cembre 2023 \u00e0 Noyers-sur-Cher - De la lumi\u00e8re aux yeux\" \/>\n<meta property=\"og:description\" content=\"Une premi\u00e8re pour moi sur ce type d&rsquo;\u00e9v\u00e9nement et ravie d&rsquo;avoir pu y assister et de pouvoir contribuer \u00e0 mon petit niveau. La bonne ambiance et la convivialit\u00e9 ont fait de cette journ\u00e9e un moment de partage et de communication. Merci \u00e0 Alexandra pour son accueil et sa bonne humeur, merci aux pilotes, merci \u00e0 [&hellip;]\" \/>\n<meta property=\"og:url\" content=\"https:\/\/www.delalumiereauxyeux-photo.fr\/?p=4926\" \/>\n<meta property=\"og:site_name\" content=\"De la lumi\u00e8re aux yeux\" \/>\n<meta property=\"article:author\" content=\"https:\/\/www.facebook.com\/angelique.delalumiereauxyeux.5?__tn__=dlC-RHH-R-R&amp;eid=ARDORkTB_yutZsrVTEEeZ0LAobESxObVoalsaetnRjmZdhewjwojedF8h09RZ8oly8_ro0dEnvSLIUeS&amp;hc_ref=ARSbH4jjDNc2QSSUZPjZH0vrxiNgcNzLcrprkTea6WAzZ09DAHcjGeYU5y5PXqG08Ac\" \/>\n<meta property=\"article:published_time\" content=\"2023-12-07T10:21:14+00:00\" \/>\n<meta property=\"article:modified_time\" content=\"2024-01-06T09:46:28+00:00\" \/>\n<meta property=\"og:image\" content=\"http:\/\/www.delalumiereauxyeux-photo.fr\/wp-content\/uploads\/2023\/12\/DSC_0009-1024x559.jpg\" \/>\n<meta name=\"author\" content=\"delalumiereauxyeux\" \/>\n<meta name=\"twitter:card\" content=\"summary_large_image\" \/>\n<meta name=\"twitter:label1\" content=\"\u00c9crit par\" \/>\n\t<meta name=\"twitter:data1\" content=\"delalumiereauxyeux\" \/>\n\t<meta name=\"twitter:label2\" content=\"Dur\u00e9e de lecture estim\u00e9e\" \/>\n\t<meta name=\"twitter:data2\" content=\"12 minutes\" \/>\n<script type=\"application\/ld+json\" class=\"yoast-schema-graph\">{\"@context\":\"https:\/\/schema.org\",\"@graph\":[{\"@type\":\"WebPage\",\"@id\":\"https:\/\/www.delalumiereauxyeux-photo.fr\/?p=4926\",\"url\":\"https:\/\/www.delalumiereauxyeux-photo.fr\/?p=4926\",\"name\":\"Rallython 3 d\u00e9cembre 2023 \u00e0 Noyers-sur-Cher - De la lumi\u00e8re aux yeux\",\"isPartOf\":{\"@id\":\"https:\/\/www.delalumiereauxyeux-photo.fr\/#website\"},\"primaryImageOfPage\":{\"@id\":\"https:\/\/www.delalumiereauxyeux-photo.fr\/?p=4926#primaryimage\"},\"image\":{\"@id\":\"https:\/\/www.delalumiereauxyeux-photo.fr\/?p=4926#primaryimage\"},\"thumbnailUrl\":\"http:\/\/www.delalumiereauxyeux-photo.fr\/wp-content\/uploads\/2023\/12\/DSC_0009-1024x559.jpg\",\"datePublished\":\"2023-12-07T10:21:14+00:00\",\"dateModified\":\"2024-01-06T09:46:28+00:00\",\"author\":{\"@id\":\"https:\/\/www.delalumiereauxyeux-photo.fr\/#\/schema\/person\/fbdc98761dd92f98cdb911153e949213\"},\"breadcrumb\":{\"@id\":\"https:\/\/www.delalumiereauxyeux-photo.fr\/?p=4926#breadcrumb\"},\"inLanguage\":\"fr-FR\",\"potentialAction\":[{\"@type\":\"ReadAction\",\"target\":[\"https:\/\/www.delalumiereauxyeux-photo.fr\/?p=4926\"]}]},{\"@type\":\"ImageObject\",\"inLanguage\":\"fr-FR\",\"@id\":\"https:\/\/www.delalumiereauxyeux-photo.fr\/?p=4926#primaryimage\",\"url\":\"http:\/\/www.delalumiereauxyeux-photo.fr\/wp-content\/uploads\/2023\/12\/DSC_0009-1024x559.jpg\",\"contentUrl\":\"http:\/\/www.delalumiereauxyeux-photo.fr\/wp-content\/uploads\/2023\/12\/DSC_0009-1024x559.jpg\"},{\"@type\":\"BreadcrumbList\",\"@id\":\"https:\/\/www.delalumiereauxyeux-photo.fr\/?p=4926#breadcrumb\",\"itemListElement\":[{\"@type\":\"ListItem\",\"position\":1,\"name\":\"Accueil\",\"item\":\"https:\/\/www.delalumiereauxyeux-photo.fr\/\"},{\"@type\":\"ListItem\",\"position\":2,\"name\":\"Rallython 3 d\u00e9cembre 2023 \u00e0 Noyers-sur-Cher\"}]},{\"@type\":\"WebSite\",\"@id\":\"https:\/\/www.delalumiereauxyeux-photo.fr\/#website\",\"url\":\"https:\/\/www.delalumiereauxyeux-photo.fr\/\",\"name\":\"De la lumi\u00e8re aux yeux\",\"description\":\"De la lumi\u00e8re aux yeux\",\"potentialAction\":[{\"@type\":\"SearchAction\",\"target\":{\"@type\":\"EntryPoint\",\"urlTemplate\":\"https:\/\/www.delalumiereauxyeux-photo.fr\/?s={search_term_string}\"},\"query-input\":\"required name=search_term_string\"}],\"inLanguage\":\"fr-FR\"},{\"@type\":\"Person\",\"@id\":\"https:\/\/www.delalumiereauxyeux-photo.fr\/#\/schema\/person\/fbdc98761dd92f98cdb911153e949213\",\"name\":\"delalumiereauxyeux\",\"image\":{\"@type\":\"ImageObject\",\"inLanguage\":\"fr-FR\",\"@id\":\"https:\/\/www.delalumiereauxyeux-photo.fr\/#\/schema\/person\/image\/\",\"url\":\"https:\/\/secure.gravatar.com\/avatar\/8fecce8824b60e8618943375d4f3666c?s=96&d=mm&r=g\",\"contentUrl\":\"https:\/\/secure.gravatar.com\/avatar\/8fecce8824b60e8618943375d4f3666c?s=96&d=mm&r=g\",\"caption\":\"delalumiereauxyeux\"},\"sameAs\":[\"https:\/\/www.facebook.com\/angelique.delalumiereauxyeux.5?__tn__=dlC-RHH-R-R&eid=ARDORkTB_yutZsrVTEEeZ0LAobESxObVoalsaetnRjmZdhewjwojedF8h09RZ8oly8_ro0dEnvSLIUeS&hc_ref=ARSbH4jjDNc2QSSUZPjZH0vrxiNgcNzLcrprkTea6WAzZ09DAHcjGeYU5y5PXqG08Ac\",\"https:\/\/www.instagram.com\/angiephoto28\/\",\"https:\/\/www.linkedin.com\/in\/anglique-de-la-lumire-aux-yeux-65418826b\/\"]}]}<\/script>\n<!-- \/ Yoast SEO plugin. -->","yoast_head_json":{"title":"Rallython 3 d\u00e9cembre 2023 \u00e0 Noyers-sur-Cher - De la lumi\u00e8re aux yeux","robots":{"index":"index","follow":"follow","max-snippet":"max-snippet:-1","max-image-preview":"max-image-preview:large","max-video-preview":"max-video-preview:-1"},"canonical":"https:\/\/www.delalumiereauxyeux-photo.fr\/?p=4926","og_locale":"fr_FR","og_type":"article","og_title":"Rallython 3 d\u00e9cembre 2023 \u00e0 Noyers-sur-Cher - De la lumi\u00e8re aux yeux","og_description":"Une premi\u00e8re pour moi sur ce type d&rsquo;\u00e9v\u00e9nement et ravie d&rsquo;avoir pu y assister et de pouvoir contribuer \u00e0 mon petit niveau. La bonne ambiance et la convivialit\u00e9 ont fait de cette journ\u00e9e un moment de partage et de communication. Merci \u00e0 Alexandra pour son accueil et sa bonne humeur, merci aux pilotes, merci \u00e0 [&hellip;]","og_url":"https:\/\/www.delalumiereauxyeux-photo.fr\/?p=4926","og_site_name":"De la lumi\u00e8re aux yeux","article_author":"https:\/\/www.facebook.com\/angelique.delalumiereauxyeux.5?__tn__=dlC-RHH-R-R&eid=ARDORkTB_yutZsrVTEEeZ0LAobESxObVoalsaetnRjmZdhewjwojedF8h09RZ8oly8_ro0dEnvSLIUeS&hc_ref=ARSbH4jjDNc2QSSUZPjZH0vrxiNgcNzLcrprkTea6WAzZ09DAHcjGeYU5y5PXqG08Ac","article_published_time":"2023-12-07T10:21:14+00:00","article_modified_time":"2024-01-06T09:46:28+00:00","og_image":[{"url":"http:\/\/www.delalumiereauxyeux-photo.fr\/wp-content\/uploads\/2023\/12\/DSC_0009-1024x559.jpg"}],"author":"delalumiereauxyeux","twitter_card":"summary_large_image","twitter_misc":{"\u00c9crit par":"delalumiereauxyeux","Dur\u00e9e de lecture estim\u00e9e":"12 minutes"},"schema":{"@context":"https:\/\/schema.org","@graph":[{"@type":"WebPage","@id":"https:\/\/www.delalumiereauxyeux-photo.fr\/?p=4926","url":"https:\/\/www.delalumiereauxyeux-photo.fr\/?p=4926","name":"Rallython 3 d\u00e9cembre 2023 \u00e0 Noyers-sur-Cher - De la lumi\u00e8re aux yeux","isPartOf":{"@id":"https:\/\/www.delalumiereauxyeux-photo.fr\/#website"},"primaryImageOfPage":{"@id":"https:\/\/www.delalumiereauxyeux-photo.fr\/?p=4926#primaryimage"},"image":{"@id":"https:\/\/www.delalumiereauxyeux-photo.fr\/?p=4926#primaryimage"},"thumbnailUrl":"http:\/\/www.delalumiereauxyeux-photo.fr\/wp-content\/uploads\/2023\/12\/DSC_0009-1024x559.jpg","datePublished":"2023-12-07T10:21:14+00:00","dateModified":"2024-01-06T09:46:28+00:00","author":{"@id":"https:\/\/www.delalumiereauxyeux-photo.fr\/#\/schema\/person\/fbdc98761dd92f98cdb911153e949213"},"breadcrumb":{"@id":"https:\/\/www.delalumiereauxyeux-photo.fr\/?p=4926#breadcrumb"},"inLanguage":"fr-FR","potentialAction":[{"@type":"ReadAction","target":["https:\/\/www.delalumiereauxyeux-photo.fr\/?p=4926"]}]},{"@type":"ImageObject","inLanguage":"fr-FR","@id":"https:\/\/www.delalumiereauxyeux-photo.fr\/?p=4926#primaryimage","url":"http:\/\/www.delalumiereauxyeux-photo.fr\/wp-content\/uploads\/2023\/12\/DSC_0009-1024x559.jpg","contentUrl":"http:\/\/www.delalumiereauxyeux-photo.fr\/wp-content\/uploads\/2023\/12\/DSC_0009-1024x559.jpg"},{"@type":"BreadcrumbList","@id":"https:\/\/www.delalumiereauxyeux-photo.fr\/?p=4926#breadcrumb","itemListElement":[{"@type":"ListItem","position":1,"name":"Accueil","item":"https:\/\/www.delalumiereauxyeux-photo.fr\/"},{"@type":"ListItem","position":2,"name":"Rallython 3 d\u00e9cembre 2023 \u00e0 Noyers-sur-Cher"}]},{"@type":"WebSite","@id":"https:\/\/www.delalumiereauxyeux-photo.fr\/#website","url":"https:\/\/www.delalumiereauxyeux-photo.fr\/","name":"De la lumi\u00e8re aux yeux","description":"De la lumi\u00e8re aux yeux","potentialAction":[{"@type":"SearchAction","target":{"@type":"EntryPoint","urlTemplate":"https:\/\/www.delalumiereauxyeux-photo.fr\/?s={search_term_string}"},"query-input":"required name=search_term_string"}],"inLanguage":"fr-FR"},{"@type":"Person","@id":"https:\/\/www.delalumiereauxyeux-photo.fr\/#\/schema\/person\/fbdc98761dd92f98cdb911153e949213","name":"delalumiereauxyeux","image":{"@type":"ImageObject","inLanguage":"fr-FR","@id":"https:\/\/www.delalumiereauxyeux-photo.fr\/#\/schema\/person\/image\/","url":"https:\/\/secure.gravatar.com\/avatar\/8fecce8824b60e8618943375d4f3666c?s=96&d=mm&r=g","contentUrl":"https:\/\/secure.gravatar.com\/avatar\/8fecce8824b60e8618943375d4f3666c?s=96&d=mm&r=g","caption":"delalumiereauxyeux"},"sameAs":["https:\/\/www.facebook.com\/angelique.delalumiereauxyeux.5?__tn__=dlC-RHH-R-R&eid=ARDORkTB_yutZsrVTEEeZ0LAobESxObVoalsaetnRjmZdhewjwojedF8h09RZ8oly8_ro0dEnvSLIUeS&hc_ref=ARSbH4jjDNc2QSSUZPjZH0vrxiNgcNzLcrprkTea6WAzZ09DAHcjGeYU5y5PXqG08Ac","https:\/\/www.instagram.com\/angiephoto28\/","https:\/\/www.linkedin.com\/in\/anglique-de-la-lumire-aux-yeux-65418826b\/"]}]}},"_links":{"self":[{"href":"https:\/\/www.delalumiereauxyeux-photo.fr\/index.php?rest_route=\/wp\/v2\/posts\/4926"}],"collection":[{"href":"https:\/\/www.delalumiereauxyeux-photo.fr\/index.php?rest_route=\/wp\/v2\/posts"}],"about":[{"href":"https:\/\/www.delalumiereauxyeux-photo.fr\/index.php?rest_route=\/wp\/v2\/types\/post"}],"author":[{"embeddable":true,"href":"https:\/\/www.delalumiereauxyeux-photo.fr\/index.php?rest_route=\/wp\/v2\/users\/1"}],"replies":[{"embeddable":true,"href":"https:\/\/www.delalumiereauxyeux-photo.fr\/index.php?rest_route=%2Fwp%2Fv2%2Fcomments&post=4926"}],"version-history":[{"count":7,"href":"https:\/\/www.delalumiereauxyeux-photo.fr\/index.php?rest_route=\/wp\/v2\/posts\/4926\/revisions"}],"predecessor-version":[{"id":4934,"href":"https:\/\/www.delalumiereauxyeux-photo.fr\/index.php?rest_route=\/wp\/v2\/posts\/4926\/revisions\/4934"}],"wp:attachment":[{"href":"https:\/\/www.delalumiereauxyeux-photo.fr\/index.php?rest_route=%2Fwp%2Fv2%2Fmedia&parent=4926"}],"wp:term":[{"taxonomy":"category","embeddable":true,"href":"https:\/\/www.delalumiereauxyeux-photo.fr\/index.php?rest_route=%2Fwp%2Fv2%2Fcategories&post=4926"},{"taxonomy":"post_tag","embeddable":true,"href":"https:\/\/www.delalumiereauxyeux-photo.fr\/index.php?rest_route=%2Fwp%2Fv2%2Ftags&post=4926"}],"curies":[{"name":"wp","href":"https:\/\/api.w.org\/{rel}","templated":true}]}}