{"id":5084,"date":"2024-03-13T15:18:08","date_gmt":"2024-03-13T15:18:08","guid":{"rendered":"https:\/\/www.delalumiereauxyeux-photo.fr\/?p=5084"},"modified":"2024-03-13T15:38:20","modified_gmt":"2024-03-13T15:38:20","slug":"32eme-rallye-de-la-vienne","status":"publish","type":"post","link":"https:\/\/www.delalumiereauxyeux-photo.fr\/?p=5084","title":{"rendered":"32\u00e8me Rallye de la Vienne"},"content":{"rendered":"\n<p>Sortez vos parapluies et vos bottes en caoutchouc! \ud83d\ude42 Malgr\u00e9 cela, c&rsquo;est un rallye tr\u00e8s agr\u00e9able!<\/p>\n\n\n\n<p>Les voitures \u00e9taient toutes belles , toutes propres avant de sortir du hangar&#8230;Apr\u00e8s, ce n&rsquo;\u00e9tait pas la m\u00eame!<\/p>\n\n\n\n<p>Avant le d\u00e9part&#8230;<\/p>\n\n\n\n<figure class=\"wp-block-image size-large\"><img loading=\"lazy\" decoding=\"async\" width=\"1024\" height=\"531\" src=\"http:\/\/www.delalumiereauxyeux-photo.fr\/wp-content\/uploads\/2024\/03\/DSC_6079-copie-1024x531.jpg\" alt=\"Rallye de la Vienne 2024 photographe De la lumi\u00e8re aux yeux\" class=\"wp-image-5086\" srcset=\"https:\/\/www.delalumiereauxyeux-photo.fr\/wp-content\/uploads\/2024\/03\/DSC_6079-copie-1024x531.jpg 1024w, https:\/\/www.delalumiereauxyeux-photo.fr\/wp-content\/uploads\/2024\/03\/DSC_6079-copie-300x155.jpg 300w, https:\/\/www.delalumiereauxyeux-photo.fr\/wp-content\/uploads\/2024\/03\/DSC_6079-copie-768x398.jpg 768w, https:\/\/www.delalumiereauxyeux-photo.fr\/wp-content\/uploads\/2024\/03\/DSC_6079-copie-1536x796.jpg 1536w, https:\/\/www.delalumiereauxyeux-photo.fr\/wp-content\/uploads\/2024\/03\/DSC_6079-copie-2048x1061.jpg 2048w\" sizes=\"(max-width: 1024px) 100vw, 1024px\" \/><\/figure>\n\n\n\n<figure class=\"wp-block-image size-large\"><img loading=\"lazy\" decoding=\"async\" width=\"1024\" height=\"618\" src=\"http:\/\/www.delalumiereauxyeux-photo.fr\/wp-content\/uploads\/2024\/03\/DSC_6080-copie-1024x618.jpg\" alt=\"Rallye de la Vienne 2024 photographe De la lumi\u00e8re aux yeux\" class=\"wp-image-5087\" srcset=\"https:\/\/www.delalumiereauxyeux-photo.fr\/wp-content\/uploads\/2024\/03\/DSC_6080-copie-1024x618.jpg 1024w, https:\/\/www.delalumiereauxyeux-photo.fr\/wp-content\/uploads\/2024\/03\/DSC_6080-copie-300x181.jpg 300w, https:\/\/www.delalumiereauxyeux-photo.fr\/wp-content\/uploads\/2024\/03\/DSC_6080-copie-768x464.jpg 768w, https:\/\/www.delalumiereauxyeux-photo.fr\/wp-content\/uploads\/2024\/03\/DSC_6080-copie-1536x927.jpg 1536w, https:\/\/www.delalumiereauxyeux-photo.fr\/wp-content\/uploads\/2024\/03\/DSC_6080-copie-2048x1237.jpg 2048w\" sizes=\"(max-width: 1024px) 100vw, 1024px\" \/><\/figure>\n\n\n\n<figure class=\"wp-block-image size-large\"><img loading=\"lazy\" decoding=\"async\" width=\"1024\" height=\"683\" src=\"http:\/\/www.delalumiereauxyeux-photo.fr\/wp-content\/uploads\/2024\/03\/DSC_6091-copie-1024x683.jpg\" alt=\"Rallye de la Vienne 2024 photographe De la lumi\u00e8re aux yeux\" class=\"wp-image-5088\" srcset=\"https:\/\/www.delalumiereauxyeux-photo.fr\/wp-content\/uploads\/2024\/03\/DSC_6091-copie-1024x683.jpg 1024w, https:\/\/www.delalumiereauxyeux-photo.fr\/wp-content\/uploads\/2024\/03\/DSC_6091-copie-300x200.jpg 300w, https:\/\/www.delalumiereauxyeux-photo.fr\/wp-content\/uploads\/2024\/03\/DSC_6091-copie-768x512.jpg 768w, https:\/\/www.delalumiereauxyeux-photo.fr\/wp-content\/uploads\/2024\/03\/DSC_6091-copie-1536x1024.jpg 1536w, https:\/\/www.delalumiereauxyeux-photo.fr\/wp-content\/uploads\/2024\/03\/DSC_6091-copie-2048x1365.jpg 2048w\" sizes=\"(max-width: 1024px) 100vw, 1024px\" \/><\/figure>\n\n\n\n<figure class=\"wp-block-image size-large\"><img loading=\"lazy\" decoding=\"async\" width=\"1024\" height=\"601\" src=\"http:\/\/www.delalumiereauxyeux-photo.fr\/wp-content\/uploads\/2024\/03\/DSC_6093-copie-1024x601.jpg\" alt=\"Rallye de la Vienne 2024 photographe De la lumi\u00e8re aux yeux\" class=\"wp-image-5089\" srcset=\"https:\/\/www.delalumiereauxyeux-photo.fr\/wp-content\/uploads\/2024\/03\/DSC_6093-copie-1024x601.jpg 1024w, https:\/\/www.delalumiereauxyeux-photo.fr\/wp-content\/uploads\/2024\/03\/DSC_6093-copie-300x176.jpg 300w, https:\/\/www.delalumiereauxyeux-photo.fr\/wp-content\/uploads\/2024\/03\/DSC_6093-copie-768x451.jpg 768w, https:\/\/www.delalumiereauxyeux-photo.fr\/wp-content\/uploads\/2024\/03\/DSC_6093-copie-1536x902.jpg 1536w, https:\/\/www.delalumiereauxyeux-photo.fr\/wp-content\/uploads\/2024\/03\/DSC_6093-copie-2048x1202.jpg 2048w\" sizes=\"(max-width: 1024px) 100vw, 1024px\" \/><\/figure>\n\n\n\n<figure class=\"wp-block-image size-large\"><img loading=\"lazy\" decoding=\"async\" width=\"1024\" height=\"453\" src=\"http:\/\/www.delalumiereauxyeux-photo.fr\/wp-content\/uploads\/2024\/03\/DSC_6094-copie-1024x453.jpg\" alt=\"Rallye de la Vienne 2024 photographe De la lumi\u00e8re aux yeux\" class=\"wp-image-5090\" srcset=\"https:\/\/www.delalumiereauxyeux-photo.fr\/wp-content\/uploads\/2024\/03\/DSC_6094-copie-1024x453.jpg 1024w, https:\/\/www.delalumiereauxyeux-photo.fr\/wp-content\/uploads\/2024\/03\/DSC_6094-copie-300x133.jpg 300w, https:\/\/www.delalumiereauxyeux-photo.fr\/wp-content\/uploads\/2024\/03\/DSC_6094-copie-768x340.jpg 768w, https:\/\/www.delalumiereauxyeux-photo.fr\/wp-content\/uploads\/2024\/03\/DSC_6094-copie-1536x679.jpg 1536w, https:\/\/www.delalumiereauxyeux-photo.fr\/wp-content\/uploads\/2024\/03\/DSC_6094-copie-2048x906.jpg 2048w\" sizes=\"(max-width: 1024px) 100vw, 1024px\" \/><\/figure>\n\n\n\n<p>J\u00e9r\u00f4me VAUCEL\/Cyril VAUCEL<\/p>\n\n\n\n<figure class=\"wp-block-image size-large\"><img loading=\"lazy\" decoding=\"async\" width=\"1024\" height=\"580\" src=\"http:\/\/www.delalumiereauxyeux-photo.fr\/wp-content\/uploads\/2024\/03\/DSC_6098-copie-1024x580.jpg\" alt=\"Rallye de la Vienne 2024 photographe De la lumi\u00e8re aux yeux\" class=\"wp-image-5091\" srcset=\"https:\/\/www.delalumiereauxyeux-photo.fr\/wp-content\/uploads\/2024\/03\/DSC_6098-copie-1024x580.jpg 1024w, https:\/\/www.delalumiereauxyeux-photo.fr\/wp-content\/uploads\/2024\/03\/DSC_6098-copie-300x170.jpg 300w, https:\/\/www.delalumiereauxyeux-photo.fr\/wp-content\/uploads\/2024\/03\/DSC_6098-copie-768x435.jpg 768w, https:\/\/www.delalumiereauxyeux-photo.fr\/wp-content\/uploads\/2024\/03\/DSC_6098-copie-1536x871.jpg 1536w, https:\/\/www.delalumiereauxyeux-photo.fr\/wp-content\/uploads\/2024\/03\/DSC_6098-copie-2048x1161.jpg 2048w\" sizes=\"(max-width: 1024px) 100vw, 1024px\" \/><\/figure>\n\n\n\n<p>Claude CADILLON\/Daniel DUPONT<\/p>\n\n\n\n<figure class=\"wp-block-image size-large\"><img loading=\"lazy\" decoding=\"async\" width=\"1024\" height=\"719\" src=\"http:\/\/www.delalumiereauxyeux-photo.fr\/wp-content\/uploads\/2024\/03\/DSC_6100-copie-1024x719.jpg\" alt=\"Rallye de la Vienne 2024 photographe De la lumi\u00e8re aux yeux\" class=\"wp-image-5092\" srcset=\"https:\/\/www.delalumiereauxyeux-photo.fr\/wp-content\/uploads\/2024\/03\/DSC_6100-copie-1024x719.jpg 1024w, https:\/\/www.delalumiereauxyeux-photo.fr\/wp-content\/uploads\/2024\/03\/DSC_6100-copie-300x211.jpg 300w, https:\/\/www.delalumiereauxyeux-photo.fr\/wp-content\/uploads\/2024\/03\/DSC_6100-copie-768x539.jpg 768w, https:\/\/www.delalumiereauxyeux-photo.fr\/wp-content\/uploads\/2024\/03\/DSC_6100-copie-1536x1078.jpg 1536w, https:\/\/www.delalumiereauxyeux-photo.fr\/wp-content\/uploads\/2024\/03\/DSC_6100-copie-2048x1437.jpg 2048w\" sizes=\"(max-width: 1024px) 100vw, 1024px\" \/><\/figure>\n\n\n\n<p>Bruno MAINGUET\/Sylvain MEHL<\/p>\n\n\n\n<figure class=\"wp-block-image size-large\"><img loading=\"lazy\" decoding=\"async\" width=\"1024\" height=\"465\" src=\"http:\/\/www.delalumiereauxyeux-photo.fr\/wp-content\/uploads\/2024\/03\/DSC_6104-copie-1024x465.jpg\" alt=\"Rallye de la Vienne 2024 photographe De la lumi\u00e8re aux yeux\" class=\"wp-image-5093\" srcset=\"https:\/\/www.delalumiereauxyeux-photo.fr\/wp-content\/uploads\/2024\/03\/DSC_6104-copie-1024x465.jpg 1024w, https:\/\/www.delalumiereauxyeux-photo.fr\/wp-content\/uploads\/2024\/03\/DSC_6104-copie-300x136.jpg 300w, https:\/\/www.delalumiereauxyeux-photo.fr\/wp-content\/uploads\/2024\/03\/DSC_6104-copie-768x349.jpg 768w, https:\/\/www.delalumiereauxyeux-photo.fr\/wp-content\/uploads\/2024\/03\/DSC_6104-copie-1536x698.jpg 1536w, https:\/\/www.delalumiereauxyeux-photo.fr\/wp-content\/uploads\/2024\/03\/DSC_6104-copie-2048x930.jpg 2048w\" sizes=\"(max-width: 1024px) 100vw, 1024px\" \/><\/figure>\n\n\n\n<p>Lucas MATHIEU\/L\u00e9a DARDENNE<\/p>\n\n\n\n<figure class=\"wp-block-image size-large\"><img loading=\"lazy\" decoding=\"async\" width=\"1024\" height=\"805\" src=\"http:\/\/www.delalumiereauxyeux-photo.fr\/wp-content\/uploads\/2024\/03\/DSC_6106-copie-1024x805.jpg\" alt=\"Rallye de la Vienne 2024 photographe De la lumi\u00e8re aux yeux\" class=\"wp-image-5094\" srcset=\"https:\/\/www.delalumiereauxyeux-photo.fr\/wp-content\/uploads\/2024\/03\/DSC_6106-copie-1024x805.jpg 1024w, https:\/\/www.delalumiereauxyeux-photo.fr\/wp-content\/uploads\/2024\/03\/DSC_6106-copie-300x236.jpg 300w, https:\/\/www.delalumiereauxyeux-photo.fr\/wp-content\/uploads\/2024\/03\/DSC_6106-copie-768x603.jpg 768w, https:\/\/www.delalumiereauxyeux-photo.fr\/wp-content\/uploads\/2024\/03\/DSC_6106-copie-1536x1207.jpg 1536w, https:\/\/www.delalumiereauxyeux-photo.fr\/wp-content\/uploads\/2024\/03\/DSC_6106-copie-2048x1609.jpg 2048w\" sizes=\"(max-width: 1024px) 100vw, 1024px\" \/><\/figure>\n\n\n\n<figure class=\"wp-block-image size-large\"><img loading=\"lazy\" decoding=\"async\" width=\"1024\" height=\"683\" src=\"http:\/\/www.delalumiereauxyeux-photo.fr\/wp-content\/uploads\/2024\/03\/DSC_6109-copie-1024x683.jpg\" alt=\"Rallye de la Vienne 2024 photographe De la lumi\u00e8re aux yeux\" class=\"wp-image-5096\" srcset=\"https:\/\/www.delalumiereauxyeux-photo.fr\/wp-content\/uploads\/2024\/03\/DSC_6109-copie-1024x683.jpg 1024w, https:\/\/www.delalumiereauxyeux-photo.fr\/wp-content\/uploads\/2024\/03\/DSC_6109-copie-300x200.jpg 300w, https:\/\/www.delalumiereauxyeux-photo.fr\/wp-content\/uploads\/2024\/03\/DSC_6109-copie-768x512.jpg 768w, https:\/\/www.delalumiereauxyeux-photo.fr\/wp-content\/uploads\/2024\/03\/DSC_6109-copie-1536x1024.jpg 1536w, https:\/\/www.delalumiereauxyeux-photo.fr\/wp-content\/uploads\/2024\/03\/DSC_6109-copie-2048x1365.jpg 2048w\" sizes=\"(max-width: 1024px) 100vw, 1024px\" \/><\/figure>\n\n\n\n<p>Bruno CADILLON\/Laura CADILLON<\/p>\n\n\n\n<figure class=\"wp-block-image size-large\"><img loading=\"lazy\" decoding=\"async\" width=\"1024\" height=\"683\" src=\"http:\/\/www.delalumiereauxyeux-photo.fr\/wp-content\/uploads\/2024\/03\/DSC_6107-copie-1024x683.jpg\" alt=\"Rallye de la Vienne 2024 photographe De la lumi\u00e8re aux yeux\" class=\"wp-image-5095\" srcset=\"https:\/\/www.delalumiereauxyeux-photo.fr\/wp-content\/uploads\/2024\/03\/DSC_6107-copie-1024x683.jpg 1024w, https:\/\/www.delalumiereauxyeux-photo.fr\/wp-content\/uploads\/2024\/03\/DSC_6107-copie-300x200.jpg 300w, https:\/\/www.delalumiereauxyeux-photo.fr\/wp-content\/uploads\/2024\/03\/DSC_6107-copie-768x512.jpg 768w, https:\/\/www.delalumiereauxyeux-photo.fr\/wp-content\/uploads\/2024\/03\/DSC_6107-copie-1536x1024.jpg 1536w, https:\/\/www.delalumiereauxyeux-photo.fr\/wp-content\/uploads\/2024\/03\/DSC_6107-copie-2048x1365.jpg 2048w\" sizes=\"(max-width: 1024px) 100vw, 1024px\" \/><\/figure>\n\n\n\n<p>Beno\u00eet CHARRON\/Romain HUESCA<\/p>\n\n\n\n<figure class=\"wp-block-image size-large\"><img loading=\"lazy\" decoding=\"async\" width=\"1024\" height=\"629\" src=\"http:\/\/www.delalumiereauxyeux-photo.fr\/wp-content\/uploads\/2024\/03\/DSC_6111-copie-1024x629.jpg\" alt=\"Rallye de la Vienne 2024 photographe De la lumi\u00e8re aux yeux\" class=\"wp-image-5097\" srcset=\"https:\/\/www.delalumiereauxyeux-photo.fr\/wp-content\/uploads\/2024\/03\/DSC_6111-copie-1024x629.jpg 1024w, https:\/\/www.delalumiereauxyeux-photo.fr\/wp-content\/uploads\/2024\/03\/DSC_6111-copie-300x184.jpg 300w, https:\/\/www.delalumiereauxyeux-photo.fr\/wp-content\/uploads\/2024\/03\/DSC_6111-copie-768x472.jpg 768w, https:\/\/www.delalumiereauxyeux-photo.fr\/wp-content\/uploads\/2024\/03\/DSC_6111-copie-1536x944.jpg 1536w, https:\/\/www.delalumiereauxyeux-photo.fr\/wp-content\/uploads\/2024\/03\/DSC_6111-copie-2048x1259.jpg 2048w\" sizes=\"(max-width: 1024px) 100vw, 1024px\" \/><\/figure>\n\n\n\n<p>Nicolas HERNANDEZ\/Mathieu MAURIN<\/p>\n\n\n\n<figure class=\"wp-block-image size-large\"><img loading=\"lazy\" decoding=\"async\" width=\"1024\" height=\"807\" src=\"http:\/\/www.delalumiereauxyeux-photo.fr\/wp-content\/uploads\/2024\/03\/DSC_6114-copie-1024x807.jpg\" alt=\"Rallye de la Vienne 2024 photographe De la lumi\u00e8re aux yeux\" class=\"wp-image-5098\" srcset=\"https:\/\/www.delalumiereauxyeux-photo.fr\/wp-content\/uploads\/2024\/03\/DSC_6114-copie-1024x807.jpg 1024w, https:\/\/www.delalumiereauxyeux-photo.fr\/wp-content\/uploads\/2024\/03\/DSC_6114-copie-300x236.jpg 300w, https:\/\/www.delalumiereauxyeux-photo.fr\/wp-content\/uploads\/2024\/03\/DSC_6114-copie-768x605.jpg 768w, https:\/\/www.delalumiereauxyeux-photo.fr\/wp-content\/uploads\/2024\/03\/DSC_6114-copie-1536x1210.jpg 1536w, https:\/\/www.delalumiereauxyeux-photo.fr\/wp-content\/uploads\/2024\/03\/DSC_6114-copie-2048x1613.jpg 2048w\" sizes=\"(max-width: 1024px) 100vw, 1024px\" \/><\/figure>\n\n\n\n<p>Mathias DE SOUSA\/Thomas CHAUFFRAY<\/p>\n\n\n\n<figure class=\"wp-block-image size-large\"><img loading=\"lazy\" decoding=\"async\" width=\"1024\" height=\"636\" src=\"http:\/\/www.delalumiereauxyeux-photo.fr\/wp-content\/uploads\/2024\/03\/DSC_6118-copie-1024x636.jpg\" alt=\"Rallye de la Vienne 2024 photographe De la lumi\u00e8re aux yeux\" class=\"wp-image-5099\" srcset=\"https:\/\/www.delalumiereauxyeux-photo.fr\/wp-content\/uploads\/2024\/03\/DSC_6118-copie-1024x636.jpg 1024w, https:\/\/www.delalumiereauxyeux-photo.fr\/wp-content\/uploads\/2024\/03\/DSC_6118-copie-300x186.jpg 300w, https:\/\/www.delalumiereauxyeux-photo.fr\/wp-content\/uploads\/2024\/03\/DSC_6118-copie-768x477.jpg 768w, https:\/\/www.delalumiereauxyeux-photo.fr\/wp-content\/uploads\/2024\/03\/DSC_6118-copie-1536x954.jpg 1536w, https:\/\/www.delalumiereauxyeux-photo.fr\/wp-content\/uploads\/2024\/03\/DSC_6118-copie-2048x1272.jpg 2048w\" sizes=\"(max-width: 1024px) 100vw, 1024px\" \/><\/figure>\n\n\n\n<p>Philippe RAGEAU\/Alexandra RAGEAU<\/p>\n\n\n\n<figure class=\"wp-block-image size-large\"><img loading=\"lazy\" decoding=\"async\" width=\"1024\" height=\"776\" src=\"http:\/\/www.delalumiereauxyeux-photo.fr\/wp-content\/uploads\/2024\/03\/DSC_6120-copie-1024x776.jpg\" alt=\"Rallye de la Vienne 2024 photographe De la lumi\u00e8re aux yeux\" class=\"wp-image-5100\" srcset=\"https:\/\/www.delalumiereauxyeux-photo.fr\/wp-content\/uploads\/2024\/03\/DSC_6120-copie-1024x776.jpg 1024w, https:\/\/www.delalumiereauxyeux-photo.fr\/wp-content\/uploads\/2024\/03\/DSC_6120-copie-300x227.jpg 300w, https:\/\/www.delalumiereauxyeux-photo.fr\/wp-content\/uploads\/2024\/03\/DSC_6120-copie-768x582.jpg 768w, https:\/\/www.delalumiereauxyeux-photo.fr\/wp-content\/uploads\/2024\/03\/DSC_6120-copie-1536x1165.jpg 1536w, https:\/\/www.delalumiereauxyeux-photo.fr\/wp-content\/uploads\/2024\/03\/DSC_6120-copie-2048x1553.jpg 2048w\" sizes=\"(max-width: 1024px) 100vw, 1024px\" \/><\/figure>\n\n\n\n<p>Romain BURAN\/Nicolas GILET<\/p>\n\n\n\n<figure class=\"wp-block-image size-large\"><img loading=\"lazy\" decoding=\"async\" width=\"1024\" height=\"620\" src=\"http:\/\/www.delalumiereauxyeux-photo.fr\/wp-content\/uploads\/2024\/03\/DSC_6123-copie-1024x620.jpg\" alt=\"Rallye de la Vienne 2024 photographe De la lumi\u00e8re aux yeux\" class=\"wp-image-5101\" srcset=\"https:\/\/www.delalumiereauxyeux-photo.fr\/wp-content\/uploads\/2024\/03\/DSC_6123-copie-1024x620.jpg 1024w, https:\/\/www.delalumiereauxyeux-photo.fr\/wp-content\/uploads\/2024\/03\/DSC_6123-copie-300x182.jpg 300w, https:\/\/www.delalumiereauxyeux-photo.fr\/wp-content\/uploads\/2024\/03\/DSC_6123-copie-768x465.jpg 768w, https:\/\/www.delalumiereauxyeux-photo.fr\/wp-content\/uploads\/2024\/03\/DSC_6123-copie-1536x930.jpg 1536w, https:\/\/www.delalumiereauxyeux-photo.fr\/wp-content\/uploads\/2024\/03\/DSC_6123-copie-2048x1240.jpg 2048w\" sizes=\"(max-width: 1024px) 100vw, 1024px\" \/><\/figure>\n\n\n\n<p>Matteo CHATILLON\/Maxence CORNUAU<\/p>\n\n\n\n<figure class=\"wp-block-image size-large\"><img loading=\"lazy\" decoding=\"async\" width=\"1024\" height=\"906\" src=\"http:\/\/www.delalumiereauxyeux-photo.fr\/wp-content\/uploads\/2024\/03\/DSC_6125-copie-1024x906.jpg\" alt=\"Rallye de la Vienne 2024 photographe De la lumi\u00e8re aux yeux\" class=\"wp-image-5102\" srcset=\"https:\/\/www.delalumiereauxyeux-photo.fr\/wp-content\/uploads\/2024\/03\/DSC_6125-copie-1024x906.jpg 1024w, https:\/\/www.delalumiereauxyeux-photo.fr\/wp-content\/uploads\/2024\/03\/DSC_6125-copie-300x266.jpg 300w, https:\/\/www.delalumiereauxyeux-photo.fr\/wp-content\/uploads\/2024\/03\/DSC_6125-copie-768x680.jpg 768w, https:\/\/www.delalumiereauxyeux-photo.fr\/wp-content\/uploads\/2024\/03\/DSC_6125-copie-1536x1360.jpg 1536w, https:\/\/www.delalumiereauxyeux-photo.fr\/wp-content\/uploads\/2024\/03\/DSC_6125-copie-2048x1813.jpg 2048w\" sizes=\"(max-width: 1024px) 100vw, 1024px\" \/><\/figure>\n\n\n\n<figure class=\"wp-block-image size-large\"><img loading=\"lazy\" decoding=\"async\" width=\"1024\" height=\"683\" src=\"http:\/\/www.delalumiereauxyeux-photo.fr\/wp-content\/uploads\/2024\/03\/DSC_6129-copie-1024x683.jpg\" alt=\"Rallye de la Vienne 2024 photographe De la lumi\u00e8re aux yeux\" class=\"wp-image-5103\" srcset=\"https:\/\/www.delalumiereauxyeux-photo.fr\/wp-content\/uploads\/2024\/03\/DSC_6129-copie-1024x683.jpg 1024w, https:\/\/www.delalumiereauxyeux-photo.fr\/wp-content\/uploads\/2024\/03\/DSC_6129-copie-300x200.jpg 300w, https:\/\/www.delalumiereauxyeux-photo.fr\/wp-content\/uploads\/2024\/03\/DSC_6129-copie-768x512.jpg 768w, https:\/\/www.delalumiereauxyeux-photo.fr\/wp-content\/uploads\/2024\/03\/DSC_6129-copie-1536x1024.jpg 1536w, https:\/\/www.delalumiereauxyeux-photo.fr\/wp-content\/uploads\/2024\/03\/DSC_6129-copie-2048x1365.jpg 2048w\" sizes=\"(max-width: 1024px) 100vw, 1024px\" \/><\/figure>\n\n\n\n<p>Jimmy THIBAUDEAU\/Dimitri PILET<\/p>\n\n\n\n<figure class=\"wp-block-image size-large\"><img loading=\"lazy\" decoding=\"async\" width=\"1024\" height=\"752\" src=\"http:\/\/www.delalumiereauxyeux-photo.fr\/wp-content\/uploads\/2024\/03\/DSC_6131-copie-1024x752.jpg\" alt=\"Rallye de la Vienne 2024 photographe De la lumi\u00e8re aux yeux\" class=\"wp-image-5104\" srcset=\"https:\/\/www.delalumiereauxyeux-photo.fr\/wp-content\/uploads\/2024\/03\/DSC_6131-copie-1024x752.jpg 1024w, https:\/\/www.delalumiereauxyeux-photo.fr\/wp-content\/uploads\/2024\/03\/DSC_6131-copie-300x220.jpg 300w, https:\/\/www.delalumiereauxyeux-photo.fr\/wp-content\/uploads\/2024\/03\/DSC_6131-copie-768x564.jpg 768w, https:\/\/www.delalumiereauxyeux-photo.fr\/wp-content\/uploads\/2024\/03\/DSC_6131-copie-1536x1128.jpg 1536w, https:\/\/www.delalumiereauxyeux-photo.fr\/wp-content\/uploads\/2024\/03\/DSC_6131-copie-2048x1504.jpg 2048w\" sizes=\"(max-width: 1024px) 100vw, 1024px\" \/><\/figure>\n\n\n\n<figure class=\"wp-block-image size-large\"><img loading=\"lazy\" decoding=\"async\" width=\"1024\" height=\"683\" src=\"http:\/\/www.delalumiereauxyeux-photo.fr\/wp-content\/uploads\/2024\/03\/DSC_6134-copie-1024x683.jpg\" alt=\"Rallye de la Vienne 2024 photographe De la lumi\u00e8re aux yeux\" class=\"wp-image-5105\" srcset=\"https:\/\/www.delalumiereauxyeux-photo.fr\/wp-content\/uploads\/2024\/03\/DSC_6134-copie-1024x683.jpg 1024w, https:\/\/www.delalumiereauxyeux-photo.fr\/wp-content\/uploads\/2024\/03\/DSC_6134-copie-300x200.jpg 300w, https:\/\/www.delalumiereauxyeux-photo.fr\/wp-content\/uploads\/2024\/03\/DSC_6134-copie-768x512.jpg 768w, https:\/\/www.delalumiereauxyeux-photo.fr\/wp-content\/uploads\/2024\/03\/DSC_6134-copie-1536x1024.jpg 1536w, https:\/\/www.delalumiereauxyeux-photo.fr\/wp-content\/uploads\/2024\/03\/DSC_6134-copie-2048x1365.jpg 2048w\" sizes=\"(max-width: 1024px) 100vw, 1024px\" \/><\/figure>\n\n\n\n<p>Eric MAUDUIT\/Johan LACOTE<\/p>\n\n\n\n<figure class=\"wp-block-image size-large\"><img loading=\"lazy\" decoding=\"async\" width=\"1024\" height=\"646\" src=\"http:\/\/www.delalumiereauxyeux-photo.fr\/wp-content\/uploads\/2024\/03\/DSC_6139-copie-1024x646.jpg\" alt=\"Rallye de la Vienne 2024 photographe De la lumi\u00e8re aux yeux\" class=\"wp-image-5106\" srcset=\"https:\/\/www.delalumiereauxyeux-photo.fr\/wp-content\/uploads\/2024\/03\/DSC_6139-copie-1024x646.jpg 1024w, https:\/\/www.delalumiereauxyeux-photo.fr\/wp-content\/uploads\/2024\/03\/DSC_6139-copie-300x189.jpg 300w, https:\/\/www.delalumiereauxyeux-photo.fr\/wp-content\/uploads\/2024\/03\/DSC_6139-copie-768x484.jpg 768w, https:\/\/www.delalumiereauxyeux-photo.fr\/wp-content\/uploads\/2024\/03\/DSC_6139-copie-1536x968.jpg 1536w, https:\/\/www.delalumiereauxyeux-photo.fr\/wp-content\/uploads\/2024\/03\/DSC_6139-copie-2048x1291.jpg 2048w\" sizes=\"(max-width: 1024px) 100vw, 1024px\" \/><\/figure>\n\n\n\n<p>ES 2<\/p>\n\n\n\n<figure class=\"wp-block-image size-large\"><img loading=\"lazy\" decoding=\"async\" width=\"1024\" height=\"683\" src=\"http:\/\/www.delalumiereauxyeux-photo.fr\/wp-content\/uploads\/2024\/03\/DSC_0035-copie-1024x683.jpg\" alt=\"Rallye de la Vienne 2024 photographe De la lumi\u00e8re aux yeux\" class=\"wp-image-5041\" srcset=\"https:\/\/www.delalumiereauxyeux-photo.fr\/wp-content\/uploads\/2024\/03\/DSC_0035-copie-1024x683.jpg 1024w, https:\/\/www.delalumiereauxyeux-photo.fr\/wp-content\/uploads\/2024\/03\/DSC_0035-copie-300x200.jpg 300w, https:\/\/www.delalumiereauxyeux-photo.fr\/wp-content\/uploads\/2024\/03\/DSC_0035-copie-768x512.jpg 768w, https:\/\/www.delalumiereauxyeux-photo.fr\/wp-content\/uploads\/2024\/03\/DSC_0035-copie-1536x1024.jpg 1536w, https:\/\/www.delalumiereauxyeux-photo.fr\/wp-content\/uploads\/2024\/03\/DSC_0035-copie-2048x1365.jpg 2048w\" sizes=\"(max-width: 1024px) 100vw, 1024px\" \/><\/figure>\n\n\n\n<figure class=\"wp-block-image size-large\"><img loading=\"lazy\" decoding=\"async\" width=\"1024\" height=\"753\" src=\"http:\/\/www.delalumiereauxyeux-photo.fr\/wp-content\/uploads\/2024\/03\/DSC_0050-copie-1024x753.jpg\" alt=\"Rallye de la Vienne 2024 photographe De la lumi\u00e8re aux yeux\" class=\"wp-image-5042\" srcset=\"https:\/\/www.delalumiereauxyeux-photo.fr\/wp-content\/uploads\/2024\/03\/DSC_0050-copie-1024x753.jpg 1024w, https:\/\/www.delalumiereauxyeux-photo.fr\/wp-content\/uploads\/2024\/03\/DSC_0050-copie-300x221.jpg 300w, https:\/\/www.delalumiereauxyeux-photo.fr\/wp-content\/uploads\/2024\/03\/DSC_0050-copie-768x565.jpg 768w, https:\/\/www.delalumiereauxyeux-photo.fr\/wp-content\/uploads\/2024\/03\/DSC_0050-copie-1536x1129.jpg 1536w, https:\/\/www.delalumiereauxyeux-photo.fr\/wp-content\/uploads\/2024\/03\/DSC_0050-copie-2048x1506.jpg 2048w\" sizes=\"(max-width: 1024px) 100vw, 1024px\" \/><\/figure>\n\n\n\n<figure class=\"wp-block-image size-large\"><img loading=\"lazy\" decoding=\"async\" width=\"1024\" height=\"683\" src=\"http:\/\/www.delalumiereauxyeux-photo.fr\/wp-content\/uploads\/2024\/03\/DSC_0054-copie-1024x683.jpg\" alt=\"Rallye de la Vienne 2024 photographe De la lumi\u00e8re aux yeux\" class=\"wp-image-5043\" srcset=\"https:\/\/www.delalumiereauxyeux-photo.fr\/wp-content\/uploads\/2024\/03\/DSC_0054-copie-1024x683.jpg 1024w, https:\/\/www.delalumiereauxyeux-photo.fr\/wp-content\/uploads\/2024\/03\/DSC_0054-copie-300x200.jpg 300w, https:\/\/www.delalumiereauxyeux-photo.fr\/wp-content\/uploads\/2024\/03\/DSC_0054-copie-768x512.jpg 768w, https:\/\/www.delalumiereauxyeux-photo.fr\/wp-content\/uploads\/2024\/03\/DSC_0054-copie-1536x1024.jpg 1536w, https:\/\/www.delalumiereauxyeux-photo.fr\/wp-content\/uploads\/2024\/03\/DSC_0054-copie-2048x1365.jpg 2048w\" sizes=\"(max-width: 1024px) 100vw, 1024px\" \/><\/figure>\n\n\n\n<figure class=\"wp-block-image size-large\"><img loading=\"lazy\" decoding=\"async\" width=\"1024\" height=\"683\" src=\"http:\/\/www.delalumiereauxyeux-photo.fr\/wp-content\/uploads\/2024\/03\/DSC_0064-copie-1024x683.jpg\" alt=\"Rallye de la Vienne 2024 photographe De la lumi\u00e8re aux yeux\" class=\"wp-image-5044\" srcset=\"https:\/\/www.delalumiereauxyeux-photo.fr\/wp-content\/uploads\/2024\/03\/DSC_0064-copie-1024x683.jpg 1024w, https:\/\/www.delalumiereauxyeux-photo.fr\/wp-content\/uploads\/2024\/03\/DSC_0064-copie-300x200.jpg 300w, https:\/\/www.delalumiereauxyeux-photo.fr\/wp-content\/uploads\/2024\/03\/DSC_0064-copie-768x512.jpg 768w, https:\/\/www.delalumiereauxyeux-photo.fr\/wp-content\/uploads\/2024\/03\/DSC_0064-copie-1536x1024.jpg 1536w, https:\/\/www.delalumiereauxyeux-photo.fr\/wp-content\/uploads\/2024\/03\/DSC_0064-copie-2048x1365.jpg 2048w\" sizes=\"(max-width: 1024px) 100vw, 1024px\" \/><\/figure>\n\n\n\n<figure class=\"wp-block-image size-large\"><img loading=\"lazy\" decoding=\"async\" width=\"1024\" height=\"683\" src=\"http:\/\/www.delalumiereauxyeux-photo.fr\/wp-content\/uploads\/2024\/03\/DSC_0075-copie-1024x683.jpg\" alt=\"Rallye de la Vienne 2024 photographe De la lumi\u00e8re aux yeux\" class=\"wp-image-5045\" srcset=\"https:\/\/www.delalumiereauxyeux-photo.fr\/wp-content\/uploads\/2024\/03\/DSC_0075-copie-1024x683.jpg 1024w, https:\/\/www.delalumiereauxyeux-photo.fr\/wp-content\/uploads\/2024\/03\/DSC_0075-copie-300x200.jpg 300w, https:\/\/www.delalumiereauxyeux-photo.fr\/wp-content\/uploads\/2024\/03\/DSC_0075-copie-768x512.jpg 768w, https:\/\/www.delalumiereauxyeux-photo.fr\/wp-content\/uploads\/2024\/03\/DSC_0075-copie-1536x1024.jpg 1536w, https:\/\/www.delalumiereauxyeux-photo.fr\/wp-content\/uploads\/2024\/03\/DSC_0075-copie-2048x1365.jpg 2048w\" sizes=\"(max-width: 1024px) 100vw, 1024px\" \/><\/figure>\n\n\n\n<figure class=\"wp-block-image size-large\"><img loading=\"lazy\" decoding=\"async\" width=\"1024\" height=\"968\" src=\"http:\/\/www.delalumiereauxyeux-photo.fr\/wp-content\/uploads\/2024\/03\/DSC_0082-copie-1024x968.jpg\" alt=\"Rallye de la Vienne 2024 photographe De la lumi\u00e8re aux yeux\" class=\"wp-image-5046\" srcset=\"https:\/\/www.delalumiereauxyeux-photo.fr\/wp-content\/uploads\/2024\/03\/DSC_0082-copie-1024x968.jpg 1024w, https:\/\/www.delalumiereauxyeux-photo.fr\/wp-content\/uploads\/2024\/03\/DSC_0082-copie-300x284.jpg 300w, https:\/\/www.delalumiereauxyeux-photo.fr\/wp-content\/uploads\/2024\/03\/DSC_0082-copie-768x726.jpg 768w, https:\/\/www.delalumiereauxyeux-photo.fr\/wp-content\/uploads\/2024\/03\/DSC_0082-copie-1536x1453.jpg 1536w, https:\/\/www.delalumiereauxyeux-photo.fr\/wp-content\/uploads\/2024\/03\/DSC_0082-copie-2048x1937.jpg 2048w\" sizes=\"(max-width: 1024px) 100vw, 1024px\" \/><\/figure>\n\n\n\n<figure class=\"wp-block-image size-large\"><img loading=\"lazy\" decoding=\"async\" width=\"1024\" height=\"837\" src=\"http:\/\/www.delalumiereauxyeux-photo.fr\/wp-content\/uploads\/2024\/03\/DSC_0091-copie-1024x837.jpg\" alt=\"Rallye de la Vienne 2024 photographe De la lumi\u00e8re aux yeux\" class=\"wp-image-5047\" srcset=\"https:\/\/www.delalumiereauxyeux-photo.fr\/wp-content\/uploads\/2024\/03\/DSC_0091-copie-1024x837.jpg 1024w, https:\/\/www.delalumiereauxyeux-photo.fr\/wp-content\/uploads\/2024\/03\/DSC_0091-copie-300x245.jpg 300w, https:\/\/www.delalumiereauxyeux-photo.fr\/wp-content\/uploads\/2024\/03\/DSC_0091-copie-768x628.jpg 768w, https:\/\/www.delalumiereauxyeux-photo.fr\/wp-content\/uploads\/2024\/03\/DSC_0091-copie-1536x1256.jpg 1536w, https:\/\/www.delalumiereauxyeux-photo.fr\/wp-content\/uploads\/2024\/03\/DSC_0091-copie-2048x1674.jpg 2048w\" sizes=\"(max-width: 1024px) 100vw, 1024px\" \/><\/figure>\n\n\n\n<figure class=\"wp-block-image size-large\"><img loading=\"lazy\" decoding=\"async\" width=\"1024\" height=\"726\" src=\"http:\/\/www.delalumiereauxyeux-photo.fr\/wp-content\/uploads\/2024\/03\/DSC_0097-copie-1024x726.jpg\" alt=\"Rallye de la Vienne 2024 photographe De la lumi\u00e8re aux yeux\" class=\"wp-image-5048\" srcset=\"https:\/\/www.delalumiereauxyeux-photo.fr\/wp-content\/uploads\/2024\/03\/DSC_0097-copie-1024x726.jpg 1024w, https:\/\/www.delalumiereauxyeux-photo.fr\/wp-content\/uploads\/2024\/03\/DSC_0097-copie-300x213.jpg 300w, https:\/\/www.delalumiereauxyeux-photo.fr\/wp-content\/uploads\/2024\/03\/DSC_0097-copie-768x545.jpg 768w, https:\/\/www.delalumiereauxyeux-photo.fr\/wp-content\/uploads\/2024\/03\/DSC_0097-copie-1536x1090.jpg 1536w, https:\/\/www.delalumiereauxyeux-photo.fr\/wp-content\/uploads\/2024\/03\/DSC_0097-copie-2048x1453.jpg 2048w\" sizes=\"(max-width: 1024px) 100vw, 1024px\" \/><\/figure>\n\n\n\n<figure class=\"wp-block-image size-large\"><img loading=\"lazy\" decoding=\"async\" width=\"1024\" height=\"897\" src=\"http:\/\/www.delalumiereauxyeux-photo.fr\/wp-content\/uploads\/2024\/03\/DSC_0143-copie-1024x897.jpg\" alt=\"Rallye de la Vienne 2024 photographe De la lumi\u00e8re aux yeux\" class=\"wp-image-5049\" srcset=\"https:\/\/www.delalumiereauxyeux-photo.fr\/wp-content\/uploads\/2024\/03\/DSC_0143-copie-1024x897.jpg 1024w, https:\/\/www.delalumiereauxyeux-photo.fr\/wp-content\/uploads\/2024\/03\/DSC_0143-copie-300x263.jpg 300w, https:\/\/www.delalumiereauxyeux-photo.fr\/wp-content\/uploads\/2024\/03\/DSC_0143-copie-768x673.jpg 768w, https:\/\/www.delalumiereauxyeux-photo.fr\/wp-content\/uploads\/2024\/03\/DSC_0143-copie-1536x1346.jpg 1536w, https:\/\/www.delalumiereauxyeux-photo.fr\/wp-content\/uploads\/2024\/03\/DSC_0143-copie-2048x1795.jpg 2048w\" sizes=\"(max-width: 1024px) 100vw, 1024px\" \/><\/figure>\n\n\n\n<figure class=\"wp-block-image size-large\"><img loading=\"lazy\" decoding=\"async\" width=\"1024\" height=\"871\" src=\"http:\/\/www.delalumiereauxyeux-photo.fr\/wp-content\/uploads\/2024\/03\/DSC_0164-copie-1024x871.jpg\" alt=\"Rallye de la Vienne 2024 photographe De la lumi\u00e8re aux yeux\" class=\"wp-image-5050\" srcset=\"https:\/\/www.delalumiereauxyeux-photo.fr\/wp-content\/uploads\/2024\/03\/DSC_0164-copie-1024x871.jpg 1024w, https:\/\/www.delalumiereauxyeux-photo.fr\/wp-content\/uploads\/2024\/03\/DSC_0164-copie-300x255.jpg 300w, https:\/\/www.delalumiereauxyeux-photo.fr\/wp-content\/uploads\/2024\/03\/DSC_0164-copie-768x653.jpg 768w, https:\/\/www.delalumiereauxyeux-photo.fr\/wp-content\/uploads\/2024\/03\/DSC_0164-copie-1536x1307.jpg 1536w, https:\/\/www.delalumiereauxyeux-photo.fr\/wp-content\/uploads\/2024\/03\/DSC_0164-copie-2048x1742.jpg 2048w\" sizes=\"(max-width: 1024px) 100vw, 1024px\" \/><\/figure>\n\n\n\n<figure class=\"wp-block-image size-large\"><img loading=\"lazy\" decoding=\"async\" width=\"1024\" height=\"754\" src=\"http:\/\/www.delalumiereauxyeux-photo.fr\/wp-content\/uploads\/2024\/03\/DSC_0190-copie-1024x754.jpg\" alt=\"Rallye de la Vienne 2024 photographe De la lumi\u00e8re aux yeux\" class=\"wp-image-5051\" srcset=\"https:\/\/www.delalumiereauxyeux-photo.fr\/wp-content\/uploads\/2024\/03\/DSC_0190-copie-1024x754.jpg 1024w, https:\/\/www.delalumiereauxyeux-photo.fr\/wp-content\/uploads\/2024\/03\/DSC_0190-copie-300x221.jpg 300w, https:\/\/www.delalumiereauxyeux-photo.fr\/wp-content\/uploads\/2024\/03\/DSC_0190-copie-768x566.jpg 768w, https:\/\/www.delalumiereauxyeux-photo.fr\/wp-content\/uploads\/2024\/03\/DSC_0190-copie-1536x1131.jpg 1536w, https:\/\/www.delalumiereauxyeux-photo.fr\/wp-content\/uploads\/2024\/03\/DSC_0190-copie-2048x1508.jpg 2048w\" sizes=\"(max-width: 1024px) 100vw, 1024px\" \/><\/figure>\n\n\n\n<figure class=\"wp-block-image size-large\"><img loading=\"lazy\" decoding=\"async\" width=\"1024\" height=\"607\" src=\"http:\/\/www.delalumiereauxyeux-photo.fr\/wp-content\/uploads\/2024\/03\/DSC_0244-2-1024x607.jpg\" alt=\"Rallye de la Vienne 2024 photographe De la lumi\u00e8re aux yeux\" class=\"wp-image-5116\" srcset=\"https:\/\/www.delalumiereauxyeux-photo.fr\/wp-content\/uploads\/2024\/03\/DSC_0244-2-1024x607.jpg 1024w, https:\/\/www.delalumiereauxyeux-photo.fr\/wp-content\/uploads\/2024\/03\/DSC_0244-2-300x178.jpg 300w, https:\/\/www.delalumiereauxyeux-photo.fr\/wp-content\/uploads\/2024\/03\/DSC_0244-2-768x455.jpg 768w, https:\/\/www.delalumiereauxyeux-photo.fr\/wp-content\/uploads\/2024\/03\/DSC_0244-2-1536x910.jpg 1536w, https:\/\/www.delalumiereauxyeux-photo.fr\/wp-content\/uploads\/2024\/03\/DSC_0244-2-2048x1214.jpg 2048w\" sizes=\"(max-width: 1024px) 100vw, 1024px\" \/><\/figure>\n\n\n\n<p>ES 3<\/p>\n\n\n\n<figure class=\"wp-block-image size-large\"><img loading=\"lazy\" decoding=\"async\" width=\"1024\" height=\"683\" src=\"http:\/\/www.delalumiereauxyeux-photo.fr\/wp-content\/uploads\/2024\/03\/DSC_0350-copie-1024x683.jpg\" alt=\"Rallye de la Vienne 2024 photographe De la lumi\u00e8re aux yeux\" class=\"wp-image-5052\" srcset=\"https:\/\/www.delalumiereauxyeux-photo.fr\/wp-content\/uploads\/2024\/03\/DSC_0350-copie-1024x683.jpg 1024w, https:\/\/www.delalumiereauxyeux-photo.fr\/wp-content\/uploads\/2024\/03\/DSC_0350-copie-300x200.jpg 300w, https:\/\/www.delalumiereauxyeux-photo.fr\/wp-content\/uploads\/2024\/03\/DSC_0350-copie-768x512.jpg 768w, https:\/\/www.delalumiereauxyeux-photo.fr\/wp-content\/uploads\/2024\/03\/DSC_0350-copie-1536x1024.jpg 1536w, https:\/\/www.delalumiereauxyeux-photo.fr\/wp-content\/uploads\/2024\/03\/DSC_0350-copie-2048x1365.jpg 2048w\" sizes=\"(max-width: 1024px) 100vw, 1024px\" \/><\/figure>\n\n\n\n<figure class=\"wp-block-image size-large\"><img loading=\"lazy\" decoding=\"async\" width=\"1024\" height=\"546\" src=\"http:\/\/www.delalumiereauxyeux-photo.fr\/wp-content\/uploads\/2024\/03\/DSC_0355-copie-1024x546.jpg\" alt=\"Rallye de la Vienne 2024 photographe De la lumi\u00e8re aux yeux\" class=\"wp-image-5053\" srcset=\"https:\/\/www.delalumiereauxyeux-photo.fr\/wp-content\/uploads\/2024\/03\/DSC_0355-copie-1024x546.jpg 1024w, https:\/\/www.delalumiereauxyeux-photo.fr\/wp-content\/uploads\/2024\/03\/DSC_0355-copie-300x160.jpg 300w, https:\/\/www.delalumiereauxyeux-photo.fr\/wp-content\/uploads\/2024\/03\/DSC_0355-copie-768x410.jpg 768w, https:\/\/www.delalumiereauxyeux-photo.fr\/wp-content\/uploads\/2024\/03\/DSC_0355-copie-1536x820.jpg 1536w, https:\/\/www.delalumiereauxyeux-photo.fr\/wp-content\/uploads\/2024\/03\/DSC_0355-copie-2048x1093.jpg 2048w\" sizes=\"(max-width: 1024px) 100vw, 1024px\" \/><\/figure>\n\n\n\n<figure class=\"wp-block-image size-large\"><img loading=\"lazy\" decoding=\"async\" width=\"1024\" height=\"683\" src=\"http:\/\/www.delalumiereauxyeux-photo.fr\/wp-content\/uploads\/2024\/03\/DSC_0368-copie-1024x683.jpg\" alt=\"Rallye de la Vienne 2024 photographe De la lumi\u00e8re aux yeux\" class=\"wp-image-5054\" srcset=\"https:\/\/www.delalumiereauxyeux-photo.fr\/wp-content\/uploads\/2024\/03\/DSC_0368-copie-1024x683.jpg 1024w, https:\/\/www.delalumiereauxyeux-photo.fr\/wp-content\/uploads\/2024\/03\/DSC_0368-copie-300x200.jpg 300w, https:\/\/www.delalumiereauxyeux-photo.fr\/wp-content\/uploads\/2024\/03\/DSC_0368-copie-768x512.jpg 768w, https:\/\/www.delalumiereauxyeux-photo.fr\/wp-content\/uploads\/2024\/03\/DSC_0368-copie-1536x1024.jpg 1536w, https:\/\/www.delalumiereauxyeux-photo.fr\/wp-content\/uploads\/2024\/03\/DSC_0368-copie-2048x1365.jpg 2048w\" sizes=\"(max-width: 1024px) 100vw, 1024px\" \/><\/figure>\n\n\n\n<figure class=\"wp-block-image size-large\"><img loading=\"lazy\" decoding=\"async\" width=\"1024\" height=\"683\" src=\"http:\/\/www.delalumiereauxyeux-photo.fr\/wp-content\/uploads\/2024\/03\/DSC_0453-copie-1024x683.jpg\" alt=\"Rallye de la Vienne 2024 photographe De la lumi\u00e8re aux yeux\" class=\"wp-image-5055\" srcset=\"https:\/\/www.delalumiereauxyeux-photo.fr\/wp-content\/uploads\/2024\/03\/DSC_0453-copie-1024x683.jpg 1024w, https:\/\/www.delalumiereauxyeux-photo.fr\/wp-content\/uploads\/2024\/03\/DSC_0453-copie-300x200.jpg 300w, https:\/\/www.delalumiereauxyeux-photo.fr\/wp-content\/uploads\/2024\/03\/DSC_0453-copie-768x512.jpg 768w, https:\/\/www.delalumiereauxyeux-photo.fr\/wp-content\/uploads\/2024\/03\/DSC_0453-copie-1536x1024.jpg 1536w, https:\/\/www.delalumiereauxyeux-photo.fr\/wp-content\/uploads\/2024\/03\/DSC_0453-copie-2048x1365.jpg 2048w\" sizes=\"(max-width: 1024px) 100vw, 1024px\" \/><\/figure>\n\n\n\n<figure class=\"wp-block-image size-large\"><img loading=\"lazy\" decoding=\"async\" width=\"1024\" height=\"661\" src=\"http:\/\/www.delalumiereauxyeux-photo.fr\/wp-content\/uploads\/2024\/03\/DSC_0465-copie-1024x661.jpg\" alt=\"Rallye de la Vienne 2024 photographe De la lumi\u00e8re aux yeux\" class=\"wp-image-5056\" srcset=\"https:\/\/www.delalumiereauxyeux-photo.fr\/wp-content\/uploads\/2024\/03\/DSC_0465-copie-1024x661.jpg 1024w, https:\/\/www.delalumiereauxyeux-photo.fr\/wp-content\/uploads\/2024\/03\/DSC_0465-copie-300x194.jpg 300w, https:\/\/www.delalumiereauxyeux-photo.fr\/wp-content\/uploads\/2024\/03\/DSC_0465-copie-768x496.jpg 768w, https:\/\/www.delalumiereauxyeux-photo.fr\/wp-content\/uploads\/2024\/03\/DSC_0465-copie-1536x992.jpg 1536w, https:\/\/www.delalumiereauxyeux-photo.fr\/wp-content\/uploads\/2024\/03\/DSC_0465-copie-2048x1323.jpg 2048w\" sizes=\"(max-width: 1024px) 100vw, 1024px\" \/><\/figure>\n\n\n\n<figure class=\"wp-block-image size-large\"><img loading=\"lazy\" decoding=\"async\" width=\"1024\" height=\"634\" src=\"http:\/\/www.delalumiereauxyeux-photo.fr\/wp-content\/uploads\/2024\/03\/DSC_0567-copie-1024x634.jpg\" alt=\"Rallye de la Vienne 2024 photographe De la lumi\u00e8re aux yeux\" class=\"wp-image-5057\" srcset=\"https:\/\/www.delalumiereauxyeux-photo.fr\/wp-content\/uploads\/2024\/03\/DSC_0567-copie-1024x634.jpg 1024w, https:\/\/www.delalumiereauxyeux-photo.fr\/wp-content\/uploads\/2024\/03\/DSC_0567-copie-300x186.jpg 300w, https:\/\/www.delalumiereauxyeux-photo.fr\/wp-content\/uploads\/2024\/03\/DSC_0567-copie-768x476.jpg 768w, https:\/\/www.delalumiereauxyeux-photo.fr\/wp-content\/uploads\/2024\/03\/DSC_0567-copie-1536x951.jpg 1536w, https:\/\/www.delalumiereauxyeux-photo.fr\/wp-content\/uploads\/2024\/03\/DSC_0567-copie-2048x1268.jpg 2048w\" sizes=\"(max-width: 1024px) 100vw, 1024px\" \/><\/figure>\n\n\n\n<figure class=\"wp-block-image size-large\"><img loading=\"lazy\" decoding=\"async\" width=\"1024\" height=\"545\" src=\"http:\/\/www.delalumiereauxyeux-photo.fr\/wp-content\/uploads\/2024\/03\/DSC_0597-copie-1024x545.jpg\" alt=\"Rallye de la Vienne 2024 photographe De la lumi\u00e8re aux yeux\" class=\"wp-image-5058\" srcset=\"https:\/\/www.delalumiereauxyeux-photo.fr\/wp-content\/uploads\/2024\/03\/DSC_0597-copie-1024x545.jpg 1024w, https:\/\/www.delalumiereauxyeux-photo.fr\/wp-content\/uploads\/2024\/03\/DSC_0597-copie-300x160.jpg 300w, https:\/\/www.delalumiereauxyeux-photo.fr\/wp-content\/uploads\/2024\/03\/DSC_0597-copie-768x408.jpg 768w, https:\/\/www.delalumiereauxyeux-photo.fr\/wp-content\/uploads\/2024\/03\/DSC_0597-copie-1536x817.jpg 1536w, https:\/\/www.delalumiereauxyeux-photo.fr\/wp-content\/uploads\/2024\/03\/DSC_0597-copie-2048x1089.jpg 2048w\" sizes=\"(max-width: 1024px) 100vw, 1024px\" \/><\/figure>\n\n\n\n<figure class=\"wp-block-image size-large\"><img loading=\"lazy\" decoding=\"async\" width=\"1024\" height=\"510\" src=\"http:\/\/www.delalumiereauxyeux-photo.fr\/wp-content\/uploads\/2024\/03\/DSC_0620-copie-1024x510.jpg\" alt=\"Rallye de la Vienne 2024 photographe De la lumi\u00e8re aux yeux\" class=\"wp-image-5059\" srcset=\"https:\/\/www.delalumiereauxyeux-photo.fr\/wp-content\/uploads\/2024\/03\/DSC_0620-copie-1024x510.jpg 1024w, https:\/\/www.delalumiereauxyeux-photo.fr\/wp-content\/uploads\/2024\/03\/DSC_0620-copie-300x149.jpg 300w, https:\/\/www.delalumiereauxyeux-photo.fr\/wp-content\/uploads\/2024\/03\/DSC_0620-copie-768x382.jpg 768w, https:\/\/www.delalumiereauxyeux-photo.fr\/wp-content\/uploads\/2024\/03\/DSC_0620-copie-1536x765.jpg 1536w, https:\/\/www.delalumiereauxyeux-photo.fr\/wp-content\/uploads\/2024\/03\/DSC_0620-copie-2048x1019.jpg 2048w\" sizes=\"(max-width: 1024px) 100vw, 1024px\" \/><\/figure>\n\n\n\n<figure class=\"wp-block-image size-large\"><img loading=\"lazy\" decoding=\"async\" width=\"1024\" height=\"683\" src=\"http:\/\/www.delalumiereauxyeux-photo.fr\/wp-content\/uploads\/2024\/03\/DSC_0637-copie-1024x683.jpg\" alt=\"Rallye de la Vienne 2024 photographe De la lumi\u00e8re aux yeux\" class=\"wp-image-5060\" srcset=\"https:\/\/www.delalumiereauxyeux-photo.fr\/wp-content\/uploads\/2024\/03\/DSC_0637-copie-1024x683.jpg 1024w, https:\/\/www.delalumiereauxyeux-photo.fr\/wp-content\/uploads\/2024\/03\/DSC_0637-copie-300x200.jpg 300w, https:\/\/www.delalumiereauxyeux-photo.fr\/wp-content\/uploads\/2024\/03\/DSC_0637-copie-768x512.jpg 768w, https:\/\/www.delalumiereauxyeux-photo.fr\/wp-content\/uploads\/2024\/03\/DSC_0637-copie-1536x1024.jpg 1536w, https:\/\/www.delalumiereauxyeux-photo.fr\/wp-content\/uploads\/2024\/03\/DSC_0637-copie-2048x1365.jpg 2048w\" sizes=\"(max-width: 1024px) 100vw, 1024px\" \/><\/figure>\n\n\n\n<figure class=\"wp-block-image size-large\"><img loading=\"lazy\" decoding=\"async\" width=\"1024\" height=\"683\" src=\"http:\/\/www.delalumiereauxyeux-photo.fr\/wp-content\/uploads\/2024\/03\/DSC_0660-copie-1024x683.jpg\" alt=\"Rallye de la Vienne 2024 photographe De la lumi\u00e8re aux yeux\" class=\"wp-image-5061\" srcset=\"https:\/\/www.delalumiereauxyeux-photo.fr\/wp-content\/uploads\/2024\/03\/DSC_0660-copie-1024x683.jpg 1024w, https:\/\/www.delalumiereauxyeux-photo.fr\/wp-content\/uploads\/2024\/03\/DSC_0660-copie-300x200.jpg 300w, https:\/\/www.delalumiereauxyeux-photo.fr\/wp-content\/uploads\/2024\/03\/DSC_0660-copie-768x512.jpg 768w, https:\/\/www.delalumiereauxyeux-photo.fr\/wp-content\/uploads\/2024\/03\/DSC_0660-copie-1536x1024.jpg 1536w, https:\/\/www.delalumiereauxyeux-photo.fr\/wp-content\/uploads\/2024\/03\/DSC_0660-copie-2048x1365.jpg 2048w\" sizes=\"(max-width: 1024px) 100vw, 1024px\" \/><\/figure>\n\n\n\n<figure class=\"wp-block-image size-large\"><img loading=\"lazy\" decoding=\"async\" width=\"1024\" height=\"683\" src=\"http:\/\/www.delalumiereauxyeux-photo.fr\/wp-content\/uploads\/2024\/03\/DSC_0667-copie-1024x683.jpg\" alt=\"Rallye de la Vienne 2024 photographe De la lumi\u00e8re aux yeux\" class=\"wp-image-5062\" srcset=\"https:\/\/www.delalumiereauxyeux-photo.fr\/wp-content\/uploads\/2024\/03\/DSC_0667-copie-1024x683.jpg 1024w, https:\/\/www.delalumiereauxyeux-photo.fr\/wp-content\/uploads\/2024\/03\/DSC_0667-copie-300x200.jpg 300w, https:\/\/www.delalumiereauxyeux-photo.fr\/wp-content\/uploads\/2024\/03\/DSC_0667-copie-768x512.jpg 768w, https:\/\/www.delalumiereauxyeux-photo.fr\/wp-content\/uploads\/2024\/03\/DSC_0667-copie-1536x1024.jpg 1536w, https:\/\/www.delalumiereauxyeux-photo.fr\/wp-content\/uploads\/2024\/03\/DSC_0667-copie-2048x1365.jpg 2048w\" sizes=\"(max-width: 1024px) 100vw, 1024px\" \/><\/figure>\n\n\n\n<figure class=\"wp-block-image size-large\"><img loading=\"lazy\" decoding=\"async\" width=\"1024\" height=\"683\" src=\"http:\/\/www.delalumiereauxyeux-photo.fr\/wp-content\/uploads\/2024\/03\/DSC_0687-copie-1024x683.jpg\" alt=\"Rallye de la Vienne 2024 photographe De la lumi\u00e8re aux yeux\" class=\"wp-image-5063\" srcset=\"https:\/\/www.delalumiereauxyeux-photo.fr\/wp-content\/uploads\/2024\/03\/DSC_0687-copie-1024x683.jpg 1024w, https:\/\/www.delalumiereauxyeux-photo.fr\/wp-content\/uploads\/2024\/03\/DSC_0687-copie-300x200.jpg 300w, https:\/\/www.delalumiereauxyeux-photo.fr\/wp-content\/uploads\/2024\/03\/DSC_0687-copie-768x512.jpg 768w, https:\/\/www.delalumiereauxyeux-photo.fr\/wp-content\/uploads\/2024\/03\/DSC_0687-copie-1536x1024.jpg 1536w, https:\/\/www.delalumiereauxyeux-photo.fr\/wp-content\/uploads\/2024\/03\/DSC_0687-copie-2048x1365.jpg 2048w\" sizes=\"(max-width: 1024px) 100vw, 1024px\" \/><\/figure>\n\n\n\n<figure class=\"wp-block-image size-large\"><img loading=\"lazy\" decoding=\"async\" width=\"1024\" height=\"683\" src=\"http:\/\/www.delalumiereauxyeux-photo.fr\/wp-content\/uploads\/2024\/03\/DSC_0704-copie-1024x683.jpg\" alt=\"Rallye de la Vienne 2024 photographe De la lumi\u00e8re aux yeux\" class=\"wp-image-5064\" srcset=\"https:\/\/www.delalumiereauxyeux-photo.fr\/wp-content\/uploads\/2024\/03\/DSC_0704-copie-1024x683.jpg 1024w, https:\/\/www.delalumiereauxyeux-photo.fr\/wp-content\/uploads\/2024\/03\/DSC_0704-copie-300x200.jpg 300w, https:\/\/www.delalumiereauxyeux-photo.fr\/wp-content\/uploads\/2024\/03\/DSC_0704-copie-768x512.jpg 768w, https:\/\/www.delalumiereauxyeux-photo.fr\/wp-content\/uploads\/2024\/03\/DSC_0704-copie-1536x1024.jpg 1536w, https:\/\/www.delalumiereauxyeux-photo.fr\/wp-content\/uploads\/2024\/03\/DSC_0704-copie-2048x1365.jpg 2048w\" sizes=\"(max-width: 1024px) 100vw, 1024px\" \/><\/figure>\n\n\n\n<figure class=\"wp-block-image size-large\"><img loading=\"lazy\" decoding=\"async\" width=\"1024\" height=\"683\" src=\"http:\/\/www.delalumiereauxyeux-photo.fr\/wp-content\/uploads\/2024\/03\/DSC_0726-copie-1024x683.jpg\" alt=\"Rallye de la Vienne 2024 photographe De la lumi\u00e8re aux yeux\" class=\"wp-image-5065\" srcset=\"https:\/\/www.delalumiereauxyeux-photo.fr\/wp-content\/uploads\/2024\/03\/DSC_0726-copie-1024x683.jpg 1024w, https:\/\/www.delalumiereauxyeux-photo.fr\/wp-content\/uploads\/2024\/03\/DSC_0726-copie-300x200.jpg 300w, https:\/\/www.delalumiereauxyeux-photo.fr\/wp-content\/uploads\/2024\/03\/DSC_0726-copie-768x512.jpg 768w, https:\/\/www.delalumiereauxyeux-photo.fr\/wp-content\/uploads\/2024\/03\/DSC_0726-copie-1536x1024.jpg 1536w, https:\/\/www.delalumiereauxyeux-photo.fr\/wp-content\/uploads\/2024\/03\/DSC_0726-copie-2048x1365.jpg 2048w\" sizes=\"(max-width: 1024px) 100vw, 1024px\" \/><\/figure>\n\n\n\n<figure class=\"wp-block-image size-large\"><img loading=\"lazy\" decoding=\"async\" width=\"1024\" height=\"683\" src=\"http:\/\/www.delalumiereauxyeux-photo.fr\/wp-content\/uploads\/2024\/03\/DSC_0732-copie-1024x683.jpg\" alt=\"Rallye de la Vienne 2024 photographe De la lumi\u00e8re aux yeux\" class=\"wp-image-5066\" srcset=\"https:\/\/www.delalumiereauxyeux-photo.fr\/wp-content\/uploads\/2024\/03\/DSC_0732-copie-1024x683.jpg 1024w, https:\/\/www.delalumiereauxyeux-photo.fr\/wp-content\/uploads\/2024\/03\/DSC_0732-copie-300x200.jpg 300w, https:\/\/www.delalumiereauxyeux-photo.fr\/wp-content\/uploads\/2024\/03\/DSC_0732-copie-768x512.jpg 768w, https:\/\/www.delalumiereauxyeux-photo.fr\/wp-content\/uploads\/2024\/03\/DSC_0732-copie-1536x1024.jpg 1536w, https:\/\/www.delalumiereauxyeux-photo.fr\/wp-content\/uploads\/2024\/03\/DSC_0732-copie-2048x1365.jpg 2048w\" sizes=\"(max-width: 1024px) 100vw, 1024px\" \/><\/figure>\n\n\n\n<figure class=\"wp-block-image size-large\"><img loading=\"lazy\" decoding=\"async\" width=\"1024\" height=\"683\" src=\"http:\/\/www.delalumiereauxyeux-photo.fr\/wp-content\/uploads\/2024\/03\/DSC_0755-copie-1024x683.jpg\" alt=\"Rallye de la Vienne 2024 photographe De la lumi\u00e8re aux yeux\" class=\"wp-image-5067\" srcset=\"https:\/\/www.delalumiereauxyeux-photo.fr\/wp-content\/uploads\/2024\/03\/DSC_0755-copie-1024x683.jpg 1024w, https:\/\/www.delalumiereauxyeux-photo.fr\/wp-content\/uploads\/2024\/03\/DSC_0755-copie-300x200.jpg 300w, https:\/\/www.delalumiereauxyeux-photo.fr\/wp-content\/uploads\/2024\/03\/DSC_0755-copie-768x512.jpg 768w, https:\/\/www.delalumiereauxyeux-photo.fr\/wp-content\/uploads\/2024\/03\/DSC_0755-copie-1536x1024.jpg 1536w, https:\/\/www.delalumiereauxyeux-photo.fr\/wp-content\/uploads\/2024\/03\/DSC_0755-copie-2048x1365.jpg 2048w\" sizes=\"(max-width: 1024px) 100vw, 1024px\" \/><\/figure>\n\n\n\n<figure class=\"wp-block-image size-large\"><img loading=\"lazy\" decoding=\"async\" width=\"1024\" height=\"496\" src=\"http:\/\/www.delalumiereauxyeux-photo.fr\/wp-content\/uploads\/2024\/03\/DSC_6151-copie-1024x496.jpg\" alt=\"Rallye de la Vienne 2024 photographe De la lumi\u00e8re aux yeux\" class=\"wp-image-5068\" srcset=\"https:\/\/www.delalumiereauxyeux-photo.fr\/wp-content\/uploads\/2024\/03\/DSC_6151-copie-1024x496.jpg 1024w, https:\/\/www.delalumiereauxyeux-photo.fr\/wp-content\/uploads\/2024\/03\/DSC_6151-copie-300x145.jpg 300w, https:\/\/www.delalumiereauxyeux-photo.fr\/wp-content\/uploads\/2024\/03\/DSC_6151-copie-768x372.jpg 768w, https:\/\/www.delalumiereauxyeux-photo.fr\/wp-content\/uploads\/2024\/03\/DSC_6151-copie-1536x743.jpg 1536w, https:\/\/www.delalumiereauxyeux-photo.fr\/wp-content\/uploads\/2024\/03\/DSC_6151-copie-2048x991.jpg 2048w\" sizes=\"(max-width: 1024px) 100vw, 1024px\" \/><\/figure>\n\n\n\n<figure class=\"wp-block-image size-large\"><img loading=\"lazy\" decoding=\"async\" width=\"1024\" height=\"610\" src=\"http:\/\/www.delalumiereauxyeux-photo.fr\/wp-content\/uploads\/2024\/03\/DSC_6163-copie-1024x610.jpg\" alt=\"Rallye de la Vienne 2024 photographe De la lumi\u00e8re aux yeux\" class=\"wp-image-5069\" srcset=\"https:\/\/www.delalumiereauxyeux-photo.fr\/wp-content\/uploads\/2024\/03\/DSC_6163-copie-1024x610.jpg 1024w, https:\/\/www.delalumiereauxyeux-photo.fr\/wp-content\/uploads\/2024\/03\/DSC_6163-copie-300x179.jpg 300w, https:\/\/www.delalumiereauxyeux-photo.fr\/wp-content\/uploads\/2024\/03\/DSC_6163-copie-768x457.jpg 768w, https:\/\/www.delalumiereauxyeux-photo.fr\/wp-content\/uploads\/2024\/03\/DSC_6163-copie-1536x915.jpg 1536w, https:\/\/www.delalumiereauxyeux-photo.fr\/wp-content\/uploads\/2024\/03\/DSC_6163-copie-2048x1219.jpg 2048w\" sizes=\"(max-width: 1024px) 100vw, 1024px\" \/><\/figure>\n\n\n\n<figure class=\"wp-block-image size-large\"><img loading=\"lazy\" decoding=\"async\" width=\"1024\" height=\"492\" src=\"http:\/\/www.delalumiereauxyeux-photo.fr\/wp-content\/uploads\/2024\/03\/DSC_6173-copie-1024x492.jpg\" alt=\"Rallye de la Vienne 2024 photographe De la lumi\u00e8re aux yeux\" class=\"wp-image-5070\" srcset=\"https:\/\/www.delalumiereauxyeux-photo.fr\/wp-content\/uploads\/2024\/03\/DSC_6173-copie-1024x492.jpg 1024w, https:\/\/www.delalumiereauxyeux-photo.fr\/wp-content\/uploads\/2024\/03\/DSC_6173-copie-300x144.jpg 300w, https:\/\/www.delalumiereauxyeux-photo.fr\/wp-content\/uploads\/2024\/03\/DSC_6173-copie-768x369.jpg 768w, https:\/\/www.delalumiereauxyeux-photo.fr\/wp-content\/uploads\/2024\/03\/DSC_6173-copie-1536x738.jpg 1536w, https:\/\/www.delalumiereauxyeux-photo.fr\/wp-content\/uploads\/2024\/03\/DSC_6173-copie-2048x984.jpg 2048w\" sizes=\"(max-width: 1024px) 100vw, 1024px\" \/><\/figure>\n\n\n\n<figure class=\"wp-block-image size-large\"><img loading=\"lazy\" decoding=\"async\" width=\"1024\" height=\"490\" src=\"http:\/\/www.delalumiereauxyeux-photo.fr\/wp-content\/uploads\/2024\/03\/DSC_6184-copie-1024x490.jpg\" alt=\"Rallye de la Vienne 2024 photographe De la lumi\u00e8re aux yeux\" class=\"wp-image-5071\" srcset=\"https:\/\/www.delalumiereauxyeux-photo.fr\/wp-content\/uploads\/2024\/03\/DSC_6184-copie-1024x490.jpg 1024w, https:\/\/www.delalumiereauxyeux-photo.fr\/wp-content\/uploads\/2024\/03\/DSC_6184-copie-300x144.jpg 300w, https:\/\/www.delalumiereauxyeux-photo.fr\/wp-content\/uploads\/2024\/03\/DSC_6184-copie-768x367.jpg 768w, https:\/\/www.delalumiereauxyeux-photo.fr\/wp-content\/uploads\/2024\/03\/DSC_6184-copie-1536x735.jpg 1536w, https:\/\/www.delalumiereauxyeux-photo.fr\/wp-content\/uploads\/2024\/03\/DSC_6184-copie-2048x980.jpg 2048w\" sizes=\"(max-width: 1024px) 100vw, 1024px\" \/><\/figure>\n\n\n\n<figure class=\"wp-block-image size-large\"><img loading=\"lazy\" decoding=\"async\" width=\"1024\" height=\"538\" src=\"http:\/\/www.delalumiereauxyeux-photo.fr\/wp-content\/uploads\/2024\/03\/DSC_6194-copie-1024x538.jpg\" alt=\"Rallye de la Vienne 2024 photographe De la lumi\u00e8re aux yeux\" class=\"wp-image-5072\" srcset=\"https:\/\/www.delalumiereauxyeux-photo.fr\/wp-content\/uploads\/2024\/03\/DSC_6194-copie-1024x538.jpg 1024w, https:\/\/www.delalumiereauxyeux-photo.fr\/wp-content\/uploads\/2024\/03\/DSC_6194-copie-300x158.jpg 300w, https:\/\/www.delalumiereauxyeux-photo.fr\/wp-content\/uploads\/2024\/03\/DSC_6194-copie-768x404.jpg 768w, https:\/\/www.delalumiereauxyeux-photo.fr\/wp-content\/uploads\/2024\/03\/DSC_6194-copie-1536x808.jpg 1536w, https:\/\/www.delalumiereauxyeux-photo.fr\/wp-content\/uploads\/2024\/03\/DSC_6194-copie-2048x1077.jpg 2048w\" sizes=\"(max-width: 1024px) 100vw, 1024px\" \/><\/figure>\n\n\n\n<p>ES 5<\/p>\n\n\n\n<figure class=\"wp-block-image size-large\"><img loading=\"lazy\" decoding=\"async\" width=\"1024\" height=\"651\" src=\"http:\/\/www.delalumiereauxyeux-photo.fr\/wp-content\/uploads\/2024\/03\/DSC_6224-copie-1024x651.jpg\" alt=\"Rallye de la Vienne 2024 photographe De la lumi\u00e8re aux yeux\" class=\"wp-image-5073\" srcset=\"https:\/\/www.delalumiereauxyeux-photo.fr\/wp-content\/uploads\/2024\/03\/DSC_6224-copie-1024x651.jpg 1024w, https:\/\/www.delalumiereauxyeux-photo.fr\/wp-content\/uploads\/2024\/03\/DSC_6224-copie-300x191.jpg 300w, https:\/\/www.delalumiereauxyeux-photo.fr\/wp-content\/uploads\/2024\/03\/DSC_6224-copie-768x488.jpg 768w, https:\/\/www.delalumiereauxyeux-photo.fr\/wp-content\/uploads\/2024\/03\/DSC_6224-copie-1536x976.jpg 1536w, https:\/\/www.delalumiereauxyeux-photo.fr\/wp-content\/uploads\/2024\/03\/DSC_6224-copie-2048x1302.jpg 2048w\" sizes=\"(max-width: 1024px) 100vw, 1024px\" \/><\/figure>\n\n\n\n<figure class=\"wp-block-image size-large\"><img loading=\"lazy\" decoding=\"async\" width=\"1024\" height=\"543\" src=\"http:\/\/www.delalumiereauxyeux-photo.fr\/wp-content\/uploads\/2024\/03\/DSC_6249-copie-1024x543.jpg\" alt=\"Rallye de la Vienne 2024 photographe De la lumi\u00e8re aux yeux\" class=\"wp-image-5074\" srcset=\"https:\/\/www.delalumiereauxyeux-photo.fr\/wp-content\/uploads\/2024\/03\/DSC_6249-copie-1024x543.jpg 1024w, https:\/\/www.delalumiereauxyeux-photo.fr\/wp-content\/uploads\/2024\/03\/DSC_6249-copie-300x159.jpg 300w, https:\/\/www.delalumiereauxyeux-photo.fr\/wp-content\/uploads\/2024\/03\/DSC_6249-copie-768x407.jpg 768w, https:\/\/www.delalumiereauxyeux-photo.fr\/wp-content\/uploads\/2024\/03\/DSC_6249-copie-1536x814.jpg 1536w, https:\/\/www.delalumiereauxyeux-photo.fr\/wp-content\/uploads\/2024\/03\/DSC_6249-copie-2048x1085.jpg 2048w\" sizes=\"(max-width: 1024px) 100vw, 1024px\" \/><\/figure>\n\n\n\n<figure class=\"wp-block-image size-large\"><img loading=\"lazy\" decoding=\"async\" width=\"1024\" height=\"416\" src=\"http:\/\/www.delalumiereauxyeux-photo.fr\/wp-content\/uploads\/2024\/03\/DSC_6269-copie-1024x416.jpg\" alt=\"Rallye de la Vienne 2024 photographe De la lumi\u00e8re aux yeux\" class=\"wp-image-5075\" srcset=\"https:\/\/www.delalumiereauxyeux-photo.fr\/wp-content\/uploads\/2024\/03\/DSC_6269-copie-1024x416.jpg 1024w, https:\/\/www.delalumiereauxyeux-photo.fr\/wp-content\/uploads\/2024\/03\/DSC_6269-copie-300x122.jpg 300w, https:\/\/www.delalumiereauxyeux-photo.fr\/wp-content\/uploads\/2024\/03\/DSC_6269-copie-768x312.jpg 768w, https:\/\/www.delalumiereauxyeux-photo.fr\/wp-content\/uploads\/2024\/03\/DSC_6269-copie-1536x624.jpg 1536w, https:\/\/www.delalumiereauxyeux-photo.fr\/wp-content\/uploads\/2024\/03\/DSC_6269-copie-2048x832.jpg 2048w\" sizes=\"(max-width: 1024px) 100vw, 1024px\" \/><\/figure>\n\n\n\n<figure class=\"wp-block-image size-large\"><img loading=\"lazy\" decoding=\"async\" width=\"1024\" height=\"495\" src=\"http:\/\/www.delalumiereauxyeux-photo.fr\/wp-content\/uploads\/2024\/03\/DSC_6293-copie-1024x495.jpg\" alt=\"Rallye de la Vienne 2024 photographe De la lumi\u00e8re aux yeux\" class=\"wp-image-5076\" srcset=\"https:\/\/www.delalumiereauxyeux-photo.fr\/wp-content\/uploads\/2024\/03\/DSC_6293-copie-1024x495.jpg 1024w, https:\/\/www.delalumiereauxyeux-photo.fr\/wp-content\/uploads\/2024\/03\/DSC_6293-copie-300x145.jpg 300w, https:\/\/www.delalumiereauxyeux-photo.fr\/wp-content\/uploads\/2024\/03\/DSC_6293-copie-768x371.jpg 768w, https:\/\/www.delalumiereauxyeux-photo.fr\/wp-content\/uploads\/2024\/03\/DSC_6293-copie-1536x742.jpg 1536w, https:\/\/www.delalumiereauxyeux-photo.fr\/wp-content\/uploads\/2024\/03\/DSC_6293-copie-2048x989.jpg 2048w\" sizes=\"(max-width: 1024px) 100vw, 1024px\" \/><\/figure>\n\n\n\n<figure class=\"wp-block-image size-large\"><img loading=\"lazy\" decoding=\"async\" width=\"1024\" height=\"465\" src=\"http:\/\/www.delalumiereauxyeux-photo.fr\/wp-content\/uploads\/2024\/03\/DSC_6352-copie-1024x465.jpg\" alt=\"Rallye de la Vienne 2024 photographe De la lumi\u00e8re aux yeux\" class=\"wp-image-5077\" srcset=\"https:\/\/www.delalumiereauxyeux-photo.fr\/wp-content\/uploads\/2024\/03\/DSC_6352-copie-1024x465.jpg 1024w, https:\/\/www.delalumiereauxyeux-photo.fr\/wp-content\/uploads\/2024\/03\/DSC_6352-copie-300x136.jpg 300w, https:\/\/www.delalumiereauxyeux-photo.fr\/wp-content\/uploads\/2024\/03\/DSC_6352-copie-768x349.jpg 768w, https:\/\/www.delalumiereauxyeux-photo.fr\/wp-content\/uploads\/2024\/03\/DSC_6352-copie-1536x697.jpg 1536w, https:\/\/www.delalumiereauxyeux-photo.fr\/wp-content\/uploads\/2024\/03\/DSC_6352-copie-2048x930.jpg 2048w\" sizes=\"(max-width: 1024px) 100vw, 1024px\" \/><\/figure>\n\n\n\n<figure class=\"wp-block-image size-large\"><img loading=\"lazy\" decoding=\"async\" width=\"1024\" height=\"344\" src=\"http:\/\/www.delalumiereauxyeux-photo.fr\/wp-content\/uploads\/2024\/03\/DSC_6379-copie-1024x344.jpg\" alt=\"Rallye de la Vienne 2024 photographe De la lumi\u00e8re aux yeux\" class=\"wp-image-5078\" srcset=\"https:\/\/www.delalumiereauxyeux-photo.fr\/wp-content\/uploads\/2024\/03\/DSC_6379-copie-1024x344.jpg 1024w, https:\/\/www.delalumiereauxyeux-photo.fr\/wp-content\/uploads\/2024\/03\/DSC_6379-copie-300x101.jpg 300w, https:\/\/www.delalumiereauxyeux-photo.fr\/wp-content\/uploads\/2024\/03\/DSC_6379-copie-768x258.jpg 768w, https:\/\/www.delalumiereauxyeux-photo.fr\/wp-content\/uploads\/2024\/03\/DSC_6379-copie-1536x516.jpg 1536w, https:\/\/www.delalumiereauxyeux-photo.fr\/wp-content\/uploads\/2024\/03\/DSC_6379-copie-2048x687.jpg 2048w\" sizes=\"(max-width: 1024px) 100vw, 1024px\" \/><\/figure>\n\n\n\n<figure class=\"wp-block-image size-large\"><img loading=\"lazy\" decoding=\"async\" width=\"1024\" height=\"468\" src=\"http:\/\/www.delalumiereauxyeux-photo.fr\/wp-content\/uploads\/2024\/03\/DSC_6403-copie-1024x468.jpg\" alt=\"Rallye de la Vienne 2024 photographe De la lumi\u00e8re aux yeux\" class=\"wp-image-5079\" srcset=\"https:\/\/www.delalumiereauxyeux-photo.fr\/wp-content\/uploads\/2024\/03\/DSC_6403-copie-1024x468.jpg 1024w, https:\/\/www.delalumiereauxyeux-photo.fr\/wp-content\/uploads\/2024\/03\/DSC_6403-copie-300x137.jpg 300w, https:\/\/www.delalumiereauxyeux-photo.fr\/wp-content\/uploads\/2024\/03\/DSC_6403-copie-768x351.jpg 768w, https:\/\/www.delalumiereauxyeux-photo.fr\/wp-content\/uploads\/2024\/03\/DSC_6403-copie-1536x702.jpg 1536w, https:\/\/www.delalumiereauxyeux-photo.fr\/wp-content\/uploads\/2024\/03\/DSC_6403-copie-2048x936.jpg 2048w\" sizes=\"(max-width: 1024px) 100vw, 1024px\" \/><\/figure>\n\n\n\n<figure class=\"wp-block-image size-large\"><img loading=\"lazy\" decoding=\"async\" width=\"1024\" height=\"501\" src=\"http:\/\/www.delalumiereauxyeux-photo.fr\/wp-content\/uploads\/2024\/03\/DSC_6415-copie-1024x501.jpg\" alt=\"Rallye de la Vienne 2024 photographe De la lumi\u00e8re aux yeux\" class=\"wp-image-5080\" srcset=\"https:\/\/www.delalumiereauxyeux-photo.fr\/wp-content\/uploads\/2024\/03\/DSC_6415-copie-1024x501.jpg 1024w, https:\/\/www.delalumiereauxyeux-photo.fr\/wp-content\/uploads\/2024\/03\/DSC_6415-copie-300x147.jpg 300w, https:\/\/www.delalumiereauxyeux-photo.fr\/wp-content\/uploads\/2024\/03\/DSC_6415-copie-768x376.jpg 768w, https:\/\/www.delalumiereauxyeux-photo.fr\/wp-content\/uploads\/2024\/03\/DSC_6415-copie-1536x751.jpg 1536w, https:\/\/www.delalumiereauxyeux-photo.fr\/wp-content\/uploads\/2024\/03\/DSC_6415-copie-2048x1002.jpg 2048w\" sizes=\"(max-width: 1024px) 100vw, 1024px\" \/><\/figure>\n\n\n\n<figure class=\"wp-block-image size-large\"><img loading=\"lazy\" decoding=\"async\" width=\"1024\" height=\"494\" src=\"http:\/\/www.delalumiereauxyeux-photo.fr\/wp-content\/uploads\/2024\/03\/DSC_6486-copie-1024x494.jpg\" alt=\"Rallye de la Vienne 2024 photographe De la lumi\u00e8re aux yeux\" class=\"wp-image-5081\" srcset=\"https:\/\/www.delalumiereauxyeux-photo.fr\/wp-content\/uploads\/2024\/03\/DSC_6486-copie-1024x494.jpg 1024w, https:\/\/www.delalumiereauxyeux-photo.fr\/wp-content\/uploads\/2024\/03\/DSC_6486-copie-300x145.jpg 300w, https:\/\/www.delalumiereauxyeux-photo.fr\/wp-content\/uploads\/2024\/03\/DSC_6486-copie-768x371.jpg 768w, https:\/\/www.delalumiereauxyeux-photo.fr\/wp-content\/uploads\/2024\/03\/DSC_6486-copie-1536x742.jpg 1536w, https:\/\/www.delalumiereauxyeux-photo.fr\/wp-content\/uploads\/2024\/03\/DSC_6486-copie-2048x989.jpg 2048w\" sizes=\"(max-width: 1024px) 100vw, 1024px\" \/><\/figure>\n\n\n\n<figure class=\"wp-block-image size-large\"><img loading=\"lazy\" decoding=\"async\" width=\"1024\" height=\"529\" src=\"http:\/\/www.delalumiereauxyeux-photo.fr\/wp-content\/uploads\/2024\/03\/DSC_6509-copie-1024x529.jpg\" alt=\"Rallye de la Vienne 2024 photographe De la lumi\u00e8re aux yeux\" class=\"wp-image-5082\" srcset=\"https:\/\/www.delalumiereauxyeux-photo.fr\/wp-content\/uploads\/2024\/03\/DSC_6509-copie-1024x529.jpg 1024w, https:\/\/www.delalumiereauxyeux-photo.fr\/wp-content\/uploads\/2024\/03\/DSC_6509-copie-300x155.jpg 300w, https:\/\/www.delalumiereauxyeux-photo.fr\/wp-content\/uploads\/2024\/03\/DSC_6509-copie-768x396.jpg 768w, https:\/\/www.delalumiereauxyeux-photo.fr\/wp-content\/uploads\/2024\/03\/DSC_6509-copie-1536x793.jpg 1536w, https:\/\/www.delalumiereauxyeux-photo.fr\/wp-content\/uploads\/2024\/03\/DSC_6509-copie-2048x1057.jpg 2048w\" sizes=\"(max-width: 1024px) 100vw, 1024px\" \/><\/figure>\n\n\n\n<figure class=\"wp-block-image size-large\"><img loading=\"lazy\" decoding=\"async\" width=\"1024\" height=\"538\" src=\"http:\/\/www.delalumiereauxyeux-photo.fr\/wp-content\/uploads\/2024\/03\/DSC_6530-copie-1024x538.jpg\" alt=\"Rallye de la Vienne 2024 photographe De la lumi\u00e8re aux yeux\" class=\"wp-image-5083\" srcset=\"https:\/\/www.delalumiereauxyeux-photo.fr\/wp-content\/uploads\/2024\/03\/DSC_6530-copie-1024x538.jpg 1024w, https:\/\/www.delalumiereauxyeux-photo.fr\/wp-content\/uploads\/2024\/03\/DSC_6530-copie-300x158.jpg 300w, https:\/\/www.delalumiereauxyeux-photo.fr\/wp-content\/uploads\/2024\/03\/DSC_6530-copie-768x403.jpg 768w, https:\/\/www.delalumiereauxyeux-photo.fr\/wp-content\/uploads\/2024\/03\/DSC_6530-copie-1536x807.jpg 1536w, https:\/\/www.delalumiereauxyeux-photo.fr\/wp-content\/uploads\/2024\/03\/DSC_6530-copie-2048x1076.jpg 2048w\" sizes=\"(max-width: 1024px) 100vw, 1024px\" \/><\/figure>\n\n\n\n<p>Les r\u00e9sultats:<\/p>\n\n\n\n<figure class=\"wp-block-image size-full\"><img loading=\"lazy\" decoding=\"async\" width=\"922\" height=\"228\" src=\"http:\/\/www.delalumiereauxyeux-photo.fr\/wp-content\/uploads\/2024\/03\/classement-vhc.jpg\" alt=\"Rallye de la Vienne 2024 photographe De la lumi\u00e8re aux yeux\" class=\"wp-image-5112\" srcset=\"https:\/\/www.delalumiereauxyeux-photo.fr\/wp-content\/uploads\/2024\/03\/classement-vhc.jpg 922w, https:\/\/www.delalumiereauxyeux-photo.fr\/wp-content\/uploads\/2024\/03\/classement-vhc-300x74.jpg 300w, https:\/\/www.delalumiereauxyeux-photo.fr\/wp-content\/uploads\/2024\/03\/classement-vhc-768x190.jpg 768w\" sizes=\"(max-width: 922px) 100vw, 922px\" \/><\/figure>\n\n\n\n<figure class=\"wp-block-image size-full\"><img loading=\"lazy\" decoding=\"async\" width=\"909\" height=\"733\" src=\"http:\/\/www.delalumiereauxyeux-photo.fr\/wp-content\/uploads\/2024\/03\/classement-modernes.jpg\" alt=\"Rallye de la Vienne 2024 photographe De la lumi\u00e8re aux yeux\" class=\"wp-image-5113\" srcset=\"https:\/\/www.delalumiereauxyeux-photo.fr\/wp-content\/uploads\/2024\/03\/classement-modernes.jpg 909w, https:\/\/www.delalumiereauxyeux-photo.fr\/wp-content\/uploads\/2024\/03\/classement-modernes-300x242.jpg 300w, https:\/\/www.delalumiereauxyeux-photo.fr\/wp-content\/uploads\/2024\/03\/classement-modernes-768x619.jpg 768w\" sizes=\"(max-width: 909px) 100vw, 909px\" \/><\/figure>\n\n\n\n<p>\u00a9 Tous droits r\u00e9serv\u00e9s 2024.<\/p>\n\n\n\n<p>Merci aux organisateurs, commissaires et b\u00e9n\u00e9voles. Merci \u00e0 mes clientes et clients!<\/p>\n\n\n\n<p>Toutes mes photos ne sont pas pr\u00e9sent\u00e9es dans l&rsquo;article, alors n&rsquo;h\u00e9sitez pas \u00e0 me contacter \ud83d\ude09<\/p>\n\n\n\n<p>Mes photos sont disponibles \u00e0 l&rsquo;achat au format num\u00e9rique&nbsp;<a href=\"https:\/\/www.delalumiereauxyeux-photo.fr\/?page_id=2430\">Contact &#8211; De la lumi\u00e8re aux yeux (delalumiereauxyeux-photo.fr)<\/a> <\/p>\n\n\n\n<p>Si vous souhaitez une prestation photos, contactez-moi. Vous pouvez \u00e9galement m&rsquo;envoyer vos noms, pr\u00e9noms, voiture(s), \u00e9v\u00e8nement(s), dates et lieux o\u00f9 vous serez en 2024&nbsp;<a href=\"https:\/\/www.delalumiereauxyeux-photo.fr\/?page_id=2430\">Contact &#8211; De la lumi\u00e8re aux yeux (delalumiereauxyeux-photo.fr)<\/a> !<\/p>\n\n\n\n<p>Vous pouvez \u00e9galement me laisser vos commentaires sur cet article.<\/p>\n\n\n\n<p>A bient\u00f4t! \ud83d\ude42<\/p>\n\n\n\n<p>Ang\u00e9lique.<\/p>\n\n\n\n<p>Vous pouvez me retrouver sur :<\/p>\n\n\n\n<ul>\n<li>Facebook&nbsp;<a href=\"https:\/\/www.facebook.com\/DelalumiereauxyeuxPhotographe\">Delalumi\u00e8reauxyeux Photographe | Erceville | Facebook<\/a><\/li>\n\n\n\n<li>Instagram&nbsp;<a href=\"https:\/\/www.instagram.com\/angiephoto28\/\">Angie (@angiephoto28) \u2022 Photos et vid\u00e9os Instagram<\/a><\/li>\n\n\n\n<li>site www.delalumiereauxyeux.fr<\/li>\n<\/ul>\n\n\n\n<p><em>Les photos sont compress\u00e9es pour le blog et n&rsquo;ont pas leur qualit\u00e9 optimale.<\/em><\/p>\n","protected":false},"excerpt":{"rendered":"<p>Sortez vos parapluies et vos bottes en caoutchouc! \ud83d\ude42 Malgr\u00e9 cela, c&rsquo;est un rallye tr\u00e8s agr\u00e9able! Les voitures \u00e9taient toutes belles , toutes propres avant de sortir du hangar&#8230;Apr\u00e8s, ce n&rsquo;\u00e9tait pas la m\u00eame! Avant le d\u00e9part&#8230; J\u00e9r\u00f4me VAUCEL\/Cyril VAUCEL Claude CADILLON\/Daniel DUPONT Bruno MAINGUET\/Sylvain MEHL Lucas MATHIEU\/L\u00e9a DARDENNE Bruno CADILLON\/Laura CADILLON Beno\u00eet CHARRON\/Romain HUESCA [&hellip;]<\/p>\n","protected":false},"author":1,"featured_media":0,"comment_status":"open","ping_status":"closed","sticky":false,"template":"","format":"standard","meta":{"_monsterinsights_skip_tracking":false,"_monsterinsights_sitenote_active":false,"_monsterinsights_sitenote_note":"","_monsterinsights_sitenote_category":0,"footnotes":""},"categories":[1],"tags":[],"yoast_head":"<!-- This site is optimized with the Yoast SEO plugin v22.2 - https:\/\/yoast.com\/wordpress\/plugins\/seo\/ -->\n<title>32\u00e8me Rallye de la Vienne - De la lumi\u00e8re aux yeux<\/title>\n<meta name=\"robots\" content=\"index, follow, max-snippet:-1, max-image-preview:large, max-video-preview:-1\" \/>\n<link rel=\"canonical\" href=\"https:\/\/www.delalumiereauxyeux-photo.fr\/?p=5084\" \/>\n<meta property=\"og:locale\" content=\"fr_FR\" \/>\n<meta property=\"og:type\" content=\"article\" \/>\n<meta property=\"og:title\" content=\"32\u00e8me Rallye de la Vienne - De la lumi\u00e8re aux yeux\" \/>\n<meta property=\"og:description\" content=\"Sortez vos parapluies et vos bottes en caoutchouc! \ud83d\ude42 Malgr\u00e9 cela, c&rsquo;est un rallye tr\u00e8s agr\u00e9able! Les voitures \u00e9taient toutes belles , toutes propres avant de sortir du hangar&#8230;Apr\u00e8s, ce n&rsquo;\u00e9tait pas la m\u00eame! Avant le d\u00e9part&#8230; J\u00e9r\u00f4me VAUCEL\/Cyril VAUCEL Claude CADILLON\/Daniel DUPONT Bruno MAINGUET\/Sylvain MEHL Lucas MATHIEU\/L\u00e9a DARDENNE Bruno CADILLON\/Laura CADILLON Beno\u00eet CHARRON\/Romain HUESCA [&hellip;]\" \/>\n<meta property=\"og:url\" content=\"https:\/\/www.delalumiereauxyeux-photo.fr\/?p=5084\" \/>\n<meta property=\"og:site_name\" content=\"De la lumi\u00e8re aux yeux\" \/>\n<meta property=\"article:author\" content=\"https:\/\/www.facebook.com\/angelique.delalumiereauxyeux.5?__tn__=dlC-RHH-R-R&amp;eid=ARDORkTB_yutZsrVTEEeZ0LAobESxObVoalsaetnRjmZdhewjwojedF8h09RZ8oly8_ro0dEnvSLIUeS&amp;hc_ref=ARSbH4jjDNc2QSSUZPjZH0vrxiNgcNzLcrprkTea6WAzZ09DAHcjGeYU5y5PXqG08Ac\" \/>\n<meta property=\"article:published_time\" content=\"2024-03-13T15:18:08+00:00\" \/>\n<meta property=\"article:modified_time\" content=\"2024-03-13T15:38:20+00:00\" \/>\n<meta property=\"og:image\" content=\"http:\/\/www.delalumiereauxyeux-photo.fr\/wp-content\/uploads\/2024\/03\/DSC_6079-copie-1024x531.jpg\" \/>\n<meta name=\"author\" content=\"delalumiereauxyeux\" \/>\n<meta name=\"twitter:card\" content=\"summary_large_image\" \/>\n<meta name=\"twitter:label1\" content=\"\u00c9crit par\" \/>\n\t<meta name=\"twitter:data1\" content=\"delalumiereauxyeux\" \/>\n\t<meta name=\"twitter:label2\" content=\"Dur\u00e9e de lecture estim\u00e9e\" \/>\n\t<meta name=\"twitter:data2\" content=\"15 minutes\" \/>\n<script type=\"application\/ld+json\" class=\"yoast-schema-graph\">{\"@context\":\"https:\/\/schema.org\",\"@graph\":[{\"@type\":\"WebPage\",\"@id\":\"https:\/\/www.delalumiereauxyeux-photo.fr\/?p=5084\",\"url\":\"https:\/\/www.delalumiereauxyeux-photo.fr\/?p=5084\",\"name\":\"32\u00e8me Rallye de la Vienne - De la lumi\u00e8re aux yeux\",\"isPartOf\":{\"@id\":\"https:\/\/www.delalumiereauxyeux-photo.fr\/#website\"},\"primaryImageOfPage\":{\"@id\":\"https:\/\/www.delalumiereauxyeux-photo.fr\/?p=5084#primaryimage\"},\"image\":{\"@id\":\"https:\/\/www.delalumiereauxyeux-photo.fr\/?p=5084#primaryimage\"},\"thumbnailUrl\":\"http:\/\/www.delalumiereauxyeux-photo.fr\/wp-content\/uploads\/2024\/03\/DSC_6079-copie-1024x531.jpg\",\"datePublished\":\"2024-03-13T15:18:08+00:00\",\"dateModified\":\"2024-03-13T15:38:20+00:00\",\"author\":{\"@id\":\"https:\/\/www.delalumiereauxyeux-photo.fr\/#\/schema\/person\/fbdc98761dd92f98cdb911153e949213\"},\"breadcrumb\":{\"@id\":\"https:\/\/www.delalumiereauxyeux-photo.fr\/?p=5084#breadcrumb\"},\"inLanguage\":\"fr-FR\",\"potentialAction\":[{\"@type\":\"ReadAction\",\"target\":[\"https:\/\/www.delalumiereauxyeux-photo.fr\/?p=5084\"]}]},{\"@type\":\"ImageObject\",\"inLanguage\":\"fr-FR\",\"@id\":\"https:\/\/www.delalumiereauxyeux-photo.fr\/?p=5084#primaryimage\",\"url\":\"https:\/\/www.delalumiereauxyeux-photo.fr\/wp-content\/uploads\/2024\/03\/DSC_6079-copie-scaled.jpg\",\"contentUrl\":\"https:\/\/www.delalumiereauxyeux-photo.fr\/wp-content\/uploads\/2024\/03\/DSC_6079-copie-scaled.jpg\",\"width\":2560,\"height\":1326,\"caption\":\"Rallye de la Vienne 2024 photographe De la lumi\u00e8re aux yeux\"},{\"@type\":\"BreadcrumbList\",\"@id\":\"https:\/\/www.delalumiereauxyeux-photo.fr\/?p=5084#breadcrumb\",\"itemListElement\":[{\"@type\":\"ListItem\",\"position\":1,\"name\":\"Accueil\",\"item\":\"https:\/\/www.delalumiereauxyeux-photo.fr\/\"},{\"@type\":\"ListItem\",\"position\":2,\"name\":\"32\u00e8me Rallye de la Vienne\"}]},{\"@type\":\"WebSite\",\"@id\":\"https:\/\/www.delalumiereauxyeux-photo.fr\/#website\",\"url\":\"https:\/\/www.delalumiereauxyeux-photo.fr\/\",\"name\":\"De la lumi\u00e8re aux yeux\",\"description\":\"De la lumi\u00e8re aux yeux\",\"potentialAction\":[{\"@type\":\"SearchAction\",\"target\":{\"@type\":\"EntryPoint\",\"urlTemplate\":\"https:\/\/www.delalumiereauxyeux-photo.fr\/?s={search_term_string}\"},\"query-input\":\"required name=search_term_string\"}],\"inLanguage\":\"fr-FR\"},{\"@type\":\"Person\",\"@id\":\"https:\/\/www.delalumiereauxyeux-photo.fr\/#\/schema\/person\/fbdc98761dd92f98cdb911153e949213\",\"name\":\"delalumiereauxyeux\",\"image\":{\"@type\":\"ImageObject\",\"inLanguage\":\"fr-FR\",\"@id\":\"https:\/\/www.delalumiereauxyeux-photo.fr\/#\/schema\/person\/image\/\",\"url\":\"https:\/\/secure.gravatar.com\/avatar\/8fecce8824b60e8618943375d4f3666c?s=96&d=mm&r=g\",\"contentUrl\":\"https:\/\/secure.gravatar.com\/avatar\/8fecce8824b60e8618943375d4f3666c?s=96&d=mm&r=g\",\"caption\":\"delalumiereauxyeux\"},\"sameAs\":[\"https:\/\/www.facebook.com\/angelique.delalumiereauxyeux.5?__tn__=dlC-RHH-R-R&eid=ARDORkTB_yutZsrVTEEeZ0LAobESxObVoalsaetnRjmZdhewjwojedF8h09RZ8oly8_ro0dEnvSLIUeS&hc_ref=ARSbH4jjDNc2QSSUZPjZH0vrxiNgcNzLcrprkTea6WAzZ09DAHcjGeYU5y5PXqG08Ac\",\"https:\/\/www.instagram.com\/angiephoto28\/\",\"https:\/\/www.linkedin.com\/in\/anglique-de-la-lumire-aux-yeux-65418826b\/\"]}]}<\/script>\n<!-- \/ Yoast SEO plugin. -->","yoast_head_json":{"title":"32\u00e8me Rallye de la Vienne - De la lumi\u00e8re aux yeux","robots":{"index":"index","follow":"follow","max-snippet":"max-snippet:-1","max-image-preview":"max-image-preview:large","max-video-preview":"max-video-preview:-1"},"canonical":"https:\/\/www.delalumiereauxyeux-photo.fr\/?p=5084","og_locale":"fr_FR","og_type":"article","og_title":"32\u00e8me Rallye de la Vienne - De la lumi\u00e8re aux yeux","og_description":"Sortez vos parapluies et vos bottes en caoutchouc! \ud83d\ude42 Malgr\u00e9 cela, c&rsquo;est un rallye tr\u00e8s agr\u00e9able! Les voitures \u00e9taient toutes belles , toutes propres avant de sortir du hangar&#8230;Apr\u00e8s, ce n&rsquo;\u00e9tait pas la m\u00eame! Avant le d\u00e9part&#8230; J\u00e9r\u00f4me VAUCEL\/Cyril VAUCEL Claude CADILLON\/Daniel DUPONT Bruno MAINGUET\/Sylvain MEHL Lucas MATHIEU\/L\u00e9a DARDENNE Bruno CADILLON\/Laura CADILLON Beno\u00eet CHARRON\/Romain HUESCA [&hellip;]","og_url":"https:\/\/www.delalumiereauxyeux-photo.fr\/?p=5084","og_site_name":"De la lumi\u00e8re aux yeux","article_author":"https:\/\/www.facebook.com\/angelique.delalumiereauxyeux.5?__tn__=dlC-RHH-R-R&eid=ARDORkTB_yutZsrVTEEeZ0LAobESxObVoalsaetnRjmZdhewjwojedF8h09RZ8oly8_ro0dEnvSLIUeS&hc_ref=ARSbH4jjDNc2QSSUZPjZH0vrxiNgcNzLcrprkTea6WAzZ09DAHcjGeYU5y5PXqG08Ac","article_published_time":"2024-03-13T15:18:08+00:00","article_modified_time":"2024-03-13T15:38:20+00:00","og_image":[{"url":"http:\/\/www.delalumiereauxyeux-photo.fr\/wp-content\/uploads\/2024\/03\/DSC_6079-copie-1024x531.jpg"}],"author":"delalumiereauxyeux","twitter_card":"summary_large_image","twitter_misc":{"\u00c9crit par":"delalumiereauxyeux","Dur\u00e9e de lecture estim\u00e9e":"15 minutes"},"schema":{"@context":"https:\/\/schema.org","@graph":[{"@type":"WebPage","@id":"https:\/\/www.delalumiereauxyeux-photo.fr\/?p=5084","url":"https:\/\/www.delalumiereauxyeux-photo.fr\/?p=5084","name":"32\u00e8me Rallye de la Vienne - De la lumi\u00e8re aux yeux","isPartOf":{"@id":"https:\/\/www.delalumiereauxyeux-photo.fr\/#website"},"primaryImageOfPage":{"@id":"https:\/\/www.delalumiereauxyeux-photo.fr\/?p=5084#primaryimage"},"image":{"@id":"https:\/\/www.delalumiereauxyeux-photo.fr\/?p=5084#primaryimage"},"thumbnailUrl":"http:\/\/www.delalumiereauxyeux-photo.fr\/wp-content\/uploads\/2024\/03\/DSC_6079-copie-1024x531.jpg","datePublished":"2024-03-13T15:18:08+00:00","dateModified":"2024-03-13T15:38:20+00:00","author":{"@id":"https:\/\/www.delalumiereauxyeux-photo.fr\/#\/schema\/person\/fbdc98761dd92f98cdb911153e949213"},"breadcrumb":{"@id":"https:\/\/www.delalumiereauxyeux-photo.fr\/?p=5084#breadcrumb"},"inLanguage":"fr-FR","potentialAction":[{"@type":"ReadAction","target":["https:\/\/www.delalumiereauxyeux-photo.fr\/?p=5084"]}]},{"@type":"ImageObject","inLanguage":"fr-FR","@id":"https:\/\/www.delalumiereauxyeux-photo.fr\/?p=5084#primaryimage","url":"https:\/\/www.delalumiereauxyeux-photo.fr\/wp-content\/uploads\/2024\/03\/DSC_6079-copie-scaled.jpg","contentUrl":"https:\/\/www.delalumiereauxyeux-photo.fr\/wp-content\/uploads\/2024\/03\/DSC_6079-copie-scaled.jpg","width":2560,"height":1326,"caption":"Rallye de la Vienne 2024 photographe De la lumi\u00e8re aux yeux"},{"@type":"BreadcrumbList","@id":"https:\/\/www.delalumiereauxyeux-photo.fr\/?p=5084#breadcrumb","itemListElement":[{"@type":"ListItem","position":1,"name":"Accueil","item":"https:\/\/www.delalumiereauxyeux-photo.fr\/"},{"@type":"ListItem","position":2,"name":"32\u00e8me Rallye de la Vienne"}]},{"@type":"WebSite","@id":"https:\/\/www.delalumiereauxyeux-photo.fr\/#website","url":"https:\/\/www.delalumiereauxyeux-photo.fr\/","name":"De la lumi\u00e8re aux yeux","description":"De la lumi\u00e8re aux yeux","potentialAction":[{"@type":"SearchAction","target":{"@type":"EntryPoint","urlTemplate":"https:\/\/www.delalumiereauxyeux-photo.fr\/?s={search_term_string}"},"query-input":"required name=search_term_string"}],"inLanguage":"fr-FR"},{"@type":"Person","@id":"https:\/\/www.delalumiereauxyeux-photo.fr\/#\/schema\/person\/fbdc98761dd92f98cdb911153e949213","name":"delalumiereauxyeux","image":{"@type":"ImageObject","inLanguage":"fr-FR","@id":"https:\/\/www.delalumiereauxyeux-photo.fr\/#\/schema\/person\/image\/","url":"https:\/\/secure.gravatar.com\/avatar\/8fecce8824b60e8618943375d4f3666c?s=96&d=mm&r=g","contentUrl":"https:\/\/secure.gravatar.com\/avatar\/8fecce8824b60e8618943375d4f3666c?s=96&d=mm&r=g","caption":"delalumiereauxyeux"},"sameAs":["https:\/\/www.facebook.com\/angelique.delalumiereauxyeux.5?__tn__=dlC-RHH-R-R&eid=ARDORkTB_yutZsrVTEEeZ0LAobESxObVoalsaetnRjmZdhewjwojedF8h09RZ8oly8_ro0dEnvSLIUeS&hc_ref=ARSbH4jjDNc2QSSUZPjZH0vrxiNgcNzLcrprkTea6WAzZ09DAHcjGeYU5y5PXqG08Ac","https:\/\/www.instagram.com\/angiephoto28\/","https:\/\/www.linkedin.com\/in\/anglique-de-la-lumire-aux-yeux-65418826b\/"]}]}},"_links":{"self":[{"href":"https:\/\/www.delalumiereauxyeux-photo.fr\/index.php?rest_route=\/wp\/v2\/posts\/5084"}],"collection":[{"href":"https:\/\/www.delalumiereauxyeux-photo.fr\/index.php?rest_route=\/wp\/v2\/posts"}],"about":[{"href":"https:\/\/www.delalumiereauxyeux-photo.fr\/index.php?rest_route=\/wp\/v2\/types\/post"}],"author":[{"embeddable":true,"href":"https:\/\/www.delalumiereauxyeux-photo.fr\/index.php?rest_route=\/wp\/v2\/users\/1"}],"replies":[{"embeddable":true,"href":"https:\/\/www.delalumiereauxyeux-photo.fr\/index.php?rest_route=%2Fwp%2Fv2%2Fcomments&post=5084"}],"version-history":[{"count":12,"href":"https:\/\/www.delalumiereauxyeux-photo.fr\/index.php?rest_route=\/wp\/v2\/posts\/5084\/revisions"}],"predecessor-version":[{"id":5121,"href":"https:\/\/www.delalumiereauxyeux-photo.fr\/index.php?rest_route=\/wp\/v2\/posts\/5084\/revisions\/5121"}],"wp:attachment":[{"href":"https:\/\/www.delalumiereauxyeux-photo.fr\/index.php?rest_route=%2Fwp%2Fv2%2Fmedia&parent=5084"}],"wp:term":[{"taxonomy":"category","embeddable":true,"href":"https:\/\/www.delalumiereauxyeux-photo.fr\/index.php?rest_route=%2Fwp%2Fv2%2Fcategories&post=5084"},{"taxonomy":"post_tag","embeddable":true,"href":"https:\/\/www.delalumiereauxyeux-photo.fr\/index.php?rest_route=%2Fwp%2Fv2%2Ftags&post=5084"}],"curies":[{"name":"wp","href":"https:\/\/api.w.org\/{rel}","templated":true}]}}