{"id":5207,"date":"2024-03-22T10:15:45","date_gmt":"2024-03-22T10:15:45","guid":{"rendered":"https:\/\/www.delalumiereauxyeux-photo.fr\/?p=5207"},"modified":"2024-06-27T09:22:41","modified_gmt":"2024-06-27T09:22:41","slug":"64eme-rallye-le-touquet-pas-de-calais","status":"publish","type":"post","link":"https:\/\/www.delalumiereauxyeux-photo.fr\/?p=5207","title":{"rendered":"64\u00e8me Rallye Le Touquet Pas-de-Calais"},"content":{"rendered":"\n<p>Le rallye s&rsquo;est d\u00e9roul\u00e9 du 14 au 16 mars 2024. Pour ma part, j&rsquo;\u00e9tais pr\u00e9sente samedi 16 et avec le beau temps contrairement \u00e0 la veille qui f\u00fbt, apparemment, une journ\u00e9e tr\u00e8s compliqu\u00e9e et boueuse.<\/p>\n\n\n\n<p>C&rsquo;est un rallye dans une belle r\u00e9gion, en bord de mer et cette ann\u00e9e la liste des engag\u00e9s \u00e9tait cons\u00e9quente!<\/p>\n\n\n\n<p>ES 9<\/p>\n\n\n\n<figure class=\"wp-block-image size-large\"><img loading=\"lazy\" decoding=\"async\" width=\"1024\" height=\"683\" src=\"http:\/\/www.delalumiereauxyeux-photo.fr\/wp-content\/uploads\/2024\/03\/DSC_6622-copie-1024x683.jpg\" alt=\"64e Rallye Le Touquet Pas-de-Calais 2024 photographe De la lumi\u00e8re aux yeux\" class=\"wp-image-5148\" srcset=\"https:\/\/www.delalumiereauxyeux-photo.fr\/wp-content\/uploads\/2024\/03\/DSC_6622-copie-1024x683.jpg 1024w, https:\/\/www.delalumiereauxyeux-photo.fr\/wp-content\/uploads\/2024\/03\/DSC_6622-copie-300x200.jpg 300w, https:\/\/www.delalumiereauxyeux-photo.fr\/wp-content\/uploads\/2024\/03\/DSC_6622-copie-768x512.jpg 768w, https:\/\/www.delalumiereauxyeux-photo.fr\/wp-content\/uploads\/2024\/03\/DSC_6622-copie-1536x1024.jpg 1536w, https:\/\/www.delalumiereauxyeux-photo.fr\/wp-content\/uploads\/2024\/03\/DSC_6622-copie-2048x1365.jpg 2048w\" sizes=\"(max-width: 1024px) 100vw, 1024px\" \/><\/figure>\n\n\n\n<figure class=\"wp-block-image size-large\"><img loading=\"lazy\" decoding=\"async\" width=\"1024\" height=\"730\" src=\"http:\/\/www.delalumiereauxyeux-photo.fr\/wp-content\/uploads\/2024\/03\/DSC_6633-copie-1024x730.jpg\" alt=\"64e Rallye Le Touquet Pas-de-Calais 2024 photographe De la lumi\u00e8re aux yeux\" class=\"wp-image-5149\" srcset=\"https:\/\/www.delalumiereauxyeux-photo.fr\/wp-content\/uploads\/2024\/03\/DSC_6633-copie-1024x730.jpg 1024w, https:\/\/www.delalumiereauxyeux-photo.fr\/wp-content\/uploads\/2024\/03\/DSC_6633-copie-300x214.jpg 300w, https:\/\/www.delalumiereauxyeux-photo.fr\/wp-content\/uploads\/2024\/03\/DSC_6633-copie-768x548.jpg 768w, https:\/\/www.delalumiereauxyeux-photo.fr\/wp-content\/uploads\/2024\/03\/DSC_6633-copie-1536x1095.jpg 1536w, https:\/\/www.delalumiereauxyeux-photo.fr\/wp-content\/uploads\/2024\/03\/DSC_6633-copie-2048x1460.jpg 2048w\" sizes=\"(max-width: 1024px) 100vw, 1024px\" \/><\/figure>\n\n\n\n<figure class=\"wp-block-image size-large\"><img loading=\"lazy\" decoding=\"async\" width=\"1024\" height=\"565\" src=\"http:\/\/www.delalumiereauxyeux-photo.fr\/wp-content\/uploads\/2024\/03\/DSC_6643-copie-1024x565.jpg\" alt=\"64e Rallye Le Touquet Pas-de-Calais 2024 photographe De la lumi\u00e8re aux yeux\" class=\"wp-image-5150\" srcset=\"https:\/\/www.delalumiereauxyeux-photo.fr\/wp-content\/uploads\/2024\/03\/DSC_6643-copie-1024x565.jpg 1024w, https:\/\/www.delalumiereauxyeux-photo.fr\/wp-content\/uploads\/2024\/03\/DSC_6643-copie-300x166.jpg 300w, https:\/\/www.delalumiereauxyeux-photo.fr\/wp-content\/uploads\/2024\/03\/DSC_6643-copie-768x424.jpg 768w, https:\/\/www.delalumiereauxyeux-photo.fr\/wp-content\/uploads\/2024\/03\/DSC_6643-copie-1536x848.jpg 1536w, https:\/\/www.delalumiereauxyeux-photo.fr\/wp-content\/uploads\/2024\/03\/DSC_6643-copie-2048x1130.jpg 2048w\" sizes=\"(max-width: 1024px) 100vw, 1024px\" \/><\/figure>\n\n\n\n<figure class=\"wp-block-image size-large\"><img loading=\"lazy\" decoding=\"async\" width=\"1024\" height=\"566\" src=\"http:\/\/www.delalumiereauxyeux-photo.fr\/wp-content\/uploads\/2024\/03\/DSC_6662-copie-1024x566.jpg\" alt=\"64e Rallye Le Touquet Pas-de-Calais 2024 photographe De la lumi\u00e8re aux yeux\" class=\"wp-image-5151\" srcset=\"https:\/\/www.delalumiereauxyeux-photo.fr\/wp-content\/uploads\/2024\/03\/DSC_6662-copie-1024x566.jpg 1024w, https:\/\/www.delalumiereauxyeux-photo.fr\/wp-content\/uploads\/2024\/03\/DSC_6662-copie-300x166.jpg 300w, https:\/\/www.delalumiereauxyeux-photo.fr\/wp-content\/uploads\/2024\/03\/DSC_6662-copie-768x425.jpg 768w, https:\/\/www.delalumiereauxyeux-photo.fr\/wp-content\/uploads\/2024\/03\/DSC_6662-copie-1536x849.jpg 1536w, https:\/\/www.delalumiereauxyeux-photo.fr\/wp-content\/uploads\/2024\/03\/DSC_6662-copie-2048x1132.jpg 2048w\" sizes=\"(max-width: 1024px) 100vw, 1024px\" \/><\/figure>\n\n\n\n<figure class=\"wp-block-image size-large\"><img loading=\"lazy\" decoding=\"async\" width=\"1024\" height=\"580\" src=\"http:\/\/www.delalumiereauxyeux-photo.fr\/wp-content\/uploads\/2024\/03\/DSC_6677-copie-1024x580.jpg\" alt=\"64e Rallye Le Touquet Pas-de-Calais 2024 photographe De la lumi\u00e8re aux yeux\" class=\"wp-image-5152\" srcset=\"https:\/\/www.delalumiereauxyeux-photo.fr\/wp-content\/uploads\/2024\/03\/DSC_6677-copie-1024x580.jpg 1024w, https:\/\/www.delalumiereauxyeux-photo.fr\/wp-content\/uploads\/2024\/03\/DSC_6677-copie-300x170.jpg 300w, https:\/\/www.delalumiereauxyeux-photo.fr\/wp-content\/uploads\/2024\/03\/DSC_6677-copie-768x435.jpg 768w, https:\/\/www.delalumiereauxyeux-photo.fr\/wp-content\/uploads\/2024\/03\/DSC_6677-copie-1536x870.jpg 1536w, https:\/\/www.delalumiereauxyeux-photo.fr\/wp-content\/uploads\/2024\/03\/DSC_6677-copie-2048x1161.jpg 2048w\" sizes=\"(max-width: 1024px) 100vw, 1024px\" \/><\/figure>\n\n\n\n<figure class=\"wp-block-image size-large\"><img loading=\"lazy\" decoding=\"async\" width=\"1024\" height=\"576\" src=\"http:\/\/www.delalumiereauxyeux-photo.fr\/wp-content\/uploads\/2024\/03\/DSC_6711-copie-1024x576.jpg\" alt=\"64e Rallye Le Touquet Pas-de-Calais 2024 photographe De la lumi\u00e8re aux yeux\" class=\"wp-image-5153\" srcset=\"https:\/\/www.delalumiereauxyeux-photo.fr\/wp-content\/uploads\/2024\/03\/DSC_6711-copie-1024x576.jpg 1024w, https:\/\/www.delalumiereauxyeux-photo.fr\/wp-content\/uploads\/2024\/03\/DSC_6711-copie-300x169.jpg 300w, https:\/\/www.delalumiereauxyeux-photo.fr\/wp-content\/uploads\/2024\/03\/DSC_6711-copie-768x432.jpg 768w, https:\/\/www.delalumiereauxyeux-photo.fr\/wp-content\/uploads\/2024\/03\/DSC_6711-copie-1536x863.jpg 1536w, https:\/\/www.delalumiereauxyeux-photo.fr\/wp-content\/uploads\/2024\/03\/DSC_6711-copie-2048x1151.jpg 2048w\" sizes=\"(max-width: 1024px) 100vw, 1024px\" \/><\/figure>\n\n\n\n<figure class=\"wp-block-image size-large\"><img loading=\"lazy\" decoding=\"async\" width=\"1024\" height=\"619\" src=\"http:\/\/www.delalumiereauxyeux-photo.fr\/wp-content\/uploads\/2024\/03\/DSC_6747-2-copie-1024x619.jpg\" alt=\"64e Rallye Le Touquet Pas-de-Calais 2024 photographe De la lumi\u00e8re aux yeux\" class=\"wp-image-5154\" srcset=\"https:\/\/www.delalumiereauxyeux-photo.fr\/wp-content\/uploads\/2024\/03\/DSC_6747-2-copie-1024x619.jpg 1024w, https:\/\/www.delalumiereauxyeux-photo.fr\/wp-content\/uploads\/2024\/03\/DSC_6747-2-copie-300x181.jpg 300w, https:\/\/www.delalumiereauxyeux-photo.fr\/wp-content\/uploads\/2024\/03\/DSC_6747-2-copie-768x464.jpg 768w, https:\/\/www.delalumiereauxyeux-photo.fr\/wp-content\/uploads\/2024\/03\/DSC_6747-2-copie-1536x929.jpg 1536w, https:\/\/www.delalumiereauxyeux-photo.fr\/wp-content\/uploads\/2024\/03\/DSC_6747-2-copie-2048x1239.jpg 2048w\" sizes=\"(max-width: 1024px) 100vw, 1024px\" \/><\/figure>\n\n\n\n<figure class=\"wp-block-image size-large\"><img loading=\"lazy\" decoding=\"async\" width=\"1024\" height=\"613\" src=\"http:\/\/www.delalumiereauxyeux-photo.fr\/wp-content\/uploads\/2024\/03\/DSC_6773-copie-1024x613.jpg\" alt=\"64e Rallye Le Touquet Pas-de-Calais 2024 photographe De la lumi\u00e8re aux yeux\" class=\"wp-image-5155\" srcset=\"https:\/\/www.delalumiereauxyeux-photo.fr\/wp-content\/uploads\/2024\/03\/DSC_6773-copie-1024x613.jpg 1024w, https:\/\/www.delalumiereauxyeux-photo.fr\/wp-content\/uploads\/2024\/03\/DSC_6773-copie-300x179.jpg 300w, https:\/\/www.delalumiereauxyeux-photo.fr\/wp-content\/uploads\/2024\/03\/DSC_6773-copie-768x459.jpg 768w, https:\/\/www.delalumiereauxyeux-photo.fr\/wp-content\/uploads\/2024\/03\/DSC_6773-copie-1536x919.jpg 1536w, https:\/\/www.delalumiereauxyeux-photo.fr\/wp-content\/uploads\/2024\/03\/DSC_6773-copie-2048x1225.jpg 2048w\" sizes=\"(max-width: 1024px) 100vw, 1024px\" \/><\/figure>\n\n\n\n<figure class=\"wp-block-image size-large\"><img loading=\"lazy\" decoding=\"async\" width=\"1024\" height=\"609\" src=\"http:\/\/www.delalumiereauxyeux-photo.fr\/wp-content\/uploads\/2024\/03\/DSC_6817-copie-1024x609.jpg\" alt=\"64e Rallye Le Touquet Pas-de-Calais 2024 photographe De la lumi\u00e8re aux yeux\" class=\"wp-image-5156\" srcset=\"https:\/\/www.delalumiereauxyeux-photo.fr\/wp-content\/uploads\/2024\/03\/DSC_6817-copie-1024x609.jpg 1024w, https:\/\/www.delalumiereauxyeux-photo.fr\/wp-content\/uploads\/2024\/03\/DSC_6817-copie-300x178.jpg 300w, https:\/\/www.delalumiereauxyeux-photo.fr\/wp-content\/uploads\/2024\/03\/DSC_6817-copie-768x457.jpg 768w, https:\/\/www.delalumiereauxyeux-photo.fr\/wp-content\/uploads\/2024\/03\/DSC_6817-copie-1536x914.jpg 1536w, https:\/\/www.delalumiereauxyeux-photo.fr\/wp-content\/uploads\/2024\/03\/DSC_6817-copie-2048x1218.jpg 2048w\" sizes=\"(max-width: 1024px) 100vw, 1024px\" \/><\/figure>\n\n\n\n<figure class=\"wp-block-image size-large\"><img loading=\"lazy\" decoding=\"async\" width=\"1024\" height=\"584\" src=\"http:\/\/www.delalumiereauxyeux-photo.fr\/wp-content\/uploads\/2024\/03\/DSC_6860-copie-1024x584.jpg\" alt=\"64e Rallye Le Touquet Pas-de-Calais 2024 photographe De la lumi\u00e8re aux yeux\" class=\"wp-image-5157\" srcset=\"https:\/\/www.delalumiereauxyeux-photo.fr\/wp-content\/uploads\/2024\/03\/DSC_6860-copie-1024x584.jpg 1024w, https:\/\/www.delalumiereauxyeux-photo.fr\/wp-content\/uploads\/2024\/03\/DSC_6860-copie-300x171.jpg 300w, https:\/\/www.delalumiereauxyeux-photo.fr\/wp-content\/uploads\/2024\/03\/DSC_6860-copie-768x438.jpg 768w, https:\/\/www.delalumiereauxyeux-photo.fr\/wp-content\/uploads\/2024\/03\/DSC_6860-copie-1536x875.jpg 1536w, https:\/\/www.delalumiereauxyeux-photo.fr\/wp-content\/uploads\/2024\/03\/DSC_6860-copie-2048x1167.jpg 2048w\" sizes=\"(max-width: 1024px) 100vw, 1024px\" \/><\/figure>\n\n\n\n<figure class=\"wp-block-image size-large\"><img loading=\"lazy\" decoding=\"async\" width=\"1024\" height=\"564\" src=\"http:\/\/www.delalumiereauxyeux-photo.fr\/wp-content\/uploads\/2024\/03\/DSC_6931-copie-1024x564.jpg\" alt=\"64e Rallye Le Touquet Pas-de-Calais 2024 photographe De la lumi\u00e8re aux yeux\" class=\"wp-image-5158\" srcset=\"https:\/\/www.delalumiereauxyeux-photo.fr\/wp-content\/uploads\/2024\/03\/DSC_6931-copie-1024x564.jpg 1024w, https:\/\/www.delalumiereauxyeux-photo.fr\/wp-content\/uploads\/2024\/03\/DSC_6931-copie-300x165.jpg 300w, https:\/\/www.delalumiereauxyeux-photo.fr\/wp-content\/uploads\/2024\/03\/DSC_6931-copie-768x423.jpg 768w, https:\/\/www.delalumiereauxyeux-photo.fr\/wp-content\/uploads\/2024\/03\/DSC_6931-copie-1536x846.jpg 1536w, https:\/\/www.delalumiereauxyeux-photo.fr\/wp-content\/uploads\/2024\/03\/DSC_6931-copie-2048x1128.jpg 2048w\" sizes=\"(max-width: 1024px) 100vw, 1024px\" \/><\/figure>\n\n\n\n<figure class=\"wp-block-image size-large\"><img loading=\"lazy\" decoding=\"async\" width=\"1024\" height=\"781\" src=\"http:\/\/www.delalumiereauxyeux-photo.fr\/wp-content\/uploads\/2024\/03\/DSC_6972-copie-1024x781.jpg\" alt=\"64e Rallye Le Touquet Pas-de-Calais 2024 photographe De la lumi\u00e8re aux yeux\" class=\"wp-image-5159\" srcset=\"https:\/\/www.delalumiereauxyeux-photo.fr\/wp-content\/uploads\/2024\/03\/DSC_6972-copie-1024x781.jpg 1024w, https:\/\/www.delalumiereauxyeux-photo.fr\/wp-content\/uploads\/2024\/03\/DSC_6972-copie-300x229.jpg 300w, https:\/\/www.delalumiereauxyeux-photo.fr\/wp-content\/uploads\/2024\/03\/DSC_6972-copie-768x586.jpg 768w, https:\/\/www.delalumiereauxyeux-photo.fr\/wp-content\/uploads\/2024\/03\/DSC_6972-copie-1536x1171.jpg 1536w, https:\/\/www.delalumiereauxyeux-photo.fr\/wp-content\/uploads\/2024\/03\/DSC_6972-copie-2048x1561.jpg 2048w\" sizes=\"(max-width: 1024px) 100vw, 1024px\" \/><\/figure>\n\n\n\n<figure class=\"wp-block-image size-large\"><img loading=\"lazy\" decoding=\"async\" width=\"1024\" height=\"577\" src=\"http:\/\/www.delalumiereauxyeux-photo.fr\/wp-content\/uploads\/2024\/03\/DSC_6983-copie-1024x577.jpg\" alt=\"64e Rallye Le Touquet Pas-de-Calais 2024 photographe De la lumi\u00e8re aux yeux\" class=\"wp-image-5160\" srcset=\"https:\/\/www.delalumiereauxyeux-photo.fr\/wp-content\/uploads\/2024\/03\/DSC_6983-copie-1024x577.jpg 1024w, https:\/\/www.delalumiereauxyeux-photo.fr\/wp-content\/uploads\/2024\/03\/DSC_6983-copie-300x169.jpg 300w, https:\/\/www.delalumiereauxyeux-photo.fr\/wp-content\/uploads\/2024\/03\/DSC_6983-copie-768x433.jpg 768w, https:\/\/www.delalumiereauxyeux-photo.fr\/wp-content\/uploads\/2024\/03\/DSC_6983-copie-1536x866.jpg 1536w, https:\/\/www.delalumiereauxyeux-photo.fr\/wp-content\/uploads\/2024\/03\/DSC_6983-copie-2048x1155.jpg 2048w\" sizes=\"(max-width: 1024px) 100vw, 1024px\" \/><\/figure>\n\n\n\n<figure class=\"wp-block-image size-large\"><img loading=\"lazy\" decoding=\"async\" width=\"1024\" height=\"759\" src=\"http:\/\/www.delalumiereauxyeux-photo.fr\/wp-content\/uploads\/2024\/03\/DSC_7058-copie-1024x759.jpg\" alt=\"64e Rallye Le Touquet Pas-de-Calais 2024 photographe De la lumi\u00e8re aux yeux\" class=\"wp-image-5161\" srcset=\"https:\/\/www.delalumiereauxyeux-photo.fr\/wp-content\/uploads\/2024\/03\/DSC_7058-copie-1024x759.jpg 1024w, https:\/\/www.delalumiereauxyeux-photo.fr\/wp-content\/uploads\/2024\/03\/DSC_7058-copie-300x222.jpg 300w, https:\/\/www.delalumiereauxyeux-photo.fr\/wp-content\/uploads\/2024\/03\/DSC_7058-copie-768x569.jpg 768w, https:\/\/www.delalumiereauxyeux-photo.fr\/wp-content\/uploads\/2024\/03\/DSC_7058-copie-1536x1138.jpg 1536w, https:\/\/www.delalumiereauxyeux-photo.fr\/wp-content\/uploads\/2024\/03\/DSC_7058-copie-2048x1518.jpg 2048w\" sizes=\"(max-width: 1024px) 100vw, 1024px\" \/><\/figure>\n\n\n\n<figure class=\"wp-block-image size-large\"><img loading=\"lazy\" decoding=\"async\" width=\"1024\" height=\"653\" src=\"http:\/\/www.delalumiereauxyeux-photo.fr\/wp-content\/uploads\/2024\/03\/DSC_7088-copie-1024x653.jpg\" alt=\"64e Rallye Le Touquet Pas-de-Calais 2024 photographe De la lumi\u00e8re aux yeux\" class=\"wp-image-5162\" srcset=\"https:\/\/www.delalumiereauxyeux-photo.fr\/wp-content\/uploads\/2024\/03\/DSC_7088-copie-1024x653.jpg 1024w, https:\/\/www.delalumiereauxyeux-photo.fr\/wp-content\/uploads\/2024\/03\/DSC_7088-copie-300x191.jpg 300w, https:\/\/www.delalumiereauxyeux-photo.fr\/wp-content\/uploads\/2024\/03\/DSC_7088-copie-768x490.jpg 768w, https:\/\/www.delalumiereauxyeux-photo.fr\/wp-content\/uploads\/2024\/03\/DSC_7088-copie-1536x979.jpg 1536w, https:\/\/www.delalumiereauxyeux-photo.fr\/wp-content\/uploads\/2024\/03\/DSC_7088-copie-2048x1306.jpg 2048w\" sizes=\"(max-width: 1024px) 100vw, 1024px\" \/><\/figure>\n\n\n\n<figure class=\"wp-block-image size-large\"><img loading=\"lazy\" decoding=\"async\" width=\"1024\" height=\"526\" src=\"http:\/\/www.delalumiereauxyeux-photo.fr\/wp-content\/uploads\/2024\/03\/DSC_7131-copie-1024x526.jpg\" alt=\"64e Rallye Le Touquet Pas-de-Calais 2024 photographe De la lumi\u00e8re aux yeux\" class=\"wp-image-5163\" srcset=\"https:\/\/www.delalumiereauxyeux-photo.fr\/wp-content\/uploads\/2024\/03\/DSC_7131-copie-1024x526.jpg 1024w, https:\/\/www.delalumiereauxyeux-photo.fr\/wp-content\/uploads\/2024\/03\/DSC_7131-copie-300x154.jpg 300w, https:\/\/www.delalumiereauxyeux-photo.fr\/wp-content\/uploads\/2024\/03\/DSC_7131-copie-768x394.jpg 768w, https:\/\/www.delalumiereauxyeux-photo.fr\/wp-content\/uploads\/2024\/03\/DSC_7131-copie-1536x788.jpg 1536w, https:\/\/www.delalumiereauxyeux-photo.fr\/wp-content\/uploads\/2024\/03\/DSC_7131-copie-2048x1051.jpg 2048w\" sizes=\"(max-width: 1024px) 100vw, 1024px\" \/><\/figure>\n\n\n\n<figure class=\"wp-block-image size-large\"><img loading=\"lazy\" decoding=\"async\" width=\"1024\" height=\"673\" src=\"http:\/\/www.delalumiereauxyeux-photo.fr\/wp-content\/uploads\/2024\/03\/DSC_7145-copie-1024x673.jpg\" alt=\"64e Rallye Le Touquet Pas-de-Calais 2024 photographe De la lumi\u00e8re aux yeux\" class=\"wp-image-5164\" srcset=\"https:\/\/www.delalumiereauxyeux-photo.fr\/wp-content\/uploads\/2024\/03\/DSC_7145-copie-1024x673.jpg 1024w, https:\/\/www.delalumiereauxyeux-photo.fr\/wp-content\/uploads\/2024\/03\/DSC_7145-copie-300x197.jpg 300w, https:\/\/www.delalumiereauxyeux-photo.fr\/wp-content\/uploads\/2024\/03\/DSC_7145-copie-768x505.jpg 768w, https:\/\/www.delalumiereauxyeux-photo.fr\/wp-content\/uploads\/2024\/03\/DSC_7145-copie-1536x1010.jpg 1536w, https:\/\/www.delalumiereauxyeux-photo.fr\/wp-content\/uploads\/2024\/03\/DSC_7145-copie-2048x1347.jpg 2048w\" sizes=\"(max-width: 1024px) 100vw, 1024px\" \/><\/figure>\n\n\n\n<figure class=\"wp-block-image size-large\"><img loading=\"lazy\" decoding=\"async\" width=\"1024\" height=\"802\" src=\"http:\/\/www.delalumiereauxyeux-photo.fr\/wp-content\/uploads\/2024\/03\/DSC_7164-copie-1024x802.jpg\" alt=\"64e Rallye Le Touquet Pas-de-Calais 2024 photographe De la lumi\u00e8re aux yeux\" class=\"wp-image-5165\" srcset=\"https:\/\/www.delalumiereauxyeux-photo.fr\/wp-content\/uploads\/2024\/03\/DSC_7164-copie-1024x802.jpg 1024w, https:\/\/www.delalumiereauxyeux-photo.fr\/wp-content\/uploads\/2024\/03\/DSC_7164-copie-300x235.jpg 300w, https:\/\/www.delalumiereauxyeux-photo.fr\/wp-content\/uploads\/2024\/03\/DSC_7164-copie-768x601.jpg 768w, https:\/\/www.delalumiereauxyeux-photo.fr\/wp-content\/uploads\/2024\/03\/DSC_7164-copie-1536x1202.jpg 1536w, https:\/\/www.delalumiereauxyeux-photo.fr\/wp-content\/uploads\/2024\/03\/DSC_7164-copie-2048x1603.jpg 2048w\" sizes=\"(max-width: 1024px) 100vw, 1024px\" \/><\/figure>\n\n\n\n<figure class=\"wp-block-image size-large\"><img loading=\"lazy\" decoding=\"async\" width=\"1024\" height=\"632\" src=\"http:\/\/www.delalumiereauxyeux-photo.fr\/wp-content\/uploads\/2024\/03\/DSC_7186-copie-1024x632.jpg\" alt=\"64e Rallye Le Touquet Pas-de-Calais 2024 photographe De la lumi\u00e8re aux yeux\" class=\"wp-image-5166\" srcset=\"https:\/\/www.delalumiereauxyeux-photo.fr\/wp-content\/uploads\/2024\/03\/DSC_7186-copie-1024x632.jpg 1024w, https:\/\/www.delalumiereauxyeux-photo.fr\/wp-content\/uploads\/2024\/03\/DSC_7186-copie-300x185.jpg 300w, https:\/\/www.delalumiereauxyeux-photo.fr\/wp-content\/uploads\/2024\/03\/DSC_7186-copie-768x474.jpg 768w, https:\/\/www.delalumiereauxyeux-photo.fr\/wp-content\/uploads\/2024\/03\/DSC_7186-copie-1536x948.jpg 1536w, https:\/\/www.delalumiereauxyeux-photo.fr\/wp-content\/uploads\/2024\/03\/DSC_7186-copie-2048x1264.jpg 2048w\" sizes=\"(max-width: 1024px) 100vw, 1024px\" \/><\/figure>\n\n\n\n<figure class=\"wp-block-image size-large\"><img loading=\"lazy\" decoding=\"async\" width=\"1024\" height=\"683\" src=\"http:\/\/www.delalumiereauxyeux-photo.fr\/wp-content\/uploads\/2024\/03\/DSC_7255-copie-1024x683.jpg\" alt=\"64e Rallye Le Touquet Pas-de-Calais 2024 photographe De la lumi\u00e8re aux yeux\" class=\"wp-image-5167\" srcset=\"https:\/\/www.delalumiereauxyeux-photo.fr\/wp-content\/uploads\/2024\/03\/DSC_7255-copie-1024x683.jpg 1024w, https:\/\/www.delalumiereauxyeux-photo.fr\/wp-content\/uploads\/2024\/03\/DSC_7255-copie-300x200.jpg 300w, https:\/\/www.delalumiereauxyeux-photo.fr\/wp-content\/uploads\/2024\/03\/DSC_7255-copie-768x512.jpg 768w, https:\/\/www.delalumiereauxyeux-photo.fr\/wp-content\/uploads\/2024\/03\/DSC_7255-copie-1536x1024.jpg 1536w, https:\/\/www.delalumiereauxyeux-photo.fr\/wp-content\/uploads\/2024\/03\/DSC_7255-copie-2048x1365.jpg 2048w\" sizes=\"(max-width: 1024px) 100vw, 1024px\" \/><\/figure>\n\n\n\n<figure class=\"wp-block-image size-large\"><img loading=\"lazy\" decoding=\"async\" width=\"1024\" height=\"677\" src=\"http:\/\/www.delalumiereauxyeux-photo.fr\/wp-content\/uploads\/2024\/03\/DSC_7438-copie-1024x677.jpg\" alt=\"64e Rallye Le Touquet Pas-de-Calais 2024 photographe De la lumi\u00e8re aux yeux\" class=\"wp-image-5168\" srcset=\"https:\/\/www.delalumiereauxyeux-photo.fr\/wp-content\/uploads\/2024\/03\/DSC_7438-copie-1024x677.jpg 1024w, https:\/\/www.delalumiereauxyeux-photo.fr\/wp-content\/uploads\/2024\/03\/DSC_7438-copie-300x198.jpg 300w, https:\/\/www.delalumiereauxyeux-photo.fr\/wp-content\/uploads\/2024\/03\/DSC_7438-copie-768x507.jpg 768w, https:\/\/www.delalumiereauxyeux-photo.fr\/wp-content\/uploads\/2024\/03\/DSC_7438-copie-1536x1015.jpg 1536w, https:\/\/www.delalumiereauxyeux-photo.fr\/wp-content\/uploads\/2024\/03\/DSC_7438-copie-2048x1353.jpg 2048w\" sizes=\"(max-width: 1024px) 100vw, 1024px\" \/><\/figure>\n\n\n\n<figure class=\"wp-block-image size-large\"><img loading=\"lazy\" decoding=\"async\" width=\"1024\" height=\"683\" src=\"http:\/\/www.delalumiereauxyeux-photo.fr\/wp-content\/uploads\/2024\/03\/DSC_7500-copie-1024x683.jpg\" alt=\"64e Rallye Le Touquet Pas-de-Calais 2024 photographe De la lumi\u00e8re aux yeux\" class=\"wp-image-5169\" srcset=\"https:\/\/www.delalumiereauxyeux-photo.fr\/wp-content\/uploads\/2024\/03\/DSC_7500-copie-1024x683.jpg 1024w, https:\/\/www.delalumiereauxyeux-photo.fr\/wp-content\/uploads\/2024\/03\/DSC_7500-copie-300x200.jpg 300w, https:\/\/www.delalumiereauxyeux-photo.fr\/wp-content\/uploads\/2024\/03\/DSC_7500-copie-768x512.jpg 768w, https:\/\/www.delalumiereauxyeux-photo.fr\/wp-content\/uploads\/2024\/03\/DSC_7500-copie-1536x1024.jpg 1536w, https:\/\/www.delalumiereauxyeux-photo.fr\/wp-content\/uploads\/2024\/03\/DSC_7500-copie-2048x1365.jpg 2048w\" sizes=\"(max-width: 1024px) 100vw, 1024px\" \/><\/figure>\n\n\n\n<figure class=\"wp-block-image size-large\"><img loading=\"lazy\" decoding=\"async\" width=\"1024\" height=\"750\" src=\"http:\/\/www.delalumiereauxyeux-photo.fr\/wp-content\/uploads\/2024\/03\/DSC_7530-copie-1024x750.jpg\" alt=\"64e Rallye Le Touquet Pas-de-Calais 2024 photographe De la lumi\u00e8re aux yeux\" class=\"wp-image-5170\" srcset=\"https:\/\/www.delalumiereauxyeux-photo.fr\/wp-content\/uploads\/2024\/03\/DSC_7530-copie-1024x750.jpg 1024w, https:\/\/www.delalumiereauxyeux-photo.fr\/wp-content\/uploads\/2024\/03\/DSC_7530-copie-300x220.jpg 300w, https:\/\/www.delalumiereauxyeux-photo.fr\/wp-content\/uploads\/2024\/03\/DSC_7530-copie-768x563.jpg 768w, https:\/\/www.delalumiereauxyeux-photo.fr\/wp-content\/uploads\/2024\/03\/DSC_7530-copie-1536x1125.jpg 1536w, https:\/\/www.delalumiereauxyeux-photo.fr\/wp-content\/uploads\/2024\/03\/DSC_7530-copie-2048x1500.jpg 2048w\" sizes=\"(max-width: 1024px) 100vw, 1024px\" \/><\/figure>\n\n\n\n<figure class=\"wp-block-image size-large\"><img loading=\"lazy\" decoding=\"async\" width=\"1024\" height=\"683\" src=\"http:\/\/www.delalumiereauxyeux-photo.fr\/wp-content\/uploads\/2024\/03\/DSC_7594-copie-1024x683.jpg\" alt=\"64e Rallye Le Touquet Pas-de-Calais 2024 photographe De la lumi\u00e8re aux yeux\" class=\"wp-image-5171\" srcset=\"https:\/\/www.delalumiereauxyeux-photo.fr\/wp-content\/uploads\/2024\/03\/DSC_7594-copie-1024x683.jpg 1024w, https:\/\/www.delalumiereauxyeux-photo.fr\/wp-content\/uploads\/2024\/03\/DSC_7594-copie-300x200.jpg 300w, https:\/\/www.delalumiereauxyeux-photo.fr\/wp-content\/uploads\/2024\/03\/DSC_7594-copie-768x512.jpg 768w, https:\/\/www.delalumiereauxyeux-photo.fr\/wp-content\/uploads\/2024\/03\/DSC_7594-copie-1536x1024.jpg 1536w, https:\/\/www.delalumiereauxyeux-photo.fr\/wp-content\/uploads\/2024\/03\/DSC_7594-copie-2048x1365.jpg 2048w\" sizes=\"(max-width: 1024px) 100vw, 1024px\" \/><\/figure>\n\n\n\n<p>ES 9 VHC\/VHRS<\/p>\n\n\n\n<figure class=\"wp-block-image size-large\"><img loading=\"lazy\" decoding=\"async\" width=\"1024\" height=\"554\" src=\"http:\/\/www.delalumiereauxyeux-photo.fr\/wp-content\/uploads\/2024\/03\/DSC_7628-copie-1024x554.jpg\" alt=\"64e Rallye Le Touquet Pas-de-Calais 2024 photographe De la lumi\u00e8re aux yeux\" class=\"wp-image-5173\" srcset=\"https:\/\/www.delalumiereauxyeux-photo.fr\/wp-content\/uploads\/2024\/03\/DSC_7628-copie-1024x554.jpg 1024w, https:\/\/www.delalumiereauxyeux-photo.fr\/wp-content\/uploads\/2024\/03\/DSC_7628-copie-300x162.jpg 300w, https:\/\/www.delalumiereauxyeux-photo.fr\/wp-content\/uploads\/2024\/03\/DSC_7628-copie-768x415.jpg 768w, https:\/\/www.delalumiereauxyeux-photo.fr\/wp-content\/uploads\/2024\/03\/DSC_7628-copie-1536x831.jpg 1536w, https:\/\/www.delalumiereauxyeux-photo.fr\/wp-content\/uploads\/2024\/03\/DSC_7628-copie-2048x1108.jpg 2048w\" sizes=\"(max-width: 1024px) 100vw, 1024px\" \/><\/figure>\n\n\n\n<figure class=\"wp-block-image size-large\"><img loading=\"lazy\" decoding=\"async\" width=\"1024\" height=\"492\" src=\"http:\/\/www.delalumiereauxyeux-photo.fr\/wp-content\/uploads\/2024\/03\/DSC_7608-copie-1024x492.jpg\" alt=\"64e Rallye Le Touquet Pas-de-Calais 2024 photographe De la lumi\u00e8re aux yeux\" class=\"wp-image-5172\" srcset=\"https:\/\/www.delalumiereauxyeux-photo.fr\/wp-content\/uploads\/2024\/03\/DSC_7608-copie-1024x492.jpg 1024w, https:\/\/www.delalumiereauxyeux-photo.fr\/wp-content\/uploads\/2024\/03\/DSC_7608-copie-300x144.jpg 300w, https:\/\/www.delalumiereauxyeux-photo.fr\/wp-content\/uploads\/2024\/03\/DSC_7608-copie-768x369.jpg 768w, https:\/\/www.delalumiereauxyeux-photo.fr\/wp-content\/uploads\/2024\/03\/DSC_7608-copie-1536x738.jpg 1536w, https:\/\/www.delalumiereauxyeux-photo.fr\/wp-content\/uploads\/2024\/03\/DSC_7608-copie-2048x984.jpg 2048w\" sizes=\"(max-width: 1024px) 100vw, 1024px\" \/><\/figure>\n\n\n\n<figure class=\"wp-block-image size-large\"><img loading=\"lazy\" decoding=\"async\" width=\"1024\" height=\"788\" src=\"http:\/\/www.delalumiereauxyeux-photo.fr\/wp-content\/uploads\/2024\/03\/DSC_7631-copie-1024x788.jpg\" alt=\"64e Rallye Le Touquet Pas-de-Calais 2024 photographe De la lumi\u00e8re aux yeux\" class=\"wp-image-5174\" srcset=\"https:\/\/www.delalumiereauxyeux-photo.fr\/wp-content\/uploads\/2024\/03\/DSC_7631-copie-1024x788.jpg 1024w, https:\/\/www.delalumiereauxyeux-photo.fr\/wp-content\/uploads\/2024\/03\/DSC_7631-copie-300x231.jpg 300w, https:\/\/www.delalumiereauxyeux-photo.fr\/wp-content\/uploads\/2024\/03\/DSC_7631-copie-768x591.jpg 768w, https:\/\/www.delalumiereauxyeux-photo.fr\/wp-content\/uploads\/2024\/03\/DSC_7631-copie-1536x1182.jpg 1536w, https:\/\/www.delalumiereauxyeux-photo.fr\/wp-content\/uploads\/2024\/03\/DSC_7631-copie-2048x1576.jpg 2048w\" sizes=\"(max-width: 1024px) 100vw, 1024px\" \/><\/figure>\n\n\n\n<figure class=\"wp-block-image size-large\"><img loading=\"lazy\" decoding=\"async\" width=\"1024\" height=\"640\" src=\"http:\/\/www.delalumiereauxyeux-photo.fr\/wp-content\/uploads\/2024\/03\/DSC_7647-copie-1024x640.jpg\" alt=\"64e Rallye Le Touquet Pas-de-Calais 2024 photographe De la lumi\u00e8re aux yeux\" class=\"wp-image-5175\" srcset=\"https:\/\/www.delalumiereauxyeux-photo.fr\/wp-content\/uploads\/2024\/03\/DSC_7647-copie-1024x640.jpg 1024w, https:\/\/www.delalumiereauxyeux-photo.fr\/wp-content\/uploads\/2024\/03\/DSC_7647-copie-300x187.jpg 300w, https:\/\/www.delalumiereauxyeux-photo.fr\/wp-content\/uploads\/2024\/03\/DSC_7647-copie-768x480.jpg 768w, https:\/\/www.delalumiereauxyeux-photo.fr\/wp-content\/uploads\/2024\/03\/DSC_7647-copie-1536x960.jpg 1536w, https:\/\/www.delalumiereauxyeux-photo.fr\/wp-content\/uploads\/2024\/03\/DSC_7647-copie-2048x1279.jpg 2048w\" sizes=\"(max-width: 1024px) 100vw, 1024px\" \/><\/figure>\n\n\n\n<figure class=\"wp-block-image size-large\"><img loading=\"lazy\" decoding=\"async\" width=\"1024\" height=\"468\" src=\"http:\/\/www.delalumiereauxyeux-photo.fr\/wp-content\/uploads\/2024\/03\/DSC_7698-copie-1024x468.jpg\" alt=\"64e Rallye Le Touquet Pas-de-Calais 2024 photographe De la lumi\u00e8re aux yeux\" class=\"wp-image-5176\" srcset=\"https:\/\/www.delalumiereauxyeux-photo.fr\/wp-content\/uploads\/2024\/03\/DSC_7698-copie-1024x468.jpg 1024w, https:\/\/www.delalumiereauxyeux-photo.fr\/wp-content\/uploads\/2024\/03\/DSC_7698-copie-300x137.jpg 300w, https:\/\/www.delalumiereauxyeux-photo.fr\/wp-content\/uploads\/2024\/03\/DSC_7698-copie-768x351.jpg 768w, https:\/\/www.delalumiereauxyeux-photo.fr\/wp-content\/uploads\/2024\/03\/DSC_7698-copie-1536x703.jpg 1536w, https:\/\/www.delalumiereauxyeux-photo.fr\/wp-content\/uploads\/2024\/03\/DSC_7698-copie-2048x937.jpg 2048w\" sizes=\"(max-width: 1024px) 100vw, 1024px\" \/><\/figure>\n\n\n\n<figure class=\"wp-block-image size-large\"><img loading=\"lazy\" decoding=\"async\" width=\"1024\" height=\"625\" src=\"http:\/\/www.delalumiereauxyeux-photo.fr\/wp-content\/uploads\/2024\/03\/DSC_7704-copie-1024x625.jpg\" alt=\"64e Rallye Le Touquet Pas-de-Calais 2024 photographe De la lumi\u00e8re aux yeux\" class=\"wp-image-5177\" srcset=\"https:\/\/www.delalumiereauxyeux-photo.fr\/wp-content\/uploads\/2024\/03\/DSC_7704-copie-1024x625.jpg 1024w, https:\/\/www.delalumiereauxyeux-photo.fr\/wp-content\/uploads\/2024\/03\/DSC_7704-copie-300x183.jpg 300w, https:\/\/www.delalumiereauxyeux-photo.fr\/wp-content\/uploads\/2024\/03\/DSC_7704-copie-768x468.jpg 768w, https:\/\/www.delalumiereauxyeux-photo.fr\/wp-content\/uploads\/2024\/03\/DSC_7704-copie-1536x937.jpg 1536w, https:\/\/www.delalumiereauxyeux-photo.fr\/wp-content\/uploads\/2024\/03\/DSC_7704-copie-2048x1249.jpg 2048w\" sizes=\"(max-width: 1024px) 100vw, 1024px\" \/><\/figure>\n\n\n\n<figure class=\"wp-block-image size-large\"><img loading=\"lazy\" decoding=\"async\" width=\"1024\" height=\"523\" src=\"http:\/\/www.delalumiereauxyeux-photo.fr\/wp-content\/uploads\/2024\/03\/DSC_7727-copie-1024x523.jpg\" alt=\"64e Rallye Le Touquet Pas-de-Calais 2024 photographe De la lumi\u00e8re aux yeux\" class=\"wp-image-5178\" srcset=\"https:\/\/www.delalumiereauxyeux-photo.fr\/wp-content\/uploads\/2024\/03\/DSC_7727-copie-1024x523.jpg 1024w, https:\/\/www.delalumiereauxyeux-photo.fr\/wp-content\/uploads\/2024\/03\/DSC_7727-copie-300x153.jpg 300w, https:\/\/www.delalumiereauxyeux-photo.fr\/wp-content\/uploads\/2024\/03\/DSC_7727-copie-768x392.jpg 768w, https:\/\/www.delalumiereauxyeux-photo.fr\/wp-content\/uploads\/2024\/03\/DSC_7727-copie-1536x785.jpg 1536w, https:\/\/www.delalumiereauxyeux-photo.fr\/wp-content\/uploads\/2024\/03\/DSC_7727-copie-2048x1046.jpg 2048w\" sizes=\"(max-width: 1024px) 100vw, 1024px\" \/><\/figure>\n\n\n\n<figure class=\"wp-block-image size-large\"><img loading=\"lazy\" decoding=\"async\" width=\"1024\" height=\"545\" src=\"http:\/\/www.delalumiereauxyeux-photo.fr\/wp-content\/uploads\/2024\/03\/DSC_0284-copie-1024x545.jpg\" alt=\"64e Rallye Le Touquet Pas-de-Calais 2024 photographe De la lumi\u00e8re aux yeux\" class=\"wp-image-5134\" srcset=\"https:\/\/www.delalumiereauxyeux-photo.fr\/wp-content\/uploads\/2024\/03\/DSC_0284-copie-1024x545.jpg 1024w, https:\/\/www.delalumiereauxyeux-photo.fr\/wp-content\/uploads\/2024\/03\/DSC_0284-copie-300x160.jpg 300w, https:\/\/www.delalumiereauxyeux-photo.fr\/wp-content\/uploads\/2024\/03\/DSC_0284-copie-768x408.jpg 768w, https:\/\/www.delalumiereauxyeux-photo.fr\/wp-content\/uploads\/2024\/03\/DSC_0284-copie-1536x817.jpg 1536w, https:\/\/www.delalumiereauxyeux-photo.fr\/wp-content\/uploads\/2024\/03\/DSC_0284-copie-2048x1089.jpg 2048w\" sizes=\"(max-width: 1024px) 100vw, 1024px\" \/><\/figure>\n\n\n\n<figure class=\"wp-block-image size-large\"><img loading=\"lazy\" decoding=\"async\" width=\"1024\" height=\"683\" src=\"http:\/\/www.delalumiereauxyeux-photo.fr\/wp-content\/uploads\/2024\/03\/DSC_7857-copie-1024x683.jpg\" alt=\"64e Rallye Le Touquet Pas-de-Calais 2024 photographe De la lumi\u00e8re aux yeux\" class=\"wp-image-5179\" srcset=\"https:\/\/www.delalumiereauxyeux-photo.fr\/wp-content\/uploads\/2024\/03\/DSC_7857-copie-1024x683.jpg 1024w, https:\/\/www.delalumiereauxyeux-photo.fr\/wp-content\/uploads\/2024\/03\/DSC_7857-copie-300x200.jpg 300w, https:\/\/www.delalumiereauxyeux-photo.fr\/wp-content\/uploads\/2024\/03\/DSC_7857-copie-768x512.jpg 768w, https:\/\/www.delalumiereauxyeux-photo.fr\/wp-content\/uploads\/2024\/03\/DSC_7857-copie-1536x1024.jpg 1536w, https:\/\/www.delalumiereauxyeux-photo.fr\/wp-content\/uploads\/2024\/03\/DSC_7857-copie-2048x1365.jpg 2048w\" sizes=\"(max-width: 1024px) 100vw, 1024px\" \/><\/figure>\n\n\n\n<figure class=\"wp-block-image size-large\"><img loading=\"lazy\" decoding=\"async\" width=\"1024\" height=\"479\" src=\"http:\/\/www.delalumiereauxyeux-photo.fr\/wp-content\/uploads\/2024\/03\/DSC_7868-copie-1024x479.jpg\" alt=\"64e Rallye Le Touquet Pas-de-Calais 2024 photographe De la lumi\u00e8re aux yeux\" class=\"wp-image-5180\" srcset=\"https:\/\/www.delalumiereauxyeux-photo.fr\/wp-content\/uploads\/2024\/03\/DSC_7868-copie-1024x479.jpg 1024w, https:\/\/www.delalumiereauxyeux-photo.fr\/wp-content\/uploads\/2024\/03\/DSC_7868-copie-300x140.jpg 300w, https:\/\/www.delalumiereauxyeux-photo.fr\/wp-content\/uploads\/2024\/03\/DSC_7868-copie-768x359.jpg 768w, https:\/\/www.delalumiereauxyeux-photo.fr\/wp-content\/uploads\/2024\/03\/DSC_7868-copie-1536x719.jpg 1536w, https:\/\/www.delalumiereauxyeux-photo.fr\/wp-content\/uploads\/2024\/03\/DSC_7868-copie-2048x959.jpg 2048w\" sizes=\"(max-width: 1024px) 100vw, 1024px\" \/><\/figure>\n\n\n\n<figure class=\"wp-block-image size-large\"><img loading=\"lazy\" decoding=\"async\" width=\"1024\" height=\"658\" src=\"http:\/\/www.delalumiereauxyeux-photo.fr\/wp-content\/uploads\/2024\/03\/DSC_7883-copie-1024x658.jpg\" alt=\"64e Rallye Le Touquet Pas-de-Calais 2024 photographe De la lumi\u00e8re aux yeux\" class=\"wp-image-5181\" srcset=\"https:\/\/www.delalumiereauxyeux-photo.fr\/wp-content\/uploads\/2024\/03\/DSC_7883-copie-1024x658.jpg 1024w, https:\/\/www.delalumiereauxyeux-photo.fr\/wp-content\/uploads\/2024\/03\/DSC_7883-copie-300x193.jpg 300w, https:\/\/www.delalumiereauxyeux-photo.fr\/wp-content\/uploads\/2024\/03\/DSC_7883-copie-768x493.jpg 768w, https:\/\/www.delalumiereauxyeux-photo.fr\/wp-content\/uploads\/2024\/03\/DSC_7883-copie-1536x986.jpg 1536w, https:\/\/www.delalumiereauxyeux-photo.fr\/wp-content\/uploads\/2024\/03\/DSC_7883-copie-2048x1315.jpg 2048w\" sizes=\"(max-width: 1024px) 100vw, 1024px\" \/><\/figure>\n\n\n\n<figure class=\"wp-block-image size-large\"><img loading=\"lazy\" decoding=\"async\" width=\"1024\" height=\"541\" src=\"http:\/\/www.delalumiereauxyeux-photo.fr\/wp-content\/uploads\/2024\/03\/DSC_7888-copie-1024x541.jpg\" alt=\"64e Rallye Le Touquet Pas-de-Calais 2024 photographe De la lumi\u00e8re aux yeux\" class=\"wp-image-5182\" srcset=\"https:\/\/www.delalumiereauxyeux-photo.fr\/wp-content\/uploads\/2024\/03\/DSC_7888-copie-1024x541.jpg 1024w, https:\/\/www.delalumiereauxyeux-photo.fr\/wp-content\/uploads\/2024\/03\/DSC_7888-copie-300x159.jpg 300w, https:\/\/www.delalumiereauxyeux-photo.fr\/wp-content\/uploads\/2024\/03\/DSC_7888-copie-768x406.jpg 768w, https:\/\/www.delalumiereauxyeux-photo.fr\/wp-content\/uploads\/2024\/03\/DSC_7888-copie-1536x812.jpg 1536w, https:\/\/www.delalumiereauxyeux-photo.fr\/wp-content\/uploads\/2024\/03\/DSC_7888-copie-2048x1082.jpg 2048w\" sizes=\"(max-width: 1024px) 100vw, 1024px\" \/><\/figure>\n\n\n\n<figure class=\"wp-block-image size-large\"><img loading=\"lazy\" decoding=\"async\" width=\"1024\" height=\"604\" src=\"http:\/\/www.delalumiereauxyeux-photo.fr\/wp-content\/uploads\/2024\/03\/DSC_7939-copie-1024x604.jpg\" alt=\"64e Rallye Le Touquet Pas-de-Calais 2024 photographe De la lumi\u00e8re aux yeux\" class=\"wp-image-5183\" srcset=\"https:\/\/www.delalumiereauxyeux-photo.fr\/wp-content\/uploads\/2024\/03\/DSC_7939-copie-1024x604.jpg 1024w, https:\/\/www.delalumiereauxyeux-photo.fr\/wp-content\/uploads\/2024\/03\/DSC_7939-copie-300x177.jpg 300w, https:\/\/www.delalumiereauxyeux-photo.fr\/wp-content\/uploads\/2024\/03\/DSC_7939-copie-768x453.jpg 768w, https:\/\/www.delalumiereauxyeux-photo.fr\/wp-content\/uploads\/2024\/03\/DSC_7939-copie-1536x906.jpg 1536w, https:\/\/www.delalumiereauxyeux-photo.fr\/wp-content\/uploads\/2024\/03\/DSC_7939-copie-2048x1207.jpg 2048w\" sizes=\"(max-width: 1024px) 100vw, 1024px\" \/><\/figure>\n\n\n\n<p>ES 12<\/p>\n\n\n\n<figure class=\"wp-block-image size-large\"><img loading=\"lazy\" decoding=\"async\" width=\"1024\" height=\"683\" src=\"http:\/\/www.delalumiereauxyeux-photo.fr\/wp-content\/uploads\/2024\/03\/DSC_7961-copie-1024x683.jpg\" alt=\"64e Rallye Le Touquet Pas-de-Calais 2024 photographe De la lumi\u00e8re aux yeux\" class=\"wp-image-5184\" srcset=\"https:\/\/www.delalumiereauxyeux-photo.fr\/wp-content\/uploads\/2024\/03\/DSC_7961-copie-1024x683.jpg 1024w, https:\/\/www.delalumiereauxyeux-photo.fr\/wp-content\/uploads\/2024\/03\/DSC_7961-copie-300x200.jpg 300w, https:\/\/www.delalumiereauxyeux-photo.fr\/wp-content\/uploads\/2024\/03\/DSC_7961-copie-768x512.jpg 768w, https:\/\/www.delalumiereauxyeux-photo.fr\/wp-content\/uploads\/2024\/03\/DSC_7961-copie-1536x1024.jpg 1536w, https:\/\/www.delalumiereauxyeux-photo.fr\/wp-content\/uploads\/2024\/03\/DSC_7961-copie-2048x1365.jpg 2048w\" sizes=\"(max-width: 1024px) 100vw, 1024px\" \/><\/figure>\n\n\n\n<figure class=\"wp-block-image size-large\"><img loading=\"lazy\" decoding=\"async\" width=\"1024\" height=\"575\" src=\"http:\/\/www.delalumiereauxyeux-photo.fr\/wp-content\/uploads\/2024\/03\/DSC_7967-copie-1024x575.jpg\" alt=\"64e Rallye Le Touquet Pas-de-Calais 2024 photographe De la lumi\u00e8re aux yeux\" class=\"wp-image-5185\" srcset=\"https:\/\/www.delalumiereauxyeux-photo.fr\/wp-content\/uploads\/2024\/03\/DSC_7967-copie-1024x575.jpg 1024w, https:\/\/www.delalumiereauxyeux-photo.fr\/wp-content\/uploads\/2024\/03\/DSC_7967-copie-300x168.jpg 300w, https:\/\/www.delalumiereauxyeux-photo.fr\/wp-content\/uploads\/2024\/03\/DSC_7967-copie-768x431.jpg 768w, https:\/\/www.delalumiereauxyeux-photo.fr\/wp-content\/uploads\/2024\/03\/DSC_7967-copie-1536x862.jpg 1536w, https:\/\/www.delalumiereauxyeux-photo.fr\/wp-content\/uploads\/2024\/03\/DSC_7967-copie-2048x1149.jpg 2048w\" sizes=\"(max-width: 1024px) 100vw, 1024px\" \/><\/figure>\n\n\n\n<figure class=\"wp-block-image size-large\"><img loading=\"lazy\" decoding=\"async\" width=\"1024\" height=\"532\" src=\"http:\/\/www.delalumiereauxyeux-photo.fr\/wp-content\/uploads\/2024\/03\/DSC_7976-copie-1024x532.jpg\" alt=\"64e Rallye Le Touquet Pas-de-Calais 2024 photographe De la lumi\u00e8re aux yeux\" class=\"wp-image-5186\" srcset=\"https:\/\/www.delalumiereauxyeux-photo.fr\/wp-content\/uploads\/2024\/03\/DSC_7976-copie-1024x532.jpg 1024w, https:\/\/www.delalumiereauxyeux-photo.fr\/wp-content\/uploads\/2024\/03\/DSC_7976-copie-300x156.jpg 300w, https:\/\/www.delalumiereauxyeux-photo.fr\/wp-content\/uploads\/2024\/03\/DSC_7976-copie-768x399.jpg 768w, https:\/\/www.delalumiereauxyeux-photo.fr\/wp-content\/uploads\/2024\/03\/DSC_7976-copie-1536x798.jpg 1536w, https:\/\/www.delalumiereauxyeux-photo.fr\/wp-content\/uploads\/2024\/03\/DSC_7976-copie-2048x1064.jpg 2048w\" sizes=\"(max-width: 1024px) 100vw, 1024px\" \/><\/figure>\n\n\n\n<figure class=\"wp-block-image size-large\"><img loading=\"lazy\" decoding=\"async\" width=\"1024\" height=\"683\" src=\"http:\/\/www.delalumiereauxyeux-photo.fr\/wp-content\/uploads\/2024\/03\/DSC_7989-copie-1024x683.jpg\" alt=\"64e Rallye Le Touquet Pas-de-Calais 2024 photographe De la lumi\u00e8re aux yeux\" class=\"wp-image-5187\" srcset=\"https:\/\/www.delalumiereauxyeux-photo.fr\/wp-content\/uploads\/2024\/03\/DSC_7989-copie-1024x683.jpg 1024w, https:\/\/www.delalumiereauxyeux-photo.fr\/wp-content\/uploads\/2024\/03\/DSC_7989-copie-300x200.jpg 300w, https:\/\/www.delalumiereauxyeux-photo.fr\/wp-content\/uploads\/2024\/03\/DSC_7989-copie-768x512.jpg 768w, https:\/\/www.delalumiereauxyeux-photo.fr\/wp-content\/uploads\/2024\/03\/DSC_7989-copie-1536x1024.jpg 1536w, https:\/\/www.delalumiereauxyeux-photo.fr\/wp-content\/uploads\/2024\/03\/DSC_7989-copie-2048x1365.jpg 2048w\" sizes=\"(max-width: 1024px) 100vw, 1024px\" \/><\/figure>\n\n\n\n<figure class=\"wp-block-image size-large\"><img loading=\"lazy\" decoding=\"async\" width=\"1024\" height=\"569\" src=\"http:\/\/www.delalumiereauxyeux-photo.fr\/wp-content\/uploads\/2024\/03\/DSC_7995-copie-1024x569.jpg\" alt=\"64e Rallye Le Touquet Pas-de-Calais 2024 photographe De la lumi\u00e8re aux yeux\" class=\"wp-image-5188\" srcset=\"https:\/\/www.delalumiereauxyeux-photo.fr\/wp-content\/uploads\/2024\/03\/DSC_7995-copie-1024x569.jpg 1024w, https:\/\/www.delalumiereauxyeux-photo.fr\/wp-content\/uploads\/2024\/03\/DSC_7995-copie-300x167.jpg 300w, https:\/\/www.delalumiereauxyeux-photo.fr\/wp-content\/uploads\/2024\/03\/DSC_7995-copie-768x427.jpg 768w, https:\/\/www.delalumiereauxyeux-photo.fr\/wp-content\/uploads\/2024\/03\/DSC_7995-copie-1536x853.jpg 1536w, https:\/\/www.delalumiereauxyeux-photo.fr\/wp-content\/uploads\/2024\/03\/DSC_7995-copie-2048x1138.jpg 2048w\" sizes=\"(max-width: 1024px) 100vw, 1024px\" \/><\/figure>\n\n\n\n<figure class=\"wp-block-image size-large\"><img loading=\"lazy\" decoding=\"async\" width=\"1024\" height=\"502\" src=\"http:\/\/www.delalumiereauxyeux-photo.fr\/wp-content\/uploads\/2024\/03\/DSC_8037-copie-1024x502.jpg\" alt=\"64e Rallye Le Touquet Pas-de-Calais 2024 photographe De la lumi\u00e8re aux yeux\" class=\"wp-image-5189\" srcset=\"https:\/\/www.delalumiereauxyeux-photo.fr\/wp-content\/uploads\/2024\/03\/DSC_8037-copie-1024x502.jpg 1024w, https:\/\/www.delalumiereauxyeux-photo.fr\/wp-content\/uploads\/2024\/03\/DSC_8037-copie-300x147.jpg 300w, https:\/\/www.delalumiereauxyeux-photo.fr\/wp-content\/uploads\/2024\/03\/DSC_8037-copie-768x376.jpg 768w, https:\/\/www.delalumiereauxyeux-photo.fr\/wp-content\/uploads\/2024\/03\/DSC_8037-copie-1536x753.jpg 1536w, https:\/\/www.delalumiereauxyeux-photo.fr\/wp-content\/uploads\/2024\/03\/DSC_8037-copie-2048x1004.jpg 2048w\" sizes=\"(max-width: 1024px) 100vw, 1024px\" \/><\/figure>\n\n\n\n<figure class=\"wp-block-image size-large\"><img loading=\"lazy\" decoding=\"async\" width=\"1024\" height=\"684\" src=\"http:\/\/www.delalumiereauxyeux-photo.fr\/wp-content\/uploads\/2024\/03\/DSC_8146-copie-1024x684.jpg\" alt=\"64e Rallye Le Touquet Pas-de-Calais 2024 photographe De la lumi\u00e8re aux yeux\" class=\"wp-image-5190\" srcset=\"https:\/\/www.delalumiereauxyeux-photo.fr\/wp-content\/uploads\/2024\/03\/DSC_8146-copie-1024x684.jpg 1024w, https:\/\/www.delalumiereauxyeux-photo.fr\/wp-content\/uploads\/2024\/03\/DSC_8146-copie-300x200.jpg 300w, https:\/\/www.delalumiereauxyeux-photo.fr\/wp-content\/uploads\/2024\/03\/DSC_8146-copie-768x513.jpg 768w, https:\/\/www.delalumiereauxyeux-photo.fr\/wp-content\/uploads\/2024\/03\/DSC_8146-copie-1536x1026.jpg 1536w, https:\/\/www.delalumiereauxyeux-photo.fr\/wp-content\/uploads\/2024\/03\/DSC_8146-copie-2048x1368.jpg 2048w\" sizes=\"(max-width: 1024px) 100vw, 1024px\" \/><\/figure>\n\n\n\n<figure class=\"wp-block-image size-large\"><img loading=\"lazy\" decoding=\"async\" width=\"1024\" height=\"559\" src=\"http:\/\/www.delalumiereauxyeux-photo.fr\/wp-content\/uploads\/2024\/03\/DSC_8163-copie-1024x559.jpg\" alt=\"64e Rallye Le Touquet Pas-de-Calais 2024 photographe De la lumi\u00e8re aux yeux\" class=\"wp-image-5191\" srcset=\"https:\/\/www.delalumiereauxyeux-photo.fr\/wp-content\/uploads\/2024\/03\/DSC_8163-copie-1024x559.jpg 1024w, https:\/\/www.delalumiereauxyeux-photo.fr\/wp-content\/uploads\/2024\/03\/DSC_8163-copie-300x164.jpg 300w, https:\/\/www.delalumiereauxyeux-photo.fr\/wp-content\/uploads\/2024\/03\/DSC_8163-copie-768x419.jpg 768w, https:\/\/www.delalumiereauxyeux-photo.fr\/wp-content\/uploads\/2024\/03\/DSC_8163-copie-1536x838.jpg 1536w, https:\/\/www.delalumiereauxyeux-photo.fr\/wp-content\/uploads\/2024\/03\/DSC_8163-copie-2048x1117.jpg 2048w\" sizes=\"(max-width: 1024px) 100vw, 1024px\" \/><\/figure>\n\n\n\n<figure class=\"wp-block-image size-large\"><img loading=\"lazy\" decoding=\"async\" width=\"1024\" height=\"497\" src=\"http:\/\/www.delalumiereauxyeux-photo.fr\/wp-content\/uploads\/2024\/03\/DSC_8220-copie-Copie-1024x497.jpg\" alt=\"64e Rallye Le Touquet Pas-de-Calais 2024 photographe De la lumi\u00e8re aux yeux\" class=\"wp-image-5192\" srcset=\"https:\/\/www.delalumiereauxyeux-photo.fr\/wp-content\/uploads\/2024\/03\/DSC_8220-copie-Copie-1024x497.jpg 1024w, https:\/\/www.delalumiereauxyeux-photo.fr\/wp-content\/uploads\/2024\/03\/DSC_8220-copie-Copie-300x146.jpg 300w, https:\/\/www.delalumiereauxyeux-photo.fr\/wp-content\/uploads\/2024\/03\/DSC_8220-copie-Copie-768x373.jpg 768w, https:\/\/www.delalumiereauxyeux-photo.fr\/wp-content\/uploads\/2024\/03\/DSC_8220-copie-Copie-1536x745.jpg 1536w, https:\/\/www.delalumiereauxyeux-photo.fr\/wp-content\/uploads\/2024\/03\/DSC_8220-copie-Copie-2048x994.jpg 2048w\" sizes=\"(max-width: 1024px) 100vw, 1024px\" \/><\/figure>\n\n\n\n<figure class=\"wp-block-image size-large\"><img loading=\"lazy\" decoding=\"async\" width=\"1024\" height=\"510\" src=\"http:\/\/www.delalumiereauxyeux-photo.fr\/wp-content\/uploads\/2024\/03\/DSC_8226-copie-1024x510.jpg\" alt=\"64e Rallye Le Touquet Pas-de-Calais 2024 photographe De la lumi\u00e8re aux yeux\" class=\"wp-image-5193\" srcset=\"https:\/\/www.delalumiereauxyeux-photo.fr\/wp-content\/uploads\/2024\/03\/DSC_8226-copie-1024x510.jpg 1024w, https:\/\/www.delalumiereauxyeux-photo.fr\/wp-content\/uploads\/2024\/03\/DSC_8226-copie-300x149.jpg 300w, https:\/\/www.delalumiereauxyeux-photo.fr\/wp-content\/uploads\/2024\/03\/DSC_8226-copie-768x382.jpg 768w, https:\/\/www.delalumiereauxyeux-photo.fr\/wp-content\/uploads\/2024\/03\/DSC_8226-copie-1536x765.jpg 1536w, https:\/\/www.delalumiereauxyeux-photo.fr\/wp-content\/uploads\/2024\/03\/DSC_8226-copie-2048x1020.jpg 2048w\" sizes=\"(max-width: 1024px) 100vw, 1024px\" \/><\/figure>\n\n\n\n<figure class=\"wp-block-image size-large\"><img loading=\"lazy\" decoding=\"async\" width=\"1024\" height=\"512\" src=\"http:\/\/www.delalumiereauxyeux-photo.fr\/wp-content\/uploads\/2024\/03\/DSC_8238-copie-1024x512.jpg\" alt=\"64e Rallye Le Touquet Pas-de-Calais 2024 photographe De la lumi\u00e8re aux yeux\" class=\"wp-image-5194\" srcset=\"https:\/\/www.delalumiereauxyeux-photo.fr\/wp-content\/uploads\/2024\/03\/DSC_8238-copie-1024x512.jpg 1024w, https:\/\/www.delalumiereauxyeux-photo.fr\/wp-content\/uploads\/2024\/03\/DSC_8238-copie-300x150.jpg 300w, https:\/\/www.delalumiereauxyeux-photo.fr\/wp-content\/uploads\/2024\/03\/DSC_8238-copie-768x384.jpg 768w, https:\/\/www.delalumiereauxyeux-photo.fr\/wp-content\/uploads\/2024\/03\/DSC_8238-copie-1536x768.jpg 1536w, https:\/\/www.delalumiereauxyeux-photo.fr\/wp-content\/uploads\/2024\/03\/DSC_8238-copie-2048x1024.jpg 2048w\" sizes=\"(max-width: 1024px) 100vw, 1024px\" \/><\/figure>\n\n\n\n<figure class=\"wp-block-image size-large\"><img loading=\"lazy\" decoding=\"async\" width=\"1024\" height=\"515\" src=\"http:\/\/www.delalumiereauxyeux-photo.fr\/wp-content\/uploads\/2024\/03\/DSC_8244-copie-1024x515.jpg\" alt=\"64e Rallye Le Touquet Pas-de-Calais 2024 photographe De la lumi\u00e8re aux yeux\" class=\"wp-image-5195\" srcset=\"https:\/\/www.delalumiereauxyeux-photo.fr\/wp-content\/uploads\/2024\/03\/DSC_8244-copie-1024x515.jpg 1024w, https:\/\/www.delalumiereauxyeux-photo.fr\/wp-content\/uploads\/2024\/03\/DSC_8244-copie-300x151.jpg 300w, https:\/\/www.delalumiereauxyeux-photo.fr\/wp-content\/uploads\/2024\/03\/DSC_8244-copie-768x387.jpg 768w, https:\/\/www.delalumiereauxyeux-photo.fr\/wp-content\/uploads\/2024\/03\/DSC_8244-copie-1536x773.jpg 1536w, https:\/\/www.delalumiereauxyeux-photo.fr\/wp-content\/uploads\/2024\/03\/DSC_8244-copie-2048x1031.jpg 2048w\" sizes=\"(max-width: 1024px) 100vw, 1024px\" \/><\/figure>\n\n\n\n<figure class=\"wp-block-image size-large\"><img loading=\"lazy\" decoding=\"async\" width=\"1024\" height=\"683\" src=\"http:\/\/www.delalumiereauxyeux-photo.fr\/wp-content\/uploads\/2024\/03\/DSC_8311-copie-1024x683.jpg\" alt=\"64e Rallye Le Touquet Pas-de-Calais 2024 photographe De la lumi\u00e8re aux yeux\" class=\"wp-image-5196\" srcset=\"https:\/\/www.delalumiereauxyeux-photo.fr\/wp-content\/uploads\/2024\/03\/DSC_8311-copie-1024x683.jpg 1024w, https:\/\/www.delalumiereauxyeux-photo.fr\/wp-content\/uploads\/2024\/03\/DSC_8311-copie-300x200.jpg 300w, https:\/\/www.delalumiereauxyeux-photo.fr\/wp-content\/uploads\/2024\/03\/DSC_8311-copie-768x512.jpg 768w, https:\/\/www.delalumiereauxyeux-photo.fr\/wp-content\/uploads\/2024\/03\/DSC_8311-copie-1536x1024.jpg 1536w, https:\/\/www.delalumiereauxyeux-photo.fr\/wp-content\/uploads\/2024\/03\/DSC_8311-copie-2048x1365.jpg 2048w\" sizes=\"(max-width: 1024px) 100vw, 1024px\" \/><\/figure>\n\n\n\n<figure class=\"wp-block-image size-large\"><img loading=\"lazy\" decoding=\"async\" width=\"1024\" height=\"521\" src=\"http:\/\/www.delalumiereauxyeux-photo.fr\/wp-content\/uploads\/2024\/03\/DSC_8463-copie-1024x521.jpg\" alt=\"64e Rallye Le Touquet Pas-de-Calais 2024 photographe De la lumi\u00e8re aux yeux\" class=\"wp-image-5197\" srcset=\"https:\/\/www.delalumiereauxyeux-photo.fr\/wp-content\/uploads\/2024\/03\/DSC_8463-copie-1024x521.jpg 1024w, https:\/\/www.delalumiereauxyeux-photo.fr\/wp-content\/uploads\/2024\/03\/DSC_8463-copie-300x153.jpg 300w, https:\/\/www.delalumiereauxyeux-photo.fr\/wp-content\/uploads\/2024\/03\/DSC_8463-copie-768x391.jpg 768w, https:\/\/www.delalumiereauxyeux-photo.fr\/wp-content\/uploads\/2024\/03\/DSC_8463-copie-1536x782.jpg 1536w, https:\/\/www.delalumiereauxyeux-photo.fr\/wp-content\/uploads\/2024\/03\/DSC_8463-copie-2048x1042.jpg 2048w\" sizes=\"(max-width: 1024px) 100vw, 1024px\" \/><\/figure>\n\n\n\n<p>Le podium. Bravo aux gagnants et \u00e0 tous les pilotes et copilotes! \ud83d\ude42<\/p>\n\n\n\n<figure class=\"wp-block-image size-large\"><img loading=\"lazy\" decoding=\"async\" width=\"1024\" height=\"683\" src=\"http:\/\/www.delalumiereauxyeux-photo.fr\/wp-content\/uploads\/2024\/03\/DSC_0311-copie-1024x683.jpg\" alt=\"64e Rallye Le Touquet Pas-de-Calais 2024 photographe De la lumi\u00e8re aux yeux\" class=\"wp-image-5135\" srcset=\"https:\/\/www.delalumiereauxyeux-photo.fr\/wp-content\/uploads\/2024\/03\/DSC_0311-copie-1024x683.jpg 1024w, https:\/\/www.delalumiereauxyeux-photo.fr\/wp-content\/uploads\/2024\/03\/DSC_0311-copie-300x200.jpg 300w, https:\/\/www.delalumiereauxyeux-photo.fr\/wp-content\/uploads\/2024\/03\/DSC_0311-copie-768x512.jpg 768w, https:\/\/www.delalumiereauxyeux-photo.fr\/wp-content\/uploads\/2024\/03\/DSC_0311-copie-1536x1024.jpg 1536w, https:\/\/www.delalumiereauxyeux-photo.fr\/wp-content\/uploads\/2024\/03\/DSC_0311-copie-2048x1365.jpg 2048w\" sizes=\"(max-width: 1024px) 100vw, 1024px\" \/><\/figure>\n\n\n\n<figure class=\"wp-block-image size-large\"><img loading=\"lazy\" decoding=\"async\" width=\"683\" height=\"1024\" src=\"http:\/\/www.delalumiereauxyeux-photo.fr\/wp-content\/uploads\/2024\/03\/DSC_0312-copie-683x1024.jpg\" alt=\"64e Rallye Le Touquet Pas-de-Calais 2024 photographe De la lumi\u00e8re aux yeux\" class=\"wp-image-5136\" srcset=\"https:\/\/www.delalumiereauxyeux-photo.fr\/wp-content\/uploads\/2024\/03\/DSC_0312-copie-683x1024.jpg 683w, https:\/\/www.delalumiereauxyeux-photo.fr\/wp-content\/uploads\/2024\/03\/DSC_0312-copie-200x300.jpg 200w, https:\/\/www.delalumiereauxyeux-photo.fr\/wp-content\/uploads\/2024\/03\/DSC_0312-copie-768x1152.jpg 768w, https:\/\/www.delalumiereauxyeux-photo.fr\/wp-content\/uploads\/2024\/03\/DSC_0312-copie-1024x1536.jpg 1024w, https:\/\/www.delalumiereauxyeux-photo.fr\/wp-content\/uploads\/2024\/03\/DSC_0312-copie-1365x2048.jpg 1365w, https:\/\/www.delalumiereauxyeux-photo.fr\/wp-content\/uploads\/2024\/03\/DSC_0312-copie-scaled.jpg 1707w\" sizes=\"(max-width: 683px) 100vw, 683px\" \/><\/figure>\n\n\n\n<figure class=\"wp-block-image size-large\"><img loading=\"lazy\" decoding=\"async\" width=\"683\" height=\"1024\" src=\"http:\/\/www.delalumiereauxyeux-photo.fr\/wp-content\/uploads\/2024\/03\/DSC_0313-copie-683x1024.jpg\" alt=\"64e Rallye Le Touquet Pas-de-Calais 2024 photographe De la lumi\u00e8re aux yeux\" class=\"wp-image-5137\" srcset=\"https:\/\/www.delalumiereauxyeux-photo.fr\/wp-content\/uploads\/2024\/03\/DSC_0313-copie-683x1024.jpg 683w, https:\/\/www.delalumiereauxyeux-photo.fr\/wp-content\/uploads\/2024\/03\/DSC_0313-copie-200x300.jpg 200w, https:\/\/www.delalumiereauxyeux-photo.fr\/wp-content\/uploads\/2024\/03\/DSC_0313-copie-768x1152.jpg 768w, https:\/\/www.delalumiereauxyeux-photo.fr\/wp-content\/uploads\/2024\/03\/DSC_0313-copie-1024x1536.jpg 1024w, https:\/\/www.delalumiereauxyeux-photo.fr\/wp-content\/uploads\/2024\/03\/DSC_0313-copie-1365x2048.jpg 1365w, https:\/\/www.delalumiereauxyeux-photo.fr\/wp-content\/uploads\/2024\/03\/DSC_0313-copie-scaled.jpg 1707w\" sizes=\"(max-width: 683px) 100vw, 683px\" \/><\/figure>\n\n\n\n<figure class=\"wp-block-image size-large\"><img loading=\"lazy\" decoding=\"async\" width=\"683\" height=\"1024\" src=\"http:\/\/www.delalumiereauxyeux-photo.fr\/wp-content\/uploads\/2024\/03\/DSC_0315-copie-683x1024.jpg\" alt=\"64e Rallye Le Touquet Pas-de-Calais 2024 photographe De la lumi\u00e8re aux yeux\" class=\"wp-image-5138\" srcset=\"https:\/\/www.delalumiereauxyeux-photo.fr\/wp-content\/uploads\/2024\/03\/DSC_0315-copie-683x1024.jpg 683w, https:\/\/www.delalumiereauxyeux-photo.fr\/wp-content\/uploads\/2024\/03\/DSC_0315-copie-200x300.jpg 200w, https:\/\/www.delalumiereauxyeux-photo.fr\/wp-content\/uploads\/2024\/03\/DSC_0315-copie-768x1152.jpg 768w, https:\/\/www.delalumiereauxyeux-photo.fr\/wp-content\/uploads\/2024\/03\/DSC_0315-copie-1024x1536.jpg 1024w, https:\/\/www.delalumiereauxyeux-photo.fr\/wp-content\/uploads\/2024\/03\/DSC_0315-copie-1365x2048.jpg 1365w, https:\/\/www.delalumiereauxyeux-photo.fr\/wp-content\/uploads\/2024\/03\/DSC_0315-copie-scaled.jpg 1707w\" sizes=\"(max-width: 683px) 100vw, 683px\" \/><\/figure>\n\n\n\n<figure class=\"wp-block-image size-large\"><img loading=\"lazy\" decoding=\"async\" width=\"1024\" height=\"683\" src=\"http:\/\/www.delalumiereauxyeux-photo.fr\/wp-content\/uploads\/2024\/03\/DSC_0317-copie-1024x683.jpg\" alt=\"64e Rallye Le Touquet Pas-de-Calais 2024 photographe De la lumi\u00e8re aux yeux\" class=\"wp-image-5139\" srcset=\"https:\/\/www.delalumiereauxyeux-photo.fr\/wp-content\/uploads\/2024\/03\/DSC_0317-copie-1024x683.jpg 1024w, https:\/\/www.delalumiereauxyeux-photo.fr\/wp-content\/uploads\/2024\/03\/DSC_0317-copie-300x200.jpg 300w, https:\/\/www.delalumiereauxyeux-photo.fr\/wp-content\/uploads\/2024\/03\/DSC_0317-copie-768x512.jpg 768w, https:\/\/www.delalumiereauxyeux-photo.fr\/wp-content\/uploads\/2024\/03\/DSC_0317-copie-1536x1024.jpg 1536w, https:\/\/www.delalumiereauxyeux-photo.fr\/wp-content\/uploads\/2024\/03\/DSC_0317-copie-2048x1365.jpg 2048w\" sizes=\"(max-width: 1024px) 100vw, 1024px\" \/><\/figure>\n\n\n\n<figure class=\"wp-block-image size-large\"><img loading=\"lazy\" decoding=\"async\" width=\"1024\" height=\"683\" src=\"http:\/\/www.delalumiereauxyeux-photo.fr\/wp-content\/uploads\/2024\/03\/DSC_0321-copie-1024x683.jpg\" alt=\"64e Rallye Le Touquet Pas-de-Calais 2024 photographe De la lumi\u00e8re aux yeux\" class=\"wp-image-5140\" srcset=\"https:\/\/www.delalumiereauxyeux-photo.fr\/wp-content\/uploads\/2024\/03\/DSC_0321-copie-1024x683.jpg 1024w, https:\/\/www.delalumiereauxyeux-photo.fr\/wp-content\/uploads\/2024\/03\/DSC_0321-copie-300x200.jpg 300w, https:\/\/www.delalumiereauxyeux-photo.fr\/wp-content\/uploads\/2024\/03\/DSC_0321-copie-768x512.jpg 768w, https:\/\/www.delalumiereauxyeux-photo.fr\/wp-content\/uploads\/2024\/03\/DSC_0321-copie-1536x1024.jpg 1536w, https:\/\/www.delalumiereauxyeux-photo.fr\/wp-content\/uploads\/2024\/03\/DSC_0321-copie-2048x1365.jpg 2048w\" sizes=\"(max-width: 1024px) 100vw, 1024px\" \/><\/figure>\n\n\n\n<figure class=\"wp-block-image size-large\"><img loading=\"lazy\" decoding=\"async\" width=\"695\" height=\"1024\" src=\"http:\/\/www.delalumiereauxyeux-photo.fr\/wp-content\/uploads\/2024\/03\/DSC_8500-copie-695x1024.jpg\" alt=\"64e Rallye Le Touquet Pas-de-Calais 2024 photographe De la lumi\u00e8re aux yeux\" class=\"wp-image-5200\" srcset=\"https:\/\/www.delalumiereauxyeux-photo.fr\/wp-content\/uploads\/2024\/03\/DSC_8500-copie-695x1024.jpg 695w, https:\/\/www.delalumiereauxyeux-photo.fr\/wp-content\/uploads\/2024\/03\/DSC_8500-copie-204x300.jpg 204w, https:\/\/www.delalumiereauxyeux-photo.fr\/wp-content\/uploads\/2024\/03\/DSC_8500-copie-768x1131.jpg 768w, https:\/\/www.delalumiereauxyeux-photo.fr\/wp-content\/uploads\/2024\/03\/DSC_8500-copie-1043x1536.jpg 1043w, https:\/\/www.delalumiereauxyeux-photo.fr\/wp-content\/uploads\/2024\/03\/DSC_8500-copie-1391x2048.jpg 1391w, https:\/\/www.delalumiereauxyeux-photo.fr\/wp-content\/uploads\/2024\/03\/DSC_8500-copie-scaled.jpg 1738w\" sizes=\"(max-width: 695px) 100vw, 695px\" \/><\/figure>\n\n\n\n<figure class=\"wp-block-image size-large\"><img loading=\"lazy\" decoding=\"async\" width=\"1024\" height=\"670\" src=\"http:\/\/www.delalumiereauxyeux-photo.fr\/wp-content\/uploads\/2024\/03\/DSC_8499-copie-1024x670.jpg\" alt=\"64e Rallye Le Touquet Pas-de-Calais 2024 photographe De la lumi\u00e8re aux yeux\" class=\"wp-image-5199\" srcset=\"https:\/\/www.delalumiereauxyeux-photo.fr\/wp-content\/uploads\/2024\/03\/DSC_8499-copie-1024x670.jpg 1024w, https:\/\/www.delalumiereauxyeux-photo.fr\/wp-content\/uploads\/2024\/03\/DSC_8499-copie-300x196.jpg 300w, https:\/\/www.delalumiereauxyeux-photo.fr\/wp-content\/uploads\/2024\/03\/DSC_8499-copie-768x502.jpg 768w, https:\/\/www.delalumiereauxyeux-photo.fr\/wp-content\/uploads\/2024\/03\/DSC_8499-copie-1536x1004.jpg 1536w, https:\/\/www.delalumiereauxyeux-photo.fr\/wp-content\/uploads\/2024\/03\/DSC_8499-copie-2048x1339.jpg 2048w\" sizes=\"(max-width: 1024px) 100vw, 1024px\" \/><\/figure>\n\n\n\n<figure class=\"wp-block-image size-large\"><img loading=\"lazy\" decoding=\"async\" width=\"1024\" height=\"548\" src=\"http:\/\/www.delalumiereauxyeux-photo.fr\/wp-content\/uploads\/2024\/03\/DSC_8496-copie-1024x548.jpg\" alt=\"64e Rallye Le Touquet Pas-de-Calais 2024 photographe De la lumi\u00e8re aux yeux\" class=\"wp-image-5198\" srcset=\"https:\/\/www.delalumiereauxyeux-photo.fr\/wp-content\/uploads\/2024\/03\/DSC_8496-copie-1024x548.jpg 1024w, https:\/\/www.delalumiereauxyeux-photo.fr\/wp-content\/uploads\/2024\/03\/DSC_8496-copie-300x161.jpg 300w, https:\/\/www.delalumiereauxyeux-photo.fr\/wp-content\/uploads\/2024\/03\/DSC_8496-copie-768x411.jpg 768w, https:\/\/www.delalumiereauxyeux-photo.fr\/wp-content\/uploads\/2024\/03\/DSC_8496-copie-1536x822.jpg 1536w, https:\/\/www.delalumiereauxyeux-photo.fr\/wp-content\/uploads\/2024\/03\/DSC_8496-copie-2048x1096.jpg 2048w\" sizes=\"(max-width: 1024px) 100vw, 1024px\" \/><\/figure>\n\n\n\n<figure class=\"wp-block-image size-large\"><img loading=\"lazy\" decoding=\"async\" width=\"1024\" height=\"592\" src=\"http:\/\/www.delalumiereauxyeux-photo.fr\/wp-content\/uploads\/2024\/03\/DSC_0324-copie-1024x592.jpg\" alt=\"64e Rallye Le Touquet Pas-de-Calais 2024 photographe De la lumi\u00e8re aux yeux\" class=\"wp-image-5141\" srcset=\"https:\/\/www.delalumiereauxyeux-photo.fr\/wp-content\/uploads\/2024\/03\/DSC_0324-copie-1024x592.jpg 1024w, https:\/\/www.delalumiereauxyeux-photo.fr\/wp-content\/uploads\/2024\/03\/DSC_0324-copie-300x173.jpg 300w, https:\/\/www.delalumiereauxyeux-photo.fr\/wp-content\/uploads\/2024\/03\/DSC_0324-copie-768x444.jpg 768w, https:\/\/www.delalumiereauxyeux-photo.fr\/wp-content\/uploads\/2024\/03\/DSC_0324-copie-1536x888.jpg 1536w, https:\/\/www.delalumiereauxyeux-photo.fr\/wp-content\/uploads\/2024\/03\/DSC_0324-copie-2048x1184.jpg 2048w\" sizes=\"(max-width: 1024px) 100vw, 1024px\" \/><\/figure>\n\n\n\n<figure class=\"wp-block-image size-large\"><img loading=\"lazy\" decoding=\"async\" width=\"683\" height=\"1024\" src=\"http:\/\/www.delalumiereauxyeux-photo.fr\/wp-content\/uploads\/2024\/03\/DSC_0326-copie-683x1024.jpg\" alt=\"64e Rallye Le Touquet Pas-de-Calais 2024 photographe De la lumi\u00e8re aux yeux\" class=\"wp-image-5142\" srcset=\"https:\/\/www.delalumiereauxyeux-photo.fr\/wp-content\/uploads\/2024\/03\/DSC_0326-copie-683x1024.jpg 683w, https:\/\/www.delalumiereauxyeux-photo.fr\/wp-content\/uploads\/2024\/03\/DSC_0326-copie-200x300.jpg 200w, https:\/\/www.delalumiereauxyeux-photo.fr\/wp-content\/uploads\/2024\/03\/DSC_0326-copie-768x1152.jpg 768w, https:\/\/www.delalumiereauxyeux-photo.fr\/wp-content\/uploads\/2024\/03\/DSC_0326-copie-1024x1536.jpg 1024w, https:\/\/www.delalumiereauxyeux-photo.fr\/wp-content\/uploads\/2024\/03\/DSC_0326-copie-1365x2048.jpg 1365w, https:\/\/www.delalumiereauxyeux-photo.fr\/wp-content\/uploads\/2024\/03\/DSC_0326-copie-scaled.jpg 1707w\" sizes=\"(max-width: 683px) 100vw, 683px\" \/><\/figure>\n\n\n\n<figure class=\"wp-block-image size-large\"><img loading=\"lazy\" decoding=\"async\" width=\"683\" height=\"1024\" src=\"http:\/\/www.delalumiereauxyeux-photo.fr\/wp-content\/uploads\/2024\/03\/DSC_0344-copie-683x1024.jpg\" alt=\"64e Rallye Le Touquet Pas-de-Calais 2024 photographe De la lumi\u00e8re aux yeux\" class=\"wp-image-5143\" srcset=\"https:\/\/www.delalumiereauxyeux-photo.fr\/wp-content\/uploads\/2024\/03\/DSC_0344-copie-683x1024.jpg 683w, https:\/\/www.delalumiereauxyeux-photo.fr\/wp-content\/uploads\/2024\/03\/DSC_0344-copie-200x300.jpg 200w, https:\/\/www.delalumiereauxyeux-photo.fr\/wp-content\/uploads\/2024\/03\/DSC_0344-copie-768x1152.jpg 768w, https:\/\/www.delalumiereauxyeux-photo.fr\/wp-content\/uploads\/2024\/03\/DSC_0344-copie-1024x1536.jpg 1024w, https:\/\/www.delalumiereauxyeux-photo.fr\/wp-content\/uploads\/2024\/03\/DSC_0344-copie-1365x2048.jpg 1365w, https:\/\/www.delalumiereauxyeux-photo.fr\/wp-content\/uploads\/2024\/03\/DSC_0344-copie-scaled.jpg 1707w\" sizes=\"(max-width: 683px) 100vw, 683px\" \/><\/figure>\n\n\n\n<figure class=\"wp-block-image size-large\"><img loading=\"lazy\" decoding=\"async\" width=\"683\" height=\"1024\" src=\"http:\/\/www.delalumiereauxyeux-photo.fr\/wp-content\/uploads\/2024\/03\/DSC_0346-copie-1-683x1024.jpg\" alt=\"64e Rallye Le Touquet Pas-de-Calais 2024 photographe De la lumi\u00e8re aux yeux\" class=\"wp-image-5144\" srcset=\"https:\/\/www.delalumiereauxyeux-photo.fr\/wp-content\/uploads\/2024\/03\/DSC_0346-copie-1-683x1024.jpg 683w, https:\/\/www.delalumiereauxyeux-photo.fr\/wp-content\/uploads\/2024\/03\/DSC_0346-copie-1-200x300.jpg 200w, https:\/\/www.delalumiereauxyeux-photo.fr\/wp-content\/uploads\/2024\/03\/DSC_0346-copie-1-768x1152.jpg 768w, https:\/\/www.delalumiereauxyeux-photo.fr\/wp-content\/uploads\/2024\/03\/DSC_0346-copie-1-1024x1536.jpg 1024w, https:\/\/www.delalumiereauxyeux-photo.fr\/wp-content\/uploads\/2024\/03\/DSC_0346-copie-1-1365x2048.jpg 1365w, https:\/\/www.delalumiereauxyeux-photo.fr\/wp-content\/uploads\/2024\/03\/DSC_0346-copie-1-scaled.jpg 1707w\" sizes=\"(max-width: 683px) 100vw, 683px\" \/><\/figure>\n\n\n\n<figure class=\"wp-block-image size-large\"><img loading=\"lazy\" decoding=\"async\" width=\"683\" height=\"1024\" src=\"http:\/\/www.delalumiereauxyeux-photo.fr\/wp-content\/uploads\/2024\/03\/DSC_0351-copie-683x1024.jpg\" alt=\"64e Rallye Le Touquet Pas-de-Calais 2024 photographe De la lumi\u00e8re aux yeux\" class=\"wp-image-5145\" srcset=\"https:\/\/www.delalumiereauxyeux-photo.fr\/wp-content\/uploads\/2024\/03\/DSC_0351-copie-683x1024.jpg 683w, https:\/\/www.delalumiereauxyeux-photo.fr\/wp-content\/uploads\/2024\/03\/DSC_0351-copie-200x300.jpg 200w, https:\/\/www.delalumiereauxyeux-photo.fr\/wp-content\/uploads\/2024\/03\/DSC_0351-copie-768x1152.jpg 768w, https:\/\/www.delalumiereauxyeux-photo.fr\/wp-content\/uploads\/2024\/03\/DSC_0351-copie-1024x1536.jpg 1024w, https:\/\/www.delalumiereauxyeux-photo.fr\/wp-content\/uploads\/2024\/03\/DSC_0351-copie-1365x2048.jpg 1365w, https:\/\/www.delalumiereauxyeux-photo.fr\/wp-content\/uploads\/2024\/03\/DSC_0351-copie-scaled.jpg 1707w\" sizes=\"(max-width: 683px) 100vw, 683px\" \/><\/figure>\n\n\n\n<figure class=\"wp-block-image size-large\"><img loading=\"lazy\" decoding=\"async\" width=\"1024\" height=\"683\" src=\"http:\/\/www.delalumiereauxyeux-photo.fr\/wp-content\/uploads\/2024\/03\/DSC_0360-copie-1024x683.jpg\" alt=\"64e Rallye Le Touquet Pas-de-Calais 2024 photographe De la lumi\u00e8re aux yeux\" class=\"wp-image-5146\" srcset=\"https:\/\/www.delalumiereauxyeux-photo.fr\/wp-content\/uploads\/2024\/03\/DSC_0360-copie-1024x683.jpg 1024w, https:\/\/www.delalumiereauxyeux-photo.fr\/wp-content\/uploads\/2024\/03\/DSC_0360-copie-300x200.jpg 300w, https:\/\/www.delalumiereauxyeux-photo.fr\/wp-content\/uploads\/2024\/03\/DSC_0360-copie-768x512.jpg 768w, https:\/\/www.delalumiereauxyeux-photo.fr\/wp-content\/uploads\/2024\/03\/DSC_0360-copie-1536x1024.jpg 1536w, https:\/\/www.delalumiereauxyeux-photo.fr\/wp-content\/uploads\/2024\/03\/DSC_0360-copie-2048x1365.jpg 2048w\" sizes=\"(max-width: 1024px) 100vw, 1024px\" \/><\/figure>\n\n\n\n<figure class=\"wp-block-image size-large\"><img loading=\"lazy\" decoding=\"async\" width=\"683\" height=\"1024\" src=\"http:\/\/www.delalumiereauxyeux-photo.fr\/wp-content\/uploads\/2024\/03\/DSC_0399-copie-683x1024.jpg\" alt=\"64e Rallye Le Touquet Pas-de-Calais 2024 photographe De la lumi\u00e8re aux yeux\" class=\"wp-image-5147\" srcset=\"https:\/\/www.delalumiereauxyeux-photo.fr\/wp-content\/uploads\/2024\/03\/DSC_0399-copie-683x1024.jpg 683w, https:\/\/www.delalumiereauxyeux-photo.fr\/wp-content\/uploads\/2024\/03\/DSC_0399-copie-200x300.jpg 200w, https:\/\/www.delalumiereauxyeux-photo.fr\/wp-content\/uploads\/2024\/03\/DSC_0399-copie-768x1152.jpg 768w, https:\/\/www.delalumiereauxyeux-photo.fr\/wp-content\/uploads\/2024\/03\/DSC_0399-copie-1024x1536.jpg 1024w, https:\/\/www.delalumiereauxyeux-photo.fr\/wp-content\/uploads\/2024\/03\/DSC_0399-copie-1365x2048.jpg 1365w, https:\/\/www.delalumiereauxyeux-photo.fr\/wp-content\/uploads\/2024\/03\/DSC_0399-copie-scaled.jpg 1707w\" sizes=\"(max-width: 683px) 100vw, 683px\" \/><\/figure>\n\n\n\n<figure class=\"wp-block-image size-large\"><img loading=\"lazy\" decoding=\"async\" width=\"1024\" height=\"850\" src=\"http:\/\/www.delalumiereauxyeux-photo.fr\/wp-content\/uploads\/2024\/03\/DSC_8505-copie-1024x850.jpg\" alt=\"64e Rallye Le Touquet Pas-de-Calais 2024 photographe De la lumi\u00e8re aux yeux\" class=\"wp-image-5201\" srcset=\"https:\/\/www.delalumiereauxyeux-photo.fr\/wp-content\/uploads\/2024\/03\/DSC_8505-copie-1024x850.jpg 1024w, https:\/\/www.delalumiereauxyeux-photo.fr\/wp-content\/uploads\/2024\/03\/DSC_8505-copie-300x249.jpg 300w, https:\/\/www.delalumiereauxyeux-photo.fr\/wp-content\/uploads\/2024\/03\/DSC_8505-copie-768x638.jpg 768w, https:\/\/www.delalumiereauxyeux-photo.fr\/wp-content\/uploads\/2024\/03\/DSC_8505-copie-1536x1275.jpg 1536w, https:\/\/www.delalumiereauxyeux-photo.fr\/wp-content\/uploads\/2024\/03\/DSC_8505-copie-2048x1700.jpg 2048w\" sizes=\"(max-width: 1024px) 100vw, 1024px\" \/><\/figure>\n\n\n\n<figure class=\"wp-block-image size-large\"><img loading=\"lazy\" decoding=\"async\" width=\"1024\" height=\"765\" src=\"http:\/\/www.delalumiereauxyeux-photo.fr\/wp-content\/uploads\/2024\/03\/DSC_8516-copie-1024x765.jpg\" alt=\"64e Rallye Le Touquet Pas-de-Calais 2024 photographe De la lumi\u00e8re aux yeux\" class=\"wp-image-5202\" srcset=\"https:\/\/www.delalumiereauxyeux-photo.fr\/wp-content\/uploads\/2024\/03\/DSC_8516-copie-1024x765.jpg 1024w, https:\/\/www.delalumiereauxyeux-photo.fr\/wp-content\/uploads\/2024\/03\/DSC_8516-copie-300x224.jpg 300w, https:\/\/www.delalumiereauxyeux-photo.fr\/wp-content\/uploads\/2024\/03\/DSC_8516-copie-768x574.jpg 768w, https:\/\/www.delalumiereauxyeux-photo.fr\/wp-content\/uploads\/2024\/03\/DSC_8516-copie-1536x1147.jpg 1536w, https:\/\/www.delalumiereauxyeux-photo.fr\/wp-content\/uploads\/2024\/03\/DSC_8516-copie-2048x1530.jpg 2048w\" sizes=\"(max-width: 1024px) 100vw, 1024px\" \/><\/figure>\n\n\n\n<figure class=\"wp-block-image size-large\"><img loading=\"lazy\" decoding=\"async\" width=\"1024\" height=\"574\" src=\"http:\/\/www.delalumiereauxyeux-photo.fr\/wp-content\/uploads\/2024\/03\/DSC_8520-copie-1024x574.jpg\" alt=\"64e Rallye Le Touquet Pas-de-Calais 2024 photographe De la lumi\u00e8re aux yeux\" class=\"wp-image-5203\" srcset=\"https:\/\/www.delalumiereauxyeux-photo.fr\/wp-content\/uploads\/2024\/03\/DSC_8520-copie-1024x574.jpg 1024w, https:\/\/www.delalumiereauxyeux-photo.fr\/wp-content\/uploads\/2024\/03\/DSC_8520-copie-300x168.jpg 300w, https:\/\/www.delalumiereauxyeux-photo.fr\/wp-content\/uploads\/2024\/03\/DSC_8520-copie-768x430.jpg 768w, https:\/\/www.delalumiereauxyeux-photo.fr\/wp-content\/uploads\/2024\/03\/DSC_8520-copie-1536x861.jpg 1536w, https:\/\/www.delalumiereauxyeux-photo.fr\/wp-content\/uploads\/2024\/03\/DSC_8520-copie-2048x1148.jpg 2048w\" sizes=\"(max-width: 1024px) 100vw, 1024px\" \/><\/figure>\n\n\n\n<figure class=\"wp-block-image size-large\"><img loading=\"lazy\" decoding=\"async\" width=\"1024\" height=\"898\" src=\"http:\/\/www.delalumiereauxyeux-photo.fr\/wp-content\/uploads\/2024\/03\/DSC_8529-copie-1024x898.jpg\" alt=\"64e Rallye Le Touquet Pas-de-Calais 2024 photographe De la lumi\u00e8re aux yeux\" class=\"wp-image-5204\" srcset=\"https:\/\/www.delalumiereauxyeux-photo.fr\/wp-content\/uploads\/2024\/03\/DSC_8529-copie-1024x898.jpg 1024w, https:\/\/www.delalumiereauxyeux-photo.fr\/wp-content\/uploads\/2024\/03\/DSC_8529-copie-300x263.jpg 300w, https:\/\/www.delalumiereauxyeux-photo.fr\/wp-content\/uploads\/2024\/03\/DSC_8529-copie-768x673.jpg 768w, https:\/\/www.delalumiereauxyeux-photo.fr\/wp-content\/uploads\/2024\/03\/DSC_8529-copie-1536x1346.jpg 1536w, https:\/\/www.delalumiereauxyeux-photo.fr\/wp-content\/uploads\/2024\/03\/DSC_8529-copie-2048x1795.jpg 2048w\" sizes=\"(max-width: 1024px) 100vw, 1024px\" \/><\/figure>\n\n\n\n<figure class=\"wp-block-image size-large\"><img loading=\"lazy\" decoding=\"async\" width=\"1024\" height=\"655\" src=\"http:\/\/www.delalumiereauxyeux-photo.fr\/wp-content\/uploads\/2024\/03\/DSC_8533-copie-1024x655.jpg\" alt=\"64e Rallye Le Touquet Pas-de-Calais 2024 photographe De la lumi\u00e8re aux yeux\" class=\"wp-image-5205\" srcset=\"https:\/\/www.delalumiereauxyeux-photo.fr\/wp-content\/uploads\/2024\/03\/DSC_8533-copie-1024x655.jpg 1024w, https:\/\/www.delalumiereauxyeux-photo.fr\/wp-content\/uploads\/2024\/03\/DSC_8533-copie-300x192.jpg 300w, https:\/\/www.delalumiereauxyeux-photo.fr\/wp-content\/uploads\/2024\/03\/DSC_8533-copie-768x491.jpg 768w, https:\/\/www.delalumiereauxyeux-photo.fr\/wp-content\/uploads\/2024\/03\/DSC_8533-copie-1536x982.jpg 1536w, https:\/\/www.delalumiereauxyeux-photo.fr\/wp-content\/uploads\/2024\/03\/DSC_8533-copie-2048x1309.jpg 2048w\" sizes=\"(max-width: 1024px) 100vw, 1024px\" \/><\/figure>\n\n\n\n<figure class=\"wp-block-image size-large\"><img loading=\"lazy\" decoding=\"async\" width=\"1024\" height=\"683\" src=\"http:\/\/www.delalumiereauxyeux-photo.fr\/wp-content\/uploads\/2024\/03\/DSC_8534-copie-1024x683.jpg\" alt=\"64e Rallye Le Touquet Pas-de-Calais 2024 photographe De la lumi\u00e8re aux yeux\" class=\"wp-image-5206\" srcset=\"https:\/\/www.delalumiereauxyeux-photo.fr\/wp-content\/uploads\/2024\/03\/DSC_8534-copie-1024x683.jpg 1024w, https:\/\/www.delalumiereauxyeux-photo.fr\/wp-content\/uploads\/2024\/03\/DSC_8534-copie-300x200.jpg 300w, https:\/\/www.delalumiereauxyeux-photo.fr\/wp-content\/uploads\/2024\/03\/DSC_8534-copie-768x512.jpg 768w, https:\/\/www.delalumiereauxyeux-photo.fr\/wp-content\/uploads\/2024\/03\/DSC_8534-copie-1536x1024.jpg 1536w, https:\/\/www.delalumiereauxyeux-photo.fr\/wp-content\/uploads\/2024\/03\/DSC_8534-copie-2048x1365.jpg 2048w\" sizes=\"(max-width: 1024px) 100vw, 1024px\" \/><\/figure>\n\n\n\n<p>Vous pouvez retrouver tous les r\u00e9sultats sur le site de la FFSA.<\/p>\n\n\n\n<figure class=\"wp-block-image size-full\"><img loading=\"lazy\" decoding=\"async\" width=\"905\" height=\"625\" src=\"http:\/\/www.delalumiereauxyeux-photo.fr\/wp-content\/uploads\/2024\/03\/RLT-MODERNES.jpg\" alt=\"64e Rallye Le Touquet Pas-de-Calais 2024 photographe De la lumi\u00e8re aux yeux\" class=\"wp-image-5215\" srcset=\"https:\/\/www.delalumiereauxyeux-photo.fr\/wp-content\/uploads\/2024\/03\/RLT-MODERNES.jpg 905w, https:\/\/www.delalumiereauxyeux-photo.fr\/wp-content\/uploads\/2024\/03\/RLT-MODERNES-300x207.jpg 300w, https:\/\/www.delalumiereauxyeux-photo.fr\/wp-content\/uploads\/2024\/03\/RLT-MODERNES-768x530.jpg 768w\" sizes=\"(max-width: 905px) 100vw, 905px\" \/><\/figure>\n\n\n\n<figure class=\"wp-block-image size-full\"><img loading=\"lazy\" decoding=\"async\" width=\"912\" height=\"629\" src=\"http:\/\/www.delalumiereauxyeux-photo.fr\/wp-content\/uploads\/2024\/03\/RLT-VHC.jpg\" alt=\"64e Rallye Le Touquet Pas-de-Calais 2024 photographe De la lumi\u00e8re aux yeux\" class=\"wp-image-5216\" srcset=\"https:\/\/www.delalumiereauxyeux-photo.fr\/wp-content\/uploads\/2024\/03\/RLT-VHC.jpg 912w, https:\/\/www.delalumiereauxyeux-photo.fr\/wp-content\/uploads\/2024\/03\/RLT-VHC-300x207.jpg 300w, https:\/\/www.delalumiereauxyeux-photo.fr\/wp-content\/uploads\/2024\/03\/RLT-VHC-768x530.jpg 768w\" sizes=\"(max-width: 912px) 100vw, 912px\" \/><\/figure>\n\n\n\n<figure class=\"wp-block-image size-full\"><img loading=\"lazy\" decoding=\"async\" width=\"911\" height=\"626\" src=\"http:\/\/www.delalumiereauxyeux-photo.fr\/wp-content\/uploads\/2024\/03\/RLT-VHRS.jpg\" alt=\"64e Rallye Le Touquet Pas-de-Calais 2024 photographe De la lumi\u00e8re aux yeux\" class=\"wp-image-5217\" srcset=\"https:\/\/www.delalumiereauxyeux-photo.fr\/wp-content\/uploads\/2024\/03\/RLT-VHRS.jpg 911w, https:\/\/www.delalumiereauxyeux-photo.fr\/wp-content\/uploads\/2024\/03\/RLT-VHRS-300x206.jpg 300w, https:\/\/www.delalumiereauxyeux-photo.fr\/wp-content\/uploads\/2024\/03\/RLT-VHRS-768x528.jpg 768w\" sizes=\"(max-width: 911px) 100vw, 911px\" \/><\/figure>\n\n\n\n<p>\u00a9 Tous droits r\u00e9serv\u00e9s 2024.<\/p>\n\n\n\n<p>Revue de presse : <a href=\"https:\/\/www.rallyedutouquet.com\/post\/la-revue-de-presse-2024\">https:\/\/www.rallyedutouquet.com\/post\/la-revue-de-presse-2024<\/a><\/p>\n\n\n\n<p>Merci aux organisateurs, \u00e0 mes clientes et clients, ainsi qu&rsquo;\u00e0 News Classic Racing <a href=\"https:\/\/www.newsclassicracing.com\/Le-Rallye-Le-Touquet-VHC-VHRS-2024?fbclid=IwAR0p6QFz5n1djiRXjcjmLdC8JT3PIGYUGZTJZtgJ1OUWBRnsoGWOrsK6Nn8\">Le Rallye Le Touquet VHC-VHRS 2024 (newsclassicracing.com)<\/a><\/p>\n\n\n\n<p>Toutes mes photos ne sont pas pr\u00e9sent\u00e9es dans l&rsquo;article, alors n&rsquo;h\u00e9sitez pas \u00e0 me contacter \ud83d\ude09<\/p>\n\n\n\n<p>Les photos sont disponibles \u00e0 l&rsquo;achat au format num\u00e9rique&nbsp;<a href=\"https:\/\/www.delalumiereauxyeux-photo.fr\/?page_id=2430\">Contact &#8211; De la lumi\u00e8re aux yeux (delalumiereauxyeux-photo.fr)<\/a><\/p>\n\n\n\n<p>Si vous souhaitez une prestation photos, contactez-moi. Vous pouvez \u00e9galement m&rsquo;envoyer vos noms, pr\u00e9noms, voiture(s), \u00e9v\u00e9nement(s), dates et lieux o\u00f9 vous serez en 2024\u00a0<a href=\"https:\/\/www.delalumiereauxyeux-photo.fr\/?page_id=2430\">Contact &#8211; De la lumi\u00e8re aux yeux (delalumiereauxyeux-photo.fr)<\/a> !<\/p>\n\n\n\n<p>M\u00e9dia <a href=\"https:\/\/www.newsclassicracing.com\/Le-Rallye-Le-Touquet-VHC-VHRS-2024?fbclid=IwAR1xnuyTTcrY-Ho6_S7QZ9YhpsJ8ADIR2aLkoDO8pIIcp3GeWLPmBox50n0\">https:\/\/www.newsclassicracing.com\/Le-Rallye-Le-Touquet-VHC-VHRS-2024?fbclid=IwAR1xnuyTTcrY-Ho6_S7QZ9YhpsJ8ADIR2aLkoDO8pIIcp3GeWLPmBox50n0<\/a><\/p>\n\n\n\n<p>Vous pouvez \u00e9galement me laisser vos commentaires sur cet article.<\/p>\n\n\n\n<p>A bient\u00f4t! \ud83d\ude42<\/p>\n\n\n\n<p>Ang\u00e9lique.<\/p>\n\n\n\n<p>Vous pouvez me retrouver sur :<\/p>\n\n\n\n<ul>\n<li>Facebook&nbsp;<a href=\"https:\/\/www.facebook.com\/DelalumiereauxyeuxPhotographe\">Delalumi\u00e8reauxyeux Photographe | Erceville | Facebook<\/a><\/li>\n\n\n\n<li>Instagram&nbsp;<a href=\"https:\/\/www.instagram.com\/angiephoto28\/\">Angie (@angiephoto28) \u2022 Photos et vid\u00e9os Instagram<\/a><\/li>\n\n\n\n<li>site www.delalumiereauxyeux.fr<\/li>\n<\/ul>\n\n\n\n<p><em>Les photos sont compress\u00e9es pour le blog et n&rsquo;ont pas leur qualit\u00e9 optimale.<\/em><\/p>\n","protected":false},"excerpt":{"rendered":"<p>Le rallye s&rsquo;est d\u00e9roul\u00e9 du 14 au 16 mars 2024. Pour ma part, j&rsquo;\u00e9tais pr\u00e9sente samedi 16 et avec le beau temps contrairement \u00e0 la veille qui f\u00fbt, apparemment, une journ\u00e9e tr\u00e8s compliqu\u00e9e et boueuse. C&rsquo;est un rallye dans une belle r\u00e9gion, en bord de mer et cette ann\u00e9e la liste des engag\u00e9s \u00e9tait cons\u00e9quente! [&hellip;]<\/p>\n","protected":false},"author":1,"featured_media":0,"comment_status":"open","ping_status":"closed","sticky":false,"template":"","format":"standard","meta":{"_monsterinsights_skip_tracking":false,"_monsterinsights_sitenote_active":false,"_monsterinsights_sitenote_note":"","_monsterinsights_sitenote_category":0,"footnotes":""},"categories":[1],"tags":[],"yoast_head":"<!-- This site is optimized with the Yoast SEO plugin v22.2 - https:\/\/yoast.com\/wordpress\/plugins\/seo\/ -->\n<title>64\u00e8me Rallye Le Touquet Pas-de-Calais - De la lumi\u00e8re aux yeux<\/title>\n<meta name=\"robots\" content=\"index, follow, max-snippet:-1, max-image-preview:large, max-video-preview:-1\" \/>\n<link rel=\"canonical\" href=\"https:\/\/www.delalumiereauxyeux-photo.fr\/?p=5207\" \/>\n<meta property=\"og:locale\" content=\"fr_FR\" \/>\n<meta property=\"og:type\" content=\"article\" \/>\n<meta property=\"og:title\" content=\"64\u00e8me Rallye Le Touquet Pas-de-Calais - De la lumi\u00e8re aux yeux\" \/>\n<meta property=\"og:description\" content=\"Le rallye s&rsquo;est d\u00e9roul\u00e9 du 14 au 16 mars 2024. Pour ma part, j&rsquo;\u00e9tais pr\u00e9sente samedi 16 et avec le beau temps contrairement \u00e0 la veille qui f\u00fbt, apparemment, une journ\u00e9e tr\u00e8s compliqu\u00e9e et boueuse. C&rsquo;est un rallye dans une belle r\u00e9gion, en bord de mer et cette ann\u00e9e la liste des engag\u00e9s \u00e9tait cons\u00e9quente! [&hellip;]\" \/>\n<meta property=\"og:url\" content=\"https:\/\/www.delalumiereauxyeux-photo.fr\/?p=5207\" \/>\n<meta property=\"og:site_name\" content=\"De la lumi\u00e8re aux yeux\" \/>\n<meta property=\"article:author\" content=\"https:\/\/www.facebook.com\/angelique.delalumiereauxyeux.5?__tn__=dlC-RHH-R-R&amp;eid=ARDORkTB_yutZsrVTEEeZ0LAobESxObVoalsaetnRjmZdhewjwojedF8h09RZ8oly8_ro0dEnvSLIUeS&amp;hc_ref=ARSbH4jjDNc2QSSUZPjZH0vrxiNgcNzLcrprkTea6WAzZ09DAHcjGeYU5y5PXqG08Ac\" \/>\n<meta property=\"article:published_time\" content=\"2024-03-22T10:15:45+00:00\" \/>\n<meta property=\"article:modified_time\" content=\"2024-06-27T09:22:41+00:00\" \/>\n<meta property=\"og:image\" content=\"http:\/\/www.delalumiereauxyeux-photo.fr\/wp-content\/uploads\/2024\/03\/DSC_6622-copie-1024x683.jpg\" \/>\n<meta name=\"author\" content=\"delalumiereauxyeux\" \/>\n<meta name=\"twitter:card\" content=\"summary_large_image\" \/>\n<meta name=\"twitter:label1\" content=\"\u00c9crit par\" \/>\n\t<meta name=\"twitter:data1\" content=\"delalumiereauxyeux\" \/>\n\t<meta name=\"twitter:label2\" content=\"Dur\u00e9e de lecture estim\u00e9e\" \/>\n\t<meta name=\"twitter:data2\" content=\"17 minutes\" \/>\n<script type=\"application\/ld+json\" class=\"yoast-schema-graph\">{\"@context\":\"https:\/\/schema.org\",\"@graph\":[{\"@type\":\"WebPage\",\"@id\":\"https:\/\/www.delalumiereauxyeux-photo.fr\/?p=5207\",\"url\":\"https:\/\/www.delalumiereauxyeux-photo.fr\/?p=5207\",\"name\":\"64\u00e8me Rallye Le Touquet Pas-de-Calais - De la lumi\u00e8re aux yeux\",\"isPartOf\":{\"@id\":\"https:\/\/www.delalumiereauxyeux-photo.fr\/#website\"},\"primaryImageOfPage\":{\"@id\":\"https:\/\/www.delalumiereauxyeux-photo.fr\/?p=5207#primaryimage\"},\"image\":{\"@id\":\"https:\/\/www.delalumiereauxyeux-photo.fr\/?p=5207#primaryimage\"},\"thumbnailUrl\":\"http:\/\/www.delalumiereauxyeux-photo.fr\/wp-content\/uploads\/2024\/03\/DSC_6622-copie-1024x683.jpg\",\"datePublished\":\"2024-03-22T10:15:45+00:00\",\"dateModified\":\"2024-06-27T09:22:41+00:00\",\"author\":{\"@id\":\"https:\/\/www.delalumiereauxyeux-photo.fr\/#\/schema\/person\/fbdc98761dd92f98cdb911153e949213\"},\"breadcrumb\":{\"@id\":\"https:\/\/www.delalumiereauxyeux-photo.fr\/?p=5207#breadcrumb\"},\"inLanguage\":\"fr-FR\",\"potentialAction\":[{\"@type\":\"ReadAction\",\"target\":[\"https:\/\/www.delalumiereauxyeux-photo.fr\/?p=5207\"]}]},{\"@type\":\"ImageObject\",\"inLanguage\":\"fr-FR\",\"@id\":\"https:\/\/www.delalumiereauxyeux-photo.fr\/?p=5207#primaryimage\",\"url\":\"https:\/\/www.delalumiereauxyeux-photo.fr\/wp-content\/uploads\/2024\/03\/DSC_6622-copie-scaled.jpg\",\"contentUrl\":\"https:\/\/www.delalumiereauxyeux-photo.fr\/wp-content\/uploads\/2024\/03\/DSC_6622-copie-scaled.jpg\",\"width\":2560,\"height\":1707,\"caption\":\"64e Rallye Le Touquet Pas-de-Calais 2024 photographe De la lumi\u00e8re aux yeux\"},{\"@type\":\"BreadcrumbList\",\"@id\":\"https:\/\/www.delalumiereauxyeux-photo.fr\/?p=5207#breadcrumb\",\"itemListElement\":[{\"@type\":\"ListItem\",\"position\":1,\"name\":\"Accueil\",\"item\":\"https:\/\/www.delalumiereauxyeux-photo.fr\/\"},{\"@type\":\"ListItem\",\"position\":2,\"name\":\"64\u00e8me Rallye Le Touquet Pas-de-Calais\"}]},{\"@type\":\"WebSite\",\"@id\":\"https:\/\/www.delalumiereauxyeux-photo.fr\/#website\",\"url\":\"https:\/\/www.delalumiereauxyeux-photo.fr\/\",\"name\":\"De la lumi\u00e8re aux yeux\",\"description\":\"De la lumi\u00e8re aux yeux\",\"potentialAction\":[{\"@type\":\"SearchAction\",\"target\":{\"@type\":\"EntryPoint\",\"urlTemplate\":\"https:\/\/www.delalumiereauxyeux-photo.fr\/?s={search_term_string}\"},\"query-input\":\"required name=search_term_string\"}],\"inLanguage\":\"fr-FR\"},{\"@type\":\"Person\",\"@id\":\"https:\/\/www.delalumiereauxyeux-photo.fr\/#\/schema\/person\/fbdc98761dd92f98cdb911153e949213\",\"name\":\"delalumiereauxyeux\",\"image\":{\"@type\":\"ImageObject\",\"inLanguage\":\"fr-FR\",\"@id\":\"https:\/\/www.delalumiereauxyeux-photo.fr\/#\/schema\/person\/image\/\",\"url\":\"https:\/\/secure.gravatar.com\/avatar\/8fecce8824b60e8618943375d4f3666c?s=96&d=mm&r=g\",\"contentUrl\":\"https:\/\/secure.gravatar.com\/avatar\/8fecce8824b60e8618943375d4f3666c?s=96&d=mm&r=g\",\"caption\":\"delalumiereauxyeux\"},\"sameAs\":[\"https:\/\/www.facebook.com\/angelique.delalumiereauxyeux.5?__tn__=dlC-RHH-R-R&eid=ARDORkTB_yutZsrVTEEeZ0LAobESxObVoalsaetnRjmZdhewjwojedF8h09RZ8oly8_ro0dEnvSLIUeS&hc_ref=ARSbH4jjDNc2QSSUZPjZH0vrxiNgcNzLcrprkTea6WAzZ09DAHcjGeYU5y5PXqG08Ac\",\"https:\/\/www.instagram.com\/angiephoto28\/\",\"https:\/\/www.linkedin.com\/in\/anglique-de-la-lumire-aux-yeux-65418826b\/\"]}]}<\/script>\n<!-- \/ Yoast SEO plugin. -->","yoast_head_json":{"title":"64\u00e8me Rallye Le Touquet Pas-de-Calais - De la lumi\u00e8re aux yeux","robots":{"index":"index","follow":"follow","max-snippet":"max-snippet:-1","max-image-preview":"max-image-preview:large","max-video-preview":"max-video-preview:-1"},"canonical":"https:\/\/www.delalumiereauxyeux-photo.fr\/?p=5207","og_locale":"fr_FR","og_type":"article","og_title":"64\u00e8me Rallye Le Touquet Pas-de-Calais - De la lumi\u00e8re aux yeux","og_description":"Le rallye s&rsquo;est d\u00e9roul\u00e9 du 14 au 16 mars 2024. Pour ma part, j&rsquo;\u00e9tais pr\u00e9sente samedi 16 et avec le beau temps contrairement \u00e0 la veille qui f\u00fbt, apparemment, une journ\u00e9e tr\u00e8s compliqu\u00e9e et boueuse. C&rsquo;est un rallye dans une belle r\u00e9gion, en bord de mer et cette ann\u00e9e la liste des engag\u00e9s \u00e9tait cons\u00e9quente! [&hellip;]","og_url":"https:\/\/www.delalumiereauxyeux-photo.fr\/?p=5207","og_site_name":"De la lumi\u00e8re aux yeux","article_author":"https:\/\/www.facebook.com\/angelique.delalumiereauxyeux.5?__tn__=dlC-RHH-R-R&eid=ARDORkTB_yutZsrVTEEeZ0LAobESxObVoalsaetnRjmZdhewjwojedF8h09RZ8oly8_ro0dEnvSLIUeS&hc_ref=ARSbH4jjDNc2QSSUZPjZH0vrxiNgcNzLcrprkTea6WAzZ09DAHcjGeYU5y5PXqG08Ac","article_published_time":"2024-03-22T10:15:45+00:00","article_modified_time":"2024-06-27T09:22:41+00:00","og_image":[{"url":"http:\/\/www.delalumiereauxyeux-photo.fr\/wp-content\/uploads\/2024\/03\/DSC_6622-copie-1024x683.jpg"}],"author":"delalumiereauxyeux","twitter_card":"summary_large_image","twitter_misc":{"\u00c9crit par":"delalumiereauxyeux","Dur\u00e9e de lecture estim\u00e9e":"17 minutes"},"schema":{"@context":"https:\/\/schema.org","@graph":[{"@type":"WebPage","@id":"https:\/\/www.delalumiereauxyeux-photo.fr\/?p=5207","url":"https:\/\/www.delalumiereauxyeux-photo.fr\/?p=5207","name":"64\u00e8me Rallye Le Touquet Pas-de-Calais - De la lumi\u00e8re aux yeux","isPartOf":{"@id":"https:\/\/www.delalumiereauxyeux-photo.fr\/#website"},"primaryImageOfPage":{"@id":"https:\/\/www.delalumiereauxyeux-photo.fr\/?p=5207#primaryimage"},"image":{"@id":"https:\/\/www.delalumiereauxyeux-photo.fr\/?p=5207#primaryimage"},"thumbnailUrl":"http:\/\/www.delalumiereauxyeux-photo.fr\/wp-content\/uploads\/2024\/03\/DSC_6622-copie-1024x683.jpg","datePublished":"2024-03-22T10:15:45+00:00","dateModified":"2024-06-27T09:22:41+00:00","author":{"@id":"https:\/\/www.delalumiereauxyeux-photo.fr\/#\/schema\/person\/fbdc98761dd92f98cdb911153e949213"},"breadcrumb":{"@id":"https:\/\/www.delalumiereauxyeux-photo.fr\/?p=5207#breadcrumb"},"inLanguage":"fr-FR","potentialAction":[{"@type":"ReadAction","target":["https:\/\/www.delalumiereauxyeux-photo.fr\/?p=5207"]}]},{"@type":"ImageObject","inLanguage":"fr-FR","@id":"https:\/\/www.delalumiereauxyeux-photo.fr\/?p=5207#primaryimage","url":"https:\/\/www.delalumiereauxyeux-photo.fr\/wp-content\/uploads\/2024\/03\/DSC_6622-copie-scaled.jpg","contentUrl":"https:\/\/www.delalumiereauxyeux-photo.fr\/wp-content\/uploads\/2024\/03\/DSC_6622-copie-scaled.jpg","width":2560,"height":1707,"caption":"64e Rallye Le Touquet Pas-de-Calais 2024 photographe De la lumi\u00e8re aux yeux"},{"@type":"BreadcrumbList","@id":"https:\/\/www.delalumiereauxyeux-photo.fr\/?p=5207#breadcrumb","itemListElement":[{"@type":"ListItem","position":1,"name":"Accueil","item":"https:\/\/www.delalumiereauxyeux-photo.fr\/"},{"@type":"ListItem","position":2,"name":"64\u00e8me Rallye Le Touquet Pas-de-Calais"}]},{"@type":"WebSite","@id":"https:\/\/www.delalumiereauxyeux-photo.fr\/#website","url":"https:\/\/www.delalumiereauxyeux-photo.fr\/","name":"De la lumi\u00e8re aux yeux","description":"De la lumi\u00e8re aux yeux","potentialAction":[{"@type":"SearchAction","target":{"@type":"EntryPoint","urlTemplate":"https:\/\/www.delalumiereauxyeux-photo.fr\/?s={search_term_string}"},"query-input":"required name=search_term_string"}],"inLanguage":"fr-FR"},{"@type":"Person","@id":"https:\/\/www.delalumiereauxyeux-photo.fr\/#\/schema\/person\/fbdc98761dd92f98cdb911153e949213","name":"delalumiereauxyeux","image":{"@type":"ImageObject","inLanguage":"fr-FR","@id":"https:\/\/www.delalumiereauxyeux-photo.fr\/#\/schema\/person\/image\/","url":"https:\/\/secure.gravatar.com\/avatar\/8fecce8824b60e8618943375d4f3666c?s=96&d=mm&r=g","contentUrl":"https:\/\/secure.gravatar.com\/avatar\/8fecce8824b60e8618943375d4f3666c?s=96&d=mm&r=g","caption":"delalumiereauxyeux"},"sameAs":["https:\/\/www.facebook.com\/angelique.delalumiereauxyeux.5?__tn__=dlC-RHH-R-R&eid=ARDORkTB_yutZsrVTEEeZ0LAobESxObVoalsaetnRjmZdhewjwojedF8h09RZ8oly8_ro0dEnvSLIUeS&hc_ref=ARSbH4jjDNc2QSSUZPjZH0vrxiNgcNzLcrprkTea6WAzZ09DAHcjGeYU5y5PXqG08Ac","https:\/\/www.instagram.com\/angiephoto28\/","https:\/\/www.linkedin.com\/in\/anglique-de-la-lumire-aux-yeux-65418826b\/"]}]}},"_links":{"self":[{"href":"https:\/\/www.delalumiereauxyeux-photo.fr\/index.php?rest_route=\/wp\/v2\/posts\/5207"}],"collection":[{"href":"https:\/\/www.delalumiereauxyeux-photo.fr\/index.php?rest_route=\/wp\/v2\/posts"}],"about":[{"href":"https:\/\/www.delalumiereauxyeux-photo.fr\/index.php?rest_route=\/wp\/v2\/types\/post"}],"author":[{"embeddable":true,"href":"https:\/\/www.delalumiereauxyeux-photo.fr\/index.php?rest_route=\/wp\/v2\/users\/1"}],"replies":[{"embeddable":true,"href":"https:\/\/www.delalumiereauxyeux-photo.fr\/index.php?rest_route=%2Fwp%2Fv2%2Fcomments&post=5207"}],"version-history":[{"count":12,"href":"https:\/\/www.delalumiereauxyeux-photo.fr\/index.php?rest_route=\/wp\/v2\/posts\/5207\/revisions"}],"predecessor-version":[{"id":6294,"href":"https:\/\/www.delalumiereauxyeux-photo.fr\/index.php?rest_route=\/wp\/v2\/posts\/5207\/revisions\/6294"}],"wp:attachment":[{"href":"https:\/\/www.delalumiereauxyeux-photo.fr\/index.php?rest_route=%2Fwp%2Fv2%2Fmedia&parent=5207"}],"wp:term":[{"taxonomy":"category","embeddable":true,"href":"https:\/\/www.delalumiereauxyeux-photo.fr\/index.php?rest_route=%2Fwp%2Fv2%2Fcategories&post=5207"},{"taxonomy":"post_tag","embeddable":true,"href":"https:\/\/www.delalumiereauxyeux-photo.fr\/index.php?rest_route=%2Fwp%2Fv2%2Ftags&post=5207"}],"curies":[{"name":"wp","href":"https:\/\/api.w.org\/{rel}","templated":true}]}}