{"id":5303,"date":"2024-04-11T19:33:32","date_gmt":"2024-04-11T19:33:32","guid":{"rendered":"https:\/\/www.delalumiereauxyeux-photo.fr\/?p=5303"},"modified":"2024-04-11T19:33:36","modified_gmt":"2024-04-11T19:33:36","slug":"folcar-des-ducs-2024-au-circuit-des-ducs-a-essay","status":"publish","type":"post","link":"https:\/\/www.delalumiereauxyeux-photo.fr\/?p=5303","title":{"rendered":"Fol&rsquo;Car des Ducs 2024 au circuit des Ducs \u00e0 Essay"},"content":{"rendered":"\n<p>Une journ\u00e9e de dimanche rythm\u00e9e entre soleil et nuages avec de belles manches!<\/p>\n\n\n\n<figure class=\"wp-block-image size-large\"><img loading=\"lazy\" decoding=\"async\" width=\"1024\" height=\"683\" src=\"http:\/\/www.delalumiereauxyeux-photo.fr\/wp-content\/uploads\/2024\/04\/DSC_9092-1024x683.jpg\" alt=\"Fol'car des Ducs 2024 \u00e0 Essay photographe De la lumi\u00e8re aux yeux\" class=\"wp-image-5302\" srcset=\"https:\/\/www.delalumiereauxyeux-photo.fr\/wp-content\/uploads\/2024\/04\/DSC_9092-1024x683.jpg 1024w, https:\/\/www.delalumiereauxyeux-photo.fr\/wp-content\/uploads\/2024\/04\/DSC_9092-300x200.jpg 300w, https:\/\/www.delalumiereauxyeux-photo.fr\/wp-content\/uploads\/2024\/04\/DSC_9092-768x512.jpg 768w, https:\/\/www.delalumiereauxyeux-photo.fr\/wp-content\/uploads\/2024\/04\/DSC_9092-1536x1024.jpg 1536w, https:\/\/www.delalumiereauxyeux-photo.fr\/wp-content\/uploads\/2024\/04\/DSC_9092-2048x1365.jpg 2048w\" sizes=\"(max-width: 1024px) 100vw, 1024px\" \/><\/figure>\n\n\n\n<figure class=\"wp-block-image size-large\"><img loading=\"lazy\" decoding=\"async\" width=\"1024\" height=\"879\" src=\"http:\/\/www.delalumiereauxyeux-photo.fr\/wp-content\/uploads\/2024\/04\/DSC_0005-1024x879.jpg\" alt=\"Fol'car des Ducs 2024 \u00e0 Essay photographe De la lumi\u00e8re aux yeux\" class=\"wp-image-5223\" srcset=\"https:\/\/www.delalumiereauxyeux-photo.fr\/wp-content\/uploads\/2024\/04\/DSC_0005-1024x879.jpg 1024w, https:\/\/www.delalumiereauxyeux-photo.fr\/wp-content\/uploads\/2024\/04\/DSC_0005-300x258.jpg 300w, https:\/\/www.delalumiereauxyeux-photo.fr\/wp-content\/uploads\/2024\/04\/DSC_0005-768x659.jpg 768w, https:\/\/www.delalumiereauxyeux-photo.fr\/wp-content\/uploads\/2024\/04\/DSC_0005-1536x1318.jpg 1536w, https:\/\/www.delalumiereauxyeux-photo.fr\/wp-content\/uploads\/2024\/04\/DSC_0005-2048x1758.jpg 2048w\" sizes=\"(max-width: 1024px) 100vw, 1024px\" \/><\/figure>\n\n\n\n<figure class=\"wp-block-image size-large\"><img loading=\"lazy\" decoding=\"async\" width=\"1024\" height=\"683\" src=\"http:\/\/www.delalumiereauxyeux-photo.fr\/wp-content\/uploads\/2024\/04\/DSC_0006-1024x683.jpg\" alt=\"Fol'car des Ducs 2024 \u00e0 Essay photographe De la lumi\u00e8re aux yeux\" class=\"wp-image-5224\" srcset=\"https:\/\/www.delalumiereauxyeux-photo.fr\/wp-content\/uploads\/2024\/04\/DSC_0006-1024x683.jpg 1024w, https:\/\/www.delalumiereauxyeux-photo.fr\/wp-content\/uploads\/2024\/04\/DSC_0006-300x200.jpg 300w, https:\/\/www.delalumiereauxyeux-photo.fr\/wp-content\/uploads\/2024\/04\/DSC_0006-768x512.jpg 768w, https:\/\/www.delalumiereauxyeux-photo.fr\/wp-content\/uploads\/2024\/04\/DSC_0006-1536x1024.jpg 1536w, https:\/\/www.delalumiereauxyeux-photo.fr\/wp-content\/uploads\/2024\/04\/DSC_0006-2048x1365.jpg 2048w\" sizes=\"(max-width: 1024px) 100vw, 1024px\" \/><\/figure>\n\n\n\n<figure class=\"wp-block-image size-large\"><img loading=\"lazy\" decoding=\"async\" width=\"1024\" height=\"683\" src=\"http:\/\/www.delalumiereauxyeux-photo.fr\/wp-content\/uploads\/2024\/04\/DSC_0023-1024x683.jpg\" alt=\"Fol'car des Ducs 2024 \u00e0 Essay photographe De la lumi\u00e8re aux yeux\" class=\"wp-image-5225\" srcset=\"https:\/\/www.delalumiereauxyeux-photo.fr\/wp-content\/uploads\/2024\/04\/DSC_0023-1024x683.jpg 1024w, https:\/\/www.delalumiereauxyeux-photo.fr\/wp-content\/uploads\/2024\/04\/DSC_0023-300x200.jpg 300w, https:\/\/www.delalumiereauxyeux-photo.fr\/wp-content\/uploads\/2024\/04\/DSC_0023-768x512.jpg 768w, https:\/\/www.delalumiereauxyeux-photo.fr\/wp-content\/uploads\/2024\/04\/DSC_0023-1536x1024.jpg 1536w, https:\/\/www.delalumiereauxyeux-photo.fr\/wp-content\/uploads\/2024\/04\/DSC_0023-2048x1365.jpg 2048w\" sizes=\"(max-width: 1024px) 100vw, 1024px\" \/><\/figure>\n\n\n\n<figure class=\"wp-block-image size-large\"><img loading=\"lazy\" decoding=\"async\" width=\"1024\" height=\"554\" src=\"http:\/\/www.delalumiereauxyeux-photo.fr\/wp-content\/uploads\/2024\/04\/DSC_0027-1024x554.jpg\" alt=\"Fol'car des Ducs 2024 \u00e0 Essay photographe De la lumi\u00e8re aux yeux\" class=\"wp-image-5226\" srcset=\"https:\/\/www.delalumiereauxyeux-photo.fr\/wp-content\/uploads\/2024\/04\/DSC_0027-1024x554.jpg 1024w, https:\/\/www.delalumiereauxyeux-photo.fr\/wp-content\/uploads\/2024\/04\/DSC_0027-300x162.jpg 300w, https:\/\/www.delalumiereauxyeux-photo.fr\/wp-content\/uploads\/2024\/04\/DSC_0027-768x415.jpg 768w, https:\/\/www.delalumiereauxyeux-photo.fr\/wp-content\/uploads\/2024\/04\/DSC_0027-1536x831.jpg 1536w, https:\/\/www.delalumiereauxyeux-photo.fr\/wp-content\/uploads\/2024\/04\/DSC_0027-2048x1107.jpg 2048w\" sizes=\"(max-width: 1024px) 100vw, 1024px\" \/><\/figure>\n\n\n\n<figure class=\"wp-block-image size-large\"><img loading=\"lazy\" decoding=\"async\" width=\"1024\" height=\"683\" src=\"http:\/\/www.delalumiereauxyeux-photo.fr\/wp-content\/uploads\/2024\/04\/DSC_0054-1024x683.jpg\" alt=\"Fol'car des Ducs 2024 \u00e0 Essay photographe De la lumi\u00e8re aux yeux\" class=\"wp-image-5227\" srcset=\"https:\/\/www.delalumiereauxyeux-photo.fr\/wp-content\/uploads\/2024\/04\/DSC_0054-1024x683.jpg 1024w, https:\/\/www.delalumiereauxyeux-photo.fr\/wp-content\/uploads\/2024\/04\/DSC_0054-300x200.jpg 300w, https:\/\/www.delalumiereauxyeux-photo.fr\/wp-content\/uploads\/2024\/04\/DSC_0054-768x512.jpg 768w, https:\/\/www.delalumiereauxyeux-photo.fr\/wp-content\/uploads\/2024\/04\/DSC_0054-1536x1024.jpg 1536w, https:\/\/www.delalumiereauxyeux-photo.fr\/wp-content\/uploads\/2024\/04\/DSC_0054-2048x1365.jpg 2048w\" sizes=\"(max-width: 1024px) 100vw, 1024px\" \/><\/figure>\n\n\n\n<figure class=\"wp-block-image size-large\"><img loading=\"lazy\" decoding=\"async\" width=\"1024\" height=\"683\" src=\"http:\/\/www.delalumiereauxyeux-photo.fr\/wp-content\/uploads\/2024\/04\/DSC_0072-1024x683.jpg\" alt=\"Fol'car des Ducs 2024 \u00e0 Essay photographe De la lumi\u00e8re aux yeux\" class=\"wp-image-5228\" srcset=\"https:\/\/www.delalumiereauxyeux-photo.fr\/wp-content\/uploads\/2024\/04\/DSC_0072-1024x683.jpg 1024w, https:\/\/www.delalumiereauxyeux-photo.fr\/wp-content\/uploads\/2024\/04\/DSC_0072-300x200.jpg 300w, https:\/\/www.delalumiereauxyeux-photo.fr\/wp-content\/uploads\/2024\/04\/DSC_0072-768x512.jpg 768w, https:\/\/www.delalumiereauxyeux-photo.fr\/wp-content\/uploads\/2024\/04\/DSC_0072-1536x1024.jpg 1536w, https:\/\/www.delalumiereauxyeux-photo.fr\/wp-content\/uploads\/2024\/04\/DSC_0072-2048x1365.jpg 2048w\" sizes=\"(max-width: 1024px) 100vw, 1024px\" \/><\/figure>\n\n\n\n<figure class=\"wp-block-image size-large\"><img loading=\"lazy\" decoding=\"async\" width=\"972\" height=\"1024\" src=\"http:\/\/www.delalumiereauxyeux-photo.fr\/wp-content\/uploads\/2024\/04\/DSC_0074-972x1024.jpg\" alt=\"Fol'car des Ducs 2024 \u00e0 Essay photographe De la lumi\u00e8re aux yeux\" class=\"wp-image-5229\" srcset=\"https:\/\/www.delalumiereauxyeux-photo.fr\/wp-content\/uploads\/2024\/04\/DSC_0074-972x1024.jpg 972w, https:\/\/www.delalumiereauxyeux-photo.fr\/wp-content\/uploads\/2024\/04\/DSC_0074-285x300.jpg 285w, https:\/\/www.delalumiereauxyeux-photo.fr\/wp-content\/uploads\/2024\/04\/DSC_0074-768x809.jpg 768w, https:\/\/www.delalumiereauxyeux-photo.fr\/wp-content\/uploads\/2024\/04\/DSC_0074-1458x1536.jpg 1458w, https:\/\/www.delalumiereauxyeux-photo.fr\/wp-content\/uploads\/2024\/04\/DSC_0074-1944x2048.jpg 1944w\" sizes=\"(max-width: 972px) 100vw, 972px\" \/><\/figure>\n\n\n\n<figure class=\"wp-block-image size-large\"><img loading=\"lazy\" decoding=\"async\" width=\"1024\" height=\"683\" src=\"http:\/\/www.delalumiereauxyeux-photo.fr\/wp-content\/uploads\/2024\/04\/DSC_0076-1024x683.jpg\" alt=\"Fol'car des Ducs 2024 \u00e0 Essay photographe De la lumi\u00e8re aux yeux\" class=\"wp-image-5230\" srcset=\"https:\/\/www.delalumiereauxyeux-photo.fr\/wp-content\/uploads\/2024\/04\/DSC_0076-1024x683.jpg 1024w, https:\/\/www.delalumiereauxyeux-photo.fr\/wp-content\/uploads\/2024\/04\/DSC_0076-300x200.jpg 300w, https:\/\/www.delalumiereauxyeux-photo.fr\/wp-content\/uploads\/2024\/04\/DSC_0076-768x512.jpg 768w, https:\/\/www.delalumiereauxyeux-photo.fr\/wp-content\/uploads\/2024\/04\/DSC_0076-1536x1024.jpg 1536w, https:\/\/www.delalumiereauxyeux-photo.fr\/wp-content\/uploads\/2024\/04\/DSC_0076-2048x1365.jpg 2048w\" sizes=\"(max-width: 1024px) 100vw, 1024px\" \/><\/figure>\n\n\n\n<figure class=\"wp-block-image size-large\"><img loading=\"lazy\" decoding=\"async\" width=\"1024\" height=\"697\" src=\"http:\/\/www.delalumiereauxyeux-photo.fr\/wp-content\/uploads\/2024\/04\/DSC_0081-1024x697.jpg\" alt=\"Fol'car des Ducs 2024 \u00e0 Essay photographe De la lumi\u00e8re aux yeux\" class=\"wp-image-5231\" srcset=\"https:\/\/www.delalumiereauxyeux-photo.fr\/wp-content\/uploads\/2024\/04\/DSC_0081-1024x697.jpg 1024w, https:\/\/www.delalumiereauxyeux-photo.fr\/wp-content\/uploads\/2024\/04\/DSC_0081-300x204.jpg 300w, https:\/\/www.delalumiereauxyeux-photo.fr\/wp-content\/uploads\/2024\/04\/DSC_0081-768x523.jpg 768w, https:\/\/www.delalumiereauxyeux-photo.fr\/wp-content\/uploads\/2024\/04\/DSC_0081-1536x1045.jpg 1536w, https:\/\/www.delalumiereauxyeux-photo.fr\/wp-content\/uploads\/2024\/04\/DSC_0081-2048x1393.jpg 2048w\" sizes=\"(max-width: 1024px) 100vw, 1024px\" \/><\/figure>\n\n\n\n<figure class=\"wp-block-image size-large\"><img loading=\"lazy\" decoding=\"async\" width=\"1024\" height=\"683\" src=\"http:\/\/www.delalumiereauxyeux-photo.fr\/wp-content\/uploads\/2024\/04\/DSC_0083-1024x683.jpg\" alt=\"Fol'car des Ducs 2024 \u00e0 Essay photographe De la lumi\u00e8re aux yeux\" class=\"wp-image-5232\" srcset=\"https:\/\/www.delalumiereauxyeux-photo.fr\/wp-content\/uploads\/2024\/04\/DSC_0083-1024x683.jpg 1024w, https:\/\/www.delalumiereauxyeux-photo.fr\/wp-content\/uploads\/2024\/04\/DSC_0083-300x200.jpg 300w, https:\/\/www.delalumiereauxyeux-photo.fr\/wp-content\/uploads\/2024\/04\/DSC_0083-768x512.jpg 768w, https:\/\/www.delalumiereauxyeux-photo.fr\/wp-content\/uploads\/2024\/04\/DSC_0083-1536x1024.jpg 1536w, https:\/\/www.delalumiereauxyeux-photo.fr\/wp-content\/uploads\/2024\/04\/DSC_0083-2048x1365.jpg 2048w\" sizes=\"(max-width: 1024px) 100vw, 1024px\" \/><\/figure>\n\n\n\n<figure class=\"wp-block-image size-large\"><img loading=\"lazy\" decoding=\"async\" width=\"1024\" height=\"665\" src=\"http:\/\/www.delalumiereauxyeux-photo.fr\/wp-content\/uploads\/2024\/04\/DSC_0096-1024x665.jpg\" alt=\"Fol'car des Ducs 2024 \u00e0 Essay photographe De la lumi\u00e8re aux yeux\" class=\"wp-image-5234\" srcset=\"https:\/\/www.delalumiereauxyeux-photo.fr\/wp-content\/uploads\/2024\/04\/DSC_0096-1024x665.jpg 1024w, https:\/\/www.delalumiereauxyeux-photo.fr\/wp-content\/uploads\/2024\/04\/DSC_0096-300x195.jpg 300w, https:\/\/www.delalumiereauxyeux-photo.fr\/wp-content\/uploads\/2024\/04\/DSC_0096-768x498.jpg 768w, https:\/\/www.delalumiereauxyeux-photo.fr\/wp-content\/uploads\/2024\/04\/DSC_0096-1536x997.jpg 1536w, https:\/\/www.delalumiereauxyeux-photo.fr\/wp-content\/uploads\/2024\/04\/DSC_0096-2048x1329.jpg 2048w\" sizes=\"(max-width: 1024px) 100vw, 1024px\" \/><\/figure>\n\n\n\n<figure class=\"wp-block-image size-large\"><img loading=\"lazy\" decoding=\"async\" width=\"1024\" height=\"1008\" src=\"http:\/\/www.delalumiereauxyeux-photo.fr\/wp-content\/uploads\/2024\/04\/DSC_0089-1024x1008.jpg\" alt=\"Fol'car des Ducs 2024 \u00e0 Essay photographe De la lumi\u00e8re aux yeux\" class=\"wp-image-5233\" srcset=\"https:\/\/www.delalumiereauxyeux-photo.fr\/wp-content\/uploads\/2024\/04\/DSC_0089-1024x1008.jpg 1024w, https:\/\/www.delalumiereauxyeux-photo.fr\/wp-content\/uploads\/2024\/04\/DSC_0089-300x295.jpg 300w, https:\/\/www.delalumiereauxyeux-photo.fr\/wp-content\/uploads\/2024\/04\/DSC_0089-768x756.jpg 768w, https:\/\/www.delalumiereauxyeux-photo.fr\/wp-content\/uploads\/2024\/04\/DSC_0089-1536x1512.jpg 1536w, https:\/\/www.delalumiereauxyeux-photo.fr\/wp-content\/uploads\/2024\/04\/DSC_0089-2048x2016.jpg 2048w\" sizes=\"(max-width: 1024px) 100vw, 1024px\" \/><\/figure>\n\n\n\n<figure class=\"wp-block-image size-large\"><img loading=\"lazy\" decoding=\"async\" width=\"683\" height=\"1024\" src=\"http:\/\/www.delalumiereauxyeux-photo.fr\/wp-content\/uploads\/2024\/04\/DSC_0106-683x1024.jpg\" alt=\"Fol'car des Ducs 2024 \u00e0 Essay photographe De la lumi\u00e8re aux yeux\" class=\"wp-image-5235\" srcset=\"https:\/\/www.delalumiereauxyeux-photo.fr\/wp-content\/uploads\/2024\/04\/DSC_0106-683x1024.jpg 683w, https:\/\/www.delalumiereauxyeux-photo.fr\/wp-content\/uploads\/2024\/04\/DSC_0106-200x300.jpg 200w, https:\/\/www.delalumiereauxyeux-photo.fr\/wp-content\/uploads\/2024\/04\/DSC_0106-768x1152.jpg 768w, https:\/\/www.delalumiereauxyeux-photo.fr\/wp-content\/uploads\/2024\/04\/DSC_0106-1024x1536.jpg 1024w, https:\/\/www.delalumiereauxyeux-photo.fr\/wp-content\/uploads\/2024\/04\/DSC_0106-1365x2048.jpg 1365w, https:\/\/www.delalumiereauxyeux-photo.fr\/wp-content\/uploads\/2024\/04\/DSC_0106-scaled.jpg 1707w\" sizes=\"(max-width: 683px) 100vw, 683px\" \/><\/figure>\n\n\n\n<figure class=\"wp-block-image size-large\"><img loading=\"lazy\" decoding=\"async\" width=\"1024\" height=\"683\" src=\"http:\/\/www.delalumiereauxyeux-photo.fr\/wp-content\/uploads\/2024\/04\/DSC_0110-1024x683.jpg\" alt=\"Fol'car des Ducs 2024 \u00e0 Essay photographe De la lumi\u00e8re aux yeux\" class=\"wp-image-5236\" srcset=\"https:\/\/www.delalumiereauxyeux-photo.fr\/wp-content\/uploads\/2024\/04\/DSC_0110-1024x683.jpg 1024w, https:\/\/www.delalumiereauxyeux-photo.fr\/wp-content\/uploads\/2024\/04\/DSC_0110-300x200.jpg 300w, https:\/\/www.delalumiereauxyeux-photo.fr\/wp-content\/uploads\/2024\/04\/DSC_0110-768x512.jpg 768w, https:\/\/www.delalumiereauxyeux-photo.fr\/wp-content\/uploads\/2024\/04\/DSC_0110-1536x1024.jpg 1536w, https:\/\/www.delalumiereauxyeux-photo.fr\/wp-content\/uploads\/2024\/04\/DSC_0110-2048x1365.jpg 2048w\" sizes=\"(max-width: 1024px) 100vw, 1024px\" \/><\/figure>\n\n\n\n<figure class=\"wp-block-image size-large\"><img loading=\"lazy\" decoding=\"async\" width=\"1024\" height=\"683\" src=\"http:\/\/www.delalumiereauxyeux-photo.fr\/wp-content\/uploads\/2024\/04\/DSC_0126-1024x683.jpg\" alt=\"Fol'car des Ducs 2024 \u00e0 Essay photographe De la lumi\u00e8re aux yeux\" class=\"wp-image-5237\" srcset=\"https:\/\/www.delalumiereauxyeux-photo.fr\/wp-content\/uploads\/2024\/04\/DSC_0126-1024x683.jpg 1024w, https:\/\/www.delalumiereauxyeux-photo.fr\/wp-content\/uploads\/2024\/04\/DSC_0126-300x200.jpg 300w, https:\/\/www.delalumiereauxyeux-photo.fr\/wp-content\/uploads\/2024\/04\/DSC_0126-768x512.jpg 768w, https:\/\/www.delalumiereauxyeux-photo.fr\/wp-content\/uploads\/2024\/04\/DSC_0126-1536x1024.jpg 1536w, https:\/\/www.delalumiereauxyeux-photo.fr\/wp-content\/uploads\/2024\/04\/DSC_0126-2048x1365.jpg 2048w\" sizes=\"(max-width: 1024px) 100vw, 1024px\" \/><\/figure>\n\n\n\n<figure class=\"wp-block-image size-large\"><img loading=\"lazy\" decoding=\"async\" width=\"1024\" height=\"550\" src=\"http:\/\/www.delalumiereauxyeux-photo.fr\/wp-content\/uploads\/2024\/04\/DSC_0132-1024x550.jpg\" alt=\"Fol'car des Ducs 2024 \u00e0 Essay photographe De la lumi\u00e8re aux yeux\" class=\"wp-image-5238\" srcset=\"https:\/\/www.delalumiereauxyeux-photo.fr\/wp-content\/uploads\/2024\/04\/DSC_0132-1024x550.jpg 1024w, https:\/\/www.delalumiereauxyeux-photo.fr\/wp-content\/uploads\/2024\/04\/DSC_0132-300x161.jpg 300w, https:\/\/www.delalumiereauxyeux-photo.fr\/wp-content\/uploads\/2024\/04\/DSC_0132-768x413.jpg 768w, https:\/\/www.delalumiereauxyeux-photo.fr\/wp-content\/uploads\/2024\/04\/DSC_0132-1536x825.jpg 1536w, https:\/\/www.delalumiereauxyeux-photo.fr\/wp-content\/uploads\/2024\/04\/DSC_0132-2048x1100.jpg 2048w\" sizes=\"(max-width: 1024px) 100vw, 1024px\" \/><\/figure>\n\n\n\n<figure class=\"wp-block-image size-large\"><img loading=\"lazy\" decoding=\"async\" width=\"1024\" height=\"552\" src=\"http:\/\/www.delalumiereauxyeux-photo.fr\/wp-content\/uploads\/2024\/04\/DSC_0150-1024x552.jpg\" alt=\"Fol'car des Ducs 2024 \u00e0 Essay photographe De la lumi\u00e8re aux yeux\" class=\"wp-image-5246\" srcset=\"https:\/\/www.delalumiereauxyeux-photo.fr\/wp-content\/uploads\/2024\/04\/DSC_0150-1024x552.jpg 1024w, https:\/\/www.delalumiereauxyeux-photo.fr\/wp-content\/uploads\/2024\/04\/DSC_0150-300x162.jpg 300w, https:\/\/www.delalumiereauxyeux-photo.fr\/wp-content\/uploads\/2024\/04\/DSC_0150-768x414.jpg 768w, https:\/\/www.delalumiereauxyeux-photo.fr\/wp-content\/uploads\/2024\/04\/DSC_0150-1536x828.jpg 1536w, https:\/\/www.delalumiereauxyeux-photo.fr\/wp-content\/uploads\/2024\/04\/DSC_0150-2048x1104.jpg 2048w\" sizes=\"(max-width: 1024px) 100vw, 1024px\" \/><\/figure>\n\n\n\n<figure class=\"wp-block-image size-large\"><img loading=\"lazy\" decoding=\"async\" width=\"1024\" height=\"677\" src=\"http:\/\/www.delalumiereauxyeux-photo.fr\/wp-content\/uploads\/2024\/04\/DSC_0151-1024x677.jpg\" alt=\"Fol'car des Ducs 2024 \u00e0 Essay photographe De la lumi\u00e8re aux yeux\" class=\"wp-image-5247\" srcset=\"https:\/\/www.delalumiereauxyeux-photo.fr\/wp-content\/uploads\/2024\/04\/DSC_0151-1024x677.jpg 1024w, https:\/\/www.delalumiereauxyeux-photo.fr\/wp-content\/uploads\/2024\/04\/DSC_0151-300x198.jpg 300w, https:\/\/www.delalumiereauxyeux-photo.fr\/wp-content\/uploads\/2024\/04\/DSC_0151-768x508.jpg 768w, https:\/\/www.delalumiereauxyeux-photo.fr\/wp-content\/uploads\/2024\/04\/DSC_0151-1536x1015.jpg 1536w, https:\/\/www.delalumiereauxyeux-photo.fr\/wp-content\/uploads\/2024\/04\/DSC_0151-2048x1354.jpg 2048w\" sizes=\"(max-width: 1024px) 100vw, 1024px\" \/><\/figure>\n\n\n\n<figure class=\"wp-block-image size-large\"><img loading=\"lazy\" decoding=\"async\" width=\"1024\" height=\"683\" src=\"http:\/\/www.delalumiereauxyeux-photo.fr\/wp-content\/uploads\/2024\/04\/DSC_0202-1024x683.jpg\" alt=\"Fol'car des Ducs 2024 \u00e0 Essay photographe De la lumi\u00e8re aux yeux\" class=\"wp-image-5248\" srcset=\"https:\/\/www.delalumiereauxyeux-photo.fr\/wp-content\/uploads\/2024\/04\/DSC_0202-1024x683.jpg 1024w, https:\/\/www.delalumiereauxyeux-photo.fr\/wp-content\/uploads\/2024\/04\/DSC_0202-300x200.jpg 300w, https:\/\/www.delalumiereauxyeux-photo.fr\/wp-content\/uploads\/2024\/04\/DSC_0202-768x512.jpg 768w, https:\/\/www.delalumiereauxyeux-photo.fr\/wp-content\/uploads\/2024\/04\/DSC_0202-1536x1024.jpg 1536w, https:\/\/www.delalumiereauxyeux-photo.fr\/wp-content\/uploads\/2024\/04\/DSC_0202-2048x1365.jpg 2048w\" sizes=\"(max-width: 1024px) 100vw, 1024px\" \/><\/figure>\n\n\n\n<figure class=\"wp-block-image size-large\"><img loading=\"lazy\" decoding=\"async\" width=\"1024\" height=\"722\" src=\"http:\/\/www.delalumiereauxyeux-photo.fr\/wp-content\/uploads\/2024\/04\/DSC_0205-1024x722.jpg\" alt=\"Fol'car des Ducs 2024 \u00e0 Essay photographe De la lumi\u00e8re aux yeux\" class=\"wp-image-5249\" srcset=\"https:\/\/www.delalumiereauxyeux-photo.fr\/wp-content\/uploads\/2024\/04\/DSC_0205-1024x722.jpg 1024w, https:\/\/www.delalumiereauxyeux-photo.fr\/wp-content\/uploads\/2024\/04\/DSC_0205-300x212.jpg 300w, https:\/\/www.delalumiereauxyeux-photo.fr\/wp-content\/uploads\/2024\/04\/DSC_0205-768x542.jpg 768w, https:\/\/www.delalumiereauxyeux-photo.fr\/wp-content\/uploads\/2024\/04\/DSC_0205-1536x1084.jpg 1536w, https:\/\/www.delalumiereauxyeux-photo.fr\/wp-content\/uploads\/2024\/04\/DSC_0205-2048x1445.jpg 2048w\" sizes=\"(max-width: 1024px) 100vw, 1024px\" \/><\/figure>\n\n\n\n<figure class=\"wp-block-image size-large\"><img loading=\"lazy\" decoding=\"async\" width=\"1024\" height=\"622\" src=\"http:\/\/www.delalumiereauxyeux-photo.fr\/wp-content\/uploads\/2024\/04\/DSC_0214-1024x622.jpg\" alt=\"Fol'car des Ducs 2024 \u00e0 Essay photographe De la lumi\u00e8re aux yeux\" class=\"wp-image-5250\" srcset=\"https:\/\/www.delalumiereauxyeux-photo.fr\/wp-content\/uploads\/2024\/04\/DSC_0214-1024x622.jpg 1024w, https:\/\/www.delalumiereauxyeux-photo.fr\/wp-content\/uploads\/2024\/04\/DSC_0214-300x182.jpg 300w, https:\/\/www.delalumiereauxyeux-photo.fr\/wp-content\/uploads\/2024\/04\/DSC_0214-768x466.jpg 768w, https:\/\/www.delalumiereauxyeux-photo.fr\/wp-content\/uploads\/2024\/04\/DSC_0214-1536x933.jpg 1536w, https:\/\/www.delalumiereauxyeux-photo.fr\/wp-content\/uploads\/2024\/04\/DSC_0214-2048x1244.jpg 2048w\" sizes=\"(max-width: 1024px) 100vw, 1024px\" \/><\/figure>\n\n\n\n<figure class=\"wp-block-image size-large\"><img loading=\"lazy\" decoding=\"async\" width=\"1024\" height=\"493\" src=\"http:\/\/www.delalumiereauxyeux-photo.fr\/wp-content\/uploads\/2024\/04\/DSC_0228-1024x493.jpg\" alt=\"Fol'car des Ducs 2024 \u00e0 Essay photographe De la lumi\u00e8re aux yeux\" class=\"wp-image-5251\" srcset=\"https:\/\/www.delalumiereauxyeux-photo.fr\/wp-content\/uploads\/2024\/04\/DSC_0228-1024x493.jpg 1024w, https:\/\/www.delalumiereauxyeux-photo.fr\/wp-content\/uploads\/2024\/04\/DSC_0228-300x144.jpg 300w, https:\/\/www.delalumiereauxyeux-photo.fr\/wp-content\/uploads\/2024\/04\/DSC_0228-768x370.jpg 768w, https:\/\/www.delalumiereauxyeux-photo.fr\/wp-content\/uploads\/2024\/04\/DSC_0228-1536x740.jpg 1536w, https:\/\/www.delalumiereauxyeux-photo.fr\/wp-content\/uploads\/2024\/04\/DSC_0228-2048x986.jpg 2048w\" sizes=\"(max-width: 1024px) 100vw, 1024px\" \/><\/figure>\n\n\n\n<figure class=\"wp-block-image size-large\"><img loading=\"lazy\" decoding=\"async\" width=\"1024\" height=\"683\" src=\"http:\/\/www.delalumiereauxyeux-photo.fr\/wp-content\/uploads\/2024\/04\/DSC_0237-1024x683.jpg\" alt=\"Fol'car des Ducs 2024 \u00e0 Essay photographe De la lumi\u00e8re aux yeux\" class=\"wp-image-5252\" srcset=\"https:\/\/www.delalumiereauxyeux-photo.fr\/wp-content\/uploads\/2024\/04\/DSC_0237-1024x683.jpg 1024w, https:\/\/www.delalumiereauxyeux-photo.fr\/wp-content\/uploads\/2024\/04\/DSC_0237-300x200.jpg 300w, https:\/\/www.delalumiereauxyeux-photo.fr\/wp-content\/uploads\/2024\/04\/DSC_0237-768x512.jpg 768w, https:\/\/www.delalumiereauxyeux-photo.fr\/wp-content\/uploads\/2024\/04\/DSC_0237-1536x1024.jpg 1536w, https:\/\/www.delalumiereauxyeux-photo.fr\/wp-content\/uploads\/2024\/04\/DSC_0237-2048x1365.jpg 2048w\" sizes=\"(max-width: 1024px) 100vw, 1024px\" \/><\/figure>\n\n\n\n<figure class=\"wp-block-image size-large\"><img loading=\"lazy\" decoding=\"async\" width=\"1024\" height=\"414\" src=\"http:\/\/www.delalumiereauxyeux-photo.fr\/wp-content\/uploads\/2024\/04\/DSC_0257-1024x414.jpg\" alt=\"Fol'car des Ducs 2024 \u00e0 Essay photographe De la lumi\u00e8re aux yeux\" class=\"wp-image-5253\" srcset=\"https:\/\/www.delalumiereauxyeux-photo.fr\/wp-content\/uploads\/2024\/04\/DSC_0257-1024x414.jpg 1024w, https:\/\/www.delalumiereauxyeux-photo.fr\/wp-content\/uploads\/2024\/04\/DSC_0257-300x121.jpg 300w, https:\/\/www.delalumiereauxyeux-photo.fr\/wp-content\/uploads\/2024\/04\/DSC_0257-768x310.jpg 768w, https:\/\/www.delalumiereauxyeux-photo.fr\/wp-content\/uploads\/2024\/04\/DSC_0257-1536x621.jpg 1536w, https:\/\/www.delalumiereauxyeux-photo.fr\/wp-content\/uploads\/2024\/04\/DSC_0257-2048x827.jpg 2048w\" sizes=\"(max-width: 1024px) 100vw, 1024px\" \/><\/figure>\n\n\n\n<figure class=\"wp-block-image size-large\"><img loading=\"lazy\" decoding=\"async\" width=\"1024\" height=\"443\" src=\"http:\/\/www.delalumiereauxyeux-photo.fr\/wp-content\/uploads\/2024\/04\/DSC_0259-1024x443.jpg\" alt=\"Fol'car des Ducs 2024 \u00e0 Essay photographe De la lumi\u00e8re aux yeux\" class=\"wp-image-5254\" srcset=\"https:\/\/www.delalumiereauxyeux-photo.fr\/wp-content\/uploads\/2024\/04\/DSC_0259-1024x443.jpg 1024w, https:\/\/www.delalumiereauxyeux-photo.fr\/wp-content\/uploads\/2024\/04\/DSC_0259-300x130.jpg 300w, https:\/\/www.delalumiereauxyeux-photo.fr\/wp-content\/uploads\/2024\/04\/DSC_0259-768x332.jpg 768w, https:\/\/www.delalumiereauxyeux-photo.fr\/wp-content\/uploads\/2024\/04\/DSC_0259-1536x665.jpg 1536w, https:\/\/www.delalumiereauxyeux-photo.fr\/wp-content\/uploads\/2024\/04\/DSC_0259-2048x886.jpg 2048w\" sizes=\"(max-width: 1024px) 100vw, 1024px\" \/><\/figure>\n\n\n\n<figure class=\"wp-block-image size-large\"><img loading=\"lazy\" decoding=\"async\" width=\"1024\" height=\"544\" src=\"http:\/\/www.delalumiereauxyeux-photo.fr\/wp-content\/uploads\/2024\/04\/DSC_0261-1024x544.jpg\" alt=\"Fol'car des Ducs 2024 \u00e0 Essay photographe De la lumi\u00e8re aux yeux\" class=\"wp-image-5255\" srcset=\"https:\/\/www.delalumiereauxyeux-photo.fr\/wp-content\/uploads\/2024\/04\/DSC_0261-1024x544.jpg 1024w, https:\/\/www.delalumiereauxyeux-photo.fr\/wp-content\/uploads\/2024\/04\/DSC_0261-300x159.jpg 300w, https:\/\/www.delalumiereauxyeux-photo.fr\/wp-content\/uploads\/2024\/04\/DSC_0261-768x408.jpg 768w, https:\/\/www.delalumiereauxyeux-photo.fr\/wp-content\/uploads\/2024\/04\/DSC_0261-1536x815.jpg 1536w, https:\/\/www.delalumiereauxyeux-photo.fr\/wp-content\/uploads\/2024\/04\/DSC_0261-2048x1087.jpg 2048w\" sizes=\"(max-width: 1024px) 100vw, 1024px\" \/><\/figure>\n\n\n\n<figure class=\"wp-block-image size-large\"><img loading=\"lazy\" decoding=\"async\" width=\"1024\" height=\"566\" src=\"http:\/\/www.delalumiereauxyeux-photo.fr\/wp-content\/uploads\/2024\/04\/DSC_0278-1024x566.jpg\" alt=\"Fol'car des Ducs 2024 \u00e0 Essay photographe De la lumi\u00e8re aux yeux\" class=\"wp-image-5256\" srcset=\"https:\/\/www.delalumiereauxyeux-photo.fr\/wp-content\/uploads\/2024\/04\/DSC_0278-1024x566.jpg 1024w, https:\/\/www.delalumiereauxyeux-photo.fr\/wp-content\/uploads\/2024\/04\/DSC_0278-300x166.jpg 300w, https:\/\/www.delalumiereauxyeux-photo.fr\/wp-content\/uploads\/2024\/04\/DSC_0278-768x424.jpg 768w, https:\/\/www.delalumiereauxyeux-photo.fr\/wp-content\/uploads\/2024\/04\/DSC_0278-1536x849.jpg 1536w, https:\/\/www.delalumiereauxyeux-photo.fr\/wp-content\/uploads\/2024\/04\/DSC_0278-2048x1131.jpg 2048w\" sizes=\"(max-width: 1024px) 100vw, 1024px\" \/><\/figure>\n\n\n\n<figure class=\"wp-block-image size-large\"><img loading=\"lazy\" decoding=\"async\" width=\"1024\" height=\"683\" src=\"http:\/\/www.delalumiereauxyeux-photo.fr\/wp-content\/uploads\/2024\/04\/DSC_0443-1024x683.jpg\" alt=\"Fol'car des Ducs 2024 \u00e0 Essay photographe De la lumi\u00e8re aux yeux\" class=\"wp-image-5278\" srcset=\"https:\/\/www.delalumiereauxyeux-photo.fr\/wp-content\/uploads\/2024\/04\/DSC_0443-1024x683.jpg 1024w, https:\/\/www.delalumiereauxyeux-photo.fr\/wp-content\/uploads\/2024\/04\/DSC_0443-300x200.jpg 300w, https:\/\/www.delalumiereauxyeux-photo.fr\/wp-content\/uploads\/2024\/04\/DSC_0443-768x512.jpg 768w, https:\/\/www.delalumiereauxyeux-photo.fr\/wp-content\/uploads\/2024\/04\/DSC_0443-1536x1024.jpg 1536w, https:\/\/www.delalumiereauxyeux-photo.fr\/wp-content\/uploads\/2024\/04\/DSC_0443-2048x1365.jpg 2048w\" sizes=\"(max-width: 1024px) 100vw, 1024px\" \/><\/figure>\n\n\n\n<figure class=\"wp-block-image size-large\"><img loading=\"lazy\" decoding=\"async\" width=\"1024\" height=\"683\" src=\"http:\/\/www.delalumiereauxyeux-photo.fr\/wp-content\/uploads\/2024\/04\/DSC_0444-1024x683.jpg\" alt=\"Fol'car des Ducs 2024 \u00e0 Essay photographe De la lumi\u00e8re aux yeux\" class=\"wp-image-5279\" srcset=\"https:\/\/www.delalumiereauxyeux-photo.fr\/wp-content\/uploads\/2024\/04\/DSC_0444-1024x683.jpg 1024w, https:\/\/www.delalumiereauxyeux-photo.fr\/wp-content\/uploads\/2024\/04\/DSC_0444-300x200.jpg 300w, https:\/\/www.delalumiereauxyeux-photo.fr\/wp-content\/uploads\/2024\/04\/DSC_0444-768x512.jpg 768w, https:\/\/www.delalumiereauxyeux-photo.fr\/wp-content\/uploads\/2024\/04\/DSC_0444-1536x1024.jpg 1536w, https:\/\/www.delalumiereauxyeux-photo.fr\/wp-content\/uploads\/2024\/04\/DSC_0444-2048x1365.jpg 2048w\" sizes=\"(max-width: 1024px) 100vw, 1024px\" \/><\/figure>\n\n\n\n<figure class=\"wp-block-image size-large\"><img loading=\"lazy\" decoding=\"async\" width=\"1024\" height=\"635\" src=\"http:\/\/www.delalumiereauxyeux-photo.fr\/wp-content\/uploads\/2024\/04\/DSC_0446-1024x635.jpg\" alt=\"Fol'car des Ducs 2024 \u00e0 Essay photographe De la lumi\u00e8re aux yeux\" class=\"wp-image-5280\" srcset=\"https:\/\/www.delalumiereauxyeux-photo.fr\/wp-content\/uploads\/2024\/04\/DSC_0446-1024x635.jpg 1024w, https:\/\/www.delalumiereauxyeux-photo.fr\/wp-content\/uploads\/2024\/04\/DSC_0446-300x186.jpg 300w, https:\/\/www.delalumiereauxyeux-photo.fr\/wp-content\/uploads\/2024\/04\/DSC_0446-768x477.jpg 768w, https:\/\/www.delalumiereauxyeux-photo.fr\/wp-content\/uploads\/2024\/04\/DSC_0446-1536x953.jpg 1536w, https:\/\/www.delalumiereauxyeux-photo.fr\/wp-content\/uploads\/2024\/04\/DSC_0446-2048x1271.jpg 2048w\" sizes=\"(max-width: 1024px) 100vw, 1024px\" \/><\/figure>\n\n\n\n<figure class=\"wp-block-image size-large\"><img loading=\"lazy\" decoding=\"async\" width=\"1024\" height=\"588\" src=\"http:\/\/www.delalumiereauxyeux-photo.fr\/wp-content\/uploads\/2024\/04\/DSC_0447-1024x588.jpg\" alt=\"Fol'car des Ducs 2024 \u00e0 Essay photographe De la lumi\u00e8re aux yeux\" class=\"wp-image-5281\" srcset=\"https:\/\/www.delalumiereauxyeux-photo.fr\/wp-content\/uploads\/2024\/04\/DSC_0447-1024x588.jpg 1024w, https:\/\/www.delalumiereauxyeux-photo.fr\/wp-content\/uploads\/2024\/04\/DSC_0447-300x172.jpg 300w, https:\/\/www.delalumiereauxyeux-photo.fr\/wp-content\/uploads\/2024\/04\/DSC_0447-768x441.jpg 768w, https:\/\/www.delalumiereauxyeux-photo.fr\/wp-content\/uploads\/2024\/04\/DSC_0447-1536x882.jpg 1536w, https:\/\/www.delalumiereauxyeux-photo.fr\/wp-content\/uploads\/2024\/04\/DSC_0447-2048x1175.jpg 2048w\" sizes=\"(max-width: 1024px) 100vw, 1024px\" \/><\/figure>\n\n\n\n<figure class=\"wp-block-image size-large\"><img loading=\"lazy\" decoding=\"async\" width=\"1024\" height=\"683\" src=\"http:\/\/www.delalumiereauxyeux-photo.fr\/wp-content\/uploads\/2024\/04\/DSC_0453-1024x683.jpg\" alt=\"Fol'car des Ducs 2024 \u00e0 Essay photographe De la lumi\u00e8re aux yeux\" class=\"wp-image-5282\" srcset=\"https:\/\/www.delalumiereauxyeux-photo.fr\/wp-content\/uploads\/2024\/04\/DSC_0453-1024x683.jpg 1024w, https:\/\/www.delalumiereauxyeux-photo.fr\/wp-content\/uploads\/2024\/04\/DSC_0453-300x200.jpg 300w, https:\/\/www.delalumiereauxyeux-photo.fr\/wp-content\/uploads\/2024\/04\/DSC_0453-768x512.jpg 768w, https:\/\/www.delalumiereauxyeux-photo.fr\/wp-content\/uploads\/2024\/04\/DSC_0453-1536x1024.jpg 1536w, https:\/\/www.delalumiereauxyeux-photo.fr\/wp-content\/uploads\/2024\/04\/DSC_0453-2048x1365.jpg 2048w\" sizes=\"(max-width: 1024px) 100vw, 1024px\" \/><\/figure>\n\n\n\n<figure class=\"wp-block-image size-large\"><img loading=\"lazy\" decoding=\"async\" width=\"1024\" height=\"692\" src=\"http:\/\/www.delalumiereauxyeux-photo.fr\/wp-content\/uploads\/2024\/04\/DSC_0463-1024x692.jpg\" alt=\"Fol'car des Ducs 2024 \u00e0 Essay photographe De la lumi\u00e8re aux yeux\" class=\"wp-image-5283\" srcset=\"https:\/\/www.delalumiereauxyeux-photo.fr\/wp-content\/uploads\/2024\/04\/DSC_0463-1024x692.jpg 1024w, https:\/\/www.delalumiereauxyeux-photo.fr\/wp-content\/uploads\/2024\/04\/DSC_0463-300x203.jpg 300w, https:\/\/www.delalumiereauxyeux-photo.fr\/wp-content\/uploads\/2024\/04\/DSC_0463-768x519.jpg 768w, https:\/\/www.delalumiereauxyeux-photo.fr\/wp-content\/uploads\/2024\/04\/DSC_0463-1536x1038.jpg 1536w, https:\/\/www.delalumiereauxyeux-photo.fr\/wp-content\/uploads\/2024\/04\/DSC_0463-2048x1384.jpg 2048w\" sizes=\"(max-width: 1024px) 100vw, 1024px\" \/><\/figure>\n\n\n\n<figure class=\"wp-block-image size-large\"><img loading=\"lazy\" decoding=\"async\" width=\"1024\" height=\"683\" src=\"http:\/\/www.delalumiereauxyeux-photo.fr\/wp-content\/uploads\/2024\/04\/DSC_0471-1024x683.jpg\" alt=\"Fol'car des Ducs 2024 \u00e0 Essay photographe De la lumi\u00e8re aux yeux\" class=\"wp-image-5284\" srcset=\"https:\/\/www.delalumiereauxyeux-photo.fr\/wp-content\/uploads\/2024\/04\/DSC_0471-1024x683.jpg 1024w, https:\/\/www.delalumiereauxyeux-photo.fr\/wp-content\/uploads\/2024\/04\/DSC_0471-300x200.jpg 300w, https:\/\/www.delalumiereauxyeux-photo.fr\/wp-content\/uploads\/2024\/04\/DSC_0471-768x512.jpg 768w, https:\/\/www.delalumiereauxyeux-photo.fr\/wp-content\/uploads\/2024\/04\/DSC_0471-1536x1024.jpg 1536w, https:\/\/www.delalumiereauxyeux-photo.fr\/wp-content\/uploads\/2024\/04\/DSC_0471-2048x1365.jpg 2048w\" sizes=\"(max-width: 1024px) 100vw, 1024px\" \/><\/figure>\n\n\n\n<figure class=\"wp-block-image size-large\"><img loading=\"lazy\" decoding=\"async\" width=\"1024\" height=\"683\" src=\"http:\/\/www.delalumiereauxyeux-photo.fr\/wp-content\/uploads\/2024\/04\/DSC_8552-1024x683.jpg\" alt=\"Fol'car des Ducs 2024 \u00e0 Essay photographe De la lumi\u00e8re aux yeux\" class=\"wp-image-5285\" srcset=\"https:\/\/www.delalumiereauxyeux-photo.fr\/wp-content\/uploads\/2024\/04\/DSC_8552-1024x683.jpg 1024w, https:\/\/www.delalumiereauxyeux-photo.fr\/wp-content\/uploads\/2024\/04\/DSC_8552-300x200.jpg 300w, https:\/\/www.delalumiereauxyeux-photo.fr\/wp-content\/uploads\/2024\/04\/DSC_8552-768x512.jpg 768w, https:\/\/www.delalumiereauxyeux-photo.fr\/wp-content\/uploads\/2024\/04\/DSC_8552-1536x1024.jpg 1536w, https:\/\/www.delalumiereauxyeux-photo.fr\/wp-content\/uploads\/2024\/04\/DSC_8552-2048x1365.jpg 2048w\" sizes=\"(max-width: 1024px) 100vw, 1024px\" \/><\/figure>\n\n\n\n<figure class=\"wp-block-image size-large\"><img loading=\"lazy\" decoding=\"async\" width=\"1024\" height=\"490\" src=\"http:\/\/www.delalumiereauxyeux-photo.fr\/wp-content\/uploads\/2024\/04\/DSC_8584-1024x490.jpg\" alt=\"Fol'car des Ducs 2024 \u00e0 Essay photographe De la lumi\u00e8re aux yeux\" class=\"wp-image-5286\" srcset=\"https:\/\/www.delalumiereauxyeux-photo.fr\/wp-content\/uploads\/2024\/04\/DSC_8584-1024x490.jpg 1024w, https:\/\/www.delalumiereauxyeux-photo.fr\/wp-content\/uploads\/2024\/04\/DSC_8584-300x144.jpg 300w, https:\/\/www.delalumiereauxyeux-photo.fr\/wp-content\/uploads\/2024\/04\/DSC_8584-768x368.jpg 768w, https:\/\/www.delalumiereauxyeux-photo.fr\/wp-content\/uploads\/2024\/04\/DSC_8584-1536x735.jpg 1536w, https:\/\/www.delalumiereauxyeux-photo.fr\/wp-content\/uploads\/2024\/04\/DSC_8584-2048x981.jpg 2048w\" sizes=\"(max-width: 1024px) 100vw, 1024px\" \/><\/figure>\n\n\n\n<figure class=\"wp-block-image size-large\"><img loading=\"lazy\" decoding=\"async\" width=\"1024\" height=\"683\" src=\"http:\/\/www.delalumiereauxyeux-photo.fr\/wp-content\/uploads\/2024\/04\/DSC_8585-1024x683.jpg\" alt=\"Fol'car des Ducs 2024 \u00e0 Essay photographe De la lumi\u00e8re aux yeux\" class=\"wp-image-5287\" srcset=\"https:\/\/www.delalumiereauxyeux-photo.fr\/wp-content\/uploads\/2024\/04\/DSC_8585-1024x683.jpg 1024w, https:\/\/www.delalumiereauxyeux-photo.fr\/wp-content\/uploads\/2024\/04\/DSC_8585-300x200.jpg 300w, https:\/\/www.delalumiereauxyeux-photo.fr\/wp-content\/uploads\/2024\/04\/DSC_8585-768x512.jpg 768w, https:\/\/www.delalumiereauxyeux-photo.fr\/wp-content\/uploads\/2024\/04\/DSC_8585-1536x1024.jpg 1536w, https:\/\/www.delalumiereauxyeux-photo.fr\/wp-content\/uploads\/2024\/04\/DSC_8585-2048x1365.jpg 2048w\" sizes=\"(max-width: 1024px) 100vw, 1024px\" \/><\/figure>\n\n\n\n<figure class=\"wp-block-image size-large\"><img loading=\"lazy\" decoding=\"async\" width=\"1024\" height=\"320\" src=\"http:\/\/www.delalumiereauxyeux-photo.fr\/wp-content\/uploads\/2024\/04\/DSC_8639-2-1024x320.jpg\" alt=\"Fol'car des Ducs 2024 \u00e0 Essay photographe De la lumi\u00e8re aux yeux\" class=\"wp-image-5288\" srcset=\"https:\/\/www.delalumiereauxyeux-photo.fr\/wp-content\/uploads\/2024\/04\/DSC_8639-2-1024x320.jpg 1024w, https:\/\/www.delalumiereauxyeux-photo.fr\/wp-content\/uploads\/2024\/04\/DSC_8639-2-300x94.jpg 300w, https:\/\/www.delalumiereauxyeux-photo.fr\/wp-content\/uploads\/2024\/04\/DSC_8639-2-768x240.jpg 768w, https:\/\/www.delalumiereauxyeux-photo.fr\/wp-content\/uploads\/2024\/04\/DSC_8639-2-1536x479.jpg 1536w, https:\/\/www.delalumiereauxyeux-photo.fr\/wp-content\/uploads\/2024\/04\/DSC_8639-2-2048x639.jpg 2048w\" sizes=\"(max-width: 1024px) 100vw, 1024px\" \/><\/figure>\n\n\n\n<figure class=\"wp-block-image size-large\"><img loading=\"lazy\" decoding=\"async\" width=\"1024\" height=\"443\" src=\"http:\/\/www.delalumiereauxyeux-photo.fr\/wp-content\/uploads\/2024\/04\/DSC_8663-1024x443.jpg\" alt=\"Fol'car des Ducs 2024 \u00e0 Essay photographe De la lumi\u00e8re aux yeux\" class=\"wp-image-5289\" srcset=\"https:\/\/www.delalumiereauxyeux-photo.fr\/wp-content\/uploads\/2024\/04\/DSC_8663-1024x443.jpg 1024w, https:\/\/www.delalumiereauxyeux-photo.fr\/wp-content\/uploads\/2024\/04\/DSC_8663-300x130.jpg 300w, https:\/\/www.delalumiereauxyeux-photo.fr\/wp-content\/uploads\/2024\/04\/DSC_8663-768x332.jpg 768w, https:\/\/www.delalumiereauxyeux-photo.fr\/wp-content\/uploads\/2024\/04\/DSC_8663-1536x665.jpg 1536w, https:\/\/www.delalumiereauxyeux-photo.fr\/wp-content\/uploads\/2024\/04\/DSC_8663-2048x886.jpg 2048w\" sizes=\"(max-width: 1024px) 100vw, 1024px\" \/><\/figure>\n\n\n\n<figure class=\"wp-block-image size-large\"><img loading=\"lazy\" decoding=\"async\" width=\"1024\" height=\"568\" src=\"http:\/\/www.delalumiereauxyeux-photo.fr\/wp-content\/uploads\/2024\/04\/DSC_8666-1024x568.jpg\" alt=\"Fol'car des Ducs 2024 \u00e0 Essay photographe De la lumi\u00e8re aux yeux\" class=\"wp-image-5290\" srcset=\"https:\/\/www.delalumiereauxyeux-photo.fr\/wp-content\/uploads\/2024\/04\/DSC_8666-1024x568.jpg 1024w, https:\/\/www.delalumiereauxyeux-photo.fr\/wp-content\/uploads\/2024\/04\/DSC_8666-300x166.jpg 300w, https:\/\/www.delalumiereauxyeux-photo.fr\/wp-content\/uploads\/2024\/04\/DSC_8666-768x426.jpg 768w, https:\/\/www.delalumiereauxyeux-photo.fr\/wp-content\/uploads\/2024\/04\/DSC_8666-1536x852.jpg 1536w, https:\/\/www.delalumiereauxyeux-photo.fr\/wp-content\/uploads\/2024\/04\/DSC_8666-2048x1136.jpg 2048w\" sizes=\"(max-width: 1024px) 100vw, 1024px\" \/><\/figure>\n\n\n\n<figure class=\"wp-block-image size-large\"><img loading=\"lazy\" decoding=\"async\" width=\"1024\" height=\"541\" src=\"http:\/\/www.delalumiereauxyeux-photo.fr\/wp-content\/uploads\/2024\/04\/DSC_8687-1024x541.jpg\" alt=\"Fol'car des Ducs 2024 \u00e0 Essay photographe De la lumi\u00e8re aux yeux\" class=\"wp-image-5291\" srcset=\"https:\/\/www.delalumiereauxyeux-photo.fr\/wp-content\/uploads\/2024\/04\/DSC_8687-1024x541.jpg 1024w, https:\/\/www.delalumiereauxyeux-photo.fr\/wp-content\/uploads\/2024\/04\/DSC_8687-300x158.jpg 300w, https:\/\/www.delalumiereauxyeux-photo.fr\/wp-content\/uploads\/2024\/04\/DSC_8687-768x406.jpg 768w, https:\/\/www.delalumiereauxyeux-photo.fr\/wp-content\/uploads\/2024\/04\/DSC_8687-1536x811.jpg 1536w, https:\/\/www.delalumiereauxyeux-photo.fr\/wp-content\/uploads\/2024\/04\/DSC_8687-2048x1081.jpg 2048w\" sizes=\"(max-width: 1024px) 100vw, 1024px\" \/><\/figure>\n\n\n\n<figure class=\"wp-block-image size-large\"><img loading=\"lazy\" decoding=\"async\" width=\"1024\" height=\"518\" src=\"http:\/\/www.delalumiereauxyeux-photo.fr\/wp-content\/uploads\/2024\/04\/DSC_8729-1024x518.jpg\" alt=\"Fol'car des Ducs 2024 \u00e0 Essay photographe De la lumi\u00e8re aux yeux\" class=\"wp-image-5292\" srcset=\"https:\/\/www.delalumiereauxyeux-photo.fr\/wp-content\/uploads\/2024\/04\/DSC_8729-1024x518.jpg 1024w, https:\/\/www.delalumiereauxyeux-photo.fr\/wp-content\/uploads\/2024\/04\/DSC_8729-300x152.jpg 300w, https:\/\/www.delalumiereauxyeux-photo.fr\/wp-content\/uploads\/2024\/04\/DSC_8729-768x389.jpg 768w, https:\/\/www.delalumiereauxyeux-photo.fr\/wp-content\/uploads\/2024\/04\/DSC_8729-1536x777.jpg 1536w, https:\/\/www.delalumiereauxyeux-photo.fr\/wp-content\/uploads\/2024\/04\/DSC_8729-2048x1036.jpg 2048w\" sizes=\"(max-width: 1024px) 100vw, 1024px\" \/><\/figure>\n\n\n\n<figure class=\"wp-block-image size-large\"><img loading=\"lazy\" decoding=\"async\" width=\"1024\" height=\"683\" src=\"http:\/\/www.delalumiereauxyeux-photo.fr\/wp-content\/uploads\/2024\/04\/DSC_8756-1024x683.jpg\" alt=\"Fol'car des Ducs 2024 \u00e0 Essay photographe De la lumi\u00e8re aux yeux\" class=\"wp-image-5293\" srcset=\"https:\/\/www.delalumiereauxyeux-photo.fr\/wp-content\/uploads\/2024\/04\/DSC_8756-1024x683.jpg 1024w, https:\/\/www.delalumiereauxyeux-photo.fr\/wp-content\/uploads\/2024\/04\/DSC_8756-300x200.jpg 300w, https:\/\/www.delalumiereauxyeux-photo.fr\/wp-content\/uploads\/2024\/04\/DSC_8756-768x512.jpg 768w, https:\/\/www.delalumiereauxyeux-photo.fr\/wp-content\/uploads\/2024\/04\/DSC_8756-1536x1024.jpg 1536w, https:\/\/www.delalumiereauxyeux-photo.fr\/wp-content\/uploads\/2024\/04\/DSC_8756-2048x1365.jpg 2048w\" sizes=\"(max-width: 1024px) 100vw, 1024px\" \/><\/figure>\n\n\n\n<figure class=\"wp-block-image size-large\"><img loading=\"lazy\" decoding=\"async\" width=\"1024\" height=\"569\" src=\"http:\/\/www.delalumiereauxyeux-photo.fr\/wp-content\/uploads\/2024\/04\/DSC_8777-1024x569.jpg\" alt=\"Fol'car des Ducs 2024 \u00e0 Essay photographe De la lumi\u00e8re aux yeux\" class=\"wp-image-5294\" srcset=\"https:\/\/www.delalumiereauxyeux-photo.fr\/wp-content\/uploads\/2024\/04\/DSC_8777-1024x569.jpg 1024w, https:\/\/www.delalumiereauxyeux-photo.fr\/wp-content\/uploads\/2024\/04\/DSC_8777-300x167.jpg 300w, https:\/\/www.delalumiereauxyeux-photo.fr\/wp-content\/uploads\/2024\/04\/DSC_8777-768x427.jpg 768w, https:\/\/www.delalumiereauxyeux-photo.fr\/wp-content\/uploads\/2024\/04\/DSC_8777-1536x854.jpg 1536w, https:\/\/www.delalumiereauxyeux-photo.fr\/wp-content\/uploads\/2024\/04\/DSC_8777-2048x1138.jpg 2048w\" sizes=\"(max-width: 1024px) 100vw, 1024px\" \/><\/figure>\n\n\n\n<figure class=\"wp-block-image size-large\"><img loading=\"lazy\" decoding=\"async\" width=\"1024\" height=\"382\" src=\"http:\/\/www.delalumiereauxyeux-photo.fr\/wp-content\/uploads\/2024\/04\/DSC_8891-1024x382.jpg\" alt=\"Fol'car des Ducs 2024 \u00e0 Essay photographe De la lumi\u00e8re aux yeux\" class=\"wp-image-5295\" srcset=\"https:\/\/www.delalumiereauxyeux-photo.fr\/wp-content\/uploads\/2024\/04\/DSC_8891-1024x382.jpg 1024w, https:\/\/www.delalumiereauxyeux-photo.fr\/wp-content\/uploads\/2024\/04\/DSC_8891-300x112.jpg 300w, https:\/\/www.delalumiereauxyeux-photo.fr\/wp-content\/uploads\/2024\/04\/DSC_8891-768x286.jpg 768w, https:\/\/www.delalumiereauxyeux-photo.fr\/wp-content\/uploads\/2024\/04\/DSC_8891-1536x573.jpg 1536w, https:\/\/www.delalumiereauxyeux-photo.fr\/wp-content\/uploads\/2024\/04\/DSC_8891-2048x764.jpg 2048w\" sizes=\"(max-width: 1024px) 100vw, 1024px\" \/><\/figure>\n\n\n\n<figure class=\"wp-block-image size-large\"><img loading=\"lazy\" decoding=\"async\" width=\"1024\" height=\"450\" src=\"http:\/\/www.delalumiereauxyeux-photo.fr\/wp-content\/uploads\/2024\/04\/DSC_8986-1024x450.jpg\" alt=\"Fol'car des Ducs 2024 \u00e0 Essay photographe De la lumi\u00e8re aux yeux\" class=\"wp-image-5296\" srcset=\"https:\/\/www.delalumiereauxyeux-photo.fr\/wp-content\/uploads\/2024\/04\/DSC_8986-1024x450.jpg 1024w, https:\/\/www.delalumiereauxyeux-photo.fr\/wp-content\/uploads\/2024\/04\/DSC_8986-300x132.jpg 300w, https:\/\/www.delalumiereauxyeux-photo.fr\/wp-content\/uploads\/2024\/04\/DSC_8986-768x338.jpg 768w, https:\/\/www.delalumiereauxyeux-photo.fr\/wp-content\/uploads\/2024\/04\/DSC_8986-1536x675.jpg 1536w, https:\/\/www.delalumiereauxyeux-photo.fr\/wp-content\/uploads\/2024\/04\/DSC_8986-2048x900.jpg 2048w\" sizes=\"(max-width: 1024px) 100vw, 1024px\" \/><\/figure>\n\n\n\n<figure class=\"wp-block-image size-large\"><img loading=\"lazy\" decoding=\"async\" width=\"1024\" height=\"574\" src=\"http:\/\/www.delalumiereauxyeux-photo.fr\/wp-content\/uploads\/2024\/04\/DSC_9004-1024x574.jpg\" alt=\"Fol'car des Ducs 2024 \u00e0 Essay photographe De la lumi\u00e8re aux yeux\" class=\"wp-image-5297\" srcset=\"https:\/\/www.delalumiereauxyeux-photo.fr\/wp-content\/uploads\/2024\/04\/DSC_9004-1024x574.jpg 1024w, https:\/\/www.delalumiereauxyeux-photo.fr\/wp-content\/uploads\/2024\/04\/DSC_9004-300x168.jpg 300w, https:\/\/www.delalumiereauxyeux-photo.fr\/wp-content\/uploads\/2024\/04\/DSC_9004-768x431.jpg 768w, https:\/\/www.delalumiereauxyeux-photo.fr\/wp-content\/uploads\/2024\/04\/DSC_9004-1536x861.jpg 1536w, https:\/\/www.delalumiereauxyeux-photo.fr\/wp-content\/uploads\/2024\/04\/DSC_9004-2048x1148.jpg 2048w\" sizes=\"(max-width: 1024px) 100vw, 1024px\" \/><\/figure>\n\n\n\n<figure class=\"wp-block-image size-large\"><img loading=\"lazy\" decoding=\"async\" width=\"1024\" height=\"423\" src=\"http:\/\/www.delalumiereauxyeux-photo.fr\/wp-content\/uploads\/2024\/04\/DSC_9009-1024x423.jpg\" alt=\"Fol'car des Ducs 2024 \u00e0 Essay photographe De la lumi\u00e8re aux yeux\" class=\"wp-image-5298\" srcset=\"https:\/\/www.delalumiereauxyeux-photo.fr\/wp-content\/uploads\/2024\/04\/DSC_9009-1024x423.jpg 1024w, https:\/\/www.delalumiereauxyeux-photo.fr\/wp-content\/uploads\/2024\/04\/DSC_9009-300x124.jpg 300w, https:\/\/www.delalumiereauxyeux-photo.fr\/wp-content\/uploads\/2024\/04\/DSC_9009-768x317.jpg 768w, https:\/\/www.delalumiereauxyeux-photo.fr\/wp-content\/uploads\/2024\/04\/DSC_9009-1536x634.jpg 1536w, https:\/\/www.delalumiereauxyeux-photo.fr\/wp-content\/uploads\/2024\/04\/DSC_9009-2048x846.jpg 2048w\" sizes=\"(max-width: 1024px) 100vw, 1024px\" \/><\/figure>\n\n\n\n<p>Les commissaires femmes \u00e0 l&rsquo;honneur : Fran\u00e7oise et Madiana \ud83d\ude42<\/p>\n\n\n\n<figure class=\"wp-block-image size-large\"><img loading=\"lazy\" decoding=\"async\" width=\"1024\" height=\"683\" src=\"http:\/\/www.delalumiereauxyeux-photo.fr\/wp-content\/uploads\/2024\/04\/DSC_0134-1024x683.jpg\" alt=\"Fol'car des Ducs 2024 \u00e0 Essay photographe De la lumi\u00e8re aux yeux\" class=\"wp-image-5239\" srcset=\"https:\/\/www.delalumiereauxyeux-photo.fr\/wp-content\/uploads\/2024\/04\/DSC_0134-1024x683.jpg 1024w, https:\/\/www.delalumiereauxyeux-photo.fr\/wp-content\/uploads\/2024\/04\/DSC_0134-300x200.jpg 300w, https:\/\/www.delalumiereauxyeux-photo.fr\/wp-content\/uploads\/2024\/04\/DSC_0134-768x512.jpg 768w, https:\/\/www.delalumiereauxyeux-photo.fr\/wp-content\/uploads\/2024\/04\/DSC_0134-1536x1024.jpg 1536w, https:\/\/www.delalumiereauxyeux-photo.fr\/wp-content\/uploads\/2024\/04\/DSC_0134-2048x1365.jpg 2048w\" sizes=\"(max-width: 1024px) 100vw, 1024px\" \/><\/figure>\n\n\n\n<figure class=\"wp-block-image size-large\"><img loading=\"lazy\" decoding=\"async\" width=\"1024\" height=\"683\" src=\"http:\/\/www.delalumiereauxyeux-photo.fr\/wp-content\/uploads\/2024\/04\/DSC_0135-1024x683.jpg\" alt=\"Fol'car des Ducs 2024 \u00e0 Essay photographe De la lumi\u00e8re aux yeux\" class=\"wp-image-5240\" srcset=\"https:\/\/www.delalumiereauxyeux-photo.fr\/wp-content\/uploads\/2024\/04\/DSC_0135-1024x683.jpg 1024w, https:\/\/www.delalumiereauxyeux-photo.fr\/wp-content\/uploads\/2024\/04\/DSC_0135-300x200.jpg 300w, https:\/\/www.delalumiereauxyeux-photo.fr\/wp-content\/uploads\/2024\/04\/DSC_0135-768x512.jpg 768w, https:\/\/www.delalumiereauxyeux-photo.fr\/wp-content\/uploads\/2024\/04\/DSC_0135-1536x1024.jpg 1536w, https:\/\/www.delalumiereauxyeux-photo.fr\/wp-content\/uploads\/2024\/04\/DSC_0135-2048x1365.jpg 2048w\" sizes=\"(max-width: 1024px) 100vw, 1024px\" \/><\/figure>\n\n\n\n<figure class=\"wp-block-image size-large\"><img loading=\"lazy\" decoding=\"async\" width=\"1024\" height=\"683\" src=\"http:\/\/www.delalumiereauxyeux-photo.fr\/wp-content\/uploads\/2024\/04\/DSC_0143-1024x683.jpg\" alt=\"Fol'car des Ducs 2024 \u00e0 Essay photographe De la lumi\u00e8re aux yeux\" class=\"wp-image-5241\" srcset=\"https:\/\/www.delalumiereauxyeux-photo.fr\/wp-content\/uploads\/2024\/04\/DSC_0143-1024x683.jpg 1024w, https:\/\/www.delalumiereauxyeux-photo.fr\/wp-content\/uploads\/2024\/04\/DSC_0143-300x200.jpg 300w, https:\/\/www.delalumiereauxyeux-photo.fr\/wp-content\/uploads\/2024\/04\/DSC_0143-768x512.jpg 768w, https:\/\/www.delalumiereauxyeux-photo.fr\/wp-content\/uploads\/2024\/04\/DSC_0143-1536x1024.jpg 1536w, https:\/\/www.delalumiereauxyeux-photo.fr\/wp-content\/uploads\/2024\/04\/DSC_0143-2048x1365.jpg 2048w\" sizes=\"(max-width: 1024px) 100vw, 1024px\" \/><\/figure>\n\n\n\n<figure class=\"wp-block-image size-large\"><img loading=\"lazy\" decoding=\"async\" width=\"1024\" height=\"683\" src=\"http:\/\/www.delalumiereauxyeux-photo.fr\/wp-content\/uploads\/2024\/04\/DSC_0144-1024x683.jpg\" alt=\"Fol'car des Ducs 2024 \u00e0 Essay photographe De la lumi\u00e8re aux yeux\" class=\"wp-image-5242\" srcset=\"https:\/\/www.delalumiereauxyeux-photo.fr\/wp-content\/uploads\/2024\/04\/DSC_0144-1024x683.jpg 1024w, https:\/\/www.delalumiereauxyeux-photo.fr\/wp-content\/uploads\/2024\/04\/DSC_0144-300x200.jpg 300w, https:\/\/www.delalumiereauxyeux-photo.fr\/wp-content\/uploads\/2024\/04\/DSC_0144-768x512.jpg 768w, https:\/\/www.delalumiereauxyeux-photo.fr\/wp-content\/uploads\/2024\/04\/DSC_0144-1536x1024.jpg 1536w, https:\/\/www.delalumiereauxyeux-photo.fr\/wp-content\/uploads\/2024\/04\/DSC_0144-2048x1365.jpg 2048w\" sizes=\"(max-width: 1024px) 100vw, 1024px\" \/><\/figure>\n\n\n\n<figure class=\"wp-block-image size-large\"><img loading=\"lazy\" decoding=\"async\" width=\"1024\" height=\"683\" src=\"http:\/\/www.delalumiereauxyeux-photo.fr\/wp-content\/uploads\/2024\/04\/DSC_0145-1024x683.jpg\" alt=\"Fol'car des Ducs 2024 \u00e0 Essay photographe De la lumi\u00e8re aux yeux\" class=\"wp-image-5243\" srcset=\"https:\/\/www.delalumiereauxyeux-photo.fr\/wp-content\/uploads\/2024\/04\/DSC_0145-1024x683.jpg 1024w, https:\/\/www.delalumiereauxyeux-photo.fr\/wp-content\/uploads\/2024\/04\/DSC_0145-300x200.jpg 300w, https:\/\/www.delalumiereauxyeux-photo.fr\/wp-content\/uploads\/2024\/04\/DSC_0145-768x512.jpg 768w, https:\/\/www.delalumiereauxyeux-photo.fr\/wp-content\/uploads\/2024\/04\/DSC_0145-1536x1024.jpg 1536w, https:\/\/www.delalumiereauxyeux-photo.fr\/wp-content\/uploads\/2024\/04\/DSC_0145-2048x1365.jpg 2048w\" sizes=\"(max-width: 1024px) 100vw, 1024px\" \/><\/figure>\n\n\n\n<figure class=\"wp-block-image size-large\"><img loading=\"lazy\" decoding=\"async\" width=\"1024\" height=\"683\" src=\"http:\/\/www.delalumiereauxyeux-photo.fr\/wp-content\/uploads\/2024\/04\/DSC_0146-1024x683.jpg\" alt=\"Fol'car des Ducs 2024 \u00e0 Essay photographe De la lumi\u00e8re aux yeux\" class=\"wp-image-5244\" srcset=\"https:\/\/www.delalumiereauxyeux-photo.fr\/wp-content\/uploads\/2024\/04\/DSC_0146-1024x683.jpg 1024w, https:\/\/www.delalumiereauxyeux-photo.fr\/wp-content\/uploads\/2024\/04\/DSC_0146-300x200.jpg 300w, https:\/\/www.delalumiereauxyeux-photo.fr\/wp-content\/uploads\/2024\/04\/DSC_0146-768x512.jpg 768w, https:\/\/www.delalumiereauxyeux-photo.fr\/wp-content\/uploads\/2024\/04\/DSC_0146-1536x1024.jpg 1536w, https:\/\/www.delalumiereauxyeux-photo.fr\/wp-content\/uploads\/2024\/04\/DSC_0146-2048x1365.jpg 2048w\" sizes=\"(max-width: 1024px) 100vw, 1024px\" \/><\/figure>\n\n\n\n<figure class=\"wp-block-image size-large\"><img loading=\"lazy\" decoding=\"async\" width=\"683\" height=\"1024\" src=\"http:\/\/www.delalumiereauxyeux-photo.fr\/wp-content\/uploads\/2024\/04\/DSC_0147-683x1024.jpg\" alt=\"Fol'car des Ducs 2024 \u00e0 Essay photographe De la lumi\u00e8re aux yeux\" class=\"wp-image-5245\" srcset=\"https:\/\/www.delalumiereauxyeux-photo.fr\/wp-content\/uploads\/2024\/04\/DSC_0147-683x1024.jpg 683w, https:\/\/www.delalumiereauxyeux-photo.fr\/wp-content\/uploads\/2024\/04\/DSC_0147-200x300.jpg 200w, https:\/\/www.delalumiereauxyeux-photo.fr\/wp-content\/uploads\/2024\/04\/DSC_0147-768x1152.jpg 768w, https:\/\/www.delalumiereauxyeux-photo.fr\/wp-content\/uploads\/2024\/04\/DSC_0147-1024x1536.jpg 1024w, https:\/\/www.delalumiereauxyeux-photo.fr\/wp-content\/uploads\/2024\/04\/DSC_0147-1365x2048.jpg 1365w, https:\/\/www.delalumiereauxyeux-photo.fr\/wp-content\/uploads\/2024\/04\/DSC_0147-scaled.jpg 1707w\" sizes=\"(max-width: 683px) 100vw, 683px\" \/><\/figure>\n\n\n\n<p>La parade<\/p>\n\n\n\n<figure class=\"wp-block-image size-large\"><img loading=\"lazy\" decoding=\"async\" width=\"1024\" height=\"683\" src=\"http:\/\/www.delalumiereauxyeux-photo.fr\/wp-content\/uploads\/2024\/04\/DSC_0285-2-1024x683.jpg\" alt=\"Fol'car des Ducs 2024 \u00e0 Essay photographe De la lumi\u00e8re aux yeux\" class=\"wp-image-5257\" srcset=\"https:\/\/www.delalumiereauxyeux-photo.fr\/wp-content\/uploads\/2024\/04\/DSC_0285-2-1024x683.jpg 1024w, https:\/\/www.delalumiereauxyeux-photo.fr\/wp-content\/uploads\/2024\/04\/DSC_0285-2-300x200.jpg 300w, https:\/\/www.delalumiereauxyeux-photo.fr\/wp-content\/uploads\/2024\/04\/DSC_0285-2-768x512.jpg 768w, https:\/\/www.delalumiereauxyeux-photo.fr\/wp-content\/uploads\/2024\/04\/DSC_0285-2-1536x1024.jpg 1536w, https:\/\/www.delalumiereauxyeux-photo.fr\/wp-content\/uploads\/2024\/04\/DSC_0285-2-2048x1365.jpg 2048w\" sizes=\"(max-width: 1024px) 100vw, 1024px\" \/><\/figure>\n\n\n\n<figure class=\"wp-block-image size-large\"><img loading=\"lazy\" decoding=\"async\" width=\"1024\" height=\"738\" src=\"http:\/\/www.delalumiereauxyeux-photo.fr\/wp-content\/uploads\/2024\/04\/DSC_0291-1024x738.jpg\" alt=\"Fol'car des Ducs 2024 \u00e0 Essay photographe De la lumi\u00e8re aux yeux\" class=\"wp-image-5258\" srcset=\"https:\/\/www.delalumiereauxyeux-photo.fr\/wp-content\/uploads\/2024\/04\/DSC_0291-1024x738.jpg 1024w, https:\/\/www.delalumiereauxyeux-photo.fr\/wp-content\/uploads\/2024\/04\/DSC_0291-300x216.jpg 300w, https:\/\/www.delalumiereauxyeux-photo.fr\/wp-content\/uploads\/2024\/04\/DSC_0291-768x553.jpg 768w, https:\/\/www.delalumiereauxyeux-photo.fr\/wp-content\/uploads\/2024\/04\/DSC_0291-1536x1106.jpg 1536w, https:\/\/www.delalumiereauxyeux-photo.fr\/wp-content\/uploads\/2024\/04\/DSC_0291-2048x1475.jpg 2048w\" sizes=\"(max-width: 1024px) 100vw, 1024px\" \/><\/figure>\n\n\n\n<figure class=\"wp-block-image size-large\"><img loading=\"lazy\" decoding=\"async\" width=\"1024\" height=\"683\" src=\"http:\/\/www.delalumiereauxyeux-photo.fr\/wp-content\/uploads\/2024\/04\/DSC_0298-1024x683.jpg\" alt=\"Fol'car des Ducs 2024 \u00e0 Essay photographe De la lumi\u00e8re aux yeux\" class=\"wp-image-5260\" srcset=\"https:\/\/www.delalumiereauxyeux-photo.fr\/wp-content\/uploads\/2024\/04\/DSC_0298-1024x683.jpg 1024w, https:\/\/www.delalumiereauxyeux-photo.fr\/wp-content\/uploads\/2024\/04\/DSC_0298-300x200.jpg 300w, https:\/\/www.delalumiereauxyeux-photo.fr\/wp-content\/uploads\/2024\/04\/DSC_0298-768x512.jpg 768w, https:\/\/www.delalumiereauxyeux-photo.fr\/wp-content\/uploads\/2024\/04\/DSC_0298-1536x1024.jpg 1536w, https:\/\/www.delalumiereauxyeux-photo.fr\/wp-content\/uploads\/2024\/04\/DSC_0298-2048x1365.jpg 2048w\" sizes=\"(max-width: 1024px) 100vw, 1024px\" \/><\/figure>\n\n\n\n<figure class=\"wp-block-image size-large\"><img loading=\"lazy\" decoding=\"async\" width=\"1024\" height=\"751\" src=\"http:\/\/www.delalumiereauxyeux-photo.fr\/wp-content\/uploads\/2024\/04\/DSC_0306-1024x751.jpg\" alt=\"Fol'car des Ducs 2024 \u00e0 Essay photographe De la lumi\u00e8re aux yeux\" class=\"wp-image-5261\" srcset=\"https:\/\/www.delalumiereauxyeux-photo.fr\/wp-content\/uploads\/2024\/04\/DSC_0306-1024x751.jpg 1024w, https:\/\/www.delalumiereauxyeux-photo.fr\/wp-content\/uploads\/2024\/04\/DSC_0306-300x220.jpg 300w, https:\/\/www.delalumiereauxyeux-photo.fr\/wp-content\/uploads\/2024\/04\/DSC_0306-768x563.jpg 768w, https:\/\/www.delalumiereauxyeux-photo.fr\/wp-content\/uploads\/2024\/04\/DSC_0306-1536x1126.jpg 1536w, https:\/\/www.delalumiereauxyeux-photo.fr\/wp-content\/uploads\/2024\/04\/DSC_0306-2048x1501.jpg 2048w\" sizes=\"(max-width: 1024px) 100vw, 1024px\" \/><\/figure>\n\n\n\n<figure class=\"wp-block-image size-large\"><img loading=\"lazy\" decoding=\"async\" width=\"1024\" height=\"683\" src=\"http:\/\/www.delalumiereauxyeux-photo.fr\/wp-content\/uploads\/2024\/04\/DSC_0312-1024x683.jpg\" alt=\"Fol'car des Ducs 2024 \u00e0 Essay photographe De la lumi\u00e8re aux yeux\" class=\"wp-image-5262\" srcset=\"https:\/\/www.delalumiereauxyeux-photo.fr\/wp-content\/uploads\/2024\/04\/DSC_0312-1024x683.jpg 1024w, https:\/\/www.delalumiereauxyeux-photo.fr\/wp-content\/uploads\/2024\/04\/DSC_0312-300x200.jpg 300w, https:\/\/www.delalumiereauxyeux-photo.fr\/wp-content\/uploads\/2024\/04\/DSC_0312-768x512.jpg 768w, https:\/\/www.delalumiereauxyeux-photo.fr\/wp-content\/uploads\/2024\/04\/DSC_0312-1536x1024.jpg 1536w, https:\/\/www.delalumiereauxyeux-photo.fr\/wp-content\/uploads\/2024\/04\/DSC_0312-2048x1365.jpg 2048w\" sizes=\"(max-width: 1024px) 100vw, 1024px\" \/><\/figure>\n\n\n\n<figure class=\"wp-block-image size-large\"><img loading=\"lazy\" decoding=\"async\" width=\"1024\" height=\"683\" src=\"http:\/\/www.delalumiereauxyeux-photo.fr\/wp-content\/uploads\/2024\/04\/DSC_0320-1024x683.jpg\" alt=\"Fol'car des Ducs 2024 \u00e0 Essay photographe De la lumi\u00e8re aux yeux\" class=\"wp-image-5263\" srcset=\"https:\/\/www.delalumiereauxyeux-photo.fr\/wp-content\/uploads\/2024\/04\/DSC_0320-1024x683.jpg 1024w, https:\/\/www.delalumiereauxyeux-photo.fr\/wp-content\/uploads\/2024\/04\/DSC_0320-300x200.jpg 300w, https:\/\/www.delalumiereauxyeux-photo.fr\/wp-content\/uploads\/2024\/04\/DSC_0320-768x512.jpg 768w, https:\/\/www.delalumiereauxyeux-photo.fr\/wp-content\/uploads\/2024\/04\/DSC_0320-1536x1024.jpg 1536w, https:\/\/www.delalumiereauxyeux-photo.fr\/wp-content\/uploads\/2024\/04\/DSC_0320-2048x1365.jpg 2048w\" sizes=\"(max-width: 1024px) 100vw, 1024px\" \/><\/figure>\n\n\n\n<figure class=\"wp-block-image size-large\"><img loading=\"lazy\" decoding=\"async\" width=\"1024\" height=\"720\" src=\"http:\/\/www.delalumiereauxyeux-photo.fr\/wp-content\/uploads\/2024\/04\/DSC_0331-1024x720.jpg\" alt=\"Fol'car des Ducs 2024 \u00e0 Essay photographe De la lumi\u00e8re aux yeux\" class=\"wp-image-5264\" srcset=\"https:\/\/www.delalumiereauxyeux-photo.fr\/wp-content\/uploads\/2024\/04\/DSC_0331-1024x720.jpg 1024w, https:\/\/www.delalumiereauxyeux-photo.fr\/wp-content\/uploads\/2024\/04\/DSC_0331-300x211.jpg 300w, https:\/\/www.delalumiereauxyeux-photo.fr\/wp-content\/uploads\/2024\/04\/DSC_0331-768x540.jpg 768w, https:\/\/www.delalumiereauxyeux-photo.fr\/wp-content\/uploads\/2024\/04\/DSC_0331-1536x1080.jpg 1536w, https:\/\/www.delalumiereauxyeux-photo.fr\/wp-content\/uploads\/2024\/04\/DSC_0331-2048x1439.jpg 2048w\" sizes=\"(max-width: 1024px) 100vw, 1024px\" \/><\/figure>\n\n\n\n<figure class=\"wp-block-image size-large\"><img loading=\"lazy\" decoding=\"async\" width=\"1024\" height=\"683\" src=\"http:\/\/www.delalumiereauxyeux-photo.fr\/wp-content\/uploads\/2024\/04\/DSC_0350-1024x683.jpg\" alt=\"Fol'car des Ducs 2024 \u00e0 Essay photographe De la lumi\u00e8re aux yeux\" class=\"wp-image-5265\" srcset=\"https:\/\/www.delalumiereauxyeux-photo.fr\/wp-content\/uploads\/2024\/04\/DSC_0350-1024x683.jpg 1024w, https:\/\/www.delalumiereauxyeux-photo.fr\/wp-content\/uploads\/2024\/04\/DSC_0350-300x200.jpg 300w, https:\/\/www.delalumiereauxyeux-photo.fr\/wp-content\/uploads\/2024\/04\/DSC_0350-768x512.jpg 768w, https:\/\/www.delalumiereauxyeux-photo.fr\/wp-content\/uploads\/2024\/04\/DSC_0350-1536x1024.jpg 1536w, https:\/\/www.delalumiereauxyeux-photo.fr\/wp-content\/uploads\/2024\/04\/DSC_0350-2048x1365.jpg 2048w\" sizes=\"(max-width: 1024px) 100vw, 1024px\" \/><\/figure>\n\n\n\n<figure class=\"wp-block-image size-large\"><img loading=\"lazy\" decoding=\"async\" width=\"1024\" height=\"740\" src=\"http:\/\/www.delalumiereauxyeux-photo.fr\/wp-content\/uploads\/2024\/04\/DSC_0373-1024x740.jpg\" alt=\"Fol'car des Ducs 2024 \u00e0 Essay photographe De la lumi\u00e8re aux yeux\" class=\"wp-image-5266\" srcset=\"https:\/\/www.delalumiereauxyeux-photo.fr\/wp-content\/uploads\/2024\/04\/DSC_0373-1024x740.jpg 1024w, https:\/\/www.delalumiereauxyeux-photo.fr\/wp-content\/uploads\/2024\/04\/DSC_0373-300x217.jpg 300w, https:\/\/www.delalumiereauxyeux-photo.fr\/wp-content\/uploads\/2024\/04\/DSC_0373-768x555.jpg 768w, https:\/\/www.delalumiereauxyeux-photo.fr\/wp-content\/uploads\/2024\/04\/DSC_0373-1536x1111.jpg 1536w, https:\/\/www.delalumiereauxyeux-photo.fr\/wp-content\/uploads\/2024\/04\/DSC_0373-2048x1481.jpg 2048w\" sizes=\"(max-width: 1024px) 100vw, 1024px\" \/><\/figure>\n\n\n\n<figure class=\"wp-block-image size-large\"><img loading=\"lazy\" decoding=\"async\" width=\"1024\" height=\"683\" src=\"http:\/\/www.delalumiereauxyeux-photo.fr\/wp-content\/uploads\/2024\/04\/DSC_0380-1024x683.jpg\" alt=\"Fol'car des Ducs 2024 \u00e0 Essay photographe De la lumi\u00e8re aux yeux\" class=\"wp-image-5267\" srcset=\"https:\/\/www.delalumiereauxyeux-photo.fr\/wp-content\/uploads\/2024\/04\/DSC_0380-1024x683.jpg 1024w, https:\/\/www.delalumiereauxyeux-photo.fr\/wp-content\/uploads\/2024\/04\/DSC_0380-300x200.jpg 300w, https:\/\/www.delalumiereauxyeux-photo.fr\/wp-content\/uploads\/2024\/04\/DSC_0380-768x512.jpg 768w, https:\/\/www.delalumiereauxyeux-photo.fr\/wp-content\/uploads\/2024\/04\/DSC_0380-1536x1024.jpg 1536w, https:\/\/www.delalumiereauxyeux-photo.fr\/wp-content\/uploads\/2024\/04\/DSC_0380-2048x1365.jpg 2048w\" sizes=\"(max-width: 1024px) 100vw, 1024px\" \/><\/figure>\n\n\n\n<figure class=\"wp-block-image size-large\"><img loading=\"lazy\" decoding=\"async\" width=\"1024\" height=\"948\" src=\"http:\/\/www.delalumiereauxyeux-photo.fr\/wp-content\/uploads\/2024\/04\/DSC_0382-1024x948.jpg\" alt=\"Fol'car des Ducs 2024 \u00e0 Essay photographe De la lumi\u00e8re aux yeux\" class=\"wp-image-5268\" srcset=\"https:\/\/www.delalumiereauxyeux-photo.fr\/wp-content\/uploads\/2024\/04\/DSC_0382-1024x948.jpg 1024w, https:\/\/www.delalumiereauxyeux-photo.fr\/wp-content\/uploads\/2024\/04\/DSC_0382-300x278.jpg 300w, https:\/\/www.delalumiereauxyeux-photo.fr\/wp-content\/uploads\/2024\/04\/DSC_0382-768x711.jpg 768w, https:\/\/www.delalumiereauxyeux-photo.fr\/wp-content\/uploads\/2024\/04\/DSC_0382-1536x1423.jpg 1536w, https:\/\/www.delalumiereauxyeux-photo.fr\/wp-content\/uploads\/2024\/04\/DSC_0382-2048x1897.jpg 2048w\" sizes=\"(max-width: 1024px) 100vw, 1024px\" \/><\/figure>\n\n\n\n<figure class=\"wp-block-image size-large\"><img loading=\"lazy\" decoding=\"async\" width=\"1024\" height=\"683\" src=\"http:\/\/www.delalumiereauxyeux-photo.fr\/wp-content\/uploads\/2024\/04\/DSC_0393-1024x683.jpg\" alt=\"Fol'car des Ducs 2024 \u00e0 Essay photographe De la lumi\u00e8re aux yeux\" class=\"wp-image-5269\" srcset=\"https:\/\/www.delalumiereauxyeux-photo.fr\/wp-content\/uploads\/2024\/04\/DSC_0393-1024x683.jpg 1024w, https:\/\/www.delalumiereauxyeux-photo.fr\/wp-content\/uploads\/2024\/04\/DSC_0393-300x200.jpg 300w, https:\/\/www.delalumiereauxyeux-photo.fr\/wp-content\/uploads\/2024\/04\/DSC_0393-768x512.jpg 768w, https:\/\/www.delalumiereauxyeux-photo.fr\/wp-content\/uploads\/2024\/04\/DSC_0393-1536x1024.jpg 1536w, https:\/\/www.delalumiereauxyeux-photo.fr\/wp-content\/uploads\/2024\/04\/DSC_0393-2048x1365.jpg 2048w\" sizes=\"(max-width: 1024px) 100vw, 1024px\" \/><\/figure>\n\n\n\n<figure class=\"wp-block-image size-large\"><img loading=\"lazy\" decoding=\"async\" width=\"1024\" height=\"683\" src=\"http:\/\/www.delalumiereauxyeux-photo.fr\/wp-content\/uploads\/2024\/04\/DSC_0396-1024x683.jpg\" alt=\"Fol'car des Ducs 2024 \u00e0 Essay photographe De la lumi\u00e8re aux yeux\" class=\"wp-image-5270\" srcset=\"https:\/\/www.delalumiereauxyeux-photo.fr\/wp-content\/uploads\/2024\/04\/DSC_0396-1024x683.jpg 1024w, https:\/\/www.delalumiereauxyeux-photo.fr\/wp-content\/uploads\/2024\/04\/DSC_0396-300x200.jpg 300w, https:\/\/www.delalumiereauxyeux-photo.fr\/wp-content\/uploads\/2024\/04\/DSC_0396-768x512.jpg 768w, https:\/\/www.delalumiereauxyeux-photo.fr\/wp-content\/uploads\/2024\/04\/DSC_0396-1536x1024.jpg 1536w, https:\/\/www.delalumiereauxyeux-photo.fr\/wp-content\/uploads\/2024\/04\/DSC_0396-2048x1365.jpg 2048w\" sizes=\"(max-width: 1024px) 100vw, 1024px\" \/><\/figure>\n\n\n\n<figure class=\"wp-block-image size-large\"><img loading=\"lazy\" decoding=\"async\" width=\"1024\" height=\"683\" src=\"http:\/\/www.delalumiereauxyeux-photo.fr\/wp-content\/uploads\/2024\/04\/DSC_0405-1024x683.jpg\" alt=\"Fol'car des Ducs 2024 \u00e0 Essay photographe De la lumi\u00e8re aux yeux\" class=\"wp-image-5271\" srcset=\"https:\/\/www.delalumiereauxyeux-photo.fr\/wp-content\/uploads\/2024\/04\/DSC_0405-1024x683.jpg 1024w, https:\/\/www.delalumiereauxyeux-photo.fr\/wp-content\/uploads\/2024\/04\/DSC_0405-300x200.jpg 300w, https:\/\/www.delalumiereauxyeux-photo.fr\/wp-content\/uploads\/2024\/04\/DSC_0405-768x512.jpg 768w, https:\/\/www.delalumiereauxyeux-photo.fr\/wp-content\/uploads\/2024\/04\/DSC_0405-1536x1024.jpg 1536w, https:\/\/www.delalumiereauxyeux-photo.fr\/wp-content\/uploads\/2024\/04\/DSC_0405-2048x1365.jpg 2048w\" sizes=\"(max-width: 1024px) 100vw, 1024px\" \/><\/figure>\n\n\n\n<figure class=\"wp-block-image size-large\"><img loading=\"lazy\" decoding=\"async\" width=\"1024\" height=\"726\" src=\"http:\/\/www.delalumiereauxyeux-photo.fr\/wp-content\/uploads\/2024\/04\/DSC_0412-1024x726.jpg\" alt=\"Fol'car des Ducs 2024 \u00e0 Essay photographe De la lumi\u00e8re aux yeux\" class=\"wp-image-5272\" srcset=\"https:\/\/www.delalumiereauxyeux-photo.fr\/wp-content\/uploads\/2024\/04\/DSC_0412-1024x726.jpg 1024w, https:\/\/www.delalumiereauxyeux-photo.fr\/wp-content\/uploads\/2024\/04\/DSC_0412-300x213.jpg 300w, https:\/\/www.delalumiereauxyeux-photo.fr\/wp-content\/uploads\/2024\/04\/DSC_0412-768x545.jpg 768w, https:\/\/www.delalumiereauxyeux-photo.fr\/wp-content\/uploads\/2024\/04\/DSC_0412-1536x1090.jpg 1536w, https:\/\/www.delalumiereauxyeux-photo.fr\/wp-content\/uploads\/2024\/04\/DSC_0412-2048x1453.jpg 2048w\" sizes=\"(max-width: 1024px) 100vw, 1024px\" \/><\/figure>\n\n\n\n<figure class=\"wp-block-image size-large\"><img loading=\"lazy\" decoding=\"async\" width=\"1024\" height=\"683\" src=\"http:\/\/www.delalumiereauxyeux-photo.fr\/wp-content\/uploads\/2024\/04\/DSC_0415-1024x683.jpg\" alt=\"Fol'car des Ducs 2024 \u00e0 Essay photographe De la lumi\u00e8re aux yeux\" class=\"wp-image-5273\" srcset=\"https:\/\/www.delalumiereauxyeux-photo.fr\/wp-content\/uploads\/2024\/04\/DSC_0415-1024x683.jpg 1024w, https:\/\/www.delalumiereauxyeux-photo.fr\/wp-content\/uploads\/2024\/04\/DSC_0415-300x200.jpg 300w, https:\/\/www.delalumiereauxyeux-photo.fr\/wp-content\/uploads\/2024\/04\/DSC_0415-768x512.jpg 768w, https:\/\/www.delalumiereauxyeux-photo.fr\/wp-content\/uploads\/2024\/04\/DSC_0415-1536x1024.jpg 1536w, https:\/\/www.delalumiereauxyeux-photo.fr\/wp-content\/uploads\/2024\/04\/DSC_0415-2048x1365.jpg 2048w\" sizes=\"(max-width: 1024px) 100vw, 1024px\" \/><\/figure>\n\n\n\n<figure class=\"wp-block-image size-large\"><img loading=\"lazy\" decoding=\"async\" width=\"1024\" height=\"683\" src=\"http:\/\/www.delalumiereauxyeux-photo.fr\/wp-content\/uploads\/2024\/04\/DSC_0421-1024x683.jpg\" alt=\"Fol'car des Ducs 2024 \u00e0 Essay photographe De la lumi\u00e8re aux yeux\" class=\"wp-image-5274\" srcset=\"https:\/\/www.delalumiereauxyeux-photo.fr\/wp-content\/uploads\/2024\/04\/DSC_0421-1024x683.jpg 1024w, https:\/\/www.delalumiereauxyeux-photo.fr\/wp-content\/uploads\/2024\/04\/DSC_0421-300x200.jpg 300w, https:\/\/www.delalumiereauxyeux-photo.fr\/wp-content\/uploads\/2024\/04\/DSC_0421-768x512.jpg 768w, https:\/\/www.delalumiereauxyeux-photo.fr\/wp-content\/uploads\/2024\/04\/DSC_0421-1536x1024.jpg 1536w, https:\/\/www.delalumiereauxyeux-photo.fr\/wp-content\/uploads\/2024\/04\/DSC_0421-2048x1365.jpg 2048w\" sizes=\"(max-width: 1024px) 100vw, 1024px\" \/><\/figure>\n\n\n\n<figure class=\"wp-block-image size-large\"><img loading=\"lazy\" decoding=\"async\" width=\"1024\" height=\"683\" src=\"http:\/\/www.delalumiereauxyeux-photo.fr\/wp-content\/uploads\/2024\/04\/DSC_0425-1024x683.jpg\" alt=\"Fol'car des Ducs 2024 \u00e0 Essay photographe De la lumi\u00e8re aux yeux\" class=\"wp-image-5275\" srcset=\"https:\/\/www.delalumiereauxyeux-photo.fr\/wp-content\/uploads\/2024\/04\/DSC_0425-1024x683.jpg 1024w, https:\/\/www.delalumiereauxyeux-photo.fr\/wp-content\/uploads\/2024\/04\/DSC_0425-300x200.jpg 300w, https:\/\/www.delalumiereauxyeux-photo.fr\/wp-content\/uploads\/2024\/04\/DSC_0425-768x512.jpg 768w, https:\/\/www.delalumiereauxyeux-photo.fr\/wp-content\/uploads\/2024\/04\/DSC_0425-1536x1024.jpg 1536w, https:\/\/www.delalumiereauxyeux-photo.fr\/wp-content\/uploads\/2024\/04\/DSC_0425-2048x1365.jpg 2048w\" sizes=\"(max-width: 1024px) 100vw, 1024px\" \/><\/figure>\n\n\n\n<figure class=\"wp-block-image size-large\"><img loading=\"lazy\" decoding=\"async\" width=\"1024\" height=\"683\" src=\"http:\/\/www.delalumiereauxyeux-photo.fr\/wp-content\/uploads\/2024\/04\/DSC_0428-1024x683.jpg\" alt=\"Fol'car des Ducs 2024 \u00e0 Essay photographe De la lumi\u00e8re aux yeux\" class=\"wp-image-5276\" srcset=\"https:\/\/www.delalumiereauxyeux-photo.fr\/wp-content\/uploads\/2024\/04\/DSC_0428-1024x683.jpg 1024w, https:\/\/www.delalumiereauxyeux-photo.fr\/wp-content\/uploads\/2024\/04\/DSC_0428-300x200.jpg 300w, https:\/\/www.delalumiereauxyeux-photo.fr\/wp-content\/uploads\/2024\/04\/DSC_0428-768x512.jpg 768w, https:\/\/www.delalumiereauxyeux-photo.fr\/wp-content\/uploads\/2024\/04\/DSC_0428-1536x1024.jpg 1536w, https:\/\/www.delalumiereauxyeux-photo.fr\/wp-content\/uploads\/2024\/04\/DSC_0428-2048x1365.jpg 2048w\" sizes=\"(max-width: 1024px) 100vw, 1024px\" \/><\/figure>\n\n\n\n<figure class=\"wp-block-image size-large\"><img loading=\"lazy\" decoding=\"async\" width=\"876\" height=\"1024\" src=\"http:\/\/www.delalumiereauxyeux-photo.fr\/wp-content\/uploads\/2024\/04\/DSC_0438-876x1024.jpg\" alt=\"Fol'car des Ducs 2024 \u00e0 Essay photographe De la lumi\u00e8re aux yeux\" class=\"wp-image-5277\" srcset=\"https:\/\/www.delalumiereauxyeux-photo.fr\/wp-content\/uploads\/2024\/04\/DSC_0438-876x1024.jpg 876w, https:\/\/www.delalumiereauxyeux-photo.fr\/wp-content\/uploads\/2024\/04\/DSC_0438-257x300.jpg 257w, https:\/\/www.delalumiereauxyeux-photo.fr\/wp-content\/uploads\/2024\/04\/DSC_0438-768x898.jpg 768w, https:\/\/www.delalumiereauxyeux-photo.fr\/wp-content\/uploads\/2024\/04\/DSC_0438-1314x1536.jpg 1314w, https:\/\/www.delalumiereauxyeux-photo.fr\/wp-content\/uploads\/2024\/04\/DSC_0438-1752x2048.jpg 1752w\" sizes=\"(max-width: 876px) 100vw, 876px\" \/><\/figure>\n\n\n\n<p>Hommage \u00e0 Monsieur Dany BOULAY<\/p>\n\n\n\n<figure class=\"wp-block-image size-large\"><img loading=\"lazy\" decoding=\"async\" width=\"1024\" height=\"683\" src=\"http:\/\/www.delalumiereauxyeux-photo.fr\/wp-content\/uploads\/2024\/04\/DSC_9026-1024x683.jpg\" alt=\"Fol'car des Ducs 2024 \u00e0 Essay photographe De la lumi\u00e8re aux yeux\" class=\"wp-image-5299\" srcset=\"https:\/\/www.delalumiereauxyeux-photo.fr\/wp-content\/uploads\/2024\/04\/DSC_9026-1024x683.jpg 1024w, https:\/\/www.delalumiereauxyeux-photo.fr\/wp-content\/uploads\/2024\/04\/DSC_9026-300x200.jpg 300w, https:\/\/www.delalumiereauxyeux-photo.fr\/wp-content\/uploads\/2024\/04\/DSC_9026-768x512.jpg 768w, https:\/\/www.delalumiereauxyeux-photo.fr\/wp-content\/uploads\/2024\/04\/DSC_9026-1536x1024.jpg 1536w, https:\/\/www.delalumiereauxyeux-photo.fr\/wp-content\/uploads\/2024\/04\/DSC_9026-2048x1365.jpg 2048w\" sizes=\"(max-width: 1024px) 100vw, 1024px\" \/><\/figure>\n\n\n\n<figure class=\"wp-block-image size-large\"><img loading=\"lazy\" decoding=\"async\" width=\"1024\" height=\"631\" src=\"http:\/\/www.delalumiereauxyeux-photo.fr\/wp-content\/uploads\/2024\/04\/DSC_9039-1024x631.jpg\" alt=\"Fol'car des Ducs 2024 \u00e0 Essay photographe De la lumi\u00e8re aux yeux\" class=\"wp-image-5300\" srcset=\"https:\/\/www.delalumiereauxyeux-photo.fr\/wp-content\/uploads\/2024\/04\/DSC_9039-1024x631.jpg 1024w, https:\/\/www.delalumiereauxyeux-photo.fr\/wp-content\/uploads\/2024\/04\/DSC_9039-300x185.jpg 300w, https:\/\/www.delalumiereauxyeux-photo.fr\/wp-content\/uploads\/2024\/04\/DSC_9039-768x473.jpg 768w, https:\/\/www.delalumiereauxyeux-photo.fr\/wp-content\/uploads\/2024\/04\/DSC_9039-1536x946.jpg 1536w, https:\/\/www.delalumiereauxyeux-photo.fr\/wp-content\/uploads\/2024\/04\/DSC_9039-2048x1262.jpg 2048w\" sizes=\"(max-width: 1024px) 100vw, 1024px\" \/><\/figure>\n\n\n\n<figure class=\"wp-block-image size-large\"><img loading=\"lazy\" decoding=\"async\" width=\"1024\" height=\"722\" src=\"http:\/\/www.delalumiereauxyeux-photo.fr\/wp-content\/uploads\/2024\/04\/DSC_9042-1024x722.jpg\" alt=\"Fol'car des Ducs 2024 \u00e0 Essay photographe De la lumi\u00e8re aux yeux\" class=\"wp-image-5301\" srcset=\"https:\/\/www.delalumiereauxyeux-photo.fr\/wp-content\/uploads\/2024\/04\/DSC_9042-1024x722.jpg 1024w, https:\/\/www.delalumiereauxyeux-photo.fr\/wp-content\/uploads\/2024\/04\/DSC_9042-300x212.jpg 300w, https:\/\/www.delalumiereauxyeux-photo.fr\/wp-content\/uploads\/2024\/04\/DSC_9042-768x542.jpg 768w, https:\/\/www.delalumiereauxyeux-photo.fr\/wp-content\/uploads\/2024\/04\/DSC_9042-1536x1084.jpg 1536w, https:\/\/www.delalumiereauxyeux-photo.fr\/wp-content\/uploads\/2024\/04\/DSC_9042-2048x1445.jpg 2048w\" sizes=\"(max-width: 1024px) 100vw, 1024px\" \/><\/figure>\n\n\n\n<p>Le classement<\/p>\n\n\n\n<figure class=\"wp-block-image size-full\"><img loading=\"lazy\" decoding=\"async\" width=\"994\" height=\"834\" src=\"http:\/\/www.delalumiereauxyeux-photo.fr\/wp-content\/uploads\/2024\/04\/fc.jpg\" alt=\"Fol'car des Ducs 2024 \u00e0 Essay photographe De la lumi\u00e8re aux yeux\" class=\"wp-image-5306\" srcset=\"https:\/\/www.delalumiereauxyeux-photo.fr\/wp-content\/uploads\/2024\/04\/fc.jpg 994w, https:\/\/www.delalumiereauxyeux-photo.fr\/wp-content\/uploads\/2024\/04\/fc-300x252.jpg 300w, https:\/\/www.delalumiereauxyeux-photo.fr\/wp-content\/uploads\/2024\/04\/fc-768x644.jpg 768w\" sizes=\"(max-width: 994px) 100vw, 994px\" \/><\/figure>\n\n\n\n<p>Bravo \u00e0 toutes et \u00e0 tous! Vous pouvez retrouver tous les r\u00e9sultats sur le site de la FFSA.<\/p>\n\n\n\n<p>\u00a9 Tous droits r\u00e9serv\u00e9s 2024.<\/p>\n\n\n\n<p>Merci aux organisateurs.<\/p>\n\n\n\n<p>Toutes mes photos ne sont pas pr\u00e9sent\u00e9es dans l&rsquo;article, alors n&rsquo;h\u00e9sitez pas \u00e0 me contacter \ud83d\ude09<\/p>\n\n\n\n<p>Les photos sont disponibles \u00e0 l&rsquo;achat au format num\u00e9rique&nbsp;<a href=\"https:\/\/www.delalumiereauxyeux-photo.fr\/?page_id=2430\">Contact &#8211; De la lumi\u00e8re aux yeux (delalumiereauxyeux-photo.fr)<\/a><\/p>\n\n\n\n<p>Si vous souhaitez une prestation photos, contactez-moi. Vous pouvez \u00e9galement m&rsquo;envoyer vos noms, pr\u00e9noms, voiture(s), \u00e9v\u00e9nement(s), dates et lieux o\u00f9 vous serez en 2024&nbsp;<a href=\"https:\/\/www.delalumiereauxyeux-photo.fr\/?page_id=2430\">Contact &#8211; De la lumi\u00e8re aux yeux (delalumiereauxyeux-photo.fr)<\/a> !<\/p>\n\n\n\n<p>Vous pouvez \u00e9galement me laisser vos commentaires sur cet article.<\/p>\n\n\n\n<p>A bient\u00f4t! \ud83d\ude42<\/p>\n\n\n\n<p>Ang\u00e9lique.<\/p>\n\n\n\n<p>Vous pouvez me retrouver sur :<\/p>\n\n\n\n<ul>\n<li>Facebook&nbsp;<a href=\"https:\/\/www.facebook.com\/DelalumiereauxyeuxPhotographe\">Delalumi\u00e8reauxyeux Photographe | Erceville | Facebook<\/a><\/li>\n\n\n\n<li>Instagram&nbsp;<a href=\"https:\/\/www.instagram.com\/angiephoto28\/\">Angie (@angiephoto28) \u2022 Photos et vid\u00e9os Instagram<\/a><\/li>\n\n\n\n<li>site www.delalumiereauxyeux.fr<\/li>\n<\/ul>\n\n\n\n<p><em>Les photos sont compress\u00e9es pour le blog et n&rsquo;ont pas leur qualit\u00e9 optimale.<\/em><\/p>\n","protected":false},"excerpt":{"rendered":"<p>Une journ\u00e9e de dimanche rythm\u00e9e entre soleil et nuages avec de belles manches! Les commissaires femmes \u00e0 l&rsquo;honneur : Fran\u00e7oise et Madiana \ud83d\ude42 La parade Hommage \u00e0 Monsieur Dany BOULAY Le classement Bravo \u00e0 toutes et \u00e0 tous! Vous pouvez retrouver tous les r\u00e9sultats sur le site de la FFSA. \u00a9 Tous droits r\u00e9serv\u00e9s 2024. [&hellip;]<\/p>\n","protected":false},"author":1,"featured_media":0,"comment_status":"open","ping_status":"closed","sticky":false,"template":"","format":"standard","meta":{"_monsterinsights_skip_tracking":false,"_monsterinsights_sitenote_active":false,"_monsterinsights_sitenote_note":"","_monsterinsights_sitenote_category":0,"footnotes":""},"categories":[1],"tags":[],"yoast_head":"<!-- This site is optimized with the Yoast SEO plugin v22.2 - https:\/\/yoast.com\/wordpress\/plugins\/seo\/ -->\n<title>Fol&#039;Car des Ducs 2024 au circuit des Ducs \u00e0 Essay - De la lumi\u00e8re aux yeux<\/title>\n<meta name=\"robots\" content=\"index, follow, max-snippet:-1, max-image-preview:large, max-video-preview:-1\" \/>\n<link rel=\"canonical\" href=\"https:\/\/www.delalumiereauxyeux-photo.fr\/?p=5303\" \/>\n<meta property=\"og:locale\" content=\"fr_FR\" \/>\n<meta property=\"og:type\" content=\"article\" \/>\n<meta property=\"og:title\" content=\"Fol&#039;Car des Ducs 2024 au circuit des Ducs \u00e0 Essay - De la lumi\u00e8re aux yeux\" \/>\n<meta property=\"og:description\" content=\"Une journ\u00e9e de dimanche rythm\u00e9e entre soleil et nuages avec de belles manches! Les commissaires femmes \u00e0 l&rsquo;honneur : Fran\u00e7oise et Madiana \ud83d\ude42 La parade Hommage \u00e0 Monsieur Dany BOULAY Le classement Bravo \u00e0 toutes et \u00e0 tous! Vous pouvez retrouver tous les r\u00e9sultats sur le site de la FFSA. \u00a9 Tous droits r\u00e9serv\u00e9s 2024. [&hellip;]\" \/>\n<meta property=\"og:url\" content=\"https:\/\/www.delalumiereauxyeux-photo.fr\/?p=5303\" \/>\n<meta property=\"og:site_name\" content=\"De la lumi\u00e8re aux yeux\" \/>\n<meta property=\"article:author\" content=\"https:\/\/www.facebook.com\/angelique.delalumiereauxyeux.5?__tn__=dlC-RHH-R-R&amp;eid=ARDORkTB_yutZsrVTEEeZ0LAobESxObVoalsaetnRjmZdhewjwojedF8h09RZ8oly8_ro0dEnvSLIUeS&amp;hc_ref=ARSbH4jjDNc2QSSUZPjZH0vrxiNgcNzLcrprkTea6WAzZ09DAHcjGeYU5y5PXqG08Ac\" \/>\n<meta property=\"article:published_time\" content=\"2024-04-11T19:33:32+00:00\" \/>\n<meta property=\"article:modified_time\" content=\"2024-04-11T19:33:36+00:00\" \/>\n<meta property=\"og:image\" content=\"http:\/\/www.delalumiereauxyeux-photo.fr\/wp-content\/uploads\/2024\/04\/DSC_9092-1024x683.jpg\" \/>\n<meta name=\"author\" content=\"delalumiereauxyeux\" \/>\n<meta name=\"twitter:card\" content=\"summary_large_image\" \/>\n<meta name=\"twitter:label1\" content=\"\u00c9crit par\" \/>\n\t<meta name=\"twitter:data1\" content=\"delalumiereauxyeux\" \/>\n\t<meta name=\"twitter:label2\" content=\"Dur\u00e9e de lecture estim\u00e9e\" \/>\n\t<meta name=\"twitter:data2\" content=\"17 minutes\" \/>\n<script type=\"application\/ld+json\" class=\"yoast-schema-graph\">{\"@context\":\"https:\/\/schema.org\",\"@graph\":[{\"@type\":\"WebPage\",\"@id\":\"https:\/\/www.delalumiereauxyeux-photo.fr\/?p=5303\",\"url\":\"https:\/\/www.delalumiereauxyeux-photo.fr\/?p=5303\",\"name\":\"Fol'Car des Ducs 2024 au circuit des Ducs \u00e0 Essay - De la lumi\u00e8re aux yeux\",\"isPartOf\":{\"@id\":\"https:\/\/www.delalumiereauxyeux-photo.fr\/#website\"},\"primaryImageOfPage\":{\"@id\":\"https:\/\/www.delalumiereauxyeux-photo.fr\/?p=5303#primaryimage\"},\"image\":{\"@id\":\"https:\/\/www.delalumiereauxyeux-photo.fr\/?p=5303#primaryimage\"},\"thumbnailUrl\":\"http:\/\/www.delalumiereauxyeux-photo.fr\/wp-content\/uploads\/2024\/04\/DSC_9092-1024x683.jpg\",\"datePublished\":\"2024-04-11T19:33:32+00:00\",\"dateModified\":\"2024-04-11T19:33:36+00:00\",\"author\":{\"@id\":\"https:\/\/www.delalumiereauxyeux-photo.fr\/#\/schema\/person\/fbdc98761dd92f98cdb911153e949213\"},\"breadcrumb\":{\"@id\":\"https:\/\/www.delalumiereauxyeux-photo.fr\/?p=5303#breadcrumb\"},\"inLanguage\":\"fr-FR\",\"potentialAction\":[{\"@type\":\"ReadAction\",\"target\":[\"https:\/\/www.delalumiereauxyeux-photo.fr\/?p=5303\"]}]},{\"@type\":\"ImageObject\",\"inLanguage\":\"fr-FR\",\"@id\":\"https:\/\/www.delalumiereauxyeux-photo.fr\/?p=5303#primaryimage\",\"url\":\"https:\/\/www.delalumiereauxyeux-photo.fr\/wp-content\/uploads\/2024\/04\/DSC_9092-scaled.jpg\",\"contentUrl\":\"https:\/\/www.delalumiereauxyeux-photo.fr\/wp-content\/uploads\/2024\/04\/DSC_9092-scaled.jpg\",\"width\":2560,\"height\":1707,\"caption\":\"Fol'car des Ducs 2024 \u00e0 Essay photographe De la lumi\u00e8re aux yeux\"},{\"@type\":\"BreadcrumbList\",\"@id\":\"https:\/\/www.delalumiereauxyeux-photo.fr\/?p=5303#breadcrumb\",\"itemListElement\":[{\"@type\":\"ListItem\",\"position\":1,\"name\":\"Accueil\",\"item\":\"https:\/\/www.delalumiereauxyeux-photo.fr\/\"},{\"@type\":\"ListItem\",\"position\":2,\"name\":\"Fol&rsquo;Car des Ducs 2024 au circuit des Ducs \u00e0 Essay\"}]},{\"@type\":\"WebSite\",\"@id\":\"https:\/\/www.delalumiereauxyeux-photo.fr\/#website\",\"url\":\"https:\/\/www.delalumiereauxyeux-photo.fr\/\",\"name\":\"De la lumi\u00e8re aux yeux\",\"description\":\"De la lumi\u00e8re aux yeux\",\"potentialAction\":[{\"@type\":\"SearchAction\",\"target\":{\"@type\":\"EntryPoint\",\"urlTemplate\":\"https:\/\/www.delalumiereauxyeux-photo.fr\/?s={search_term_string}\"},\"query-input\":\"required name=search_term_string\"}],\"inLanguage\":\"fr-FR\"},{\"@type\":\"Person\",\"@id\":\"https:\/\/www.delalumiereauxyeux-photo.fr\/#\/schema\/person\/fbdc98761dd92f98cdb911153e949213\",\"name\":\"delalumiereauxyeux\",\"image\":{\"@type\":\"ImageObject\",\"inLanguage\":\"fr-FR\",\"@id\":\"https:\/\/www.delalumiereauxyeux-photo.fr\/#\/schema\/person\/image\/\",\"url\":\"https:\/\/secure.gravatar.com\/avatar\/8fecce8824b60e8618943375d4f3666c?s=96&d=mm&r=g\",\"contentUrl\":\"https:\/\/secure.gravatar.com\/avatar\/8fecce8824b60e8618943375d4f3666c?s=96&d=mm&r=g\",\"caption\":\"delalumiereauxyeux\"},\"sameAs\":[\"https:\/\/www.facebook.com\/angelique.delalumiereauxyeux.5?__tn__=dlC-RHH-R-R&eid=ARDORkTB_yutZsrVTEEeZ0LAobESxObVoalsaetnRjmZdhewjwojedF8h09RZ8oly8_ro0dEnvSLIUeS&hc_ref=ARSbH4jjDNc2QSSUZPjZH0vrxiNgcNzLcrprkTea6WAzZ09DAHcjGeYU5y5PXqG08Ac\",\"https:\/\/www.instagram.com\/angiephoto28\/\",\"https:\/\/www.linkedin.com\/in\/anglique-de-la-lumire-aux-yeux-65418826b\/\"]}]}<\/script>\n<!-- \/ Yoast SEO plugin. -->","yoast_head_json":{"title":"Fol'Car des Ducs 2024 au circuit des Ducs \u00e0 Essay - De la lumi\u00e8re aux yeux","robots":{"index":"index","follow":"follow","max-snippet":"max-snippet:-1","max-image-preview":"max-image-preview:large","max-video-preview":"max-video-preview:-1"},"canonical":"https:\/\/www.delalumiereauxyeux-photo.fr\/?p=5303","og_locale":"fr_FR","og_type":"article","og_title":"Fol'Car des Ducs 2024 au circuit des Ducs \u00e0 Essay - De la lumi\u00e8re aux yeux","og_description":"Une journ\u00e9e de dimanche rythm\u00e9e entre soleil et nuages avec de belles manches! Les commissaires femmes \u00e0 l&rsquo;honneur : Fran\u00e7oise et Madiana \ud83d\ude42 La parade Hommage \u00e0 Monsieur Dany BOULAY Le classement Bravo \u00e0 toutes et \u00e0 tous! Vous pouvez retrouver tous les r\u00e9sultats sur le site de la FFSA. \u00a9 Tous droits r\u00e9serv\u00e9s 2024. [&hellip;]","og_url":"https:\/\/www.delalumiereauxyeux-photo.fr\/?p=5303","og_site_name":"De la lumi\u00e8re aux yeux","article_author":"https:\/\/www.facebook.com\/angelique.delalumiereauxyeux.5?__tn__=dlC-RHH-R-R&eid=ARDORkTB_yutZsrVTEEeZ0LAobESxObVoalsaetnRjmZdhewjwojedF8h09RZ8oly8_ro0dEnvSLIUeS&hc_ref=ARSbH4jjDNc2QSSUZPjZH0vrxiNgcNzLcrprkTea6WAzZ09DAHcjGeYU5y5PXqG08Ac","article_published_time":"2024-04-11T19:33:32+00:00","article_modified_time":"2024-04-11T19:33:36+00:00","og_image":[{"url":"http:\/\/www.delalumiereauxyeux-photo.fr\/wp-content\/uploads\/2024\/04\/DSC_9092-1024x683.jpg"}],"author":"delalumiereauxyeux","twitter_card":"summary_large_image","twitter_misc":{"\u00c9crit par":"delalumiereauxyeux","Dur\u00e9e de lecture estim\u00e9e":"17 minutes"},"schema":{"@context":"https:\/\/schema.org","@graph":[{"@type":"WebPage","@id":"https:\/\/www.delalumiereauxyeux-photo.fr\/?p=5303","url":"https:\/\/www.delalumiereauxyeux-photo.fr\/?p=5303","name":"Fol'Car des Ducs 2024 au circuit des Ducs \u00e0 Essay - De la lumi\u00e8re aux yeux","isPartOf":{"@id":"https:\/\/www.delalumiereauxyeux-photo.fr\/#website"},"primaryImageOfPage":{"@id":"https:\/\/www.delalumiereauxyeux-photo.fr\/?p=5303#primaryimage"},"image":{"@id":"https:\/\/www.delalumiereauxyeux-photo.fr\/?p=5303#primaryimage"},"thumbnailUrl":"http:\/\/www.delalumiereauxyeux-photo.fr\/wp-content\/uploads\/2024\/04\/DSC_9092-1024x683.jpg","datePublished":"2024-04-11T19:33:32+00:00","dateModified":"2024-04-11T19:33:36+00:00","author":{"@id":"https:\/\/www.delalumiereauxyeux-photo.fr\/#\/schema\/person\/fbdc98761dd92f98cdb911153e949213"},"breadcrumb":{"@id":"https:\/\/www.delalumiereauxyeux-photo.fr\/?p=5303#breadcrumb"},"inLanguage":"fr-FR","potentialAction":[{"@type":"ReadAction","target":["https:\/\/www.delalumiereauxyeux-photo.fr\/?p=5303"]}]},{"@type":"ImageObject","inLanguage":"fr-FR","@id":"https:\/\/www.delalumiereauxyeux-photo.fr\/?p=5303#primaryimage","url":"https:\/\/www.delalumiereauxyeux-photo.fr\/wp-content\/uploads\/2024\/04\/DSC_9092-scaled.jpg","contentUrl":"https:\/\/www.delalumiereauxyeux-photo.fr\/wp-content\/uploads\/2024\/04\/DSC_9092-scaled.jpg","width":2560,"height":1707,"caption":"Fol'car des Ducs 2024 \u00e0 Essay photographe De la lumi\u00e8re aux yeux"},{"@type":"BreadcrumbList","@id":"https:\/\/www.delalumiereauxyeux-photo.fr\/?p=5303#breadcrumb","itemListElement":[{"@type":"ListItem","position":1,"name":"Accueil","item":"https:\/\/www.delalumiereauxyeux-photo.fr\/"},{"@type":"ListItem","position":2,"name":"Fol&rsquo;Car des Ducs 2024 au circuit des Ducs \u00e0 Essay"}]},{"@type":"WebSite","@id":"https:\/\/www.delalumiereauxyeux-photo.fr\/#website","url":"https:\/\/www.delalumiereauxyeux-photo.fr\/","name":"De la lumi\u00e8re aux yeux","description":"De la lumi\u00e8re aux yeux","potentialAction":[{"@type":"SearchAction","target":{"@type":"EntryPoint","urlTemplate":"https:\/\/www.delalumiereauxyeux-photo.fr\/?s={search_term_string}"},"query-input":"required name=search_term_string"}],"inLanguage":"fr-FR"},{"@type":"Person","@id":"https:\/\/www.delalumiereauxyeux-photo.fr\/#\/schema\/person\/fbdc98761dd92f98cdb911153e949213","name":"delalumiereauxyeux","image":{"@type":"ImageObject","inLanguage":"fr-FR","@id":"https:\/\/www.delalumiereauxyeux-photo.fr\/#\/schema\/person\/image\/","url":"https:\/\/secure.gravatar.com\/avatar\/8fecce8824b60e8618943375d4f3666c?s=96&d=mm&r=g","contentUrl":"https:\/\/secure.gravatar.com\/avatar\/8fecce8824b60e8618943375d4f3666c?s=96&d=mm&r=g","caption":"delalumiereauxyeux"},"sameAs":["https:\/\/www.facebook.com\/angelique.delalumiereauxyeux.5?__tn__=dlC-RHH-R-R&eid=ARDORkTB_yutZsrVTEEeZ0LAobESxObVoalsaetnRjmZdhewjwojedF8h09RZ8oly8_ro0dEnvSLIUeS&hc_ref=ARSbH4jjDNc2QSSUZPjZH0vrxiNgcNzLcrprkTea6WAzZ09DAHcjGeYU5y5PXqG08Ac","https:\/\/www.instagram.com\/angiephoto28\/","https:\/\/www.linkedin.com\/in\/anglique-de-la-lumire-aux-yeux-65418826b\/"]}]}},"_links":{"self":[{"href":"https:\/\/www.delalumiereauxyeux-photo.fr\/index.php?rest_route=\/wp\/v2\/posts\/5303"}],"collection":[{"href":"https:\/\/www.delalumiereauxyeux-photo.fr\/index.php?rest_route=\/wp\/v2\/posts"}],"about":[{"href":"https:\/\/www.delalumiereauxyeux-photo.fr\/index.php?rest_route=\/wp\/v2\/types\/post"}],"author":[{"embeddable":true,"href":"https:\/\/www.delalumiereauxyeux-photo.fr\/index.php?rest_route=\/wp\/v2\/users\/1"}],"replies":[{"embeddable":true,"href":"https:\/\/www.delalumiereauxyeux-photo.fr\/index.php?rest_route=%2Fwp%2Fv2%2Fcomments&post=5303"}],"version-history":[{"count":10,"href":"https:\/\/www.delalumiereauxyeux-photo.fr\/index.php?rest_route=\/wp\/v2\/posts\/5303\/revisions"}],"predecessor-version":[{"id":5315,"href":"https:\/\/www.delalumiereauxyeux-photo.fr\/index.php?rest_route=\/wp\/v2\/posts\/5303\/revisions\/5315"}],"wp:attachment":[{"href":"https:\/\/www.delalumiereauxyeux-photo.fr\/index.php?rest_route=%2Fwp%2Fv2%2Fmedia&parent=5303"}],"wp:term":[{"taxonomy":"category","embeddable":true,"href":"https:\/\/www.delalumiereauxyeux-photo.fr\/index.php?rest_route=%2Fwp%2Fv2%2Fcategories&post=5303"},{"taxonomy":"post_tag","embeddable":true,"href":"https:\/\/www.delalumiereauxyeux-photo.fr\/index.php?rest_route=%2Fwp%2Fv2%2Ftags&post=5303"}],"curies":[{"name":"wp","href":"https:\/\/api.w.org\/{rel}","templated":true}]}}