{"id":5408,"date":"2024-04-17T19:38:31","date_gmt":"2024-04-17T19:38:31","guid":{"rendered":"https:\/\/www.delalumiereauxyeux-photo.fr\/?p=5408"},"modified":"2024-06-27T09:23:13","modified_gmt":"2024-06-27T09:23:13","slug":"37e-rallye-autocourse-de-blere-et-3e-en-vhc","status":"publish","type":"post","link":"https:\/\/www.delalumiereauxyeux-photo.fr\/?p=5408","title":{"rendered":"37e Rallye Autocourse de Bl\u00e9r\u00e9 et 3e en VHC"},"content":{"rendered":"\n<p>Tout comme l&rsquo;ann\u00e9e derni\u00e8re, le rallye a \u00e9t\u00e9 au top! Le beau temps \u00e9tait au rendez-vous, ainsi que la chaleur au d\u00e9triment des pilotes, copilotes et voitures. Pour les spectateurs, photographes, vid\u00e9astes et toutes les personnes en ext\u00e9rieur, cela a \u00e9t\u00e9 coups de soleil assur\u00e9s! \ud83d\ude42<\/p>\n\n\n\n<p>C&rsquo;est l&rsquo;un de mes rallyes pr\u00e9f\u00e9r\u00e9s: convivial, familial, belle implantation du parc ferm\u00e9, assistance,&#8230;tout le monde peut en profiter! Mention sp\u00e9ciale cette ann\u00e9e, ravie d&rsquo;avoir ma photo sur l&rsquo;affiche du Rallye! \ud83d\ude42<\/p>\n\n\n\n<figure class=\"wp-block-image size-large\"><img loading=\"lazy\" decoding=\"async\" width=\"1024\" height=\"516\" src=\"http:\/\/www.delalumiereauxyeux-photo.fr\/wp-content\/uploads\/2024\/04\/20240417_123337-1024x516.jpg\" alt=\"37e Rallye Autocourse de Bl\u00e9r\u00e9 photographe De la lumi\u00e8re aux yeux\" class=\"wp-image-5420\" srcset=\"https:\/\/www.delalumiereauxyeux-photo.fr\/wp-content\/uploads\/2024\/04\/20240417_123337-1024x516.jpg 1024w, https:\/\/www.delalumiereauxyeux-photo.fr\/wp-content\/uploads\/2024\/04\/20240417_123337-300x151.jpg 300w, https:\/\/www.delalumiereauxyeux-photo.fr\/wp-content\/uploads\/2024\/04\/20240417_123337-768x387.jpg 768w, https:\/\/www.delalumiereauxyeux-photo.fr\/wp-content\/uploads\/2024\/04\/20240417_123337-1536x773.jpg 1536w\" sizes=\"(max-width: 1024px) 100vw, 1024px\" \/><\/figure>\n\n\n\n<p>Au parc, lors des v\u00e9rifs&#8230;<\/p>\n\n\n\n<figure class=\"wp-block-image size-large\"><img loading=\"lazy\" decoding=\"async\" width=\"1024\" height=\"683\" src=\"http:\/\/www.delalumiereauxyeux-photo.fr\/wp-content\/uploads\/2024\/04\/DSC_9141-1024x683.jpg\" alt=\"37e Rallye Autocourse de Bl\u00e9r\u00e9 photographe De la lumi\u00e8re aux yeux\" class=\"wp-image-5406\" srcset=\"https:\/\/www.delalumiereauxyeux-photo.fr\/wp-content\/uploads\/2024\/04\/DSC_9141-1024x683.jpg 1024w, https:\/\/www.delalumiereauxyeux-photo.fr\/wp-content\/uploads\/2024\/04\/DSC_9141-300x200.jpg 300w, https:\/\/www.delalumiereauxyeux-photo.fr\/wp-content\/uploads\/2024\/04\/DSC_9141-768x512.jpg 768w, https:\/\/www.delalumiereauxyeux-photo.fr\/wp-content\/uploads\/2024\/04\/DSC_9141-1536x1024.jpg 1536w, https:\/\/www.delalumiereauxyeux-photo.fr\/wp-content\/uploads\/2024\/04\/DSC_9141-2048x1365.jpg 2048w\" sizes=\"(max-width: 1024px) 100vw, 1024px\" \/><\/figure>\n\n\n\n<figure class=\"wp-block-image size-large\"><img loading=\"lazy\" decoding=\"async\" width=\"1024\" height=\"627\" src=\"http:\/\/www.delalumiereauxyeux-photo.fr\/wp-content\/uploads\/2024\/04\/DSC_9139-1024x627.jpg\" alt=\"37e Rallye Autocourse de Bl\u00e9r\u00e9 photographe De la lumi\u00e8re aux yeux\" class=\"wp-image-5405\" srcset=\"https:\/\/www.delalumiereauxyeux-photo.fr\/wp-content\/uploads\/2024\/04\/DSC_9139-1024x627.jpg 1024w, https:\/\/www.delalumiereauxyeux-photo.fr\/wp-content\/uploads\/2024\/04\/DSC_9139-300x184.jpg 300w, https:\/\/www.delalumiereauxyeux-photo.fr\/wp-content\/uploads\/2024\/04\/DSC_9139-768x471.jpg 768w, https:\/\/www.delalumiereauxyeux-photo.fr\/wp-content\/uploads\/2024\/04\/DSC_9139-1536x941.jpg 1536w, https:\/\/www.delalumiereauxyeux-photo.fr\/wp-content\/uploads\/2024\/04\/DSC_9139-2048x1255.jpg 2048w\" sizes=\"(max-width: 1024px) 100vw, 1024px\" \/><\/figure>\n\n\n\n<figure class=\"wp-block-image size-large\"><img loading=\"lazy\" decoding=\"async\" width=\"1024\" height=\"656\" src=\"http:\/\/www.delalumiereauxyeux-photo.fr\/wp-content\/uploads\/2024\/04\/DSC_9172-1024x656.jpg\" alt=\"37e Rallye Autocourse de Bl\u00e9r\u00e9 photographe De la lumi\u00e8re aux yeux\" class=\"wp-image-5320\" srcset=\"https:\/\/www.delalumiereauxyeux-photo.fr\/wp-content\/uploads\/2024\/04\/DSC_9172-1024x656.jpg 1024w, https:\/\/www.delalumiereauxyeux-photo.fr\/wp-content\/uploads\/2024\/04\/DSC_9172-300x192.jpg 300w, https:\/\/www.delalumiereauxyeux-photo.fr\/wp-content\/uploads\/2024\/04\/DSC_9172-768x492.jpg 768w, https:\/\/www.delalumiereauxyeux-photo.fr\/wp-content\/uploads\/2024\/04\/DSC_9172-1536x985.jpg 1536w, https:\/\/www.delalumiereauxyeux-photo.fr\/wp-content\/uploads\/2024\/04\/DSC_9172-2048x1313.jpg 2048w\" sizes=\"(max-width: 1024px) 100vw, 1024px\" \/><\/figure>\n\n\n\n<figure class=\"wp-block-image size-large\"><img loading=\"lazy\" decoding=\"async\" width=\"1024\" height=\"683\" src=\"http:\/\/www.delalumiereauxyeux-photo.fr\/wp-content\/uploads\/2024\/04\/DSC_9173-1024x683.jpg\" alt=\"37e Rallye Autocourse de Bl\u00e9r\u00e9 photographe De la lumi\u00e8re aux yeux\" class=\"wp-image-5321\" srcset=\"https:\/\/www.delalumiereauxyeux-photo.fr\/wp-content\/uploads\/2024\/04\/DSC_9173-1024x683.jpg 1024w, https:\/\/www.delalumiereauxyeux-photo.fr\/wp-content\/uploads\/2024\/04\/DSC_9173-300x200.jpg 300w, https:\/\/www.delalumiereauxyeux-photo.fr\/wp-content\/uploads\/2024\/04\/DSC_9173-768x512.jpg 768w, https:\/\/www.delalumiereauxyeux-photo.fr\/wp-content\/uploads\/2024\/04\/DSC_9173-1536x1024.jpg 1536w, https:\/\/www.delalumiereauxyeux-photo.fr\/wp-content\/uploads\/2024\/04\/DSC_9173-2048x1365.jpg 2048w\" sizes=\"(max-width: 1024px) 100vw, 1024px\" \/><\/figure>\n\n\n\n<figure class=\"wp-block-image size-large\"><img loading=\"lazy\" decoding=\"async\" width=\"1024\" height=\"683\" src=\"http:\/\/www.delalumiereauxyeux-photo.fr\/wp-content\/uploads\/2024\/04\/DSC_9183-2-1024x683.jpg\" alt=\"37e Rallye Autocourse de Bl\u00e9r\u00e9 photographe De la lumi\u00e8re aux yeux\" class=\"wp-image-5322\" srcset=\"https:\/\/www.delalumiereauxyeux-photo.fr\/wp-content\/uploads\/2024\/04\/DSC_9183-2-1024x683.jpg 1024w, https:\/\/www.delalumiereauxyeux-photo.fr\/wp-content\/uploads\/2024\/04\/DSC_9183-2-300x200.jpg 300w, https:\/\/www.delalumiereauxyeux-photo.fr\/wp-content\/uploads\/2024\/04\/DSC_9183-2-768x512.jpg 768w, https:\/\/www.delalumiereauxyeux-photo.fr\/wp-content\/uploads\/2024\/04\/DSC_9183-2-1536x1024.jpg 1536w, https:\/\/www.delalumiereauxyeux-photo.fr\/wp-content\/uploads\/2024\/04\/DSC_9183-2-2048x1365.jpg 2048w\" sizes=\"(max-width: 1024px) 100vw, 1024px\" \/><\/figure>\n\n\n\n<p>Christopher Maublant DV&rsquo;SportAuto \u00e9tait pr\u00e9sent au parc ferm\u00e9 afin de vous pr\u00e9senter la conduite pour les personnes aveugles et\/ou malvoyantes.<\/p>\n\n\n\n<figure class=\"wp-block-image size-large\"><img loading=\"lazy\" decoding=\"async\" width=\"1024\" height=\"419\" src=\"http:\/\/www.delalumiereauxyeux-photo.fr\/wp-content\/uploads\/2024\/04\/DSC_9184C-1-1024x419.jpg\" alt=\"37e Rallye Autocourse de Bl\u00e9r\u00e9 photographe De la lumi\u00e8re aux yeux\" class=\"wp-image-5323\" srcset=\"https:\/\/www.delalumiereauxyeux-photo.fr\/wp-content\/uploads\/2024\/04\/DSC_9184C-1-1024x419.jpg 1024w, https:\/\/www.delalumiereauxyeux-photo.fr\/wp-content\/uploads\/2024\/04\/DSC_9184C-1-300x123.jpg 300w, https:\/\/www.delalumiereauxyeux-photo.fr\/wp-content\/uploads\/2024\/04\/DSC_9184C-1-768x314.jpg 768w, https:\/\/www.delalumiereauxyeux-photo.fr\/wp-content\/uploads\/2024\/04\/DSC_9184C-1-1536x628.jpg 1536w, https:\/\/www.delalumiereauxyeux-photo.fr\/wp-content\/uploads\/2024\/04\/DSC_9184C-1-2048x837.jpg 2048w\" sizes=\"(max-width: 1024px) 100vw, 1024px\" \/><\/figure>\n\n\n\n<figure class=\"wp-block-image size-large\"><img loading=\"lazy\" decoding=\"async\" width=\"1024\" height=\"649\" src=\"http:\/\/www.delalumiereauxyeux-photo.fr\/wp-content\/uploads\/2024\/04\/DSC_9186C-1024x649.jpg\" alt=\"37e Rallye Autocourse de Bl\u00e9r\u00e9 photographe De la lumi\u00e8re aux yeux\" class=\"wp-image-5324\" srcset=\"https:\/\/www.delalumiereauxyeux-photo.fr\/wp-content\/uploads\/2024\/04\/DSC_9186C-1024x649.jpg 1024w, https:\/\/www.delalumiereauxyeux-photo.fr\/wp-content\/uploads\/2024\/04\/DSC_9186C-300x190.jpg 300w, https:\/\/www.delalumiereauxyeux-photo.fr\/wp-content\/uploads\/2024\/04\/DSC_9186C-768x487.jpg 768w, https:\/\/www.delalumiereauxyeux-photo.fr\/wp-content\/uploads\/2024\/04\/DSC_9186C-1536x974.jpg 1536w, https:\/\/www.delalumiereauxyeux-photo.fr\/wp-content\/uploads\/2024\/04\/DSC_9186C-2048x1299.jpg 2048w\" sizes=\"(max-width: 1024px) 100vw, 1024px\" \/><\/figure>\n\n\n\n<p>ES 1<\/p>\n\n\n\n<figure class=\"wp-block-image size-large\"><img loading=\"lazy\" decoding=\"async\" width=\"1024\" height=\"734\" src=\"http:\/\/www.delalumiereauxyeux-photo.fr\/wp-content\/uploads\/2024\/04\/DSC_0008-2-1024x734.jpg\" alt=\"37e Rallye Autocourse de Bl\u00e9r\u00e9 photographe De la lumi\u00e8re aux yeux\" class=\"wp-image-5349\" srcset=\"https:\/\/www.delalumiereauxyeux-photo.fr\/wp-content\/uploads\/2024\/04\/DSC_0008-2-1024x734.jpg 1024w, https:\/\/www.delalumiereauxyeux-photo.fr\/wp-content\/uploads\/2024\/04\/DSC_0008-2-300x215.jpg 300w, https:\/\/www.delalumiereauxyeux-photo.fr\/wp-content\/uploads\/2024\/04\/DSC_0008-2-768x551.jpg 768w, https:\/\/www.delalumiereauxyeux-photo.fr\/wp-content\/uploads\/2024\/04\/DSC_0008-2-1536x1101.jpg 1536w, https:\/\/www.delalumiereauxyeux-photo.fr\/wp-content\/uploads\/2024\/04\/DSC_0008-2-2048x1468.jpg 2048w\" sizes=\"(max-width: 1024px) 100vw, 1024px\" \/><\/figure>\n\n\n\n<figure class=\"wp-block-image size-large\"><img loading=\"lazy\" decoding=\"async\" width=\"1024\" height=\"583\" src=\"http:\/\/www.delalumiereauxyeux-photo.fr\/wp-content\/uploads\/2024\/04\/DSC_0009-2-1024x583.jpg\" alt=\"37e Rallye Autocourse de Bl\u00e9r\u00e9 photographe De la lumi\u00e8re aux yeux\" class=\"wp-image-5350\" srcset=\"https:\/\/www.delalumiereauxyeux-photo.fr\/wp-content\/uploads\/2024\/04\/DSC_0009-2-1024x583.jpg 1024w, https:\/\/www.delalumiereauxyeux-photo.fr\/wp-content\/uploads\/2024\/04\/DSC_0009-2-300x171.jpg 300w, https:\/\/www.delalumiereauxyeux-photo.fr\/wp-content\/uploads\/2024\/04\/DSC_0009-2-768x437.jpg 768w, https:\/\/www.delalumiereauxyeux-photo.fr\/wp-content\/uploads\/2024\/04\/DSC_0009-2-1536x874.jpg 1536w, https:\/\/www.delalumiereauxyeux-photo.fr\/wp-content\/uploads\/2024\/04\/DSC_0009-2-2048x1166.jpg 2048w\" sizes=\"(max-width: 1024px) 100vw, 1024px\" \/><\/figure>\n\n\n\n<figure class=\"wp-block-image size-large\"><img loading=\"lazy\" decoding=\"async\" width=\"1024\" height=\"698\" src=\"http:\/\/www.delalumiereauxyeux-photo.fr\/wp-content\/uploads\/2024\/04\/DSC_0013-2-1024x698.jpg\" alt=\"37e Rallye Autocourse de Bl\u00e9r\u00e9 photographe De la lumi\u00e8re aux yeux\" class=\"wp-image-5319\" srcset=\"https:\/\/www.delalumiereauxyeux-photo.fr\/wp-content\/uploads\/2024\/04\/DSC_0013-2-1024x698.jpg 1024w, https:\/\/www.delalumiereauxyeux-photo.fr\/wp-content\/uploads\/2024\/04\/DSC_0013-2-300x205.jpg 300w, https:\/\/www.delalumiereauxyeux-photo.fr\/wp-content\/uploads\/2024\/04\/DSC_0013-2-768x524.jpg 768w, https:\/\/www.delalumiereauxyeux-photo.fr\/wp-content\/uploads\/2024\/04\/DSC_0013-2-1536x1047.jpg 1536w, https:\/\/www.delalumiereauxyeux-photo.fr\/wp-content\/uploads\/2024\/04\/DSC_0013-2-2048x1396.jpg 2048w\" sizes=\"(max-width: 1024px) 100vw, 1024px\" \/><\/figure>\n\n\n\n<figure class=\"wp-block-image size-large\"><img loading=\"lazy\" decoding=\"async\" width=\"1024\" height=\"675\" src=\"http:\/\/www.delalumiereauxyeux-photo.fr\/wp-content\/uploads\/2024\/04\/DSC_0010-1024x675.jpg\" alt=\"37e Rallye Autocourse de Bl\u00e9r\u00e9 photographe De la lumi\u00e8re aux yeux\" class=\"wp-image-5353\" srcset=\"https:\/\/www.delalumiereauxyeux-photo.fr\/wp-content\/uploads\/2024\/04\/DSC_0010-1024x675.jpg 1024w, https:\/\/www.delalumiereauxyeux-photo.fr\/wp-content\/uploads\/2024\/04\/DSC_0010-300x198.jpg 300w, https:\/\/www.delalumiereauxyeux-photo.fr\/wp-content\/uploads\/2024\/04\/DSC_0010-768x507.jpg 768w, https:\/\/www.delalumiereauxyeux-photo.fr\/wp-content\/uploads\/2024\/04\/DSC_0010-1536x1013.jpg 1536w, https:\/\/www.delalumiereauxyeux-photo.fr\/wp-content\/uploads\/2024\/04\/DSC_0010-2048x1351.jpg 2048w\" sizes=\"(max-width: 1024px) 100vw, 1024px\" \/><\/figure>\n\n\n\n<figure class=\"wp-block-image size-large\"><img loading=\"lazy\" decoding=\"async\" width=\"1024\" height=\"614\" src=\"http:\/\/www.delalumiereauxyeux-photo.fr\/wp-content\/uploads\/2024\/04\/DSC_0015-1024x614.jpg\" alt=\"37e Rallye Autocourse de Bl\u00e9r\u00e9 photographe De la lumi\u00e8re aux yeux\" class=\"wp-image-5356\" srcset=\"https:\/\/www.delalumiereauxyeux-photo.fr\/wp-content\/uploads\/2024\/04\/DSC_0015-1024x614.jpg 1024w, https:\/\/www.delalumiereauxyeux-photo.fr\/wp-content\/uploads\/2024\/04\/DSC_0015-300x180.jpg 300w, https:\/\/www.delalumiereauxyeux-photo.fr\/wp-content\/uploads\/2024\/04\/DSC_0015-768x461.jpg 768w, https:\/\/www.delalumiereauxyeux-photo.fr\/wp-content\/uploads\/2024\/04\/DSC_0015-1536x922.jpg 1536w, https:\/\/www.delalumiereauxyeux-photo.fr\/wp-content\/uploads\/2024\/04\/DSC_0015-2048x1229.jpg 2048w\" sizes=\"(max-width: 1024px) 100vw, 1024px\" \/><\/figure>\n\n\n\n<figure class=\"wp-block-image size-large\"><img loading=\"lazy\" decoding=\"async\" width=\"1024\" height=\"465\" src=\"http:\/\/www.delalumiereauxyeux-photo.fr\/wp-content\/uploads\/2024\/04\/DSC_0017-2-1024x465.jpg\" alt=\"37e Rallye Autocourse de Bl\u00e9r\u00e9 photographe De la lumi\u00e8re aux yeux\" class=\"wp-image-5357\" srcset=\"https:\/\/www.delalumiereauxyeux-photo.fr\/wp-content\/uploads\/2024\/04\/DSC_0017-2-1024x465.jpg 1024w, https:\/\/www.delalumiereauxyeux-photo.fr\/wp-content\/uploads\/2024\/04\/DSC_0017-2-300x136.jpg 300w, https:\/\/www.delalumiereauxyeux-photo.fr\/wp-content\/uploads\/2024\/04\/DSC_0017-2-768x349.jpg 768w, https:\/\/www.delalumiereauxyeux-photo.fr\/wp-content\/uploads\/2024\/04\/DSC_0017-2-1536x698.jpg 1536w, https:\/\/www.delalumiereauxyeux-photo.fr\/wp-content\/uploads\/2024\/04\/DSC_0017-2-2048x930.jpg 2048w\" sizes=\"(max-width: 1024px) 100vw, 1024px\" \/><\/figure>\n\n\n\n<figure class=\"wp-block-image size-large\"><img loading=\"lazy\" decoding=\"async\" width=\"1024\" height=\"681\" src=\"http:\/\/www.delalumiereauxyeux-photo.fr\/wp-content\/uploads\/2024\/04\/DSC_0020-1024x681.jpg\" alt=\"37e Rallye Autocourse de Bl\u00e9r\u00e9 photographe De la lumi\u00e8re aux yeux\" class=\"wp-image-5359\" srcset=\"https:\/\/www.delalumiereauxyeux-photo.fr\/wp-content\/uploads\/2024\/04\/DSC_0020-1024x681.jpg 1024w, https:\/\/www.delalumiereauxyeux-photo.fr\/wp-content\/uploads\/2024\/04\/DSC_0020-300x200.jpg 300w, https:\/\/www.delalumiereauxyeux-photo.fr\/wp-content\/uploads\/2024\/04\/DSC_0020-768x511.jpg 768w, https:\/\/www.delalumiereauxyeux-photo.fr\/wp-content\/uploads\/2024\/04\/DSC_0020-1536x1022.jpg 1536w, https:\/\/www.delalumiereauxyeux-photo.fr\/wp-content\/uploads\/2024\/04\/DSC_0020-2048x1363.jpg 2048w\" sizes=\"(max-width: 1024px) 100vw, 1024px\" \/><\/figure>\n\n\n\n<figure class=\"wp-block-image size-large\"><img loading=\"lazy\" decoding=\"async\" width=\"1024\" height=\"578\" src=\"http:\/\/www.delalumiereauxyeux-photo.fr\/wp-content\/uploads\/2024\/04\/DSC_0032-1024x578.jpg\" alt=\"37e Rallye Autocourse de Bl\u00e9r\u00e9 photographe De la lumi\u00e8re aux yeux\" class=\"wp-image-5361\" srcset=\"https:\/\/www.delalumiereauxyeux-photo.fr\/wp-content\/uploads\/2024\/04\/DSC_0032-1024x578.jpg 1024w, https:\/\/www.delalumiereauxyeux-photo.fr\/wp-content\/uploads\/2024\/04\/DSC_0032-300x169.jpg 300w, https:\/\/www.delalumiereauxyeux-photo.fr\/wp-content\/uploads\/2024\/04\/DSC_0032-768x433.jpg 768w, https:\/\/www.delalumiereauxyeux-photo.fr\/wp-content\/uploads\/2024\/04\/DSC_0032-1536x867.jpg 1536w, https:\/\/www.delalumiereauxyeux-photo.fr\/wp-content\/uploads\/2024\/04\/DSC_0032-2048x1156.jpg 2048w\" sizes=\"(max-width: 1024px) 100vw, 1024px\" \/><\/figure>\n\n\n\n<figure class=\"wp-block-image size-large\"><img loading=\"lazy\" decoding=\"async\" width=\"1024\" height=\"576\" src=\"http:\/\/www.delalumiereauxyeux-photo.fr\/wp-content\/uploads\/2024\/04\/DSC_0034-1024x576.jpg\" alt=\"37e Rallye Autocourse de Bl\u00e9r\u00e9 photographe De la lumi\u00e8re aux yeux\" class=\"wp-image-5362\" srcset=\"https:\/\/www.delalumiereauxyeux-photo.fr\/wp-content\/uploads\/2024\/04\/DSC_0034-1024x576.jpg 1024w, https:\/\/www.delalumiereauxyeux-photo.fr\/wp-content\/uploads\/2024\/04\/DSC_0034-300x169.jpg 300w, https:\/\/www.delalumiereauxyeux-photo.fr\/wp-content\/uploads\/2024\/04\/DSC_0034-768x432.jpg 768w, https:\/\/www.delalumiereauxyeux-photo.fr\/wp-content\/uploads\/2024\/04\/DSC_0034-1536x865.jpg 1536w, https:\/\/www.delalumiereauxyeux-photo.fr\/wp-content\/uploads\/2024\/04\/DSC_0034-2048x1153.jpg 2048w\" sizes=\"(max-width: 1024px) 100vw, 1024px\" \/><\/figure>\n\n\n\n<figure class=\"wp-block-image size-large\"><img loading=\"lazy\" decoding=\"async\" width=\"1024\" height=\"683\" src=\"http:\/\/www.delalumiereauxyeux-photo.fr\/wp-content\/uploads\/2024\/04\/DSC_0043-1024x683.jpg\" alt=\"37e Rallye Autocourse de Bl\u00e9r\u00e9 photographe De la lumi\u00e8re aux yeux\" class=\"wp-image-5364\" srcset=\"https:\/\/www.delalumiereauxyeux-photo.fr\/wp-content\/uploads\/2024\/04\/DSC_0043-1024x683.jpg 1024w, https:\/\/www.delalumiereauxyeux-photo.fr\/wp-content\/uploads\/2024\/04\/DSC_0043-300x200.jpg 300w, https:\/\/www.delalumiereauxyeux-photo.fr\/wp-content\/uploads\/2024\/04\/DSC_0043-768x512.jpg 768w, https:\/\/www.delalumiereauxyeux-photo.fr\/wp-content\/uploads\/2024\/04\/DSC_0043-1536x1024.jpg 1536w, https:\/\/www.delalumiereauxyeux-photo.fr\/wp-content\/uploads\/2024\/04\/DSC_0043-2048x1365.jpg 2048w\" sizes=\"(max-width: 1024px) 100vw, 1024px\" \/><\/figure>\n\n\n\n<figure class=\"wp-block-image size-large\"><img loading=\"lazy\" decoding=\"async\" width=\"1024\" height=\"683\" src=\"http:\/\/www.delalumiereauxyeux-photo.fr\/wp-content\/uploads\/2024\/04\/DSC_0048-1024x683.jpg\" alt=\"37e Rallye Autocourse de Bl\u00e9r\u00e9 photographe De la lumi\u00e8re aux yeux\" class=\"wp-image-5366\" srcset=\"https:\/\/www.delalumiereauxyeux-photo.fr\/wp-content\/uploads\/2024\/04\/DSC_0048-1024x683.jpg 1024w, https:\/\/www.delalumiereauxyeux-photo.fr\/wp-content\/uploads\/2024\/04\/DSC_0048-300x200.jpg 300w, https:\/\/www.delalumiereauxyeux-photo.fr\/wp-content\/uploads\/2024\/04\/DSC_0048-768x512.jpg 768w, https:\/\/www.delalumiereauxyeux-photo.fr\/wp-content\/uploads\/2024\/04\/DSC_0048-1536x1024.jpg 1536w, https:\/\/www.delalumiereauxyeux-photo.fr\/wp-content\/uploads\/2024\/04\/DSC_0048-2048x1365.jpg 2048w\" sizes=\"(max-width: 1024px) 100vw, 1024px\" \/><\/figure>\n\n\n\n<figure class=\"wp-block-image size-large\"><img loading=\"lazy\" decoding=\"async\" width=\"1024\" height=\"575\" src=\"http:\/\/www.delalumiereauxyeux-photo.fr\/wp-content\/uploads\/2024\/04\/DSC_0061-1024x575.jpg\" alt=\"37e Rallye Autocourse de Bl\u00e9r\u00e9 photographe De la lumi\u00e8re aux yeux\" class=\"wp-image-5368\" srcset=\"https:\/\/www.delalumiereauxyeux-photo.fr\/wp-content\/uploads\/2024\/04\/DSC_0061-1024x575.jpg 1024w, https:\/\/www.delalumiereauxyeux-photo.fr\/wp-content\/uploads\/2024\/04\/DSC_0061-300x169.jpg 300w, https:\/\/www.delalumiereauxyeux-photo.fr\/wp-content\/uploads\/2024\/04\/DSC_0061-768x432.jpg 768w, https:\/\/www.delalumiereauxyeux-photo.fr\/wp-content\/uploads\/2024\/04\/DSC_0061-1536x863.jpg 1536w, https:\/\/www.delalumiereauxyeux-photo.fr\/wp-content\/uploads\/2024\/04\/DSC_0061-2048x1151.jpg 2048w\" sizes=\"(max-width: 1024px) 100vw, 1024px\" \/><\/figure>\n\n\n\n<figure class=\"wp-block-image size-large\"><img loading=\"lazy\" decoding=\"async\" width=\"1024\" height=\"683\" src=\"http:\/\/www.delalumiereauxyeux-photo.fr\/wp-content\/uploads\/2024\/04\/DSC_0062-1024x683.jpg\" alt=\"37e Rallye Autocourse de Bl\u00e9r\u00e9 photographe De la lumi\u00e8re aux yeux\" class=\"wp-image-5369\" srcset=\"https:\/\/www.delalumiereauxyeux-photo.fr\/wp-content\/uploads\/2024\/04\/DSC_0062-1024x683.jpg 1024w, https:\/\/www.delalumiereauxyeux-photo.fr\/wp-content\/uploads\/2024\/04\/DSC_0062-300x200.jpg 300w, https:\/\/www.delalumiereauxyeux-photo.fr\/wp-content\/uploads\/2024\/04\/DSC_0062-768x512.jpg 768w, https:\/\/www.delalumiereauxyeux-photo.fr\/wp-content\/uploads\/2024\/04\/DSC_0062-1536x1024.jpg 1536w, https:\/\/www.delalumiereauxyeux-photo.fr\/wp-content\/uploads\/2024\/04\/DSC_0062-2048x1365.jpg 2048w\" sizes=\"(max-width: 1024px) 100vw, 1024px\" \/><\/figure>\n\n\n\n<figure class=\"wp-block-image size-large\"><img loading=\"lazy\" decoding=\"async\" width=\"1024\" height=\"683\" src=\"http:\/\/www.delalumiereauxyeux-photo.fr\/wp-content\/uploads\/2024\/04\/DSC_0071-1024x683.jpg\" alt=\"37e Rallye Autocourse de Bl\u00e9r\u00e9 photographe De la lumi\u00e8re aux yeux\" class=\"wp-image-5371\" srcset=\"https:\/\/www.delalumiereauxyeux-photo.fr\/wp-content\/uploads\/2024\/04\/DSC_0071-1024x683.jpg 1024w, https:\/\/www.delalumiereauxyeux-photo.fr\/wp-content\/uploads\/2024\/04\/DSC_0071-300x200.jpg 300w, https:\/\/www.delalumiereauxyeux-photo.fr\/wp-content\/uploads\/2024\/04\/DSC_0071-768x512.jpg 768w, https:\/\/www.delalumiereauxyeux-photo.fr\/wp-content\/uploads\/2024\/04\/DSC_0071-1536x1024.jpg 1536w, https:\/\/www.delalumiereauxyeux-photo.fr\/wp-content\/uploads\/2024\/04\/DSC_0071-2048x1365.jpg 2048w\" sizes=\"(max-width: 1024px) 100vw, 1024px\" \/><\/figure>\n\n\n\n<figure class=\"wp-block-image size-large\"><img loading=\"lazy\" decoding=\"async\" width=\"1024\" height=\"641\" src=\"http:\/\/www.delalumiereauxyeux-photo.fr\/wp-content\/uploads\/2024\/04\/DSC_0074-2-1024x641.jpg\" alt=\"37e Rallye Autocourse de Bl\u00e9r\u00e9 photographe De la lumi\u00e8re aux yeux\" class=\"wp-image-5372\" srcset=\"https:\/\/www.delalumiereauxyeux-photo.fr\/wp-content\/uploads\/2024\/04\/DSC_0074-2-1024x641.jpg 1024w, https:\/\/www.delalumiereauxyeux-photo.fr\/wp-content\/uploads\/2024\/04\/DSC_0074-2-300x188.jpg 300w, https:\/\/www.delalumiereauxyeux-photo.fr\/wp-content\/uploads\/2024\/04\/DSC_0074-2-768x481.jpg 768w, https:\/\/www.delalumiereauxyeux-photo.fr\/wp-content\/uploads\/2024\/04\/DSC_0074-2-1536x961.jpg 1536w, https:\/\/www.delalumiereauxyeux-photo.fr\/wp-content\/uploads\/2024\/04\/DSC_0074-2-2048x1282.jpg 2048w\" sizes=\"(max-width: 1024px) 100vw, 1024px\" \/><\/figure>\n\n\n\n<figure class=\"wp-block-image size-large\"><img loading=\"lazy\" decoding=\"async\" width=\"1024\" height=\"517\" src=\"http:\/\/www.delalumiereauxyeux-photo.fr\/wp-content\/uploads\/2024\/04\/DSC_0089-1-1024x517.jpg\" alt=\"37e Rallye Autocourse de Bl\u00e9r\u00e9 photographe De la lumi\u00e8re aux yeux\" class=\"wp-image-5374\" srcset=\"https:\/\/www.delalumiereauxyeux-photo.fr\/wp-content\/uploads\/2024\/04\/DSC_0089-1-1024x517.jpg 1024w, https:\/\/www.delalumiereauxyeux-photo.fr\/wp-content\/uploads\/2024\/04\/DSC_0089-1-300x151.jpg 300w, https:\/\/www.delalumiereauxyeux-photo.fr\/wp-content\/uploads\/2024\/04\/DSC_0089-1-768x388.jpg 768w, https:\/\/www.delalumiereauxyeux-photo.fr\/wp-content\/uploads\/2024\/04\/DSC_0089-1-1536x775.jpg 1536w, https:\/\/www.delalumiereauxyeux-photo.fr\/wp-content\/uploads\/2024\/04\/DSC_0089-1-2048x1034.jpg 2048w\" sizes=\"(max-width: 1024px) 100vw, 1024px\" \/><\/figure>\n\n\n\n<figure class=\"wp-block-image size-large\"><img loading=\"lazy\" decoding=\"async\" width=\"1024\" height=\"683\" src=\"http:\/\/www.delalumiereauxyeux-photo.fr\/wp-content\/uploads\/2024\/04\/DSC_0094-1024x683.jpg\" alt=\"37e Rallye Autocourse de Bl\u00e9r\u00e9 photographe De la lumi\u00e8re aux yeux\" class=\"wp-image-5375\" srcset=\"https:\/\/www.delalumiereauxyeux-photo.fr\/wp-content\/uploads\/2024\/04\/DSC_0094-1024x683.jpg 1024w, https:\/\/www.delalumiereauxyeux-photo.fr\/wp-content\/uploads\/2024\/04\/DSC_0094-300x200.jpg 300w, https:\/\/www.delalumiereauxyeux-photo.fr\/wp-content\/uploads\/2024\/04\/DSC_0094-768x512.jpg 768w, https:\/\/www.delalumiereauxyeux-photo.fr\/wp-content\/uploads\/2024\/04\/DSC_0094-1536x1024.jpg 1536w, https:\/\/www.delalumiereauxyeux-photo.fr\/wp-content\/uploads\/2024\/04\/DSC_0094-2048x1365.jpg 2048w\" sizes=\"(max-width: 1024px) 100vw, 1024px\" \/><\/figure>\n\n\n\n<figure class=\"wp-block-image size-large\"><img loading=\"lazy\" decoding=\"async\" width=\"1024\" height=\"793\" src=\"http:\/\/www.delalumiereauxyeux-photo.fr\/wp-content\/uploads\/2024\/04\/DSC_0115-1024x793.jpg\" alt=\"37e Rallye Autocourse de Bl\u00e9r\u00e9 photographe De la lumi\u00e8re aux yeux\" class=\"wp-image-5377\" srcset=\"https:\/\/www.delalumiereauxyeux-photo.fr\/wp-content\/uploads\/2024\/04\/DSC_0115-1024x793.jpg 1024w, https:\/\/www.delalumiereauxyeux-photo.fr\/wp-content\/uploads\/2024\/04\/DSC_0115-300x232.jpg 300w, https:\/\/www.delalumiereauxyeux-photo.fr\/wp-content\/uploads\/2024\/04\/DSC_0115-768x594.jpg 768w, https:\/\/www.delalumiereauxyeux-photo.fr\/wp-content\/uploads\/2024\/04\/DSC_0115-1536x1189.jpg 1536w, https:\/\/www.delalumiereauxyeux-photo.fr\/wp-content\/uploads\/2024\/04\/DSC_0115-2048x1585.jpg 2048w\" sizes=\"(max-width: 1024px) 100vw, 1024px\" \/><\/figure>\n\n\n\n<figure class=\"wp-block-image size-large\"><img loading=\"lazy\" decoding=\"async\" width=\"1024\" height=\"590\" src=\"http:\/\/www.delalumiereauxyeux-photo.fr\/wp-content\/uploads\/2024\/04\/DSC_0123-1024x590.jpg\" alt=\"37e Rallye Autocourse de Bl\u00e9r\u00e9 photographe De la lumi\u00e8re aux yeux\" class=\"wp-image-5378\" srcset=\"https:\/\/www.delalumiereauxyeux-photo.fr\/wp-content\/uploads\/2024\/04\/DSC_0123-1024x590.jpg 1024w, https:\/\/www.delalumiereauxyeux-photo.fr\/wp-content\/uploads\/2024\/04\/DSC_0123-300x173.jpg 300w, https:\/\/www.delalumiereauxyeux-photo.fr\/wp-content\/uploads\/2024\/04\/DSC_0123-768x442.jpg 768w, https:\/\/www.delalumiereauxyeux-photo.fr\/wp-content\/uploads\/2024\/04\/DSC_0123-1536x884.jpg 1536w, https:\/\/www.delalumiereauxyeux-photo.fr\/wp-content\/uploads\/2024\/04\/DSC_0123-2048x1179.jpg 2048w\" sizes=\"(max-width: 1024px) 100vw, 1024px\" \/><\/figure>\n\n\n\n<figure class=\"wp-block-image size-large\"><img loading=\"lazy\" decoding=\"async\" width=\"1024\" height=\"683\" src=\"http:\/\/www.delalumiereauxyeux-photo.fr\/wp-content\/uploads\/2024\/04\/DSC_0173-1024x683.jpg\" alt=\"37e Rallye Autocourse de Bl\u00e9r\u00e9 photographe De la lumi\u00e8re aux yeux\" class=\"wp-image-5379\" srcset=\"https:\/\/www.delalumiereauxyeux-photo.fr\/wp-content\/uploads\/2024\/04\/DSC_0173-1024x683.jpg 1024w, https:\/\/www.delalumiereauxyeux-photo.fr\/wp-content\/uploads\/2024\/04\/DSC_0173-300x200.jpg 300w, https:\/\/www.delalumiereauxyeux-photo.fr\/wp-content\/uploads\/2024\/04\/DSC_0173-768x512.jpg 768w, https:\/\/www.delalumiereauxyeux-photo.fr\/wp-content\/uploads\/2024\/04\/DSC_0173-1536x1024.jpg 1536w, https:\/\/www.delalumiereauxyeux-photo.fr\/wp-content\/uploads\/2024\/04\/DSC_0173-2048x1365.jpg 2048w\" sizes=\"(max-width: 1024px) 100vw, 1024px\" \/><\/figure>\n\n\n\n<figure class=\"wp-block-image size-large\"><img loading=\"lazy\" decoding=\"async\" width=\"1024\" height=\"683\" src=\"http:\/\/www.delalumiereauxyeux-photo.fr\/wp-content\/uploads\/2024\/04\/DSC_0184-1024x683.jpg\" alt=\"37e Rallye Autocourse de Bl\u00e9r\u00e9 photographe De la lumi\u00e8re aux yeux\" class=\"wp-image-5380\" srcset=\"https:\/\/www.delalumiereauxyeux-photo.fr\/wp-content\/uploads\/2024\/04\/DSC_0184-1024x683.jpg 1024w, https:\/\/www.delalumiereauxyeux-photo.fr\/wp-content\/uploads\/2024\/04\/DSC_0184-300x200.jpg 300w, https:\/\/www.delalumiereauxyeux-photo.fr\/wp-content\/uploads\/2024\/04\/DSC_0184-768x512.jpg 768w, https:\/\/www.delalumiereauxyeux-photo.fr\/wp-content\/uploads\/2024\/04\/DSC_0184-1536x1024.jpg 1536w, https:\/\/www.delalumiereauxyeux-photo.fr\/wp-content\/uploads\/2024\/04\/DSC_0184-2048x1365.jpg 2048w\" sizes=\"(max-width: 1024px) 100vw, 1024px\" \/><\/figure>\n\n\n\n<figure class=\"wp-block-image size-large\"><img loading=\"lazy\" decoding=\"async\" width=\"1024\" height=\"811\" src=\"http:\/\/www.delalumiereauxyeux-photo.fr\/wp-content\/uploads\/2024\/04\/DSC_0192-1024x811.jpg\" alt=\"37e Rallye Autocourse de Bl\u00e9r\u00e9 photographe De la lumi\u00e8re aux yeux\" class=\"wp-image-5381\" srcset=\"https:\/\/www.delalumiereauxyeux-photo.fr\/wp-content\/uploads\/2024\/04\/DSC_0192-1024x811.jpg 1024w, https:\/\/www.delalumiereauxyeux-photo.fr\/wp-content\/uploads\/2024\/04\/DSC_0192-300x238.jpg 300w, https:\/\/www.delalumiereauxyeux-photo.fr\/wp-content\/uploads\/2024\/04\/DSC_0192-768x608.jpg 768w, https:\/\/www.delalumiereauxyeux-photo.fr\/wp-content\/uploads\/2024\/04\/DSC_0192-1536x1216.jpg 1536w, https:\/\/www.delalumiereauxyeux-photo.fr\/wp-content\/uploads\/2024\/04\/DSC_0192-2048x1622.jpg 2048w\" sizes=\"(max-width: 1024px) 100vw, 1024px\" \/><\/figure>\n\n\n\n<figure class=\"wp-block-image size-large\"><img loading=\"lazy\" decoding=\"async\" width=\"1024\" height=\"683\" src=\"http:\/\/www.delalumiereauxyeux-photo.fr\/wp-content\/uploads\/2024\/04\/DSC_0194-1024x683.jpg\" alt=\"37e Rallye Autocourse de Bl\u00e9r\u00e9 photographe De la lumi\u00e8re aux yeux\" class=\"wp-image-5382\" srcset=\"https:\/\/www.delalumiereauxyeux-photo.fr\/wp-content\/uploads\/2024\/04\/DSC_0194-1024x683.jpg 1024w, https:\/\/www.delalumiereauxyeux-photo.fr\/wp-content\/uploads\/2024\/04\/DSC_0194-300x200.jpg 300w, https:\/\/www.delalumiereauxyeux-photo.fr\/wp-content\/uploads\/2024\/04\/DSC_0194-768x512.jpg 768w, https:\/\/www.delalumiereauxyeux-photo.fr\/wp-content\/uploads\/2024\/04\/DSC_0194-1536x1024.jpg 1536w, https:\/\/www.delalumiereauxyeux-photo.fr\/wp-content\/uploads\/2024\/04\/DSC_0194-2048x1365.jpg 2048w\" sizes=\"(max-width: 1024px) 100vw, 1024px\" \/><\/figure>\n\n\n\n<figure class=\"wp-block-image size-large\"><img loading=\"lazy\" decoding=\"async\" width=\"1024\" height=\"563\" src=\"http:\/\/www.delalumiereauxyeux-photo.fr\/wp-content\/uploads\/2024\/04\/DSC_0200-1024x563.jpg\" alt=\"37e Rallye Autocourse de Bl\u00e9r\u00e9 photographe De la lumi\u00e8re aux yeux\" class=\"wp-image-5383\" srcset=\"https:\/\/www.delalumiereauxyeux-photo.fr\/wp-content\/uploads\/2024\/04\/DSC_0200-1024x563.jpg 1024w, https:\/\/www.delalumiereauxyeux-photo.fr\/wp-content\/uploads\/2024\/04\/DSC_0200-300x165.jpg 300w, https:\/\/www.delalumiereauxyeux-photo.fr\/wp-content\/uploads\/2024\/04\/DSC_0200-768x423.jpg 768w, https:\/\/www.delalumiereauxyeux-photo.fr\/wp-content\/uploads\/2024\/04\/DSC_0200-1536x845.jpg 1536w, https:\/\/www.delalumiereauxyeux-photo.fr\/wp-content\/uploads\/2024\/04\/DSC_0200-2048x1127.jpg 2048w\" sizes=\"(max-width: 1024px) 100vw, 1024px\" \/><\/figure>\n\n\n\n<figure class=\"wp-block-image size-large\"><img loading=\"lazy\" decoding=\"async\" width=\"1024\" height=\"683\" src=\"http:\/\/www.delalumiereauxyeux-photo.fr\/wp-content\/uploads\/2024\/04\/DSC_0210-1024x683.jpg\" alt=\"37e Rallye Autocourse de Bl\u00e9r\u00e9 photographe De la lumi\u00e8re aux yeux\" class=\"wp-image-5384\" srcset=\"https:\/\/www.delalumiereauxyeux-photo.fr\/wp-content\/uploads\/2024\/04\/DSC_0210-1024x683.jpg 1024w, https:\/\/www.delalumiereauxyeux-photo.fr\/wp-content\/uploads\/2024\/04\/DSC_0210-300x200.jpg 300w, https:\/\/www.delalumiereauxyeux-photo.fr\/wp-content\/uploads\/2024\/04\/DSC_0210-768x512.jpg 768w, https:\/\/www.delalumiereauxyeux-photo.fr\/wp-content\/uploads\/2024\/04\/DSC_0210-1536x1024.jpg 1536w, https:\/\/www.delalumiereauxyeux-photo.fr\/wp-content\/uploads\/2024\/04\/DSC_0210-2048x1365.jpg 2048w\" sizes=\"(max-width: 1024px) 100vw, 1024px\" \/><\/figure>\n\n\n\n<figure class=\"wp-block-image size-large\"><img loading=\"lazy\" decoding=\"async\" width=\"1024\" height=\"510\" src=\"http:\/\/www.delalumiereauxyeux-photo.fr\/wp-content\/uploads\/2024\/04\/DSC_0216-1024x510.jpg\" alt=\"37e Rallye Autocourse de Bl\u00e9r\u00e9 photographe De la lumi\u00e8re aux yeux\" class=\"wp-image-5386\" srcset=\"https:\/\/www.delalumiereauxyeux-photo.fr\/wp-content\/uploads\/2024\/04\/DSC_0216-1024x510.jpg 1024w, https:\/\/www.delalumiereauxyeux-photo.fr\/wp-content\/uploads\/2024\/04\/DSC_0216-300x149.jpg 300w, https:\/\/www.delalumiereauxyeux-photo.fr\/wp-content\/uploads\/2024\/04\/DSC_0216-768x382.jpg 768w, https:\/\/www.delalumiereauxyeux-photo.fr\/wp-content\/uploads\/2024\/04\/DSC_0216-1536x764.jpg 1536w, https:\/\/www.delalumiereauxyeux-photo.fr\/wp-content\/uploads\/2024\/04\/DSC_0216-2048x1019.jpg 2048w\" sizes=\"(max-width: 1024px) 100vw, 1024px\" \/><\/figure>\n\n\n\n<figure class=\"wp-block-image size-large\"><img loading=\"lazy\" decoding=\"async\" width=\"1024\" height=\"659\" src=\"http:\/\/www.delalumiereauxyeux-photo.fr\/wp-content\/uploads\/2024\/04\/DSC_0220-1024x659.jpg\" alt=\"37e Rallye Autocourse de Bl\u00e9r\u00e9 photographe De la lumi\u00e8re aux yeux\" class=\"wp-image-5387\" srcset=\"https:\/\/www.delalumiereauxyeux-photo.fr\/wp-content\/uploads\/2024\/04\/DSC_0220-1024x659.jpg 1024w, https:\/\/www.delalumiereauxyeux-photo.fr\/wp-content\/uploads\/2024\/04\/DSC_0220-300x193.jpg 300w, https:\/\/www.delalumiereauxyeux-photo.fr\/wp-content\/uploads\/2024\/04\/DSC_0220-768x494.jpg 768w, https:\/\/www.delalumiereauxyeux-photo.fr\/wp-content\/uploads\/2024\/04\/DSC_0220-1536x988.jpg 1536w, https:\/\/www.delalumiereauxyeux-photo.fr\/wp-content\/uploads\/2024\/04\/DSC_0220-2048x1317.jpg 2048w\" sizes=\"(max-width: 1024px) 100vw, 1024px\" \/><\/figure>\n\n\n\n<figure class=\"wp-block-image size-large\"><img loading=\"lazy\" decoding=\"async\" width=\"1024\" height=\"543\" src=\"http:\/\/www.delalumiereauxyeux-photo.fr\/wp-content\/uploads\/2024\/04\/DSC_0230-2-1024x543.jpg\" alt=\"37e Rallye Autocourse de Bl\u00e9r\u00e9 photographe De la lumi\u00e8re aux yeux\" class=\"wp-image-5388\" srcset=\"https:\/\/www.delalumiereauxyeux-photo.fr\/wp-content\/uploads\/2024\/04\/DSC_0230-2-1024x543.jpg 1024w, https:\/\/www.delalumiereauxyeux-photo.fr\/wp-content\/uploads\/2024\/04\/DSC_0230-2-300x159.jpg 300w, https:\/\/www.delalumiereauxyeux-photo.fr\/wp-content\/uploads\/2024\/04\/DSC_0230-2-768x407.jpg 768w, https:\/\/www.delalumiereauxyeux-photo.fr\/wp-content\/uploads\/2024\/04\/DSC_0230-2-1536x814.jpg 1536w, https:\/\/www.delalumiereauxyeux-photo.fr\/wp-content\/uploads\/2024\/04\/DSC_0230-2-2048x1086.jpg 2048w\" sizes=\"(max-width: 1024px) 100vw, 1024px\" \/><\/figure>\n\n\n\n<figure class=\"wp-block-image size-large\"><img loading=\"lazy\" decoding=\"async\" width=\"1024\" height=\"683\" src=\"http:\/\/www.delalumiereauxyeux-photo.fr\/wp-content\/uploads\/2024\/04\/DSC_0024-1024x683.jpg\" alt=\"37e Rallye Autocourse de Bl\u00e9r\u00e9 photographe De la lumi\u00e8re aux yeux\" class=\"wp-image-5407\" srcset=\"https:\/\/www.delalumiereauxyeux-photo.fr\/wp-content\/uploads\/2024\/04\/DSC_0024-1024x683.jpg 1024w, https:\/\/www.delalumiereauxyeux-photo.fr\/wp-content\/uploads\/2024\/04\/DSC_0024-300x200.jpg 300w, https:\/\/www.delalumiereauxyeux-photo.fr\/wp-content\/uploads\/2024\/04\/DSC_0024-768x512.jpg 768w, https:\/\/www.delalumiereauxyeux-photo.fr\/wp-content\/uploads\/2024\/04\/DSC_0024-1536x1024.jpg 1536w, https:\/\/www.delalumiereauxyeux-photo.fr\/wp-content\/uploads\/2024\/04\/DSC_0024-2048x1365.jpg 2048w\" sizes=\"(max-width: 1024px) 100vw, 1024px\" \/><\/figure>\n\n\n\n<figure class=\"wp-block-image size-large\"><img loading=\"lazy\" decoding=\"async\" width=\"1024\" height=\"487\" src=\"http:\/\/www.delalumiereauxyeux-photo.fr\/wp-content\/uploads\/2024\/04\/DSC_9222-2-1024x487.jpg\" alt=\"37e Rallye Autocourse de Bl\u00e9r\u00e9 photographe De la lumi\u00e8re aux yeux\" class=\"wp-image-5325\" srcset=\"https:\/\/www.delalumiereauxyeux-photo.fr\/wp-content\/uploads\/2024\/04\/DSC_9222-2-1024x487.jpg 1024w, https:\/\/www.delalumiereauxyeux-photo.fr\/wp-content\/uploads\/2024\/04\/DSC_9222-2-300x143.jpg 300w, https:\/\/www.delalumiereauxyeux-photo.fr\/wp-content\/uploads\/2024\/04\/DSC_9222-2-768x365.jpg 768w, https:\/\/www.delalumiereauxyeux-photo.fr\/wp-content\/uploads\/2024\/04\/DSC_9222-2-1536x730.jpg 1536w, https:\/\/www.delalumiereauxyeux-photo.fr\/wp-content\/uploads\/2024\/04\/DSC_9222-2-2048x974.jpg 2048w\" sizes=\"(max-width: 1024px) 100vw, 1024px\" \/><\/figure>\n\n\n\n<figure class=\"wp-block-image size-large\"><img loading=\"lazy\" decoding=\"async\" width=\"1024\" height=\"654\" src=\"http:\/\/www.delalumiereauxyeux-photo.fr\/wp-content\/uploads\/2024\/04\/DSC_9224-1024x654.jpg\" alt=\"37e Rallye Autocourse de Bl\u00e9r\u00e9 photographe De la lumi\u00e8re aux yeux\" class=\"wp-image-5326\" srcset=\"https:\/\/www.delalumiereauxyeux-photo.fr\/wp-content\/uploads\/2024\/04\/DSC_9224-1024x654.jpg 1024w, https:\/\/www.delalumiereauxyeux-photo.fr\/wp-content\/uploads\/2024\/04\/DSC_9224-300x192.jpg 300w, https:\/\/www.delalumiereauxyeux-photo.fr\/wp-content\/uploads\/2024\/04\/DSC_9224-768x490.jpg 768w, https:\/\/www.delalumiereauxyeux-photo.fr\/wp-content\/uploads\/2024\/04\/DSC_9224-1536x981.jpg 1536w, https:\/\/www.delalumiereauxyeux-photo.fr\/wp-content\/uploads\/2024\/04\/DSC_9224-2048x1308.jpg 2048w\" sizes=\"(max-width: 1024px) 100vw, 1024px\" \/><\/figure>\n\n\n\n<figure class=\"wp-block-image size-large\"><img loading=\"lazy\" decoding=\"async\" width=\"1024\" height=\"711\" src=\"http:\/\/www.delalumiereauxyeux-photo.fr\/wp-content\/uploads\/2024\/04\/DSC_9228-1024x711.jpg\" alt=\"37e Rallye Autocourse de Bl\u00e9r\u00e9 photographe De la lumi\u00e8re aux yeux\" class=\"wp-image-5327\" srcset=\"https:\/\/www.delalumiereauxyeux-photo.fr\/wp-content\/uploads\/2024\/04\/DSC_9228-1024x711.jpg 1024w, https:\/\/www.delalumiereauxyeux-photo.fr\/wp-content\/uploads\/2024\/04\/DSC_9228-300x208.jpg 300w, https:\/\/www.delalumiereauxyeux-photo.fr\/wp-content\/uploads\/2024\/04\/DSC_9228-768x533.jpg 768w, https:\/\/www.delalumiereauxyeux-photo.fr\/wp-content\/uploads\/2024\/04\/DSC_9228-1536x1066.jpg 1536w, https:\/\/www.delalumiereauxyeux-photo.fr\/wp-content\/uploads\/2024\/04\/DSC_9228-2048x1422.jpg 2048w\" sizes=\"(max-width: 1024px) 100vw, 1024px\" \/><\/figure>\n\n\n\n<figure class=\"wp-block-image size-large\"><img loading=\"lazy\" decoding=\"async\" width=\"1024\" height=\"604\" src=\"http:\/\/www.delalumiereauxyeux-photo.fr\/wp-content\/uploads\/2024\/04\/DSC_9229-2-1024x604.jpg\" alt=\"37e Rallye Autocourse de Bl\u00e9r\u00e9 photographe De la lumi\u00e8re aux yeux\" class=\"wp-image-5328\" srcset=\"https:\/\/www.delalumiereauxyeux-photo.fr\/wp-content\/uploads\/2024\/04\/DSC_9229-2-1024x604.jpg 1024w, https:\/\/www.delalumiereauxyeux-photo.fr\/wp-content\/uploads\/2024\/04\/DSC_9229-2-300x177.jpg 300w, https:\/\/www.delalumiereauxyeux-photo.fr\/wp-content\/uploads\/2024\/04\/DSC_9229-2-768x453.jpg 768w, https:\/\/www.delalumiereauxyeux-photo.fr\/wp-content\/uploads\/2024\/04\/DSC_9229-2-1536x905.jpg 1536w, https:\/\/www.delalumiereauxyeux-photo.fr\/wp-content\/uploads\/2024\/04\/DSC_9229-2-2048x1207.jpg 2048w\" sizes=\"(max-width: 1024px) 100vw, 1024px\" \/><\/figure>\n\n\n\n<figure class=\"wp-block-image size-large\"><img loading=\"lazy\" decoding=\"async\" width=\"1024\" height=\"521\" src=\"http:\/\/www.delalumiereauxyeux-photo.fr\/wp-content\/uploads\/2024\/04\/DSC_9232-1024x521.jpg\" alt=\"37e Rallye Autocourse de Bl\u00e9r\u00e9 photographe De la lumi\u00e8re aux yeux\" class=\"wp-image-5329\" srcset=\"https:\/\/www.delalumiereauxyeux-photo.fr\/wp-content\/uploads\/2024\/04\/DSC_9232-1024x521.jpg 1024w, https:\/\/www.delalumiereauxyeux-photo.fr\/wp-content\/uploads\/2024\/04\/DSC_9232-300x153.jpg 300w, https:\/\/www.delalumiereauxyeux-photo.fr\/wp-content\/uploads\/2024\/04\/DSC_9232-768x391.jpg 768w, https:\/\/www.delalumiereauxyeux-photo.fr\/wp-content\/uploads\/2024\/04\/DSC_9232-1536x782.jpg 1536w, https:\/\/www.delalumiereauxyeux-photo.fr\/wp-content\/uploads\/2024\/04\/DSC_9232-2048x1042.jpg 2048w\" sizes=\"(max-width: 1024px) 100vw, 1024px\" \/><\/figure>\n\n\n\n<figure class=\"wp-block-image size-large\"><img loading=\"lazy\" decoding=\"async\" width=\"1024\" height=\"532\" src=\"http:\/\/www.delalumiereauxyeux-photo.fr\/wp-content\/uploads\/2024\/04\/DSC_9233-2-1024x532.jpg\" alt=\"37e Rallye Autocourse de Bl\u00e9r\u00e9 photographe De la lumi\u00e8re aux yeux\" class=\"wp-image-5330\" srcset=\"https:\/\/www.delalumiereauxyeux-photo.fr\/wp-content\/uploads\/2024\/04\/DSC_9233-2-1024x532.jpg 1024w, https:\/\/www.delalumiereauxyeux-photo.fr\/wp-content\/uploads\/2024\/04\/DSC_9233-2-300x156.jpg 300w, https:\/\/www.delalumiereauxyeux-photo.fr\/wp-content\/uploads\/2024\/04\/DSC_9233-2-768x399.jpg 768w, https:\/\/www.delalumiereauxyeux-photo.fr\/wp-content\/uploads\/2024\/04\/DSC_9233-2-1536x798.jpg 1536w, https:\/\/www.delalumiereauxyeux-photo.fr\/wp-content\/uploads\/2024\/04\/DSC_9233-2-2048x1064.jpg 2048w\" sizes=\"(max-width: 1024px) 100vw, 1024px\" \/><\/figure>\n\n\n\n<figure class=\"wp-block-image size-large\"><img loading=\"lazy\" decoding=\"async\" width=\"1024\" height=\"772\" src=\"http:\/\/www.delalumiereauxyeux-photo.fr\/wp-content\/uploads\/2024\/04\/DSC_9236-1024x772.jpg\" alt=\"37e Rallye Autocourse de Bl\u00e9r\u00e9 photographe De la lumi\u00e8re aux yeux\" class=\"wp-image-5331\" srcset=\"https:\/\/www.delalumiereauxyeux-photo.fr\/wp-content\/uploads\/2024\/04\/DSC_9236-1024x772.jpg 1024w, https:\/\/www.delalumiereauxyeux-photo.fr\/wp-content\/uploads\/2024\/04\/DSC_9236-300x226.jpg 300w, https:\/\/www.delalumiereauxyeux-photo.fr\/wp-content\/uploads\/2024\/04\/DSC_9236-768x579.jpg 768w, https:\/\/www.delalumiereauxyeux-photo.fr\/wp-content\/uploads\/2024\/04\/DSC_9236-1536x1159.jpg 1536w, https:\/\/www.delalumiereauxyeux-photo.fr\/wp-content\/uploads\/2024\/04\/DSC_9236-2048x1545.jpg 2048w\" sizes=\"(max-width: 1024px) 100vw, 1024px\" \/><\/figure>\n\n\n\n<figure class=\"wp-block-image size-large\"><img loading=\"lazy\" decoding=\"async\" width=\"1024\" height=\"585\" src=\"http:\/\/www.delalumiereauxyeux-photo.fr\/wp-content\/uploads\/2024\/04\/DSC_9244-1024x585.jpg\" alt=\"37e Rallye Autocourse de Bl\u00e9r\u00e9 photographe De la lumi\u00e8re aux yeux\" class=\"wp-image-5332\" srcset=\"https:\/\/www.delalumiereauxyeux-photo.fr\/wp-content\/uploads\/2024\/04\/DSC_9244-1024x585.jpg 1024w, https:\/\/www.delalumiereauxyeux-photo.fr\/wp-content\/uploads\/2024\/04\/DSC_9244-300x171.jpg 300w, https:\/\/www.delalumiereauxyeux-photo.fr\/wp-content\/uploads\/2024\/04\/DSC_9244-768x438.jpg 768w, https:\/\/www.delalumiereauxyeux-photo.fr\/wp-content\/uploads\/2024\/04\/DSC_9244-1536x877.jpg 1536w, https:\/\/www.delalumiereauxyeux-photo.fr\/wp-content\/uploads\/2024\/04\/DSC_9244-2048x1169.jpg 2048w\" sizes=\"(max-width: 1024px) 100vw, 1024px\" \/><\/figure>\n\n\n\n<figure class=\"wp-block-image size-large\"><img loading=\"lazy\" decoding=\"async\" width=\"1024\" height=\"560\" src=\"http:\/\/www.delalumiereauxyeux-photo.fr\/wp-content\/uploads\/2024\/04\/DSC_9249-2-1024x560.jpg\" alt=\"37e Rallye Autocourse de Bl\u00e9r\u00e9 photographe De la lumi\u00e8re aux yeux\" class=\"wp-image-5333\" srcset=\"https:\/\/www.delalumiereauxyeux-photo.fr\/wp-content\/uploads\/2024\/04\/DSC_9249-2-1024x560.jpg 1024w, https:\/\/www.delalumiereauxyeux-photo.fr\/wp-content\/uploads\/2024\/04\/DSC_9249-2-300x164.jpg 300w, https:\/\/www.delalumiereauxyeux-photo.fr\/wp-content\/uploads\/2024\/04\/DSC_9249-2-768x420.jpg 768w, https:\/\/www.delalumiereauxyeux-photo.fr\/wp-content\/uploads\/2024\/04\/DSC_9249-2-1536x840.jpg 1536w, https:\/\/www.delalumiereauxyeux-photo.fr\/wp-content\/uploads\/2024\/04\/DSC_9249-2-2048x1120.jpg 2048w\" sizes=\"(max-width: 1024px) 100vw, 1024px\" \/><\/figure>\n\n\n\n<figure class=\"wp-block-image size-large\"><img loading=\"lazy\" decoding=\"async\" width=\"1024\" height=\"612\" src=\"http:\/\/www.delalumiereauxyeux-photo.fr\/wp-content\/uploads\/2024\/04\/DSC_9251-1024x612.jpg\" alt=\"37e Rallye Autocourse de Bl\u00e9r\u00e9 photographe De la lumi\u00e8re aux yeux\" class=\"wp-image-5334\" srcset=\"https:\/\/www.delalumiereauxyeux-photo.fr\/wp-content\/uploads\/2024\/04\/DSC_9251-1024x612.jpg 1024w, https:\/\/www.delalumiereauxyeux-photo.fr\/wp-content\/uploads\/2024\/04\/DSC_9251-300x179.jpg 300w, https:\/\/www.delalumiereauxyeux-photo.fr\/wp-content\/uploads\/2024\/04\/DSC_9251-768x459.jpg 768w, https:\/\/www.delalumiereauxyeux-photo.fr\/wp-content\/uploads\/2024\/04\/DSC_9251-1536x918.jpg 1536w, https:\/\/www.delalumiereauxyeux-photo.fr\/wp-content\/uploads\/2024\/04\/DSC_9251-2048x1224.jpg 2048w\" sizes=\"(max-width: 1024px) 100vw, 1024px\" \/><\/figure>\n\n\n\n<figure class=\"wp-block-image size-large\"><img loading=\"lazy\" decoding=\"async\" width=\"1024\" height=\"634\" src=\"http:\/\/www.delalumiereauxyeux-photo.fr\/wp-content\/uploads\/2024\/04\/DSC_9254-2-1024x634.jpg\" alt=\"37e Rallye Autocourse de Bl\u00e9r\u00e9 photographe De la lumi\u00e8re aux yeux\" class=\"wp-image-5335\" srcset=\"https:\/\/www.delalumiereauxyeux-photo.fr\/wp-content\/uploads\/2024\/04\/DSC_9254-2-1024x634.jpg 1024w, https:\/\/www.delalumiereauxyeux-photo.fr\/wp-content\/uploads\/2024\/04\/DSC_9254-2-300x186.jpg 300w, https:\/\/www.delalumiereauxyeux-photo.fr\/wp-content\/uploads\/2024\/04\/DSC_9254-2-768x476.jpg 768w, https:\/\/www.delalumiereauxyeux-photo.fr\/wp-content\/uploads\/2024\/04\/DSC_9254-2-1536x952.jpg 1536w, https:\/\/www.delalumiereauxyeux-photo.fr\/wp-content\/uploads\/2024\/04\/DSC_9254-2-2048x1269.jpg 2048w\" sizes=\"(max-width: 1024px) 100vw, 1024px\" \/><\/figure>\n\n\n\n<figure class=\"wp-block-image size-large\"><img loading=\"lazy\" decoding=\"async\" width=\"1024\" height=\"700\" src=\"http:\/\/www.delalumiereauxyeux-photo.fr\/wp-content\/uploads\/2024\/04\/DSC_9256-2-1024x700.jpg\" alt=\"37e Rallye Autocourse de Bl\u00e9r\u00e9 photographe De la lumi\u00e8re aux yeux\" class=\"wp-image-5336\" srcset=\"https:\/\/www.delalumiereauxyeux-photo.fr\/wp-content\/uploads\/2024\/04\/DSC_9256-2-1024x700.jpg 1024w, https:\/\/www.delalumiereauxyeux-photo.fr\/wp-content\/uploads\/2024\/04\/DSC_9256-2-300x205.jpg 300w, https:\/\/www.delalumiereauxyeux-photo.fr\/wp-content\/uploads\/2024\/04\/DSC_9256-2-768x525.jpg 768w, https:\/\/www.delalumiereauxyeux-photo.fr\/wp-content\/uploads\/2024\/04\/DSC_9256-2-1536x1050.jpg 1536w, https:\/\/www.delalumiereauxyeux-photo.fr\/wp-content\/uploads\/2024\/04\/DSC_9256-2-2048x1400.jpg 2048w\" sizes=\"(max-width: 1024px) 100vw, 1024px\" \/><\/figure>\n\n\n\n<figure class=\"wp-block-image size-large\"><img loading=\"lazy\" decoding=\"async\" width=\"1024\" height=\"855\" src=\"http:\/\/www.delalumiereauxyeux-photo.fr\/wp-content\/uploads\/2024\/04\/DSC_9260-1024x855.jpg\" alt=\"37e Rallye Autocourse de Bl\u00e9r\u00e9 photographe De la lumi\u00e8re aux yeux\" class=\"wp-image-5337\" srcset=\"https:\/\/www.delalumiereauxyeux-photo.fr\/wp-content\/uploads\/2024\/04\/DSC_9260-1024x855.jpg 1024w, https:\/\/www.delalumiereauxyeux-photo.fr\/wp-content\/uploads\/2024\/04\/DSC_9260-300x251.jpg 300w, https:\/\/www.delalumiereauxyeux-photo.fr\/wp-content\/uploads\/2024\/04\/DSC_9260-768x641.jpg 768w, https:\/\/www.delalumiereauxyeux-photo.fr\/wp-content\/uploads\/2024\/04\/DSC_9260-1536x1283.jpg 1536w, https:\/\/www.delalumiereauxyeux-photo.fr\/wp-content\/uploads\/2024\/04\/DSC_9260-2048x1710.jpg 2048w\" sizes=\"(max-width: 1024px) 100vw, 1024px\" \/><\/figure>\n\n\n\n<figure class=\"wp-block-image size-large\"><img loading=\"lazy\" decoding=\"async\" width=\"1024\" height=\"873\" src=\"http:\/\/www.delalumiereauxyeux-photo.fr\/wp-content\/uploads\/2024\/04\/DSC_9262-1024x873.jpg\" alt=\"37e Rallye Autocourse de Bl\u00e9r\u00e9 photographe De la lumi\u00e8re aux yeux\" class=\"wp-image-5338\" srcset=\"https:\/\/www.delalumiereauxyeux-photo.fr\/wp-content\/uploads\/2024\/04\/DSC_9262-1024x873.jpg 1024w, https:\/\/www.delalumiereauxyeux-photo.fr\/wp-content\/uploads\/2024\/04\/DSC_9262-300x256.jpg 300w, https:\/\/www.delalumiereauxyeux-photo.fr\/wp-content\/uploads\/2024\/04\/DSC_9262-768x655.jpg 768w, https:\/\/www.delalumiereauxyeux-photo.fr\/wp-content\/uploads\/2024\/04\/DSC_9262-1536x1310.jpg 1536w, https:\/\/www.delalumiereauxyeux-photo.fr\/wp-content\/uploads\/2024\/04\/DSC_9262-2048x1746.jpg 2048w\" sizes=\"(max-width: 1024px) 100vw, 1024px\" \/><\/figure>\n\n\n\n<figure class=\"wp-block-image size-large\"><img loading=\"lazy\" decoding=\"async\" width=\"1024\" height=\"601\" src=\"http:\/\/www.delalumiereauxyeux-photo.fr\/wp-content\/uploads\/2024\/04\/DSC_9263-1024x601.jpg\" alt=\"37e Rallye Autocourse de Bl\u00e9r\u00e9 photographe De la lumi\u00e8re aux yeux\" class=\"wp-image-5339\" srcset=\"https:\/\/www.delalumiereauxyeux-photo.fr\/wp-content\/uploads\/2024\/04\/DSC_9263-1024x601.jpg 1024w, https:\/\/www.delalumiereauxyeux-photo.fr\/wp-content\/uploads\/2024\/04\/DSC_9263-300x176.jpg 300w, https:\/\/www.delalumiereauxyeux-photo.fr\/wp-content\/uploads\/2024\/04\/DSC_9263-768x451.jpg 768w, https:\/\/www.delalumiereauxyeux-photo.fr\/wp-content\/uploads\/2024\/04\/DSC_9263-1536x902.jpg 1536w, https:\/\/www.delalumiereauxyeux-photo.fr\/wp-content\/uploads\/2024\/04\/DSC_9263-2048x1202.jpg 2048w\" sizes=\"(max-width: 1024px) 100vw, 1024px\" \/><\/figure>\n\n\n\n<figure class=\"wp-block-image size-large\"><img loading=\"lazy\" decoding=\"async\" width=\"1024\" height=\"764\" src=\"http:\/\/www.delalumiereauxyeux-photo.fr\/wp-content\/uploads\/2024\/04\/DSC_9265-2-1024x764.jpg\" alt=\"37e Rallye Autocourse de Bl\u00e9r\u00e9 photographe De la lumi\u00e8re aux yeux\" class=\"wp-image-5340\" srcset=\"https:\/\/www.delalumiereauxyeux-photo.fr\/wp-content\/uploads\/2024\/04\/DSC_9265-2-1024x764.jpg 1024w, https:\/\/www.delalumiereauxyeux-photo.fr\/wp-content\/uploads\/2024\/04\/DSC_9265-2-300x224.jpg 300w, https:\/\/www.delalumiereauxyeux-photo.fr\/wp-content\/uploads\/2024\/04\/DSC_9265-2-768x573.jpg 768w, https:\/\/www.delalumiereauxyeux-photo.fr\/wp-content\/uploads\/2024\/04\/DSC_9265-2-1536x1146.jpg 1536w, https:\/\/www.delalumiereauxyeux-photo.fr\/wp-content\/uploads\/2024\/04\/DSC_9265-2-2048x1528.jpg 2048w\" sizes=\"(max-width: 1024px) 100vw, 1024px\" \/><\/figure>\n\n\n\n<figure class=\"wp-block-image size-large\"><img loading=\"lazy\" decoding=\"async\" width=\"1024\" height=\"683\" src=\"http:\/\/www.delalumiereauxyeux-photo.fr\/wp-content\/uploads\/2024\/04\/DSC_9267-1024x683.jpg\" alt=\"37e Rallye Autocourse de Bl\u00e9r\u00e9 photographe De la lumi\u00e8re aux yeux\" class=\"wp-image-5341\" srcset=\"https:\/\/www.delalumiereauxyeux-photo.fr\/wp-content\/uploads\/2024\/04\/DSC_9267-1024x683.jpg 1024w, https:\/\/www.delalumiereauxyeux-photo.fr\/wp-content\/uploads\/2024\/04\/DSC_9267-300x200.jpg 300w, https:\/\/www.delalumiereauxyeux-photo.fr\/wp-content\/uploads\/2024\/04\/DSC_9267-768x512.jpg 768w, https:\/\/www.delalumiereauxyeux-photo.fr\/wp-content\/uploads\/2024\/04\/DSC_9267-1536x1024.jpg 1536w, https:\/\/www.delalumiereauxyeux-photo.fr\/wp-content\/uploads\/2024\/04\/DSC_9267-2048x1365.jpg 2048w\" sizes=\"(max-width: 1024px) 100vw, 1024px\" \/><\/figure>\n\n\n\n<figure class=\"wp-block-image size-large\"><img loading=\"lazy\" decoding=\"async\" width=\"1024\" height=\"683\" src=\"http:\/\/www.delalumiereauxyeux-photo.fr\/wp-content\/uploads\/2024\/04\/DSC_9282-1024x683.jpg\" alt=\"37e Rallye Autocourse de Bl\u00e9r\u00e9 photographe De la lumi\u00e8re aux yeux\" class=\"wp-image-5342\" srcset=\"https:\/\/www.delalumiereauxyeux-photo.fr\/wp-content\/uploads\/2024\/04\/DSC_9282-1024x683.jpg 1024w, https:\/\/www.delalumiereauxyeux-photo.fr\/wp-content\/uploads\/2024\/04\/DSC_9282-300x200.jpg 300w, https:\/\/www.delalumiereauxyeux-photo.fr\/wp-content\/uploads\/2024\/04\/DSC_9282-768x512.jpg 768w, https:\/\/www.delalumiereauxyeux-photo.fr\/wp-content\/uploads\/2024\/04\/DSC_9282-1536x1024.jpg 1536w, https:\/\/www.delalumiereauxyeux-photo.fr\/wp-content\/uploads\/2024\/04\/DSC_9282-2048x1365.jpg 2048w\" sizes=\"(max-width: 1024px) 100vw, 1024px\" \/><\/figure>\n\n\n\n<figure class=\"wp-block-image size-large\"><img loading=\"lazy\" decoding=\"async\" width=\"1024\" height=\"683\" src=\"http:\/\/www.delalumiereauxyeux-photo.fr\/wp-content\/uploads\/2024\/04\/DSC_9288-1024x683.jpg\" alt=\"37e Rallye Autocourse de Bl\u00e9r\u00e9 photographe De la lumi\u00e8re aux yeux\" class=\"wp-image-5343\" srcset=\"https:\/\/www.delalumiereauxyeux-photo.fr\/wp-content\/uploads\/2024\/04\/DSC_9288-1024x683.jpg 1024w, https:\/\/www.delalumiereauxyeux-photo.fr\/wp-content\/uploads\/2024\/04\/DSC_9288-300x200.jpg 300w, https:\/\/www.delalumiereauxyeux-photo.fr\/wp-content\/uploads\/2024\/04\/DSC_9288-768x512.jpg 768w, https:\/\/www.delalumiereauxyeux-photo.fr\/wp-content\/uploads\/2024\/04\/DSC_9288-1536x1024.jpg 1536w, https:\/\/www.delalumiereauxyeux-photo.fr\/wp-content\/uploads\/2024\/04\/DSC_9288-2048x1365.jpg 2048w\" sizes=\"(max-width: 1024px) 100vw, 1024px\" \/><\/figure>\n\n\n\n<figure class=\"wp-block-image size-large\"><img loading=\"lazy\" decoding=\"async\" width=\"1024\" height=\"683\" src=\"http:\/\/www.delalumiereauxyeux-photo.fr\/wp-content\/uploads\/2024\/04\/DSC_9294-1024x683.jpg\" alt=\"37e Rallye Autocourse de Bl\u00e9r\u00e9 photographe De la lumi\u00e8re aux yeux\" class=\"wp-image-5344\" srcset=\"https:\/\/www.delalumiereauxyeux-photo.fr\/wp-content\/uploads\/2024\/04\/DSC_9294-1024x683.jpg 1024w, https:\/\/www.delalumiereauxyeux-photo.fr\/wp-content\/uploads\/2024\/04\/DSC_9294-300x200.jpg 300w, https:\/\/www.delalumiereauxyeux-photo.fr\/wp-content\/uploads\/2024\/04\/DSC_9294-768x512.jpg 768w, https:\/\/www.delalumiereauxyeux-photo.fr\/wp-content\/uploads\/2024\/04\/DSC_9294-1536x1024.jpg 1536w, https:\/\/www.delalumiereauxyeux-photo.fr\/wp-content\/uploads\/2024\/04\/DSC_9294-2048x1365.jpg 2048w\" sizes=\"(max-width: 1024px) 100vw, 1024px\" \/><\/figure>\n\n\n\n<figure class=\"wp-block-image size-large\"><img loading=\"lazy\" decoding=\"async\" width=\"1024\" height=\"683\" src=\"http:\/\/www.delalumiereauxyeux-photo.fr\/wp-content\/uploads\/2024\/04\/DSC_9297-1024x683.jpg\" alt=\"37e Rallye Autocourse de Bl\u00e9r\u00e9 photographe De la lumi\u00e8re aux yeux\" class=\"wp-image-5345\" srcset=\"https:\/\/www.delalumiereauxyeux-photo.fr\/wp-content\/uploads\/2024\/04\/DSC_9297-1024x683.jpg 1024w, https:\/\/www.delalumiereauxyeux-photo.fr\/wp-content\/uploads\/2024\/04\/DSC_9297-300x200.jpg 300w, https:\/\/www.delalumiereauxyeux-photo.fr\/wp-content\/uploads\/2024\/04\/DSC_9297-768x512.jpg 768w, https:\/\/www.delalumiereauxyeux-photo.fr\/wp-content\/uploads\/2024\/04\/DSC_9297-1536x1024.jpg 1536w, https:\/\/www.delalumiereauxyeux-photo.fr\/wp-content\/uploads\/2024\/04\/DSC_9297-2048x1365.jpg 2048w\" sizes=\"(max-width: 1024px) 100vw, 1024px\" \/><\/figure>\n\n\n\n<figure class=\"wp-block-image size-large\"><img loading=\"lazy\" decoding=\"async\" width=\"1024\" height=\"683\" src=\"http:\/\/www.delalumiereauxyeux-photo.fr\/wp-content\/uploads\/2024\/04\/DSC_9350-1024x683.jpg\" alt=\"37e Rallye Autocourse de Bl\u00e9r\u00e9 photographe De la lumi\u00e8re aux yeux\" class=\"wp-image-5346\" srcset=\"https:\/\/www.delalumiereauxyeux-photo.fr\/wp-content\/uploads\/2024\/04\/DSC_9350-1024x683.jpg 1024w, https:\/\/www.delalumiereauxyeux-photo.fr\/wp-content\/uploads\/2024\/04\/DSC_9350-300x200.jpg 300w, https:\/\/www.delalumiereauxyeux-photo.fr\/wp-content\/uploads\/2024\/04\/DSC_9350-768x512.jpg 768w, https:\/\/www.delalumiereauxyeux-photo.fr\/wp-content\/uploads\/2024\/04\/DSC_9350-1536x1024.jpg 1536w, https:\/\/www.delalumiereauxyeux-photo.fr\/wp-content\/uploads\/2024\/04\/DSC_9350-2048x1365.jpg 2048w\" sizes=\"(max-width: 1024px) 100vw, 1024px\" \/><\/figure>\n\n\n\n<figure class=\"wp-block-image size-large\"><img loading=\"lazy\" decoding=\"async\" width=\"1024\" height=\"683\" src=\"http:\/\/www.delalumiereauxyeux-photo.fr\/wp-content\/uploads\/2024\/04\/DSC_9372-1024x683.jpg\" alt=\"37e Rallye Autocourse de Bl\u00e9r\u00e9 photographe De la lumi\u00e8re aux yeux\" class=\"wp-image-5347\" srcset=\"https:\/\/www.delalumiereauxyeux-photo.fr\/wp-content\/uploads\/2024\/04\/DSC_9372-1024x683.jpg 1024w, https:\/\/www.delalumiereauxyeux-photo.fr\/wp-content\/uploads\/2024\/04\/DSC_9372-300x200.jpg 300w, https:\/\/www.delalumiereauxyeux-photo.fr\/wp-content\/uploads\/2024\/04\/DSC_9372-768x512.jpg 768w, https:\/\/www.delalumiereauxyeux-photo.fr\/wp-content\/uploads\/2024\/04\/DSC_9372-1536x1024.jpg 1536w, https:\/\/www.delalumiereauxyeux-photo.fr\/wp-content\/uploads\/2024\/04\/DSC_9372-2048x1365.jpg 2048w\" sizes=\"(max-width: 1024px) 100vw, 1024px\" \/><\/figure>\n\n\n\n<figure class=\"wp-block-image size-large\"><img loading=\"lazy\" decoding=\"async\" width=\"1024\" height=\"683\" src=\"http:\/\/www.delalumiereauxyeux-photo.fr\/wp-content\/uploads\/2024\/04\/DSC_9393-1024x683.jpg\" alt=\"37e Rallye Autocourse de Bl\u00e9r\u00e9 photographe De la lumi\u00e8re aux yeux\" class=\"wp-image-5348\" srcset=\"https:\/\/www.delalumiereauxyeux-photo.fr\/wp-content\/uploads\/2024\/04\/DSC_9393-1024x683.jpg 1024w, https:\/\/www.delalumiereauxyeux-photo.fr\/wp-content\/uploads\/2024\/04\/DSC_9393-300x200.jpg 300w, https:\/\/www.delalumiereauxyeux-photo.fr\/wp-content\/uploads\/2024\/04\/DSC_9393-768x512.jpg 768w, https:\/\/www.delalumiereauxyeux-photo.fr\/wp-content\/uploads\/2024\/04\/DSC_9393-1536x1024.jpg 1536w, https:\/\/www.delalumiereauxyeux-photo.fr\/wp-content\/uploads\/2024\/04\/DSC_9393-2048x1365.jpg 2048w\" sizes=\"(max-width: 1024px) 100vw, 1024px\" \/><\/figure>\n\n\n\n<figure class=\"wp-block-image size-large\"><img loading=\"lazy\" decoding=\"async\" width=\"1024\" height=\"683\" src=\"http:\/\/www.delalumiereauxyeux-photo.fr\/wp-content\/uploads\/2024\/04\/DSC_9446-1024x683.jpg\" alt=\"37e Rallye Autocourse de Bl\u00e9r\u00e9 photographe De la lumi\u00e8re aux yeux\" class=\"wp-image-5351\" srcset=\"https:\/\/www.delalumiereauxyeux-photo.fr\/wp-content\/uploads\/2024\/04\/DSC_9446-1024x683.jpg 1024w, https:\/\/www.delalumiereauxyeux-photo.fr\/wp-content\/uploads\/2024\/04\/DSC_9446-300x200.jpg 300w, https:\/\/www.delalumiereauxyeux-photo.fr\/wp-content\/uploads\/2024\/04\/DSC_9446-768x512.jpg 768w, https:\/\/www.delalumiereauxyeux-photo.fr\/wp-content\/uploads\/2024\/04\/DSC_9446-1536x1024.jpg 1536w, https:\/\/www.delalumiereauxyeux-photo.fr\/wp-content\/uploads\/2024\/04\/DSC_9446-2048x1365.jpg 2048w\" sizes=\"(max-width: 1024px) 100vw, 1024px\" \/><\/figure>\n\n\n\n<figure class=\"wp-block-image size-large\"><img loading=\"lazy\" decoding=\"async\" width=\"1024\" height=\"683\" src=\"http:\/\/www.delalumiereauxyeux-photo.fr\/wp-content\/uploads\/2024\/04\/DSC_9462-1024x683.jpg\" alt=\"37e Rallye Autocourse de Bl\u00e9r\u00e9 photographe De la lumi\u00e8re aux yeux\" class=\"wp-image-5352\" srcset=\"https:\/\/www.delalumiereauxyeux-photo.fr\/wp-content\/uploads\/2024\/04\/DSC_9462-1024x683.jpg 1024w, https:\/\/www.delalumiereauxyeux-photo.fr\/wp-content\/uploads\/2024\/04\/DSC_9462-300x200.jpg 300w, https:\/\/www.delalumiereauxyeux-photo.fr\/wp-content\/uploads\/2024\/04\/DSC_9462-768x512.jpg 768w, https:\/\/www.delalumiereauxyeux-photo.fr\/wp-content\/uploads\/2024\/04\/DSC_9462-1536x1024.jpg 1536w, https:\/\/www.delalumiereauxyeux-photo.fr\/wp-content\/uploads\/2024\/04\/DSC_9462-2048x1365.jpg 2048w\" sizes=\"(max-width: 1024px) 100vw, 1024px\" \/><\/figure>\n\n\n\n<figure class=\"wp-block-image size-large\"><img loading=\"lazy\" decoding=\"async\" width=\"1024\" height=\"683\" src=\"http:\/\/www.delalumiereauxyeux-photo.fr\/wp-content\/uploads\/2024\/04\/DSC_9499-1024x683.jpg\" alt=\"37e Rallye Autocourse de Bl\u00e9r\u00e9 photographe De la lumi\u00e8re aux yeux\" class=\"wp-image-5355\" srcset=\"https:\/\/www.delalumiereauxyeux-photo.fr\/wp-content\/uploads\/2024\/04\/DSC_9499-1024x683.jpg 1024w, https:\/\/www.delalumiereauxyeux-photo.fr\/wp-content\/uploads\/2024\/04\/DSC_9499-300x200.jpg 300w, https:\/\/www.delalumiereauxyeux-photo.fr\/wp-content\/uploads\/2024\/04\/DSC_9499-768x512.jpg 768w, https:\/\/www.delalumiereauxyeux-photo.fr\/wp-content\/uploads\/2024\/04\/DSC_9499-1536x1024.jpg 1536w, https:\/\/www.delalumiereauxyeux-photo.fr\/wp-content\/uploads\/2024\/04\/DSC_9499-2048x1365.jpg 2048w\" sizes=\"(max-width: 1024px) 100vw, 1024px\" \/><\/figure>\n\n\n\n<figure class=\"wp-block-image size-large\"><img loading=\"lazy\" decoding=\"async\" width=\"1024\" height=\"683\" src=\"http:\/\/www.delalumiereauxyeux-photo.fr\/wp-content\/uploads\/2024\/04\/DSC_9517-1024x683.jpg\" alt=\"37e Rallye Autocourse de Bl\u00e9r\u00e9 photographe De la lumi\u00e8re aux yeux\" class=\"wp-image-5358\" srcset=\"https:\/\/www.delalumiereauxyeux-photo.fr\/wp-content\/uploads\/2024\/04\/DSC_9517-1024x683.jpg 1024w, https:\/\/www.delalumiereauxyeux-photo.fr\/wp-content\/uploads\/2024\/04\/DSC_9517-300x200.jpg 300w, https:\/\/www.delalumiereauxyeux-photo.fr\/wp-content\/uploads\/2024\/04\/DSC_9517-768x512.jpg 768w, https:\/\/www.delalumiereauxyeux-photo.fr\/wp-content\/uploads\/2024\/04\/DSC_9517-1536x1024.jpg 1536w, https:\/\/www.delalumiereauxyeux-photo.fr\/wp-content\/uploads\/2024\/04\/DSC_9517-2048x1365.jpg 2048w\" sizes=\"(max-width: 1024px) 100vw, 1024px\" \/><\/figure>\n\n\n\n<figure class=\"wp-block-image size-large\"><img loading=\"lazy\" decoding=\"async\" width=\"1024\" height=\"683\" src=\"http:\/\/www.delalumiereauxyeux-photo.fr\/wp-content\/uploads\/2024\/04\/DSC_9553-1024x683.jpg\" alt=\"37e Rallye Autocourse de Bl\u00e9r\u00e9 photographe De la lumi\u00e8re aux yeux\" class=\"wp-image-5360\" srcset=\"https:\/\/www.delalumiereauxyeux-photo.fr\/wp-content\/uploads\/2024\/04\/DSC_9553-1024x683.jpg 1024w, https:\/\/www.delalumiereauxyeux-photo.fr\/wp-content\/uploads\/2024\/04\/DSC_9553-300x200.jpg 300w, https:\/\/www.delalumiereauxyeux-photo.fr\/wp-content\/uploads\/2024\/04\/DSC_9553-768x512.jpg 768w, https:\/\/www.delalumiereauxyeux-photo.fr\/wp-content\/uploads\/2024\/04\/DSC_9553-1536x1024.jpg 1536w, https:\/\/www.delalumiereauxyeux-photo.fr\/wp-content\/uploads\/2024\/04\/DSC_9553-2048x1365.jpg 2048w\" sizes=\"(max-width: 1024px) 100vw, 1024px\" \/><\/figure>\n\n\n\n<figure class=\"wp-block-image size-large\"><img loading=\"lazy\" decoding=\"async\" width=\"1024\" height=\"683\" src=\"http:\/\/www.delalumiereauxyeux-photo.fr\/wp-content\/uploads\/2024\/04\/DSC_9605-1024x683.jpg\" alt=\"37e Rallye Autocourse de Bl\u00e9r\u00e9 photographe De la lumi\u00e8re aux yeux\" class=\"wp-image-5363\" srcset=\"https:\/\/www.delalumiereauxyeux-photo.fr\/wp-content\/uploads\/2024\/04\/DSC_9605-1024x683.jpg 1024w, https:\/\/www.delalumiereauxyeux-photo.fr\/wp-content\/uploads\/2024\/04\/DSC_9605-300x200.jpg 300w, https:\/\/www.delalumiereauxyeux-photo.fr\/wp-content\/uploads\/2024\/04\/DSC_9605-768x512.jpg 768w, https:\/\/www.delalumiereauxyeux-photo.fr\/wp-content\/uploads\/2024\/04\/DSC_9605-1536x1024.jpg 1536w, https:\/\/www.delalumiereauxyeux-photo.fr\/wp-content\/uploads\/2024\/04\/DSC_9605-2048x1365.jpg 2048w\" sizes=\"(max-width: 1024px) 100vw, 1024px\" \/><\/figure>\n\n\n\n<figure class=\"wp-block-image size-large\"><img loading=\"lazy\" decoding=\"async\" width=\"1024\" height=\"683\" src=\"http:\/\/www.delalumiereauxyeux-photo.fr\/wp-content\/uploads\/2024\/04\/DSC_9631-1024x683.jpg\" alt=\"37e Rallye Autocourse de Bl\u00e9r\u00e9 photographe De la lumi\u00e8re aux yeux\" class=\"wp-image-5365\" srcset=\"https:\/\/www.delalumiereauxyeux-photo.fr\/wp-content\/uploads\/2024\/04\/DSC_9631-1024x683.jpg 1024w, https:\/\/www.delalumiereauxyeux-photo.fr\/wp-content\/uploads\/2024\/04\/DSC_9631-300x200.jpg 300w, https:\/\/www.delalumiereauxyeux-photo.fr\/wp-content\/uploads\/2024\/04\/DSC_9631-768x512.jpg 768w, https:\/\/www.delalumiereauxyeux-photo.fr\/wp-content\/uploads\/2024\/04\/DSC_9631-1536x1024.jpg 1536w, https:\/\/www.delalumiereauxyeux-photo.fr\/wp-content\/uploads\/2024\/04\/DSC_9631-2048x1365.jpg 2048w\" sizes=\"(max-width: 1024px) 100vw, 1024px\" \/><\/figure>\n\n\n\n<figure class=\"wp-block-image size-large\"><img loading=\"lazy\" decoding=\"async\" width=\"1024\" height=\"683\" src=\"http:\/\/www.delalumiereauxyeux-photo.fr\/wp-content\/uploads\/2024\/04\/DSC_9662-1024x683.jpg\" alt=\"37e Rallye Autocourse de Bl\u00e9r\u00e9 photographe De la lumi\u00e8re aux yeux\" class=\"wp-image-5367\" srcset=\"https:\/\/www.delalumiereauxyeux-photo.fr\/wp-content\/uploads\/2024\/04\/DSC_9662-1024x683.jpg 1024w, https:\/\/www.delalumiereauxyeux-photo.fr\/wp-content\/uploads\/2024\/04\/DSC_9662-300x200.jpg 300w, https:\/\/www.delalumiereauxyeux-photo.fr\/wp-content\/uploads\/2024\/04\/DSC_9662-768x512.jpg 768w, https:\/\/www.delalumiereauxyeux-photo.fr\/wp-content\/uploads\/2024\/04\/DSC_9662-1536x1024.jpg 1536w, https:\/\/www.delalumiereauxyeux-photo.fr\/wp-content\/uploads\/2024\/04\/DSC_9662-2048x1365.jpg 2048w\" sizes=\"(max-width: 1024px) 100vw, 1024px\" \/><\/figure>\n\n\n\n<figure class=\"wp-block-image size-large\"><img loading=\"lazy\" decoding=\"async\" width=\"1024\" height=\"683\" src=\"http:\/\/www.delalumiereauxyeux-photo.fr\/wp-content\/uploads\/2024\/04\/DSC_9703-1024x683.jpg\" alt=\"37e Rallye Autocourse de Bl\u00e9r\u00e9 photographe De la lumi\u00e8re aux yeux\" class=\"wp-image-5370\" srcset=\"https:\/\/www.delalumiereauxyeux-photo.fr\/wp-content\/uploads\/2024\/04\/DSC_9703-1024x683.jpg 1024w, https:\/\/www.delalumiereauxyeux-photo.fr\/wp-content\/uploads\/2024\/04\/DSC_9703-300x200.jpg 300w, https:\/\/www.delalumiereauxyeux-photo.fr\/wp-content\/uploads\/2024\/04\/DSC_9703-768x512.jpg 768w, https:\/\/www.delalumiereauxyeux-photo.fr\/wp-content\/uploads\/2024\/04\/DSC_9703-1536x1024.jpg 1536w, https:\/\/www.delalumiereauxyeux-photo.fr\/wp-content\/uploads\/2024\/04\/DSC_9703-2048x1365.jpg 2048w\" sizes=\"(max-width: 1024px) 100vw, 1024px\" \/><\/figure>\n\n\n\n<figure class=\"wp-block-image size-large\"><img loading=\"lazy\" decoding=\"async\" width=\"1024\" height=\"650\" src=\"http:\/\/www.delalumiereauxyeux-photo.fr\/wp-content\/uploads\/2024\/04\/DSC_9712-2-1024x650.jpg\" alt=\"37e Rallye Autocourse de Bl\u00e9r\u00e9 photographe De la lumi\u00e8re aux yeux\" class=\"wp-image-5413\" srcset=\"https:\/\/www.delalumiereauxyeux-photo.fr\/wp-content\/uploads\/2024\/04\/DSC_9712-2-1024x650.jpg 1024w, https:\/\/www.delalumiereauxyeux-photo.fr\/wp-content\/uploads\/2024\/04\/DSC_9712-2-300x190.jpg 300w, https:\/\/www.delalumiereauxyeux-photo.fr\/wp-content\/uploads\/2024\/04\/DSC_9712-2-768x487.jpg 768w, https:\/\/www.delalumiereauxyeux-photo.fr\/wp-content\/uploads\/2024\/04\/DSC_9712-2-1536x975.jpg 1536w, https:\/\/www.delalumiereauxyeux-photo.fr\/wp-content\/uploads\/2024\/04\/DSC_9712-2-2048x1300.jpg 2048w\" sizes=\"(max-width: 1024px) 100vw, 1024px\" \/><\/figure>\n\n\n\n<figure class=\"wp-block-image size-large\"><img loading=\"lazy\" decoding=\"async\" width=\"1024\" height=\"733\" src=\"http:\/\/www.delalumiereauxyeux-photo.fr\/wp-content\/uploads\/2024\/04\/DSC_9724-2-1024x733.jpg\" alt=\"37e Rallye Autocourse de Bl\u00e9r\u00e9 photographe De la lumi\u00e8re aux yeux\" class=\"wp-image-5373\" srcset=\"https:\/\/www.delalumiereauxyeux-photo.fr\/wp-content\/uploads\/2024\/04\/DSC_9724-2-1024x733.jpg 1024w, https:\/\/www.delalumiereauxyeux-photo.fr\/wp-content\/uploads\/2024\/04\/DSC_9724-2-300x215.jpg 300w, https:\/\/www.delalumiereauxyeux-photo.fr\/wp-content\/uploads\/2024\/04\/DSC_9724-2-768x550.jpg 768w, https:\/\/www.delalumiereauxyeux-photo.fr\/wp-content\/uploads\/2024\/04\/DSC_9724-2-1536x1099.jpg 1536w, https:\/\/www.delalumiereauxyeux-photo.fr\/wp-content\/uploads\/2024\/04\/DSC_9724-2-2048x1466.jpg 2048w\" sizes=\"(max-width: 1024px) 100vw, 1024px\" \/><\/figure>\n\n\n\n<figure class=\"wp-block-image size-large\"><img loading=\"lazy\" decoding=\"async\" width=\"1024\" height=\"683\" src=\"http:\/\/www.delalumiereauxyeux-photo.fr\/wp-content\/uploads\/2024\/04\/DSC_9741-1024x683.jpg\" alt=\"37e Rallye Autocourse de Bl\u00e9r\u00e9 photographe De la lumi\u00e8re aux yeux\" class=\"wp-image-5376\" srcset=\"https:\/\/www.delalumiereauxyeux-photo.fr\/wp-content\/uploads\/2024\/04\/DSC_9741-1024x683.jpg 1024w, https:\/\/www.delalumiereauxyeux-photo.fr\/wp-content\/uploads\/2024\/04\/DSC_9741-300x200.jpg 300w, https:\/\/www.delalumiereauxyeux-photo.fr\/wp-content\/uploads\/2024\/04\/DSC_9741-768x512.jpg 768w, https:\/\/www.delalumiereauxyeux-photo.fr\/wp-content\/uploads\/2024\/04\/DSC_9741-1536x1024.jpg 1536w, https:\/\/www.delalumiereauxyeux-photo.fr\/wp-content\/uploads\/2024\/04\/DSC_9741-2048x1365.jpg 2048w\" sizes=\"(max-width: 1024px) 100vw, 1024px\" \/><\/figure>\n\n\n\n<p>ES 4<\/p>\n\n\n\n<figure class=\"wp-block-image size-large\"><img loading=\"lazy\" decoding=\"async\" width=\"1024\" height=\"565\" src=\"http:\/\/www.delalumiereauxyeux-photo.fr\/wp-content\/uploads\/2024\/04\/DSC_9793-2-1024x565.jpg\" alt=\"37e Rallye Autocourse de Bl\u00e9r\u00e9 photographe De la lumi\u00e8re aux yeux\" class=\"wp-image-5389\" srcset=\"https:\/\/www.delalumiereauxyeux-photo.fr\/wp-content\/uploads\/2024\/04\/DSC_9793-2-1024x565.jpg 1024w, https:\/\/www.delalumiereauxyeux-photo.fr\/wp-content\/uploads\/2024\/04\/DSC_9793-2-300x165.jpg 300w, https:\/\/www.delalumiereauxyeux-photo.fr\/wp-content\/uploads\/2024\/04\/DSC_9793-2-768x423.jpg 768w, https:\/\/www.delalumiereauxyeux-photo.fr\/wp-content\/uploads\/2024\/04\/DSC_9793-2-1536x847.jpg 1536w, https:\/\/www.delalumiereauxyeux-photo.fr\/wp-content\/uploads\/2024\/04\/DSC_9793-2-2048x1129.jpg 2048w\" sizes=\"(max-width: 1024px) 100vw, 1024px\" \/><\/figure>\n\n\n\n<figure class=\"wp-block-image size-large\"><img loading=\"lazy\" decoding=\"async\" width=\"1024\" height=\"437\" src=\"http:\/\/www.delalumiereauxyeux-photo.fr\/wp-content\/uploads\/2024\/04\/DSC_9797-1024x437.jpg\" alt=\"37e Rallye Autocourse de Bl\u00e9r\u00e9 photographe De la lumi\u00e8re aux yeux\" class=\"wp-image-5390\" srcset=\"https:\/\/www.delalumiereauxyeux-photo.fr\/wp-content\/uploads\/2024\/04\/DSC_9797-1024x437.jpg 1024w, https:\/\/www.delalumiereauxyeux-photo.fr\/wp-content\/uploads\/2024\/04\/DSC_9797-300x128.jpg 300w, https:\/\/www.delalumiereauxyeux-photo.fr\/wp-content\/uploads\/2024\/04\/DSC_9797-768x328.jpg 768w, https:\/\/www.delalumiereauxyeux-photo.fr\/wp-content\/uploads\/2024\/04\/DSC_9797-1536x656.jpg 1536w, https:\/\/www.delalumiereauxyeux-photo.fr\/wp-content\/uploads\/2024\/04\/DSC_9797-2048x874.jpg 2048w\" sizes=\"(max-width: 1024px) 100vw, 1024px\" \/><\/figure>\n\n\n\n<figure class=\"wp-block-image size-large\"><img loading=\"lazy\" decoding=\"async\" width=\"1024\" height=\"649\" src=\"http:\/\/www.delalumiereauxyeux-photo.fr\/wp-content\/uploads\/2024\/04\/DSC_9798-2-1024x649.jpg\" alt=\"37e Rallye Autocourse de Bl\u00e9r\u00e9 photographe De la lumi\u00e8re aux yeux\" class=\"wp-image-5391\" srcset=\"https:\/\/www.delalumiereauxyeux-photo.fr\/wp-content\/uploads\/2024\/04\/DSC_9798-2-1024x649.jpg 1024w, https:\/\/www.delalumiereauxyeux-photo.fr\/wp-content\/uploads\/2024\/04\/DSC_9798-2-300x190.jpg 300w, https:\/\/www.delalumiereauxyeux-photo.fr\/wp-content\/uploads\/2024\/04\/DSC_9798-2-768x487.jpg 768w, https:\/\/www.delalumiereauxyeux-photo.fr\/wp-content\/uploads\/2024\/04\/DSC_9798-2-1536x974.jpg 1536w, https:\/\/www.delalumiereauxyeux-photo.fr\/wp-content\/uploads\/2024\/04\/DSC_9798-2-2048x1298.jpg 2048w\" sizes=\"(max-width: 1024px) 100vw, 1024px\" \/><\/figure>\n\n\n\n<figure class=\"wp-block-image size-large\"><img loading=\"lazy\" decoding=\"async\" width=\"1024\" height=\"536\" src=\"http:\/\/www.delalumiereauxyeux-photo.fr\/wp-content\/uploads\/2024\/04\/DSC_9805-1024x536.jpg\" alt=\"37e Rallye Autocourse de Bl\u00e9r\u00e9 photographe De la lumi\u00e8re aux yeux\" class=\"wp-image-5392\" srcset=\"https:\/\/www.delalumiereauxyeux-photo.fr\/wp-content\/uploads\/2024\/04\/DSC_9805-1024x536.jpg 1024w, https:\/\/www.delalumiereauxyeux-photo.fr\/wp-content\/uploads\/2024\/04\/DSC_9805-300x157.jpg 300w, https:\/\/www.delalumiereauxyeux-photo.fr\/wp-content\/uploads\/2024\/04\/DSC_9805-768x402.jpg 768w, https:\/\/www.delalumiereauxyeux-photo.fr\/wp-content\/uploads\/2024\/04\/DSC_9805-1536x803.jpg 1536w, https:\/\/www.delalumiereauxyeux-photo.fr\/wp-content\/uploads\/2024\/04\/DSC_9805-2048x1071.jpg 2048w\" sizes=\"(max-width: 1024px) 100vw, 1024px\" \/><\/figure>\n\n\n\n<figure class=\"wp-block-image size-large\"><img loading=\"lazy\" decoding=\"async\" width=\"1024\" height=\"672\" src=\"http:\/\/www.delalumiereauxyeux-photo.fr\/wp-content\/uploads\/2024\/04\/DSC_9811-2-1024x672.jpg\" alt=\"37e Rallye Autocourse de Bl\u00e9r\u00e9 photographe De la lumi\u00e8re aux yeux\" class=\"wp-image-5393\" srcset=\"https:\/\/www.delalumiereauxyeux-photo.fr\/wp-content\/uploads\/2024\/04\/DSC_9811-2-1024x672.jpg 1024w, https:\/\/www.delalumiereauxyeux-photo.fr\/wp-content\/uploads\/2024\/04\/DSC_9811-2-300x197.jpg 300w, https:\/\/www.delalumiereauxyeux-photo.fr\/wp-content\/uploads\/2024\/04\/DSC_9811-2-768x504.jpg 768w, https:\/\/www.delalumiereauxyeux-photo.fr\/wp-content\/uploads\/2024\/04\/DSC_9811-2-1536x1008.jpg 1536w, https:\/\/www.delalumiereauxyeux-photo.fr\/wp-content\/uploads\/2024\/04\/DSC_9811-2-2048x1344.jpg 2048w\" sizes=\"(max-width: 1024px) 100vw, 1024px\" \/><\/figure>\n\n\n\n<figure class=\"wp-block-image size-large\"><img loading=\"lazy\" decoding=\"async\" width=\"1024\" height=\"614\" src=\"http:\/\/www.delalumiereauxyeux-photo.fr\/wp-content\/uploads\/2024\/04\/DSC_9814-1024x614.jpg\" alt=\"37e Rallye Autocourse de Bl\u00e9r\u00e9 photographe De la lumi\u00e8re aux yeux\" class=\"wp-image-5394\" srcset=\"https:\/\/www.delalumiereauxyeux-photo.fr\/wp-content\/uploads\/2024\/04\/DSC_9814-1024x614.jpg 1024w, https:\/\/www.delalumiereauxyeux-photo.fr\/wp-content\/uploads\/2024\/04\/DSC_9814-300x180.jpg 300w, https:\/\/www.delalumiereauxyeux-photo.fr\/wp-content\/uploads\/2024\/04\/DSC_9814-768x460.jpg 768w, https:\/\/www.delalumiereauxyeux-photo.fr\/wp-content\/uploads\/2024\/04\/DSC_9814-1536x921.jpg 1536w, https:\/\/www.delalumiereauxyeux-photo.fr\/wp-content\/uploads\/2024\/04\/DSC_9814-2048x1228.jpg 2048w\" sizes=\"(max-width: 1024px) 100vw, 1024px\" \/><\/figure>\n\n\n\n<figure class=\"wp-block-image size-large\"><img loading=\"lazy\" decoding=\"async\" width=\"1024\" height=\"683\" src=\"http:\/\/www.delalumiereauxyeux-photo.fr\/wp-content\/uploads\/2024\/04\/DSC_9821-1024x683.jpg\" alt=\"37e Rallye Autocourse de Bl\u00e9r\u00e9 photographe De la lumi\u00e8re aux yeux\" class=\"wp-image-5395\" srcset=\"https:\/\/www.delalumiereauxyeux-photo.fr\/wp-content\/uploads\/2024\/04\/DSC_9821-1024x683.jpg 1024w, https:\/\/www.delalumiereauxyeux-photo.fr\/wp-content\/uploads\/2024\/04\/DSC_9821-300x200.jpg 300w, https:\/\/www.delalumiereauxyeux-photo.fr\/wp-content\/uploads\/2024\/04\/DSC_9821-768x512.jpg 768w, https:\/\/www.delalumiereauxyeux-photo.fr\/wp-content\/uploads\/2024\/04\/DSC_9821-1536x1024.jpg 1536w, https:\/\/www.delalumiereauxyeux-photo.fr\/wp-content\/uploads\/2024\/04\/DSC_9821-2048x1365.jpg 2048w\" sizes=\"(max-width: 1024px) 100vw, 1024px\" \/><\/figure>\n\n\n\n<p>Oh la la&#8230;Il y en a un qui a eu chaud aux plumes!! \ud83d\ude42<\/p>\n\n\n\n<figure class=\"wp-block-image size-large\"><img loading=\"lazy\" decoding=\"async\" width=\"1024\" height=\"759\" src=\"http:\/\/www.delalumiereauxyeux-photo.fr\/wp-content\/uploads\/2024\/04\/DSC_9824-copie-1024x759.jpg\" alt=\"37e Rallye Autocourse de Bl\u00e9r\u00e9 photographe De la lumi\u00e8re aux yeux\" class=\"wp-image-5396\" srcset=\"https:\/\/www.delalumiereauxyeux-photo.fr\/wp-content\/uploads\/2024\/04\/DSC_9824-copie-1024x759.jpg 1024w, https:\/\/www.delalumiereauxyeux-photo.fr\/wp-content\/uploads\/2024\/04\/DSC_9824-copie-300x222.jpg 300w, https:\/\/www.delalumiereauxyeux-photo.fr\/wp-content\/uploads\/2024\/04\/DSC_9824-copie-768x569.jpg 768w, https:\/\/www.delalumiereauxyeux-photo.fr\/wp-content\/uploads\/2024\/04\/DSC_9824-copie-1536x1138.jpg 1536w, https:\/\/www.delalumiereauxyeux-photo.fr\/wp-content\/uploads\/2024\/04\/DSC_9824-copie-2048x1518.jpg 2048w\" sizes=\"(max-width: 1024px) 100vw, 1024px\" \/><\/figure>\n\n\n\n<figure class=\"wp-block-image size-large\"><img loading=\"lazy\" decoding=\"async\" width=\"1024\" height=\"707\" src=\"http:\/\/www.delalumiereauxyeux-photo.fr\/wp-content\/uploads\/2024\/04\/DSC_9965-2-1024x707.jpg\" alt=\"37e Rallye Autocourse de Bl\u00e9r\u00e9 photographe De la lumi\u00e8re aux yeux\" class=\"wp-image-5397\" srcset=\"https:\/\/www.delalumiereauxyeux-photo.fr\/wp-content\/uploads\/2024\/04\/DSC_9965-2-1024x707.jpg 1024w, https:\/\/www.delalumiereauxyeux-photo.fr\/wp-content\/uploads\/2024\/04\/DSC_9965-2-300x207.jpg 300w, https:\/\/www.delalumiereauxyeux-photo.fr\/wp-content\/uploads\/2024\/04\/DSC_9965-2-768x530.jpg 768w, https:\/\/www.delalumiereauxyeux-photo.fr\/wp-content\/uploads\/2024\/04\/DSC_9965-2-1536x1061.jpg 1536w, https:\/\/www.delalumiereauxyeux-photo.fr\/wp-content\/uploads\/2024\/04\/DSC_9965-2-2048x1414.jpg 2048w\" sizes=\"(max-width: 1024px) 100vw, 1024px\" \/><\/figure>\n\n\n\n<figure class=\"wp-block-image size-large\"><img loading=\"lazy\" decoding=\"async\" width=\"1024\" height=\"683\" src=\"http:\/\/www.delalumiereauxyeux-photo.fr\/wp-content\/uploads\/2024\/04\/DSC_0005-1-1024x683.jpg\" alt=\"37e Rallye Autocourse de Bl\u00e9r\u00e9 photographe De la lumi\u00e8re aux yeux\" class=\"wp-image-5398\" srcset=\"https:\/\/www.delalumiereauxyeux-photo.fr\/wp-content\/uploads\/2024\/04\/DSC_0005-1-1024x683.jpg 1024w, https:\/\/www.delalumiereauxyeux-photo.fr\/wp-content\/uploads\/2024\/04\/DSC_0005-1-300x200.jpg 300w, https:\/\/www.delalumiereauxyeux-photo.fr\/wp-content\/uploads\/2024\/04\/DSC_0005-1-768x512.jpg 768w, https:\/\/www.delalumiereauxyeux-photo.fr\/wp-content\/uploads\/2024\/04\/DSC_0005-1-1536x1024.jpg 1536w, https:\/\/www.delalumiereauxyeux-photo.fr\/wp-content\/uploads\/2024\/04\/DSC_0005-1-2048x1365.jpg 2048w\" sizes=\"(max-width: 1024px) 100vw, 1024px\" \/><\/figure>\n\n\n\n<figure class=\"wp-block-image size-large\"><img loading=\"lazy\" decoding=\"async\" width=\"1024\" height=\"683\" src=\"http:\/\/www.delalumiereauxyeux-photo.fr\/wp-content\/uploads\/2024\/04\/DSC_0009-1024x683.jpg\" alt=\"37e Rallye Autocourse de Bl\u00e9r\u00e9 photographe De la lumi\u00e8re aux yeux\" class=\"wp-image-5399\" srcset=\"https:\/\/www.delalumiereauxyeux-photo.fr\/wp-content\/uploads\/2024\/04\/DSC_0009-1024x683.jpg 1024w, https:\/\/www.delalumiereauxyeux-photo.fr\/wp-content\/uploads\/2024\/04\/DSC_0009-300x200.jpg 300w, https:\/\/www.delalumiereauxyeux-photo.fr\/wp-content\/uploads\/2024\/04\/DSC_0009-768x512.jpg 768w, https:\/\/www.delalumiereauxyeux-photo.fr\/wp-content\/uploads\/2024\/04\/DSC_0009-1536x1024.jpg 1536w, https:\/\/www.delalumiereauxyeux-photo.fr\/wp-content\/uploads\/2024\/04\/DSC_0009-2048x1365.jpg 2048w\" sizes=\"(max-width: 1024px) 100vw, 1024px\" \/><\/figure>\n\n\n\n<figure class=\"wp-block-image size-large\"><img loading=\"lazy\" decoding=\"async\" width=\"1024\" height=\"683\" src=\"http:\/\/www.delalumiereauxyeux-photo.fr\/wp-content\/uploads\/2024\/04\/DSC_0027-1-1024x683.jpg\" alt=\"37e Rallye Autocourse de Bl\u00e9r\u00e9 photographe De la lumi\u00e8re aux yeux\" class=\"wp-image-5400\" srcset=\"https:\/\/www.delalumiereauxyeux-photo.fr\/wp-content\/uploads\/2024\/04\/DSC_0027-1-1024x683.jpg 1024w, https:\/\/www.delalumiereauxyeux-photo.fr\/wp-content\/uploads\/2024\/04\/DSC_0027-1-300x200.jpg 300w, https:\/\/www.delalumiereauxyeux-photo.fr\/wp-content\/uploads\/2024\/04\/DSC_0027-1-768x512.jpg 768w, https:\/\/www.delalumiereauxyeux-photo.fr\/wp-content\/uploads\/2024\/04\/DSC_0027-1-1536x1024.jpg 1536w, https:\/\/www.delalumiereauxyeux-photo.fr\/wp-content\/uploads\/2024\/04\/DSC_0027-1-2048x1365.jpg 2048w\" sizes=\"(max-width: 1024px) 100vw, 1024px\" \/><\/figure>\n\n\n\n<figure class=\"wp-block-image size-large\"><img loading=\"lazy\" decoding=\"async\" width=\"1024\" height=\"683\" src=\"http:\/\/www.delalumiereauxyeux-photo.fr\/wp-content\/uploads\/2024\/04\/DSC_0039-1024x683.jpg\" alt=\"37e Rallye Autocourse de Bl\u00e9r\u00e9 photographe De la lumi\u00e8re aux yeux\" class=\"wp-image-5401\" srcset=\"https:\/\/www.delalumiereauxyeux-photo.fr\/wp-content\/uploads\/2024\/04\/DSC_0039-1024x683.jpg 1024w, https:\/\/www.delalumiereauxyeux-photo.fr\/wp-content\/uploads\/2024\/04\/DSC_0039-300x200.jpg 300w, https:\/\/www.delalumiereauxyeux-photo.fr\/wp-content\/uploads\/2024\/04\/DSC_0039-768x512.jpg 768w, https:\/\/www.delalumiereauxyeux-photo.fr\/wp-content\/uploads\/2024\/04\/DSC_0039-1536x1024.jpg 1536w, https:\/\/www.delalumiereauxyeux-photo.fr\/wp-content\/uploads\/2024\/04\/DSC_0039-2048x1365.jpg 2048w\" sizes=\"(max-width: 1024px) 100vw, 1024px\" \/><\/figure>\n\n\n\n<figure class=\"wp-block-image size-large\"><img loading=\"lazy\" decoding=\"async\" width=\"1024\" height=\"683\" src=\"http:\/\/www.delalumiereauxyeux-photo.fr\/wp-content\/uploads\/2024\/04\/DSC_0070-1024x683.jpg\" alt=\"37e Rallye Autocourse de Bl\u00e9r\u00e9 photographe De la lumi\u00e8re aux yeux\" class=\"wp-image-5402\" srcset=\"https:\/\/www.delalumiereauxyeux-photo.fr\/wp-content\/uploads\/2024\/04\/DSC_0070-1024x683.jpg 1024w, https:\/\/www.delalumiereauxyeux-photo.fr\/wp-content\/uploads\/2024\/04\/DSC_0070-300x200.jpg 300w, https:\/\/www.delalumiereauxyeux-photo.fr\/wp-content\/uploads\/2024\/04\/DSC_0070-768x512.jpg 768w, https:\/\/www.delalumiereauxyeux-photo.fr\/wp-content\/uploads\/2024\/04\/DSC_0070-1536x1024.jpg 1536w, https:\/\/www.delalumiereauxyeux-photo.fr\/wp-content\/uploads\/2024\/04\/DSC_0070-2048x1365.jpg 2048w\" sizes=\"(max-width: 1024px) 100vw, 1024px\" \/><\/figure>\n\n\n\n<figure class=\"wp-block-image size-large\"><img loading=\"lazy\" decoding=\"async\" width=\"1024\" height=\"683\" src=\"http:\/\/www.delalumiereauxyeux-photo.fr\/wp-content\/uploads\/2024\/04\/DSC_0082-1024x683.jpg\" alt=\"37e Rallye Autocourse de Bl\u00e9r\u00e9 photographe De la lumi\u00e8re aux yeux\" class=\"wp-image-5403\" srcset=\"https:\/\/www.delalumiereauxyeux-photo.fr\/wp-content\/uploads\/2024\/04\/DSC_0082-1024x683.jpg 1024w, https:\/\/www.delalumiereauxyeux-photo.fr\/wp-content\/uploads\/2024\/04\/DSC_0082-300x200.jpg 300w, https:\/\/www.delalumiereauxyeux-photo.fr\/wp-content\/uploads\/2024\/04\/DSC_0082-768x512.jpg 768w, https:\/\/www.delalumiereauxyeux-photo.fr\/wp-content\/uploads\/2024\/04\/DSC_0082-1536x1024.jpg 1536w, https:\/\/www.delalumiereauxyeux-photo.fr\/wp-content\/uploads\/2024\/04\/DSC_0082-2048x1365.jpg 2048w\" sizes=\"(max-width: 1024px) 100vw, 1024px\" \/><\/figure>\n\n\n\n<figure class=\"wp-block-image size-large\"><img loading=\"lazy\" decoding=\"async\" width=\"1024\" height=\"799\" src=\"http:\/\/www.delalumiereauxyeux-photo.fr\/wp-content\/uploads\/2024\/04\/DSC_0094-2-1024x799.jpg\" alt=\"37e Rallye Autocourse de Bl\u00e9r\u00e9 photographe De la lumi\u00e8re aux yeux\" class=\"wp-image-5404\" srcset=\"https:\/\/www.delalumiereauxyeux-photo.fr\/wp-content\/uploads\/2024\/04\/DSC_0094-2-1024x799.jpg 1024w, https:\/\/www.delalumiereauxyeux-photo.fr\/wp-content\/uploads\/2024\/04\/DSC_0094-2-300x234.jpg 300w, https:\/\/www.delalumiereauxyeux-photo.fr\/wp-content\/uploads\/2024\/04\/DSC_0094-2-768x599.jpg 768w, https:\/\/www.delalumiereauxyeux-photo.fr\/wp-content\/uploads\/2024\/04\/DSC_0094-2-1536x1198.jpg 1536w, https:\/\/www.delalumiereauxyeux-photo.fr\/wp-content\/uploads\/2024\/04\/DSC_0094-2-2048x1598.jpg 2048w\" sizes=\"(max-width: 1024px) 100vw, 1024px\" \/><\/figure>\n\n\n\n<p>Vous pouvez retrouver les classements sur le site de la FFSA.<\/p>\n\n\n\n<figure class=\"wp-block-image size-full\"><img loading=\"lazy\" decoding=\"async\" width=\"919\" height=\"901\" src=\"http:\/\/www.delalumiereauxyeux-photo.fr\/wp-content\/uploads\/2024\/04\/Classement-Blere.jpg\" alt=\"37e Rallye Autocourse de Bl\u00e9r\u00e9 photographe De la lumi\u00e8re aux yeux\" class=\"wp-image-5416\" srcset=\"https:\/\/www.delalumiereauxyeux-photo.fr\/wp-content\/uploads\/2024\/04\/Classement-Blere.jpg 919w, https:\/\/www.delalumiereauxyeux-photo.fr\/wp-content\/uploads\/2024\/04\/Classement-Blere-300x294.jpg 300w, https:\/\/www.delalumiereauxyeux-photo.fr\/wp-content\/uploads\/2024\/04\/Classement-Blere-768x753.jpg 768w\" sizes=\"(max-width: 919px) 100vw, 919px\" \/><\/figure>\n\n\n\n<figure class=\"wp-block-image size-full\"><img loading=\"lazy\" decoding=\"async\" width=\"910\" height=\"393\" src=\"http:\/\/www.delalumiereauxyeux-photo.fr\/wp-content\/uploads\/2024\/04\/Classement-vhc.jpg\" alt=\"37e Rallye Autocourse de Bl\u00e9r\u00e9 photographe De la lumi\u00e8re aux yeux\" class=\"wp-image-5417\" srcset=\"https:\/\/www.delalumiereauxyeux-photo.fr\/wp-content\/uploads\/2024\/04\/Classement-vhc.jpg 910w, https:\/\/www.delalumiereauxyeux-photo.fr\/wp-content\/uploads\/2024\/04\/Classement-vhc-300x130.jpg 300w, https:\/\/www.delalumiereauxyeux-photo.fr\/wp-content\/uploads\/2024\/04\/Classement-vhc-768x332.jpg 768w\" sizes=\"(max-width: 910px) 100vw, 910px\" \/><\/figure>\n\n\n\n<p>\u00a9 Tous droits r\u00e9serv\u00e9s 2024.<\/p>\n\n\n\n<p>Merci \u00e0 mes clientes et clients pour leur confiance! \ud83d\ude42<\/p>\n\n\n\n<p>Merci aux organisateurs, b\u00e9n\u00e9voles et \u00e0 Odile pour leur accueil chaleureux et leur disponibilit\u00e9!<\/p>\n\n\n\n<p>Toutes mes photos ne sont pas pr\u00e9sent\u00e9es dans l&rsquo;article, alors n&rsquo;h\u00e9sitez pas \u00e0 me contacter \ud83d\ude09<\/p>\n\n\n\n<p>Les photos sont disponibles \u00e0 l&rsquo;achat au format num\u00e9rique&nbsp;<a href=\"https:\/\/www.delalumiereauxyeux-photo.fr\/?page_id=2430\">Contact &#8211; De la lumi\u00e8re aux yeux (delalumiereauxyeux-photo.fr)<\/a><\/p>\n\n\n\n<p>Si vous souhaitez une prestation photos, contactez-moi. Vous pouvez \u00e9galement m&rsquo;envoyer vos noms, pr\u00e9noms, voiture(s), \u00e9v\u00e8nement(s), dates et lieux o\u00f9 vous serez en 2024\u00a0<a href=\"https:\/\/www.delalumiereauxyeux-photo.fr\/?page_id=2430\">Contact &#8211; De la lumi\u00e8re aux yeux (delalumiereauxyeux-photo.fr)<\/a> !<\/p>\n\n\n\n<p>M\u00e9dia <a href=\"https:\/\/www.newsclassicracing.com\/Le-rallye-Autocourse-de-Blere-VHC-2024-37?fbclid=IwZXh0bgNhZW0CMTAAAR0374I9NPJiUYCqWNzOxCBnOSw_k85I2RAXeu3LzQjME9V347Qcddrdjmw_aem_AYiYxP8jZUh6A71SUTNGx-9YgXmuziFO7agASQAxREifuoEbS8za8WCQM4VYdUhB3GmSPY6HApAav-9rO7rA1dvl\">https:\/\/www.newsclassicracing.com\/Le-rallye-Autocourse-de-Blere-VHC-2024-37?fbclid=IwZXh0bgNhZW0CMTAAAR0374I9NPJiUYCqWNzOxCBnOSw_k85I2RAXeu3LzQjME9V347Qcddrdjmw_aem_AYiYxP8jZUh6A71SUTNGx-9YgXmuziFO7agASQAxREifuoEbS8za8WCQM4VYdUhB3GmSPY6HApAav-9rO7rA1dvl<\/a><\/p>\n\n\n\n<p>Vous pouvez \u00e9galement me laisser vos commentaires sur cet article.<\/p>\n\n\n\n<p>A bient\u00f4t! \ud83d\ude42<\/p>\n\n\n\n<p>Ang\u00e9lique.<\/p>\n\n\n\n<p>Vous pouvez me retrouver sur :<\/p>\n\n\n\n<ul>\n<li>Facebook&nbsp;<a href=\"https:\/\/www.facebook.com\/DelalumiereauxyeuxPhotographe\">Delalumi\u00e8reauxyeux Photographe | Erceville | Facebook<\/a><\/li>\n\n\n\n<li>Instagram&nbsp;<a href=\"https:\/\/www.instagram.com\/angiephoto28\/\">Angie (@angiephoto28) \u2022 Photos et vid\u00e9os Instagram<\/a><\/li>\n\n\n\n<li>site www.delalumiereauxyeux.fr<\/li>\n<\/ul>\n\n\n\n<p><em>Les photos sont compress\u00e9es pour le blog et n&rsquo;ont pas leur qualit\u00e9 optimale.<\/em><\/p>\n","protected":false},"excerpt":{"rendered":"<p>Tout comme l&rsquo;ann\u00e9e derni\u00e8re, le rallye a \u00e9t\u00e9 au top! Le beau temps \u00e9tait au rendez-vous, ainsi que la chaleur au d\u00e9triment des pilotes, copilotes et voitures. Pour les spectateurs, photographes, vid\u00e9astes et toutes les personnes en ext\u00e9rieur, cela a \u00e9t\u00e9 coups de soleil assur\u00e9s! \ud83d\ude42 C&rsquo;est l&rsquo;un de mes rallyes pr\u00e9f\u00e9r\u00e9s: convivial, familial, belle [&hellip;]<\/p>\n","protected":false},"author":1,"featured_media":0,"comment_status":"open","ping_status":"closed","sticky":false,"template":"","format":"standard","meta":{"_monsterinsights_skip_tracking":false,"_monsterinsights_sitenote_active":false,"_monsterinsights_sitenote_note":"","_monsterinsights_sitenote_category":0,"footnotes":""},"categories":[1],"tags":[],"yoast_head":"<!-- This site is optimized with the Yoast SEO plugin v22.2 - https:\/\/yoast.com\/wordpress\/plugins\/seo\/ -->\n<title>37e Rallye Autocourse de Bl\u00e9r\u00e9 et 3e en VHC - De la lumi\u00e8re aux yeux<\/title>\n<meta name=\"robots\" content=\"index, follow, max-snippet:-1, max-image-preview:large, max-video-preview:-1\" \/>\n<link rel=\"canonical\" href=\"https:\/\/www.delalumiereauxyeux-photo.fr\/?p=5408\" \/>\n<meta property=\"og:locale\" content=\"fr_FR\" \/>\n<meta property=\"og:type\" content=\"article\" \/>\n<meta property=\"og:title\" content=\"37e Rallye Autocourse de Bl\u00e9r\u00e9 et 3e en VHC - De la lumi\u00e8re aux yeux\" \/>\n<meta property=\"og:description\" content=\"Tout comme l&rsquo;ann\u00e9e derni\u00e8re, le rallye a \u00e9t\u00e9 au top! Le beau temps \u00e9tait au rendez-vous, ainsi que la chaleur au d\u00e9triment des pilotes, copilotes et voitures. Pour les spectateurs, photographes, vid\u00e9astes et toutes les personnes en ext\u00e9rieur, cela a \u00e9t\u00e9 coups de soleil assur\u00e9s! \ud83d\ude42 C&rsquo;est l&rsquo;un de mes rallyes pr\u00e9f\u00e9r\u00e9s: convivial, familial, belle [&hellip;]\" \/>\n<meta property=\"og:url\" content=\"https:\/\/www.delalumiereauxyeux-photo.fr\/?p=5408\" \/>\n<meta property=\"og:site_name\" content=\"De la lumi\u00e8re aux yeux\" \/>\n<meta property=\"article:author\" content=\"https:\/\/www.facebook.com\/angelique.delalumiereauxyeux.5?__tn__=dlC-RHH-R-R&amp;eid=ARDORkTB_yutZsrVTEEeZ0LAobESxObVoalsaetnRjmZdhewjwojedF8h09RZ8oly8_ro0dEnvSLIUeS&amp;hc_ref=ARSbH4jjDNc2QSSUZPjZH0vrxiNgcNzLcrprkTea6WAzZ09DAHcjGeYU5y5PXqG08Ac\" \/>\n<meta property=\"article:published_time\" content=\"2024-04-17T19:38:31+00:00\" \/>\n<meta property=\"article:modified_time\" content=\"2024-06-27T09:23:13+00:00\" \/>\n<meta property=\"og:image\" content=\"http:\/\/www.delalumiereauxyeux-photo.fr\/wp-content\/uploads\/2024\/04\/20240417_123337-1024x516.jpg\" \/>\n<meta name=\"author\" content=\"delalumiereauxyeux\" \/>\n<meta name=\"twitter:card\" content=\"summary_large_image\" \/>\n<meta name=\"twitter:label1\" content=\"\u00c9crit par\" \/>\n\t<meta name=\"twitter:data1\" content=\"delalumiereauxyeux\" \/>\n\t<meta name=\"twitter:label2\" content=\"Dur\u00e9e de lecture estim\u00e9e\" \/>\n\t<meta name=\"twitter:data2\" content=\"20 minutes\" \/>\n<script type=\"application\/ld+json\" class=\"yoast-schema-graph\">{\"@context\":\"https:\/\/schema.org\",\"@graph\":[{\"@type\":\"WebPage\",\"@id\":\"https:\/\/www.delalumiereauxyeux-photo.fr\/?p=5408\",\"url\":\"https:\/\/www.delalumiereauxyeux-photo.fr\/?p=5408\",\"name\":\"37e Rallye Autocourse de Bl\u00e9r\u00e9 et 3e en VHC - De la lumi\u00e8re aux yeux\",\"isPartOf\":{\"@id\":\"https:\/\/www.delalumiereauxyeux-photo.fr\/#website\"},\"primaryImageOfPage\":{\"@id\":\"https:\/\/www.delalumiereauxyeux-photo.fr\/?p=5408#primaryimage\"},\"image\":{\"@id\":\"https:\/\/www.delalumiereauxyeux-photo.fr\/?p=5408#primaryimage\"},\"thumbnailUrl\":\"http:\/\/www.delalumiereauxyeux-photo.fr\/wp-content\/uploads\/2024\/04\/20240417_123337-1024x516.jpg\",\"datePublished\":\"2024-04-17T19:38:31+00:00\",\"dateModified\":\"2024-06-27T09:23:13+00:00\",\"author\":{\"@id\":\"https:\/\/www.delalumiereauxyeux-photo.fr\/#\/schema\/person\/fbdc98761dd92f98cdb911153e949213\"},\"breadcrumb\":{\"@id\":\"https:\/\/www.delalumiereauxyeux-photo.fr\/?p=5408#breadcrumb\"},\"inLanguage\":\"fr-FR\",\"potentialAction\":[{\"@type\":\"ReadAction\",\"target\":[\"https:\/\/www.delalumiereauxyeux-photo.fr\/?p=5408\"]}]},{\"@type\":\"ImageObject\",\"inLanguage\":\"fr-FR\",\"@id\":\"https:\/\/www.delalumiereauxyeux-photo.fr\/?p=5408#primaryimage\",\"url\":\"https:\/\/www.delalumiereauxyeux-photo.fr\/wp-content\/uploads\/2024\/04\/20240417_123337-scaled.jpg\",\"contentUrl\":\"https:\/\/www.delalumiereauxyeux-photo.fr\/wp-content\/uploads\/2024\/04\/20240417_123337-scaled.jpg\",\"width\":2560,\"height\":1289,\"caption\":\"37e Rallye Autocourse de Bl\u00e9r\u00e9 photographe De la lumi\u00e8re aux yeux\"},{\"@type\":\"BreadcrumbList\",\"@id\":\"https:\/\/www.delalumiereauxyeux-photo.fr\/?p=5408#breadcrumb\",\"itemListElement\":[{\"@type\":\"ListItem\",\"position\":1,\"name\":\"Accueil\",\"item\":\"https:\/\/www.delalumiereauxyeux-photo.fr\/\"},{\"@type\":\"ListItem\",\"position\":2,\"name\":\"37e Rallye Autocourse de Bl\u00e9r\u00e9 et 3e en VHC\"}]},{\"@type\":\"WebSite\",\"@id\":\"https:\/\/www.delalumiereauxyeux-photo.fr\/#website\",\"url\":\"https:\/\/www.delalumiereauxyeux-photo.fr\/\",\"name\":\"De la lumi\u00e8re aux yeux\",\"description\":\"De la lumi\u00e8re aux yeux\",\"potentialAction\":[{\"@type\":\"SearchAction\",\"target\":{\"@type\":\"EntryPoint\",\"urlTemplate\":\"https:\/\/www.delalumiereauxyeux-photo.fr\/?s={search_term_string}\"},\"query-input\":\"required name=search_term_string\"}],\"inLanguage\":\"fr-FR\"},{\"@type\":\"Person\",\"@id\":\"https:\/\/www.delalumiereauxyeux-photo.fr\/#\/schema\/person\/fbdc98761dd92f98cdb911153e949213\",\"name\":\"delalumiereauxyeux\",\"image\":{\"@type\":\"ImageObject\",\"inLanguage\":\"fr-FR\",\"@id\":\"https:\/\/www.delalumiereauxyeux-photo.fr\/#\/schema\/person\/image\/\",\"url\":\"https:\/\/secure.gravatar.com\/avatar\/8fecce8824b60e8618943375d4f3666c?s=96&d=mm&r=g\",\"contentUrl\":\"https:\/\/secure.gravatar.com\/avatar\/8fecce8824b60e8618943375d4f3666c?s=96&d=mm&r=g\",\"caption\":\"delalumiereauxyeux\"},\"sameAs\":[\"https:\/\/www.facebook.com\/angelique.delalumiereauxyeux.5?__tn__=dlC-RHH-R-R&eid=ARDORkTB_yutZsrVTEEeZ0LAobESxObVoalsaetnRjmZdhewjwojedF8h09RZ8oly8_ro0dEnvSLIUeS&hc_ref=ARSbH4jjDNc2QSSUZPjZH0vrxiNgcNzLcrprkTea6WAzZ09DAHcjGeYU5y5PXqG08Ac\",\"https:\/\/www.instagram.com\/angiephoto28\/\",\"https:\/\/www.linkedin.com\/in\/anglique-de-la-lumire-aux-yeux-65418826b\/\"]}]}<\/script>\n<!-- \/ Yoast SEO plugin. -->","yoast_head_json":{"title":"37e Rallye Autocourse de Bl\u00e9r\u00e9 et 3e en VHC - De la lumi\u00e8re aux yeux","robots":{"index":"index","follow":"follow","max-snippet":"max-snippet:-1","max-image-preview":"max-image-preview:large","max-video-preview":"max-video-preview:-1"},"canonical":"https:\/\/www.delalumiereauxyeux-photo.fr\/?p=5408","og_locale":"fr_FR","og_type":"article","og_title":"37e Rallye Autocourse de Bl\u00e9r\u00e9 et 3e en VHC - De la lumi\u00e8re aux yeux","og_description":"Tout comme l&rsquo;ann\u00e9e derni\u00e8re, le rallye a \u00e9t\u00e9 au top! Le beau temps \u00e9tait au rendez-vous, ainsi que la chaleur au d\u00e9triment des pilotes, copilotes et voitures. Pour les spectateurs, photographes, vid\u00e9astes et toutes les personnes en ext\u00e9rieur, cela a \u00e9t\u00e9 coups de soleil assur\u00e9s! \ud83d\ude42 C&rsquo;est l&rsquo;un de mes rallyes pr\u00e9f\u00e9r\u00e9s: convivial, familial, belle [&hellip;]","og_url":"https:\/\/www.delalumiereauxyeux-photo.fr\/?p=5408","og_site_name":"De la lumi\u00e8re aux yeux","article_author":"https:\/\/www.facebook.com\/angelique.delalumiereauxyeux.5?__tn__=dlC-RHH-R-R&eid=ARDORkTB_yutZsrVTEEeZ0LAobESxObVoalsaetnRjmZdhewjwojedF8h09RZ8oly8_ro0dEnvSLIUeS&hc_ref=ARSbH4jjDNc2QSSUZPjZH0vrxiNgcNzLcrprkTea6WAzZ09DAHcjGeYU5y5PXqG08Ac","article_published_time":"2024-04-17T19:38:31+00:00","article_modified_time":"2024-06-27T09:23:13+00:00","og_image":[{"url":"http:\/\/www.delalumiereauxyeux-photo.fr\/wp-content\/uploads\/2024\/04\/20240417_123337-1024x516.jpg"}],"author":"delalumiereauxyeux","twitter_card":"summary_large_image","twitter_misc":{"\u00c9crit par":"delalumiereauxyeux","Dur\u00e9e de lecture estim\u00e9e":"20 minutes"},"schema":{"@context":"https:\/\/schema.org","@graph":[{"@type":"WebPage","@id":"https:\/\/www.delalumiereauxyeux-photo.fr\/?p=5408","url":"https:\/\/www.delalumiereauxyeux-photo.fr\/?p=5408","name":"37e Rallye Autocourse de Bl\u00e9r\u00e9 et 3e en VHC - De la lumi\u00e8re aux yeux","isPartOf":{"@id":"https:\/\/www.delalumiereauxyeux-photo.fr\/#website"},"primaryImageOfPage":{"@id":"https:\/\/www.delalumiereauxyeux-photo.fr\/?p=5408#primaryimage"},"image":{"@id":"https:\/\/www.delalumiereauxyeux-photo.fr\/?p=5408#primaryimage"},"thumbnailUrl":"http:\/\/www.delalumiereauxyeux-photo.fr\/wp-content\/uploads\/2024\/04\/20240417_123337-1024x516.jpg","datePublished":"2024-04-17T19:38:31+00:00","dateModified":"2024-06-27T09:23:13+00:00","author":{"@id":"https:\/\/www.delalumiereauxyeux-photo.fr\/#\/schema\/person\/fbdc98761dd92f98cdb911153e949213"},"breadcrumb":{"@id":"https:\/\/www.delalumiereauxyeux-photo.fr\/?p=5408#breadcrumb"},"inLanguage":"fr-FR","potentialAction":[{"@type":"ReadAction","target":["https:\/\/www.delalumiereauxyeux-photo.fr\/?p=5408"]}]},{"@type":"ImageObject","inLanguage":"fr-FR","@id":"https:\/\/www.delalumiereauxyeux-photo.fr\/?p=5408#primaryimage","url":"https:\/\/www.delalumiereauxyeux-photo.fr\/wp-content\/uploads\/2024\/04\/20240417_123337-scaled.jpg","contentUrl":"https:\/\/www.delalumiereauxyeux-photo.fr\/wp-content\/uploads\/2024\/04\/20240417_123337-scaled.jpg","width":2560,"height":1289,"caption":"37e Rallye Autocourse de Bl\u00e9r\u00e9 photographe De la lumi\u00e8re aux yeux"},{"@type":"BreadcrumbList","@id":"https:\/\/www.delalumiereauxyeux-photo.fr\/?p=5408#breadcrumb","itemListElement":[{"@type":"ListItem","position":1,"name":"Accueil","item":"https:\/\/www.delalumiereauxyeux-photo.fr\/"},{"@type":"ListItem","position":2,"name":"37e Rallye Autocourse de Bl\u00e9r\u00e9 et 3e en VHC"}]},{"@type":"WebSite","@id":"https:\/\/www.delalumiereauxyeux-photo.fr\/#website","url":"https:\/\/www.delalumiereauxyeux-photo.fr\/","name":"De la lumi\u00e8re aux yeux","description":"De la lumi\u00e8re aux yeux","potentialAction":[{"@type":"SearchAction","target":{"@type":"EntryPoint","urlTemplate":"https:\/\/www.delalumiereauxyeux-photo.fr\/?s={search_term_string}"},"query-input":"required name=search_term_string"}],"inLanguage":"fr-FR"},{"@type":"Person","@id":"https:\/\/www.delalumiereauxyeux-photo.fr\/#\/schema\/person\/fbdc98761dd92f98cdb911153e949213","name":"delalumiereauxyeux","image":{"@type":"ImageObject","inLanguage":"fr-FR","@id":"https:\/\/www.delalumiereauxyeux-photo.fr\/#\/schema\/person\/image\/","url":"https:\/\/secure.gravatar.com\/avatar\/8fecce8824b60e8618943375d4f3666c?s=96&d=mm&r=g","contentUrl":"https:\/\/secure.gravatar.com\/avatar\/8fecce8824b60e8618943375d4f3666c?s=96&d=mm&r=g","caption":"delalumiereauxyeux"},"sameAs":["https:\/\/www.facebook.com\/angelique.delalumiereauxyeux.5?__tn__=dlC-RHH-R-R&eid=ARDORkTB_yutZsrVTEEeZ0LAobESxObVoalsaetnRjmZdhewjwojedF8h09RZ8oly8_ro0dEnvSLIUeS&hc_ref=ARSbH4jjDNc2QSSUZPjZH0vrxiNgcNzLcrprkTea6WAzZ09DAHcjGeYU5y5PXqG08Ac","https:\/\/www.instagram.com\/angiephoto28\/","https:\/\/www.linkedin.com\/in\/anglique-de-la-lumire-aux-yeux-65418826b\/"]}]}},"_links":{"self":[{"href":"https:\/\/www.delalumiereauxyeux-photo.fr\/index.php?rest_route=\/wp\/v2\/posts\/5408"}],"collection":[{"href":"https:\/\/www.delalumiereauxyeux-photo.fr\/index.php?rest_route=\/wp\/v2\/posts"}],"about":[{"href":"https:\/\/www.delalumiereauxyeux-photo.fr\/index.php?rest_route=\/wp\/v2\/types\/post"}],"author":[{"embeddable":true,"href":"https:\/\/www.delalumiereauxyeux-photo.fr\/index.php?rest_route=\/wp\/v2\/users\/1"}],"replies":[{"embeddable":true,"href":"https:\/\/www.delalumiereauxyeux-photo.fr\/index.php?rest_route=%2Fwp%2Fv2%2Fcomments&post=5408"}],"version-history":[{"count":14,"href":"https:\/\/www.delalumiereauxyeux-photo.fr\/index.php?rest_route=\/wp\/v2\/posts\/5408\/revisions"}],"predecessor-version":[{"id":6295,"href":"https:\/\/www.delalumiereauxyeux-photo.fr\/index.php?rest_route=\/wp\/v2\/posts\/5408\/revisions\/6295"}],"wp:attachment":[{"href":"https:\/\/www.delalumiereauxyeux-photo.fr\/index.php?rest_route=%2Fwp%2Fv2%2Fmedia&parent=5408"}],"wp:term":[{"taxonomy":"category","embeddable":true,"href":"https:\/\/www.delalumiereauxyeux-photo.fr\/index.php?rest_route=%2Fwp%2Fv2%2Fcategories&post=5408"},{"taxonomy":"post_tag","embeddable":true,"href":"https:\/\/www.delalumiereauxyeux-photo.fr\/index.php?rest_route=%2Fwp%2Fv2%2Ftags&post=5408"}],"curies":[{"name":"wp","href":"https:\/\/api.w.org\/{rel}","templated":true}]}}