{"id":7243,"date":"2024-10-17T08:54:13","date_gmt":"2024-10-17T08:54:13","guid":{"rendered":"https:\/\/www.delalumiereauxyeux-photo.fr\/?p=7243"},"modified":"2024-10-20T09:11:13","modified_gmt":"2024-10-20T09:11:13","slug":"festival-du-centenaire-de-lautodrome-de-linas-montlhery","status":"publish","type":"post","link":"https:\/\/www.delalumiereauxyeux-photo.fr\/?p=7243","title":{"rendered":"Festival du Centenaire de l&rsquo;Autodrome de Linas-Montlh\u00e9ry"},"content":{"rendered":"\n<p>L&rsquo;\u00e9v\u00e9nement s&rsquo;est d\u00e9roul\u00e9 les 12 et 13 octobre 2024. De beaux plateaux autos et motos, des pilotes de renomm\u00e9e, des visiteurs, des exposants, une grande roue et tout ce qui a contribu\u00e9 \u00e0 ce bel \u00e9v\u00e9nement.<\/p>\n\n\n\n<p>Un joyeux anniversaire \u00e0 ce circuit mythique qui, j&rsquo;esp\u00e8re, f\u00eatera un jour son bicentenaire! <img loading=\"lazy\" decoding=\"async\" height=\"16\" width=\"16\" src=\"https:\/\/static.xx.fbcdn.net\/images\/emoji.php\/v9\/t97\/1\/16\/1fa75.png\" alt=\"\ud83e\ude75\"> Ce f\u00fbt un privil\u00e8ge que d&rsquo;avoir assister \u00e0 cet \u00e9v\u00e9nement et d&rsquo;avoir pu rencontrer tous ces pilotes, autos et motos <img loading=\"lazy\" decoding=\"async\" height=\"16\" width=\"16\" src=\"https:\/\/static.xx.fbcdn.net\/images\/emoji.php\/v9\/t4c\/1\/16\/1f642.png\" alt=\"\ud83d\ude42\">. A dans 100 ans !<img loading=\"lazy\" decoding=\"async\" height=\"16\" width=\"16\" src=\"https:\/\/static.xx.fbcdn.net\/images\/emoji.php\/v9\/t4f\/1\/16\/1f601.png\" alt=\"\ud83d\ude01\"><\/p>\n\n\n\n<p>Gilbert, toujours au d\u00e9part et dans la bonne humeur! \ud83d\ude42<\/p>\n\n\n\n<figure class=\"wp-block-image size-large\"><img loading=\"lazy\" decoding=\"async\" width=\"1024\" height=\"683\" src=\"http:\/\/www.delalumiereauxyeux-photo.fr\/wp-content\/uploads\/2024\/10\/DSC_2257-1024x683.jpg\" alt=\"Festival du Centenaire de l'Autodrome de Linas-Montlh\u00e9ry photographe De la lumi\u00e8re aux yeux\" class=\"wp-image-7121\" srcset=\"https:\/\/www.delalumiereauxyeux-photo.fr\/wp-content\/uploads\/2024\/10\/DSC_2257-1024x683.jpg 1024w, https:\/\/www.delalumiereauxyeux-photo.fr\/wp-content\/uploads\/2024\/10\/DSC_2257-300x200.jpg 300w, https:\/\/www.delalumiereauxyeux-photo.fr\/wp-content\/uploads\/2024\/10\/DSC_2257-768x512.jpg 768w, https:\/\/www.delalumiereauxyeux-photo.fr\/wp-content\/uploads\/2024\/10\/DSC_2257-1536x1024.jpg 1536w, https:\/\/www.delalumiereauxyeux-photo.fr\/wp-content\/uploads\/2024\/10\/DSC_2257-2048x1365.jpg 2048w\" sizes=\"(max-width: 1024px) 100vw, 1024px\" \/><\/figure>\n\n\n\n<figure class=\"wp-block-image size-large\"><img loading=\"lazy\" decoding=\"async\" width=\"1024\" height=\"408\" src=\"http:\/\/www.delalumiereauxyeux-photo.fr\/wp-content\/uploads\/2024\/10\/DSC_2260-1024x408.jpg\" alt=\"Festival du Centenaire de l'Autodrome de Linas-Montlh\u00e9ry photographe De la lumi\u00e8re aux yeux\" class=\"wp-image-7122\" srcset=\"https:\/\/www.delalumiereauxyeux-photo.fr\/wp-content\/uploads\/2024\/10\/DSC_2260-1024x408.jpg 1024w, https:\/\/www.delalumiereauxyeux-photo.fr\/wp-content\/uploads\/2024\/10\/DSC_2260-300x120.jpg 300w, https:\/\/www.delalumiereauxyeux-photo.fr\/wp-content\/uploads\/2024\/10\/DSC_2260-768x306.jpg 768w, https:\/\/www.delalumiereauxyeux-photo.fr\/wp-content\/uploads\/2024\/10\/DSC_2260-1536x613.jpg 1536w, https:\/\/www.delalumiereauxyeux-photo.fr\/wp-content\/uploads\/2024\/10\/DSC_2260-2048x817.jpg 2048w\" sizes=\"(max-width: 1024px) 100vw, 1024px\" \/><\/figure>\n\n\n\n<figure class=\"wp-block-image size-large\"><img loading=\"lazy\" decoding=\"async\" width=\"1024\" height=\"683\" src=\"http:\/\/www.delalumiereauxyeux-photo.fr\/wp-content\/uploads\/2024\/10\/DSC_2262-1024x683.jpg\" alt=\"Festival du Centenaire de l'Autodrome de Linas-Montlh\u00e9ry photographe De la lumi\u00e8re aux yeux\" class=\"wp-image-7123\" srcset=\"https:\/\/www.delalumiereauxyeux-photo.fr\/wp-content\/uploads\/2024\/10\/DSC_2262-1024x683.jpg 1024w, https:\/\/www.delalumiereauxyeux-photo.fr\/wp-content\/uploads\/2024\/10\/DSC_2262-300x200.jpg 300w, https:\/\/www.delalumiereauxyeux-photo.fr\/wp-content\/uploads\/2024\/10\/DSC_2262-768x512.jpg 768w, https:\/\/www.delalumiereauxyeux-photo.fr\/wp-content\/uploads\/2024\/10\/DSC_2262-1536x1024.jpg 1536w, https:\/\/www.delalumiereauxyeux-photo.fr\/wp-content\/uploads\/2024\/10\/DSC_2262-2048x1365.jpg 2048w\" sizes=\"(max-width: 1024px) 100vw, 1024px\" \/><\/figure>\n\n\n\n<figure class=\"wp-block-image size-large\"><img loading=\"lazy\" decoding=\"async\" width=\"1024\" height=\"683\" src=\"http:\/\/www.delalumiereauxyeux-photo.fr\/wp-content\/uploads\/2024\/10\/DSC_2265-1024x683.jpg\" alt=\"Festival du Centenaire de l'Autodrome de Linas-Montlh\u00e9ry photographe De la lumi\u00e8re aux yeux\" class=\"wp-image-7124\" srcset=\"https:\/\/www.delalumiereauxyeux-photo.fr\/wp-content\/uploads\/2024\/10\/DSC_2265-1024x683.jpg 1024w, https:\/\/www.delalumiereauxyeux-photo.fr\/wp-content\/uploads\/2024\/10\/DSC_2265-300x200.jpg 300w, https:\/\/www.delalumiereauxyeux-photo.fr\/wp-content\/uploads\/2024\/10\/DSC_2265-768x512.jpg 768w, https:\/\/www.delalumiereauxyeux-photo.fr\/wp-content\/uploads\/2024\/10\/DSC_2265-1536x1024.jpg 1536w, https:\/\/www.delalumiereauxyeux-photo.fr\/wp-content\/uploads\/2024\/10\/DSC_2265-2048x1365.jpg 2048w\" sizes=\"(max-width: 1024px) 100vw, 1024px\" \/><\/figure>\n\n\n\n<figure class=\"wp-block-image size-large\"><img loading=\"lazy\" decoding=\"async\" width=\"1024\" height=\"542\" src=\"http:\/\/www.delalumiereauxyeux-photo.fr\/wp-content\/uploads\/2024\/10\/DSC_2270-1024x542.jpg\" alt=\"Festival du Centenaire de l'Autodrome de Linas-Montlh\u00e9ry photographe De la lumi\u00e8re aux yeux\" class=\"wp-image-7125\" srcset=\"https:\/\/www.delalumiereauxyeux-photo.fr\/wp-content\/uploads\/2024\/10\/DSC_2270-1024x542.jpg 1024w, https:\/\/www.delalumiereauxyeux-photo.fr\/wp-content\/uploads\/2024\/10\/DSC_2270-300x159.jpg 300w, https:\/\/www.delalumiereauxyeux-photo.fr\/wp-content\/uploads\/2024\/10\/DSC_2270-768x406.jpg 768w, https:\/\/www.delalumiereauxyeux-photo.fr\/wp-content\/uploads\/2024\/10\/DSC_2270-1536x813.jpg 1536w, https:\/\/www.delalumiereauxyeux-photo.fr\/wp-content\/uploads\/2024\/10\/DSC_2270-2048x1084.jpg 2048w\" sizes=\"(max-width: 1024px) 100vw, 1024px\" \/><\/figure>\n\n\n\n<figure class=\"wp-block-image size-large\"><img loading=\"lazy\" decoding=\"async\" width=\"1024\" height=\"683\" src=\"http:\/\/www.delalumiereauxyeux-photo.fr\/wp-content\/uploads\/2024\/10\/DSC_2290-1024x683.jpg\" alt=\"Festival du Centenaire de l'Autodrome de Linas-Montlh\u00e9ry photographe De la lumi\u00e8re aux yeux\" class=\"wp-image-7126\" srcset=\"https:\/\/www.delalumiereauxyeux-photo.fr\/wp-content\/uploads\/2024\/10\/DSC_2290-1024x683.jpg 1024w, https:\/\/www.delalumiereauxyeux-photo.fr\/wp-content\/uploads\/2024\/10\/DSC_2290-300x200.jpg 300w, https:\/\/www.delalumiereauxyeux-photo.fr\/wp-content\/uploads\/2024\/10\/DSC_2290-768x512.jpg 768w, https:\/\/www.delalumiereauxyeux-photo.fr\/wp-content\/uploads\/2024\/10\/DSC_2290-1536x1024.jpg 1536w, https:\/\/www.delalumiereauxyeux-photo.fr\/wp-content\/uploads\/2024\/10\/DSC_2290-2048x1365.jpg 2048w\" sizes=\"(max-width: 1024px) 100vw, 1024px\" \/><\/figure>\n\n\n\n<figure class=\"wp-block-image size-large\"><img loading=\"lazy\" decoding=\"async\" width=\"1024\" height=\"662\" src=\"http:\/\/www.delalumiereauxyeux-photo.fr\/wp-content\/uploads\/2024\/10\/DSC_2298-1024x662.jpg\" alt=\"Festival du Centenaire de l'Autodrome de Linas-Montlh\u00e9ry photographe De la lumi\u00e8re aux yeux\" class=\"wp-image-7127\" srcset=\"https:\/\/www.delalumiereauxyeux-photo.fr\/wp-content\/uploads\/2024\/10\/DSC_2298-1024x662.jpg 1024w, https:\/\/www.delalumiereauxyeux-photo.fr\/wp-content\/uploads\/2024\/10\/DSC_2298-300x194.jpg 300w, https:\/\/www.delalumiereauxyeux-photo.fr\/wp-content\/uploads\/2024\/10\/DSC_2298-768x497.jpg 768w, https:\/\/www.delalumiereauxyeux-photo.fr\/wp-content\/uploads\/2024\/10\/DSC_2298-1536x993.jpg 1536w, https:\/\/www.delalumiereauxyeux-photo.fr\/wp-content\/uploads\/2024\/10\/DSC_2298-2048x1325.jpg 2048w\" sizes=\"(max-width: 1024px) 100vw, 1024px\" \/><\/figure>\n\n\n\n<figure class=\"wp-block-image size-large\"><img loading=\"lazy\" decoding=\"async\" width=\"1024\" height=\"278\" src=\"http:\/\/www.delalumiereauxyeux-photo.fr\/wp-content\/uploads\/2024\/10\/DSC_2301-1024x278.jpg\" alt=\"Festival du Centenaire de l'Autodrome de Linas-Montlh\u00e9ry photographe De la lumi\u00e8re aux yeux\" class=\"wp-image-7128\" srcset=\"https:\/\/www.delalumiereauxyeux-photo.fr\/wp-content\/uploads\/2024\/10\/DSC_2301-1024x278.jpg 1024w, https:\/\/www.delalumiereauxyeux-photo.fr\/wp-content\/uploads\/2024\/10\/DSC_2301-300x81.jpg 300w, https:\/\/www.delalumiereauxyeux-photo.fr\/wp-content\/uploads\/2024\/10\/DSC_2301-768x208.jpg 768w, https:\/\/www.delalumiereauxyeux-photo.fr\/wp-content\/uploads\/2024\/10\/DSC_2301-1536x417.jpg 1536w, https:\/\/www.delalumiereauxyeux-photo.fr\/wp-content\/uploads\/2024\/10\/DSC_2301-2048x555.jpg 2048w\" sizes=\"(max-width: 1024px) 100vw, 1024px\" \/><\/figure>\n\n\n\n<figure class=\"wp-block-image size-large\"><img loading=\"lazy\" decoding=\"async\" width=\"1024\" height=\"249\" src=\"http:\/\/www.delalumiereauxyeux-photo.fr\/wp-content\/uploads\/2024\/10\/DSC_2302-1024x249.jpg\" alt=\"Festival du Centenaire de l'Autodrome de Linas-Montlh\u00e9ry photographe De la lumi\u00e8re aux yeux\" class=\"wp-image-7129\" srcset=\"https:\/\/www.delalumiereauxyeux-photo.fr\/wp-content\/uploads\/2024\/10\/DSC_2302-1024x249.jpg 1024w, https:\/\/www.delalumiereauxyeux-photo.fr\/wp-content\/uploads\/2024\/10\/DSC_2302-300x73.jpg 300w, https:\/\/www.delalumiereauxyeux-photo.fr\/wp-content\/uploads\/2024\/10\/DSC_2302-768x187.jpg 768w, https:\/\/www.delalumiereauxyeux-photo.fr\/wp-content\/uploads\/2024\/10\/DSC_2302-1536x373.jpg 1536w, https:\/\/www.delalumiereauxyeux-photo.fr\/wp-content\/uploads\/2024\/10\/DSC_2302-2048x498.jpg 2048w\" sizes=\"(max-width: 1024px) 100vw, 1024px\" \/><\/figure>\n\n\n\n<figure class=\"wp-block-image size-large\"><img loading=\"lazy\" decoding=\"async\" width=\"1024\" height=\"303\" src=\"http:\/\/www.delalumiereauxyeux-photo.fr\/wp-content\/uploads\/2024\/10\/DSC_2305-1024x303.jpg\" alt=\"Festival du Centenaire de l'Autodrome de Linas-Montlh\u00e9ry photographe De la lumi\u00e8re aux yeux\" class=\"wp-image-7130\" srcset=\"https:\/\/www.delalumiereauxyeux-photo.fr\/wp-content\/uploads\/2024\/10\/DSC_2305-1024x303.jpg 1024w, https:\/\/www.delalumiereauxyeux-photo.fr\/wp-content\/uploads\/2024\/10\/DSC_2305-300x89.jpg 300w, https:\/\/www.delalumiereauxyeux-photo.fr\/wp-content\/uploads\/2024\/10\/DSC_2305-768x227.jpg 768w, https:\/\/www.delalumiereauxyeux-photo.fr\/wp-content\/uploads\/2024\/10\/DSC_2305-1536x455.jpg 1536w, https:\/\/www.delalumiereauxyeux-photo.fr\/wp-content\/uploads\/2024\/10\/DSC_2305-2048x607.jpg 2048w\" sizes=\"(max-width: 1024px) 100vw, 1024px\" \/><\/figure>\n\n\n\n<figure class=\"wp-block-image size-large\"><img loading=\"lazy\" decoding=\"async\" width=\"1024\" height=\"683\" src=\"http:\/\/www.delalumiereauxyeux-photo.fr\/wp-content\/uploads\/2024\/10\/DSC_2306-1024x683.jpg\" alt=\"Festival du Centenaire de l'Autodrome de Linas-Montlh\u00e9ry photographe De la lumi\u00e8re aux yeux\" class=\"wp-image-7131\" srcset=\"https:\/\/www.delalumiereauxyeux-photo.fr\/wp-content\/uploads\/2024\/10\/DSC_2306-1024x683.jpg 1024w, https:\/\/www.delalumiereauxyeux-photo.fr\/wp-content\/uploads\/2024\/10\/DSC_2306-300x200.jpg 300w, https:\/\/www.delalumiereauxyeux-photo.fr\/wp-content\/uploads\/2024\/10\/DSC_2306-768x512.jpg 768w, https:\/\/www.delalumiereauxyeux-photo.fr\/wp-content\/uploads\/2024\/10\/DSC_2306-1536x1024.jpg 1536w, https:\/\/www.delalumiereauxyeux-photo.fr\/wp-content\/uploads\/2024\/10\/DSC_2306-2048x1365.jpg 2048w\" sizes=\"(max-width: 1024px) 100vw, 1024px\" \/><\/figure>\n\n\n\n<figure class=\"wp-block-image size-large\"><img loading=\"lazy\" decoding=\"async\" width=\"1024\" height=\"683\" src=\"http:\/\/www.delalumiereauxyeux-photo.fr\/wp-content\/uploads\/2024\/10\/DSC_2317-1024x683.jpg\" alt=\"Festival du Centenaire de l'Autodrome de Linas-Montlh\u00e9ry photographe De la lumi\u00e8re aux yeux\" class=\"wp-image-7132\" srcset=\"https:\/\/www.delalumiereauxyeux-photo.fr\/wp-content\/uploads\/2024\/10\/DSC_2317-1024x683.jpg 1024w, https:\/\/www.delalumiereauxyeux-photo.fr\/wp-content\/uploads\/2024\/10\/DSC_2317-300x200.jpg 300w, https:\/\/www.delalumiereauxyeux-photo.fr\/wp-content\/uploads\/2024\/10\/DSC_2317-768x512.jpg 768w, https:\/\/www.delalumiereauxyeux-photo.fr\/wp-content\/uploads\/2024\/10\/DSC_2317-1536x1024.jpg 1536w, https:\/\/www.delalumiereauxyeux-photo.fr\/wp-content\/uploads\/2024\/10\/DSC_2317-2048x1365.jpg 2048w\" sizes=\"(max-width: 1024px) 100vw, 1024px\" \/><\/figure>\n\n\n\n<figure class=\"wp-block-image size-large\"><img loading=\"lazy\" decoding=\"async\" width=\"823\" height=\"1024\" src=\"http:\/\/www.delalumiereauxyeux-photo.fr\/wp-content\/uploads\/2024\/10\/DSC_2319-823x1024.jpg\" alt=\"Festival du Centenaire de l'Autodrome de Linas-Montlh\u00e9ry photographe De la lumi\u00e8re aux yeux\" class=\"wp-image-7133\" srcset=\"https:\/\/www.delalumiereauxyeux-photo.fr\/wp-content\/uploads\/2024\/10\/DSC_2319-823x1024.jpg 823w, https:\/\/www.delalumiereauxyeux-photo.fr\/wp-content\/uploads\/2024\/10\/DSC_2319-241x300.jpg 241w, https:\/\/www.delalumiereauxyeux-photo.fr\/wp-content\/uploads\/2024\/10\/DSC_2319-768x956.jpg 768w, https:\/\/www.delalumiereauxyeux-photo.fr\/wp-content\/uploads\/2024\/10\/DSC_2319-1234x1536.jpg 1234w, https:\/\/www.delalumiereauxyeux-photo.fr\/wp-content\/uploads\/2024\/10\/DSC_2319-1646x2048.jpg 1646w\" sizes=\"(max-width: 823px) 100vw, 823px\" \/><\/figure>\n\n\n\n<figure class=\"wp-block-image size-large\"><img loading=\"lazy\" decoding=\"async\" width=\"1024\" height=\"835\" src=\"http:\/\/www.delalumiereauxyeux-photo.fr\/wp-content\/uploads\/2024\/10\/DSC_2332-1024x835.jpg\" alt=\"Festival du Centenaire de l'Autodrome de Linas-Montlh\u00e9ry photographe De la lumi\u00e8re aux yeux\" class=\"wp-image-7134\" srcset=\"https:\/\/www.delalumiereauxyeux-photo.fr\/wp-content\/uploads\/2024\/10\/DSC_2332-1024x835.jpg 1024w, https:\/\/www.delalumiereauxyeux-photo.fr\/wp-content\/uploads\/2024\/10\/DSC_2332-300x245.jpg 300w, https:\/\/www.delalumiereauxyeux-photo.fr\/wp-content\/uploads\/2024\/10\/DSC_2332-768x626.jpg 768w, https:\/\/www.delalumiereauxyeux-photo.fr\/wp-content\/uploads\/2024\/10\/DSC_2332-1536x1253.jpg 1536w, https:\/\/www.delalumiereauxyeux-photo.fr\/wp-content\/uploads\/2024\/10\/DSC_2332-2048x1670.jpg 2048w\" sizes=\"(max-width: 1024px) 100vw, 1024px\" \/><\/figure>\n\n\n\n<figure class=\"wp-block-image size-large\"><img loading=\"lazy\" decoding=\"async\" width=\"1024\" height=\"396\" src=\"http:\/\/www.delalumiereauxyeux-photo.fr\/wp-content\/uploads\/2024\/10\/DSC_2343-1024x396.jpg\" alt=\"Festival du Centenaire de l'Autodrome de Linas-Montlh\u00e9ry photographe De la lumi\u00e8re aux yeux\" class=\"wp-image-7135\" srcset=\"https:\/\/www.delalumiereauxyeux-photo.fr\/wp-content\/uploads\/2024\/10\/DSC_2343-1024x396.jpg 1024w, https:\/\/www.delalumiereauxyeux-photo.fr\/wp-content\/uploads\/2024\/10\/DSC_2343-300x116.jpg 300w, https:\/\/www.delalumiereauxyeux-photo.fr\/wp-content\/uploads\/2024\/10\/DSC_2343-768x297.jpg 768w, https:\/\/www.delalumiereauxyeux-photo.fr\/wp-content\/uploads\/2024\/10\/DSC_2343-1536x594.jpg 1536w, https:\/\/www.delalumiereauxyeux-photo.fr\/wp-content\/uploads\/2024\/10\/DSC_2343-2048x792.jpg 2048w\" sizes=\"(max-width: 1024px) 100vw, 1024px\" \/><\/figure>\n\n\n\n<figure class=\"wp-block-image size-large\"><img loading=\"lazy\" decoding=\"async\" width=\"1024\" height=\"419\" src=\"http:\/\/www.delalumiereauxyeux-photo.fr\/wp-content\/uploads\/2024\/10\/DSC_2346-1024x419.jpg\" alt=\"Festival du Centenaire de l'Autodrome de Linas-Montlh\u00e9ry photographe De la lumi\u00e8re aux yeux\" class=\"wp-image-7136\" srcset=\"https:\/\/www.delalumiereauxyeux-photo.fr\/wp-content\/uploads\/2024\/10\/DSC_2346-1024x419.jpg 1024w, https:\/\/www.delalumiereauxyeux-photo.fr\/wp-content\/uploads\/2024\/10\/DSC_2346-300x123.jpg 300w, https:\/\/www.delalumiereauxyeux-photo.fr\/wp-content\/uploads\/2024\/10\/DSC_2346-768x315.jpg 768w, https:\/\/www.delalumiereauxyeux-photo.fr\/wp-content\/uploads\/2024\/10\/DSC_2346-1536x629.jpg 1536w, https:\/\/www.delalumiereauxyeux-photo.fr\/wp-content\/uploads\/2024\/10\/DSC_2346-2048x839.jpg 2048w\" sizes=\"(max-width: 1024px) 100vw, 1024px\" \/><\/figure>\n\n\n\n<figure class=\"wp-block-image size-large\"><img loading=\"lazy\" decoding=\"async\" width=\"1024\" height=\"583\" src=\"http:\/\/www.delalumiereauxyeux-photo.fr\/wp-content\/uploads\/2024\/10\/DSC_2351-1024x583.jpg\" alt=\"Festival du Centenaire de l'Autodrome de Linas-Montlh\u00e9ry photographe De la lumi\u00e8re aux yeux\" class=\"wp-image-7137\" srcset=\"https:\/\/www.delalumiereauxyeux-photo.fr\/wp-content\/uploads\/2024\/10\/DSC_2351-1024x583.jpg 1024w, https:\/\/www.delalumiereauxyeux-photo.fr\/wp-content\/uploads\/2024\/10\/DSC_2351-300x171.jpg 300w, https:\/\/www.delalumiereauxyeux-photo.fr\/wp-content\/uploads\/2024\/10\/DSC_2351-768x437.jpg 768w, https:\/\/www.delalumiereauxyeux-photo.fr\/wp-content\/uploads\/2024\/10\/DSC_2351-1536x874.jpg 1536w, https:\/\/www.delalumiereauxyeux-photo.fr\/wp-content\/uploads\/2024\/10\/DSC_2351.jpg 1994w\" sizes=\"(max-width: 1024px) 100vw, 1024px\" \/><\/figure>\n\n\n\n<figure class=\"wp-block-image size-large\"><img loading=\"lazy\" decoding=\"async\" width=\"1024\" height=\"941\" src=\"http:\/\/www.delalumiereauxyeux-photo.fr\/wp-content\/uploads\/2024\/10\/DSC_2363-1024x941.jpg\" alt=\"Festival du Centenaire de l'Autodrome de Linas-Montlh\u00e9ry photographe De la lumi\u00e8re aux yeux\" class=\"wp-image-7138\" srcset=\"https:\/\/www.delalumiereauxyeux-photo.fr\/wp-content\/uploads\/2024\/10\/DSC_2363-1024x941.jpg 1024w, https:\/\/www.delalumiereauxyeux-photo.fr\/wp-content\/uploads\/2024\/10\/DSC_2363-300x276.jpg 300w, https:\/\/www.delalumiereauxyeux-photo.fr\/wp-content\/uploads\/2024\/10\/DSC_2363-768x706.jpg 768w, https:\/\/www.delalumiereauxyeux-photo.fr\/wp-content\/uploads\/2024\/10\/DSC_2363-1536x1412.jpg 1536w, https:\/\/www.delalumiereauxyeux-photo.fr\/wp-content\/uploads\/2024\/10\/DSC_2363-2048x1883.jpg 2048w\" sizes=\"(max-width: 1024px) 100vw, 1024px\" \/><\/figure>\n\n\n\n<p>Jamais sans la poign\u00e9e de main de Gilbert!<\/p>\n\n\n\n<figure class=\"wp-block-image size-large\"><img loading=\"lazy\" decoding=\"async\" width=\"1024\" height=\"683\" src=\"http:\/\/www.delalumiereauxyeux-photo.fr\/wp-content\/uploads\/2024\/10\/DSC_2364-1024x683.jpg\" alt=\"Festival du Centenaire de l'Autodrome de Linas-Montlh\u00e9ry photographe De la lumi\u00e8re aux yeux\" class=\"wp-image-7139\" srcset=\"https:\/\/www.delalumiereauxyeux-photo.fr\/wp-content\/uploads\/2024\/10\/DSC_2364-1024x683.jpg 1024w, https:\/\/www.delalumiereauxyeux-photo.fr\/wp-content\/uploads\/2024\/10\/DSC_2364-300x200.jpg 300w, https:\/\/www.delalumiereauxyeux-photo.fr\/wp-content\/uploads\/2024\/10\/DSC_2364-768x512.jpg 768w, https:\/\/www.delalumiereauxyeux-photo.fr\/wp-content\/uploads\/2024\/10\/DSC_2364-1536x1024.jpg 1536w, https:\/\/www.delalumiereauxyeux-photo.fr\/wp-content\/uploads\/2024\/10\/DSC_2364-2048x1365.jpg 2048w\" sizes=\"(max-width: 1024px) 100vw, 1024px\" \/><\/figure>\n\n\n\n<figure class=\"wp-block-image size-large\"><img loading=\"lazy\" decoding=\"async\" width=\"870\" height=\"1024\" src=\"http:\/\/www.delalumiereauxyeux-photo.fr\/wp-content\/uploads\/2024\/10\/DSC_2370-870x1024.jpg\" alt=\"Festival du Centenaire de l'Autodrome de Linas-Montlh\u00e9ry photographe De la lumi\u00e8re aux yeux\" class=\"wp-image-7140\" srcset=\"https:\/\/www.delalumiereauxyeux-photo.fr\/wp-content\/uploads\/2024\/10\/DSC_2370-870x1024.jpg 870w, https:\/\/www.delalumiereauxyeux-photo.fr\/wp-content\/uploads\/2024\/10\/DSC_2370-255x300.jpg 255w, https:\/\/www.delalumiereauxyeux-photo.fr\/wp-content\/uploads\/2024\/10\/DSC_2370-768x904.jpg 768w, https:\/\/www.delalumiereauxyeux-photo.fr\/wp-content\/uploads\/2024\/10\/DSC_2370-1305x1536.jpg 1305w, https:\/\/www.delalumiereauxyeux-photo.fr\/wp-content\/uploads\/2024\/10\/DSC_2370-1740x2048.jpg 1740w\" sizes=\"(max-width: 870px) 100vw, 870px\" \/><\/figure>\n\n\n\n<figure class=\"wp-block-image size-large\"><img loading=\"lazy\" decoding=\"async\" width=\"1024\" height=\"595\" src=\"http:\/\/www.delalumiereauxyeux-photo.fr\/wp-content\/uploads\/2024\/10\/DSC_0013-1024x595.jpg\" alt=\"Festival du Centenaire de l'Autodrome de Linas-Montlh\u00e9ry photographe De la lumi\u00e8re aux yeux\" class=\"wp-image-7141\" srcset=\"https:\/\/www.delalumiereauxyeux-photo.fr\/wp-content\/uploads\/2024\/10\/DSC_0013-1024x595.jpg 1024w, https:\/\/www.delalumiereauxyeux-photo.fr\/wp-content\/uploads\/2024\/10\/DSC_0013-300x174.jpg 300w, https:\/\/www.delalumiereauxyeux-photo.fr\/wp-content\/uploads\/2024\/10\/DSC_0013-768x447.jpg 768w, https:\/\/www.delalumiereauxyeux-photo.fr\/wp-content\/uploads\/2024\/10\/DSC_0013-1536x893.jpg 1536w, https:\/\/www.delalumiereauxyeux-photo.fr\/wp-content\/uploads\/2024\/10\/DSC_0013-2048x1191.jpg 2048w\" sizes=\"(max-width: 1024px) 100vw, 1024px\" \/><\/figure>\n\n\n\n<figure class=\"wp-block-image size-large\"><img loading=\"lazy\" decoding=\"async\" width=\"1024\" height=\"541\" src=\"http:\/\/www.delalumiereauxyeux-photo.fr\/wp-content\/uploads\/2024\/10\/DSC_0019-1-1024x541.jpg\" alt=\"Festival du Centenaire de l'Autodrome de Linas-Montlh\u00e9ry photographe De la lumi\u00e8re aux yeux\" class=\"wp-image-7142\" srcset=\"https:\/\/www.delalumiereauxyeux-photo.fr\/wp-content\/uploads\/2024\/10\/DSC_0019-1-1024x541.jpg 1024w, https:\/\/www.delalumiereauxyeux-photo.fr\/wp-content\/uploads\/2024\/10\/DSC_0019-1-300x158.jpg 300w, https:\/\/www.delalumiereauxyeux-photo.fr\/wp-content\/uploads\/2024\/10\/DSC_0019-1-768x406.jpg 768w, https:\/\/www.delalumiereauxyeux-photo.fr\/wp-content\/uploads\/2024\/10\/DSC_0019-1-1536x811.jpg 1536w, https:\/\/www.delalumiereauxyeux-photo.fr\/wp-content\/uploads\/2024\/10\/DSC_0019-1-2048x1082.jpg 2048w\" sizes=\"(max-width: 1024px) 100vw, 1024px\" \/><\/figure>\n\n\n\n<figure class=\"wp-block-image size-large\"><img loading=\"lazy\" decoding=\"async\" width=\"1024\" height=\"523\" src=\"http:\/\/www.delalumiereauxyeux-photo.fr\/wp-content\/uploads\/2024\/10\/DSC_0021-1024x523.jpg\" alt=\"Festival du Centenaire de l'Autodrome de Linas-Montlh\u00e9ry photographe De la lumi\u00e8re aux yeux\" class=\"wp-image-7143\" srcset=\"https:\/\/www.delalumiereauxyeux-photo.fr\/wp-content\/uploads\/2024\/10\/DSC_0021-1024x523.jpg 1024w, https:\/\/www.delalumiereauxyeux-photo.fr\/wp-content\/uploads\/2024\/10\/DSC_0021-300x153.jpg 300w, https:\/\/www.delalumiereauxyeux-photo.fr\/wp-content\/uploads\/2024\/10\/DSC_0021-768x392.jpg 768w, https:\/\/www.delalumiereauxyeux-photo.fr\/wp-content\/uploads\/2024\/10\/DSC_0021-1536x784.jpg 1536w, https:\/\/www.delalumiereauxyeux-photo.fr\/wp-content\/uploads\/2024\/10\/DSC_0021-2048x1045.jpg 2048w\" sizes=\"(max-width: 1024px) 100vw, 1024px\" \/><\/figure>\n\n\n\n<figure class=\"wp-block-image size-large\"><img loading=\"lazy\" decoding=\"async\" width=\"1024\" height=\"487\" src=\"http:\/\/www.delalumiereauxyeux-photo.fr\/wp-content\/uploads\/2024\/10\/DSC_0037-1-1024x487.jpg\" alt=\"Festival du Centenaire de l'Autodrome de Linas-Montlh\u00e9ry photographe De la lumi\u00e8re aux yeux\" class=\"wp-image-7144\" srcset=\"https:\/\/www.delalumiereauxyeux-photo.fr\/wp-content\/uploads\/2024\/10\/DSC_0037-1-1024x487.jpg 1024w, https:\/\/www.delalumiereauxyeux-photo.fr\/wp-content\/uploads\/2024\/10\/DSC_0037-1-300x143.jpg 300w, https:\/\/www.delalumiereauxyeux-photo.fr\/wp-content\/uploads\/2024\/10\/DSC_0037-1-768x365.jpg 768w, https:\/\/www.delalumiereauxyeux-photo.fr\/wp-content\/uploads\/2024\/10\/DSC_0037-1-1536x730.jpg 1536w, https:\/\/www.delalumiereauxyeux-photo.fr\/wp-content\/uploads\/2024\/10\/DSC_0037-1-2048x973.jpg 2048w\" sizes=\"(max-width: 1024px) 100vw, 1024px\" \/><\/figure>\n\n\n\n<figure class=\"wp-block-image size-large\"><img loading=\"lazy\" decoding=\"async\" width=\"1024\" height=\"839\" src=\"http:\/\/www.delalumiereauxyeux-photo.fr\/wp-content\/uploads\/2024\/10\/DSC_2379-1024x839.jpg\" alt=\"Festival du Centenaire de l'Autodrome de Linas-Montlh\u00e9ry photographe De la lumi\u00e8re aux yeux\" class=\"wp-image-7145\" srcset=\"https:\/\/www.delalumiereauxyeux-photo.fr\/wp-content\/uploads\/2024\/10\/DSC_2379-1024x839.jpg 1024w, https:\/\/www.delalumiereauxyeux-photo.fr\/wp-content\/uploads\/2024\/10\/DSC_2379-300x246.jpg 300w, https:\/\/www.delalumiereauxyeux-photo.fr\/wp-content\/uploads\/2024\/10\/DSC_2379-768x629.jpg 768w, https:\/\/www.delalumiereauxyeux-photo.fr\/wp-content\/uploads\/2024\/10\/DSC_2379-1536x1258.jpg 1536w, https:\/\/www.delalumiereauxyeux-photo.fr\/wp-content\/uploads\/2024\/10\/DSC_2379-2048x1678.jpg 2048w\" sizes=\"(max-width: 1024px) 100vw, 1024px\" \/><\/figure>\n\n\n\n<figure class=\"wp-block-image size-large\"><img loading=\"lazy\" decoding=\"async\" width=\"1024\" height=\"683\" src=\"http:\/\/www.delalumiereauxyeux-photo.fr\/wp-content\/uploads\/2024\/10\/DSC_2383-1024x683.jpg\" alt=\"Festival du Centenaire de l'Autodrome de Linas-Montlh\u00e9ry photographe De la lumi\u00e8re aux yeux\" class=\"wp-image-7146\" srcset=\"https:\/\/www.delalumiereauxyeux-photo.fr\/wp-content\/uploads\/2024\/10\/DSC_2383-1024x683.jpg 1024w, https:\/\/www.delalumiereauxyeux-photo.fr\/wp-content\/uploads\/2024\/10\/DSC_2383-300x200.jpg 300w, https:\/\/www.delalumiereauxyeux-photo.fr\/wp-content\/uploads\/2024\/10\/DSC_2383-768x512.jpg 768w, https:\/\/www.delalumiereauxyeux-photo.fr\/wp-content\/uploads\/2024\/10\/DSC_2383-1536x1024.jpg 1536w, https:\/\/www.delalumiereauxyeux-photo.fr\/wp-content\/uploads\/2024\/10\/DSC_2383-2048x1365.jpg 2048w\" sizes=\"(max-width: 1024px) 100vw, 1024px\" \/><\/figure>\n\n\n\n<p>Bapt\u00eame en Alpine avec Nelson PANCIATICI<\/p>\n\n\n\n<figure class=\"wp-block-image size-large\"><img loading=\"lazy\" decoding=\"async\" width=\"1024\" height=\"925\" src=\"http:\/\/www.delalumiereauxyeux-photo.fr\/wp-content\/uploads\/2024\/10\/DSC_0212-2-1024x925.jpg\" alt=\"Festival du Centenaire de l'Autodrome de Linas-Montlh\u00e9ry photographe De la lumi\u00e8re aux yeux\" class=\"wp-image-7164\" srcset=\"https:\/\/www.delalumiereauxyeux-photo.fr\/wp-content\/uploads\/2024\/10\/DSC_0212-2-1024x925.jpg 1024w, https:\/\/www.delalumiereauxyeux-photo.fr\/wp-content\/uploads\/2024\/10\/DSC_0212-2-300x271.jpg 300w, https:\/\/www.delalumiereauxyeux-photo.fr\/wp-content\/uploads\/2024\/10\/DSC_0212-2-768x694.jpg 768w, https:\/\/www.delalumiereauxyeux-photo.fr\/wp-content\/uploads\/2024\/10\/DSC_0212-2-1536x1387.jpg 1536w, https:\/\/www.delalumiereauxyeux-photo.fr\/wp-content\/uploads\/2024\/10\/DSC_0212-2-2048x1850.jpg 2048w\" sizes=\"(max-width: 1024px) 100vw, 1024px\" \/><\/figure>\n\n\n\n<figure class=\"wp-block-image size-large\"><img loading=\"lazy\" decoding=\"async\" width=\"1024\" height=\"545\" src=\"http:\/\/www.delalumiereauxyeux-photo.fr\/wp-content\/uploads\/2024\/10\/DSC_2433-1024x545.jpg\" alt=\"Festival du Centenaire de l'Autodrome de Linas-Montlh\u00e9ry photographe De la lumi\u00e8re aux yeux\" class=\"wp-image-7147\" srcset=\"https:\/\/www.delalumiereauxyeux-photo.fr\/wp-content\/uploads\/2024\/10\/DSC_2433-1024x545.jpg 1024w, https:\/\/www.delalumiereauxyeux-photo.fr\/wp-content\/uploads\/2024\/10\/DSC_2433-300x160.jpg 300w, https:\/\/www.delalumiereauxyeux-photo.fr\/wp-content\/uploads\/2024\/10\/DSC_2433-768x409.jpg 768w, https:\/\/www.delalumiereauxyeux-photo.fr\/wp-content\/uploads\/2024\/10\/DSC_2433-1536x817.jpg 1536w, https:\/\/www.delalumiereauxyeux-photo.fr\/wp-content\/uploads\/2024\/10\/DSC_2433-2048x1089.jpg 2048w\" sizes=\"(max-width: 1024px) 100vw, 1024px\" \/><\/figure>\n\n\n\n<figure class=\"wp-block-image size-large\"><img loading=\"lazy\" decoding=\"async\" width=\"1024\" height=\"563\" src=\"http:\/\/www.delalumiereauxyeux-photo.fr\/wp-content\/uploads\/2024\/10\/DSC_0071-1024x563.jpg\" alt=\"Festival du Centenaire de l'Autodrome de Linas-Montlh\u00e9ry photographe De la lumi\u00e8re aux yeux\" class=\"wp-image-7148\" srcset=\"https:\/\/www.delalumiereauxyeux-photo.fr\/wp-content\/uploads\/2024\/10\/DSC_0071-1024x563.jpg 1024w, https:\/\/www.delalumiereauxyeux-photo.fr\/wp-content\/uploads\/2024\/10\/DSC_0071-300x165.jpg 300w, https:\/\/www.delalumiereauxyeux-photo.fr\/wp-content\/uploads\/2024\/10\/DSC_0071-768x422.jpg 768w, https:\/\/www.delalumiereauxyeux-photo.fr\/wp-content\/uploads\/2024\/10\/DSC_0071-1536x845.jpg 1536w, https:\/\/www.delalumiereauxyeux-photo.fr\/wp-content\/uploads\/2024\/10\/DSC_0071-2048x1126.jpg 2048w\" sizes=\"(max-width: 1024px) 100vw, 1024px\" \/><\/figure>\n\n\n\n<figure class=\"wp-block-image size-large\"><img loading=\"lazy\" decoding=\"async\" width=\"1024\" height=\"616\" src=\"http:\/\/www.delalumiereauxyeux-photo.fr\/wp-content\/uploads\/2024\/10\/DSC_0074-1024x616.jpg\" alt=\"Festival du Centenaire de l'Autodrome de Linas-Montlh\u00e9ry photographe De la lumi\u00e8re aux yeux\" class=\"wp-image-7149\" srcset=\"https:\/\/www.delalumiereauxyeux-photo.fr\/wp-content\/uploads\/2024\/10\/DSC_0074-1024x616.jpg 1024w, https:\/\/www.delalumiereauxyeux-photo.fr\/wp-content\/uploads\/2024\/10\/DSC_0074-300x180.jpg 300w, https:\/\/www.delalumiereauxyeux-photo.fr\/wp-content\/uploads\/2024\/10\/DSC_0074-768x462.jpg 768w, https:\/\/www.delalumiereauxyeux-photo.fr\/wp-content\/uploads\/2024\/10\/DSC_0074-1536x924.jpg 1536w, https:\/\/www.delalumiereauxyeux-photo.fr\/wp-content\/uploads\/2024\/10\/DSC_0074-2048x1231.jpg 2048w\" sizes=\"(max-width: 1024px) 100vw, 1024px\" \/><\/figure>\n\n\n\n<figure class=\"wp-block-image size-large\"><img loading=\"lazy\" decoding=\"async\" width=\"1024\" height=\"630\" src=\"http:\/\/www.delalumiereauxyeux-photo.fr\/wp-content\/uploads\/2024\/10\/DSC_0077-1024x630.jpg\" alt=\"Festival du Centenaire de l'Autodrome de Linas-Montlh\u00e9ry photographe De la lumi\u00e8re aux yeux\" class=\"wp-image-7150\" srcset=\"https:\/\/www.delalumiereauxyeux-photo.fr\/wp-content\/uploads\/2024\/10\/DSC_0077-1024x630.jpg 1024w, https:\/\/www.delalumiereauxyeux-photo.fr\/wp-content\/uploads\/2024\/10\/DSC_0077-300x185.jpg 300w, https:\/\/www.delalumiereauxyeux-photo.fr\/wp-content\/uploads\/2024\/10\/DSC_0077-768x473.jpg 768w, https:\/\/www.delalumiereauxyeux-photo.fr\/wp-content\/uploads\/2024\/10\/DSC_0077-1536x945.jpg 1536w, https:\/\/www.delalumiereauxyeux-photo.fr\/wp-content\/uploads\/2024\/10\/DSC_0077-2048x1260.jpg 2048w\" sizes=\"(max-width: 1024px) 100vw, 1024px\" \/><\/figure>\n\n\n\n<figure class=\"wp-block-image size-large\"><img loading=\"lazy\" decoding=\"async\" width=\"1024\" height=\"742\" src=\"http:\/\/www.delalumiereauxyeux-photo.fr\/wp-content\/uploads\/2024\/10\/DSC_0081-1024x742.jpg\" alt=\"Festival du Centenaire de l'Autodrome de Linas-Montlh\u00e9ry photographe De la lumi\u00e8re aux yeux\" class=\"wp-image-7151\" srcset=\"https:\/\/www.delalumiereauxyeux-photo.fr\/wp-content\/uploads\/2024\/10\/DSC_0081-1024x742.jpg 1024w, https:\/\/www.delalumiereauxyeux-photo.fr\/wp-content\/uploads\/2024\/10\/DSC_0081-300x218.jpg 300w, https:\/\/www.delalumiereauxyeux-photo.fr\/wp-content\/uploads\/2024\/10\/DSC_0081-768x557.jpg 768w, https:\/\/www.delalumiereauxyeux-photo.fr\/wp-content\/uploads\/2024\/10\/DSC_0081-1536x1114.jpg 1536w, https:\/\/www.delalumiereauxyeux-photo.fr\/wp-content\/uploads\/2024\/10\/DSC_0081-2048x1485.jpg 2048w\" sizes=\"(max-width: 1024px) 100vw, 1024px\" \/><\/figure>\n\n\n\n<figure class=\"wp-block-image size-large\"><img loading=\"lazy\" decoding=\"async\" width=\"1024\" height=\"734\" src=\"http:\/\/www.delalumiereauxyeux-photo.fr\/wp-content\/uploads\/2024\/10\/DSC_0088-1024x734.jpg\" alt=\"Festival du Centenaire de l'Autodrome de Linas-Montlh\u00e9ry photographe De la lumi\u00e8re aux yeux\" class=\"wp-image-7152\" srcset=\"https:\/\/www.delalumiereauxyeux-photo.fr\/wp-content\/uploads\/2024\/10\/DSC_0088-1024x734.jpg 1024w, https:\/\/www.delalumiereauxyeux-photo.fr\/wp-content\/uploads\/2024\/10\/DSC_0088-300x215.jpg 300w, https:\/\/www.delalumiereauxyeux-photo.fr\/wp-content\/uploads\/2024\/10\/DSC_0088-768x550.jpg 768w, https:\/\/www.delalumiereauxyeux-photo.fr\/wp-content\/uploads\/2024\/10\/DSC_0088-1536x1100.jpg 1536w, https:\/\/www.delalumiereauxyeux-photo.fr\/wp-content\/uploads\/2024\/10\/DSC_0088-2048x1467.jpg 2048w\" sizes=\"(max-width: 1024px) 100vw, 1024px\" \/><\/figure>\n\n\n\n<figure class=\"wp-block-image size-large\"><img loading=\"lazy\" decoding=\"async\" width=\"644\" height=\"1024\" src=\"http:\/\/www.delalumiereauxyeux-photo.fr\/wp-content\/uploads\/2024\/10\/DSC_0089-644x1024.jpg\" alt=\"Festival du Centenaire de l'Autodrome de Linas-Montlh\u00e9ry photographe De la lumi\u00e8re aux yeux\" class=\"wp-image-7153\" srcset=\"https:\/\/www.delalumiereauxyeux-photo.fr\/wp-content\/uploads\/2024\/10\/DSC_0089-644x1024.jpg 644w, https:\/\/www.delalumiereauxyeux-photo.fr\/wp-content\/uploads\/2024\/10\/DSC_0089-189x300.jpg 189w, https:\/\/www.delalumiereauxyeux-photo.fr\/wp-content\/uploads\/2024\/10\/DSC_0089-768x1220.jpg 768w, https:\/\/www.delalumiereauxyeux-photo.fr\/wp-content\/uploads\/2024\/10\/DSC_0089-967x1536.jpg 967w, https:\/\/www.delalumiereauxyeux-photo.fr\/wp-content\/uploads\/2024\/10\/DSC_0089-1289x2048.jpg 1289w, https:\/\/www.delalumiereauxyeux-photo.fr\/wp-content\/uploads\/2024\/10\/DSC_0089-scaled.jpg 1611w\" sizes=\"(max-width: 644px) 100vw, 644px\" \/><\/figure>\n\n\n\n<figure class=\"wp-block-image size-large\"><img loading=\"lazy\" decoding=\"async\" width=\"1024\" height=\"718\" src=\"http:\/\/www.delalumiereauxyeux-photo.fr\/wp-content\/uploads\/2024\/10\/DSC_0089-3-1024x718.jpg\" alt=\"Festival du Centenaire de l'Autodrome de Linas-Montlh\u00e9ry photographe De la lumi\u00e8re aux yeux\" class=\"wp-image-7154\" srcset=\"https:\/\/www.delalumiereauxyeux-photo.fr\/wp-content\/uploads\/2024\/10\/DSC_0089-3-1024x718.jpg 1024w, https:\/\/www.delalumiereauxyeux-photo.fr\/wp-content\/uploads\/2024\/10\/DSC_0089-3-300x210.jpg 300w, https:\/\/www.delalumiereauxyeux-photo.fr\/wp-content\/uploads\/2024\/10\/DSC_0089-3-768x538.jpg 768w, https:\/\/www.delalumiereauxyeux-photo.fr\/wp-content\/uploads\/2024\/10\/DSC_0089-3-1536x1077.jpg 1536w, https:\/\/www.delalumiereauxyeux-photo.fr\/wp-content\/uploads\/2024\/10\/DSC_0089-3.jpg 1685w\" sizes=\"(max-width: 1024px) 100vw, 1024px\" \/><\/figure>\n\n\n\n<figure class=\"wp-block-image size-large\"><img loading=\"lazy\" decoding=\"async\" width=\"1024\" height=\"683\" src=\"http:\/\/www.delalumiereauxyeux-photo.fr\/wp-content\/uploads\/2024\/10\/DSC_0098-1024x683.jpg\" alt=\"Festival du Centenaire de l'Autodrome de Linas-Montlh\u00e9ry photographe De la lumi\u00e8re aux yeux\" class=\"wp-image-7155\" srcset=\"https:\/\/www.delalumiereauxyeux-photo.fr\/wp-content\/uploads\/2024\/10\/DSC_0098-1024x683.jpg 1024w, https:\/\/www.delalumiereauxyeux-photo.fr\/wp-content\/uploads\/2024\/10\/DSC_0098-300x200.jpg 300w, https:\/\/www.delalumiereauxyeux-photo.fr\/wp-content\/uploads\/2024\/10\/DSC_0098-768x512.jpg 768w, https:\/\/www.delalumiereauxyeux-photo.fr\/wp-content\/uploads\/2024\/10\/DSC_0098-1536x1024.jpg 1536w, https:\/\/www.delalumiereauxyeux-photo.fr\/wp-content\/uploads\/2024\/10\/DSC_0098-2048x1365.jpg 2048w\" sizes=\"(max-width: 1024px) 100vw, 1024px\" \/><\/figure>\n\n\n\n<figure class=\"wp-block-image size-large\"><img loading=\"lazy\" decoding=\"async\" width=\"1024\" height=\"807\" src=\"http:\/\/www.delalumiereauxyeux-photo.fr\/wp-content\/uploads\/2024\/10\/DSC_0122-1-1024x807.jpg\" alt=\"Festival du Centenaire de l'Autodrome de Linas-Montlh\u00e9ry photographe De la lumi\u00e8re aux yeux\" class=\"wp-image-7156\" srcset=\"https:\/\/www.delalumiereauxyeux-photo.fr\/wp-content\/uploads\/2024\/10\/DSC_0122-1-1024x807.jpg 1024w, https:\/\/www.delalumiereauxyeux-photo.fr\/wp-content\/uploads\/2024\/10\/DSC_0122-1-300x236.jpg 300w, https:\/\/www.delalumiereauxyeux-photo.fr\/wp-content\/uploads\/2024\/10\/DSC_0122-1-768x605.jpg 768w, https:\/\/www.delalumiereauxyeux-photo.fr\/wp-content\/uploads\/2024\/10\/DSC_0122-1-1536x1211.jpg 1536w, https:\/\/www.delalumiereauxyeux-photo.fr\/wp-content\/uploads\/2024\/10\/DSC_0122-1-2048x1615.jpg 2048w\" sizes=\"(max-width: 1024px) 100vw, 1024px\" \/><\/figure>\n\n\n\n<figure class=\"wp-block-image size-large\"><img loading=\"lazy\" decoding=\"async\" width=\"1024\" height=\"743\" src=\"http:\/\/www.delalumiereauxyeux-photo.fr\/wp-content\/uploads\/2024\/10\/DSC_0145-1024x743.jpg\" alt=\"Festival du Centenaire de l'Autodrome de Linas-Montlh\u00e9ry photographe De la lumi\u00e8re aux yeux\" class=\"wp-image-7158\" srcset=\"https:\/\/www.delalumiereauxyeux-photo.fr\/wp-content\/uploads\/2024\/10\/DSC_0145-1024x743.jpg 1024w, https:\/\/www.delalumiereauxyeux-photo.fr\/wp-content\/uploads\/2024\/10\/DSC_0145-300x218.jpg 300w, https:\/\/www.delalumiereauxyeux-photo.fr\/wp-content\/uploads\/2024\/10\/DSC_0145-768x557.jpg 768w, https:\/\/www.delalumiereauxyeux-photo.fr\/wp-content\/uploads\/2024\/10\/DSC_0145-1536x1115.jpg 1536w, https:\/\/www.delalumiereauxyeux-photo.fr\/wp-content\/uploads\/2024\/10\/DSC_0145-2048x1486.jpg 2048w\" sizes=\"(max-width: 1024px) 100vw, 1024px\" \/><\/figure>\n\n\n\n<figure class=\"wp-block-image size-large\"><img loading=\"lazy\" decoding=\"async\" width=\"1024\" height=\"723\" src=\"http:\/\/www.delalumiereauxyeux-photo.fr\/wp-content\/uploads\/2024\/10\/DSC_0176-1024x723.jpg\" alt=\"Festival du Centenaire de l'Autodrome de Linas-Montlh\u00e9ry photographe De la lumi\u00e8re aux yeux\" class=\"wp-image-7159\" srcset=\"https:\/\/www.delalumiereauxyeux-photo.fr\/wp-content\/uploads\/2024\/10\/DSC_0176-1024x723.jpg 1024w, https:\/\/www.delalumiereauxyeux-photo.fr\/wp-content\/uploads\/2024\/10\/DSC_0176-300x212.jpg 300w, https:\/\/www.delalumiereauxyeux-photo.fr\/wp-content\/uploads\/2024\/10\/DSC_0176-768x542.jpg 768w, https:\/\/www.delalumiereauxyeux-photo.fr\/wp-content\/uploads\/2024\/10\/DSC_0176-1536x1085.jpg 1536w, https:\/\/www.delalumiereauxyeux-photo.fr\/wp-content\/uploads\/2024\/10\/DSC_0176-2048x1446.jpg 2048w\" sizes=\"(max-width: 1024px) 100vw, 1024px\" \/><\/figure>\n\n\n\n<figure class=\"wp-block-image size-large\"><img loading=\"lazy\" decoding=\"async\" width=\"1024\" height=\"617\" src=\"http:\/\/www.delalumiereauxyeux-photo.fr\/wp-content\/uploads\/2024\/10\/DSC_0182-1024x617.jpg\" alt=\"Festival du Centenaire de l'Autodrome de Linas-Montlh\u00e9ry photographe De la lumi\u00e8re aux yeux\" class=\"wp-image-7160\" srcset=\"https:\/\/www.delalumiereauxyeux-photo.fr\/wp-content\/uploads\/2024\/10\/DSC_0182-1024x617.jpg 1024w, https:\/\/www.delalumiereauxyeux-photo.fr\/wp-content\/uploads\/2024\/10\/DSC_0182-300x181.jpg 300w, https:\/\/www.delalumiereauxyeux-photo.fr\/wp-content\/uploads\/2024\/10\/DSC_0182-768x463.jpg 768w, https:\/\/www.delalumiereauxyeux-photo.fr\/wp-content\/uploads\/2024\/10\/DSC_0182-1536x926.jpg 1536w, https:\/\/www.delalumiereauxyeux-photo.fr\/wp-content\/uploads\/2024\/10\/DSC_0182-2048x1235.jpg 2048w\" sizes=\"(max-width: 1024px) 100vw, 1024px\" \/><\/figure>\n\n\n\n<figure class=\"wp-block-image size-large\"><img loading=\"lazy\" decoding=\"async\" width=\"1024\" height=\"683\" src=\"http:\/\/www.delalumiereauxyeux-photo.fr\/wp-content\/uploads\/2024\/10\/DSC_2458-1024x683.jpg\" alt=\"Festival du Centenaire de l'Autodrome de Linas-Montlh\u00e9ry photographe De la lumi\u00e8re aux yeux\" class=\"wp-image-7157\" srcset=\"https:\/\/www.delalumiereauxyeux-photo.fr\/wp-content\/uploads\/2024\/10\/DSC_2458-1024x683.jpg 1024w, https:\/\/www.delalumiereauxyeux-photo.fr\/wp-content\/uploads\/2024\/10\/DSC_2458-300x200.jpg 300w, https:\/\/www.delalumiereauxyeux-photo.fr\/wp-content\/uploads\/2024\/10\/DSC_2458-768x512.jpg 768w, https:\/\/www.delalumiereauxyeux-photo.fr\/wp-content\/uploads\/2024\/10\/DSC_2458-1536x1024.jpg 1536w, https:\/\/www.delalumiereauxyeux-photo.fr\/wp-content\/uploads\/2024\/10\/DSC_2458-2048x1365.jpg 2048w\" sizes=\"(max-width: 1024px) 100vw, 1024px\" \/><\/figure>\n\n\n\n<figure class=\"wp-block-image size-large\"><img loading=\"lazy\" decoding=\"async\" width=\"1024\" height=\"579\" src=\"http:\/\/www.delalumiereauxyeux-photo.fr\/wp-content\/uploads\/2024\/10\/DSC_0195-1-1024x579.jpg\" alt=\"Festival du Centenaire de l'Autodrome de Linas-Montlh\u00e9ry photographe De la lumi\u00e8re aux yeux\" class=\"wp-image-7161\" srcset=\"https:\/\/www.delalumiereauxyeux-photo.fr\/wp-content\/uploads\/2024\/10\/DSC_0195-1-1024x579.jpg 1024w, https:\/\/www.delalumiereauxyeux-photo.fr\/wp-content\/uploads\/2024\/10\/DSC_0195-1-300x170.jpg 300w, https:\/\/www.delalumiereauxyeux-photo.fr\/wp-content\/uploads\/2024\/10\/DSC_0195-1-768x434.jpg 768w, https:\/\/www.delalumiereauxyeux-photo.fr\/wp-content\/uploads\/2024\/10\/DSC_0195-1-1536x869.jpg 1536w, https:\/\/www.delalumiereauxyeux-photo.fr\/wp-content\/uploads\/2024\/10\/DSC_0195-1-2048x1158.jpg 2048w\" sizes=\"(max-width: 1024px) 100vw, 1024px\" \/><\/figure>\n\n\n\n<figure class=\"wp-block-image size-large\"><img loading=\"lazy\" decoding=\"async\" width=\"1024\" height=\"718\" src=\"http:\/\/www.delalumiereauxyeux-photo.fr\/wp-content\/uploads\/2024\/10\/DSC_0200-1024x718.jpg\" alt=\"Festival du Centenaire de l'Autodrome de Linas-Montlh\u00e9ry photographe De la lumi\u00e8re aux yeux\" class=\"wp-image-7162\" srcset=\"https:\/\/www.delalumiereauxyeux-photo.fr\/wp-content\/uploads\/2024\/10\/DSC_0200-1024x718.jpg 1024w, https:\/\/www.delalumiereauxyeux-photo.fr\/wp-content\/uploads\/2024\/10\/DSC_0200-300x210.jpg 300w, https:\/\/www.delalumiereauxyeux-photo.fr\/wp-content\/uploads\/2024\/10\/DSC_0200-768x539.jpg 768w, https:\/\/www.delalumiereauxyeux-photo.fr\/wp-content\/uploads\/2024\/10\/DSC_0200-1536x1078.jpg 1536w, https:\/\/www.delalumiereauxyeux-photo.fr\/wp-content\/uploads\/2024\/10\/DSC_0200-2048x1437.jpg 2048w\" sizes=\"(max-width: 1024px) 100vw, 1024px\" \/><\/figure>\n\n\n\n<figure class=\"wp-block-image size-large\"><img loading=\"lazy\" decoding=\"async\" width=\"683\" height=\"1024\" src=\"http:\/\/www.delalumiereauxyeux-photo.fr\/wp-content\/uploads\/2024\/10\/DSC_0208-683x1024.jpg\" alt=\"Festival du Centenaire de l'Autodrome de Linas-Montlh\u00e9ry photographe De la lumi\u00e8re aux yeux\" class=\"wp-image-7163\" srcset=\"https:\/\/www.delalumiereauxyeux-photo.fr\/wp-content\/uploads\/2024\/10\/DSC_0208-683x1024.jpg 683w, https:\/\/www.delalumiereauxyeux-photo.fr\/wp-content\/uploads\/2024\/10\/DSC_0208-200x300.jpg 200w, https:\/\/www.delalumiereauxyeux-photo.fr\/wp-content\/uploads\/2024\/10\/DSC_0208-768x1152.jpg 768w, https:\/\/www.delalumiereauxyeux-photo.fr\/wp-content\/uploads\/2024\/10\/DSC_0208-1024x1536.jpg 1024w, https:\/\/www.delalumiereauxyeux-photo.fr\/wp-content\/uploads\/2024\/10\/DSC_0208-1365x2048.jpg 1365w, https:\/\/www.delalumiereauxyeux-photo.fr\/wp-content\/uploads\/2024\/10\/DSC_0208-scaled.jpg 1707w\" sizes=\"(max-width: 683px) 100vw, 683px\" \/><\/figure>\n\n\n\n<figure class=\"wp-block-image size-large\"><img loading=\"lazy\" decoding=\"async\" width=\"1024\" height=\"596\" src=\"http:\/\/www.delalumiereauxyeux-photo.fr\/wp-content\/uploads\/2024\/10\/DSC_0256-1024x596.jpg\" alt=\"Festival du Centenaire de l'Autodrome de Linas-Montlh\u00e9ry photographe De la lumi\u00e8re aux yeux\" class=\"wp-image-7165\" srcset=\"https:\/\/www.delalumiereauxyeux-photo.fr\/wp-content\/uploads\/2024\/10\/DSC_0256-1024x596.jpg 1024w, https:\/\/www.delalumiereauxyeux-photo.fr\/wp-content\/uploads\/2024\/10\/DSC_0256-300x175.jpg 300w, https:\/\/www.delalumiereauxyeux-photo.fr\/wp-content\/uploads\/2024\/10\/DSC_0256-768x447.jpg 768w, https:\/\/www.delalumiereauxyeux-photo.fr\/wp-content\/uploads\/2024\/10\/DSC_0256-1536x895.jpg 1536w, https:\/\/www.delalumiereauxyeux-photo.fr\/wp-content\/uploads\/2024\/10\/DSC_0256-2048x1193.jpg 2048w\" sizes=\"(max-width: 1024px) 100vw, 1024px\" \/><\/figure>\n\n\n\n<figure class=\"wp-block-image size-large\"><img loading=\"lazy\" decoding=\"async\" width=\"1024\" height=\"730\" src=\"http:\/\/www.delalumiereauxyeux-photo.fr\/wp-content\/uploads\/2024\/10\/DSC_0266-1024x730.jpg\" alt=\"Festival du Centenaire de l'Autodrome de Linas-Montlh\u00e9ry photographe De la lumi\u00e8re aux yeux\" class=\"wp-image-7166\" srcset=\"https:\/\/www.delalumiereauxyeux-photo.fr\/wp-content\/uploads\/2024\/10\/DSC_0266-1024x730.jpg 1024w, https:\/\/www.delalumiereauxyeux-photo.fr\/wp-content\/uploads\/2024\/10\/DSC_0266-300x214.jpg 300w, https:\/\/www.delalumiereauxyeux-photo.fr\/wp-content\/uploads\/2024\/10\/DSC_0266-768x548.jpg 768w, https:\/\/www.delalumiereauxyeux-photo.fr\/wp-content\/uploads\/2024\/10\/DSC_0266-1536x1095.jpg 1536w, https:\/\/www.delalumiereauxyeux-photo.fr\/wp-content\/uploads\/2024\/10\/DSC_0266-2048x1460.jpg 2048w\" sizes=\"(max-width: 1024px) 100vw, 1024px\" \/><\/figure>\n\n\n\n<figure class=\"wp-block-image size-large\"><img loading=\"lazy\" decoding=\"async\" width=\"1024\" height=\"565\" src=\"http:\/\/www.delalumiereauxyeux-photo.fr\/wp-content\/uploads\/2024\/10\/DSC_0281-1024x565.jpg\" alt=\"Festival du Centenaire de l'Autodrome de Linas-Montlh\u00e9ry photographe De la lumi\u00e8re aux yeux\" class=\"wp-image-7167\" srcset=\"https:\/\/www.delalumiereauxyeux-photo.fr\/wp-content\/uploads\/2024\/10\/DSC_0281-1024x565.jpg 1024w, https:\/\/www.delalumiereauxyeux-photo.fr\/wp-content\/uploads\/2024\/10\/DSC_0281-300x166.jpg 300w, https:\/\/www.delalumiereauxyeux-photo.fr\/wp-content\/uploads\/2024\/10\/DSC_0281-768x424.jpg 768w, https:\/\/www.delalumiereauxyeux-photo.fr\/wp-content\/uploads\/2024\/10\/DSC_0281-1536x847.jpg 1536w, https:\/\/www.delalumiereauxyeux-photo.fr\/wp-content\/uploads\/2024\/10\/DSC_0281-2048x1130.jpg 2048w\" sizes=\"(max-width: 1024px) 100vw, 1024px\" \/><\/figure>\n\n\n\n<figure class=\"wp-block-image size-large\"><img loading=\"lazy\" decoding=\"async\" width=\"1024\" height=\"481\" src=\"http:\/\/www.delalumiereauxyeux-photo.fr\/wp-content\/uploads\/2024\/10\/DSC_0323-1024x481.jpg\" alt=\"Festival du Centenaire de l'Autodrome de Linas-Montlh\u00e9ry photographe De la lumi\u00e8re aux yeux\" class=\"wp-image-7170\" srcset=\"https:\/\/www.delalumiereauxyeux-photo.fr\/wp-content\/uploads\/2024\/10\/DSC_0323-1024x481.jpg 1024w, https:\/\/www.delalumiereauxyeux-photo.fr\/wp-content\/uploads\/2024\/10\/DSC_0323-300x141.jpg 300w, https:\/\/www.delalumiereauxyeux-photo.fr\/wp-content\/uploads\/2024\/10\/DSC_0323-768x361.jpg 768w, https:\/\/www.delalumiereauxyeux-photo.fr\/wp-content\/uploads\/2024\/10\/DSC_0323-1536x722.jpg 1536w, https:\/\/www.delalumiereauxyeux-photo.fr\/wp-content\/uploads\/2024\/10\/DSC_0323-2048x962.jpg 2048w\" sizes=\"(max-width: 1024px) 100vw, 1024px\" \/><\/figure>\n\n\n\n<figure class=\"wp-block-image size-large\"><img loading=\"lazy\" decoding=\"async\" width=\"1024\" height=\"596\" src=\"http:\/\/www.delalumiereauxyeux-photo.fr\/wp-content\/uploads\/2024\/10\/DSC_0324-1024x596.jpg\" alt=\"Festival du Centenaire de l'Autodrome de Linas-Montlh\u00e9ry photographe De la lumi\u00e8re aux yeux\" class=\"wp-image-7171\" srcset=\"https:\/\/www.delalumiereauxyeux-photo.fr\/wp-content\/uploads\/2024\/10\/DSC_0324-1024x596.jpg 1024w, https:\/\/www.delalumiereauxyeux-photo.fr\/wp-content\/uploads\/2024\/10\/DSC_0324-300x175.jpg 300w, https:\/\/www.delalumiereauxyeux-photo.fr\/wp-content\/uploads\/2024\/10\/DSC_0324-768x447.jpg 768w, https:\/\/www.delalumiereauxyeux-photo.fr\/wp-content\/uploads\/2024\/10\/DSC_0324-1536x894.jpg 1536w, https:\/\/www.delalumiereauxyeux-photo.fr\/wp-content\/uploads\/2024\/10\/DSC_0324-2048x1192.jpg 2048w\" sizes=\"(max-width: 1024px) 100vw, 1024px\" \/><\/figure>\n\n\n\n<figure class=\"wp-block-image size-large\"><img loading=\"lazy\" decoding=\"async\" width=\"1024\" height=\"614\" src=\"http:\/\/www.delalumiereauxyeux-photo.fr\/wp-content\/uploads\/2024\/10\/DSC_0335-1024x614.jpg\" alt=\"Festival du Centenaire de l'Autodrome de Linas-Montlh\u00e9ry photographe De la lumi\u00e8re aux yeux\" class=\"wp-image-7172\" srcset=\"https:\/\/www.delalumiereauxyeux-photo.fr\/wp-content\/uploads\/2024\/10\/DSC_0335-1024x614.jpg 1024w, https:\/\/www.delalumiereauxyeux-photo.fr\/wp-content\/uploads\/2024\/10\/DSC_0335-300x180.jpg 300w, https:\/\/www.delalumiereauxyeux-photo.fr\/wp-content\/uploads\/2024\/10\/DSC_0335-768x461.jpg 768w, https:\/\/www.delalumiereauxyeux-photo.fr\/wp-content\/uploads\/2024\/10\/DSC_0335-1536x921.jpg 1536w, https:\/\/www.delalumiereauxyeux-photo.fr\/wp-content\/uploads\/2024\/10\/DSC_0335-2048x1228.jpg 2048w\" sizes=\"(max-width: 1024px) 100vw, 1024px\" \/><\/figure>\n\n\n\n<figure class=\"wp-block-image size-large\"><img loading=\"lazy\" decoding=\"async\" width=\"1024\" height=\"487\" src=\"http:\/\/www.delalumiereauxyeux-photo.fr\/wp-content\/uploads\/2024\/10\/DSC_0337-1024x487.jpg\" alt=\"Festival du Centenaire de l'Autodrome de Linas-Montlh\u00e9ry photographe De la lumi\u00e8re aux yeux\" class=\"wp-image-7173\" srcset=\"https:\/\/www.delalumiereauxyeux-photo.fr\/wp-content\/uploads\/2024\/10\/DSC_0337-1024x487.jpg 1024w, https:\/\/www.delalumiereauxyeux-photo.fr\/wp-content\/uploads\/2024\/10\/DSC_0337-300x143.jpg 300w, https:\/\/www.delalumiereauxyeux-photo.fr\/wp-content\/uploads\/2024\/10\/DSC_0337-768x365.jpg 768w, https:\/\/www.delalumiereauxyeux-photo.fr\/wp-content\/uploads\/2024\/10\/DSC_0337-1536x730.jpg 1536w, https:\/\/www.delalumiereauxyeux-photo.fr\/wp-content\/uploads\/2024\/10\/DSC_0337-2048x973.jpg 2048w\" sizes=\"(max-width: 1024px) 100vw, 1024px\" \/><\/figure>\n\n\n\n<figure class=\"wp-block-image size-large\"><img loading=\"lazy\" decoding=\"async\" width=\"1024\" height=\"743\" src=\"http:\/\/www.delalumiereauxyeux-photo.fr\/wp-content\/uploads\/2024\/10\/DSC_0340-1024x743.jpg\" alt=\"Festival du Centenaire de l'Autodrome de Linas-Montlh\u00e9ry photographe De la lumi\u00e8re aux yeux\" class=\"wp-image-7174\" srcset=\"https:\/\/www.delalumiereauxyeux-photo.fr\/wp-content\/uploads\/2024\/10\/DSC_0340-1024x743.jpg 1024w, https:\/\/www.delalumiereauxyeux-photo.fr\/wp-content\/uploads\/2024\/10\/DSC_0340-300x218.jpg 300w, https:\/\/www.delalumiereauxyeux-photo.fr\/wp-content\/uploads\/2024\/10\/DSC_0340-768x557.jpg 768w, https:\/\/www.delalumiereauxyeux-photo.fr\/wp-content\/uploads\/2024\/10\/DSC_0340-1536x1115.jpg 1536w, https:\/\/www.delalumiereauxyeux-photo.fr\/wp-content\/uploads\/2024\/10\/DSC_0340-2048x1486.jpg 2048w\" sizes=\"(max-width: 1024px) 100vw, 1024px\" \/><\/figure>\n\n\n\n<figure class=\"wp-block-image size-large\"><img loading=\"lazy\" decoding=\"async\" width=\"1024\" height=\"720\" src=\"http:\/\/www.delalumiereauxyeux-photo.fr\/wp-content\/uploads\/2024\/10\/DSC_0343-1024x720.jpg\" alt=\"Festival du Centenaire de l'Autodrome de Linas-Montlh\u00e9ry photographe De la lumi\u00e8re aux yeux\" class=\"wp-image-7175\" srcset=\"https:\/\/www.delalumiereauxyeux-photo.fr\/wp-content\/uploads\/2024\/10\/DSC_0343-1024x720.jpg 1024w, https:\/\/www.delalumiereauxyeux-photo.fr\/wp-content\/uploads\/2024\/10\/DSC_0343-300x211.jpg 300w, https:\/\/www.delalumiereauxyeux-photo.fr\/wp-content\/uploads\/2024\/10\/DSC_0343-768x540.jpg 768w, https:\/\/www.delalumiereauxyeux-photo.fr\/wp-content\/uploads\/2024\/10\/DSC_0343-1536x1080.jpg 1536w, https:\/\/www.delalumiereauxyeux-photo.fr\/wp-content\/uploads\/2024\/10\/DSC_0343-2048x1439.jpg 2048w\" sizes=\"(max-width: 1024px) 100vw, 1024px\" \/><\/figure>\n\n\n\n<figure class=\"wp-block-image size-large\"><img loading=\"lazy\" decoding=\"async\" width=\"1024\" height=\"708\" src=\"http:\/\/www.delalumiereauxyeux-photo.fr\/wp-content\/uploads\/2024\/10\/DSC_0345-1024x708.jpg\" alt=\"Festival du Centenaire de l'Autodrome de Linas-Montlh\u00e9ry photographe De la lumi\u00e8re aux yeux\" class=\"wp-image-7176\" srcset=\"https:\/\/www.delalumiereauxyeux-photo.fr\/wp-content\/uploads\/2024\/10\/DSC_0345-1024x708.jpg 1024w, https:\/\/www.delalumiereauxyeux-photo.fr\/wp-content\/uploads\/2024\/10\/DSC_0345-300x207.jpg 300w, https:\/\/www.delalumiereauxyeux-photo.fr\/wp-content\/uploads\/2024\/10\/DSC_0345-768x531.jpg 768w, https:\/\/www.delalumiereauxyeux-photo.fr\/wp-content\/uploads\/2024\/10\/DSC_0345-1536x1062.jpg 1536w, https:\/\/www.delalumiereauxyeux-photo.fr\/wp-content\/uploads\/2024\/10\/DSC_0345-2048x1416.jpg 2048w\" sizes=\"(max-width: 1024px) 100vw, 1024px\" \/><\/figure>\n\n\n\n<figure class=\"wp-block-image size-large\"><img loading=\"lazy\" decoding=\"async\" width=\"1024\" height=\"536\" src=\"http:\/\/www.delalumiereauxyeux-photo.fr\/wp-content\/uploads\/2024\/10\/DSC_0360-1024x536.jpg\" alt=\"Festival du Centenaire de l'Autodrome de Linas-Montlh\u00e9ry photographe De la lumi\u00e8re aux yeux\" class=\"wp-image-7177\" srcset=\"https:\/\/www.delalumiereauxyeux-photo.fr\/wp-content\/uploads\/2024\/10\/DSC_0360-1024x536.jpg 1024w, https:\/\/www.delalumiereauxyeux-photo.fr\/wp-content\/uploads\/2024\/10\/DSC_0360-300x157.jpg 300w, https:\/\/www.delalumiereauxyeux-photo.fr\/wp-content\/uploads\/2024\/10\/DSC_0360-768x402.jpg 768w, https:\/\/www.delalumiereauxyeux-photo.fr\/wp-content\/uploads\/2024\/10\/DSC_0360-1536x803.jpg 1536w, https:\/\/www.delalumiereauxyeux-photo.fr\/wp-content\/uploads\/2024\/10\/DSC_0360-2048x1071.jpg 2048w\" sizes=\"(max-width: 1024px) 100vw, 1024px\" \/><\/figure>\n\n\n\n<figure class=\"wp-block-image size-large\"><img loading=\"lazy\" decoding=\"async\" width=\"1024\" height=\"675\" src=\"http:\/\/www.delalumiereauxyeux-photo.fr\/wp-content\/uploads\/2024\/10\/DSC_0366-1024x675.jpg\" alt=\"Festival du Centenaire de l'Autodrome de Linas-Montlh\u00e9ry photographe De la lumi\u00e8re aux yeux\" class=\"wp-image-7178\" srcset=\"https:\/\/www.delalumiereauxyeux-photo.fr\/wp-content\/uploads\/2024\/10\/DSC_0366-1024x675.jpg 1024w, https:\/\/www.delalumiereauxyeux-photo.fr\/wp-content\/uploads\/2024\/10\/DSC_0366-300x198.jpg 300w, https:\/\/www.delalumiereauxyeux-photo.fr\/wp-content\/uploads\/2024\/10\/DSC_0366-768x506.jpg 768w, https:\/\/www.delalumiereauxyeux-photo.fr\/wp-content\/uploads\/2024\/10\/DSC_0366-1536x1013.jpg 1536w, https:\/\/www.delalumiereauxyeux-photo.fr\/wp-content\/uploads\/2024\/10\/DSC_0366-2048x1351.jpg 2048w\" sizes=\"(max-width: 1024px) 100vw, 1024px\" \/><\/figure>\n\n\n\n<p>La Venturi, victorieuse des 1000km de Paris en 1994 pilot\u00e9e par Jean-Claude BASSO et copilot\u00e9e par Henri PESCAROLO. 30 ans apr\u00e8s, nous avons eu l&rsquo;honneur de rencontrer Monsieur BASSO et d&rsquo;entendre par t\u00e9l\u00e9phone au micro Monsieur PESCAROLO.<\/p>\n\n\n\n<figure class=\"wp-block-image size-large\"><img loading=\"lazy\" decoding=\"async\" width=\"1024\" height=\"683\" src=\"http:\/\/www.delalumiereauxyeux-photo.fr\/wp-content\/uploads\/2024\/10\/DSC_2463-1024x683.jpg\" alt=\"Festival du Centenaire de l'Autodrome de Linas-Montlh\u00e9ry photographe De la lumi\u00e8re aux yeux\" class=\"wp-image-7168\" srcset=\"https:\/\/www.delalumiereauxyeux-photo.fr\/wp-content\/uploads\/2024\/10\/DSC_2463-1024x683.jpg 1024w, https:\/\/www.delalumiereauxyeux-photo.fr\/wp-content\/uploads\/2024\/10\/DSC_2463-300x200.jpg 300w, https:\/\/www.delalumiereauxyeux-photo.fr\/wp-content\/uploads\/2024\/10\/DSC_2463-768x512.jpg 768w, https:\/\/www.delalumiereauxyeux-photo.fr\/wp-content\/uploads\/2024\/10\/DSC_2463-1536x1024.jpg 1536w, https:\/\/www.delalumiereauxyeux-photo.fr\/wp-content\/uploads\/2024\/10\/DSC_2463-2048x1365.jpg 2048w\" sizes=\"(max-width: 1024px) 100vw, 1024px\" \/><\/figure>\n\n\n\n<figure class=\"wp-block-image size-large\"><img loading=\"lazy\" decoding=\"async\" width=\"1024\" height=\"560\" src=\"http:\/\/www.delalumiereauxyeux-photo.fr\/wp-content\/uploads\/2024\/10\/DSC_0439-1024x560.jpg\" alt=\"Festival du Centenaire de l'Autodrome de Linas-Montlh\u00e9ry photographe De la lumi\u00e8re aux yeux\" class=\"wp-image-7203\" srcset=\"https:\/\/www.delalumiereauxyeux-photo.fr\/wp-content\/uploads\/2024\/10\/DSC_0439-1024x560.jpg 1024w, https:\/\/www.delalumiereauxyeux-photo.fr\/wp-content\/uploads\/2024\/10\/DSC_0439-300x164.jpg 300w, https:\/\/www.delalumiereauxyeux-photo.fr\/wp-content\/uploads\/2024\/10\/DSC_0439-768x420.jpg 768w, https:\/\/www.delalumiereauxyeux-photo.fr\/wp-content\/uploads\/2024\/10\/DSC_0439-1536x840.jpg 1536w, https:\/\/www.delalumiereauxyeux-photo.fr\/wp-content\/uploads\/2024\/10\/DSC_0439-2048x1121.jpg 2048w\" sizes=\"(max-width: 1024px) 100vw, 1024px\" \/><\/figure>\n\n\n\n<figure class=\"wp-block-image size-large\"><img loading=\"lazy\" decoding=\"async\" width=\"1024\" height=\"561\" src=\"http:\/\/www.delalumiereauxyeux-photo.fr\/wp-content\/uploads\/2024\/10\/DSC_0367-1024x561.jpg\" alt=\"Festival du Centenaire de l'Autodrome de Linas-Montlh\u00e9ry photographe De la lumi\u00e8re aux yeux\" class=\"wp-image-7179\" srcset=\"https:\/\/www.delalumiereauxyeux-photo.fr\/wp-content\/uploads\/2024\/10\/DSC_0367-1024x561.jpg 1024w, https:\/\/www.delalumiereauxyeux-photo.fr\/wp-content\/uploads\/2024\/10\/DSC_0367-300x164.jpg 300w, https:\/\/www.delalumiereauxyeux-photo.fr\/wp-content\/uploads\/2024\/10\/DSC_0367-768x421.jpg 768w, https:\/\/www.delalumiereauxyeux-photo.fr\/wp-content\/uploads\/2024\/10\/DSC_0367-1536x841.jpg 1536w, https:\/\/www.delalumiereauxyeux-photo.fr\/wp-content\/uploads\/2024\/10\/DSC_0367-2048x1122.jpg 2048w\" sizes=\"(max-width: 1024px) 100vw, 1024px\" \/><\/figure>\n\n\n\n<figure class=\"wp-block-image size-large\"><img loading=\"lazy\" decoding=\"async\" width=\"1024\" height=\"683\" src=\"http:\/\/www.delalumiereauxyeux-photo.fr\/wp-content\/uploads\/2024\/10\/DSC_0370-1024x683.jpg\" alt=\"Festival du Centenaire de l'Autodrome de Linas-Montlh\u00e9ry photographe De la lumi\u00e8re aux yeux\" class=\"wp-image-7187\" srcset=\"https:\/\/www.delalumiereauxyeux-photo.fr\/wp-content\/uploads\/2024\/10\/DSC_0370-1024x683.jpg 1024w, https:\/\/www.delalumiereauxyeux-photo.fr\/wp-content\/uploads\/2024\/10\/DSC_0370-300x200.jpg 300w, https:\/\/www.delalumiereauxyeux-photo.fr\/wp-content\/uploads\/2024\/10\/DSC_0370-768x512.jpg 768w, https:\/\/www.delalumiereauxyeux-photo.fr\/wp-content\/uploads\/2024\/10\/DSC_0370-1536x1024.jpg 1536w, https:\/\/www.delalumiereauxyeux-photo.fr\/wp-content\/uploads\/2024\/10\/DSC_0370-2048x1365.jpg 2048w\" sizes=\"(max-width: 1024px) 100vw, 1024px\" \/><\/figure>\n\n\n\n<figure class=\"wp-block-image size-large\"><img loading=\"lazy\" decoding=\"async\" width=\"1024\" height=\"548\" src=\"http:\/\/www.delalumiereauxyeux-photo.fr\/wp-content\/uploads\/2024\/10\/DSC_0379-1024x548.jpg\" alt=\"Festival du Centenaire de l'Autodrome de Linas-Montlh\u00e9ry photographe De la lumi\u00e8re aux yeux\" class=\"wp-image-7192\" srcset=\"https:\/\/www.delalumiereauxyeux-photo.fr\/wp-content\/uploads\/2024\/10\/DSC_0379-1024x548.jpg 1024w, https:\/\/www.delalumiereauxyeux-photo.fr\/wp-content\/uploads\/2024\/10\/DSC_0379-300x161.jpg 300w, https:\/\/www.delalumiereauxyeux-photo.fr\/wp-content\/uploads\/2024\/10\/DSC_0379-768x411.jpg 768w, https:\/\/www.delalumiereauxyeux-photo.fr\/wp-content\/uploads\/2024\/10\/DSC_0379-1536x823.jpg 1536w, https:\/\/www.delalumiereauxyeux-photo.fr\/wp-content\/uploads\/2024\/10\/DSC_0379-2048x1097.jpg 2048w\" sizes=\"(max-width: 1024px) 100vw, 1024px\" \/><\/figure>\n\n\n\n<figure class=\"wp-block-image size-large\"><img loading=\"lazy\" decoding=\"async\" width=\"1024\" height=\"647\" src=\"http:\/\/www.delalumiereauxyeux-photo.fr\/wp-content\/uploads\/2024\/10\/DSC_0404-1024x647.jpg\" alt=\"Festival du Centenaire de l'Autodrome de Linas-Montlh\u00e9ry photographe De la lumi\u00e8re aux yeux\" class=\"wp-image-7198\" srcset=\"https:\/\/www.delalumiereauxyeux-photo.fr\/wp-content\/uploads\/2024\/10\/DSC_0404-1024x647.jpg 1024w, https:\/\/www.delalumiereauxyeux-photo.fr\/wp-content\/uploads\/2024\/10\/DSC_0404-300x190.jpg 300w, https:\/\/www.delalumiereauxyeux-photo.fr\/wp-content\/uploads\/2024\/10\/DSC_0404-768x485.jpg 768w, https:\/\/www.delalumiereauxyeux-photo.fr\/wp-content\/uploads\/2024\/10\/DSC_0404-1536x970.jpg 1536w, https:\/\/www.delalumiereauxyeux-photo.fr\/wp-content\/uploads\/2024\/10\/DSC_0404-2048x1294.jpg 2048w\" sizes=\"(max-width: 1024px) 100vw, 1024px\" \/><\/figure>\n\n\n\n<figure class=\"wp-block-image size-large\"><img loading=\"lazy\" decoding=\"async\" width=\"1024\" height=\"679\" src=\"http:\/\/www.delalumiereauxyeux-photo.fr\/wp-content\/uploads\/2024\/10\/DSC_0412-1024x679.jpg\" alt=\"Festival du Centenaire de l'Autodrome de Linas-Montlh\u00e9ry photographe De la lumi\u00e8re aux yeux\" class=\"wp-image-7199\" srcset=\"https:\/\/www.delalumiereauxyeux-photo.fr\/wp-content\/uploads\/2024\/10\/DSC_0412-1024x679.jpg 1024w, https:\/\/www.delalumiereauxyeux-photo.fr\/wp-content\/uploads\/2024\/10\/DSC_0412-300x199.jpg 300w, https:\/\/www.delalumiereauxyeux-photo.fr\/wp-content\/uploads\/2024\/10\/DSC_0412-768x509.jpg 768w, https:\/\/www.delalumiereauxyeux-photo.fr\/wp-content\/uploads\/2024\/10\/DSC_0412-1536x1019.jpg 1536w, https:\/\/www.delalumiereauxyeux-photo.fr\/wp-content\/uploads\/2024\/10\/DSC_0412-2048x1358.jpg 2048w\" sizes=\"(max-width: 1024px) 100vw, 1024px\" \/><\/figure>\n\n\n\n<figure class=\"wp-block-image size-large\"><img loading=\"lazy\" decoding=\"async\" width=\"1024\" height=\"843\" src=\"http:\/\/www.delalumiereauxyeux-photo.fr\/wp-content\/uploads\/2024\/10\/DSC_0413-1024x843.jpg\" alt=\"Festival du Centenaire de l'Autodrome de Linas-Montlh\u00e9ry photographe De la lumi\u00e8re aux yeux\" class=\"wp-image-7200\" srcset=\"https:\/\/www.delalumiereauxyeux-photo.fr\/wp-content\/uploads\/2024\/10\/DSC_0413-1024x843.jpg 1024w, https:\/\/www.delalumiereauxyeux-photo.fr\/wp-content\/uploads\/2024\/10\/DSC_0413-300x247.jpg 300w, https:\/\/www.delalumiereauxyeux-photo.fr\/wp-content\/uploads\/2024\/10\/DSC_0413-768x632.jpg 768w, https:\/\/www.delalumiereauxyeux-photo.fr\/wp-content\/uploads\/2024\/10\/DSC_0413-1536x1264.jpg 1536w, https:\/\/www.delalumiereauxyeux-photo.fr\/wp-content\/uploads\/2024\/10\/DSC_0413-2048x1685.jpg 2048w\" sizes=\"(max-width: 1024px) 100vw, 1024px\" \/><\/figure>\n\n\n\n<figure class=\"wp-block-image size-large\"><img loading=\"lazy\" decoding=\"async\" width=\"1024\" height=\"759\" src=\"http:\/\/www.delalumiereauxyeux-photo.fr\/wp-content\/uploads\/2024\/10\/DSC_0420-1024x759.jpg\" alt=\"Festival du Centenaire de l'Autodrome de Linas-Montlh\u00e9ry photographe De la lumi\u00e8re aux yeux\" class=\"wp-image-7201\" srcset=\"https:\/\/www.delalumiereauxyeux-photo.fr\/wp-content\/uploads\/2024\/10\/DSC_0420-1024x759.jpg 1024w, https:\/\/www.delalumiereauxyeux-photo.fr\/wp-content\/uploads\/2024\/10\/DSC_0420-300x222.jpg 300w, https:\/\/www.delalumiereauxyeux-photo.fr\/wp-content\/uploads\/2024\/10\/DSC_0420-768x569.jpg 768w, https:\/\/www.delalumiereauxyeux-photo.fr\/wp-content\/uploads\/2024\/10\/DSC_0420-1536x1139.jpg 1536w, https:\/\/www.delalumiereauxyeux-photo.fr\/wp-content\/uploads\/2024\/10\/DSC_0420-2048x1518.jpg 2048w\" sizes=\"(max-width: 1024px) 100vw, 1024px\" \/><\/figure>\n\n\n\n<figure class=\"wp-block-image size-large\"><img loading=\"lazy\" decoding=\"async\" width=\"1024\" height=\"721\" src=\"http:\/\/www.delalumiereauxyeux-photo.fr\/wp-content\/uploads\/2024\/10\/DSC_0433-1-1024x721.jpg\" alt=\"Festival du Centenaire de l'Autodrome de Linas-Montlh\u00e9ry photographe De la lumi\u00e8re aux yeux\" class=\"wp-image-7202\" srcset=\"https:\/\/www.delalumiereauxyeux-photo.fr\/wp-content\/uploads\/2024\/10\/DSC_0433-1-1024x721.jpg 1024w, https:\/\/www.delalumiereauxyeux-photo.fr\/wp-content\/uploads\/2024\/10\/DSC_0433-1-300x211.jpg 300w, https:\/\/www.delalumiereauxyeux-photo.fr\/wp-content\/uploads\/2024\/10\/DSC_0433-1-768x541.jpg 768w, https:\/\/www.delalumiereauxyeux-photo.fr\/wp-content\/uploads\/2024\/10\/DSC_0433-1-1536x1081.jpg 1536w, https:\/\/www.delalumiereauxyeux-photo.fr\/wp-content\/uploads\/2024\/10\/DSC_0433-1-2048x1442.jpg 2048w\" sizes=\"(max-width: 1024px) 100vw, 1024px\" \/><\/figure>\n\n\n\n<figure class=\"wp-block-image size-large\"><img loading=\"lazy\" decoding=\"async\" width=\"1024\" height=\"450\" src=\"http:\/\/www.delalumiereauxyeux-photo.fr\/wp-content\/uploads\/2024\/10\/DSC_0445-1024x450.jpg\" alt=\"Festival du Centenaire de l'Autodrome de Linas-Montlh\u00e9ry photographe De la lumi\u00e8re aux yeux\" class=\"wp-image-7204\" srcset=\"https:\/\/www.delalumiereauxyeux-photo.fr\/wp-content\/uploads\/2024\/10\/DSC_0445-1024x450.jpg 1024w, https:\/\/www.delalumiereauxyeux-photo.fr\/wp-content\/uploads\/2024\/10\/DSC_0445-300x132.jpg 300w, https:\/\/www.delalumiereauxyeux-photo.fr\/wp-content\/uploads\/2024\/10\/DSC_0445-768x337.jpg 768w, https:\/\/www.delalumiereauxyeux-photo.fr\/wp-content\/uploads\/2024\/10\/DSC_0445-1536x675.jpg 1536w, https:\/\/www.delalumiereauxyeux-photo.fr\/wp-content\/uploads\/2024\/10\/DSC_0445-2048x900.jpg 2048w\" sizes=\"(max-width: 1024px) 100vw, 1024px\" \/><\/figure>\n\n\n\n<figure class=\"wp-block-image size-large\"><img loading=\"lazy\" decoding=\"async\" width=\"1024\" height=\"706\" src=\"http:\/\/www.delalumiereauxyeux-photo.fr\/wp-content\/uploads\/2024\/10\/DSC_0446-1-1024x706.jpg\" alt=\"Festival du Centenaire de l'Autodrome de Linas-Montlh\u00e9ry photographe De la lumi\u00e8re aux yeux\" class=\"wp-image-7205\" srcset=\"https:\/\/www.delalumiereauxyeux-photo.fr\/wp-content\/uploads\/2024\/10\/DSC_0446-1-1024x706.jpg 1024w, https:\/\/www.delalumiereauxyeux-photo.fr\/wp-content\/uploads\/2024\/10\/DSC_0446-1-300x207.jpg 300w, https:\/\/www.delalumiereauxyeux-photo.fr\/wp-content\/uploads\/2024\/10\/DSC_0446-1-768x530.jpg 768w, https:\/\/www.delalumiereauxyeux-photo.fr\/wp-content\/uploads\/2024\/10\/DSC_0446-1-1536x1060.jpg 1536w, https:\/\/www.delalumiereauxyeux-photo.fr\/wp-content\/uploads\/2024\/10\/DSC_0446-1-2048x1413.jpg 2048w\" sizes=\"(max-width: 1024px) 100vw, 1024px\" \/><\/figure>\n\n\n\n<figure class=\"wp-block-image size-large\"><img loading=\"lazy\" decoding=\"async\" width=\"1024\" height=\"729\" src=\"http:\/\/www.delalumiereauxyeux-photo.fr\/wp-content\/uploads\/2024\/10\/DSC_0451-1024x729.jpg\" alt=\"Festival du Centenaire de l'Autodrome de Linas-Montlh\u00e9ry photographe De la lumi\u00e8re aux yeux\" class=\"wp-image-7206\" srcset=\"https:\/\/www.delalumiereauxyeux-photo.fr\/wp-content\/uploads\/2024\/10\/DSC_0451-1024x729.jpg 1024w, https:\/\/www.delalumiereauxyeux-photo.fr\/wp-content\/uploads\/2024\/10\/DSC_0451-300x214.jpg 300w, https:\/\/www.delalumiereauxyeux-photo.fr\/wp-content\/uploads\/2024\/10\/DSC_0451-768x547.jpg 768w, https:\/\/www.delalumiereauxyeux-photo.fr\/wp-content\/uploads\/2024\/10\/DSC_0451-1536x1094.jpg 1536w, https:\/\/www.delalumiereauxyeux-photo.fr\/wp-content\/uploads\/2024\/10\/DSC_0451-2048x1458.jpg 2048w\" sizes=\"(max-width: 1024px) 100vw, 1024px\" \/><\/figure>\n\n\n\n<figure class=\"wp-block-image size-large\"><img loading=\"lazy\" decoding=\"async\" width=\"683\" height=\"1024\" src=\"http:\/\/www.delalumiereauxyeux-photo.fr\/wp-content\/uploads\/2024\/10\/DSC_0466-683x1024.jpg\" alt=\"Festival du Centenaire de l'Autodrome de Linas-Montlh\u00e9ry photographe De la lumi\u00e8re aux yeux\" class=\"wp-image-7210\" srcset=\"https:\/\/www.delalumiereauxyeux-photo.fr\/wp-content\/uploads\/2024\/10\/DSC_0466-683x1024.jpg 683w, https:\/\/www.delalumiereauxyeux-photo.fr\/wp-content\/uploads\/2024\/10\/DSC_0466-200x300.jpg 200w, https:\/\/www.delalumiereauxyeux-photo.fr\/wp-content\/uploads\/2024\/10\/DSC_0466-768x1152.jpg 768w, https:\/\/www.delalumiereauxyeux-photo.fr\/wp-content\/uploads\/2024\/10\/DSC_0466-1024x1536.jpg 1024w, https:\/\/www.delalumiereauxyeux-photo.fr\/wp-content\/uploads\/2024\/10\/DSC_0466-1365x2048.jpg 1365w, https:\/\/www.delalumiereauxyeux-photo.fr\/wp-content\/uploads\/2024\/10\/DSC_0466-scaled.jpg 1707w\" sizes=\"(max-width: 683px) 100vw, 683px\" \/><\/figure>\n\n\n\n<figure class=\"wp-block-image size-large\"><img loading=\"lazy\" decoding=\"async\" width=\"1024\" height=\"683\" src=\"http:\/\/www.delalumiereauxyeux-photo.fr\/wp-content\/uploads\/2024\/10\/DSC_0476-1024x683.jpg\" alt=\"Festival du Centenaire de l'Autodrome de Linas-Montlh\u00e9ry photographe De la lumi\u00e8re aux yeux\" class=\"wp-image-7211\" srcset=\"https:\/\/www.delalumiereauxyeux-photo.fr\/wp-content\/uploads\/2024\/10\/DSC_0476-1024x683.jpg 1024w, https:\/\/www.delalumiereauxyeux-photo.fr\/wp-content\/uploads\/2024\/10\/DSC_0476-300x200.jpg 300w, https:\/\/www.delalumiereauxyeux-photo.fr\/wp-content\/uploads\/2024\/10\/DSC_0476-768x512.jpg 768w, https:\/\/www.delalumiereauxyeux-photo.fr\/wp-content\/uploads\/2024\/10\/DSC_0476-1536x1024.jpg 1536w, https:\/\/www.delalumiereauxyeux-photo.fr\/wp-content\/uploads\/2024\/10\/DSC_0476-2048x1365.jpg 2048w\" sizes=\"(max-width: 1024px) 100vw, 1024px\" \/><\/figure>\n\n\n\n<figure class=\"wp-block-image size-large\"><img loading=\"lazy\" decoding=\"async\" width=\"1024\" height=\"552\" src=\"http:\/\/www.delalumiereauxyeux-photo.fr\/wp-content\/uploads\/2024\/10\/DSC_0498-1024x552.jpg\" alt=\"Festival du Centenaire de l'Autodrome de Linas-Montlh\u00e9ry photographe De la lumi\u00e8re aux yeux\" class=\"wp-image-7212\" srcset=\"https:\/\/www.delalumiereauxyeux-photo.fr\/wp-content\/uploads\/2024\/10\/DSC_0498-1024x552.jpg 1024w, https:\/\/www.delalumiereauxyeux-photo.fr\/wp-content\/uploads\/2024\/10\/DSC_0498-300x162.jpg 300w, https:\/\/www.delalumiereauxyeux-photo.fr\/wp-content\/uploads\/2024\/10\/DSC_0498-768x414.jpg 768w, https:\/\/www.delalumiereauxyeux-photo.fr\/wp-content\/uploads\/2024\/10\/DSC_0498-1536x829.jpg 1536w, https:\/\/www.delalumiereauxyeux-photo.fr\/wp-content\/uploads\/2024\/10\/DSC_0498-2048x1105.jpg 2048w\" sizes=\"(max-width: 1024px) 100vw, 1024px\" \/><\/figure>\n\n\n\n<figure class=\"wp-block-image size-large\"><img loading=\"lazy\" decoding=\"async\" width=\"1024\" height=\"835\" src=\"http:\/\/www.delalumiereauxyeux-photo.fr\/wp-content\/uploads\/2024\/10\/DSC_0503-1024x835.jpg\" alt=\"Festival du Centenaire de l'Autodrome de Linas-Montlh\u00e9ry photographe De la lumi\u00e8re aux yeux\" class=\"wp-image-7213\" srcset=\"https:\/\/www.delalumiereauxyeux-photo.fr\/wp-content\/uploads\/2024\/10\/DSC_0503-1024x835.jpg 1024w, https:\/\/www.delalumiereauxyeux-photo.fr\/wp-content\/uploads\/2024\/10\/DSC_0503-300x245.jpg 300w, https:\/\/www.delalumiereauxyeux-photo.fr\/wp-content\/uploads\/2024\/10\/DSC_0503-768x626.jpg 768w, https:\/\/www.delalumiereauxyeux-photo.fr\/wp-content\/uploads\/2024\/10\/DSC_0503-1536x1253.jpg 1536w, https:\/\/www.delalumiereauxyeux-photo.fr\/wp-content\/uploads\/2024\/10\/DSC_0503-2048x1670.jpg 2048w\" sizes=\"(max-width: 1024px) 100vw, 1024px\" \/><\/figure>\n\n\n\n<figure class=\"wp-block-image size-large\"><img loading=\"lazy\" decoding=\"async\" width=\"1024\" height=\"463\" src=\"http:\/\/www.delalumiereauxyeux-photo.fr\/wp-content\/uploads\/2024\/10\/DSC_0506-1024x463.jpg\" alt=\"Festival du Centenaire de l'Autodrome de Linas-Montlh\u00e9ry photographe De la lumi\u00e8re aux yeux\" class=\"wp-image-7214\" srcset=\"https:\/\/www.delalumiereauxyeux-photo.fr\/wp-content\/uploads\/2024\/10\/DSC_0506-1024x463.jpg 1024w, https:\/\/www.delalumiereauxyeux-photo.fr\/wp-content\/uploads\/2024\/10\/DSC_0506-300x136.jpg 300w, https:\/\/www.delalumiereauxyeux-photo.fr\/wp-content\/uploads\/2024\/10\/DSC_0506-768x347.jpg 768w, https:\/\/www.delalumiereauxyeux-photo.fr\/wp-content\/uploads\/2024\/10\/DSC_0506-1536x695.jpg 1536w, https:\/\/www.delalumiereauxyeux-photo.fr\/wp-content\/uploads\/2024\/10\/DSC_0506-2048x926.jpg 2048w\" sizes=\"(max-width: 1024px) 100vw, 1024px\" \/><\/figure>\n\n\n\n<figure class=\"wp-block-image size-large\"><img loading=\"lazy\" decoding=\"async\" width=\"1024\" height=\"683\" src=\"http:\/\/www.delalumiereauxyeux-photo.fr\/wp-content\/uploads\/2024\/10\/DSC_0508-1024x683.jpg\" alt=\"Festival du Centenaire de l'Autodrome de Linas-Montlh\u00e9ry photographe De la lumi\u00e8re aux yeux\" class=\"wp-image-7215\" srcset=\"https:\/\/www.delalumiereauxyeux-photo.fr\/wp-content\/uploads\/2024\/10\/DSC_0508-1024x683.jpg 1024w, https:\/\/www.delalumiereauxyeux-photo.fr\/wp-content\/uploads\/2024\/10\/DSC_0508-300x200.jpg 300w, https:\/\/www.delalumiereauxyeux-photo.fr\/wp-content\/uploads\/2024\/10\/DSC_0508-768x512.jpg 768w, https:\/\/www.delalumiereauxyeux-photo.fr\/wp-content\/uploads\/2024\/10\/DSC_0508-1536x1024.jpg 1536w, https:\/\/www.delalumiereauxyeux-photo.fr\/wp-content\/uploads\/2024\/10\/DSC_0508-2048x1365.jpg 2048w\" sizes=\"(max-width: 1024px) 100vw, 1024px\" \/><\/figure>\n\n\n\n<figure class=\"wp-block-image size-large\"><img loading=\"lazy\" decoding=\"async\" width=\"1024\" height=\"683\" src=\"http:\/\/www.delalumiereauxyeux-photo.fr\/wp-content\/uploads\/2024\/10\/DSC_0509-1-1024x683.jpg\" alt=\"Festival du Centenaire de l'Autodrome de Linas-Montlh\u00e9ry photographe De la lumi\u00e8re aux yeux\" class=\"wp-image-7216\" srcset=\"https:\/\/www.delalumiereauxyeux-photo.fr\/wp-content\/uploads\/2024\/10\/DSC_0509-1-1024x683.jpg 1024w, https:\/\/www.delalumiereauxyeux-photo.fr\/wp-content\/uploads\/2024\/10\/DSC_0509-1-300x200.jpg 300w, https:\/\/www.delalumiereauxyeux-photo.fr\/wp-content\/uploads\/2024\/10\/DSC_0509-1-768x512.jpg 768w, https:\/\/www.delalumiereauxyeux-photo.fr\/wp-content\/uploads\/2024\/10\/DSC_0509-1-1536x1024.jpg 1536w, https:\/\/www.delalumiereauxyeux-photo.fr\/wp-content\/uploads\/2024\/10\/DSC_0509-1-2048x1365.jpg 2048w\" sizes=\"(max-width: 1024px) 100vw, 1024px\" \/><\/figure>\n\n\n\n<figure class=\"wp-block-image size-large\"><img loading=\"lazy\" decoding=\"async\" width=\"1024\" height=\"584\" src=\"http:\/\/www.delalumiereauxyeux-photo.fr\/wp-content\/uploads\/2024\/10\/DSC_0516-1024x584.jpg\" alt=\"Festival du Centenaire de l'Autodrome de Linas-Montlh\u00e9ry photographe De la lumi\u00e8re aux yeux\" class=\"wp-image-7218\" srcset=\"https:\/\/www.delalumiereauxyeux-photo.fr\/wp-content\/uploads\/2024\/10\/DSC_0516-1024x584.jpg 1024w, https:\/\/www.delalumiereauxyeux-photo.fr\/wp-content\/uploads\/2024\/10\/DSC_0516-300x171.jpg 300w, https:\/\/www.delalumiereauxyeux-photo.fr\/wp-content\/uploads\/2024\/10\/DSC_0516-768x438.jpg 768w, https:\/\/www.delalumiereauxyeux-photo.fr\/wp-content\/uploads\/2024\/10\/DSC_0516-1536x876.jpg 1536w, https:\/\/www.delalumiereauxyeux-photo.fr\/wp-content\/uploads\/2024\/10\/DSC_0516-2048x1168.jpg 2048w\" sizes=\"(max-width: 1024px) 100vw, 1024px\" \/><\/figure>\n\n\n\n<figure class=\"wp-block-image size-large\"><img loading=\"lazy\" decoding=\"async\" width=\"1024\" height=\"637\" src=\"http:\/\/www.delalumiereauxyeux-photo.fr\/wp-content\/uploads\/2024\/10\/DSC_0534-1024x637.jpg\" alt=\"Festival du Centenaire de l'Autodrome de Linas-Montlh\u00e9ry photographe De la lumi\u00e8re aux yeux\" class=\"wp-image-7219\" srcset=\"https:\/\/www.delalumiereauxyeux-photo.fr\/wp-content\/uploads\/2024\/10\/DSC_0534-1024x637.jpg 1024w, https:\/\/www.delalumiereauxyeux-photo.fr\/wp-content\/uploads\/2024\/10\/DSC_0534-300x187.jpg 300w, https:\/\/www.delalumiereauxyeux-photo.fr\/wp-content\/uploads\/2024\/10\/DSC_0534-768x478.jpg 768w, https:\/\/www.delalumiereauxyeux-photo.fr\/wp-content\/uploads\/2024\/10\/DSC_0534-1536x956.jpg 1536w, https:\/\/www.delalumiereauxyeux-photo.fr\/wp-content\/uploads\/2024\/10\/DSC_0534-2048x1275.jpg 2048w\" sizes=\"(max-width: 1024px) 100vw, 1024px\" \/><\/figure>\n\n\n\n<figure class=\"wp-block-image size-large\"><img loading=\"lazy\" decoding=\"async\" width=\"1024\" height=\"597\" src=\"http:\/\/www.delalumiereauxyeux-photo.fr\/wp-content\/uploads\/2024\/10\/DSC_0514-1024x597.jpg\" alt=\"Festival du Centenaire de l'Autodrome de Linas-Montlh\u00e9ry photographe De la lumi\u00e8re aux yeux\" class=\"wp-image-7217\" srcset=\"https:\/\/www.delalumiereauxyeux-photo.fr\/wp-content\/uploads\/2024\/10\/DSC_0514-1024x597.jpg 1024w, https:\/\/www.delalumiereauxyeux-photo.fr\/wp-content\/uploads\/2024\/10\/DSC_0514-300x175.jpg 300w, https:\/\/www.delalumiereauxyeux-photo.fr\/wp-content\/uploads\/2024\/10\/DSC_0514-768x448.jpg 768w, https:\/\/www.delalumiereauxyeux-photo.fr\/wp-content\/uploads\/2024\/10\/DSC_0514-1536x896.jpg 1536w, https:\/\/www.delalumiereauxyeux-photo.fr\/wp-content\/uploads\/2024\/10\/DSC_0514-2048x1195.jpg 2048w\" sizes=\"(max-width: 1024px) 100vw, 1024px\" \/><\/figure>\n\n\n\n<p>Aux stands<\/p>\n\n\n\n<figure class=\"wp-block-image size-large\"><img loading=\"lazy\" decoding=\"async\" width=\"1024\" height=\"784\" src=\"http:\/\/www.delalumiereauxyeux-photo.fr\/wp-content\/uploads\/2024\/10\/DSC_2478-1024x784.jpg\" alt=\"Festival du Centenaire de l'Autodrome de Linas-Montlh\u00e9ry photographe De la lumi\u00e8re aux yeux\" class=\"wp-image-7180\" srcset=\"https:\/\/www.delalumiereauxyeux-photo.fr\/wp-content\/uploads\/2024\/10\/DSC_2478-1024x784.jpg 1024w, https:\/\/www.delalumiereauxyeux-photo.fr\/wp-content\/uploads\/2024\/10\/DSC_2478-300x230.jpg 300w, https:\/\/www.delalumiereauxyeux-photo.fr\/wp-content\/uploads\/2024\/10\/DSC_2478-768x588.jpg 768w, https:\/\/www.delalumiereauxyeux-photo.fr\/wp-content\/uploads\/2024\/10\/DSC_2478-1536x1176.jpg 1536w, https:\/\/www.delalumiereauxyeux-photo.fr\/wp-content\/uploads\/2024\/10\/DSC_2478-2048x1568.jpg 2048w\" sizes=\"(max-width: 1024px) 100vw, 1024px\" \/><\/figure>\n\n\n\n<figure class=\"wp-block-image size-large\"><img loading=\"lazy\" decoding=\"async\" width=\"416\" height=\"1024\" src=\"http:\/\/www.delalumiereauxyeux-photo.fr\/wp-content\/uploads\/2024\/10\/DSC_2480-416x1024.jpg\" alt=\"Festival du Centenaire de l'Autodrome de Linas-Montlh\u00e9ry photographe De la lumi\u00e8re aux yeux\" class=\"wp-image-7181\" srcset=\"https:\/\/www.delalumiereauxyeux-photo.fr\/wp-content\/uploads\/2024\/10\/DSC_2480-416x1024.jpg 416w, https:\/\/www.delalumiereauxyeux-photo.fr\/wp-content\/uploads\/2024\/10\/DSC_2480-122x300.jpg 122w, https:\/\/www.delalumiereauxyeux-photo.fr\/wp-content\/uploads\/2024\/10\/DSC_2480-768x1892.jpg 768w, https:\/\/www.delalumiereauxyeux-photo.fr\/wp-content\/uploads\/2024\/10\/DSC_2480-624x1536.jpg 624w, https:\/\/www.delalumiereauxyeux-photo.fr\/wp-content\/uploads\/2024\/10\/DSC_2480-831x2048.jpg 831w, https:\/\/www.delalumiereauxyeux-photo.fr\/wp-content\/uploads\/2024\/10\/DSC_2480-scaled.jpg 1039w\" sizes=\"(max-width: 416px) 100vw, 416px\" \/><\/figure>\n\n\n\n<figure class=\"wp-block-image size-large\"><img loading=\"lazy\" decoding=\"async\" width=\"1024\" height=\"623\" src=\"http:\/\/www.delalumiereauxyeux-photo.fr\/wp-content\/uploads\/2024\/10\/DSC_2482-1024x623.jpg\" alt=\"Festival du Centenaire de l'Autodrome de Linas-Montlh\u00e9ry photographe De la lumi\u00e8re aux yeux\" class=\"wp-image-7182\" srcset=\"https:\/\/www.delalumiereauxyeux-photo.fr\/wp-content\/uploads\/2024\/10\/DSC_2482-1024x623.jpg 1024w, https:\/\/www.delalumiereauxyeux-photo.fr\/wp-content\/uploads\/2024\/10\/DSC_2482-300x182.jpg 300w, https:\/\/www.delalumiereauxyeux-photo.fr\/wp-content\/uploads\/2024\/10\/DSC_2482-768x467.jpg 768w, https:\/\/www.delalumiereauxyeux-photo.fr\/wp-content\/uploads\/2024\/10\/DSC_2482-1536x934.jpg 1536w, https:\/\/www.delalumiereauxyeux-photo.fr\/wp-content\/uploads\/2024\/10\/DSC_2482-2048x1246.jpg 2048w\" sizes=\"(max-width: 1024px) 100vw, 1024px\" \/><\/figure>\n\n\n\n<figure class=\"wp-block-image size-large\"><img loading=\"lazy\" decoding=\"async\" width=\"1024\" height=\"683\" src=\"http:\/\/www.delalumiereauxyeux-photo.fr\/wp-content\/uploads\/2024\/10\/DSC_2485-1024x683.jpg\" alt=\"Festival du Centenaire de l'Autodrome de Linas-Montlh\u00e9ry photographe De la lumi\u00e8re aux yeux\" class=\"wp-image-7183\" srcset=\"https:\/\/www.delalumiereauxyeux-photo.fr\/wp-content\/uploads\/2024\/10\/DSC_2485-1024x683.jpg 1024w, https:\/\/www.delalumiereauxyeux-photo.fr\/wp-content\/uploads\/2024\/10\/DSC_2485-300x200.jpg 300w, https:\/\/www.delalumiereauxyeux-photo.fr\/wp-content\/uploads\/2024\/10\/DSC_2485-768x512.jpg 768w, https:\/\/www.delalumiereauxyeux-photo.fr\/wp-content\/uploads\/2024\/10\/DSC_2485-1536x1024.jpg 1536w, https:\/\/www.delalumiereauxyeux-photo.fr\/wp-content\/uploads\/2024\/10\/DSC_2485-2048x1365.jpg 2048w\" sizes=\"(max-width: 1024px) 100vw, 1024px\" \/><\/figure>\n\n\n\n<figure class=\"wp-block-image size-large\"><img loading=\"lazy\" decoding=\"async\" width=\"268\" height=\"1024\" src=\"http:\/\/www.delalumiereauxyeux-photo.fr\/wp-content\/uploads\/2024\/10\/DSC_2487-268x1024.jpg\" alt=\"Festival du Centenaire de l'Autodrome de Linas-Montlh\u00e9ry photographe De la lumi\u00e8re aux yeux\" class=\"wp-image-7185\" srcset=\"https:\/\/www.delalumiereauxyeux-photo.fr\/wp-content\/uploads\/2024\/10\/DSC_2487-268x1024.jpg 268w, https:\/\/www.delalumiereauxyeux-photo.fr\/wp-content\/uploads\/2024\/10\/DSC_2487-768x2936.jpg 768w, https:\/\/www.delalumiereauxyeux-photo.fr\/wp-content\/uploads\/2024\/10\/DSC_2487-402x1536.jpg 402w, https:\/\/www.delalumiereauxyeux-photo.fr\/wp-content\/uploads\/2024\/10\/DSC_2487-536x2048.jpg 536w, https:\/\/www.delalumiereauxyeux-photo.fr\/wp-content\/uploads\/2024\/10\/DSC_2487-scaled.jpg 670w\" sizes=\"(max-width: 268px) 100vw, 268px\" \/><\/figure>\n\n\n\n<figure class=\"wp-block-image size-large\"><img loading=\"lazy\" decoding=\"async\" width=\"1024\" height=\"811\" src=\"http:\/\/www.delalumiereauxyeux-photo.fr\/wp-content\/uploads\/2024\/10\/DSC_2486-1024x811.jpg\" alt=\"Festival du Centenaire de l'Autodrome de Linas-Montlh\u00e9ry photographe De la lumi\u00e8re aux yeux\" class=\"wp-image-7184\" srcset=\"https:\/\/www.delalumiereauxyeux-photo.fr\/wp-content\/uploads\/2024\/10\/DSC_2486-1024x811.jpg 1024w, https:\/\/www.delalumiereauxyeux-photo.fr\/wp-content\/uploads\/2024\/10\/DSC_2486-300x237.jpg 300w, https:\/\/www.delalumiereauxyeux-photo.fr\/wp-content\/uploads\/2024\/10\/DSC_2486-768x608.jpg 768w, https:\/\/www.delalumiereauxyeux-photo.fr\/wp-content\/uploads\/2024\/10\/DSC_2486-1536x1216.jpg 1536w, https:\/\/www.delalumiereauxyeux-photo.fr\/wp-content\/uploads\/2024\/10\/DSC_2486-2048x1621.jpg 2048w\" sizes=\"(max-width: 1024px) 100vw, 1024px\" \/><\/figure>\n\n\n\n<p>Interview de Jean-Claude BASSO<\/p>\n\n\n\n<figure class=\"wp-block-image size-large\"><img loading=\"lazy\" decoding=\"async\" width=\"1024\" height=\"730\" src=\"http:\/\/www.delalumiereauxyeux-photo.fr\/wp-content\/uploads\/2024\/10\/DSC_2493-1024x730.jpg\" alt=\"Festival du Centenaire de l'Autodrome de Linas-Montlh\u00e9ry photographe De la lumi\u00e8re aux yeux\" class=\"wp-image-7186\" srcset=\"https:\/\/www.delalumiereauxyeux-photo.fr\/wp-content\/uploads\/2024\/10\/DSC_2493-1024x730.jpg 1024w, https:\/\/www.delalumiereauxyeux-photo.fr\/wp-content\/uploads\/2024\/10\/DSC_2493-300x214.jpg 300w, https:\/\/www.delalumiereauxyeux-photo.fr\/wp-content\/uploads\/2024\/10\/DSC_2493-768x548.jpg 768w, https:\/\/www.delalumiereauxyeux-photo.fr\/wp-content\/uploads\/2024\/10\/DSC_2493-1536x1095.jpg 1536w, https:\/\/www.delalumiereauxyeux-photo.fr\/wp-content\/uploads\/2024\/10\/DSC_2493-2048x1460.jpg 2048w\" sizes=\"(max-width: 1024px) 100vw, 1024px\" \/><\/figure>\n\n\n\n<figure class=\"wp-block-image size-large\"><img loading=\"lazy\" decoding=\"async\" width=\"1024\" height=\"683\" src=\"http:\/\/www.delalumiereauxyeux-photo.fr\/wp-content\/uploads\/2024\/10\/DSC_0541-1024x683.jpg\" alt=\"Festival du Centenaire de l'Autodrome de Linas-Montlh\u00e9ry photographe De la lumi\u00e8re aux yeux\" class=\"wp-image-7220\" srcset=\"https:\/\/www.delalumiereauxyeux-photo.fr\/wp-content\/uploads\/2024\/10\/DSC_0541-1024x683.jpg 1024w, https:\/\/www.delalumiereauxyeux-photo.fr\/wp-content\/uploads\/2024\/10\/DSC_0541-300x200.jpg 300w, https:\/\/www.delalumiereauxyeux-photo.fr\/wp-content\/uploads\/2024\/10\/DSC_0541-768x512.jpg 768w, https:\/\/www.delalumiereauxyeux-photo.fr\/wp-content\/uploads\/2024\/10\/DSC_0541-1536x1024.jpg 1536w, https:\/\/www.delalumiereauxyeux-photo.fr\/wp-content\/uploads\/2024\/10\/DSC_0541-2048x1365.jpg 2048w\" sizes=\"(max-width: 1024px) 100vw, 1024px\" \/><\/figure>\n\n\n\n<figure class=\"wp-block-image size-large\"><img loading=\"lazy\" decoding=\"async\" width=\"1024\" height=\"700\" src=\"http:\/\/www.delalumiereauxyeux-photo.fr\/wp-content\/uploads\/2024\/10\/DSC_2531-1024x700.jpg\" alt=\"Festival du Centenaire de l'Autodrome de Linas-Montlh\u00e9ry photographe De la lumi\u00e8re aux yeux\" class=\"wp-image-7209\" srcset=\"https:\/\/www.delalumiereauxyeux-photo.fr\/wp-content\/uploads\/2024\/10\/DSC_2531-1024x700.jpg 1024w, https:\/\/www.delalumiereauxyeux-photo.fr\/wp-content\/uploads\/2024\/10\/DSC_2531-300x205.jpg 300w, https:\/\/www.delalumiereauxyeux-photo.fr\/wp-content\/uploads\/2024\/10\/DSC_2531-768x525.jpg 768w, https:\/\/www.delalumiereauxyeux-photo.fr\/wp-content\/uploads\/2024\/10\/DSC_2531-1536x1050.jpg 1536w, https:\/\/www.delalumiereauxyeux-photo.fr\/wp-content\/uploads\/2024\/10\/DSC_2531-2048x1400.jpg 2048w\" sizes=\"(max-width: 1024px) 100vw, 1024px\" \/><\/figure>\n\n\n\n<figure class=\"wp-block-image size-large\"><img loading=\"lazy\" decoding=\"async\" width=\"1024\" height=\"683\" src=\"http:\/\/www.delalumiereauxyeux-photo.fr\/wp-content\/uploads\/2024\/10\/DSC_0550-1024x683.jpg\" alt=\"Festival du Centenaire de l'Autodrome de Linas-Montlh\u00e9ry photographe De la lumi\u00e8re aux yeux\" class=\"wp-image-7221\" srcset=\"https:\/\/www.delalumiereauxyeux-photo.fr\/wp-content\/uploads\/2024\/10\/DSC_0550-1024x683.jpg 1024w, https:\/\/www.delalumiereauxyeux-photo.fr\/wp-content\/uploads\/2024\/10\/DSC_0550-300x200.jpg 300w, https:\/\/www.delalumiereauxyeux-photo.fr\/wp-content\/uploads\/2024\/10\/DSC_0550-768x512.jpg 768w, https:\/\/www.delalumiereauxyeux-photo.fr\/wp-content\/uploads\/2024\/10\/DSC_0550-1536x1024.jpg 1536w, https:\/\/www.delalumiereauxyeux-photo.fr\/wp-content\/uploads\/2024\/10\/DSC_0550-2048x1365.jpg 2048w\" sizes=\"(max-width: 1024px) 100vw, 1024px\" \/><\/figure>\n\n\n\n<p>Robert VERBER<\/p>\n\n\n\n<figure class=\"wp-block-image size-large\"><img loading=\"lazy\" decoding=\"async\" width=\"759\" height=\"1024\" src=\"http:\/\/www.delalumiereauxyeux-photo.fr\/wp-content\/uploads\/2024\/10\/DSC_0403-1-759x1024.jpg\" alt=\"Festival du Centenaire de l'Autodrome de Linas-Montlh\u00e9ry photographe De la lumi\u00e8re aux yeux\" class=\"wp-image-7197\" srcset=\"https:\/\/www.delalumiereauxyeux-photo.fr\/wp-content\/uploads\/2024\/10\/DSC_0403-1-759x1024.jpg 759w, https:\/\/www.delalumiereauxyeux-photo.fr\/wp-content\/uploads\/2024\/10\/DSC_0403-1-222x300.jpg 222w, https:\/\/www.delalumiereauxyeux-photo.fr\/wp-content\/uploads\/2024\/10\/DSC_0403-1-768x1036.jpg 768w, https:\/\/www.delalumiereauxyeux-photo.fr\/wp-content\/uploads\/2024\/10\/DSC_0403-1-1139x1536.jpg 1139w, https:\/\/www.delalumiereauxyeux-photo.fr\/wp-content\/uploads\/2024\/10\/DSC_0403-1-1519x2048.jpg 1519w, https:\/\/www.delalumiereauxyeux-photo.fr\/wp-content\/uploads\/2024\/10\/DSC_0403-1-scaled.jpg 1898w\" sizes=\"(max-width: 759px) 100vw, 759px\" \/><\/figure>\n\n\n\n<p>S\u00e9ances de d\u00e9dicaces et rencontre avec les fans \ud83d\ude09<\/p>\n\n\n\n<p>Famille MONNERET, Richard ALMET, Raul MARCHISIO, Sandy,&#8230;<\/p>\n\n\n\n<figure class=\"wp-block-image size-large\"><img loading=\"lazy\" decoding=\"async\" width=\"1024\" height=\"666\" src=\"http:\/\/www.delalumiereauxyeux-photo.fr\/wp-content\/uploads\/2024\/10\/DSC_2497-1024x666.jpg\" alt=\"Festival du Centenaire de l'Autodrome de Linas-Montlh\u00e9ry photographe De la lumi\u00e8re aux yeux\" class=\"wp-image-7188\" srcset=\"https:\/\/www.delalumiereauxyeux-photo.fr\/wp-content\/uploads\/2024\/10\/DSC_2497-1024x666.jpg 1024w, https:\/\/www.delalumiereauxyeux-photo.fr\/wp-content\/uploads\/2024\/10\/DSC_2497-300x195.jpg 300w, https:\/\/www.delalumiereauxyeux-photo.fr\/wp-content\/uploads\/2024\/10\/DSC_2497-768x500.jpg 768w, https:\/\/www.delalumiereauxyeux-photo.fr\/wp-content\/uploads\/2024\/10\/DSC_2497-1536x999.jpg 1536w, https:\/\/www.delalumiereauxyeux-photo.fr\/wp-content\/uploads\/2024\/10\/DSC_2497-2048x1333.jpg 2048w\" sizes=\"(max-width: 1024px) 100vw, 1024px\" \/><\/figure>\n\n\n\n<figure class=\"wp-block-image size-large\"><img loading=\"lazy\" decoding=\"async\" width=\"1024\" height=\"715\" src=\"http:\/\/www.delalumiereauxyeux-photo.fr\/wp-content\/uploads\/2024\/10\/DSC_2498-1024x715.jpg\" alt=\"Festival du Centenaire de l'Autodrome de Linas-Montlh\u00e9ry photographe De la lumi\u00e8re aux yeux\" class=\"wp-image-7189\" srcset=\"https:\/\/www.delalumiereauxyeux-photo.fr\/wp-content\/uploads\/2024\/10\/DSC_2498-1024x715.jpg 1024w, https:\/\/www.delalumiereauxyeux-photo.fr\/wp-content\/uploads\/2024\/10\/DSC_2498-300x210.jpg 300w, https:\/\/www.delalumiereauxyeux-photo.fr\/wp-content\/uploads\/2024\/10\/DSC_2498-768x537.jpg 768w, https:\/\/www.delalumiereauxyeux-photo.fr\/wp-content\/uploads\/2024\/10\/DSC_2498-1536x1073.jpg 1536w, https:\/\/www.delalumiereauxyeux-photo.fr\/wp-content\/uploads\/2024\/10\/DSC_2498-2048x1431.jpg 2048w\" sizes=\"(max-width: 1024px) 100vw, 1024px\" \/><\/figure>\n\n\n\n<figure class=\"wp-block-image size-large\"><img loading=\"lazy\" decoding=\"async\" width=\"683\" height=\"1024\" src=\"http:\/\/www.delalumiereauxyeux-photo.fr\/wp-content\/uploads\/2024\/10\/DSC_2507-683x1024.jpg\" alt=\"Festival du Centenaire de l'Autodrome de Linas-Montlh\u00e9ry photographe De la lumi\u00e8re aux yeux\" class=\"wp-image-7190\" srcset=\"https:\/\/www.delalumiereauxyeux-photo.fr\/wp-content\/uploads\/2024\/10\/DSC_2507-683x1024.jpg 683w, https:\/\/www.delalumiereauxyeux-photo.fr\/wp-content\/uploads\/2024\/10\/DSC_2507-200x300.jpg 200w, https:\/\/www.delalumiereauxyeux-photo.fr\/wp-content\/uploads\/2024\/10\/DSC_2507-768x1152.jpg 768w, https:\/\/www.delalumiereauxyeux-photo.fr\/wp-content\/uploads\/2024\/10\/DSC_2507-1024x1536.jpg 1024w, https:\/\/www.delalumiereauxyeux-photo.fr\/wp-content\/uploads\/2024\/10\/DSC_2507-1365x2048.jpg 1365w, https:\/\/www.delalumiereauxyeux-photo.fr\/wp-content\/uploads\/2024\/10\/DSC_2507-scaled.jpg 1707w\" sizes=\"(max-width: 683px) 100vw, 683px\" \/><\/figure>\n\n\n\n<figure class=\"wp-block-image size-large\"><img loading=\"lazy\" decoding=\"async\" width=\"683\" height=\"1024\" src=\"http:\/\/www.delalumiereauxyeux-photo.fr\/wp-content\/uploads\/2024\/10\/DSC_2508-683x1024.jpg\" alt=\"Festival du Centenaire de l'Autodrome de Linas-Montlh\u00e9ry photographe De la lumi\u00e8re aux yeux\" class=\"wp-image-7191\" srcset=\"https:\/\/www.delalumiereauxyeux-photo.fr\/wp-content\/uploads\/2024\/10\/DSC_2508-683x1024.jpg 683w, https:\/\/www.delalumiereauxyeux-photo.fr\/wp-content\/uploads\/2024\/10\/DSC_2508-200x300.jpg 200w, https:\/\/www.delalumiereauxyeux-photo.fr\/wp-content\/uploads\/2024\/10\/DSC_2508-768x1152.jpg 768w, https:\/\/www.delalumiereauxyeux-photo.fr\/wp-content\/uploads\/2024\/10\/DSC_2508-1024x1536.jpg 1024w, https:\/\/www.delalumiereauxyeux-photo.fr\/wp-content\/uploads\/2024\/10\/DSC_2508-1365x2048.jpg 1365w, https:\/\/www.delalumiereauxyeux-photo.fr\/wp-content\/uploads\/2024\/10\/DSC_2508-scaled.jpg 1707w\" sizes=\"(max-width: 683px) 100vw, 683px\" \/><\/figure>\n\n\n\n<figure class=\"wp-block-image size-large\"><img loading=\"lazy\" decoding=\"async\" width=\"683\" height=\"1024\" src=\"http:\/\/www.delalumiereauxyeux-photo.fr\/wp-content\/uploads\/2024\/10\/DSC_2509-683x1024.jpg\" alt=\"Festival du Centenaire de l'Autodrome de Linas-Montlh\u00e9ry photographe De la lumi\u00e8re aux yeux\" class=\"wp-image-7193\" srcset=\"https:\/\/www.delalumiereauxyeux-photo.fr\/wp-content\/uploads\/2024\/10\/DSC_2509-683x1024.jpg 683w, https:\/\/www.delalumiereauxyeux-photo.fr\/wp-content\/uploads\/2024\/10\/DSC_2509-200x300.jpg 200w, https:\/\/www.delalumiereauxyeux-photo.fr\/wp-content\/uploads\/2024\/10\/DSC_2509-768x1152.jpg 768w, https:\/\/www.delalumiereauxyeux-photo.fr\/wp-content\/uploads\/2024\/10\/DSC_2509-1024x1536.jpg 1024w, https:\/\/www.delalumiereauxyeux-photo.fr\/wp-content\/uploads\/2024\/10\/DSC_2509-1365x2048.jpg 1365w, https:\/\/www.delalumiereauxyeux-photo.fr\/wp-content\/uploads\/2024\/10\/DSC_2509-scaled.jpg 1707w\" sizes=\"(max-width: 683px) 100vw, 683px\" \/><\/figure>\n\n\n\n<figure class=\"wp-block-image size-large\"><img loading=\"lazy\" decoding=\"async\" width=\"1024\" height=\"683\" src=\"http:\/\/www.delalumiereauxyeux-photo.fr\/wp-content\/uploads\/2024\/10\/DSC_2511-1024x683.jpg\" alt=\"Festival du Centenaire de l'Autodrome de Linas-Montlh\u00e9ry photographe De la lumi\u00e8re aux yeux\" class=\"wp-image-7194\" srcset=\"https:\/\/www.delalumiereauxyeux-photo.fr\/wp-content\/uploads\/2024\/10\/DSC_2511-1024x683.jpg 1024w, https:\/\/www.delalumiereauxyeux-photo.fr\/wp-content\/uploads\/2024\/10\/DSC_2511-300x200.jpg 300w, https:\/\/www.delalumiereauxyeux-photo.fr\/wp-content\/uploads\/2024\/10\/DSC_2511-768x512.jpg 768w, https:\/\/www.delalumiereauxyeux-photo.fr\/wp-content\/uploads\/2024\/10\/DSC_2511-1536x1024.jpg 1536w, https:\/\/www.delalumiereauxyeux-photo.fr\/wp-content\/uploads\/2024\/10\/DSC_2511-2048x1365.jpg 2048w\" sizes=\"(max-width: 1024px) 100vw, 1024px\" \/><\/figure>\n\n\n\n<figure class=\"wp-block-image size-large\"><img loading=\"lazy\" decoding=\"async\" width=\"683\" height=\"1024\" src=\"http:\/\/www.delalumiereauxyeux-photo.fr\/wp-content\/uploads\/2024\/10\/DSC_2512-683x1024.jpg\" alt=\"Festival du Centenaire de l'Autodrome de Linas-Montlh\u00e9ry photographe De la lumi\u00e8re aux yeux\" class=\"wp-image-7195\" srcset=\"https:\/\/www.delalumiereauxyeux-photo.fr\/wp-content\/uploads\/2024\/10\/DSC_2512-683x1024.jpg 683w, https:\/\/www.delalumiereauxyeux-photo.fr\/wp-content\/uploads\/2024\/10\/DSC_2512-200x300.jpg 200w, https:\/\/www.delalumiereauxyeux-photo.fr\/wp-content\/uploads\/2024\/10\/DSC_2512-768x1152.jpg 768w, https:\/\/www.delalumiereauxyeux-photo.fr\/wp-content\/uploads\/2024\/10\/DSC_2512-1024x1536.jpg 1024w, https:\/\/www.delalumiereauxyeux-photo.fr\/wp-content\/uploads\/2024\/10\/DSC_2512-1365x2048.jpg 1365w, https:\/\/www.delalumiereauxyeux-photo.fr\/wp-content\/uploads\/2024\/10\/DSC_2512-scaled.jpg 1707w\" sizes=\"(max-width: 683px) 100vw, 683px\" \/><\/figure>\n\n\n\n<figure class=\"wp-block-image size-large\"><img loading=\"lazy\" decoding=\"async\" width=\"683\" height=\"1024\" src=\"http:\/\/www.delalumiereauxyeux-photo.fr\/wp-content\/uploads\/2024\/10\/DSC_2513-683x1024.jpg\" alt=\"Festival du Centenaire de l'Autodrome de Linas-Montlh\u00e9ry photographe De la lumi\u00e8re aux yeux\" class=\"wp-image-7196\" srcset=\"https:\/\/www.delalumiereauxyeux-photo.fr\/wp-content\/uploads\/2024\/10\/DSC_2513-683x1024.jpg 683w, https:\/\/www.delalumiereauxyeux-photo.fr\/wp-content\/uploads\/2024\/10\/DSC_2513-200x300.jpg 200w, https:\/\/www.delalumiereauxyeux-photo.fr\/wp-content\/uploads\/2024\/10\/DSC_2513-768x1152.jpg 768w, https:\/\/www.delalumiereauxyeux-photo.fr\/wp-content\/uploads\/2024\/10\/DSC_2513-1024x1536.jpg 1024w, https:\/\/www.delalumiereauxyeux-photo.fr\/wp-content\/uploads\/2024\/10\/DSC_2513-1365x2048.jpg 1365w, https:\/\/www.delalumiereauxyeux-photo.fr\/wp-content\/uploads\/2024\/10\/DSC_2513-scaled.jpg 1707w\" sizes=\"(max-width: 683px) 100vw, 683px\" \/><\/figure>\n\n\n\n<figure class=\"wp-block-image size-large\"><img loading=\"lazy\" decoding=\"async\" width=\"1024\" height=\"683\" src=\"http:\/\/www.delalumiereauxyeux-photo.fr\/wp-content\/uploads\/2024\/10\/DSC_0555-1024x683.jpg\" alt=\"Festival du Centenaire de l'Autodrome de Linas-Montlh\u00e9ry photographe De la lumi\u00e8re aux yeux\" class=\"wp-image-7222\" srcset=\"https:\/\/www.delalumiereauxyeux-photo.fr\/wp-content\/uploads\/2024\/10\/DSC_0555-1024x683.jpg 1024w, https:\/\/www.delalumiereauxyeux-photo.fr\/wp-content\/uploads\/2024\/10\/DSC_0555-300x200.jpg 300w, https:\/\/www.delalumiereauxyeux-photo.fr\/wp-content\/uploads\/2024\/10\/DSC_0555-768x512.jpg 768w, https:\/\/www.delalumiereauxyeux-photo.fr\/wp-content\/uploads\/2024\/10\/DSC_0555-1536x1024.jpg 1536w, https:\/\/www.delalumiereauxyeux-photo.fr\/wp-content\/uploads\/2024\/10\/DSC_0555-2048x1365.jpg 2048w\" sizes=\"(max-width: 1024px) 100vw, 1024px\" \/><\/figure>\n\n\n\n<figure class=\"wp-block-image size-large\"><img loading=\"lazy\" decoding=\"async\" width=\"1024\" height=\"683\" src=\"http:\/\/www.delalumiereauxyeux-photo.fr\/wp-content\/uploads\/2024\/10\/DSC_0564-1024x683.jpg\" alt=\"Festival du Centenaire de l'Autodrome de Linas-Montlh\u00e9ry photographe De la lumi\u00e8re aux yeux\" class=\"wp-image-7223\" srcset=\"https:\/\/www.delalumiereauxyeux-photo.fr\/wp-content\/uploads\/2024\/10\/DSC_0564-1024x683.jpg 1024w, https:\/\/www.delalumiereauxyeux-photo.fr\/wp-content\/uploads\/2024\/10\/DSC_0564-300x200.jpg 300w, https:\/\/www.delalumiereauxyeux-photo.fr\/wp-content\/uploads\/2024\/10\/DSC_0564-768x512.jpg 768w, https:\/\/www.delalumiereauxyeux-photo.fr\/wp-content\/uploads\/2024\/10\/DSC_0564-1536x1024.jpg 1536w, https:\/\/www.delalumiereauxyeux-photo.fr\/wp-content\/uploads\/2024\/10\/DSC_0564-2048x1365.jpg 2048w\" sizes=\"(max-width: 1024px) 100vw, 1024px\" \/><\/figure>\n\n\n\n<figure class=\"wp-block-image size-large\"><img loading=\"lazy\" decoding=\"async\" width=\"1024\" height=\"683\" src=\"http:\/\/www.delalumiereauxyeux-photo.fr\/wp-content\/uploads\/2024\/10\/DSC_0574-1024x683.jpg\" alt=\"Festival du Centenaire de l'Autodrome de Linas-Montlh\u00e9ry photographe De la lumi\u00e8re aux yeux\" class=\"wp-image-7226\" srcset=\"https:\/\/www.delalumiereauxyeux-photo.fr\/wp-content\/uploads\/2024\/10\/DSC_0574-1024x683.jpg 1024w, https:\/\/www.delalumiereauxyeux-photo.fr\/wp-content\/uploads\/2024\/10\/DSC_0574-300x200.jpg 300w, https:\/\/www.delalumiereauxyeux-photo.fr\/wp-content\/uploads\/2024\/10\/DSC_0574-768x512.jpg 768w, https:\/\/www.delalumiereauxyeux-photo.fr\/wp-content\/uploads\/2024\/10\/DSC_0574-1536x1024.jpg 1536w, https:\/\/www.delalumiereauxyeux-photo.fr\/wp-content\/uploads\/2024\/10\/DSC_0574-2048x1365.jpg 2048w\" sizes=\"(max-width: 1024px) 100vw, 1024px\" \/><\/figure>\n\n\n\n<figure class=\"wp-block-image size-large\"><img loading=\"lazy\" decoding=\"async\" width=\"1024\" height=\"683\" src=\"http:\/\/www.delalumiereauxyeux-photo.fr\/wp-content\/uploads\/2024\/10\/DSC_0566-1024x683.jpg\" alt=\"Festival du Centenaire de l'Autodrome de Linas-Montlh\u00e9ry photographe De la lumi\u00e8re aux yeux\" class=\"wp-image-7224\" srcset=\"https:\/\/www.delalumiereauxyeux-photo.fr\/wp-content\/uploads\/2024\/10\/DSC_0566-1024x683.jpg 1024w, https:\/\/www.delalumiereauxyeux-photo.fr\/wp-content\/uploads\/2024\/10\/DSC_0566-300x200.jpg 300w, https:\/\/www.delalumiereauxyeux-photo.fr\/wp-content\/uploads\/2024\/10\/DSC_0566-768x512.jpg 768w, https:\/\/www.delalumiereauxyeux-photo.fr\/wp-content\/uploads\/2024\/10\/DSC_0566-1536x1024.jpg 1536w, https:\/\/www.delalumiereauxyeux-photo.fr\/wp-content\/uploads\/2024\/10\/DSC_0566-2048x1365.jpg 2048w\" sizes=\"(max-width: 1024px) 100vw, 1024px\" \/><\/figure>\n\n\n\n<figure class=\"wp-block-image size-large\"><img loading=\"lazy\" decoding=\"async\" width=\"1024\" height=\"683\" src=\"http:\/\/www.delalumiereauxyeux-photo.fr\/wp-content\/uploads\/2024\/10\/DSC_0569-1024x683.jpg\" alt=\"Festival du Centenaire de l'Autodrome de Linas-Montlh\u00e9ry photographe De la lumi\u00e8re aux yeux\" class=\"wp-image-7225\" srcset=\"https:\/\/www.delalumiereauxyeux-photo.fr\/wp-content\/uploads\/2024\/10\/DSC_0569-1024x683.jpg 1024w, https:\/\/www.delalumiereauxyeux-photo.fr\/wp-content\/uploads\/2024\/10\/DSC_0569-300x200.jpg 300w, https:\/\/www.delalumiereauxyeux-photo.fr\/wp-content\/uploads\/2024\/10\/DSC_0569-768x512.jpg 768w, https:\/\/www.delalumiereauxyeux-photo.fr\/wp-content\/uploads\/2024\/10\/DSC_0569-1536x1024.jpg 1536w, https:\/\/www.delalumiereauxyeux-photo.fr\/wp-content\/uploads\/2024\/10\/DSC_0569-2048x1365.jpg 2048w\" sizes=\"(max-width: 1024px) 100vw, 1024px\" \/><\/figure>\n\n\n\n<figure class=\"wp-block-image size-large\"><img loading=\"lazy\" decoding=\"async\" width=\"1024\" height=\"683\" src=\"http:\/\/www.delalumiereauxyeux-photo.fr\/wp-content\/uploads\/2024\/10\/DSC_2522-1024x683.jpg\" alt=\"Festival du Centenaire de l'Autodrome de Linas-Montlh\u00e9ry photographe De la lumi\u00e8re aux yeux\" class=\"wp-image-7207\" srcset=\"https:\/\/www.delalumiereauxyeux-photo.fr\/wp-content\/uploads\/2024\/10\/DSC_2522-1024x683.jpg 1024w, https:\/\/www.delalumiereauxyeux-photo.fr\/wp-content\/uploads\/2024\/10\/DSC_2522-300x200.jpg 300w, https:\/\/www.delalumiereauxyeux-photo.fr\/wp-content\/uploads\/2024\/10\/DSC_2522-768x512.jpg 768w, https:\/\/www.delalumiereauxyeux-photo.fr\/wp-content\/uploads\/2024\/10\/DSC_2522-1536x1024.jpg 1536w, https:\/\/www.delalumiereauxyeux-photo.fr\/wp-content\/uploads\/2024\/10\/DSC_2522-2048x1365.jpg 2048w\" sizes=\"(max-width: 1024px) 100vw, 1024px\" \/><\/figure>\n\n\n\n<figure class=\"wp-block-image size-large\"><img loading=\"lazy\" decoding=\"async\" width=\"1024\" height=\"683\" src=\"http:\/\/www.delalumiereauxyeux-photo.fr\/wp-content\/uploads\/2024\/10\/DSC_2525-1024x683.jpg\" alt=\"Festival du Centenaire de l'Autodrome de Linas-Montlh\u00e9ry photographe De la lumi\u00e8re aux yeux\" class=\"wp-image-7208\" srcset=\"https:\/\/www.delalumiereauxyeux-photo.fr\/wp-content\/uploads\/2024\/10\/DSC_2525-1024x683.jpg 1024w, https:\/\/www.delalumiereauxyeux-photo.fr\/wp-content\/uploads\/2024\/10\/DSC_2525-300x200.jpg 300w, https:\/\/www.delalumiereauxyeux-photo.fr\/wp-content\/uploads\/2024\/10\/DSC_2525-768x512.jpg 768w, https:\/\/www.delalumiereauxyeux-photo.fr\/wp-content\/uploads\/2024\/10\/DSC_2525-1536x1024.jpg 1536w, https:\/\/www.delalumiereauxyeux-photo.fr\/wp-content\/uploads\/2024\/10\/DSC_2525-2048x1365.jpg 2048w\" sizes=\"(max-width: 1024px) 100vw, 1024px\" \/><\/figure>\n\n\n\n<p>Au village marchand<\/p>\n\n\n\n<figure class=\"wp-block-image size-large\"><img loading=\"lazy\" decoding=\"async\" width=\"1024\" height=\"683\" src=\"http:\/\/www.delalumiereauxyeux-photo.fr\/wp-content\/uploads\/2024\/10\/DSC_2536-1024x683.jpg\" alt=\"Festival du Centenaire de l'Autodrome de Linas-Montlh\u00e9ry photographe De la lumi\u00e8re aux yeux\" class=\"wp-image-7227\" srcset=\"https:\/\/www.delalumiereauxyeux-photo.fr\/wp-content\/uploads\/2024\/10\/DSC_2536-1024x683.jpg 1024w, https:\/\/www.delalumiereauxyeux-photo.fr\/wp-content\/uploads\/2024\/10\/DSC_2536-300x200.jpg 300w, https:\/\/www.delalumiereauxyeux-photo.fr\/wp-content\/uploads\/2024\/10\/DSC_2536-768x512.jpg 768w, https:\/\/www.delalumiereauxyeux-photo.fr\/wp-content\/uploads\/2024\/10\/DSC_2536-1536x1024.jpg 1536w, https:\/\/www.delalumiereauxyeux-photo.fr\/wp-content\/uploads\/2024\/10\/DSC_2536-2048x1365.jpg 2048w\" sizes=\"(max-width: 1024px) 100vw, 1024px\" \/><\/figure>\n\n\n\n<figure class=\"wp-block-image size-large\"><img loading=\"lazy\" decoding=\"async\" width=\"1024\" height=\"683\" src=\"http:\/\/www.delalumiereauxyeux-photo.fr\/wp-content\/uploads\/2024\/10\/DSC_2537-1024x683.jpg\" alt=\"Festival du Centenaire de l'Autodrome de Linas-Montlh\u00e9ry photographe De la lumi\u00e8re aux yeux\" class=\"wp-image-7228\" srcset=\"https:\/\/www.delalumiereauxyeux-photo.fr\/wp-content\/uploads\/2024\/10\/DSC_2537-1024x683.jpg 1024w, https:\/\/www.delalumiereauxyeux-photo.fr\/wp-content\/uploads\/2024\/10\/DSC_2537-300x200.jpg 300w, https:\/\/www.delalumiereauxyeux-photo.fr\/wp-content\/uploads\/2024\/10\/DSC_2537-768x512.jpg 768w, https:\/\/www.delalumiereauxyeux-photo.fr\/wp-content\/uploads\/2024\/10\/DSC_2537-1536x1024.jpg 1536w, https:\/\/www.delalumiereauxyeux-photo.fr\/wp-content\/uploads\/2024\/10\/DSC_2537-2048x1365.jpg 2048w\" sizes=\"(max-width: 1024px) 100vw, 1024px\" \/><\/figure>\n\n\n\n<figure class=\"wp-block-image size-large\"><img loading=\"lazy\" decoding=\"async\" width=\"683\" height=\"1024\" src=\"http:\/\/www.delalumiereauxyeux-photo.fr\/wp-content\/uploads\/2024\/10\/DSC_2541-683x1024.jpg\" alt=\"Festival du Centenaire de l'Autodrome de Linas-Montlh\u00e9ry photographe De la lumi\u00e8re aux yeux\" class=\"wp-image-7229\" srcset=\"https:\/\/www.delalumiereauxyeux-photo.fr\/wp-content\/uploads\/2024\/10\/DSC_2541-683x1024.jpg 683w, https:\/\/www.delalumiereauxyeux-photo.fr\/wp-content\/uploads\/2024\/10\/DSC_2541-200x300.jpg 200w, https:\/\/www.delalumiereauxyeux-photo.fr\/wp-content\/uploads\/2024\/10\/DSC_2541-768x1152.jpg 768w, https:\/\/www.delalumiereauxyeux-photo.fr\/wp-content\/uploads\/2024\/10\/DSC_2541-1024x1536.jpg 1024w, https:\/\/www.delalumiereauxyeux-photo.fr\/wp-content\/uploads\/2024\/10\/DSC_2541-1365x2048.jpg 1365w, https:\/\/www.delalumiereauxyeux-photo.fr\/wp-content\/uploads\/2024\/10\/DSC_2541-scaled.jpg 1707w\" sizes=\"(max-width: 683px) 100vw, 683px\" \/><\/figure>\n\n\n\n<figure class=\"wp-block-image size-large\"><img loading=\"lazy\" decoding=\"async\" width=\"1024\" height=\"523\" src=\"http:\/\/www.delalumiereauxyeux-photo.fr\/wp-content\/uploads\/2024\/10\/DSC_2550-1024x523.jpg\" alt=\"Festival du Centenaire de l'Autodrome de Linas-Montlh\u00e9ry photographe De la lumi\u00e8re aux yeux\" class=\"wp-image-7230\" srcset=\"https:\/\/www.delalumiereauxyeux-photo.fr\/wp-content\/uploads\/2024\/10\/DSC_2550-1024x523.jpg 1024w, https:\/\/www.delalumiereauxyeux-photo.fr\/wp-content\/uploads\/2024\/10\/DSC_2550-300x153.jpg 300w, https:\/\/www.delalumiereauxyeux-photo.fr\/wp-content\/uploads\/2024\/10\/DSC_2550-768x392.jpg 768w, https:\/\/www.delalumiereauxyeux-photo.fr\/wp-content\/uploads\/2024\/10\/DSC_2550-1536x784.jpg 1536w, https:\/\/www.delalumiereauxyeux-photo.fr\/wp-content\/uploads\/2024\/10\/DSC_2550-2048x1046.jpg 2048w\" sizes=\"(max-width: 1024px) 100vw, 1024px\" \/><\/figure>\n\n\n\n<figure class=\"wp-block-image size-large\"><img loading=\"lazy\" decoding=\"async\" width=\"1024\" height=\"683\" src=\"http:\/\/www.delalumiereauxyeux-photo.fr\/wp-content\/uploads\/2024\/10\/DSC_2552-1024x683.jpg\" alt=\"Festival du Centenaire de l'Autodrome de Linas-Montlh\u00e9ry photographe De la lumi\u00e8re aux yeux\" class=\"wp-image-7231\" srcset=\"https:\/\/www.delalumiereauxyeux-photo.fr\/wp-content\/uploads\/2024\/10\/DSC_2552-1024x683.jpg 1024w, https:\/\/www.delalumiereauxyeux-photo.fr\/wp-content\/uploads\/2024\/10\/DSC_2552-300x200.jpg 300w, https:\/\/www.delalumiereauxyeux-photo.fr\/wp-content\/uploads\/2024\/10\/DSC_2552-768x512.jpg 768w, https:\/\/www.delalumiereauxyeux-photo.fr\/wp-content\/uploads\/2024\/10\/DSC_2552-1536x1024.jpg 1536w, https:\/\/www.delalumiereauxyeux-photo.fr\/wp-content\/uploads\/2024\/10\/DSC_2552-2048x1365.jpg 2048w\" sizes=\"(max-width: 1024px) 100vw, 1024px\" \/><\/figure>\n\n\n\n<figure class=\"wp-block-image size-large\"><img loading=\"lazy\" decoding=\"async\" width=\"1024\" height=\"683\" src=\"http:\/\/www.delalumiereauxyeux-photo.fr\/wp-content\/uploads\/2024\/10\/DSC_2557-1024x683.jpg\" alt=\"Festival du Centenaire de l'Autodrome de Linas-Montlh\u00e9ry photographe De la lumi\u00e8re aux yeux\" class=\"wp-image-7232\" srcset=\"https:\/\/www.delalumiereauxyeux-photo.fr\/wp-content\/uploads\/2024\/10\/DSC_2557-1024x683.jpg 1024w, https:\/\/www.delalumiereauxyeux-photo.fr\/wp-content\/uploads\/2024\/10\/DSC_2557-300x200.jpg 300w, https:\/\/www.delalumiereauxyeux-photo.fr\/wp-content\/uploads\/2024\/10\/DSC_2557-768x512.jpg 768w, https:\/\/www.delalumiereauxyeux-photo.fr\/wp-content\/uploads\/2024\/10\/DSC_2557-1536x1024.jpg 1536w, https:\/\/www.delalumiereauxyeux-photo.fr\/wp-content\/uploads\/2024\/10\/DSC_2557-2048x1365.jpg 2048w\" sizes=\"(max-width: 1024px) 100vw, 1024px\" \/><\/figure>\n\n\n\n<figure class=\"wp-block-image size-large\"><img loading=\"lazy\" decoding=\"async\" width=\"1024\" height=\"683\" src=\"http:\/\/www.delalumiereauxyeux-photo.fr\/wp-content\/uploads\/2024\/10\/DSC_2561-1024x683.jpg\" alt=\"Festival du Centenaire de l'Autodrome de Linas-Montlh\u00e9ry photographe De la lumi\u00e8re aux yeux\" class=\"wp-image-7233\" srcset=\"https:\/\/www.delalumiereauxyeux-photo.fr\/wp-content\/uploads\/2024\/10\/DSC_2561-1024x683.jpg 1024w, https:\/\/www.delalumiereauxyeux-photo.fr\/wp-content\/uploads\/2024\/10\/DSC_2561-300x200.jpg 300w, https:\/\/www.delalumiereauxyeux-photo.fr\/wp-content\/uploads\/2024\/10\/DSC_2561-768x512.jpg 768w, https:\/\/www.delalumiereauxyeux-photo.fr\/wp-content\/uploads\/2024\/10\/DSC_2561-1536x1024.jpg 1536w, https:\/\/www.delalumiereauxyeux-photo.fr\/wp-content\/uploads\/2024\/10\/DSC_2561-2048x1365.jpg 2048w\" sizes=\"(max-width: 1024px) 100vw, 1024px\" \/><\/figure>\n\n\n\n<figure class=\"wp-block-image size-large\"><img loading=\"lazy\" decoding=\"async\" width=\"1024\" height=\"621\" src=\"http:\/\/www.delalumiereauxyeux-photo.fr\/wp-content\/uploads\/2024\/10\/DSC_2566-2-1024x621.jpg\" alt=\"Festival du Centenaire de l'Autodrome de Linas-Montlh\u00e9ry photographe De la lumi\u00e8re aux yeux\" class=\"wp-image-7234\" srcset=\"https:\/\/www.delalumiereauxyeux-photo.fr\/wp-content\/uploads\/2024\/10\/DSC_2566-2-1024x621.jpg 1024w, https:\/\/www.delalumiereauxyeux-photo.fr\/wp-content\/uploads\/2024\/10\/DSC_2566-2-300x182.jpg 300w, https:\/\/www.delalumiereauxyeux-photo.fr\/wp-content\/uploads\/2024\/10\/DSC_2566-2-768x466.jpg 768w, https:\/\/www.delalumiereauxyeux-photo.fr\/wp-content\/uploads\/2024\/10\/DSC_2566-2-1536x931.jpg 1536w, https:\/\/www.delalumiereauxyeux-photo.fr\/wp-content\/uploads\/2024\/10\/DSC_2566-2-2048x1242.jpg 2048w\" sizes=\"(max-width: 1024px) 100vw, 1024px\" \/><\/figure>\n\n\n\n<figure class=\"wp-block-image size-large\"><img loading=\"lazy\" decoding=\"async\" width=\"1024\" height=\"520\" src=\"http:\/\/www.delalumiereauxyeux-photo.fr\/wp-content\/uploads\/2024\/10\/DSC_2569-1024x520.jpg\" alt=\"Festival du Centenaire de l'Autodrome de Linas-Montlh\u00e9ry photographe De la lumi\u00e8re aux yeux\" class=\"wp-image-7235\" srcset=\"https:\/\/www.delalumiereauxyeux-photo.fr\/wp-content\/uploads\/2024\/10\/DSC_2569-1024x520.jpg 1024w, https:\/\/www.delalumiereauxyeux-photo.fr\/wp-content\/uploads\/2024\/10\/DSC_2569-300x152.jpg 300w, https:\/\/www.delalumiereauxyeux-photo.fr\/wp-content\/uploads\/2024\/10\/DSC_2569-768x390.jpg 768w, https:\/\/www.delalumiereauxyeux-photo.fr\/wp-content\/uploads\/2024\/10\/DSC_2569-1536x780.jpg 1536w, https:\/\/www.delalumiereauxyeux-photo.fr\/wp-content\/uploads\/2024\/10\/DSC_2569-2048x1040.jpg 2048w\" sizes=\"(max-width: 1024px) 100vw, 1024px\" \/><\/figure>\n\n\n\n<figure class=\"wp-block-image size-large\"><img loading=\"lazy\" decoding=\"async\" width=\"1024\" height=\"683\" src=\"http:\/\/www.delalumiereauxyeux-photo.fr\/wp-content\/uploads\/2024\/10\/DSC_2575-1024x683.jpg\" alt=\"Festival du Centenaire de l'Autodrome de Linas-Montlh\u00e9ry photographe De la lumi\u00e8re aux yeux\" class=\"wp-image-7236\" srcset=\"https:\/\/www.delalumiereauxyeux-photo.fr\/wp-content\/uploads\/2024\/10\/DSC_2575-1024x683.jpg 1024w, https:\/\/www.delalumiereauxyeux-photo.fr\/wp-content\/uploads\/2024\/10\/DSC_2575-300x200.jpg 300w, https:\/\/www.delalumiereauxyeux-photo.fr\/wp-content\/uploads\/2024\/10\/DSC_2575-768x512.jpg 768w, https:\/\/www.delalumiereauxyeux-photo.fr\/wp-content\/uploads\/2024\/10\/DSC_2575-1536x1024.jpg 1536w, https:\/\/www.delalumiereauxyeux-photo.fr\/wp-content\/uploads\/2024\/10\/DSC_2575-2048x1365.jpg 2048w\" sizes=\"(max-width: 1024px) 100vw, 1024px\" \/><\/figure>\n\n\n\n<figure class=\"wp-block-image size-large\"><img loading=\"lazy\" decoding=\"async\" width=\"1024\" height=\"683\" src=\"http:\/\/www.delalumiereauxyeux-photo.fr\/wp-content\/uploads\/2024\/10\/DSC_2579-1024x683.jpg\" alt=\"Festival du Centenaire de l'Autodrome de Linas-Montlh\u00e9ry photographe De la lumi\u00e8re aux yeux\" class=\"wp-image-7237\" srcset=\"https:\/\/www.delalumiereauxyeux-photo.fr\/wp-content\/uploads\/2024\/10\/DSC_2579-1024x683.jpg 1024w, https:\/\/www.delalumiereauxyeux-photo.fr\/wp-content\/uploads\/2024\/10\/DSC_2579-300x200.jpg 300w, https:\/\/www.delalumiereauxyeux-photo.fr\/wp-content\/uploads\/2024\/10\/DSC_2579-768x512.jpg 768w, https:\/\/www.delalumiereauxyeux-photo.fr\/wp-content\/uploads\/2024\/10\/DSC_2579-1536x1024.jpg 1536w, https:\/\/www.delalumiereauxyeux-photo.fr\/wp-content\/uploads\/2024\/10\/DSC_2579-2048x1365.jpg 2048w\" sizes=\"(max-width: 1024px) 100vw, 1024px\" \/><\/figure>\n\n\n\n<figure class=\"wp-block-image size-large\"><img loading=\"lazy\" decoding=\"async\" width=\"1024\" height=\"683\" src=\"http:\/\/www.delalumiereauxyeux-photo.fr\/wp-content\/uploads\/2024\/10\/DSC_2586-1024x683.jpg\" alt=\"Festival du Centenaire de l'Autodrome de Linas-Montlh\u00e9ry photographe De la lumi\u00e8re aux yeux\" class=\"wp-image-7238\" srcset=\"https:\/\/www.delalumiereauxyeux-photo.fr\/wp-content\/uploads\/2024\/10\/DSC_2586-1024x683.jpg 1024w, https:\/\/www.delalumiereauxyeux-photo.fr\/wp-content\/uploads\/2024\/10\/DSC_2586-300x200.jpg 300w, https:\/\/www.delalumiereauxyeux-photo.fr\/wp-content\/uploads\/2024\/10\/DSC_2586-768x512.jpg 768w, https:\/\/www.delalumiereauxyeux-photo.fr\/wp-content\/uploads\/2024\/10\/DSC_2586-1536x1024.jpg 1536w, https:\/\/www.delalumiereauxyeux-photo.fr\/wp-content\/uploads\/2024\/10\/DSC_2586-2048x1365.jpg 2048w\" sizes=\"(max-width: 1024px) 100vw, 1024px\" \/><\/figure>\n\n\n\n<figure class=\"wp-block-image size-large\"><img loading=\"lazy\" decoding=\"async\" width=\"1024\" height=\"569\" src=\"http:\/\/www.delalumiereauxyeux-photo.fr\/wp-content\/uploads\/2024\/10\/DSC_2597-1024x569.jpg\" alt=\"Festival du Centenaire de l'Autodrome de Linas-Montlh\u00e9ry photographe De la lumi\u00e8re aux yeux\" class=\"wp-image-7239\" srcset=\"https:\/\/www.delalumiereauxyeux-photo.fr\/wp-content\/uploads\/2024\/10\/DSC_2597-1024x569.jpg 1024w, https:\/\/www.delalumiereauxyeux-photo.fr\/wp-content\/uploads\/2024\/10\/DSC_2597-300x167.jpg 300w, https:\/\/www.delalumiereauxyeux-photo.fr\/wp-content\/uploads\/2024\/10\/DSC_2597-768x426.jpg 768w, https:\/\/www.delalumiereauxyeux-photo.fr\/wp-content\/uploads\/2024\/10\/DSC_2597-1536x853.jpg 1536w, https:\/\/www.delalumiereauxyeux-photo.fr\/wp-content\/uploads\/2024\/10\/DSC_2597-2048x1137.jpg 2048w\" sizes=\"(max-width: 1024px) 100vw, 1024px\" \/><\/figure>\n\n\n\n<figure class=\"wp-block-image size-large\"><img loading=\"lazy\" decoding=\"async\" width=\"683\" height=\"1024\" src=\"http:\/\/www.delalumiereauxyeux-photo.fr\/wp-content\/uploads\/2024\/10\/DSC_2601-683x1024.jpg\" alt=\"Festival du Centenaire de l'Autodrome de Linas-Montlh\u00e9ry photographe De la lumi\u00e8re aux yeux\" class=\"wp-image-7240\" srcset=\"https:\/\/www.delalumiereauxyeux-photo.fr\/wp-content\/uploads\/2024\/10\/DSC_2601-683x1024.jpg 683w, https:\/\/www.delalumiereauxyeux-photo.fr\/wp-content\/uploads\/2024\/10\/DSC_2601-200x300.jpg 200w, https:\/\/www.delalumiereauxyeux-photo.fr\/wp-content\/uploads\/2024\/10\/DSC_2601-768x1152.jpg 768w, https:\/\/www.delalumiereauxyeux-photo.fr\/wp-content\/uploads\/2024\/10\/DSC_2601-1024x1536.jpg 1024w, https:\/\/www.delalumiereauxyeux-photo.fr\/wp-content\/uploads\/2024\/10\/DSC_2601-1365x2048.jpg 1365w, https:\/\/www.delalumiereauxyeux-photo.fr\/wp-content\/uploads\/2024\/10\/DSC_2601-scaled.jpg 1707w\" sizes=\"(max-width: 683px) 100vw, 683px\" \/><\/figure>\n\n\n\n<figure class=\"wp-block-image size-large\"><img loading=\"lazy\" decoding=\"async\" width=\"1024\" height=\"683\" src=\"http:\/\/www.delalumiereauxyeux-photo.fr\/wp-content\/uploads\/2024\/10\/DSC_2606-1024x683.jpg\" alt=\"Festival du Centenaire de l'Autodrome de Linas-Montlh\u00e9ry photographe De la lumi\u00e8re aux yeux\" class=\"wp-image-7241\" srcset=\"https:\/\/www.delalumiereauxyeux-photo.fr\/wp-content\/uploads\/2024\/10\/DSC_2606-1024x683.jpg 1024w, https:\/\/www.delalumiereauxyeux-photo.fr\/wp-content\/uploads\/2024\/10\/DSC_2606-300x200.jpg 300w, https:\/\/www.delalumiereauxyeux-photo.fr\/wp-content\/uploads\/2024\/10\/DSC_2606-768x512.jpg 768w, https:\/\/www.delalumiereauxyeux-photo.fr\/wp-content\/uploads\/2024\/10\/DSC_2606-1536x1024.jpg 1536w, https:\/\/www.delalumiereauxyeux-photo.fr\/wp-content\/uploads\/2024\/10\/DSC_2606-2048x1365.jpg 2048w\" sizes=\"(max-width: 1024px) 100vw, 1024px\" \/><\/figure>\n\n\n\n<figure class=\"wp-block-image size-large\"><img loading=\"lazy\" decoding=\"async\" width=\"1024\" height=\"548\" src=\"http:\/\/www.delalumiereauxyeux-photo.fr\/wp-content\/uploads\/2024\/10\/DSC_2609-1024x548.jpg\" alt=\"Festival du Centenaire de l'Autodrome de Linas-Montlh\u00e9ry photographe De la lumi\u00e8re aux yeux\" class=\"wp-image-7242\" srcset=\"https:\/\/www.delalumiereauxyeux-photo.fr\/wp-content\/uploads\/2024\/10\/DSC_2609-1024x548.jpg 1024w, https:\/\/www.delalumiereauxyeux-photo.fr\/wp-content\/uploads\/2024\/10\/DSC_2609-300x161.jpg 300w, https:\/\/www.delalumiereauxyeux-photo.fr\/wp-content\/uploads\/2024\/10\/DSC_2609-768x411.jpg 768w, https:\/\/www.delalumiereauxyeux-photo.fr\/wp-content\/uploads\/2024\/10\/DSC_2609-1536x823.jpg 1536w, https:\/\/www.delalumiereauxyeux-photo.fr\/wp-content\/uploads\/2024\/10\/DSC_2609-2048x1097.jpg 2048w\" sizes=\"(max-width: 1024px) 100vw, 1024px\" \/><\/figure>\n\n\n\n<p>\u00a9 Tous droits r\u00e9serv\u00e9s 2024.<\/p>\n\n\n\n<p>Merci aux organisateurs.<\/p>\n\n\n\n<p>Toutes mes photos ne sont pas pr\u00e9sent\u00e9es dans l&rsquo;article, alors n&rsquo;h\u00e9sitez pas \u00e0 me contacter \ud83d\ude09<\/p>\n\n\n\n<p>Les photos sont disponibles \u00e0 l&rsquo;achat au format num\u00e9rique&nbsp;<a href=\"https:\/\/www.delalumiereauxyeux-photo.fr\/?page_id=2430\">Contact &#8211; De la lumi\u00e8re aux yeux (delalumiereauxyeux-photo.fr)<\/a><\/p>\n\n\n\n<p>Si vous souhaitez une prestation photos, contactez-moi. Vous pouvez \u00e9galement m&rsquo;envoyer vos noms, pr\u00e9noms, voiture(s), \u00e9v\u00e8nement(s), dates et lieux o\u00f9 vous serez en 2024\/2025\u00a0<a href=\"https:\/\/www.delalumiereauxyeux-photo.fr\/?page_id=2430\">Contact &#8211; De la lumi\u00e8re aux yeux (delalumiereauxyeux-photo.fr)<\/a> !<\/p>\n\n\n\n<p>M\u00e9dia <a href=\"https:\/\/www.newsclassicracing.com\/Retour-sur-le-centenaire-de-l-Autodrome-de-Linas-Montlhery?fbclid=IwY2xjawGBqDhleHRuA2FlbQIxMAABHWHhXkMcy-L4OcnxRxePSCZ9Q_XG93BrGI6qC83i81q0ASESKuR5RhPC7w_aem_dafzywZzV6mhs-dueLitMw\">https:\/\/www.newsclassicracing.com\/Retour-sur-le-centenaire-de-l-Autodrome-de-Linas-Montlhery?fbclid=IwY2xjawGBqDhleHRuA2FlbQIxMAABHWHhXkMcy-L4OcnxRxePSCZ9Q_XG93BrGI6qC83i81q0ASESKuR5RhPC7w_aem_dafzywZzV6mhs-dueLitMw<\/a><\/p>\n\n\n\n<p>Vous pouvez \u00e9galement me laisser vos commentaires sur cet article.<\/p>\n\n\n\n<p>A bient\u00f4t! \ud83d\ude42<\/p>\n\n\n\n<p>Ang\u00e9lique.<\/p>\n\n\n\n<p>Vous pouvez me retrouver sur :<\/p>\n\n\n\n<ul>\n<li>Facebook&nbsp;<a href=\"https:\/\/www.facebook.com\/DelalumiereauxyeuxPhotographe\">Delalumi\u00e8reauxyeux Photographe | Erceville | Facebook<\/a><\/li>\n\n\n\n<li>Instagram&nbsp;<a href=\"https:\/\/www.instagram.com\/angiephoto28\/\">Angie (@angiephoto28) \u2022 Photos et vid\u00e9os Instagram<\/a><\/li>\n\n\n\n<li>site internet <a href=\"https:\/\/www.delalumiereauxyeux.fr\/\">https:\/\/www.delalumiereauxyeux.fr\/<\/a><\/li>\n\n\n\n<li>Linkedln <a href=\"https:\/\/www.linkedin.com\/in\/ang%C3%A9lique-de-la-lumi%C3%A8re-aux-yeux-65418826b\/\">https:\/\/www.linkedin.com\/in\/ang%C3%A9lique-de-la-lumi%C3%A8re-aux-yeux-65418826b\/<\/a><\/li>\n<\/ul>\n\n\n\n<p><em>Les photos sont compress\u00e9es pour le blog et n&rsquo;ont pas leur qualit\u00e9 optimale.<\/em><\/p>\n","protected":false},"excerpt":{"rendered":"<p>L&rsquo;\u00e9v\u00e9nement s&rsquo;est d\u00e9roul\u00e9 les 12 et 13 octobre 2024. De beaux plateaux autos et motos, des pilotes de renomm\u00e9e, des visiteurs, des exposants, une grande roue et tout ce qui a contribu\u00e9 \u00e0 ce bel \u00e9v\u00e9nement. Un joyeux anniversaire \u00e0 ce circuit mythique qui, j&rsquo;esp\u00e8re, f\u00eatera un jour son bicentenaire! Ce f\u00fbt un privil\u00e8ge que [&hellip;]<\/p>\n","protected":false},"author":1,"featured_media":0,"comment_status":"open","ping_status":"closed","sticky":false,"template":"","format":"standard","meta":{"_monsterinsights_skip_tracking":false,"_monsterinsights_sitenote_active":false,"_monsterinsights_sitenote_note":"","_monsterinsights_sitenote_category":0,"footnotes":""},"categories":[1],"tags":[],"yoast_head":"<!-- This site is optimized with the Yoast SEO plugin v22.2 - https:\/\/yoast.com\/wordpress\/plugins\/seo\/ -->\n<title>Festival du Centenaire de l&#039;Autodrome de Linas-Montlh\u00e9ry - De la lumi\u00e8re aux yeux<\/title>\n<meta name=\"robots\" content=\"index, follow, max-snippet:-1, max-image-preview:large, max-video-preview:-1\" \/>\n<link rel=\"canonical\" href=\"https:\/\/www.delalumiereauxyeux-photo.fr\/?p=7243\" \/>\n<meta property=\"og:locale\" content=\"fr_FR\" \/>\n<meta property=\"og:type\" content=\"article\" \/>\n<meta property=\"og:title\" content=\"Festival du Centenaire de l&#039;Autodrome de Linas-Montlh\u00e9ry - De la lumi\u00e8re aux yeux\" \/>\n<meta property=\"og:description\" content=\"L&rsquo;\u00e9v\u00e9nement s&rsquo;est d\u00e9roul\u00e9 les 12 et 13 octobre 2024. De beaux plateaux autos et motos, des pilotes de renomm\u00e9e, des visiteurs, des exposants, une grande roue et tout ce qui a contribu\u00e9 \u00e0 ce bel \u00e9v\u00e9nement. Un joyeux anniversaire \u00e0 ce circuit mythique qui, j&rsquo;esp\u00e8re, f\u00eatera un jour son bicentenaire! Ce f\u00fbt un privil\u00e8ge que [&hellip;]\" \/>\n<meta property=\"og:url\" content=\"https:\/\/www.delalumiereauxyeux-photo.fr\/?p=7243\" \/>\n<meta property=\"og:site_name\" content=\"De la lumi\u00e8re aux yeux\" \/>\n<meta property=\"article:author\" content=\"https:\/\/www.facebook.com\/angelique.delalumiereauxyeux.5?__tn__=dlC-RHH-R-R&amp;eid=ARDORkTB_yutZsrVTEEeZ0LAobESxObVoalsaetnRjmZdhewjwojedF8h09RZ8oly8_ro0dEnvSLIUeS&amp;hc_ref=ARSbH4jjDNc2QSSUZPjZH0vrxiNgcNzLcrprkTea6WAzZ09DAHcjGeYU5y5PXqG08Ac\" \/>\n<meta property=\"article:published_time\" content=\"2024-10-17T08:54:13+00:00\" \/>\n<meta property=\"article:modified_time\" content=\"2024-10-20T09:11:13+00:00\" \/>\n<meta property=\"og:image\" content=\"https:\/\/static.xx.fbcdn.net\/images\/emoji.php\/v9\/t97\/1\/16\/1fa75.png\" \/>\n<meta name=\"author\" content=\"delalumiereauxyeux\" \/>\n<meta name=\"twitter:card\" content=\"summary_large_image\" \/>\n<meta name=\"twitter:label1\" content=\"\u00c9crit par\" \/>\n\t<meta name=\"twitter:data1\" content=\"delalumiereauxyeux\" \/>\n\t<meta name=\"twitter:label2\" content=\"Dur\u00e9e de lecture estim\u00e9e\" \/>\n\t<meta name=\"twitter:data2\" content=\"27 minutes\" \/>\n<script type=\"application\/ld+json\" class=\"yoast-schema-graph\">{\"@context\":\"https:\/\/schema.org\",\"@graph\":[{\"@type\":\"WebPage\",\"@id\":\"https:\/\/www.delalumiereauxyeux-photo.fr\/?p=7243\",\"url\":\"https:\/\/www.delalumiereauxyeux-photo.fr\/?p=7243\",\"name\":\"Festival du Centenaire de l'Autodrome de Linas-Montlh\u00e9ry - De la lumi\u00e8re aux yeux\",\"isPartOf\":{\"@id\":\"https:\/\/www.delalumiereauxyeux-photo.fr\/#website\"},\"primaryImageOfPage\":{\"@id\":\"https:\/\/www.delalumiereauxyeux-photo.fr\/?p=7243#primaryimage\"},\"image\":{\"@id\":\"https:\/\/www.delalumiereauxyeux-photo.fr\/?p=7243#primaryimage\"},\"thumbnailUrl\":\"https:\/\/static.xx.fbcdn.net\/images\/emoji.php\/v9\/t97\/1\/16\/1fa75.png\",\"datePublished\":\"2024-10-17T08:54:13+00:00\",\"dateModified\":\"2024-10-20T09:11:13+00:00\",\"author\":{\"@id\":\"https:\/\/www.delalumiereauxyeux-photo.fr\/#\/schema\/person\/fbdc98761dd92f98cdb911153e949213\"},\"breadcrumb\":{\"@id\":\"https:\/\/www.delalumiereauxyeux-photo.fr\/?p=7243#breadcrumb\"},\"inLanguage\":\"fr-FR\",\"potentialAction\":[{\"@type\":\"ReadAction\",\"target\":[\"https:\/\/www.delalumiereauxyeux-photo.fr\/?p=7243\"]}]},{\"@type\":\"ImageObject\",\"inLanguage\":\"fr-FR\",\"@id\":\"https:\/\/www.delalumiereauxyeux-photo.fr\/?p=7243#primaryimage\",\"url\":\"https:\/\/static.xx.fbcdn.net\/images\/emoji.php\/v9\/t97\/1\/16\/1fa75.png\",\"contentUrl\":\"https:\/\/static.xx.fbcdn.net\/images\/emoji.php\/v9\/t97\/1\/16\/1fa75.png\"},{\"@type\":\"BreadcrumbList\",\"@id\":\"https:\/\/www.delalumiereauxyeux-photo.fr\/?p=7243#breadcrumb\",\"itemListElement\":[{\"@type\":\"ListItem\",\"position\":1,\"name\":\"Accueil\",\"item\":\"https:\/\/www.delalumiereauxyeux-photo.fr\/\"},{\"@type\":\"ListItem\",\"position\":2,\"name\":\"Festival du Centenaire de l&rsquo;Autodrome de Linas-Montlh\u00e9ry\"}]},{\"@type\":\"WebSite\",\"@id\":\"https:\/\/www.delalumiereauxyeux-photo.fr\/#website\",\"url\":\"https:\/\/www.delalumiereauxyeux-photo.fr\/\",\"name\":\"De la lumi\u00e8re aux yeux\",\"description\":\"De la lumi\u00e8re aux yeux\",\"potentialAction\":[{\"@type\":\"SearchAction\",\"target\":{\"@type\":\"EntryPoint\",\"urlTemplate\":\"https:\/\/www.delalumiereauxyeux-photo.fr\/?s={search_term_string}\"},\"query-input\":\"required name=search_term_string\"}],\"inLanguage\":\"fr-FR\"},{\"@type\":\"Person\",\"@id\":\"https:\/\/www.delalumiereauxyeux-photo.fr\/#\/schema\/person\/fbdc98761dd92f98cdb911153e949213\",\"name\":\"delalumiereauxyeux\",\"image\":{\"@type\":\"ImageObject\",\"inLanguage\":\"fr-FR\",\"@id\":\"https:\/\/www.delalumiereauxyeux-photo.fr\/#\/schema\/person\/image\/\",\"url\":\"https:\/\/secure.gravatar.com\/avatar\/8fecce8824b60e8618943375d4f3666c?s=96&d=mm&r=g\",\"contentUrl\":\"https:\/\/secure.gravatar.com\/avatar\/8fecce8824b60e8618943375d4f3666c?s=96&d=mm&r=g\",\"caption\":\"delalumiereauxyeux\"},\"sameAs\":[\"https:\/\/www.facebook.com\/angelique.delalumiereauxyeux.5?__tn__=dlC-RHH-R-R&eid=ARDORkTB_yutZsrVTEEeZ0LAobESxObVoalsaetnRjmZdhewjwojedF8h09RZ8oly8_ro0dEnvSLIUeS&hc_ref=ARSbH4jjDNc2QSSUZPjZH0vrxiNgcNzLcrprkTea6WAzZ09DAHcjGeYU5y5PXqG08Ac\",\"https:\/\/www.instagram.com\/angiephoto28\/\",\"https:\/\/www.linkedin.com\/in\/anglique-de-la-lumire-aux-yeux-65418826b\/\"]}]}<\/script>\n<!-- \/ Yoast SEO plugin. -->","yoast_head_json":{"title":"Festival du Centenaire de l'Autodrome de Linas-Montlh\u00e9ry - De la lumi\u00e8re aux yeux","robots":{"index":"index","follow":"follow","max-snippet":"max-snippet:-1","max-image-preview":"max-image-preview:large","max-video-preview":"max-video-preview:-1"},"canonical":"https:\/\/www.delalumiereauxyeux-photo.fr\/?p=7243","og_locale":"fr_FR","og_type":"article","og_title":"Festival du Centenaire de l'Autodrome de Linas-Montlh\u00e9ry - De la lumi\u00e8re aux yeux","og_description":"L&rsquo;\u00e9v\u00e9nement s&rsquo;est d\u00e9roul\u00e9 les 12 et 13 octobre 2024. De beaux plateaux autos et motos, des pilotes de renomm\u00e9e, des visiteurs, des exposants, une grande roue et tout ce qui a contribu\u00e9 \u00e0 ce bel \u00e9v\u00e9nement. Un joyeux anniversaire \u00e0 ce circuit mythique qui, j&rsquo;esp\u00e8re, f\u00eatera un jour son bicentenaire! Ce f\u00fbt un privil\u00e8ge que [&hellip;]","og_url":"https:\/\/www.delalumiereauxyeux-photo.fr\/?p=7243","og_site_name":"De la lumi\u00e8re aux yeux","article_author":"https:\/\/www.facebook.com\/angelique.delalumiereauxyeux.5?__tn__=dlC-RHH-R-R&eid=ARDORkTB_yutZsrVTEEeZ0LAobESxObVoalsaetnRjmZdhewjwojedF8h09RZ8oly8_ro0dEnvSLIUeS&hc_ref=ARSbH4jjDNc2QSSUZPjZH0vrxiNgcNzLcrprkTea6WAzZ09DAHcjGeYU5y5PXqG08Ac","article_published_time":"2024-10-17T08:54:13+00:00","article_modified_time":"2024-10-20T09:11:13+00:00","og_image":[{"url":"https:\/\/static.xx.fbcdn.net\/images\/emoji.php\/v9\/t97\/1\/16\/1fa75.png"}],"author":"delalumiereauxyeux","twitter_card":"summary_large_image","twitter_misc":{"\u00c9crit par":"delalumiereauxyeux","Dur\u00e9e de lecture estim\u00e9e":"27 minutes"},"schema":{"@context":"https:\/\/schema.org","@graph":[{"@type":"WebPage","@id":"https:\/\/www.delalumiereauxyeux-photo.fr\/?p=7243","url":"https:\/\/www.delalumiereauxyeux-photo.fr\/?p=7243","name":"Festival du Centenaire de l'Autodrome de Linas-Montlh\u00e9ry - De la lumi\u00e8re aux yeux","isPartOf":{"@id":"https:\/\/www.delalumiereauxyeux-photo.fr\/#website"},"primaryImageOfPage":{"@id":"https:\/\/www.delalumiereauxyeux-photo.fr\/?p=7243#primaryimage"},"image":{"@id":"https:\/\/www.delalumiereauxyeux-photo.fr\/?p=7243#primaryimage"},"thumbnailUrl":"https:\/\/static.xx.fbcdn.net\/images\/emoji.php\/v9\/t97\/1\/16\/1fa75.png","datePublished":"2024-10-17T08:54:13+00:00","dateModified":"2024-10-20T09:11:13+00:00","author":{"@id":"https:\/\/www.delalumiereauxyeux-photo.fr\/#\/schema\/person\/fbdc98761dd92f98cdb911153e949213"},"breadcrumb":{"@id":"https:\/\/www.delalumiereauxyeux-photo.fr\/?p=7243#breadcrumb"},"inLanguage":"fr-FR","potentialAction":[{"@type":"ReadAction","target":["https:\/\/www.delalumiereauxyeux-photo.fr\/?p=7243"]}]},{"@type":"ImageObject","inLanguage":"fr-FR","@id":"https:\/\/www.delalumiereauxyeux-photo.fr\/?p=7243#primaryimage","url":"https:\/\/static.xx.fbcdn.net\/images\/emoji.php\/v9\/t97\/1\/16\/1fa75.png","contentUrl":"https:\/\/static.xx.fbcdn.net\/images\/emoji.php\/v9\/t97\/1\/16\/1fa75.png"},{"@type":"BreadcrumbList","@id":"https:\/\/www.delalumiereauxyeux-photo.fr\/?p=7243#breadcrumb","itemListElement":[{"@type":"ListItem","position":1,"name":"Accueil","item":"https:\/\/www.delalumiereauxyeux-photo.fr\/"},{"@type":"ListItem","position":2,"name":"Festival du Centenaire de l&rsquo;Autodrome de Linas-Montlh\u00e9ry"}]},{"@type":"WebSite","@id":"https:\/\/www.delalumiereauxyeux-photo.fr\/#website","url":"https:\/\/www.delalumiereauxyeux-photo.fr\/","name":"De la lumi\u00e8re aux yeux","description":"De la lumi\u00e8re aux yeux","potentialAction":[{"@type":"SearchAction","target":{"@type":"EntryPoint","urlTemplate":"https:\/\/www.delalumiereauxyeux-photo.fr\/?s={search_term_string}"},"query-input":"required name=search_term_string"}],"inLanguage":"fr-FR"},{"@type":"Person","@id":"https:\/\/www.delalumiereauxyeux-photo.fr\/#\/schema\/person\/fbdc98761dd92f98cdb911153e949213","name":"delalumiereauxyeux","image":{"@type":"ImageObject","inLanguage":"fr-FR","@id":"https:\/\/www.delalumiereauxyeux-photo.fr\/#\/schema\/person\/image\/","url":"https:\/\/secure.gravatar.com\/avatar\/8fecce8824b60e8618943375d4f3666c?s=96&d=mm&r=g","contentUrl":"https:\/\/secure.gravatar.com\/avatar\/8fecce8824b60e8618943375d4f3666c?s=96&d=mm&r=g","caption":"delalumiereauxyeux"},"sameAs":["https:\/\/www.facebook.com\/angelique.delalumiereauxyeux.5?__tn__=dlC-RHH-R-R&eid=ARDORkTB_yutZsrVTEEeZ0LAobESxObVoalsaetnRjmZdhewjwojedF8h09RZ8oly8_ro0dEnvSLIUeS&hc_ref=ARSbH4jjDNc2QSSUZPjZH0vrxiNgcNzLcrprkTea6WAzZ09DAHcjGeYU5y5PXqG08Ac","https:\/\/www.instagram.com\/angiephoto28\/","https:\/\/www.linkedin.com\/in\/anglique-de-la-lumire-aux-yeux-65418826b\/"]}]}},"_links":{"self":[{"href":"https:\/\/www.delalumiereauxyeux-photo.fr\/index.php?rest_route=\/wp\/v2\/posts\/7243"}],"collection":[{"href":"https:\/\/www.delalumiereauxyeux-photo.fr\/index.php?rest_route=\/wp\/v2\/posts"}],"about":[{"href":"https:\/\/www.delalumiereauxyeux-photo.fr\/index.php?rest_route=\/wp\/v2\/types\/post"}],"author":[{"embeddable":true,"href":"https:\/\/www.delalumiereauxyeux-photo.fr\/index.php?rest_route=\/wp\/v2\/users\/1"}],"replies":[{"embeddable":true,"href":"https:\/\/www.delalumiereauxyeux-photo.fr\/index.php?rest_route=%2Fwp%2Fv2%2Fcomments&post=7243"}],"version-history":[{"count":16,"href":"https:\/\/www.delalumiereauxyeux-photo.fr\/index.php?rest_route=\/wp\/v2\/posts\/7243\/revisions"}],"predecessor-version":[{"id":7263,"href":"https:\/\/www.delalumiereauxyeux-photo.fr\/index.php?rest_route=\/wp\/v2\/posts\/7243\/revisions\/7263"}],"wp:attachment":[{"href":"https:\/\/www.delalumiereauxyeux-photo.fr\/index.php?rest_route=%2Fwp%2Fv2%2Fmedia&parent=7243"}],"wp:term":[{"taxonomy":"category","embeddable":true,"href":"https:\/\/www.delalumiereauxyeux-photo.fr\/index.php?rest_route=%2Fwp%2Fv2%2Fcategories&post=7243"},{"taxonomy":"post_tag","embeddable":true,"href":"https:\/\/www.delalumiereauxyeux-photo.fr\/index.php?rest_route=%2Fwp%2Fv2%2Ftags&post=7243"}],"curies":[{"name":"wp","href":"https:\/\/api.w.org\/{rel}","templated":true}]}}