{"id":7825,"date":"2025-07-01T12:41:27","date_gmt":"2025-07-01T12:41:27","guid":{"rendered":"https:\/\/www.delalumiereauxyeux-photo.fr\/?p=7825"},"modified":"2025-07-01T12:54:18","modified_gmt":"2025-07-01T12:54:18","slug":"slaloms-idf-2025-sur-le-circuit-dangerville","status":"publish","type":"post","link":"https:\/\/www.delalumiereauxyeux-photo.fr\/?p=7825","title":{"rendered":"Slaloms IDF 2025 sur le circuit d&rsquo;Angerville"},"content":{"rendered":"\n<p>Cet \u00e9v\u00e9nement s&rsquo;est d\u00e9roul\u00e9 les 28 et 29 juin 2025 sous une chaleur \u00e9crasante. Malgr\u00e9 cela, pilotes et autos ont r\u00e9ussi de belles prouesses sur ce beau circuit international!<\/p>\n\n\n\n<figure class=\"wp-block-image size-large\"><img loading=\"lazy\" decoding=\"async\" width=\"1024\" height=\"577\" src=\"http:\/\/www.delalumiereauxyeux-photo.fr\/wp-content\/uploads\/2025\/07\/DSC_7319-1024x577.jpg\" alt=\"Slaloms IDF 2025 circuit Angerville 91 photographe De la lumi\u00e8re aux yeux\" class=\"wp-image-7794\" srcset=\"https:\/\/www.delalumiereauxyeux-photo.fr\/wp-content\/uploads\/2025\/07\/DSC_7319-1024x577.jpg 1024w, https:\/\/www.delalumiereauxyeux-photo.fr\/wp-content\/uploads\/2025\/07\/DSC_7319-300x169.jpg 300w, https:\/\/www.delalumiereauxyeux-photo.fr\/wp-content\/uploads\/2025\/07\/DSC_7319-768x432.jpg 768w, https:\/\/www.delalumiereauxyeux-photo.fr\/wp-content\/uploads\/2025\/07\/DSC_7319-1536x865.jpg 1536w, https:\/\/www.delalumiereauxyeux-photo.fr\/wp-content\/uploads\/2025\/07\/DSC_7319-2048x1153.jpg 2048w\" sizes=\"(max-width: 1024px) 100vw, 1024px\" \/><\/figure>\n\n\n\n<figure class=\"wp-block-image size-large\"><img loading=\"lazy\" decoding=\"async\" width=\"1024\" height=\"539\" src=\"http:\/\/www.delalumiereauxyeux-photo.fr\/wp-content\/uploads\/2025\/07\/DSC_7230-1024x539.jpg\" alt=\"Slaloms IDF 2025 circuit Angerville 91 photographe De la lumi\u00e8re aux yeux\" class=\"wp-image-7791\" srcset=\"https:\/\/www.delalumiereauxyeux-photo.fr\/wp-content\/uploads\/2025\/07\/DSC_7230-1024x539.jpg 1024w, https:\/\/www.delalumiereauxyeux-photo.fr\/wp-content\/uploads\/2025\/07\/DSC_7230-300x158.jpg 300w, https:\/\/www.delalumiereauxyeux-photo.fr\/wp-content\/uploads\/2025\/07\/DSC_7230-768x404.jpg 768w, https:\/\/www.delalumiereauxyeux-photo.fr\/wp-content\/uploads\/2025\/07\/DSC_7230-1536x809.jpg 1536w, https:\/\/www.delalumiereauxyeux-photo.fr\/wp-content\/uploads\/2025\/07\/DSC_7230-2048x1078.jpg 2048w\" sizes=\"(max-width: 1024px) 100vw, 1024px\" \/><\/figure>\n\n\n\n<figure class=\"wp-block-image size-large\"><img loading=\"lazy\" decoding=\"async\" width=\"1024\" height=\"683\" src=\"http:\/\/www.delalumiereauxyeux-photo.fr\/wp-content\/uploads\/2025\/07\/DSC_7255-1024x683.jpg\" alt=\"Slaloms IDF 2025 circuit Angerville 91 photographe De la lumi\u00e8re aux yeux\" class=\"wp-image-7792\" srcset=\"https:\/\/www.delalumiereauxyeux-photo.fr\/wp-content\/uploads\/2025\/07\/DSC_7255-1024x683.jpg 1024w, https:\/\/www.delalumiereauxyeux-photo.fr\/wp-content\/uploads\/2025\/07\/DSC_7255-300x200.jpg 300w, https:\/\/www.delalumiereauxyeux-photo.fr\/wp-content\/uploads\/2025\/07\/DSC_7255-768x512.jpg 768w, https:\/\/www.delalumiereauxyeux-photo.fr\/wp-content\/uploads\/2025\/07\/DSC_7255-1536x1024.jpg 1536w, https:\/\/www.delalumiereauxyeux-photo.fr\/wp-content\/uploads\/2025\/07\/DSC_7255-2048x1365.jpg 2048w\" sizes=\"(max-width: 1024px) 100vw, 1024px\" \/><\/figure>\n\n\n\n<figure class=\"wp-block-image size-large\"><img loading=\"lazy\" decoding=\"async\" width=\"1024\" height=\"683\" src=\"http:\/\/www.delalumiereauxyeux-photo.fr\/wp-content\/uploads\/2025\/07\/DSC_7308-1024x683.jpg\" alt=\"Slaloms IDF 2025 circuit Angerville 91 photographe De la lumi\u00e8re aux yeux\" class=\"wp-image-7793\" srcset=\"https:\/\/www.delalumiereauxyeux-photo.fr\/wp-content\/uploads\/2025\/07\/DSC_7308-1024x683.jpg 1024w, https:\/\/www.delalumiereauxyeux-photo.fr\/wp-content\/uploads\/2025\/07\/DSC_7308-300x200.jpg 300w, https:\/\/www.delalumiereauxyeux-photo.fr\/wp-content\/uploads\/2025\/07\/DSC_7308-768x512.jpg 768w, https:\/\/www.delalumiereauxyeux-photo.fr\/wp-content\/uploads\/2025\/07\/DSC_7308-1536x1024.jpg 1536w, https:\/\/www.delalumiereauxyeux-photo.fr\/wp-content\/uploads\/2025\/07\/DSC_7308-2048x1365.jpg 2048w\" sizes=\"(max-width: 1024px) 100vw, 1024px\" \/><\/figure>\n\n\n\n<figure class=\"wp-block-image size-large\"><img loading=\"lazy\" decoding=\"async\" width=\"1024\" height=\"683\" src=\"http:\/\/www.delalumiereauxyeux-photo.fr\/wp-content\/uploads\/2025\/07\/DSC_7354-1024x683.jpg\" alt=\"Slaloms IDF 2025 circuit Angerville 91 photographe De la lumi\u00e8re aux yeux\" class=\"wp-image-7795\" srcset=\"https:\/\/www.delalumiereauxyeux-photo.fr\/wp-content\/uploads\/2025\/07\/DSC_7354-1024x683.jpg 1024w, https:\/\/www.delalumiereauxyeux-photo.fr\/wp-content\/uploads\/2025\/07\/DSC_7354-300x200.jpg 300w, https:\/\/www.delalumiereauxyeux-photo.fr\/wp-content\/uploads\/2025\/07\/DSC_7354-768x512.jpg 768w, https:\/\/www.delalumiereauxyeux-photo.fr\/wp-content\/uploads\/2025\/07\/DSC_7354-1536x1024.jpg 1536w, https:\/\/www.delalumiereauxyeux-photo.fr\/wp-content\/uploads\/2025\/07\/DSC_7354-2048x1365.jpg 2048w\" sizes=\"(max-width: 1024px) 100vw, 1024px\" \/><\/figure>\n\n\n\n<figure class=\"wp-block-image size-large\"><img loading=\"lazy\" decoding=\"async\" width=\"1024\" height=\"778\" src=\"http:\/\/www.delalumiereauxyeux-photo.fr\/wp-content\/uploads\/2025\/07\/DSC_7379-1024x778.jpg\" alt=\"Slaloms IDF 2025 circuit Angerville 91 photographe De la lumi\u00e8re aux yeux\" class=\"wp-image-7796\" srcset=\"https:\/\/www.delalumiereauxyeux-photo.fr\/wp-content\/uploads\/2025\/07\/DSC_7379-1024x778.jpg 1024w, https:\/\/www.delalumiereauxyeux-photo.fr\/wp-content\/uploads\/2025\/07\/DSC_7379-300x228.jpg 300w, https:\/\/www.delalumiereauxyeux-photo.fr\/wp-content\/uploads\/2025\/07\/DSC_7379-768x583.jpg 768w, https:\/\/www.delalumiereauxyeux-photo.fr\/wp-content\/uploads\/2025\/07\/DSC_7379-1536x1166.jpg 1536w, https:\/\/www.delalumiereauxyeux-photo.fr\/wp-content\/uploads\/2025\/07\/DSC_7379-2048x1555.jpg 2048w\" sizes=\"(max-width: 1024px) 100vw, 1024px\" \/><\/figure>\n\n\n\n<figure class=\"wp-block-image size-large\"><img loading=\"lazy\" decoding=\"async\" width=\"1024\" height=\"683\" src=\"http:\/\/www.delalumiereauxyeux-photo.fr\/wp-content\/uploads\/2025\/07\/DSC_7405-1024x683.jpg\" alt=\"Slaloms IDF 2025 circuit Angerville 91 photographe De la lumi\u00e8re aux yeux\" class=\"wp-image-7797\" srcset=\"https:\/\/www.delalumiereauxyeux-photo.fr\/wp-content\/uploads\/2025\/07\/DSC_7405-1024x683.jpg 1024w, https:\/\/www.delalumiereauxyeux-photo.fr\/wp-content\/uploads\/2025\/07\/DSC_7405-300x200.jpg 300w, https:\/\/www.delalumiereauxyeux-photo.fr\/wp-content\/uploads\/2025\/07\/DSC_7405-768x512.jpg 768w, https:\/\/www.delalumiereauxyeux-photo.fr\/wp-content\/uploads\/2025\/07\/DSC_7405-1536x1024.jpg 1536w, https:\/\/www.delalumiereauxyeux-photo.fr\/wp-content\/uploads\/2025\/07\/DSC_7405-2048x1365.jpg 2048w\" sizes=\"(max-width: 1024px) 100vw, 1024px\" \/><\/figure>\n\n\n\n<figure class=\"wp-block-image size-large\"><img loading=\"lazy\" decoding=\"async\" width=\"1024\" height=\"554\" src=\"http:\/\/www.delalumiereauxyeux-photo.fr\/wp-content\/uploads\/2025\/07\/DSC_7433-1024x554.jpg\" alt=\"Slaloms IDF 2025 circuit Angerville 91 photographe De la lumi\u00e8re aux yeux\" class=\"wp-image-7798\" srcset=\"https:\/\/www.delalumiereauxyeux-photo.fr\/wp-content\/uploads\/2025\/07\/DSC_7433-1024x554.jpg 1024w, https:\/\/www.delalumiereauxyeux-photo.fr\/wp-content\/uploads\/2025\/07\/DSC_7433-300x162.jpg 300w, https:\/\/www.delalumiereauxyeux-photo.fr\/wp-content\/uploads\/2025\/07\/DSC_7433-768x416.jpg 768w, https:\/\/www.delalumiereauxyeux-photo.fr\/wp-content\/uploads\/2025\/07\/DSC_7433-1536x831.jpg 1536w, https:\/\/www.delalumiereauxyeux-photo.fr\/wp-content\/uploads\/2025\/07\/DSC_7433-2048x1109.jpg 2048w\" sizes=\"(max-width: 1024px) 100vw, 1024px\" \/><\/figure>\n\n\n\n<figure class=\"wp-block-image size-large\"><img loading=\"lazy\" decoding=\"async\" width=\"1024\" height=\"683\" src=\"http:\/\/www.delalumiereauxyeux-photo.fr\/wp-content\/uploads\/2025\/07\/DSC_7462-1024x683.jpg\" alt=\"Slaloms IDF 2025 circuit Angerville 91 photographe De la lumi\u00e8re aux yeux\" class=\"wp-image-7799\" srcset=\"https:\/\/www.delalumiereauxyeux-photo.fr\/wp-content\/uploads\/2025\/07\/DSC_7462-1024x683.jpg 1024w, https:\/\/www.delalumiereauxyeux-photo.fr\/wp-content\/uploads\/2025\/07\/DSC_7462-300x200.jpg 300w, https:\/\/www.delalumiereauxyeux-photo.fr\/wp-content\/uploads\/2025\/07\/DSC_7462-768x512.jpg 768w, https:\/\/www.delalumiereauxyeux-photo.fr\/wp-content\/uploads\/2025\/07\/DSC_7462-1536x1024.jpg 1536w, https:\/\/www.delalumiereauxyeux-photo.fr\/wp-content\/uploads\/2025\/07\/DSC_7462-2048x1365.jpg 2048w\" sizes=\"(max-width: 1024px) 100vw, 1024px\" \/><\/figure>\n\n\n\n<figure class=\"wp-block-image size-large\"><img loading=\"lazy\" decoding=\"async\" width=\"1024\" height=\"545\" src=\"http:\/\/www.delalumiereauxyeux-photo.fr\/wp-content\/uploads\/2025\/07\/DSC_7480-1024x545.jpg\" alt=\"Slaloms IDF 2025 circuit Angerville 91 photographe De la lumi\u00e8re aux yeux\" class=\"wp-image-7800\" srcset=\"https:\/\/www.delalumiereauxyeux-photo.fr\/wp-content\/uploads\/2025\/07\/DSC_7480-1024x545.jpg 1024w, https:\/\/www.delalumiereauxyeux-photo.fr\/wp-content\/uploads\/2025\/07\/DSC_7480-300x160.jpg 300w, https:\/\/www.delalumiereauxyeux-photo.fr\/wp-content\/uploads\/2025\/07\/DSC_7480-768x408.jpg 768w, https:\/\/www.delalumiereauxyeux-photo.fr\/wp-content\/uploads\/2025\/07\/DSC_7480-1536x817.jpg 1536w, https:\/\/www.delalumiereauxyeux-photo.fr\/wp-content\/uploads\/2025\/07\/DSC_7480-2048x1089.jpg 2048w\" sizes=\"(max-width: 1024px) 100vw, 1024px\" \/><\/figure>\n\n\n\n<figure class=\"wp-block-image size-large\"><img loading=\"lazy\" decoding=\"async\" width=\"1024\" height=\"520\" src=\"http:\/\/www.delalumiereauxyeux-photo.fr\/wp-content\/uploads\/2025\/07\/DSC_7514-1024x520.jpg\" alt=\"Slaloms IDF 2025 circuit Angerville 91 photographe De la lumi\u00e8re aux yeux\" class=\"wp-image-7801\" srcset=\"https:\/\/www.delalumiereauxyeux-photo.fr\/wp-content\/uploads\/2025\/07\/DSC_7514-1024x520.jpg 1024w, https:\/\/www.delalumiereauxyeux-photo.fr\/wp-content\/uploads\/2025\/07\/DSC_7514-300x152.jpg 300w, https:\/\/www.delalumiereauxyeux-photo.fr\/wp-content\/uploads\/2025\/07\/DSC_7514-768x390.jpg 768w, https:\/\/www.delalumiereauxyeux-photo.fr\/wp-content\/uploads\/2025\/07\/DSC_7514-1536x780.jpg 1536w, https:\/\/www.delalumiereauxyeux-photo.fr\/wp-content\/uploads\/2025\/07\/DSC_7514-2048x1040.jpg 2048w\" sizes=\"(max-width: 1024px) 100vw, 1024px\" \/><\/figure>\n\n\n\n<figure class=\"wp-block-image size-large\"><img loading=\"lazy\" decoding=\"async\" width=\"1024\" height=\"683\" src=\"http:\/\/www.delalumiereauxyeux-photo.fr\/wp-content\/uploads\/2025\/07\/DSC_7534-1024x683.jpg\" alt=\"Slaloms IDF 2025 circuit Angerville 91 photographe De la lumi\u00e8re aux yeux\" class=\"wp-image-7802\" srcset=\"https:\/\/www.delalumiereauxyeux-photo.fr\/wp-content\/uploads\/2025\/07\/DSC_7534-1024x683.jpg 1024w, https:\/\/www.delalumiereauxyeux-photo.fr\/wp-content\/uploads\/2025\/07\/DSC_7534-300x200.jpg 300w, https:\/\/www.delalumiereauxyeux-photo.fr\/wp-content\/uploads\/2025\/07\/DSC_7534-768x512.jpg 768w, https:\/\/www.delalumiereauxyeux-photo.fr\/wp-content\/uploads\/2025\/07\/DSC_7534-1536x1024.jpg 1536w, https:\/\/www.delalumiereauxyeux-photo.fr\/wp-content\/uploads\/2025\/07\/DSC_7534-2048x1365.jpg 2048w\" sizes=\"(max-width: 1024px) 100vw, 1024px\" \/><\/figure>\n\n\n\n<figure class=\"wp-block-image size-large\"><img loading=\"lazy\" decoding=\"async\" width=\"1024\" height=\"494\" src=\"http:\/\/www.delalumiereauxyeux-photo.fr\/wp-content\/uploads\/2025\/07\/DSC_7570-1024x494.jpg\" alt=\"Slaloms IDF 2025 circuit Angerville 91 photographe De la lumi\u00e8re aux yeux\" class=\"wp-image-7803\" srcset=\"https:\/\/www.delalumiereauxyeux-photo.fr\/wp-content\/uploads\/2025\/07\/DSC_7570-1024x494.jpg 1024w, https:\/\/www.delalumiereauxyeux-photo.fr\/wp-content\/uploads\/2025\/07\/DSC_7570-300x145.jpg 300w, https:\/\/www.delalumiereauxyeux-photo.fr\/wp-content\/uploads\/2025\/07\/DSC_7570-768x370.jpg 768w, https:\/\/www.delalumiereauxyeux-photo.fr\/wp-content\/uploads\/2025\/07\/DSC_7570-1536x740.jpg 1536w, https:\/\/www.delalumiereauxyeux-photo.fr\/wp-content\/uploads\/2025\/07\/DSC_7570-2048x987.jpg 2048w\" sizes=\"(max-width: 1024px) 100vw, 1024px\" \/><\/figure>\n\n\n\n<figure class=\"wp-block-image size-large\"><img loading=\"lazy\" decoding=\"async\" width=\"1024\" height=\"698\" src=\"http:\/\/www.delalumiereauxyeux-photo.fr\/wp-content\/uploads\/2025\/07\/DSC_7643-1024x698.jpg\" alt=\"Slaloms IDF 2025 circuit Angerville 91 photographe De la lumi\u00e8re aux yeux\" class=\"wp-image-7804\" srcset=\"https:\/\/www.delalumiereauxyeux-photo.fr\/wp-content\/uploads\/2025\/07\/DSC_7643-1024x698.jpg 1024w, https:\/\/www.delalumiereauxyeux-photo.fr\/wp-content\/uploads\/2025\/07\/DSC_7643-300x205.jpg 300w, https:\/\/www.delalumiereauxyeux-photo.fr\/wp-content\/uploads\/2025\/07\/DSC_7643-768x524.jpg 768w, https:\/\/www.delalumiereauxyeux-photo.fr\/wp-content\/uploads\/2025\/07\/DSC_7643-1536x1048.jpg 1536w, https:\/\/www.delalumiereauxyeux-photo.fr\/wp-content\/uploads\/2025\/07\/DSC_7643-2048x1397.jpg 2048w\" sizes=\"(max-width: 1024px) 100vw, 1024px\" \/><\/figure>\n\n\n\n<figure class=\"wp-block-image size-large\"><img loading=\"lazy\" decoding=\"async\" width=\"1024\" height=\"554\" src=\"http:\/\/www.delalumiereauxyeux-photo.fr\/wp-content\/uploads\/2025\/07\/DSC_7670-1024x554.jpg\" alt=\"Slaloms IDF 2025 circuit Angerville 91 photographe De la lumi\u00e8re aux yeux\" class=\"wp-image-7805\" srcset=\"https:\/\/www.delalumiereauxyeux-photo.fr\/wp-content\/uploads\/2025\/07\/DSC_7670-1024x554.jpg 1024w, https:\/\/www.delalumiereauxyeux-photo.fr\/wp-content\/uploads\/2025\/07\/DSC_7670-300x162.jpg 300w, https:\/\/www.delalumiereauxyeux-photo.fr\/wp-content\/uploads\/2025\/07\/DSC_7670-768x415.jpg 768w, https:\/\/www.delalumiereauxyeux-photo.fr\/wp-content\/uploads\/2025\/07\/DSC_7670-1536x830.jpg 1536w, https:\/\/www.delalumiereauxyeux-photo.fr\/wp-content\/uploads\/2025\/07\/DSC_7670-2048x1107.jpg 2048w\" sizes=\"(max-width: 1024px) 100vw, 1024px\" \/><\/figure>\n\n\n\n<figure class=\"wp-block-image size-large\"><img loading=\"lazy\" decoding=\"async\" width=\"1024\" height=\"615\" src=\"http:\/\/www.delalumiereauxyeux-photo.fr\/wp-content\/uploads\/2025\/07\/DSC_7709-1024x615.jpg\" alt=\"Slaloms IDF 2025 circuit Angerville 91 photographe De la lumi\u00e8re aux yeux\" class=\"wp-image-7806\" srcset=\"https:\/\/www.delalumiereauxyeux-photo.fr\/wp-content\/uploads\/2025\/07\/DSC_7709-1024x615.jpg 1024w, https:\/\/www.delalumiereauxyeux-photo.fr\/wp-content\/uploads\/2025\/07\/DSC_7709-300x180.jpg 300w, https:\/\/www.delalumiereauxyeux-photo.fr\/wp-content\/uploads\/2025\/07\/DSC_7709-768x461.jpg 768w, https:\/\/www.delalumiereauxyeux-photo.fr\/wp-content\/uploads\/2025\/07\/DSC_7709-1536x923.jpg 1536w, https:\/\/www.delalumiereauxyeux-photo.fr\/wp-content\/uploads\/2025\/07\/DSC_7709-2048x1231.jpg 2048w\" sizes=\"(max-width: 1024px) 100vw, 1024px\" \/><\/figure>\n\n\n\n<figure class=\"wp-block-image size-large\"><img loading=\"lazy\" decoding=\"async\" width=\"1024\" height=\"683\" src=\"http:\/\/www.delalumiereauxyeux-photo.fr\/wp-content\/uploads\/2025\/07\/DSC_0004-1024x683.jpg\" alt=\"Slaloms IDF 2025 circuit Angerville 91 photographe De la lumi\u00e8re aux yeux\" class=\"wp-image-7807\" srcset=\"https:\/\/www.delalumiereauxyeux-photo.fr\/wp-content\/uploads\/2025\/07\/DSC_0004-1024x683.jpg 1024w, https:\/\/www.delalumiereauxyeux-photo.fr\/wp-content\/uploads\/2025\/07\/DSC_0004-300x200.jpg 300w, https:\/\/www.delalumiereauxyeux-photo.fr\/wp-content\/uploads\/2025\/07\/DSC_0004-768x512.jpg 768w, https:\/\/www.delalumiereauxyeux-photo.fr\/wp-content\/uploads\/2025\/07\/DSC_0004-1536x1024.jpg 1536w, https:\/\/www.delalumiereauxyeux-photo.fr\/wp-content\/uploads\/2025\/07\/DSC_0004-2048x1365.jpg 2048w\" sizes=\"(max-width: 1024px) 100vw, 1024px\" \/><\/figure>\n\n\n\n<figure class=\"wp-block-image size-large\"><img loading=\"lazy\" decoding=\"async\" width=\"1024\" height=\"683\" src=\"http:\/\/www.delalumiereauxyeux-photo.fr\/wp-content\/uploads\/2025\/07\/DSC_7779-1024x683.jpg\" alt=\"Slaloms IDF 2025 circuit Angerville 91 photographe De la lumi\u00e8re aux yeux\" class=\"wp-image-7808\" srcset=\"https:\/\/www.delalumiereauxyeux-photo.fr\/wp-content\/uploads\/2025\/07\/DSC_7779-1024x683.jpg 1024w, https:\/\/www.delalumiereauxyeux-photo.fr\/wp-content\/uploads\/2025\/07\/DSC_7779-300x200.jpg 300w, https:\/\/www.delalumiereauxyeux-photo.fr\/wp-content\/uploads\/2025\/07\/DSC_7779-768x512.jpg 768w, https:\/\/www.delalumiereauxyeux-photo.fr\/wp-content\/uploads\/2025\/07\/DSC_7779-1536x1024.jpg 1536w, https:\/\/www.delalumiereauxyeux-photo.fr\/wp-content\/uploads\/2025\/07\/DSC_7779-2048x1365.jpg 2048w\" sizes=\"(max-width: 1024px) 100vw, 1024px\" \/><\/figure>\n\n\n\n<figure class=\"wp-block-image size-large\"><img loading=\"lazy\" decoding=\"async\" width=\"1024\" height=\"683\" src=\"http:\/\/www.delalumiereauxyeux-photo.fr\/wp-content\/uploads\/2025\/07\/DSC_7817-1024x683.jpg\" alt=\"Slaloms IDF 2025 circuit Angerville 91 photographe De la lumi\u00e8re aux yeux\" class=\"wp-image-7809\" srcset=\"https:\/\/www.delalumiereauxyeux-photo.fr\/wp-content\/uploads\/2025\/07\/DSC_7817-1024x683.jpg 1024w, https:\/\/www.delalumiereauxyeux-photo.fr\/wp-content\/uploads\/2025\/07\/DSC_7817-300x200.jpg 300w, https:\/\/www.delalumiereauxyeux-photo.fr\/wp-content\/uploads\/2025\/07\/DSC_7817-768x512.jpg 768w, https:\/\/www.delalumiereauxyeux-photo.fr\/wp-content\/uploads\/2025\/07\/DSC_7817-1536x1024.jpg 1536w, https:\/\/www.delalumiereauxyeux-photo.fr\/wp-content\/uploads\/2025\/07\/DSC_7817-2048x1365.jpg 2048w\" sizes=\"(max-width: 1024px) 100vw, 1024px\" \/><\/figure>\n\n\n\n<figure class=\"wp-block-image size-large\"><img loading=\"lazy\" decoding=\"async\" width=\"1024\" height=\"634\" src=\"http:\/\/www.delalumiereauxyeux-photo.fr\/wp-content\/uploads\/2025\/07\/DSC_7861-1024x634.jpg\" alt=\"Slaloms IDF 2025 circuit Angerville 91 photographe De la lumi\u00e8re aux yeux\" class=\"wp-image-7810\" srcset=\"https:\/\/www.delalumiereauxyeux-photo.fr\/wp-content\/uploads\/2025\/07\/DSC_7861-1024x634.jpg 1024w, https:\/\/www.delalumiereauxyeux-photo.fr\/wp-content\/uploads\/2025\/07\/DSC_7861-300x186.jpg 300w, https:\/\/www.delalumiereauxyeux-photo.fr\/wp-content\/uploads\/2025\/07\/DSC_7861-768x475.jpg 768w, https:\/\/www.delalumiereauxyeux-photo.fr\/wp-content\/uploads\/2025\/07\/DSC_7861-1536x950.jpg 1536w, https:\/\/www.delalumiereauxyeux-photo.fr\/wp-content\/uploads\/2025\/07\/DSC_7861-2048x1267.jpg 2048w\" sizes=\"(max-width: 1024px) 100vw, 1024px\" \/><\/figure>\n\n\n\n<figure class=\"wp-block-image size-large\"><img loading=\"lazy\" decoding=\"async\" width=\"1024\" height=\"683\" src=\"http:\/\/www.delalumiereauxyeux-photo.fr\/wp-content\/uploads\/2025\/07\/DSC_0007-1024x683.jpg\" alt=\"Slaloms IDF 2025 circuit Angerville 91 photographe De la lumi\u00e8re aux yeux\" class=\"wp-image-7811\" srcset=\"https:\/\/www.delalumiereauxyeux-photo.fr\/wp-content\/uploads\/2025\/07\/DSC_0007-1024x683.jpg 1024w, https:\/\/www.delalumiereauxyeux-photo.fr\/wp-content\/uploads\/2025\/07\/DSC_0007-300x200.jpg 300w, https:\/\/www.delalumiereauxyeux-photo.fr\/wp-content\/uploads\/2025\/07\/DSC_0007-768x512.jpg 768w, https:\/\/www.delalumiereauxyeux-photo.fr\/wp-content\/uploads\/2025\/07\/DSC_0007-1536x1024.jpg 1536w, https:\/\/www.delalumiereauxyeux-photo.fr\/wp-content\/uploads\/2025\/07\/DSC_0007-2048x1365.jpg 2048w\" sizes=\"(max-width: 1024px) 100vw, 1024px\" \/><\/figure>\n\n\n\n<figure class=\"wp-block-image size-large\"><img loading=\"lazy\" decoding=\"async\" width=\"1024\" height=\"588\" src=\"http:\/\/www.delalumiereauxyeux-photo.fr\/wp-content\/uploads\/2025\/07\/DSC_7951-1024x588.jpg\" alt=\"Slaloms IDF 2025 circuit Angerville 91 photographe De la lumi\u00e8re aux yeux\" class=\"wp-image-7812\" srcset=\"https:\/\/www.delalumiereauxyeux-photo.fr\/wp-content\/uploads\/2025\/07\/DSC_7951-1024x588.jpg 1024w, https:\/\/www.delalumiereauxyeux-photo.fr\/wp-content\/uploads\/2025\/07\/DSC_7951-300x172.jpg 300w, https:\/\/www.delalumiereauxyeux-photo.fr\/wp-content\/uploads\/2025\/07\/DSC_7951-768x441.jpg 768w, https:\/\/www.delalumiereauxyeux-photo.fr\/wp-content\/uploads\/2025\/07\/DSC_7951-1536x882.jpg 1536w, https:\/\/www.delalumiereauxyeux-photo.fr\/wp-content\/uploads\/2025\/07\/DSC_7951-2048x1177.jpg 2048w\" sizes=\"(max-width: 1024px) 100vw, 1024px\" \/><\/figure>\n\n\n\n<figure class=\"wp-block-image size-large\"><img loading=\"lazy\" decoding=\"async\" width=\"1024\" height=\"563\" src=\"http:\/\/www.delalumiereauxyeux-photo.fr\/wp-content\/uploads\/2025\/07\/DSC_7967-1024x563.jpg\" alt=\"Slaloms IDF 2025 circuit Angerville 91 photographe De la lumi\u00e8re aux yeux\" class=\"wp-image-7813\" srcset=\"https:\/\/www.delalumiereauxyeux-photo.fr\/wp-content\/uploads\/2025\/07\/DSC_7967-1024x563.jpg 1024w, https:\/\/www.delalumiereauxyeux-photo.fr\/wp-content\/uploads\/2025\/07\/DSC_7967-300x165.jpg 300w, https:\/\/www.delalumiereauxyeux-photo.fr\/wp-content\/uploads\/2025\/07\/DSC_7967-768x422.jpg 768w, https:\/\/www.delalumiereauxyeux-photo.fr\/wp-content\/uploads\/2025\/07\/DSC_7967-1536x845.jpg 1536w, https:\/\/www.delalumiereauxyeux-photo.fr\/wp-content\/uploads\/2025\/07\/DSC_7967-2048x1126.jpg 2048w\" sizes=\"(max-width: 1024px) 100vw, 1024px\" \/><\/figure>\n\n\n\n<figure class=\"wp-block-image size-large\"><img loading=\"lazy\" decoding=\"async\" width=\"1024\" height=\"548\" src=\"http:\/\/www.delalumiereauxyeux-photo.fr\/wp-content\/uploads\/2025\/07\/DSC_8044-1024x548.jpg\" alt=\"Slaloms IDF 2025 circuit Angerville 91 photographe De la lumi\u00e8re aux yeux\" class=\"wp-image-7814\" srcset=\"https:\/\/www.delalumiereauxyeux-photo.fr\/wp-content\/uploads\/2025\/07\/DSC_8044-1024x548.jpg 1024w, https:\/\/www.delalumiereauxyeux-photo.fr\/wp-content\/uploads\/2025\/07\/DSC_8044-300x161.jpg 300w, https:\/\/www.delalumiereauxyeux-photo.fr\/wp-content\/uploads\/2025\/07\/DSC_8044-768x411.jpg 768w, https:\/\/www.delalumiereauxyeux-photo.fr\/wp-content\/uploads\/2025\/07\/DSC_8044-1536x822.jpg 1536w, https:\/\/www.delalumiereauxyeux-photo.fr\/wp-content\/uploads\/2025\/07\/DSC_8044-2048x1096.jpg 2048w\" sizes=\"(max-width: 1024px) 100vw, 1024px\" \/><\/figure>\n\n\n\n<figure class=\"wp-block-image size-large\"><img loading=\"lazy\" decoding=\"async\" width=\"1024\" height=\"667\" src=\"http:\/\/www.delalumiereauxyeux-photo.fr\/wp-content\/uploads\/2025\/07\/DSC_8060-1024x667.jpg\" alt=\"Slaloms IDF 2025 circuit Angerville 91 photographe De la lumi\u00e8re aux yeux\" class=\"wp-image-7815\" srcset=\"https:\/\/www.delalumiereauxyeux-photo.fr\/wp-content\/uploads\/2025\/07\/DSC_8060-1024x667.jpg 1024w, https:\/\/www.delalumiereauxyeux-photo.fr\/wp-content\/uploads\/2025\/07\/DSC_8060-300x196.jpg 300w, https:\/\/www.delalumiereauxyeux-photo.fr\/wp-content\/uploads\/2025\/07\/DSC_8060-768x501.jpg 768w, https:\/\/www.delalumiereauxyeux-photo.fr\/wp-content\/uploads\/2025\/07\/DSC_8060-1536x1001.jpg 1536w, https:\/\/www.delalumiereauxyeux-photo.fr\/wp-content\/uploads\/2025\/07\/DSC_8060-2048x1335.jpg 2048w\" sizes=\"(max-width: 1024px) 100vw, 1024px\" \/><\/figure>\n\n\n\n<figure class=\"wp-block-image size-large\"><img loading=\"lazy\" decoding=\"async\" width=\"1024\" height=\"446\" src=\"http:\/\/www.delalumiereauxyeux-photo.fr\/wp-content\/uploads\/2025\/07\/DSC_8123-1024x446.jpg\" alt=\"Slaloms IDF 2025 circuit Angerville 91 photographe De la lumi\u00e8re aux yeux\" class=\"wp-image-7816\" srcset=\"https:\/\/www.delalumiereauxyeux-photo.fr\/wp-content\/uploads\/2025\/07\/DSC_8123-1024x446.jpg 1024w, https:\/\/www.delalumiereauxyeux-photo.fr\/wp-content\/uploads\/2025\/07\/DSC_8123-300x131.jpg 300w, https:\/\/www.delalumiereauxyeux-photo.fr\/wp-content\/uploads\/2025\/07\/DSC_8123-768x335.jpg 768w, https:\/\/www.delalumiereauxyeux-photo.fr\/wp-content\/uploads\/2025\/07\/DSC_8123-1536x669.jpg 1536w, https:\/\/www.delalumiereauxyeux-photo.fr\/wp-content\/uploads\/2025\/07\/DSC_8123-2048x892.jpg 2048w\" sizes=\"(max-width: 1024px) 100vw, 1024px\" \/><\/figure>\n\n\n\n<figure class=\"wp-block-image size-large\"><img loading=\"lazy\" decoding=\"async\" width=\"1024\" height=\"460\" src=\"http:\/\/www.delalumiereauxyeux-photo.fr\/wp-content\/uploads\/2025\/07\/DSC_8279-1024x460.jpg\" alt=\"Slaloms IDF 2025 circuit Angerville 91 photographe De la lumi\u00e8re aux yeux\" class=\"wp-image-7817\" srcset=\"https:\/\/www.delalumiereauxyeux-photo.fr\/wp-content\/uploads\/2025\/07\/DSC_8279-1024x460.jpg 1024w, https:\/\/www.delalumiereauxyeux-photo.fr\/wp-content\/uploads\/2025\/07\/DSC_8279-300x135.jpg 300w, https:\/\/www.delalumiereauxyeux-photo.fr\/wp-content\/uploads\/2025\/07\/DSC_8279-768x345.jpg 768w, https:\/\/www.delalumiereauxyeux-photo.fr\/wp-content\/uploads\/2025\/07\/DSC_8279-1536x689.jpg 1536w, https:\/\/www.delalumiereauxyeux-photo.fr\/wp-content\/uploads\/2025\/07\/DSC_8279-2048x919.jpg 2048w\" sizes=\"(max-width: 1024px) 100vw, 1024px\" \/><\/figure>\n\n\n\n<figure class=\"wp-block-image size-large\"><img loading=\"lazy\" decoding=\"async\" width=\"1024\" height=\"533\" src=\"http:\/\/www.delalumiereauxyeux-photo.fr\/wp-content\/uploads\/2025\/07\/DSC_8347-1024x533.jpg\" alt=\"Slaloms IDF 2025 circuit Angerville 91 photographe De la lumi\u00e8re aux yeux\" class=\"wp-image-7818\" srcset=\"https:\/\/www.delalumiereauxyeux-photo.fr\/wp-content\/uploads\/2025\/07\/DSC_8347-1024x533.jpg 1024w, https:\/\/www.delalumiereauxyeux-photo.fr\/wp-content\/uploads\/2025\/07\/DSC_8347-300x156.jpg 300w, https:\/\/www.delalumiereauxyeux-photo.fr\/wp-content\/uploads\/2025\/07\/DSC_8347-768x400.jpg 768w, https:\/\/www.delalumiereauxyeux-photo.fr\/wp-content\/uploads\/2025\/07\/DSC_8347-1536x800.jpg 1536w, https:\/\/www.delalumiereauxyeux-photo.fr\/wp-content\/uploads\/2025\/07\/DSC_8347-2048x1067.jpg 2048w\" sizes=\"(max-width: 1024px) 100vw, 1024px\" \/><\/figure>\n\n\n\n<figure class=\"wp-block-image size-large\"><img loading=\"lazy\" decoding=\"async\" width=\"1024\" height=\"683\" src=\"http:\/\/www.delalumiereauxyeux-photo.fr\/wp-content\/uploads\/2025\/07\/DSC_0072-1024x683.jpg\" alt=\"Slaloms IDF 2025 circuit Angerville 91 photographe De la lumi\u00e8re aux yeux\" class=\"wp-image-7819\" srcset=\"https:\/\/www.delalumiereauxyeux-photo.fr\/wp-content\/uploads\/2025\/07\/DSC_0072-1024x683.jpg 1024w, https:\/\/www.delalumiereauxyeux-photo.fr\/wp-content\/uploads\/2025\/07\/DSC_0072-300x200.jpg 300w, https:\/\/www.delalumiereauxyeux-photo.fr\/wp-content\/uploads\/2025\/07\/DSC_0072-768x512.jpg 768w, https:\/\/www.delalumiereauxyeux-photo.fr\/wp-content\/uploads\/2025\/07\/DSC_0072-1536x1024.jpg 1536w, https:\/\/www.delalumiereauxyeux-photo.fr\/wp-content\/uploads\/2025\/07\/DSC_0072-2048x1365.jpg 2048w\" sizes=\"(max-width: 1024px) 100vw, 1024px\" \/><\/figure>\n\n\n\n<figure class=\"wp-block-image size-large\"><img loading=\"lazy\" decoding=\"async\" width=\"1024\" height=\"683\" src=\"http:\/\/www.delalumiereauxyeux-photo.fr\/wp-content\/uploads\/2025\/07\/DSC_0075-1024x683.jpg\" alt=\"Slaloms IDF 2025 circuit Angerville 91 photographe De la lumi\u00e8re aux yeux\" class=\"wp-image-7820\" srcset=\"https:\/\/www.delalumiereauxyeux-photo.fr\/wp-content\/uploads\/2025\/07\/DSC_0075-1024x683.jpg 1024w, https:\/\/www.delalumiereauxyeux-photo.fr\/wp-content\/uploads\/2025\/07\/DSC_0075-300x200.jpg 300w, https:\/\/www.delalumiereauxyeux-photo.fr\/wp-content\/uploads\/2025\/07\/DSC_0075-768x512.jpg 768w, https:\/\/www.delalumiereauxyeux-photo.fr\/wp-content\/uploads\/2025\/07\/DSC_0075-1536x1024.jpg 1536w, https:\/\/www.delalumiereauxyeux-photo.fr\/wp-content\/uploads\/2025\/07\/DSC_0075-2048x1365.jpg 2048w\" sizes=\"(max-width: 1024px) 100vw, 1024px\" \/><\/figure>\n\n\n\n<figure class=\"wp-block-image size-large\"><img loading=\"lazy\" decoding=\"async\" width=\"1024\" height=\"702\" src=\"http:\/\/www.delalumiereauxyeux-photo.fr\/wp-content\/uploads\/2025\/07\/DSC_0086-1024x702.jpg\" alt=\"Slaloms IDF 2025 circuit Angerville 91 photographe De la lumi\u00e8re aux yeux\" class=\"wp-image-7821\" srcset=\"https:\/\/www.delalumiereauxyeux-photo.fr\/wp-content\/uploads\/2025\/07\/DSC_0086-1024x702.jpg 1024w, https:\/\/www.delalumiereauxyeux-photo.fr\/wp-content\/uploads\/2025\/07\/DSC_0086-300x206.jpg 300w, https:\/\/www.delalumiereauxyeux-photo.fr\/wp-content\/uploads\/2025\/07\/DSC_0086-768x527.jpg 768w, https:\/\/www.delalumiereauxyeux-photo.fr\/wp-content\/uploads\/2025\/07\/DSC_0086-1536x1053.jpg 1536w, https:\/\/www.delalumiereauxyeux-photo.fr\/wp-content\/uploads\/2025\/07\/DSC_0086-2048x1404.jpg 2048w\" sizes=\"(max-width: 1024px) 100vw, 1024px\" \/><\/figure>\n\n\n\n<figure class=\"wp-block-image size-large\"><img loading=\"lazy\" decoding=\"async\" width=\"1024\" height=\"548\" src=\"http:\/\/www.delalumiereauxyeux-photo.fr\/wp-content\/uploads\/2025\/07\/DSC_0095-1024x548.jpg\" alt=\"Slaloms IDF 2025 circuit Angerville 91 photographe De la lumi\u00e8re aux yeux\" class=\"wp-image-7824\" srcset=\"https:\/\/www.delalumiereauxyeux-photo.fr\/wp-content\/uploads\/2025\/07\/DSC_0095-1024x548.jpg 1024w, https:\/\/www.delalumiereauxyeux-photo.fr\/wp-content\/uploads\/2025\/07\/DSC_0095-300x161.jpg 300w, https:\/\/www.delalumiereauxyeux-photo.fr\/wp-content\/uploads\/2025\/07\/DSC_0095-768x411.jpg 768w, https:\/\/www.delalumiereauxyeux-photo.fr\/wp-content\/uploads\/2025\/07\/DSC_0095-1536x822.jpg 1536w, https:\/\/www.delalumiereauxyeux-photo.fr\/wp-content\/uploads\/2025\/07\/DSC_0095-2048x1096.jpg 2048w\" sizes=\"(max-width: 1024px) 100vw, 1024px\" \/><\/figure>\n\n\n\n<figure class=\"wp-block-image size-large\"><img loading=\"lazy\" decoding=\"async\" width=\"1024\" height=\"482\" src=\"http:\/\/www.delalumiereauxyeux-photo.fr\/wp-content\/uploads\/2025\/07\/DSC_0088-1024x482.jpg\" alt=\"Slaloms IDF 2025 circuit Angerville 91 photographe De la lumi\u00e8re aux yeux\" class=\"wp-image-7822\" srcset=\"https:\/\/www.delalumiereauxyeux-photo.fr\/wp-content\/uploads\/2025\/07\/DSC_0088-1024x482.jpg 1024w, https:\/\/www.delalumiereauxyeux-photo.fr\/wp-content\/uploads\/2025\/07\/DSC_0088-300x141.jpg 300w, https:\/\/www.delalumiereauxyeux-photo.fr\/wp-content\/uploads\/2025\/07\/DSC_0088-768x362.jpg 768w, https:\/\/www.delalumiereauxyeux-photo.fr\/wp-content\/uploads\/2025\/07\/DSC_0088-1536x723.jpg 1536w, https:\/\/www.delalumiereauxyeux-photo.fr\/wp-content\/uploads\/2025\/07\/DSC_0088-2048x965.jpg 2048w\" sizes=\"(max-width: 1024px) 100vw, 1024px\" \/><\/figure>\n\n\n\n<figure class=\"wp-block-image size-large\"><img loading=\"lazy\" decoding=\"async\" width=\"1024\" height=\"683\" src=\"http:\/\/www.delalumiereauxyeux-photo.fr\/wp-content\/uploads\/2025\/07\/DSC_0090-1024x683.jpg\" alt=\"Slaloms IDF 2025 circuit Angerville 91 photographe De la lumi\u00e8re aux yeux\" class=\"wp-image-7823\" srcset=\"https:\/\/www.delalumiereauxyeux-photo.fr\/wp-content\/uploads\/2025\/07\/DSC_0090-1024x683.jpg 1024w, https:\/\/www.delalumiereauxyeux-photo.fr\/wp-content\/uploads\/2025\/07\/DSC_0090-300x200.jpg 300w, https:\/\/www.delalumiereauxyeux-photo.fr\/wp-content\/uploads\/2025\/07\/DSC_0090-768x512.jpg 768w, https:\/\/www.delalumiereauxyeux-photo.fr\/wp-content\/uploads\/2025\/07\/DSC_0090-1536x1024.jpg 1536w, https:\/\/www.delalumiereauxyeux-photo.fr\/wp-content\/uploads\/2025\/07\/DSC_0090-2048x1365.jpg 2048w\" sizes=\"(max-width: 1024px) 100vw, 1024px\" \/><\/figure>\n\n\n\n<p>\u00a9 Tous droits r\u00e9serv\u00e9s 2025.<\/p>\n\n\n\n<p>Merci aux organisateurs, ainsi qu&rsquo;aux commissaires.<\/p>\n\n\n\n<p>Toutes mes photos ne sont pas pr\u00e9sent\u00e9es dans l&rsquo;article, alors n&rsquo;h\u00e9sitez pas \u00e0 me contacter \ud83d\ude09<\/p>\n\n\n\n<p>Les photos sont disponibles \u00e0 l&rsquo;achat au format num\u00e9rique&nbsp;<a href=\"https:\/\/www.delalumiereauxyeux-photo.fr\/?page_id=2430\">Contact &#8211; De la lumi\u00e8re aux yeux (delalumiereauxyeux-photo.fr)<\/a><\/p>\n\n\n\n<p>Si vous souhaitez une prestation photos, contactez-moi. Vous pouvez \u00e9galement m&rsquo;envoyer vos noms, pr\u00e9noms, voiture(s), \u00e9v\u00e8nement(s), dates et lieux o\u00f9 vous serez en 2025\/2026&nbsp;<a href=\"https:\/\/www.delalumiereauxyeux-photo.fr\/?page_id=2430\">Contact &#8211; De la lumi\u00e8re aux yeux (delalumiereauxyeux-photo.fr)<\/a> !<\/p>\n\n\n\n<p>Vous pouvez \u00e9galement me laisser vos commentaires sur cet article.<\/p>\n\n\n\n<p>A bient\u00f4t! \ud83d\ude42<\/p>\n\n\n\n<p>Ang\u00e9lique.<\/p>\n\n\n\n<p>Vous pouvez me retrouver sur :<\/p>\n\n\n\n<ul>\n<li>Facebook&nbsp;<a href=\"https:\/\/www.facebook.com\/DelalumiereauxyeuxPhotographe\">Delalumi\u00e8reauxyeux Photographe | Erceville | Facebook<\/a><\/li>\n\n\n\n<li>Instagram&nbsp;<a href=\"https:\/\/www.instagram.com\/angiephoto28\/\">Angie (@angiephoto28) \u2022 Photos et vid\u00e9os Instagram<\/a><\/li>\n\n\n\n<li>site internet <a href=\"https:\/\/www.delalumiereauxyeux.fr\/\">https:\/\/www.delalumiereauxyeux.fr\/<\/a><\/li>\n\n\n\n<li>Linkedln <a href=\"https:\/\/www.linkedin.com\/in\/ang%C3%A9lique-de-la-lumi%C3%A8re-aux-yeux-65418826b\/\">https:\/\/www.linkedin.com\/in\/ang%C3%A9lique-de-la-lumi%C3%A8re-aux-yeux-65418826b\/<\/a><\/li>\n<\/ul>\n\n\n\n<p><em>Les photos sont compress\u00e9es pour le blog et n&rsquo;ont pas leur qualit\u00e9 optimale.<\/em><\/p>\n","protected":false},"excerpt":{"rendered":"<p>Cet \u00e9v\u00e9nement s&rsquo;est d\u00e9roul\u00e9 les 28 et 29 juin 2025 sous une chaleur \u00e9crasante. Malgr\u00e9 cela, pilotes et autos ont r\u00e9ussi de belles prouesses sur ce beau circuit international! \u00a9 Tous droits r\u00e9serv\u00e9s 2025. Merci aux organisateurs, ainsi qu&rsquo;aux commissaires. Toutes mes photos ne sont pas pr\u00e9sent\u00e9es dans l&rsquo;article, alors n&rsquo;h\u00e9sitez pas \u00e0 me contacter [&hellip;]<\/p>\n","protected":false},"author":1,"featured_media":0,"comment_status":"open","ping_status":"closed","sticky":false,"template":"","format":"standard","meta":{"_monsterinsights_skip_tracking":false,"_monsterinsights_sitenote_active":false,"_monsterinsights_sitenote_note":"","_monsterinsights_sitenote_category":0,"footnotes":""},"categories":[1],"tags":[],"yoast_head":"<!-- This site is optimized with the Yoast SEO plugin v22.2 - https:\/\/yoast.com\/wordpress\/plugins\/seo\/ -->\n<title>Slaloms IDF 2025 sur le circuit d&#039;Angerville - De la lumi\u00e8re aux yeux<\/title>\n<meta name=\"robots\" content=\"index, follow, max-snippet:-1, max-image-preview:large, max-video-preview:-1\" \/>\n<link rel=\"canonical\" href=\"https:\/\/www.delalumiereauxyeux-photo.fr\/?p=7825\" \/>\n<meta property=\"og:locale\" content=\"fr_FR\" \/>\n<meta property=\"og:type\" content=\"article\" \/>\n<meta property=\"og:title\" content=\"Slaloms IDF 2025 sur le circuit d&#039;Angerville - De la lumi\u00e8re aux yeux\" \/>\n<meta property=\"og:description\" content=\"Cet \u00e9v\u00e9nement s&rsquo;est d\u00e9roul\u00e9 les 28 et 29 juin 2025 sous une chaleur \u00e9crasante. Malgr\u00e9 cela, pilotes et autos ont r\u00e9ussi de belles prouesses sur ce beau circuit international! \u00a9 Tous droits r\u00e9serv\u00e9s 2025. Merci aux organisateurs, ainsi qu&rsquo;aux commissaires. Toutes mes photos ne sont pas pr\u00e9sent\u00e9es dans l&rsquo;article, alors n&rsquo;h\u00e9sitez pas \u00e0 me contacter [&hellip;]\" \/>\n<meta property=\"og:url\" content=\"https:\/\/www.delalumiereauxyeux-photo.fr\/?p=7825\" \/>\n<meta property=\"og:site_name\" content=\"De la lumi\u00e8re aux yeux\" \/>\n<meta property=\"article:author\" content=\"https:\/\/www.facebook.com\/angelique.delalumiereauxyeux.5?__tn__=dlC-RHH-R-R&amp;eid=ARDORkTB_yutZsrVTEEeZ0LAobESxObVoalsaetnRjmZdhewjwojedF8h09RZ8oly8_ro0dEnvSLIUeS&amp;hc_ref=ARSbH4jjDNc2QSSUZPjZH0vrxiNgcNzLcrprkTea6WAzZ09DAHcjGeYU5y5PXqG08Ac\" \/>\n<meta property=\"article:published_time\" content=\"2025-07-01T12:41:27+00:00\" \/>\n<meta property=\"article:modified_time\" content=\"2025-07-01T12:54:18+00:00\" \/>\n<meta property=\"og:image\" content=\"http:\/\/www.delalumiereauxyeux-photo.fr\/wp-content\/uploads\/2025\/07\/DSC_7319-1024x577.jpg\" \/>\n<meta name=\"author\" content=\"delalumiereauxyeux\" \/>\n<meta name=\"twitter:card\" content=\"summary_large_image\" \/>\n<meta name=\"twitter:label1\" content=\"\u00c9crit par\" \/>\n\t<meta name=\"twitter:data1\" content=\"delalumiereauxyeux\" \/>\n\t<meta name=\"twitter:label2\" content=\"Dur\u00e9e de lecture estim\u00e9e\" \/>\n\t<meta name=\"twitter:data2\" content=\"8 minutes\" \/>\n<script type=\"application\/ld+json\" class=\"yoast-schema-graph\">{\"@context\":\"https:\/\/schema.org\",\"@graph\":[{\"@type\":\"WebPage\",\"@id\":\"https:\/\/www.delalumiereauxyeux-photo.fr\/?p=7825\",\"url\":\"https:\/\/www.delalumiereauxyeux-photo.fr\/?p=7825\",\"name\":\"Slaloms IDF 2025 sur le circuit d'Angerville - De la lumi\u00e8re aux yeux\",\"isPartOf\":{\"@id\":\"https:\/\/www.delalumiereauxyeux-photo.fr\/#website\"},\"primaryImageOfPage\":{\"@id\":\"https:\/\/www.delalumiereauxyeux-photo.fr\/?p=7825#primaryimage\"},\"image\":{\"@id\":\"https:\/\/www.delalumiereauxyeux-photo.fr\/?p=7825#primaryimage\"},\"thumbnailUrl\":\"http:\/\/www.delalumiereauxyeux-photo.fr\/wp-content\/uploads\/2025\/07\/DSC_7319-1024x577.jpg\",\"datePublished\":\"2025-07-01T12:41:27+00:00\",\"dateModified\":\"2025-07-01T12:54:18+00:00\",\"author\":{\"@id\":\"https:\/\/www.delalumiereauxyeux-photo.fr\/#\/schema\/person\/fbdc98761dd92f98cdb911153e949213\"},\"breadcrumb\":{\"@id\":\"https:\/\/www.delalumiereauxyeux-photo.fr\/?p=7825#breadcrumb\"},\"inLanguage\":\"fr-FR\",\"potentialAction\":[{\"@type\":\"ReadAction\",\"target\":[\"https:\/\/www.delalumiereauxyeux-photo.fr\/?p=7825\"]}]},{\"@type\":\"ImageObject\",\"inLanguage\":\"fr-FR\",\"@id\":\"https:\/\/www.delalumiereauxyeux-photo.fr\/?p=7825#primaryimage\",\"url\":\"https:\/\/www.delalumiereauxyeux-photo.fr\/wp-content\/uploads\/2025\/07\/DSC_7319-scaled.jpg\",\"contentUrl\":\"https:\/\/www.delalumiereauxyeux-photo.fr\/wp-content\/uploads\/2025\/07\/DSC_7319-scaled.jpg\",\"width\":2560,\"height\":1442,\"caption\":\"Slaloms IDF 2025 circuit Angerville 91 photographe De la lumi\u00e8re aux yeux\"},{\"@type\":\"BreadcrumbList\",\"@id\":\"https:\/\/www.delalumiereauxyeux-photo.fr\/?p=7825#breadcrumb\",\"itemListElement\":[{\"@type\":\"ListItem\",\"position\":1,\"name\":\"Accueil\",\"item\":\"https:\/\/www.delalumiereauxyeux-photo.fr\/\"},{\"@type\":\"ListItem\",\"position\":2,\"name\":\"Slaloms IDF 2025 sur le circuit d&rsquo;Angerville\"}]},{\"@type\":\"WebSite\",\"@id\":\"https:\/\/www.delalumiereauxyeux-photo.fr\/#website\",\"url\":\"https:\/\/www.delalumiereauxyeux-photo.fr\/\",\"name\":\"De la lumi\u00e8re aux yeux\",\"description\":\"De la lumi\u00e8re aux yeux\",\"potentialAction\":[{\"@type\":\"SearchAction\",\"target\":{\"@type\":\"EntryPoint\",\"urlTemplate\":\"https:\/\/www.delalumiereauxyeux-photo.fr\/?s={search_term_string}\"},\"query-input\":\"required name=search_term_string\"}],\"inLanguage\":\"fr-FR\"},{\"@type\":\"Person\",\"@id\":\"https:\/\/www.delalumiereauxyeux-photo.fr\/#\/schema\/person\/fbdc98761dd92f98cdb911153e949213\",\"name\":\"delalumiereauxyeux\",\"image\":{\"@type\":\"ImageObject\",\"inLanguage\":\"fr-FR\",\"@id\":\"https:\/\/www.delalumiereauxyeux-photo.fr\/#\/schema\/person\/image\/\",\"url\":\"https:\/\/secure.gravatar.com\/avatar\/8fecce8824b60e8618943375d4f3666c?s=96&d=mm&r=g\",\"contentUrl\":\"https:\/\/secure.gravatar.com\/avatar\/8fecce8824b60e8618943375d4f3666c?s=96&d=mm&r=g\",\"caption\":\"delalumiereauxyeux\"},\"sameAs\":[\"https:\/\/www.facebook.com\/angelique.delalumiereauxyeux.5?__tn__=dlC-RHH-R-R&eid=ARDORkTB_yutZsrVTEEeZ0LAobESxObVoalsaetnRjmZdhewjwojedF8h09RZ8oly8_ro0dEnvSLIUeS&hc_ref=ARSbH4jjDNc2QSSUZPjZH0vrxiNgcNzLcrprkTea6WAzZ09DAHcjGeYU5y5PXqG08Ac\",\"https:\/\/www.instagram.com\/angiephoto28\/\",\"https:\/\/www.linkedin.com\/in\/anglique-de-la-lumire-aux-yeux-65418826b\/\"]}]}<\/script>\n<!-- \/ Yoast SEO plugin. -->","yoast_head_json":{"title":"Slaloms IDF 2025 sur le circuit d'Angerville - De la lumi\u00e8re aux yeux","robots":{"index":"index","follow":"follow","max-snippet":"max-snippet:-1","max-image-preview":"max-image-preview:large","max-video-preview":"max-video-preview:-1"},"canonical":"https:\/\/www.delalumiereauxyeux-photo.fr\/?p=7825","og_locale":"fr_FR","og_type":"article","og_title":"Slaloms IDF 2025 sur le circuit d'Angerville - De la lumi\u00e8re aux yeux","og_description":"Cet \u00e9v\u00e9nement s&rsquo;est d\u00e9roul\u00e9 les 28 et 29 juin 2025 sous une chaleur \u00e9crasante. Malgr\u00e9 cela, pilotes et autos ont r\u00e9ussi de belles prouesses sur ce beau circuit international! \u00a9 Tous droits r\u00e9serv\u00e9s 2025. Merci aux organisateurs, ainsi qu&rsquo;aux commissaires. Toutes mes photos ne sont pas pr\u00e9sent\u00e9es dans l&rsquo;article, alors n&rsquo;h\u00e9sitez pas \u00e0 me contacter [&hellip;]","og_url":"https:\/\/www.delalumiereauxyeux-photo.fr\/?p=7825","og_site_name":"De la lumi\u00e8re aux yeux","article_author":"https:\/\/www.facebook.com\/angelique.delalumiereauxyeux.5?__tn__=dlC-RHH-R-R&eid=ARDORkTB_yutZsrVTEEeZ0LAobESxObVoalsaetnRjmZdhewjwojedF8h09RZ8oly8_ro0dEnvSLIUeS&hc_ref=ARSbH4jjDNc2QSSUZPjZH0vrxiNgcNzLcrprkTea6WAzZ09DAHcjGeYU5y5PXqG08Ac","article_published_time":"2025-07-01T12:41:27+00:00","article_modified_time":"2025-07-01T12:54:18+00:00","og_image":[{"url":"http:\/\/www.delalumiereauxyeux-photo.fr\/wp-content\/uploads\/2025\/07\/DSC_7319-1024x577.jpg"}],"author":"delalumiereauxyeux","twitter_card":"summary_large_image","twitter_misc":{"\u00c9crit par":"delalumiereauxyeux","Dur\u00e9e de lecture estim\u00e9e":"8 minutes"},"schema":{"@context":"https:\/\/schema.org","@graph":[{"@type":"WebPage","@id":"https:\/\/www.delalumiereauxyeux-photo.fr\/?p=7825","url":"https:\/\/www.delalumiereauxyeux-photo.fr\/?p=7825","name":"Slaloms IDF 2025 sur le circuit d'Angerville - De la lumi\u00e8re aux yeux","isPartOf":{"@id":"https:\/\/www.delalumiereauxyeux-photo.fr\/#website"},"primaryImageOfPage":{"@id":"https:\/\/www.delalumiereauxyeux-photo.fr\/?p=7825#primaryimage"},"image":{"@id":"https:\/\/www.delalumiereauxyeux-photo.fr\/?p=7825#primaryimage"},"thumbnailUrl":"http:\/\/www.delalumiereauxyeux-photo.fr\/wp-content\/uploads\/2025\/07\/DSC_7319-1024x577.jpg","datePublished":"2025-07-01T12:41:27+00:00","dateModified":"2025-07-01T12:54:18+00:00","author":{"@id":"https:\/\/www.delalumiereauxyeux-photo.fr\/#\/schema\/person\/fbdc98761dd92f98cdb911153e949213"},"breadcrumb":{"@id":"https:\/\/www.delalumiereauxyeux-photo.fr\/?p=7825#breadcrumb"},"inLanguage":"fr-FR","potentialAction":[{"@type":"ReadAction","target":["https:\/\/www.delalumiereauxyeux-photo.fr\/?p=7825"]}]},{"@type":"ImageObject","inLanguage":"fr-FR","@id":"https:\/\/www.delalumiereauxyeux-photo.fr\/?p=7825#primaryimage","url":"https:\/\/www.delalumiereauxyeux-photo.fr\/wp-content\/uploads\/2025\/07\/DSC_7319-scaled.jpg","contentUrl":"https:\/\/www.delalumiereauxyeux-photo.fr\/wp-content\/uploads\/2025\/07\/DSC_7319-scaled.jpg","width":2560,"height":1442,"caption":"Slaloms IDF 2025 circuit Angerville 91 photographe De la lumi\u00e8re aux yeux"},{"@type":"BreadcrumbList","@id":"https:\/\/www.delalumiereauxyeux-photo.fr\/?p=7825#breadcrumb","itemListElement":[{"@type":"ListItem","position":1,"name":"Accueil","item":"https:\/\/www.delalumiereauxyeux-photo.fr\/"},{"@type":"ListItem","position":2,"name":"Slaloms IDF 2025 sur le circuit d&rsquo;Angerville"}]},{"@type":"WebSite","@id":"https:\/\/www.delalumiereauxyeux-photo.fr\/#website","url":"https:\/\/www.delalumiereauxyeux-photo.fr\/","name":"De la lumi\u00e8re aux yeux","description":"De la lumi\u00e8re aux yeux","potentialAction":[{"@type":"SearchAction","target":{"@type":"EntryPoint","urlTemplate":"https:\/\/www.delalumiereauxyeux-photo.fr\/?s={search_term_string}"},"query-input":"required name=search_term_string"}],"inLanguage":"fr-FR"},{"@type":"Person","@id":"https:\/\/www.delalumiereauxyeux-photo.fr\/#\/schema\/person\/fbdc98761dd92f98cdb911153e949213","name":"delalumiereauxyeux","image":{"@type":"ImageObject","inLanguage":"fr-FR","@id":"https:\/\/www.delalumiereauxyeux-photo.fr\/#\/schema\/person\/image\/","url":"https:\/\/secure.gravatar.com\/avatar\/8fecce8824b60e8618943375d4f3666c?s=96&d=mm&r=g","contentUrl":"https:\/\/secure.gravatar.com\/avatar\/8fecce8824b60e8618943375d4f3666c?s=96&d=mm&r=g","caption":"delalumiereauxyeux"},"sameAs":["https:\/\/www.facebook.com\/angelique.delalumiereauxyeux.5?__tn__=dlC-RHH-R-R&eid=ARDORkTB_yutZsrVTEEeZ0LAobESxObVoalsaetnRjmZdhewjwojedF8h09RZ8oly8_ro0dEnvSLIUeS&hc_ref=ARSbH4jjDNc2QSSUZPjZH0vrxiNgcNzLcrprkTea6WAzZ09DAHcjGeYU5y5PXqG08Ac","https:\/\/www.instagram.com\/angiephoto28\/","https:\/\/www.linkedin.com\/in\/anglique-de-la-lumire-aux-yeux-65418826b\/"]}]}},"_links":{"self":[{"href":"https:\/\/www.delalumiereauxyeux-photo.fr\/index.php?rest_route=\/wp\/v2\/posts\/7825"}],"collection":[{"href":"https:\/\/www.delalumiereauxyeux-photo.fr\/index.php?rest_route=\/wp\/v2\/posts"}],"about":[{"href":"https:\/\/www.delalumiereauxyeux-photo.fr\/index.php?rest_route=\/wp\/v2\/types\/post"}],"author":[{"embeddable":true,"href":"https:\/\/www.delalumiereauxyeux-photo.fr\/index.php?rest_route=\/wp\/v2\/users\/1"}],"replies":[{"embeddable":true,"href":"https:\/\/www.delalumiereauxyeux-photo.fr\/index.php?rest_route=%2Fwp%2Fv2%2Fcomments&post=7825"}],"version-history":[{"count":4,"href":"https:\/\/www.delalumiereauxyeux-photo.fr\/index.php?rest_route=\/wp\/v2\/posts\/7825\/revisions"}],"predecessor-version":[{"id":7829,"href":"https:\/\/www.delalumiereauxyeux-photo.fr\/index.php?rest_route=\/wp\/v2\/posts\/7825\/revisions\/7829"}],"wp:attachment":[{"href":"https:\/\/www.delalumiereauxyeux-photo.fr\/index.php?rest_route=%2Fwp%2Fv2%2Fmedia&parent=7825"}],"wp:term":[{"taxonomy":"category","embeddable":true,"href":"https:\/\/www.delalumiereauxyeux-photo.fr\/index.php?rest_route=%2Fwp%2Fv2%2Fcategories&post=7825"},{"taxonomy":"post_tag","embeddable":true,"href":"https:\/\/www.delalumiereauxyeux-photo.fr\/index.php?rest_route=%2Fwp%2Fv2%2Ftags&post=7825"}],"curies":[{"name":"wp","href":"https:\/\/api.w.org\/{rel}","templated":true}]}}