{"id":8031,"date":"2025-07-17T13:22:50","date_gmt":"2025-07-17T13:22:50","guid":{"rendered":"https:\/\/www.delalumiereauxyeux-photo.fr\/?p=8031"},"modified":"2025-07-22T13:31:13","modified_gmt":"2025-07-22T13:31:13","slug":"59e-rallye-regional-le-mans-12e-vhrs-14e-vhc","status":"publish","type":"post","link":"https:\/\/www.delalumiereauxyeux-photo.fr\/?p=8031","title":{"rendered":"59e Rallye R\u00e9gional Le Mans, 12e VHRS, 14e VHC."},"content":{"rendered":"\n<p>De la neige en plein mois de juillet \u00e0 Bonn\u00e9table avec +35\u00b0c ?<img loading=\"lazy\" decoding=\"async\" height=\"16\" width=\"16\" src=\"https:\/\/static.xx.fbcdn.net\/images\/emoji.php\/v9\/t52\/1\/16\/1f923.png\" alt=\"\ud83e\udd23\"> Mais non <img loading=\"lazy\" decoding=\"async\" height=\"16\" width=\"16\" src=\"https:\/\/static.xx.fbcdn.net\/images\/emoji.php\/v9\/t57\/1\/16\/1f609.png\" alt=\"\ud83d\ude09\">!<\/p>\n\n\n\n<p>Botte de paille: \u00e7a passe ou \u00e7a passe pas??<img loading=\"lazy\" decoding=\"async\" height=\"16\" width=\"16\" src=\"https:\/\/static.xx.fbcdn.net\/images\/emoji.php\/v9\/t27\/1\/16\/1fae3.png\" alt=\"\ud83e\udee3\"><img loading=\"lazy\" decoding=\"async\" height=\"16\" width=\"16\" src=\"https:\/\/static.xx.fbcdn.net\/images\/emoji.php\/v9\/t3\/1\/16\/1f92d.png\" alt=\"\ud83e\udd2d\"><\/p>\n\n\n\n<p>Du soleil, de la chaleur et le bitume qui commence \u00e0 fondre. Les voitures ont chaud, les femmes et les hommes aussi, mais tout le monde fait de son mieux. C&rsquo;est \u00e7a un rallye l&rsquo;\u00e9t\u00e9! \ud83d\ude42<\/p>\n\n\n\n<figure class=\"wp-block-image size-large\"><img loading=\"lazy\" decoding=\"async\" width=\"1024\" height=\"586\" src=\"http:\/\/www.delalumiereauxyeux-photo.fr\/wp-content\/uploads\/2025\/07\/DSC_8397-1024x586.jpg\" alt=\"59e Rallye R\u00e9gional Le Mans 2025 photographe De la lumi\u00e8re aux yeux\" class=\"wp-image-7925\" srcset=\"https:\/\/www.delalumiereauxyeux-photo.fr\/wp-content\/uploads\/2025\/07\/DSC_8397-1024x586.jpg 1024w, https:\/\/www.delalumiereauxyeux-photo.fr\/wp-content\/uploads\/2025\/07\/DSC_8397-300x172.jpg 300w, https:\/\/www.delalumiereauxyeux-photo.fr\/wp-content\/uploads\/2025\/07\/DSC_8397-768x440.jpg 768w, https:\/\/www.delalumiereauxyeux-photo.fr\/wp-content\/uploads\/2025\/07\/DSC_8397-1536x880.jpg 1536w, https:\/\/www.delalumiereauxyeux-photo.fr\/wp-content\/uploads\/2025\/07\/DSC_8397-2048x1173.jpg 2048w\" sizes=\"(max-width: 1024px) 100vw, 1024px\" \/><\/figure>\n\n\n\n<figure class=\"wp-block-image size-large\"><img loading=\"lazy\" decoding=\"async\" width=\"1024\" height=\"388\" src=\"http:\/\/www.delalumiereauxyeux-photo.fr\/wp-content\/uploads\/2025\/07\/DSC_8399-1024x388.jpg\" alt=\"59e Rallye R\u00e9gional Le Mans 2025 photographe De la lumi\u00e8re aux yeux\" class=\"wp-image-7926\" srcset=\"https:\/\/www.delalumiereauxyeux-photo.fr\/wp-content\/uploads\/2025\/07\/DSC_8399-1024x388.jpg 1024w, https:\/\/www.delalumiereauxyeux-photo.fr\/wp-content\/uploads\/2025\/07\/DSC_8399-300x114.jpg 300w, https:\/\/www.delalumiereauxyeux-photo.fr\/wp-content\/uploads\/2025\/07\/DSC_8399-768x291.jpg 768w, https:\/\/www.delalumiereauxyeux-photo.fr\/wp-content\/uploads\/2025\/07\/DSC_8399-1536x582.jpg 1536w, https:\/\/www.delalumiereauxyeux-photo.fr\/wp-content\/uploads\/2025\/07\/DSC_8399-2048x776.jpg 2048w\" sizes=\"(max-width: 1024px) 100vw, 1024px\" \/><\/figure>\n\n\n\n<figure class=\"wp-block-image size-large\"><img loading=\"lazy\" decoding=\"async\" width=\"1024\" height=\"369\" src=\"http:\/\/www.delalumiereauxyeux-photo.fr\/wp-content\/uploads\/2025\/07\/DSC_8400-1024x369.jpg\" alt=\"59e Rallye R\u00e9gional Le Mans 2025 photographe De la lumi\u00e8re aux yeux\" class=\"wp-image-7927\" srcset=\"https:\/\/www.delalumiereauxyeux-photo.fr\/wp-content\/uploads\/2025\/07\/DSC_8400-1024x369.jpg 1024w, https:\/\/www.delalumiereauxyeux-photo.fr\/wp-content\/uploads\/2025\/07\/DSC_8400-300x108.jpg 300w, https:\/\/www.delalumiereauxyeux-photo.fr\/wp-content\/uploads\/2025\/07\/DSC_8400-768x277.jpg 768w, https:\/\/www.delalumiereauxyeux-photo.fr\/wp-content\/uploads\/2025\/07\/DSC_8400-1536x553.jpg 1536w, https:\/\/www.delalumiereauxyeux-photo.fr\/wp-content\/uploads\/2025\/07\/DSC_8400-2048x738.jpg 2048w\" sizes=\"(max-width: 1024px) 100vw, 1024px\" \/><\/figure>\n\n\n\n<figure class=\"wp-block-image size-large\"><img loading=\"lazy\" decoding=\"async\" width=\"1024\" height=\"489\" src=\"http:\/\/www.delalumiereauxyeux-photo.fr\/wp-content\/uploads\/2025\/07\/DSC_8389-1024x489.jpg\" alt=\"59e Rallye R\u00e9gional Le Mans 2025 photographe De la lumi\u00e8re aux yeux\" class=\"wp-image-7924\" srcset=\"https:\/\/www.delalumiereauxyeux-photo.fr\/wp-content\/uploads\/2025\/07\/DSC_8389-1024x489.jpg 1024w, https:\/\/www.delalumiereauxyeux-photo.fr\/wp-content\/uploads\/2025\/07\/DSC_8389-300x143.jpg 300w, https:\/\/www.delalumiereauxyeux-photo.fr\/wp-content\/uploads\/2025\/07\/DSC_8389-768x366.jpg 768w, https:\/\/www.delalumiereauxyeux-photo.fr\/wp-content\/uploads\/2025\/07\/DSC_8389-1536x733.jpg 1536w, https:\/\/www.delalumiereauxyeux-photo.fr\/wp-content\/uploads\/2025\/07\/DSC_8389-2048x977.jpg 2048w\" sizes=\"(max-width: 1024px) 100vw, 1024px\" \/><\/figure>\n\n\n\n<figure class=\"wp-block-image size-large\"><img loading=\"lazy\" decoding=\"async\" width=\"1024\" height=\"789\" src=\"http:\/\/www.delalumiereauxyeux-photo.fr\/wp-content\/uploads\/2025\/07\/DSC_8366-1024x789.jpg\" alt=\"59e Rallye R\u00e9gional Le Mans 2025 photographe De la lumi\u00e8re aux yeux\" class=\"wp-image-7923\" srcset=\"https:\/\/www.delalumiereauxyeux-photo.fr\/wp-content\/uploads\/2025\/07\/DSC_8366-1024x789.jpg 1024w, https:\/\/www.delalumiereauxyeux-photo.fr\/wp-content\/uploads\/2025\/07\/DSC_8366-300x231.jpg 300w, https:\/\/www.delalumiereauxyeux-photo.fr\/wp-content\/uploads\/2025\/07\/DSC_8366-768x592.jpg 768w, https:\/\/www.delalumiereauxyeux-photo.fr\/wp-content\/uploads\/2025\/07\/DSC_8366-1536x1184.jpg 1536w, https:\/\/www.delalumiereauxyeux-photo.fr\/wp-content\/uploads\/2025\/07\/DSC_8366-2048x1578.jpg 2048w\" sizes=\"(max-width: 1024px) 100vw, 1024px\" \/><\/figure>\n\n\n\n<p>Pour la journ\u00e9e de dimanche, une ES avec trois passages.<\/p>\n\n\n\n<figure class=\"wp-block-image size-large\"><img loading=\"lazy\" decoding=\"async\" width=\"1024\" height=\"683\" src=\"http:\/\/www.delalumiereauxyeux-photo.fr\/wp-content\/uploads\/2025\/07\/DSC_0001-1024x683.jpg\" alt=\"59e Rallye R\u00e9gional Le Mans 2025 photographe De la lumi\u00e8re aux yeux\" class=\"wp-image-7928\" srcset=\"https:\/\/www.delalumiereauxyeux-photo.fr\/wp-content\/uploads\/2025\/07\/DSC_0001-1024x683.jpg 1024w, https:\/\/www.delalumiereauxyeux-photo.fr\/wp-content\/uploads\/2025\/07\/DSC_0001-300x200.jpg 300w, https:\/\/www.delalumiereauxyeux-photo.fr\/wp-content\/uploads\/2025\/07\/DSC_0001-768x512.jpg 768w, https:\/\/www.delalumiereauxyeux-photo.fr\/wp-content\/uploads\/2025\/07\/DSC_0001-1536x1024.jpg 1536w, https:\/\/www.delalumiereauxyeux-photo.fr\/wp-content\/uploads\/2025\/07\/DSC_0001-2048x1365.jpg 2048w\" sizes=\"(max-width: 1024px) 100vw, 1024px\" \/><\/figure>\n\n\n\n<figure class=\"wp-block-image size-large\"><img loading=\"lazy\" decoding=\"async\" width=\"1024\" height=\"644\" src=\"http:\/\/www.delalumiereauxyeux-photo.fr\/wp-content\/uploads\/2025\/07\/DSC_0005-1024x644.jpg\" alt=\"59e Rallye R\u00e9gional Le Mans 2025 photographe De la lumi\u00e8re aux yeux\" class=\"wp-image-7929\" srcset=\"https:\/\/www.delalumiereauxyeux-photo.fr\/wp-content\/uploads\/2025\/07\/DSC_0005-1024x644.jpg 1024w, https:\/\/www.delalumiereauxyeux-photo.fr\/wp-content\/uploads\/2025\/07\/DSC_0005-300x189.jpg 300w, https:\/\/www.delalumiereauxyeux-photo.fr\/wp-content\/uploads\/2025\/07\/DSC_0005-768x483.jpg 768w, https:\/\/www.delalumiereauxyeux-photo.fr\/wp-content\/uploads\/2025\/07\/DSC_0005-1536x966.jpg 1536w, https:\/\/www.delalumiereauxyeux-photo.fr\/wp-content\/uploads\/2025\/07\/DSC_0005-2048x1288.jpg 2048w\" sizes=\"(max-width: 1024px) 100vw, 1024px\" \/><\/figure>\n\n\n\n<figure class=\"wp-block-image size-large\"><img loading=\"lazy\" decoding=\"async\" width=\"1024\" height=\"534\" src=\"http:\/\/www.delalumiereauxyeux-photo.fr\/wp-content\/uploads\/2025\/07\/DSC_0010-1024x534.jpg\" alt=\"59e Rallye R\u00e9gional Le Mans 2025 photographe De la lumi\u00e8re aux yeux\" class=\"wp-image-7930\" srcset=\"https:\/\/www.delalumiereauxyeux-photo.fr\/wp-content\/uploads\/2025\/07\/DSC_0010-1024x534.jpg 1024w, https:\/\/www.delalumiereauxyeux-photo.fr\/wp-content\/uploads\/2025\/07\/DSC_0010-300x156.jpg 300w, https:\/\/www.delalumiereauxyeux-photo.fr\/wp-content\/uploads\/2025\/07\/DSC_0010-768x400.jpg 768w, https:\/\/www.delalumiereauxyeux-photo.fr\/wp-content\/uploads\/2025\/07\/DSC_0010-1536x801.jpg 1536w, https:\/\/www.delalumiereauxyeux-photo.fr\/wp-content\/uploads\/2025\/07\/DSC_0010-2048x1068.jpg 2048w\" sizes=\"(max-width: 1024px) 100vw, 1024px\" \/><\/figure>\n\n\n\n<figure class=\"wp-block-image size-large\"><img loading=\"lazy\" decoding=\"async\" width=\"1024\" height=\"640\" src=\"http:\/\/www.delalumiereauxyeux-photo.fr\/wp-content\/uploads\/2025\/07\/DSC_0017-1024x640.jpg\" alt=\"59e Rallye R\u00e9gional Le Mans 2025 photographe De la lumi\u00e8re aux yeux\" class=\"wp-image-7931\" srcset=\"https:\/\/www.delalumiereauxyeux-photo.fr\/wp-content\/uploads\/2025\/07\/DSC_0017-1024x640.jpg 1024w, https:\/\/www.delalumiereauxyeux-photo.fr\/wp-content\/uploads\/2025\/07\/DSC_0017-300x188.jpg 300w, https:\/\/www.delalumiereauxyeux-photo.fr\/wp-content\/uploads\/2025\/07\/DSC_0017-768x480.jpg 768w, https:\/\/www.delalumiereauxyeux-photo.fr\/wp-content\/uploads\/2025\/07\/DSC_0017-1536x960.jpg 1536w, https:\/\/www.delalumiereauxyeux-photo.fr\/wp-content\/uploads\/2025\/07\/DSC_0017-2048x1280.jpg 2048w\" sizes=\"(max-width: 1024px) 100vw, 1024px\" \/><\/figure>\n\n\n\n<figure class=\"wp-block-image size-large\"><img loading=\"lazy\" decoding=\"async\" width=\"1024\" height=\"683\" src=\"http:\/\/www.delalumiereauxyeux-photo.fr\/wp-content\/uploads\/2025\/07\/DSC_0020-1024x683.jpg\" alt=\"59e Rallye R\u00e9gional Le Mans 2025 photographe De la lumi\u00e8re aux yeux\" class=\"wp-image-7932\" srcset=\"https:\/\/www.delalumiereauxyeux-photo.fr\/wp-content\/uploads\/2025\/07\/DSC_0020-1024x683.jpg 1024w, https:\/\/www.delalumiereauxyeux-photo.fr\/wp-content\/uploads\/2025\/07\/DSC_0020-300x200.jpg 300w, https:\/\/www.delalumiereauxyeux-photo.fr\/wp-content\/uploads\/2025\/07\/DSC_0020-768x512.jpg 768w, https:\/\/www.delalumiereauxyeux-photo.fr\/wp-content\/uploads\/2025\/07\/DSC_0020-1536x1024.jpg 1536w, https:\/\/www.delalumiereauxyeux-photo.fr\/wp-content\/uploads\/2025\/07\/DSC_0020-2048x1365.jpg 2048w\" sizes=\"(max-width: 1024px) 100vw, 1024px\" \/><\/figure>\n\n\n\n<figure class=\"wp-block-image size-large\"><img loading=\"lazy\" decoding=\"async\" width=\"1024\" height=\"539\" src=\"http:\/\/www.delalumiereauxyeux-photo.fr\/wp-content\/uploads\/2025\/07\/DSC_0025-1024x539.jpg\" alt=\"59e Rallye R\u00e9gional Le Mans 2025 photographe De la lumi\u00e8re aux yeux\" class=\"wp-image-7933\" srcset=\"https:\/\/www.delalumiereauxyeux-photo.fr\/wp-content\/uploads\/2025\/07\/DSC_0025-1024x539.jpg 1024w, https:\/\/www.delalumiereauxyeux-photo.fr\/wp-content\/uploads\/2025\/07\/DSC_0025-300x158.jpg 300w, https:\/\/www.delalumiereauxyeux-photo.fr\/wp-content\/uploads\/2025\/07\/DSC_0025-768x404.jpg 768w, https:\/\/www.delalumiereauxyeux-photo.fr\/wp-content\/uploads\/2025\/07\/DSC_0025-1536x809.jpg 1536w, https:\/\/www.delalumiereauxyeux-photo.fr\/wp-content\/uploads\/2025\/07\/DSC_0025-2048x1078.jpg 2048w\" sizes=\"(max-width: 1024px) 100vw, 1024px\" \/><\/figure>\n\n\n\n<figure class=\"wp-block-image size-large\"><img loading=\"lazy\" decoding=\"async\" width=\"1024\" height=\"683\" src=\"http:\/\/www.delalumiereauxyeux-photo.fr\/wp-content\/uploads\/2025\/07\/DSC_0026-1024x683.jpg\" alt=\"59e Rallye R\u00e9gional Le Mans 2025 photographe De la lumi\u00e8re aux yeux\" class=\"wp-image-7934\" srcset=\"https:\/\/www.delalumiereauxyeux-photo.fr\/wp-content\/uploads\/2025\/07\/DSC_0026-1024x683.jpg 1024w, https:\/\/www.delalumiereauxyeux-photo.fr\/wp-content\/uploads\/2025\/07\/DSC_0026-300x200.jpg 300w, https:\/\/www.delalumiereauxyeux-photo.fr\/wp-content\/uploads\/2025\/07\/DSC_0026-768x512.jpg 768w, https:\/\/www.delalumiereauxyeux-photo.fr\/wp-content\/uploads\/2025\/07\/DSC_0026-1536x1024.jpg 1536w, https:\/\/www.delalumiereauxyeux-photo.fr\/wp-content\/uploads\/2025\/07\/DSC_0026-2048x1365.jpg 2048w\" sizes=\"(max-width: 1024px) 100vw, 1024px\" \/><\/figure>\n\n\n\n<figure class=\"wp-block-image size-large\"><img loading=\"lazy\" decoding=\"async\" width=\"1024\" height=\"547\" src=\"http:\/\/www.delalumiereauxyeux-photo.fr\/wp-content\/uploads\/2025\/07\/DSC_0030-1024x547.jpg\" alt=\"59e Rallye R\u00e9gional Le Mans 2025 photographe De la lumi\u00e8re aux yeux\" class=\"wp-image-7935\" srcset=\"https:\/\/www.delalumiereauxyeux-photo.fr\/wp-content\/uploads\/2025\/07\/DSC_0030-1024x547.jpg 1024w, https:\/\/www.delalumiereauxyeux-photo.fr\/wp-content\/uploads\/2025\/07\/DSC_0030-300x160.jpg 300w, https:\/\/www.delalumiereauxyeux-photo.fr\/wp-content\/uploads\/2025\/07\/DSC_0030-768x411.jpg 768w, https:\/\/www.delalumiereauxyeux-photo.fr\/wp-content\/uploads\/2025\/07\/DSC_0030-1536x821.jpg 1536w, https:\/\/www.delalumiereauxyeux-photo.fr\/wp-content\/uploads\/2025\/07\/DSC_0030-2048x1095.jpg 2048w\" sizes=\"(max-width: 1024px) 100vw, 1024px\" \/><\/figure>\n\n\n\n<figure class=\"wp-block-image size-large\"><img loading=\"lazy\" decoding=\"async\" width=\"1024\" height=\"487\" src=\"http:\/\/www.delalumiereauxyeux-photo.fr\/wp-content\/uploads\/2025\/07\/DSC_0034-1024x487.jpg\" alt=\"59e Rallye R\u00e9gional Le Mans 2025 photographe De la lumi\u00e8re aux yeux\" class=\"wp-image-7936\" srcset=\"https:\/\/www.delalumiereauxyeux-photo.fr\/wp-content\/uploads\/2025\/07\/DSC_0034-1024x487.jpg 1024w, https:\/\/www.delalumiereauxyeux-photo.fr\/wp-content\/uploads\/2025\/07\/DSC_0034-300x143.jpg 300w, https:\/\/www.delalumiereauxyeux-photo.fr\/wp-content\/uploads\/2025\/07\/DSC_0034-768x365.jpg 768w, https:\/\/www.delalumiereauxyeux-photo.fr\/wp-content\/uploads\/2025\/07\/DSC_0034-1536x731.jpg 1536w, https:\/\/www.delalumiereauxyeux-photo.fr\/wp-content\/uploads\/2025\/07\/DSC_0034-2048x975.jpg 2048w\" sizes=\"(max-width: 1024px) 100vw, 1024px\" \/><\/figure>\n\n\n\n<figure class=\"wp-block-image size-large\"><img loading=\"lazy\" decoding=\"async\" width=\"1024\" height=\"478\" src=\"http:\/\/www.delalumiereauxyeux-photo.fr\/wp-content\/uploads\/2025\/07\/DSC_0038-1024x478.jpg\" alt=\"59e Rallye R\u00e9gional Le Mans 2025 photographe De la lumi\u00e8re aux yeux\" class=\"wp-image-7937\" srcset=\"https:\/\/www.delalumiereauxyeux-photo.fr\/wp-content\/uploads\/2025\/07\/DSC_0038-1024x478.jpg 1024w, https:\/\/www.delalumiereauxyeux-photo.fr\/wp-content\/uploads\/2025\/07\/DSC_0038-300x140.jpg 300w, https:\/\/www.delalumiereauxyeux-photo.fr\/wp-content\/uploads\/2025\/07\/DSC_0038-768x358.jpg 768w, https:\/\/www.delalumiereauxyeux-photo.fr\/wp-content\/uploads\/2025\/07\/DSC_0038-1536x716.jpg 1536w, https:\/\/www.delalumiereauxyeux-photo.fr\/wp-content\/uploads\/2025\/07\/DSC_0038-2048x955.jpg 2048w\" sizes=\"(max-width: 1024px) 100vw, 1024px\" \/><\/figure>\n\n\n\n<figure class=\"wp-block-image size-large\"><img loading=\"lazy\" decoding=\"async\" width=\"1024\" height=\"683\" src=\"http:\/\/www.delalumiereauxyeux-photo.fr\/wp-content\/uploads\/2025\/07\/DSC_0047-1024x683.jpg\" alt=\"59e Rallye R\u00e9gional Le Mans 2025 photographe De la lumi\u00e8re aux yeux\" class=\"wp-image-7939\" srcset=\"https:\/\/www.delalumiereauxyeux-photo.fr\/wp-content\/uploads\/2025\/07\/DSC_0047-1024x683.jpg 1024w, https:\/\/www.delalumiereauxyeux-photo.fr\/wp-content\/uploads\/2025\/07\/DSC_0047-300x200.jpg 300w, https:\/\/www.delalumiereauxyeux-photo.fr\/wp-content\/uploads\/2025\/07\/DSC_0047-768x512.jpg 768w, https:\/\/www.delalumiereauxyeux-photo.fr\/wp-content\/uploads\/2025\/07\/DSC_0047-1536x1024.jpg 1536w, https:\/\/www.delalumiereauxyeux-photo.fr\/wp-content\/uploads\/2025\/07\/DSC_0047-2048x1365.jpg 2048w\" sizes=\"(max-width: 1024px) 100vw, 1024px\" \/><\/figure>\n\n\n\n<figure class=\"wp-block-image size-large\"><img loading=\"lazy\" decoding=\"async\" width=\"1024\" height=\"529\" src=\"http:\/\/www.delalumiereauxyeux-photo.fr\/wp-content\/uploads\/2025\/07\/DSC_0051-1024x529.jpg\" alt=\"59e Rallye R\u00e9gional Le Mans 2025 photographe De la lumi\u00e8re aux yeux\" class=\"wp-image-7940\" srcset=\"https:\/\/www.delalumiereauxyeux-photo.fr\/wp-content\/uploads\/2025\/07\/DSC_0051-1024x529.jpg 1024w, https:\/\/www.delalumiereauxyeux-photo.fr\/wp-content\/uploads\/2025\/07\/DSC_0051-300x155.jpg 300w, https:\/\/www.delalumiereauxyeux-photo.fr\/wp-content\/uploads\/2025\/07\/DSC_0051-768x397.jpg 768w, https:\/\/www.delalumiereauxyeux-photo.fr\/wp-content\/uploads\/2025\/07\/DSC_0051-1536x793.jpg 1536w, https:\/\/www.delalumiereauxyeux-photo.fr\/wp-content\/uploads\/2025\/07\/DSC_0051-2048x1058.jpg 2048w\" sizes=\"(max-width: 1024px) 100vw, 1024px\" \/><\/figure>\n\n\n\n<figure class=\"wp-block-image size-large\"><img loading=\"lazy\" decoding=\"async\" width=\"1024\" height=\"519\" src=\"http:\/\/www.delalumiereauxyeux-photo.fr\/wp-content\/uploads\/2025\/07\/DSC_0056-1024x519.jpg\" alt=\"59e Rallye R\u00e9gional Le Mans 2025 photographe De la lumi\u00e8re aux yeux\" class=\"wp-image-7941\" srcset=\"https:\/\/www.delalumiereauxyeux-photo.fr\/wp-content\/uploads\/2025\/07\/DSC_0056-1024x519.jpg 1024w, https:\/\/www.delalumiereauxyeux-photo.fr\/wp-content\/uploads\/2025\/07\/DSC_0056-300x152.jpg 300w, https:\/\/www.delalumiereauxyeux-photo.fr\/wp-content\/uploads\/2025\/07\/DSC_0056-768x390.jpg 768w, https:\/\/www.delalumiereauxyeux-photo.fr\/wp-content\/uploads\/2025\/07\/DSC_0056-1536x779.jpg 1536w, https:\/\/www.delalumiereauxyeux-photo.fr\/wp-content\/uploads\/2025\/07\/DSC_0056-2048x1039.jpg 2048w\" sizes=\"(max-width: 1024px) 100vw, 1024px\" \/><\/figure>\n\n\n\n<figure class=\"wp-block-image size-large\"><img loading=\"lazy\" decoding=\"async\" width=\"1024\" height=\"468\" src=\"http:\/\/www.delalumiereauxyeux-photo.fr\/wp-content\/uploads\/2025\/07\/DSC_0063-1024x468.jpg\" alt=\"59e Rallye R\u00e9gional Le Mans 2025 photographe De la lumi\u00e8re aux yeux\" class=\"wp-image-7942\" srcset=\"https:\/\/www.delalumiereauxyeux-photo.fr\/wp-content\/uploads\/2025\/07\/DSC_0063-1024x468.jpg 1024w, https:\/\/www.delalumiereauxyeux-photo.fr\/wp-content\/uploads\/2025\/07\/DSC_0063-300x137.jpg 300w, https:\/\/www.delalumiereauxyeux-photo.fr\/wp-content\/uploads\/2025\/07\/DSC_0063-768x351.jpg 768w, https:\/\/www.delalumiereauxyeux-photo.fr\/wp-content\/uploads\/2025\/07\/DSC_0063-1536x702.jpg 1536w, https:\/\/www.delalumiereauxyeux-photo.fr\/wp-content\/uploads\/2025\/07\/DSC_0063-2048x936.jpg 2048w\" sizes=\"(max-width: 1024px) 100vw, 1024px\" \/><\/figure>\n\n\n\n<figure class=\"wp-block-image size-large\"><img loading=\"lazy\" decoding=\"async\" width=\"1024\" height=\"525\" src=\"http:\/\/www.delalumiereauxyeux-photo.fr\/wp-content\/uploads\/2025\/07\/DSC_0069-1024x525.jpg\" alt=\"59e Rallye R\u00e9gional Le Mans 2025 photographe De la lumi\u00e8re aux yeux\" class=\"wp-image-7943\" srcset=\"https:\/\/www.delalumiereauxyeux-photo.fr\/wp-content\/uploads\/2025\/07\/DSC_0069-1024x525.jpg 1024w, https:\/\/www.delalumiereauxyeux-photo.fr\/wp-content\/uploads\/2025\/07\/DSC_0069-300x154.jpg 300w, https:\/\/www.delalumiereauxyeux-photo.fr\/wp-content\/uploads\/2025\/07\/DSC_0069-768x393.jpg 768w, https:\/\/www.delalumiereauxyeux-photo.fr\/wp-content\/uploads\/2025\/07\/DSC_0069-1536x787.jpg 1536w, https:\/\/www.delalumiereauxyeux-photo.fr\/wp-content\/uploads\/2025\/07\/DSC_0069-2048x1049.jpg 2048w\" sizes=\"(max-width: 1024px) 100vw, 1024px\" \/><\/figure>\n\n\n\n<figure class=\"wp-block-image size-large\"><img loading=\"lazy\" decoding=\"async\" width=\"1024\" height=\"429\" src=\"http:\/\/www.delalumiereauxyeux-photo.fr\/wp-content\/uploads\/2025\/07\/DSC_0074-1024x429.jpg\" alt=\"59e Rallye R\u00e9gional Le Mans 2025 photographe De la lumi\u00e8re aux yeux\" class=\"wp-image-7944\" srcset=\"https:\/\/www.delalumiereauxyeux-photo.fr\/wp-content\/uploads\/2025\/07\/DSC_0074-1024x429.jpg 1024w, https:\/\/www.delalumiereauxyeux-photo.fr\/wp-content\/uploads\/2025\/07\/DSC_0074-300x126.jpg 300w, https:\/\/www.delalumiereauxyeux-photo.fr\/wp-content\/uploads\/2025\/07\/DSC_0074-768x321.jpg 768w, https:\/\/www.delalumiereauxyeux-photo.fr\/wp-content\/uploads\/2025\/07\/DSC_0074-1536x643.jpg 1536w, https:\/\/www.delalumiereauxyeux-photo.fr\/wp-content\/uploads\/2025\/07\/DSC_0074-2048x857.jpg 2048w\" sizes=\"(max-width: 1024px) 100vw, 1024px\" \/><\/figure>\n\n\n\n<figure class=\"wp-block-image size-large\"><img loading=\"lazy\" decoding=\"async\" width=\"1024\" height=\"449\" src=\"http:\/\/www.delalumiereauxyeux-photo.fr\/wp-content\/uploads\/2025\/07\/DSC_0079-1024x449.jpg\" alt=\"59e Rallye R\u00e9gional Le Mans 2025 photographe De la lumi\u00e8re aux yeux\" class=\"wp-image-7945\" srcset=\"https:\/\/www.delalumiereauxyeux-photo.fr\/wp-content\/uploads\/2025\/07\/DSC_0079-1024x449.jpg 1024w, https:\/\/www.delalumiereauxyeux-photo.fr\/wp-content\/uploads\/2025\/07\/DSC_0079-300x132.jpg 300w, https:\/\/www.delalumiereauxyeux-photo.fr\/wp-content\/uploads\/2025\/07\/DSC_0079-768x337.jpg 768w, https:\/\/www.delalumiereauxyeux-photo.fr\/wp-content\/uploads\/2025\/07\/DSC_0079-1536x673.jpg 1536w, https:\/\/www.delalumiereauxyeux-photo.fr\/wp-content\/uploads\/2025\/07\/DSC_0079-2048x898.jpg 2048w\" sizes=\"(max-width: 1024px) 100vw, 1024px\" \/><\/figure>\n\n\n\n<figure class=\"wp-block-image size-large\"><img loading=\"lazy\" decoding=\"async\" width=\"1024\" height=\"465\" src=\"http:\/\/www.delalumiereauxyeux-photo.fr\/wp-content\/uploads\/2025\/07\/DSC_0083-1024x465.jpg\" alt=\"59e Rallye R\u00e9gional Le Mans 2025 photographe De la lumi\u00e8re aux yeux\" class=\"wp-image-7946\" srcset=\"https:\/\/www.delalumiereauxyeux-photo.fr\/wp-content\/uploads\/2025\/07\/DSC_0083-1024x465.jpg 1024w, https:\/\/www.delalumiereauxyeux-photo.fr\/wp-content\/uploads\/2025\/07\/DSC_0083-300x136.jpg 300w, https:\/\/www.delalumiereauxyeux-photo.fr\/wp-content\/uploads\/2025\/07\/DSC_0083-768x349.jpg 768w, https:\/\/www.delalumiereauxyeux-photo.fr\/wp-content\/uploads\/2025\/07\/DSC_0083-1536x698.jpg 1536w, https:\/\/www.delalumiereauxyeux-photo.fr\/wp-content\/uploads\/2025\/07\/DSC_0083-2048x931.jpg 2048w\" sizes=\"(max-width: 1024px) 100vw, 1024px\" \/><\/figure>\n\n\n\n<figure class=\"wp-block-image size-large\"><img loading=\"lazy\" decoding=\"async\" width=\"1024\" height=\"551\" src=\"http:\/\/www.delalumiereauxyeux-photo.fr\/wp-content\/uploads\/2025\/07\/DSC_0088-1-1024x551.jpg\" alt=\"59e Rallye R\u00e9gional Le Mans 2025 photographe De la lumi\u00e8re aux yeux\" class=\"wp-image-7947\" srcset=\"https:\/\/www.delalumiereauxyeux-photo.fr\/wp-content\/uploads\/2025\/07\/DSC_0088-1-1024x551.jpg 1024w, https:\/\/www.delalumiereauxyeux-photo.fr\/wp-content\/uploads\/2025\/07\/DSC_0088-1-300x162.jpg 300w, https:\/\/www.delalumiereauxyeux-photo.fr\/wp-content\/uploads\/2025\/07\/DSC_0088-1-768x413.jpg 768w, https:\/\/www.delalumiereauxyeux-photo.fr\/wp-content\/uploads\/2025\/07\/DSC_0088-1-1536x827.jpg 1536w, https:\/\/www.delalumiereauxyeux-photo.fr\/wp-content\/uploads\/2025\/07\/DSC_0088-1-2048x1103.jpg 2048w\" sizes=\"(max-width: 1024px) 100vw, 1024px\" \/><\/figure>\n\n\n\n<figure class=\"wp-block-image size-large\"><img loading=\"lazy\" decoding=\"async\" width=\"1024\" height=\"553\" src=\"http:\/\/www.delalumiereauxyeux-photo.fr\/wp-content\/uploads\/2025\/07\/DSC_0092-1-1024x553.jpg\" alt=\"59e Rallye R\u00e9gional Le Mans 2025 photographe De la lumi\u00e8re aux yeux\" class=\"wp-image-7948\" srcset=\"https:\/\/www.delalumiereauxyeux-photo.fr\/wp-content\/uploads\/2025\/07\/DSC_0092-1-1024x553.jpg 1024w, https:\/\/www.delalumiereauxyeux-photo.fr\/wp-content\/uploads\/2025\/07\/DSC_0092-1-300x162.jpg 300w, https:\/\/www.delalumiereauxyeux-photo.fr\/wp-content\/uploads\/2025\/07\/DSC_0092-1-768x415.jpg 768w, https:\/\/www.delalumiereauxyeux-photo.fr\/wp-content\/uploads\/2025\/07\/DSC_0092-1-1536x830.jpg 1536w, https:\/\/www.delalumiereauxyeux-photo.fr\/wp-content\/uploads\/2025\/07\/DSC_0092-1-2048x1107.jpg 2048w\" sizes=\"(max-width: 1024px) 100vw, 1024px\" \/><\/figure>\n\n\n\n<figure class=\"wp-block-image size-large\"><img loading=\"lazy\" decoding=\"async\" width=\"1024\" height=\"470\" src=\"http:\/\/www.delalumiereauxyeux-photo.fr\/wp-content\/uploads\/2025\/07\/DSC_0097-1024x470.jpg\" alt=\"59e Rallye R\u00e9gional Le Mans 2025 photographe De la lumi\u00e8re aux yeux\" class=\"wp-image-7949\" srcset=\"https:\/\/www.delalumiereauxyeux-photo.fr\/wp-content\/uploads\/2025\/07\/DSC_0097-1024x470.jpg 1024w, https:\/\/www.delalumiereauxyeux-photo.fr\/wp-content\/uploads\/2025\/07\/DSC_0097-300x138.jpg 300w, https:\/\/www.delalumiereauxyeux-photo.fr\/wp-content\/uploads\/2025\/07\/DSC_0097-768x352.jpg 768w, https:\/\/www.delalumiereauxyeux-photo.fr\/wp-content\/uploads\/2025\/07\/DSC_0097-1536x705.jpg 1536w, https:\/\/www.delalumiereauxyeux-photo.fr\/wp-content\/uploads\/2025\/07\/DSC_0097-2048x940.jpg 2048w\" sizes=\"(max-width: 1024px) 100vw, 1024px\" \/><\/figure>\n\n\n\n<figure class=\"wp-block-image size-large\"><img loading=\"lazy\" decoding=\"async\" width=\"1024\" height=\"665\" src=\"http:\/\/www.delalumiereauxyeux-photo.fr\/wp-content\/uploads\/2025\/07\/DSC_0100-1024x665.jpg\" alt=\"59e Rallye R\u00e9gional Le Mans 2025 photographe De la lumi\u00e8re aux yeux\" class=\"wp-image-7950\" srcset=\"https:\/\/www.delalumiereauxyeux-photo.fr\/wp-content\/uploads\/2025\/07\/DSC_0100-1024x665.jpg 1024w, https:\/\/www.delalumiereauxyeux-photo.fr\/wp-content\/uploads\/2025\/07\/DSC_0100-300x195.jpg 300w, https:\/\/www.delalumiereauxyeux-photo.fr\/wp-content\/uploads\/2025\/07\/DSC_0100-768x499.jpg 768w, https:\/\/www.delalumiereauxyeux-photo.fr\/wp-content\/uploads\/2025\/07\/DSC_0100-1536x997.jpg 1536w, https:\/\/www.delalumiereauxyeux-photo.fr\/wp-content\/uploads\/2025\/07\/DSC_0100-2048x1329.jpg 2048w\" sizes=\"(max-width: 1024px) 100vw, 1024px\" \/><\/figure>\n\n\n\n<figure class=\"wp-block-image size-large\"><img loading=\"lazy\" decoding=\"async\" width=\"1024\" height=\"388\" src=\"http:\/\/www.delalumiereauxyeux-photo.fr\/wp-content\/uploads\/2025\/07\/DSC_0112-1024x388.jpg\" alt=\"59e Rallye R\u00e9gional Le Mans 2025 photographe De la lumi\u00e8re aux yeux\" class=\"wp-image-7951\" srcset=\"https:\/\/www.delalumiereauxyeux-photo.fr\/wp-content\/uploads\/2025\/07\/DSC_0112-1024x388.jpg 1024w, https:\/\/www.delalumiereauxyeux-photo.fr\/wp-content\/uploads\/2025\/07\/DSC_0112-300x114.jpg 300w, https:\/\/www.delalumiereauxyeux-photo.fr\/wp-content\/uploads\/2025\/07\/DSC_0112-768x291.jpg 768w, https:\/\/www.delalumiereauxyeux-photo.fr\/wp-content\/uploads\/2025\/07\/DSC_0112-1536x582.jpg 1536w, https:\/\/www.delalumiereauxyeux-photo.fr\/wp-content\/uploads\/2025\/07\/DSC_0112-2048x776.jpg 2048w\" sizes=\"(max-width: 1024px) 100vw, 1024px\" \/><\/figure>\n\n\n\n<figure class=\"wp-block-image size-large\"><img loading=\"lazy\" decoding=\"async\" width=\"1024\" height=\"486\" src=\"http:\/\/www.delalumiereauxyeux-photo.fr\/wp-content\/uploads\/2025\/07\/DSC_0115-1024x486.jpg\" alt=\"59e Rallye R\u00e9gional Le Mans 2025 photographe De la lumi\u00e8re aux yeux\" class=\"wp-image-7952\" srcset=\"https:\/\/www.delalumiereauxyeux-photo.fr\/wp-content\/uploads\/2025\/07\/DSC_0115-1024x486.jpg 1024w, https:\/\/www.delalumiereauxyeux-photo.fr\/wp-content\/uploads\/2025\/07\/DSC_0115-300x142.jpg 300w, https:\/\/www.delalumiereauxyeux-photo.fr\/wp-content\/uploads\/2025\/07\/DSC_0115-768x365.jpg 768w, https:\/\/www.delalumiereauxyeux-photo.fr\/wp-content\/uploads\/2025\/07\/DSC_0115-1536x729.jpg 1536w, https:\/\/www.delalumiereauxyeux-photo.fr\/wp-content\/uploads\/2025\/07\/DSC_0115-2048x972.jpg 2048w\" sizes=\"(max-width: 1024px) 100vw, 1024px\" \/><\/figure>\n\n\n\n<figure class=\"wp-block-image size-large\"><img loading=\"lazy\" decoding=\"async\" width=\"1024\" height=\"455\" src=\"http:\/\/www.delalumiereauxyeux-photo.fr\/wp-content\/uploads\/2025\/07\/DSC_0119-1024x455.jpg\" alt=\"59e Rallye R\u00e9gional Le Mans 2025 photographe De la lumi\u00e8re aux yeux\" class=\"wp-image-7953\" srcset=\"https:\/\/www.delalumiereauxyeux-photo.fr\/wp-content\/uploads\/2025\/07\/DSC_0119-1024x455.jpg 1024w, https:\/\/www.delalumiereauxyeux-photo.fr\/wp-content\/uploads\/2025\/07\/DSC_0119-300x133.jpg 300w, https:\/\/www.delalumiereauxyeux-photo.fr\/wp-content\/uploads\/2025\/07\/DSC_0119-768x341.jpg 768w, https:\/\/www.delalumiereauxyeux-photo.fr\/wp-content\/uploads\/2025\/07\/DSC_0119-1536x682.jpg 1536w, https:\/\/www.delalumiereauxyeux-photo.fr\/wp-content\/uploads\/2025\/07\/DSC_0119-2048x909.jpg 2048w, https:\/\/www.delalumiereauxyeux-photo.fr\/wp-content\/uploads\/2025\/07\/DSC_0119-1180x525.jpg 1180w\" sizes=\"(max-width: 1024px) 100vw, 1024px\" \/><\/figure>\n\n\n\n<figure class=\"wp-block-image size-large\"><img loading=\"lazy\" decoding=\"async\" width=\"1024\" height=\"488\" src=\"http:\/\/www.delalumiereauxyeux-photo.fr\/wp-content\/uploads\/2025\/07\/DSC_0134-1024x488.jpg\" alt=\"59e Rallye R\u00e9gional Le Mans 2025 photographe De la lumi\u00e8re aux yeux\" class=\"wp-image-7954\" srcset=\"https:\/\/www.delalumiereauxyeux-photo.fr\/wp-content\/uploads\/2025\/07\/DSC_0134-1024x488.jpg 1024w, https:\/\/www.delalumiereauxyeux-photo.fr\/wp-content\/uploads\/2025\/07\/DSC_0134-300x143.jpg 300w, https:\/\/www.delalumiereauxyeux-photo.fr\/wp-content\/uploads\/2025\/07\/DSC_0134-768x366.jpg 768w, https:\/\/www.delalumiereauxyeux-photo.fr\/wp-content\/uploads\/2025\/07\/DSC_0134-1536x732.jpg 1536w, https:\/\/www.delalumiereauxyeux-photo.fr\/wp-content\/uploads\/2025\/07\/DSC_0134-2048x977.jpg 2048w\" sizes=\"(max-width: 1024px) 100vw, 1024px\" \/><\/figure>\n\n\n\n<figure class=\"wp-block-image size-large\"><img loading=\"lazy\" decoding=\"async\" width=\"1024\" height=\"472\" src=\"http:\/\/www.delalumiereauxyeux-photo.fr\/wp-content\/uploads\/2025\/07\/DSC_0155-1024x472.jpg\" alt=\"59e Rallye R\u00e9gional Le Mans 2025 photographe De la lumi\u00e8re aux yeux\" class=\"wp-image-7955\" srcset=\"https:\/\/www.delalumiereauxyeux-photo.fr\/wp-content\/uploads\/2025\/07\/DSC_0155-1024x472.jpg 1024w, https:\/\/www.delalumiereauxyeux-photo.fr\/wp-content\/uploads\/2025\/07\/DSC_0155-300x138.jpg 300w, https:\/\/www.delalumiereauxyeux-photo.fr\/wp-content\/uploads\/2025\/07\/DSC_0155-768x354.jpg 768w, https:\/\/www.delalumiereauxyeux-photo.fr\/wp-content\/uploads\/2025\/07\/DSC_0155-1536x709.jpg 1536w, https:\/\/www.delalumiereauxyeux-photo.fr\/wp-content\/uploads\/2025\/07\/DSC_0155-2048x945.jpg 2048w\" sizes=\"(max-width: 1024px) 100vw, 1024px\" \/><\/figure>\n\n\n\n<figure class=\"wp-block-image size-large\"><img loading=\"lazy\" decoding=\"async\" width=\"1024\" height=\"511\" src=\"http:\/\/www.delalumiereauxyeux-photo.fr\/wp-content\/uploads\/2025\/07\/DSC_0160-1024x511.jpg\" alt=\"59e Rallye R\u00e9gional Le Mans 2025 photographe De la lumi\u00e8re aux yeux\" class=\"wp-image-7956\" srcset=\"https:\/\/www.delalumiereauxyeux-photo.fr\/wp-content\/uploads\/2025\/07\/DSC_0160-1024x511.jpg 1024w, https:\/\/www.delalumiereauxyeux-photo.fr\/wp-content\/uploads\/2025\/07\/DSC_0160-300x150.jpg 300w, https:\/\/www.delalumiereauxyeux-photo.fr\/wp-content\/uploads\/2025\/07\/DSC_0160-768x383.jpg 768w, https:\/\/www.delalumiereauxyeux-photo.fr\/wp-content\/uploads\/2025\/07\/DSC_0160-1536x766.jpg 1536w, https:\/\/www.delalumiereauxyeux-photo.fr\/wp-content\/uploads\/2025\/07\/DSC_0160-2048x1022.jpg 2048w\" sizes=\"(max-width: 1024px) 100vw, 1024px\" \/><\/figure>\n\n\n\n<figure class=\"wp-block-image size-large\"><img loading=\"lazy\" decoding=\"async\" width=\"1024\" height=\"548\" src=\"http:\/\/www.delalumiereauxyeux-photo.fr\/wp-content\/uploads\/2025\/07\/DSC_0174-1024x548.jpg\" alt=\"59e Rallye R\u00e9gional Le Mans 2025 photographe De la lumi\u00e8re aux yeux\" class=\"wp-image-7957\" srcset=\"https:\/\/www.delalumiereauxyeux-photo.fr\/wp-content\/uploads\/2025\/07\/DSC_0174-1024x548.jpg 1024w, https:\/\/www.delalumiereauxyeux-photo.fr\/wp-content\/uploads\/2025\/07\/DSC_0174-300x160.jpg 300w, https:\/\/www.delalumiereauxyeux-photo.fr\/wp-content\/uploads\/2025\/07\/DSC_0174-768x411.jpg 768w, https:\/\/www.delalumiereauxyeux-photo.fr\/wp-content\/uploads\/2025\/07\/DSC_0174-1536x822.jpg 1536w, https:\/\/www.delalumiereauxyeux-photo.fr\/wp-content\/uploads\/2025\/07\/DSC_0174-2048x1096.jpg 2048w\" sizes=\"(max-width: 1024px) 100vw, 1024px\" \/><\/figure>\n\n\n\n<figure class=\"wp-block-image size-large\"><img loading=\"lazy\" decoding=\"async\" width=\"1024\" height=\"490\" src=\"http:\/\/www.delalumiereauxyeux-photo.fr\/wp-content\/uploads\/2025\/07\/DSC_0216-1024x490.jpg\" alt=\"59e Rallye R\u00e9gional Le Mans 2025 photographe De la lumi\u00e8re aux yeux\" class=\"wp-image-7958\" srcset=\"https:\/\/www.delalumiereauxyeux-photo.fr\/wp-content\/uploads\/2025\/07\/DSC_0216-1024x490.jpg 1024w, https:\/\/www.delalumiereauxyeux-photo.fr\/wp-content\/uploads\/2025\/07\/DSC_0216-300x144.jpg 300w, https:\/\/www.delalumiereauxyeux-photo.fr\/wp-content\/uploads\/2025\/07\/DSC_0216-768x367.jpg 768w, https:\/\/www.delalumiereauxyeux-photo.fr\/wp-content\/uploads\/2025\/07\/DSC_0216-1536x735.jpg 1536w, https:\/\/www.delalumiereauxyeux-photo.fr\/wp-content\/uploads\/2025\/07\/DSC_0216-2048x980.jpg 2048w\" sizes=\"(max-width: 1024px) 100vw, 1024px\" \/><\/figure>\n\n\n\n<figure class=\"wp-block-image size-large\"><img loading=\"lazy\" decoding=\"async\" width=\"1024\" height=\"641\" src=\"http:\/\/www.delalumiereauxyeux-photo.fr\/wp-content\/uploads\/2025\/07\/DSC_0227-1024x641.jpg\" alt=\"59e Rallye R\u00e9gional Le Mans 2025 photographe De la lumi\u00e8re aux yeux\" class=\"wp-image-7959\" srcset=\"https:\/\/www.delalumiereauxyeux-photo.fr\/wp-content\/uploads\/2025\/07\/DSC_0227-1024x641.jpg 1024w, https:\/\/www.delalumiereauxyeux-photo.fr\/wp-content\/uploads\/2025\/07\/DSC_0227-300x188.jpg 300w, https:\/\/www.delalumiereauxyeux-photo.fr\/wp-content\/uploads\/2025\/07\/DSC_0227-768x481.jpg 768w, https:\/\/www.delalumiereauxyeux-photo.fr\/wp-content\/uploads\/2025\/07\/DSC_0227-1536x961.jpg 1536w, https:\/\/www.delalumiereauxyeux-photo.fr\/wp-content\/uploads\/2025\/07\/DSC_0227-2048x1282.jpg 2048w\" sizes=\"(max-width: 1024px) 100vw, 1024px\" \/><\/figure>\n\n\n\n<figure class=\"wp-block-image size-large\"><img loading=\"lazy\" decoding=\"async\" width=\"1024\" height=\"454\" src=\"http:\/\/www.delalumiereauxyeux-photo.fr\/wp-content\/uploads\/2025\/07\/DSC_0244-1024x454.jpg\" alt=\"59e Rallye R\u00e9gional Le Mans 2025 photographe De la lumi\u00e8re aux yeux\" class=\"wp-image-7960\" srcset=\"https:\/\/www.delalumiereauxyeux-photo.fr\/wp-content\/uploads\/2025\/07\/DSC_0244-1024x454.jpg 1024w, https:\/\/www.delalumiereauxyeux-photo.fr\/wp-content\/uploads\/2025\/07\/DSC_0244-300x133.jpg 300w, https:\/\/www.delalumiereauxyeux-photo.fr\/wp-content\/uploads\/2025\/07\/DSC_0244-768x341.jpg 768w, https:\/\/www.delalumiereauxyeux-photo.fr\/wp-content\/uploads\/2025\/07\/DSC_0244-1536x682.jpg 1536w, https:\/\/www.delalumiereauxyeux-photo.fr\/wp-content\/uploads\/2025\/07\/DSC_0244-2048x909.jpg 2048w\" sizes=\"(max-width: 1024px) 100vw, 1024px\" \/><\/figure>\n\n\n\n<figure class=\"wp-block-image size-large\"><img loading=\"lazy\" decoding=\"async\" width=\"1024\" height=\"735\" src=\"http:\/\/www.delalumiereauxyeux-photo.fr\/wp-content\/uploads\/2025\/07\/DSC_0247-1024x735.jpg\" alt=\"59e Rallye R\u00e9gional Le Mans 2025 photographe De la lumi\u00e8re aux yeux\" class=\"wp-image-7961\" srcset=\"https:\/\/www.delalumiereauxyeux-photo.fr\/wp-content\/uploads\/2025\/07\/DSC_0247-1024x735.jpg 1024w, https:\/\/www.delalumiereauxyeux-photo.fr\/wp-content\/uploads\/2025\/07\/DSC_0247-300x215.jpg 300w, https:\/\/www.delalumiereauxyeux-photo.fr\/wp-content\/uploads\/2025\/07\/DSC_0247-768x551.jpg 768w, https:\/\/www.delalumiereauxyeux-photo.fr\/wp-content\/uploads\/2025\/07\/DSC_0247-1536x1103.jpg 1536w, https:\/\/www.delalumiereauxyeux-photo.fr\/wp-content\/uploads\/2025\/07\/DSC_0247-2048x1470.jpg 2048w\" sizes=\"(max-width: 1024px) 100vw, 1024px\" \/><\/figure>\n\n\n\n<figure class=\"wp-block-image size-large\"><img loading=\"lazy\" decoding=\"async\" width=\"1024\" height=\"683\" src=\"http:\/\/www.delalumiereauxyeux-photo.fr\/wp-content\/uploads\/2025\/07\/DSC_0265-1024x683.jpg\" alt=\"59e Rallye R\u00e9gional Le Mans 2025 photographe De la lumi\u00e8re aux yeux\" class=\"wp-image-7962\" srcset=\"https:\/\/www.delalumiereauxyeux-photo.fr\/wp-content\/uploads\/2025\/07\/DSC_0265-1024x683.jpg 1024w, https:\/\/www.delalumiereauxyeux-photo.fr\/wp-content\/uploads\/2025\/07\/DSC_0265-300x200.jpg 300w, https:\/\/www.delalumiereauxyeux-photo.fr\/wp-content\/uploads\/2025\/07\/DSC_0265-768x512.jpg 768w, https:\/\/www.delalumiereauxyeux-photo.fr\/wp-content\/uploads\/2025\/07\/DSC_0265-1536x1024.jpg 1536w, https:\/\/www.delalumiereauxyeux-photo.fr\/wp-content\/uploads\/2025\/07\/DSC_0265-2048x1365.jpg 2048w\" sizes=\"(max-width: 1024px) 100vw, 1024px\" \/><\/figure>\n\n\n\n<figure class=\"wp-block-image size-large\"><img loading=\"lazy\" decoding=\"async\" width=\"1024\" height=\"384\" src=\"http:\/\/www.delalumiereauxyeux-photo.fr\/wp-content\/uploads\/2025\/07\/DSC_0280-1024x384.jpg\" alt=\"59e Rallye R\u00e9gional Le Mans 2025 photographe De la lumi\u00e8re aux yeux\" class=\"wp-image-7963\" srcset=\"https:\/\/www.delalumiereauxyeux-photo.fr\/wp-content\/uploads\/2025\/07\/DSC_0280-1024x384.jpg 1024w, https:\/\/www.delalumiereauxyeux-photo.fr\/wp-content\/uploads\/2025\/07\/DSC_0280-300x112.jpg 300w, https:\/\/www.delalumiereauxyeux-photo.fr\/wp-content\/uploads\/2025\/07\/DSC_0280-768x288.jpg 768w, https:\/\/www.delalumiereauxyeux-photo.fr\/wp-content\/uploads\/2025\/07\/DSC_0280-1536x575.jpg 1536w, https:\/\/www.delalumiereauxyeux-photo.fr\/wp-content\/uploads\/2025\/07\/DSC_0280-2048x767.jpg 2048w\" sizes=\"(max-width: 1024px) 100vw, 1024px\" \/><\/figure>\n\n\n\n<figure class=\"wp-block-image size-large\"><img loading=\"lazy\" decoding=\"async\" width=\"731\" height=\"1024\" src=\"http:\/\/www.delalumiereauxyeux-photo.fr\/wp-content\/uploads\/2025\/07\/DSC_0291-731x1024.jpg\" alt=\"59e Rallye R\u00e9gional Le Mans 2025 photographe De la lumi\u00e8re aux yeux\" class=\"wp-image-8040\" srcset=\"https:\/\/www.delalumiereauxyeux-photo.fr\/wp-content\/uploads\/2025\/07\/DSC_0291-731x1024.jpg 731w, https:\/\/www.delalumiereauxyeux-photo.fr\/wp-content\/uploads\/2025\/07\/DSC_0291-214x300.jpg 214w, https:\/\/www.delalumiereauxyeux-photo.fr\/wp-content\/uploads\/2025\/07\/DSC_0291-768x1076.jpg 768w, https:\/\/www.delalumiereauxyeux-photo.fr\/wp-content\/uploads\/2025\/07\/DSC_0291-1096x1536.jpg 1096w, https:\/\/www.delalumiereauxyeux-photo.fr\/wp-content\/uploads\/2025\/07\/DSC_0291-1462x2048.jpg 1462w, https:\/\/www.delalumiereauxyeux-photo.fr\/wp-content\/uploads\/2025\/07\/DSC_0291-scaled.jpg 1827w\" sizes=\"(max-width: 731px) 100vw, 731px\" \/><\/figure>\n\n\n\n<p>Merci \u00e0 Laurent et Christophe pour leur accueil!<\/p>\n\n\n\n<figure class=\"wp-block-image size-large\"><img loading=\"lazy\" decoding=\"async\" width=\"722\" height=\"1024\" src=\"http:\/\/www.delalumiereauxyeux-photo.fr\/wp-content\/uploads\/2025\/07\/DSC_0282-722x1024.jpg\" alt=\"59e Rallye R\u00e9gional Le Mans 2025 photographe De la lumi\u00e8re aux yeux\" class=\"wp-image-7964\" srcset=\"https:\/\/www.delalumiereauxyeux-photo.fr\/wp-content\/uploads\/2025\/07\/DSC_0282-722x1024.jpg 722w, https:\/\/www.delalumiereauxyeux-photo.fr\/wp-content\/uploads\/2025\/07\/DSC_0282-211x300.jpg 211w, https:\/\/www.delalumiereauxyeux-photo.fr\/wp-content\/uploads\/2025\/07\/DSC_0282-768x1089.jpg 768w, https:\/\/www.delalumiereauxyeux-photo.fr\/wp-content\/uploads\/2025\/07\/DSC_0282-1083x1536.jpg 1083w, https:\/\/www.delalumiereauxyeux-photo.fr\/wp-content\/uploads\/2025\/07\/DSC_0282-1444x2048.jpg 1444w, https:\/\/www.delalumiereauxyeux-photo.fr\/wp-content\/uploads\/2025\/07\/DSC_0282-scaled.jpg 1805w\" sizes=\"(max-width: 722px) 100vw, 722px\" \/><\/figure>\n\n\n\n<figure class=\"wp-block-image size-large\"><img loading=\"lazy\" decoding=\"async\" width=\"1024\" height=\"674\" src=\"http:\/\/www.delalumiereauxyeux-photo.fr\/wp-content\/uploads\/2025\/07\/DSC_0283-1024x674.jpg\" alt=\"59e Rallye R\u00e9gional Le Mans 2025 photographe De la lumi\u00e8re aux yeux\" class=\"wp-image-7965\" srcset=\"https:\/\/www.delalumiereauxyeux-photo.fr\/wp-content\/uploads\/2025\/07\/DSC_0283-1024x674.jpg 1024w, https:\/\/www.delalumiereauxyeux-photo.fr\/wp-content\/uploads\/2025\/07\/DSC_0283-300x198.jpg 300w, https:\/\/www.delalumiereauxyeux-photo.fr\/wp-content\/uploads\/2025\/07\/DSC_0283-768x506.jpg 768w, https:\/\/www.delalumiereauxyeux-photo.fr\/wp-content\/uploads\/2025\/07\/DSC_0283-1536x1011.jpg 1536w, https:\/\/www.delalumiereauxyeux-photo.fr\/wp-content\/uploads\/2025\/07\/DSC_0283-2048x1348.jpg 2048w\" sizes=\"(max-width: 1024px) 100vw, 1024px\" \/><\/figure>\n\n\n\n<figure class=\"wp-block-image size-large\"><img loading=\"lazy\" decoding=\"async\" width=\"1024\" height=\"683\" src=\"http:\/\/www.delalumiereauxyeux-photo.fr\/wp-content\/uploads\/2025\/07\/DSC_0396-1024x683.jpg\" alt=\"59e Rallye R\u00e9gional Le Mans 2025 photographe De la lumi\u00e8re aux yeux\" class=\"wp-image-7966\" srcset=\"https:\/\/www.delalumiereauxyeux-photo.fr\/wp-content\/uploads\/2025\/07\/DSC_0396-1024x683.jpg 1024w, https:\/\/www.delalumiereauxyeux-photo.fr\/wp-content\/uploads\/2025\/07\/DSC_0396-300x200.jpg 300w, https:\/\/www.delalumiereauxyeux-photo.fr\/wp-content\/uploads\/2025\/07\/DSC_0396-768x512.jpg 768w, https:\/\/www.delalumiereauxyeux-photo.fr\/wp-content\/uploads\/2025\/07\/DSC_0396-1536x1024.jpg 1536w, https:\/\/www.delalumiereauxyeux-photo.fr\/wp-content\/uploads\/2025\/07\/DSC_0396-2048x1365.jpg 2048w\" sizes=\"(max-width: 1024px) 100vw, 1024px\" \/><\/figure>\n\n\n\n<figure class=\"wp-block-image size-large\"><img loading=\"lazy\" decoding=\"async\" width=\"1024\" height=\"683\" src=\"http:\/\/www.delalumiereauxyeux-photo.fr\/wp-content\/uploads\/2025\/07\/DSC_0431-1024x683.jpg\" alt=\"59e Rallye R\u00e9gional Le Mans 2025 photographe De la lumi\u00e8re aux yeux\" class=\"wp-image-7967\" srcset=\"https:\/\/www.delalumiereauxyeux-photo.fr\/wp-content\/uploads\/2025\/07\/DSC_0431-1024x683.jpg 1024w, https:\/\/www.delalumiereauxyeux-photo.fr\/wp-content\/uploads\/2025\/07\/DSC_0431-300x200.jpg 300w, https:\/\/www.delalumiereauxyeux-photo.fr\/wp-content\/uploads\/2025\/07\/DSC_0431-768x512.jpg 768w, https:\/\/www.delalumiereauxyeux-photo.fr\/wp-content\/uploads\/2025\/07\/DSC_0431-1536x1024.jpg 1536w, https:\/\/www.delalumiereauxyeux-photo.fr\/wp-content\/uploads\/2025\/07\/DSC_0431-2048x1365.jpg 2048w\" sizes=\"(max-width: 1024px) 100vw, 1024px\" \/><\/figure>\n\n\n\n<figure class=\"wp-block-image size-large\"><img loading=\"lazy\" decoding=\"async\" width=\"1024\" height=\"484\" src=\"http:\/\/www.delalumiereauxyeux-photo.fr\/wp-content\/uploads\/2025\/07\/DSC_0486-1024x484.jpg\" alt=\"59e Rallye R\u00e9gional Le Mans 2025 photographe De la lumi\u00e8re aux yeux\" class=\"wp-image-7968\" srcset=\"https:\/\/www.delalumiereauxyeux-photo.fr\/wp-content\/uploads\/2025\/07\/DSC_0486-1024x484.jpg 1024w, https:\/\/www.delalumiereauxyeux-photo.fr\/wp-content\/uploads\/2025\/07\/DSC_0486-300x142.jpg 300w, https:\/\/www.delalumiereauxyeux-photo.fr\/wp-content\/uploads\/2025\/07\/DSC_0486-768x363.jpg 768w, https:\/\/www.delalumiereauxyeux-photo.fr\/wp-content\/uploads\/2025\/07\/DSC_0486-1536x726.jpg 1536w, https:\/\/www.delalumiereauxyeux-photo.fr\/wp-content\/uploads\/2025\/07\/DSC_0486-2048x968.jpg 2048w\" sizes=\"(max-width: 1024px) 100vw, 1024px\" \/><\/figure>\n\n\n\n<figure class=\"wp-block-image size-large\"><img loading=\"lazy\" decoding=\"async\" width=\"1024\" height=\"397\" src=\"http:\/\/www.delalumiereauxyeux-photo.fr\/wp-content\/uploads\/2025\/07\/DSC_0516-1024x397.jpg\" alt=\"59e Rallye R\u00e9gional Le Mans 2025 photographe De la lumi\u00e8re aux yeux\" class=\"wp-image-7969\" srcset=\"https:\/\/www.delalumiereauxyeux-photo.fr\/wp-content\/uploads\/2025\/07\/DSC_0516-1024x397.jpg 1024w, https:\/\/www.delalumiereauxyeux-photo.fr\/wp-content\/uploads\/2025\/07\/DSC_0516-300x116.jpg 300w, https:\/\/www.delalumiereauxyeux-photo.fr\/wp-content\/uploads\/2025\/07\/DSC_0516-768x298.jpg 768w, https:\/\/www.delalumiereauxyeux-photo.fr\/wp-content\/uploads\/2025\/07\/DSC_0516-1536x595.jpg 1536w, https:\/\/www.delalumiereauxyeux-photo.fr\/wp-content\/uploads\/2025\/07\/DSC_0516-2048x794.jpg 2048w\" sizes=\"(max-width: 1024px) 100vw, 1024px\" \/><\/figure>\n\n\n\n<figure class=\"wp-block-image size-large\"><img loading=\"lazy\" decoding=\"async\" width=\"1024\" height=\"521\" src=\"http:\/\/www.delalumiereauxyeux-photo.fr\/wp-content\/uploads\/2025\/07\/DSC_0570-1024x521.jpg\" alt=\"59e Rallye R\u00e9gional Le Mans 2025 photographe De la lumi\u00e8re aux yeux\" class=\"wp-image-7970\" srcset=\"https:\/\/www.delalumiereauxyeux-photo.fr\/wp-content\/uploads\/2025\/07\/DSC_0570-1024x521.jpg 1024w, https:\/\/www.delalumiereauxyeux-photo.fr\/wp-content\/uploads\/2025\/07\/DSC_0570-300x153.jpg 300w, https:\/\/www.delalumiereauxyeux-photo.fr\/wp-content\/uploads\/2025\/07\/DSC_0570-768x391.jpg 768w, https:\/\/www.delalumiereauxyeux-photo.fr\/wp-content\/uploads\/2025\/07\/DSC_0570-1536x782.jpg 1536w, https:\/\/www.delalumiereauxyeux-photo.fr\/wp-content\/uploads\/2025\/07\/DSC_0570-2048x1042.jpg 2048w\" sizes=\"(max-width: 1024px) 100vw, 1024px\" \/><\/figure>\n\n\n\n<figure class=\"wp-block-image size-large\"><img loading=\"lazy\" decoding=\"async\" width=\"1024\" height=\"683\" src=\"http:\/\/www.delalumiereauxyeux-photo.fr\/wp-content\/uploads\/2025\/07\/DSC_8469-1024x683.jpg\" alt=\"59e Rallye R\u00e9gional Le Mans 2025 photographe De la lumi\u00e8re aux yeux\" class=\"wp-image-7971\" srcset=\"https:\/\/www.delalumiereauxyeux-photo.fr\/wp-content\/uploads\/2025\/07\/DSC_8469-1024x683.jpg 1024w, https:\/\/www.delalumiereauxyeux-photo.fr\/wp-content\/uploads\/2025\/07\/DSC_8469-300x200.jpg 300w, https:\/\/www.delalumiereauxyeux-photo.fr\/wp-content\/uploads\/2025\/07\/DSC_8469-768x512.jpg 768w, https:\/\/www.delalumiereauxyeux-photo.fr\/wp-content\/uploads\/2025\/07\/DSC_8469-1536x1024.jpg 1536w, https:\/\/www.delalumiereauxyeux-photo.fr\/wp-content\/uploads\/2025\/07\/DSC_8469-2048x1365.jpg 2048w\" sizes=\"(max-width: 1024px) 100vw, 1024px\" \/><\/figure>\n\n\n\n<figure class=\"wp-block-image size-large\"><img loading=\"lazy\" decoding=\"async\" width=\"1024\" height=\"683\" src=\"http:\/\/www.delalumiereauxyeux-photo.fr\/wp-content\/uploads\/2025\/07\/DSC_8482-1024x683.jpg\" alt=\"59e Rallye R\u00e9gional Le Mans 2025 photographe De la lumi\u00e8re aux yeux\" class=\"wp-image-7972\" srcset=\"https:\/\/www.delalumiereauxyeux-photo.fr\/wp-content\/uploads\/2025\/07\/DSC_8482-1024x683.jpg 1024w, https:\/\/www.delalumiereauxyeux-photo.fr\/wp-content\/uploads\/2025\/07\/DSC_8482-300x200.jpg 300w, https:\/\/www.delalumiereauxyeux-photo.fr\/wp-content\/uploads\/2025\/07\/DSC_8482-768x512.jpg 768w, https:\/\/www.delalumiereauxyeux-photo.fr\/wp-content\/uploads\/2025\/07\/DSC_8482-1536x1024.jpg 1536w, https:\/\/www.delalumiereauxyeux-photo.fr\/wp-content\/uploads\/2025\/07\/DSC_8482-2048x1365.jpg 2048w\" sizes=\"(max-width: 1024px) 100vw, 1024px\" \/><\/figure>\n\n\n\n<figure class=\"wp-block-image size-large\"><img loading=\"lazy\" decoding=\"async\" width=\"1024\" height=\"683\" src=\"http:\/\/www.delalumiereauxyeux-photo.fr\/wp-content\/uploads\/2025\/07\/DSC_8485-1024x683.jpg\" alt=\"59e Rallye R\u00e9gional Le Mans 2025 photographe De la lumi\u00e8re aux yeux\" class=\"wp-image-7973\" srcset=\"https:\/\/www.delalumiereauxyeux-photo.fr\/wp-content\/uploads\/2025\/07\/DSC_8485-1024x683.jpg 1024w, https:\/\/www.delalumiereauxyeux-photo.fr\/wp-content\/uploads\/2025\/07\/DSC_8485-300x200.jpg 300w, https:\/\/www.delalumiereauxyeux-photo.fr\/wp-content\/uploads\/2025\/07\/DSC_8485-768x512.jpg 768w, https:\/\/www.delalumiereauxyeux-photo.fr\/wp-content\/uploads\/2025\/07\/DSC_8485-1536x1024.jpg 1536w, https:\/\/www.delalumiereauxyeux-photo.fr\/wp-content\/uploads\/2025\/07\/DSC_8485-2048x1365.jpg 2048w\" sizes=\"(max-width: 1024px) 100vw, 1024px\" \/><\/figure>\n\n\n\n<figure class=\"wp-block-image size-large\"><img loading=\"lazy\" decoding=\"async\" width=\"1024\" height=\"683\" src=\"http:\/\/www.delalumiereauxyeux-photo.fr\/wp-content\/uploads\/2025\/07\/DSC_8502-1024x683.jpg\" alt=\"59e Rallye R\u00e9gional Le Mans 2025 photographe De la lumi\u00e8re aux yeux\" class=\"wp-image-7974\" srcset=\"https:\/\/www.delalumiereauxyeux-photo.fr\/wp-content\/uploads\/2025\/07\/DSC_8502-1024x683.jpg 1024w, https:\/\/www.delalumiereauxyeux-photo.fr\/wp-content\/uploads\/2025\/07\/DSC_8502-300x200.jpg 300w, https:\/\/www.delalumiereauxyeux-photo.fr\/wp-content\/uploads\/2025\/07\/DSC_8502-768x512.jpg 768w, https:\/\/www.delalumiereauxyeux-photo.fr\/wp-content\/uploads\/2025\/07\/DSC_8502-1536x1024.jpg 1536w, https:\/\/www.delalumiereauxyeux-photo.fr\/wp-content\/uploads\/2025\/07\/DSC_8502-2048x1365.jpg 2048w\" sizes=\"(max-width: 1024px) 100vw, 1024px\" \/><\/figure>\n\n\n\n<figure class=\"wp-block-image size-large\"><img loading=\"lazy\" decoding=\"async\" width=\"1024\" height=\"683\" src=\"http:\/\/www.delalumiereauxyeux-photo.fr\/wp-content\/uploads\/2025\/07\/DSC_8510-1024x683.jpg\" alt=\"59e Rallye R\u00e9gional Le Mans 2025 photographe De la lumi\u00e8re aux yeux\" class=\"wp-image-7975\" srcset=\"https:\/\/www.delalumiereauxyeux-photo.fr\/wp-content\/uploads\/2025\/07\/DSC_8510-1024x683.jpg 1024w, https:\/\/www.delalumiereauxyeux-photo.fr\/wp-content\/uploads\/2025\/07\/DSC_8510-300x200.jpg 300w, https:\/\/www.delalumiereauxyeux-photo.fr\/wp-content\/uploads\/2025\/07\/DSC_8510-768x512.jpg 768w, https:\/\/www.delalumiereauxyeux-photo.fr\/wp-content\/uploads\/2025\/07\/DSC_8510-1536x1024.jpg 1536w, https:\/\/www.delalumiereauxyeux-photo.fr\/wp-content\/uploads\/2025\/07\/DSC_8510-2048x1365.jpg 2048w\" sizes=\"(max-width: 1024px) 100vw, 1024px\" \/><\/figure>\n\n\n\n<figure class=\"wp-block-image size-large\"><img loading=\"lazy\" decoding=\"async\" width=\"1024\" height=\"552\" src=\"http:\/\/www.delalumiereauxyeux-photo.fr\/wp-content\/uploads\/2025\/07\/DSC_8521-1024x552.jpg\" alt=\"59e Rallye R\u00e9gional Le Mans 2025 photographe De la lumi\u00e8re aux yeux\" class=\"wp-image-7976\" srcset=\"https:\/\/www.delalumiereauxyeux-photo.fr\/wp-content\/uploads\/2025\/07\/DSC_8521-1024x552.jpg 1024w, https:\/\/www.delalumiereauxyeux-photo.fr\/wp-content\/uploads\/2025\/07\/DSC_8521-300x162.jpg 300w, https:\/\/www.delalumiereauxyeux-photo.fr\/wp-content\/uploads\/2025\/07\/DSC_8521-768x414.jpg 768w, https:\/\/www.delalumiereauxyeux-photo.fr\/wp-content\/uploads\/2025\/07\/DSC_8521-1536x829.jpg 1536w, https:\/\/www.delalumiereauxyeux-photo.fr\/wp-content\/uploads\/2025\/07\/DSC_8521-2048x1105.jpg 2048w\" sizes=\"(max-width: 1024px) 100vw, 1024px\" \/><\/figure>\n\n\n\n<figure class=\"wp-block-image size-large\"><img loading=\"lazy\" decoding=\"async\" width=\"1024\" height=\"545\" src=\"http:\/\/www.delalumiereauxyeux-photo.fr\/wp-content\/uploads\/2025\/07\/DSC_8528-1024x545.jpg\" alt=\"59e Rallye R\u00e9gional Le Mans 2025 photographe De la lumi\u00e8re aux yeux\" class=\"wp-image-7977\" srcset=\"https:\/\/www.delalumiereauxyeux-photo.fr\/wp-content\/uploads\/2025\/07\/DSC_8528-1024x545.jpg 1024w, https:\/\/www.delalumiereauxyeux-photo.fr\/wp-content\/uploads\/2025\/07\/DSC_8528-300x160.jpg 300w, https:\/\/www.delalumiereauxyeux-photo.fr\/wp-content\/uploads\/2025\/07\/DSC_8528-768x409.jpg 768w, https:\/\/www.delalumiereauxyeux-photo.fr\/wp-content\/uploads\/2025\/07\/DSC_8528-1536x817.jpg 1536w, https:\/\/www.delalumiereauxyeux-photo.fr\/wp-content\/uploads\/2025\/07\/DSC_8528-2048x1090.jpg 2048w\" sizes=\"(max-width: 1024px) 100vw, 1024px\" \/><\/figure>\n\n\n\n<figure class=\"wp-block-image size-large\"><img loading=\"lazy\" decoding=\"async\" width=\"1024\" height=\"683\" src=\"http:\/\/www.delalumiereauxyeux-photo.fr\/wp-content\/uploads\/2025\/07\/DSC_8534-1024x683.jpg\" alt=\"59e Rallye R\u00e9gional Le Mans 2025 photographe De la lumi\u00e8re aux yeux\" class=\"wp-image-7978\" srcset=\"https:\/\/www.delalumiereauxyeux-photo.fr\/wp-content\/uploads\/2025\/07\/DSC_8534-1024x683.jpg 1024w, https:\/\/www.delalumiereauxyeux-photo.fr\/wp-content\/uploads\/2025\/07\/DSC_8534-300x200.jpg 300w, https:\/\/www.delalumiereauxyeux-photo.fr\/wp-content\/uploads\/2025\/07\/DSC_8534-768x512.jpg 768w, https:\/\/www.delalumiereauxyeux-photo.fr\/wp-content\/uploads\/2025\/07\/DSC_8534-1536x1024.jpg 1536w, https:\/\/www.delalumiereauxyeux-photo.fr\/wp-content\/uploads\/2025\/07\/DSC_8534-2048x1365.jpg 2048w\" sizes=\"(max-width: 1024px) 100vw, 1024px\" \/><\/figure>\n\n\n\n<figure class=\"wp-block-image size-large\"><img loading=\"lazy\" decoding=\"async\" width=\"1024\" height=\"683\" src=\"http:\/\/www.delalumiereauxyeux-photo.fr\/wp-content\/uploads\/2025\/07\/DSC_8539-1024x683.jpg\" alt=\"59e Rallye R\u00e9gional Le Mans 2025 photographe De la lumi\u00e8re aux yeux\" class=\"wp-image-7979\" srcset=\"https:\/\/www.delalumiereauxyeux-photo.fr\/wp-content\/uploads\/2025\/07\/DSC_8539-1024x683.jpg 1024w, https:\/\/www.delalumiereauxyeux-photo.fr\/wp-content\/uploads\/2025\/07\/DSC_8539-300x200.jpg 300w, https:\/\/www.delalumiereauxyeux-photo.fr\/wp-content\/uploads\/2025\/07\/DSC_8539-768x512.jpg 768w, https:\/\/www.delalumiereauxyeux-photo.fr\/wp-content\/uploads\/2025\/07\/DSC_8539-1536x1024.jpg 1536w, https:\/\/www.delalumiereauxyeux-photo.fr\/wp-content\/uploads\/2025\/07\/DSC_8539-2048x1365.jpg 2048w\" sizes=\"(max-width: 1024px) 100vw, 1024px\" \/><\/figure>\n\n\n\n<figure class=\"wp-block-image size-large\"><img loading=\"lazy\" decoding=\"async\" width=\"1024\" height=\"589\" src=\"http:\/\/www.delalumiereauxyeux-photo.fr\/wp-content\/uploads\/2025\/07\/DSC_8550-1024x589.jpg\" alt=\"59e Rallye R\u00e9gional Le Mans 2025 photographe De la lumi\u00e8re aux yeux\" class=\"wp-image-7980\" srcset=\"https:\/\/www.delalumiereauxyeux-photo.fr\/wp-content\/uploads\/2025\/07\/DSC_8550-1024x589.jpg 1024w, https:\/\/www.delalumiereauxyeux-photo.fr\/wp-content\/uploads\/2025\/07\/DSC_8550-300x173.jpg 300w, https:\/\/www.delalumiereauxyeux-photo.fr\/wp-content\/uploads\/2025\/07\/DSC_8550-768x442.jpg 768w, https:\/\/www.delalumiereauxyeux-photo.fr\/wp-content\/uploads\/2025\/07\/DSC_8550-1536x884.jpg 1536w, https:\/\/www.delalumiereauxyeux-photo.fr\/wp-content\/uploads\/2025\/07\/DSC_8550-2048x1179.jpg 2048w\" sizes=\"(max-width: 1024px) 100vw, 1024px\" \/><\/figure>\n\n\n\n<figure class=\"wp-block-image size-large\"><img loading=\"lazy\" decoding=\"async\" width=\"1024\" height=\"683\" src=\"http:\/\/www.delalumiereauxyeux-photo.fr\/wp-content\/uploads\/2025\/07\/DSC_8565-1024x683.jpg\" alt=\"59e Rallye R\u00e9gional Le Mans 2025 photographe De la lumi\u00e8re aux yeux\" class=\"wp-image-7981\" srcset=\"https:\/\/www.delalumiereauxyeux-photo.fr\/wp-content\/uploads\/2025\/07\/DSC_8565-1024x683.jpg 1024w, https:\/\/www.delalumiereauxyeux-photo.fr\/wp-content\/uploads\/2025\/07\/DSC_8565-300x200.jpg 300w, https:\/\/www.delalumiereauxyeux-photo.fr\/wp-content\/uploads\/2025\/07\/DSC_8565-768x512.jpg 768w, https:\/\/www.delalumiereauxyeux-photo.fr\/wp-content\/uploads\/2025\/07\/DSC_8565-1536x1024.jpg 1536w, https:\/\/www.delalumiereauxyeux-photo.fr\/wp-content\/uploads\/2025\/07\/DSC_8565-2048x1365.jpg 2048w\" sizes=\"(max-width: 1024px) 100vw, 1024px\" \/><\/figure>\n\n\n\n<figure class=\"wp-block-image size-large\"><img loading=\"lazy\" decoding=\"async\" width=\"1024\" height=\"715\" src=\"http:\/\/www.delalumiereauxyeux-photo.fr\/wp-content\/uploads\/2025\/07\/DSC_8574-1024x715.jpg\" alt=\"59e Rallye R\u00e9gional Le Mans 2025 photographe De la lumi\u00e8re aux yeux\" class=\"wp-image-7982\" srcset=\"https:\/\/www.delalumiereauxyeux-photo.fr\/wp-content\/uploads\/2025\/07\/DSC_8574-1024x715.jpg 1024w, https:\/\/www.delalumiereauxyeux-photo.fr\/wp-content\/uploads\/2025\/07\/DSC_8574-300x210.jpg 300w, https:\/\/www.delalumiereauxyeux-photo.fr\/wp-content\/uploads\/2025\/07\/DSC_8574-768x536.jpg 768w, https:\/\/www.delalumiereauxyeux-photo.fr\/wp-content\/uploads\/2025\/07\/DSC_8574-1536x1073.jpg 1536w, https:\/\/www.delalumiereauxyeux-photo.fr\/wp-content\/uploads\/2025\/07\/DSC_8574-2048x1430.jpg 2048w\" sizes=\"(max-width: 1024px) 100vw, 1024px\" \/><\/figure>\n\n\n\n<figure class=\"wp-block-image size-large\"><img loading=\"lazy\" decoding=\"async\" width=\"1024\" height=\"683\" src=\"http:\/\/www.delalumiereauxyeux-photo.fr\/wp-content\/uploads\/2025\/07\/DSC_8594-1024x683.jpg\" alt=\"59e Rallye R\u00e9gional Le Mans 2025 photographe De la lumi\u00e8re aux yeux\" class=\"wp-image-7983\" srcset=\"https:\/\/www.delalumiereauxyeux-photo.fr\/wp-content\/uploads\/2025\/07\/DSC_8594-1024x683.jpg 1024w, https:\/\/www.delalumiereauxyeux-photo.fr\/wp-content\/uploads\/2025\/07\/DSC_8594-300x200.jpg 300w, https:\/\/www.delalumiereauxyeux-photo.fr\/wp-content\/uploads\/2025\/07\/DSC_8594-768x512.jpg 768w, https:\/\/www.delalumiereauxyeux-photo.fr\/wp-content\/uploads\/2025\/07\/DSC_8594-1536x1024.jpg 1536w, https:\/\/www.delalumiereauxyeux-photo.fr\/wp-content\/uploads\/2025\/07\/DSC_8594-2048x1365.jpg 2048w\" sizes=\"(max-width: 1024px) 100vw, 1024px\" \/><\/figure>\n\n\n\n<figure class=\"wp-block-image size-large\"><img loading=\"lazy\" decoding=\"async\" width=\"1024\" height=\"683\" src=\"http:\/\/www.delalumiereauxyeux-photo.fr\/wp-content\/uploads\/2025\/07\/DSC_0584-1024x683.jpg\" alt=\"59e Rallye R\u00e9gional Le Mans 2025 photographe De la lumi\u00e8re aux yeux\" class=\"wp-image-7984\" srcset=\"https:\/\/www.delalumiereauxyeux-photo.fr\/wp-content\/uploads\/2025\/07\/DSC_0584-1024x683.jpg 1024w, https:\/\/www.delalumiereauxyeux-photo.fr\/wp-content\/uploads\/2025\/07\/DSC_0584-300x200.jpg 300w, https:\/\/www.delalumiereauxyeux-photo.fr\/wp-content\/uploads\/2025\/07\/DSC_0584-768x512.jpg 768w, https:\/\/www.delalumiereauxyeux-photo.fr\/wp-content\/uploads\/2025\/07\/DSC_0584-1536x1024.jpg 1536w, https:\/\/www.delalumiereauxyeux-photo.fr\/wp-content\/uploads\/2025\/07\/DSC_0584-2048x1365.jpg 2048w\" sizes=\"(max-width: 1024px) 100vw, 1024px\" \/><\/figure>\n\n\n\n<figure class=\"wp-block-image size-large\"><img loading=\"lazy\" decoding=\"async\" width=\"1024\" height=\"608\" src=\"http:\/\/www.delalumiereauxyeux-photo.fr\/wp-content\/uploads\/2025\/07\/DSC_8619-1024x608.jpg\" alt=\"59e Rallye R\u00e9gional Le Mans 2025 photographe De la lumi\u00e8re aux yeux\" class=\"wp-image-7985\" srcset=\"https:\/\/www.delalumiereauxyeux-photo.fr\/wp-content\/uploads\/2025\/07\/DSC_8619-1024x608.jpg 1024w, https:\/\/www.delalumiereauxyeux-photo.fr\/wp-content\/uploads\/2025\/07\/DSC_8619-300x178.jpg 300w, https:\/\/www.delalumiereauxyeux-photo.fr\/wp-content\/uploads\/2025\/07\/DSC_8619-768x456.jpg 768w, https:\/\/www.delalumiereauxyeux-photo.fr\/wp-content\/uploads\/2025\/07\/DSC_8619-1536x911.jpg 1536w, https:\/\/www.delalumiereauxyeux-photo.fr\/wp-content\/uploads\/2025\/07\/DSC_8619-2048x1215.jpg 2048w\" sizes=\"(max-width: 1024px) 100vw, 1024px\" \/><\/figure>\n\n\n\n<figure class=\"wp-block-image size-large\"><img loading=\"lazy\" decoding=\"async\" width=\"1024\" height=\"602\" src=\"http:\/\/www.delalumiereauxyeux-photo.fr\/wp-content\/uploads\/2025\/07\/DSC_8628-1024x602.jpg\" alt=\"59e Rallye R\u00e9gional Le Mans 2025 photographe De la lumi\u00e8re aux yeux\" class=\"wp-image-7986\" srcset=\"https:\/\/www.delalumiereauxyeux-photo.fr\/wp-content\/uploads\/2025\/07\/DSC_8628-1024x602.jpg 1024w, https:\/\/www.delalumiereauxyeux-photo.fr\/wp-content\/uploads\/2025\/07\/DSC_8628-300x176.jpg 300w, https:\/\/www.delalumiereauxyeux-photo.fr\/wp-content\/uploads\/2025\/07\/DSC_8628-768x452.jpg 768w, https:\/\/www.delalumiereauxyeux-photo.fr\/wp-content\/uploads\/2025\/07\/DSC_8628-1536x903.jpg 1536w, https:\/\/www.delalumiereauxyeux-photo.fr\/wp-content\/uploads\/2025\/07\/DSC_8628-2048x1205.jpg 2048w\" sizes=\"(max-width: 1024px) 100vw, 1024px\" \/><\/figure>\n\n\n\n<figure class=\"wp-block-image size-large\"><img loading=\"lazy\" decoding=\"async\" width=\"1024\" height=\"719\" src=\"http:\/\/www.delalumiereauxyeux-photo.fr\/wp-content\/uploads\/2025\/07\/DSC_0594-1024x719.jpg\" alt=\"59e Rallye R\u00e9gional Le Mans 2025 photographe De la lumi\u00e8re aux yeux\" class=\"wp-image-7987\" srcset=\"https:\/\/www.delalumiereauxyeux-photo.fr\/wp-content\/uploads\/2025\/07\/DSC_0594-1024x719.jpg 1024w, https:\/\/www.delalumiereauxyeux-photo.fr\/wp-content\/uploads\/2025\/07\/DSC_0594-300x211.jpg 300w, https:\/\/www.delalumiereauxyeux-photo.fr\/wp-content\/uploads\/2025\/07\/DSC_0594-768x539.jpg 768w, https:\/\/www.delalumiereauxyeux-photo.fr\/wp-content\/uploads\/2025\/07\/DSC_0594-1536x1078.jpg 1536w, https:\/\/www.delalumiereauxyeux-photo.fr\/wp-content\/uploads\/2025\/07\/DSC_0594-2048x1438.jpg 2048w\" sizes=\"(max-width: 1024px) 100vw, 1024px\" \/><\/figure>\n\n\n\n<figure class=\"wp-block-image size-large\"><img loading=\"lazy\" decoding=\"async\" width=\"1024\" height=\"484\" src=\"http:\/\/www.delalumiereauxyeux-photo.fr\/wp-content\/uploads\/2025\/07\/DSC_8689-1024x484.jpg\" alt=\"59e Rallye R\u00e9gional Le Mans 2025 photographe De la lumi\u00e8re aux yeux\" class=\"wp-image-7988\" srcset=\"https:\/\/www.delalumiereauxyeux-photo.fr\/wp-content\/uploads\/2025\/07\/DSC_8689-1024x484.jpg 1024w, https:\/\/www.delalumiereauxyeux-photo.fr\/wp-content\/uploads\/2025\/07\/DSC_8689-300x142.jpg 300w, https:\/\/www.delalumiereauxyeux-photo.fr\/wp-content\/uploads\/2025\/07\/DSC_8689-768x363.jpg 768w, https:\/\/www.delalumiereauxyeux-photo.fr\/wp-content\/uploads\/2025\/07\/DSC_8689-1536x726.jpg 1536w, https:\/\/www.delalumiereauxyeux-photo.fr\/wp-content\/uploads\/2025\/07\/DSC_8689-2048x968.jpg 2048w\" sizes=\"(max-width: 1024px) 100vw, 1024px\" \/><\/figure>\n\n\n\n<figure class=\"wp-block-image size-large\"><img loading=\"lazy\" decoding=\"async\" width=\"1024\" height=\"520\" src=\"http:\/\/www.delalumiereauxyeux-photo.fr\/wp-content\/uploads\/2025\/07\/DSC_8695-1024x520.jpg\" alt=\"59e Rallye R\u00e9gional Le Mans 2025 photographe De la lumi\u00e8re aux yeux\" class=\"wp-image-7989\" srcset=\"https:\/\/www.delalumiereauxyeux-photo.fr\/wp-content\/uploads\/2025\/07\/DSC_8695-1024x520.jpg 1024w, https:\/\/www.delalumiereauxyeux-photo.fr\/wp-content\/uploads\/2025\/07\/DSC_8695-300x152.jpg 300w, https:\/\/www.delalumiereauxyeux-photo.fr\/wp-content\/uploads\/2025\/07\/DSC_8695-768x390.jpg 768w, https:\/\/www.delalumiereauxyeux-photo.fr\/wp-content\/uploads\/2025\/07\/DSC_8695-1536x780.jpg 1536w, https:\/\/www.delalumiereauxyeux-photo.fr\/wp-content\/uploads\/2025\/07\/DSC_8695-2048x1040.jpg 2048w\" sizes=\"(max-width: 1024px) 100vw, 1024px\" \/><\/figure>\n\n\n\n<figure class=\"wp-block-image size-large\"><img loading=\"lazy\" decoding=\"async\" width=\"1024\" height=\"653\" src=\"http:\/\/www.delalumiereauxyeux-photo.fr\/wp-content\/uploads\/2025\/07\/DSC_8711-1024x653.jpg\" alt=\"59e Rallye R\u00e9gional Le Mans 2025 photographe De la lumi\u00e8re aux yeux\" class=\"wp-image-7990\" srcset=\"https:\/\/www.delalumiereauxyeux-photo.fr\/wp-content\/uploads\/2025\/07\/DSC_8711-1024x653.jpg 1024w, https:\/\/www.delalumiereauxyeux-photo.fr\/wp-content\/uploads\/2025\/07\/DSC_8711-300x191.jpg 300w, https:\/\/www.delalumiereauxyeux-photo.fr\/wp-content\/uploads\/2025\/07\/DSC_8711-768x490.jpg 768w, https:\/\/www.delalumiereauxyeux-photo.fr\/wp-content\/uploads\/2025\/07\/DSC_8711-1536x979.jpg 1536w, https:\/\/www.delalumiereauxyeux-photo.fr\/wp-content\/uploads\/2025\/07\/DSC_8711-2048x1306.jpg 2048w\" sizes=\"(max-width: 1024px) 100vw, 1024px\" \/><\/figure>\n\n\n\n<figure class=\"wp-block-image size-large\"><img loading=\"lazy\" decoding=\"async\" width=\"1024\" height=\"576\" src=\"http:\/\/www.delalumiereauxyeux-photo.fr\/wp-content\/uploads\/2025\/07\/DSC_8713-1024x576.jpg\" alt=\"59e Rallye R\u00e9gional Le Mans 2025 photographe De la lumi\u00e8re aux yeux\" class=\"wp-image-7991\" srcset=\"https:\/\/www.delalumiereauxyeux-photo.fr\/wp-content\/uploads\/2025\/07\/DSC_8713-1024x576.jpg 1024w, https:\/\/www.delalumiereauxyeux-photo.fr\/wp-content\/uploads\/2025\/07\/DSC_8713-300x169.jpg 300w, https:\/\/www.delalumiereauxyeux-photo.fr\/wp-content\/uploads\/2025\/07\/DSC_8713-768x432.jpg 768w, https:\/\/www.delalumiereauxyeux-photo.fr\/wp-content\/uploads\/2025\/07\/DSC_8713-1536x864.jpg 1536w, https:\/\/www.delalumiereauxyeux-photo.fr\/wp-content\/uploads\/2025\/07\/DSC_8713-2048x1152.jpg 2048w\" sizes=\"(max-width: 1024px) 100vw, 1024px\" \/><\/figure>\n\n\n\n<figure class=\"wp-block-image size-large\"><img loading=\"lazy\" decoding=\"async\" width=\"1024\" height=\"516\" src=\"http:\/\/www.delalumiereauxyeux-photo.fr\/wp-content\/uploads\/2025\/07\/DSC_8725-1024x516.jpg\" alt=\"59e Rallye R\u00e9gional Le Mans 2025 photographe De la lumi\u00e8re aux yeux\" class=\"wp-image-7992\" srcset=\"https:\/\/www.delalumiereauxyeux-photo.fr\/wp-content\/uploads\/2025\/07\/DSC_8725-1024x516.jpg 1024w, https:\/\/www.delalumiereauxyeux-photo.fr\/wp-content\/uploads\/2025\/07\/DSC_8725-300x151.jpg 300w, https:\/\/www.delalumiereauxyeux-photo.fr\/wp-content\/uploads\/2025\/07\/DSC_8725-768x387.jpg 768w, https:\/\/www.delalumiereauxyeux-photo.fr\/wp-content\/uploads\/2025\/07\/DSC_8725-1536x773.jpg 1536w, https:\/\/www.delalumiereauxyeux-photo.fr\/wp-content\/uploads\/2025\/07\/DSC_8725-2048x1031.jpg 2048w\" sizes=\"(max-width: 1024px) 100vw, 1024px\" \/><\/figure>\n\n\n\n<figure class=\"wp-block-image size-large\"><img loading=\"lazy\" decoding=\"async\" width=\"1024\" height=\"609\" src=\"http:\/\/www.delalumiereauxyeux-photo.fr\/wp-content\/uploads\/2025\/07\/DSC_8732-1024x609.jpg\" alt=\"59e Rallye R\u00e9gional Le Mans 2025 photographe De la lumi\u00e8re aux yeux\" class=\"wp-image-7993\" srcset=\"https:\/\/www.delalumiereauxyeux-photo.fr\/wp-content\/uploads\/2025\/07\/DSC_8732-1024x609.jpg 1024w, https:\/\/www.delalumiereauxyeux-photo.fr\/wp-content\/uploads\/2025\/07\/DSC_8732-300x179.jpg 300w, https:\/\/www.delalumiereauxyeux-photo.fr\/wp-content\/uploads\/2025\/07\/DSC_8732-768x457.jpg 768w, https:\/\/www.delalumiereauxyeux-photo.fr\/wp-content\/uploads\/2025\/07\/DSC_8732-1536x914.jpg 1536w, https:\/\/www.delalumiereauxyeux-photo.fr\/wp-content\/uploads\/2025\/07\/DSC_8732-2048x1219.jpg 2048w\" sizes=\"(max-width: 1024px) 100vw, 1024px\" \/><\/figure>\n\n\n\n<figure class=\"wp-block-image size-large\"><img loading=\"lazy\" decoding=\"async\" width=\"1024\" height=\"543\" src=\"http:\/\/www.delalumiereauxyeux-photo.fr\/wp-content\/uploads\/2025\/07\/DSC_8749-1024x543.jpg\" alt=\"59e Rallye R\u00e9gional Le Mans 2025 photographe De la lumi\u00e8re aux yeux\" class=\"wp-image-7994\" srcset=\"https:\/\/www.delalumiereauxyeux-photo.fr\/wp-content\/uploads\/2025\/07\/DSC_8749-1024x543.jpg 1024w, https:\/\/www.delalumiereauxyeux-photo.fr\/wp-content\/uploads\/2025\/07\/DSC_8749-300x159.jpg 300w, https:\/\/www.delalumiereauxyeux-photo.fr\/wp-content\/uploads\/2025\/07\/DSC_8749-768x408.jpg 768w, https:\/\/www.delalumiereauxyeux-photo.fr\/wp-content\/uploads\/2025\/07\/DSC_8749-1536x815.jpg 1536w, https:\/\/www.delalumiereauxyeux-photo.fr\/wp-content\/uploads\/2025\/07\/DSC_8749-2048x1087.jpg 2048w\" sizes=\"(max-width: 1024px) 100vw, 1024px\" \/><\/figure>\n\n\n\n<figure class=\"wp-block-image size-large\"><img loading=\"lazy\" decoding=\"async\" width=\"1024\" height=\"625\" src=\"http:\/\/www.delalumiereauxyeux-photo.fr\/wp-content\/uploads\/2025\/07\/DSC_8753-1024x625.jpg\" alt=\"59e Rallye R\u00e9gional Le Mans 2025 photographe De la lumi\u00e8re aux yeux\" class=\"wp-image-7995\" srcset=\"https:\/\/www.delalumiereauxyeux-photo.fr\/wp-content\/uploads\/2025\/07\/DSC_8753-1024x625.jpg 1024w, https:\/\/www.delalumiereauxyeux-photo.fr\/wp-content\/uploads\/2025\/07\/DSC_8753-300x183.jpg 300w, https:\/\/www.delalumiereauxyeux-photo.fr\/wp-content\/uploads\/2025\/07\/DSC_8753-768x469.jpg 768w, https:\/\/www.delalumiereauxyeux-photo.fr\/wp-content\/uploads\/2025\/07\/DSC_8753-1536x938.jpg 1536w, https:\/\/www.delalumiereauxyeux-photo.fr\/wp-content\/uploads\/2025\/07\/DSC_8753-2048x1251.jpg 2048w\" sizes=\"(max-width: 1024px) 100vw, 1024px\" \/><\/figure>\n\n\n\n<figure class=\"wp-block-image size-large\"><img loading=\"lazy\" decoding=\"async\" width=\"1024\" height=\"510\" src=\"http:\/\/www.delalumiereauxyeux-photo.fr\/wp-content\/uploads\/2025\/07\/DSC_8772-1024x510.jpg\" alt=\"59e Rallye R\u00e9gional Le Mans 2025 photographe De la lumi\u00e8re aux yeux\" class=\"wp-image-7996\" srcset=\"https:\/\/www.delalumiereauxyeux-photo.fr\/wp-content\/uploads\/2025\/07\/DSC_8772-1024x510.jpg 1024w, https:\/\/www.delalumiereauxyeux-photo.fr\/wp-content\/uploads\/2025\/07\/DSC_8772-300x149.jpg 300w, https:\/\/www.delalumiereauxyeux-photo.fr\/wp-content\/uploads\/2025\/07\/DSC_8772-768x382.jpg 768w, https:\/\/www.delalumiereauxyeux-photo.fr\/wp-content\/uploads\/2025\/07\/DSC_8772-1536x765.jpg 1536w, https:\/\/www.delalumiereauxyeux-photo.fr\/wp-content\/uploads\/2025\/07\/DSC_8772-2048x1020.jpg 2048w\" sizes=\"(max-width: 1024px) 100vw, 1024px\" \/><\/figure>\n\n\n\n<figure class=\"wp-block-image size-large\"><img loading=\"lazy\" decoding=\"async\" width=\"1024\" height=\"501\" src=\"http:\/\/www.delalumiereauxyeux-photo.fr\/wp-content\/uploads\/2025\/07\/DSC_8805-1024x501.jpg\" alt=\"59e Rallye R\u00e9gional Le Mans 2025 photographe De la lumi\u00e8re aux yeux\" class=\"wp-image-7997\" srcset=\"https:\/\/www.delalumiereauxyeux-photo.fr\/wp-content\/uploads\/2025\/07\/DSC_8805-1024x501.jpg 1024w, https:\/\/www.delalumiereauxyeux-photo.fr\/wp-content\/uploads\/2025\/07\/DSC_8805-300x147.jpg 300w, https:\/\/www.delalumiereauxyeux-photo.fr\/wp-content\/uploads\/2025\/07\/DSC_8805-768x376.jpg 768w, https:\/\/www.delalumiereauxyeux-photo.fr\/wp-content\/uploads\/2025\/07\/DSC_8805-1536x751.jpg 1536w, https:\/\/www.delalumiereauxyeux-photo.fr\/wp-content\/uploads\/2025\/07\/DSC_8805-2048x1002.jpg 2048w\" sizes=\"(max-width: 1024px) 100vw, 1024px\" \/><\/figure>\n\n\n\n<figure class=\"wp-block-image size-large\"><img loading=\"lazy\" decoding=\"async\" width=\"1024\" height=\"683\" src=\"http:\/\/www.delalumiereauxyeux-photo.fr\/wp-content\/uploads\/2025\/07\/DSC_8818-1024x683.jpg\" alt=\"59e Rallye R\u00e9gional Le Mans 2025 photographe De la lumi\u00e8re aux yeux\" class=\"wp-image-7998\" srcset=\"https:\/\/www.delalumiereauxyeux-photo.fr\/wp-content\/uploads\/2025\/07\/DSC_8818-1024x683.jpg 1024w, https:\/\/www.delalumiereauxyeux-photo.fr\/wp-content\/uploads\/2025\/07\/DSC_8818-300x200.jpg 300w, https:\/\/www.delalumiereauxyeux-photo.fr\/wp-content\/uploads\/2025\/07\/DSC_8818-768x512.jpg 768w, https:\/\/www.delalumiereauxyeux-photo.fr\/wp-content\/uploads\/2025\/07\/DSC_8818-1536x1024.jpg 1536w, https:\/\/www.delalumiereauxyeux-photo.fr\/wp-content\/uploads\/2025\/07\/DSC_8818-2048x1365.jpg 2048w\" sizes=\"(max-width: 1024px) 100vw, 1024px\" \/><\/figure>\n\n\n\n<figure class=\"wp-block-image size-large\"><img loading=\"lazy\" decoding=\"async\" width=\"1024\" height=\"660\" src=\"http:\/\/www.delalumiereauxyeux-photo.fr\/wp-content\/uploads\/2025\/07\/DSC_8900-1024x660.jpg\" alt=\"59e Rallye R\u00e9gional Le Mans 2025 photographe De la lumi\u00e8re aux yeux\" class=\"wp-image-7999\" srcset=\"https:\/\/www.delalumiereauxyeux-photo.fr\/wp-content\/uploads\/2025\/07\/DSC_8900-1024x660.jpg 1024w, https:\/\/www.delalumiereauxyeux-photo.fr\/wp-content\/uploads\/2025\/07\/DSC_8900-300x193.jpg 300w, https:\/\/www.delalumiereauxyeux-photo.fr\/wp-content\/uploads\/2025\/07\/DSC_8900-768x495.jpg 768w, https:\/\/www.delalumiereauxyeux-photo.fr\/wp-content\/uploads\/2025\/07\/DSC_8900-1536x990.jpg 1536w, https:\/\/www.delalumiereauxyeux-photo.fr\/wp-content\/uploads\/2025\/07\/DSC_8900-2048x1319.jpg 2048w\" sizes=\"(max-width: 1024px) 100vw, 1024px\" \/><\/figure>\n\n\n\n<figure class=\"wp-block-image size-large\"><img loading=\"lazy\" decoding=\"async\" width=\"1024\" height=\"431\" src=\"http:\/\/www.delalumiereauxyeux-photo.fr\/wp-content\/uploads\/2025\/07\/DSC_8913-1024x431.jpg\" alt=\"59e Rallye R\u00e9gional Le Mans 2025 photographe De la lumi\u00e8re aux yeux\" class=\"wp-image-8000\" srcset=\"https:\/\/www.delalumiereauxyeux-photo.fr\/wp-content\/uploads\/2025\/07\/DSC_8913-1024x431.jpg 1024w, https:\/\/www.delalumiereauxyeux-photo.fr\/wp-content\/uploads\/2025\/07\/DSC_8913-300x126.jpg 300w, https:\/\/www.delalumiereauxyeux-photo.fr\/wp-content\/uploads\/2025\/07\/DSC_8913-768x324.jpg 768w, https:\/\/www.delalumiereauxyeux-photo.fr\/wp-content\/uploads\/2025\/07\/DSC_8913-1536x647.jpg 1536w, https:\/\/www.delalumiereauxyeux-photo.fr\/wp-content\/uploads\/2025\/07\/DSC_8913-2048x863.jpg 2048w\" sizes=\"(max-width: 1024px) 100vw, 1024px\" \/><\/figure>\n\n\n\n<figure class=\"wp-block-image size-large\"><img loading=\"lazy\" decoding=\"async\" width=\"1024\" height=\"495\" src=\"http:\/\/www.delalumiereauxyeux-photo.fr\/wp-content\/uploads\/2025\/07\/DSC_8963-1024x495.jpg\" alt=\"59e Rallye R\u00e9gional Le Mans 2025 photographe De la lumi\u00e8re aux yeux\" class=\"wp-image-8001\" srcset=\"https:\/\/www.delalumiereauxyeux-photo.fr\/wp-content\/uploads\/2025\/07\/DSC_8963-1024x495.jpg 1024w, https:\/\/www.delalumiereauxyeux-photo.fr\/wp-content\/uploads\/2025\/07\/DSC_8963-300x145.jpg 300w, https:\/\/www.delalumiereauxyeux-photo.fr\/wp-content\/uploads\/2025\/07\/DSC_8963-768x371.jpg 768w, https:\/\/www.delalumiereauxyeux-photo.fr\/wp-content\/uploads\/2025\/07\/DSC_8963-1536x742.jpg 1536w, https:\/\/www.delalumiereauxyeux-photo.fr\/wp-content\/uploads\/2025\/07\/DSC_8963-2048x989.jpg 2048w\" sizes=\"(max-width: 1024px) 100vw, 1024px\" \/><\/figure>\n\n\n\n<figure class=\"wp-block-image size-large\"><img loading=\"lazy\" decoding=\"async\" width=\"1024\" height=\"683\" src=\"http:\/\/www.delalumiereauxyeux-photo.fr\/wp-content\/uploads\/2025\/07\/DSC_0628-1024x683.jpg\" alt=\"59e Rallye R\u00e9gional Le Mans 2025 photographe De la lumi\u00e8re aux yeux\" class=\"wp-image-8002\" srcset=\"https:\/\/www.delalumiereauxyeux-photo.fr\/wp-content\/uploads\/2025\/07\/DSC_0628-1024x683.jpg 1024w, https:\/\/www.delalumiereauxyeux-photo.fr\/wp-content\/uploads\/2025\/07\/DSC_0628-300x200.jpg 300w, https:\/\/www.delalumiereauxyeux-photo.fr\/wp-content\/uploads\/2025\/07\/DSC_0628-768x512.jpg 768w, https:\/\/www.delalumiereauxyeux-photo.fr\/wp-content\/uploads\/2025\/07\/DSC_0628-1536x1024.jpg 1536w, https:\/\/www.delalumiereauxyeux-photo.fr\/wp-content\/uploads\/2025\/07\/DSC_0628-2048x1365.jpg 2048w\" sizes=\"(max-width: 1024px) 100vw, 1024px\" \/><\/figure>\n\n\n\n<figure class=\"wp-block-image size-large\"><img loading=\"lazy\" decoding=\"async\" width=\"1024\" height=\"683\" src=\"http:\/\/www.delalumiereauxyeux-photo.fr\/wp-content\/uploads\/2025\/07\/DSC_0650-1024x683.jpg\" alt=\"59e Rallye R\u00e9gional Le Mans 2025 photographe De la lumi\u00e8re aux yeux\" class=\"wp-image-8003\" srcset=\"https:\/\/www.delalumiereauxyeux-photo.fr\/wp-content\/uploads\/2025\/07\/DSC_0650-1024x683.jpg 1024w, https:\/\/www.delalumiereauxyeux-photo.fr\/wp-content\/uploads\/2025\/07\/DSC_0650-300x200.jpg 300w, https:\/\/www.delalumiereauxyeux-photo.fr\/wp-content\/uploads\/2025\/07\/DSC_0650-768x512.jpg 768w, https:\/\/www.delalumiereauxyeux-photo.fr\/wp-content\/uploads\/2025\/07\/DSC_0650-1536x1024.jpg 1536w, https:\/\/www.delalumiereauxyeux-photo.fr\/wp-content\/uploads\/2025\/07\/DSC_0650-2048x1365.jpg 2048w\" sizes=\"(max-width: 1024px) 100vw, 1024px\" \/><\/figure>\n\n\n\n<figure class=\"wp-block-image size-large\"><img loading=\"lazy\" decoding=\"async\" width=\"1024\" height=\"683\" src=\"http:\/\/www.delalumiereauxyeux-photo.fr\/wp-content\/uploads\/2025\/07\/DSC_0666-1024x683.jpg\" alt=\"59e Rallye R\u00e9gional Le Mans 2025 photographe De la lumi\u00e8re aux yeux\" class=\"wp-image-8004\" srcset=\"https:\/\/www.delalumiereauxyeux-photo.fr\/wp-content\/uploads\/2025\/07\/DSC_0666-1024x683.jpg 1024w, https:\/\/www.delalumiereauxyeux-photo.fr\/wp-content\/uploads\/2025\/07\/DSC_0666-300x200.jpg 300w, https:\/\/www.delalumiereauxyeux-photo.fr\/wp-content\/uploads\/2025\/07\/DSC_0666-768x512.jpg 768w, https:\/\/www.delalumiereauxyeux-photo.fr\/wp-content\/uploads\/2025\/07\/DSC_0666-1536x1024.jpg 1536w, https:\/\/www.delalumiereauxyeux-photo.fr\/wp-content\/uploads\/2025\/07\/DSC_0666-2048x1365.jpg 2048w\" sizes=\"(max-width: 1024px) 100vw, 1024px\" \/><\/figure>\n\n\n\n<figure class=\"wp-block-image size-large\"><img loading=\"lazy\" decoding=\"async\" width=\"1024\" height=\"683\" src=\"http:\/\/www.delalumiereauxyeux-photo.fr\/wp-content\/uploads\/2025\/07\/DSC_0675-1024x683.jpg\" alt=\"59e Rallye R\u00e9gional Le Mans 2025 photographe De la lumi\u00e8re aux yeux\" class=\"wp-image-8005\" srcset=\"https:\/\/www.delalumiereauxyeux-photo.fr\/wp-content\/uploads\/2025\/07\/DSC_0675-1024x683.jpg 1024w, https:\/\/www.delalumiereauxyeux-photo.fr\/wp-content\/uploads\/2025\/07\/DSC_0675-300x200.jpg 300w, https:\/\/www.delalumiereauxyeux-photo.fr\/wp-content\/uploads\/2025\/07\/DSC_0675-768x512.jpg 768w, https:\/\/www.delalumiereauxyeux-photo.fr\/wp-content\/uploads\/2025\/07\/DSC_0675-1536x1024.jpg 1536w, https:\/\/www.delalumiereauxyeux-photo.fr\/wp-content\/uploads\/2025\/07\/DSC_0675-2048x1365.jpg 2048w\" sizes=\"(max-width: 1024px) 100vw, 1024px\" \/><\/figure>\n\n\n\n<figure class=\"wp-block-image size-large\"><img loading=\"lazy\" decoding=\"async\" width=\"1024\" height=\"683\" src=\"http:\/\/www.delalumiereauxyeux-photo.fr\/wp-content\/uploads\/2025\/07\/DSC_0687-1024x683.jpg\" alt=\"59e Rallye R\u00e9gional Le Mans 2025 photographe De la lumi\u00e8re aux yeux\" class=\"wp-image-8006\" srcset=\"https:\/\/www.delalumiereauxyeux-photo.fr\/wp-content\/uploads\/2025\/07\/DSC_0687-1024x683.jpg 1024w, https:\/\/www.delalumiereauxyeux-photo.fr\/wp-content\/uploads\/2025\/07\/DSC_0687-300x200.jpg 300w, https:\/\/www.delalumiereauxyeux-photo.fr\/wp-content\/uploads\/2025\/07\/DSC_0687-768x512.jpg 768w, https:\/\/www.delalumiereauxyeux-photo.fr\/wp-content\/uploads\/2025\/07\/DSC_0687-1536x1024.jpg 1536w, https:\/\/www.delalumiereauxyeux-photo.fr\/wp-content\/uploads\/2025\/07\/DSC_0687-2048x1365.jpg 2048w\" sizes=\"(max-width: 1024px) 100vw, 1024px\" \/><\/figure>\n\n\n\n<figure class=\"wp-block-image size-large\"><img loading=\"lazy\" decoding=\"async\" width=\"1024\" height=\"683\" src=\"http:\/\/www.delalumiereauxyeux-photo.fr\/wp-content\/uploads\/2025\/07\/DSC_0696-1024x683.jpg\" alt=\"59e Rallye R\u00e9gional Le Mans 2025 photographe De la lumi\u00e8re aux yeux\" class=\"wp-image-8007\" srcset=\"https:\/\/www.delalumiereauxyeux-photo.fr\/wp-content\/uploads\/2025\/07\/DSC_0696-1024x683.jpg 1024w, https:\/\/www.delalumiereauxyeux-photo.fr\/wp-content\/uploads\/2025\/07\/DSC_0696-300x200.jpg 300w, https:\/\/www.delalumiereauxyeux-photo.fr\/wp-content\/uploads\/2025\/07\/DSC_0696-768x512.jpg 768w, https:\/\/www.delalumiereauxyeux-photo.fr\/wp-content\/uploads\/2025\/07\/DSC_0696-1536x1024.jpg 1536w, https:\/\/www.delalumiereauxyeux-photo.fr\/wp-content\/uploads\/2025\/07\/DSC_0696-2048x1365.jpg 2048w\" sizes=\"(max-width: 1024px) 100vw, 1024px\" \/><\/figure>\n\n\n\n<figure class=\"wp-block-image size-large\"><img loading=\"lazy\" decoding=\"async\" width=\"1024\" height=\"683\" src=\"http:\/\/www.delalumiereauxyeux-photo.fr\/wp-content\/uploads\/2025\/07\/DSC_0734-1024x683.jpg\" alt=\"59e Rallye R\u00e9gional Le Mans 2025 photographe De la lumi\u00e8re aux yeux\" class=\"wp-image-8008\" srcset=\"https:\/\/www.delalumiereauxyeux-photo.fr\/wp-content\/uploads\/2025\/07\/DSC_0734-1024x683.jpg 1024w, https:\/\/www.delalumiereauxyeux-photo.fr\/wp-content\/uploads\/2025\/07\/DSC_0734-300x200.jpg 300w, https:\/\/www.delalumiereauxyeux-photo.fr\/wp-content\/uploads\/2025\/07\/DSC_0734-768x512.jpg 768w, https:\/\/www.delalumiereauxyeux-photo.fr\/wp-content\/uploads\/2025\/07\/DSC_0734-1536x1024.jpg 1536w, https:\/\/www.delalumiereauxyeux-photo.fr\/wp-content\/uploads\/2025\/07\/DSC_0734-2048x1365.jpg 2048w\" sizes=\"(max-width: 1024px) 100vw, 1024px\" \/><\/figure>\n\n\n\n<figure class=\"wp-block-image size-large\"><img loading=\"lazy\" decoding=\"async\" width=\"1024\" height=\"585\" src=\"http:\/\/www.delalumiereauxyeux-photo.fr\/wp-content\/uploads\/2025\/07\/DSC_0744-1024x585.jpg\" alt=\"59e Rallye R\u00e9gional Le Mans 2025 photographe De la lumi\u00e8re aux yeux\" class=\"wp-image-8009\" srcset=\"https:\/\/www.delalumiereauxyeux-photo.fr\/wp-content\/uploads\/2025\/07\/DSC_0744-1024x585.jpg 1024w, https:\/\/www.delalumiereauxyeux-photo.fr\/wp-content\/uploads\/2025\/07\/DSC_0744-300x171.jpg 300w, https:\/\/www.delalumiereauxyeux-photo.fr\/wp-content\/uploads\/2025\/07\/DSC_0744-768x439.jpg 768w, https:\/\/www.delalumiereauxyeux-photo.fr\/wp-content\/uploads\/2025\/07\/DSC_0744-1536x878.jpg 1536w, https:\/\/www.delalumiereauxyeux-photo.fr\/wp-content\/uploads\/2025\/07\/DSC_0744-2048x1170.jpg 2048w\" sizes=\"(max-width: 1024px) 100vw, 1024px\" \/><\/figure>\n\n\n\n<figure class=\"wp-block-image size-large\"><img loading=\"lazy\" decoding=\"async\" width=\"1024\" height=\"683\" src=\"http:\/\/www.delalumiereauxyeux-photo.fr\/wp-content\/uploads\/2025\/07\/DSC_0745-1024x683.jpg\" alt=\"59e Rallye R\u00e9gional Le Mans 2025 photographe De la lumi\u00e8re aux yeux\" class=\"wp-image-8010\" srcset=\"https:\/\/www.delalumiereauxyeux-photo.fr\/wp-content\/uploads\/2025\/07\/DSC_0745-1024x683.jpg 1024w, https:\/\/www.delalumiereauxyeux-photo.fr\/wp-content\/uploads\/2025\/07\/DSC_0745-300x200.jpg 300w, https:\/\/www.delalumiereauxyeux-photo.fr\/wp-content\/uploads\/2025\/07\/DSC_0745-768x512.jpg 768w, https:\/\/www.delalumiereauxyeux-photo.fr\/wp-content\/uploads\/2025\/07\/DSC_0745-1536x1024.jpg 1536w, https:\/\/www.delalumiereauxyeux-photo.fr\/wp-content\/uploads\/2025\/07\/DSC_0745-2048x1365.jpg 2048w\" sizes=\"(max-width: 1024px) 100vw, 1024px\" \/><\/figure>\n\n\n\n<figure class=\"wp-block-image size-large\"><img loading=\"lazy\" decoding=\"async\" width=\"1024\" height=\"543\" src=\"http:\/\/www.delalumiereauxyeux-photo.fr\/wp-content\/uploads\/2025\/07\/DSC_0767-1024x543.jpg\" alt=\"59e Rallye R\u00e9gional Le Mans 2025 photographe De la lumi\u00e8re aux yeux\" class=\"wp-image-8011\" srcset=\"https:\/\/www.delalumiereauxyeux-photo.fr\/wp-content\/uploads\/2025\/07\/DSC_0767-1024x543.jpg 1024w, https:\/\/www.delalumiereauxyeux-photo.fr\/wp-content\/uploads\/2025\/07\/DSC_0767-300x159.jpg 300w, https:\/\/www.delalumiereauxyeux-photo.fr\/wp-content\/uploads\/2025\/07\/DSC_0767-768x407.jpg 768w, https:\/\/www.delalumiereauxyeux-photo.fr\/wp-content\/uploads\/2025\/07\/DSC_0767-1536x814.jpg 1536w, https:\/\/www.delalumiereauxyeux-photo.fr\/wp-content\/uploads\/2025\/07\/DSC_0767-2048x1085.jpg 2048w\" sizes=\"(max-width: 1024px) 100vw, 1024px\" \/><\/figure>\n\n\n\n<figure class=\"wp-block-image size-large\"><img loading=\"lazy\" decoding=\"async\" width=\"1024\" height=\"726\" src=\"http:\/\/www.delalumiereauxyeux-photo.fr\/wp-content\/uploads\/2025\/07\/DSC_0784-1024x726.jpg\" alt=\"59e Rallye R\u00e9gional Le Mans 2025 photographe De la lumi\u00e8re aux yeux\" class=\"wp-image-8012\" srcset=\"https:\/\/www.delalumiereauxyeux-photo.fr\/wp-content\/uploads\/2025\/07\/DSC_0784-1024x726.jpg 1024w, https:\/\/www.delalumiereauxyeux-photo.fr\/wp-content\/uploads\/2025\/07\/DSC_0784-300x213.jpg 300w, https:\/\/www.delalumiereauxyeux-photo.fr\/wp-content\/uploads\/2025\/07\/DSC_0784-768x545.jpg 768w, https:\/\/www.delalumiereauxyeux-photo.fr\/wp-content\/uploads\/2025\/07\/DSC_0784-1536x1089.jpg 1536w, https:\/\/www.delalumiereauxyeux-photo.fr\/wp-content\/uploads\/2025\/07\/DSC_0784-2048x1452.jpg 2048w\" sizes=\"(max-width: 1024px) 100vw, 1024px\" \/><\/figure>\n\n\n\n<p>Le podium<\/p>\n\n\n\n<figure class=\"wp-block-image size-large\"><img loading=\"lazy\" decoding=\"async\" width=\"1024\" height=\"458\" src=\"http:\/\/www.delalumiereauxyeux-photo.fr\/wp-content\/uploads\/2025\/07\/DSC_9136-1024x458.jpg\" alt=\"59e Rallye R\u00e9gional Le Mans 2025 photographe De la lumi\u00e8re aux yeux\" class=\"wp-image-8013\" srcset=\"https:\/\/www.delalumiereauxyeux-photo.fr\/wp-content\/uploads\/2025\/07\/DSC_9136-1024x458.jpg 1024w, https:\/\/www.delalumiereauxyeux-photo.fr\/wp-content\/uploads\/2025\/07\/DSC_9136-300x134.jpg 300w, https:\/\/www.delalumiereauxyeux-photo.fr\/wp-content\/uploads\/2025\/07\/DSC_9136-768x343.jpg 768w, https:\/\/www.delalumiereauxyeux-photo.fr\/wp-content\/uploads\/2025\/07\/DSC_9136-1536x687.jpg 1536w, https:\/\/www.delalumiereauxyeux-photo.fr\/wp-content\/uploads\/2025\/07\/DSC_9136-2048x916.jpg 2048w\" sizes=\"(max-width: 1024px) 100vw, 1024px\" \/><\/figure>\n\n\n\n<figure class=\"wp-block-image size-large\"><img loading=\"lazy\" decoding=\"async\" width=\"1024\" height=\"419\" src=\"http:\/\/www.delalumiereauxyeux-photo.fr\/wp-content\/uploads\/2025\/07\/DSC_9139-1024x419.jpg\" alt=\"59e Rallye R\u00e9gional Le Mans 2025 photographe De la lumi\u00e8re aux yeux\" class=\"wp-image-8014\" srcset=\"https:\/\/www.delalumiereauxyeux-photo.fr\/wp-content\/uploads\/2025\/07\/DSC_9139-1024x419.jpg 1024w, https:\/\/www.delalumiereauxyeux-photo.fr\/wp-content\/uploads\/2025\/07\/DSC_9139-300x123.jpg 300w, https:\/\/www.delalumiereauxyeux-photo.fr\/wp-content\/uploads\/2025\/07\/DSC_9139-768x314.jpg 768w, https:\/\/www.delalumiereauxyeux-photo.fr\/wp-content\/uploads\/2025\/07\/DSC_9139-1536x628.jpg 1536w, https:\/\/www.delalumiereauxyeux-photo.fr\/wp-content\/uploads\/2025\/07\/DSC_9139-2048x837.jpg 2048w\" sizes=\"(max-width: 1024px) 100vw, 1024px\" \/><\/figure>\n\n\n\n<figure class=\"wp-block-image size-large\"><img loading=\"lazy\" decoding=\"async\" width=\"819\" height=\"1024\" src=\"http:\/\/www.delalumiereauxyeux-photo.fr\/wp-content\/uploads\/2025\/07\/DSC_9146-819x1024.jpg\" alt=\"59e Rallye R\u00e9gional Le Mans 2025 photographe De la lumi\u00e8re aux yeux\" class=\"wp-image-8015\" srcset=\"https:\/\/www.delalumiereauxyeux-photo.fr\/wp-content\/uploads\/2025\/07\/DSC_9146-819x1024.jpg 819w, https:\/\/www.delalumiereauxyeux-photo.fr\/wp-content\/uploads\/2025\/07\/DSC_9146-240x300.jpg 240w, https:\/\/www.delalumiereauxyeux-photo.fr\/wp-content\/uploads\/2025\/07\/DSC_9146-768x960.jpg 768w, https:\/\/www.delalumiereauxyeux-photo.fr\/wp-content\/uploads\/2025\/07\/DSC_9146-1229x1536.jpg 1229w, https:\/\/www.delalumiereauxyeux-photo.fr\/wp-content\/uploads\/2025\/07\/DSC_9146-1638x2048.jpg 1638w, https:\/\/www.delalumiereauxyeux-photo.fr\/wp-content\/uploads\/2025\/07\/DSC_9146-scaled.jpg 2048w\" sizes=\"(max-width: 819px) 100vw, 819px\" \/><\/figure>\n\n\n\n<figure class=\"wp-block-image size-large\"><img loading=\"lazy\" decoding=\"async\" width=\"704\" height=\"1024\" src=\"http:\/\/www.delalumiereauxyeux-photo.fr\/wp-content\/uploads\/2025\/07\/DSC_9148-704x1024.jpg\" alt=\"59e Rallye R\u00e9gional Le Mans 2025 photographe De la lumi\u00e8re aux yeux\" class=\"wp-image-8016\" srcset=\"https:\/\/www.delalumiereauxyeux-photo.fr\/wp-content\/uploads\/2025\/07\/DSC_9148-704x1024.jpg 704w, https:\/\/www.delalumiereauxyeux-photo.fr\/wp-content\/uploads\/2025\/07\/DSC_9148-206x300.jpg 206w, https:\/\/www.delalumiereauxyeux-photo.fr\/wp-content\/uploads\/2025\/07\/DSC_9148-768x1118.jpg 768w, https:\/\/www.delalumiereauxyeux-photo.fr\/wp-content\/uploads\/2025\/07\/DSC_9148-1056x1536.jpg 1056w, https:\/\/www.delalumiereauxyeux-photo.fr\/wp-content\/uploads\/2025\/07\/DSC_9148-1407x2048.jpg 1407w, https:\/\/www.delalumiereauxyeux-photo.fr\/wp-content\/uploads\/2025\/07\/DSC_9148-scaled.jpg 1759w\" sizes=\"(max-width: 704px) 100vw, 704px\" \/><\/figure>\n\n\n\n<figure class=\"wp-block-image size-large\"><img loading=\"lazy\" decoding=\"async\" width=\"912\" height=\"1024\" src=\"http:\/\/www.delalumiereauxyeux-photo.fr\/wp-content\/uploads\/2025\/07\/DSC_9149-912x1024.jpg\" alt=\"59e Rallye R\u00e9gional Le Mans 2025 photographe De la lumi\u00e8re aux yeux\" class=\"wp-image-8017\" srcset=\"https:\/\/www.delalumiereauxyeux-photo.fr\/wp-content\/uploads\/2025\/07\/DSC_9149-912x1024.jpg 912w, https:\/\/www.delalumiereauxyeux-photo.fr\/wp-content\/uploads\/2025\/07\/DSC_9149-267x300.jpg 267w, https:\/\/www.delalumiereauxyeux-photo.fr\/wp-content\/uploads\/2025\/07\/DSC_9149-768x863.jpg 768w, https:\/\/www.delalumiereauxyeux-photo.fr\/wp-content\/uploads\/2025\/07\/DSC_9149-1367x1536.jpg 1367w, https:\/\/www.delalumiereauxyeux-photo.fr\/wp-content\/uploads\/2025\/07\/DSC_9149-1823x2048.jpg 1823w\" sizes=\"(max-width: 912px) 100vw, 912px\" \/><\/figure>\n\n\n\n<figure class=\"wp-block-image size-large\"><img loading=\"lazy\" decoding=\"async\" width=\"1024\" height=\"649\" src=\"http:\/\/www.delalumiereauxyeux-photo.fr\/wp-content\/uploads\/2025\/07\/DSC_9159-1024x649.jpg\" alt=\"59e Rallye R\u00e9gional Le Mans 2025 photographe De la lumi\u00e8re aux yeux\" class=\"wp-image-8018\" srcset=\"https:\/\/www.delalumiereauxyeux-photo.fr\/wp-content\/uploads\/2025\/07\/DSC_9159-1024x649.jpg 1024w, https:\/\/www.delalumiereauxyeux-photo.fr\/wp-content\/uploads\/2025\/07\/DSC_9159-300x190.jpg 300w, https:\/\/www.delalumiereauxyeux-photo.fr\/wp-content\/uploads\/2025\/07\/DSC_9159-768x487.jpg 768w, https:\/\/www.delalumiereauxyeux-photo.fr\/wp-content\/uploads\/2025\/07\/DSC_9159-1536x974.jpg 1536w, https:\/\/www.delalumiereauxyeux-photo.fr\/wp-content\/uploads\/2025\/07\/DSC_9159-2048x1298.jpg 2048w\" sizes=\"(max-width: 1024px) 100vw, 1024px\" \/><\/figure>\n\n\n\n<figure class=\"wp-block-image size-large\"><img loading=\"lazy\" decoding=\"async\" width=\"851\" height=\"1024\" src=\"http:\/\/www.delalumiereauxyeux-photo.fr\/wp-content\/uploads\/2025\/07\/DSC_9164-851x1024.jpg\" alt=\"59e Rallye R\u00e9gional Le Mans 2025 photographe De la lumi\u00e8re aux yeux\" class=\"wp-image-8019\" srcset=\"https:\/\/www.delalumiereauxyeux-photo.fr\/wp-content\/uploads\/2025\/07\/DSC_9164-851x1024.jpg 851w, https:\/\/www.delalumiereauxyeux-photo.fr\/wp-content\/uploads\/2025\/07\/DSC_9164-249x300.jpg 249w, https:\/\/www.delalumiereauxyeux-photo.fr\/wp-content\/uploads\/2025\/07\/DSC_9164-768x924.jpg 768w, https:\/\/www.delalumiereauxyeux-photo.fr\/wp-content\/uploads\/2025\/07\/DSC_9164-1277x1536.jpg 1277w, https:\/\/www.delalumiereauxyeux-photo.fr\/wp-content\/uploads\/2025\/07\/DSC_9164-1703x2048.jpg 1703w\" sizes=\"(max-width: 851px) 100vw, 851px\" \/><\/figure>\n\n\n\n<figure class=\"wp-block-image size-large\"><img loading=\"lazy\" decoding=\"async\" width=\"1024\" height=\"637\" src=\"http:\/\/www.delalumiereauxyeux-photo.fr\/wp-content\/uploads\/2025\/07\/DSC_9177-1024x637.jpg\" alt=\"59e Rallye R\u00e9gional Le Mans 2025 photographe De la lumi\u00e8re aux yeux\" class=\"wp-image-8020\" srcset=\"https:\/\/www.delalumiereauxyeux-photo.fr\/wp-content\/uploads\/2025\/07\/DSC_9177-1024x637.jpg 1024w, https:\/\/www.delalumiereauxyeux-photo.fr\/wp-content\/uploads\/2025\/07\/DSC_9177-300x187.jpg 300w, https:\/\/www.delalumiereauxyeux-photo.fr\/wp-content\/uploads\/2025\/07\/DSC_9177-768x478.jpg 768w, https:\/\/www.delalumiereauxyeux-photo.fr\/wp-content\/uploads\/2025\/07\/DSC_9177-1536x956.jpg 1536w, https:\/\/www.delalumiereauxyeux-photo.fr\/wp-content\/uploads\/2025\/07\/DSC_9177-2048x1275.jpg 2048w\" sizes=\"(max-width: 1024px) 100vw, 1024px\" \/><\/figure>\n\n\n\n<figure class=\"wp-block-image size-large\"><img loading=\"lazy\" decoding=\"async\" width=\"716\" height=\"1024\" src=\"http:\/\/www.delalumiereauxyeux-photo.fr\/wp-content\/uploads\/2025\/07\/DSC_9211-716x1024.jpg\" alt=\"59e Rallye R\u00e9gional Le Mans 2025 photographe De la lumi\u00e8re aux yeux\" class=\"wp-image-8025\" srcset=\"https:\/\/www.delalumiereauxyeux-photo.fr\/wp-content\/uploads\/2025\/07\/DSC_9211-716x1024.jpg 716w, https:\/\/www.delalumiereauxyeux-photo.fr\/wp-content\/uploads\/2025\/07\/DSC_9211-210x300.jpg 210w, https:\/\/www.delalumiereauxyeux-photo.fr\/wp-content\/uploads\/2025\/07\/DSC_9211-768x1098.jpg 768w, https:\/\/www.delalumiereauxyeux-photo.fr\/wp-content\/uploads\/2025\/07\/DSC_9211-1075x1536.jpg 1075w, https:\/\/www.delalumiereauxyeux-photo.fr\/wp-content\/uploads\/2025\/07\/DSC_9211-1433x2048.jpg 1433w, https:\/\/www.delalumiereauxyeux-photo.fr\/wp-content\/uploads\/2025\/07\/DSC_9211-scaled.jpg 1791w\" sizes=\"(max-width: 716px) 100vw, 716px\" \/><\/figure>\n\n\n\n<figure class=\"wp-block-image size-large\"><img loading=\"lazy\" decoding=\"async\" width=\"860\" height=\"1024\" src=\"http:\/\/www.delalumiereauxyeux-photo.fr\/wp-content\/uploads\/2025\/07\/DSC_9215-860x1024.jpg\" alt=\"59e Rallye R\u00e9gional Le Mans 2025 photographe De la lumi\u00e8re aux yeux\" class=\"wp-image-8026\" srcset=\"https:\/\/www.delalumiereauxyeux-photo.fr\/wp-content\/uploads\/2025\/07\/DSC_9215-860x1024.jpg 860w, https:\/\/www.delalumiereauxyeux-photo.fr\/wp-content\/uploads\/2025\/07\/DSC_9215-252x300.jpg 252w, https:\/\/www.delalumiereauxyeux-photo.fr\/wp-content\/uploads\/2025\/07\/DSC_9215-768x914.jpg 768w, https:\/\/www.delalumiereauxyeux-photo.fr\/wp-content\/uploads\/2025\/07\/DSC_9215-1290x1536.jpg 1290w, https:\/\/www.delalumiereauxyeux-photo.fr\/wp-content\/uploads\/2025\/07\/DSC_9215-1720x2048.jpg 1720w\" sizes=\"(max-width: 860px) 100vw, 860px\" \/><\/figure>\n\n\n\n<figure class=\"wp-block-image size-large\"><img loading=\"lazy\" decoding=\"async\" width=\"1024\" height=\"406\" src=\"http:\/\/www.delalumiereauxyeux-photo.fr\/wp-content\/uploads\/2025\/07\/DSC_9183-1024x406.jpg\" alt=\"59e Rallye R\u00e9gional Le Mans 2025 photographe De la lumi\u00e8re aux yeux\" class=\"wp-image-8021\" srcset=\"https:\/\/www.delalumiereauxyeux-photo.fr\/wp-content\/uploads\/2025\/07\/DSC_9183-1024x406.jpg 1024w, https:\/\/www.delalumiereauxyeux-photo.fr\/wp-content\/uploads\/2025\/07\/DSC_9183-300x119.jpg 300w, https:\/\/www.delalumiereauxyeux-photo.fr\/wp-content\/uploads\/2025\/07\/DSC_9183-768x304.jpg 768w, https:\/\/www.delalumiereauxyeux-photo.fr\/wp-content\/uploads\/2025\/07\/DSC_9183-1536x608.jpg 1536w, https:\/\/www.delalumiereauxyeux-photo.fr\/wp-content\/uploads\/2025\/07\/DSC_9183-2048x811.jpg 2048w\" sizes=\"(max-width: 1024px) 100vw, 1024px\" \/><\/figure>\n\n\n\n<figure class=\"wp-block-image size-large\"><img loading=\"lazy\" decoding=\"async\" width=\"1024\" height=\"683\" src=\"http:\/\/www.delalumiereauxyeux-photo.fr\/wp-content\/uploads\/2025\/07\/DSC_0824-1024x683.jpg\" alt=\"59e Rallye R\u00e9gional Le Mans 2025 photographe De la lumi\u00e8re aux yeux\" class=\"wp-image-8028\" srcset=\"https:\/\/www.delalumiereauxyeux-photo.fr\/wp-content\/uploads\/2025\/07\/DSC_0824-1024x683.jpg 1024w, https:\/\/www.delalumiereauxyeux-photo.fr\/wp-content\/uploads\/2025\/07\/DSC_0824-300x200.jpg 300w, https:\/\/www.delalumiereauxyeux-photo.fr\/wp-content\/uploads\/2025\/07\/DSC_0824-768x512.jpg 768w, https:\/\/www.delalumiereauxyeux-photo.fr\/wp-content\/uploads\/2025\/07\/DSC_0824-1536x1024.jpg 1536w, https:\/\/www.delalumiereauxyeux-photo.fr\/wp-content\/uploads\/2025\/07\/DSC_0824-2048x1365.jpg 2048w\" sizes=\"(max-width: 1024px) 100vw, 1024px\" \/><\/figure>\n\n\n\n<figure class=\"wp-block-image size-large\"><img loading=\"lazy\" decoding=\"async\" width=\"1024\" height=\"580\" src=\"http:\/\/www.delalumiereauxyeux-photo.fr\/wp-content\/uploads\/2025\/07\/DSC_0825-1024x580.jpg\" alt=\"59e Rallye R\u00e9gional Le Mans 2025 photographe De la lumi\u00e8re aux yeux\" class=\"wp-image-8029\" srcset=\"https:\/\/www.delalumiereauxyeux-photo.fr\/wp-content\/uploads\/2025\/07\/DSC_0825-1024x580.jpg 1024w, https:\/\/www.delalumiereauxyeux-photo.fr\/wp-content\/uploads\/2025\/07\/DSC_0825-300x170.jpg 300w, https:\/\/www.delalumiereauxyeux-photo.fr\/wp-content\/uploads\/2025\/07\/DSC_0825-768x435.jpg 768w, https:\/\/www.delalumiereauxyeux-photo.fr\/wp-content\/uploads\/2025\/07\/DSC_0825-1536x870.jpg 1536w, https:\/\/www.delalumiereauxyeux-photo.fr\/wp-content\/uploads\/2025\/07\/DSC_0825-2048x1159.jpg 2048w\" sizes=\"(max-width: 1024px) 100vw, 1024px\" \/><\/figure>\n\n\n\n<figure class=\"wp-block-image size-large\"><img loading=\"lazy\" decoding=\"async\" width=\"823\" height=\"1024\" src=\"http:\/\/www.delalumiereauxyeux-photo.fr\/wp-content\/uploads\/2025\/07\/DSC_9187-823x1024.jpg\" alt=\"59e Rallye R\u00e9gional Le Mans 2025 photographe De la lumi\u00e8re aux yeux\" class=\"wp-image-8022\" srcset=\"https:\/\/www.delalumiereauxyeux-photo.fr\/wp-content\/uploads\/2025\/07\/DSC_9187-823x1024.jpg 823w, https:\/\/www.delalumiereauxyeux-photo.fr\/wp-content\/uploads\/2025\/07\/DSC_9187-241x300.jpg 241w, https:\/\/www.delalumiereauxyeux-photo.fr\/wp-content\/uploads\/2025\/07\/DSC_9187-768x956.jpg 768w, https:\/\/www.delalumiereauxyeux-photo.fr\/wp-content\/uploads\/2025\/07\/DSC_9187-1234x1536.jpg 1234w, https:\/\/www.delalumiereauxyeux-photo.fr\/wp-content\/uploads\/2025\/07\/DSC_9187-1646x2048.jpg 1646w\" sizes=\"(max-width: 823px) 100vw, 823px\" \/><\/figure>\n\n\n\n<figure class=\"wp-block-image size-large\"><img loading=\"lazy\" decoding=\"async\" width=\"774\" height=\"1024\" src=\"http:\/\/www.delalumiereauxyeux-photo.fr\/wp-content\/uploads\/2025\/07\/DSC_9195-774x1024.jpg\" alt=\"59e Rallye R\u00e9gional Le Mans 2025 photographe De la lumi\u00e8re aux yeux\" class=\"wp-image-8023\" srcset=\"https:\/\/www.delalumiereauxyeux-photo.fr\/wp-content\/uploads\/2025\/07\/DSC_9195-774x1024.jpg 774w, https:\/\/www.delalumiereauxyeux-photo.fr\/wp-content\/uploads\/2025\/07\/DSC_9195-227x300.jpg 227w, https:\/\/www.delalumiereauxyeux-photo.fr\/wp-content\/uploads\/2025\/07\/DSC_9195-768x1016.jpg 768w, https:\/\/www.delalumiereauxyeux-photo.fr\/wp-content\/uploads\/2025\/07\/DSC_9195-1161x1536.jpg 1161w, https:\/\/www.delalumiereauxyeux-photo.fr\/wp-content\/uploads\/2025\/07\/DSC_9195-1548x2048.jpg 1548w, https:\/\/www.delalumiereauxyeux-photo.fr\/wp-content\/uploads\/2025\/07\/DSC_9195-scaled.jpg 1935w\" sizes=\"(max-width: 774px) 100vw, 774px\" \/><\/figure>\n\n\n\n<figure class=\"wp-block-image size-large\"><img loading=\"lazy\" decoding=\"async\" width=\"1024\" height=\"817\" src=\"http:\/\/www.delalumiereauxyeux-photo.fr\/wp-content\/uploads\/2025\/07\/DSC_9199-1024x817.jpg\" alt=\"59e Rallye R\u00e9gional Le Mans 2025 photographe De la lumi\u00e8re aux yeux\" class=\"wp-image-8024\" srcset=\"https:\/\/www.delalumiereauxyeux-photo.fr\/wp-content\/uploads\/2025\/07\/DSC_9199-1024x817.jpg 1024w, https:\/\/www.delalumiereauxyeux-photo.fr\/wp-content\/uploads\/2025\/07\/DSC_9199-300x239.jpg 300w, https:\/\/www.delalumiereauxyeux-photo.fr\/wp-content\/uploads\/2025\/07\/DSC_9199-768x613.jpg 768w, https:\/\/www.delalumiereauxyeux-photo.fr\/wp-content\/uploads\/2025\/07\/DSC_9199-1536x1225.jpg 1536w, https:\/\/www.delalumiereauxyeux-photo.fr\/wp-content\/uploads\/2025\/07\/DSC_9199-2048x1634.jpg 2048w\" sizes=\"(max-width: 1024px) 100vw, 1024px\" \/><\/figure>\n\n\n\n<figure class=\"wp-block-image size-large\"><img loading=\"lazy\" decoding=\"async\" width=\"1024\" height=\"817\" src=\"http:\/\/www.delalumiereauxyeux-photo.fr\/wp-content\/uploads\/2025\/07\/DSC_0843-1024x817.jpg\" alt=\"59e Rallye R\u00e9gional Le Mans 2025 photographe De la lumi\u00e8re aux yeux\" class=\"wp-image-8030\" srcset=\"https:\/\/www.delalumiereauxyeux-photo.fr\/wp-content\/uploads\/2025\/07\/DSC_0843-1024x817.jpg 1024w, https:\/\/www.delalumiereauxyeux-photo.fr\/wp-content\/uploads\/2025\/07\/DSC_0843-300x239.jpg 300w, https:\/\/www.delalumiereauxyeux-photo.fr\/wp-content\/uploads\/2025\/07\/DSC_0843-768x613.jpg 768w, https:\/\/www.delalumiereauxyeux-photo.fr\/wp-content\/uploads\/2025\/07\/DSC_0843-1536x1226.jpg 1536w, https:\/\/www.delalumiereauxyeux-photo.fr\/wp-content\/uploads\/2025\/07\/DSC_0843-2048x1634.jpg 2048w\" sizes=\"(max-width: 1024px) 100vw, 1024px\" \/><\/figure>\n\n\n\n<figure class=\"wp-block-image size-large\"><img loading=\"lazy\" decoding=\"async\" width=\"1024\" height=\"683\" src=\"http:\/\/www.delalumiereauxyeux-photo.fr\/wp-content\/uploads\/2025\/07\/DSC_9225-1024x683.jpg\" alt=\"59e Rallye R\u00e9gional Le Mans 2025 photographe De la lumi\u00e8re aux yeux\" class=\"wp-image-8027\" srcset=\"https:\/\/www.delalumiereauxyeux-photo.fr\/wp-content\/uploads\/2025\/07\/DSC_9225-1024x683.jpg 1024w, https:\/\/www.delalumiereauxyeux-photo.fr\/wp-content\/uploads\/2025\/07\/DSC_9225-300x200.jpg 300w, https:\/\/www.delalumiereauxyeux-photo.fr\/wp-content\/uploads\/2025\/07\/DSC_9225-768x512.jpg 768w, https:\/\/www.delalumiereauxyeux-photo.fr\/wp-content\/uploads\/2025\/07\/DSC_9225-1536x1024.jpg 1536w, https:\/\/www.delalumiereauxyeux-photo.fr\/wp-content\/uploads\/2025\/07\/DSC_9225-2048x1365.jpg 2048w\" sizes=\"(max-width: 1024px) 100vw, 1024px\" \/><\/figure>\n\n\n\n<p>Les classements<\/p>\n\n\n\n<figure class=\"wp-block-image size-large\"><img loading=\"lazy\" decoding=\"async\" width=\"724\" height=\"1024\" src=\"http:\/\/www.delalumiereauxyeux-photo.fr\/wp-content\/uploads\/2025\/07\/518555964_1235151778310546_9222123607031392733_n-724x1024.jpg\" alt=\"59e Rallye R\u00e9gional Le Mans 2025 photographe De la lumi\u00e8re aux yeux\" class=\"wp-image-8044\" srcset=\"https:\/\/www.delalumiereauxyeux-photo.fr\/wp-content\/uploads\/2025\/07\/518555964_1235151778310546_9222123607031392733_n-724x1024.jpg 724w, https:\/\/www.delalumiereauxyeux-photo.fr\/wp-content\/uploads\/2025\/07\/518555964_1235151778310546_9222123607031392733_n-212x300.jpg 212w, https:\/\/www.delalumiereauxyeux-photo.fr\/wp-content\/uploads\/2025\/07\/518555964_1235151778310546_9222123607031392733_n-768x1086.jpg 768w, https:\/\/www.delalumiereauxyeux-photo.fr\/wp-content\/uploads\/2025\/07\/518555964_1235151778310546_9222123607031392733_n-1086x1536.jpg 1086w, https:\/\/www.delalumiereauxyeux-photo.fr\/wp-content\/uploads\/2025\/07\/518555964_1235151778310546_9222123607031392733_n.jpg 1240w\" sizes=\"(max-width: 724px) 100vw, 724px\" \/><\/figure>\n\n\n\n<figure class=\"wp-block-image size-large\"><img loading=\"lazy\" decoding=\"async\" width=\"724\" height=\"1024\" src=\"http:\/\/www.delalumiereauxyeux-photo.fr\/wp-content\/uploads\/2025\/07\/518337294_1235151828310541_8193455638997921066_n-724x1024.jpg\" alt=\"59e Rallye R\u00e9gional Le Mans 2025 photographe De la lumi\u00e8re aux yeux\" class=\"wp-image-8041\" srcset=\"https:\/\/www.delalumiereauxyeux-photo.fr\/wp-content\/uploads\/2025\/07\/518337294_1235151828310541_8193455638997921066_n-724x1024.jpg 724w, https:\/\/www.delalumiereauxyeux-photo.fr\/wp-content\/uploads\/2025\/07\/518337294_1235151828310541_8193455638997921066_n-212x300.jpg 212w, https:\/\/www.delalumiereauxyeux-photo.fr\/wp-content\/uploads\/2025\/07\/518337294_1235151828310541_8193455638997921066_n-768x1086.jpg 768w, https:\/\/www.delalumiereauxyeux-photo.fr\/wp-content\/uploads\/2025\/07\/518337294_1235151828310541_8193455638997921066_n-1086x1536.jpg 1086w, https:\/\/www.delalumiereauxyeux-photo.fr\/wp-content\/uploads\/2025\/07\/518337294_1235151828310541_8193455638997921066_n.jpg 1240w\" sizes=\"(max-width: 724px) 100vw, 724px\" \/><\/figure>\n\n\n\n<figure class=\"wp-block-image size-large\"><img loading=\"lazy\" decoding=\"async\" width=\"724\" height=\"1024\" src=\"http:\/\/www.delalumiereauxyeux-photo.fr\/wp-content\/uploads\/2025\/07\/518342355_1235151674977223_5138960416196074847_n-724x1024.jpg\" alt=\"59e Rallye R\u00e9gional Le Mans 2025 photographe De la lumi\u00e8re aux yeux\" class=\"wp-image-8042\" srcset=\"https:\/\/www.delalumiereauxyeux-photo.fr\/wp-content\/uploads\/2025\/07\/518342355_1235151674977223_5138960416196074847_n-724x1024.jpg 724w, https:\/\/www.delalumiereauxyeux-photo.fr\/wp-content\/uploads\/2025\/07\/518342355_1235151674977223_5138960416196074847_n-212x300.jpg 212w, https:\/\/www.delalumiereauxyeux-photo.fr\/wp-content\/uploads\/2025\/07\/518342355_1235151674977223_5138960416196074847_n-768x1086.jpg 768w, https:\/\/www.delalumiereauxyeux-photo.fr\/wp-content\/uploads\/2025\/07\/518342355_1235151674977223_5138960416196074847_n-1086x1536.jpg 1086w, https:\/\/www.delalumiereauxyeux-photo.fr\/wp-content\/uploads\/2025\/07\/518342355_1235151674977223_5138960416196074847_n.jpg 1240w\" sizes=\"(max-width: 724px) 100vw, 724px\" \/><\/figure>\n\n\n\n<figure class=\"wp-block-image size-large\"><img loading=\"lazy\" decoding=\"async\" width=\"724\" height=\"1024\" src=\"http:\/\/www.delalumiereauxyeux-photo.fr\/wp-content\/uploads\/2025\/07\/518346211_1235151611643896_3857667547006286303_n-724x1024.jpg\" alt=\"59e Rallye R\u00e9gional Le Mans 2025 photographe De la lumi\u00e8re aux yeux\" class=\"wp-image-8043\" srcset=\"https:\/\/www.delalumiereauxyeux-photo.fr\/wp-content\/uploads\/2025\/07\/518346211_1235151611643896_3857667547006286303_n-724x1024.jpg 724w, https:\/\/www.delalumiereauxyeux-photo.fr\/wp-content\/uploads\/2025\/07\/518346211_1235151611643896_3857667547006286303_n-212x300.jpg 212w, https:\/\/www.delalumiereauxyeux-photo.fr\/wp-content\/uploads\/2025\/07\/518346211_1235151611643896_3857667547006286303_n-768x1086.jpg 768w, https:\/\/www.delalumiereauxyeux-photo.fr\/wp-content\/uploads\/2025\/07\/518346211_1235151611643896_3857667547006286303_n-1086x1536.jpg 1086w, https:\/\/www.delalumiereauxyeux-photo.fr\/wp-content\/uploads\/2025\/07\/518346211_1235151611643896_3857667547006286303_n.jpg 1240w\" sizes=\"(max-width: 724px) 100vw, 724px\" \/><\/figure>\n\n\n\n<p>Bravo \u00e0 toutes et \u00e0 tous! \ud83d\ude09<\/p>\n\n\n\n<p>\u00a9 Tous droits r\u00e9serv\u00e9s 2025.<\/p>\n\n\n\n<p>Merci aux organisateurs, merci aux commissaires Laurent, Christophe, Patrick et James avec qui j&rsquo;ai pass\u00e9 une partie de la journ\u00e9e.<\/p>\n\n\n\n<p>Merci \u00e0 mes clientes et clients pour leur confiance!<\/p>\n\n\n\n<p>Toutes mes photos ne sont pas pr\u00e9sent\u00e9es dans l&rsquo;article, alors n&rsquo;h\u00e9sitez pas \u00e0 me contacter \ud83d\ude09<\/p>\n\n\n\n<p>Les photos sont disponibles \u00e0 l&rsquo;achat au format num\u00e9rique&nbsp;<a href=\"https:\/\/www.delalumiereauxyeux-photo.fr\/?page_id=2430\">Contact &#8211; De la lumi\u00e8re aux yeux (delalumiereauxyeux-photo.fr)<\/a><\/p>\n\n\n\n<p>Si vous souhaitez une prestation photos, contactez-moi. Vous pouvez \u00e9galement m&rsquo;envoyer vos noms, pr\u00e9noms, voiture(s), \u00e9v\u00e8nement(s), dates et lieux o\u00f9 vous serez en 2025\/2026\u00a0<a href=\"https:\/\/www.delalumiereauxyeux-photo.fr\/?page_id=2430\">Contact &#8211; De la lumi\u00e8re aux yeux (delalumiereauxyeux-photo.fr)<\/a> !<\/p>\n\n\n\n<p>M\u00e9dia : <a href=\"https:\/\/www.newsclassicracing.com\/Le-rallye-le-Mans-VHC-VHRS-2025-72\">https:\/\/www.newsclassicracing.com\/Le-rallye-le-Mans-VHC-VHRS-2025-72<\/a><\/p>\n\n\n\n<p>Vous pouvez \u00e9galement me laisser vos commentaires sur cet article.<\/p>\n\n\n\n<p>A bient\u00f4t! \ud83d\ude42<\/p>\n\n\n\n<p>Ang\u00e9lique.<\/p>\n\n\n\n<p>Vous pouvez me retrouver sur :<\/p>\n\n\n\n<ul>\n<li>Facebook&nbsp;<a href=\"https:\/\/www.facebook.com\/DelalumiereauxyeuxPhotographe\">Delalumi\u00e8reauxyeux Photographe | Erceville | Facebook<\/a><\/li>\n\n\n\n<li>Instagram&nbsp;<a href=\"https:\/\/www.instagram.com\/angiephoto28\/\">Angie (@angiephoto28) \u2022 Photos et vid\u00e9os Instagram<\/a><\/li>\n\n\n\n<li>site internet <a href=\"https:\/\/www.delalumiereauxyeux.fr\/\">https:\/\/www.delalumiereauxyeux.fr\/<\/a><\/li>\n\n\n\n<li>Linkedln <a href=\"https:\/\/www.linkedin.com\/in\/ang%C3%A9lique-de-la-lumi%C3%A8re-aux-yeux-65418826b\/\">https:\/\/www.linkedin.com\/in\/ang%C3%A9lique-de-la-lumi%C3%A8re-aux-yeux-65418826b\/<\/a><\/li>\n<\/ul>\n\n\n\n<p><em>Les photos sont compress\u00e9es pour le blog et n&rsquo;ont pas leur qualit\u00e9 optimale.<\/em><\/p>\n","protected":false},"excerpt":{"rendered":"<p>De la neige en plein mois de juillet \u00e0 Bonn\u00e9table avec +35\u00b0c ? Mais non ! Botte de paille: \u00e7a passe ou \u00e7a passe pas?? Du soleil, de la chaleur et le bitume qui commence \u00e0 fondre. Les voitures ont chaud, les femmes et les hommes aussi, mais tout le monde fait de son mieux. [&hellip;]<\/p>\n","protected":false},"author":1,"featured_media":0,"comment_status":"open","ping_status":"closed","sticky":false,"template":"","format":"standard","meta":{"_monsterinsights_skip_tracking":false,"_monsterinsights_sitenote_active":false,"_monsterinsights_sitenote_note":"","_monsterinsights_sitenote_category":0,"footnotes":""},"categories":[1],"tags":[],"yoast_head":"<!-- This site is optimized with the Yoast SEO plugin v22.2 - https:\/\/yoast.com\/wordpress\/plugins\/seo\/ -->\n<title>59e Rallye R\u00e9gional Le Mans, 12e VHRS, 14e VHC. - De la lumi\u00e8re aux yeux<\/title>\n<meta name=\"robots\" content=\"index, follow, max-snippet:-1, max-image-preview:large, max-video-preview:-1\" \/>\n<link rel=\"canonical\" href=\"https:\/\/www.delalumiereauxyeux-photo.fr\/?p=8031\" \/>\n<meta property=\"og:locale\" content=\"fr_FR\" \/>\n<meta property=\"og:type\" content=\"article\" \/>\n<meta property=\"og:title\" content=\"59e Rallye R\u00e9gional Le Mans, 12e VHRS, 14e VHC. - De la lumi\u00e8re aux yeux\" \/>\n<meta property=\"og:description\" content=\"De la neige en plein mois de juillet \u00e0 Bonn\u00e9table avec +35\u00b0c ? Mais non ! Botte de paille: \u00e7a passe ou \u00e7a passe pas?? Du soleil, de la chaleur et le bitume qui commence \u00e0 fondre. Les voitures ont chaud, les femmes et les hommes aussi, mais tout le monde fait de son mieux. [&hellip;]\" \/>\n<meta property=\"og:url\" content=\"https:\/\/www.delalumiereauxyeux-photo.fr\/?p=8031\" \/>\n<meta property=\"og:site_name\" content=\"De la lumi\u00e8re aux yeux\" \/>\n<meta property=\"article:author\" content=\"https:\/\/www.facebook.com\/angelique.delalumiereauxyeux.5?__tn__=dlC-RHH-R-R&amp;eid=ARDORkTB_yutZsrVTEEeZ0LAobESxObVoalsaetnRjmZdhewjwojedF8h09RZ8oly8_ro0dEnvSLIUeS&amp;hc_ref=ARSbH4jjDNc2QSSUZPjZH0vrxiNgcNzLcrprkTea6WAzZ09DAHcjGeYU5y5PXqG08Ac\" \/>\n<meta property=\"article:published_time\" content=\"2025-07-17T13:22:50+00:00\" \/>\n<meta property=\"article:modified_time\" content=\"2025-07-22T13:31:13+00:00\" \/>\n<meta property=\"og:image\" content=\"https:\/\/static.xx.fbcdn.net\/images\/emoji.php\/v9\/t52\/1\/16\/1f923.png\" \/>\n<meta name=\"author\" content=\"delalumiereauxyeux\" \/>\n<meta name=\"twitter:card\" content=\"summary_large_image\" \/>\n<meta name=\"twitter:label1\" content=\"\u00c9crit par\" \/>\n\t<meta name=\"twitter:data1\" content=\"delalumiereauxyeux\" \/>\n\t<meta name=\"twitter:label2\" content=\"Dur\u00e9e de lecture estim\u00e9e\" \/>\n\t<meta name=\"twitter:data2\" content=\"25 minutes\" \/>\n<script type=\"application\/ld+json\" class=\"yoast-schema-graph\">{\"@context\":\"https:\/\/schema.org\",\"@graph\":[{\"@type\":\"WebPage\",\"@id\":\"https:\/\/www.delalumiereauxyeux-photo.fr\/?p=8031\",\"url\":\"https:\/\/www.delalumiereauxyeux-photo.fr\/?p=8031\",\"name\":\"59e Rallye R\u00e9gional Le Mans, 12e VHRS, 14e VHC. - De la lumi\u00e8re aux yeux\",\"isPartOf\":{\"@id\":\"https:\/\/www.delalumiereauxyeux-photo.fr\/#website\"},\"primaryImageOfPage\":{\"@id\":\"https:\/\/www.delalumiereauxyeux-photo.fr\/?p=8031#primaryimage\"},\"image\":{\"@id\":\"https:\/\/www.delalumiereauxyeux-photo.fr\/?p=8031#primaryimage\"},\"thumbnailUrl\":\"https:\/\/static.xx.fbcdn.net\/images\/emoji.php\/v9\/t52\/1\/16\/1f923.png\",\"datePublished\":\"2025-07-17T13:22:50+00:00\",\"dateModified\":\"2025-07-22T13:31:13+00:00\",\"author\":{\"@id\":\"https:\/\/www.delalumiereauxyeux-photo.fr\/#\/schema\/person\/fbdc98761dd92f98cdb911153e949213\"},\"breadcrumb\":{\"@id\":\"https:\/\/www.delalumiereauxyeux-photo.fr\/?p=8031#breadcrumb\"},\"inLanguage\":\"fr-FR\",\"potentialAction\":[{\"@type\":\"ReadAction\",\"target\":[\"https:\/\/www.delalumiereauxyeux-photo.fr\/?p=8031\"]}]},{\"@type\":\"ImageObject\",\"inLanguage\":\"fr-FR\",\"@id\":\"https:\/\/www.delalumiereauxyeux-photo.fr\/?p=8031#primaryimage\",\"url\":\"https:\/\/static.xx.fbcdn.net\/images\/emoji.php\/v9\/t52\/1\/16\/1f923.png\",\"contentUrl\":\"https:\/\/static.xx.fbcdn.net\/images\/emoji.php\/v9\/t52\/1\/16\/1f923.png\"},{\"@type\":\"BreadcrumbList\",\"@id\":\"https:\/\/www.delalumiereauxyeux-photo.fr\/?p=8031#breadcrumb\",\"itemListElement\":[{\"@type\":\"ListItem\",\"position\":1,\"name\":\"Accueil\",\"item\":\"https:\/\/www.delalumiereauxyeux-photo.fr\/\"},{\"@type\":\"ListItem\",\"position\":2,\"name\":\"59e Rallye R\u00e9gional Le Mans, 12e VHRS, 14e VHC.\"}]},{\"@type\":\"WebSite\",\"@id\":\"https:\/\/www.delalumiereauxyeux-photo.fr\/#website\",\"url\":\"https:\/\/www.delalumiereauxyeux-photo.fr\/\",\"name\":\"De la lumi\u00e8re aux yeux\",\"description\":\"De la lumi\u00e8re aux yeux\",\"potentialAction\":[{\"@type\":\"SearchAction\",\"target\":{\"@type\":\"EntryPoint\",\"urlTemplate\":\"https:\/\/www.delalumiereauxyeux-photo.fr\/?s={search_term_string}\"},\"query-input\":\"required name=search_term_string\"}],\"inLanguage\":\"fr-FR\"},{\"@type\":\"Person\",\"@id\":\"https:\/\/www.delalumiereauxyeux-photo.fr\/#\/schema\/person\/fbdc98761dd92f98cdb911153e949213\",\"name\":\"delalumiereauxyeux\",\"image\":{\"@type\":\"ImageObject\",\"inLanguage\":\"fr-FR\",\"@id\":\"https:\/\/www.delalumiereauxyeux-photo.fr\/#\/schema\/person\/image\/\",\"url\":\"https:\/\/secure.gravatar.com\/avatar\/8fecce8824b60e8618943375d4f3666c?s=96&d=mm&r=g\",\"contentUrl\":\"https:\/\/secure.gravatar.com\/avatar\/8fecce8824b60e8618943375d4f3666c?s=96&d=mm&r=g\",\"caption\":\"delalumiereauxyeux\"},\"sameAs\":[\"https:\/\/www.facebook.com\/angelique.delalumiereauxyeux.5?__tn__=dlC-RHH-R-R&eid=ARDORkTB_yutZsrVTEEeZ0LAobESxObVoalsaetnRjmZdhewjwojedF8h09RZ8oly8_ro0dEnvSLIUeS&hc_ref=ARSbH4jjDNc2QSSUZPjZH0vrxiNgcNzLcrprkTea6WAzZ09DAHcjGeYU5y5PXqG08Ac\",\"https:\/\/www.instagram.com\/angiephoto28\/\",\"https:\/\/www.linkedin.com\/in\/anglique-de-la-lumire-aux-yeux-65418826b\/\"]}]}<\/script>\n<!-- \/ Yoast SEO plugin. -->","yoast_head_json":{"title":"59e Rallye R\u00e9gional Le Mans, 12e VHRS, 14e VHC. - De la lumi\u00e8re aux yeux","robots":{"index":"index","follow":"follow","max-snippet":"max-snippet:-1","max-image-preview":"max-image-preview:large","max-video-preview":"max-video-preview:-1"},"canonical":"https:\/\/www.delalumiereauxyeux-photo.fr\/?p=8031","og_locale":"fr_FR","og_type":"article","og_title":"59e Rallye R\u00e9gional Le Mans, 12e VHRS, 14e VHC. - De la lumi\u00e8re aux yeux","og_description":"De la neige en plein mois de juillet \u00e0 Bonn\u00e9table avec +35\u00b0c ? Mais non ! Botte de paille: \u00e7a passe ou \u00e7a passe pas?? Du soleil, de la chaleur et le bitume qui commence \u00e0 fondre. Les voitures ont chaud, les femmes et les hommes aussi, mais tout le monde fait de son mieux. [&hellip;]","og_url":"https:\/\/www.delalumiereauxyeux-photo.fr\/?p=8031","og_site_name":"De la lumi\u00e8re aux yeux","article_author":"https:\/\/www.facebook.com\/angelique.delalumiereauxyeux.5?__tn__=dlC-RHH-R-R&eid=ARDORkTB_yutZsrVTEEeZ0LAobESxObVoalsaetnRjmZdhewjwojedF8h09RZ8oly8_ro0dEnvSLIUeS&hc_ref=ARSbH4jjDNc2QSSUZPjZH0vrxiNgcNzLcrprkTea6WAzZ09DAHcjGeYU5y5PXqG08Ac","article_published_time":"2025-07-17T13:22:50+00:00","article_modified_time":"2025-07-22T13:31:13+00:00","og_image":[{"url":"https:\/\/static.xx.fbcdn.net\/images\/emoji.php\/v9\/t52\/1\/16\/1f923.png"}],"author":"delalumiereauxyeux","twitter_card":"summary_large_image","twitter_misc":{"\u00c9crit par":"delalumiereauxyeux","Dur\u00e9e de lecture estim\u00e9e":"25 minutes"},"schema":{"@context":"https:\/\/schema.org","@graph":[{"@type":"WebPage","@id":"https:\/\/www.delalumiereauxyeux-photo.fr\/?p=8031","url":"https:\/\/www.delalumiereauxyeux-photo.fr\/?p=8031","name":"59e Rallye R\u00e9gional Le Mans, 12e VHRS, 14e VHC. - De la lumi\u00e8re aux yeux","isPartOf":{"@id":"https:\/\/www.delalumiereauxyeux-photo.fr\/#website"},"primaryImageOfPage":{"@id":"https:\/\/www.delalumiereauxyeux-photo.fr\/?p=8031#primaryimage"},"image":{"@id":"https:\/\/www.delalumiereauxyeux-photo.fr\/?p=8031#primaryimage"},"thumbnailUrl":"https:\/\/static.xx.fbcdn.net\/images\/emoji.php\/v9\/t52\/1\/16\/1f923.png","datePublished":"2025-07-17T13:22:50+00:00","dateModified":"2025-07-22T13:31:13+00:00","author":{"@id":"https:\/\/www.delalumiereauxyeux-photo.fr\/#\/schema\/person\/fbdc98761dd92f98cdb911153e949213"},"breadcrumb":{"@id":"https:\/\/www.delalumiereauxyeux-photo.fr\/?p=8031#breadcrumb"},"inLanguage":"fr-FR","potentialAction":[{"@type":"ReadAction","target":["https:\/\/www.delalumiereauxyeux-photo.fr\/?p=8031"]}]},{"@type":"ImageObject","inLanguage":"fr-FR","@id":"https:\/\/www.delalumiereauxyeux-photo.fr\/?p=8031#primaryimage","url":"https:\/\/static.xx.fbcdn.net\/images\/emoji.php\/v9\/t52\/1\/16\/1f923.png","contentUrl":"https:\/\/static.xx.fbcdn.net\/images\/emoji.php\/v9\/t52\/1\/16\/1f923.png"},{"@type":"BreadcrumbList","@id":"https:\/\/www.delalumiereauxyeux-photo.fr\/?p=8031#breadcrumb","itemListElement":[{"@type":"ListItem","position":1,"name":"Accueil","item":"https:\/\/www.delalumiereauxyeux-photo.fr\/"},{"@type":"ListItem","position":2,"name":"59e Rallye R\u00e9gional Le Mans, 12e VHRS, 14e VHC."}]},{"@type":"WebSite","@id":"https:\/\/www.delalumiereauxyeux-photo.fr\/#website","url":"https:\/\/www.delalumiereauxyeux-photo.fr\/","name":"De la lumi\u00e8re aux yeux","description":"De la lumi\u00e8re aux yeux","potentialAction":[{"@type":"SearchAction","target":{"@type":"EntryPoint","urlTemplate":"https:\/\/www.delalumiereauxyeux-photo.fr\/?s={search_term_string}"},"query-input":"required name=search_term_string"}],"inLanguage":"fr-FR"},{"@type":"Person","@id":"https:\/\/www.delalumiereauxyeux-photo.fr\/#\/schema\/person\/fbdc98761dd92f98cdb911153e949213","name":"delalumiereauxyeux","image":{"@type":"ImageObject","inLanguage":"fr-FR","@id":"https:\/\/www.delalumiereauxyeux-photo.fr\/#\/schema\/person\/image\/","url":"https:\/\/secure.gravatar.com\/avatar\/8fecce8824b60e8618943375d4f3666c?s=96&d=mm&r=g","contentUrl":"https:\/\/secure.gravatar.com\/avatar\/8fecce8824b60e8618943375d4f3666c?s=96&d=mm&r=g","caption":"delalumiereauxyeux"},"sameAs":["https:\/\/www.facebook.com\/angelique.delalumiereauxyeux.5?__tn__=dlC-RHH-R-R&eid=ARDORkTB_yutZsrVTEEeZ0LAobESxObVoalsaetnRjmZdhewjwojedF8h09RZ8oly8_ro0dEnvSLIUeS&hc_ref=ARSbH4jjDNc2QSSUZPjZH0vrxiNgcNzLcrprkTea6WAzZ09DAHcjGeYU5y5PXqG08Ac","https:\/\/www.instagram.com\/angiephoto28\/","https:\/\/www.linkedin.com\/in\/anglique-de-la-lumire-aux-yeux-65418826b\/"]}]}},"_links":{"self":[{"href":"https:\/\/www.delalumiereauxyeux-photo.fr\/index.php?rest_route=\/wp\/v2\/posts\/8031"}],"collection":[{"href":"https:\/\/www.delalumiereauxyeux-photo.fr\/index.php?rest_route=\/wp\/v2\/posts"}],"about":[{"href":"https:\/\/www.delalumiereauxyeux-photo.fr\/index.php?rest_route=\/wp\/v2\/types\/post"}],"author":[{"embeddable":true,"href":"https:\/\/www.delalumiereauxyeux-photo.fr\/index.php?rest_route=\/wp\/v2\/users\/1"}],"replies":[{"embeddable":true,"href":"https:\/\/www.delalumiereauxyeux-photo.fr\/index.php?rest_route=%2Fwp%2Fv2%2Fcomments&post=8031"}],"version-history":[{"count":13,"href":"https:\/\/www.delalumiereauxyeux-photo.fr\/index.php?rest_route=\/wp\/v2\/posts\/8031\/revisions"}],"predecessor-version":[{"id":8049,"href":"https:\/\/www.delalumiereauxyeux-photo.fr\/index.php?rest_route=\/wp\/v2\/posts\/8031\/revisions\/8049"}],"wp:attachment":[{"href":"https:\/\/www.delalumiereauxyeux-photo.fr\/index.php?rest_route=%2Fwp%2Fv2%2Fmedia&parent=8031"}],"wp:term":[{"taxonomy":"category","embeddable":true,"href":"https:\/\/www.delalumiereauxyeux-photo.fr\/index.php?rest_route=%2Fwp%2Fv2%2Fcategories&post=8031"},{"taxonomy":"post_tag","embeddable":true,"href":"https:\/\/www.delalumiereauxyeux-photo.fr\/index.php?rest_route=%2Fwp%2Fv2%2Ftags&post=8031"}],"curies":[{"name":"wp","href":"https:\/\/api.w.org\/{rel}","templated":true}]}}