{"id":8746,"date":"2025-10-25T09:20:19","date_gmt":"2025-10-25T09:20:19","guid":{"rendered":"https:\/\/www.delalumiereauxyeux-photo.fr\/?p=8746"},"modified":"2025-10-25T09:48:57","modified_gmt":"2025-10-25T09:48:57","slug":"finale-de-la-coupe-de-france-des-rallyes-2025-a-lisieux","status":"publish","type":"post","link":"https:\/\/www.delalumiereauxyeux-photo.fr\/?p=8746","title":{"rendered":"Finale de la Coupe de France des Rallyes 2025 \u00e0 Lisieux."},"content":{"rendered":"\n<p>Une Finale de Coupe de France \ud83d\ude42 !<\/p>\n\n\n\n<p>La ville de Lisieux situ\u00e9e dans le d\u00e9partement du Calvados, en Normandie, a accueilli ce bel \u00e9v\u00e9nement qui a rassembl\u00e9 de tr\u00e8s nombreux spectateurs pour 237 engag\u00e9s. Une m\u00e9t\u00e9o cl\u00e9mente, des paysages verts et arbor\u00e9s avec des vaches, des routes sinueuses et de belles lignes droites, en passant par la ville de Deauville et son casino o\u00f9 s&rsquo;est d\u00e9roul\u00e9 une Super-Sp\u00e9ciale le vendredi soir.<\/p>\n\n\n\n<p>Toutes et tous n&rsquo;ont rien l\u00e2ch\u00e9 et ont tout donn\u00e9 pour mener cette finale \u00e0 bien! \ud83d\ude42<\/p>\n\n\n\n<p>Photos du samedi et du podium.<\/p>\n\n\n\n<figure class=\"wp-block-image size-large\"><img loading=\"lazy\" decoding=\"async\" width=\"1024\" height=\"683\" src=\"http:\/\/www.delalumiereauxyeux-photo.fr\/wp-content\/uploads\/2025\/10\/DSC_1000-1024x683.jpg\" alt=\"Finale de la Coupe de France des Rallyes 2025 photographe De la lumi\u00e8re aux yeux\" class=\"wp-image-8705\" srcset=\"https:\/\/www.delalumiereauxyeux-photo.fr\/wp-content\/uploads\/2025\/10\/DSC_1000-1024x683.jpg 1024w, https:\/\/www.delalumiereauxyeux-photo.fr\/wp-content\/uploads\/2025\/10\/DSC_1000-300x200.jpg 300w, https:\/\/www.delalumiereauxyeux-photo.fr\/wp-content\/uploads\/2025\/10\/DSC_1000-768x512.jpg 768w, https:\/\/www.delalumiereauxyeux-photo.fr\/wp-content\/uploads\/2025\/10\/DSC_1000-1536x1024.jpg 1536w, https:\/\/www.delalumiereauxyeux-photo.fr\/wp-content\/uploads\/2025\/10\/DSC_1000-2048x1365.jpg 2048w\" sizes=\"(max-width: 1024px) 100vw, 1024px\" \/><\/figure>\n\n\n\n<figure class=\"wp-block-image size-large\"><img loading=\"lazy\" decoding=\"async\" width=\"1024\" height=\"582\" src=\"http:\/\/www.delalumiereauxyeux-photo.fr\/wp-content\/uploads\/2025\/10\/DSC_0013-1024x582.jpg\" alt=\"Finale de la Coupe de France des Rallyes 2025 photographe De la lumi\u00e8re aux yeux\" class=\"wp-image-8634\" srcset=\"https:\/\/www.delalumiereauxyeux-photo.fr\/wp-content\/uploads\/2025\/10\/DSC_0013-1024x582.jpg 1024w, https:\/\/www.delalumiereauxyeux-photo.fr\/wp-content\/uploads\/2025\/10\/DSC_0013-300x171.jpg 300w, https:\/\/www.delalumiereauxyeux-photo.fr\/wp-content\/uploads\/2025\/10\/DSC_0013-768x437.jpg 768w, https:\/\/www.delalumiereauxyeux-photo.fr\/wp-content\/uploads\/2025\/10\/DSC_0013-1536x873.jpg 1536w, https:\/\/www.delalumiereauxyeux-photo.fr\/wp-content\/uploads\/2025\/10\/DSC_0013-2048x1164.jpg 2048w\" sizes=\"(max-width: 1024px) 100vw, 1024px\" \/><\/figure>\n\n\n\n<figure class=\"wp-block-image size-large\"><img loading=\"lazy\" decoding=\"async\" width=\"1024\" height=\"558\" src=\"http:\/\/www.delalumiereauxyeux-photo.fr\/wp-content\/uploads\/2025\/10\/DSC_0018-1024x558.jpg\" alt=\"Finale de la Coupe de France des Rallyes 2025 photographe De la lumi\u00e8re aux yeux\" class=\"wp-image-8635\" srcset=\"https:\/\/www.delalumiereauxyeux-photo.fr\/wp-content\/uploads\/2025\/10\/DSC_0018-1024x558.jpg 1024w, https:\/\/www.delalumiereauxyeux-photo.fr\/wp-content\/uploads\/2025\/10\/DSC_0018-300x163.jpg 300w, https:\/\/www.delalumiereauxyeux-photo.fr\/wp-content\/uploads\/2025\/10\/DSC_0018-768x418.jpg 768w, https:\/\/www.delalumiereauxyeux-photo.fr\/wp-content\/uploads\/2025\/10\/DSC_0018-1536x837.jpg 1536w, https:\/\/www.delalumiereauxyeux-photo.fr\/wp-content\/uploads\/2025\/10\/DSC_0018-2048x1116.jpg 2048w\" sizes=\"(max-width: 1024px) 100vw, 1024px\" \/><\/figure>\n\n\n\n<figure class=\"wp-block-image size-large\"><img loading=\"lazy\" decoding=\"async\" width=\"1024\" height=\"473\" src=\"http:\/\/www.delalumiereauxyeux-photo.fr\/wp-content\/uploads\/2025\/10\/DSC_0024-1024x473.jpg\" alt=\"Finale de la Coupe de France des Rallyes 2025 photographe De la lumi\u00e8re aux yeux\" class=\"wp-image-8636\" srcset=\"https:\/\/www.delalumiereauxyeux-photo.fr\/wp-content\/uploads\/2025\/10\/DSC_0024-1024x473.jpg 1024w, https:\/\/www.delalumiereauxyeux-photo.fr\/wp-content\/uploads\/2025\/10\/DSC_0024-300x139.jpg 300w, https:\/\/www.delalumiereauxyeux-photo.fr\/wp-content\/uploads\/2025\/10\/DSC_0024-768x355.jpg 768w, https:\/\/www.delalumiereauxyeux-photo.fr\/wp-content\/uploads\/2025\/10\/DSC_0024-1536x710.jpg 1536w, https:\/\/www.delalumiereauxyeux-photo.fr\/wp-content\/uploads\/2025\/10\/DSC_0024-2048x947.jpg 2048w\" sizes=\"(max-width: 1024px) 100vw, 1024px\" \/><\/figure>\n\n\n\n<figure class=\"wp-block-image size-large\"><img loading=\"lazy\" decoding=\"async\" width=\"1024\" height=\"537\" src=\"http:\/\/www.delalumiereauxyeux-photo.fr\/wp-content\/uploads\/2025\/10\/DSC_0033-2-1024x537.jpg\" alt=\"Finale de la Coupe de France des Rallyes 2025 photographe De la lumi\u00e8re aux yeux\" class=\"wp-image-8637\" srcset=\"https:\/\/www.delalumiereauxyeux-photo.fr\/wp-content\/uploads\/2025\/10\/DSC_0033-2-1024x537.jpg 1024w, https:\/\/www.delalumiereauxyeux-photo.fr\/wp-content\/uploads\/2025\/10\/DSC_0033-2-300x157.jpg 300w, https:\/\/www.delalumiereauxyeux-photo.fr\/wp-content\/uploads\/2025\/10\/DSC_0033-2-768x403.jpg 768w, https:\/\/www.delalumiereauxyeux-photo.fr\/wp-content\/uploads\/2025\/10\/DSC_0033-2-1536x805.jpg 1536w, https:\/\/www.delalumiereauxyeux-photo.fr\/wp-content\/uploads\/2025\/10\/DSC_0033-2-2048x1074.jpg 2048w\" sizes=\"(max-width: 1024px) 100vw, 1024px\" \/><\/figure>\n\n\n\n<figure class=\"wp-block-image size-large\"><img loading=\"lazy\" decoding=\"async\" width=\"1024\" height=\"558\" src=\"http:\/\/www.delalumiereauxyeux-photo.fr\/wp-content\/uploads\/2025\/10\/DSC_0040-1024x558.jpg\" alt=\"Finale de la Coupe de France des Rallyes 2025 photographe De la lumi\u00e8re aux yeux\" class=\"wp-image-8638\" srcset=\"https:\/\/www.delalumiereauxyeux-photo.fr\/wp-content\/uploads\/2025\/10\/DSC_0040-1024x558.jpg 1024w, https:\/\/www.delalumiereauxyeux-photo.fr\/wp-content\/uploads\/2025\/10\/DSC_0040-300x163.jpg 300w, https:\/\/www.delalumiereauxyeux-photo.fr\/wp-content\/uploads\/2025\/10\/DSC_0040-768x418.jpg 768w, https:\/\/www.delalumiereauxyeux-photo.fr\/wp-content\/uploads\/2025\/10\/DSC_0040-1536x836.jpg 1536w, https:\/\/www.delalumiereauxyeux-photo.fr\/wp-content\/uploads\/2025\/10\/DSC_0040-2048x1115.jpg 2048w\" sizes=\"(max-width: 1024px) 100vw, 1024px\" \/><\/figure>\n\n\n\n<figure class=\"wp-block-image size-large\"><img loading=\"lazy\" decoding=\"async\" width=\"1024\" height=\"420\" src=\"http:\/\/www.delalumiereauxyeux-photo.fr\/wp-content\/uploads\/2025\/10\/DSC_0055-1024x420.jpg\" alt=\"Finale de la Coupe de France des Rallyes 2025 photographe De la lumi\u00e8re aux yeux\" class=\"wp-image-8639\" srcset=\"https:\/\/www.delalumiereauxyeux-photo.fr\/wp-content\/uploads\/2025\/10\/DSC_0055-1024x420.jpg 1024w, https:\/\/www.delalumiereauxyeux-photo.fr\/wp-content\/uploads\/2025\/10\/DSC_0055-300x123.jpg 300w, https:\/\/www.delalumiereauxyeux-photo.fr\/wp-content\/uploads\/2025\/10\/DSC_0055-768x315.jpg 768w, https:\/\/www.delalumiereauxyeux-photo.fr\/wp-content\/uploads\/2025\/10\/DSC_0055-1536x630.jpg 1536w, https:\/\/www.delalumiereauxyeux-photo.fr\/wp-content\/uploads\/2025\/10\/DSC_0055-2048x840.jpg 2048w\" sizes=\"(max-width: 1024px) 100vw, 1024px\" \/><\/figure>\n\n\n\n<figure class=\"wp-block-image size-large\"><img loading=\"lazy\" decoding=\"async\" width=\"1024\" height=\"581\" src=\"http:\/\/www.delalumiereauxyeux-photo.fr\/wp-content\/uploads\/2025\/10\/DSC_0068-1-1024x581.jpg\" alt=\"Finale de la Coupe de France des Rallyes 2025 photographe De la lumi\u00e8re aux yeux\" class=\"wp-image-8640\" srcset=\"https:\/\/www.delalumiereauxyeux-photo.fr\/wp-content\/uploads\/2025\/10\/DSC_0068-1-1024x581.jpg 1024w, https:\/\/www.delalumiereauxyeux-photo.fr\/wp-content\/uploads\/2025\/10\/DSC_0068-1-300x170.jpg 300w, https:\/\/www.delalumiereauxyeux-photo.fr\/wp-content\/uploads\/2025\/10\/DSC_0068-1-768x436.jpg 768w, https:\/\/www.delalumiereauxyeux-photo.fr\/wp-content\/uploads\/2025\/10\/DSC_0068-1-1536x872.jpg 1536w, https:\/\/www.delalumiereauxyeux-photo.fr\/wp-content\/uploads\/2025\/10\/DSC_0068-1-2048x1162.jpg 2048w\" sizes=\"(max-width: 1024px) 100vw, 1024px\" \/><\/figure>\n\n\n\n<figure class=\"wp-block-image size-large\"><img loading=\"lazy\" decoding=\"async\" width=\"1024\" height=\"469\" src=\"http:\/\/www.delalumiereauxyeux-photo.fr\/wp-content\/uploads\/2025\/10\/DSC_0076-1024x469.jpg\" alt=\"Finale de la Coupe de France des Rallyes 2025 photographe De la lumi\u00e8re aux yeux\" class=\"wp-image-8641\" srcset=\"https:\/\/www.delalumiereauxyeux-photo.fr\/wp-content\/uploads\/2025\/10\/DSC_0076-1024x469.jpg 1024w, https:\/\/www.delalumiereauxyeux-photo.fr\/wp-content\/uploads\/2025\/10\/DSC_0076-300x137.jpg 300w, https:\/\/www.delalumiereauxyeux-photo.fr\/wp-content\/uploads\/2025\/10\/DSC_0076-768x352.jpg 768w, https:\/\/www.delalumiereauxyeux-photo.fr\/wp-content\/uploads\/2025\/10\/DSC_0076-1536x703.jpg 1536w, https:\/\/www.delalumiereauxyeux-photo.fr\/wp-content\/uploads\/2025\/10\/DSC_0076-2048x938.jpg 2048w\" sizes=\"(max-width: 1024px) 100vw, 1024px\" \/><\/figure>\n\n\n\n<figure class=\"wp-block-image size-large\"><img loading=\"lazy\" decoding=\"async\" width=\"1024\" height=\"849\" src=\"http:\/\/www.delalumiereauxyeux-photo.fr\/wp-content\/uploads\/2025\/10\/DSC_0084-1024x849.jpg\" alt=\"Finale de la Coupe de France des Rallyes 2025 photographe De la lumi\u00e8re aux yeux\" class=\"wp-image-8642\" srcset=\"https:\/\/www.delalumiereauxyeux-photo.fr\/wp-content\/uploads\/2025\/10\/DSC_0084-1024x849.jpg 1024w, https:\/\/www.delalumiereauxyeux-photo.fr\/wp-content\/uploads\/2025\/10\/DSC_0084-300x249.jpg 300w, https:\/\/www.delalumiereauxyeux-photo.fr\/wp-content\/uploads\/2025\/10\/DSC_0084-768x637.jpg 768w, https:\/\/www.delalumiereauxyeux-photo.fr\/wp-content\/uploads\/2025\/10\/DSC_0084-1536x1273.jpg 1536w, https:\/\/www.delalumiereauxyeux-photo.fr\/wp-content\/uploads\/2025\/10\/DSC_0084-2048x1698.jpg 2048w\" sizes=\"(max-width: 1024px) 100vw, 1024px\" \/><\/figure>\n\n\n\n<figure class=\"wp-block-image size-large\"><img loading=\"lazy\" decoding=\"async\" width=\"1024\" height=\"683\" src=\"http:\/\/www.delalumiereauxyeux-photo.fr\/wp-content\/uploads\/2025\/10\/DSC_0092-1024x683.jpg\" alt=\"Finale de la Coupe de France des Rallyes 2025 photographe De la lumi\u00e8re aux yeux\" class=\"wp-image-8643\" srcset=\"https:\/\/www.delalumiereauxyeux-photo.fr\/wp-content\/uploads\/2025\/10\/DSC_0092-1024x683.jpg 1024w, https:\/\/www.delalumiereauxyeux-photo.fr\/wp-content\/uploads\/2025\/10\/DSC_0092-300x200.jpg 300w, https:\/\/www.delalumiereauxyeux-photo.fr\/wp-content\/uploads\/2025\/10\/DSC_0092-768x512.jpg 768w, https:\/\/www.delalumiereauxyeux-photo.fr\/wp-content\/uploads\/2025\/10\/DSC_0092-1536x1024.jpg 1536w, https:\/\/www.delalumiereauxyeux-photo.fr\/wp-content\/uploads\/2025\/10\/DSC_0092-2048x1365.jpg 2048w\" sizes=\"(max-width: 1024px) 100vw, 1024px\" \/><\/figure>\n\n\n\n<figure class=\"wp-block-image size-large\"><img loading=\"lazy\" decoding=\"async\" width=\"1024\" height=\"408\" src=\"http:\/\/www.delalumiereauxyeux-photo.fr\/wp-content\/uploads\/2025\/10\/DSC_0110-1-1024x408.jpg\" alt=\"Finale de la Coupe de France des Rallyes 2025 photographe De la lumi\u00e8re aux yeux\" class=\"wp-image-8644\" srcset=\"https:\/\/www.delalumiereauxyeux-photo.fr\/wp-content\/uploads\/2025\/10\/DSC_0110-1-1024x408.jpg 1024w, https:\/\/www.delalumiereauxyeux-photo.fr\/wp-content\/uploads\/2025\/10\/DSC_0110-1-300x120.jpg 300w, https:\/\/www.delalumiereauxyeux-photo.fr\/wp-content\/uploads\/2025\/10\/DSC_0110-1-768x306.jpg 768w, https:\/\/www.delalumiereauxyeux-photo.fr\/wp-content\/uploads\/2025\/10\/DSC_0110-1-1536x613.jpg 1536w, https:\/\/www.delalumiereauxyeux-photo.fr\/wp-content\/uploads\/2025\/10\/DSC_0110-1-2048x817.jpg 2048w\" sizes=\"(max-width: 1024px) 100vw, 1024px\" \/><\/figure>\n\n\n\n<figure class=\"wp-block-image size-large\"><img loading=\"lazy\" decoding=\"async\" width=\"1024\" height=\"543\" src=\"http:\/\/www.delalumiereauxyeux-photo.fr\/wp-content\/uploads\/2025\/10\/DSC_0125-1024x543.jpg\" alt=\"Finale de la Coupe de France des Rallyes 2025 photographe De la lumi\u00e8re aux yeux\" class=\"wp-image-8645\" srcset=\"https:\/\/www.delalumiereauxyeux-photo.fr\/wp-content\/uploads\/2025\/10\/DSC_0125-1024x543.jpg 1024w, https:\/\/www.delalumiereauxyeux-photo.fr\/wp-content\/uploads\/2025\/10\/DSC_0125-300x159.jpg 300w, https:\/\/www.delalumiereauxyeux-photo.fr\/wp-content\/uploads\/2025\/10\/DSC_0125-768x407.jpg 768w, https:\/\/www.delalumiereauxyeux-photo.fr\/wp-content\/uploads\/2025\/10\/DSC_0125-1536x814.jpg 1536w, https:\/\/www.delalumiereauxyeux-photo.fr\/wp-content\/uploads\/2025\/10\/DSC_0125-2048x1085.jpg 2048w\" sizes=\"(max-width: 1024px) 100vw, 1024px\" \/><\/figure>\n\n\n\n<figure class=\"wp-block-image size-large\"><img loading=\"lazy\" decoding=\"async\" width=\"1024\" height=\"636\" src=\"http:\/\/www.delalumiereauxyeux-photo.fr\/wp-content\/uploads\/2025\/10\/DSC_0140-1-1024x636.jpg\" alt=\"Finale de la Coupe de France des Rallyes 2025 photographe De la lumi\u00e8re aux yeux\" class=\"wp-image-8646\" srcset=\"https:\/\/www.delalumiereauxyeux-photo.fr\/wp-content\/uploads\/2025\/10\/DSC_0140-1-1024x636.jpg 1024w, https:\/\/www.delalumiereauxyeux-photo.fr\/wp-content\/uploads\/2025\/10\/DSC_0140-1-300x186.jpg 300w, https:\/\/www.delalumiereauxyeux-photo.fr\/wp-content\/uploads\/2025\/10\/DSC_0140-1-768x477.jpg 768w, https:\/\/www.delalumiereauxyeux-photo.fr\/wp-content\/uploads\/2025\/10\/DSC_0140-1-1536x954.jpg 1536w, https:\/\/www.delalumiereauxyeux-photo.fr\/wp-content\/uploads\/2025\/10\/DSC_0140-1-2048x1272.jpg 2048w\" sizes=\"(max-width: 1024px) 100vw, 1024px\" \/><\/figure>\n\n\n\n<figure class=\"wp-block-image size-large\"><img loading=\"lazy\" decoding=\"async\" width=\"1024\" height=\"492\" src=\"http:\/\/www.delalumiereauxyeux-photo.fr\/wp-content\/uploads\/2025\/10\/DSC_0143-1024x492.jpg\" alt=\"Finale de la Coupe de France des Rallyes 2025 photographe De la lumi\u00e8re aux yeux\" class=\"wp-image-8647\" srcset=\"https:\/\/www.delalumiereauxyeux-photo.fr\/wp-content\/uploads\/2025\/10\/DSC_0143-1024x492.jpg 1024w, https:\/\/www.delalumiereauxyeux-photo.fr\/wp-content\/uploads\/2025\/10\/DSC_0143-300x144.jpg 300w, https:\/\/www.delalumiereauxyeux-photo.fr\/wp-content\/uploads\/2025\/10\/DSC_0143-768x369.jpg 768w, https:\/\/www.delalumiereauxyeux-photo.fr\/wp-content\/uploads\/2025\/10\/DSC_0143-1536x738.jpg 1536w, https:\/\/www.delalumiereauxyeux-photo.fr\/wp-content\/uploads\/2025\/10\/DSC_0143-2048x983.jpg 2048w\" sizes=\"(max-width: 1024px) 100vw, 1024px\" \/><\/figure>\n\n\n\n<figure class=\"wp-block-image size-large\"><img loading=\"lazy\" decoding=\"async\" width=\"1024\" height=\"560\" src=\"http:\/\/www.delalumiereauxyeux-photo.fr\/wp-content\/uploads\/2025\/10\/DSC_0144-1024x560.jpg\" alt=\"Finale de la Coupe de France des Rallyes 2025 photographe De la lumi\u00e8re aux yeux\" class=\"wp-image-8648\" srcset=\"https:\/\/www.delalumiereauxyeux-photo.fr\/wp-content\/uploads\/2025\/10\/DSC_0144-1024x560.jpg 1024w, https:\/\/www.delalumiereauxyeux-photo.fr\/wp-content\/uploads\/2025\/10\/DSC_0144-300x164.jpg 300w, https:\/\/www.delalumiereauxyeux-photo.fr\/wp-content\/uploads\/2025\/10\/DSC_0144-768x420.jpg 768w, https:\/\/www.delalumiereauxyeux-photo.fr\/wp-content\/uploads\/2025\/10\/DSC_0144-1536x840.jpg 1536w, https:\/\/www.delalumiereauxyeux-photo.fr\/wp-content\/uploads\/2025\/10\/DSC_0144-2048x1120.jpg 2048w\" sizes=\"(max-width: 1024px) 100vw, 1024px\" \/><\/figure>\n\n\n\n<figure class=\"wp-block-image size-large is-resized\"><img loading=\"lazy\" decoding=\"async\" width=\"1024\" height=\"425\" src=\"http:\/\/www.delalumiereauxyeux-photo.fr\/wp-content\/uploads\/2025\/10\/DSC_0154-1024x425.jpg\" alt=\"Finale de la Coupe de France des Rallyes 2025 photographe De la lumi\u00e8re aux yeux\" class=\"wp-image-8649\" style=\"width:843px;height:auto\" srcset=\"https:\/\/www.delalumiereauxyeux-photo.fr\/wp-content\/uploads\/2025\/10\/DSC_0154-1024x425.jpg 1024w, https:\/\/www.delalumiereauxyeux-photo.fr\/wp-content\/uploads\/2025\/10\/DSC_0154-300x125.jpg 300w, https:\/\/www.delalumiereauxyeux-photo.fr\/wp-content\/uploads\/2025\/10\/DSC_0154-768x319.jpg 768w, https:\/\/www.delalumiereauxyeux-photo.fr\/wp-content\/uploads\/2025\/10\/DSC_0154-1536x638.jpg 1536w, https:\/\/www.delalumiereauxyeux-photo.fr\/wp-content\/uploads\/2025\/10\/DSC_0154-2048x851.jpg 2048w\" sizes=\"(max-width: 1024px) 100vw, 1024px\" \/><\/figure>\n\n\n\n<figure class=\"wp-block-image size-large\"><img loading=\"lazy\" decoding=\"async\" width=\"1024\" height=\"564\" src=\"http:\/\/www.delalumiereauxyeux-photo.fr\/wp-content\/uploads\/2025\/10\/DSC_0159-1024x564.jpg\" alt=\"Finale de la Coupe de France des Rallyes 2025 photographe De la lumi\u00e8re aux yeux\" class=\"wp-image-8650\" srcset=\"https:\/\/www.delalumiereauxyeux-photo.fr\/wp-content\/uploads\/2025\/10\/DSC_0159-1024x564.jpg 1024w, https:\/\/www.delalumiereauxyeux-photo.fr\/wp-content\/uploads\/2025\/10\/DSC_0159-300x165.jpg 300w, https:\/\/www.delalumiereauxyeux-photo.fr\/wp-content\/uploads\/2025\/10\/DSC_0159-768x423.jpg 768w, https:\/\/www.delalumiereauxyeux-photo.fr\/wp-content\/uploads\/2025\/10\/DSC_0159-1536x845.jpg 1536w, https:\/\/www.delalumiereauxyeux-photo.fr\/wp-content\/uploads\/2025\/10\/DSC_0159-2048x1127.jpg 2048w\" sizes=\"(max-width: 1024px) 100vw, 1024px\" \/><\/figure>\n\n\n\n<figure class=\"wp-block-image size-large\"><img loading=\"lazy\" decoding=\"async\" width=\"1024\" height=\"562\" src=\"http:\/\/www.delalumiereauxyeux-photo.fr\/wp-content\/uploads\/2025\/10\/DSC_0182-1024x562.jpg\" alt=\"Finale de la Coupe de France des Rallyes 2025 photographe De la lumi\u00e8re aux yeux\" class=\"wp-image-8651\" srcset=\"https:\/\/www.delalumiereauxyeux-photo.fr\/wp-content\/uploads\/2025\/10\/DSC_0182-1024x562.jpg 1024w, https:\/\/www.delalumiereauxyeux-photo.fr\/wp-content\/uploads\/2025\/10\/DSC_0182-300x165.jpg 300w, https:\/\/www.delalumiereauxyeux-photo.fr\/wp-content\/uploads\/2025\/10\/DSC_0182-768x422.jpg 768w, https:\/\/www.delalumiereauxyeux-photo.fr\/wp-content\/uploads\/2025\/10\/DSC_0182-1536x843.jpg 1536w, https:\/\/www.delalumiereauxyeux-photo.fr\/wp-content\/uploads\/2025\/10\/DSC_0182-2048x1124.jpg 2048w\" sizes=\"(max-width: 1024px) 100vw, 1024px\" \/><\/figure>\n\n\n\n<figure class=\"wp-block-image size-large\"><img loading=\"lazy\" decoding=\"async\" width=\"1024\" height=\"467\" src=\"http:\/\/www.delalumiereauxyeux-photo.fr\/wp-content\/uploads\/2025\/10\/DSC_0190-1-1024x467.jpg\" alt=\"Finale de la Coupe de France des Rallyes 2025 photographe De la lumi\u00e8re aux yeux\" class=\"wp-image-8652\" srcset=\"https:\/\/www.delalumiereauxyeux-photo.fr\/wp-content\/uploads\/2025\/10\/DSC_0190-1-1024x467.jpg 1024w, https:\/\/www.delalumiereauxyeux-photo.fr\/wp-content\/uploads\/2025\/10\/DSC_0190-1-300x137.jpg 300w, https:\/\/www.delalumiereauxyeux-photo.fr\/wp-content\/uploads\/2025\/10\/DSC_0190-1-768x350.jpg 768w, https:\/\/www.delalumiereauxyeux-photo.fr\/wp-content\/uploads\/2025\/10\/DSC_0190-1-1536x701.jpg 1536w, https:\/\/www.delalumiereauxyeux-photo.fr\/wp-content\/uploads\/2025\/10\/DSC_0190-1-2048x934.jpg 2048w\" sizes=\"(max-width: 1024px) 100vw, 1024px\" \/><\/figure>\n\n\n\n<figure class=\"wp-block-image size-large\"><img loading=\"lazy\" decoding=\"async\" width=\"1024\" height=\"518\" src=\"http:\/\/www.delalumiereauxyeux-photo.fr\/wp-content\/uploads\/2025\/10\/DSC_0215-1024x518.jpg\" alt=\"Finale de la Coupe de France des Rallyes 2025 photographe De la lumi\u00e8re aux yeux\" class=\"wp-image-8653\" srcset=\"https:\/\/www.delalumiereauxyeux-photo.fr\/wp-content\/uploads\/2025\/10\/DSC_0215-1024x518.jpg 1024w, https:\/\/www.delalumiereauxyeux-photo.fr\/wp-content\/uploads\/2025\/10\/DSC_0215-300x152.jpg 300w, https:\/\/www.delalumiereauxyeux-photo.fr\/wp-content\/uploads\/2025\/10\/DSC_0215-768x388.jpg 768w, https:\/\/www.delalumiereauxyeux-photo.fr\/wp-content\/uploads\/2025\/10\/DSC_0215-1536x776.jpg 1536w, https:\/\/www.delalumiereauxyeux-photo.fr\/wp-content\/uploads\/2025\/10\/DSC_0215-2048x1035.jpg 2048w\" sizes=\"(max-width: 1024px) 100vw, 1024px\" \/><\/figure>\n\n\n\n<figure class=\"wp-block-image size-large\"><img loading=\"lazy\" decoding=\"async\" width=\"1024\" height=\"410\" src=\"http:\/\/www.delalumiereauxyeux-photo.fr\/wp-content\/uploads\/2025\/10\/DSC_0256-1024x410.jpg\" alt=\"Finale de la Coupe de France des Rallyes 2025 photographe De la lumi\u00e8re aux yeux\" class=\"wp-image-8654\" srcset=\"https:\/\/www.delalumiereauxyeux-photo.fr\/wp-content\/uploads\/2025\/10\/DSC_0256-1024x410.jpg 1024w, https:\/\/www.delalumiereauxyeux-photo.fr\/wp-content\/uploads\/2025\/10\/DSC_0256-300x120.jpg 300w, https:\/\/www.delalumiereauxyeux-photo.fr\/wp-content\/uploads\/2025\/10\/DSC_0256-768x308.jpg 768w, https:\/\/www.delalumiereauxyeux-photo.fr\/wp-content\/uploads\/2025\/10\/DSC_0256-1536x615.jpg 1536w, https:\/\/www.delalumiereauxyeux-photo.fr\/wp-content\/uploads\/2025\/10\/DSC_0256-2048x821.jpg 2048w\" sizes=\"(max-width: 1024px) 100vw, 1024px\" \/><\/figure>\n\n\n\n<figure class=\"wp-block-image size-large\"><img loading=\"lazy\" decoding=\"async\" width=\"1024\" height=\"518\" src=\"http:\/\/www.delalumiereauxyeux-photo.fr\/wp-content\/uploads\/2025\/10\/DSC_0277-1-1024x518.jpg\" alt=\"Finale de la Coupe de France des Rallyes 2025 photographe De la lumi\u00e8re aux yeux\" class=\"wp-image-8655\" srcset=\"https:\/\/www.delalumiereauxyeux-photo.fr\/wp-content\/uploads\/2025\/10\/DSC_0277-1-1024x518.jpg 1024w, https:\/\/www.delalumiereauxyeux-photo.fr\/wp-content\/uploads\/2025\/10\/DSC_0277-1-300x152.jpg 300w, https:\/\/www.delalumiereauxyeux-photo.fr\/wp-content\/uploads\/2025\/10\/DSC_0277-1-768x388.jpg 768w, https:\/\/www.delalumiereauxyeux-photo.fr\/wp-content\/uploads\/2025\/10\/DSC_0277-1-1536x777.jpg 1536w, https:\/\/www.delalumiereauxyeux-photo.fr\/wp-content\/uploads\/2025\/10\/DSC_0277-1-2048x1036.jpg 2048w\" sizes=\"(max-width: 1024px) 100vw, 1024px\" \/><\/figure>\n\n\n\n<figure class=\"wp-block-image size-large\"><img loading=\"lazy\" decoding=\"async\" width=\"1024\" height=\"471\" src=\"http:\/\/www.delalumiereauxyeux-photo.fr\/wp-content\/uploads\/2025\/10\/DSC_0287-1024x471.jpg\" alt=\"Finale de la Coupe de France des Rallyes 2025 photographe De la lumi\u00e8re aux yeux\" class=\"wp-image-8656\" srcset=\"https:\/\/www.delalumiereauxyeux-photo.fr\/wp-content\/uploads\/2025\/10\/DSC_0287-1024x471.jpg 1024w, https:\/\/www.delalumiereauxyeux-photo.fr\/wp-content\/uploads\/2025\/10\/DSC_0287-300x138.jpg 300w, https:\/\/www.delalumiereauxyeux-photo.fr\/wp-content\/uploads\/2025\/10\/DSC_0287-768x353.jpg 768w, https:\/\/www.delalumiereauxyeux-photo.fr\/wp-content\/uploads\/2025\/10\/DSC_0287-1536x706.jpg 1536w, https:\/\/www.delalumiereauxyeux-photo.fr\/wp-content\/uploads\/2025\/10\/DSC_0287-2048x942.jpg 2048w\" sizes=\"(max-width: 1024px) 100vw, 1024px\" \/><\/figure>\n\n\n\n<figure class=\"wp-block-image size-large\"><img loading=\"lazy\" decoding=\"async\" width=\"1024\" height=\"499\" src=\"http:\/\/www.delalumiereauxyeux-photo.fr\/wp-content\/uploads\/2025\/10\/DSC_0309-1024x499.jpg\" alt=\"Finale de la Coupe de France des Rallyes 2025 photographe De la lumi\u00e8re aux yeux\" class=\"wp-image-8657\" srcset=\"https:\/\/www.delalumiereauxyeux-photo.fr\/wp-content\/uploads\/2025\/10\/DSC_0309-1024x499.jpg 1024w, https:\/\/www.delalumiereauxyeux-photo.fr\/wp-content\/uploads\/2025\/10\/DSC_0309-300x146.jpg 300w, https:\/\/www.delalumiereauxyeux-photo.fr\/wp-content\/uploads\/2025\/10\/DSC_0309-768x374.jpg 768w, https:\/\/www.delalumiereauxyeux-photo.fr\/wp-content\/uploads\/2025\/10\/DSC_0309-1536x749.jpg 1536w, https:\/\/www.delalumiereauxyeux-photo.fr\/wp-content\/uploads\/2025\/10\/DSC_0309-2048x998.jpg 2048w\" sizes=\"(max-width: 1024px) 100vw, 1024px\" \/><\/figure>\n\n\n\n<figure class=\"wp-block-image size-large\"><img loading=\"lazy\" decoding=\"async\" width=\"1024\" height=\"435\" src=\"http:\/\/www.delalumiereauxyeux-photo.fr\/wp-content\/uploads\/2025\/10\/DSC_0370-1-1024x435.jpg\" alt=\"Finale de la Coupe de France des Rallyes 2025 photographe De la lumi\u00e8re aux yeux\" class=\"wp-image-8658\" srcset=\"https:\/\/www.delalumiereauxyeux-photo.fr\/wp-content\/uploads\/2025\/10\/DSC_0370-1-1024x435.jpg 1024w, https:\/\/www.delalumiereauxyeux-photo.fr\/wp-content\/uploads\/2025\/10\/DSC_0370-1-300x127.jpg 300w, https:\/\/www.delalumiereauxyeux-photo.fr\/wp-content\/uploads\/2025\/10\/DSC_0370-1-768x326.jpg 768w, https:\/\/www.delalumiereauxyeux-photo.fr\/wp-content\/uploads\/2025\/10\/DSC_0370-1-1536x652.jpg 1536w, https:\/\/www.delalumiereauxyeux-photo.fr\/wp-content\/uploads\/2025\/10\/DSC_0370-1-2048x870.jpg 2048w\" sizes=\"(max-width: 1024px) 100vw, 1024px\" \/><\/figure>\n\n\n\n<figure class=\"wp-block-image size-large\"><img loading=\"lazy\" decoding=\"async\" width=\"1024\" height=\"683\" src=\"http:\/\/www.delalumiereauxyeux-photo.fr\/wp-content\/uploads\/2025\/10\/DSC_0386-1024x683.jpg\" alt=\"Finale de la Coupe de France des Rallyes 2025 photographe De la lumi\u00e8re aux yeux\" class=\"wp-image-8659\" srcset=\"https:\/\/www.delalumiereauxyeux-photo.fr\/wp-content\/uploads\/2025\/10\/DSC_0386-1024x683.jpg 1024w, https:\/\/www.delalumiereauxyeux-photo.fr\/wp-content\/uploads\/2025\/10\/DSC_0386-300x200.jpg 300w, https:\/\/www.delalumiereauxyeux-photo.fr\/wp-content\/uploads\/2025\/10\/DSC_0386-768x512.jpg 768w, https:\/\/www.delalumiereauxyeux-photo.fr\/wp-content\/uploads\/2025\/10\/DSC_0386-1536x1024.jpg 1536w, https:\/\/www.delalumiereauxyeux-photo.fr\/wp-content\/uploads\/2025\/10\/DSC_0386-2048x1365.jpg 2048w\" sizes=\"(max-width: 1024px) 100vw, 1024px\" \/><\/figure>\n\n\n\n<figure class=\"wp-block-image size-large\"><img loading=\"lazy\" decoding=\"async\" width=\"1024\" height=\"478\" src=\"http:\/\/www.delalumiereauxyeux-photo.fr\/wp-content\/uploads\/2025\/10\/DSC_0436-1024x478.jpg\" alt=\"Finale de la Coupe de France des Rallyes 2025 photographe De la lumi\u00e8re aux yeux\" class=\"wp-image-8660\" srcset=\"https:\/\/www.delalumiereauxyeux-photo.fr\/wp-content\/uploads\/2025\/10\/DSC_0436-1024x478.jpg 1024w, https:\/\/www.delalumiereauxyeux-photo.fr\/wp-content\/uploads\/2025\/10\/DSC_0436-300x140.jpg 300w, https:\/\/www.delalumiereauxyeux-photo.fr\/wp-content\/uploads\/2025\/10\/DSC_0436-768x359.jpg 768w, https:\/\/www.delalumiereauxyeux-photo.fr\/wp-content\/uploads\/2025\/10\/DSC_0436-1536x718.jpg 1536w, https:\/\/www.delalumiereauxyeux-photo.fr\/wp-content\/uploads\/2025\/10\/DSC_0436-2048x957.jpg 2048w\" sizes=\"(max-width: 1024px) 100vw, 1024px\" \/><\/figure>\n\n\n\n<figure class=\"wp-block-image size-large\"><img loading=\"lazy\" decoding=\"async\" width=\"1024\" height=\"469\" src=\"http:\/\/www.delalumiereauxyeux-photo.fr\/wp-content\/uploads\/2025\/10\/DSC_0441-1024x469.jpg\" alt=\"Finale de la Coupe de France des Rallyes 2025 photographe De la lumi\u00e8re aux yeux\" class=\"wp-image-8661\" srcset=\"https:\/\/www.delalumiereauxyeux-photo.fr\/wp-content\/uploads\/2025\/10\/DSC_0441-1024x469.jpg 1024w, https:\/\/www.delalumiereauxyeux-photo.fr\/wp-content\/uploads\/2025\/10\/DSC_0441-300x137.jpg 300w, https:\/\/www.delalumiereauxyeux-photo.fr\/wp-content\/uploads\/2025\/10\/DSC_0441-768x352.jpg 768w, https:\/\/www.delalumiereauxyeux-photo.fr\/wp-content\/uploads\/2025\/10\/DSC_0441-1536x703.jpg 1536w, https:\/\/www.delalumiereauxyeux-photo.fr\/wp-content\/uploads\/2025\/10\/DSC_0441-2048x938.jpg 2048w\" sizes=\"(max-width: 1024px) 100vw, 1024px\" \/><\/figure>\n\n\n\n<figure class=\"wp-block-image size-large\"><img loading=\"lazy\" decoding=\"async\" width=\"1024\" height=\"546\" src=\"http:\/\/www.delalumiereauxyeux-photo.fr\/wp-content\/uploads\/2025\/10\/DSC_0519-1024x546.jpg\" alt=\"Finale de la Coupe de France des Rallyes 2025 photographe De la lumi\u00e8re aux yeux\" class=\"wp-image-8662\" srcset=\"https:\/\/www.delalumiereauxyeux-photo.fr\/wp-content\/uploads\/2025\/10\/DSC_0519-1024x546.jpg 1024w, https:\/\/www.delalumiereauxyeux-photo.fr\/wp-content\/uploads\/2025\/10\/DSC_0519-300x160.jpg 300w, https:\/\/www.delalumiereauxyeux-photo.fr\/wp-content\/uploads\/2025\/10\/DSC_0519-768x409.jpg 768w, https:\/\/www.delalumiereauxyeux-photo.fr\/wp-content\/uploads\/2025\/10\/DSC_0519-1536x819.jpg 1536w, https:\/\/www.delalumiereauxyeux-photo.fr\/wp-content\/uploads\/2025\/10\/DSC_0519-2048x1091.jpg 2048w\" sizes=\"(max-width: 1024px) 100vw, 1024px\" \/><\/figure>\n\n\n\n<figure class=\"wp-block-image size-large\"><img loading=\"lazy\" decoding=\"async\" width=\"1024\" height=\"429\" src=\"http:\/\/www.delalumiereauxyeux-photo.fr\/wp-content\/uploads\/2025\/10\/DSC_0545-1024x429.jpg\" alt=\"Finale de la Coupe de France des Rallyes 2025 photographe De la lumi\u00e8re aux yeux\" class=\"wp-image-8663\" srcset=\"https:\/\/www.delalumiereauxyeux-photo.fr\/wp-content\/uploads\/2025\/10\/DSC_0545-1024x429.jpg 1024w, https:\/\/www.delalumiereauxyeux-photo.fr\/wp-content\/uploads\/2025\/10\/DSC_0545-300x126.jpg 300w, https:\/\/www.delalumiereauxyeux-photo.fr\/wp-content\/uploads\/2025\/10\/DSC_0545-768x322.jpg 768w, https:\/\/www.delalumiereauxyeux-photo.fr\/wp-content\/uploads\/2025\/10\/DSC_0545-1536x644.jpg 1536w, https:\/\/www.delalumiereauxyeux-photo.fr\/wp-content\/uploads\/2025\/10\/DSC_0545-2048x859.jpg 2048w\" sizes=\"(max-width: 1024px) 100vw, 1024px\" \/><\/figure>\n\n\n\n<figure class=\"wp-block-image size-large\"><img loading=\"lazy\" decoding=\"async\" width=\"1024\" height=\"456\" src=\"http:\/\/www.delalumiereauxyeux-photo.fr\/wp-content\/uploads\/2025\/10\/DSC_0583-1024x456.jpg\" alt=\"Finale de la Coupe de France des Rallyes 2025 photographe De la lumi\u00e8re aux yeux\" class=\"wp-image-8664\" srcset=\"https:\/\/www.delalumiereauxyeux-photo.fr\/wp-content\/uploads\/2025\/10\/DSC_0583-1024x456.jpg 1024w, https:\/\/www.delalumiereauxyeux-photo.fr\/wp-content\/uploads\/2025\/10\/DSC_0583-300x134.jpg 300w, https:\/\/www.delalumiereauxyeux-photo.fr\/wp-content\/uploads\/2025\/10\/DSC_0583-768x342.jpg 768w, https:\/\/www.delalumiereauxyeux-photo.fr\/wp-content\/uploads\/2025\/10\/DSC_0583-1536x684.jpg 1536w, https:\/\/www.delalumiereauxyeux-photo.fr\/wp-content\/uploads\/2025\/10\/DSC_0583-2048x911.jpg 2048w, https:\/\/www.delalumiereauxyeux-photo.fr\/wp-content\/uploads\/2025\/10\/DSC_0583-1180x525.jpg 1180w\" sizes=\"(max-width: 1024px) 100vw, 1024px\" \/><\/figure>\n\n\n\n<figure class=\"wp-block-image size-large\"><img loading=\"lazy\" decoding=\"async\" width=\"1024\" height=\"559\" src=\"http:\/\/www.delalumiereauxyeux-photo.fr\/wp-content\/uploads\/2025\/10\/DSC_0616-1024x559.jpg\" alt=\"Finale de la Coupe de France des Rallyes 2025 photographe De la lumi\u00e8re aux yeux\" class=\"wp-image-8665\" srcset=\"https:\/\/www.delalumiereauxyeux-photo.fr\/wp-content\/uploads\/2025\/10\/DSC_0616-1024x559.jpg 1024w, https:\/\/www.delalumiereauxyeux-photo.fr\/wp-content\/uploads\/2025\/10\/DSC_0616-300x164.jpg 300w, https:\/\/www.delalumiereauxyeux-photo.fr\/wp-content\/uploads\/2025\/10\/DSC_0616-768x420.jpg 768w, https:\/\/www.delalumiereauxyeux-photo.fr\/wp-content\/uploads\/2025\/10\/DSC_0616-1536x839.jpg 1536w, https:\/\/www.delalumiereauxyeux-photo.fr\/wp-content\/uploads\/2025\/10\/DSC_0616-2048x1119.jpg 2048w\" sizes=\"(max-width: 1024px) 100vw, 1024px\" \/><\/figure>\n\n\n\n<figure class=\"wp-block-image size-large\"><img loading=\"lazy\" decoding=\"async\" width=\"1024\" height=\"683\" src=\"http:\/\/www.delalumiereauxyeux-photo.fr\/wp-content\/uploads\/2025\/10\/DSC_0634-1024x683.jpg\" alt=\"Finale de la Coupe de France des Rallyes 2025 photographe De la lumi\u00e8re aux yeux\" class=\"wp-image-8666\" srcset=\"https:\/\/www.delalumiereauxyeux-photo.fr\/wp-content\/uploads\/2025\/10\/DSC_0634-1024x683.jpg 1024w, https:\/\/www.delalumiereauxyeux-photo.fr\/wp-content\/uploads\/2025\/10\/DSC_0634-300x200.jpg 300w, https:\/\/www.delalumiereauxyeux-photo.fr\/wp-content\/uploads\/2025\/10\/DSC_0634-768x512.jpg 768w, https:\/\/www.delalumiereauxyeux-photo.fr\/wp-content\/uploads\/2025\/10\/DSC_0634-1536x1024.jpg 1536w, https:\/\/www.delalumiereauxyeux-photo.fr\/wp-content\/uploads\/2025\/10\/DSC_0634-2048x1365.jpg 2048w\" sizes=\"(max-width: 1024px) 100vw, 1024px\" \/><\/figure>\n\n\n\n<figure class=\"wp-block-image size-large\"><img loading=\"lazy\" decoding=\"async\" width=\"1024\" height=\"903\" src=\"http:\/\/www.delalumiereauxyeux-photo.fr\/wp-content\/uploads\/2025\/10\/DSC_0720-1024x903.jpg\" alt=\"Finale de la Coupe de France des Rallyes 2025 photographe De la lumi\u00e8re aux yeux\" class=\"wp-image-8667\" srcset=\"https:\/\/www.delalumiereauxyeux-photo.fr\/wp-content\/uploads\/2025\/10\/DSC_0720-1024x903.jpg 1024w, https:\/\/www.delalumiereauxyeux-photo.fr\/wp-content\/uploads\/2025\/10\/DSC_0720-300x264.jpg 300w, https:\/\/www.delalumiereauxyeux-photo.fr\/wp-content\/uploads\/2025\/10\/DSC_0720-768x677.jpg 768w, https:\/\/www.delalumiereauxyeux-photo.fr\/wp-content\/uploads\/2025\/10\/DSC_0720-1536x1354.jpg 1536w, https:\/\/www.delalumiereauxyeux-photo.fr\/wp-content\/uploads\/2025\/10\/DSC_0720-2048x1806.jpg 2048w\" sizes=\"(max-width: 1024px) 100vw, 1024px\" \/><\/figure>\n\n\n\n<figure class=\"wp-block-image size-large\"><img loading=\"lazy\" decoding=\"async\" width=\"1024\" height=\"514\" src=\"http:\/\/www.delalumiereauxyeux-photo.fr\/wp-content\/uploads\/2025\/10\/DSC_0771-1024x514.jpg\" alt=\"Finale de la Coupe de France des Rallyes 2025 photographe De la lumi\u00e8re aux yeux\" class=\"wp-image-8668\" srcset=\"https:\/\/www.delalumiereauxyeux-photo.fr\/wp-content\/uploads\/2025\/10\/DSC_0771-1024x514.jpg 1024w, https:\/\/www.delalumiereauxyeux-photo.fr\/wp-content\/uploads\/2025\/10\/DSC_0771-300x151.jpg 300w, https:\/\/www.delalumiereauxyeux-photo.fr\/wp-content\/uploads\/2025\/10\/DSC_0771-768x386.jpg 768w, https:\/\/www.delalumiereauxyeux-photo.fr\/wp-content\/uploads\/2025\/10\/DSC_0771-1536x772.jpg 1536w, https:\/\/www.delalumiereauxyeux-photo.fr\/wp-content\/uploads\/2025\/10\/DSC_0771-2048x1029.jpg 2048w\" sizes=\"(max-width: 1024px) 100vw, 1024px\" \/><\/figure>\n\n\n\n<figure class=\"wp-block-image size-large\"><img loading=\"lazy\" decoding=\"async\" width=\"1024\" height=\"504\" src=\"http:\/\/www.delalumiereauxyeux-photo.fr\/wp-content\/uploads\/2025\/10\/DSC_0793-1024x504.jpg\" alt=\"Finale de la Coupe de France des Rallyes 2025 photographe De la lumi\u00e8re aux yeux\" class=\"wp-image-8669\" srcset=\"https:\/\/www.delalumiereauxyeux-photo.fr\/wp-content\/uploads\/2025\/10\/DSC_0793-1024x504.jpg 1024w, https:\/\/www.delalumiereauxyeux-photo.fr\/wp-content\/uploads\/2025\/10\/DSC_0793-300x148.jpg 300w, https:\/\/www.delalumiereauxyeux-photo.fr\/wp-content\/uploads\/2025\/10\/DSC_0793-768x378.jpg 768w, https:\/\/www.delalumiereauxyeux-photo.fr\/wp-content\/uploads\/2025\/10\/DSC_0793-1536x756.jpg 1536w, https:\/\/www.delalumiereauxyeux-photo.fr\/wp-content\/uploads\/2025\/10\/DSC_0793-2048x1007.jpg 2048w\" sizes=\"(max-width: 1024px) 100vw, 1024px\" \/><\/figure>\n\n\n\n<figure class=\"wp-block-image size-large\"><img loading=\"lazy\" decoding=\"async\" width=\"1024\" height=\"484\" src=\"http:\/\/www.delalumiereauxyeux-photo.fr\/wp-content\/uploads\/2025\/10\/DSC_0796-1024x484.jpg\" alt=\"Finale de la Coupe de France des Rallyes 2025 photographe De la lumi\u00e8re aux yeux\" class=\"wp-image-8670\" srcset=\"https:\/\/www.delalumiereauxyeux-photo.fr\/wp-content\/uploads\/2025\/10\/DSC_0796-1024x484.jpg 1024w, https:\/\/www.delalumiereauxyeux-photo.fr\/wp-content\/uploads\/2025\/10\/DSC_0796-300x142.jpg 300w, https:\/\/www.delalumiereauxyeux-photo.fr\/wp-content\/uploads\/2025\/10\/DSC_0796-768x363.jpg 768w, https:\/\/www.delalumiereauxyeux-photo.fr\/wp-content\/uploads\/2025\/10\/DSC_0796-1536x726.jpg 1536w, https:\/\/www.delalumiereauxyeux-photo.fr\/wp-content\/uploads\/2025\/10\/DSC_0796-2048x968.jpg 2048w\" sizes=\"(max-width: 1024px) 100vw, 1024px\" \/><\/figure>\n\n\n\n<figure class=\"wp-block-image size-large\"><img loading=\"lazy\" decoding=\"async\" width=\"1024\" height=\"683\" src=\"http:\/\/www.delalumiereauxyeux-photo.fr\/wp-content\/uploads\/2025\/10\/DSC_0801-1024x683.jpg\" alt=\"Finale de la Coupe de France des Rallyes 2025 photographe De la lumi\u00e8re aux yeux\" class=\"wp-image-8671\" srcset=\"https:\/\/www.delalumiereauxyeux-photo.fr\/wp-content\/uploads\/2025\/10\/DSC_0801-1024x683.jpg 1024w, https:\/\/www.delalumiereauxyeux-photo.fr\/wp-content\/uploads\/2025\/10\/DSC_0801-300x200.jpg 300w, https:\/\/www.delalumiereauxyeux-photo.fr\/wp-content\/uploads\/2025\/10\/DSC_0801-768x512.jpg 768w, https:\/\/www.delalumiereauxyeux-photo.fr\/wp-content\/uploads\/2025\/10\/DSC_0801-1536x1024.jpg 1536w, https:\/\/www.delalumiereauxyeux-photo.fr\/wp-content\/uploads\/2025\/10\/DSC_0801-2048x1365.jpg 2048w\" sizes=\"(max-width: 1024px) 100vw, 1024px\" \/><\/figure>\n\n\n\n<figure class=\"wp-block-image size-large\"><img loading=\"lazy\" decoding=\"async\" width=\"1024\" height=\"511\" src=\"http:\/\/www.delalumiereauxyeux-photo.fr\/wp-content\/uploads\/2025\/10\/DSC_0818-1024x511.jpg\" alt=\"Finale de la Coupe de France des Rallyes 2025 photographe De la lumi\u00e8re aux yeux\" class=\"wp-image-8672\" srcset=\"https:\/\/www.delalumiereauxyeux-photo.fr\/wp-content\/uploads\/2025\/10\/DSC_0818-1024x511.jpg 1024w, https:\/\/www.delalumiereauxyeux-photo.fr\/wp-content\/uploads\/2025\/10\/DSC_0818-300x150.jpg 300w, https:\/\/www.delalumiereauxyeux-photo.fr\/wp-content\/uploads\/2025\/10\/DSC_0818-768x384.jpg 768w, https:\/\/www.delalumiereauxyeux-photo.fr\/wp-content\/uploads\/2025\/10\/DSC_0818-1536x767.jpg 1536w, https:\/\/www.delalumiereauxyeux-photo.fr\/wp-content\/uploads\/2025\/10\/DSC_0818-2048x1023.jpg 2048w\" sizes=\"(max-width: 1024px) 100vw, 1024px\" \/><\/figure>\n\n\n\n<figure class=\"wp-block-image size-large\"><img loading=\"lazy\" decoding=\"async\" width=\"1024\" height=\"475\" src=\"http:\/\/www.delalumiereauxyeux-photo.fr\/wp-content\/uploads\/2025\/10\/DSC_0836-1024x475.jpg\" alt=\"Finale de la Coupe de France des Rallyes 2025 photographe De la lumi\u00e8re aux yeux\" class=\"wp-image-8673\" srcset=\"https:\/\/www.delalumiereauxyeux-photo.fr\/wp-content\/uploads\/2025\/10\/DSC_0836-1024x475.jpg 1024w, https:\/\/www.delalumiereauxyeux-photo.fr\/wp-content\/uploads\/2025\/10\/DSC_0836-300x139.jpg 300w, https:\/\/www.delalumiereauxyeux-photo.fr\/wp-content\/uploads\/2025\/10\/DSC_0836-768x356.jpg 768w, https:\/\/www.delalumiereauxyeux-photo.fr\/wp-content\/uploads\/2025\/10\/DSC_0836-1536x712.jpg 1536w, https:\/\/www.delalumiereauxyeux-photo.fr\/wp-content\/uploads\/2025\/10\/DSC_0836-2048x949.jpg 2048w\" sizes=\"(max-width: 1024px) 100vw, 1024px\" \/><\/figure>\n\n\n\n<figure class=\"wp-block-image size-large\"><img loading=\"lazy\" decoding=\"async\" width=\"1024\" height=\"422\" src=\"http:\/\/www.delalumiereauxyeux-photo.fr\/wp-content\/uploads\/2025\/10\/DSC_0845-1024x422.jpg\" alt=\"Finale de la Coupe de France des Rallyes 2025 photographe De la lumi\u00e8re aux yeux\" class=\"wp-image-8674\" srcset=\"https:\/\/www.delalumiereauxyeux-photo.fr\/wp-content\/uploads\/2025\/10\/DSC_0845-1024x422.jpg 1024w, https:\/\/www.delalumiereauxyeux-photo.fr\/wp-content\/uploads\/2025\/10\/DSC_0845-300x124.jpg 300w, https:\/\/www.delalumiereauxyeux-photo.fr\/wp-content\/uploads\/2025\/10\/DSC_0845-768x316.jpg 768w, https:\/\/www.delalumiereauxyeux-photo.fr\/wp-content\/uploads\/2025\/10\/DSC_0845-1536x633.jpg 1536w, https:\/\/www.delalumiereauxyeux-photo.fr\/wp-content\/uploads\/2025\/10\/DSC_0845-2048x843.jpg 2048w\" sizes=\"(max-width: 1024px) 100vw, 1024px\" \/><\/figure>\n\n\n\n<figure class=\"wp-block-image size-large\"><img loading=\"lazy\" decoding=\"async\" width=\"1024\" height=\"461\" src=\"http:\/\/www.delalumiereauxyeux-photo.fr\/wp-content\/uploads\/2025\/10\/DSC_0872-1024x461.jpg\" alt=\"Finale de la Coupe de France des Rallyes 2025 photographe De la lumi\u00e8re aux yeux\" class=\"wp-image-8675\" srcset=\"https:\/\/www.delalumiereauxyeux-photo.fr\/wp-content\/uploads\/2025\/10\/DSC_0872-1024x461.jpg 1024w, https:\/\/www.delalumiereauxyeux-photo.fr\/wp-content\/uploads\/2025\/10\/DSC_0872-300x135.jpg 300w, https:\/\/www.delalumiereauxyeux-photo.fr\/wp-content\/uploads\/2025\/10\/DSC_0872-768x346.jpg 768w, https:\/\/www.delalumiereauxyeux-photo.fr\/wp-content\/uploads\/2025\/10\/DSC_0872-1536x692.jpg 1536w, https:\/\/www.delalumiereauxyeux-photo.fr\/wp-content\/uploads\/2025\/10\/DSC_0872-2048x923.jpg 2048w\" sizes=\"(max-width: 1024px) 100vw, 1024px\" \/><\/figure>\n\n\n\n<figure class=\"wp-block-image size-large\"><img loading=\"lazy\" decoding=\"async\" width=\"1024\" height=\"594\" src=\"http:\/\/www.delalumiereauxyeux-photo.fr\/wp-content\/uploads\/2025\/10\/DSC_0914-1024x594.jpg\" alt=\"Finale de la Coupe de France des Rallyes 2025 photographe De la lumi\u00e8re aux yeux\" class=\"wp-image-8676\" srcset=\"https:\/\/www.delalumiereauxyeux-photo.fr\/wp-content\/uploads\/2025\/10\/DSC_0914-1024x594.jpg 1024w, https:\/\/www.delalumiereauxyeux-photo.fr\/wp-content\/uploads\/2025\/10\/DSC_0914-300x174.jpg 300w, https:\/\/www.delalumiereauxyeux-photo.fr\/wp-content\/uploads\/2025\/10\/DSC_0914-768x445.jpg 768w, https:\/\/www.delalumiereauxyeux-photo.fr\/wp-content\/uploads\/2025\/10\/DSC_0914-1536x891.jpg 1536w, https:\/\/www.delalumiereauxyeux-photo.fr\/wp-content\/uploads\/2025\/10\/DSC_0914-2048x1187.jpg 2048w\" sizes=\"(max-width: 1024px) 100vw, 1024px\" \/><\/figure>\n\n\n\n<figure class=\"wp-block-image size-large\"><img loading=\"lazy\" decoding=\"async\" width=\"1024\" height=\"507\" src=\"http:\/\/www.delalumiereauxyeux-photo.fr\/wp-content\/uploads\/2025\/10\/DSC_0925-1024x507.jpg\" alt=\"Finale de la Coupe de France des Rallyes 2025 photographe De la lumi\u00e8re aux yeux\" class=\"wp-image-8677\" srcset=\"https:\/\/www.delalumiereauxyeux-photo.fr\/wp-content\/uploads\/2025\/10\/DSC_0925-1024x507.jpg 1024w, https:\/\/www.delalumiereauxyeux-photo.fr\/wp-content\/uploads\/2025\/10\/DSC_0925-300x149.jpg 300w, https:\/\/www.delalumiereauxyeux-photo.fr\/wp-content\/uploads\/2025\/10\/DSC_0925-768x380.jpg 768w, https:\/\/www.delalumiereauxyeux-photo.fr\/wp-content\/uploads\/2025\/10\/DSC_0925-1536x761.jpg 1536w, https:\/\/www.delalumiereauxyeux-photo.fr\/wp-content\/uploads\/2025\/10\/DSC_0925-2048x1014.jpg 2048w\" sizes=\"(max-width: 1024px) 100vw, 1024px\" \/><\/figure>\n\n\n\n<figure class=\"wp-block-image size-large\"><img loading=\"lazy\" decoding=\"async\" width=\"1024\" height=\"441\" src=\"http:\/\/www.delalumiereauxyeux-photo.fr\/wp-content\/uploads\/2025\/10\/DSC_0941-1024x441.jpg\" alt=\"Finale de la Coupe de France des Rallyes 2025 photographe De la lumi\u00e8re aux yeux\" class=\"wp-image-8678\" srcset=\"https:\/\/www.delalumiereauxyeux-photo.fr\/wp-content\/uploads\/2025\/10\/DSC_0941-1024x441.jpg 1024w, https:\/\/www.delalumiereauxyeux-photo.fr\/wp-content\/uploads\/2025\/10\/DSC_0941-300x129.jpg 300w, https:\/\/www.delalumiereauxyeux-photo.fr\/wp-content\/uploads\/2025\/10\/DSC_0941-768x330.jpg 768w, https:\/\/www.delalumiereauxyeux-photo.fr\/wp-content\/uploads\/2025\/10\/DSC_0941-1536x661.jpg 1536w, https:\/\/www.delalumiereauxyeux-photo.fr\/wp-content\/uploads\/2025\/10\/DSC_0941-2048x881.jpg 2048w\" sizes=\"(max-width: 1024px) 100vw, 1024px\" \/><\/figure>\n\n\n\n<figure class=\"wp-block-image size-large\"><img loading=\"lazy\" decoding=\"async\" width=\"1024\" height=\"683\" src=\"http:\/\/www.delalumiereauxyeux-photo.fr\/wp-content\/uploads\/2025\/10\/DSC_2522-2-1024x683.jpg\" alt=\"Finale de la Coupe de France des Rallyes 2025 photographe De la lumi\u00e8re aux yeux\" class=\"wp-image-8679\" srcset=\"https:\/\/www.delalumiereauxyeux-photo.fr\/wp-content\/uploads\/2025\/10\/DSC_2522-2-1024x683.jpg 1024w, https:\/\/www.delalumiereauxyeux-photo.fr\/wp-content\/uploads\/2025\/10\/DSC_2522-2-300x200.jpg 300w, https:\/\/www.delalumiereauxyeux-photo.fr\/wp-content\/uploads\/2025\/10\/DSC_2522-2-768x512.jpg 768w, https:\/\/www.delalumiereauxyeux-photo.fr\/wp-content\/uploads\/2025\/10\/DSC_2522-2-1536x1024.jpg 1536w, https:\/\/www.delalumiereauxyeux-photo.fr\/wp-content\/uploads\/2025\/10\/DSC_2522-2-2048x1365.jpg 2048w\" sizes=\"(max-width: 1024px) 100vw, 1024px\" \/><\/figure>\n\n\n\n<figure class=\"wp-block-image size-large\"><img loading=\"lazy\" decoding=\"async\" width=\"1024\" height=\"683\" src=\"http:\/\/www.delalumiereauxyeux-photo.fr\/wp-content\/uploads\/2025\/10\/DSC_2536-1024x683.jpg\" alt=\"Finale de la Coupe de France des Rallyes 2025 photographe De la lumi\u00e8re aux yeux\" class=\"wp-image-8680\" srcset=\"https:\/\/www.delalumiereauxyeux-photo.fr\/wp-content\/uploads\/2025\/10\/DSC_2536-1024x683.jpg 1024w, https:\/\/www.delalumiereauxyeux-photo.fr\/wp-content\/uploads\/2025\/10\/DSC_2536-300x200.jpg 300w, https:\/\/www.delalumiereauxyeux-photo.fr\/wp-content\/uploads\/2025\/10\/DSC_2536-768x512.jpg 768w, https:\/\/www.delalumiereauxyeux-photo.fr\/wp-content\/uploads\/2025\/10\/DSC_2536-1536x1024.jpg 1536w, https:\/\/www.delalumiereauxyeux-photo.fr\/wp-content\/uploads\/2025\/10\/DSC_2536-2048x1365.jpg 2048w\" sizes=\"(max-width: 1024px) 100vw, 1024px\" \/><\/figure>\n\n\n\n<figure class=\"wp-block-image size-large\"><img loading=\"lazy\" decoding=\"async\" width=\"1024\" height=\"704\" src=\"http:\/\/www.delalumiereauxyeux-photo.fr\/wp-content\/uploads\/2025\/10\/DSC_2546-1024x704.jpg\" alt=\"Finale de la Coupe de France des Rallyes 2025 photographe De la lumi\u00e8re aux yeux\" class=\"wp-image-8681\" srcset=\"https:\/\/www.delalumiereauxyeux-photo.fr\/wp-content\/uploads\/2025\/10\/DSC_2546-1024x704.jpg 1024w, https:\/\/www.delalumiereauxyeux-photo.fr\/wp-content\/uploads\/2025\/10\/DSC_2546-300x206.jpg 300w, https:\/\/www.delalumiereauxyeux-photo.fr\/wp-content\/uploads\/2025\/10\/DSC_2546-768x528.jpg 768w, https:\/\/www.delalumiereauxyeux-photo.fr\/wp-content\/uploads\/2025\/10\/DSC_2546-1536x1055.jpg 1536w, https:\/\/www.delalumiereauxyeux-photo.fr\/wp-content\/uploads\/2025\/10\/DSC_2546-2048x1407.jpg 2048w\" sizes=\"(max-width: 1024px) 100vw, 1024px\" \/><\/figure>\n\n\n\n<figure class=\"wp-block-image size-large\"><img loading=\"lazy\" decoding=\"async\" width=\"1024\" height=\"683\" src=\"http:\/\/www.delalumiereauxyeux-photo.fr\/wp-content\/uploads\/2025\/10\/DSC_2555-1024x683.jpg\" alt=\"Finale de la Coupe de France des Rallyes 2025 photographe De la lumi\u00e8re aux yeux\" class=\"wp-image-8682\" srcset=\"https:\/\/www.delalumiereauxyeux-photo.fr\/wp-content\/uploads\/2025\/10\/DSC_2555-1024x683.jpg 1024w, https:\/\/www.delalumiereauxyeux-photo.fr\/wp-content\/uploads\/2025\/10\/DSC_2555-300x200.jpg 300w, https:\/\/www.delalumiereauxyeux-photo.fr\/wp-content\/uploads\/2025\/10\/DSC_2555-768x512.jpg 768w, https:\/\/www.delalumiereauxyeux-photo.fr\/wp-content\/uploads\/2025\/10\/DSC_2555-1536x1024.jpg 1536w, https:\/\/www.delalumiereauxyeux-photo.fr\/wp-content\/uploads\/2025\/10\/DSC_2555-2048x1365.jpg 2048w\" sizes=\"(max-width: 1024px) 100vw, 1024px\" \/><\/figure>\n\n\n\n<figure class=\"wp-block-image size-large\"><img loading=\"lazy\" decoding=\"async\" width=\"1024\" height=\"569\" src=\"http:\/\/www.delalumiereauxyeux-photo.fr\/wp-content\/uploads\/2025\/10\/DSC_2588-1024x569.jpg\" alt=\"Finale de la Coupe de France des Rallyes 2025 photographe De la lumi\u00e8re aux yeux\" class=\"wp-image-8683\" srcset=\"https:\/\/www.delalumiereauxyeux-photo.fr\/wp-content\/uploads\/2025\/10\/DSC_2588-1024x569.jpg 1024w, https:\/\/www.delalumiereauxyeux-photo.fr\/wp-content\/uploads\/2025\/10\/DSC_2588-300x167.jpg 300w, https:\/\/www.delalumiereauxyeux-photo.fr\/wp-content\/uploads\/2025\/10\/DSC_2588-768x427.jpg 768w, https:\/\/www.delalumiereauxyeux-photo.fr\/wp-content\/uploads\/2025\/10\/DSC_2588-1536x854.jpg 1536w, https:\/\/www.delalumiereauxyeux-photo.fr\/wp-content\/uploads\/2025\/10\/DSC_2588-2048x1138.jpg 2048w\" sizes=\"(max-width: 1024px) 100vw, 1024px\" \/><\/figure>\n\n\n\n<figure class=\"wp-block-image size-large\"><img loading=\"lazy\" decoding=\"async\" width=\"1024\" height=\"683\" src=\"http:\/\/www.delalumiereauxyeux-photo.fr\/wp-content\/uploads\/2025\/10\/DSC_2612-1024x683.jpg\" alt=\"Finale de la Coupe de France des Rallyes 2025 photographe De la lumi\u00e8re aux yeux\" class=\"wp-image-8684\" srcset=\"https:\/\/www.delalumiereauxyeux-photo.fr\/wp-content\/uploads\/2025\/10\/DSC_2612-1024x683.jpg 1024w, https:\/\/www.delalumiereauxyeux-photo.fr\/wp-content\/uploads\/2025\/10\/DSC_2612-300x200.jpg 300w, https:\/\/www.delalumiereauxyeux-photo.fr\/wp-content\/uploads\/2025\/10\/DSC_2612-768x512.jpg 768w, https:\/\/www.delalumiereauxyeux-photo.fr\/wp-content\/uploads\/2025\/10\/DSC_2612-1536x1024.jpg 1536w, https:\/\/www.delalumiereauxyeux-photo.fr\/wp-content\/uploads\/2025\/10\/DSC_2612-2048x1365.jpg 2048w\" sizes=\"(max-width: 1024px) 100vw, 1024px\" \/><\/figure>\n\n\n\n<figure class=\"wp-block-image size-large\"><img loading=\"lazy\" decoding=\"async\" width=\"1024\" height=\"683\" src=\"http:\/\/www.delalumiereauxyeux-photo.fr\/wp-content\/uploads\/2025\/10\/DSC_2617-1024x683.jpg\" alt=\"Finale de la Coupe de France des Rallyes 2025 photographe De la lumi\u00e8re aux yeux\" class=\"wp-image-8685\" srcset=\"https:\/\/www.delalumiereauxyeux-photo.fr\/wp-content\/uploads\/2025\/10\/DSC_2617-1024x683.jpg 1024w, https:\/\/www.delalumiereauxyeux-photo.fr\/wp-content\/uploads\/2025\/10\/DSC_2617-300x200.jpg 300w, https:\/\/www.delalumiereauxyeux-photo.fr\/wp-content\/uploads\/2025\/10\/DSC_2617-768x512.jpg 768w, https:\/\/www.delalumiereauxyeux-photo.fr\/wp-content\/uploads\/2025\/10\/DSC_2617-1536x1024.jpg 1536w, https:\/\/www.delalumiereauxyeux-photo.fr\/wp-content\/uploads\/2025\/10\/DSC_2617-2048x1365.jpg 2048w\" sizes=\"(max-width: 1024px) 100vw, 1024px\" \/><\/figure>\n\n\n\n<figure class=\"wp-block-image size-large\"><img loading=\"lazy\" decoding=\"async\" width=\"1024\" height=\"683\" src=\"http:\/\/www.delalumiereauxyeux-photo.fr\/wp-content\/uploads\/2025\/10\/DSC_2627-1024x683.jpg\" alt=\"Finale de la Coupe de France des Rallyes 2025 photographe De la lumi\u00e8re aux yeux\" class=\"wp-image-8686\" srcset=\"https:\/\/www.delalumiereauxyeux-photo.fr\/wp-content\/uploads\/2025\/10\/DSC_2627-1024x683.jpg 1024w, https:\/\/www.delalumiereauxyeux-photo.fr\/wp-content\/uploads\/2025\/10\/DSC_2627-300x200.jpg 300w, https:\/\/www.delalumiereauxyeux-photo.fr\/wp-content\/uploads\/2025\/10\/DSC_2627-768x512.jpg 768w, https:\/\/www.delalumiereauxyeux-photo.fr\/wp-content\/uploads\/2025\/10\/DSC_2627-1536x1024.jpg 1536w, https:\/\/www.delalumiereauxyeux-photo.fr\/wp-content\/uploads\/2025\/10\/DSC_2627-2048x1365.jpg 2048w\" sizes=\"(max-width: 1024px) 100vw, 1024px\" \/><\/figure>\n\n\n\n<figure class=\"wp-block-image size-large\"><img loading=\"lazy\" decoding=\"async\" width=\"1024\" height=\"683\" src=\"http:\/\/www.delalumiereauxyeux-photo.fr\/wp-content\/uploads\/2025\/10\/DSC_2663-2-1024x683.jpg\" alt=\"Finale de la Coupe de France des Rallyes 2025 photographe De la lumi\u00e8re aux yeux\" class=\"wp-image-8687\" srcset=\"https:\/\/www.delalumiereauxyeux-photo.fr\/wp-content\/uploads\/2025\/10\/DSC_2663-2-1024x683.jpg 1024w, https:\/\/www.delalumiereauxyeux-photo.fr\/wp-content\/uploads\/2025\/10\/DSC_2663-2-300x200.jpg 300w, https:\/\/www.delalumiereauxyeux-photo.fr\/wp-content\/uploads\/2025\/10\/DSC_2663-2-768x512.jpg 768w, https:\/\/www.delalumiereauxyeux-photo.fr\/wp-content\/uploads\/2025\/10\/DSC_2663-2-1536x1024.jpg 1536w, https:\/\/www.delalumiereauxyeux-photo.fr\/wp-content\/uploads\/2025\/10\/DSC_2663-2-2048x1365.jpg 2048w\" sizes=\"(max-width: 1024px) 100vw, 1024px\" \/><\/figure>\n\n\n\n<figure class=\"wp-block-image size-large\"><img loading=\"lazy\" decoding=\"async\" width=\"1024\" height=\"683\" src=\"http:\/\/www.delalumiereauxyeux-photo.fr\/wp-content\/uploads\/2025\/10\/DSC_2730-1024x683.jpg\" alt=\"Finale de la Coupe de France des Rallyes 2025 photographe De la lumi\u00e8re aux yeux\" class=\"wp-image-8688\" srcset=\"https:\/\/www.delalumiereauxyeux-photo.fr\/wp-content\/uploads\/2025\/10\/DSC_2730-1024x683.jpg 1024w, https:\/\/www.delalumiereauxyeux-photo.fr\/wp-content\/uploads\/2025\/10\/DSC_2730-300x200.jpg 300w, https:\/\/www.delalumiereauxyeux-photo.fr\/wp-content\/uploads\/2025\/10\/DSC_2730-768x512.jpg 768w, https:\/\/www.delalumiereauxyeux-photo.fr\/wp-content\/uploads\/2025\/10\/DSC_2730-1536x1024.jpg 1536w, https:\/\/www.delalumiereauxyeux-photo.fr\/wp-content\/uploads\/2025\/10\/DSC_2730-2048x1365.jpg 2048w\" sizes=\"(max-width: 1024px) 100vw, 1024px\" \/><\/figure>\n\n\n\n<figure class=\"wp-block-image size-large\"><img loading=\"lazy\" decoding=\"async\" width=\"1024\" height=\"757\" src=\"http:\/\/www.delalumiereauxyeux-photo.fr\/wp-content\/uploads\/2025\/10\/DSC_2764-1024x757.jpg\" alt=\"Finale de la Coupe de France des Rallyes 2025 photographe De la lumi\u00e8re aux yeux\" class=\"wp-image-8689\" srcset=\"https:\/\/www.delalumiereauxyeux-photo.fr\/wp-content\/uploads\/2025\/10\/DSC_2764-1024x757.jpg 1024w, https:\/\/www.delalumiereauxyeux-photo.fr\/wp-content\/uploads\/2025\/10\/DSC_2764-300x222.jpg 300w, https:\/\/www.delalumiereauxyeux-photo.fr\/wp-content\/uploads\/2025\/10\/DSC_2764-768x568.jpg 768w, https:\/\/www.delalumiereauxyeux-photo.fr\/wp-content\/uploads\/2025\/10\/DSC_2764-1536x1135.jpg 1536w, https:\/\/www.delalumiereauxyeux-photo.fr\/wp-content\/uploads\/2025\/10\/DSC_2764-2048x1513.jpg 2048w\" sizes=\"(max-width: 1024px) 100vw, 1024px\" \/><\/figure>\n\n\n\n<figure class=\"wp-block-image size-large\"><img loading=\"lazy\" decoding=\"async\" width=\"1024\" height=\"907\" src=\"http:\/\/www.delalumiereauxyeux-photo.fr\/wp-content\/uploads\/2025\/10\/DSC_2798-1024x907.jpg\" alt=\"Finale de la Coupe de France des Rallyes 2025 photographe De la lumi\u00e8re aux yeux\" class=\"wp-image-8690\" srcset=\"https:\/\/www.delalumiereauxyeux-photo.fr\/wp-content\/uploads\/2025\/10\/DSC_2798-1024x907.jpg 1024w, https:\/\/www.delalumiereauxyeux-photo.fr\/wp-content\/uploads\/2025\/10\/DSC_2798-300x266.jpg 300w, https:\/\/www.delalumiereauxyeux-photo.fr\/wp-content\/uploads\/2025\/10\/DSC_2798-768x680.jpg 768w, https:\/\/www.delalumiereauxyeux-photo.fr\/wp-content\/uploads\/2025\/10\/DSC_2798-1536x1361.jpg 1536w, https:\/\/www.delalumiereauxyeux-photo.fr\/wp-content\/uploads\/2025\/10\/DSC_2798-2048x1814.jpg 2048w\" sizes=\"(max-width: 1024px) 100vw, 1024px\" \/><\/figure>\n\n\n\n<figure class=\"wp-block-image size-large\"><img loading=\"lazy\" decoding=\"async\" width=\"1024\" height=\"813\" src=\"http:\/\/www.delalumiereauxyeux-photo.fr\/wp-content\/uploads\/2025\/10\/DSC_2849-1024x813.jpg\" alt=\"Finale de la Coupe de France des Rallyes 2025 photographe De la lumi\u00e8re aux yeux\" class=\"wp-image-8691\" srcset=\"https:\/\/www.delalumiereauxyeux-photo.fr\/wp-content\/uploads\/2025\/10\/DSC_2849-1024x813.jpg 1024w, https:\/\/www.delalumiereauxyeux-photo.fr\/wp-content\/uploads\/2025\/10\/DSC_2849-300x238.jpg 300w, https:\/\/www.delalumiereauxyeux-photo.fr\/wp-content\/uploads\/2025\/10\/DSC_2849-768x610.jpg 768w, https:\/\/www.delalumiereauxyeux-photo.fr\/wp-content\/uploads\/2025\/10\/DSC_2849-1536x1220.jpg 1536w, https:\/\/www.delalumiereauxyeux-photo.fr\/wp-content\/uploads\/2025\/10\/DSC_2849-2048x1627.jpg 2048w\" sizes=\"(max-width: 1024px) 100vw, 1024px\" \/><\/figure>\n\n\n\n<figure class=\"wp-block-image size-large\"><img loading=\"lazy\" decoding=\"async\" width=\"1024\" height=\"683\" src=\"http:\/\/www.delalumiereauxyeux-photo.fr\/wp-content\/uploads\/2025\/10\/DSC_2852-1024x683.jpg\" alt=\"Finale de la Coupe de France des Rallyes 2025 photographe De la lumi\u00e8re aux yeux\" class=\"wp-image-8692\" srcset=\"https:\/\/www.delalumiereauxyeux-photo.fr\/wp-content\/uploads\/2025\/10\/DSC_2852-1024x683.jpg 1024w, https:\/\/www.delalumiereauxyeux-photo.fr\/wp-content\/uploads\/2025\/10\/DSC_2852-300x200.jpg 300w, https:\/\/www.delalumiereauxyeux-photo.fr\/wp-content\/uploads\/2025\/10\/DSC_2852-768x512.jpg 768w, https:\/\/www.delalumiereauxyeux-photo.fr\/wp-content\/uploads\/2025\/10\/DSC_2852-1536x1024.jpg 1536w, https:\/\/www.delalumiereauxyeux-photo.fr\/wp-content\/uploads\/2025\/10\/DSC_2852-2048x1365.jpg 2048w\" sizes=\"(max-width: 1024px) 100vw, 1024px\" \/><\/figure>\n\n\n\n<figure class=\"wp-block-image size-large\"><img loading=\"lazy\" decoding=\"async\" width=\"683\" height=\"1024\" src=\"http:\/\/www.delalumiereauxyeux-photo.fr\/wp-content\/uploads\/2025\/10\/DSC_2885-683x1024.jpg\" alt=\"Finale de la Coupe de France des Rallyes 2025 photographe De la lumi\u00e8re aux yeux\" class=\"wp-image-8693\" srcset=\"https:\/\/www.delalumiereauxyeux-photo.fr\/wp-content\/uploads\/2025\/10\/DSC_2885-683x1024.jpg 683w, https:\/\/www.delalumiereauxyeux-photo.fr\/wp-content\/uploads\/2025\/10\/DSC_2885-200x300.jpg 200w, https:\/\/www.delalumiereauxyeux-photo.fr\/wp-content\/uploads\/2025\/10\/DSC_2885-768x1152.jpg 768w, https:\/\/www.delalumiereauxyeux-photo.fr\/wp-content\/uploads\/2025\/10\/DSC_2885-1024x1536.jpg 1024w, https:\/\/www.delalumiereauxyeux-photo.fr\/wp-content\/uploads\/2025\/10\/DSC_2885-1365x2048.jpg 1365w, https:\/\/www.delalumiereauxyeux-photo.fr\/wp-content\/uploads\/2025\/10\/DSC_2885-scaled.jpg 1707w\" sizes=\"(max-width: 683px) 100vw, 683px\" \/><\/figure>\n\n\n\n<figure class=\"wp-block-image size-large\"><img loading=\"lazy\" decoding=\"async\" width=\"1024\" height=\"683\" src=\"http:\/\/www.delalumiereauxyeux-photo.fr\/wp-content\/uploads\/2025\/10\/DSC_2891-1024x683.jpg\" alt=\"Finale de la Coupe de France des Rallyes 2025 photographe De la lumi\u00e8re aux yeux\" class=\"wp-image-8694\" srcset=\"https:\/\/www.delalumiereauxyeux-photo.fr\/wp-content\/uploads\/2025\/10\/DSC_2891-1024x683.jpg 1024w, https:\/\/www.delalumiereauxyeux-photo.fr\/wp-content\/uploads\/2025\/10\/DSC_2891-300x200.jpg 300w, https:\/\/www.delalumiereauxyeux-photo.fr\/wp-content\/uploads\/2025\/10\/DSC_2891-768x512.jpg 768w, https:\/\/www.delalumiereauxyeux-photo.fr\/wp-content\/uploads\/2025\/10\/DSC_2891-1536x1024.jpg 1536w, https:\/\/www.delalumiereauxyeux-photo.fr\/wp-content\/uploads\/2025\/10\/DSC_2891-2048x1365.jpg 2048w\" sizes=\"(max-width: 1024px) 100vw, 1024px\" \/><\/figure>\n\n\n\n<p>Au parc des expositions de Lisieux, en attendant le podium.<\/p>\n\n\n\n<figure class=\"wp-block-image size-large\"><img loading=\"lazy\" decoding=\"async\" width=\"1024\" height=\"683\" src=\"http:\/\/www.delalumiereauxyeux-photo.fr\/wp-content\/uploads\/2025\/10\/DSC_2898-1024x683.jpg\" alt=\"Finale de la Coupe de France des Rallyes 2025 photographe De la lumi\u00e8re aux yeux\" class=\"wp-image-8695\" srcset=\"https:\/\/www.delalumiereauxyeux-photo.fr\/wp-content\/uploads\/2025\/10\/DSC_2898-1024x683.jpg 1024w, https:\/\/www.delalumiereauxyeux-photo.fr\/wp-content\/uploads\/2025\/10\/DSC_2898-300x200.jpg 300w, https:\/\/www.delalumiereauxyeux-photo.fr\/wp-content\/uploads\/2025\/10\/DSC_2898-768x512.jpg 768w, https:\/\/www.delalumiereauxyeux-photo.fr\/wp-content\/uploads\/2025\/10\/DSC_2898-1536x1024.jpg 1536w, https:\/\/www.delalumiereauxyeux-photo.fr\/wp-content\/uploads\/2025\/10\/DSC_2898-2048x1365.jpg 2048w\" sizes=\"(max-width: 1024px) 100vw, 1024px\" \/><\/figure>\n\n\n\n<figure class=\"wp-block-image size-large\"><img loading=\"lazy\" decoding=\"async\" width=\"683\" height=\"1024\" src=\"http:\/\/www.delalumiereauxyeux-photo.fr\/wp-content\/uploads\/2025\/10\/DSC_2899-683x1024.jpg\" alt=\"Finale de la Coupe de France des Rallyes 2025 photographe De la lumi\u00e8re aux yeux\" class=\"wp-image-8696\" srcset=\"https:\/\/www.delalumiereauxyeux-photo.fr\/wp-content\/uploads\/2025\/10\/DSC_2899-683x1024.jpg 683w, https:\/\/www.delalumiereauxyeux-photo.fr\/wp-content\/uploads\/2025\/10\/DSC_2899-200x300.jpg 200w, https:\/\/www.delalumiereauxyeux-photo.fr\/wp-content\/uploads\/2025\/10\/DSC_2899-768x1152.jpg 768w, https:\/\/www.delalumiereauxyeux-photo.fr\/wp-content\/uploads\/2025\/10\/DSC_2899-1024x1536.jpg 1024w, https:\/\/www.delalumiereauxyeux-photo.fr\/wp-content\/uploads\/2025\/10\/DSC_2899-1365x2048.jpg 1365w, https:\/\/www.delalumiereauxyeux-photo.fr\/wp-content\/uploads\/2025\/10\/DSC_2899-scaled.jpg 1707w\" sizes=\"(max-width: 683px) 100vw, 683px\" \/><\/figure>\n\n\n\n<p>Remerciements des Officiels et passation de la Coupe.<\/p>\n\n\n\n<figure class=\"wp-block-image size-large\"><img loading=\"lazy\" decoding=\"async\" width=\"1024\" height=\"630\" src=\"http:\/\/www.delalumiereauxyeux-photo.fr\/wp-content\/uploads\/2025\/10\/DSC_2904-1024x630.jpg\" alt=\"Finale de la Coupe de France des Rallyes 2025 photographe De la lumi\u00e8re aux yeux\" class=\"wp-image-8697\" srcset=\"https:\/\/www.delalumiereauxyeux-photo.fr\/wp-content\/uploads\/2025\/10\/DSC_2904-1024x630.jpg 1024w, https:\/\/www.delalumiereauxyeux-photo.fr\/wp-content\/uploads\/2025\/10\/DSC_2904-300x184.jpg 300w, https:\/\/www.delalumiereauxyeux-photo.fr\/wp-content\/uploads\/2025\/10\/DSC_2904-768x472.jpg 768w, https:\/\/www.delalumiereauxyeux-photo.fr\/wp-content\/uploads\/2025\/10\/DSC_2904-1536x945.jpg 1536w, https:\/\/www.delalumiereauxyeux-photo.fr\/wp-content\/uploads\/2025\/10\/DSC_2904-2048x1259.jpg 2048w\" sizes=\"(max-width: 1024px) 100vw, 1024px\" \/><\/figure>\n\n\n\n<figure class=\"wp-block-image size-large\"><img loading=\"lazy\" decoding=\"async\" width=\"1024\" height=\"589\" src=\"http:\/\/www.delalumiereauxyeux-photo.fr\/wp-content\/uploads\/2025\/10\/DSC_2907-1024x589.jpg\" alt=\"Finale de la Coupe de France des Rallyes 2025 photographe De la lumi\u00e8re aux yeux\" class=\"wp-image-8698\" srcset=\"https:\/\/www.delalumiereauxyeux-photo.fr\/wp-content\/uploads\/2025\/10\/DSC_2907-1024x589.jpg 1024w, https:\/\/www.delalumiereauxyeux-photo.fr\/wp-content\/uploads\/2025\/10\/DSC_2907-300x173.jpg 300w, https:\/\/www.delalumiereauxyeux-photo.fr\/wp-content\/uploads\/2025\/10\/DSC_2907-768x442.jpg 768w, https:\/\/www.delalumiereauxyeux-photo.fr\/wp-content\/uploads\/2025\/10\/DSC_2907-1536x884.jpg 1536w, https:\/\/www.delalumiereauxyeux-photo.fr\/wp-content\/uploads\/2025\/10\/DSC_2907-2048x1179.jpg 2048w\" sizes=\"(max-width: 1024px) 100vw, 1024px\" \/><\/figure>\n\n\n\n<figure class=\"wp-block-image size-large\"><img loading=\"lazy\" decoding=\"async\" width=\"1024\" height=\"773\" src=\"http:\/\/www.delalumiereauxyeux-photo.fr\/wp-content\/uploads\/2025\/10\/DSC_0973-1024x773.jpg\" alt=\"Finale de la Coupe de France des Rallyes 2025 photographe De la lumi\u00e8re aux yeux\" class=\"wp-image-8699\" srcset=\"https:\/\/www.delalumiereauxyeux-photo.fr\/wp-content\/uploads\/2025\/10\/DSC_0973-1024x773.jpg 1024w, https:\/\/www.delalumiereauxyeux-photo.fr\/wp-content\/uploads\/2025\/10\/DSC_0973-300x226.jpg 300w, https:\/\/www.delalumiereauxyeux-photo.fr\/wp-content\/uploads\/2025\/10\/DSC_0973-768x579.jpg 768w, https:\/\/www.delalumiereauxyeux-photo.fr\/wp-content\/uploads\/2025\/10\/DSC_0973-1536x1159.jpg 1536w, https:\/\/www.delalumiereauxyeux-photo.fr\/wp-content\/uploads\/2025\/10\/DSC_0973-2048x1545.jpg 2048w\" sizes=\"(max-width: 1024px) 100vw, 1024px\" \/><\/figure>\n\n\n\n<figure class=\"wp-block-image size-large\"><img loading=\"lazy\" decoding=\"async\" width=\"1024\" height=\"563\" src=\"http:\/\/www.delalumiereauxyeux-photo.fr\/wp-content\/uploads\/2025\/10\/DSC_2912-1024x563.jpg\" alt=\"Finale de la Coupe de France des Rallyes 2025 photographe De la lumi\u00e8re aux yeux\" class=\"wp-image-8700\" srcset=\"https:\/\/www.delalumiereauxyeux-photo.fr\/wp-content\/uploads\/2025\/10\/DSC_2912-1024x563.jpg 1024w, https:\/\/www.delalumiereauxyeux-photo.fr\/wp-content\/uploads\/2025\/10\/DSC_2912-300x165.jpg 300w, https:\/\/www.delalumiereauxyeux-photo.fr\/wp-content\/uploads\/2025\/10\/DSC_2912-768x423.jpg 768w, https:\/\/www.delalumiereauxyeux-photo.fr\/wp-content\/uploads\/2025\/10\/DSC_2912-1536x845.jpg 1536w, https:\/\/www.delalumiereauxyeux-photo.fr\/wp-content\/uploads\/2025\/10\/DSC_2912-2048x1127.jpg 2048w\" sizes=\"(max-width: 1024px) 100vw, 1024px\" \/><\/figure>\n\n\n\n<figure class=\"wp-block-image size-large\"><img loading=\"lazy\" decoding=\"async\" width=\"1024\" height=\"541\" src=\"http:\/\/www.delalumiereauxyeux-photo.fr\/wp-content\/uploads\/2025\/10\/DSC_2915-1024x541.jpg\" alt=\"Finale de la Coupe de France des Rallyes 2025 photographe De la lumi\u00e8re aux yeux\" class=\"wp-image-8701\" srcset=\"https:\/\/www.delalumiereauxyeux-photo.fr\/wp-content\/uploads\/2025\/10\/DSC_2915-1024x541.jpg 1024w, https:\/\/www.delalumiereauxyeux-photo.fr\/wp-content\/uploads\/2025\/10\/DSC_2915-300x159.jpg 300w, https:\/\/www.delalumiereauxyeux-photo.fr\/wp-content\/uploads\/2025\/10\/DSC_2915-768x406.jpg 768w, https:\/\/www.delalumiereauxyeux-photo.fr\/wp-content\/uploads\/2025\/10\/DSC_2915-1536x812.jpg 1536w, https:\/\/www.delalumiereauxyeux-photo.fr\/wp-content\/uploads\/2025\/10\/DSC_2915-2048x1083.jpg 2048w\" sizes=\"(max-width: 1024px) 100vw, 1024px\" \/><\/figure>\n\n\n\n<figure class=\"wp-block-image size-large\"><img loading=\"lazy\" decoding=\"async\" width=\"1024\" height=\"613\" src=\"http:\/\/www.delalumiereauxyeux-photo.fr\/wp-content\/uploads\/2025\/10\/DSC_0991-1024x613.jpg\" alt=\"Finale de la Coupe de France des Rallyes 2025 photographe De la lumi\u00e8re aux yeux\" class=\"wp-image-8702\" srcset=\"https:\/\/www.delalumiereauxyeux-photo.fr\/wp-content\/uploads\/2025\/10\/DSC_0991-1024x613.jpg 1024w, https:\/\/www.delalumiereauxyeux-photo.fr\/wp-content\/uploads\/2025\/10\/DSC_0991-300x180.jpg 300w, https:\/\/www.delalumiereauxyeux-photo.fr\/wp-content\/uploads\/2025\/10\/DSC_0991-768x460.jpg 768w, https:\/\/www.delalumiereauxyeux-photo.fr\/wp-content\/uploads\/2025\/10\/DSC_0991-1536x919.jpg 1536w, https:\/\/www.delalumiereauxyeux-photo.fr\/wp-content\/uploads\/2025\/10\/DSC_0991-2048x1225.jpg 2048w\" sizes=\"(max-width: 1024px) 100vw, 1024px\" \/><\/figure>\n\n\n\n<figure class=\"wp-block-image size-large\"><img loading=\"lazy\" decoding=\"async\" width=\"1024\" height=\"558\" src=\"http:\/\/www.delalumiereauxyeux-photo.fr\/wp-content\/uploads\/2025\/10\/DSC_2921-1024x558.jpg\" alt=\"Finale de la Coupe de France des Rallyes 2025 photographe De la lumi\u00e8re aux yeux\" class=\"wp-image-8703\" srcset=\"https:\/\/www.delalumiereauxyeux-photo.fr\/wp-content\/uploads\/2025\/10\/DSC_2921-1024x558.jpg 1024w, https:\/\/www.delalumiereauxyeux-photo.fr\/wp-content\/uploads\/2025\/10\/DSC_2921-300x163.jpg 300w, https:\/\/www.delalumiereauxyeux-photo.fr\/wp-content\/uploads\/2025\/10\/DSC_2921-768x418.jpg 768w, https:\/\/www.delalumiereauxyeux-photo.fr\/wp-content\/uploads\/2025\/10\/DSC_2921-1536x837.jpg 1536w, https:\/\/www.delalumiereauxyeux-photo.fr\/wp-content\/uploads\/2025\/10\/DSC_2921-2048x1116.jpg 2048w\" sizes=\"(max-width: 1024px) 100vw, 1024px\" \/><\/figure>\n\n\n\n<p>Place au podium. Victoire de Anthony COSSON et Kevin MILLET.<\/p>\n\n\n\n<figure class=\"wp-block-image size-large\"><img loading=\"lazy\" decoding=\"async\" width=\"1024\" height=\"683\" src=\"http:\/\/www.delalumiereauxyeux-photo.fr\/wp-content\/uploads\/2025\/10\/DSC_2922-1024x683.jpg\" alt=\"Finale de la Coupe de France des Rallyes 2025 photographe De la lumi\u00e8re aux yeux\" class=\"wp-image-8704\" srcset=\"https:\/\/www.delalumiereauxyeux-photo.fr\/wp-content\/uploads\/2025\/10\/DSC_2922-1024x683.jpg 1024w, https:\/\/www.delalumiereauxyeux-photo.fr\/wp-content\/uploads\/2025\/10\/DSC_2922-300x200.jpg 300w, https:\/\/www.delalumiereauxyeux-photo.fr\/wp-content\/uploads\/2025\/10\/DSC_2922-768x512.jpg 768w, https:\/\/www.delalumiereauxyeux-photo.fr\/wp-content\/uploads\/2025\/10\/DSC_2922-1536x1024.jpg 1536w, https:\/\/www.delalumiereauxyeux-photo.fr\/wp-content\/uploads\/2025\/10\/DSC_2922-2048x1365.jpg 2048w\" sizes=\"(max-width: 1024px) 100vw, 1024px\" \/><\/figure>\n\n\n\n<figure class=\"wp-block-image size-large\"><img loading=\"lazy\" decoding=\"async\" width=\"1024\" height=\"683\" src=\"http:\/\/www.delalumiereauxyeux-photo.fr\/wp-content\/uploads\/2025\/10\/DSC_1000-1024x683.jpg\" alt=\"Finale de la Coupe de France des Rallyes 2025 photographe De la lumi\u00e8re aux yeux\" class=\"wp-image-8705\" srcset=\"https:\/\/www.delalumiereauxyeux-photo.fr\/wp-content\/uploads\/2025\/10\/DSC_1000-1024x683.jpg 1024w, https:\/\/www.delalumiereauxyeux-photo.fr\/wp-content\/uploads\/2025\/10\/DSC_1000-300x200.jpg 300w, https:\/\/www.delalumiereauxyeux-photo.fr\/wp-content\/uploads\/2025\/10\/DSC_1000-768x512.jpg 768w, https:\/\/www.delalumiereauxyeux-photo.fr\/wp-content\/uploads\/2025\/10\/DSC_1000-1536x1024.jpg 1536w, https:\/\/www.delalumiereauxyeux-photo.fr\/wp-content\/uploads\/2025\/10\/DSC_1000-2048x1365.jpg 2048w\" sizes=\"(max-width: 1024px) 100vw, 1024px\" \/><\/figure>\n\n\n\n<figure class=\"wp-block-image size-large\"><img loading=\"lazy\" decoding=\"async\" width=\"683\" height=\"1024\" src=\"http:\/\/www.delalumiereauxyeux-photo.fr\/wp-content\/uploads\/2025\/10\/DSC_0007-2-683x1024.jpg\" alt=\"Finale de la Coupe de France des Rallyes 2025 photographe De la lumi\u00e8re aux yeux\" class=\"wp-image-8707\" srcset=\"https:\/\/www.delalumiereauxyeux-photo.fr\/wp-content\/uploads\/2025\/10\/DSC_0007-2-683x1024.jpg 683w, https:\/\/www.delalumiereauxyeux-photo.fr\/wp-content\/uploads\/2025\/10\/DSC_0007-2-200x300.jpg 200w, https:\/\/www.delalumiereauxyeux-photo.fr\/wp-content\/uploads\/2025\/10\/DSC_0007-2-768x1152.jpg 768w, https:\/\/www.delalumiereauxyeux-photo.fr\/wp-content\/uploads\/2025\/10\/DSC_0007-2-1024x1536.jpg 1024w, https:\/\/www.delalumiereauxyeux-photo.fr\/wp-content\/uploads\/2025\/10\/DSC_0007-2-1365x2048.jpg 1365w, https:\/\/www.delalumiereauxyeux-photo.fr\/wp-content\/uploads\/2025\/10\/DSC_0007-2-scaled.jpg 1707w\" sizes=\"(max-width: 683px) 100vw, 683px\" \/><\/figure>\n\n\n\n<figure class=\"wp-block-image size-large\"><img loading=\"lazy\" decoding=\"async\" width=\"683\" height=\"1024\" src=\"http:\/\/www.delalumiereauxyeux-photo.fr\/wp-content\/uploads\/2025\/10\/DSC_0014-2-683x1024.jpg\" alt=\"Finale de la Coupe de France des Rallyes 2025 photographe De la lumi\u00e8re aux yeux\" class=\"wp-image-8708\" srcset=\"https:\/\/www.delalumiereauxyeux-photo.fr\/wp-content\/uploads\/2025\/10\/DSC_0014-2-683x1024.jpg 683w, https:\/\/www.delalumiereauxyeux-photo.fr\/wp-content\/uploads\/2025\/10\/DSC_0014-2-200x300.jpg 200w, https:\/\/www.delalumiereauxyeux-photo.fr\/wp-content\/uploads\/2025\/10\/DSC_0014-2-768x1152.jpg 768w, https:\/\/www.delalumiereauxyeux-photo.fr\/wp-content\/uploads\/2025\/10\/DSC_0014-2-1024x1536.jpg 1024w, https:\/\/www.delalumiereauxyeux-photo.fr\/wp-content\/uploads\/2025\/10\/DSC_0014-2-1365x2048.jpg 1365w, https:\/\/www.delalumiereauxyeux-photo.fr\/wp-content\/uploads\/2025\/10\/DSC_0014-2-scaled.jpg 1707w\" sizes=\"(max-width: 683px) 100vw, 683px\" \/><\/figure>\n\n\n\n<figure class=\"wp-block-image size-large\"><img loading=\"lazy\" decoding=\"async\" width=\"777\" height=\"1024\" src=\"http:\/\/www.delalumiereauxyeux-photo.fr\/wp-content\/uploads\/2025\/10\/DSC_0018-2-777x1024.jpg\" alt=\"Finale de la Coupe de France des Rallyes 2025 photographe De la lumi\u00e8re aux yeux\" class=\"wp-image-8709\" srcset=\"https:\/\/www.delalumiereauxyeux-photo.fr\/wp-content\/uploads\/2025\/10\/DSC_0018-2-777x1024.jpg 777w, https:\/\/www.delalumiereauxyeux-photo.fr\/wp-content\/uploads\/2025\/10\/DSC_0018-2-228x300.jpg 228w, https:\/\/www.delalumiereauxyeux-photo.fr\/wp-content\/uploads\/2025\/10\/DSC_0018-2-768x1012.jpg 768w, https:\/\/www.delalumiereauxyeux-photo.fr\/wp-content\/uploads\/2025\/10\/DSC_0018-2-1166x1536.jpg 1166w, https:\/\/www.delalumiereauxyeux-photo.fr\/wp-content\/uploads\/2025\/10\/DSC_0018-2-1555x2048.jpg 1555w, https:\/\/www.delalumiereauxyeux-photo.fr\/wp-content\/uploads\/2025\/10\/DSC_0018-2-scaled.jpg 1943w\" sizes=\"(max-width: 777px) 100vw, 777px\" \/><\/figure>\n\n\n\n<figure class=\"wp-block-image size-large\"><img loading=\"lazy\" decoding=\"async\" width=\"683\" height=\"1024\" src=\"http:\/\/www.delalumiereauxyeux-photo.fr\/wp-content\/uploads\/2025\/10\/DSC_0033-2-1-683x1024.jpg\" alt=\"Finale de la Coupe de France des Rallyes 2025 photographe De la lumi\u00e8re aux yeux\" class=\"wp-image-8710\" srcset=\"https:\/\/www.delalumiereauxyeux-photo.fr\/wp-content\/uploads\/2025\/10\/DSC_0033-2-1-683x1024.jpg 683w, https:\/\/www.delalumiereauxyeux-photo.fr\/wp-content\/uploads\/2025\/10\/DSC_0033-2-1-200x300.jpg 200w, https:\/\/www.delalumiereauxyeux-photo.fr\/wp-content\/uploads\/2025\/10\/DSC_0033-2-1-768x1152.jpg 768w, https:\/\/www.delalumiereauxyeux-photo.fr\/wp-content\/uploads\/2025\/10\/DSC_0033-2-1-1024x1536.jpg 1024w, https:\/\/www.delalumiereauxyeux-photo.fr\/wp-content\/uploads\/2025\/10\/DSC_0033-2-1-1365x2048.jpg 1365w, https:\/\/www.delalumiereauxyeux-photo.fr\/wp-content\/uploads\/2025\/10\/DSC_0033-2-1-scaled.jpg 1707w\" sizes=\"(max-width: 683px) 100vw, 683px\" \/><\/figure>\n\n\n\n<figure class=\"wp-block-image size-large\"><img loading=\"lazy\" decoding=\"async\" width=\"1024\" height=\"541\" src=\"http:\/\/www.delalumiereauxyeux-photo.fr\/wp-content\/uploads\/2025\/10\/DSC_2934-1024x541.jpg\" alt=\"Finale de la Coupe de France des Rallyes 2025 photographe De la lumi\u00e8re aux yeux\" class=\"wp-image-8711\" srcset=\"https:\/\/www.delalumiereauxyeux-photo.fr\/wp-content\/uploads\/2025\/10\/DSC_2934-1024x541.jpg 1024w, https:\/\/www.delalumiereauxyeux-photo.fr\/wp-content\/uploads\/2025\/10\/DSC_2934-300x158.jpg 300w, https:\/\/www.delalumiereauxyeux-photo.fr\/wp-content\/uploads\/2025\/10\/DSC_2934-768x406.jpg 768w, https:\/\/www.delalumiereauxyeux-photo.fr\/wp-content\/uploads\/2025\/10\/DSC_2934-1536x811.jpg 1536w, https:\/\/www.delalumiereauxyeux-photo.fr\/wp-content\/uploads\/2025\/10\/DSC_2934-2048x1082.jpg 2048w\" sizes=\"(max-width: 1024px) 100vw, 1024px\" \/><\/figure>\n\n\n\n<figure class=\"wp-block-image size-large\"><img loading=\"lazy\" decoding=\"async\" width=\"1024\" height=\"683\" src=\"http:\/\/www.delalumiereauxyeux-photo.fr\/wp-content\/uploads\/2025\/10\/DSC_2942-1024x683.jpg\" alt=\"Finale de la Coupe de France des Rallyes 2025 photographe De la lumi\u00e8re aux yeux\" class=\"wp-image-8712\" srcset=\"https:\/\/www.delalumiereauxyeux-photo.fr\/wp-content\/uploads\/2025\/10\/DSC_2942-1024x683.jpg 1024w, https:\/\/www.delalumiereauxyeux-photo.fr\/wp-content\/uploads\/2025\/10\/DSC_2942-300x200.jpg 300w, https:\/\/www.delalumiereauxyeux-photo.fr\/wp-content\/uploads\/2025\/10\/DSC_2942-768x512.jpg 768w, https:\/\/www.delalumiereauxyeux-photo.fr\/wp-content\/uploads\/2025\/10\/DSC_2942-1536x1024.jpg 1536w, https:\/\/www.delalumiereauxyeux-photo.fr\/wp-content\/uploads\/2025\/10\/DSC_2942-2048x1365.jpg 2048w\" sizes=\"(max-width: 1024px) 100vw, 1024px\" \/><\/figure>\n\n\n\n<figure class=\"wp-block-image size-large\"><img loading=\"lazy\" decoding=\"async\" width=\"1024\" height=\"683\" src=\"http:\/\/www.delalumiereauxyeux-photo.fr\/wp-content\/uploads\/2025\/10\/DSC_0039-2-1024x683.jpg\" alt=\"Finale de la Coupe de France des Rallyes 2025 photographe De la lumi\u00e8re aux yeux\" class=\"wp-image-8713\" srcset=\"https:\/\/www.delalumiereauxyeux-photo.fr\/wp-content\/uploads\/2025\/10\/DSC_0039-2-1024x683.jpg 1024w, https:\/\/www.delalumiereauxyeux-photo.fr\/wp-content\/uploads\/2025\/10\/DSC_0039-2-300x200.jpg 300w, https:\/\/www.delalumiereauxyeux-photo.fr\/wp-content\/uploads\/2025\/10\/DSC_0039-2-768x512.jpg 768w, https:\/\/www.delalumiereauxyeux-photo.fr\/wp-content\/uploads\/2025\/10\/DSC_0039-2-1536x1024.jpg 1536w, https:\/\/www.delalumiereauxyeux-photo.fr\/wp-content\/uploads\/2025\/10\/DSC_0039-2-2048x1365.jpg 2048w\" sizes=\"(max-width: 1024px) 100vw, 1024px\" \/><\/figure>\n\n\n\n<figure class=\"wp-block-image size-large\"><img loading=\"lazy\" decoding=\"async\" width=\"1024\" height=\"634\" src=\"http:\/\/www.delalumiereauxyeux-photo.fr\/wp-content\/uploads\/2025\/10\/DSC_2948-1024x634.jpg\" alt=\"Finale de la Coupe de France des Rallyes 2025 photographe De la lumi\u00e8re aux yeux\" class=\"wp-image-8714\" srcset=\"https:\/\/www.delalumiereauxyeux-photo.fr\/wp-content\/uploads\/2025\/10\/DSC_2948-1024x634.jpg 1024w, https:\/\/www.delalumiereauxyeux-photo.fr\/wp-content\/uploads\/2025\/10\/DSC_2948-300x186.jpg 300w, https:\/\/www.delalumiereauxyeux-photo.fr\/wp-content\/uploads\/2025\/10\/DSC_2948-768x475.jpg 768w, https:\/\/www.delalumiereauxyeux-photo.fr\/wp-content\/uploads\/2025\/10\/DSC_2948-1536x950.jpg 1536w, https:\/\/www.delalumiereauxyeux-photo.fr\/wp-content\/uploads\/2025\/10\/DSC_2948-2048x1267.jpg 2048w\" sizes=\"(max-width: 1024px) 100vw, 1024px\" \/><\/figure>\n\n\n\n<figure class=\"wp-block-image size-large\"><img loading=\"lazy\" decoding=\"async\" width=\"868\" height=\"1024\" src=\"http:\/\/www.delalumiereauxyeux-photo.fr\/wp-content\/uploads\/2025\/10\/DSC_0041-2-868x1024.jpg\" alt=\"Finale de la Coupe de France des Rallyes 2025 photographe De la lumi\u00e8re aux yeux\" class=\"wp-image-8715\" srcset=\"https:\/\/www.delalumiereauxyeux-photo.fr\/wp-content\/uploads\/2025\/10\/DSC_0041-2-868x1024.jpg 868w, https:\/\/www.delalumiereauxyeux-photo.fr\/wp-content\/uploads\/2025\/10\/DSC_0041-2-254x300.jpg 254w, https:\/\/www.delalumiereauxyeux-photo.fr\/wp-content\/uploads\/2025\/10\/DSC_0041-2-768x906.jpg 768w, https:\/\/www.delalumiereauxyeux-photo.fr\/wp-content\/uploads\/2025\/10\/DSC_0041-2-1302x1536.jpg 1302w, https:\/\/www.delalumiereauxyeux-photo.fr\/wp-content\/uploads\/2025\/10\/DSC_0041-2-1736x2048.jpg 1736w\" sizes=\"(max-width: 868px) 100vw, 868px\" \/><\/figure>\n\n\n\n<figure class=\"wp-block-image size-large\"><img loading=\"lazy\" decoding=\"async\" width=\"1024\" height=\"683\" src=\"http:\/\/www.delalumiereauxyeux-photo.fr\/wp-content\/uploads\/2025\/10\/DSC_0044-2-1024x683.jpg\" alt=\"Finale de la Coupe de France des Rallyes 2025 photographe De la lumi\u00e8re aux yeux\" class=\"wp-image-8716\" srcset=\"https:\/\/www.delalumiereauxyeux-photo.fr\/wp-content\/uploads\/2025\/10\/DSC_0044-2-1024x683.jpg 1024w, https:\/\/www.delalumiereauxyeux-photo.fr\/wp-content\/uploads\/2025\/10\/DSC_0044-2-300x200.jpg 300w, https:\/\/www.delalumiereauxyeux-photo.fr\/wp-content\/uploads\/2025\/10\/DSC_0044-2-768x512.jpg 768w, https:\/\/www.delalumiereauxyeux-photo.fr\/wp-content\/uploads\/2025\/10\/DSC_0044-2-1536x1024.jpg 1536w, https:\/\/www.delalumiereauxyeux-photo.fr\/wp-content\/uploads\/2025\/10\/DSC_0044-2-2048x1365.jpg 2048w\" sizes=\"(max-width: 1024px) 100vw, 1024px\" \/><\/figure>\n\n\n\n<figure class=\"wp-block-image size-large\"><img loading=\"lazy\" decoding=\"async\" width=\"1024\" height=\"683\" src=\"http:\/\/www.delalumiereauxyeux-photo.fr\/wp-content\/uploads\/2025\/10\/DSC_2958-1024x683.jpg\" alt=\"Finale de la Coupe de France des Rallyes 2025 photographe De la lumi\u00e8re aux yeux\" class=\"wp-image-8717\" srcset=\"https:\/\/www.delalumiereauxyeux-photo.fr\/wp-content\/uploads\/2025\/10\/DSC_2958-1024x683.jpg 1024w, https:\/\/www.delalumiereauxyeux-photo.fr\/wp-content\/uploads\/2025\/10\/DSC_2958-300x200.jpg 300w, https:\/\/www.delalumiereauxyeux-photo.fr\/wp-content\/uploads\/2025\/10\/DSC_2958-768x512.jpg 768w, https:\/\/www.delalumiereauxyeux-photo.fr\/wp-content\/uploads\/2025\/10\/DSC_2958-1536x1024.jpg 1536w, https:\/\/www.delalumiereauxyeux-photo.fr\/wp-content\/uploads\/2025\/10\/DSC_2958-2048x1365.jpg 2048w\" sizes=\"(max-width: 1024px) 100vw, 1024px\" \/><\/figure>\n\n\n\n<figure class=\"wp-block-image size-large\"><img loading=\"lazy\" decoding=\"async\" width=\"683\" height=\"1024\" src=\"http:\/\/www.delalumiereauxyeux-photo.fr\/wp-content\/uploads\/2025\/10\/DSC_0049-2-683x1024.jpg\" alt=\"Finale de la Coupe de France des Rallyes 2025 photographe De la lumi\u00e8re aux yeux\" class=\"wp-image-8718\" srcset=\"https:\/\/www.delalumiereauxyeux-photo.fr\/wp-content\/uploads\/2025\/10\/DSC_0049-2-683x1024.jpg 683w, https:\/\/www.delalumiereauxyeux-photo.fr\/wp-content\/uploads\/2025\/10\/DSC_0049-2-200x300.jpg 200w, https:\/\/www.delalumiereauxyeux-photo.fr\/wp-content\/uploads\/2025\/10\/DSC_0049-2-768x1152.jpg 768w, https:\/\/www.delalumiereauxyeux-photo.fr\/wp-content\/uploads\/2025\/10\/DSC_0049-2-1024x1536.jpg 1024w, https:\/\/www.delalumiereauxyeux-photo.fr\/wp-content\/uploads\/2025\/10\/DSC_0049-2-1365x2048.jpg 1365w, https:\/\/www.delalumiereauxyeux-photo.fr\/wp-content\/uploads\/2025\/10\/DSC_0049-2-scaled.jpg 1707w\" sizes=\"(max-width: 683px) 100vw, 683px\" \/><\/figure>\n\n\n\n<figure class=\"wp-block-image size-large\"><img loading=\"lazy\" decoding=\"async\" width=\"1024\" height=\"611\" src=\"http:\/\/www.delalumiereauxyeux-photo.fr\/wp-content\/uploads\/2025\/10\/DSC_2964-1024x611.jpg\" alt=\"Finale de la Coupe de France des Rallyes 2025 photographe De la lumi\u00e8re aux yeux\" class=\"wp-image-8719\" srcset=\"https:\/\/www.delalumiereauxyeux-photo.fr\/wp-content\/uploads\/2025\/10\/DSC_2964-1024x611.jpg 1024w, https:\/\/www.delalumiereauxyeux-photo.fr\/wp-content\/uploads\/2025\/10\/DSC_2964-300x179.jpg 300w, https:\/\/www.delalumiereauxyeux-photo.fr\/wp-content\/uploads\/2025\/10\/DSC_2964-768x458.jpg 768w, https:\/\/www.delalumiereauxyeux-photo.fr\/wp-content\/uploads\/2025\/10\/DSC_2964-1536x916.jpg 1536w, https:\/\/www.delalumiereauxyeux-photo.fr\/wp-content\/uploads\/2025\/10\/DSC_2964-2048x1222.jpg 2048w\" sizes=\"(max-width: 1024px) 100vw, 1024px\" \/><\/figure>\n\n\n\n<figure class=\"wp-block-image size-large\"><img loading=\"lazy\" decoding=\"async\" width=\"1024\" height=\"683\" src=\"http:\/\/www.delalumiereauxyeux-photo.fr\/wp-content\/uploads\/2025\/10\/DSC_0056-2-1024x683.jpg\" alt=\"Finale de la Coupe de France des Rallyes 2025 photographe De la lumi\u00e8re aux yeux\" class=\"wp-image-8720\" srcset=\"https:\/\/www.delalumiereauxyeux-photo.fr\/wp-content\/uploads\/2025\/10\/DSC_0056-2-1024x683.jpg 1024w, https:\/\/www.delalumiereauxyeux-photo.fr\/wp-content\/uploads\/2025\/10\/DSC_0056-2-300x200.jpg 300w, https:\/\/www.delalumiereauxyeux-photo.fr\/wp-content\/uploads\/2025\/10\/DSC_0056-2-768x512.jpg 768w, https:\/\/www.delalumiereauxyeux-photo.fr\/wp-content\/uploads\/2025\/10\/DSC_0056-2-1536x1024.jpg 1536w, https:\/\/www.delalumiereauxyeux-photo.fr\/wp-content\/uploads\/2025\/10\/DSC_0056-2-2048x1365.jpg 2048w\" sizes=\"(max-width: 1024px) 100vw, 1024px\" \/><\/figure>\n\n\n\n<figure class=\"wp-block-image size-large\"><img loading=\"lazy\" decoding=\"async\" width=\"1024\" height=\"683\" src=\"http:\/\/www.delalumiereauxyeux-photo.fr\/wp-content\/uploads\/2025\/10\/DSC_2973-1024x683.jpg\" alt=\"Finale de la Coupe de France des Rallyes 2025 photographe De la lumi\u00e8re aux yeux\" class=\"wp-image-8721\" srcset=\"https:\/\/www.delalumiereauxyeux-photo.fr\/wp-content\/uploads\/2025\/10\/DSC_2973-1024x683.jpg 1024w, https:\/\/www.delalumiereauxyeux-photo.fr\/wp-content\/uploads\/2025\/10\/DSC_2973-300x200.jpg 300w, https:\/\/www.delalumiereauxyeux-photo.fr\/wp-content\/uploads\/2025\/10\/DSC_2973-768x512.jpg 768w, https:\/\/www.delalumiereauxyeux-photo.fr\/wp-content\/uploads\/2025\/10\/DSC_2973-1536x1024.jpg 1536w, https:\/\/www.delalumiereauxyeux-photo.fr\/wp-content\/uploads\/2025\/10\/DSC_2973-2048x1365.jpg 2048w\" sizes=\"(max-width: 1024px) 100vw, 1024px\" \/><\/figure>\n\n\n\n<figure class=\"wp-block-image size-large\"><img loading=\"lazy\" decoding=\"async\" width=\"683\" height=\"1024\" src=\"http:\/\/www.delalumiereauxyeux-photo.fr\/wp-content\/uploads\/2025\/10\/DSC_0057-2-683x1024.jpg\" alt=\"Finale de la Coupe de France des Rallyes 2025 photographe De la lumi\u00e8re aux yeux\" class=\"wp-image-8722\" srcset=\"https:\/\/www.delalumiereauxyeux-photo.fr\/wp-content\/uploads\/2025\/10\/DSC_0057-2-683x1024.jpg 683w, https:\/\/www.delalumiereauxyeux-photo.fr\/wp-content\/uploads\/2025\/10\/DSC_0057-2-200x300.jpg 200w, https:\/\/www.delalumiereauxyeux-photo.fr\/wp-content\/uploads\/2025\/10\/DSC_0057-2-768x1152.jpg 768w, https:\/\/www.delalumiereauxyeux-photo.fr\/wp-content\/uploads\/2025\/10\/DSC_0057-2-1024x1536.jpg 1024w, https:\/\/www.delalumiereauxyeux-photo.fr\/wp-content\/uploads\/2025\/10\/DSC_0057-2-1365x2048.jpg 1365w, https:\/\/www.delalumiereauxyeux-photo.fr\/wp-content\/uploads\/2025\/10\/DSC_0057-2-scaled.jpg 1707w\" sizes=\"(max-width: 683px) 100vw, 683px\" \/><\/figure>\n\n\n\n<figure class=\"wp-block-image size-large\"><img loading=\"lazy\" decoding=\"async\" width=\"1024\" height=\"683\" src=\"http:\/\/www.delalumiereauxyeux-photo.fr\/wp-content\/uploads\/2025\/10\/DSC_2980-1024x683.jpg\" alt=\"Finale de la Coupe de France des Rallyes 2025 photographe De la lumi\u00e8re aux yeux\" class=\"wp-image-8723\" srcset=\"https:\/\/www.delalumiereauxyeux-photo.fr\/wp-content\/uploads\/2025\/10\/DSC_2980-1024x683.jpg 1024w, https:\/\/www.delalumiereauxyeux-photo.fr\/wp-content\/uploads\/2025\/10\/DSC_2980-300x200.jpg 300w, https:\/\/www.delalumiereauxyeux-photo.fr\/wp-content\/uploads\/2025\/10\/DSC_2980-768x512.jpg 768w, https:\/\/www.delalumiereauxyeux-photo.fr\/wp-content\/uploads\/2025\/10\/DSC_2980-1536x1024.jpg 1536w, https:\/\/www.delalumiereauxyeux-photo.fr\/wp-content\/uploads\/2025\/10\/DSC_2980-2048x1365.jpg 2048w\" sizes=\"(max-width: 1024px) 100vw, 1024px\" \/><\/figure>\n\n\n\n<figure class=\"wp-block-image size-large\"><img loading=\"lazy\" decoding=\"async\" width=\"848\" height=\"1024\" src=\"http:\/\/www.delalumiereauxyeux-photo.fr\/wp-content\/uploads\/2025\/10\/DSC_0076-2-848x1024.jpg\" alt=\"Finale de la Coupe de France des Rallyes 2025 photographe De la lumi\u00e8re aux yeux\" class=\"wp-image-8724\" srcset=\"https:\/\/www.delalumiereauxyeux-photo.fr\/wp-content\/uploads\/2025\/10\/DSC_0076-2-848x1024.jpg 848w, https:\/\/www.delalumiereauxyeux-photo.fr\/wp-content\/uploads\/2025\/10\/DSC_0076-2-248x300.jpg 248w, https:\/\/www.delalumiereauxyeux-photo.fr\/wp-content\/uploads\/2025\/10\/DSC_0076-2-768x928.jpg 768w, https:\/\/www.delalumiereauxyeux-photo.fr\/wp-content\/uploads\/2025\/10\/DSC_0076-2-1272x1536.jpg 1272w, https:\/\/www.delalumiereauxyeux-photo.fr\/wp-content\/uploads\/2025\/10\/DSC_0076-2-1695x2048.jpg 1695w\" sizes=\"(max-width: 848px) 100vw, 848px\" \/><\/figure>\n\n\n\n<figure class=\"wp-block-image size-large\"><img loading=\"lazy\" decoding=\"async\" width=\"683\" height=\"1024\" src=\"http:\/\/www.delalumiereauxyeux-photo.fr\/wp-content\/uploads\/2025\/10\/DSC_0084-2-683x1024.jpg\" alt=\"Finale de la Coupe de France des Rallyes 2025 photographe De la lumi\u00e8re aux yeux\" class=\"wp-image-8725\" srcset=\"https:\/\/www.delalumiereauxyeux-photo.fr\/wp-content\/uploads\/2025\/10\/DSC_0084-2-683x1024.jpg 683w, https:\/\/www.delalumiereauxyeux-photo.fr\/wp-content\/uploads\/2025\/10\/DSC_0084-2-200x300.jpg 200w, https:\/\/www.delalumiereauxyeux-photo.fr\/wp-content\/uploads\/2025\/10\/DSC_0084-2-768x1152.jpg 768w, https:\/\/www.delalumiereauxyeux-photo.fr\/wp-content\/uploads\/2025\/10\/DSC_0084-2-1024x1536.jpg 1024w, https:\/\/www.delalumiereauxyeux-photo.fr\/wp-content\/uploads\/2025\/10\/DSC_0084-2-1365x2048.jpg 1365w, https:\/\/www.delalumiereauxyeux-photo.fr\/wp-content\/uploads\/2025\/10\/DSC_0084-2-scaled.jpg 1707w\" sizes=\"(max-width: 683px) 100vw, 683px\" \/><\/figure>\n\n\n\n<figure class=\"wp-block-image size-large\"><img loading=\"lazy\" decoding=\"async\" width=\"1024\" height=\"683\" src=\"http:\/\/www.delalumiereauxyeux-photo.fr\/wp-content\/uploads\/2025\/10\/DSC_0091-2-1024x683.jpg\" alt=\"Finale de la Coupe de France des Rallyes 2025 photographe De la lumi\u00e8re aux yeux\" class=\"wp-image-8726\" srcset=\"https:\/\/www.delalumiereauxyeux-photo.fr\/wp-content\/uploads\/2025\/10\/DSC_0091-2-1024x683.jpg 1024w, https:\/\/www.delalumiereauxyeux-photo.fr\/wp-content\/uploads\/2025\/10\/DSC_0091-2-300x200.jpg 300w, https:\/\/www.delalumiereauxyeux-photo.fr\/wp-content\/uploads\/2025\/10\/DSC_0091-2-768x512.jpg 768w, https:\/\/www.delalumiereauxyeux-photo.fr\/wp-content\/uploads\/2025\/10\/DSC_0091-2-1536x1024.jpg 1536w, https:\/\/www.delalumiereauxyeux-photo.fr\/wp-content\/uploads\/2025\/10\/DSC_0091-2-2048x1365.jpg 2048w\" sizes=\"(max-width: 1024px) 100vw, 1024px\" \/><\/figure>\n\n\n\n<figure class=\"wp-block-image size-large\"><img loading=\"lazy\" decoding=\"async\" width=\"1024\" height=\"683\" src=\"http:\/\/www.delalumiereauxyeux-photo.fr\/wp-content\/uploads\/2025\/10\/DSC_0097-2-1024x683.jpg\" alt=\"Finale de la Coupe de France des Rallyes 2025 photographe De la lumi\u00e8re aux yeux\" class=\"wp-image-8727\" srcset=\"https:\/\/www.delalumiereauxyeux-photo.fr\/wp-content\/uploads\/2025\/10\/DSC_0097-2-1024x683.jpg 1024w, https:\/\/www.delalumiereauxyeux-photo.fr\/wp-content\/uploads\/2025\/10\/DSC_0097-2-300x200.jpg 300w, https:\/\/www.delalumiereauxyeux-photo.fr\/wp-content\/uploads\/2025\/10\/DSC_0097-2-768x512.jpg 768w, https:\/\/www.delalumiereauxyeux-photo.fr\/wp-content\/uploads\/2025\/10\/DSC_0097-2-1536x1024.jpg 1536w, https:\/\/www.delalumiereauxyeux-photo.fr\/wp-content\/uploads\/2025\/10\/DSC_0097-2-2048x1365.jpg 2048w\" sizes=\"(max-width: 1024px) 100vw, 1024px\" \/><\/figure>\n\n\n\n<figure class=\"wp-block-image size-large\"><img loading=\"lazy\" decoding=\"async\" width=\"1024\" height=\"683\" src=\"http:\/\/www.delalumiereauxyeux-photo.fr\/wp-content\/uploads\/2025\/10\/DSC_3000-1024x683.jpg\" alt=\"Finale de la Coupe de France des Rallyes 2025 photographe De la lumi\u00e8re aux yeux\" class=\"wp-image-8728\" srcset=\"https:\/\/www.delalumiereauxyeux-photo.fr\/wp-content\/uploads\/2025\/10\/DSC_3000-1024x683.jpg 1024w, https:\/\/www.delalumiereauxyeux-photo.fr\/wp-content\/uploads\/2025\/10\/DSC_3000-300x200.jpg 300w, https:\/\/www.delalumiereauxyeux-photo.fr\/wp-content\/uploads\/2025\/10\/DSC_3000-768x512.jpg 768w, https:\/\/www.delalumiereauxyeux-photo.fr\/wp-content\/uploads\/2025\/10\/DSC_3000-1536x1024.jpg 1536w, https:\/\/www.delalumiereauxyeux-photo.fr\/wp-content\/uploads\/2025\/10\/DSC_3000-2048x1365.jpg 2048w\" sizes=\"(max-width: 1024px) 100vw, 1024px\" \/><\/figure>\n\n\n\n<figure class=\"wp-block-image size-large\"><img loading=\"lazy\" decoding=\"async\" width=\"1024\" height=\"683\" src=\"http:\/\/www.delalumiereauxyeux-photo.fr\/wp-content\/uploads\/2025\/10\/DSC_0106-2-1024x683.jpg\" alt=\"Finale de la Coupe de France des Rallyes 2025 photographe De la lumi\u00e8re aux yeux\" class=\"wp-image-8729\" srcset=\"https:\/\/www.delalumiereauxyeux-photo.fr\/wp-content\/uploads\/2025\/10\/DSC_0106-2-1024x683.jpg 1024w, https:\/\/www.delalumiereauxyeux-photo.fr\/wp-content\/uploads\/2025\/10\/DSC_0106-2-300x200.jpg 300w, https:\/\/www.delalumiereauxyeux-photo.fr\/wp-content\/uploads\/2025\/10\/DSC_0106-2-768x512.jpg 768w, https:\/\/www.delalumiereauxyeux-photo.fr\/wp-content\/uploads\/2025\/10\/DSC_0106-2-1536x1024.jpg 1536w, https:\/\/www.delalumiereauxyeux-photo.fr\/wp-content\/uploads\/2025\/10\/DSC_0106-2-2048x1365.jpg 2048w\" sizes=\"(max-width: 1024px) 100vw, 1024px\" \/><\/figure>\n\n\n\n<figure class=\"wp-block-image size-large\"><img loading=\"lazy\" decoding=\"async\" width=\"1024\" height=\"683\" src=\"http:\/\/www.delalumiereauxyeux-photo.fr\/wp-content\/uploads\/2025\/10\/DSC_3009-1024x683.jpg\" alt=\"Finale de la Coupe de France des Rallyes 2025 photographe De la lumi\u00e8re aux yeux\" class=\"wp-image-8730\" srcset=\"https:\/\/www.delalumiereauxyeux-photo.fr\/wp-content\/uploads\/2025\/10\/DSC_3009-1024x683.jpg 1024w, https:\/\/www.delalumiereauxyeux-photo.fr\/wp-content\/uploads\/2025\/10\/DSC_3009-300x200.jpg 300w, https:\/\/www.delalumiereauxyeux-photo.fr\/wp-content\/uploads\/2025\/10\/DSC_3009-768x512.jpg 768w, https:\/\/www.delalumiereauxyeux-photo.fr\/wp-content\/uploads\/2025\/10\/DSC_3009-1536x1024.jpg 1536w, https:\/\/www.delalumiereauxyeux-photo.fr\/wp-content\/uploads\/2025\/10\/DSC_3009-2048x1365.jpg 2048w\" sizes=\"(max-width: 1024px) 100vw, 1024px\" \/><\/figure>\n\n\n\n<figure class=\"wp-block-image size-large\"><img loading=\"lazy\" decoding=\"async\" width=\"683\" height=\"1024\" src=\"http:\/\/www.delalumiereauxyeux-photo.fr\/wp-content\/uploads\/2025\/10\/DSC_0115-2-683x1024.jpg\" alt=\"Finale de la Coupe de France des Rallyes 2025 photographe De la lumi\u00e8re aux yeux\" class=\"wp-image-8731\" srcset=\"https:\/\/www.delalumiereauxyeux-photo.fr\/wp-content\/uploads\/2025\/10\/DSC_0115-2-683x1024.jpg 683w, https:\/\/www.delalumiereauxyeux-photo.fr\/wp-content\/uploads\/2025\/10\/DSC_0115-2-200x300.jpg 200w, https:\/\/www.delalumiereauxyeux-photo.fr\/wp-content\/uploads\/2025\/10\/DSC_0115-2-768x1152.jpg 768w, https:\/\/www.delalumiereauxyeux-photo.fr\/wp-content\/uploads\/2025\/10\/DSC_0115-2-1024x1536.jpg 1024w, https:\/\/www.delalumiereauxyeux-photo.fr\/wp-content\/uploads\/2025\/10\/DSC_0115-2-1365x2048.jpg 1365w, https:\/\/www.delalumiereauxyeux-photo.fr\/wp-content\/uploads\/2025\/10\/DSC_0115-2-scaled.jpg 1707w\" sizes=\"(max-width: 683px) 100vw, 683px\" \/><\/figure>\n\n\n\n<figure class=\"wp-block-image size-large\"><img loading=\"lazy\" decoding=\"async\" width=\"683\" height=\"1024\" src=\"http:\/\/www.delalumiereauxyeux-photo.fr\/wp-content\/uploads\/2025\/10\/DSC_0117-2-683x1024.jpg\" alt=\"Finale de la Coupe de France des Rallyes 2025 photographe De la lumi\u00e8re aux yeux\" class=\"wp-image-8732\" srcset=\"https:\/\/www.delalumiereauxyeux-photo.fr\/wp-content\/uploads\/2025\/10\/DSC_0117-2-683x1024.jpg 683w, https:\/\/www.delalumiereauxyeux-photo.fr\/wp-content\/uploads\/2025\/10\/DSC_0117-2-200x300.jpg 200w, https:\/\/www.delalumiereauxyeux-photo.fr\/wp-content\/uploads\/2025\/10\/DSC_0117-2-768x1152.jpg 768w, https:\/\/www.delalumiereauxyeux-photo.fr\/wp-content\/uploads\/2025\/10\/DSC_0117-2-1024x1536.jpg 1024w, https:\/\/www.delalumiereauxyeux-photo.fr\/wp-content\/uploads\/2025\/10\/DSC_0117-2-1365x2048.jpg 1365w, https:\/\/www.delalumiereauxyeux-photo.fr\/wp-content\/uploads\/2025\/10\/DSC_0117-2-scaled.jpg 1707w\" sizes=\"(max-width: 683px) 100vw, 683px\" \/><\/figure>\n\n\n\n<figure class=\"wp-block-image size-large\"><img loading=\"lazy\" decoding=\"async\" width=\"1024\" height=\"683\" src=\"http:\/\/www.delalumiereauxyeux-photo.fr\/wp-content\/uploads\/2025\/10\/DSC_3022-1024x683.jpg\" alt=\"Finale de la Coupe de France des Rallyes 2025 photographe De la lumi\u00e8re aux yeux\" class=\"wp-image-8733\" srcset=\"https:\/\/www.delalumiereauxyeux-photo.fr\/wp-content\/uploads\/2025\/10\/DSC_3022-1024x683.jpg 1024w, https:\/\/www.delalumiereauxyeux-photo.fr\/wp-content\/uploads\/2025\/10\/DSC_3022-300x200.jpg 300w, https:\/\/www.delalumiereauxyeux-photo.fr\/wp-content\/uploads\/2025\/10\/DSC_3022-768x512.jpg 768w, https:\/\/www.delalumiereauxyeux-photo.fr\/wp-content\/uploads\/2025\/10\/DSC_3022-1536x1024.jpg 1536w, https:\/\/www.delalumiereauxyeux-photo.fr\/wp-content\/uploads\/2025\/10\/DSC_3022-2048x1365.jpg 2048w\" sizes=\"(max-width: 1024px) 100vw, 1024px\" \/><\/figure>\n\n\n\n<figure class=\"wp-block-image size-large\"><img loading=\"lazy\" decoding=\"async\" width=\"1024\" height=\"683\" src=\"http:\/\/www.delalumiereauxyeux-photo.fr\/wp-content\/uploads\/2025\/10\/DSC_3024-1024x683.jpg\" alt=\"Finale de la Coupe de France des Rallyes 2025 photographe De la lumi\u00e8re aux yeux\" class=\"wp-image-8734\" srcset=\"https:\/\/www.delalumiereauxyeux-photo.fr\/wp-content\/uploads\/2025\/10\/DSC_3024-1024x683.jpg 1024w, https:\/\/www.delalumiereauxyeux-photo.fr\/wp-content\/uploads\/2025\/10\/DSC_3024-300x200.jpg 300w, https:\/\/www.delalumiereauxyeux-photo.fr\/wp-content\/uploads\/2025\/10\/DSC_3024-768x512.jpg 768w, https:\/\/www.delalumiereauxyeux-photo.fr\/wp-content\/uploads\/2025\/10\/DSC_3024-1536x1024.jpg 1536w, https:\/\/www.delalumiereauxyeux-photo.fr\/wp-content\/uploads\/2025\/10\/DSC_3024-2048x1365.jpg 2048w\" sizes=\"(max-width: 1024px) 100vw, 1024px\" \/><\/figure>\n\n\n\n<figure class=\"wp-block-image size-large\"><img loading=\"lazy\" decoding=\"async\" width=\"1024\" height=\"683\" src=\"http:\/\/www.delalumiereauxyeux-photo.fr\/wp-content\/uploads\/2025\/10\/DSC_3028-1024x683.jpg\" alt=\"Finale de la Coupe de France des Rallyes 2025 photographe De la lumi\u00e8re aux yeux\" class=\"wp-image-8735\" srcset=\"https:\/\/www.delalumiereauxyeux-photo.fr\/wp-content\/uploads\/2025\/10\/DSC_3028-1024x683.jpg 1024w, https:\/\/www.delalumiereauxyeux-photo.fr\/wp-content\/uploads\/2025\/10\/DSC_3028-300x200.jpg 300w, https:\/\/www.delalumiereauxyeux-photo.fr\/wp-content\/uploads\/2025\/10\/DSC_3028-768x512.jpg 768w, https:\/\/www.delalumiereauxyeux-photo.fr\/wp-content\/uploads\/2025\/10\/DSC_3028-1536x1024.jpg 1536w, https:\/\/www.delalumiereauxyeux-photo.fr\/wp-content\/uploads\/2025\/10\/DSC_3028-2048x1365.jpg 2048w\" sizes=\"(max-width: 1024px) 100vw, 1024px\" \/><\/figure>\n\n\n\n<figure class=\"wp-block-image size-large\"><img loading=\"lazy\" decoding=\"async\" width=\"1024\" height=\"633\" src=\"http:\/\/www.delalumiereauxyeux-photo.fr\/wp-content\/uploads\/2025\/10\/DSC_3030-1024x633.jpg\" alt=\"Finale de la Coupe de France des Rallyes 2025 photographe De la lumi\u00e8re aux yeux\" class=\"wp-image-8736\" srcset=\"https:\/\/www.delalumiereauxyeux-photo.fr\/wp-content\/uploads\/2025\/10\/DSC_3030-1024x633.jpg 1024w, https:\/\/www.delalumiereauxyeux-photo.fr\/wp-content\/uploads\/2025\/10\/DSC_3030-300x185.jpg 300w, https:\/\/www.delalumiereauxyeux-photo.fr\/wp-content\/uploads\/2025\/10\/DSC_3030-768x475.jpg 768w, https:\/\/www.delalumiereauxyeux-photo.fr\/wp-content\/uploads\/2025\/10\/DSC_3030-1536x949.jpg 1536w, https:\/\/www.delalumiereauxyeux-photo.fr\/wp-content\/uploads\/2025\/10\/DSC_3030-2048x1265.jpg 2048w\" sizes=\"(max-width: 1024px) 100vw, 1024px\" \/><\/figure>\n\n\n\n<figure class=\"wp-block-image size-large\"><img loading=\"lazy\" decoding=\"async\" width=\"754\" height=\"1024\" src=\"http:\/\/www.delalumiereauxyeux-photo.fr\/wp-content\/uploads\/2025\/10\/DSC_0129-2-754x1024.jpg\" alt=\"Finale de la Coupe de France des Rallyes 2025 photographe De la lumi\u00e8re aux yeux\" class=\"wp-image-8737\" srcset=\"https:\/\/www.delalumiereauxyeux-photo.fr\/wp-content\/uploads\/2025\/10\/DSC_0129-2-754x1024.jpg 754w, https:\/\/www.delalumiereauxyeux-photo.fr\/wp-content\/uploads\/2025\/10\/DSC_0129-2-221x300.jpg 221w, https:\/\/www.delalumiereauxyeux-photo.fr\/wp-content\/uploads\/2025\/10\/DSC_0129-2-768x1044.jpg 768w, https:\/\/www.delalumiereauxyeux-photo.fr\/wp-content\/uploads\/2025\/10\/DSC_0129-2-1130x1536.jpg 1130w, https:\/\/www.delalumiereauxyeux-photo.fr\/wp-content\/uploads\/2025\/10\/DSC_0129-2-1507x2048.jpg 1507w, https:\/\/www.delalumiereauxyeux-photo.fr\/wp-content\/uploads\/2025\/10\/DSC_0129-2-scaled.jpg 1884w\" sizes=\"(max-width: 754px) 100vw, 754px\" \/><\/figure>\n\n\n\n<figure class=\"wp-block-image size-large\"><img loading=\"lazy\" decoding=\"async\" width=\"1024\" height=\"683\" src=\"http:\/\/www.delalumiereauxyeux-photo.fr\/wp-content\/uploads\/2025\/10\/DSC_3035-1024x683.jpg\" alt=\"Finale de la Coupe de France des Rallyes 2025 photographe De la lumi\u00e8re aux yeux\" class=\"wp-image-8738\" srcset=\"https:\/\/www.delalumiereauxyeux-photo.fr\/wp-content\/uploads\/2025\/10\/DSC_3035-1024x683.jpg 1024w, https:\/\/www.delalumiereauxyeux-photo.fr\/wp-content\/uploads\/2025\/10\/DSC_3035-300x200.jpg 300w, https:\/\/www.delalumiereauxyeux-photo.fr\/wp-content\/uploads\/2025\/10\/DSC_3035-768x512.jpg 768w, https:\/\/www.delalumiereauxyeux-photo.fr\/wp-content\/uploads\/2025\/10\/DSC_3035-1536x1024.jpg 1536w, https:\/\/www.delalumiereauxyeux-photo.fr\/wp-content\/uploads\/2025\/10\/DSC_3035-2048x1365.jpg 2048w\" sizes=\"(max-width: 1024px) 100vw, 1024px\" \/><\/figure>\n\n\n\n<figure class=\"wp-block-image size-large\"><img loading=\"lazy\" decoding=\"async\" width=\"1024\" height=\"683\" src=\"http:\/\/www.delalumiereauxyeux-photo.fr\/wp-content\/uploads\/2025\/10\/DSC_3050-1024x683.jpg\" alt=\"Finale de la Coupe de France des Rallyes 2025 photographe De la lumi\u00e8re aux yeux\" class=\"wp-image-8739\" srcset=\"https:\/\/www.delalumiereauxyeux-photo.fr\/wp-content\/uploads\/2025\/10\/DSC_3050-1024x683.jpg 1024w, https:\/\/www.delalumiereauxyeux-photo.fr\/wp-content\/uploads\/2025\/10\/DSC_3050-300x200.jpg 300w, https:\/\/www.delalumiereauxyeux-photo.fr\/wp-content\/uploads\/2025\/10\/DSC_3050-768x512.jpg 768w, https:\/\/www.delalumiereauxyeux-photo.fr\/wp-content\/uploads\/2025\/10\/DSC_3050-1536x1024.jpg 1536w, https:\/\/www.delalumiereauxyeux-photo.fr\/wp-content\/uploads\/2025\/10\/DSC_3050-2048x1365.jpg 2048w\" sizes=\"(max-width: 1024px) 100vw, 1024px\" \/><\/figure>\n\n\n\n<figure class=\"wp-block-image size-large\"><img loading=\"lazy\" decoding=\"async\" width=\"1024\" height=\"620\" src=\"http:\/\/www.delalumiereauxyeux-photo.fr\/wp-content\/uploads\/2025\/10\/DSC_3054-1024x620.jpg\" alt=\"Finale de la Coupe de France des Rallyes 2025 photographe De la lumi\u00e8re aux yeux\" class=\"wp-image-8740\" srcset=\"https:\/\/www.delalumiereauxyeux-photo.fr\/wp-content\/uploads\/2025\/10\/DSC_3054-1024x620.jpg 1024w, https:\/\/www.delalumiereauxyeux-photo.fr\/wp-content\/uploads\/2025\/10\/DSC_3054-300x182.jpg 300w, https:\/\/www.delalumiereauxyeux-photo.fr\/wp-content\/uploads\/2025\/10\/DSC_3054-768x465.jpg 768w, https:\/\/www.delalumiereauxyeux-photo.fr\/wp-content\/uploads\/2025\/10\/DSC_3054-1536x930.jpg 1536w, https:\/\/www.delalumiereauxyeux-photo.fr\/wp-content\/uploads\/2025\/10\/DSC_3054-2048x1241.jpg 2048w\" sizes=\"(max-width: 1024px) 100vw, 1024px\" \/><\/figure>\n\n\n\n<figure class=\"wp-block-image size-large\"><img loading=\"lazy\" decoding=\"async\" width=\"1024\" height=\"683\" src=\"http:\/\/www.delalumiereauxyeux-photo.fr\/wp-content\/uploads\/2025\/10\/DSC_0144-2-1024x683.jpg\" alt=\"Finale de la Coupe de France des Rallyes 2025 photographe De la lumi\u00e8re aux yeux\" class=\"wp-image-8741\" srcset=\"https:\/\/www.delalumiereauxyeux-photo.fr\/wp-content\/uploads\/2025\/10\/DSC_0144-2-1024x683.jpg 1024w, https:\/\/www.delalumiereauxyeux-photo.fr\/wp-content\/uploads\/2025\/10\/DSC_0144-2-300x200.jpg 300w, https:\/\/www.delalumiereauxyeux-photo.fr\/wp-content\/uploads\/2025\/10\/DSC_0144-2-768x512.jpg 768w, https:\/\/www.delalumiereauxyeux-photo.fr\/wp-content\/uploads\/2025\/10\/DSC_0144-2-1536x1024.jpg 1536w, https:\/\/www.delalumiereauxyeux-photo.fr\/wp-content\/uploads\/2025\/10\/DSC_0144-2-2048x1365.jpg 2048w\" sizes=\"(max-width: 1024px) 100vw, 1024px\" \/><\/figure>\n\n\n\n<figure class=\"wp-block-image size-large\"><img loading=\"lazy\" decoding=\"async\" width=\"1024\" height=\"683\" src=\"http:\/\/www.delalumiereauxyeux-photo.fr\/wp-content\/uploads\/2025\/10\/DSC_0145-2-1024x683.jpg\" alt=\"Finale de la Coupe de France des Rallyes 2025 photographe De la lumi\u00e8re aux yeux\" class=\"wp-image-8742\" srcset=\"https:\/\/www.delalumiereauxyeux-photo.fr\/wp-content\/uploads\/2025\/10\/DSC_0145-2-1024x683.jpg 1024w, https:\/\/www.delalumiereauxyeux-photo.fr\/wp-content\/uploads\/2025\/10\/DSC_0145-2-300x200.jpg 300w, https:\/\/www.delalumiereauxyeux-photo.fr\/wp-content\/uploads\/2025\/10\/DSC_0145-2-768x512.jpg 768w, https:\/\/www.delalumiereauxyeux-photo.fr\/wp-content\/uploads\/2025\/10\/DSC_0145-2-1536x1024.jpg 1536w, https:\/\/www.delalumiereauxyeux-photo.fr\/wp-content\/uploads\/2025\/10\/DSC_0145-2-2048x1365.jpg 2048w\" sizes=\"(max-width: 1024px) 100vw, 1024px\" \/><\/figure>\n\n\n\n<figure class=\"wp-block-image size-large\"><img loading=\"lazy\" decoding=\"async\" width=\"1024\" height=\"833\" src=\"http:\/\/www.delalumiereauxyeux-photo.fr\/wp-content\/uploads\/2025\/10\/DSC_3060-1024x833.jpg\" alt=\"Finale de la Coupe de France des Rallyes 2025 photographe De la lumi\u00e8re aux yeux\" class=\"wp-image-8743\" srcset=\"https:\/\/www.delalumiereauxyeux-photo.fr\/wp-content\/uploads\/2025\/10\/DSC_3060-1024x833.jpg 1024w, https:\/\/www.delalumiereauxyeux-photo.fr\/wp-content\/uploads\/2025\/10\/DSC_3060-300x244.jpg 300w, https:\/\/www.delalumiereauxyeux-photo.fr\/wp-content\/uploads\/2025\/10\/DSC_3060-768x625.jpg 768w, https:\/\/www.delalumiereauxyeux-photo.fr\/wp-content\/uploads\/2025\/10\/DSC_3060-1536x1249.jpg 1536w, https:\/\/www.delalumiereauxyeux-photo.fr\/wp-content\/uploads\/2025\/10\/DSC_3060-2048x1666.jpg 2048w\" sizes=\"(max-width: 1024px) 100vw, 1024px\" \/><\/figure>\n\n\n\n<figure class=\"wp-block-image size-large\"><img loading=\"lazy\" decoding=\"async\" width=\"1024\" height=\"683\" src=\"http:\/\/www.delalumiereauxyeux-photo.fr\/wp-content\/uploads\/2025\/10\/DSC_3065-1024x683.jpg\" alt=\"Finale de la Coupe de France des Rallyes 2025 photographe De la lumi\u00e8re aux yeux\" class=\"wp-image-8744\" srcset=\"https:\/\/www.delalumiereauxyeux-photo.fr\/wp-content\/uploads\/2025\/10\/DSC_3065-1024x683.jpg 1024w, https:\/\/www.delalumiereauxyeux-photo.fr\/wp-content\/uploads\/2025\/10\/DSC_3065-300x200.jpg 300w, https:\/\/www.delalumiereauxyeux-photo.fr\/wp-content\/uploads\/2025\/10\/DSC_3065-768x512.jpg 768w, https:\/\/www.delalumiereauxyeux-photo.fr\/wp-content\/uploads\/2025\/10\/DSC_3065-1536x1024.jpg 1536w, https:\/\/www.delalumiereauxyeux-photo.fr\/wp-content\/uploads\/2025\/10\/DSC_3065-2048x1365.jpg 2048w\" sizes=\"(max-width: 1024px) 100vw, 1024px\" \/><\/figure>\n\n\n\n<figure class=\"wp-block-image size-large\"><img loading=\"lazy\" decoding=\"async\" width=\"1024\" height=\"683\" src=\"http:\/\/www.delalumiereauxyeux-photo.fr\/wp-content\/uploads\/2025\/10\/DSC_3067-1024x683.jpg\" alt=\"Finale de la Coupe de France des Rallyes 2025 photographe De la lumi\u00e8re aux yeux\" class=\"wp-image-8745\" srcset=\"https:\/\/www.delalumiereauxyeux-photo.fr\/wp-content\/uploads\/2025\/10\/DSC_3067-1024x683.jpg 1024w, https:\/\/www.delalumiereauxyeux-photo.fr\/wp-content\/uploads\/2025\/10\/DSC_3067-300x200.jpg 300w, https:\/\/www.delalumiereauxyeux-photo.fr\/wp-content\/uploads\/2025\/10\/DSC_3067-768x512.jpg 768w, https:\/\/www.delalumiereauxyeux-photo.fr\/wp-content\/uploads\/2025\/10\/DSC_3067-1536x1024.jpg 1536w, https:\/\/www.delalumiereauxyeux-photo.fr\/wp-content\/uploads\/2025\/10\/DSC_3067-2048x1365.jpg 2048w\" sizes=\"(max-width: 1024px) 100vw, 1024px\" \/><\/figure>\n\n\n\n<p>Classement final des dix premiers. Vous pouvez retrouver tous les r\u00e9sultats sur le site de la FFSA. Bravo \u00e0 toutes et \u00e0 tous!<\/p>\n\n\n\n<figure class=\"wp-block-image size-large\"><img loading=\"lazy\" decoding=\"async\" width=\"1024\" height=\"624\" src=\"http:\/\/www.delalumiereauxyeux-photo.fr\/wp-content\/uploads\/2025\/10\/Capture-decran-2025-10-25-111657-1024x624.png\" alt=\"Finale de la Coupe de France des Rallyes 2025 photographe De la lumi\u00e8re aux yeux\" class=\"wp-image-8760\" srcset=\"https:\/\/www.delalumiereauxyeux-photo.fr\/wp-content\/uploads\/2025\/10\/Capture-decran-2025-10-25-111657-1024x624.png 1024w, https:\/\/www.delalumiereauxyeux-photo.fr\/wp-content\/uploads\/2025\/10\/Capture-decran-2025-10-25-111657-300x183.png 300w, https:\/\/www.delalumiereauxyeux-photo.fr\/wp-content\/uploads\/2025\/10\/Capture-decran-2025-10-25-111657-768x468.png 768w, https:\/\/www.delalumiereauxyeux-photo.fr\/wp-content\/uploads\/2025\/10\/Capture-decran-2025-10-25-111657.png 1168w\" sizes=\"(max-width: 1024px) 100vw, 1024px\" \/><\/figure>\n\n\n\n<p>\u00a9 Tous droits r\u00e9serv\u00e9s 2025.<\/p>\n\n\n\n<p>Merci aux organisateurs pour cette superbe organisation, aux b\u00e9n\u00e9voles et aux commissaires pour votre accueil.<\/p>\n\n\n\n<p>Toutes mes photos ne sont pas pr\u00e9sent\u00e9es dans l&rsquo;article, alors n&rsquo;h\u00e9sitez pas \u00e0 me contacter \ud83d\ude09<\/p>\n\n\n\n<p>Les photos sont disponibles \u00e0 l&rsquo;achat au format num\u00e9rique&nbsp;<a href=\"https:\/\/www.delalumiereauxyeux-photo.fr\/?page_id=2430\">Contact &#8211; De la lumi\u00e8re aux yeux (delalumiereauxyeux-photo.fr)<\/a><\/p>\n\n\n\n<p>Si vous souhaitez une prestation photos, contactez-moi. Vous pouvez \u00e9galement m&rsquo;envoyer vos noms, pr\u00e9noms, voiture(s), \u00e9v\u00e8nement(s), dates et lieux o\u00f9 vous serez en 2025\/2026&nbsp;<a href=\"https:\/\/www.delalumiereauxyeux-photo.fr\/?page_id=2430\">Contact &#8211; De la lumi\u00e8re aux yeux (delalumiereauxyeux-photo.fr)<\/a> !<\/p>\n\n\n\n<p>Vous pouvez \u00e9galement me laisser vos commentaires sur cet article.<\/p>\n\n\n\n<p>A bient\u00f4t! \ud83d\ude42<\/p>\n\n\n\n<p>Ang\u00e9lique.<\/p>\n\n\n\n<p>Vous pouvez me retrouver sur :<\/p>\n\n\n\n<ul>\n<li>Facebook&nbsp;<a href=\"https:\/\/www.facebook.com\/DelalumiereauxyeuxPhotographe\">Delalumi\u00e8reauxyeux Photographe | Erceville | Facebook<\/a><\/li>\n\n\n\n<li>Instagram&nbsp;<a href=\"https:\/\/www.instagram.com\/angiephoto28\/\">Angie (@angiephoto28) \u2022 Photos et vid\u00e9os Instagram<\/a><\/li>\n\n\n\n<li>site internet <a href=\"https:\/\/www.delalumiereauxyeux.fr\/\">https:\/\/www.delalumiereauxyeux.fr\/<\/a><\/li>\n\n\n\n<li>Linkedln <a href=\"https:\/\/www.linkedin.com\/in\/ang%C3%A9lique-de-la-lumi%C3%A8re-aux-yeux-65418826b\/\">https:\/\/www.linkedin.com\/in\/ang%C3%A9lique-de-la-lumi%C3%A8re-aux-yeux-65418826b\/<\/a><\/li>\n<\/ul>\n\n\n\n<p><em>Les photos sont compress\u00e9es pour le blog et n&rsquo;ont pas leur qualit\u00e9 optimale.<\/em><\/p>\n","protected":false},"excerpt":{"rendered":"<p>Une Finale de Coupe de France \ud83d\ude42 ! La ville de Lisieux situ\u00e9e dans le d\u00e9partement du Calvados, en Normandie, a accueilli ce bel \u00e9v\u00e9nement qui a rassembl\u00e9 de tr\u00e8s nombreux spectateurs pour 237 engag\u00e9s. Une m\u00e9t\u00e9o cl\u00e9mente, des paysages verts et arbor\u00e9s avec des vaches, des routes sinueuses et de belles lignes droites, en [&hellip;]<\/p>\n","protected":false},"author":1,"featured_media":0,"comment_status":"open","ping_status":"closed","sticky":false,"template":"","format":"standard","meta":{"_monsterinsights_skip_tracking":false,"_monsterinsights_sitenote_active":false,"_monsterinsights_sitenote_note":"","_monsterinsights_sitenote_category":0,"footnotes":""},"categories":[1],"tags":[],"yoast_head":"<!-- This site is optimized with the Yoast SEO plugin v22.2 - https:\/\/yoast.com\/wordpress\/plugins\/seo\/ -->\n<title>Finale de la Coupe de France des Rallyes 2025 \u00e0 Lisieux. - De la lumi\u00e8re aux yeux<\/title>\n<meta name=\"robots\" content=\"index, follow, max-snippet:-1, max-image-preview:large, max-video-preview:-1\" \/>\n<link rel=\"canonical\" href=\"https:\/\/www.delalumiereauxyeux-photo.fr\/?p=8746\" \/>\n<meta property=\"og:locale\" content=\"fr_FR\" \/>\n<meta property=\"og:type\" content=\"article\" \/>\n<meta property=\"og:title\" content=\"Finale de la Coupe de France des Rallyes 2025 \u00e0 Lisieux. - De la lumi\u00e8re aux yeux\" \/>\n<meta property=\"og:description\" content=\"Une Finale de Coupe de France \ud83d\ude42 ! La ville de Lisieux situ\u00e9e dans le d\u00e9partement du Calvados, en Normandie, a accueilli ce bel \u00e9v\u00e9nement qui a rassembl\u00e9 de tr\u00e8s nombreux spectateurs pour 237 engag\u00e9s. Une m\u00e9t\u00e9o cl\u00e9mente, des paysages verts et arbor\u00e9s avec des vaches, des routes sinueuses et de belles lignes droites, en [&hellip;]\" \/>\n<meta property=\"og:url\" content=\"https:\/\/www.delalumiereauxyeux-photo.fr\/?p=8746\" \/>\n<meta property=\"og:site_name\" content=\"De la lumi\u00e8re aux yeux\" \/>\n<meta property=\"article:author\" content=\"https:\/\/www.facebook.com\/angelique.delalumiereauxyeux.5?__tn__=dlC-RHH-R-R&amp;eid=ARDORkTB_yutZsrVTEEeZ0LAobESxObVoalsaetnRjmZdhewjwojedF8h09RZ8oly8_ro0dEnvSLIUeS&amp;hc_ref=ARSbH4jjDNc2QSSUZPjZH0vrxiNgcNzLcrprkTea6WAzZ09DAHcjGeYU5y5PXqG08Ac\" \/>\n<meta property=\"article:published_time\" content=\"2025-10-25T09:20:19+00:00\" \/>\n<meta property=\"article:modified_time\" content=\"2025-10-25T09:48:57+00:00\" \/>\n<meta property=\"og:image\" content=\"http:\/\/www.delalumiereauxyeux-photo.fr\/wp-content\/uploads\/2025\/10\/DSC_1000-1024x683.jpg\" \/>\n<meta name=\"author\" content=\"delalumiereauxyeux\" \/>\n<meta name=\"twitter:card\" content=\"summary_large_image\" \/>\n<meta name=\"twitter:label1\" content=\"\u00c9crit par\" \/>\n\t<meta name=\"twitter:data1\" content=\"delalumiereauxyeux\" \/>\n\t<meta name=\"twitter:label2\" content=\"Dur\u00e9e de lecture estim\u00e9e\" \/>\n\t<meta name=\"twitter:data2\" content=\"25 minutes\" \/>\n<script type=\"application\/ld+json\" class=\"yoast-schema-graph\">{\"@context\":\"https:\/\/schema.org\",\"@graph\":[{\"@type\":\"WebPage\",\"@id\":\"https:\/\/www.delalumiereauxyeux-photo.fr\/?p=8746\",\"url\":\"https:\/\/www.delalumiereauxyeux-photo.fr\/?p=8746\",\"name\":\"Finale de la Coupe de France des Rallyes 2025 \u00e0 Lisieux. - De la lumi\u00e8re aux yeux\",\"isPartOf\":{\"@id\":\"https:\/\/www.delalumiereauxyeux-photo.fr\/#website\"},\"primaryImageOfPage\":{\"@id\":\"https:\/\/www.delalumiereauxyeux-photo.fr\/?p=8746#primaryimage\"},\"image\":{\"@id\":\"https:\/\/www.delalumiereauxyeux-photo.fr\/?p=8746#primaryimage\"},\"thumbnailUrl\":\"http:\/\/www.delalumiereauxyeux-photo.fr\/wp-content\/uploads\/2025\/10\/DSC_1000-1024x683.jpg\",\"datePublished\":\"2025-10-25T09:20:19+00:00\",\"dateModified\":\"2025-10-25T09:48:57+00:00\",\"author\":{\"@id\":\"https:\/\/www.delalumiereauxyeux-photo.fr\/#\/schema\/person\/fbdc98761dd92f98cdb911153e949213\"},\"breadcrumb\":{\"@id\":\"https:\/\/www.delalumiereauxyeux-photo.fr\/?p=8746#breadcrumb\"},\"inLanguage\":\"fr-FR\",\"potentialAction\":[{\"@type\":\"ReadAction\",\"target\":[\"https:\/\/www.delalumiereauxyeux-photo.fr\/?p=8746\"]}]},{\"@type\":\"ImageObject\",\"inLanguage\":\"fr-FR\",\"@id\":\"https:\/\/www.delalumiereauxyeux-photo.fr\/?p=8746#primaryimage\",\"url\":\"https:\/\/www.delalumiereauxyeux-photo.fr\/wp-content\/uploads\/2025\/10\/DSC_1000-scaled.jpg\",\"contentUrl\":\"https:\/\/www.delalumiereauxyeux-photo.fr\/wp-content\/uploads\/2025\/10\/DSC_1000-scaled.jpg\",\"width\":2560,\"height\":1707,\"caption\":\"Finale de la Coupe de France des Rallyes 2025 photographe De la lumi\u00e8re aux yeux\"},{\"@type\":\"BreadcrumbList\",\"@id\":\"https:\/\/www.delalumiereauxyeux-photo.fr\/?p=8746#breadcrumb\",\"itemListElement\":[{\"@type\":\"ListItem\",\"position\":1,\"name\":\"Accueil\",\"item\":\"https:\/\/www.delalumiereauxyeux-photo.fr\/\"},{\"@type\":\"ListItem\",\"position\":2,\"name\":\"Finale de la Coupe de France des Rallyes 2025 \u00e0 Lisieux.\"}]},{\"@type\":\"WebSite\",\"@id\":\"https:\/\/www.delalumiereauxyeux-photo.fr\/#website\",\"url\":\"https:\/\/www.delalumiereauxyeux-photo.fr\/\",\"name\":\"De la lumi\u00e8re aux yeux\",\"description\":\"De la lumi\u00e8re aux yeux\",\"potentialAction\":[{\"@type\":\"SearchAction\",\"target\":{\"@type\":\"EntryPoint\",\"urlTemplate\":\"https:\/\/www.delalumiereauxyeux-photo.fr\/?s={search_term_string}\"},\"query-input\":\"required name=search_term_string\"}],\"inLanguage\":\"fr-FR\"},{\"@type\":\"Person\",\"@id\":\"https:\/\/www.delalumiereauxyeux-photo.fr\/#\/schema\/person\/fbdc98761dd92f98cdb911153e949213\",\"name\":\"delalumiereauxyeux\",\"image\":{\"@type\":\"ImageObject\",\"inLanguage\":\"fr-FR\",\"@id\":\"https:\/\/www.delalumiereauxyeux-photo.fr\/#\/schema\/person\/image\/\",\"url\":\"https:\/\/secure.gravatar.com\/avatar\/8fecce8824b60e8618943375d4f3666c?s=96&d=mm&r=g\",\"contentUrl\":\"https:\/\/secure.gravatar.com\/avatar\/8fecce8824b60e8618943375d4f3666c?s=96&d=mm&r=g\",\"caption\":\"delalumiereauxyeux\"},\"sameAs\":[\"https:\/\/www.facebook.com\/angelique.delalumiereauxyeux.5?__tn__=dlC-RHH-R-R&eid=ARDORkTB_yutZsrVTEEeZ0LAobESxObVoalsaetnRjmZdhewjwojedF8h09RZ8oly8_ro0dEnvSLIUeS&hc_ref=ARSbH4jjDNc2QSSUZPjZH0vrxiNgcNzLcrprkTea6WAzZ09DAHcjGeYU5y5PXqG08Ac\",\"https:\/\/www.instagram.com\/angiephoto28\/\",\"https:\/\/www.linkedin.com\/in\/anglique-de-la-lumire-aux-yeux-65418826b\/\"]}]}<\/script>\n<!-- \/ Yoast SEO plugin. -->","yoast_head_json":{"title":"Finale de la Coupe de France des Rallyes 2025 \u00e0 Lisieux. - De la lumi\u00e8re aux yeux","robots":{"index":"index","follow":"follow","max-snippet":"max-snippet:-1","max-image-preview":"max-image-preview:large","max-video-preview":"max-video-preview:-1"},"canonical":"https:\/\/www.delalumiereauxyeux-photo.fr\/?p=8746","og_locale":"fr_FR","og_type":"article","og_title":"Finale de la Coupe de France des Rallyes 2025 \u00e0 Lisieux. - De la lumi\u00e8re aux yeux","og_description":"Une Finale de Coupe de France \ud83d\ude42 ! La ville de Lisieux situ\u00e9e dans le d\u00e9partement du Calvados, en Normandie, a accueilli ce bel \u00e9v\u00e9nement qui a rassembl\u00e9 de tr\u00e8s nombreux spectateurs pour 237 engag\u00e9s. Une m\u00e9t\u00e9o cl\u00e9mente, des paysages verts et arbor\u00e9s avec des vaches, des routes sinueuses et de belles lignes droites, en [&hellip;]","og_url":"https:\/\/www.delalumiereauxyeux-photo.fr\/?p=8746","og_site_name":"De la lumi\u00e8re aux yeux","article_author":"https:\/\/www.facebook.com\/angelique.delalumiereauxyeux.5?__tn__=dlC-RHH-R-R&eid=ARDORkTB_yutZsrVTEEeZ0LAobESxObVoalsaetnRjmZdhewjwojedF8h09RZ8oly8_ro0dEnvSLIUeS&hc_ref=ARSbH4jjDNc2QSSUZPjZH0vrxiNgcNzLcrprkTea6WAzZ09DAHcjGeYU5y5PXqG08Ac","article_published_time":"2025-10-25T09:20:19+00:00","article_modified_time":"2025-10-25T09:48:57+00:00","og_image":[{"url":"http:\/\/www.delalumiereauxyeux-photo.fr\/wp-content\/uploads\/2025\/10\/DSC_1000-1024x683.jpg"}],"author":"delalumiereauxyeux","twitter_card":"summary_large_image","twitter_misc":{"\u00c9crit par":"delalumiereauxyeux","Dur\u00e9e de lecture estim\u00e9e":"25 minutes"},"schema":{"@context":"https:\/\/schema.org","@graph":[{"@type":"WebPage","@id":"https:\/\/www.delalumiereauxyeux-photo.fr\/?p=8746","url":"https:\/\/www.delalumiereauxyeux-photo.fr\/?p=8746","name":"Finale de la Coupe de France des Rallyes 2025 \u00e0 Lisieux. - De la lumi\u00e8re aux yeux","isPartOf":{"@id":"https:\/\/www.delalumiereauxyeux-photo.fr\/#website"},"primaryImageOfPage":{"@id":"https:\/\/www.delalumiereauxyeux-photo.fr\/?p=8746#primaryimage"},"image":{"@id":"https:\/\/www.delalumiereauxyeux-photo.fr\/?p=8746#primaryimage"},"thumbnailUrl":"http:\/\/www.delalumiereauxyeux-photo.fr\/wp-content\/uploads\/2025\/10\/DSC_1000-1024x683.jpg","datePublished":"2025-10-25T09:20:19+00:00","dateModified":"2025-10-25T09:48:57+00:00","author":{"@id":"https:\/\/www.delalumiereauxyeux-photo.fr\/#\/schema\/person\/fbdc98761dd92f98cdb911153e949213"},"breadcrumb":{"@id":"https:\/\/www.delalumiereauxyeux-photo.fr\/?p=8746#breadcrumb"},"inLanguage":"fr-FR","potentialAction":[{"@type":"ReadAction","target":["https:\/\/www.delalumiereauxyeux-photo.fr\/?p=8746"]}]},{"@type":"ImageObject","inLanguage":"fr-FR","@id":"https:\/\/www.delalumiereauxyeux-photo.fr\/?p=8746#primaryimage","url":"https:\/\/www.delalumiereauxyeux-photo.fr\/wp-content\/uploads\/2025\/10\/DSC_1000-scaled.jpg","contentUrl":"https:\/\/www.delalumiereauxyeux-photo.fr\/wp-content\/uploads\/2025\/10\/DSC_1000-scaled.jpg","width":2560,"height":1707,"caption":"Finale de la Coupe de France des Rallyes 2025 photographe De la lumi\u00e8re aux yeux"},{"@type":"BreadcrumbList","@id":"https:\/\/www.delalumiereauxyeux-photo.fr\/?p=8746#breadcrumb","itemListElement":[{"@type":"ListItem","position":1,"name":"Accueil","item":"https:\/\/www.delalumiereauxyeux-photo.fr\/"},{"@type":"ListItem","position":2,"name":"Finale de la Coupe de France des Rallyes 2025 \u00e0 Lisieux."}]},{"@type":"WebSite","@id":"https:\/\/www.delalumiereauxyeux-photo.fr\/#website","url":"https:\/\/www.delalumiereauxyeux-photo.fr\/","name":"De la lumi\u00e8re aux yeux","description":"De la lumi\u00e8re aux yeux","potentialAction":[{"@type":"SearchAction","target":{"@type":"EntryPoint","urlTemplate":"https:\/\/www.delalumiereauxyeux-photo.fr\/?s={search_term_string}"},"query-input":"required name=search_term_string"}],"inLanguage":"fr-FR"},{"@type":"Person","@id":"https:\/\/www.delalumiereauxyeux-photo.fr\/#\/schema\/person\/fbdc98761dd92f98cdb911153e949213","name":"delalumiereauxyeux","image":{"@type":"ImageObject","inLanguage":"fr-FR","@id":"https:\/\/www.delalumiereauxyeux-photo.fr\/#\/schema\/person\/image\/","url":"https:\/\/secure.gravatar.com\/avatar\/8fecce8824b60e8618943375d4f3666c?s=96&d=mm&r=g","contentUrl":"https:\/\/secure.gravatar.com\/avatar\/8fecce8824b60e8618943375d4f3666c?s=96&d=mm&r=g","caption":"delalumiereauxyeux"},"sameAs":["https:\/\/www.facebook.com\/angelique.delalumiereauxyeux.5?__tn__=dlC-RHH-R-R&eid=ARDORkTB_yutZsrVTEEeZ0LAobESxObVoalsaetnRjmZdhewjwojedF8h09RZ8oly8_ro0dEnvSLIUeS&hc_ref=ARSbH4jjDNc2QSSUZPjZH0vrxiNgcNzLcrprkTea6WAzZ09DAHcjGeYU5y5PXqG08Ac","https:\/\/www.instagram.com\/angiephoto28\/","https:\/\/www.linkedin.com\/in\/anglique-de-la-lumire-aux-yeux-65418826b\/"]}]}},"_links":{"self":[{"href":"https:\/\/www.delalumiereauxyeux-photo.fr\/index.php?rest_route=\/wp\/v2\/posts\/8746"}],"collection":[{"href":"https:\/\/www.delalumiereauxyeux-photo.fr\/index.php?rest_route=\/wp\/v2\/posts"}],"about":[{"href":"https:\/\/www.delalumiereauxyeux-photo.fr\/index.php?rest_route=\/wp\/v2\/types\/post"}],"author":[{"embeddable":true,"href":"https:\/\/www.delalumiereauxyeux-photo.fr\/index.php?rest_route=\/wp\/v2\/users\/1"}],"replies":[{"embeddable":true,"href":"https:\/\/www.delalumiereauxyeux-photo.fr\/index.php?rest_route=%2Fwp%2Fv2%2Fcomments&post=8746"}],"version-history":[{"count":15,"href":"https:\/\/www.delalumiereauxyeux-photo.fr\/index.php?rest_route=\/wp\/v2\/posts\/8746\/revisions"}],"predecessor-version":[{"id":8767,"href":"https:\/\/www.delalumiereauxyeux-photo.fr\/index.php?rest_route=\/wp\/v2\/posts\/8746\/revisions\/8767"}],"wp:attachment":[{"href":"https:\/\/www.delalumiereauxyeux-photo.fr\/index.php?rest_route=%2Fwp%2Fv2%2Fmedia&parent=8746"}],"wp:term":[{"taxonomy":"category","embeddable":true,"href":"https:\/\/www.delalumiereauxyeux-photo.fr\/index.php?rest_route=%2Fwp%2Fv2%2Fcategories&post=8746"},{"taxonomy":"post_tag","embeddable":true,"href":"https:\/\/www.delalumiereauxyeux-photo.fr\/index.php?rest_route=%2Fwp%2Fv2%2Ftags&post=8746"}],"curies":[{"name":"wp","href":"https:\/\/api.w.org\/{rel}","templated":true}]}}