{"id":8870,"date":"2025-11-20T09:13:21","date_gmt":"2025-11-20T09:13:21","guid":{"rendered":"https:\/\/www.delalumiereauxyeux-photo.fr\/?p=8870"},"modified":"2025-11-20T09:13:25","modified_gmt":"2025-11-20T09:13:25","slug":"rallye-de-lindre-2025-a-buzancais","status":"publish","type":"post","link":"https:\/\/www.delalumiereauxyeux-photo.fr\/?p=8870","title":{"rendered":"Rallye de l&rsquo;Indre 2025 \u00e0 Buzan\u00e7ais."},"content":{"rendered":"\n<p>Cette \u00e9dition s&rsquo;est d\u00e9roul\u00e9e sur plusieurs communes limitrophes de celle de Buzan\u00e7ais dans l&rsquo;Indre, r\u00e9gion  Centre &#8211; Val de Loire. Malgr\u00e9 le brouillard et des routes quelques peu grasses et glissantes, notamment le matin, la m\u00e9t\u00e9o a su nous faire garder le sourire. <\/p>\n\n\n\n<p>Championnat de France Rallyes 2\u00e8me Division et Troph\u00e9e Alpine A290 se sont retrouv\u00e9s sur les Sp\u00e9ciales!<\/p>\n\n\n\n<p>Un rallye convivial, \u00ab\u00a0familial\u00a0\u00bb, accueillant et tr\u00e8s bien organis\u00e9. Un vrai plaisir d&rsquo;avoir pu y assister! \ud83d\ude42<\/p>\n\n\n\n<figure class=\"wp-block-image size-large\"><img loading=\"lazy\" decoding=\"async\" width=\"1024\" height=\"683\" src=\"http:\/\/www.delalumiereauxyeux-photo.fr\/wp-content\/uploads\/2025\/11\/DSC_3129-1024x683.jpg\" alt=\"Rallye de l'Indre 2025 photographe De la lumi\u00e8re aux yeux\" class=\"wp-image-8769\" srcset=\"https:\/\/www.delalumiereauxyeux-photo.fr\/wp-content\/uploads\/2025\/11\/DSC_3129-1024x683.jpg 1024w, https:\/\/www.delalumiereauxyeux-photo.fr\/wp-content\/uploads\/2025\/11\/DSC_3129-300x200.jpg 300w, https:\/\/www.delalumiereauxyeux-photo.fr\/wp-content\/uploads\/2025\/11\/DSC_3129-768x512.jpg 768w, https:\/\/www.delalumiereauxyeux-photo.fr\/wp-content\/uploads\/2025\/11\/DSC_3129-1536x1024.jpg 1536w, https:\/\/www.delalumiereauxyeux-photo.fr\/wp-content\/uploads\/2025\/11\/DSC_3129-2048x1365.jpg 2048w\" sizes=\"(max-width: 1024px) 100vw, 1024px\" \/><\/figure>\n\n\n\n<figure class=\"wp-block-image size-large\"><img loading=\"lazy\" decoding=\"async\" width=\"1024\" height=\"683\" src=\"http:\/\/www.delalumiereauxyeux-photo.fr\/wp-content\/uploads\/2025\/11\/DSC_0020-1024x683.jpg\" alt=\"Rallye de l'Indre 2025 photographe De la lumi\u00e8re aux yeux\" class=\"wp-image-8770\" srcset=\"https:\/\/www.delalumiereauxyeux-photo.fr\/wp-content\/uploads\/2025\/11\/DSC_0020-1024x683.jpg 1024w, https:\/\/www.delalumiereauxyeux-photo.fr\/wp-content\/uploads\/2025\/11\/DSC_0020-300x200.jpg 300w, https:\/\/www.delalumiereauxyeux-photo.fr\/wp-content\/uploads\/2025\/11\/DSC_0020-768x512.jpg 768w, https:\/\/www.delalumiereauxyeux-photo.fr\/wp-content\/uploads\/2025\/11\/DSC_0020-1536x1024.jpg 1536w, https:\/\/www.delalumiereauxyeux-photo.fr\/wp-content\/uploads\/2025\/11\/DSC_0020-2048x1365.jpg 2048w\" sizes=\"(max-width: 1024px) 100vw, 1024px\" \/><\/figure>\n\n\n\n<figure class=\"wp-block-image size-large\"><img loading=\"lazy\" decoding=\"async\" width=\"1024\" height=\"683\" src=\"http:\/\/www.delalumiereauxyeux-photo.fr\/wp-content\/uploads\/2025\/11\/DSC_3167-1024x683.jpg\" alt=\"Rallye de l'Indre 2025 photographe De la lumi\u00e8re aux yeux\" class=\"wp-image-8771\" srcset=\"https:\/\/www.delalumiereauxyeux-photo.fr\/wp-content\/uploads\/2025\/11\/DSC_3167-1024x683.jpg 1024w, https:\/\/www.delalumiereauxyeux-photo.fr\/wp-content\/uploads\/2025\/11\/DSC_3167-300x200.jpg 300w, https:\/\/www.delalumiereauxyeux-photo.fr\/wp-content\/uploads\/2025\/11\/DSC_3167-768x512.jpg 768w, https:\/\/www.delalumiereauxyeux-photo.fr\/wp-content\/uploads\/2025\/11\/DSC_3167-1536x1024.jpg 1536w, https:\/\/www.delalumiereauxyeux-photo.fr\/wp-content\/uploads\/2025\/11\/DSC_3167-2048x1365.jpg 2048w\" sizes=\"(max-width: 1024px) 100vw, 1024px\" \/><\/figure>\n\n\n\n<figure class=\"wp-block-image size-large\"><img loading=\"lazy\" decoding=\"async\" width=\"683\" height=\"1024\" src=\"http:\/\/www.delalumiereauxyeux-photo.fr\/wp-content\/uploads\/2025\/11\/DSC_0034-683x1024.jpg\" alt=\"Rallye de l'Indre 2025 photographe De la lumi\u00e8re aux yeux\" class=\"wp-image-8772\" srcset=\"https:\/\/www.delalumiereauxyeux-photo.fr\/wp-content\/uploads\/2025\/11\/DSC_0034-683x1024.jpg 683w, https:\/\/www.delalumiereauxyeux-photo.fr\/wp-content\/uploads\/2025\/11\/DSC_0034-200x300.jpg 200w, https:\/\/www.delalumiereauxyeux-photo.fr\/wp-content\/uploads\/2025\/11\/DSC_0034-768x1152.jpg 768w, https:\/\/www.delalumiereauxyeux-photo.fr\/wp-content\/uploads\/2025\/11\/DSC_0034-1024x1536.jpg 1024w, https:\/\/www.delalumiereauxyeux-photo.fr\/wp-content\/uploads\/2025\/11\/DSC_0034-1365x2048.jpg 1365w, https:\/\/www.delalumiereauxyeux-photo.fr\/wp-content\/uploads\/2025\/11\/DSC_0034-scaled.jpg 1707w\" sizes=\"(max-width: 683px) 100vw, 683px\" \/><\/figure>\n\n\n\n<figure class=\"wp-block-image size-large\"><img loading=\"lazy\" decoding=\"async\" width=\"683\" height=\"1024\" src=\"http:\/\/www.delalumiereauxyeux-photo.fr\/wp-content\/uploads\/2025\/11\/DSC_0041-683x1024.jpg\" alt=\"Rallye de l'Indre 2025 photographe De la lumi\u00e8re aux yeux\" class=\"wp-image-8773\" srcset=\"https:\/\/www.delalumiereauxyeux-photo.fr\/wp-content\/uploads\/2025\/11\/DSC_0041-683x1024.jpg 683w, https:\/\/www.delalumiereauxyeux-photo.fr\/wp-content\/uploads\/2025\/11\/DSC_0041-200x300.jpg 200w, https:\/\/www.delalumiereauxyeux-photo.fr\/wp-content\/uploads\/2025\/11\/DSC_0041-768x1152.jpg 768w, https:\/\/www.delalumiereauxyeux-photo.fr\/wp-content\/uploads\/2025\/11\/DSC_0041-1024x1536.jpg 1024w, https:\/\/www.delalumiereauxyeux-photo.fr\/wp-content\/uploads\/2025\/11\/DSC_0041-1365x2048.jpg 1365w, https:\/\/www.delalumiereauxyeux-photo.fr\/wp-content\/uploads\/2025\/11\/DSC_0041-scaled.jpg 1707w\" sizes=\"(max-width: 683px) 100vw, 683px\" \/><\/figure>\n\n\n\n<p>Le Troph\u00e9e Alpine A290 est une premi\u00e8re, pr\u00e9sent\u00e9 et couru avec 10 voitures engag\u00e9es au Rallye de l&rsquo;Indre 2025. Ce Troph\u00e9e sera pr\u00e9sent sur les six manches du Championnat de France Rallyes 2026.<\/p>\n\n\n\n<figure class=\"wp-block-image size-large\"><img loading=\"lazy\" decoding=\"async\" width=\"1024\" height=\"683\" src=\"http:\/\/www.delalumiereauxyeux-photo.fr\/wp-content\/uploads\/2025\/11\/DSC_3185-1024x683.jpg\" alt=\"Rallye de l'Indre 2025 photographe De la lumi\u00e8re aux yeux\" class=\"wp-image-8774\" srcset=\"https:\/\/www.delalumiereauxyeux-photo.fr\/wp-content\/uploads\/2025\/11\/DSC_3185-1024x683.jpg 1024w, https:\/\/www.delalumiereauxyeux-photo.fr\/wp-content\/uploads\/2025\/11\/DSC_3185-300x200.jpg 300w, https:\/\/www.delalumiereauxyeux-photo.fr\/wp-content\/uploads\/2025\/11\/DSC_3185-768x512.jpg 768w, https:\/\/www.delalumiereauxyeux-photo.fr\/wp-content\/uploads\/2025\/11\/DSC_3185-1536x1024.jpg 1536w, https:\/\/www.delalumiereauxyeux-photo.fr\/wp-content\/uploads\/2025\/11\/DSC_3185-2048x1365.jpg 2048w\" sizes=\"(max-width: 1024px) 100vw, 1024px\" \/><\/figure>\n\n\n\n<figure class=\"wp-block-image size-large\"><img loading=\"lazy\" decoding=\"async\" width=\"1024\" height=\"683\" src=\"http:\/\/www.delalumiereauxyeux-photo.fr\/wp-content\/uploads\/2025\/11\/DSC_3189-1024x683.jpg\" alt=\"Rallye de l'Indre 2025 photographe De la lumi\u00e8re aux yeux\" class=\"wp-image-8775\" srcset=\"https:\/\/www.delalumiereauxyeux-photo.fr\/wp-content\/uploads\/2025\/11\/DSC_3189-1024x683.jpg 1024w, https:\/\/www.delalumiereauxyeux-photo.fr\/wp-content\/uploads\/2025\/11\/DSC_3189-300x200.jpg 300w, https:\/\/www.delalumiereauxyeux-photo.fr\/wp-content\/uploads\/2025\/11\/DSC_3189-768x512.jpg 768w, https:\/\/www.delalumiereauxyeux-photo.fr\/wp-content\/uploads\/2025\/11\/DSC_3189-1536x1024.jpg 1536w, https:\/\/www.delalumiereauxyeux-photo.fr\/wp-content\/uploads\/2025\/11\/DSC_3189-2048x1365.jpg 2048w\" sizes=\"(max-width: 1024px) 100vw, 1024px\" \/><\/figure>\n\n\n\n<figure class=\"wp-block-image size-large\"><img loading=\"lazy\" decoding=\"async\" width=\"1024\" height=\"683\" src=\"http:\/\/www.delalumiereauxyeux-photo.fr\/wp-content\/uploads\/2025\/11\/DSC_3194-1024x683.jpg\" alt=\"Rallye de l'Indre 2025 photographe De la lumi\u00e8re aux yeux\" class=\"wp-image-8776\" srcset=\"https:\/\/www.delalumiereauxyeux-photo.fr\/wp-content\/uploads\/2025\/11\/DSC_3194-1024x683.jpg 1024w, https:\/\/www.delalumiereauxyeux-photo.fr\/wp-content\/uploads\/2025\/11\/DSC_3194-300x200.jpg 300w, https:\/\/www.delalumiereauxyeux-photo.fr\/wp-content\/uploads\/2025\/11\/DSC_3194-768x512.jpg 768w, https:\/\/www.delalumiereauxyeux-photo.fr\/wp-content\/uploads\/2025\/11\/DSC_3194-1536x1024.jpg 1536w, https:\/\/www.delalumiereauxyeux-photo.fr\/wp-content\/uploads\/2025\/11\/DSC_3194-2048x1365.jpg 2048w\" sizes=\"(max-width: 1024px) 100vw, 1024px\" \/><\/figure>\n\n\n\n<p>Melvin RABILLOUD et Enzo MAHINC vainqueurs.<\/p>\n\n\n\n<figure class=\"wp-block-image size-large\"><img loading=\"lazy\" decoding=\"async\" width=\"683\" height=\"1024\" src=\"http:\/\/www.delalumiereauxyeux-photo.fr\/wp-content\/uploads\/2025\/11\/DSC_3197-683x1024.jpg\" alt=\"Rallye de l'Indre 2025 photographe De la lumi\u00e8re aux yeux\" class=\"wp-image-8777\" srcset=\"https:\/\/www.delalumiereauxyeux-photo.fr\/wp-content\/uploads\/2025\/11\/DSC_3197-683x1024.jpg 683w, https:\/\/www.delalumiereauxyeux-photo.fr\/wp-content\/uploads\/2025\/11\/DSC_3197-200x300.jpg 200w, https:\/\/www.delalumiereauxyeux-photo.fr\/wp-content\/uploads\/2025\/11\/DSC_3197-768x1152.jpg 768w, https:\/\/www.delalumiereauxyeux-photo.fr\/wp-content\/uploads\/2025\/11\/DSC_3197-1024x1536.jpg 1024w, https:\/\/www.delalumiereauxyeux-photo.fr\/wp-content\/uploads\/2025\/11\/DSC_3197-1365x2048.jpg 1365w, https:\/\/www.delalumiereauxyeux-photo.fr\/wp-content\/uploads\/2025\/11\/DSC_3197-scaled.jpg 1707w\" sizes=\"(max-width: 683px) 100vw, 683px\" \/><\/figure>\n\n\n\n<figure class=\"wp-block-image size-large\"><img loading=\"lazy\" decoding=\"async\" width=\"1024\" height=\"683\" src=\"http:\/\/www.delalumiereauxyeux-photo.fr\/wp-content\/uploads\/2025\/11\/DSC_0049-1024x683.jpg\" alt=\"Rallye de l'Indre 2025 photographe De la lumi\u00e8re aux yeux\" class=\"wp-image-8778\" srcset=\"https:\/\/www.delalumiereauxyeux-photo.fr\/wp-content\/uploads\/2025\/11\/DSC_0049-1024x683.jpg 1024w, https:\/\/www.delalumiereauxyeux-photo.fr\/wp-content\/uploads\/2025\/11\/DSC_0049-300x200.jpg 300w, https:\/\/www.delalumiereauxyeux-photo.fr\/wp-content\/uploads\/2025\/11\/DSC_0049-768x512.jpg 768w, https:\/\/www.delalumiereauxyeux-photo.fr\/wp-content\/uploads\/2025\/11\/DSC_0049-1536x1024.jpg 1536w, https:\/\/www.delalumiereauxyeux-photo.fr\/wp-content\/uploads\/2025\/11\/DSC_0049-2048x1365.jpg 2048w\" sizes=\"(max-width: 1024px) 100vw, 1024px\" \/><\/figure>\n\n\n\n<figure class=\"wp-block-image size-large\"><img loading=\"lazy\" decoding=\"async\" width=\"1024\" height=\"683\" src=\"http:\/\/www.delalumiereauxyeux-photo.fr\/wp-content\/uploads\/2025\/11\/DSC_3203-1024x683.jpg\" alt=\"Rallye de l'Indre 2025 photographe De la lumi\u00e8re aux yeux\" class=\"wp-image-8779\" srcset=\"https:\/\/www.delalumiereauxyeux-photo.fr\/wp-content\/uploads\/2025\/11\/DSC_3203-1024x683.jpg 1024w, https:\/\/www.delalumiereauxyeux-photo.fr\/wp-content\/uploads\/2025\/11\/DSC_3203-300x200.jpg 300w, https:\/\/www.delalumiereauxyeux-photo.fr\/wp-content\/uploads\/2025\/11\/DSC_3203-768x512.jpg 768w, https:\/\/www.delalumiereauxyeux-photo.fr\/wp-content\/uploads\/2025\/11\/DSC_3203-1536x1024.jpg 1536w, https:\/\/www.delalumiereauxyeux-photo.fr\/wp-content\/uploads\/2025\/11\/DSC_3203-2048x1365.jpg 2048w\" sizes=\"(max-width: 1024px) 100vw, 1024px\" \/><\/figure>\n\n\n\n<figure class=\"wp-block-image size-large\"><img loading=\"lazy\" decoding=\"async\" width=\"651\" height=\"1024\" src=\"http:\/\/www.delalumiereauxyeux-photo.fr\/wp-content\/uploads\/2025\/11\/DSC_0051-651x1024.jpg\" alt=\"Rallye de l'Indre 2025 photographe De la lumi\u00e8re aux yeux\" class=\"wp-image-8780\" srcset=\"https:\/\/www.delalumiereauxyeux-photo.fr\/wp-content\/uploads\/2025\/11\/DSC_0051-651x1024.jpg 651w, https:\/\/www.delalumiereauxyeux-photo.fr\/wp-content\/uploads\/2025\/11\/DSC_0051-191x300.jpg 191w, https:\/\/www.delalumiereauxyeux-photo.fr\/wp-content\/uploads\/2025\/11\/DSC_0051-768x1207.jpg 768w, https:\/\/www.delalumiereauxyeux-photo.fr\/wp-content\/uploads\/2025\/11\/DSC_0051-977x1536.jpg 977w, https:\/\/www.delalumiereauxyeux-photo.fr\/wp-content\/uploads\/2025\/11\/DSC_0051-1303x2048.jpg 1303w, https:\/\/www.delalumiereauxyeux-photo.fr\/wp-content\/uploads\/2025\/11\/DSC_0051-scaled.jpg 1629w\" sizes=\"(max-width: 651px) 100vw, 651px\" \/><\/figure>\n\n\n\n<p>La complicit\u00e9 entre pilote et copilote, c&rsquo;est aussi prendre soin l&rsquo;un de l&rsquo;autre! \ud83d\ude09<\/p>\n\n\n\n<figure class=\"wp-block-image size-large\"><img loading=\"lazy\" decoding=\"async\" width=\"1024\" height=\"683\" src=\"http:\/\/www.delalumiereauxyeux-photo.fr\/wp-content\/uploads\/2025\/11\/DSC_0057-1024x683.jpg\" alt=\"Rallye de l'Indre 2025 photographe De la lumi\u00e8re aux yeux\" class=\"wp-image-8781\" srcset=\"https:\/\/www.delalumiereauxyeux-photo.fr\/wp-content\/uploads\/2025\/11\/DSC_0057-1024x683.jpg 1024w, https:\/\/www.delalumiereauxyeux-photo.fr\/wp-content\/uploads\/2025\/11\/DSC_0057-300x200.jpg 300w, https:\/\/www.delalumiereauxyeux-photo.fr\/wp-content\/uploads\/2025\/11\/DSC_0057-768x512.jpg 768w, https:\/\/www.delalumiereauxyeux-photo.fr\/wp-content\/uploads\/2025\/11\/DSC_0057-1536x1024.jpg 1536w, https:\/\/www.delalumiereauxyeux-photo.fr\/wp-content\/uploads\/2025\/11\/DSC_0057-2048x1365.jpg 2048w\" sizes=\"(max-width: 1024px) 100vw, 1024px\" \/><\/figure>\n\n\n\n<figure class=\"wp-block-image size-large\"><img loading=\"lazy\" decoding=\"async\" width=\"683\" height=\"1024\" src=\"http:\/\/www.delalumiereauxyeux-photo.fr\/wp-content\/uploads\/2025\/11\/DSC_3235-683x1024.jpg\" alt=\"Rallye de l'Indre 2025 photographe De la lumi\u00e8re aux yeux\" class=\"wp-image-8789\" srcset=\"https:\/\/www.delalumiereauxyeux-photo.fr\/wp-content\/uploads\/2025\/11\/DSC_3235-683x1024.jpg 683w, https:\/\/www.delalumiereauxyeux-photo.fr\/wp-content\/uploads\/2025\/11\/DSC_3235-200x300.jpg 200w, https:\/\/www.delalumiereauxyeux-photo.fr\/wp-content\/uploads\/2025\/11\/DSC_3235-768x1152.jpg 768w, https:\/\/www.delalumiereauxyeux-photo.fr\/wp-content\/uploads\/2025\/11\/DSC_3235-1024x1536.jpg 1024w, https:\/\/www.delalumiereauxyeux-photo.fr\/wp-content\/uploads\/2025\/11\/DSC_3235-1365x2048.jpg 1365w, https:\/\/www.delalumiereauxyeux-photo.fr\/wp-content\/uploads\/2025\/11\/DSC_3235-scaled.jpg 1707w\" sizes=\"(max-width: 683px) 100vw, 683px\" \/><\/figure>\n\n\n\n<figure class=\"wp-block-image size-large\"><img loading=\"lazy\" decoding=\"async\" width=\"1024\" height=\"683\" src=\"http:\/\/www.delalumiereauxyeux-photo.fr\/wp-content\/uploads\/2025\/11\/DSC_0060-1024x683.jpg\" alt=\"Rallye de l'Indre 2025 photographe De la lumi\u00e8re aux yeux\" class=\"wp-image-8782\" srcset=\"https:\/\/www.delalumiereauxyeux-photo.fr\/wp-content\/uploads\/2025\/11\/DSC_0060-1024x683.jpg 1024w, https:\/\/www.delalumiereauxyeux-photo.fr\/wp-content\/uploads\/2025\/11\/DSC_0060-300x200.jpg 300w, https:\/\/www.delalumiereauxyeux-photo.fr\/wp-content\/uploads\/2025\/11\/DSC_0060-768x512.jpg 768w, https:\/\/www.delalumiereauxyeux-photo.fr\/wp-content\/uploads\/2025\/11\/DSC_0060-1536x1024.jpg 1536w, https:\/\/www.delalumiereauxyeux-photo.fr\/wp-content\/uploads\/2025\/11\/DSC_0060-2048x1365.jpg 2048w\" sizes=\"(max-width: 1024px) 100vw, 1024px\" \/><\/figure>\n\n\n\n<figure class=\"wp-block-image size-large\"><img loading=\"lazy\" decoding=\"async\" width=\"1024\" height=\"683\" src=\"http:\/\/www.delalumiereauxyeux-photo.fr\/wp-content\/uploads\/2025\/11\/DSC_0062-1024x683.jpg\" alt=\"Rallye de l'Indre 2025 photographe De la lumi\u00e8re aux yeux\" class=\"wp-image-8783\" srcset=\"https:\/\/www.delalumiereauxyeux-photo.fr\/wp-content\/uploads\/2025\/11\/DSC_0062-1024x683.jpg 1024w, https:\/\/www.delalumiereauxyeux-photo.fr\/wp-content\/uploads\/2025\/11\/DSC_0062-300x200.jpg 300w, https:\/\/www.delalumiereauxyeux-photo.fr\/wp-content\/uploads\/2025\/11\/DSC_0062-768x512.jpg 768w, https:\/\/www.delalumiereauxyeux-photo.fr\/wp-content\/uploads\/2025\/11\/DSC_0062-1536x1024.jpg 1536w, https:\/\/www.delalumiereauxyeux-photo.fr\/wp-content\/uploads\/2025\/11\/DSC_0062-2048x1365.jpg 2048w\" sizes=\"(max-width: 1024px) 100vw, 1024px\" \/><\/figure>\n\n\n\n<figure class=\"wp-block-image size-large\"><img loading=\"lazy\" decoding=\"async\" width=\"683\" height=\"1024\" src=\"http:\/\/www.delalumiereauxyeux-photo.fr\/wp-content\/uploads\/2025\/11\/DSC_0065-683x1024.jpg\" alt=\"Rallye de l'Indre 2025 photographe De la lumi\u00e8re aux yeux\" class=\"wp-image-8784\" srcset=\"https:\/\/www.delalumiereauxyeux-photo.fr\/wp-content\/uploads\/2025\/11\/DSC_0065-683x1024.jpg 683w, https:\/\/www.delalumiereauxyeux-photo.fr\/wp-content\/uploads\/2025\/11\/DSC_0065-200x300.jpg 200w, https:\/\/www.delalumiereauxyeux-photo.fr\/wp-content\/uploads\/2025\/11\/DSC_0065-768x1152.jpg 768w, https:\/\/www.delalumiereauxyeux-photo.fr\/wp-content\/uploads\/2025\/11\/DSC_0065-1024x1536.jpg 1024w, https:\/\/www.delalumiereauxyeux-photo.fr\/wp-content\/uploads\/2025\/11\/DSC_0065-1365x2048.jpg 1365w, https:\/\/www.delalumiereauxyeux-photo.fr\/wp-content\/uploads\/2025\/11\/DSC_0065-scaled.jpg 1707w\" sizes=\"(max-width: 683px) 100vw, 683px\" \/><\/figure>\n\n\n\n<figure class=\"wp-block-image size-large\"><img loading=\"lazy\" decoding=\"async\" width=\"683\" height=\"1024\" src=\"http:\/\/www.delalumiereauxyeux-photo.fr\/wp-content\/uploads\/2025\/11\/DSC_3219-683x1024.jpg\" alt=\"Rallye de l'Indre 2025 photographe De la lumi\u00e8re aux yeux\" class=\"wp-image-8785\" srcset=\"https:\/\/www.delalumiereauxyeux-photo.fr\/wp-content\/uploads\/2025\/11\/DSC_3219-683x1024.jpg 683w, https:\/\/www.delalumiereauxyeux-photo.fr\/wp-content\/uploads\/2025\/11\/DSC_3219-200x300.jpg 200w, https:\/\/www.delalumiereauxyeux-photo.fr\/wp-content\/uploads\/2025\/11\/DSC_3219-768x1152.jpg 768w, https:\/\/www.delalumiereauxyeux-photo.fr\/wp-content\/uploads\/2025\/11\/DSC_3219-1024x1536.jpg 1024w, https:\/\/www.delalumiereauxyeux-photo.fr\/wp-content\/uploads\/2025\/11\/DSC_3219-1365x2048.jpg 1365w, https:\/\/www.delalumiereauxyeux-photo.fr\/wp-content\/uploads\/2025\/11\/DSC_3219-scaled.jpg 1707w\" sizes=\"(max-width: 683px) 100vw, 683px\" \/><\/figure>\n\n\n\n<figure class=\"wp-block-image size-large\"><img loading=\"lazy\" decoding=\"async\" width=\"683\" height=\"1024\" src=\"http:\/\/www.delalumiereauxyeux-photo.fr\/wp-content\/uploads\/2025\/11\/DSC_0070-683x1024.jpg\" alt=\"Rallye de l'Indre 2025 photographe De la lumi\u00e8re aux yeux\" class=\"wp-image-8787\" srcset=\"https:\/\/www.delalumiereauxyeux-photo.fr\/wp-content\/uploads\/2025\/11\/DSC_0070-683x1024.jpg 683w, https:\/\/www.delalumiereauxyeux-photo.fr\/wp-content\/uploads\/2025\/11\/DSC_0070-200x300.jpg 200w, https:\/\/www.delalumiereauxyeux-photo.fr\/wp-content\/uploads\/2025\/11\/DSC_0070-768x1152.jpg 768w, https:\/\/www.delalumiereauxyeux-photo.fr\/wp-content\/uploads\/2025\/11\/DSC_0070-1024x1536.jpg 1024w, https:\/\/www.delalumiereauxyeux-photo.fr\/wp-content\/uploads\/2025\/11\/DSC_0070-1365x2048.jpg 1365w, https:\/\/www.delalumiereauxyeux-photo.fr\/wp-content\/uploads\/2025\/11\/DSC_0070-scaled.jpg 1707w\" sizes=\"(max-width: 683px) 100vw, 683px\" \/><\/figure>\n\n\n\n<figure class=\"wp-block-image size-large\"><img loading=\"lazy\" decoding=\"async\" width=\"1024\" height=\"884\" src=\"http:\/\/www.delalumiereauxyeux-photo.fr\/wp-content\/uploads\/2025\/11\/DSC_0073-1024x884.jpg\" alt=\"Rallye de l'Indre 2025 photographe De la lumi\u00e8re aux yeux\" class=\"wp-image-8790\" srcset=\"https:\/\/www.delalumiereauxyeux-photo.fr\/wp-content\/uploads\/2025\/11\/DSC_0073-1024x884.jpg 1024w, https:\/\/www.delalumiereauxyeux-photo.fr\/wp-content\/uploads\/2025\/11\/DSC_0073-300x259.jpg 300w, https:\/\/www.delalumiereauxyeux-photo.fr\/wp-content\/uploads\/2025\/11\/DSC_0073-768x663.jpg 768w, https:\/\/www.delalumiereauxyeux-photo.fr\/wp-content\/uploads\/2025\/11\/DSC_0073-1536x1326.jpg 1536w, https:\/\/www.delalumiereauxyeux-photo.fr\/wp-content\/uploads\/2025\/11\/DSC_0073-2048x1767.jpg 2048w\" sizes=\"(max-width: 1024px) 100vw, 1024px\" \/><\/figure>\n\n\n\n<figure class=\"wp-block-image size-large\"><img loading=\"lazy\" decoding=\"async\" width=\"1024\" height=\"683\" src=\"http:\/\/www.delalumiereauxyeux-photo.fr\/wp-content\/uploads\/2025\/11\/DSC_0081-1024x683.jpg\" alt=\"Rallye de l'Indre 2025 photographe De la lumi\u00e8re aux yeux\" class=\"wp-image-8791\" srcset=\"https:\/\/www.delalumiereauxyeux-photo.fr\/wp-content\/uploads\/2025\/11\/DSC_0081-1024x683.jpg 1024w, https:\/\/www.delalumiereauxyeux-photo.fr\/wp-content\/uploads\/2025\/11\/DSC_0081-300x200.jpg 300w, https:\/\/www.delalumiereauxyeux-photo.fr\/wp-content\/uploads\/2025\/11\/DSC_0081-768x512.jpg 768w, https:\/\/www.delalumiereauxyeux-photo.fr\/wp-content\/uploads\/2025\/11\/DSC_0081-1536x1024.jpg 1536w, https:\/\/www.delalumiereauxyeux-photo.fr\/wp-content\/uploads\/2025\/11\/DSC_0081-2048x1365.jpg 2048w\" sizes=\"(max-width: 1024px) 100vw, 1024px\" \/><\/figure>\n\n\n\n<figure class=\"wp-block-image size-large\"><img loading=\"lazy\" decoding=\"async\" width=\"1024\" height=\"683\" src=\"http:\/\/www.delalumiereauxyeux-photo.fr\/wp-content\/uploads\/2025\/11\/DSC_0089-1024x683.jpg\" alt=\"Rallye de l'Indre 2025 photographe De la lumi\u00e8re aux yeux\" class=\"wp-image-8792\" srcset=\"https:\/\/www.delalumiereauxyeux-photo.fr\/wp-content\/uploads\/2025\/11\/DSC_0089-1024x683.jpg 1024w, https:\/\/www.delalumiereauxyeux-photo.fr\/wp-content\/uploads\/2025\/11\/DSC_0089-300x200.jpg 300w, https:\/\/www.delalumiereauxyeux-photo.fr\/wp-content\/uploads\/2025\/11\/DSC_0089-768x512.jpg 768w, https:\/\/www.delalumiereauxyeux-photo.fr\/wp-content\/uploads\/2025\/11\/DSC_0089-1536x1024.jpg 1536w, https:\/\/www.delalumiereauxyeux-photo.fr\/wp-content\/uploads\/2025\/11\/DSC_0089-2048x1365.jpg 2048w\" sizes=\"(max-width: 1024px) 100vw, 1024px\" \/><\/figure>\n\n\n\n<figure class=\"wp-block-image size-large\"><img loading=\"lazy\" decoding=\"async\" width=\"1024\" height=\"683\" src=\"http:\/\/www.delalumiereauxyeux-photo.fr\/wp-content\/uploads\/2025\/11\/DSC_0100-1024x683.jpg\" alt=\"Rallye de l'Indre 2025 photographe De la lumi\u00e8re aux yeux\" class=\"wp-image-8793\" srcset=\"https:\/\/www.delalumiereauxyeux-photo.fr\/wp-content\/uploads\/2025\/11\/DSC_0100-1024x683.jpg 1024w, https:\/\/www.delalumiereauxyeux-photo.fr\/wp-content\/uploads\/2025\/11\/DSC_0100-300x200.jpg 300w, https:\/\/www.delalumiereauxyeux-photo.fr\/wp-content\/uploads\/2025\/11\/DSC_0100-768x512.jpg 768w, https:\/\/www.delalumiereauxyeux-photo.fr\/wp-content\/uploads\/2025\/11\/DSC_0100-1536x1024.jpg 1536w, https:\/\/www.delalumiereauxyeux-photo.fr\/wp-content\/uploads\/2025\/11\/DSC_0100-2048x1365.jpg 2048w\" sizes=\"(max-width: 1024px) 100vw, 1024px\" \/><\/figure>\n\n\n\n<figure class=\"wp-block-image size-large\"><img loading=\"lazy\" decoding=\"async\" width=\"1024\" height=\"683\" src=\"http:\/\/www.delalumiereauxyeux-photo.fr\/wp-content\/uploads\/2025\/11\/DSC_0108-1024x683.jpg\" alt=\"Rallye de l'Indre 2025 photographe De la lumi\u00e8re aux yeux\" class=\"wp-image-8794\" srcset=\"https:\/\/www.delalumiereauxyeux-photo.fr\/wp-content\/uploads\/2025\/11\/DSC_0108-1024x683.jpg 1024w, https:\/\/www.delalumiereauxyeux-photo.fr\/wp-content\/uploads\/2025\/11\/DSC_0108-300x200.jpg 300w, https:\/\/www.delalumiereauxyeux-photo.fr\/wp-content\/uploads\/2025\/11\/DSC_0108-768x512.jpg 768w, https:\/\/www.delalumiereauxyeux-photo.fr\/wp-content\/uploads\/2025\/11\/DSC_0108-1536x1024.jpg 1536w, https:\/\/www.delalumiereauxyeux-photo.fr\/wp-content\/uploads\/2025\/11\/DSC_0108-2048x1365.jpg 2048w\" sizes=\"(max-width: 1024px) 100vw, 1024px\" \/><\/figure>\n\n\n\n<figure class=\"wp-block-image size-large\"><img loading=\"lazy\" decoding=\"async\" width=\"1024\" height=\"683\" src=\"http:\/\/www.delalumiereauxyeux-photo.fr\/wp-content\/uploads\/2025\/11\/DSC_0113-1024x683.jpg\" alt=\"Rallye de l'Indre 2025 photographe De la lumi\u00e8re aux yeux\" class=\"wp-image-8795\" srcset=\"https:\/\/www.delalumiereauxyeux-photo.fr\/wp-content\/uploads\/2025\/11\/DSC_0113-1024x683.jpg 1024w, https:\/\/www.delalumiereauxyeux-photo.fr\/wp-content\/uploads\/2025\/11\/DSC_0113-300x200.jpg 300w, https:\/\/www.delalumiereauxyeux-photo.fr\/wp-content\/uploads\/2025\/11\/DSC_0113-768x512.jpg 768w, https:\/\/www.delalumiereauxyeux-photo.fr\/wp-content\/uploads\/2025\/11\/DSC_0113-1536x1024.jpg 1536w, https:\/\/www.delalumiereauxyeux-photo.fr\/wp-content\/uploads\/2025\/11\/DSC_0113-2048x1365.jpg 2048w\" sizes=\"(max-width: 1024px) 100vw, 1024px\" \/><\/figure>\n\n\n\n<figure class=\"wp-block-image size-large\"><img loading=\"lazy\" decoding=\"async\" width=\"1024\" height=\"872\" src=\"http:\/\/www.delalumiereauxyeux-photo.fr\/wp-content\/uploads\/2025\/11\/DSC_3287-1024x872.jpg\" alt=\"Rallye de l'Indre 2025 photographe De la lumi\u00e8re aux yeux\" class=\"wp-image-8796\" srcset=\"https:\/\/www.delalumiereauxyeux-photo.fr\/wp-content\/uploads\/2025\/11\/DSC_3287-1024x872.jpg 1024w, https:\/\/www.delalumiereauxyeux-photo.fr\/wp-content\/uploads\/2025\/11\/DSC_3287-300x256.jpg 300w, https:\/\/www.delalumiereauxyeux-photo.fr\/wp-content\/uploads\/2025\/11\/DSC_3287-768x654.jpg 768w, https:\/\/www.delalumiereauxyeux-photo.fr\/wp-content\/uploads\/2025\/11\/DSC_3287-1536x1308.jpg 1536w, https:\/\/www.delalumiereauxyeux-photo.fr\/wp-content\/uploads\/2025\/11\/DSC_3287-2048x1744.jpg 2048w\" sizes=\"(max-width: 1024px) 100vw, 1024px\" \/><\/figure>\n\n\n\n<figure class=\"wp-block-image size-large\"><img loading=\"lazy\" decoding=\"async\" width=\"1024\" height=\"683\" src=\"http:\/\/www.delalumiereauxyeux-photo.fr\/wp-content\/uploads\/2025\/11\/DSC_3299-1024x683.jpg\" alt=\"Rallye de l'Indre 2025 photographe De la lumi\u00e8re aux yeux\" class=\"wp-image-8797\" srcset=\"https:\/\/www.delalumiereauxyeux-photo.fr\/wp-content\/uploads\/2025\/11\/DSC_3299-1024x683.jpg 1024w, https:\/\/www.delalumiereauxyeux-photo.fr\/wp-content\/uploads\/2025\/11\/DSC_3299-300x200.jpg 300w, https:\/\/www.delalumiereauxyeux-photo.fr\/wp-content\/uploads\/2025\/11\/DSC_3299-768x512.jpg 768w, https:\/\/www.delalumiereauxyeux-photo.fr\/wp-content\/uploads\/2025\/11\/DSC_3299-1536x1024.jpg 1536w, https:\/\/www.delalumiereauxyeux-photo.fr\/wp-content\/uploads\/2025\/11\/DSC_3299-2048x1365.jpg 2048w\" sizes=\"(max-width: 1024px) 100vw, 1024px\" \/><\/figure>\n\n\n\n<figure class=\"wp-block-image size-large\"><img loading=\"lazy\" decoding=\"async\" width=\"1024\" height=\"683\" src=\"http:\/\/www.delalumiereauxyeux-photo.fr\/wp-content\/uploads\/2025\/11\/DSC_3309-1024x683.jpg\" alt=\"Rallye de l'Indre 2025 photographe De la lumi\u00e8re aux yeux\" class=\"wp-image-8798\" srcset=\"https:\/\/www.delalumiereauxyeux-photo.fr\/wp-content\/uploads\/2025\/11\/DSC_3309-1024x683.jpg 1024w, https:\/\/www.delalumiereauxyeux-photo.fr\/wp-content\/uploads\/2025\/11\/DSC_3309-300x200.jpg 300w, https:\/\/www.delalumiereauxyeux-photo.fr\/wp-content\/uploads\/2025\/11\/DSC_3309-768x512.jpg 768w, https:\/\/www.delalumiereauxyeux-photo.fr\/wp-content\/uploads\/2025\/11\/DSC_3309-1536x1024.jpg 1536w, https:\/\/www.delalumiereauxyeux-photo.fr\/wp-content\/uploads\/2025\/11\/DSC_3309-2048x1365.jpg 2048w\" sizes=\"(max-width: 1024px) 100vw, 1024px\" \/><\/figure>\n\n\n\n<figure class=\"wp-block-image size-large\"><img loading=\"lazy\" decoding=\"async\" width=\"1024\" height=\"762\" src=\"http:\/\/www.delalumiereauxyeux-photo.fr\/wp-content\/uploads\/2025\/11\/DSC_3316-1024x762.jpg\" alt=\"Rallye de l'Indre 2025 photographe De la lumi\u00e8re aux yeux\" class=\"wp-image-8799\" srcset=\"https:\/\/www.delalumiereauxyeux-photo.fr\/wp-content\/uploads\/2025\/11\/DSC_3316-1024x762.jpg 1024w, https:\/\/www.delalumiereauxyeux-photo.fr\/wp-content\/uploads\/2025\/11\/DSC_3316-300x223.jpg 300w, https:\/\/www.delalumiereauxyeux-photo.fr\/wp-content\/uploads\/2025\/11\/DSC_3316-768x571.jpg 768w, https:\/\/www.delalumiereauxyeux-photo.fr\/wp-content\/uploads\/2025\/11\/DSC_3316-1536x1142.jpg 1536w, https:\/\/www.delalumiereauxyeux-photo.fr\/wp-content\/uploads\/2025\/11\/DSC_3316-2048x1523.jpg 2048w\" sizes=\"(max-width: 1024px) 100vw, 1024px\" \/><\/figure>\n\n\n\n<figure class=\"wp-block-image size-large\"><img loading=\"lazy\" decoding=\"async\" width=\"1024\" height=\"683\" src=\"http:\/\/www.delalumiereauxyeux-photo.fr\/wp-content\/uploads\/2025\/11\/DSC_3346-1024x683.jpg\" alt=\"Rallye de l'Indre 2025 photographe De la lumi\u00e8re aux yeux\" class=\"wp-image-8800\" srcset=\"https:\/\/www.delalumiereauxyeux-photo.fr\/wp-content\/uploads\/2025\/11\/DSC_3346-1024x683.jpg 1024w, https:\/\/www.delalumiereauxyeux-photo.fr\/wp-content\/uploads\/2025\/11\/DSC_3346-300x200.jpg 300w, https:\/\/www.delalumiereauxyeux-photo.fr\/wp-content\/uploads\/2025\/11\/DSC_3346-768x512.jpg 768w, https:\/\/www.delalumiereauxyeux-photo.fr\/wp-content\/uploads\/2025\/11\/DSC_3346-1536x1024.jpg 1536w, https:\/\/www.delalumiereauxyeux-photo.fr\/wp-content\/uploads\/2025\/11\/DSC_3346-2048x1365.jpg 2048w\" sizes=\"(max-width: 1024px) 100vw, 1024px\" \/><\/figure>\n\n\n\n<figure class=\"wp-block-image size-large\"><img loading=\"lazy\" decoding=\"async\" width=\"1024\" height=\"591\" src=\"http:\/\/www.delalumiereauxyeux-photo.fr\/wp-content\/uploads\/2025\/11\/DSC_3384-1024x591.jpg\" alt=\"Rallye de l'Indre 2025 photographe De la lumi\u00e8re aux yeux\" class=\"wp-image-8801\" srcset=\"https:\/\/www.delalumiereauxyeux-photo.fr\/wp-content\/uploads\/2025\/11\/DSC_3384-1024x591.jpg 1024w, https:\/\/www.delalumiereauxyeux-photo.fr\/wp-content\/uploads\/2025\/11\/DSC_3384-300x173.jpg 300w, https:\/\/www.delalumiereauxyeux-photo.fr\/wp-content\/uploads\/2025\/11\/DSC_3384-768x443.jpg 768w, https:\/\/www.delalumiereauxyeux-photo.fr\/wp-content\/uploads\/2025\/11\/DSC_3384-1536x887.jpg 1536w, https:\/\/www.delalumiereauxyeux-photo.fr\/wp-content\/uploads\/2025\/11\/DSC_3384-2048x1183.jpg 2048w\" sizes=\"(max-width: 1024px) 100vw, 1024px\" \/><\/figure>\n\n\n\n<figure class=\"wp-block-image size-large\"><img loading=\"lazy\" decoding=\"async\" width=\"1024\" height=\"819\" src=\"http:\/\/www.delalumiereauxyeux-photo.fr\/wp-content\/uploads\/2025\/11\/DSC_3385-1024x819.jpg\" alt=\"Rallye de l'Indre 2025 photographe De la lumi\u00e8re aux yeux\" class=\"wp-image-8802\" srcset=\"https:\/\/www.delalumiereauxyeux-photo.fr\/wp-content\/uploads\/2025\/11\/DSC_3385-1024x819.jpg 1024w, https:\/\/www.delalumiereauxyeux-photo.fr\/wp-content\/uploads\/2025\/11\/DSC_3385-300x240.jpg 300w, https:\/\/www.delalumiereauxyeux-photo.fr\/wp-content\/uploads\/2025\/11\/DSC_3385-768x614.jpg 768w, https:\/\/www.delalumiereauxyeux-photo.fr\/wp-content\/uploads\/2025\/11\/DSC_3385-1536x1229.jpg 1536w, https:\/\/www.delalumiereauxyeux-photo.fr\/wp-content\/uploads\/2025\/11\/DSC_3385-2048x1638.jpg 2048w\" sizes=\"(max-width: 1024px) 100vw, 1024px\" \/><\/figure>\n\n\n\n<figure class=\"wp-block-image size-large\"><img loading=\"lazy\" decoding=\"async\" width=\"1024\" height=\"492\" src=\"http:\/\/www.delalumiereauxyeux-photo.fr\/wp-content\/uploads\/2025\/11\/DSC_3408-1024x492.jpg\" alt=\"Rallye de l'Indre 2025 photographe De la lumi\u00e8re aux yeux\" class=\"wp-image-8803\" srcset=\"https:\/\/www.delalumiereauxyeux-photo.fr\/wp-content\/uploads\/2025\/11\/DSC_3408-1024x492.jpg 1024w, https:\/\/www.delalumiereauxyeux-photo.fr\/wp-content\/uploads\/2025\/11\/DSC_3408-300x144.jpg 300w, https:\/\/www.delalumiereauxyeux-photo.fr\/wp-content\/uploads\/2025\/11\/DSC_3408-768x369.jpg 768w, https:\/\/www.delalumiereauxyeux-photo.fr\/wp-content\/uploads\/2025\/11\/DSC_3408-1536x737.jpg 1536w, https:\/\/www.delalumiereauxyeux-photo.fr\/wp-content\/uploads\/2025\/11\/DSC_3408-2048x983.jpg 2048w\" sizes=\"(max-width: 1024px) 100vw, 1024px\" \/><\/figure>\n\n\n\n<figure class=\"wp-block-image size-large\"><img loading=\"lazy\" decoding=\"async\" width=\"1024\" height=\"804\" src=\"http:\/\/www.delalumiereauxyeux-photo.fr\/wp-content\/uploads\/2025\/11\/DSC_3421-1024x804.jpg\" alt=\"Rallye de l'Indre 2025 photographe De la lumi\u00e8re aux yeux\" class=\"wp-image-8804\" srcset=\"https:\/\/www.delalumiereauxyeux-photo.fr\/wp-content\/uploads\/2025\/11\/DSC_3421-1024x804.jpg 1024w, https:\/\/www.delalumiereauxyeux-photo.fr\/wp-content\/uploads\/2025\/11\/DSC_3421-300x235.jpg 300w, https:\/\/www.delalumiereauxyeux-photo.fr\/wp-content\/uploads\/2025\/11\/DSC_3421-768x603.jpg 768w, https:\/\/www.delalumiereauxyeux-photo.fr\/wp-content\/uploads\/2025\/11\/DSC_3421-1536x1205.jpg 1536w, https:\/\/www.delalumiereauxyeux-photo.fr\/wp-content\/uploads\/2025\/11\/DSC_3421-2048x1607.jpg 2048w\" sizes=\"(max-width: 1024px) 100vw, 1024px\" \/><\/figure>\n\n\n\n<figure class=\"wp-block-image size-large\"><img loading=\"lazy\" decoding=\"async\" width=\"1024\" height=\"658\" src=\"http:\/\/www.delalumiereauxyeux-photo.fr\/wp-content\/uploads\/2025\/11\/DSC_3469-1024x658.jpg\" alt=\"Rallye de l'Indre 2025 photographe De la lumi\u00e8re aux yeux\" class=\"wp-image-8805\" srcset=\"https:\/\/www.delalumiereauxyeux-photo.fr\/wp-content\/uploads\/2025\/11\/DSC_3469-1024x658.jpg 1024w, https:\/\/www.delalumiereauxyeux-photo.fr\/wp-content\/uploads\/2025\/11\/DSC_3469-300x193.jpg 300w, https:\/\/www.delalumiereauxyeux-photo.fr\/wp-content\/uploads\/2025\/11\/DSC_3469-768x494.jpg 768w, https:\/\/www.delalumiereauxyeux-photo.fr\/wp-content\/uploads\/2025\/11\/DSC_3469-1536x988.jpg 1536w, https:\/\/www.delalumiereauxyeux-photo.fr\/wp-content\/uploads\/2025\/11\/DSC_3469-2048x1317.jpg 2048w\" sizes=\"(max-width: 1024px) 100vw, 1024px\" \/><\/figure>\n\n\n\n<figure class=\"wp-block-image size-large\"><img loading=\"lazy\" decoding=\"async\" width=\"1024\" height=\"881\" src=\"http:\/\/www.delalumiereauxyeux-photo.fr\/wp-content\/uploads\/2025\/11\/DSC_3470-1024x881.jpg\" alt=\"Rallye de l'Indre 2025 photographe De la lumi\u00e8re aux yeux\" class=\"wp-image-8806\" srcset=\"https:\/\/www.delalumiereauxyeux-photo.fr\/wp-content\/uploads\/2025\/11\/DSC_3470-1024x881.jpg 1024w, https:\/\/www.delalumiereauxyeux-photo.fr\/wp-content\/uploads\/2025\/11\/DSC_3470-300x258.jpg 300w, https:\/\/www.delalumiereauxyeux-photo.fr\/wp-content\/uploads\/2025\/11\/DSC_3470-768x661.jpg 768w, https:\/\/www.delalumiereauxyeux-photo.fr\/wp-content\/uploads\/2025\/11\/DSC_3470-1536x1322.jpg 1536w, https:\/\/www.delalumiereauxyeux-photo.fr\/wp-content\/uploads\/2025\/11\/DSC_3470-2048x1762.jpg 2048w\" sizes=\"(max-width: 1024px) 100vw, 1024px\" \/><\/figure>\n\n\n\n<figure class=\"wp-block-image size-large\"><img loading=\"lazy\" decoding=\"async\" width=\"1024\" height=\"698\" src=\"http:\/\/www.delalumiereauxyeux-photo.fr\/wp-content\/uploads\/2025\/11\/DSC_3474-1024x698.jpg\" alt=\"Rallye de l'Indre 2025 photographe De la lumi\u00e8re aux yeux\" class=\"wp-image-8807\" srcset=\"https:\/\/www.delalumiereauxyeux-photo.fr\/wp-content\/uploads\/2025\/11\/DSC_3474-1024x698.jpg 1024w, https:\/\/www.delalumiereauxyeux-photo.fr\/wp-content\/uploads\/2025\/11\/DSC_3474-300x205.jpg 300w, https:\/\/www.delalumiereauxyeux-photo.fr\/wp-content\/uploads\/2025\/11\/DSC_3474-768x524.jpg 768w, https:\/\/www.delalumiereauxyeux-photo.fr\/wp-content\/uploads\/2025\/11\/DSC_3474-1536x1047.jpg 1536w, https:\/\/www.delalumiereauxyeux-photo.fr\/wp-content\/uploads\/2025\/11\/DSC_3474-2048x1396.jpg 2048w\" sizes=\"(max-width: 1024px) 100vw, 1024px\" \/><\/figure>\n\n\n\n<figure class=\"wp-block-image size-large\"><img loading=\"lazy\" decoding=\"async\" width=\"1024\" height=\"683\" src=\"http:\/\/www.delalumiereauxyeux-photo.fr\/wp-content\/uploads\/2025\/11\/DSC_3504-1024x683.jpg\" alt=\"Rallye de l'Indre 2025 photographe De la lumi\u00e8re aux yeux\" class=\"wp-image-8808\" srcset=\"https:\/\/www.delalumiereauxyeux-photo.fr\/wp-content\/uploads\/2025\/11\/DSC_3504-1024x683.jpg 1024w, https:\/\/www.delalumiereauxyeux-photo.fr\/wp-content\/uploads\/2025\/11\/DSC_3504-300x200.jpg 300w, https:\/\/www.delalumiereauxyeux-photo.fr\/wp-content\/uploads\/2025\/11\/DSC_3504-768x512.jpg 768w, https:\/\/www.delalumiereauxyeux-photo.fr\/wp-content\/uploads\/2025\/11\/DSC_3504-1536x1024.jpg 1536w, https:\/\/www.delalumiereauxyeux-photo.fr\/wp-content\/uploads\/2025\/11\/DSC_3504-2048x1365.jpg 2048w\" sizes=\"(max-width: 1024px) 100vw, 1024px\" \/><\/figure>\n\n\n\n<figure class=\"wp-block-image size-large\"><img loading=\"lazy\" decoding=\"async\" width=\"1024\" height=\"683\" src=\"http:\/\/www.delalumiereauxyeux-photo.fr\/wp-content\/uploads\/2025\/11\/DSC_3560-1024x683.jpg\" alt=\"Rallye de l'Indre 2025 photographe De la lumi\u00e8re aux yeux\" class=\"wp-image-8809\" srcset=\"https:\/\/www.delalumiereauxyeux-photo.fr\/wp-content\/uploads\/2025\/11\/DSC_3560-1024x683.jpg 1024w, https:\/\/www.delalumiereauxyeux-photo.fr\/wp-content\/uploads\/2025\/11\/DSC_3560-300x200.jpg 300w, https:\/\/www.delalumiereauxyeux-photo.fr\/wp-content\/uploads\/2025\/11\/DSC_3560-768x512.jpg 768w, https:\/\/www.delalumiereauxyeux-photo.fr\/wp-content\/uploads\/2025\/11\/DSC_3560-1536x1024.jpg 1536w, https:\/\/www.delalumiereauxyeux-photo.fr\/wp-content\/uploads\/2025\/11\/DSC_3560-2048x1365.jpg 2048w\" sizes=\"(max-width: 1024px) 100vw, 1024px\" \/><\/figure>\n\n\n\n<figure class=\"wp-block-image size-large\"><img loading=\"lazy\" decoding=\"async\" width=\"1024\" height=\"683\" src=\"http:\/\/www.delalumiereauxyeux-photo.fr\/wp-content\/uploads\/2025\/11\/DSC_3570-1024x683.jpg\" alt=\"Rallye de l'Indre 2025 photographe De la lumi\u00e8re aux yeux\" class=\"wp-image-8810\" srcset=\"https:\/\/www.delalumiereauxyeux-photo.fr\/wp-content\/uploads\/2025\/11\/DSC_3570-1024x683.jpg 1024w, https:\/\/www.delalumiereauxyeux-photo.fr\/wp-content\/uploads\/2025\/11\/DSC_3570-300x200.jpg 300w, https:\/\/www.delalumiereauxyeux-photo.fr\/wp-content\/uploads\/2025\/11\/DSC_3570-768x512.jpg 768w, https:\/\/www.delalumiereauxyeux-photo.fr\/wp-content\/uploads\/2025\/11\/DSC_3570-1536x1024.jpg 1536w, https:\/\/www.delalumiereauxyeux-photo.fr\/wp-content\/uploads\/2025\/11\/DSC_3570-2048x1365.jpg 2048w\" sizes=\"(max-width: 1024px) 100vw, 1024px\" \/><\/figure>\n\n\n\n<figure class=\"wp-block-image size-large\"><img loading=\"lazy\" decoding=\"async\" width=\"1024\" height=\"683\" src=\"http:\/\/www.delalumiereauxyeux-photo.fr\/wp-content\/uploads\/2025\/11\/DSC_0139-1024x683.jpg\" alt=\"Rallye de l'Indre 2025 photographe De la lumi\u00e8re aux yeux\" class=\"wp-image-8811\" srcset=\"https:\/\/www.delalumiereauxyeux-photo.fr\/wp-content\/uploads\/2025\/11\/DSC_0139-1024x683.jpg 1024w, https:\/\/www.delalumiereauxyeux-photo.fr\/wp-content\/uploads\/2025\/11\/DSC_0139-300x200.jpg 300w, https:\/\/www.delalumiereauxyeux-photo.fr\/wp-content\/uploads\/2025\/11\/DSC_0139-768x512.jpg 768w, https:\/\/www.delalumiereauxyeux-photo.fr\/wp-content\/uploads\/2025\/11\/DSC_0139-1536x1024.jpg 1536w, https:\/\/www.delalumiereauxyeux-photo.fr\/wp-content\/uploads\/2025\/11\/DSC_0139-2048x1365.jpg 2048w\" sizes=\"(max-width: 1024px) 100vw, 1024px\" \/><\/figure>\n\n\n\n<figure class=\"wp-block-image size-large\"><img loading=\"lazy\" decoding=\"async\" width=\"1024\" height=\"683\" src=\"http:\/\/www.delalumiereauxyeux-photo.fr\/wp-content\/uploads\/2025\/11\/DSC_3622-1024x683.jpg\" alt=\"Rallye de l'Indre 2025 photographe De la lumi\u00e8re aux yeux\" class=\"wp-image-8812\" srcset=\"https:\/\/www.delalumiereauxyeux-photo.fr\/wp-content\/uploads\/2025\/11\/DSC_3622-1024x683.jpg 1024w, https:\/\/www.delalumiereauxyeux-photo.fr\/wp-content\/uploads\/2025\/11\/DSC_3622-300x200.jpg 300w, https:\/\/www.delalumiereauxyeux-photo.fr\/wp-content\/uploads\/2025\/11\/DSC_3622-768x512.jpg 768w, https:\/\/www.delalumiereauxyeux-photo.fr\/wp-content\/uploads\/2025\/11\/DSC_3622-1536x1024.jpg 1536w, https:\/\/www.delalumiereauxyeux-photo.fr\/wp-content\/uploads\/2025\/11\/DSC_3622-2048x1365.jpg 2048w\" sizes=\"(max-width: 1024px) 100vw, 1024px\" \/><\/figure>\n\n\n\n<figure class=\"wp-block-image size-large\"><img loading=\"lazy\" decoding=\"async\" width=\"1024\" height=\"683\" src=\"http:\/\/www.delalumiereauxyeux-photo.fr\/wp-content\/uploads\/2025\/11\/DSC_3635-1024x683.jpg\" alt=\"Rallye de l'Indre 2025 photographe De la lumi\u00e8re aux yeux\" class=\"wp-image-8813\" srcset=\"https:\/\/www.delalumiereauxyeux-photo.fr\/wp-content\/uploads\/2025\/11\/DSC_3635-1024x683.jpg 1024w, https:\/\/www.delalumiereauxyeux-photo.fr\/wp-content\/uploads\/2025\/11\/DSC_3635-300x200.jpg 300w, https:\/\/www.delalumiereauxyeux-photo.fr\/wp-content\/uploads\/2025\/11\/DSC_3635-768x512.jpg 768w, https:\/\/www.delalumiereauxyeux-photo.fr\/wp-content\/uploads\/2025\/11\/DSC_3635-1536x1024.jpg 1536w, https:\/\/www.delalumiereauxyeux-photo.fr\/wp-content\/uploads\/2025\/11\/DSC_3635-2048x1365.jpg 2048w\" sizes=\"(max-width: 1024px) 100vw, 1024px\" \/><\/figure>\n\n\n\n<figure class=\"wp-block-image size-large\"><img loading=\"lazy\" decoding=\"async\" width=\"1024\" height=\"683\" src=\"http:\/\/www.delalumiereauxyeux-photo.fr\/wp-content\/uploads\/2025\/11\/DSC_3657-1024x683.jpg\" alt=\"Rallye de l'Indre 2025 photographe De la lumi\u00e8re aux yeux\" class=\"wp-image-8814\" srcset=\"https:\/\/www.delalumiereauxyeux-photo.fr\/wp-content\/uploads\/2025\/11\/DSC_3657-1024x683.jpg 1024w, https:\/\/www.delalumiereauxyeux-photo.fr\/wp-content\/uploads\/2025\/11\/DSC_3657-300x200.jpg 300w, https:\/\/www.delalumiereauxyeux-photo.fr\/wp-content\/uploads\/2025\/11\/DSC_3657-768x512.jpg 768w, https:\/\/www.delalumiereauxyeux-photo.fr\/wp-content\/uploads\/2025\/11\/DSC_3657-1536x1024.jpg 1536w, https:\/\/www.delalumiereauxyeux-photo.fr\/wp-content\/uploads\/2025\/11\/DSC_3657-2048x1365.jpg 2048w\" sizes=\"(max-width: 1024px) 100vw, 1024px\" \/><\/figure>\n\n\n\n<figure class=\"wp-block-image size-large\"><img loading=\"lazy\" decoding=\"async\" width=\"1024\" height=\"736\" src=\"http:\/\/www.delalumiereauxyeux-photo.fr\/wp-content\/uploads\/2025\/11\/DSC_3669-1024x736.jpg\" alt=\"Rallye de l'Indre 2025 photographe De la lumi\u00e8re aux yeux\" class=\"wp-image-8815\" srcset=\"https:\/\/www.delalumiereauxyeux-photo.fr\/wp-content\/uploads\/2025\/11\/DSC_3669-1024x736.jpg 1024w, https:\/\/www.delalumiereauxyeux-photo.fr\/wp-content\/uploads\/2025\/11\/DSC_3669-300x216.jpg 300w, https:\/\/www.delalumiereauxyeux-photo.fr\/wp-content\/uploads\/2025\/11\/DSC_3669-768x552.jpg 768w, https:\/\/www.delalumiereauxyeux-photo.fr\/wp-content\/uploads\/2025\/11\/DSC_3669-1536x1104.jpg 1536w, https:\/\/www.delalumiereauxyeux-photo.fr\/wp-content\/uploads\/2025\/11\/DSC_3669-2048x1472.jpg 2048w\" sizes=\"(max-width: 1024px) 100vw, 1024px\" \/><\/figure>\n\n\n\n<figure class=\"wp-block-image size-large\"><img loading=\"lazy\" decoding=\"async\" width=\"1024\" height=\"683\" src=\"http:\/\/www.delalumiereauxyeux-photo.fr\/wp-content\/uploads\/2025\/11\/DSC_3702-1024x683.jpg\" alt=\"Rallye de l'Indre 2025 photographe De la lumi\u00e8re aux yeux\" class=\"wp-image-8816\" srcset=\"https:\/\/www.delalumiereauxyeux-photo.fr\/wp-content\/uploads\/2025\/11\/DSC_3702-1024x683.jpg 1024w, https:\/\/www.delalumiereauxyeux-photo.fr\/wp-content\/uploads\/2025\/11\/DSC_3702-300x200.jpg 300w, https:\/\/www.delalumiereauxyeux-photo.fr\/wp-content\/uploads\/2025\/11\/DSC_3702-768x512.jpg 768w, https:\/\/www.delalumiereauxyeux-photo.fr\/wp-content\/uploads\/2025\/11\/DSC_3702-1536x1024.jpg 1536w, https:\/\/www.delalumiereauxyeux-photo.fr\/wp-content\/uploads\/2025\/11\/DSC_3702-2048x1365.jpg 2048w\" sizes=\"(max-width: 1024px) 100vw, 1024px\" \/><\/figure>\n\n\n\n<figure class=\"wp-block-image size-large\"><img loading=\"lazy\" decoding=\"async\" width=\"1024\" height=\"683\" src=\"http:\/\/www.delalumiereauxyeux-photo.fr\/wp-content\/uploads\/2025\/11\/DSC_3708-1024x683.jpg\" alt=\"Rallye de l'Indre 2025 photographe De la lumi\u00e8re aux yeux\" class=\"wp-image-8817\" srcset=\"https:\/\/www.delalumiereauxyeux-photo.fr\/wp-content\/uploads\/2025\/11\/DSC_3708-1024x683.jpg 1024w, https:\/\/www.delalumiereauxyeux-photo.fr\/wp-content\/uploads\/2025\/11\/DSC_3708-300x200.jpg 300w, https:\/\/www.delalumiereauxyeux-photo.fr\/wp-content\/uploads\/2025\/11\/DSC_3708-768x512.jpg 768w, https:\/\/www.delalumiereauxyeux-photo.fr\/wp-content\/uploads\/2025\/11\/DSC_3708-1536x1024.jpg 1536w, https:\/\/www.delalumiereauxyeux-photo.fr\/wp-content\/uploads\/2025\/11\/DSC_3708-2048x1365.jpg 2048w\" sizes=\"(max-width: 1024px) 100vw, 1024px\" \/><\/figure>\n\n\n\n<figure class=\"wp-block-image size-large\"><img loading=\"lazy\" decoding=\"async\" width=\"1024\" height=\"524\" src=\"http:\/\/www.delalumiereauxyeux-photo.fr\/wp-content\/uploads\/2025\/11\/DSC_0156-1024x524.jpg\" alt=\"Rallye de l'Indre 2025 photographe De la lumi\u00e8re aux yeux\" class=\"wp-image-8818\" srcset=\"https:\/\/www.delalumiereauxyeux-photo.fr\/wp-content\/uploads\/2025\/11\/DSC_0156-1024x524.jpg 1024w, https:\/\/www.delalumiereauxyeux-photo.fr\/wp-content\/uploads\/2025\/11\/DSC_0156-300x154.jpg 300w, https:\/\/www.delalumiereauxyeux-photo.fr\/wp-content\/uploads\/2025\/11\/DSC_0156-768x393.jpg 768w, https:\/\/www.delalumiereauxyeux-photo.fr\/wp-content\/uploads\/2025\/11\/DSC_0156-1536x786.jpg 1536w, https:\/\/www.delalumiereauxyeux-photo.fr\/wp-content\/uploads\/2025\/11\/DSC_0156-2048x1048.jpg 2048w\" sizes=\"(max-width: 1024px) 100vw, 1024px\" \/><\/figure>\n\n\n\n<p>St Genou\/Buzan\u00e7ais ES 6 de nuit.<\/p>\n\n\n\n<figure class=\"wp-block-image size-large\"><img loading=\"lazy\" decoding=\"async\" width=\"1024\" height=\"554\" src=\"http:\/\/www.delalumiereauxyeux-photo.fr\/wp-content\/uploads\/2025\/11\/DSC_3752-1024x554.jpg\" alt=\"Rallye de l'Indre 2025 photographe De la lumi\u00e8re aux yeux\" class=\"wp-image-8819\" srcset=\"https:\/\/www.delalumiereauxyeux-photo.fr\/wp-content\/uploads\/2025\/11\/DSC_3752-1024x554.jpg 1024w, https:\/\/www.delalumiereauxyeux-photo.fr\/wp-content\/uploads\/2025\/11\/DSC_3752-300x162.jpg 300w, https:\/\/www.delalumiereauxyeux-photo.fr\/wp-content\/uploads\/2025\/11\/DSC_3752-768x416.jpg 768w, https:\/\/www.delalumiereauxyeux-photo.fr\/wp-content\/uploads\/2025\/11\/DSC_3752-1536x831.jpg 1536w, https:\/\/www.delalumiereauxyeux-photo.fr\/wp-content\/uploads\/2025\/11\/DSC_3752-2048x1108.jpg 2048w\" sizes=\"(max-width: 1024px) 100vw, 1024px\" \/><\/figure>\n\n\n\n<figure class=\"wp-block-image size-large\"><img loading=\"lazy\" decoding=\"async\" width=\"1024\" height=\"536\" src=\"http:\/\/www.delalumiereauxyeux-photo.fr\/wp-content\/uploads\/2025\/11\/DSC_3832-1024x536.jpg\" alt=\"Rallye de l'Indre 2025 photographe De la lumi\u00e8re aux yeux\" class=\"wp-image-8820\" srcset=\"https:\/\/www.delalumiereauxyeux-photo.fr\/wp-content\/uploads\/2025\/11\/DSC_3832-1024x536.jpg 1024w, https:\/\/www.delalumiereauxyeux-photo.fr\/wp-content\/uploads\/2025\/11\/DSC_3832-300x157.jpg 300w, https:\/\/www.delalumiereauxyeux-photo.fr\/wp-content\/uploads\/2025\/11\/DSC_3832-768x402.jpg 768w, https:\/\/www.delalumiereauxyeux-photo.fr\/wp-content\/uploads\/2025\/11\/DSC_3832-1536x805.jpg 1536w, https:\/\/www.delalumiereauxyeux-photo.fr\/wp-content\/uploads\/2025\/11\/DSC_3832-2048x1073.jpg 2048w\" sizes=\"(max-width: 1024px) 100vw, 1024px\" \/><\/figure>\n\n\n\n<figure class=\"wp-block-image size-large\"><img loading=\"lazy\" decoding=\"async\" width=\"1024\" height=\"683\" src=\"http:\/\/www.delalumiereauxyeux-photo.fr\/wp-content\/uploads\/2025\/11\/DSC_3835-1024x683.jpg\" alt=\"Rallye de l'Indre 2025 photographe De la lumi\u00e8re aux yeux\" class=\"wp-image-8821\" srcset=\"https:\/\/www.delalumiereauxyeux-photo.fr\/wp-content\/uploads\/2025\/11\/DSC_3835-1024x683.jpg 1024w, https:\/\/www.delalumiereauxyeux-photo.fr\/wp-content\/uploads\/2025\/11\/DSC_3835-300x200.jpg 300w, https:\/\/www.delalumiereauxyeux-photo.fr\/wp-content\/uploads\/2025\/11\/DSC_3835-768x512.jpg 768w, https:\/\/www.delalumiereauxyeux-photo.fr\/wp-content\/uploads\/2025\/11\/DSC_3835-1536x1024.jpg 1536w, https:\/\/www.delalumiereauxyeux-photo.fr\/wp-content\/uploads\/2025\/11\/DSC_3835-2048x1365.jpg 2048w\" sizes=\"(max-width: 1024px) 100vw, 1024px\" \/><\/figure>\n\n\n\n<figure class=\"wp-block-image size-large\"><img loading=\"lazy\" decoding=\"async\" width=\"1024\" height=\"528\" src=\"http:\/\/www.delalumiereauxyeux-photo.fr\/wp-content\/uploads\/2025\/11\/DSC_3854-1024x528.jpg\" alt=\"Rallye de l'Indre 2025 photographe De la lumi\u00e8re aux yeux\" class=\"wp-image-8822\" srcset=\"https:\/\/www.delalumiereauxyeux-photo.fr\/wp-content\/uploads\/2025\/11\/DSC_3854-1024x528.jpg 1024w, https:\/\/www.delalumiereauxyeux-photo.fr\/wp-content\/uploads\/2025\/11\/DSC_3854-300x155.jpg 300w, https:\/\/www.delalumiereauxyeux-photo.fr\/wp-content\/uploads\/2025\/11\/DSC_3854-768x396.jpg 768w, https:\/\/www.delalumiereauxyeux-photo.fr\/wp-content\/uploads\/2025\/11\/DSC_3854-1536x791.jpg 1536w, https:\/\/www.delalumiereauxyeux-photo.fr\/wp-content\/uploads\/2025\/11\/DSC_3854-2048x1055.jpg 2048w\" sizes=\"(max-width: 1024px) 100vw, 1024px\" \/><\/figure>\n\n\n\n<figure class=\"wp-block-image size-large\"><img loading=\"lazy\" decoding=\"async\" width=\"1024\" height=\"683\" src=\"http:\/\/www.delalumiereauxyeux-photo.fr\/wp-content\/uploads\/2025\/11\/DSC_3867-1024x683.jpg\" alt=\"Rallye de l'Indre 2025 photographe De la lumi\u00e8re aux yeux\" class=\"wp-image-8823\" srcset=\"https:\/\/www.delalumiereauxyeux-photo.fr\/wp-content\/uploads\/2025\/11\/DSC_3867-1024x683.jpg 1024w, https:\/\/www.delalumiereauxyeux-photo.fr\/wp-content\/uploads\/2025\/11\/DSC_3867-300x200.jpg 300w, https:\/\/www.delalumiereauxyeux-photo.fr\/wp-content\/uploads\/2025\/11\/DSC_3867-768x512.jpg 768w, https:\/\/www.delalumiereauxyeux-photo.fr\/wp-content\/uploads\/2025\/11\/DSC_3867-1536x1024.jpg 1536w, https:\/\/www.delalumiereauxyeux-photo.fr\/wp-content\/uploads\/2025\/11\/DSC_3867-2048x1365.jpg 2048w\" sizes=\"(max-width: 1024px) 100vw, 1024px\" \/><\/figure>\n\n\n\n<figure class=\"wp-block-image size-large\"><img loading=\"lazy\" decoding=\"async\" width=\"1024\" height=\"683\" src=\"http:\/\/www.delalumiereauxyeux-photo.fr\/wp-content\/uploads\/2025\/11\/DSC_3900-1024x683.jpg\" alt=\"Rallye de l'Indre 2025 photographe De la lumi\u00e8re aux yeux\" class=\"wp-image-8824\" srcset=\"https:\/\/www.delalumiereauxyeux-photo.fr\/wp-content\/uploads\/2025\/11\/DSC_3900-1024x683.jpg 1024w, https:\/\/www.delalumiereauxyeux-photo.fr\/wp-content\/uploads\/2025\/11\/DSC_3900-300x200.jpg 300w, https:\/\/www.delalumiereauxyeux-photo.fr\/wp-content\/uploads\/2025\/11\/DSC_3900-768x512.jpg 768w, https:\/\/www.delalumiereauxyeux-photo.fr\/wp-content\/uploads\/2025\/11\/DSC_3900-1536x1024.jpg 1536w, https:\/\/www.delalumiereauxyeux-photo.fr\/wp-content\/uploads\/2025\/11\/DSC_3900-2048x1365.jpg 2048w\" sizes=\"(max-width: 1024px) 100vw, 1024px\" \/><\/figure>\n\n\n\n<figure class=\"wp-block-image size-large\"><img loading=\"lazy\" decoding=\"async\" width=\"1024\" height=\"683\" src=\"http:\/\/www.delalumiereauxyeux-photo.fr\/wp-content\/uploads\/2025\/11\/DSC_3976-1024x683.jpg\" alt=\"Rallye de l'Indre 2025 photographe De la lumi\u00e8re aux yeux\" class=\"wp-image-8825\" srcset=\"https:\/\/www.delalumiereauxyeux-photo.fr\/wp-content\/uploads\/2025\/11\/DSC_3976-1024x683.jpg 1024w, https:\/\/www.delalumiereauxyeux-photo.fr\/wp-content\/uploads\/2025\/11\/DSC_3976-300x200.jpg 300w, https:\/\/www.delalumiereauxyeux-photo.fr\/wp-content\/uploads\/2025\/11\/DSC_3976-768x512.jpg 768w, https:\/\/www.delalumiereauxyeux-photo.fr\/wp-content\/uploads\/2025\/11\/DSC_3976-1536x1024.jpg 1536w, https:\/\/www.delalumiereauxyeux-photo.fr\/wp-content\/uploads\/2025\/11\/DSC_3976-2048x1365.jpg 2048w\" sizes=\"(max-width: 1024px) 100vw, 1024px\" \/><\/figure>\n\n\n\n<p>Dimanche.<\/p>\n\n\n\n<figure class=\"wp-block-image size-large\"><img loading=\"lazy\" decoding=\"async\" width=\"1024\" height=\"714\" src=\"http:\/\/www.delalumiereauxyeux-photo.fr\/wp-content\/uploads\/2025\/11\/DSC_0025-1024x714.jpg\" alt=\"Rallye de l'Indre 2025 photographe De la lumi\u00e8re aux yeux\" class=\"wp-image-8827\" srcset=\"https:\/\/www.delalumiereauxyeux-photo.fr\/wp-content\/uploads\/2025\/11\/DSC_0025-1024x714.jpg 1024w, https:\/\/www.delalumiereauxyeux-photo.fr\/wp-content\/uploads\/2025\/11\/DSC_0025-300x209.jpg 300w, https:\/\/www.delalumiereauxyeux-photo.fr\/wp-content\/uploads\/2025\/11\/DSC_0025-768x536.jpg 768w, https:\/\/www.delalumiereauxyeux-photo.fr\/wp-content\/uploads\/2025\/11\/DSC_0025-1536x1072.jpg 1536w, https:\/\/www.delalumiereauxyeux-photo.fr\/wp-content\/uploads\/2025\/11\/DSC_0025-2048x1429.jpg 2048w\" sizes=\"(max-width: 1024px) 100vw, 1024px\" \/><\/figure>\n\n\n\n<figure class=\"wp-block-image size-large\"><img loading=\"lazy\" decoding=\"async\" width=\"1024\" height=\"589\" src=\"http:\/\/www.delalumiereauxyeux-photo.fr\/wp-content\/uploads\/2025\/11\/DSC_0044-1024x589.jpg\" alt=\"Rallye de l'Indre 2025 photographe De la lumi\u00e8re aux yeux\" class=\"wp-image-8828\" srcset=\"https:\/\/www.delalumiereauxyeux-photo.fr\/wp-content\/uploads\/2025\/11\/DSC_0044-1024x589.jpg 1024w, https:\/\/www.delalumiereauxyeux-photo.fr\/wp-content\/uploads\/2025\/11\/DSC_0044-300x173.jpg 300w, https:\/\/www.delalumiereauxyeux-photo.fr\/wp-content\/uploads\/2025\/11\/DSC_0044-768x442.jpg 768w, https:\/\/www.delalumiereauxyeux-photo.fr\/wp-content\/uploads\/2025\/11\/DSC_0044-1536x884.jpg 1536w, https:\/\/www.delalumiereauxyeux-photo.fr\/wp-content\/uploads\/2025\/11\/DSC_0044-2048x1179.jpg 2048w\" sizes=\"(max-width: 1024px) 100vw, 1024px\" \/><\/figure>\n\n\n\n<figure class=\"wp-block-image size-large\"><img loading=\"lazy\" decoding=\"async\" width=\"1024\" height=\"737\" src=\"http:\/\/www.delalumiereauxyeux-photo.fr\/wp-content\/uploads\/2025\/11\/DSC_0059-1024x737.jpg\" alt=\"Rallye de l'Indre 2025 photographe De la lumi\u00e8re aux yeux\" class=\"wp-image-8829\" srcset=\"https:\/\/www.delalumiereauxyeux-photo.fr\/wp-content\/uploads\/2025\/11\/DSC_0059-1024x737.jpg 1024w, https:\/\/www.delalumiereauxyeux-photo.fr\/wp-content\/uploads\/2025\/11\/DSC_0059-300x216.jpg 300w, https:\/\/www.delalumiereauxyeux-photo.fr\/wp-content\/uploads\/2025\/11\/DSC_0059-768x553.jpg 768w, https:\/\/www.delalumiereauxyeux-photo.fr\/wp-content\/uploads\/2025\/11\/DSC_0059-1536x1106.jpg 1536w, https:\/\/www.delalumiereauxyeux-photo.fr\/wp-content\/uploads\/2025\/11\/DSC_0059-2048x1474.jpg 2048w\" sizes=\"(max-width: 1024px) 100vw, 1024px\" \/><\/figure>\n\n\n\n<figure class=\"wp-block-image size-large\"><img loading=\"lazy\" decoding=\"async\" width=\"1024\" height=\"683\" src=\"http:\/\/www.delalumiereauxyeux-photo.fr\/wp-content\/uploads\/2025\/11\/DSC_0072-1024x683.jpg\" alt=\"Rallye de l'Indre 2025 photographe De la lumi\u00e8re aux yeux\" class=\"wp-image-8830\" srcset=\"https:\/\/www.delalumiereauxyeux-photo.fr\/wp-content\/uploads\/2025\/11\/DSC_0072-1024x683.jpg 1024w, https:\/\/www.delalumiereauxyeux-photo.fr\/wp-content\/uploads\/2025\/11\/DSC_0072-300x200.jpg 300w, https:\/\/www.delalumiereauxyeux-photo.fr\/wp-content\/uploads\/2025\/11\/DSC_0072-768x512.jpg 768w, https:\/\/www.delalumiereauxyeux-photo.fr\/wp-content\/uploads\/2025\/11\/DSC_0072-1536x1024.jpg 1536w, https:\/\/www.delalumiereauxyeux-photo.fr\/wp-content\/uploads\/2025\/11\/DSC_0072-2048x1365.jpg 2048w\" sizes=\"(max-width: 1024px) 100vw, 1024px\" \/><\/figure>\n\n\n\n<figure class=\"wp-block-image size-large\"><img loading=\"lazy\" decoding=\"async\" width=\"1024\" height=\"683\" src=\"http:\/\/www.delalumiereauxyeux-photo.fr\/wp-content\/uploads\/2025\/11\/DSC_0098-1024x683.jpg\" alt=\"Rallye de l'Indre 2025 photographe De la lumi\u00e8re aux yeux\" class=\"wp-image-8831\" srcset=\"https:\/\/www.delalumiereauxyeux-photo.fr\/wp-content\/uploads\/2025\/11\/DSC_0098-1024x683.jpg 1024w, https:\/\/www.delalumiereauxyeux-photo.fr\/wp-content\/uploads\/2025\/11\/DSC_0098-300x200.jpg 300w, https:\/\/www.delalumiereauxyeux-photo.fr\/wp-content\/uploads\/2025\/11\/DSC_0098-768x512.jpg 768w, https:\/\/www.delalumiereauxyeux-photo.fr\/wp-content\/uploads\/2025\/11\/DSC_0098-1536x1024.jpg 1536w, https:\/\/www.delalumiereauxyeux-photo.fr\/wp-content\/uploads\/2025\/11\/DSC_0098-2048x1365.jpg 2048w\" sizes=\"(max-width: 1024px) 100vw, 1024px\" \/><\/figure>\n\n\n\n<figure class=\"wp-block-image size-large\"><img loading=\"lazy\" decoding=\"async\" width=\"1024\" height=\"683\" src=\"http:\/\/www.delalumiereauxyeux-photo.fr\/wp-content\/uploads\/2025\/11\/DSC_0225-1024x683.jpg\" alt=\"Rallye de l'Indre 2025 photographe De la lumi\u00e8re aux yeux\" class=\"wp-image-8832\" srcset=\"https:\/\/www.delalumiereauxyeux-photo.fr\/wp-content\/uploads\/2025\/11\/DSC_0225-1024x683.jpg 1024w, https:\/\/www.delalumiereauxyeux-photo.fr\/wp-content\/uploads\/2025\/11\/DSC_0225-300x200.jpg 300w, https:\/\/www.delalumiereauxyeux-photo.fr\/wp-content\/uploads\/2025\/11\/DSC_0225-768x512.jpg 768w, https:\/\/www.delalumiereauxyeux-photo.fr\/wp-content\/uploads\/2025\/11\/DSC_0225-1536x1024.jpg 1536w, https:\/\/www.delalumiereauxyeux-photo.fr\/wp-content\/uploads\/2025\/11\/DSC_0225-2048x1365.jpg 2048w\" sizes=\"(max-width: 1024px) 100vw, 1024px\" \/><\/figure>\n\n\n\n<figure class=\"wp-block-image size-large\"><img loading=\"lazy\" decoding=\"async\" width=\"1024\" height=\"626\" src=\"http:\/\/www.delalumiereauxyeux-photo.fr\/wp-content\/uploads\/2025\/11\/DSC_0240-1024x626.jpg\" alt=\"Rallye de l'Indre 2025 photographe De la lumi\u00e8re aux yeux\" class=\"wp-image-8833\" srcset=\"https:\/\/www.delalumiereauxyeux-photo.fr\/wp-content\/uploads\/2025\/11\/DSC_0240-1024x626.jpg 1024w, https:\/\/www.delalumiereauxyeux-photo.fr\/wp-content\/uploads\/2025\/11\/DSC_0240-300x183.jpg 300w, https:\/\/www.delalumiereauxyeux-photo.fr\/wp-content\/uploads\/2025\/11\/DSC_0240-768x470.jpg 768w, https:\/\/www.delalumiereauxyeux-photo.fr\/wp-content\/uploads\/2025\/11\/DSC_0240-1536x939.jpg 1536w, https:\/\/www.delalumiereauxyeux-photo.fr\/wp-content\/uploads\/2025\/11\/DSC_0240-2048x1252.jpg 2048w\" sizes=\"(max-width: 1024px) 100vw, 1024px\" \/><\/figure>\n\n\n\n<figure class=\"wp-block-image size-large\"><img loading=\"lazy\" decoding=\"async\" width=\"1024\" height=\"709\" src=\"http:\/\/www.delalumiereauxyeux-photo.fr\/wp-content\/uploads\/2025\/11\/DSC_0249-1024x709.jpg\" alt=\"Rallye de l'Indre 2025 photographe De la lumi\u00e8re aux yeux\" class=\"wp-image-8834\" srcset=\"https:\/\/www.delalumiereauxyeux-photo.fr\/wp-content\/uploads\/2025\/11\/DSC_0249-1024x709.jpg 1024w, https:\/\/www.delalumiereauxyeux-photo.fr\/wp-content\/uploads\/2025\/11\/DSC_0249-300x208.jpg 300w, https:\/\/www.delalumiereauxyeux-photo.fr\/wp-content\/uploads\/2025\/11\/DSC_0249-768x532.jpg 768w, https:\/\/www.delalumiereauxyeux-photo.fr\/wp-content\/uploads\/2025\/11\/DSC_0249-1536x1063.jpg 1536w, https:\/\/www.delalumiereauxyeux-photo.fr\/wp-content\/uploads\/2025\/11\/DSC_0249-2048x1418.jpg 2048w\" sizes=\"(max-width: 1024px) 100vw, 1024px\" \/><\/figure>\n\n\n\n<figure class=\"wp-block-image size-large\"><img loading=\"lazy\" decoding=\"async\" width=\"1024\" height=\"683\" src=\"http:\/\/www.delalumiereauxyeux-photo.fr\/wp-content\/uploads\/2025\/11\/DSC_0258-1024x683.jpg\" alt=\"Rallye de l'Indre 2025 photographe De la lumi\u00e8re aux yeux\" class=\"wp-image-8835\" srcset=\"https:\/\/www.delalumiereauxyeux-photo.fr\/wp-content\/uploads\/2025\/11\/DSC_0258-1024x683.jpg 1024w, https:\/\/www.delalumiereauxyeux-photo.fr\/wp-content\/uploads\/2025\/11\/DSC_0258-300x200.jpg 300w, https:\/\/www.delalumiereauxyeux-photo.fr\/wp-content\/uploads\/2025\/11\/DSC_0258-768x512.jpg 768w, https:\/\/www.delalumiereauxyeux-photo.fr\/wp-content\/uploads\/2025\/11\/DSC_0258-1536x1024.jpg 1536w, https:\/\/www.delalumiereauxyeux-photo.fr\/wp-content\/uploads\/2025\/11\/DSC_0258-2048x1365.jpg 2048w\" sizes=\"(max-width: 1024px) 100vw, 1024px\" \/><\/figure>\n\n\n\n<figure class=\"wp-block-image size-large\"><img loading=\"lazy\" decoding=\"async\" width=\"1024\" height=\"683\" src=\"http:\/\/www.delalumiereauxyeux-photo.fr\/wp-content\/uploads\/2025\/11\/DSC_0297-1024x683.jpg\" alt=\"Rallye de l'Indre 2025 photographe De la lumi\u00e8re aux yeux\" class=\"wp-image-8836\" srcset=\"https:\/\/www.delalumiereauxyeux-photo.fr\/wp-content\/uploads\/2025\/11\/DSC_0297-1024x683.jpg 1024w, https:\/\/www.delalumiereauxyeux-photo.fr\/wp-content\/uploads\/2025\/11\/DSC_0297-300x200.jpg 300w, https:\/\/www.delalumiereauxyeux-photo.fr\/wp-content\/uploads\/2025\/11\/DSC_0297-768x512.jpg 768w, https:\/\/www.delalumiereauxyeux-photo.fr\/wp-content\/uploads\/2025\/11\/DSC_0297-1536x1024.jpg 1536w, https:\/\/www.delalumiereauxyeux-photo.fr\/wp-content\/uploads\/2025\/11\/DSC_0297-2048x1365.jpg 2048w\" sizes=\"(max-width: 1024px) 100vw, 1024px\" \/><\/figure>\n\n\n\n<figure class=\"wp-block-image size-large\"><img loading=\"lazy\" decoding=\"async\" width=\"683\" height=\"1024\" src=\"http:\/\/www.delalumiereauxyeux-photo.fr\/wp-content\/uploads\/2025\/11\/DSC_0303-683x1024.jpg\" alt=\"Rallye de l'Indre 2025 photographe De la lumi\u00e8re aux yeux\" class=\"wp-image-8837\" srcset=\"https:\/\/www.delalumiereauxyeux-photo.fr\/wp-content\/uploads\/2025\/11\/DSC_0303-683x1024.jpg 683w, https:\/\/www.delalumiereauxyeux-photo.fr\/wp-content\/uploads\/2025\/11\/DSC_0303-200x300.jpg 200w, https:\/\/www.delalumiereauxyeux-photo.fr\/wp-content\/uploads\/2025\/11\/DSC_0303-768x1152.jpg 768w, https:\/\/www.delalumiereauxyeux-photo.fr\/wp-content\/uploads\/2025\/11\/DSC_0303-1024x1536.jpg 1024w, https:\/\/www.delalumiereauxyeux-photo.fr\/wp-content\/uploads\/2025\/11\/DSC_0303-1365x2048.jpg 1365w, https:\/\/www.delalumiereauxyeux-photo.fr\/wp-content\/uploads\/2025\/11\/DSC_0303-scaled.jpg 1707w\" sizes=\"(max-width: 683px) 100vw, 683px\" \/><\/figure>\n\n\n\n<figure class=\"wp-block-image size-large\"><img loading=\"lazy\" decoding=\"async\" width=\"1024\" height=\"683\" src=\"http:\/\/www.delalumiereauxyeux-photo.fr\/wp-content\/uploads\/2025\/11\/DSC_0306-1024x683.jpg\" alt=\"Rallye de l'Indre 2025 photographe De la lumi\u00e8re aux yeux\" class=\"wp-image-8838\" srcset=\"https:\/\/www.delalumiereauxyeux-photo.fr\/wp-content\/uploads\/2025\/11\/DSC_0306-1024x683.jpg 1024w, https:\/\/www.delalumiereauxyeux-photo.fr\/wp-content\/uploads\/2025\/11\/DSC_0306-300x200.jpg 300w, https:\/\/www.delalumiereauxyeux-photo.fr\/wp-content\/uploads\/2025\/11\/DSC_0306-768x512.jpg 768w, https:\/\/www.delalumiereauxyeux-photo.fr\/wp-content\/uploads\/2025\/11\/DSC_0306-1536x1024.jpg 1536w, https:\/\/www.delalumiereauxyeux-photo.fr\/wp-content\/uploads\/2025\/11\/DSC_0306-2048x1365.jpg 2048w\" sizes=\"(max-width: 1024px) 100vw, 1024px\" \/><\/figure>\n\n\n\n<figure class=\"wp-block-image size-large\"><img loading=\"lazy\" decoding=\"async\" width=\"683\" height=\"1024\" src=\"http:\/\/www.delalumiereauxyeux-photo.fr\/wp-content\/uploads\/2025\/11\/DSC_3995-683x1024.jpg\" alt=\"Rallye de l'Indre 2025 photographe De la lumi\u00e8re aux yeux\" class=\"wp-image-8839\" srcset=\"https:\/\/www.delalumiereauxyeux-photo.fr\/wp-content\/uploads\/2025\/11\/DSC_3995-683x1024.jpg 683w, https:\/\/www.delalumiereauxyeux-photo.fr\/wp-content\/uploads\/2025\/11\/DSC_3995-200x300.jpg 200w, https:\/\/www.delalumiereauxyeux-photo.fr\/wp-content\/uploads\/2025\/11\/DSC_3995-768x1152.jpg 768w, https:\/\/www.delalumiereauxyeux-photo.fr\/wp-content\/uploads\/2025\/11\/DSC_3995-1024x1536.jpg 1024w, https:\/\/www.delalumiereauxyeux-photo.fr\/wp-content\/uploads\/2025\/11\/DSC_3995-1365x2048.jpg 1365w, https:\/\/www.delalumiereauxyeux-photo.fr\/wp-content\/uploads\/2025\/11\/DSC_3995-scaled.jpg 1707w\" sizes=\"(max-width: 683px) 100vw, 683px\" \/><\/figure>\n\n\n\n<figure class=\"wp-block-image size-large\"><img loading=\"lazy\" decoding=\"async\" width=\"683\" height=\"1024\" src=\"http:\/\/www.delalumiereauxyeux-photo.fr\/wp-content\/uploads\/2025\/11\/DSC_0313-683x1024.jpg\" alt=\"Rallye de l'Indre 2025 photographe De la lumi\u00e8re aux yeux\" class=\"wp-image-8840\" srcset=\"https:\/\/www.delalumiereauxyeux-photo.fr\/wp-content\/uploads\/2025\/11\/DSC_0313-683x1024.jpg 683w, https:\/\/www.delalumiereauxyeux-photo.fr\/wp-content\/uploads\/2025\/11\/DSC_0313-200x300.jpg 200w, https:\/\/www.delalumiereauxyeux-photo.fr\/wp-content\/uploads\/2025\/11\/DSC_0313-768x1152.jpg 768w, https:\/\/www.delalumiereauxyeux-photo.fr\/wp-content\/uploads\/2025\/11\/DSC_0313-1024x1536.jpg 1024w, https:\/\/www.delalumiereauxyeux-photo.fr\/wp-content\/uploads\/2025\/11\/DSC_0313-1365x2048.jpg 1365w, https:\/\/www.delalumiereauxyeux-photo.fr\/wp-content\/uploads\/2025\/11\/DSC_0313-scaled.jpg 1707w\" sizes=\"(max-width: 683px) 100vw, 683px\" \/><\/figure>\n\n\n\n<figure class=\"wp-block-image size-large\"><img loading=\"lazy\" decoding=\"async\" width=\"1024\" height=\"683\" src=\"http:\/\/www.delalumiereauxyeux-photo.fr\/wp-content\/uploads\/2025\/11\/DSC_0316-1024x683.jpg\" alt=\"Rallye de l'Indre 2025 photographe De la lumi\u00e8re aux yeux\" class=\"wp-image-8841\" srcset=\"https:\/\/www.delalumiereauxyeux-photo.fr\/wp-content\/uploads\/2025\/11\/DSC_0316-1024x683.jpg 1024w, https:\/\/www.delalumiereauxyeux-photo.fr\/wp-content\/uploads\/2025\/11\/DSC_0316-300x200.jpg 300w, https:\/\/www.delalumiereauxyeux-photo.fr\/wp-content\/uploads\/2025\/11\/DSC_0316-768x512.jpg 768w, https:\/\/www.delalumiereauxyeux-photo.fr\/wp-content\/uploads\/2025\/11\/DSC_0316-1536x1024.jpg 1536w, https:\/\/www.delalumiereauxyeux-photo.fr\/wp-content\/uploads\/2025\/11\/DSC_0316-2048x1365.jpg 2048w\" sizes=\"(max-width: 1024px) 100vw, 1024px\" \/><\/figure>\n\n\n\n<figure class=\"wp-block-image size-large\"><img loading=\"lazy\" decoding=\"async\" width=\"1024\" height=\"683\" src=\"http:\/\/www.delalumiereauxyeux-photo.fr\/wp-content\/uploads\/2025\/11\/DSC_0328-1024x683.jpg\" alt=\"Rallye de l'Indre 2025 photographe De la lumi\u00e8re aux yeux\" class=\"wp-image-8842\" srcset=\"https:\/\/www.delalumiereauxyeux-photo.fr\/wp-content\/uploads\/2025\/11\/DSC_0328-1024x683.jpg 1024w, https:\/\/www.delalumiereauxyeux-photo.fr\/wp-content\/uploads\/2025\/11\/DSC_0328-300x200.jpg 300w, https:\/\/www.delalumiereauxyeux-photo.fr\/wp-content\/uploads\/2025\/11\/DSC_0328-768x512.jpg 768w, https:\/\/www.delalumiereauxyeux-photo.fr\/wp-content\/uploads\/2025\/11\/DSC_0328-1536x1024.jpg 1536w, https:\/\/www.delalumiereauxyeux-photo.fr\/wp-content\/uploads\/2025\/11\/DSC_0328-2048x1365.jpg 2048w\" sizes=\"(max-width: 1024px) 100vw, 1024px\" \/><\/figure>\n\n\n\n<p>Place au podium!<\/p>\n\n\n\n<figure class=\"wp-block-image size-large\"><img loading=\"lazy\" decoding=\"async\" width=\"683\" height=\"1024\" src=\"http:\/\/www.delalumiereauxyeux-photo.fr\/wp-content\/uploads\/2025\/11\/DSC_4022-683x1024.jpg\" alt=\"Rallye de l'Indre 2025 photographe De la lumi\u00e8re aux yeux\" class=\"wp-image-8843\" srcset=\"https:\/\/www.delalumiereauxyeux-photo.fr\/wp-content\/uploads\/2025\/11\/DSC_4022-683x1024.jpg 683w, https:\/\/www.delalumiereauxyeux-photo.fr\/wp-content\/uploads\/2025\/11\/DSC_4022-200x300.jpg 200w, https:\/\/www.delalumiereauxyeux-photo.fr\/wp-content\/uploads\/2025\/11\/DSC_4022-768x1152.jpg 768w, https:\/\/www.delalumiereauxyeux-photo.fr\/wp-content\/uploads\/2025\/11\/DSC_4022-1024x1536.jpg 1024w, https:\/\/www.delalumiereauxyeux-photo.fr\/wp-content\/uploads\/2025\/11\/DSC_4022-1365x2048.jpg 1365w, https:\/\/www.delalumiereauxyeux-photo.fr\/wp-content\/uploads\/2025\/11\/DSC_4022-scaled.jpg 1707w\" sizes=\"(max-width: 683px) 100vw, 683px\" \/><\/figure>\n\n\n\n<p>Monsieur Jean-Luc ROGER, pr\u00e9sident de la Ligue du Sport Automobile Centre &#8211; Val de Loire<\/p>\n\n\n\n<figure class=\"wp-block-image size-large\"><img loading=\"lazy\" decoding=\"async\" width=\"1024\" height=\"683\" src=\"http:\/\/www.delalumiereauxyeux-photo.fr\/wp-content\/uploads\/2025\/11\/DSC_0345-1024x683.jpg\" alt=\"Rallye de l'Indre 2025 photographe De la lumi\u00e8re aux yeux\" class=\"wp-image-8844\" srcset=\"https:\/\/www.delalumiereauxyeux-photo.fr\/wp-content\/uploads\/2025\/11\/DSC_0345-1024x683.jpg 1024w, https:\/\/www.delalumiereauxyeux-photo.fr\/wp-content\/uploads\/2025\/11\/DSC_0345-300x200.jpg 300w, https:\/\/www.delalumiereauxyeux-photo.fr\/wp-content\/uploads\/2025\/11\/DSC_0345-768x512.jpg 768w, https:\/\/www.delalumiereauxyeux-photo.fr\/wp-content\/uploads\/2025\/11\/DSC_0345-1536x1024.jpg 1536w, https:\/\/www.delalumiereauxyeux-photo.fr\/wp-content\/uploads\/2025\/11\/DSC_0345-2048x1365.jpg 2048w\" sizes=\"(max-width: 1024px) 100vw, 1024px\" \/><\/figure>\n\n\n\n<p>Fr\u00e9d\u00e9ric et Ingrid HUBERT, 3e du classement g\u00e9n\u00e9ral.<\/p>\n\n\n\n<figure class=\"wp-block-image size-large\"><img loading=\"lazy\" decoding=\"async\" width=\"1024\" height=\"683\" src=\"http:\/\/www.delalumiereauxyeux-photo.fr\/wp-content\/uploads\/2025\/11\/DSC_0348-1024x683.jpg\" alt=\"Rallye de l'Indre 2025 photographe De la lumi\u00e8re aux yeux\" class=\"wp-image-8845\" srcset=\"https:\/\/www.delalumiereauxyeux-photo.fr\/wp-content\/uploads\/2025\/11\/DSC_0348-1024x683.jpg 1024w, https:\/\/www.delalumiereauxyeux-photo.fr\/wp-content\/uploads\/2025\/11\/DSC_0348-300x200.jpg 300w, https:\/\/www.delalumiereauxyeux-photo.fr\/wp-content\/uploads\/2025\/11\/DSC_0348-768x512.jpg 768w, https:\/\/www.delalumiereauxyeux-photo.fr\/wp-content\/uploads\/2025\/11\/DSC_0348-1536x1024.jpg 1536w, https:\/\/www.delalumiereauxyeux-photo.fr\/wp-content\/uploads\/2025\/11\/DSC_0348-2048x1365.jpg 2048w\" sizes=\"(max-width: 1024px) 100vw, 1024px\" \/><\/figure>\n\n\n\n<p>Fr\u00e9d\u00e9ric ROUSSEL et Hakima HMIDACHE, 2e du classement g\u00e9n\u00e9ral.<\/p>\n\n\n\n<figure class=\"wp-block-image size-large\"><img loading=\"lazy\" decoding=\"async\" width=\"1024\" height=\"683\" src=\"http:\/\/www.delalumiereauxyeux-photo.fr\/wp-content\/uploads\/2025\/11\/DSC_0352-1024x683.jpg\" alt=\"Rallye de l'Indre 2025 photographe De la lumi\u00e8re aux yeux\" class=\"wp-image-8846\" srcset=\"https:\/\/www.delalumiereauxyeux-photo.fr\/wp-content\/uploads\/2025\/11\/DSC_0352-1024x683.jpg 1024w, https:\/\/www.delalumiereauxyeux-photo.fr\/wp-content\/uploads\/2025\/11\/DSC_0352-300x200.jpg 300w, https:\/\/www.delalumiereauxyeux-photo.fr\/wp-content\/uploads\/2025\/11\/DSC_0352-768x512.jpg 768w, https:\/\/www.delalumiereauxyeux-photo.fr\/wp-content\/uploads\/2025\/11\/DSC_0352-1536x1024.jpg 1536w, https:\/\/www.delalumiereauxyeux-photo.fr\/wp-content\/uploads\/2025\/11\/DSC_0352-2048x1365.jpg 2048w\" sizes=\"(max-width: 1024px) 100vw, 1024px\" \/><\/figure>\n\n\n\n<p>Denis MILLET et Aurelia CHEVALIER, vainqueurs de cette 17e \u00e9dition du Rallye de l&rsquo;Indre!<\/p>\n\n\n\n<figure class=\"wp-block-image size-large\"><img loading=\"lazy\" decoding=\"async\" width=\"1024\" height=\"683\" src=\"http:\/\/www.delalumiereauxyeux-photo.fr\/wp-content\/uploads\/2025\/11\/DSC_0353-1024x683.jpg\" alt=\"Rallye de l'Indre 2025 photographe De la lumi\u00e8re aux yeux\" class=\"wp-image-8847\" srcset=\"https:\/\/www.delalumiereauxyeux-photo.fr\/wp-content\/uploads\/2025\/11\/DSC_0353-1024x683.jpg 1024w, https:\/\/www.delalumiereauxyeux-photo.fr\/wp-content\/uploads\/2025\/11\/DSC_0353-300x200.jpg 300w, https:\/\/www.delalumiereauxyeux-photo.fr\/wp-content\/uploads\/2025\/11\/DSC_0353-768x512.jpg 768w, https:\/\/www.delalumiereauxyeux-photo.fr\/wp-content\/uploads\/2025\/11\/DSC_0353-1536x1024.jpg 1536w, https:\/\/www.delalumiereauxyeux-photo.fr\/wp-content\/uploads\/2025\/11\/DSC_0353-2048x1365.jpg 2048w\" sizes=\"(max-width: 1024px) 100vw, 1024px\" \/><\/figure>\n\n\n\n<figure class=\"wp-block-image size-large\"><img loading=\"lazy\" decoding=\"async\" width=\"683\" height=\"1024\" src=\"http:\/\/www.delalumiereauxyeux-photo.fr\/wp-content\/uploads\/2025\/11\/DSC_4039-683x1024.jpg\" alt=\"Rallye de l'Indre 2025 photographe De la lumi\u00e8re aux yeux\" class=\"wp-image-8848\" srcset=\"https:\/\/www.delalumiereauxyeux-photo.fr\/wp-content\/uploads\/2025\/11\/DSC_4039-683x1024.jpg 683w, https:\/\/www.delalumiereauxyeux-photo.fr\/wp-content\/uploads\/2025\/11\/DSC_4039-200x300.jpg 200w, https:\/\/www.delalumiereauxyeux-photo.fr\/wp-content\/uploads\/2025\/11\/DSC_4039-768x1152.jpg 768w, https:\/\/www.delalumiereauxyeux-photo.fr\/wp-content\/uploads\/2025\/11\/DSC_4039-1024x1536.jpg 1024w, https:\/\/www.delalumiereauxyeux-photo.fr\/wp-content\/uploads\/2025\/11\/DSC_4039-1365x2048.jpg 1365w, https:\/\/www.delalumiereauxyeux-photo.fr\/wp-content\/uploads\/2025\/11\/DSC_4039-scaled.jpg 1707w\" sizes=\"(max-width: 683px) 100vw, 683px\" \/><\/figure>\n\n\n\n<figure class=\"wp-block-image size-large\"><img loading=\"lazy\" decoding=\"async\" width=\"1024\" height=\"683\" src=\"http:\/\/www.delalumiereauxyeux-photo.fr\/wp-content\/uploads\/2025\/11\/DSC_4051-1024x683.jpg\" alt=\"Rallye de l'Indre 2025 photographe De la lumi\u00e8re aux yeux\" class=\"wp-image-8849\" srcset=\"https:\/\/www.delalumiereauxyeux-photo.fr\/wp-content\/uploads\/2025\/11\/DSC_4051-1024x683.jpg 1024w, https:\/\/www.delalumiereauxyeux-photo.fr\/wp-content\/uploads\/2025\/11\/DSC_4051-300x200.jpg 300w, https:\/\/www.delalumiereauxyeux-photo.fr\/wp-content\/uploads\/2025\/11\/DSC_4051-768x512.jpg 768w, https:\/\/www.delalumiereauxyeux-photo.fr\/wp-content\/uploads\/2025\/11\/DSC_4051-1536x1024.jpg 1536w, https:\/\/www.delalumiereauxyeux-photo.fr\/wp-content\/uploads\/2025\/11\/DSC_4051-2048x1365.jpg 2048w\" sizes=\"(max-width: 1024px) 100vw, 1024px\" \/><\/figure>\n\n\n\n<figure class=\"wp-block-image size-large\"><img loading=\"lazy\" decoding=\"async\" width=\"1024\" height=\"683\" src=\"http:\/\/www.delalumiereauxyeux-photo.fr\/wp-content\/uploads\/2025\/11\/DSC_4055-1024x683.jpg\" alt=\"Rallye de l'Indre 2025 photographe De la lumi\u00e8re aux yeux\" class=\"wp-image-8850\" srcset=\"https:\/\/www.delalumiereauxyeux-photo.fr\/wp-content\/uploads\/2025\/11\/DSC_4055-1024x683.jpg 1024w, https:\/\/www.delalumiereauxyeux-photo.fr\/wp-content\/uploads\/2025\/11\/DSC_4055-300x200.jpg 300w, https:\/\/www.delalumiereauxyeux-photo.fr\/wp-content\/uploads\/2025\/11\/DSC_4055-768x512.jpg 768w, https:\/\/www.delalumiereauxyeux-photo.fr\/wp-content\/uploads\/2025\/11\/DSC_4055-1536x1024.jpg 1536w, https:\/\/www.delalumiereauxyeux-photo.fr\/wp-content\/uploads\/2025\/11\/DSC_4055-2048x1365.jpg 2048w\" sizes=\"(max-width: 1024px) 100vw, 1024px\" \/><\/figure>\n\n\n\n<figure class=\"wp-block-image size-large\"><img loading=\"lazy\" decoding=\"async\" width=\"1022\" height=\"1024\" src=\"http:\/\/www.delalumiereauxyeux-photo.fr\/wp-content\/uploads\/2025\/11\/DSC_0363-1022x1024.jpg\" alt=\"Rallye de l'Indre 2025 photographe De la lumi\u00e8re aux yeux\" class=\"wp-image-8851\" srcset=\"https:\/\/www.delalumiereauxyeux-photo.fr\/wp-content\/uploads\/2025\/11\/DSC_0363-1022x1024.jpg 1022w, https:\/\/www.delalumiereauxyeux-photo.fr\/wp-content\/uploads\/2025\/11\/DSC_0363-300x300.jpg 300w, https:\/\/www.delalumiereauxyeux-photo.fr\/wp-content\/uploads\/2025\/11\/DSC_0363-150x150.jpg 150w, https:\/\/www.delalumiereauxyeux-photo.fr\/wp-content\/uploads\/2025\/11\/DSC_0363-768x769.jpg 768w, https:\/\/www.delalumiereauxyeux-photo.fr\/wp-content\/uploads\/2025\/11\/DSC_0363-500x500.jpg 500w, https:\/\/www.delalumiereauxyeux-photo.fr\/wp-content\/uploads\/2025\/11\/DSC_0363-400x400.jpg 400w, https:\/\/www.delalumiereauxyeux-photo.fr\/wp-content\/uploads\/2025\/11\/DSC_0363-1534x1536.jpg 1534w, https:\/\/www.delalumiereauxyeux-photo.fr\/wp-content\/uploads\/2025\/11\/DSC_0363-2045x2048.jpg 2045w, https:\/\/www.delalumiereauxyeux-photo.fr\/wp-content\/uploads\/2025\/11\/DSC_0363-590x590.jpg 590w\" sizes=\"(max-width: 1022px) 100vw, 1022px\" \/><\/figure>\n\n\n\n<figure class=\"wp-block-image size-large\"><img loading=\"lazy\" decoding=\"async\" width=\"1024\" height=\"683\" src=\"http:\/\/www.delalumiereauxyeux-photo.fr\/wp-content\/uploads\/2025\/11\/DSC_0365-1024x683.jpg\" alt=\"Rallye de l'Indre 2025 photographe De la lumi\u00e8re aux yeux\" class=\"wp-image-8852\" srcset=\"https:\/\/www.delalumiereauxyeux-photo.fr\/wp-content\/uploads\/2025\/11\/DSC_0365-1024x683.jpg 1024w, https:\/\/www.delalumiereauxyeux-photo.fr\/wp-content\/uploads\/2025\/11\/DSC_0365-300x200.jpg 300w, https:\/\/www.delalumiereauxyeux-photo.fr\/wp-content\/uploads\/2025\/11\/DSC_0365-768x512.jpg 768w, https:\/\/www.delalumiereauxyeux-photo.fr\/wp-content\/uploads\/2025\/11\/DSC_0365-1536x1024.jpg 1536w, https:\/\/www.delalumiereauxyeux-photo.fr\/wp-content\/uploads\/2025\/11\/DSC_0365-2048x1365.jpg 2048w\" sizes=\"(max-width: 1024px) 100vw, 1024px\" \/><\/figure>\n\n\n\n<figure class=\"wp-block-image size-large\"><img loading=\"lazy\" decoding=\"async\" width=\"683\" height=\"1024\" src=\"http:\/\/www.delalumiereauxyeux-photo.fr\/wp-content\/uploads\/2025\/11\/DSC_0371-683x1024.jpg\" alt=\"Rallye de l'Indre 2025 photographe De la lumi\u00e8re aux yeux\" class=\"wp-image-8853\" srcset=\"https:\/\/www.delalumiereauxyeux-photo.fr\/wp-content\/uploads\/2025\/11\/DSC_0371-683x1024.jpg 683w, https:\/\/www.delalumiereauxyeux-photo.fr\/wp-content\/uploads\/2025\/11\/DSC_0371-200x300.jpg 200w, https:\/\/www.delalumiereauxyeux-photo.fr\/wp-content\/uploads\/2025\/11\/DSC_0371-768x1152.jpg 768w, https:\/\/www.delalumiereauxyeux-photo.fr\/wp-content\/uploads\/2025\/11\/DSC_0371-1024x1536.jpg 1024w, https:\/\/www.delalumiereauxyeux-photo.fr\/wp-content\/uploads\/2025\/11\/DSC_0371-1365x2048.jpg 1365w, https:\/\/www.delalumiereauxyeux-photo.fr\/wp-content\/uploads\/2025\/11\/DSC_0371-scaled.jpg 1707w\" sizes=\"(max-width: 683px) 100vw, 683px\" \/><\/figure>\n\n\n\n<p>Sylvain ALANORE, Directeur Adjoint V\u00e9hicules Alpine Racing.<\/p>\n\n\n\n<figure class=\"wp-block-image size-large\"><img loading=\"lazy\" decoding=\"async\" width=\"1024\" height=\"974\" src=\"http:\/\/www.delalumiereauxyeux-photo.fr\/wp-content\/uploads\/2025\/11\/DSC_0374-1024x974.jpg\" alt=\"Rallye de l'Indre 2025 photographe De la lumi\u00e8re aux yeux\" class=\"wp-image-8854\" srcset=\"https:\/\/www.delalumiereauxyeux-photo.fr\/wp-content\/uploads\/2025\/11\/DSC_0374-1024x974.jpg 1024w, https:\/\/www.delalumiereauxyeux-photo.fr\/wp-content\/uploads\/2025\/11\/DSC_0374-300x285.jpg 300w, https:\/\/www.delalumiereauxyeux-photo.fr\/wp-content\/uploads\/2025\/11\/DSC_0374-768x731.jpg 768w, https:\/\/www.delalumiereauxyeux-photo.fr\/wp-content\/uploads\/2025\/11\/DSC_0374-1536x1461.jpg 1536w, https:\/\/www.delalumiereauxyeux-photo.fr\/wp-content\/uploads\/2025\/11\/DSC_0374-2048x1948.jpg 2048w\" sizes=\"(max-width: 1024px) 100vw, 1024px\" \/><\/figure>\n\n\n\n<p>Melvin RABILLOUD et Enzo MAHINC remportent l\u2019\u00e9dition inaugurale du Troph\u00e9e Alpine A290 Rallye. Bravo \u00e0 vous deux!<\/p>\n\n\n\n<figure class=\"wp-block-image size-large\"><img loading=\"lazy\" decoding=\"async\" width=\"683\" height=\"1024\" src=\"http:\/\/www.delalumiereauxyeux-photo.fr\/wp-content\/uploads\/2025\/11\/DSC_4078-683x1024.jpg\" alt=\"Rallye de l'Indre 2025 photographe De la lumi\u00e8re aux yeux\" class=\"wp-image-8855\" srcset=\"https:\/\/www.delalumiereauxyeux-photo.fr\/wp-content\/uploads\/2025\/11\/DSC_4078-683x1024.jpg 683w, https:\/\/www.delalumiereauxyeux-photo.fr\/wp-content\/uploads\/2025\/11\/DSC_4078-200x300.jpg 200w, https:\/\/www.delalumiereauxyeux-photo.fr\/wp-content\/uploads\/2025\/11\/DSC_4078-768x1152.jpg 768w, https:\/\/www.delalumiereauxyeux-photo.fr\/wp-content\/uploads\/2025\/11\/DSC_4078-1024x1536.jpg 1024w, https:\/\/www.delalumiereauxyeux-photo.fr\/wp-content\/uploads\/2025\/11\/DSC_4078-1365x2048.jpg 1365w, https:\/\/www.delalumiereauxyeux-photo.fr\/wp-content\/uploads\/2025\/11\/DSC_4078-scaled.jpg 1707w\" sizes=\"(max-width: 683px) 100vw, 683px\" \/><\/figure>\n\n\n\n<figure class=\"wp-block-image size-large\"><img loading=\"lazy\" decoding=\"async\" width=\"683\" height=\"1024\" src=\"http:\/\/www.delalumiereauxyeux-photo.fr\/wp-content\/uploads\/2025\/11\/DSC_4083-683x1024.jpg\" alt=\"Rallye de l'Indre 2025 photographe De la lumi\u00e8re aux yeux\" class=\"wp-image-8856\" srcset=\"https:\/\/www.delalumiereauxyeux-photo.fr\/wp-content\/uploads\/2025\/11\/DSC_4083-683x1024.jpg 683w, https:\/\/www.delalumiereauxyeux-photo.fr\/wp-content\/uploads\/2025\/11\/DSC_4083-200x300.jpg 200w, https:\/\/www.delalumiereauxyeux-photo.fr\/wp-content\/uploads\/2025\/11\/DSC_4083-768x1152.jpg 768w, https:\/\/www.delalumiereauxyeux-photo.fr\/wp-content\/uploads\/2025\/11\/DSC_4083-1024x1536.jpg 1024w, https:\/\/www.delalumiereauxyeux-photo.fr\/wp-content\/uploads\/2025\/11\/DSC_4083-1365x2048.jpg 1365w, https:\/\/www.delalumiereauxyeux-photo.fr\/wp-content\/uploads\/2025\/11\/DSC_4083-scaled.jpg 1707w\" sizes=\"(max-width: 683px) 100vw, 683px\" \/><\/figure>\n\n\n\n<figure class=\"wp-block-image size-large\"><img loading=\"lazy\" decoding=\"async\" width=\"683\" height=\"1024\" src=\"http:\/\/www.delalumiereauxyeux-photo.fr\/wp-content\/uploads\/2025\/11\/DSC_4099-683x1024.jpg\" alt=\"Rallye de l'Indre 2025 photographe De la lumi\u00e8re aux yeux\" class=\"wp-image-8857\" srcset=\"https:\/\/www.delalumiereauxyeux-photo.fr\/wp-content\/uploads\/2025\/11\/DSC_4099-683x1024.jpg 683w, https:\/\/www.delalumiereauxyeux-photo.fr\/wp-content\/uploads\/2025\/11\/DSC_4099-200x300.jpg 200w, https:\/\/www.delalumiereauxyeux-photo.fr\/wp-content\/uploads\/2025\/11\/DSC_4099-768x1152.jpg 768w, https:\/\/www.delalumiereauxyeux-photo.fr\/wp-content\/uploads\/2025\/11\/DSC_4099-1024x1536.jpg 1024w, https:\/\/www.delalumiereauxyeux-photo.fr\/wp-content\/uploads\/2025\/11\/DSC_4099-1365x2048.jpg 1365w, https:\/\/www.delalumiereauxyeux-photo.fr\/wp-content\/uploads\/2025\/11\/DSC_4099-scaled.jpg 1707w\" sizes=\"(max-width: 683px) 100vw, 683px\" \/><\/figure>\n\n\n\n<figure class=\"wp-block-image size-large\"><img loading=\"lazy\" decoding=\"async\" width=\"1024\" height=\"663\" src=\"http:\/\/www.delalumiereauxyeux-photo.fr\/wp-content\/uploads\/2025\/11\/DSC_4103-1024x663.jpg\" alt=\"Rallye de l'Indre 2025 photographe De la lumi\u00e8re aux yeux\" class=\"wp-image-8858\" srcset=\"https:\/\/www.delalumiereauxyeux-photo.fr\/wp-content\/uploads\/2025\/11\/DSC_4103-1024x663.jpg 1024w, https:\/\/www.delalumiereauxyeux-photo.fr\/wp-content\/uploads\/2025\/11\/DSC_4103-300x194.jpg 300w, https:\/\/www.delalumiereauxyeux-photo.fr\/wp-content\/uploads\/2025\/11\/DSC_4103-768x497.jpg 768w, https:\/\/www.delalumiereauxyeux-photo.fr\/wp-content\/uploads\/2025\/11\/DSC_4103-1536x994.jpg 1536w, https:\/\/www.delalumiereauxyeux-photo.fr\/wp-content\/uploads\/2025\/11\/DSC_4103-2048x1325.jpg 2048w\" sizes=\"(max-width: 1024px) 100vw, 1024px\" \/><\/figure>\n\n\n\n<figure class=\"wp-block-image size-large\"><img loading=\"lazy\" decoding=\"async\" width=\"1024\" height=\"683\" src=\"http:\/\/www.delalumiereauxyeux-photo.fr\/wp-content\/uploads\/2025\/11\/DSC_0376-1024x683.jpg\" alt=\"Rallye de l'Indre 2025 photographe De la lumi\u00e8re aux yeux\" class=\"wp-image-8859\" srcset=\"https:\/\/www.delalumiereauxyeux-photo.fr\/wp-content\/uploads\/2025\/11\/DSC_0376-1024x683.jpg 1024w, https:\/\/www.delalumiereauxyeux-photo.fr\/wp-content\/uploads\/2025\/11\/DSC_0376-300x200.jpg 300w, https:\/\/www.delalumiereauxyeux-photo.fr\/wp-content\/uploads\/2025\/11\/DSC_0376-768x512.jpg 768w, https:\/\/www.delalumiereauxyeux-photo.fr\/wp-content\/uploads\/2025\/11\/DSC_0376-1536x1024.jpg 1536w, https:\/\/www.delalumiereauxyeux-photo.fr\/wp-content\/uploads\/2025\/11\/DSC_0376-2048x1365.jpg 2048w\" sizes=\"(max-width: 1024px) 100vw, 1024px\" \/><\/figure>\n\n\n\n<figure class=\"wp-block-image size-large\"><img loading=\"lazy\" decoding=\"async\" width=\"934\" height=\"1024\" src=\"http:\/\/www.delalumiereauxyeux-photo.fr\/wp-content\/uploads\/2025\/11\/DSC_0380-934x1024.jpg\" alt=\"Rallye de l'Indre 2025 photographe De la lumi\u00e8re aux yeux\" class=\"wp-image-8860\" srcset=\"https:\/\/www.delalumiereauxyeux-photo.fr\/wp-content\/uploads\/2025\/11\/DSC_0380-934x1024.jpg 934w, https:\/\/www.delalumiereauxyeux-photo.fr\/wp-content\/uploads\/2025\/11\/DSC_0380-274x300.jpg 274w, https:\/\/www.delalumiereauxyeux-photo.fr\/wp-content\/uploads\/2025\/11\/DSC_0380-768x842.jpg 768w, https:\/\/www.delalumiereauxyeux-photo.fr\/wp-content\/uploads\/2025\/11\/DSC_0380-1401x1536.jpg 1401w, https:\/\/www.delalumiereauxyeux-photo.fr\/wp-content\/uploads\/2025\/11\/DSC_0380-1868x2048.jpg 1868w\" sizes=\"(max-width: 934px) 100vw, 934px\" \/><\/figure>\n\n\n\n<figure class=\"wp-block-image size-large\"><img loading=\"lazy\" decoding=\"async\" width=\"1024\" height=\"683\" src=\"http:\/\/www.delalumiereauxyeux-photo.fr\/wp-content\/uploads\/2025\/11\/DSC_0385-1024x683.jpg\" alt=\"Rallye de l'Indre 2025 photographe De la lumi\u00e8re aux yeux\" class=\"wp-image-8861\" srcset=\"https:\/\/www.delalumiereauxyeux-photo.fr\/wp-content\/uploads\/2025\/11\/DSC_0385-1024x683.jpg 1024w, https:\/\/www.delalumiereauxyeux-photo.fr\/wp-content\/uploads\/2025\/11\/DSC_0385-300x200.jpg 300w, https:\/\/www.delalumiereauxyeux-photo.fr\/wp-content\/uploads\/2025\/11\/DSC_0385-768x512.jpg 768w, https:\/\/www.delalumiereauxyeux-photo.fr\/wp-content\/uploads\/2025\/11\/DSC_0385-1536x1024.jpg 1536w, https:\/\/www.delalumiereauxyeux-photo.fr\/wp-content\/uploads\/2025\/11\/DSC_0385-2048x1365.jpg 2048w\" sizes=\"(max-width: 1024px) 100vw, 1024px\" \/><\/figure>\n\n\n\n<figure class=\"wp-block-image size-large\"><img loading=\"lazy\" decoding=\"async\" width=\"1024\" height=\"645\" src=\"http:\/\/www.delalumiereauxyeux-photo.fr\/wp-content\/uploads\/2025\/11\/DSC_4109-1024x645.jpg\" alt=\"Rallye de l'Indre 2025 photographe De la lumi\u00e8re aux yeux\" class=\"wp-image-8862\" srcset=\"https:\/\/www.delalumiereauxyeux-photo.fr\/wp-content\/uploads\/2025\/11\/DSC_4109-1024x645.jpg 1024w, https:\/\/www.delalumiereauxyeux-photo.fr\/wp-content\/uploads\/2025\/11\/DSC_4109-300x189.jpg 300w, https:\/\/www.delalumiereauxyeux-photo.fr\/wp-content\/uploads\/2025\/11\/DSC_4109-768x484.jpg 768w, https:\/\/www.delalumiereauxyeux-photo.fr\/wp-content\/uploads\/2025\/11\/DSC_4109-1536x968.jpg 1536w, https:\/\/www.delalumiereauxyeux-photo.fr\/wp-content\/uploads\/2025\/11\/DSC_4109-2048x1290.jpg 2048w\" sizes=\"(max-width: 1024px) 100vw, 1024px\" \/><\/figure>\n\n\n\n<figure class=\"wp-block-image size-large\"><img loading=\"lazy\" decoding=\"async\" width=\"1024\" height=\"683\" src=\"http:\/\/www.delalumiereauxyeux-photo.fr\/wp-content\/uploads\/2025\/11\/DSC_4117-1024x683.jpg\" alt=\"Rallye de l'Indre 2025 photographe De la lumi\u00e8re aux yeux\" class=\"wp-image-8863\" srcset=\"https:\/\/www.delalumiereauxyeux-photo.fr\/wp-content\/uploads\/2025\/11\/DSC_4117-1024x683.jpg 1024w, https:\/\/www.delalumiereauxyeux-photo.fr\/wp-content\/uploads\/2025\/11\/DSC_4117-300x200.jpg 300w, https:\/\/www.delalumiereauxyeux-photo.fr\/wp-content\/uploads\/2025\/11\/DSC_4117-768x512.jpg 768w, https:\/\/www.delalumiereauxyeux-photo.fr\/wp-content\/uploads\/2025\/11\/DSC_4117-1536x1024.jpg 1536w, https:\/\/www.delalumiereauxyeux-photo.fr\/wp-content\/uploads\/2025\/11\/DSC_4117-2048x1365.jpg 2048w\" sizes=\"(max-width: 1024px) 100vw, 1024px\" \/><\/figure>\n\n\n\n<figure class=\"wp-block-image size-large\"><img loading=\"lazy\" decoding=\"async\" width=\"1024\" height=\"683\" src=\"http:\/\/www.delalumiereauxyeux-photo.fr\/wp-content\/uploads\/2025\/11\/DSC_4124-1024x683.jpg\" alt=\"Rallye de l'Indre 2025 photographe De la lumi\u00e8re aux yeux\" class=\"wp-image-8864\" srcset=\"https:\/\/www.delalumiereauxyeux-photo.fr\/wp-content\/uploads\/2025\/11\/DSC_4124-1024x683.jpg 1024w, https:\/\/www.delalumiereauxyeux-photo.fr\/wp-content\/uploads\/2025\/11\/DSC_4124-300x200.jpg 300w, https:\/\/www.delalumiereauxyeux-photo.fr\/wp-content\/uploads\/2025\/11\/DSC_4124-768x512.jpg 768w, https:\/\/www.delalumiereauxyeux-photo.fr\/wp-content\/uploads\/2025\/11\/DSC_4124-1536x1024.jpg 1536w, https:\/\/www.delalumiereauxyeux-photo.fr\/wp-content\/uploads\/2025\/11\/DSC_4124-2048x1365.jpg 2048w\" sizes=\"(max-width: 1024px) 100vw, 1024px\" \/><\/figure>\n\n\n\n<figure class=\"wp-block-image size-large\"><img loading=\"lazy\" decoding=\"async\" width=\"1024\" height=\"823\" src=\"http:\/\/www.delalumiereauxyeux-photo.fr\/wp-content\/uploads\/2025\/11\/DSC_4127-1024x823.jpg\" alt=\"Rallye de l'Indre 2025 photographe De la lumi\u00e8re aux yeux\" class=\"wp-image-8866\" srcset=\"https:\/\/www.delalumiereauxyeux-photo.fr\/wp-content\/uploads\/2025\/11\/DSC_4127-1024x823.jpg 1024w, https:\/\/www.delalumiereauxyeux-photo.fr\/wp-content\/uploads\/2025\/11\/DSC_4127-300x241.jpg 300w, https:\/\/www.delalumiereauxyeux-photo.fr\/wp-content\/uploads\/2025\/11\/DSC_4127-768x617.jpg 768w, https:\/\/www.delalumiereauxyeux-photo.fr\/wp-content\/uploads\/2025\/11\/DSC_4127-1536x1235.jpg 1536w, https:\/\/www.delalumiereauxyeux-photo.fr\/wp-content\/uploads\/2025\/11\/DSC_4127-2048x1647.jpg 2048w\" sizes=\"(max-width: 1024px) 100vw, 1024px\" \/><\/figure>\n\n\n\n<figure class=\"wp-block-image size-large\"><img loading=\"lazy\" decoding=\"async\" width=\"1024\" height=\"683\" src=\"http:\/\/www.delalumiereauxyeux-photo.fr\/wp-content\/uploads\/2025\/11\/DSC_0398-1024x683.jpg\" alt=\"Rallye de l'Indre 2025 photographe De la lumi\u00e8re aux yeux\" class=\"wp-image-8867\" srcset=\"https:\/\/www.delalumiereauxyeux-photo.fr\/wp-content\/uploads\/2025\/11\/DSC_0398-1024x683.jpg 1024w, https:\/\/www.delalumiereauxyeux-photo.fr\/wp-content\/uploads\/2025\/11\/DSC_0398-300x200.jpg 300w, https:\/\/www.delalumiereauxyeux-photo.fr\/wp-content\/uploads\/2025\/11\/DSC_0398-768x512.jpg 768w, https:\/\/www.delalumiereauxyeux-photo.fr\/wp-content\/uploads\/2025\/11\/DSC_0398-1536x1024.jpg 1536w, https:\/\/www.delalumiereauxyeux-photo.fr\/wp-content\/uploads\/2025\/11\/DSC_0398-2048x1365.jpg 2048w\" sizes=\"(max-width: 1024px) 100vw, 1024px\" \/><\/figure>\n\n\n\n<figure class=\"wp-block-image size-large\"><img loading=\"lazy\" decoding=\"async\" width=\"1024\" height=\"683\" src=\"http:\/\/www.delalumiereauxyeux-photo.fr\/wp-content\/uploads\/2025\/11\/DSC_4138-1024x683.jpg\" alt=\"Rallye de l'Indre 2025 photographe De la lumi\u00e8re aux yeux\" class=\"wp-image-8868\" srcset=\"https:\/\/www.delalumiereauxyeux-photo.fr\/wp-content\/uploads\/2025\/11\/DSC_4138-1024x683.jpg 1024w, https:\/\/www.delalumiereauxyeux-photo.fr\/wp-content\/uploads\/2025\/11\/DSC_4138-300x200.jpg 300w, https:\/\/www.delalumiereauxyeux-photo.fr\/wp-content\/uploads\/2025\/11\/DSC_4138-768x512.jpg 768w, https:\/\/www.delalumiereauxyeux-photo.fr\/wp-content\/uploads\/2025\/11\/DSC_4138-1536x1024.jpg 1536w, https:\/\/www.delalumiereauxyeux-photo.fr\/wp-content\/uploads\/2025\/11\/DSC_4138-2048x1365.jpg 2048w\" sizes=\"(max-width: 1024px) 100vw, 1024px\" \/><\/figure>\n\n\n\n<p>Vous pouvez retrouver le classement int\u00e9gral sur le site de la FFSA.<\/p>\n\n\n\n<figure class=\"wp-block-image size-large\"><img loading=\"lazy\" decoding=\"async\" width=\"1024\" height=\"635\" src=\"http:\/\/www.delalumiereauxyeux-photo.fr\/wp-content\/uploads\/2025\/11\/Capture-decran-2025-11-10-094208-1024x635.png\" alt=\"Rallye de l'Indre 2025 photographe De la lumi\u00e8re aux yeux\" class=\"wp-image-8881\" srcset=\"https:\/\/www.delalumiereauxyeux-photo.fr\/wp-content\/uploads\/2025\/11\/Capture-decran-2025-11-10-094208-1024x635.png 1024w, https:\/\/www.delalumiereauxyeux-photo.fr\/wp-content\/uploads\/2025\/11\/Capture-decran-2025-11-10-094208-300x186.png 300w, https:\/\/www.delalumiereauxyeux-photo.fr\/wp-content\/uploads\/2025\/11\/Capture-decran-2025-11-10-094208-768x476.png 768w, https:\/\/www.delalumiereauxyeux-photo.fr\/wp-content\/uploads\/2025\/11\/Capture-decran-2025-11-10-094208.png 1195w\" sizes=\"(max-width: 1024px) 100vw, 1024px\" \/><\/figure>\n\n\n\n<p>Bravo \u00e0 toutes et \u00e0 tous! \ud83d\ude42<\/p>\n\n\n\n<p>\u00a9 Tous droits r\u00e9serv\u00e9s 2025.<\/p>\n\n\n\n<p>Merci aux organisateurs pour cette superbe organisation, aux b\u00e9n\u00e9voles et aux commissaires pour votre accueil.<\/p>\n\n\n\n<p>Toutes mes photos ne sont pas pr\u00e9sent\u00e9es dans l&rsquo;article, alors n&rsquo;h\u00e9sitez pas \u00e0 me contacter \ud83d\ude09<\/p>\n\n\n\n<p>Les photos sont disponibles \u00e0 l&rsquo;achat au format num\u00e9rique&nbsp;<a href=\"https:\/\/www.delalumiereauxyeux-photo.fr\/?page_id=2430\">Contact &#8211; De la lumi\u00e8re aux yeux (delalumiereauxyeux-photo.fr)<\/a><\/p>\n\n\n\n<p>Si vous souhaitez une prestation photos, contactez-moi. Vous pouvez \u00e9galement m&rsquo;envoyer vos noms, pr\u00e9noms, voiture(s), \u00e9v\u00e8nement(s), dates et lieux o\u00f9 vous serez en 2026\u00a0<a href=\"https:\/\/www.delalumiereauxyeux-photo.fr\/?page_id=2430\">Contact &#8211; De la lumi\u00e8re aux yeux (delalumiereauxyeux-photo.fr)<\/a> !<\/p>\n\n\n\n<p>Vous pouvez \u00e9galement me laisser vos commentaires sur cet article.<\/p>\n\n\n\n<p>A bient\u00f4t! \ud83d\ude42<\/p>\n\n\n\n<p>Ang\u00e9lique.<\/p>\n\n\n\n<p>Vous pouvez me retrouver sur :<\/p>\n\n\n\n<ul>\n<li>Facebook&nbsp;<a href=\"https:\/\/www.facebook.com\/DelalumiereauxyeuxPhotographe\">Delalumi\u00e8reauxyeux Photographe | Erceville | Facebook<\/a><\/li>\n\n\n\n<li>Instagram&nbsp;<a href=\"https:\/\/www.instagram.com\/angiephoto28\/\">Angie (@angiephoto28) \u2022 Photos et vid\u00e9os Instagram<\/a><\/li>\n\n\n\n<li>site internet <a href=\"https:\/\/www.delalumiereauxyeux.fr\/\">https:\/\/www.delalumiereauxyeux.fr\/<\/a><\/li>\n\n\n\n<li>Linkedln <a href=\"https:\/\/www.linkedin.com\/in\/ang%C3%A9lique-de-la-lumi%C3%A8re-aux-yeux-65418826b\/\">https:\/\/www.linkedin.com\/in\/ang%C3%A9lique-de-la-lumi%C3%A8re-aux-yeux-65418826b\/<\/a><\/li>\n<\/ul>\n\n\n\n<p><em>Les photos sont compress\u00e9es pour le blog et n&rsquo;ont pas leur qualit\u00e9 optimale.<\/em><\/p>\n\n\n\n<p><\/p>\n","protected":false},"excerpt":{"rendered":"<p>Cette \u00e9dition s&rsquo;est d\u00e9roul\u00e9e sur plusieurs communes limitrophes de celle de Buzan\u00e7ais dans l&rsquo;Indre, r\u00e9gion Centre &#8211; Val de Loire. Malgr\u00e9 le brouillard et des routes quelques peu grasses et glissantes, notamment le matin, la m\u00e9t\u00e9o a su nous faire garder le sourire. Championnat de France Rallyes 2\u00e8me Division et Troph\u00e9e Alpine A290 se sont [&hellip;]<\/p>\n","protected":false},"author":1,"featured_media":0,"comment_status":"open","ping_status":"closed","sticky":false,"template":"","format":"standard","meta":{"_monsterinsights_skip_tracking":false,"_monsterinsights_sitenote_active":false,"_monsterinsights_sitenote_note":"","_monsterinsights_sitenote_category":0,"footnotes":""},"categories":[1],"tags":[],"yoast_head":"<!-- This site is optimized with the Yoast SEO plugin v22.2 - https:\/\/yoast.com\/wordpress\/plugins\/seo\/ -->\n<title>Rallye de l&#039;Indre 2025 \u00e0 Buzan\u00e7ais. - De la lumi\u00e8re aux yeux<\/title>\n<meta name=\"robots\" content=\"index, follow, max-snippet:-1, max-image-preview:large, max-video-preview:-1\" \/>\n<link rel=\"canonical\" href=\"https:\/\/www.delalumiereauxyeux-photo.fr\/?p=8870\" \/>\n<meta property=\"og:locale\" content=\"fr_FR\" \/>\n<meta property=\"og:type\" content=\"article\" \/>\n<meta property=\"og:title\" content=\"Rallye de l&#039;Indre 2025 \u00e0 Buzan\u00e7ais. - De la lumi\u00e8re aux yeux\" \/>\n<meta property=\"og:description\" content=\"Cette \u00e9dition s&rsquo;est d\u00e9roul\u00e9e sur plusieurs communes limitrophes de celle de Buzan\u00e7ais dans l&rsquo;Indre, r\u00e9gion Centre &#8211; Val de Loire. Malgr\u00e9 le brouillard et des routes quelques peu grasses et glissantes, notamment le matin, la m\u00e9t\u00e9o a su nous faire garder le sourire. Championnat de France Rallyes 2\u00e8me Division et Troph\u00e9e Alpine A290 se sont [&hellip;]\" \/>\n<meta property=\"og:url\" content=\"https:\/\/www.delalumiereauxyeux-photo.fr\/?p=8870\" \/>\n<meta property=\"og:site_name\" content=\"De la lumi\u00e8re aux yeux\" \/>\n<meta property=\"article:author\" content=\"https:\/\/www.facebook.com\/angelique.delalumiereauxyeux.5?__tn__=dlC-RHH-R-R&amp;eid=ARDORkTB_yutZsrVTEEeZ0LAobESxObVoalsaetnRjmZdhewjwojedF8h09RZ8oly8_ro0dEnvSLIUeS&amp;hc_ref=ARSbH4jjDNc2QSSUZPjZH0vrxiNgcNzLcrprkTea6WAzZ09DAHcjGeYU5y5PXqG08Ac\" \/>\n<meta property=\"article:published_time\" content=\"2025-11-20T09:13:21+00:00\" \/>\n<meta property=\"article:modified_time\" content=\"2025-11-20T09:13:25+00:00\" \/>\n<meta property=\"og:image\" content=\"http:\/\/www.delalumiereauxyeux-photo.fr\/wp-content\/uploads\/2025\/11\/DSC_3129-1024x683.jpg\" \/>\n<meta name=\"author\" content=\"delalumiereauxyeux\" \/>\n<meta name=\"twitter:card\" content=\"summary_large_image\" \/>\n<meta name=\"twitter:label1\" content=\"\u00c9crit par\" \/>\n\t<meta name=\"twitter:data1\" content=\"delalumiereauxyeux\" \/>\n\t<meta name=\"twitter:label2\" content=\"Dur\u00e9e de lecture estim\u00e9e\" \/>\n\t<meta name=\"twitter:data2\" content=\"22 minutes\" \/>\n<script type=\"application\/ld+json\" class=\"yoast-schema-graph\">{\"@context\":\"https:\/\/schema.org\",\"@graph\":[{\"@type\":\"WebPage\",\"@id\":\"https:\/\/www.delalumiereauxyeux-photo.fr\/?p=8870\",\"url\":\"https:\/\/www.delalumiereauxyeux-photo.fr\/?p=8870\",\"name\":\"Rallye de l'Indre 2025 \u00e0 Buzan\u00e7ais. - De la lumi\u00e8re aux yeux\",\"isPartOf\":{\"@id\":\"https:\/\/www.delalumiereauxyeux-photo.fr\/#website\"},\"primaryImageOfPage\":{\"@id\":\"https:\/\/www.delalumiereauxyeux-photo.fr\/?p=8870#primaryimage\"},\"image\":{\"@id\":\"https:\/\/www.delalumiereauxyeux-photo.fr\/?p=8870#primaryimage\"},\"thumbnailUrl\":\"http:\/\/www.delalumiereauxyeux-photo.fr\/wp-content\/uploads\/2025\/11\/DSC_3129-1024x683.jpg\",\"datePublished\":\"2025-11-20T09:13:21+00:00\",\"dateModified\":\"2025-11-20T09:13:25+00:00\",\"author\":{\"@id\":\"https:\/\/www.delalumiereauxyeux-photo.fr\/#\/schema\/person\/fbdc98761dd92f98cdb911153e949213\"},\"breadcrumb\":{\"@id\":\"https:\/\/www.delalumiereauxyeux-photo.fr\/?p=8870#breadcrumb\"},\"inLanguage\":\"fr-FR\",\"potentialAction\":[{\"@type\":\"ReadAction\",\"target\":[\"https:\/\/www.delalumiereauxyeux-photo.fr\/?p=8870\"]}]},{\"@type\":\"ImageObject\",\"inLanguage\":\"fr-FR\",\"@id\":\"https:\/\/www.delalumiereauxyeux-photo.fr\/?p=8870#primaryimage\",\"url\":\"https:\/\/www.delalumiereauxyeux-photo.fr\/wp-content\/uploads\/2025\/11\/DSC_3129-scaled.jpg\",\"contentUrl\":\"https:\/\/www.delalumiereauxyeux-photo.fr\/wp-content\/uploads\/2025\/11\/DSC_3129-scaled.jpg\",\"width\":2560,\"height\":1707,\"caption\":\"Rallye de l'Indre 2025 photographe De la lumi\u00e8re aux yeux\"},{\"@type\":\"BreadcrumbList\",\"@id\":\"https:\/\/www.delalumiereauxyeux-photo.fr\/?p=8870#breadcrumb\",\"itemListElement\":[{\"@type\":\"ListItem\",\"position\":1,\"name\":\"Accueil\",\"item\":\"https:\/\/www.delalumiereauxyeux-photo.fr\/\"},{\"@type\":\"ListItem\",\"position\":2,\"name\":\"Rallye de l&rsquo;Indre 2025 \u00e0 Buzan\u00e7ais.\"}]},{\"@type\":\"WebSite\",\"@id\":\"https:\/\/www.delalumiereauxyeux-photo.fr\/#website\",\"url\":\"https:\/\/www.delalumiereauxyeux-photo.fr\/\",\"name\":\"De la lumi\u00e8re aux yeux\",\"description\":\"De la lumi\u00e8re aux yeux\",\"potentialAction\":[{\"@type\":\"SearchAction\",\"target\":{\"@type\":\"EntryPoint\",\"urlTemplate\":\"https:\/\/www.delalumiereauxyeux-photo.fr\/?s={search_term_string}\"},\"query-input\":\"required name=search_term_string\"}],\"inLanguage\":\"fr-FR\"},{\"@type\":\"Person\",\"@id\":\"https:\/\/www.delalumiereauxyeux-photo.fr\/#\/schema\/person\/fbdc98761dd92f98cdb911153e949213\",\"name\":\"delalumiereauxyeux\",\"image\":{\"@type\":\"ImageObject\",\"inLanguage\":\"fr-FR\",\"@id\":\"https:\/\/www.delalumiereauxyeux-photo.fr\/#\/schema\/person\/image\/\",\"url\":\"https:\/\/secure.gravatar.com\/avatar\/8fecce8824b60e8618943375d4f3666c?s=96&d=mm&r=g\",\"contentUrl\":\"https:\/\/secure.gravatar.com\/avatar\/8fecce8824b60e8618943375d4f3666c?s=96&d=mm&r=g\",\"caption\":\"delalumiereauxyeux\"},\"sameAs\":[\"https:\/\/www.facebook.com\/angelique.delalumiereauxyeux.5?__tn__=dlC-RHH-R-R&eid=ARDORkTB_yutZsrVTEEeZ0LAobESxObVoalsaetnRjmZdhewjwojedF8h09RZ8oly8_ro0dEnvSLIUeS&hc_ref=ARSbH4jjDNc2QSSUZPjZH0vrxiNgcNzLcrprkTea6WAzZ09DAHcjGeYU5y5PXqG08Ac\",\"https:\/\/www.instagram.com\/angiephoto28\/\",\"https:\/\/www.linkedin.com\/in\/anglique-de-la-lumire-aux-yeux-65418826b\/\"]}]}<\/script>\n<!-- \/ Yoast SEO plugin. -->","yoast_head_json":{"title":"Rallye de l'Indre 2025 \u00e0 Buzan\u00e7ais. - De la lumi\u00e8re aux yeux","robots":{"index":"index","follow":"follow","max-snippet":"max-snippet:-1","max-image-preview":"max-image-preview:large","max-video-preview":"max-video-preview:-1"},"canonical":"https:\/\/www.delalumiereauxyeux-photo.fr\/?p=8870","og_locale":"fr_FR","og_type":"article","og_title":"Rallye de l'Indre 2025 \u00e0 Buzan\u00e7ais. - De la lumi\u00e8re aux yeux","og_description":"Cette \u00e9dition s&rsquo;est d\u00e9roul\u00e9e sur plusieurs communes limitrophes de celle de Buzan\u00e7ais dans l&rsquo;Indre, r\u00e9gion Centre &#8211; Val de Loire. Malgr\u00e9 le brouillard et des routes quelques peu grasses et glissantes, notamment le matin, la m\u00e9t\u00e9o a su nous faire garder le sourire. Championnat de France Rallyes 2\u00e8me Division et Troph\u00e9e Alpine A290 se sont [&hellip;]","og_url":"https:\/\/www.delalumiereauxyeux-photo.fr\/?p=8870","og_site_name":"De la lumi\u00e8re aux yeux","article_author":"https:\/\/www.facebook.com\/angelique.delalumiereauxyeux.5?__tn__=dlC-RHH-R-R&eid=ARDORkTB_yutZsrVTEEeZ0LAobESxObVoalsaetnRjmZdhewjwojedF8h09RZ8oly8_ro0dEnvSLIUeS&hc_ref=ARSbH4jjDNc2QSSUZPjZH0vrxiNgcNzLcrprkTea6WAzZ09DAHcjGeYU5y5PXqG08Ac","article_published_time":"2025-11-20T09:13:21+00:00","article_modified_time":"2025-11-20T09:13:25+00:00","og_image":[{"url":"http:\/\/www.delalumiereauxyeux-photo.fr\/wp-content\/uploads\/2025\/11\/DSC_3129-1024x683.jpg"}],"author":"delalumiereauxyeux","twitter_card":"summary_large_image","twitter_misc":{"\u00c9crit par":"delalumiereauxyeux","Dur\u00e9e de lecture estim\u00e9e":"22 minutes"},"schema":{"@context":"https:\/\/schema.org","@graph":[{"@type":"WebPage","@id":"https:\/\/www.delalumiereauxyeux-photo.fr\/?p=8870","url":"https:\/\/www.delalumiereauxyeux-photo.fr\/?p=8870","name":"Rallye de l'Indre 2025 \u00e0 Buzan\u00e7ais. - De la lumi\u00e8re aux yeux","isPartOf":{"@id":"https:\/\/www.delalumiereauxyeux-photo.fr\/#website"},"primaryImageOfPage":{"@id":"https:\/\/www.delalumiereauxyeux-photo.fr\/?p=8870#primaryimage"},"image":{"@id":"https:\/\/www.delalumiereauxyeux-photo.fr\/?p=8870#primaryimage"},"thumbnailUrl":"http:\/\/www.delalumiereauxyeux-photo.fr\/wp-content\/uploads\/2025\/11\/DSC_3129-1024x683.jpg","datePublished":"2025-11-20T09:13:21+00:00","dateModified":"2025-11-20T09:13:25+00:00","author":{"@id":"https:\/\/www.delalumiereauxyeux-photo.fr\/#\/schema\/person\/fbdc98761dd92f98cdb911153e949213"},"breadcrumb":{"@id":"https:\/\/www.delalumiereauxyeux-photo.fr\/?p=8870#breadcrumb"},"inLanguage":"fr-FR","potentialAction":[{"@type":"ReadAction","target":["https:\/\/www.delalumiereauxyeux-photo.fr\/?p=8870"]}]},{"@type":"ImageObject","inLanguage":"fr-FR","@id":"https:\/\/www.delalumiereauxyeux-photo.fr\/?p=8870#primaryimage","url":"https:\/\/www.delalumiereauxyeux-photo.fr\/wp-content\/uploads\/2025\/11\/DSC_3129-scaled.jpg","contentUrl":"https:\/\/www.delalumiereauxyeux-photo.fr\/wp-content\/uploads\/2025\/11\/DSC_3129-scaled.jpg","width":2560,"height":1707,"caption":"Rallye de l'Indre 2025 photographe De la lumi\u00e8re aux yeux"},{"@type":"BreadcrumbList","@id":"https:\/\/www.delalumiereauxyeux-photo.fr\/?p=8870#breadcrumb","itemListElement":[{"@type":"ListItem","position":1,"name":"Accueil","item":"https:\/\/www.delalumiereauxyeux-photo.fr\/"},{"@type":"ListItem","position":2,"name":"Rallye de l&rsquo;Indre 2025 \u00e0 Buzan\u00e7ais."}]},{"@type":"WebSite","@id":"https:\/\/www.delalumiereauxyeux-photo.fr\/#website","url":"https:\/\/www.delalumiereauxyeux-photo.fr\/","name":"De la lumi\u00e8re aux yeux","description":"De la lumi\u00e8re aux yeux","potentialAction":[{"@type":"SearchAction","target":{"@type":"EntryPoint","urlTemplate":"https:\/\/www.delalumiereauxyeux-photo.fr\/?s={search_term_string}"},"query-input":"required name=search_term_string"}],"inLanguage":"fr-FR"},{"@type":"Person","@id":"https:\/\/www.delalumiereauxyeux-photo.fr\/#\/schema\/person\/fbdc98761dd92f98cdb911153e949213","name":"delalumiereauxyeux","image":{"@type":"ImageObject","inLanguage":"fr-FR","@id":"https:\/\/www.delalumiereauxyeux-photo.fr\/#\/schema\/person\/image\/","url":"https:\/\/secure.gravatar.com\/avatar\/8fecce8824b60e8618943375d4f3666c?s=96&d=mm&r=g","contentUrl":"https:\/\/secure.gravatar.com\/avatar\/8fecce8824b60e8618943375d4f3666c?s=96&d=mm&r=g","caption":"delalumiereauxyeux"},"sameAs":["https:\/\/www.facebook.com\/angelique.delalumiereauxyeux.5?__tn__=dlC-RHH-R-R&eid=ARDORkTB_yutZsrVTEEeZ0LAobESxObVoalsaetnRjmZdhewjwojedF8h09RZ8oly8_ro0dEnvSLIUeS&hc_ref=ARSbH4jjDNc2QSSUZPjZH0vrxiNgcNzLcrprkTea6WAzZ09DAHcjGeYU5y5PXqG08Ac","https:\/\/www.instagram.com\/angiephoto28\/","https:\/\/www.linkedin.com\/in\/anglique-de-la-lumire-aux-yeux-65418826b\/"]}]}},"_links":{"self":[{"href":"https:\/\/www.delalumiereauxyeux-photo.fr\/index.php?rest_route=\/wp\/v2\/posts\/8870"}],"collection":[{"href":"https:\/\/www.delalumiereauxyeux-photo.fr\/index.php?rest_route=\/wp\/v2\/posts"}],"about":[{"href":"https:\/\/www.delalumiereauxyeux-photo.fr\/index.php?rest_route=\/wp\/v2\/types\/post"}],"author":[{"embeddable":true,"href":"https:\/\/www.delalumiereauxyeux-photo.fr\/index.php?rest_route=\/wp\/v2\/users\/1"}],"replies":[{"embeddable":true,"href":"https:\/\/www.delalumiereauxyeux-photo.fr\/index.php?rest_route=%2Fwp%2Fv2%2Fcomments&post=8870"}],"version-history":[{"count":22,"href":"https:\/\/www.delalumiereauxyeux-photo.fr\/index.php?rest_route=\/wp\/v2\/posts\/8870\/revisions"}],"predecessor-version":[{"id":8893,"href":"https:\/\/www.delalumiereauxyeux-photo.fr\/index.php?rest_route=\/wp\/v2\/posts\/8870\/revisions\/8893"}],"wp:attachment":[{"href":"https:\/\/www.delalumiereauxyeux-photo.fr\/index.php?rest_route=%2Fwp%2Fv2%2Fmedia&parent=8870"}],"wp:term":[{"taxonomy":"category","embeddable":true,"href":"https:\/\/www.delalumiereauxyeux-photo.fr\/index.php?rest_route=%2Fwp%2Fv2%2Fcategories&post=8870"},{"taxonomy":"post_tag","embeddable":true,"href":"https:\/\/www.delalumiereauxyeux-photo.fr\/index.php?rest_route=%2Fwp%2Fv2%2Ftags&post=8870"}],"curies":[{"name":"wp","href":"https:\/\/api.w.org\/{rel}","templated":true}]}}