{"id":9011,"date":"2026-03-11T15:39:28","date_gmt":"2026-03-11T15:39:28","guid":{"rendered":"https:\/\/www.delalumiereauxyeux-photo.fr\/?p=9011"},"modified":"2026-03-11T16:56:03","modified_gmt":"2026-03-11T16:56:03","slug":"34e-rallye-de-la-vienne-et-9e-vhc","status":"publish","type":"post","link":"https:\/\/www.delalumiereauxyeux-photo.fr\/?p=9011","title":{"rendered":"34e rallye de la Vienne et 9e VHC"},"content":{"rendered":"\n<p>La journ\u00e9e de ce samedi 7 mars 2026 plac\u00e9e sous le beau temps et les tee-shirts \u00e9taient de sortie! \ud83d\ude42<\/p>\n\n\n\n<p>Deux ES faites 4 fois sur les communes de ARCHIGNY, CHENEVELLES, LEIGNE LES BOIS entre autres, pour finir de nuit. Parc et podium \u00e9taient au parc du Chillou \u00e0 Ch\u00e2tellerault, comme \u00e0 son habitude.<\/p>\n\n\n\n<p>Voitures et pilotes \u00e9taient au rendez-vous \ud83d\ude09<\/p>\n\n\n\n<p>Mais avant toutes choses, f\u00e9licitations aux gagnants, avec sur la 1\u00e8re marche du podium Matt\u00e9o CHATILLON et Maxence CORNUAU!<\/p>\n\n\n\n<figure class=\"wp-block-image size-large\"><img loading=\"lazy\" decoding=\"async\" width=\"1024\" height=\"614\" src=\"http:\/\/www.delalumiereauxyeux-photo.fr\/wp-content\/uploads\/2026\/03\/DSC_4972-2-1024x614.jpg\" alt=\"34e rallye de la Vienne 2026 photographe De la lumi\u00e8re aux yeux\" class=\"wp-image-9000\" srcset=\"https:\/\/www.delalumiereauxyeux-photo.fr\/wp-content\/uploads\/2026\/03\/DSC_4972-2-1024x614.jpg 1024w, https:\/\/www.delalumiereauxyeux-photo.fr\/wp-content\/uploads\/2026\/03\/DSC_4972-2-300x180.jpg 300w, https:\/\/www.delalumiereauxyeux-photo.fr\/wp-content\/uploads\/2026\/03\/DSC_4972-2-768x460.jpg 768w, https:\/\/www.delalumiereauxyeux-photo.fr\/wp-content\/uploads\/2026\/03\/DSC_4972-2-1536x921.jpg 1536w, https:\/\/www.delalumiereauxyeux-photo.fr\/wp-content\/uploads\/2026\/03\/DSC_4972-2-2048x1228.jpg 2048w\" sizes=\"(max-width: 1024px) 100vw, 1024px\" \/><\/figure>\n\n\n\n<p>Au parc<\/p>\n\n\n\n<figure class=\"wp-block-image size-large\"><img loading=\"lazy\" decoding=\"async\" width=\"1024\" height=\"490\" src=\"http:\/\/www.delalumiereauxyeux-photo.fr\/wp-content\/uploads\/2026\/03\/DSC_4258-1024x490.jpg\" alt=\"34e rallye de la Vienne 2026 photographe De la lumi\u00e8re aux yeux\" class=\"wp-image-8897\" srcset=\"https:\/\/www.delalumiereauxyeux-photo.fr\/wp-content\/uploads\/2026\/03\/DSC_4258-1024x490.jpg 1024w, https:\/\/www.delalumiereauxyeux-photo.fr\/wp-content\/uploads\/2026\/03\/DSC_4258-300x143.jpg 300w, https:\/\/www.delalumiereauxyeux-photo.fr\/wp-content\/uploads\/2026\/03\/DSC_4258-768x367.jpg 768w, https:\/\/www.delalumiereauxyeux-photo.fr\/wp-content\/uploads\/2026\/03\/DSC_4258-1536x734.jpg 1536w, https:\/\/www.delalumiereauxyeux-photo.fr\/wp-content\/uploads\/2026\/03\/DSC_4258-2048x979.jpg 2048w\" sizes=\"(max-width: 1024px) 100vw, 1024px\" \/><\/figure>\n\n\n\n<figure class=\"wp-block-image size-large\"><img loading=\"lazy\" decoding=\"async\" width=\"1024\" height=\"619\" src=\"http:\/\/www.delalumiereauxyeux-photo.fr\/wp-content\/uploads\/2026\/03\/DSC_4263-1024x619.jpg\" alt=\"34e rallye de la Vienne 2026 photographe De la lumi\u00e8re aux yeux\" class=\"wp-image-8898\" srcset=\"https:\/\/www.delalumiereauxyeux-photo.fr\/wp-content\/uploads\/2026\/03\/DSC_4263-1024x619.jpg 1024w, https:\/\/www.delalumiereauxyeux-photo.fr\/wp-content\/uploads\/2026\/03\/DSC_4263-300x181.jpg 300w, https:\/\/www.delalumiereauxyeux-photo.fr\/wp-content\/uploads\/2026\/03\/DSC_4263-768x464.jpg 768w, https:\/\/www.delalumiereauxyeux-photo.fr\/wp-content\/uploads\/2026\/03\/DSC_4263-1536x928.jpg 1536w, https:\/\/www.delalumiereauxyeux-photo.fr\/wp-content\/uploads\/2026\/03\/DSC_4263-2048x1237.jpg 2048w\" sizes=\"(max-width: 1024px) 100vw, 1024px\" \/><\/figure>\n\n\n\n<figure class=\"wp-block-image size-large\"><img loading=\"lazy\" decoding=\"async\" width=\"1024\" height=\"788\" src=\"http:\/\/www.delalumiereauxyeux-photo.fr\/wp-content\/uploads\/2026\/03\/DSC_4265-1024x788.jpg\" alt=\"34e rallye de la Vienne 2026 photographe De la lumi\u00e8re aux yeux\" class=\"wp-image-8899\" srcset=\"https:\/\/www.delalumiereauxyeux-photo.fr\/wp-content\/uploads\/2026\/03\/DSC_4265-1024x788.jpg 1024w, https:\/\/www.delalumiereauxyeux-photo.fr\/wp-content\/uploads\/2026\/03\/DSC_4265-300x231.jpg 300w, https:\/\/www.delalumiereauxyeux-photo.fr\/wp-content\/uploads\/2026\/03\/DSC_4265-768x591.jpg 768w, https:\/\/www.delalumiereauxyeux-photo.fr\/wp-content\/uploads\/2026\/03\/DSC_4265-1536x1182.jpg 1536w, https:\/\/www.delalumiereauxyeux-photo.fr\/wp-content\/uploads\/2026\/03\/DSC_4265-2048x1576.jpg 2048w\" sizes=\"(max-width: 1024px) 100vw, 1024px\" \/><\/figure>\n\n\n\n<figure class=\"wp-block-image size-large\"><img loading=\"lazy\" decoding=\"async\" width=\"1024\" height=\"683\" src=\"http:\/\/www.delalumiereauxyeux-photo.fr\/wp-content\/uploads\/2026\/03\/DSC_4266-1024x683.jpg\" alt=\"34e rallye de la Vienne 2026 photographe De la lumi\u00e8re aux yeux\" class=\"wp-image-8900\" srcset=\"https:\/\/www.delalumiereauxyeux-photo.fr\/wp-content\/uploads\/2026\/03\/DSC_4266-1024x683.jpg 1024w, https:\/\/www.delalumiereauxyeux-photo.fr\/wp-content\/uploads\/2026\/03\/DSC_4266-300x200.jpg 300w, https:\/\/www.delalumiereauxyeux-photo.fr\/wp-content\/uploads\/2026\/03\/DSC_4266-768x512.jpg 768w, https:\/\/www.delalumiereauxyeux-photo.fr\/wp-content\/uploads\/2026\/03\/DSC_4266-1536x1024.jpg 1536w, https:\/\/www.delalumiereauxyeux-photo.fr\/wp-content\/uploads\/2026\/03\/DSC_4266-2048x1365.jpg 2048w\" sizes=\"(max-width: 1024px) 100vw, 1024px\" \/><\/figure>\n\n\n\n<figure class=\"wp-block-image size-large\"><img loading=\"lazy\" decoding=\"async\" width=\"1024\" height=\"582\" src=\"http:\/\/www.delalumiereauxyeux-photo.fr\/wp-content\/uploads\/2026\/03\/DSC_4270-1024x582.jpg\" alt=\"34e rallye de la Vienne 2026 photographe De la lumi\u00e8re aux yeux\" class=\"wp-image-8901\" srcset=\"https:\/\/www.delalumiereauxyeux-photo.fr\/wp-content\/uploads\/2026\/03\/DSC_4270-1024x582.jpg 1024w, https:\/\/www.delalumiereauxyeux-photo.fr\/wp-content\/uploads\/2026\/03\/DSC_4270-300x170.jpg 300w, https:\/\/www.delalumiereauxyeux-photo.fr\/wp-content\/uploads\/2026\/03\/DSC_4270-768x436.jpg 768w, https:\/\/www.delalumiereauxyeux-photo.fr\/wp-content\/uploads\/2026\/03\/DSC_4270-1536x873.jpg 1536w, https:\/\/www.delalumiereauxyeux-photo.fr\/wp-content\/uploads\/2026\/03\/DSC_4270-2048x1164.jpg 2048w\" sizes=\"(max-width: 1024px) 100vw, 1024px\" \/><\/figure>\n\n\n\n<figure class=\"wp-block-image size-large\"><img loading=\"lazy\" decoding=\"async\" width=\"1024\" height=\"683\" src=\"http:\/\/www.delalumiereauxyeux-photo.fr\/wp-content\/uploads\/2026\/03\/DSC_4284-1024x683.jpg\" alt=\"34e rallye de la Vienne 2026 photographe De la lumi\u00e8re aux yeux\" class=\"wp-image-8902\" srcset=\"https:\/\/www.delalumiereauxyeux-photo.fr\/wp-content\/uploads\/2026\/03\/DSC_4284-1024x683.jpg 1024w, https:\/\/www.delalumiereauxyeux-photo.fr\/wp-content\/uploads\/2026\/03\/DSC_4284-300x200.jpg 300w, https:\/\/www.delalumiereauxyeux-photo.fr\/wp-content\/uploads\/2026\/03\/DSC_4284-768x512.jpg 768w, https:\/\/www.delalumiereauxyeux-photo.fr\/wp-content\/uploads\/2026\/03\/DSC_4284-1536x1024.jpg 1536w, https:\/\/www.delalumiereauxyeux-photo.fr\/wp-content\/uploads\/2026\/03\/DSC_4284-2048x1365.jpg 2048w\" sizes=\"(max-width: 1024px) 100vw, 1024px\" \/><\/figure>\n\n\n\n<figure class=\"wp-block-image size-large\"><img loading=\"lazy\" decoding=\"async\" width=\"1024\" height=\"661\" src=\"http:\/\/www.delalumiereauxyeux-photo.fr\/wp-content\/uploads\/2026\/03\/DSC_4292-1024x661.jpg\" alt=\"34e rallye de la Vienne 2026 photographe De la lumi\u00e8re aux yeux\" class=\"wp-image-8903\" srcset=\"https:\/\/www.delalumiereauxyeux-photo.fr\/wp-content\/uploads\/2026\/03\/DSC_4292-1024x661.jpg 1024w, https:\/\/www.delalumiereauxyeux-photo.fr\/wp-content\/uploads\/2026\/03\/DSC_4292-300x194.jpg 300w, https:\/\/www.delalumiereauxyeux-photo.fr\/wp-content\/uploads\/2026\/03\/DSC_4292-768x496.jpg 768w, https:\/\/www.delalumiereauxyeux-photo.fr\/wp-content\/uploads\/2026\/03\/DSC_4292-1536x992.jpg 1536w, https:\/\/www.delalumiereauxyeux-photo.fr\/wp-content\/uploads\/2026\/03\/DSC_4292-2048x1322.jpg 2048w\" sizes=\"(max-width: 1024px) 100vw, 1024px\" \/><\/figure>\n\n\n\n<p>Au d\u00e9part de l&rsquo;ES 2<\/p>\n\n\n\n<figure class=\"wp-block-image size-large\"><img loading=\"lazy\" decoding=\"async\" width=\"1024\" height=\"757\" src=\"http:\/\/www.delalumiereauxyeux-photo.fr\/wp-content\/uploads\/2026\/03\/DSC_4294-1024x757.jpg\" alt=\"34e rallye de la Vienne 2026 photographe De la lumi\u00e8re aux yeux\" class=\"wp-image-8904\" srcset=\"https:\/\/www.delalumiereauxyeux-photo.fr\/wp-content\/uploads\/2026\/03\/DSC_4294-1024x757.jpg 1024w, https:\/\/www.delalumiereauxyeux-photo.fr\/wp-content\/uploads\/2026\/03\/DSC_4294-300x222.jpg 300w, https:\/\/www.delalumiereauxyeux-photo.fr\/wp-content\/uploads\/2026\/03\/DSC_4294-768x567.jpg 768w, https:\/\/www.delalumiereauxyeux-photo.fr\/wp-content\/uploads\/2026\/03\/DSC_4294-1536x1135.jpg 1536w, https:\/\/www.delalumiereauxyeux-photo.fr\/wp-content\/uploads\/2026\/03\/DSC_4294-2048x1513.jpg 2048w\" sizes=\"(max-width: 1024px) 100vw, 1024px\" \/><\/figure>\n\n\n\n<figure class=\"wp-block-image size-large\"><img loading=\"lazy\" decoding=\"async\" width=\"1024\" height=\"885\" src=\"http:\/\/www.delalumiereauxyeux-photo.fr\/wp-content\/uploads\/2026\/03\/DSC_4307-1024x885.jpg\" alt=\"34e rallye de la Vienne 2026 photographe De la lumi\u00e8re aux yeux\" class=\"wp-image-8905\" srcset=\"https:\/\/www.delalumiereauxyeux-photo.fr\/wp-content\/uploads\/2026\/03\/DSC_4307-1024x885.jpg 1024w, https:\/\/www.delalumiereauxyeux-photo.fr\/wp-content\/uploads\/2026\/03\/DSC_4307-300x259.jpg 300w, https:\/\/www.delalumiereauxyeux-photo.fr\/wp-content\/uploads\/2026\/03\/DSC_4307-768x664.jpg 768w, https:\/\/www.delalumiereauxyeux-photo.fr\/wp-content\/uploads\/2026\/03\/DSC_4307-1536x1328.jpg 1536w, https:\/\/www.delalumiereauxyeux-photo.fr\/wp-content\/uploads\/2026\/03\/DSC_4307-2048x1771.jpg 2048w\" sizes=\"(max-width: 1024px) 100vw, 1024px\" \/><\/figure>\n\n\n\n<figure class=\"wp-block-image size-large\"><img loading=\"lazy\" decoding=\"async\" width=\"1024\" height=\"677\" src=\"http:\/\/www.delalumiereauxyeux-photo.fr\/wp-content\/uploads\/2026\/03\/DSC_4310-1024x677.jpg\" alt=\"34e rallye de la Vienne 2026 photographe De la lumi\u00e8re aux yeux\" class=\"wp-image-8906\" srcset=\"https:\/\/www.delalumiereauxyeux-photo.fr\/wp-content\/uploads\/2026\/03\/DSC_4310-1024x677.jpg 1024w, https:\/\/www.delalumiereauxyeux-photo.fr\/wp-content\/uploads\/2026\/03\/DSC_4310-300x198.jpg 300w, https:\/\/www.delalumiereauxyeux-photo.fr\/wp-content\/uploads\/2026\/03\/DSC_4310-768x508.jpg 768w, https:\/\/www.delalumiereauxyeux-photo.fr\/wp-content\/uploads\/2026\/03\/DSC_4310-1536x1016.jpg 1536w, https:\/\/www.delalumiereauxyeux-photo.fr\/wp-content\/uploads\/2026\/03\/DSC_4310-2048x1354.jpg 2048w\" sizes=\"(max-width: 1024px) 100vw, 1024px\" \/><\/figure>\n\n\n\n<figure class=\"wp-block-image size-large\"><img loading=\"lazy\" decoding=\"async\" width=\"683\" height=\"1024\" src=\"http:\/\/www.delalumiereauxyeux-photo.fr\/wp-content\/uploads\/2026\/03\/DSC_4313-683x1024.jpg\" alt=\"34e rallye de la Vienne 2026 photographe De la lumi\u00e8re aux yeux\" class=\"wp-image-8907\" srcset=\"https:\/\/www.delalumiereauxyeux-photo.fr\/wp-content\/uploads\/2026\/03\/DSC_4313-683x1024.jpg 683w, https:\/\/www.delalumiereauxyeux-photo.fr\/wp-content\/uploads\/2026\/03\/DSC_4313-200x300.jpg 200w, https:\/\/www.delalumiereauxyeux-photo.fr\/wp-content\/uploads\/2026\/03\/DSC_4313-768x1152.jpg 768w, https:\/\/www.delalumiereauxyeux-photo.fr\/wp-content\/uploads\/2026\/03\/DSC_4313-1024x1536.jpg 1024w, https:\/\/www.delalumiereauxyeux-photo.fr\/wp-content\/uploads\/2026\/03\/DSC_4313-1365x2048.jpg 1365w, https:\/\/www.delalumiereauxyeux-photo.fr\/wp-content\/uploads\/2026\/03\/DSC_4313-scaled.jpg 1707w\" sizes=\"(max-width: 683px) 100vw, 683px\" \/><\/figure>\n\n\n\n<figure class=\"wp-block-image size-large\"><img loading=\"lazy\" decoding=\"async\" width=\"1024\" height=\"683\" src=\"http:\/\/www.delalumiereauxyeux-photo.fr\/wp-content\/uploads\/2026\/03\/DSC_4316-1024x683.jpg\" alt=\"34e rallye de la Vienne 2026 photographe De la lumi\u00e8re aux yeux\" class=\"wp-image-8908\" srcset=\"https:\/\/www.delalumiereauxyeux-photo.fr\/wp-content\/uploads\/2026\/03\/DSC_4316-1024x683.jpg 1024w, https:\/\/www.delalumiereauxyeux-photo.fr\/wp-content\/uploads\/2026\/03\/DSC_4316-300x200.jpg 300w, https:\/\/www.delalumiereauxyeux-photo.fr\/wp-content\/uploads\/2026\/03\/DSC_4316-768x512.jpg 768w, https:\/\/www.delalumiereauxyeux-photo.fr\/wp-content\/uploads\/2026\/03\/DSC_4316-1536x1024.jpg 1536w, https:\/\/www.delalumiereauxyeux-photo.fr\/wp-content\/uploads\/2026\/03\/DSC_4316-2048x1365.jpg 2048w\" sizes=\"(max-width: 1024px) 100vw, 1024px\" \/><\/figure>\n\n\n\n<figure class=\"wp-block-image size-large\"><img loading=\"lazy\" decoding=\"async\" width=\"1024\" height=\"634\" src=\"http:\/\/www.delalumiereauxyeux-photo.fr\/wp-content\/uploads\/2026\/03\/DSC_0014-1024x634.jpg\" alt=\"34e rallye de la Vienne 2026 photographe De la lumi\u00e8re aux yeux\" class=\"wp-image-8909\" srcset=\"https:\/\/www.delalumiereauxyeux-photo.fr\/wp-content\/uploads\/2026\/03\/DSC_0014-1024x634.jpg 1024w, https:\/\/www.delalumiereauxyeux-photo.fr\/wp-content\/uploads\/2026\/03\/DSC_0014-300x186.jpg 300w, https:\/\/www.delalumiereauxyeux-photo.fr\/wp-content\/uploads\/2026\/03\/DSC_0014-768x475.jpg 768w, https:\/\/www.delalumiereauxyeux-photo.fr\/wp-content\/uploads\/2026\/03\/DSC_0014-1536x950.jpg 1536w, https:\/\/www.delalumiereauxyeux-photo.fr\/wp-content\/uploads\/2026\/03\/DSC_0014-2048x1267.jpg 2048w\" sizes=\"(max-width: 1024px) 100vw, 1024px\" \/><\/figure>\n\n\n\n<figure class=\"wp-block-image size-large\"><img loading=\"lazy\" decoding=\"async\" width=\"1024\" height=\"609\" src=\"http:\/\/www.delalumiereauxyeux-photo.fr\/wp-content\/uploads\/2026\/03\/DSC_0016-1024x609.jpg\" alt=\"34e rallye de la Vienne 2026 photographe De la lumi\u00e8re aux yeux\" class=\"wp-image-8910\" srcset=\"https:\/\/www.delalumiereauxyeux-photo.fr\/wp-content\/uploads\/2026\/03\/DSC_0016-1024x609.jpg 1024w, https:\/\/www.delalumiereauxyeux-photo.fr\/wp-content\/uploads\/2026\/03\/DSC_0016-300x178.jpg 300w, https:\/\/www.delalumiereauxyeux-photo.fr\/wp-content\/uploads\/2026\/03\/DSC_0016-768x457.jpg 768w, https:\/\/www.delalumiereauxyeux-photo.fr\/wp-content\/uploads\/2026\/03\/DSC_0016-1536x914.jpg 1536w, https:\/\/www.delalumiereauxyeux-photo.fr\/wp-content\/uploads\/2026\/03\/DSC_0016-2048x1218.jpg 2048w\" sizes=\"(max-width: 1024px) 100vw, 1024px\" \/><\/figure>\n\n\n\n<figure class=\"wp-block-image size-large\"><img loading=\"lazy\" decoding=\"async\" width=\"1024\" height=\"607\" src=\"http:\/\/www.delalumiereauxyeux-photo.fr\/wp-content\/uploads\/2026\/03\/DSC_4322-1024x607.jpg\" alt=\"34e rallye de la Vienne 2026 photographe De la lumi\u00e8re aux yeux\" class=\"wp-image-8911\" srcset=\"https:\/\/www.delalumiereauxyeux-photo.fr\/wp-content\/uploads\/2026\/03\/DSC_4322-1024x607.jpg 1024w, https:\/\/www.delalumiereauxyeux-photo.fr\/wp-content\/uploads\/2026\/03\/DSC_4322-300x178.jpg 300w, https:\/\/www.delalumiereauxyeux-photo.fr\/wp-content\/uploads\/2026\/03\/DSC_4322-768x455.jpg 768w, https:\/\/www.delalumiereauxyeux-photo.fr\/wp-content\/uploads\/2026\/03\/DSC_4322-1536x911.jpg 1536w, https:\/\/www.delalumiereauxyeux-photo.fr\/wp-content\/uploads\/2026\/03\/DSC_4322-2048x1214.jpg 2048w\" sizes=\"(max-width: 1024px) 100vw, 1024px\" \/><\/figure>\n\n\n\n<figure class=\"wp-block-image size-large\"><img loading=\"lazy\" decoding=\"async\" width=\"683\" height=\"1024\" src=\"http:\/\/www.delalumiereauxyeux-photo.fr\/wp-content\/uploads\/2026\/03\/DSC_0019-683x1024.jpg\" alt=\"34e rallye de la Vienne 2026 photographe De la lumi\u00e8re aux yeux\" class=\"wp-image-8912\" srcset=\"https:\/\/www.delalumiereauxyeux-photo.fr\/wp-content\/uploads\/2026\/03\/DSC_0019-683x1024.jpg 683w, https:\/\/www.delalumiereauxyeux-photo.fr\/wp-content\/uploads\/2026\/03\/DSC_0019-200x300.jpg 200w, https:\/\/www.delalumiereauxyeux-photo.fr\/wp-content\/uploads\/2026\/03\/DSC_0019-768x1152.jpg 768w, https:\/\/www.delalumiereauxyeux-photo.fr\/wp-content\/uploads\/2026\/03\/DSC_0019-1024x1536.jpg 1024w, https:\/\/www.delalumiereauxyeux-photo.fr\/wp-content\/uploads\/2026\/03\/DSC_0019-1365x2048.jpg 1365w, https:\/\/www.delalumiereauxyeux-photo.fr\/wp-content\/uploads\/2026\/03\/DSC_0019-scaled.jpg 1707w\" sizes=\"(max-width: 683px) 100vw, 683px\" \/><\/figure>\n\n\n\n<figure class=\"wp-block-image size-large\"><img loading=\"lazy\" decoding=\"async\" width=\"1024\" height=\"802\" src=\"http:\/\/www.delalumiereauxyeux-photo.fr\/wp-content\/uploads\/2026\/03\/DSC_0020-1024x802.jpg\" alt=\"34e rallye de la Vienne 2026 photographe De la lumi\u00e8re aux yeux\" class=\"wp-image-8913\" srcset=\"https:\/\/www.delalumiereauxyeux-photo.fr\/wp-content\/uploads\/2026\/03\/DSC_0020-1024x802.jpg 1024w, https:\/\/www.delalumiereauxyeux-photo.fr\/wp-content\/uploads\/2026\/03\/DSC_0020-300x235.jpg 300w, https:\/\/www.delalumiereauxyeux-photo.fr\/wp-content\/uploads\/2026\/03\/DSC_0020-768x602.jpg 768w, https:\/\/www.delalumiereauxyeux-photo.fr\/wp-content\/uploads\/2026\/03\/DSC_0020-1536x1204.jpg 1536w, https:\/\/www.delalumiereauxyeux-photo.fr\/wp-content\/uploads\/2026\/03\/DSC_0020-2048x1605.jpg 2048w\" sizes=\"(max-width: 1024px) 100vw, 1024px\" \/><\/figure>\n\n\n\n<figure class=\"wp-block-image size-large\"><img loading=\"lazy\" decoding=\"async\" width=\"1024\" height=\"683\" src=\"http:\/\/www.delalumiereauxyeux-photo.fr\/wp-content\/uploads\/2026\/03\/DSC_4325-1024x683.jpg\" alt=\"34e rallye de la Vienne 2026 photographe De la lumi\u00e8re aux yeux\" class=\"wp-image-8914\" srcset=\"https:\/\/www.delalumiereauxyeux-photo.fr\/wp-content\/uploads\/2026\/03\/DSC_4325-1024x683.jpg 1024w, https:\/\/www.delalumiereauxyeux-photo.fr\/wp-content\/uploads\/2026\/03\/DSC_4325-300x200.jpg 300w, https:\/\/www.delalumiereauxyeux-photo.fr\/wp-content\/uploads\/2026\/03\/DSC_4325-768x512.jpg 768w, https:\/\/www.delalumiereauxyeux-photo.fr\/wp-content\/uploads\/2026\/03\/DSC_4325-1536x1024.jpg 1536w, https:\/\/www.delalumiereauxyeux-photo.fr\/wp-content\/uploads\/2026\/03\/DSC_4325-2048x1365.jpg 2048w\" sizes=\"(max-width: 1024px) 100vw, 1024px\" \/><\/figure>\n\n\n\n<figure class=\"wp-block-image size-large\"><img loading=\"lazy\" decoding=\"async\" width=\"1024\" height=\"683\" src=\"http:\/\/www.delalumiereauxyeux-photo.fr\/wp-content\/uploads\/2026\/03\/DSC_4327-1024x683.jpg\" alt=\"34e rallye de la Vienne 2026 photographe De la lumi\u00e8re aux yeux\" class=\"wp-image-8915\" srcset=\"https:\/\/www.delalumiereauxyeux-photo.fr\/wp-content\/uploads\/2026\/03\/DSC_4327-1024x683.jpg 1024w, https:\/\/www.delalumiereauxyeux-photo.fr\/wp-content\/uploads\/2026\/03\/DSC_4327-300x200.jpg 300w, https:\/\/www.delalumiereauxyeux-photo.fr\/wp-content\/uploads\/2026\/03\/DSC_4327-768x512.jpg 768w, https:\/\/www.delalumiereauxyeux-photo.fr\/wp-content\/uploads\/2026\/03\/DSC_4327-1536x1024.jpg 1536w, https:\/\/www.delalumiereauxyeux-photo.fr\/wp-content\/uploads\/2026\/03\/DSC_4327-2048x1365.jpg 2048w\" sizes=\"(max-width: 1024px) 100vw, 1024px\" \/><\/figure>\n\n\n\n<figure class=\"wp-block-image size-large\"><img loading=\"lazy\" decoding=\"async\" width=\"1024\" height=\"648\" src=\"http:\/\/www.delalumiereauxyeux-photo.fr\/wp-content\/uploads\/2026\/03\/DSC_4330-1024x648.jpg\" alt=\"34e rallye de la Vienne 2026 photographe De la lumi\u00e8re aux yeux\" class=\"wp-image-8916\" srcset=\"https:\/\/www.delalumiereauxyeux-photo.fr\/wp-content\/uploads\/2026\/03\/DSC_4330-1024x648.jpg 1024w, https:\/\/www.delalumiereauxyeux-photo.fr\/wp-content\/uploads\/2026\/03\/DSC_4330-300x190.jpg 300w, https:\/\/www.delalumiereauxyeux-photo.fr\/wp-content\/uploads\/2026\/03\/DSC_4330-768x486.jpg 768w, https:\/\/www.delalumiereauxyeux-photo.fr\/wp-content\/uploads\/2026\/03\/DSC_4330-1536x972.jpg 1536w, https:\/\/www.delalumiereauxyeux-photo.fr\/wp-content\/uploads\/2026\/03\/DSC_4330-2048x1296.jpg 2048w\" sizes=\"(max-width: 1024px) 100vw, 1024px\" \/><\/figure>\n\n\n\n<figure class=\"wp-block-image size-large\"><img loading=\"lazy\" decoding=\"async\" width=\"1024\" height=\"794\" src=\"http:\/\/www.delalumiereauxyeux-photo.fr\/wp-content\/uploads\/2026\/03\/DSC_0025-1024x794.jpg\" alt=\"34e rallye de la Vienne 2026 photographe De la lumi\u00e8re aux yeux\" class=\"wp-image-8917\" srcset=\"https:\/\/www.delalumiereauxyeux-photo.fr\/wp-content\/uploads\/2026\/03\/DSC_0025-1024x794.jpg 1024w, https:\/\/www.delalumiereauxyeux-photo.fr\/wp-content\/uploads\/2026\/03\/DSC_0025-300x233.jpg 300w, https:\/\/www.delalumiereauxyeux-photo.fr\/wp-content\/uploads\/2026\/03\/DSC_0025-768x595.jpg 768w, https:\/\/www.delalumiereauxyeux-photo.fr\/wp-content\/uploads\/2026\/03\/DSC_0025-1536x1190.jpg 1536w, https:\/\/www.delalumiereauxyeux-photo.fr\/wp-content\/uploads\/2026\/03\/DSC_0025-2048x1587.jpg 2048w\" sizes=\"(max-width: 1024px) 100vw, 1024px\" \/><\/figure>\n\n\n\n<figure class=\"wp-block-image size-large\"><img loading=\"lazy\" decoding=\"async\" width=\"1024\" height=\"683\" src=\"http:\/\/www.delalumiereauxyeux-photo.fr\/wp-content\/uploads\/2026\/03\/DSC_4339-1024x683.jpg\" alt=\"34e rallye de la Vienne 2026 photographe De la lumi\u00e8re aux yeux\" class=\"wp-image-8918\" srcset=\"https:\/\/www.delalumiereauxyeux-photo.fr\/wp-content\/uploads\/2026\/03\/DSC_4339-1024x683.jpg 1024w, https:\/\/www.delalumiereauxyeux-photo.fr\/wp-content\/uploads\/2026\/03\/DSC_4339-300x200.jpg 300w, https:\/\/www.delalumiereauxyeux-photo.fr\/wp-content\/uploads\/2026\/03\/DSC_4339-768x512.jpg 768w, https:\/\/www.delalumiereauxyeux-photo.fr\/wp-content\/uploads\/2026\/03\/DSC_4339-1536x1024.jpg 1536w, https:\/\/www.delalumiereauxyeux-photo.fr\/wp-content\/uploads\/2026\/03\/DSC_4339-2048x1365.jpg 2048w\" sizes=\"(max-width: 1024px) 100vw, 1024px\" \/><\/figure>\n\n\n\n<figure class=\"wp-block-image size-large\"><img loading=\"lazy\" decoding=\"async\" width=\"683\" height=\"1024\" src=\"http:\/\/www.delalumiereauxyeux-photo.fr\/wp-content\/uploads\/2026\/03\/DSC_4344-683x1024.jpg\" alt=\"34e rallye de la Vienne 2026 photographe De la lumi\u00e8re aux yeux\" class=\"wp-image-8919\" srcset=\"https:\/\/www.delalumiereauxyeux-photo.fr\/wp-content\/uploads\/2026\/03\/DSC_4344-683x1024.jpg 683w, https:\/\/www.delalumiereauxyeux-photo.fr\/wp-content\/uploads\/2026\/03\/DSC_4344-200x300.jpg 200w, https:\/\/www.delalumiereauxyeux-photo.fr\/wp-content\/uploads\/2026\/03\/DSC_4344-768x1152.jpg 768w, https:\/\/www.delalumiereauxyeux-photo.fr\/wp-content\/uploads\/2026\/03\/DSC_4344-1024x1536.jpg 1024w, https:\/\/www.delalumiereauxyeux-photo.fr\/wp-content\/uploads\/2026\/03\/DSC_4344-1365x2048.jpg 1365w, https:\/\/www.delalumiereauxyeux-photo.fr\/wp-content\/uploads\/2026\/03\/DSC_4344-scaled.jpg 1707w\" sizes=\"(max-width: 683px) 100vw, 683px\" \/><\/figure>\n\n\n\n<figure class=\"wp-block-image size-large\"><img loading=\"lazy\" decoding=\"async\" width=\"1024\" height=\"683\" src=\"http:\/\/www.delalumiereauxyeux-photo.fr\/wp-content\/uploads\/2026\/03\/DSC_4355-1024x683.jpg\" alt=\"34e rallye de la Vienne 2026 photographe De la lumi\u00e8re aux yeux\" class=\"wp-image-8921\" srcset=\"https:\/\/www.delalumiereauxyeux-photo.fr\/wp-content\/uploads\/2026\/03\/DSC_4355-1024x683.jpg 1024w, https:\/\/www.delalumiereauxyeux-photo.fr\/wp-content\/uploads\/2026\/03\/DSC_4355-300x200.jpg 300w, https:\/\/www.delalumiereauxyeux-photo.fr\/wp-content\/uploads\/2026\/03\/DSC_4355-768x512.jpg 768w, https:\/\/www.delalumiereauxyeux-photo.fr\/wp-content\/uploads\/2026\/03\/DSC_4355-1536x1024.jpg 1536w, https:\/\/www.delalumiereauxyeux-photo.fr\/wp-content\/uploads\/2026\/03\/DSC_4355-2048x1365.jpg 2048w\" sizes=\"(max-width: 1024px) 100vw, 1024px\" \/><\/figure>\n\n\n\n<figure class=\"wp-block-image size-large\"><img loading=\"lazy\" decoding=\"async\" width=\"1024\" height=\"683\" src=\"http:\/\/www.delalumiereauxyeux-photo.fr\/wp-content\/uploads\/2026\/03\/DSC_0036-1024x683.jpg\" alt=\"34e rallye de la Vienne 2026 photographe De la lumi\u00e8re aux yeux\" class=\"wp-image-8922\" srcset=\"https:\/\/www.delalumiereauxyeux-photo.fr\/wp-content\/uploads\/2026\/03\/DSC_0036-1024x683.jpg 1024w, https:\/\/www.delalumiereauxyeux-photo.fr\/wp-content\/uploads\/2026\/03\/DSC_0036-300x200.jpg 300w, https:\/\/www.delalumiereauxyeux-photo.fr\/wp-content\/uploads\/2026\/03\/DSC_0036-768x512.jpg 768w, https:\/\/www.delalumiereauxyeux-photo.fr\/wp-content\/uploads\/2026\/03\/DSC_0036-1536x1024.jpg 1536w, https:\/\/www.delalumiereauxyeux-photo.fr\/wp-content\/uploads\/2026\/03\/DSC_0036-2048x1365.jpg 2048w\" sizes=\"(max-width: 1024px) 100vw, 1024px\" \/><\/figure>\n\n\n\n<figure class=\"wp-block-image size-large\"><img loading=\"lazy\" decoding=\"async\" width=\"1024\" height=\"727\" src=\"http:\/\/www.delalumiereauxyeux-photo.fr\/wp-content\/uploads\/2026\/03\/DSC_0044-1024x727.jpg\" alt=\"34e rallye de la Vienne 2026 photographe De la lumi\u00e8re aux yeux\" class=\"wp-image-8923\" srcset=\"https:\/\/www.delalumiereauxyeux-photo.fr\/wp-content\/uploads\/2026\/03\/DSC_0044-1024x727.jpg 1024w, https:\/\/www.delalumiereauxyeux-photo.fr\/wp-content\/uploads\/2026\/03\/DSC_0044-300x213.jpg 300w, https:\/\/www.delalumiereauxyeux-photo.fr\/wp-content\/uploads\/2026\/03\/DSC_0044-768x545.jpg 768w, https:\/\/www.delalumiereauxyeux-photo.fr\/wp-content\/uploads\/2026\/03\/DSC_0044-1536x1091.jpg 1536w, https:\/\/www.delalumiereauxyeux-photo.fr\/wp-content\/uploads\/2026\/03\/DSC_0044-2048x1455.jpg 2048w\" sizes=\"(max-width: 1024px) 100vw, 1024px\" \/><\/figure>\n\n\n\n<figure class=\"wp-block-image size-large\"><img loading=\"lazy\" decoding=\"async\" width=\"1024\" height=\"683\" src=\"http:\/\/www.delalumiereauxyeux-photo.fr\/wp-content\/uploads\/2026\/03\/DSC_0051-1024x683.jpg\" alt=\"34e rallye de la Vienne 2026 photographe De la lumi\u00e8re aux yeux\" class=\"wp-image-8924\" srcset=\"https:\/\/www.delalumiereauxyeux-photo.fr\/wp-content\/uploads\/2026\/03\/DSC_0051-1024x683.jpg 1024w, https:\/\/www.delalumiereauxyeux-photo.fr\/wp-content\/uploads\/2026\/03\/DSC_0051-300x200.jpg 300w, https:\/\/www.delalumiereauxyeux-photo.fr\/wp-content\/uploads\/2026\/03\/DSC_0051-768x512.jpg 768w, https:\/\/www.delalumiereauxyeux-photo.fr\/wp-content\/uploads\/2026\/03\/DSC_0051-1536x1024.jpg 1536w, https:\/\/www.delalumiereauxyeux-photo.fr\/wp-content\/uploads\/2026\/03\/DSC_0051-2048x1365.jpg 2048w\" sizes=\"(max-width: 1024px) 100vw, 1024px\" \/><\/figure>\n\n\n\n<figure class=\"wp-block-image size-large\"><img loading=\"lazy\" decoding=\"async\" width=\"1024\" height=\"683\" src=\"http:\/\/www.delalumiereauxyeux-photo.fr\/wp-content\/uploads\/2026\/03\/DSC_0055-1024x683.jpg\" alt=\"34e rallye de la Vienne 2026 photographe De la lumi\u00e8re aux yeux\" class=\"wp-image-8925\" srcset=\"https:\/\/www.delalumiereauxyeux-photo.fr\/wp-content\/uploads\/2026\/03\/DSC_0055-1024x683.jpg 1024w, https:\/\/www.delalumiereauxyeux-photo.fr\/wp-content\/uploads\/2026\/03\/DSC_0055-300x200.jpg 300w, https:\/\/www.delalumiereauxyeux-photo.fr\/wp-content\/uploads\/2026\/03\/DSC_0055-768x512.jpg 768w, https:\/\/www.delalumiereauxyeux-photo.fr\/wp-content\/uploads\/2026\/03\/DSC_0055-1536x1024.jpg 1536w, https:\/\/www.delalumiereauxyeux-photo.fr\/wp-content\/uploads\/2026\/03\/DSC_0055-2048x1365.jpg 2048w\" sizes=\"(max-width: 1024px) 100vw, 1024px\" \/><\/figure>\n\n\n\n<figure class=\"wp-block-image size-large\"><img loading=\"lazy\" decoding=\"async\" width=\"1024\" height=\"591\" src=\"http:\/\/www.delalumiereauxyeux-photo.fr\/wp-content\/uploads\/2026\/03\/DSC_0056-1024x591.jpg\" alt=\"34e rallye de la Vienne 2026 photographe De la lumi\u00e8re aux yeux\" class=\"wp-image-8926\" srcset=\"https:\/\/www.delalumiereauxyeux-photo.fr\/wp-content\/uploads\/2026\/03\/DSC_0056-1024x591.jpg 1024w, https:\/\/www.delalumiereauxyeux-photo.fr\/wp-content\/uploads\/2026\/03\/DSC_0056-300x173.jpg 300w, https:\/\/www.delalumiereauxyeux-photo.fr\/wp-content\/uploads\/2026\/03\/DSC_0056-768x443.jpg 768w, https:\/\/www.delalumiereauxyeux-photo.fr\/wp-content\/uploads\/2026\/03\/DSC_0056-1536x887.jpg 1536w, https:\/\/www.delalumiereauxyeux-photo.fr\/wp-content\/uploads\/2026\/03\/DSC_0056-2048x1182.jpg 2048w\" sizes=\"(max-width: 1024px) 100vw, 1024px\" \/><\/figure>\n\n\n\n<figure class=\"wp-block-image size-large\"><img loading=\"lazy\" decoding=\"async\" width=\"1024\" height=\"683\" src=\"http:\/\/www.delalumiereauxyeux-photo.fr\/wp-content\/uploads\/2026\/03\/DSC_0058-1024x683.jpg\" alt=\"34e rallye de la Vienne 2026 photographe De la lumi\u00e8re aux yeux\" class=\"wp-image-8927\" srcset=\"https:\/\/www.delalumiereauxyeux-photo.fr\/wp-content\/uploads\/2026\/03\/DSC_0058-1024x683.jpg 1024w, https:\/\/www.delalumiereauxyeux-photo.fr\/wp-content\/uploads\/2026\/03\/DSC_0058-300x200.jpg 300w, https:\/\/www.delalumiereauxyeux-photo.fr\/wp-content\/uploads\/2026\/03\/DSC_0058-768x512.jpg 768w, https:\/\/www.delalumiereauxyeux-photo.fr\/wp-content\/uploads\/2026\/03\/DSC_0058-1536x1024.jpg 1536w, https:\/\/www.delalumiereauxyeux-photo.fr\/wp-content\/uploads\/2026\/03\/DSC_0058-2048x1365.jpg 2048w\" sizes=\"(max-width: 1024px) 100vw, 1024px\" \/><\/figure>\n\n\n\n<figure class=\"wp-block-image size-large\"><img loading=\"lazy\" decoding=\"async\" width=\"1024\" height=\"683\" src=\"http:\/\/www.delalumiereauxyeux-photo.fr\/wp-content\/uploads\/2026\/03\/DSC_0060-1024x683.jpg\" alt=\"34e rallye de la Vienne 2026 photographe De la lumi\u00e8re aux yeux\" class=\"wp-image-8928\" srcset=\"https:\/\/www.delalumiereauxyeux-photo.fr\/wp-content\/uploads\/2026\/03\/DSC_0060-1024x683.jpg 1024w, https:\/\/www.delalumiereauxyeux-photo.fr\/wp-content\/uploads\/2026\/03\/DSC_0060-300x200.jpg 300w, https:\/\/www.delalumiereauxyeux-photo.fr\/wp-content\/uploads\/2026\/03\/DSC_0060-768x512.jpg 768w, https:\/\/www.delalumiereauxyeux-photo.fr\/wp-content\/uploads\/2026\/03\/DSC_0060-1536x1024.jpg 1536w, https:\/\/www.delalumiereauxyeux-photo.fr\/wp-content\/uploads\/2026\/03\/DSC_0060-2048x1365.jpg 2048w\" sizes=\"(max-width: 1024px) 100vw, 1024px\" \/><\/figure>\n\n\n\n<figure class=\"wp-block-image size-large\"><img loading=\"lazy\" decoding=\"async\" width=\"683\" height=\"1024\" src=\"http:\/\/www.delalumiereauxyeux-photo.fr\/wp-content\/uploads\/2026\/03\/DSC_4385-683x1024.jpg\" alt=\"34e rallye de la Vienne 2026 photographe De la lumi\u00e8re aux yeux\" class=\"wp-image-8929\" srcset=\"https:\/\/www.delalumiereauxyeux-photo.fr\/wp-content\/uploads\/2026\/03\/DSC_4385-683x1024.jpg 683w, https:\/\/www.delalumiereauxyeux-photo.fr\/wp-content\/uploads\/2026\/03\/DSC_4385-200x300.jpg 200w, https:\/\/www.delalumiereauxyeux-photo.fr\/wp-content\/uploads\/2026\/03\/DSC_4385-768x1152.jpg 768w, https:\/\/www.delalumiereauxyeux-photo.fr\/wp-content\/uploads\/2026\/03\/DSC_4385-1024x1536.jpg 1024w, https:\/\/www.delalumiereauxyeux-photo.fr\/wp-content\/uploads\/2026\/03\/DSC_4385-1365x2048.jpg 1365w, https:\/\/www.delalumiereauxyeux-photo.fr\/wp-content\/uploads\/2026\/03\/DSC_4385-scaled.jpg 1707w\" sizes=\"(max-width: 683px) 100vw, 683px\" \/><\/figure>\n\n\n\n<figure class=\"wp-block-image size-large\"><img loading=\"lazy\" decoding=\"async\" width=\"1024\" height=\"683\" src=\"http:\/\/www.delalumiereauxyeux-photo.fr\/wp-content\/uploads\/2026\/03\/DSC_4390-1024x683.jpg\" alt=\"34e rallye de la Vienne 2026 photographe De la lumi\u00e8re aux yeux\" class=\"wp-image-8930\" srcset=\"https:\/\/www.delalumiereauxyeux-photo.fr\/wp-content\/uploads\/2026\/03\/DSC_4390-1024x683.jpg 1024w, https:\/\/www.delalumiereauxyeux-photo.fr\/wp-content\/uploads\/2026\/03\/DSC_4390-300x200.jpg 300w, https:\/\/www.delalumiereauxyeux-photo.fr\/wp-content\/uploads\/2026\/03\/DSC_4390-768x512.jpg 768w, https:\/\/www.delalumiereauxyeux-photo.fr\/wp-content\/uploads\/2026\/03\/DSC_4390-1536x1024.jpg 1536w, https:\/\/www.delalumiereauxyeux-photo.fr\/wp-content\/uploads\/2026\/03\/DSC_4390-2048x1365.jpg 2048w\" sizes=\"(max-width: 1024px) 100vw, 1024px\" \/><\/figure>\n\n\n\n<figure class=\"wp-block-image size-large\"><img loading=\"lazy\" decoding=\"async\" width=\"1024\" height=\"683\" src=\"http:\/\/www.delalumiereauxyeux-photo.fr\/wp-content\/uploads\/2026\/03\/DSC_0070-1024x683.jpg\" alt=\"34e rallye de la Vienne 2026 photographe De la lumi\u00e8re aux yeux\" class=\"wp-image-8931\" srcset=\"https:\/\/www.delalumiereauxyeux-photo.fr\/wp-content\/uploads\/2026\/03\/DSC_0070-1024x683.jpg 1024w, https:\/\/www.delalumiereauxyeux-photo.fr\/wp-content\/uploads\/2026\/03\/DSC_0070-300x200.jpg 300w, https:\/\/www.delalumiereauxyeux-photo.fr\/wp-content\/uploads\/2026\/03\/DSC_0070-768x512.jpg 768w, https:\/\/www.delalumiereauxyeux-photo.fr\/wp-content\/uploads\/2026\/03\/DSC_0070-1536x1024.jpg 1536w, https:\/\/www.delalumiereauxyeux-photo.fr\/wp-content\/uploads\/2026\/03\/DSC_0070-2048x1365.jpg 2048w\" sizes=\"(max-width: 1024px) 100vw, 1024px\" \/><\/figure>\n\n\n\n<figure class=\"wp-block-image size-large\"><img loading=\"lazy\" decoding=\"async\" width=\"994\" height=\"1024\" src=\"http:\/\/www.delalumiereauxyeux-photo.fr\/wp-content\/uploads\/2026\/03\/DSC_4400-994x1024.jpg\" alt=\"34e rallye de la Vienne 2026 photographe De la lumi\u00e8re aux yeux\" class=\"wp-image-8932\" srcset=\"https:\/\/www.delalumiereauxyeux-photo.fr\/wp-content\/uploads\/2026\/03\/DSC_4400-994x1024.jpg 994w, https:\/\/www.delalumiereauxyeux-photo.fr\/wp-content\/uploads\/2026\/03\/DSC_4400-291x300.jpg 291w, https:\/\/www.delalumiereauxyeux-photo.fr\/wp-content\/uploads\/2026\/03\/DSC_4400-768x791.jpg 768w, https:\/\/www.delalumiereauxyeux-photo.fr\/wp-content\/uploads\/2026\/03\/DSC_4400-1490x1536.jpg 1490w, https:\/\/www.delalumiereauxyeux-photo.fr\/wp-content\/uploads\/2026\/03\/DSC_4400-1987x2048.jpg 1987w\" sizes=\"(max-width: 994px) 100vw, 994px\" \/><\/figure>\n\n\n\n<figure class=\"wp-block-image size-large\"><img loading=\"lazy\" decoding=\"async\" width=\"1024\" height=\"683\" src=\"http:\/\/www.delalumiereauxyeux-photo.fr\/wp-content\/uploads\/2026\/03\/DSC_0075-1024x683.jpg\" alt=\"34e rallye de la Vienne 2026 photographe De la lumi\u00e8re aux yeux\" class=\"wp-image-8933\" srcset=\"https:\/\/www.delalumiereauxyeux-photo.fr\/wp-content\/uploads\/2026\/03\/DSC_0075-1024x683.jpg 1024w, https:\/\/www.delalumiereauxyeux-photo.fr\/wp-content\/uploads\/2026\/03\/DSC_0075-300x200.jpg 300w, https:\/\/www.delalumiereauxyeux-photo.fr\/wp-content\/uploads\/2026\/03\/DSC_0075-768x512.jpg 768w, https:\/\/www.delalumiereauxyeux-photo.fr\/wp-content\/uploads\/2026\/03\/DSC_0075-1536x1024.jpg 1536w, https:\/\/www.delalumiereauxyeux-photo.fr\/wp-content\/uploads\/2026\/03\/DSC_0075-2048x1365.jpg 2048w\" sizes=\"(max-width: 1024px) 100vw, 1024px\" \/><\/figure>\n\n\n\n<figure class=\"wp-block-image size-large\"><img loading=\"lazy\" decoding=\"async\" width=\"1024\" height=\"683\" src=\"http:\/\/www.delalumiereauxyeux-photo.fr\/wp-content\/uploads\/2026\/03\/DSC_4410-1024x683.jpg\" alt=\"34e rallye de la Vienne 2026 photographe De la lumi\u00e8re aux yeux\" class=\"wp-image-8934\" srcset=\"https:\/\/www.delalumiereauxyeux-photo.fr\/wp-content\/uploads\/2026\/03\/DSC_4410-1024x683.jpg 1024w, https:\/\/www.delalumiereauxyeux-photo.fr\/wp-content\/uploads\/2026\/03\/DSC_4410-300x200.jpg 300w, https:\/\/www.delalumiereauxyeux-photo.fr\/wp-content\/uploads\/2026\/03\/DSC_4410-768x512.jpg 768w, https:\/\/www.delalumiereauxyeux-photo.fr\/wp-content\/uploads\/2026\/03\/DSC_4410-1536x1024.jpg 1536w, https:\/\/www.delalumiereauxyeux-photo.fr\/wp-content\/uploads\/2026\/03\/DSC_4410-2048x1365.jpg 2048w\" sizes=\"(max-width: 1024px) 100vw, 1024px\" \/><\/figure>\n\n\n\n<figure class=\"wp-block-image size-large\"><img loading=\"lazy\" decoding=\"async\" width=\"1024\" height=\"683\" src=\"http:\/\/www.delalumiereauxyeux-photo.fr\/wp-content\/uploads\/2026\/03\/DSC_4418-1024x683.jpg\" alt=\"34e rallye de la Vienne 2026 photographe De la lumi\u00e8re aux yeux\" class=\"wp-image-8935\" srcset=\"https:\/\/www.delalumiereauxyeux-photo.fr\/wp-content\/uploads\/2026\/03\/DSC_4418-1024x683.jpg 1024w, https:\/\/www.delalumiereauxyeux-photo.fr\/wp-content\/uploads\/2026\/03\/DSC_4418-300x200.jpg 300w, https:\/\/www.delalumiereauxyeux-photo.fr\/wp-content\/uploads\/2026\/03\/DSC_4418-768x512.jpg 768w, https:\/\/www.delalumiereauxyeux-photo.fr\/wp-content\/uploads\/2026\/03\/DSC_4418-1536x1024.jpg 1536w, https:\/\/www.delalumiereauxyeux-photo.fr\/wp-content\/uploads\/2026\/03\/DSC_4418-2048x1365.jpg 2048w\" sizes=\"(max-width: 1024px) 100vw, 1024px\" \/><\/figure>\n\n\n\n<figure class=\"wp-block-image size-large\"><img loading=\"lazy\" decoding=\"async\" width=\"808\" height=\"1024\" src=\"http:\/\/www.delalumiereauxyeux-photo.fr\/wp-content\/uploads\/2026\/03\/DSC_4431-808x1024.jpg\" alt=\"34e rallye de la Vienne 2026 photographe De la lumi\u00e8re aux yeux\" class=\"wp-image-8936\" srcset=\"https:\/\/www.delalumiereauxyeux-photo.fr\/wp-content\/uploads\/2026\/03\/DSC_4431-808x1024.jpg 808w, https:\/\/www.delalumiereauxyeux-photo.fr\/wp-content\/uploads\/2026\/03\/DSC_4431-237x300.jpg 237w, https:\/\/www.delalumiereauxyeux-photo.fr\/wp-content\/uploads\/2026\/03\/DSC_4431-768x974.jpg 768w, https:\/\/www.delalumiereauxyeux-photo.fr\/wp-content\/uploads\/2026\/03\/DSC_4431-1211x1536.jpg 1211w, https:\/\/www.delalumiereauxyeux-photo.fr\/wp-content\/uploads\/2026\/03\/DSC_4431-1615x2048.jpg 1615w, https:\/\/www.delalumiereauxyeux-photo.fr\/wp-content\/uploads\/2026\/03\/DSC_4431-scaled.jpg 2019w\" sizes=\"(max-width: 808px) 100vw, 808px\" \/><\/figure>\n\n\n\n<figure class=\"wp-block-image size-large\"><img loading=\"lazy\" decoding=\"async\" width=\"1024\" height=\"683\" src=\"http:\/\/www.delalumiereauxyeux-photo.fr\/wp-content\/uploads\/2026\/03\/DSC_4437-1024x683.jpg\" alt=\"34e rallye de la Vienne 2026 photographe De la lumi\u00e8re aux yeux\" class=\"wp-image-8937\" srcset=\"https:\/\/www.delalumiereauxyeux-photo.fr\/wp-content\/uploads\/2026\/03\/DSC_4437-1024x683.jpg 1024w, https:\/\/www.delalumiereauxyeux-photo.fr\/wp-content\/uploads\/2026\/03\/DSC_4437-300x200.jpg 300w, https:\/\/www.delalumiereauxyeux-photo.fr\/wp-content\/uploads\/2026\/03\/DSC_4437-768x512.jpg 768w, https:\/\/www.delalumiereauxyeux-photo.fr\/wp-content\/uploads\/2026\/03\/DSC_4437-1536x1024.jpg 1536w, https:\/\/www.delalumiereauxyeux-photo.fr\/wp-content\/uploads\/2026\/03\/DSC_4437-2048x1365.jpg 2048w\" sizes=\"(max-width: 1024px) 100vw, 1024px\" \/><\/figure>\n\n\n\n<figure class=\"wp-block-image size-large\"><img loading=\"lazy\" decoding=\"async\" width=\"1024\" height=\"683\" src=\"http:\/\/www.delalumiereauxyeux-photo.fr\/wp-content\/uploads\/2026\/03\/DSC_0089-1024x683.jpg\" alt=\"34e rallye de la Vienne 2026 photographe De la lumi\u00e8re aux yeux\" class=\"wp-image-8938\" srcset=\"https:\/\/www.delalumiereauxyeux-photo.fr\/wp-content\/uploads\/2026\/03\/DSC_0089-1024x683.jpg 1024w, https:\/\/www.delalumiereauxyeux-photo.fr\/wp-content\/uploads\/2026\/03\/DSC_0089-300x200.jpg 300w, https:\/\/www.delalumiereauxyeux-photo.fr\/wp-content\/uploads\/2026\/03\/DSC_0089-768x512.jpg 768w, https:\/\/www.delalumiereauxyeux-photo.fr\/wp-content\/uploads\/2026\/03\/DSC_0089-1536x1024.jpg 1536w, https:\/\/www.delalumiereauxyeux-photo.fr\/wp-content\/uploads\/2026\/03\/DSC_0089-2048x1365.jpg 2048w\" sizes=\"(max-width: 1024px) 100vw, 1024px\" \/><\/figure>\n\n\n\n<figure class=\"wp-block-image size-large\"><img loading=\"lazy\" decoding=\"async\" width=\"1024\" height=\"683\" src=\"http:\/\/www.delalumiereauxyeux-photo.fr\/wp-content\/uploads\/2026\/03\/DSC_4446-1024x683.jpg\" alt=\"34e rallye de la Vienne 2026 photographe De la lumi\u00e8re aux yeux\" class=\"wp-image-8939\" srcset=\"https:\/\/www.delalumiereauxyeux-photo.fr\/wp-content\/uploads\/2026\/03\/DSC_4446-1024x683.jpg 1024w, https:\/\/www.delalumiereauxyeux-photo.fr\/wp-content\/uploads\/2026\/03\/DSC_4446-300x200.jpg 300w, https:\/\/www.delalumiereauxyeux-photo.fr\/wp-content\/uploads\/2026\/03\/DSC_4446-768x512.jpg 768w, https:\/\/www.delalumiereauxyeux-photo.fr\/wp-content\/uploads\/2026\/03\/DSC_4446-1536x1024.jpg 1536w, https:\/\/www.delalumiereauxyeux-photo.fr\/wp-content\/uploads\/2026\/03\/DSC_4446-2048x1365.jpg 2048w\" sizes=\"(max-width: 1024px) 100vw, 1024px\" \/><\/figure>\n\n\n\n<figure class=\"wp-block-image size-large\"><img loading=\"lazy\" decoding=\"async\" width=\"1024\" height=\"683\" src=\"http:\/\/www.delalumiereauxyeux-photo.fr\/wp-content\/uploads\/2026\/03\/DSC_4468-1024x683.jpg\" alt=\"34e rallye de la Vienne 2026 photographe De la lumi\u00e8re aux yeux\" class=\"wp-image-8940\" srcset=\"https:\/\/www.delalumiereauxyeux-photo.fr\/wp-content\/uploads\/2026\/03\/DSC_4468-1024x683.jpg 1024w, https:\/\/www.delalumiereauxyeux-photo.fr\/wp-content\/uploads\/2026\/03\/DSC_4468-300x200.jpg 300w, https:\/\/www.delalumiereauxyeux-photo.fr\/wp-content\/uploads\/2026\/03\/DSC_4468-768x512.jpg 768w, https:\/\/www.delalumiereauxyeux-photo.fr\/wp-content\/uploads\/2026\/03\/DSC_4468-1536x1024.jpg 1536w, https:\/\/www.delalumiereauxyeux-photo.fr\/wp-content\/uploads\/2026\/03\/DSC_4468-2048x1365.jpg 2048w\" sizes=\"(max-width: 1024px) 100vw, 1024px\" \/><\/figure>\n\n\n\n<p>ES 4<\/p>\n\n\n\n<figure class=\"wp-block-image size-large\"><img loading=\"lazy\" decoding=\"async\" width=\"1024\" height=\"683\" src=\"http:\/\/www.delalumiereauxyeux-photo.fr\/wp-content\/uploads\/2026\/03\/DSC_0106-1024x683.jpg\" alt=\"34e rallye de la Vienne 2026 photographe De la lumi\u00e8re aux yeux\" class=\"wp-image-8941\" srcset=\"https:\/\/www.delalumiereauxyeux-photo.fr\/wp-content\/uploads\/2026\/03\/DSC_0106-1024x683.jpg 1024w, https:\/\/www.delalumiereauxyeux-photo.fr\/wp-content\/uploads\/2026\/03\/DSC_0106-300x200.jpg 300w, https:\/\/www.delalumiereauxyeux-photo.fr\/wp-content\/uploads\/2026\/03\/DSC_0106-768x512.jpg 768w, https:\/\/www.delalumiereauxyeux-photo.fr\/wp-content\/uploads\/2026\/03\/DSC_0106-1536x1024.jpg 1536w, https:\/\/www.delalumiereauxyeux-photo.fr\/wp-content\/uploads\/2026\/03\/DSC_0106-2048x1365.jpg 2048w\" sizes=\"(max-width: 1024px) 100vw, 1024px\" \/><\/figure>\n\n\n\n<figure class=\"wp-block-image size-large\"><img loading=\"lazy\" decoding=\"async\" width=\"1024\" height=\"683\" src=\"http:\/\/www.delalumiereauxyeux-photo.fr\/wp-content\/uploads\/2026\/03\/DSC_0130-1024x683.jpg\" alt=\"34e rallye de la Vienne 2026 photographe De la lumi\u00e8re aux yeux\" class=\"wp-image-8942\" srcset=\"https:\/\/www.delalumiereauxyeux-photo.fr\/wp-content\/uploads\/2026\/03\/DSC_0130-1024x683.jpg 1024w, https:\/\/www.delalumiereauxyeux-photo.fr\/wp-content\/uploads\/2026\/03\/DSC_0130-300x200.jpg 300w, https:\/\/www.delalumiereauxyeux-photo.fr\/wp-content\/uploads\/2026\/03\/DSC_0130-768x512.jpg 768w, https:\/\/www.delalumiereauxyeux-photo.fr\/wp-content\/uploads\/2026\/03\/DSC_0130-1536x1024.jpg 1536w, https:\/\/www.delalumiereauxyeux-photo.fr\/wp-content\/uploads\/2026\/03\/DSC_0130-2048x1365.jpg 2048w\" sizes=\"(max-width: 1024px) 100vw, 1024px\" \/><\/figure>\n\n\n\n<figure class=\"wp-block-image size-large\"><img loading=\"lazy\" decoding=\"async\" width=\"1024\" height=\"505\" src=\"http:\/\/www.delalumiereauxyeux-photo.fr\/wp-content\/uploads\/2026\/03\/DSC_0148-1024x505.jpg\" alt=\"34e rallye de la Vienne 2026 photographe De la lumi\u00e8re aux yeux\" class=\"wp-image-8943\" srcset=\"https:\/\/www.delalumiereauxyeux-photo.fr\/wp-content\/uploads\/2026\/03\/DSC_0148-1024x505.jpg 1024w, https:\/\/www.delalumiereauxyeux-photo.fr\/wp-content\/uploads\/2026\/03\/DSC_0148-300x148.jpg 300w, https:\/\/www.delalumiereauxyeux-photo.fr\/wp-content\/uploads\/2026\/03\/DSC_0148-768x379.jpg 768w, https:\/\/www.delalumiereauxyeux-photo.fr\/wp-content\/uploads\/2026\/03\/DSC_0148-1536x758.jpg 1536w, https:\/\/www.delalumiereauxyeux-photo.fr\/wp-content\/uploads\/2026\/03\/DSC_0148-2048x1011.jpg 2048w\" sizes=\"(max-width: 1024px) 100vw, 1024px\" \/><\/figure>\n\n\n\n<figure class=\"wp-block-image size-large\"><img loading=\"lazy\" decoding=\"async\" width=\"1024\" height=\"534\" src=\"http:\/\/www.delalumiereauxyeux-photo.fr\/wp-content\/uploads\/2026\/03\/DSC_0149-1024x534.jpg\" alt=\"34e rallye de la Vienne 2026 photographe De la lumi\u00e8re aux yeux\" class=\"wp-image-8944\" srcset=\"https:\/\/www.delalumiereauxyeux-photo.fr\/wp-content\/uploads\/2026\/03\/DSC_0149-1024x534.jpg 1024w, https:\/\/www.delalumiereauxyeux-photo.fr\/wp-content\/uploads\/2026\/03\/DSC_0149-300x156.jpg 300w, https:\/\/www.delalumiereauxyeux-photo.fr\/wp-content\/uploads\/2026\/03\/DSC_0149-768x400.jpg 768w, https:\/\/www.delalumiereauxyeux-photo.fr\/wp-content\/uploads\/2026\/03\/DSC_0149-1536x801.jpg 1536w, https:\/\/www.delalumiereauxyeux-photo.fr\/wp-content\/uploads\/2026\/03\/DSC_0149-2048x1067.jpg 2048w\" sizes=\"(max-width: 1024px) 100vw, 1024px\" \/><\/figure>\n\n\n\n<figure class=\"wp-block-image size-large\"><img loading=\"lazy\" decoding=\"async\" width=\"1024\" height=\"525\" src=\"http:\/\/www.delalumiereauxyeux-photo.fr\/wp-content\/uploads\/2026\/03\/DSC_0160-1024x525.jpg\" alt=\"34e rallye de la Vienne 2026 photographe De la lumi\u00e8re aux yeux\" class=\"wp-image-8945\" srcset=\"https:\/\/www.delalumiereauxyeux-photo.fr\/wp-content\/uploads\/2026\/03\/DSC_0160-1024x525.jpg 1024w, https:\/\/www.delalumiereauxyeux-photo.fr\/wp-content\/uploads\/2026\/03\/DSC_0160-300x154.jpg 300w, https:\/\/www.delalumiereauxyeux-photo.fr\/wp-content\/uploads\/2026\/03\/DSC_0160-768x394.jpg 768w, https:\/\/www.delalumiereauxyeux-photo.fr\/wp-content\/uploads\/2026\/03\/DSC_0160-1536x788.jpg 1536w, https:\/\/www.delalumiereauxyeux-photo.fr\/wp-content\/uploads\/2026\/03\/DSC_0160-2048x1051.jpg 2048w\" sizes=\"(max-width: 1024px) 100vw, 1024px\" \/><\/figure>\n\n\n\n<figure class=\"wp-block-image size-large\"><img loading=\"lazy\" decoding=\"async\" width=\"1024\" height=\"589\" src=\"http:\/\/www.delalumiereauxyeux-photo.fr\/wp-content\/uploads\/2026\/03\/DSC_0166-1024x589.jpg\" alt=\"34e rallye de la Vienne 2026 photographe De la lumi\u00e8re aux yeux\" class=\"wp-image-8946\" srcset=\"https:\/\/www.delalumiereauxyeux-photo.fr\/wp-content\/uploads\/2026\/03\/DSC_0166-1024x589.jpg 1024w, https:\/\/www.delalumiereauxyeux-photo.fr\/wp-content\/uploads\/2026\/03\/DSC_0166-300x173.jpg 300w, https:\/\/www.delalumiereauxyeux-photo.fr\/wp-content\/uploads\/2026\/03\/DSC_0166-768x442.jpg 768w, https:\/\/www.delalumiereauxyeux-photo.fr\/wp-content\/uploads\/2026\/03\/DSC_0166-1536x884.jpg 1536w, https:\/\/www.delalumiereauxyeux-photo.fr\/wp-content\/uploads\/2026\/03\/DSC_0166-2048x1178.jpg 2048w\" sizes=\"(max-width: 1024px) 100vw, 1024px\" \/><\/figure>\n\n\n\n<figure class=\"wp-block-image size-large\"><img loading=\"lazy\" decoding=\"async\" width=\"1024\" height=\"683\" src=\"http:\/\/www.delalumiereauxyeux-photo.fr\/wp-content\/uploads\/2026\/03\/DSC_0172-1024x683.jpg\" alt=\"34e rallye de la Vienne 2026 photographe De la lumi\u00e8re aux yeux\" class=\"wp-image-8947\" srcset=\"https:\/\/www.delalumiereauxyeux-photo.fr\/wp-content\/uploads\/2026\/03\/DSC_0172-1024x683.jpg 1024w, https:\/\/www.delalumiereauxyeux-photo.fr\/wp-content\/uploads\/2026\/03\/DSC_0172-300x200.jpg 300w, https:\/\/www.delalumiereauxyeux-photo.fr\/wp-content\/uploads\/2026\/03\/DSC_0172-768x512.jpg 768w, https:\/\/www.delalumiereauxyeux-photo.fr\/wp-content\/uploads\/2026\/03\/DSC_0172-1536x1024.jpg 1536w, https:\/\/www.delalumiereauxyeux-photo.fr\/wp-content\/uploads\/2026\/03\/DSC_0172-2048x1365.jpg 2048w\" sizes=\"(max-width: 1024px) 100vw, 1024px\" \/><\/figure>\n\n\n\n<figure class=\"wp-block-image size-large\"><img loading=\"lazy\" decoding=\"async\" width=\"1024\" height=\"683\" src=\"http:\/\/www.delalumiereauxyeux-photo.fr\/wp-content\/uploads\/2026\/03\/DSC_0181-1024x683.jpg\" alt=\"34e rallye de la Vienne 2026 photographe De la lumi\u00e8re aux yeux\" class=\"wp-image-8948\" srcset=\"https:\/\/www.delalumiereauxyeux-photo.fr\/wp-content\/uploads\/2026\/03\/DSC_0181-1024x683.jpg 1024w, https:\/\/www.delalumiereauxyeux-photo.fr\/wp-content\/uploads\/2026\/03\/DSC_0181-300x200.jpg 300w, https:\/\/www.delalumiereauxyeux-photo.fr\/wp-content\/uploads\/2026\/03\/DSC_0181-768x512.jpg 768w, https:\/\/www.delalumiereauxyeux-photo.fr\/wp-content\/uploads\/2026\/03\/DSC_0181-1536x1024.jpg 1536w, https:\/\/www.delalumiereauxyeux-photo.fr\/wp-content\/uploads\/2026\/03\/DSC_0181-2048x1365.jpg 2048w\" sizes=\"(max-width: 1024px) 100vw, 1024px\" \/><\/figure>\n\n\n\n<figure class=\"wp-block-image size-large\"><img loading=\"lazy\" decoding=\"async\" width=\"1024\" height=\"534\" src=\"http:\/\/www.delalumiereauxyeux-photo.fr\/wp-content\/uploads\/2026\/03\/DSC_0205-1024x534.jpg\" alt=\"34e rallye de la Vienne 2026 photographe De la lumi\u00e8re aux yeux\" class=\"wp-image-8949\" srcset=\"https:\/\/www.delalumiereauxyeux-photo.fr\/wp-content\/uploads\/2026\/03\/DSC_0205-1024x534.jpg 1024w, https:\/\/www.delalumiereauxyeux-photo.fr\/wp-content\/uploads\/2026\/03\/DSC_0205-300x156.jpg 300w, https:\/\/www.delalumiereauxyeux-photo.fr\/wp-content\/uploads\/2026\/03\/DSC_0205-768x400.jpg 768w, https:\/\/www.delalumiereauxyeux-photo.fr\/wp-content\/uploads\/2026\/03\/DSC_0205-1536x801.jpg 1536w, https:\/\/www.delalumiereauxyeux-photo.fr\/wp-content\/uploads\/2026\/03\/DSC_0205-2048x1067.jpg 2048w\" sizes=\"(max-width: 1024px) 100vw, 1024px\" \/><\/figure>\n\n\n\n<figure class=\"wp-block-image size-large\"><img loading=\"lazy\" decoding=\"async\" width=\"1024\" height=\"683\" src=\"http:\/\/www.delalumiereauxyeux-photo.fr\/wp-content\/uploads\/2026\/03\/DSC_0208-1024x683.jpg\" alt=\"34e rallye de la Vienne 2026 photographe De la lumi\u00e8re aux yeux\" class=\"wp-image-8950\" srcset=\"https:\/\/www.delalumiereauxyeux-photo.fr\/wp-content\/uploads\/2026\/03\/DSC_0208-1024x683.jpg 1024w, https:\/\/www.delalumiereauxyeux-photo.fr\/wp-content\/uploads\/2026\/03\/DSC_0208-300x200.jpg 300w, https:\/\/www.delalumiereauxyeux-photo.fr\/wp-content\/uploads\/2026\/03\/DSC_0208-768x512.jpg 768w, https:\/\/www.delalumiereauxyeux-photo.fr\/wp-content\/uploads\/2026\/03\/DSC_0208-1536x1024.jpg 1536w, https:\/\/www.delalumiereauxyeux-photo.fr\/wp-content\/uploads\/2026\/03\/DSC_0208-2048x1365.jpg 2048w\" sizes=\"(max-width: 1024px) 100vw, 1024px\" \/><\/figure>\n\n\n\n<figure class=\"wp-block-image size-large\"><img loading=\"lazy\" decoding=\"async\" width=\"1024\" height=\"683\" src=\"http:\/\/www.delalumiereauxyeux-photo.fr\/wp-content\/uploads\/2026\/03\/DSC_0237-1024x683.jpg\" alt=\"34e rallye de la Vienne 2026 photographe De la lumi\u00e8re aux yeux\" class=\"wp-image-8951\" srcset=\"https:\/\/www.delalumiereauxyeux-photo.fr\/wp-content\/uploads\/2026\/03\/DSC_0237-1024x683.jpg 1024w, https:\/\/www.delalumiereauxyeux-photo.fr\/wp-content\/uploads\/2026\/03\/DSC_0237-300x200.jpg 300w, https:\/\/www.delalumiereauxyeux-photo.fr\/wp-content\/uploads\/2026\/03\/DSC_0237-768x512.jpg 768w, https:\/\/www.delalumiereauxyeux-photo.fr\/wp-content\/uploads\/2026\/03\/DSC_0237-1536x1024.jpg 1536w, https:\/\/www.delalumiereauxyeux-photo.fr\/wp-content\/uploads\/2026\/03\/DSC_0237-2048x1365.jpg 2048w\" sizes=\"(max-width: 1024px) 100vw, 1024px\" \/><\/figure>\n\n\n\n<figure class=\"wp-block-image size-large\"><img loading=\"lazy\" decoding=\"async\" width=\"1024\" height=\"525\" src=\"http:\/\/www.delalumiereauxyeux-photo.fr\/wp-content\/uploads\/2026\/03\/DSC_0240-1024x525.jpg\" alt=\"34e rallye de la Vienne 2026 photographe De la lumi\u00e8re aux yeux\" class=\"wp-image-8952\" srcset=\"https:\/\/www.delalumiereauxyeux-photo.fr\/wp-content\/uploads\/2026\/03\/DSC_0240-1024x525.jpg 1024w, https:\/\/www.delalumiereauxyeux-photo.fr\/wp-content\/uploads\/2026\/03\/DSC_0240-300x154.jpg 300w, https:\/\/www.delalumiereauxyeux-photo.fr\/wp-content\/uploads\/2026\/03\/DSC_0240-768x393.jpg 768w, https:\/\/www.delalumiereauxyeux-photo.fr\/wp-content\/uploads\/2026\/03\/DSC_0240-1536x787.jpg 1536w, https:\/\/www.delalumiereauxyeux-photo.fr\/wp-content\/uploads\/2026\/03\/DSC_0240-2048x1049.jpg 2048w\" sizes=\"(max-width: 1024px) 100vw, 1024px\" \/><\/figure>\n\n\n\n<figure class=\"wp-block-image size-large\"><img loading=\"lazy\" decoding=\"async\" width=\"1024\" height=\"683\" src=\"http:\/\/www.delalumiereauxyeux-photo.fr\/wp-content\/uploads\/2026\/03\/DSC_0250-1024x683.jpg\" alt=\"34e rallye de la Vienne 2026 photographe De la lumi\u00e8re aux yeux\" class=\"wp-image-8953\" srcset=\"https:\/\/www.delalumiereauxyeux-photo.fr\/wp-content\/uploads\/2026\/03\/DSC_0250-1024x683.jpg 1024w, https:\/\/www.delalumiereauxyeux-photo.fr\/wp-content\/uploads\/2026\/03\/DSC_0250-300x200.jpg 300w, https:\/\/www.delalumiereauxyeux-photo.fr\/wp-content\/uploads\/2026\/03\/DSC_0250-768x512.jpg 768w, https:\/\/www.delalumiereauxyeux-photo.fr\/wp-content\/uploads\/2026\/03\/DSC_0250-1536x1024.jpg 1536w, https:\/\/www.delalumiereauxyeux-photo.fr\/wp-content\/uploads\/2026\/03\/DSC_0250-2048x1365.jpg 2048w\" sizes=\"(max-width: 1024px) 100vw, 1024px\" \/><\/figure>\n\n\n\n<figure class=\"wp-block-image size-large\"><img loading=\"lazy\" decoding=\"async\" width=\"1024\" height=\"683\" src=\"http:\/\/www.delalumiereauxyeux-photo.fr\/wp-content\/uploads\/2026\/03\/DSC_0262-1024x683.jpg\" alt=\"34e rallye de la Vienne 2026 photographe De la lumi\u00e8re aux yeux\" class=\"wp-image-8954\" srcset=\"https:\/\/www.delalumiereauxyeux-photo.fr\/wp-content\/uploads\/2026\/03\/DSC_0262-1024x683.jpg 1024w, https:\/\/www.delalumiereauxyeux-photo.fr\/wp-content\/uploads\/2026\/03\/DSC_0262-300x200.jpg 300w, https:\/\/www.delalumiereauxyeux-photo.fr\/wp-content\/uploads\/2026\/03\/DSC_0262-768x512.jpg 768w, https:\/\/www.delalumiereauxyeux-photo.fr\/wp-content\/uploads\/2026\/03\/DSC_0262-1536x1024.jpg 1536w, https:\/\/www.delalumiereauxyeux-photo.fr\/wp-content\/uploads\/2026\/03\/DSC_0262-2048x1365.jpg 2048w\" sizes=\"(max-width: 1024px) 100vw, 1024px\" \/><\/figure>\n\n\n\n<figure class=\"wp-block-image size-large\"><img loading=\"lazy\" decoding=\"async\" width=\"1024\" height=\"683\" src=\"http:\/\/www.delalumiereauxyeux-photo.fr\/wp-content\/uploads\/2026\/03\/DSC_0293-1024x683.jpg\" alt=\"34e rallye de la Vienne 2026 photographe De la lumi\u00e8re aux yeux\" class=\"wp-image-8955\" srcset=\"https:\/\/www.delalumiereauxyeux-photo.fr\/wp-content\/uploads\/2026\/03\/DSC_0293-1024x683.jpg 1024w, https:\/\/www.delalumiereauxyeux-photo.fr\/wp-content\/uploads\/2026\/03\/DSC_0293-300x200.jpg 300w, https:\/\/www.delalumiereauxyeux-photo.fr\/wp-content\/uploads\/2026\/03\/DSC_0293-768x512.jpg 768w, https:\/\/www.delalumiereauxyeux-photo.fr\/wp-content\/uploads\/2026\/03\/DSC_0293-1536x1024.jpg 1536w, https:\/\/www.delalumiereauxyeux-photo.fr\/wp-content\/uploads\/2026\/03\/DSC_0293-2048x1365.jpg 2048w\" sizes=\"(max-width: 1024px) 100vw, 1024px\" \/><\/figure>\n\n\n\n<figure class=\"wp-block-image size-large\"><img loading=\"lazy\" decoding=\"async\" width=\"1024\" height=\"683\" src=\"http:\/\/www.delalumiereauxyeux-photo.fr\/wp-content\/uploads\/2026\/03\/DSC_0368-1024x683.jpg\" alt=\"34e rallye de la Vienne 2026 photographe De la lumi\u00e8re aux yeux\" class=\"wp-image-8957\" srcset=\"https:\/\/www.delalumiereauxyeux-photo.fr\/wp-content\/uploads\/2026\/03\/DSC_0368-1024x683.jpg 1024w, https:\/\/www.delalumiereauxyeux-photo.fr\/wp-content\/uploads\/2026\/03\/DSC_0368-300x200.jpg 300w, https:\/\/www.delalumiereauxyeux-photo.fr\/wp-content\/uploads\/2026\/03\/DSC_0368-768x512.jpg 768w, https:\/\/www.delalumiereauxyeux-photo.fr\/wp-content\/uploads\/2026\/03\/DSC_0368-1536x1024.jpg 1536w, https:\/\/www.delalumiereauxyeux-photo.fr\/wp-content\/uploads\/2026\/03\/DSC_0368-2048x1365.jpg 2048w\" sizes=\"(max-width: 1024px) 100vw, 1024px\" \/><\/figure>\n\n\n\n<figure class=\"wp-block-image size-large\"><img loading=\"lazy\" decoding=\"async\" width=\"1024\" height=\"683\" src=\"http:\/\/www.delalumiereauxyeux-photo.fr\/wp-content\/uploads\/2026\/03\/DSC_0379-1024x683.jpg\" alt=\"34e rallye de la Vienne 2026 photographe De la lumi\u00e8re aux yeux\" class=\"wp-image-8958\" srcset=\"https:\/\/www.delalumiereauxyeux-photo.fr\/wp-content\/uploads\/2026\/03\/DSC_0379-1024x683.jpg 1024w, https:\/\/www.delalumiereauxyeux-photo.fr\/wp-content\/uploads\/2026\/03\/DSC_0379-300x200.jpg 300w, https:\/\/www.delalumiereauxyeux-photo.fr\/wp-content\/uploads\/2026\/03\/DSC_0379-768x512.jpg 768w, https:\/\/www.delalumiereauxyeux-photo.fr\/wp-content\/uploads\/2026\/03\/DSC_0379-1536x1024.jpg 1536w, https:\/\/www.delalumiereauxyeux-photo.fr\/wp-content\/uploads\/2026\/03\/DSC_0379-2048x1365.jpg 2048w\" sizes=\"(max-width: 1024px) 100vw, 1024px\" \/><\/figure>\n\n\n\n<figure class=\"wp-block-image size-large\"><img loading=\"lazy\" decoding=\"async\" width=\"1024\" height=\"683\" src=\"http:\/\/www.delalumiereauxyeux-photo.fr\/wp-content\/uploads\/2026\/03\/DSC_0450-1024x683.jpg\" alt=\"34e rallye de la Vienne 2026 photographe De la lumi\u00e8re aux yeux\" class=\"wp-image-8959\" srcset=\"https:\/\/www.delalumiereauxyeux-photo.fr\/wp-content\/uploads\/2026\/03\/DSC_0450-1024x683.jpg 1024w, https:\/\/www.delalumiereauxyeux-photo.fr\/wp-content\/uploads\/2026\/03\/DSC_0450-300x200.jpg 300w, https:\/\/www.delalumiereauxyeux-photo.fr\/wp-content\/uploads\/2026\/03\/DSC_0450-768x512.jpg 768w, https:\/\/www.delalumiereauxyeux-photo.fr\/wp-content\/uploads\/2026\/03\/DSC_0450-1536x1024.jpg 1536w, https:\/\/www.delalumiereauxyeux-photo.fr\/wp-content\/uploads\/2026\/03\/DSC_0450-2048x1365.jpg 2048w\" sizes=\"(max-width: 1024px) 100vw, 1024px\" \/><\/figure>\n\n\n\n<figure class=\"wp-block-image size-large\"><img loading=\"lazy\" decoding=\"async\" width=\"1024\" height=\"683\" src=\"http:\/\/www.delalumiereauxyeux-photo.fr\/wp-content\/uploads\/2026\/03\/DSC_0483-1024x683.jpg\" alt=\"34e rallye de la Vienne 2026 photographe De la lumi\u00e8re aux yeux\" class=\"wp-image-8962\" srcset=\"https:\/\/www.delalumiereauxyeux-photo.fr\/wp-content\/uploads\/2026\/03\/DSC_0483-1024x683.jpg 1024w, https:\/\/www.delalumiereauxyeux-photo.fr\/wp-content\/uploads\/2026\/03\/DSC_0483-300x200.jpg 300w, https:\/\/www.delalumiereauxyeux-photo.fr\/wp-content\/uploads\/2026\/03\/DSC_0483-768x512.jpg 768w, https:\/\/www.delalumiereauxyeux-photo.fr\/wp-content\/uploads\/2026\/03\/DSC_0483-1536x1024.jpg 1536w, https:\/\/www.delalumiereauxyeux-photo.fr\/wp-content\/uploads\/2026\/03\/DSC_0483-2048x1365.jpg 2048w\" sizes=\"(max-width: 1024px) 100vw, 1024px\" \/><\/figure>\n\n\n\n<figure class=\"wp-block-image size-large\"><img loading=\"lazy\" decoding=\"async\" width=\"1024\" height=\"683\" src=\"http:\/\/www.delalumiereauxyeux-photo.fr\/wp-content\/uploads\/2026\/03\/DSC_4536-1024x683.jpg\" alt=\"34e rallye de la Vienne 2026 photographe De la lumi\u00e8re aux yeux\" class=\"wp-image-9019\" srcset=\"https:\/\/www.delalumiereauxyeux-photo.fr\/wp-content\/uploads\/2026\/03\/DSC_4536-1024x683.jpg 1024w, https:\/\/www.delalumiereauxyeux-photo.fr\/wp-content\/uploads\/2026\/03\/DSC_4536-300x200.jpg 300w, https:\/\/www.delalumiereauxyeux-photo.fr\/wp-content\/uploads\/2026\/03\/DSC_4536-768x512.jpg 768w, https:\/\/www.delalumiereauxyeux-photo.fr\/wp-content\/uploads\/2026\/03\/DSC_4536-1536x1024.jpg 1536w, https:\/\/www.delalumiereauxyeux-photo.fr\/wp-content\/uploads\/2026\/03\/DSC_4536-2048x1365.jpg 2048w\" sizes=\"(max-width: 1024px) 100vw, 1024px\" \/><\/figure>\n\n\n\n<figure class=\"wp-block-image size-large\"><img loading=\"lazy\" decoding=\"async\" width=\"1024\" height=\"683\" src=\"http:\/\/www.delalumiereauxyeux-photo.fr\/wp-content\/uploads\/2026\/03\/DSC_4473-1024x683.jpg\" alt=\"34e rallye de la Vienne 2026 photographe De la lumi\u00e8re aux yeux\" class=\"wp-image-9020\" srcset=\"https:\/\/www.delalumiereauxyeux-photo.fr\/wp-content\/uploads\/2026\/03\/DSC_4473-1024x683.jpg 1024w, https:\/\/www.delalumiereauxyeux-photo.fr\/wp-content\/uploads\/2026\/03\/DSC_4473-300x200.jpg 300w, https:\/\/www.delalumiereauxyeux-photo.fr\/wp-content\/uploads\/2026\/03\/DSC_4473-768x512.jpg 768w, https:\/\/www.delalumiereauxyeux-photo.fr\/wp-content\/uploads\/2026\/03\/DSC_4473-1536x1024.jpg 1536w, https:\/\/www.delalumiereauxyeux-photo.fr\/wp-content\/uploads\/2026\/03\/DSC_4473-2048x1365.jpg 2048w\" sizes=\"(max-width: 1024px) 100vw, 1024px\" \/><\/figure>\n\n\n\n<p>ES 6<\/p>\n\n\n\n<figure class=\"wp-block-image size-large\"><img loading=\"lazy\" decoding=\"async\" width=\"1024\" height=\"731\" src=\"http:\/\/www.delalumiereauxyeux-photo.fr\/wp-content\/uploads\/2026\/03\/DSC_4561-1024x731.jpg\" alt=\"34e rallye de la Vienne 2026 photographe De la lumi\u00e8re aux yeux\" class=\"wp-image-8963\" srcset=\"https:\/\/www.delalumiereauxyeux-photo.fr\/wp-content\/uploads\/2026\/03\/DSC_4561-1024x731.jpg 1024w, https:\/\/www.delalumiereauxyeux-photo.fr\/wp-content\/uploads\/2026\/03\/DSC_4561-300x214.jpg 300w, https:\/\/www.delalumiereauxyeux-photo.fr\/wp-content\/uploads\/2026\/03\/DSC_4561-768x548.jpg 768w, https:\/\/www.delalumiereauxyeux-photo.fr\/wp-content\/uploads\/2026\/03\/DSC_4561-1536x1096.jpg 1536w, https:\/\/www.delalumiereauxyeux-photo.fr\/wp-content\/uploads\/2026\/03\/DSC_4561-2048x1462.jpg 2048w\" sizes=\"(max-width: 1024px) 100vw, 1024px\" \/><\/figure>\n\n\n\n<figure class=\"wp-block-image size-large\"><img loading=\"lazy\" decoding=\"async\" width=\"1024\" height=\"464\" src=\"http:\/\/www.delalumiereauxyeux-photo.fr\/wp-content\/uploads\/2026\/03\/DSC_4569-1024x464.jpg\" alt=\"34e rallye de la Vienne 2026 photographe De la lumi\u00e8re aux yeux\" class=\"wp-image-8964\" srcset=\"https:\/\/www.delalumiereauxyeux-photo.fr\/wp-content\/uploads\/2026\/03\/DSC_4569-1024x464.jpg 1024w, https:\/\/www.delalumiereauxyeux-photo.fr\/wp-content\/uploads\/2026\/03\/DSC_4569-300x136.jpg 300w, https:\/\/www.delalumiereauxyeux-photo.fr\/wp-content\/uploads\/2026\/03\/DSC_4569-768x348.jpg 768w, https:\/\/www.delalumiereauxyeux-photo.fr\/wp-content\/uploads\/2026\/03\/DSC_4569-1536x696.jpg 1536w, https:\/\/www.delalumiereauxyeux-photo.fr\/wp-content\/uploads\/2026\/03\/DSC_4569-2048x928.jpg 2048w\" sizes=\"(max-width: 1024px) 100vw, 1024px\" \/><\/figure>\n\n\n\n<figure class=\"wp-block-image size-large\"><img loading=\"lazy\" decoding=\"async\" width=\"1024\" height=\"531\" src=\"http:\/\/www.delalumiereauxyeux-photo.fr\/wp-content\/uploads\/2026\/03\/DSC_4580-1024x531.jpg\" alt=\"34e rallye de la Vienne 2026 photographe De la lumi\u00e8re aux yeux\" class=\"wp-image-8965\" srcset=\"https:\/\/www.delalumiereauxyeux-photo.fr\/wp-content\/uploads\/2026\/03\/DSC_4580-1024x531.jpg 1024w, https:\/\/www.delalumiereauxyeux-photo.fr\/wp-content\/uploads\/2026\/03\/DSC_4580-300x156.jpg 300w, https:\/\/www.delalumiereauxyeux-photo.fr\/wp-content\/uploads\/2026\/03\/DSC_4580-768x398.jpg 768w, https:\/\/www.delalumiereauxyeux-photo.fr\/wp-content\/uploads\/2026\/03\/DSC_4580-1536x796.jpg 1536w, https:\/\/www.delalumiereauxyeux-photo.fr\/wp-content\/uploads\/2026\/03\/DSC_4580-2048x1062.jpg 2048w\" sizes=\"(max-width: 1024px) 100vw, 1024px\" \/><\/figure>\n\n\n\n<figure class=\"wp-block-image size-large\"><img loading=\"lazy\" decoding=\"async\" width=\"1024\" height=\"590\" src=\"http:\/\/www.delalumiereauxyeux-photo.fr\/wp-content\/uploads\/2026\/03\/DSC_4591-1024x590.jpg\" alt=\"34e rallye de la Vienne 2026 photographe De la lumi\u00e8re aux yeux\" class=\"wp-image-8966\" srcset=\"https:\/\/www.delalumiereauxyeux-photo.fr\/wp-content\/uploads\/2026\/03\/DSC_4591-1024x590.jpg 1024w, https:\/\/www.delalumiereauxyeux-photo.fr\/wp-content\/uploads\/2026\/03\/DSC_4591-300x173.jpg 300w, https:\/\/www.delalumiereauxyeux-photo.fr\/wp-content\/uploads\/2026\/03\/DSC_4591-768x443.jpg 768w, https:\/\/www.delalumiereauxyeux-photo.fr\/wp-content\/uploads\/2026\/03\/DSC_4591-1536x885.jpg 1536w, https:\/\/www.delalumiereauxyeux-photo.fr\/wp-content\/uploads\/2026\/03\/DSC_4591-2048x1180.jpg 2048w\" sizes=\"(max-width: 1024px) 100vw, 1024px\" \/><\/figure>\n\n\n\n<figure class=\"wp-block-image size-large\"><img loading=\"lazy\" decoding=\"async\" width=\"1024\" height=\"399\" src=\"http:\/\/www.delalumiereauxyeux-photo.fr\/wp-content\/uploads\/2026\/03\/DSC_4595-1024x399.jpg\" alt=\"34e rallye de la Vienne 2026 photographe De la lumi\u00e8re aux yeux\" class=\"wp-image-8967\" srcset=\"https:\/\/www.delalumiereauxyeux-photo.fr\/wp-content\/uploads\/2026\/03\/DSC_4595-1024x399.jpg 1024w, https:\/\/www.delalumiereauxyeux-photo.fr\/wp-content\/uploads\/2026\/03\/DSC_4595-300x117.jpg 300w, https:\/\/www.delalumiereauxyeux-photo.fr\/wp-content\/uploads\/2026\/03\/DSC_4595-768x300.jpg 768w, https:\/\/www.delalumiereauxyeux-photo.fr\/wp-content\/uploads\/2026\/03\/DSC_4595-1536x599.jpg 1536w, https:\/\/www.delalumiereauxyeux-photo.fr\/wp-content\/uploads\/2026\/03\/DSC_4595-2048x799.jpg 2048w\" sizes=\"(max-width: 1024px) 100vw, 1024px\" \/><\/figure>\n\n\n\n<figure class=\"wp-block-image size-large\"><img loading=\"lazy\" decoding=\"async\" width=\"1024\" height=\"549\" src=\"http:\/\/www.delalumiereauxyeux-photo.fr\/wp-content\/uploads\/2026\/03\/DSC_4605-1024x549.jpg\" alt=\"34e rallye de la Vienne 2026 photographe De la lumi\u00e8re aux yeux\" class=\"wp-image-8968\" srcset=\"https:\/\/www.delalumiereauxyeux-photo.fr\/wp-content\/uploads\/2026\/03\/DSC_4605-1024x549.jpg 1024w, https:\/\/www.delalumiereauxyeux-photo.fr\/wp-content\/uploads\/2026\/03\/DSC_4605-300x161.jpg 300w, https:\/\/www.delalumiereauxyeux-photo.fr\/wp-content\/uploads\/2026\/03\/DSC_4605-768x411.jpg 768w, https:\/\/www.delalumiereauxyeux-photo.fr\/wp-content\/uploads\/2026\/03\/DSC_4605-1536x823.jpg 1536w, https:\/\/www.delalumiereauxyeux-photo.fr\/wp-content\/uploads\/2026\/03\/DSC_4605-2048x1097.jpg 2048w\" sizes=\"(max-width: 1024px) 100vw, 1024px\" \/><\/figure>\n\n\n\n<figure class=\"wp-block-image size-large\"><img loading=\"lazy\" decoding=\"async\" width=\"1024\" height=\"683\" src=\"http:\/\/www.delalumiereauxyeux-photo.fr\/wp-content\/uploads\/2026\/03\/DSC_4616-1024x683.jpg\" alt=\"34e rallye de la Vienne 2026 photographe De la lumi\u00e8re aux yeux\" class=\"wp-image-8969\" srcset=\"https:\/\/www.delalumiereauxyeux-photo.fr\/wp-content\/uploads\/2026\/03\/DSC_4616-1024x683.jpg 1024w, https:\/\/www.delalumiereauxyeux-photo.fr\/wp-content\/uploads\/2026\/03\/DSC_4616-300x200.jpg 300w, https:\/\/www.delalumiereauxyeux-photo.fr\/wp-content\/uploads\/2026\/03\/DSC_4616-768x512.jpg 768w, https:\/\/www.delalumiereauxyeux-photo.fr\/wp-content\/uploads\/2026\/03\/DSC_4616-1536x1024.jpg 1536w, https:\/\/www.delalumiereauxyeux-photo.fr\/wp-content\/uploads\/2026\/03\/DSC_4616-2048x1365.jpg 2048w\" sizes=\"(max-width: 1024px) 100vw, 1024px\" \/><\/figure>\n\n\n\n<figure class=\"wp-block-image size-large\"><img loading=\"lazy\" decoding=\"async\" width=\"1024\" height=\"475\" src=\"http:\/\/www.delalumiereauxyeux-photo.fr\/wp-content\/uploads\/2026\/03\/DSC_4637-1024x475.jpg\" alt=\"34e rallye de la Vienne 2026 photographe De la lumi\u00e8re aux yeux\" class=\"wp-image-8970\" srcset=\"https:\/\/www.delalumiereauxyeux-photo.fr\/wp-content\/uploads\/2026\/03\/DSC_4637-1024x475.jpg 1024w, https:\/\/www.delalumiereauxyeux-photo.fr\/wp-content\/uploads\/2026\/03\/DSC_4637-300x139.jpg 300w, https:\/\/www.delalumiereauxyeux-photo.fr\/wp-content\/uploads\/2026\/03\/DSC_4637-768x356.jpg 768w, https:\/\/www.delalumiereauxyeux-photo.fr\/wp-content\/uploads\/2026\/03\/DSC_4637-1536x713.jpg 1536w, https:\/\/www.delalumiereauxyeux-photo.fr\/wp-content\/uploads\/2026\/03\/DSC_4637-2048x950.jpg 2048w\" sizes=\"(max-width: 1024px) 100vw, 1024px\" \/><\/figure>\n\n\n\n<figure class=\"wp-block-image size-large\"><img loading=\"lazy\" decoding=\"async\" width=\"1024\" height=\"653\" src=\"http:\/\/www.delalumiereauxyeux-photo.fr\/wp-content\/uploads\/2026\/03\/DSC_4640-1024x653.jpg\" alt=\"34e rallye de la Vienne 2026 photographe De la lumi\u00e8re aux yeux\" class=\"wp-image-8971\" srcset=\"https:\/\/www.delalumiereauxyeux-photo.fr\/wp-content\/uploads\/2026\/03\/DSC_4640-1024x653.jpg 1024w, https:\/\/www.delalumiereauxyeux-photo.fr\/wp-content\/uploads\/2026\/03\/DSC_4640-300x191.jpg 300w, https:\/\/www.delalumiereauxyeux-photo.fr\/wp-content\/uploads\/2026\/03\/DSC_4640-768x490.jpg 768w, https:\/\/www.delalumiereauxyeux-photo.fr\/wp-content\/uploads\/2026\/03\/DSC_4640-1536x980.jpg 1536w, https:\/\/www.delalumiereauxyeux-photo.fr\/wp-content\/uploads\/2026\/03\/DSC_4640-2048x1306.jpg 2048w\" sizes=\"(max-width: 1024px) 100vw, 1024px\" \/><\/figure>\n\n\n\n<figure class=\"wp-block-image size-large\"><img loading=\"lazy\" decoding=\"async\" width=\"1024\" height=\"759\" src=\"http:\/\/www.delalumiereauxyeux-photo.fr\/wp-content\/uploads\/2026\/03\/DSC_4642-1024x759.jpg\" alt=\"34e rallye de la Vienne 2026 photographe De la lumi\u00e8re aux yeux\" class=\"wp-image-8972\" srcset=\"https:\/\/www.delalumiereauxyeux-photo.fr\/wp-content\/uploads\/2026\/03\/DSC_4642-1024x759.jpg 1024w, https:\/\/www.delalumiereauxyeux-photo.fr\/wp-content\/uploads\/2026\/03\/DSC_4642-300x222.jpg 300w, https:\/\/www.delalumiereauxyeux-photo.fr\/wp-content\/uploads\/2026\/03\/DSC_4642-768x569.jpg 768w, https:\/\/www.delalumiereauxyeux-photo.fr\/wp-content\/uploads\/2026\/03\/DSC_4642-1536x1139.jpg 1536w, https:\/\/www.delalumiereauxyeux-photo.fr\/wp-content\/uploads\/2026\/03\/DSC_4642-2048x1518.jpg 2048w\" sizes=\"(max-width: 1024px) 100vw, 1024px\" \/><\/figure>\n\n\n\n<figure class=\"wp-block-image size-large\"><img loading=\"lazy\" decoding=\"async\" width=\"1024\" height=\"554\" src=\"http:\/\/www.delalumiereauxyeux-photo.fr\/wp-content\/uploads\/2026\/03\/DSC_4643-1024x554.jpg\" alt=\"34e rallye de la Vienne 2026 photographe De la lumi\u00e8re aux yeux\" class=\"wp-image-8973\" srcset=\"https:\/\/www.delalumiereauxyeux-photo.fr\/wp-content\/uploads\/2026\/03\/DSC_4643-1024x554.jpg 1024w, https:\/\/www.delalumiereauxyeux-photo.fr\/wp-content\/uploads\/2026\/03\/DSC_4643-300x162.jpg 300w, https:\/\/www.delalumiereauxyeux-photo.fr\/wp-content\/uploads\/2026\/03\/DSC_4643-768x415.jpg 768w, https:\/\/www.delalumiereauxyeux-photo.fr\/wp-content\/uploads\/2026\/03\/DSC_4643-1536x830.jpg 1536w, https:\/\/www.delalumiereauxyeux-photo.fr\/wp-content\/uploads\/2026\/03\/DSC_4643-2048x1107.jpg 2048w\" sizes=\"(max-width: 1024px) 100vw, 1024px\" \/><\/figure>\n\n\n\n<figure class=\"wp-block-image size-large\"><img loading=\"lazy\" decoding=\"async\" width=\"1024\" height=\"492\" src=\"http:\/\/www.delalumiereauxyeux-photo.fr\/wp-content\/uploads\/2026\/03\/DSC_4644-1024x492.jpg\" alt=\"34e rallye de la Vienne 2026 photographe De la lumi\u00e8re aux yeux\" class=\"wp-image-8974\" srcset=\"https:\/\/www.delalumiereauxyeux-photo.fr\/wp-content\/uploads\/2026\/03\/DSC_4644-1024x492.jpg 1024w, https:\/\/www.delalumiereauxyeux-photo.fr\/wp-content\/uploads\/2026\/03\/DSC_4644-300x144.jpg 300w, https:\/\/www.delalumiereauxyeux-photo.fr\/wp-content\/uploads\/2026\/03\/DSC_4644-768x369.jpg 768w, https:\/\/www.delalumiereauxyeux-photo.fr\/wp-content\/uploads\/2026\/03\/DSC_4644-1536x738.jpg 1536w, https:\/\/www.delalumiereauxyeux-photo.fr\/wp-content\/uploads\/2026\/03\/DSC_4644-2048x984.jpg 2048w\" sizes=\"(max-width: 1024px) 100vw, 1024px\" \/><\/figure>\n\n\n\n<figure class=\"wp-block-image size-large\"><img loading=\"lazy\" decoding=\"async\" width=\"1024\" height=\"887\" src=\"http:\/\/www.delalumiereauxyeux-photo.fr\/wp-content\/uploads\/2026\/03\/DSC_4655-2-1024x887.jpg\" alt=\"34e rallye de la Vienne 2026 photographe De la lumi\u00e8re aux yeux\" class=\"wp-image-8976\" srcset=\"https:\/\/www.delalumiereauxyeux-photo.fr\/wp-content\/uploads\/2026\/03\/DSC_4655-2-1024x887.jpg 1024w, https:\/\/www.delalumiereauxyeux-photo.fr\/wp-content\/uploads\/2026\/03\/DSC_4655-2-300x260.jpg 300w, https:\/\/www.delalumiereauxyeux-photo.fr\/wp-content\/uploads\/2026\/03\/DSC_4655-2-768x666.jpg 768w, https:\/\/www.delalumiereauxyeux-photo.fr\/wp-content\/uploads\/2026\/03\/DSC_4655-2-1536x1331.jpg 1536w, https:\/\/www.delalumiereauxyeux-photo.fr\/wp-content\/uploads\/2026\/03\/DSC_4655-2-2048x1775.jpg 2048w\" sizes=\"(max-width: 1024px) 100vw, 1024px\" \/><\/figure>\n\n\n\n<figure class=\"wp-block-image size-large\"><img loading=\"lazy\" decoding=\"async\" width=\"1024\" height=\"411\" src=\"http:\/\/www.delalumiereauxyeux-photo.fr\/wp-content\/uploads\/2026\/03\/DSC_4661-1024x411.jpg\" alt=\"34e rallye de la Vienne 2026 photographe De la lumi\u00e8re aux yeux\" class=\"wp-image-8977\" srcset=\"https:\/\/www.delalumiereauxyeux-photo.fr\/wp-content\/uploads\/2026\/03\/DSC_4661-1024x411.jpg 1024w, https:\/\/www.delalumiereauxyeux-photo.fr\/wp-content\/uploads\/2026\/03\/DSC_4661-300x120.jpg 300w, https:\/\/www.delalumiereauxyeux-photo.fr\/wp-content\/uploads\/2026\/03\/DSC_4661-768x308.jpg 768w, https:\/\/www.delalumiereauxyeux-photo.fr\/wp-content\/uploads\/2026\/03\/DSC_4661-1536x617.jpg 1536w, https:\/\/www.delalumiereauxyeux-photo.fr\/wp-content\/uploads\/2026\/03\/DSC_4661-2048x822.jpg 2048w\" sizes=\"(max-width: 1024px) 100vw, 1024px\" \/><\/figure>\n\n\n\n<figure class=\"wp-block-image size-large\"><img loading=\"lazy\" decoding=\"async\" width=\"1024\" height=\"571\" src=\"http:\/\/www.delalumiereauxyeux-photo.fr\/wp-content\/uploads\/2026\/03\/DSC_4678-1024x571.jpg\" alt=\"34e rallye de la Vienne 2026 photographe De la lumi\u00e8re aux yeux\" class=\"wp-image-8978\" srcset=\"https:\/\/www.delalumiereauxyeux-photo.fr\/wp-content\/uploads\/2026\/03\/DSC_4678-1024x571.jpg 1024w, https:\/\/www.delalumiereauxyeux-photo.fr\/wp-content\/uploads\/2026\/03\/DSC_4678-300x167.jpg 300w, https:\/\/www.delalumiereauxyeux-photo.fr\/wp-content\/uploads\/2026\/03\/DSC_4678-768x428.jpg 768w, https:\/\/www.delalumiereauxyeux-photo.fr\/wp-content\/uploads\/2026\/03\/DSC_4678-1536x856.jpg 1536w, https:\/\/www.delalumiereauxyeux-photo.fr\/wp-content\/uploads\/2026\/03\/DSC_4678-2048x1142.jpg 2048w\" sizes=\"(max-width: 1024px) 100vw, 1024px\" \/><\/figure>\n\n\n\n<figure class=\"wp-block-image size-large\"><img loading=\"lazy\" decoding=\"async\" width=\"1024\" height=\"546\" src=\"http:\/\/www.delalumiereauxyeux-photo.fr\/wp-content\/uploads\/2026\/03\/DSC_4689-1024x546.jpg\" alt=\"34e rallye de la Vienne 2026 photographe De la lumi\u00e8re aux yeux\" class=\"wp-image-8979\" srcset=\"https:\/\/www.delalumiereauxyeux-photo.fr\/wp-content\/uploads\/2026\/03\/DSC_4689-1024x546.jpg 1024w, https:\/\/www.delalumiereauxyeux-photo.fr\/wp-content\/uploads\/2026\/03\/DSC_4689-300x160.jpg 300w, https:\/\/www.delalumiereauxyeux-photo.fr\/wp-content\/uploads\/2026\/03\/DSC_4689-768x410.jpg 768w, https:\/\/www.delalumiereauxyeux-photo.fr\/wp-content\/uploads\/2026\/03\/DSC_4689-1536x819.jpg 1536w, https:\/\/www.delalumiereauxyeux-photo.fr\/wp-content\/uploads\/2026\/03\/DSC_4689-2048x1092.jpg 2048w\" sizes=\"(max-width: 1024px) 100vw, 1024px\" \/><\/figure>\n\n\n\n<figure class=\"wp-block-image size-large\"><img loading=\"lazy\" decoding=\"async\" width=\"1024\" height=\"543\" src=\"http:\/\/www.delalumiereauxyeux-photo.fr\/wp-content\/uploads\/2026\/03\/DSC_4698-1024x543.jpg\" alt=\"34e rallye de la Vienne 2026 photographe De la lumi\u00e8re aux yeux\" class=\"wp-image-8980\" srcset=\"https:\/\/www.delalumiereauxyeux-photo.fr\/wp-content\/uploads\/2026\/03\/DSC_4698-1024x543.jpg 1024w, https:\/\/www.delalumiereauxyeux-photo.fr\/wp-content\/uploads\/2026\/03\/DSC_4698-300x159.jpg 300w, https:\/\/www.delalumiereauxyeux-photo.fr\/wp-content\/uploads\/2026\/03\/DSC_4698-768x407.jpg 768w, https:\/\/www.delalumiereauxyeux-photo.fr\/wp-content\/uploads\/2026\/03\/DSC_4698-1536x814.jpg 1536w, https:\/\/www.delalumiereauxyeux-photo.fr\/wp-content\/uploads\/2026\/03\/DSC_4698-2048x1085.jpg 2048w\" sizes=\"(max-width: 1024px) 100vw, 1024px\" \/><\/figure>\n\n\n\n<figure class=\"wp-block-image size-large\"><img loading=\"lazy\" decoding=\"async\" width=\"1024\" height=\"522\" src=\"http:\/\/www.delalumiereauxyeux-photo.fr\/wp-content\/uploads\/2026\/03\/DSC_4711-1024x522.jpg\" alt=\"34e rallye de la Vienne 2026 photographe De la lumi\u00e8re aux yeux\" class=\"wp-image-8981\" srcset=\"https:\/\/www.delalumiereauxyeux-photo.fr\/wp-content\/uploads\/2026\/03\/DSC_4711-1024x522.jpg 1024w, https:\/\/www.delalumiereauxyeux-photo.fr\/wp-content\/uploads\/2026\/03\/DSC_4711-300x153.jpg 300w, https:\/\/www.delalumiereauxyeux-photo.fr\/wp-content\/uploads\/2026\/03\/DSC_4711-768x391.jpg 768w, https:\/\/www.delalumiereauxyeux-photo.fr\/wp-content\/uploads\/2026\/03\/DSC_4711-1536x783.jpg 1536w, https:\/\/www.delalumiereauxyeux-photo.fr\/wp-content\/uploads\/2026\/03\/DSC_4711-2048x1043.jpg 2048w\" sizes=\"(max-width: 1024px) 100vw, 1024px\" \/><\/figure>\n\n\n\n<figure class=\"wp-block-image size-large\"><img loading=\"lazy\" decoding=\"async\" width=\"1024\" height=\"524\" src=\"http:\/\/www.delalumiereauxyeux-photo.fr\/wp-content\/uploads\/2026\/03\/DSC_4714-1024x524.jpg\" alt=\"34e rallye de la Vienne 2026 photographe De la lumi\u00e8re aux yeux\" class=\"wp-image-8982\" srcset=\"https:\/\/www.delalumiereauxyeux-photo.fr\/wp-content\/uploads\/2026\/03\/DSC_4714-1024x524.jpg 1024w, https:\/\/www.delalumiereauxyeux-photo.fr\/wp-content\/uploads\/2026\/03\/DSC_4714-300x154.jpg 300w, https:\/\/www.delalumiereauxyeux-photo.fr\/wp-content\/uploads\/2026\/03\/DSC_4714-768x393.jpg 768w, https:\/\/www.delalumiereauxyeux-photo.fr\/wp-content\/uploads\/2026\/03\/DSC_4714-1536x786.jpg 1536w, https:\/\/www.delalumiereauxyeux-photo.fr\/wp-content\/uploads\/2026\/03\/DSC_4714-2048x1048.jpg 2048w\" sizes=\"(max-width: 1024px) 100vw, 1024px\" \/><\/figure>\n\n\n\n<figure class=\"wp-block-image size-large\"><img loading=\"lazy\" decoding=\"async\" width=\"1024\" height=\"799\" src=\"http:\/\/www.delalumiereauxyeux-photo.fr\/wp-content\/uploads\/2026\/03\/DSC_4729-1024x799.jpg\" alt=\"34e rallye de la Vienne 2026 photographe De la lumi\u00e8re aux yeux\" class=\"wp-image-8983\" srcset=\"https:\/\/www.delalumiereauxyeux-photo.fr\/wp-content\/uploads\/2026\/03\/DSC_4729-1024x799.jpg 1024w, https:\/\/www.delalumiereauxyeux-photo.fr\/wp-content\/uploads\/2026\/03\/DSC_4729-300x234.jpg 300w, https:\/\/www.delalumiereauxyeux-photo.fr\/wp-content\/uploads\/2026\/03\/DSC_4729-768x600.jpg 768w, https:\/\/www.delalumiereauxyeux-photo.fr\/wp-content\/uploads\/2026\/03\/DSC_4729-1536x1199.jpg 1536w, https:\/\/www.delalumiereauxyeux-photo.fr\/wp-content\/uploads\/2026\/03\/DSC_4729-2048x1599.jpg 2048w\" sizes=\"(max-width: 1024px) 100vw, 1024px\" \/><\/figure>\n\n\n\n<figure class=\"wp-block-image size-large\"><img loading=\"lazy\" decoding=\"async\" width=\"1024\" height=\"618\" src=\"http:\/\/www.delalumiereauxyeux-photo.fr\/wp-content\/uploads\/2026\/03\/DSC_4752-1024x618.jpg\" alt=\"34e rallye de la Vienne 2026 photographe De la lumi\u00e8re aux yeux\" class=\"wp-image-8985\" srcset=\"https:\/\/www.delalumiereauxyeux-photo.fr\/wp-content\/uploads\/2026\/03\/DSC_4752-1024x618.jpg 1024w, https:\/\/www.delalumiereauxyeux-photo.fr\/wp-content\/uploads\/2026\/03\/DSC_4752-300x181.jpg 300w, https:\/\/www.delalumiereauxyeux-photo.fr\/wp-content\/uploads\/2026\/03\/DSC_4752-768x463.jpg 768w, https:\/\/www.delalumiereauxyeux-photo.fr\/wp-content\/uploads\/2026\/03\/DSC_4752-1536x927.jpg 1536w, https:\/\/www.delalumiereauxyeux-photo.fr\/wp-content\/uploads\/2026\/03\/DSC_4752-2048x1236.jpg 2048w\" sizes=\"(max-width: 1024px) 100vw, 1024px\" \/><\/figure>\n\n\n\n<figure class=\"wp-block-image size-large\"><img loading=\"lazy\" decoding=\"async\" width=\"1024\" height=\"684\" src=\"http:\/\/www.delalumiereauxyeux-photo.fr\/wp-content\/uploads\/2026\/03\/DSC_4776-1024x684.jpg\" alt=\"34e rallye de la Vienne 2026 photographe De la lumi\u00e8re aux yeux\" class=\"wp-image-8987\" srcset=\"https:\/\/www.delalumiereauxyeux-photo.fr\/wp-content\/uploads\/2026\/03\/DSC_4776-1024x684.jpg 1024w, https:\/\/www.delalumiereauxyeux-photo.fr\/wp-content\/uploads\/2026\/03\/DSC_4776-300x200.jpg 300w, https:\/\/www.delalumiereauxyeux-photo.fr\/wp-content\/uploads\/2026\/03\/DSC_4776-768x513.jpg 768w, https:\/\/www.delalumiereauxyeux-photo.fr\/wp-content\/uploads\/2026\/03\/DSC_4776-1536x1026.jpg 1536w, https:\/\/www.delalumiereauxyeux-photo.fr\/wp-content\/uploads\/2026\/03\/DSC_4776-2048x1368.jpg 2048w\" sizes=\"(max-width: 1024px) 100vw, 1024px\" \/><\/figure>\n\n\n\n<figure class=\"wp-block-image size-large\"><img loading=\"lazy\" decoding=\"async\" width=\"1024\" height=\"429\" src=\"http:\/\/www.delalumiereauxyeux-photo.fr\/wp-content\/uploads\/2026\/03\/DSC_4795-1024x429.jpg\" alt=\"34e rallye de la Vienne 2026 photographe De la lumi\u00e8re aux yeux\" class=\"wp-image-8988\" srcset=\"https:\/\/www.delalumiereauxyeux-photo.fr\/wp-content\/uploads\/2026\/03\/DSC_4795-1024x429.jpg 1024w, https:\/\/www.delalumiereauxyeux-photo.fr\/wp-content\/uploads\/2026\/03\/DSC_4795-300x126.jpg 300w, https:\/\/www.delalumiereauxyeux-photo.fr\/wp-content\/uploads\/2026\/03\/DSC_4795-768x321.jpg 768w, https:\/\/www.delalumiereauxyeux-photo.fr\/wp-content\/uploads\/2026\/03\/DSC_4795-1536x643.jpg 1536w, https:\/\/www.delalumiereauxyeux-photo.fr\/wp-content\/uploads\/2026\/03\/DSC_4795-2048x857.jpg 2048w\" sizes=\"(max-width: 1024px) 100vw, 1024px\" \/><\/figure>\n\n\n\n<figure class=\"wp-block-image size-large\"><img loading=\"lazy\" decoding=\"async\" width=\"1024\" height=\"710\" src=\"http:\/\/www.delalumiereauxyeux-photo.fr\/wp-content\/uploads\/2026\/03\/DSC_4809-1024x710.jpg\" alt=\"34e rallye de la Vienne 2026 photographe De la lumi\u00e8re aux yeux\" class=\"wp-image-8989\" srcset=\"https:\/\/www.delalumiereauxyeux-photo.fr\/wp-content\/uploads\/2026\/03\/DSC_4809-1024x710.jpg 1024w, https:\/\/www.delalumiereauxyeux-photo.fr\/wp-content\/uploads\/2026\/03\/DSC_4809-300x208.jpg 300w, https:\/\/www.delalumiereauxyeux-photo.fr\/wp-content\/uploads\/2026\/03\/DSC_4809-768x533.jpg 768w, https:\/\/www.delalumiereauxyeux-photo.fr\/wp-content\/uploads\/2026\/03\/DSC_4809-1536x1065.jpg 1536w, https:\/\/www.delalumiereauxyeux-photo.fr\/wp-content\/uploads\/2026\/03\/DSC_4809-2048x1420.jpg 2048w\" sizes=\"(max-width: 1024px) 100vw, 1024px\" \/><\/figure>\n\n\n\n<figure class=\"wp-block-image size-large\"><img loading=\"lazy\" decoding=\"async\" width=\"1024\" height=\"567\" src=\"http:\/\/www.delalumiereauxyeux-photo.fr\/wp-content\/uploads\/2026\/03\/DSC_4810-1024x567.jpg\" alt=\"34e rallye de la Vienne 2026 photographe De la lumi\u00e8re aux yeux\" class=\"wp-image-8990\" srcset=\"https:\/\/www.delalumiereauxyeux-photo.fr\/wp-content\/uploads\/2026\/03\/DSC_4810-1024x567.jpg 1024w, https:\/\/www.delalumiereauxyeux-photo.fr\/wp-content\/uploads\/2026\/03\/DSC_4810-300x166.jpg 300w, https:\/\/www.delalumiereauxyeux-photo.fr\/wp-content\/uploads\/2026\/03\/DSC_4810-768x426.jpg 768w, https:\/\/www.delalumiereauxyeux-photo.fr\/wp-content\/uploads\/2026\/03\/DSC_4810-1536x851.jpg 1536w, https:\/\/www.delalumiereauxyeux-photo.fr\/wp-content\/uploads\/2026\/03\/DSC_4810-2048x1135.jpg 2048w\" sizes=\"(max-width: 1024px) 100vw, 1024px\" \/><\/figure>\n\n\n\n<figure class=\"wp-block-image size-large\"><img loading=\"lazy\" decoding=\"async\" width=\"1024\" height=\"628\" src=\"http:\/\/www.delalumiereauxyeux-photo.fr\/wp-content\/uploads\/2026\/03\/DSC_4832-1024x628.jpg\" alt=\"34e rallye de la Vienne 2026 photographe De la lumi\u00e8re aux yeux\" class=\"wp-image-8991\" srcset=\"https:\/\/www.delalumiereauxyeux-photo.fr\/wp-content\/uploads\/2026\/03\/DSC_4832-1024x628.jpg 1024w, https:\/\/www.delalumiereauxyeux-photo.fr\/wp-content\/uploads\/2026\/03\/DSC_4832-300x184.jpg 300w, https:\/\/www.delalumiereauxyeux-photo.fr\/wp-content\/uploads\/2026\/03\/DSC_4832-768x471.jpg 768w, https:\/\/www.delalumiereauxyeux-photo.fr\/wp-content\/uploads\/2026\/03\/DSC_4832-1536x941.jpg 1536w, https:\/\/www.delalumiereauxyeux-photo.fr\/wp-content\/uploads\/2026\/03\/DSC_4832-2048x1255.jpg 2048w\" sizes=\"(max-width: 1024px) 100vw, 1024px\" \/><\/figure>\n\n\n\n<figure class=\"wp-block-image size-large\"><img loading=\"lazy\" decoding=\"async\" width=\"1024\" height=\"555\" src=\"http:\/\/www.delalumiereauxyeux-photo.fr\/wp-content\/uploads\/2026\/03\/DSC_4840-1024x555.jpg\" alt=\"34e rallye de la Vienne 2026 photographe De la lumi\u00e8re aux yeux\" class=\"wp-image-8992\" srcset=\"https:\/\/www.delalumiereauxyeux-photo.fr\/wp-content\/uploads\/2026\/03\/DSC_4840-1024x555.jpg 1024w, https:\/\/www.delalumiereauxyeux-photo.fr\/wp-content\/uploads\/2026\/03\/DSC_4840-300x163.jpg 300w, https:\/\/www.delalumiereauxyeux-photo.fr\/wp-content\/uploads\/2026\/03\/DSC_4840-768x416.jpg 768w, https:\/\/www.delalumiereauxyeux-photo.fr\/wp-content\/uploads\/2026\/03\/DSC_4840-1536x832.jpg 1536w, https:\/\/www.delalumiereauxyeux-photo.fr\/wp-content\/uploads\/2026\/03\/DSC_4840-2048x1110.jpg 2048w\" sizes=\"(max-width: 1024px) 100vw, 1024px\" \/><\/figure>\n\n\n\n<figure class=\"wp-block-image size-large\"><img loading=\"lazy\" decoding=\"async\" width=\"1024\" height=\"683\" src=\"http:\/\/www.delalumiereauxyeux-photo.fr\/wp-content\/uploads\/2026\/03\/DSC_4854-1024x683.jpg\" alt=\"34e rallye de la Vienne 2026 photographe De la lumi\u00e8re aux yeux\" class=\"wp-image-8993\" srcset=\"https:\/\/www.delalumiereauxyeux-photo.fr\/wp-content\/uploads\/2026\/03\/DSC_4854-1024x683.jpg 1024w, https:\/\/www.delalumiereauxyeux-photo.fr\/wp-content\/uploads\/2026\/03\/DSC_4854-300x200.jpg 300w, https:\/\/www.delalumiereauxyeux-photo.fr\/wp-content\/uploads\/2026\/03\/DSC_4854-768x512.jpg 768w, https:\/\/www.delalumiereauxyeux-photo.fr\/wp-content\/uploads\/2026\/03\/DSC_4854-1536x1024.jpg 1536w, https:\/\/www.delalumiereauxyeux-photo.fr\/wp-content\/uploads\/2026\/03\/DSC_4854-2048x1365.jpg 2048w\" sizes=\"(max-width: 1024px) 100vw, 1024px\" \/><\/figure>\n\n\n\n<figure class=\"wp-block-image size-large\"><img loading=\"lazy\" decoding=\"async\" width=\"1024\" height=\"471\" src=\"http:\/\/www.delalumiereauxyeux-photo.fr\/wp-content\/uploads\/2026\/03\/DSC_4861-1024x471.jpg\" alt=\"34e rallye de la Vienne 2026 photographe De la lumi\u00e8re aux yeux\" class=\"wp-image-8994\" srcset=\"https:\/\/www.delalumiereauxyeux-photo.fr\/wp-content\/uploads\/2026\/03\/DSC_4861-1024x471.jpg 1024w, https:\/\/www.delalumiereauxyeux-photo.fr\/wp-content\/uploads\/2026\/03\/DSC_4861-300x138.jpg 300w, https:\/\/www.delalumiereauxyeux-photo.fr\/wp-content\/uploads\/2026\/03\/DSC_4861-768x353.jpg 768w, https:\/\/www.delalumiereauxyeux-photo.fr\/wp-content\/uploads\/2026\/03\/DSC_4861-1536x706.jpg 1536w, https:\/\/www.delalumiereauxyeux-photo.fr\/wp-content\/uploads\/2026\/03\/DSC_4861-2048x941.jpg 2048w\" sizes=\"(max-width: 1024px) 100vw, 1024px\" \/><\/figure>\n\n\n\n<figure class=\"wp-block-image size-large\"><img loading=\"lazy\" decoding=\"async\" width=\"1024\" height=\"459\" src=\"http:\/\/www.delalumiereauxyeux-photo.fr\/wp-content\/uploads\/2026\/03\/DSC_4904-1024x459.jpg\" alt=\"34e rallye de la Vienne 2026 photographe De la lumi\u00e8re aux yeux\" class=\"wp-image-8995\" srcset=\"https:\/\/www.delalumiereauxyeux-photo.fr\/wp-content\/uploads\/2026\/03\/DSC_4904-1024x459.jpg 1024w, https:\/\/www.delalumiereauxyeux-photo.fr\/wp-content\/uploads\/2026\/03\/DSC_4904-300x135.jpg 300w, https:\/\/www.delalumiereauxyeux-photo.fr\/wp-content\/uploads\/2026\/03\/DSC_4904-768x344.jpg 768w, https:\/\/www.delalumiereauxyeux-photo.fr\/wp-content\/uploads\/2026\/03\/DSC_4904-1536x689.jpg 1536w, https:\/\/www.delalumiereauxyeux-photo.fr\/wp-content\/uploads\/2026\/03\/DSC_4904-2048x918.jpg 2048w\" sizes=\"(max-width: 1024px) 100vw, 1024px\" \/><\/figure>\n\n\n\n<figure class=\"wp-block-image size-large\"><img loading=\"lazy\" decoding=\"async\" width=\"1024\" height=\"683\" src=\"http:\/\/www.delalumiereauxyeux-photo.fr\/wp-content\/uploads\/2026\/03\/DSC_4908-1024x683.jpg\" alt=\"34e rallye de la Vienne 2026 photographe De la lumi\u00e8re aux yeux\" class=\"wp-image-8996\" srcset=\"https:\/\/www.delalumiereauxyeux-photo.fr\/wp-content\/uploads\/2026\/03\/DSC_4908-1024x683.jpg 1024w, https:\/\/www.delalumiereauxyeux-photo.fr\/wp-content\/uploads\/2026\/03\/DSC_4908-300x200.jpg 300w, https:\/\/www.delalumiereauxyeux-photo.fr\/wp-content\/uploads\/2026\/03\/DSC_4908-768x512.jpg 768w, https:\/\/www.delalumiereauxyeux-photo.fr\/wp-content\/uploads\/2026\/03\/DSC_4908-1536x1024.jpg 1536w, https:\/\/www.delalumiereauxyeux-photo.fr\/wp-content\/uploads\/2026\/03\/DSC_4908-2048x1365.jpg 2048w\" sizes=\"(max-width: 1024px) 100vw, 1024px\" \/><\/figure>\n\n\n\n<figure class=\"wp-block-image size-large\"><img loading=\"lazy\" decoding=\"async\" width=\"1024\" height=\"771\" src=\"http:\/\/www.delalumiereauxyeux-photo.fr\/wp-content\/uploads\/2026\/03\/DSC_4938-1024x771.jpg\" alt=\"34e rallye de la Vienne 2026 photographe De la lumi\u00e8re aux yeux\" class=\"wp-image-8998\" srcset=\"https:\/\/www.delalumiereauxyeux-photo.fr\/wp-content\/uploads\/2026\/03\/DSC_4938-1024x771.jpg 1024w, https:\/\/www.delalumiereauxyeux-photo.fr\/wp-content\/uploads\/2026\/03\/DSC_4938-300x226.jpg 300w, https:\/\/www.delalumiereauxyeux-photo.fr\/wp-content\/uploads\/2026\/03\/DSC_4938-768x578.jpg 768w, https:\/\/www.delalumiereauxyeux-photo.fr\/wp-content\/uploads\/2026\/03\/DSC_4938-1536x1157.jpg 1536w, https:\/\/www.delalumiereauxyeux-photo.fr\/wp-content\/uploads\/2026\/03\/DSC_4938-2048x1542.jpg 2048w\" sizes=\"(max-width: 1024px) 100vw, 1024px\" \/><\/figure>\n\n\n\n<figure class=\"wp-block-image size-large\"><img loading=\"lazy\" decoding=\"async\" width=\"1024\" height=\"683\" src=\"http:\/\/www.delalumiereauxyeux-photo.fr\/wp-content\/uploads\/2026\/03\/DSC_4955-1024x683.jpg\" alt=\"34e rallye de la Vienne 2026 photographe De la lumi\u00e8re aux yeux\" class=\"wp-image-8999\" srcset=\"https:\/\/www.delalumiereauxyeux-photo.fr\/wp-content\/uploads\/2026\/03\/DSC_4955-1024x683.jpg 1024w, https:\/\/www.delalumiereauxyeux-photo.fr\/wp-content\/uploads\/2026\/03\/DSC_4955-300x200.jpg 300w, https:\/\/www.delalumiereauxyeux-photo.fr\/wp-content\/uploads\/2026\/03\/DSC_4955-768x512.jpg 768w, https:\/\/www.delalumiereauxyeux-photo.fr\/wp-content\/uploads\/2026\/03\/DSC_4955-1536x1024.jpg 1536w, https:\/\/www.delalumiereauxyeux-photo.fr\/wp-content\/uploads\/2026\/03\/DSC_4955-2048x1365.jpg 2048w\" sizes=\"(max-width: 1024px) 100vw, 1024px\" \/><\/figure>\n\n\n\n<p>Et un beau coucher de soleil sur l&rsquo;ES 6!<\/p>\n\n\n\n<figure class=\"wp-block-image size-large\"><img loading=\"lazy\" decoding=\"async\" width=\"1024\" height=\"683\" src=\"http:\/\/www.delalumiereauxyeux-photo.fr\/wp-content\/uploads\/2026\/03\/DSC_4923-1024x683.jpg\" alt=\"34e rallye de la Vienne 2026 photographe De la lumi\u00e8re aux yeux\" class=\"wp-image-8997\" srcset=\"https:\/\/www.delalumiereauxyeux-photo.fr\/wp-content\/uploads\/2026\/03\/DSC_4923-1024x683.jpg 1024w, https:\/\/www.delalumiereauxyeux-photo.fr\/wp-content\/uploads\/2026\/03\/DSC_4923-300x200.jpg 300w, https:\/\/www.delalumiereauxyeux-photo.fr\/wp-content\/uploads\/2026\/03\/DSC_4923-768x512.jpg 768w, https:\/\/www.delalumiereauxyeux-photo.fr\/wp-content\/uploads\/2026\/03\/DSC_4923-1536x1024.jpg 1536w, https:\/\/www.delalumiereauxyeux-photo.fr\/wp-content\/uploads\/2026\/03\/DSC_4923-2048x1365.jpg 2048w\" sizes=\"(max-width: 1024px) 100vw, 1024px\" \/><\/figure>\n\n\n\n<p>Le podium<\/p>\n\n\n\n<figure class=\"wp-block-image size-large\"><img loading=\"lazy\" decoding=\"async\" width=\"1024\" height=\"614\" src=\"http:\/\/www.delalumiereauxyeux-photo.fr\/wp-content\/uploads\/2026\/03\/DSC_4972-2-1024x614.jpg\" alt=\"34e rallye de la Vienne 2026 photographe De la lumi\u00e8re aux yeux\" class=\"wp-image-9000\" srcset=\"https:\/\/www.delalumiereauxyeux-photo.fr\/wp-content\/uploads\/2026\/03\/DSC_4972-2-1024x614.jpg 1024w, https:\/\/www.delalumiereauxyeux-photo.fr\/wp-content\/uploads\/2026\/03\/DSC_4972-2-300x180.jpg 300w, https:\/\/www.delalumiereauxyeux-photo.fr\/wp-content\/uploads\/2026\/03\/DSC_4972-2-768x460.jpg 768w, https:\/\/www.delalumiereauxyeux-photo.fr\/wp-content\/uploads\/2026\/03\/DSC_4972-2-1536x921.jpg 1536w, https:\/\/www.delalumiereauxyeux-photo.fr\/wp-content\/uploads\/2026\/03\/DSC_4972-2-2048x1228.jpg 2048w\" sizes=\"(max-width: 1024px) 100vw, 1024px\" \/><\/figure>\n\n\n\n<figure class=\"wp-block-image size-large\"><img loading=\"lazy\" decoding=\"async\" width=\"1024\" height=\"616\" src=\"http:\/\/www.delalumiereauxyeux-photo.fr\/wp-content\/uploads\/2026\/03\/DSC_4973-1024x616.jpg\" alt=\"34e rallye de la Vienne 2026 photographe De la lumi\u00e8re aux yeux\" class=\"wp-image-9001\" srcset=\"https:\/\/www.delalumiereauxyeux-photo.fr\/wp-content\/uploads\/2026\/03\/DSC_4973-1024x616.jpg 1024w, https:\/\/www.delalumiereauxyeux-photo.fr\/wp-content\/uploads\/2026\/03\/DSC_4973-300x181.jpg 300w, https:\/\/www.delalumiereauxyeux-photo.fr\/wp-content\/uploads\/2026\/03\/DSC_4973-768x462.jpg 768w, https:\/\/www.delalumiereauxyeux-photo.fr\/wp-content\/uploads\/2026\/03\/DSC_4973-1536x924.jpg 1536w, https:\/\/www.delalumiereauxyeux-photo.fr\/wp-content\/uploads\/2026\/03\/DSC_4973-2048x1232.jpg 2048w\" sizes=\"(max-width: 1024px) 100vw, 1024px\" \/><\/figure>\n\n\n\n<figure class=\"wp-block-image size-large\"><img loading=\"lazy\" decoding=\"async\" width=\"683\" height=\"1024\" src=\"http:\/\/www.delalumiereauxyeux-photo.fr\/wp-content\/uploads\/2026\/03\/DSC_4974-683x1024.jpg\" alt=\"34e rallye de la Vienne 2026 photographe De la lumi\u00e8re aux yeux\" class=\"wp-image-9002\" srcset=\"https:\/\/www.delalumiereauxyeux-photo.fr\/wp-content\/uploads\/2026\/03\/DSC_4974-683x1024.jpg 683w, https:\/\/www.delalumiereauxyeux-photo.fr\/wp-content\/uploads\/2026\/03\/DSC_4974-200x300.jpg 200w, https:\/\/www.delalumiereauxyeux-photo.fr\/wp-content\/uploads\/2026\/03\/DSC_4974-768x1152.jpg 768w, https:\/\/www.delalumiereauxyeux-photo.fr\/wp-content\/uploads\/2026\/03\/DSC_4974-1024x1536.jpg 1024w, https:\/\/www.delalumiereauxyeux-photo.fr\/wp-content\/uploads\/2026\/03\/DSC_4974-1365x2048.jpg 1365w, https:\/\/www.delalumiereauxyeux-photo.fr\/wp-content\/uploads\/2026\/03\/DSC_4974-scaled.jpg 1707w\" sizes=\"(max-width: 683px) 100vw, 683px\" \/><\/figure>\n\n\n\n<figure class=\"wp-block-image size-large\"><img loading=\"lazy\" decoding=\"async\" width=\"1024\" height=\"743\" src=\"http:\/\/www.delalumiereauxyeux-photo.fr\/wp-content\/uploads\/2026\/03\/DSC_0502-1024x743.jpg\" alt=\"34e rallye de la Vienne 2026 photographe De la lumi\u00e8re aux yeux\" class=\"wp-image-9008\" srcset=\"https:\/\/www.delalumiereauxyeux-photo.fr\/wp-content\/uploads\/2026\/03\/DSC_0502-1024x743.jpg 1024w, https:\/\/www.delalumiereauxyeux-photo.fr\/wp-content\/uploads\/2026\/03\/DSC_0502-300x218.jpg 300w, https:\/\/www.delalumiereauxyeux-photo.fr\/wp-content\/uploads\/2026\/03\/DSC_0502-768x557.jpg 768w, https:\/\/www.delalumiereauxyeux-photo.fr\/wp-content\/uploads\/2026\/03\/DSC_0502-1536x1115.jpg 1536w, https:\/\/www.delalumiereauxyeux-photo.fr\/wp-content\/uploads\/2026\/03\/DSC_0502-2048x1486.jpg 2048w\" sizes=\"(max-width: 1024px) 100vw, 1024px\" \/><\/figure>\n\n\n\n<figure class=\"wp-block-image size-large\"><img loading=\"lazy\" decoding=\"async\" width=\"1024\" height=\"683\" src=\"http:\/\/www.delalumiereauxyeux-photo.fr\/wp-content\/uploads\/2026\/03\/DSC_0511-1024x683.jpg\" alt=\"34e rallye de la Vienne 2026 photographe De la lumi\u00e8re aux yeux\" class=\"wp-image-9009\" srcset=\"https:\/\/www.delalumiereauxyeux-photo.fr\/wp-content\/uploads\/2026\/03\/DSC_0511-1024x683.jpg 1024w, https:\/\/www.delalumiereauxyeux-photo.fr\/wp-content\/uploads\/2026\/03\/DSC_0511-300x200.jpg 300w, https:\/\/www.delalumiereauxyeux-photo.fr\/wp-content\/uploads\/2026\/03\/DSC_0511-768x512.jpg 768w, https:\/\/www.delalumiereauxyeux-photo.fr\/wp-content\/uploads\/2026\/03\/DSC_0511-1536x1024.jpg 1536w, https:\/\/www.delalumiereauxyeux-photo.fr\/wp-content\/uploads\/2026\/03\/DSC_0511-2048x1365.jpg 2048w\" sizes=\"(max-width: 1024px) 100vw, 1024px\" \/><\/figure>\n\n\n\n<figure class=\"wp-block-image size-large\"><img loading=\"lazy\" decoding=\"async\" width=\"1024\" height=\"549\" src=\"http:\/\/www.delalumiereauxyeux-photo.fr\/wp-content\/uploads\/2026\/03\/DSC_4980-1024x549.jpg\" alt=\"34e rallye de la Vienne 2026 photographe De la lumi\u00e8re aux yeux\" class=\"wp-image-9003\" srcset=\"https:\/\/www.delalumiereauxyeux-photo.fr\/wp-content\/uploads\/2026\/03\/DSC_4980-1024x549.jpg 1024w, https:\/\/www.delalumiereauxyeux-photo.fr\/wp-content\/uploads\/2026\/03\/DSC_4980-300x161.jpg 300w, https:\/\/www.delalumiereauxyeux-photo.fr\/wp-content\/uploads\/2026\/03\/DSC_4980-768x412.jpg 768w, https:\/\/www.delalumiereauxyeux-photo.fr\/wp-content\/uploads\/2026\/03\/DSC_4980-1536x823.jpg 1536w, https:\/\/www.delalumiereauxyeux-photo.fr\/wp-content\/uploads\/2026\/03\/DSC_4980-2048x1098.jpg 2048w\" sizes=\"(max-width: 1024px) 100vw, 1024px\" \/><\/figure>\n\n\n\n<figure class=\"wp-block-image size-large\"><img loading=\"lazy\" decoding=\"async\" width=\"1024\" height=\"612\" src=\"http:\/\/www.delalumiereauxyeux-photo.fr\/wp-content\/uploads\/2026\/03\/DSC_4983-1024x612.jpg\" alt=\"34e rallye de la Vienne 2026 photographe De la lumi\u00e8re aux yeux\" class=\"wp-image-9004\" srcset=\"https:\/\/www.delalumiereauxyeux-photo.fr\/wp-content\/uploads\/2026\/03\/DSC_4983-1024x612.jpg 1024w, https:\/\/www.delalumiereauxyeux-photo.fr\/wp-content\/uploads\/2026\/03\/DSC_4983-300x179.jpg 300w, https:\/\/www.delalumiereauxyeux-photo.fr\/wp-content\/uploads\/2026\/03\/DSC_4983-768x459.jpg 768w, https:\/\/www.delalumiereauxyeux-photo.fr\/wp-content\/uploads\/2026\/03\/DSC_4983-1536x918.jpg 1536w, https:\/\/www.delalumiereauxyeux-photo.fr\/wp-content\/uploads\/2026\/03\/DSC_4983-2048x1224.jpg 2048w\" sizes=\"(max-width: 1024px) 100vw, 1024px\" \/><\/figure>\n\n\n\n<figure class=\"wp-block-image size-large\"><img loading=\"lazy\" decoding=\"async\" width=\"1024\" height=\"659\" src=\"http:\/\/www.delalumiereauxyeux-photo.fr\/wp-content\/uploads\/2026\/03\/DSC_4986-1024x659.jpg\" alt=\"34e rallye de la Vienne 2026 photographe De la lumi\u00e8re aux yeux\" class=\"wp-image-9005\" srcset=\"https:\/\/www.delalumiereauxyeux-photo.fr\/wp-content\/uploads\/2026\/03\/DSC_4986-1024x659.jpg 1024w, https:\/\/www.delalumiereauxyeux-photo.fr\/wp-content\/uploads\/2026\/03\/DSC_4986-300x193.jpg 300w, https:\/\/www.delalumiereauxyeux-photo.fr\/wp-content\/uploads\/2026\/03\/DSC_4986-768x494.jpg 768w, https:\/\/www.delalumiereauxyeux-photo.fr\/wp-content\/uploads\/2026\/03\/DSC_4986-1536x988.jpg 1536w, https:\/\/www.delalumiereauxyeux-photo.fr\/wp-content\/uploads\/2026\/03\/DSC_4986-2048x1318.jpg 2048w\" sizes=\"(max-width: 1024px) 100vw, 1024px\" \/><\/figure>\n\n\n\n<figure class=\"wp-block-image size-large\"><img loading=\"lazy\" decoding=\"async\" width=\"1024\" height=\"549\" src=\"http:\/\/www.delalumiereauxyeux-photo.fr\/wp-content\/uploads\/2026\/03\/DSC_4992-1024x549.jpg\" alt=\"34e rallye de la Vienne 2026 photographe De la lumi\u00e8re aux yeux\" class=\"wp-image-9006\" srcset=\"https:\/\/www.delalumiereauxyeux-photo.fr\/wp-content\/uploads\/2026\/03\/DSC_4992-1024x549.jpg 1024w, https:\/\/www.delalumiereauxyeux-photo.fr\/wp-content\/uploads\/2026\/03\/DSC_4992-300x161.jpg 300w, https:\/\/www.delalumiereauxyeux-photo.fr\/wp-content\/uploads\/2026\/03\/DSC_4992-768x412.jpg 768w, https:\/\/www.delalumiereauxyeux-photo.fr\/wp-content\/uploads\/2026\/03\/DSC_4992-1536x824.jpg 1536w, https:\/\/www.delalumiereauxyeux-photo.fr\/wp-content\/uploads\/2026\/03\/DSC_4992-2048x1099.jpg 2048w\" sizes=\"(max-width: 1024px) 100vw, 1024px\" \/><\/figure>\n\n\n\n<figure class=\"wp-block-image size-large\"><img loading=\"lazy\" decoding=\"async\" width=\"1024\" height=\"573\" src=\"http:\/\/www.delalumiereauxyeux-photo.fr\/wp-content\/uploads\/2026\/03\/DSC_4996-1024x573.jpg\" alt=\"34e rallye de la Vienne 2026 photographe De la lumi\u00e8re aux yeux\" class=\"wp-image-9007\" srcset=\"https:\/\/www.delalumiereauxyeux-photo.fr\/wp-content\/uploads\/2026\/03\/DSC_4996-1024x573.jpg 1024w, https:\/\/www.delalumiereauxyeux-photo.fr\/wp-content\/uploads\/2026\/03\/DSC_4996-300x168.jpg 300w, https:\/\/www.delalumiereauxyeux-photo.fr\/wp-content\/uploads\/2026\/03\/DSC_4996-768x430.jpg 768w, https:\/\/www.delalumiereauxyeux-photo.fr\/wp-content\/uploads\/2026\/03\/DSC_4996-1536x859.jpg 1536w, https:\/\/www.delalumiereauxyeux-photo.fr\/wp-content\/uploads\/2026\/03\/DSC_4996-2048x1145.jpg 2048w\" sizes=\"(max-width: 1024px) 100vw, 1024px\" \/><\/figure>\n\n\n\n<p>Vous pouvez retrouver tous les r\u00e9sultats sur le site de la FFSA<\/p>\n\n\n\n<p>VHC<\/p>\n\n\n\n<figure class=\"wp-block-image size-large\"><img loading=\"lazy\" decoding=\"async\" width=\"1024\" height=\"612\" src=\"http:\/\/www.delalumiereauxyeux-photo.fr\/wp-content\/uploads\/2026\/03\/Capture-decran-2026-03-11-163031-1024x612.png\" alt=\"34e rallye de la Vienne 2026 photographe De la lumi\u00e8re aux yeux\" class=\"wp-image-9025\" srcset=\"https:\/\/www.delalumiereauxyeux-photo.fr\/wp-content\/uploads\/2026\/03\/Capture-decran-2026-03-11-163031-1024x612.png 1024w, https:\/\/www.delalumiereauxyeux-photo.fr\/wp-content\/uploads\/2026\/03\/Capture-decran-2026-03-11-163031-300x179.png 300w, https:\/\/www.delalumiereauxyeux-photo.fr\/wp-content\/uploads\/2026\/03\/Capture-decran-2026-03-11-163031-768x459.png 768w, https:\/\/www.delalumiereauxyeux-photo.fr\/wp-content\/uploads\/2026\/03\/Capture-decran-2026-03-11-163031.png 1186w\" sizes=\"(max-width: 1024px) 100vw, 1024px\" \/><\/figure>\n\n\n\n<p>Modernes<\/p>\n\n\n\n<figure class=\"wp-block-image size-large\"><img loading=\"lazy\" decoding=\"async\" width=\"1024\" height=\"673\" src=\"http:\/\/www.delalumiereauxyeux-photo.fr\/wp-content\/uploads\/2026\/03\/Capture-decran-2026-03-11-162943-1024x673.png\" alt=\"34e rallye de la Vienne 2026 photographe De la lumi\u00e8re aux yeux\" class=\"wp-image-9024\" srcset=\"https:\/\/www.delalumiereauxyeux-photo.fr\/wp-content\/uploads\/2026\/03\/Capture-decran-2026-03-11-162943-1024x673.png 1024w, https:\/\/www.delalumiereauxyeux-photo.fr\/wp-content\/uploads\/2026\/03\/Capture-decran-2026-03-11-162943-300x197.png 300w, https:\/\/www.delalumiereauxyeux-photo.fr\/wp-content\/uploads\/2026\/03\/Capture-decran-2026-03-11-162943-768x505.png 768w, https:\/\/www.delalumiereauxyeux-photo.fr\/wp-content\/uploads\/2026\/03\/Capture-decran-2026-03-11-162943.png 1165w\" sizes=\"(max-width: 1024px) 100vw, 1024px\" \/><\/figure>\n\n\n\n<p>Bravo \u00e0 toutes et \u00e0 tous! \ud83d\ude42<\/p>\n\n\n\n<p>\u00a9 Tous droits r\u00e9serv\u00e9s 2026.<\/p>\n\n\n\n<p>Merci aux organisateurs pour cette superbe organisation comme chaque ann\u00e9e, aux b\u00e9n\u00e9voles et aux commissaires pour leur accueil.<\/p>\n\n\n\n<p>Toutes mes photos ne sont pas pr\u00e9sent\u00e9es dans l&rsquo;article, alors n&rsquo;h\u00e9sitez pas \u00e0 me contacter \ud83d\ude09<\/p>\n\n\n\n<p>Les photos sont disponibles \u00e0 l&rsquo;achat au format num\u00e9rique&nbsp;<a href=\"https:\/\/www.delalumiereauxyeux-photo.fr\/?page_id=2430\">Contact &#8211; De la lumi\u00e8re aux yeux (delalumiereauxyeux-photo.fr)<\/a><\/p>\n\n\n\n<p>Si vous souhaitez une prestation photos, contactez-moi. Vous pouvez \u00e9galement m&rsquo;envoyer vos noms, pr\u00e9noms, voiture(s), \u00e9v\u00e8nement(s), dates et lieux o\u00f9 vous serez en 2026&nbsp;<a href=\"https:\/\/www.delalumiereauxyeux-photo.fr\/?page_id=2430\">Contact &#8211; De la lumi\u00e8re aux yeux (delalumiereauxyeux-photo.fr)<\/a> !<\/p>\n\n\n\n<p>Vous pouvez \u00e9galement me laisser vos commentaires sur cet article.<\/p>\n\n\n\n<p>A bient\u00f4t! \ud83d\ude42<\/p>\n\n\n\n<p>Ang\u00e9lique.<\/p>\n\n\n\n<p>Vous pouvez me retrouver sur :<\/p>\n\n\n\n<ul>\n<li>Facebook&nbsp;<a href=\"https:\/\/www.facebook.com\/DelalumiereauxyeuxPhotographe\">Delalumi\u00e8reauxyeux Photographe | Erceville | Facebook<\/a><\/li>\n\n\n\n<li>Instagram&nbsp;<a href=\"https:\/\/www.instagram.com\/angiephoto28\/\">Angie (@angiephoto28) \u2022 Photos et vid\u00e9os Instagram<\/a><\/li>\n\n\n\n<li>site internet <a href=\"https:\/\/www.delalumiereauxyeux.fr\/\">https:\/\/www.delalumiereauxyeux.fr\/<\/a><\/li>\n\n\n\n<li>Linkedln <a href=\"https:\/\/www.linkedin.com\/in\/ang%C3%A9lique-de-la-lumi%C3%A8re-aux-yeux-65418826b\/\">https:\/\/www.linkedin.com\/in\/ang%C3%A9lique-de-la-lumi%C3%A8re-aux-yeux-65418826b\/<\/a><\/li>\n<\/ul>\n\n\n\n<p><em>Les photos sont compress\u00e9es pour le blog et n&rsquo;ont pas leur qualit\u00e9 optimale.<\/em><\/p>\n","protected":false},"excerpt":{"rendered":"<p>La journ\u00e9e de ce samedi 7 mars 2026 plac\u00e9e sous le beau temps et les tee-shirts \u00e9taient de sortie! \ud83d\ude42 Deux ES faites 4 fois sur les communes de ARCHIGNY, CHENEVELLES, LEIGNE LES BOIS entre autres, pour finir de nuit. Parc et podium \u00e9taient au parc du Chillou \u00e0 Ch\u00e2tellerault, comme \u00e0 son habitude. Voitures [&hellip;]<\/p>\n","protected":false},"author":1,"featured_media":0,"comment_status":"open","ping_status":"closed","sticky":false,"template":"","format":"standard","meta":{"_monsterinsights_skip_tracking":false,"_monsterinsights_sitenote_active":false,"_monsterinsights_sitenote_note":"","_monsterinsights_sitenote_category":0,"footnotes":""},"categories":[1],"tags":[],"yoast_head":"<!-- This site is optimized with the Yoast SEO plugin v22.2 - https:\/\/yoast.com\/wordpress\/plugins\/seo\/ -->\n<title>34e rallye de la Vienne et 9e VHC - De la lumi\u00e8re aux yeux<\/title>\n<meta name=\"robots\" content=\"index, follow, max-snippet:-1, max-image-preview:large, max-video-preview:-1\" \/>\n<link rel=\"canonical\" href=\"https:\/\/www.delalumiereauxyeux-photo.fr\/?p=9011\" \/>\n<meta property=\"og:locale\" content=\"fr_FR\" \/>\n<meta property=\"og:type\" content=\"article\" \/>\n<meta property=\"og:title\" content=\"34e rallye de la Vienne et 9e VHC - De la lumi\u00e8re aux yeux\" \/>\n<meta property=\"og:description\" content=\"La journ\u00e9e de ce samedi 7 mars 2026 plac\u00e9e sous le beau temps et les tee-shirts \u00e9taient de sortie! \ud83d\ude42 Deux ES faites 4 fois sur les communes de ARCHIGNY, CHENEVELLES, LEIGNE LES BOIS entre autres, pour finir de nuit. Parc et podium \u00e9taient au parc du Chillou \u00e0 Ch\u00e2tellerault, comme \u00e0 son habitude. Voitures [&hellip;]\" \/>\n<meta property=\"og:url\" content=\"https:\/\/www.delalumiereauxyeux-photo.fr\/?p=9011\" \/>\n<meta property=\"og:site_name\" content=\"De la lumi\u00e8re aux yeux\" \/>\n<meta property=\"article:author\" content=\"https:\/\/www.facebook.com\/angelique.delalumiereauxyeux.5?__tn__=dlC-RHH-R-R&amp;eid=ARDORkTB_yutZsrVTEEeZ0LAobESxObVoalsaetnRjmZdhewjwojedF8h09RZ8oly8_ro0dEnvSLIUeS&amp;hc_ref=ARSbH4jjDNc2QSSUZPjZH0vrxiNgcNzLcrprkTea6WAzZ09DAHcjGeYU5y5PXqG08Ac\" \/>\n<meta property=\"article:published_time\" content=\"2026-03-11T15:39:28+00:00\" \/>\n<meta property=\"article:modified_time\" content=\"2026-03-11T16:56:03+00:00\" \/>\n<meta property=\"og:image\" content=\"http:\/\/www.delalumiereauxyeux-photo.fr\/wp-content\/uploads\/2026\/03\/DSC_4972-2-1024x614.jpg\" \/>\n<meta name=\"author\" content=\"delalumiereauxyeux\" \/>\n<meta name=\"twitter:card\" content=\"summary_large_image\" \/>\n<meta name=\"twitter:label1\" content=\"\u00c9crit par\" \/>\n\t<meta name=\"twitter:data1\" content=\"delalumiereauxyeux\" \/>\n\t<meta name=\"twitter:label2\" content=\"Dur\u00e9e de lecture estim\u00e9e\" \/>\n\t<meta name=\"twitter:data2\" content=\"24 minutes\" \/>\n<script type=\"application\/ld+json\" class=\"yoast-schema-graph\">{\"@context\":\"https:\/\/schema.org\",\"@graph\":[{\"@type\":\"WebPage\",\"@id\":\"https:\/\/www.delalumiereauxyeux-photo.fr\/?p=9011\",\"url\":\"https:\/\/www.delalumiereauxyeux-photo.fr\/?p=9011\",\"name\":\"34e rallye de la Vienne et 9e VHC - De la lumi\u00e8re aux yeux\",\"isPartOf\":{\"@id\":\"https:\/\/www.delalumiereauxyeux-photo.fr\/#website\"},\"primaryImageOfPage\":{\"@id\":\"https:\/\/www.delalumiereauxyeux-photo.fr\/?p=9011#primaryimage\"},\"image\":{\"@id\":\"https:\/\/www.delalumiereauxyeux-photo.fr\/?p=9011#primaryimage\"},\"thumbnailUrl\":\"http:\/\/www.delalumiereauxyeux-photo.fr\/wp-content\/uploads\/2026\/03\/DSC_4972-2-1024x614.jpg\",\"datePublished\":\"2026-03-11T15:39:28+00:00\",\"dateModified\":\"2026-03-11T16:56:03+00:00\",\"author\":{\"@id\":\"https:\/\/www.delalumiereauxyeux-photo.fr\/#\/schema\/person\/fbdc98761dd92f98cdb911153e949213\"},\"breadcrumb\":{\"@id\":\"https:\/\/www.delalumiereauxyeux-photo.fr\/?p=9011#breadcrumb\"},\"inLanguage\":\"fr-FR\",\"potentialAction\":[{\"@type\":\"ReadAction\",\"target\":[\"https:\/\/www.delalumiereauxyeux-photo.fr\/?p=9011\"]}]},{\"@type\":\"ImageObject\",\"inLanguage\":\"fr-FR\",\"@id\":\"https:\/\/www.delalumiereauxyeux-photo.fr\/?p=9011#primaryimage\",\"url\":\"https:\/\/www.delalumiereauxyeux-photo.fr\/wp-content\/uploads\/2026\/03\/DSC_4972-2-scaled.jpg\",\"contentUrl\":\"https:\/\/www.delalumiereauxyeux-photo.fr\/wp-content\/uploads\/2026\/03\/DSC_4972-2-scaled.jpg\",\"width\":2560,\"height\":1535,\"caption\":\"34e rallye de la Vienne 2026 photographe De la lumi\u00e8re aux yeux\"},{\"@type\":\"BreadcrumbList\",\"@id\":\"https:\/\/www.delalumiereauxyeux-photo.fr\/?p=9011#breadcrumb\",\"itemListElement\":[{\"@type\":\"ListItem\",\"position\":1,\"name\":\"Accueil\",\"item\":\"https:\/\/www.delalumiereauxyeux-photo.fr\/\"},{\"@type\":\"ListItem\",\"position\":2,\"name\":\"34e rallye de la Vienne et 9e VHC\"}]},{\"@type\":\"WebSite\",\"@id\":\"https:\/\/www.delalumiereauxyeux-photo.fr\/#website\",\"url\":\"https:\/\/www.delalumiereauxyeux-photo.fr\/\",\"name\":\"De la lumi\u00e8re aux yeux\",\"description\":\"De la lumi\u00e8re aux yeux\",\"potentialAction\":[{\"@type\":\"SearchAction\",\"target\":{\"@type\":\"EntryPoint\",\"urlTemplate\":\"https:\/\/www.delalumiereauxyeux-photo.fr\/?s={search_term_string}\"},\"query-input\":\"required name=search_term_string\"}],\"inLanguage\":\"fr-FR\"},{\"@type\":\"Person\",\"@id\":\"https:\/\/www.delalumiereauxyeux-photo.fr\/#\/schema\/person\/fbdc98761dd92f98cdb911153e949213\",\"name\":\"delalumiereauxyeux\",\"image\":{\"@type\":\"ImageObject\",\"inLanguage\":\"fr-FR\",\"@id\":\"https:\/\/www.delalumiereauxyeux-photo.fr\/#\/schema\/person\/image\/\",\"url\":\"https:\/\/secure.gravatar.com\/avatar\/8fecce8824b60e8618943375d4f3666c?s=96&d=mm&r=g\",\"contentUrl\":\"https:\/\/secure.gravatar.com\/avatar\/8fecce8824b60e8618943375d4f3666c?s=96&d=mm&r=g\",\"caption\":\"delalumiereauxyeux\"},\"sameAs\":[\"https:\/\/www.facebook.com\/angelique.delalumiereauxyeux.5?__tn__=dlC-RHH-R-R&eid=ARDORkTB_yutZsrVTEEeZ0LAobESxObVoalsaetnRjmZdhewjwojedF8h09RZ8oly8_ro0dEnvSLIUeS&hc_ref=ARSbH4jjDNc2QSSUZPjZH0vrxiNgcNzLcrprkTea6WAzZ09DAHcjGeYU5y5PXqG08Ac\",\"https:\/\/www.instagram.com\/angiephoto28\/\",\"https:\/\/www.linkedin.com\/in\/anglique-de-la-lumire-aux-yeux-65418826b\/\"]}]}<\/script>\n<!-- \/ Yoast SEO plugin. -->","yoast_head_json":{"title":"34e rallye de la Vienne et 9e VHC - De la lumi\u00e8re aux yeux","robots":{"index":"index","follow":"follow","max-snippet":"max-snippet:-1","max-image-preview":"max-image-preview:large","max-video-preview":"max-video-preview:-1"},"canonical":"https:\/\/www.delalumiereauxyeux-photo.fr\/?p=9011","og_locale":"fr_FR","og_type":"article","og_title":"34e rallye de la Vienne et 9e VHC - De la lumi\u00e8re aux yeux","og_description":"La journ\u00e9e de ce samedi 7 mars 2026 plac\u00e9e sous le beau temps et les tee-shirts \u00e9taient de sortie! \ud83d\ude42 Deux ES faites 4 fois sur les communes de ARCHIGNY, CHENEVELLES, LEIGNE LES BOIS entre autres, pour finir de nuit. Parc et podium \u00e9taient au parc du Chillou \u00e0 Ch\u00e2tellerault, comme \u00e0 son habitude. Voitures [&hellip;]","og_url":"https:\/\/www.delalumiereauxyeux-photo.fr\/?p=9011","og_site_name":"De la lumi\u00e8re aux yeux","article_author":"https:\/\/www.facebook.com\/angelique.delalumiereauxyeux.5?__tn__=dlC-RHH-R-R&eid=ARDORkTB_yutZsrVTEEeZ0LAobESxObVoalsaetnRjmZdhewjwojedF8h09RZ8oly8_ro0dEnvSLIUeS&hc_ref=ARSbH4jjDNc2QSSUZPjZH0vrxiNgcNzLcrprkTea6WAzZ09DAHcjGeYU5y5PXqG08Ac","article_published_time":"2026-03-11T15:39:28+00:00","article_modified_time":"2026-03-11T16:56:03+00:00","og_image":[{"url":"http:\/\/www.delalumiereauxyeux-photo.fr\/wp-content\/uploads\/2026\/03\/DSC_4972-2-1024x614.jpg"}],"author":"delalumiereauxyeux","twitter_card":"summary_large_image","twitter_misc":{"\u00c9crit par":"delalumiereauxyeux","Dur\u00e9e de lecture estim\u00e9e":"24 minutes"},"schema":{"@context":"https:\/\/schema.org","@graph":[{"@type":"WebPage","@id":"https:\/\/www.delalumiereauxyeux-photo.fr\/?p=9011","url":"https:\/\/www.delalumiereauxyeux-photo.fr\/?p=9011","name":"34e rallye de la Vienne et 9e VHC - De la lumi\u00e8re aux yeux","isPartOf":{"@id":"https:\/\/www.delalumiereauxyeux-photo.fr\/#website"},"primaryImageOfPage":{"@id":"https:\/\/www.delalumiereauxyeux-photo.fr\/?p=9011#primaryimage"},"image":{"@id":"https:\/\/www.delalumiereauxyeux-photo.fr\/?p=9011#primaryimage"},"thumbnailUrl":"http:\/\/www.delalumiereauxyeux-photo.fr\/wp-content\/uploads\/2026\/03\/DSC_4972-2-1024x614.jpg","datePublished":"2026-03-11T15:39:28+00:00","dateModified":"2026-03-11T16:56:03+00:00","author":{"@id":"https:\/\/www.delalumiereauxyeux-photo.fr\/#\/schema\/person\/fbdc98761dd92f98cdb911153e949213"},"breadcrumb":{"@id":"https:\/\/www.delalumiereauxyeux-photo.fr\/?p=9011#breadcrumb"},"inLanguage":"fr-FR","potentialAction":[{"@type":"ReadAction","target":["https:\/\/www.delalumiereauxyeux-photo.fr\/?p=9011"]}]},{"@type":"ImageObject","inLanguage":"fr-FR","@id":"https:\/\/www.delalumiereauxyeux-photo.fr\/?p=9011#primaryimage","url":"https:\/\/www.delalumiereauxyeux-photo.fr\/wp-content\/uploads\/2026\/03\/DSC_4972-2-scaled.jpg","contentUrl":"https:\/\/www.delalumiereauxyeux-photo.fr\/wp-content\/uploads\/2026\/03\/DSC_4972-2-scaled.jpg","width":2560,"height":1535,"caption":"34e rallye de la Vienne 2026 photographe De la lumi\u00e8re aux yeux"},{"@type":"BreadcrumbList","@id":"https:\/\/www.delalumiereauxyeux-photo.fr\/?p=9011#breadcrumb","itemListElement":[{"@type":"ListItem","position":1,"name":"Accueil","item":"https:\/\/www.delalumiereauxyeux-photo.fr\/"},{"@type":"ListItem","position":2,"name":"34e rallye de la Vienne et 9e VHC"}]},{"@type":"WebSite","@id":"https:\/\/www.delalumiereauxyeux-photo.fr\/#website","url":"https:\/\/www.delalumiereauxyeux-photo.fr\/","name":"De la lumi\u00e8re aux yeux","description":"De la lumi\u00e8re aux yeux","potentialAction":[{"@type":"SearchAction","target":{"@type":"EntryPoint","urlTemplate":"https:\/\/www.delalumiereauxyeux-photo.fr\/?s={search_term_string}"},"query-input":"required name=search_term_string"}],"inLanguage":"fr-FR"},{"@type":"Person","@id":"https:\/\/www.delalumiereauxyeux-photo.fr\/#\/schema\/person\/fbdc98761dd92f98cdb911153e949213","name":"delalumiereauxyeux","image":{"@type":"ImageObject","inLanguage":"fr-FR","@id":"https:\/\/www.delalumiereauxyeux-photo.fr\/#\/schema\/person\/image\/","url":"https:\/\/secure.gravatar.com\/avatar\/8fecce8824b60e8618943375d4f3666c?s=96&d=mm&r=g","contentUrl":"https:\/\/secure.gravatar.com\/avatar\/8fecce8824b60e8618943375d4f3666c?s=96&d=mm&r=g","caption":"delalumiereauxyeux"},"sameAs":["https:\/\/www.facebook.com\/angelique.delalumiereauxyeux.5?__tn__=dlC-RHH-R-R&eid=ARDORkTB_yutZsrVTEEeZ0LAobESxObVoalsaetnRjmZdhewjwojedF8h09RZ8oly8_ro0dEnvSLIUeS&hc_ref=ARSbH4jjDNc2QSSUZPjZH0vrxiNgcNzLcrprkTea6WAzZ09DAHcjGeYU5y5PXqG08Ac","https:\/\/www.instagram.com\/angiephoto28\/","https:\/\/www.linkedin.com\/in\/anglique-de-la-lumire-aux-yeux-65418826b\/"]}]}},"_links":{"self":[{"href":"https:\/\/www.delalumiereauxyeux-photo.fr\/index.php?rest_route=\/wp\/v2\/posts\/9011"}],"collection":[{"href":"https:\/\/www.delalumiereauxyeux-photo.fr\/index.php?rest_route=\/wp\/v2\/posts"}],"about":[{"href":"https:\/\/www.delalumiereauxyeux-photo.fr\/index.php?rest_route=\/wp\/v2\/types\/post"}],"author":[{"embeddable":true,"href":"https:\/\/www.delalumiereauxyeux-photo.fr\/index.php?rest_route=\/wp\/v2\/users\/1"}],"replies":[{"embeddable":true,"href":"https:\/\/www.delalumiereauxyeux-photo.fr\/index.php?rest_route=%2Fwp%2Fv2%2Fcomments&post=9011"}],"version-history":[{"count":13,"href":"https:\/\/www.delalumiereauxyeux-photo.fr\/index.php?rest_route=\/wp\/v2\/posts\/9011\/revisions"}],"predecessor-version":[{"id":9032,"href":"https:\/\/www.delalumiereauxyeux-photo.fr\/index.php?rest_route=\/wp\/v2\/posts\/9011\/revisions\/9032"}],"wp:attachment":[{"href":"https:\/\/www.delalumiereauxyeux-photo.fr\/index.php?rest_route=%2Fwp%2Fv2%2Fmedia&parent=9011"}],"wp:term":[{"taxonomy":"category","embeddable":true,"href":"https:\/\/www.delalumiereauxyeux-photo.fr\/index.php?rest_route=%2Fwp%2Fv2%2Fcategories&post=9011"},{"taxonomy":"post_tag","embeddable":true,"href":"https:\/\/www.delalumiereauxyeux-photo.fr\/index.php?rest_route=%2Fwp%2Fv2%2Ftags&post=9011"}],"curies":[{"name":"wp","href":"https:\/\/api.w.org\/{rel}","templated":true}]}}